{"id":104701,"date":"2020-12-01T21:11:54","date_gmt":"2020-12-02T00:11:54","guid":{"rendered":"https:\/\/www.suno.com.br\/noticias\/?p=104701"},"modified":"2020-12-01T21:21:03","modified_gmt":"2020-12-02T00:21:03","slug":"inflacao-mais-alta-itau-asa-revisam-projecoes","status":"publish","type":"post","link":"https:\/\/www.suno.com.br\/noticias\/inflacao-mais-alta-itau-asa-revisam-projecoes\/","title":{"rendered":"Infla\u00e7\u00e3o mais alta: Ita\u00fa (ITUB4) e ASA revisam proje\u00e7\u00f5es ap\u00f3s aumento de pre\u00e7os da Aneel e ANS"},"content":{"rendered":"<p>A ASA Investments, do grupo Alberto Joseph Safra, e o <a href=\"https:\/\/www.suno.com.br\/acoes\/itub4\/\">Ita\u00fa Unibanco (ITUB4)<\/a> revisaram suas previs\u00f5es para a <a href=\"https:\/\/www.suno.com.br\/artigos\/inflacao\/\"><strong>infla\u00e7\u00e3o<\/strong> em 2020<\/a> para mais de 4% depois de duas ag\u00eancias reguladoras, a Ag\u00eancia Nacional de Energia El\u00e9trica (Aneel) e a Ag\u00eancia Nacional de Sa\u00fade Suplementar (ANS), definiram novos aumentos de pre\u00e7os.<\/p>\t<div class=\"wrapper-featured-image\">\n\t\t<figure class=\"spotlightImg\">\n\n\t\t\t<picture>\n\t\t\t\t<source media=\"(max-width: 768px)\" srcset=\"https:\/\/files.sunoresearch.com.br\/n\/uploads\/2020\/12\/42341aeb-df0d32da138a2cbd0e5cc8b79bf59511-400x200.webp\">\n\t\t\t\t<img loading=\"lazy\" decoding=\"async\" class=\"newsContent__article__imgCapa lazyloadDisabled \" src=\"https:\/\/files.sunoresearch.com.br\/n\/uploads\/2020\/12\/42341aeb-df0d32da138a2cbd0e5cc8b79bf59511-jpg.webp\" width=\"800\" height=\"450\" alt=\"Infla\u00e7\u00e3o mais alta: Ita\u00fa (ITUB4) e ASA revisam proje\u00e7\u00f5es ap\u00f3s aumento de pre\u00e7os da Aneel e ANS\" fetchpriority=high \/>\n\t\t\t<\/picture>\n\n\t\t\t<figcaption class=\"wp-caption-text wp-caption-text--show\">Risco fiscal preocupa analistas. Foto: Pixabay<\/figcaption>\n\t\t<\/figure>\n\t<\/div>\n\n\n\t<p>\n\t\t<a href=\"https:\/\/lp.suno.com.br\/planilha-controle-gastos\/\" target=\"_blank\" data-element=\"shortcode-suno-banner\" title=\"Banner SUNO, clique e saiba mais\">\n\t\t\t<picture>\n\t\t\t\t<source media=\"(max-width: 500px)\" srcset=\"https:\/\/files.sunoresearch.com.br\/n\/uploads\/2023\/03\/400x300-Planilha-controle-de-gastos.png\">\n\t\t\t\t<img class=\"newsContent__article__imgCapa newsContent__article__imgCapa--banner\"\n\t\t\t\t\tsrc=\"https:\/\/files.sunoresearch.com.br\/n\/uploads\/2023\/03\/1420x240-Planilha-controle-de-gastos.png\"\n\t\t\t\t\tdata-promo-id=\"101751\"\t\t\t\t\t\t\t\t\t\twidth='1420' height='240'\t\t\t\t\talt=\"https:\/\/files.sunoresearch.com.br\/n\/uploads\/2023\/03\/1420x240-Planilha-controle-de-gastos.png\"\n\t\t\t\t>\n\t\t\t<\/picture>\n\t\t<\/a>\n\t<\/p>\n\n\n<p>A <strong>Aneel<\/strong> informou na \u00faltima segunda-feira (30) que optou, em decis\u00e3o emergencial, pela volta do regime de bandeiras tarif\u00e1rias em dezembro deste ano, que havia sido suspenso no auge da pandemia e estava programado para retornar apenas em 2021. A decis\u00e3o acontece ap\u00f3s um deteriora\u00e7\u00e3o do quadro h\u00eddrico e causa &#8220;impacto relevante nas proje\u00e7\u00f5es de infla\u00e7\u00e3o \u00e0 frente&#8221;, de acordo com relat\u00f3rio da ASA.<\/p>\n<p>Soma-se a isso o que o Ita\u00fa classificou de &#8220;revis\u00f5es altistas recentes na expectativa de outros pre\u00e7os administrados, principalmente o reajuste de plano de sa\u00fade anunciado h\u00e1 algumas semanas pela <strong>ANS<\/strong>&#8220;. A ag\u00eancia decidiu, h\u00e1 menos de duas semanas, pela suspens\u00e3o do reajuste dos planos de sa\u00fade em 2020 e pela recomposi\u00e7\u00e3o desse ajuste ao longo do pr\u00f3ximo ano.<\/p>\n\t<p>\n\t\t<a href=\"https:\/\/lp.suno.com.br\/planilha-controle-gastos\/\" target=\"_blank\" data-element=\"shortcode-suno-banner\" title=\"Banner SUNO, clique e saiba mais\">\n\t\t\t<picture>\n\t\t\t\t<source media=\"(max-width: 500px)\" srcset=\"https:\/\/files.sunoresearch.com.br\/n\/uploads\/2023\/03\/400x300-Planilha-controle-de-gastos.png\">\n\t\t\t\t<img class=\"newsContent__article__imgCapa newsContent__article__imgCapa--banner\"\n\t\t\t\t\tsrc=\"https:\/\/files.sunoresearch.com.br\/n\/uploads\/2023\/03\/1420x240-Planilha-controle-de-gastos.png\"\n\t\t\t\t\tdata-promo-id=\"101751\"\t\t\t\t\t\t\t\t\t\twidth='1420' height='240'\t\t\t\t\talt=\"https:\/\/files.sunoresearch.com.br\/n\/uploads\/2023\/03\/1420x240-Planilha-controle-de-gastos.png\"\n\t\t\t\t>\n\t\t\t<\/picture>\n\t\t<\/a>\n\t<\/p>\n\n\n<h2>ASA e Ita\u00fa projetam infla\u00e7\u00e3o em 2020 acima de 4%<\/h2>\n<p>Com os aumentos de pre\u00e7os por parte das duas ag\u00eancias reguladoras, a <strong>ASA<\/strong> revisou sua proje\u00e7\u00e3o para o <a href=\"https:\/\/www.suno.com.br\/artigos\/ipca\/\">\u00cdndice de Pre\u00e7os ao Consumidor Amplo (IPCA)<\/a> neste ano de +3,9% para +4,4%, acima do centro da banda (4,0%).<\/p>\n<p>Para 2021, a gestora espera agora um IPCA em 3,2%, depois de previs\u00e3o anterior de 3,3%. A revis\u00e3o \u00e9 amparada pelo fato de que o teto do regime de bandeiras da Aneel ser\u00e1 atualizado neste ano, o que diminui os riscos para o ano que vem. Al\u00e9m disso, o cen\u00e1rio m\u00e9dio desde 2015 indica bandeira vermelha 1 como o cen\u00e1rio mais prov\u00e1vel ao final de 2021.<\/p>\n\t<div data-element=\"shortcode-read-more\" class=\"knowMore\">\n\t\t\t\t<span class=\"knowMore__title\">Saiba mais<\/span>\n\t\t\t\t<a class=\"knowMore__link\" href=\"https:\/\/www.suno.com.br\/noticias\/problema-fiscal-inflacao-absurdo-luis-paulo-rosenberg\/\">\n\t\t\tPensar em problema fiscal e infla\u00e7\u00e3o no Brasil \u00e9 absurdo, diz Luis Paulo Rosenberg\t\t<\/a>\n\t<\/div>\n\n\n<p>J\u00e1 o <strong>Ita\u00fa<\/strong> revisou sua previs\u00e3o para a infla\u00e7\u00e3o de 3,75% para 4,3%, tamb\u00e9m tomando como base o ajuste anunciado pela Aneel.<\/p>\n<p>Enquanto isso, a proje\u00e7\u00e3o do banco para a <strong>infla\u00e7\u00e3o<\/strong> no ano que vem continuou a mesma, de 3,1%, visto que a expectativa de um impacto deflacion\u00e1rio, devido \u00e0 previs\u00e3o de bandeira amarela em dezembro de 2021, \u00e9 compensada principalmente pelo reajuste anunciado pela ANS.<\/p>\n\t<p>\n\t\t<a href=\"https:\/\/lp.suno.com.br\/planilha-de-controle-de-investimentos\/\" target=\"_blank\" data-element=\"shortcode-suno-banner\" title=\"Banner SUNO, clique e saiba mais\">\n\t\t\t<picture>\n\t\t\t\t<source media=\"(max-width: 500px)\" srcset=\"https:\/\/files.sunoresearch.com.br\/n\/uploads\/2023\/03\/400x300-Controle-de-Investimentos.png\">\n\t\t\t\t<img class=\"newsContent__article__imgCapa newsContent__article__imgCapa--banner\"\n\t\t\t\t\tsrc=\"https:\/\/files.sunoresearch.com.br\/n\/uploads\/2023\/03\/1420x240-Controle-de-Investimentos.png\"\n\t\t\t\t\tdata-promo-id=\"75934\"\t\t\t\t\t\t\t\t\t\twidth='1420' height='240'\t\t\t\t\talt=\"https:\/\/files.sunoresearch.com.br\/n\/uploads\/2023\/03\/1420x240-Controle-de-Investimentos.png\"\n\t\t\t\t>\n\t\t\t<\/picture>\n\t\t<\/a>\n\t<\/p>\n\n\n","protected":false},"excerpt":{"rendered":"<p>A ASA Investments, do grupo Alberto Joseph Safra, e o Ita\u00fa Unibanco (ITUB4) revisaram suas previs\u00f5es para a infla\u00e7\u00e3o em 2020 para mais de 4% depois de duas ag\u00eancias reguladoras, a Ag\u00eancia Nacional de Energia El\u00e9trica (Aneel) e a Ag\u00eancia Nacional de Sa\u00fade Suplementar (ANS), definiram novos aumentos de pre\u00e7os. Risco fiscal preocupa analistas. Foto: [&hellip;]<\/p>\n","protected":false},"author":35,"featured_media":104711,"comment_status":"closed","ping_status":"closed","sticky":false,"template":"","format":"standard","meta":[],"categories":[62],"tags":[896,1208,105332,850,519],"suno_strategy":[],"class_list":["post-104701","post","type-post","status-publish","format-standard","has-post-thumbnail","hentry","category-economia","tag-aneel","tag-ans","tag-asa-investments","tag-inflacao","tag-itau-unibanco-itub3-itub4"],"yoast_head":"<!-- This site is optimized with the Yoast SEO plugin v24.4 - https:\/\/yoast.com\/wordpress\/plugins\/seo\/ -->\n<title>Infla\u00e7\u00e3o mais alta: Ita\u00fa (ITUB4) e ASA revisam proje\u00e7\u00f5es<\/title>\n<meta name=\"description\" content=\"A ASA e o Ita\u00fa Unibanco (ITUB4) revisaram suas proje\u00e7\u00f5es para a infla\u00e7\u00e3o neste ano para mais de 4%. Clique para saber mais\" \/>\n<meta name=\"robots\" content=\"index, follow, max-snippet:-1, max-image-preview:large, max-video-preview:-1\" \/>\n<link rel=\"canonical\" href=\"https:\/\/www.suno.com.br\/noticias\/inflacao-mais-alta-itau-asa-revisam-projecoes\/\" \/>\n<meta property=\"og:locale\" content=\"pt_BR\" \/>\n<meta property=\"og:type\" content=\"article\" \/>\n<meta property=\"og:title\" content=\"Infla\u00e7\u00e3o mais alta: Ita\u00fa (ITUB4) e ASA revisam proje\u00e7\u00f5es\" \/>\n<meta property=\"og:description\" content=\"A ASA e o Ita\u00fa Unibanco (ITUB4) revisaram suas proje\u00e7\u00f5es para a infla\u00e7\u00e3o neste ano para mais de 4%. Clique para saber mais\" \/>\n<meta property=\"og:url\" content=\"https:\/\/www.suno.com.br\/noticias\/inflacao-mais-alta-itau-asa-revisam-projecoes\/\" \/>\n<meta property=\"og:site_name\" content=\"Suno Not\u00edcias\" \/>\n<meta property=\"article:publisher\" content=\"https:\/\/facebook.com\/sunoresearch\" \/>\n<meta property=\"og:image\" content=\"https:\/\/files.sunoresearch.com.br\/n\/uploads\/2020\/12\/42341aeb-df0d32da138a2cbd0e5cc8b79bf59511.jpg\" \/>\n\t<meta property=\"og:image:width\" content=\"569\" \/>\n\t<meta property=\"og:image:height\" content=\"380\" \/>\n\t<meta property=\"og:image:type\" content=\"image\/jpeg\" \/>\n<meta name=\"author\" content=\"Arthur Guimar\u00e3es\" \/>\n<meta name=\"twitter:card\" content=\"summary_large_image\" \/>\n<meta name=\"twitter:creator\" content=\"@sunoresearch\" \/>\n<meta name=\"twitter:site\" content=\"@sunoresearch\" \/>\n<meta name=\"twitter:label1\" content=\"Escrito por\" \/>\n\t<meta name=\"twitter:data1\" content=\"Arthur Guimar\u00e3es\" \/>\n\t<meta name=\"twitter:label2\" content=\"Est. tempo de leitura\" \/>\n\t<meta name=\"twitter:data2\" content=\"2 minutos\" \/>\n<script type=\"application\/ld+json\" class=\"yoast-schema-graph\">{\"@context\":\"https:\/\/schema.org\",\"@graph\":[{\"@type\":\"NewsArticle\",\"@id\":\"https:\/\/www.suno.com.br\/noticias\/inflacao-mais-alta-itau-asa-revisam-projecoes\/#article\",\"isPartOf\":{\"@id\":\"https:\/\/www.suno.com.br\/noticias\/inflacao-mais-alta-itau-asa-revisam-projecoes\/\"},\"author\":{\"name\":\"Arthur Guimar\u00e3es\",\"@id\":\"https:\/\/www.suno.com.br\/noticias\/#\/schema\/person\/053a750a709a263919a20f976caae91c\"},\"headline\":\"Infla\u00e7\u00e3o mais alta: Ita\u00fa (ITUB4) e ASA revisam proje\u00e7\u00f5es ap\u00f3s aumento de pre\u00e7os da Aneel e ANS\",\"datePublished\":\"2020-12-02T00:11:54+00:00\",\"dateModified\":\"2020-12-02T00:21:03+00:00\",\"mainEntityOfPage\":{\"@id\":\"https:\/\/www.suno.com.br\/noticias\/inflacao-mais-alta-itau-asa-revisam-projecoes\/\"},\"wordCount\":409,\"publisher\":{\"@id\":\"https:\/\/www.suno.com.br\/noticias\/#organization\"},\"image\":{\"@id\":\"https:\/\/www.suno.com.br\/noticias\/inflacao-mais-alta-itau-asa-revisam-projecoes\/#primaryimage\"},\"thumbnailUrl\":\"https:\/\/files.sunoresearch.com.br\/n\/uploads\/2020\/12\/42341aeb-df0d32da138a2cbd0e5cc8b79bf59511-jpg.webp\",\"keywords\":[\"Aneel\",\"ANS\",\"ASA Investments\",\"infla\u00e7\u00e3o\",\"Ita\u00fa Unibanco (ITUB3\/ITUB4)\"],\"articleSection\":[\"Economia\"],\"inLanguage\":\"pt-BR\"},{\"@type\":\"WebPage\",\"@id\":\"https:\/\/www.suno.com.br\/noticias\/inflacao-mais-alta-itau-asa-revisam-projecoes\/\",\"url\":\"https:\/\/www.suno.com.br\/noticias\/inflacao-mais-alta-itau-asa-revisam-projecoes\/\",\"name\":\"Infla\u00e7\u00e3o mais alta: Ita\u00fa (ITUB4) e ASA revisam proje\u00e7\u00f5es\",\"isPartOf\":{\"@id\":\"https:\/\/www.suno.com.br\/noticias\/#website\"},\"primaryImageOfPage\":{\"@id\":\"https:\/\/www.suno.com.br\/noticias\/inflacao-mais-alta-itau-asa-revisam-projecoes\/#primaryimage\"},\"image\":{\"@id\":\"https:\/\/www.suno.com.br\/noticias\/inflacao-mais-alta-itau-asa-revisam-projecoes\/#primaryimage\"},\"thumbnailUrl\":\"https:\/\/files.sunoresearch.com.br\/n\/uploads\/2020\/12\/42341aeb-df0d32da138a2cbd0e5cc8b79bf59511-jpg.webp\",\"datePublished\":\"2020-12-02T00:11:54+00:00\",\"dateModified\":\"2020-12-02T00:21:03+00:00\",\"description\":\"A ASA e o Ita\u00fa Unibanco (ITUB4) revisaram suas proje\u00e7\u00f5es para a infla\u00e7\u00e3o neste ano para mais de 4%. Clique para saber mais\",\"breadcrumb\":{\"@id\":\"https:\/\/www.suno.com.br\/noticias\/inflacao-mais-alta-itau-asa-revisam-projecoes\/#breadcrumb\"},\"inLanguage\":\"pt-BR\",\"potentialAction\":[{\"@type\":\"ReadAction\",\"target\":[\"https:\/\/www.suno.com.br\/noticias\/inflacao-mais-alta-itau-asa-revisam-projecoes\/\"]}]},{\"@type\":\"ImageObject\",\"inLanguage\":\"pt-BR\",\"@id\":\"https:\/\/www.suno.com.br\/noticias\/inflacao-mais-alta-itau-asa-revisam-projecoes\/#primaryimage\",\"url\":\"https:\/\/files.sunoresearch.com.br\/n\/uploads\/2020\/12\/42341aeb-df0d32da138a2cbd0e5cc8b79bf59511-jpg.webp\",\"contentUrl\":\"https:\/\/files.sunoresearch.com.br\/n\/uploads\/2020\/12\/42341aeb-df0d32da138a2cbd0e5cc8b79bf59511-jpg.webp\",\"width\":569,\"height\":380,\"caption\":\"Risco fiscal preocupa analistas. Foto: Pixabay\"},{\"@type\":\"BreadcrumbList\",\"@id\":\"https:\/\/www.suno.com.br\/noticias\/inflacao-mais-alta-itau-asa-revisam-projecoes\/#breadcrumb\",\"itemListElement\":[{\"@type\":\"ListItem\",\"position\":1,\"name\":\"Not\u00edcias\",\"item\":\"https:\/\/www.suno.com.br\/noticias\/\"},{\"@type\":\"ListItem\",\"position\":2,\"name\":\"Economia\",\"item\":\"https:\/\/www.suno.com.br\/noticias\/economia\/\"},{\"@type\":\"ListItem\",\"position\":3,\"name\":\"Infla\u00e7\u00e3o mais alta: Ita\u00fa (ITUB4) e ASA revisam proje\u00e7\u00f5es ap\u00f3s aumento de pre\u00e7os da Aneel e ANS\"}]},{\"@type\":\"WebSite\",\"@id\":\"https:\/\/www.suno.com.br\/noticias\/#website\",\"url\":\"https:\/\/www.suno.com.br\/noticias\/\",\"name\":\"Suno Not\u00edcias\",\"description\":\"Seu portal de informa\u00e7\u00e3o sobre o mundo dos investimentos\",\"publisher\":{\"@id\":\"https:\/\/www.suno.com.br\/noticias\/#organization\"},\"potentialAction\":[{\"@type\":\"SearchAction\",\"target\":{\"@type\":\"EntryPoint\",\"urlTemplate\":\"https:\/\/www.suno.com.br\/noticias\/?s={search_term_string}\"},\"query-input\":{\"@type\":\"PropertyValueSpecification\",\"valueRequired\":true,\"valueName\":\"search_term_string\"}}],\"inLanguage\":\"pt-BR\"},{\"@type\":\"Organization\",\"@id\":\"https:\/\/www.suno.com.br\/noticias\/#organization\",\"name\":\"Suno Not\u00edcias\",\"url\":\"https:\/\/www.suno.com.br\/noticias\/\",\"logo\":{\"@type\":\"ImageObject\",\"inLanguage\":\"pt-BR\",\"@id\":\"https:\/\/www.suno.com.br\/noticias\/#\/schema\/logo\/image\/\",\"url\":\"https:\/\/files.sunoresearch.com.br\/n\/uploads\/2021\/09\/suno-logo.png\",\"contentUrl\":\"https:\/\/files.sunoresearch.com.br\/n\/uploads\/2021\/09\/suno-logo.png\",\"width\":180,\"height\":180,\"caption\":\"Suno Not\u00edcias\"},\"image\":{\"@id\":\"https:\/\/www.suno.com.br\/noticias\/#\/schema\/logo\/image\/\"},\"sameAs\":[\"https:\/\/facebook.com\/sunoresearch\",\"https:\/\/x.com\/sunoresearch\",\"https:\/\/www.instagram.com\/suno\",\"https:\/\/www.linkedin.com\/company\/suno-research\/\",\"https:\/\/www.youtube.com\/c\/sunoresearch\"]},{\"@type\":\"Person\",\"@id\":\"https:\/\/www.suno.com.br\/noticias\/#\/schema\/person\/053a750a709a263919a20f976caae91c\",\"name\":\"Arthur Guimar\u00e3es\",\"image\":{\"@type\":\"ImageObject\",\"inLanguage\":\"pt-BR\",\"@id\":\"https:\/\/www.suno.com.br\/noticias\/#\/schema\/person\/image\/\",\"url\":\"https:\/\/secure.gravatar.com\/avatar\/1affd86a11209ae09eb6dd3bcad3e96c?s=96&r=g\",\"contentUrl\":\"https:\/\/secure.gravatar.com\/avatar\/1affd86a11209ae09eb6dd3bcad3e96c?s=96&r=g\",\"caption\":\"Arthur Guimar\u00e3es\"},\"description\":\"Arthur Guimar\u00e3es escreve sobre pol\u00edtica, economia e neg\u00f3cios para o portal de not\u00edcias da Suno Research. Atualmente, \u00e9 estudante de jornalismo pela Faculdade C\u00e1sper L\u00edbero.\",\"url\":\"https:\/\/www.suno.com.br\/noticias\/author\/arthur-guimaraes\/\"}]}<\/script>\n<!-- \/ Yoast SEO plugin. -->","yoast_head_json":{"title":"Infla\u00e7\u00e3o mais alta: Ita\u00fa (ITUB4) e ASA revisam proje\u00e7\u00f5es","description":"A ASA e o Ita\u00fa Unibanco (ITUB4) revisaram suas proje\u00e7\u00f5es para a infla\u00e7\u00e3o neste ano para mais de 4%. Clique para saber mais","robots":{"index":"index","follow":"follow","max-snippet":"max-snippet:-1","max-image-preview":"max-image-preview:large","max-video-preview":"max-video-preview:-1"},"canonical":"https:\/\/www.suno.com.br\/noticias\/inflacao-mais-alta-itau-asa-revisam-projecoes\/","og_locale":"pt_BR","og_type":"article","og_title":"Infla\u00e7\u00e3o mais alta: Ita\u00fa (ITUB4) e ASA revisam proje\u00e7\u00f5es","og_description":"A ASA e o Ita\u00fa Unibanco (ITUB4) revisaram suas proje\u00e7\u00f5es para a infla\u00e7\u00e3o neste ano para mais de 4%. Clique para saber mais","og_url":"https:\/\/www.suno.com.br\/noticias\/inflacao-mais-alta-itau-asa-revisam-projecoes\/","og_site_name":"Suno Not\u00edcias","article_publisher":"https:\/\/facebook.com\/sunoresearch","og_image":[{"width":569,"height":380,"url":"https:\/\/files.sunoresearch.com.br\/n\/uploads\/2020\/12\/42341aeb-df0d32da138a2cbd0e5cc8b79bf59511.jpg","type":"image\/jpeg"}],"author":"Arthur Guimar\u00e3es","twitter_card":"summary_large_image","twitter_creator":"@sunoresearch","twitter_site":"@sunoresearch","twitter_misc":{"Escrito por":"Arthur Guimar\u00e3es","Est. tempo de leitura":"2 minutos"},"schema":{"@context":"https:\/\/schema.org","@graph":[{"@type":"NewsArticle","@id":"https:\/\/www.suno.com.br\/noticias\/inflacao-mais-alta-itau-asa-revisam-projecoes\/#article","isPartOf":{"@id":"https:\/\/www.suno.com.br\/noticias\/inflacao-mais-alta-itau-asa-revisam-projecoes\/"},"author":{"name":"Arthur Guimar\u00e3es","@id":"https:\/\/www.suno.com.br\/noticias\/#\/schema\/person\/053a750a709a263919a20f976caae91c"},"headline":"Infla\u00e7\u00e3o mais alta: Ita\u00fa (ITUB4) e ASA revisam proje\u00e7\u00f5es ap\u00f3s aumento de pre\u00e7os da Aneel e ANS","datePublished":"2020-12-02T00:11:54+00:00","dateModified":"2020-12-02T00:21:03+00:00","mainEntityOfPage":{"@id":"https:\/\/www.suno.com.br\/noticias\/inflacao-mais-alta-itau-asa-revisam-projecoes\/"},"wordCount":409,"publisher":{"@id":"https:\/\/www.suno.com.br\/noticias\/#organization"},"image":{"@id":"https:\/\/www.suno.com.br\/noticias\/inflacao-mais-alta-itau-asa-revisam-projecoes\/#primaryimage"},"thumbnailUrl":"https:\/\/files.sunoresearch.com.br\/n\/uploads\/2020\/12\/42341aeb-df0d32da138a2cbd0e5cc8b79bf59511-jpg.webp","keywords":["Aneel","ANS","ASA Investments","infla\u00e7\u00e3o","Ita\u00fa Unibanco (ITUB3\/ITUB4)"],"articleSection":["Economia"],"inLanguage":"pt-BR"},{"@type":"WebPage","@id":"https:\/\/www.suno.com.br\/noticias\/inflacao-mais-alta-itau-asa-revisam-projecoes\/","url":"https:\/\/www.suno.com.br\/noticias\/inflacao-mais-alta-itau-asa-revisam-projecoes\/","name":"Infla\u00e7\u00e3o mais alta: Ita\u00fa (ITUB4) e ASA revisam proje\u00e7\u00f5es","isPartOf":{"@id":"https:\/\/www.suno.com.br\/noticias\/#website"},"primaryImageOfPage":{"@id":"https:\/\/www.suno.com.br\/noticias\/inflacao-mais-alta-itau-asa-revisam-projecoes\/#primaryimage"},"image":{"@id":"https:\/\/www.suno.com.br\/noticias\/inflacao-mais-alta-itau-asa-revisam-projecoes\/#primaryimage"},"thumbnailUrl":"https:\/\/files.sunoresearch.com.br\/n\/uploads\/2020\/12\/42341aeb-df0d32da138a2cbd0e5cc8b79bf59511-jpg.webp","datePublished":"2020-12-02T00:11:54+00:00","dateModified":"2020-12-02T00:21:03+00:00","description":"A ASA e o Ita\u00fa Unibanco (ITUB4) revisaram suas proje\u00e7\u00f5es para a infla\u00e7\u00e3o neste ano para mais de 4%. Clique para saber mais","breadcrumb":{"@id":"https:\/\/www.suno.com.br\/noticias\/inflacao-mais-alta-itau-asa-revisam-projecoes\/#breadcrumb"},"inLanguage":"pt-BR","potentialAction":[{"@type":"ReadAction","target":["https:\/\/www.suno.com.br\/noticias\/inflacao-mais-alta-itau-asa-revisam-projecoes\/"]}]},{"@type":"ImageObject","inLanguage":"pt-BR","@id":"https:\/\/www.suno.com.br\/noticias\/inflacao-mais-alta-itau-asa-revisam-projecoes\/#primaryimage","url":"https:\/\/files.sunoresearch.com.br\/n\/uploads\/2020\/12\/42341aeb-df0d32da138a2cbd0e5cc8b79bf59511-jpg.webp","contentUrl":"https:\/\/files.sunoresearch.com.br\/n\/uploads\/2020\/12\/42341aeb-df0d32da138a2cbd0e5cc8b79bf59511-jpg.webp","width":569,"height":380,"caption":"Risco fiscal preocupa analistas. Foto: Pixabay"},{"@type":"BreadcrumbList","@id":"https:\/\/www.suno.com.br\/noticias\/inflacao-mais-alta-itau-asa-revisam-projecoes\/#breadcrumb","itemListElement":[{"@type":"ListItem","position":1,"name":"Not\u00edcias","item":"https:\/\/www.suno.com.br\/noticias\/"},{"@type":"ListItem","position":2,"name":"Economia","item":"https:\/\/www.suno.com.br\/noticias\/economia\/"},{"@type":"ListItem","position":3,"name":"Infla\u00e7\u00e3o mais alta: Ita\u00fa (ITUB4) e ASA revisam proje\u00e7\u00f5es ap\u00f3s aumento de pre\u00e7os da Aneel e ANS"}]},{"@type":"WebSite","@id":"https:\/\/www.suno.com.br\/noticias\/#website","url":"https:\/\/www.suno.com.br\/noticias\/","name":"Suno Not\u00edcias","description":"Seu portal de informa\u00e7\u00e3o sobre o mundo dos investimentos","publisher":{"@id":"https:\/\/www.suno.com.br\/noticias\/#organization"},"potentialAction":[{"@type":"SearchAction","target":{"@type":"EntryPoint","urlTemplate":"https:\/\/www.suno.com.br\/noticias\/?s={search_term_string}"},"query-input":{"@type":"PropertyValueSpecification","valueRequired":true,"valueName":"search_term_string"}}],"inLanguage":"pt-BR"},{"@type":"Organization","@id":"https:\/\/www.suno.com.br\/noticias\/#organization","name":"Suno Not\u00edcias","url":"https:\/\/www.suno.com.br\/noticias\/","logo":{"@type":"ImageObject","inLanguage":"pt-BR","@id":"https:\/\/www.suno.com.br\/noticias\/#\/schema\/logo\/image\/","url":"https:\/\/files.sunoresearch.com.br\/n\/uploads\/2021\/09\/suno-logo.png","contentUrl":"https:\/\/files.sunoresearch.com.br\/n\/uploads\/2021\/09\/suno-logo.png","width":180,"height":180,"caption":"Suno Not\u00edcias"},"image":{"@id":"https:\/\/www.suno.com.br\/noticias\/#\/schema\/logo\/image\/"},"sameAs":["https:\/\/facebook.com\/sunoresearch","https:\/\/x.com\/sunoresearch","https:\/\/www.instagram.com\/suno","https:\/\/www.linkedin.com\/company\/suno-research\/","https:\/\/www.youtube.com\/c\/sunoresearch"]},{"@type":"Person","@id":"https:\/\/www.suno.com.br\/noticias\/#\/schema\/person\/053a750a709a263919a20f976caae91c","name":"Arthur Guimar\u00e3es","image":{"@type":"ImageObject","inLanguage":"pt-BR","@id":"https:\/\/www.suno.com.br\/noticias\/#\/schema\/person\/image\/","url":"https:\/\/secure.gravatar.com\/avatar\/1affd86a11209ae09eb6dd3bcad3e96c?s=96&r=g","contentUrl":"https:\/\/secure.gravatar.com\/avatar\/1affd86a11209ae09eb6dd3bcad3e96c?s=96&r=g","caption":"Arthur Guimar\u00e3es"},"description":"Arthur Guimar\u00e3es escreve sobre pol\u00edtica, economia e neg\u00f3cios para o portal de not\u00edcias da Suno Research. Atualmente, \u00e9 estudante de jornalismo pela Faculdade C\u00e1sper L\u00edbero.","url":"https:\/\/www.suno.com.br\/noticias\/author\/arthur-guimaraes\/"}]}},"default_loop_html":"<div class=\"cardsPage__listCard__boxs\"><div class=\"cardsPage__listCard__boxs__img\"><a href=\"https:\/\/www.suno.com.br\/noticias\/inflacao-mais-alta-itau-asa-revisam-projecoes\/\"><img class=\"mask\" src=\"https:\/\/www.suno.com.br\/noticias\/wp-content\/themes\/suno\/resources\/images\/spotlight\/spotlight1img\/bg-mask.png\" alt=\"Image Mask\"\/><img src=\"https:\/\/files.sunoresearch.com.br\/n\/uploads\/2020\/12\/42341aeb-df0d32da138a2cbd0e5cc8b79bf59511-400x200.webp\" alt=\"Infla\u00e7\u00e3o mais alta: Ita\u00fa (ITUB4) e ASA revisam proje\u00e7\u00f5es ap\u00f3s aumento de pre\u00e7os da Aneel e ANS\"\/><\/a><span class=\"spotlightCategory\"><a href=\"https:\/\/www.suno.com.br\/noticias\/economia\/\">Economia<\/a><\/span><\/div><div class=\"cardsPage__listCard__boxs__content\"><a href=\"https:\/\/www.suno.com.br\/noticias\/inflacao-mais-alta-itau-asa-revisam-projecoes\/\"><h2 class=\"content__title\">Infla\u00e7\u00e3o mais alta: Ita\u00fa (ITUB4) e ASA revisam proje\u00e7\u00f5es ap\u00f3s aumento de pre\u00e7os da Aneel e ANS<\/h2><\/a><div class=\"newsContent__article__meta\"><div class=\"newsContent__article__meta__authorBox\"><a href=\"https:\/\/www.suno.com.br\/noticias\/author\/arthur-guimaraes\/\" class=\"authorBox__avatar noMobi\"><img src=\"https:\/\/files.sunoresearch.com.br\/n\/uploads\/2020\/02\/dfb40897-eu-150x150.webp\" alt=\"Arthur Guimar\u00e3es\"><\/a><div class=\"authorBox__name\"><span>por\n\t\t\t<a href=\"https:\/\/www.suno.com.br\/noticias\/author\/arthur-guimaraes\/\"><span itemprop=\"author\">Arthur Guimar\u00e3es<\/span><\/a><\/span><time datetime=\"2020-12-01T21:11:54-03:00\" itemprop=\"datePublished\">01\/12\/2020 21:11<\/time><\/div><\/div><\/div><\/div><\/div>","single_layout":"posts","amp_enabled":true,"_links":{"self":[{"href":"https:\/\/www.suno.com.br\/noticias\/wp-json\/wp\/v2\/posts\/104701"}],"collection":[{"href":"https:\/\/www.suno.com.br\/noticias\/wp-json\/wp\/v2\/posts"}],"about":[{"href":"https:\/\/www.suno.com.br\/noticias\/wp-json\/wp\/v2\/types\/post"}],"author":[{"embeddable":true,"href":"https:\/\/www.suno.com.br\/noticias\/wp-json\/wp\/v2\/users\/35"}],"replies":[{"embeddable":true,"href":"https:\/\/www.suno.com.br\/noticias\/wp-json\/wp\/v2\/comments?post=104701"}],"version-history":[{"count":0,"href":"https:\/\/www.suno.com.br\/noticias\/wp-json\/wp\/v2\/posts\/104701\/revisions"}],"wp:featuredmedia":[{"embeddable":true,"href":"https:\/\/www.suno.com.br\/noticias\/wp-json\/wp\/v2\/media\/104711"}],"wp:attachment":[{"href":"https:\/\/www.suno.com.br\/noticias\/wp-json\/wp\/v2\/media?parent=104701"}],"wp:term":[{"taxonomy":"category","embeddable":true,"href":"https:\/\/www.suno.com.br\/noticias\/wp-json\/wp\/v2\/categories?post=104701"},{"taxonomy":"post_tag","embeddable":true,"href":"https:\/\/www.suno.com.br\/noticias\/wp-json\/wp\/v2\/tags?post=104701"},{"taxonomy":"suno_strategy","embeddable":true,"href":"https:\/\/www.suno.com.br\/noticias\/wp-json\/wp\/v2\/suno_strategy?post=104701"}],"curies":[{"name":"wp","href":"https:\/\/api.w.org\/{rel}","templated":true}]}}