{"id":104699,"date":"2020-12-01T20:33:04","date_gmt":"2020-12-01T23:33:04","guid":{"rendered":"https:\/\/www.suno.com.br\/noticias\/?p=104699"},"modified":"2021-02-17T23:04:29","modified_gmt":"2021-02-18T02:04:29","slug":"balanca-comercial-superavit-novembro-3","status":"publish","type":"post","link":"https:\/\/www.suno.com.br\/noticias\/balanca-comercial-superavit-novembro-3\/","title":{"rendered":"Balan\u00e7a comercial tem super\u00e1vit de US$ 3,732 bilh\u00f5es em novembro"},"content":{"rendered":"<p>O Minist\u00e9rio da Economia informou nesta ter\u00e7a-feira (1) que a <strong>balan\u00e7a comercial<\/strong> brasileira reportou um super\u00e1vit em novembro, quando as exporta\u00e7\u00f5es superaram as importa\u00e7\u00f5es em US$ 3,732 bilh\u00f5es.<\/p>\t<div class=\"wrapper-featured-image\">\n\t\t<figure class=\"spotlightImg\">\n\n\t\t\t<picture>\n\t\t\t\t<source media=\"(max-width: 768px)\" srcset=\"https:\/\/files.sunoresearch.com.br\/n\/uploads\/2019\/02\/8e5b1252-balan\u00e7a-comercial-2-400x200.webp\">\n\t\t\t\t<img loading=\"lazy\" decoding=\"async\" class=\"newsContent__article__imgCapa lazyloadDisabled \" src=\"https:\/\/files.sunoresearch.com.br\/n\/uploads\/2019\/02\/8e5b1252-balan\u00e7a-comercial-2-800x450.webp\" width=\"800\" height=\"450\" alt=\"Balan\u00e7a comercial tem super\u00e1vit de US$ 3,732 bilh\u00f5es em novembro\" fetchpriority=high \/>\n\t\t\t<\/picture>\n\n\t\t\t<figcaption class=\"wp-caption-text wp-caption-text--show\">A balan\u00e7a comercial brasileira reportou um super\u00e1vit de  US$ 3,732 bilh\u00f5es em novembro desse ano<\/figcaption>\n\t\t<\/figure>\n\t<\/div>\n\n\n\t<p>\n\t\t<a href=\"https:\/\/lp.suno.com.br\/planilha-controle-gastos\/\" target=\"_blank\" data-element=\"shortcode-suno-banner\" title=\"Banner SUNO, clique e saiba mais\">\n\t\t\t<picture>\n\t\t\t\t<source media=\"(max-width: 500px)\" srcset=\"https:\/\/files.sunoresearch.com.br\/n\/uploads\/2023\/03\/400x300-Planilha-controle-de-gastos.png\">\n\t\t\t\t<img class=\"newsContent__article__imgCapa newsContent__article__imgCapa--banner\"\n\t\t\t\t\tsrc=\"https:\/\/files.sunoresearch.com.br\/n\/uploads\/2023\/03\/1420x240-Planilha-controle-de-gastos.png\"\n\t\t\t\t\tdata-promo-id=\"101751\"\t\t\t\t\t\t\t\t\t\twidth='1420' height='240'\t\t\t\t\talt=\"https:\/\/files.sunoresearch.com.br\/n\/uploads\/2023\/03\/1420x240-Planilha-controle-de-gastos.png\"\n\t\t\t\t>\n\t\t\t<\/picture>\n\t\t<\/a>\n\t<\/p>\n\n\n<p>Cabe destacar que em novembro de 2019, o saldo positivo da balan\u00e7a comercial havia ficado em US$ 3,565 bilh\u00f5es.<\/p>\n<p>Al\u00e9m disso, a pasta afirmou que em valores absolutos, as <strong>exporta\u00e7\u00f5es<\/strong> no m\u00eas passado somaram US$ 17,531 bilh\u00f5es, enquanto as <strong>importa\u00e7\u00f5es<\/strong> ficaram em US$ 13,799 bilh\u00f5es.<\/p>\n\t<p>\n\t\t<a href=\"https:\/\/lp.suno.com.br\/planilha-controle-gastos\/\" target=\"_blank\" data-element=\"shortcode-suno-banner\" title=\"Banner SUNO, clique e saiba mais\">\n\t\t\t<picture>\n\t\t\t\t<source media=\"(max-width: 500px)\" srcset=\"https:\/\/files.sunoresearch.com.br\/n\/uploads\/2023\/03\/400x300-Planilha-controle-de-gastos.png\">\n\t\t\t\t<img class=\"newsContent__article__imgCapa newsContent__article__imgCapa--banner\"\n\t\t\t\t\tsrc=\"https:\/\/files.sunoresearch.com.br\/n\/uploads\/2023\/03\/1420x240-Planilha-controle-de-gastos.png\"\n\t\t\t\t\tdata-promo-id=\"101751\"\t\t\t\t\t\t\t\t\t\twidth='1420' height='240'\t\t\t\t\talt=\"https:\/\/files.sunoresearch.com.br\/n\/uploads\/2023\/03\/1420x240-Planilha-controle-de-gastos.png\"\n\t\t\t\t>\n\t\t\t<\/picture>\n\t\t<\/a>\n\t<\/p>\n\n\n<p>A m\u00e9dia di\u00e1ria das importa\u00e7\u00f5es, por sua vez, caiu 2,6% em rela\u00e7\u00e3o a novembro de 2019, ao passo que nas exporta\u00e7\u00f5es houve queda de 1,2% na mesma compara\u00e7\u00e3o.<\/p>\n<p>J\u00e1 no acumulado do ano at\u00e9 novembro, a balan\u00e7a registra um <strong>super\u00e1vit<\/strong> de US$ 51,160 bilh\u00f5es, ante US$ 42,089 bilh\u00f5es no mesmo per\u00edodo de 2019. No \u00faltimo Relat\u00f3rio Focus, os analistas de mercado ouvidos pelo Banco Central estimaram super\u00e1vit comercial de US$ 57,90 bilh\u00f5es em 2020.<\/p>\n<h2>Balan\u00e7a comercial outubro registra super\u00e1vit de US$ 5,473 bilh\u00f5es em outubro<\/h2>\n<p>A Secretaria de Com\u00e9rcio Exterior (Secex) do <strong>Minist\u00e9rio da Economia<\/strong> divulgou nesta ter\u00e7a-feira (3) que a <a href=\"https:\/\/www.suno.com.br\/artigos\/balanca-comercial\/\"><strong>balan\u00e7a comercial<\/strong><\/a> brasileira registrou um <strong>super\u00e1vit<\/strong> em outubro. As exporta\u00e7\u00f5es superaram as importa\u00e7\u00f5es em US$ 5,473 bilh\u00f5es (cerca de R$ 31,46 bilh\u00f5es), o maior resultado para o m\u00eas desde 2018.<\/p>\n<p>O super\u00e1vit da balan\u00e7a comercial j\u00e1 soma, no acumulado do ano at\u00e9 o m\u00eas de outubro, US$ 47,662 bilh\u00f5es, ante US$ 38,524 bilh\u00f5es do mesmo per\u00edodo de 2019. Enquanto no m\u00eas passado, a Secex atualizou a proje\u00e7\u00e3o para o saldo comercial positivo deste ano de US$ 55 bilh\u00f5es.<\/p>\n<p>De acordo com a Secretaria de Com\u00e9rcio Exterior, o super\u00e1vit\u00a0 de outubro foi causado pela estabilidade das exporta\u00e7\u00f5es, enquanto as importa\u00e7\u00f5es voltaram a registrar forte queda na m\u00e9dia di\u00e1ria em compara\u00e7\u00e3o a outubro de 2019. Em valores absolutos, as exporta\u00e7\u00f5es somaram US$ 17,855 bilh\u00f5es em outubro, enquanto as importa\u00e7\u00f5es ficaram em US$ 12,383 bilh\u00f5es.<\/p>\n\t<div data-element=\"shortcode-read-more\" class=\"knowMore\">\n\t\t\t\t<span class=\"knowMore__title\">Veja tamb\u00e9m<\/span>\n\t\t\t\t<a class=\"knowMore__link\" href=\"https:\/\/www.suno.com.br\/noticias\/balanca-comercial-superavit-e-de-us-50-bi-na-parcial-de-2020-alta-de-245\/\">\n\t\t\tBalan\u00e7a comercial: Super\u00e1vit \u00e9 de US$ 50 bi na parcial de 2020, alta de 24,5%\t\t<\/a>\n\t<\/div>\n\n\n<p>A m\u00e9dia di\u00e1ria das importa\u00e7\u00f5es diminuiu 20,0% em rela\u00e7\u00e3o a outubro do ano passado, com tombo de 44,6% na ind\u00fastria extrativa e queda de 19,5% na ind\u00fastria de transforma\u00e7\u00e3o. Ao passo que a m\u00e9dia di\u00e1ria de importa\u00e7\u00f5es da agropecu\u00e1ria cresceu 3,0%, na compara\u00e7\u00e3o com outubro de 2019.<\/p>\n<p>J\u00e1 no caso das exporta\u00e7\u00f5es, houve um leve aumento de 0,3%, puxado pela ind\u00fastria extrativa, que teve alta de 7,2%, enquanto as vendas da ind\u00fastria de transforma\u00e7\u00e3o aumentaram 4,7%. Por outro lado, a agropecu\u00e1ria teve um recuo de 20,6% na m\u00e9dia di\u00e1ria.<\/p>\n<p>O Minist\u00e9rio da Economia divulgou ainda o super\u00e1vit de US$ 802 milh\u00f5es da <strong>balan\u00e7a comercial<\/strong> na quinta semana de outubro (26 a 31), com US$ 3,662 bilh\u00f5es em exporta\u00e7\u00f5es e US$ 2,860 bilh\u00f5es em importa\u00e7\u00f5es.<\/p>\n<p><em>Com informa\u00e7\u00f5es do Estad\u00e3o Conte\u00fado.<\/em><\/p>\n\t<p>\n\t\t<a href=\"https:\/\/lp.suno.com.br\/planilha-de-controle-de-investimentos\/\" target=\"_blank\" data-element=\"shortcode-suno-banner\" title=\"Banner SUNO, clique e saiba mais\">\n\t\t\t<picture>\n\t\t\t\t<source media=\"(max-width: 500px)\" srcset=\"https:\/\/files.sunoresearch.com.br\/n\/uploads\/2023\/03\/400x300-Controle-de-Investimentos.png\">\n\t\t\t\t<img class=\"newsContent__article__imgCapa newsContent__article__imgCapa--banner\"\n\t\t\t\t\tsrc=\"https:\/\/files.sunoresearch.com.br\/n\/uploads\/2023\/03\/1420x240-Controle-de-Investimentos.png\"\n\t\t\t\t\tdata-promo-id=\"75934\"\t\t\t\t\t\t\t\t\t\twidth='1420' height='240'\t\t\t\t\talt=\"https:\/\/files.sunoresearch.com.br\/n\/uploads\/2023\/03\/1420x240-Controle-de-Investimentos.png\"\n\t\t\t\t>\n\t\t\t<\/picture>\n\t\t<\/a>\n\t<\/p>\n\n\n","protected":false},"excerpt":{"rendered":"<p>O Minist\u00e9rio da Economia informou nesta ter\u00e7a-feira (1) que a balan\u00e7a comercial brasileira reportou um super\u00e1vit em novembro, quando as exporta\u00e7\u00f5es superaram as importa\u00e7\u00f5es em US$ 3,732 bilh\u00f5es. A balan\u00e7a comercial brasileira reportou um super\u00e1vit de US$ 3,732 bilh\u00f5es em novembro desse ano Cabe destacar que em novembro de 2019, o saldo positivo da balan\u00e7a [&hellip;]<\/p>\n","protected":false},"author":39,"featured_media":16533,"comment_status":"closed","ping_status":"closed","sticky":false,"template":"","format":"standard","meta":[],"categories":[62],"tags":[914,707,706,909],"suno_strategy":[],"class_list":["post-104699","post","type-post","status-publish","format-standard","has-post-thumbnail","hentry","category-economia","tag-balanca-comercial","tag-exportacoes","tag-importacoes","tag-ministerio-da-economia"],"yoast_head":"<!-- This site is optimized with the Yoast SEO plugin v24.4 - https:\/\/yoast.com\/wordpress\/plugins\/seo\/ -->\n<title>Balan\u00e7a comercial tem super\u00e1vit de US$ 3,732 bilh\u00f5es em novembro<\/title>\n<meta name=\"description\" content=\"A balan\u00e7a comercial brasileira reportou um super\u00e1vit de US$ 3,732 bilh\u00f5es em novembro desse ano. Cique aqui para saber mais.\" \/>\n<meta name=\"robots\" content=\"index, follow, max-snippet:-1, max-image-preview:large, max-video-preview:-1\" \/>\n<link rel=\"canonical\" href=\"https:\/\/www.suno.com.br\/noticias\/balanca-comercial-superavit-novembro-3\/\" \/>\n<meta property=\"og:locale\" content=\"pt_BR\" \/>\n<meta property=\"og:type\" content=\"article\" \/>\n<meta property=\"og:title\" content=\"Balan\u00e7a comercial tem super\u00e1vit de US$ 3,732 bilh\u00f5es em novembro\" \/>\n<meta property=\"og:description\" content=\"A balan\u00e7a comercial brasileira reportou um super\u00e1vit de US$ 3,732 bilh\u00f5es em novembro desse ano. Cique aqui para saber mais.\" \/>\n<meta property=\"og:url\" content=\"https:\/\/www.suno.com.br\/noticias\/balanca-comercial-superavit-novembro-3\/\" \/>\n<meta property=\"og:site_name\" content=\"Suno Not\u00edcias\" \/>\n<meta property=\"article:publisher\" content=\"https:\/\/facebook.com\/sunoresearch\" \/>\n<meta property=\"og:image\" content=\"https:\/\/files.sunoresearch.com.br\/n\/uploads\/2019\/02\/8e5b1252-balan\u00e7a-comercial-2.jpg\" \/>\n\t<meta property=\"og:image:width\" content=\"1024\" \/>\n\t<meta property=\"og:image:height\" content=\"768\" \/>\n\t<meta property=\"og:image:type\" content=\"image\/jpeg\" \/>\n<meta name=\"author\" content=\"Laura Moutinho\" \/>\n<meta name=\"twitter:card\" content=\"summary_large_image\" \/>\n<meta name=\"twitter:creator\" content=\"@sunoresearch\" \/>\n<meta name=\"twitter:site\" content=\"@sunoresearch\" \/>\n<meta name=\"twitter:label1\" content=\"Escrito por\" \/>\n\t<meta name=\"twitter:data1\" content=\"Laura Moutinho\" \/>\n\t<meta name=\"twitter:label2\" content=\"Est. tempo de leitura\" \/>\n\t<meta name=\"twitter:data2\" content=\"3 minutos\" \/>\n<script type=\"application\/ld+json\" class=\"yoast-schema-graph\">{\"@context\":\"https:\/\/schema.org\",\"@graph\":[{\"@type\":\"NewsArticle\",\"@id\":\"https:\/\/www.suno.com.br\/noticias\/balanca-comercial-superavit-novembro-3\/#article\",\"isPartOf\":{\"@id\":\"https:\/\/www.suno.com.br\/noticias\/balanca-comercial-superavit-novembro-3\/\"},\"author\":{\"name\":\"Laura Moutinho\",\"@id\":\"https:\/\/www.suno.com.br\/noticias\/#\/schema\/person\/3df0d2808748b74496efe5dbeaef2c72\"},\"headline\":\"Balan\u00e7a comercial tem super\u00e1vit de US$ 3,732 bilh\u00f5es em novembro\",\"datePublished\":\"2020-12-01T23:33:04+00:00\",\"dateModified\":\"2021-02-18T02:04:29+00:00\",\"mainEntityOfPage\":{\"@id\":\"https:\/\/www.suno.com.br\/noticias\/balanca-comercial-superavit-novembro-3\/\"},\"wordCount\":516,\"publisher\":{\"@id\":\"https:\/\/www.suno.com.br\/noticias\/#organization\"},\"image\":{\"@id\":\"https:\/\/www.suno.com.br\/noticias\/balanca-comercial-superavit-novembro-3\/#primaryimage\"},\"thumbnailUrl\":\"https:\/\/files.sunoresearch.com.br\/n\/uploads\/2019\/02\/8e5b1252-balan\u00e7a-comercial-2-jpg.webp\",\"keywords\":[\"balan\u00e7a comercial\",\"exporta\u00e7\u00f5es\",\"importa\u00e7\u00f5es\",\"Minist\u00e9rio da Economia\"],\"articleSection\":[\"Economia\"],\"inLanguage\":\"pt-BR\"},{\"@type\":\"WebPage\",\"@id\":\"https:\/\/www.suno.com.br\/noticias\/balanca-comercial-superavit-novembro-3\/\",\"url\":\"https:\/\/www.suno.com.br\/noticias\/balanca-comercial-superavit-novembro-3\/\",\"name\":\"Balan\u00e7a comercial tem super\u00e1vit de US$ 3,732 bilh\u00f5es em novembro\",\"isPartOf\":{\"@id\":\"https:\/\/www.suno.com.br\/noticias\/#website\"},\"primaryImageOfPage\":{\"@id\":\"https:\/\/www.suno.com.br\/noticias\/balanca-comercial-superavit-novembro-3\/#primaryimage\"},\"image\":{\"@id\":\"https:\/\/www.suno.com.br\/noticias\/balanca-comercial-superavit-novembro-3\/#primaryimage\"},\"thumbnailUrl\":\"https:\/\/files.sunoresearch.com.br\/n\/uploads\/2019\/02\/8e5b1252-balan\u00e7a-comercial-2-jpg.webp\",\"datePublished\":\"2020-12-01T23:33:04+00:00\",\"dateModified\":\"2021-02-18T02:04:29+00:00\",\"description\":\"A balan\u00e7a comercial brasileira reportou um super\u00e1vit de US$ 3,732 bilh\u00f5es em novembro desse ano. Cique aqui para saber mais.\",\"breadcrumb\":{\"@id\":\"https:\/\/www.suno.com.br\/noticias\/balanca-comercial-superavit-novembro-3\/#breadcrumb\"},\"inLanguage\":\"pt-BR\",\"potentialAction\":[{\"@type\":\"ReadAction\",\"target\":[\"https:\/\/www.suno.com.br\/noticias\/balanca-comercial-superavit-novembro-3\/\"]}]},{\"@type\":\"ImageObject\",\"inLanguage\":\"pt-BR\",\"@id\":\"https:\/\/www.suno.com.br\/noticias\/balanca-comercial-superavit-novembro-3\/#primaryimage\",\"url\":\"https:\/\/files.sunoresearch.com.br\/n\/uploads\/2019\/02\/8e5b1252-balan\u00e7a-comercial-2-jpg.webp\",\"contentUrl\":\"https:\/\/files.sunoresearch.com.br\/n\/uploads\/2019\/02\/8e5b1252-balan\u00e7a-comercial-2-jpg.webp\",\"width\":1024,\"height\":768,\"caption\":\"A balan\u00e7a comercial brasileira reportou um super\u00e1vit de US$ 3,732 bilh\u00f5es em novembro desse ano\"},{\"@type\":\"BreadcrumbList\",\"@id\":\"https:\/\/www.suno.com.br\/noticias\/balanca-comercial-superavit-novembro-3\/#breadcrumb\",\"itemListElement\":[{\"@type\":\"ListItem\",\"position\":1,\"name\":\"Not\u00edcias\",\"item\":\"https:\/\/www.suno.com.br\/noticias\/\"},{\"@type\":\"ListItem\",\"position\":2,\"name\":\"Economia\",\"item\":\"https:\/\/www.suno.com.br\/noticias\/economia\/\"},{\"@type\":\"ListItem\",\"position\":3,\"name\":\"Balan\u00e7a comercial tem super\u00e1vit de US$ 3,732 bilh\u00f5es em novembro\"}]},{\"@type\":\"WebSite\",\"@id\":\"https:\/\/www.suno.com.br\/noticias\/#website\",\"url\":\"https:\/\/www.suno.com.br\/noticias\/\",\"name\":\"Suno Not\u00edcias\",\"description\":\"Seu portal de informa\u00e7\u00e3o sobre o mundo dos investimentos\",\"publisher\":{\"@id\":\"https:\/\/www.suno.com.br\/noticias\/#organization\"},\"potentialAction\":[{\"@type\":\"SearchAction\",\"target\":{\"@type\":\"EntryPoint\",\"urlTemplate\":\"https:\/\/www.suno.com.br\/noticias\/?s={search_term_string}\"},\"query-input\":{\"@type\":\"PropertyValueSpecification\",\"valueRequired\":true,\"valueName\":\"search_term_string\"}}],\"inLanguage\":\"pt-BR\"},{\"@type\":\"Organization\",\"@id\":\"https:\/\/www.suno.com.br\/noticias\/#organization\",\"name\":\"Suno Not\u00edcias\",\"url\":\"https:\/\/www.suno.com.br\/noticias\/\",\"logo\":{\"@type\":\"ImageObject\",\"inLanguage\":\"pt-BR\",\"@id\":\"https:\/\/www.suno.com.br\/noticias\/#\/schema\/logo\/image\/\",\"url\":\"https:\/\/files.sunoresearch.com.br\/n\/uploads\/2021\/09\/suno-logo.png\",\"contentUrl\":\"https:\/\/files.sunoresearch.com.br\/n\/uploads\/2021\/09\/suno-logo.png\",\"width\":180,\"height\":180,\"caption\":\"Suno Not\u00edcias\"},\"image\":{\"@id\":\"https:\/\/www.suno.com.br\/noticias\/#\/schema\/logo\/image\/\"},\"sameAs\":[\"https:\/\/facebook.com\/sunoresearch\",\"https:\/\/x.com\/sunoresearch\",\"https:\/\/www.instagram.com\/suno\",\"https:\/\/www.linkedin.com\/company\/suno-research\/\",\"https:\/\/www.youtube.com\/c\/sunoresearch\"]},{\"@type\":\"Person\",\"@id\":\"https:\/\/www.suno.com.br\/noticias\/#\/schema\/person\/3df0d2808748b74496efe5dbeaef2c72\",\"name\":\"Laura Moutinho\",\"image\":{\"@type\":\"ImageObject\",\"inLanguage\":\"pt-BR\",\"@id\":\"https:\/\/www.suno.com.br\/noticias\/#\/schema\/person\/image\/\",\"url\":\"https:\/\/secure.gravatar.com\/avatar\/7571c7c8ca3a6fca5e41384ece5557ff?s=96&r=g\",\"contentUrl\":\"https:\/\/secure.gravatar.com\/avatar\/7571c7c8ca3a6fca5e41384ece5557ff?s=96&r=g\",\"caption\":\"Laura Moutinho\"},\"description\":\"Estagi\u00e1ria na Suno Not\u00edcias, escreve not\u00edcias que afetam o mercado financeiro. Estuda administra\u00e7\u00e3o na Universidade Presbiteriana Mackenzie.\",\"url\":\"https:\/\/www.suno.com.br\/noticias\/author\/laura-moutinho\/\"}]}<\/script>\n<!-- \/ Yoast SEO plugin. -->","yoast_head_json":{"title":"Balan\u00e7a comercial tem super\u00e1vit de US$ 3,732 bilh\u00f5es em novembro","description":"A balan\u00e7a comercial brasileira reportou um super\u00e1vit de US$ 3,732 bilh\u00f5es em novembro desse ano. Cique aqui para saber mais.","robots":{"index":"index","follow":"follow","max-snippet":"max-snippet:-1","max-image-preview":"max-image-preview:large","max-video-preview":"max-video-preview:-1"},"canonical":"https:\/\/www.suno.com.br\/noticias\/balanca-comercial-superavit-novembro-3\/","og_locale":"pt_BR","og_type":"article","og_title":"Balan\u00e7a comercial tem super\u00e1vit de US$ 3,732 bilh\u00f5es em novembro","og_description":"A balan\u00e7a comercial brasileira reportou um super\u00e1vit de US$ 3,732 bilh\u00f5es em novembro desse ano. Cique aqui para saber mais.","og_url":"https:\/\/www.suno.com.br\/noticias\/balanca-comercial-superavit-novembro-3\/","og_site_name":"Suno Not\u00edcias","article_publisher":"https:\/\/facebook.com\/sunoresearch","og_image":[{"width":1024,"height":768,"url":"https:\/\/files.sunoresearch.com.br\/n\/uploads\/2019\/02\/8e5b1252-balan\u00e7a-comercial-2.jpg","type":"image\/jpeg"}],"author":"Laura Moutinho","twitter_card":"summary_large_image","twitter_creator":"@sunoresearch","twitter_site":"@sunoresearch","twitter_misc":{"Escrito por":"Laura Moutinho","Est. tempo de leitura":"3 minutos"},"schema":{"@context":"https:\/\/schema.org","@graph":[{"@type":"NewsArticle","@id":"https:\/\/www.suno.com.br\/noticias\/balanca-comercial-superavit-novembro-3\/#article","isPartOf":{"@id":"https:\/\/www.suno.com.br\/noticias\/balanca-comercial-superavit-novembro-3\/"},"author":{"name":"Laura Moutinho","@id":"https:\/\/www.suno.com.br\/noticias\/#\/schema\/person\/3df0d2808748b74496efe5dbeaef2c72"},"headline":"Balan\u00e7a comercial tem super\u00e1vit de US$ 3,732 bilh\u00f5es em novembro","datePublished":"2020-12-01T23:33:04+00:00","dateModified":"2021-02-18T02:04:29+00:00","mainEntityOfPage":{"@id":"https:\/\/www.suno.com.br\/noticias\/balanca-comercial-superavit-novembro-3\/"},"wordCount":516,"publisher":{"@id":"https:\/\/www.suno.com.br\/noticias\/#organization"},"image":{"@id":"https:\/\/www.suno.com.br\/noticias\/balanca-comercial-superavit-novembro-3\/#primaryimage"},"thumbnailUrl":"https:\/\/files.sunoresearch.com.br\/n\/uploads\/2019\/02\/8e5b1252-balan\u00e7a-comercial-2-jpg.webp","keywords":["balan\u00e7a comercial","exporta\u00e7\u00f5es","importa\u00e7\u00f5es","Minist\u00e9rio da Economia"],"articleSection":["Economia"],"inLanguage":"pt-BR"},{"@type":"WebPage","@id":"https:\/\/www.suno.com.br\/noticias\/balanca-comercial-superavit-novembro-3\/","url":"https:\/\/www.suno.com.br\/noticias\/balanca-comercial-superavit-novembro-3\/","name":"Balan\u00e7a comercial tem super\u00e1vit de US$ 3,732 bilh\u00f5es em novembro","isPartOf":{"@id":"https:\/\/www.suno.com.br\/noticias\/#website"},"primaryImageOfPage":{"@id":"https:\/\/www.suno.com.br\/noticias\/balanca-comercial-superavit-novembro-3\/#primaryimage"},"image":{"@id":"https:\/\/www.suno.com.br\/noticias\/balanca-comercial-superavit-novembro-3\/#primaryimage"},"thumbnailUrl":"https:\/\/files.sunoresearch.com.br\/n\/uploads\/2019\/02\/8e5b1252-balan\u00e7a-comercial-2-jpg.webp","datePublished":"2020-12-01T23:33:04+00:00","dateModified":"2021-02-18T02:04:29+00:00","description":"A balan\u00e7a comercial brasileira reportou um super\u00e1vit de US$ 3,732 bilh\u00f5es em novembro desse ano. Cique aqui para saber mais.","breadcrumb":{"@id":"https:\/\/www.suno.com.br\/noticias\/balanca-comercial-superavit-novembro-3\/#breadcrumb"},"inLanguage":"pt-BR","potentialAction":[{"@type":"ReadAction","target":["https:\/\/www.suno.com.br\/noticias\/balanca-comercial-superavit-novembro-3\/"]}]},{"@type":"ImageObject","inLanguage":"pt-BR","@id":"https:\/\/www.suno.com.br\/noticias\/balanca-comercial-superavit-novembro-3\/#primaryimage","url":"https:\/\/files.sunoresearch.com.br\/n\/uploads\/2019\/02\/8e5b1252-balan\u00e7a-comercial-2-jpg.webp","contentUrl":"https:\/\/files.sunoresearch.com.br\/n\/uploads\/2019\/02\/8e5b1252-balan\u00e7a-comercial-2-jpg.webp","width":1024,"height":768,"caption":"A balan\u00e7a comercial brasileira reportou um super\u00e1vit de US$ 3,732 bilh\u00f5es em novembro desse ano"},{"@type":"BreadcrumbList","@id":"https:\/\/www.suno.com.br\/noticias\/balanca-comercial-superavit-novembro-3\/#breadcrumb","itemListElement":[{"@type":"ListItem","position":1,"name":"Not\u00edcias","item":"https:\/\/www.suno.com.br\/noticias\/"},{"@type":"ListItem","position":2,"name":"Economia","item":"https:\/\/www.suno.com.br\/noticias\/economia\/"},{"@type":"ListItem","position":3,"name":"Balan\u00e7a comercial tem super\u00e1vit de US$ 3,732 bilh\u00f5es em novembro"}]},{"@type":"WebSite","@id":"https:\/\/www.suno.com.br\/noticias\/#website","url":"https:\/\/www.suno.com.br\/noticias\/","name":"Suno Not\u00edcias","description":"Seu portal de informa\u00e7\u00e3o sobre o mundo dos investimentos","publisher":{"@id":"https:\/\/www.suno.com.br\/noticias\/#organization"},"potentialAction":[{"@type":"SearchAction","target":{"@type":"EntryPoint","urlTemplate":"https:\/\/www.suno.com.br\/noticias\/?s={search_term_string}"},"query-input":{"@type":"PropertyValueSpecification","valueRequired":true,"valueName":"search_term_string"}}],"inLanguage":"pt-BR"},{"@type":"Organization","@id":"https:\/\/www.suno.com.br\/noticias\/#organization","name":"Suno Not\u00edcias","url":"https:\/\/www.suno.com.br\/noticias\/","logo":{"@type":"ImageObject","inLanguage":"pt-BR","@id":"https:\/\/www.suno.com.br\/noticias\/#\/schema\/logo\/image\/","url":"https:\/\/files.sunoresearch.com.br\/n\/uploads\/2021\/09\/suno-logo.png","contentUrl":"https:\/\/files.sunoresearch.com.br\/n\/uploads\/2021\/09\/suno-logo.png","width":180,"height":180,"caption":"Suno Not\u00edcias"},"image":{"@id":"https:\/\/www.suno.com.br\/noticias\/#\/schema\/logo\/image\/"},"sameAs":["https:\/\/facebook.com\/sunoresearch","https:\/\/x.com\/sunoresearch","https:\/\/www.instagram.com\/suno","https:\/\/www.linkedin.com\/company\/suno-research\/","https:\/\/www.youtube.com\/c\/sunoresearch"]},{"@type":"Person","@id":"https:\/\/www.suno.com.br\/noticias\/#\/schema\/person\/3df0d2808748b74496efe5dbeaef2c72","name":"Laura Moutinho","image":{"@type":"ImageObject","inLanguage":"pt-BR","@id":"https:\/\/www.suno.com.br\/noticias\/#\/schema\/person\/image\/","url":"https:\/\/secure.gravatar.com\/avatar\/7571c7c8ca3a6fca5e41384ece5557ff?s=96&r=g","contentUrl":"https:\/\/secure.gravatar.com\/avatar\/7571c7c8ca3a6fca5e41384ece5557ff?s=96&r=g","caption":"Laura Moutinho"},"description":"Estagi\u00e1ria na Suno Not\u00edcias, escreve not\u00edcias que afetam o mercado financeiro. Estuda administra\u00e7\u00e3o na Universidade Presbiteriana Mackenzie.","url":"https:\/\/www.suno.com.br\/noticias\/author\/laura-moutinho\/"}]}},"default_loop_html":"<div class=\"cardsPage__listCard__boxs\"><div class=\"cardsPage__listCard__boxs__img\"><a href=\"https:\/\/www.suno.com.br\/noticias\/balanca-comercial-superavit-novembro-3\/\"><img class=\"mask\" src=\"https:\/\/www.suno.com.br\/noticias\/wp-content\/themes\/suno\/resources\/images\/spotlight\/spotlight1img\/bg-mask.png\" alt=\"Image Mask\"\/><img src=\"https:\/\/files.sunoresearch.com.br\/n\/uploads\/2019\/02\/8e5b1252-balan\u00e7a-comercial-2-400x200.webp\" alt=\"Balan\u00e7a comercial tem super\u00e1vit de US$ 3,732 bilh\u00f5es em novembro\"\/><\/a><span class=\"spotlightCategory\"><a href=\"https:\/\/www.suno.com.br\/noticias\/economia\/\">Economia<\/a><\/span><\/div><div class=\"cardsPage__listCard__boxs__content\"><a href=\"https:\/\/www.suno.com.br\/noticias\/balanca-comercial-superavit-novembro-3\/\"><h2 class=\"content__title\">Balan\u00e7a comercial tem super\u00e1vit de US$ 3,732 bilh\u00f5es em novembro<\/h2><\/a><div class=\"newsContent__article__meta\"><div class=\"newsContent__article__meta__authorBox\"><a href=\"https:\/\/www.suno.com.br\/noticias\/author\/laura-moutinho\/\" class=\"authorBox__avatar noMobi\"><img src=\"https:\/\/files.sunoresearch.com.br\/n\/uploads\/2020\/08\/531ff69d-whatsapp-image-2020-08-03-at-14.54.38-150x150.webp\" alt=\"Laura Moutinho\"><\/a><div class=\"authorBox__name\"><span>por\n\t\t\t<a href=\"https:\/\/www.suno.com.br\/noticias\/author\/laura-moutinho\/\"><span itemprop=\"author\">Laura Moutinho<\/span><\/a><\/span><time datetime=\"2020-12-01T20:33:04-03:00\" itemprop=\"datePublished\">01\/12\/2020 20:33<\/time><\/div><\/div><\/div><\/div><\/div>","single_layout":"posts","amp_enabled":true,"_links":{"self":[{"href":"https:\/\/www.suno.com.br\/noticias\/wp-json\/wp\/v2\/posts\/104699"}],"collection":[{"href":"https:\/\/www.suno.com.br\/noticias\/wp-json\/wp\/v2\/posts"}],"about":[{"href":"https:\/\/www.suno.com.br\/noticias\/wp-json\/wp\/v2\/types\/post"}],"author":[{"embeddable":true,"href":"https:\/\/www.suno.com.br\/noticias\/wp-json\/wp\/v2\/users\/39"}],"replies":[{"embeddable":true,"href":"https:\/\/www.suno.com.br\/noticias\/wp-json\/wp\/v2\/comments?post=104699"}],"version-history":[{"count":0,"href":"https:\/\/www.suno.com.br\/noticias\/wp-json\/wp\/v2\/posts\/104699\/revisions"}],"wp:featuredmedia":[{"embeddable":true,"href":"https:\/\/www.suno.com.br\/noticias\/wp-json\/wp\/v2\/media\/16533"}],"wp:attachment":[{"href":"https:\/\/www.suno.com.br\/noticias\/wp-json\/wp\/v2\/media?parent=104699"}],"wp:term":[{"taxonomy":"category","embeddable":true,"href":"https:\/\/www.suno.com.br\/noticias\/wp-json\/wp\/v2\/categories?post=104699"},{"taxonomy":"post_tag","embeddable":true,"href":"https:\/\/www.suno.com.br\/noticias\/wp-json\/wp\/v2\/tags?post=104699"},{"taxonomy":"suno_strategy","embeddable":true,"href":"https:\/\/www.suno.com.br\/noticias\/wp-json\/wp\/v2\/suno_strategy?post=104699"}],"curies":[{"name":"wp","href":"https:\/\/api.w.org\/{rel}","templated":true}]}}