{"id":104586,"date":"2020-12-01T17:37:01","date_gmt":"2020-12-01T20:37:01","guid":{"rendered":"https:\/\/www.suno.com.br\/noticias\/?p=104586"},"modified":"2021-05-29T20:39:05","modified_gmt":"2021-05-29T23:39:05","slug":"dolar-encerra-em-queda-de-2215-cotado-em-r-52278-01122020","status":"publish","type":"post","link":"https:\/\/www.suno.com.br\/noticias\/dolar-encerra-em-queda-de-2215-cotado-em-r-52278-01122020\/","title":{"rendered":"D\u00f3lar encerra em queda de 2,215%, cotado em R$ 5,2278"},"content":{"rendered":"<p>O <strong>d\u00f3lar<\/strong> encerrou nessa ter\u00e7a-feira (1) em queda de 2,215%, negociado a R$ 5,2278 na venda.<\/p>\t<div class=\"wrapper-featured-image\">\n\t\t<figure class=\"spotlightImg\">\n\n\t\t\t<picture>\n\t\t\t\t<source media=\"(max-width: 768px)\" srcset=\"https:\/\/files.sunoresearch.com.br\/n\/uploads\/2020\/09\/0853ba8e-dolar-2-400x200.webp\">\n\t\t\t\t<img loading=\"lazy\" decoding=\"async\" class=\"newsContent__article__imgCapa lazyloadDisabled \" src=\"https:\/\/files.sunoresearch.com.br\/n\/uploads\/2020\/09\/0853ba8e-dolar-2-800x450.webp\" width=\"800\" height=\"450\" alt=\"D\u00f3lar encerra em queda de 2,215%, cotado em R$ 5,2278\" fetchpriority=high \/>\n\t\t\t<\/picture>\n\n\t\t\t<figcaption class=\"wp-caption-text wp-caption-text--show\">Na \u00faltima sess\u00e3o, segunda-feira (30), o d\u00f3lar encerrou em alta de 0,38%, negociado a R$ 5,3462 na venda.<\/figcaption>\n\t\t<\/figure>\n\t<\/div>\n\n\n\t<p>\n\t\t<a href=\"https:\/\/lp.suno.com.br\/planilha-controle-gastos\/\" target=\"_blank\" data-element=\"shortcode-suno-banner\" title=\"Banner SUNO, clique e saiba mais\">\n\t\t\t<picture>\n\t\t\t\t<source media=\"(max-width: 500px)\" srcset=\"https:\/\/files.sunoresearch.com.br\/n\/uploads\/2023\/03\/400x300-Planilha-controle-de-gastos.png\">\n\t\t\t\t<img class=\"newsContent__article__imgCapa newsContent__article__imgCapa--banner\"\n\t\t\t\t\tsrc=\"https:\/\/files.sunoresearch.com.br\/n\/uploads\/2023\/03\/1420x240-Planilha-controle-de-gastos.png\"\n\t\t\t\t\tdata-promo-id=\"101751\"\t\t\t\t\t\t\t\t\t\twidth='1420' height='240'\t\t\t\t\talt=\"https:\/\/files.sunoresearch.com.br\/n\/uploads\/2023\/03\/1420x240-Planilha-controle-de-gastos.png\"\n\t\t\t\t>\n\t\t\t<\/picture>\n\t\t<\/a>\n\t<\/p>\n\n\n<p>O <a href=\"https:\/\/www.suno.com.br\/artigos\/dolar\/\"><strong>d\u00f3lar<\/strong> <\/a><strong>hoje\u00a0<\/strong>abriu em leve queda pela manh\u00e3 enquanto o mercado estava atento aos dados econ\u00f4micos da <strong>China<\/strong> e a proje\u00e7\u00e3o de melhora na economia brasileira pela <strong>OCDE<\/strong>.<\/p>\n<p>O <strong>\u00edndice de gerentes de compras<\/strong> (PMI) da <strong>China,<\/strong> voltado para pequenos fabricantes privados, subiu para 54,9 em novembro, de 53,6 em novembro, segundo a empresa de pesquisa Markit.<\/p>\n<p>O indicador atingiu a maior alta da d\u00e9cada em novembro, devido a firme demanda dos mercados internos e externo. Esses dados representam que a segunda maior economia do mundo sinaliza uma recupera\u00e7\u00e3o robusta no contexto atual de <strong>pandemia<\/strong> do novo coronav\u00edrus (covid-19).<\/p>\n\t<p>\n\t\t<a href=\"https:\/\/lp.suno.com.br\/planilha-controle-gastos\/\" target=\"_blank\" data-element=\"shortcode-suno-banner\" title=\"Banner SUNO, clique e saiba mais\">\n\t\t\t<picture>\n\t\t\t\t<source media=\"(max-width: 500px)\" srcset=\"https:\/\/files.sunoresearch.com.br\/n\/uploads\/2023\/03\/400x300-Planilha-controle-de-gastos.png\">\n\t\t\t\t<img class=\"newsContent__article__imgCapa newsContent__article__imgCapa--banner\"\n\t\t\t\t\tsrc=\"https:\/\/files.sunoresearch.com.br\/n\/uploads\/2023\/03\/1420x240-Planilha-controle-de-gastos.png\"\n\t\t\t\t\tdata-promo-id=\"101751\"\t\t\t\t\t\t\t\t\t\twidth='1420' height='240'\t\t\t\t\talt=\"https:\/\/files.sunoresearch.com.br\/n\/uploads\/2023\/03\/1420x240-Planilha-controle-de-gastos.png\"\n\t\t\t\t>\n\t\t\t<\/picture>\n\t\t<\/a>\n\t<\/p>\n\n\n<p>Al\u00e9m disso, confira as principais not\u00edcias que movimentaram o mercado nesta ter\u00e7a-feira:<\/p>\n<ul>\n<li><strong>Pfizer<\/strong> e <strong>BioNTech<\/strong> solicitam \u00e0 UE autoriza\u00e7\u00e3o para uso emergencial de vacina<\/li>\n<li><strong>Fed:<\/strong> Apesar da vacina contra a covid-19, ainda permanecem incertezas, diz Powell<\/li>\n<li><strong>OCDE<\/strong> melhora proje\u00e7\u00e3o para o <strong>PIB<\/strong> do Brasil em 2020, mas piora para 2021<\/li>\n<li>\u00daltima\u00a0<strong>cota\u00e7\u00e3o do d\u00f3lar\u00a0<\/strong><\/li>\n<\/ul>\n<h2>Vacina de coronav\u00edrus<\/h2>\n<p>As farmac\u00eauticas <strong>Pfizer<\/strong> e <strong>BioNTech<\/strong> solicitaram \u00e0 Uni\u00e3o Europeia, nesta ter\u00e7a-feira, autoriza\u00e7\u00e3o para uso emergencial da <strong>vacina<\/strong> experimental que desenvolvem contra o novo <strong>coronav\u00edrus<\/strong>.<\/p>\n<p>As empresas devem fazer o mesmo a entidades reguladoras de <strong>Austr\u00e1lia<\/strong>, <strong>Canad\u00e1<\/strong> e <strong>Jap\u00e3o<\/strong>. O pedido, que vem ap\u00f3s a vacina desenvolvido pelas companhias registrar efic\u00e1cia de 95% na fase tr\u00eas, j\u00e1 foi feito aos <strong>Estados<\/strong> <strong>Unidos<\/strong> e ao <strong>Reino<\/strong> <strong>Unido<\/strong>.<\/p>\n\t<div data-element=\"shortcode-read-more\" class=\"knowMore\">\n\t\t\t\t<span class=\"knowMore__title\">Veja Tamb\u00e9m<\/span>\n\t\t\t\t<a class=\"knowMore__link\" href=\"https:\/\/www.suno.com.br\/noticias\/pfizer-biontech-solicitam-ue-emergencial-vacina\/\">\n\t\t\tPfizer e BioNTech solicitam \u00e0 UE autoriza\u00e7\u00e3o para uso emergencial de vacina\t\t<\/a>\n\t<\/div>\n\n\n<p>&#8220;O an\u00fancio de hoje \u00e9 outro marco importante em nossos esfor\u00e7os para enfrentar esta crise terr\u00edvel&#8221;, diz por meio de nota o <a href=\"https:\/\/www.suno.com.br\/artigos\/ceo\/\">CEO<\/a> da Pfizer, <strong>Albert Bourla.<\/strong> &#8220;Estamos prontos para enviar as doses da vacina contra a covid-19 assim que as autoriza\u00e7\u00f5es em potencial nos permitirem&#8221;, acrescenta.<\/p>\n<h2>Fed demonstra preocupa\u00e7\u00e3o com economia dos EUA<\/h2>\n<p>O presidente do <a href=\"https:\/\/www.suno.com.br\/artigos\/fed\/\">Federal Reserve (<strong>Fed<\/strong><\/a>), <strong>Jerome Powell,<\/strong> expressou nesta ter\u00e7a-feira preocupa\u00e7\u00e3o em rela\u00e7\u00e3o a <strong>economia dos EUA<\/strong>, que vem sendo prejudicada pela pandemia do novo <strong>coronav\u00edrus.<\/strong> Apesar das vacinas contra o v\u00edrus estarem dando sinais de desenvolvimento, o dirigente ressaltou a necessidade de mais est\u00edmulos fiscais.<\/p>\n<p>Durante audi\u00eancia no Comit\u00ea Banc\u00e1rio do Senado americano, o presidente do Fed declarou que \u201cpor enquanto, permanecem desafios e incertezas significativas, incluindo tempo, produ\u00e7\u00e3o e distribui\u00e7\u00e3o e efic\u00e1cia em diferentes grupos\u201d, apesar das not\u00edcias recentes sobre as vacinas serem \u201cmuito positivas a m\u00e9dio prazo.<\/p>\n\t<div data-element=\"shortcode-read-more\" class=\"knowMore\">\n\t\t\t\t<span class=\"knowMore__title\">Saiba mais<\/span>\n\t\t\t\t<a class=\"knowMore__link\" href=\"https:\/\/www.suno.com.br\/noticias\/fed-apesar-da-vacina-contra-a-covid-19-ainda-permanecem-incertezas-diz-powell\/\">\n\t\t\tFed: Apesar da vacina contra a covid-19, ainda permanecem incertezas, diz Powell\t\t<\/a>\n\t<\/div>\n\n\n<p>Powell tamb\u00e9m mencionou a <strong>segunda onda da pandemia<\/strong> que afeta outras partes do mundo, ressaltando que o cen\u00e1rio \u00e9 bastante \u201cdesafiador\u201d para os pr\u00f3ximos meses.<\/p>\n<h2>OCDE melhora proje\u00e7\u00e3o para o PIB do Brasil em 2020<\/h2>\n<p>A <a href=\"https:\/\/www.suno.com.br\/artigos\/ocde\/\">Organiza\u00e7\u00e3o para Coopera\u00e7\u00e3o e Desenvolvimento Econ\u00f4mico (OCDE)<\/a> melhorou nesta ter\u00e7a-feira (1), sua proje\u00e7\u00e3o para o desempenho do <a href=\"https:\/\/www.suno.com.br\/artigos\/pib-produto-interno-bruto\/\">Produto Interno Bruto (<strong>PIB<\/strong>)<\/a> brasileiro em 2020, mas previu que a retomada no ano que vem ser\u00e1 menos robusta do que o imaginado h\u00e1 tr\u00eas meses.<\/p>\n<p>Pelos c\u00e1lculos da entidade que tem sede em <strong>Paris<\/strong>, o PIB\u00a0dom\u00e9stico ter\u00e1 uma retra\u00e7\u00e3o de 6,0% este ano, mais suave do que a estimativa de queda de 6,5% apresentada em setembro. Para 2021, a previs\u00e3o \u00e9 a de que a <strong>atividade brasileira<\/strong> se expanda 2,6%, menos do que a alta de 3,6% prevista em setembro.<\/p>\n\n<p>As atualiza\u00e7\u00f5es dos n\u00fameros fazem parte do relat\u00f3rio Economic Outlook preliminar de dezembro, divulgado nesta ter\u00e7a pelo organismo multilateral. A institui\u00e7\u00e3o apresentou suas estimativas para a <strong>economia global<\/strong> e costuma dar \u00eanfase para os seus membros.<\/p>\n<h2>\u00daltima cota\u00e7\u00e3o do d\u00f3lar<\/h2>\n<p>Na \u00faltima sess\u00e3o, segunda-feira (30), o <strong>d\u00f3lar<\/strong> encerrou em alta de 0,38%, negociado a R$ 5,3462 na venda.<\/p>\n\t<p>\n\t\t<a href=\"https:\/\/lp.suno.com.br\/planilha-de-controle-de-investimentos\/\" target=\"_blank\" data-element=\"shortcode-suno-banner\" title=\"Banner SUNO, clique e saiba mais\">\n\t\t\t<picture>\n\t\t\t\t<source media=\"(max-width: 500px)\" srcset=\"https:\/\/files.sunoresearch.com.br\/n\/uploads\/2023\/03\/400x300-Controle-de-Investimentos.png\">\n\t\t\t\t<img class=\"newsContent__article__imgCapa newsContent__article__imgCapa--banner\"\n\t\t\t\t\tsrc=\"https:\/\/files.sunoresearch.com.br\/n\/uploads\/2023\/03\/1420x240-Controle-de-Investimentos.png\"\n\t\t\t\t\tdata-promo-id=\"75934\"\t\t\t\t\t\t\t\t\t\twidth='1420' height='240'\t\t\t\t\talt=\"https:\/\/files.sunoresearch.com.br\/n\/uploads\/2023\/03\/1420x240-Controle-de-Investimentos.png\"\n\t\t\t\t>\n\t\t\t<\/picture>\n\t\t<\/a>\n\t<\/p>\n\n\n","protected":false},"excerpt":{"rendered":"<p>O d\u00f3lar encerrou nessa ter\u00e7a-feira (1) em queda de 2,215%, negociado a R$ 5,2278 na venda. Na \u00faltima sess\u00e3o, segunda-feira (30), o d\u00f3lar encerrou em alta de 0,38%, negociado a R$ 5,3462 na venda. O d\u00f3lar hoje\u00a0abriu em leve queda pela manh\u00e3 enquanto o mercado estava atento aos dados econ\u00f4micos da China e a proje\u00e7\u00e3o [&hellip;]<\/p>\n","protected":false},"author":39,"featured_media":86242,"comment_status":"closed","ping_status":"closed","sticky":false,"template":"","format":"standard","meta":[],"categories":[60],"tags":[80505,2487,5255,326,776,1899,962,884,807,731,25002,105286],"suno_strategy":[],"class_list":["post-104586","post","type-post","status-publish","format-standard","has-post-thumbnail","hentry","category-mercado","tag-biontech","tag-coronavirus","tag-covid-19","tag-dolar","tag-federal-reseve-fed","tag-jerome-powell","tag-ocde","tag-pfizer-pfiz34","tag-produto-interno-bruto-pib","tag-uniao-europeia","tag-vacina","tag-vacina-da-pfizer"],"yoast_head":"<!-- This site is optimized with the Yoast SEO plugin v24.4 - https:\/\/yoast.com\/wordpress\/plugins\/seo\/ -->\n<title>D\u00f3lar encerra em queda de 2,215%, cotado em R$ 5,2278<\/title>\n<meta name=\"description\" content=\"O d\u00f3lar encerrou nessa ter\u00e7a-feira (1) em queda de 2,215%, negociado a R$ 5,2278 na venda. Clique aqui para saber mais.\" \/>\n<meta name=\"robots\" content=\"index, follow, max-snippet:-1, max-image-preview:large, max-video-preview:-1\" \/>\n<link rel=\"canonical\" href=\"https:\/\/www.suno.com.br\/noticias\/dolar-encerra-em-queda-de-2215-cotado-em-r-52278-01122020\/\" \/>\n<meta property=\"og:locale\" content=\"pt_BR\" \/>\n<meta property=\"og:type\" content=\"article\" \/>\n<meta property=\"og:title\" content=\"D\u00f3lar encerra em queda de 2,215%, cotado em R$ 5,2278\" \/>\n<meta property=\"og:description\" content=\"O d\u00f3lar encerrou nessa ter\u00e7a-feira (1) em queda de 2,215%, negociado a R$ 5,2278 na venda. Clique aqui para saber mais.\" \/>\n<meta property=\"og:url\" content=\"https:\/\/www.suno.com.br\/noticias\/dolar-encerra-em-queda-de-2215-cotado-em-r-52278-01122020\/\" \/>\n<meta property=\"og:site_name\" content=\"Suno Not\u00edcias\" \/>\n<meta property=\"article:publisher\" content=\"https:\/\/facebook.com\/sunoresearch\" \/>\n<meta property=\"og:image\" content=\"https:\/\/files.sunoresearch.com.br\/n\/uploads\/2020\/09\/0853ba8e-dolar-2.jpg\" \/>\n\t<meta property=\"og:image:width\" content=\"1280\" \/>\n\t<meta property=\"og:image:height\" content=\"853\" \/>\n\t<meta property=\"og:image:type\" content=\"image\/jpeg\" \/>\n<meta name=\"author\" content=\"Laura Moutinho\" \/>\n<meta name=\"twitter:card\" content=\"summary_large_image\" \/>\n<meta name=\"twitter:creator\" content=\"@sunoresearch\" \/>\n<meta name=\"twitter:site\" content=\"@sunoresearch\" \/>\n<meta name=\"twitter:label1\" content=\"Escrito por\" \/>\n\t<meta name=\"twitter:data1\" content=\"Laura Moutinho\" \/>\n\t<meta name=\"twitter:label2\" content=\"Est. tempo de leitura\" \/>\n\t<meta name=\"twitter:data2\" content=\"3 minutos\" \/>\n<script type=\"application\/ld+json\" class=\"yoast-schema-graph\">{\"@context\":\"https:\/\/schema.org\",\"@graph\":[{\"@type\":\"NewsArticle\",\"@id\":\"https:\/\/www.suno.com.br\/noticias\/dolar-encerra-em-queda-de-2215-cotado-em-r-52278-01122020\/#article\",\"isPartOf\":{\"@id\":\"https:\/\/www.suno.com.br\/noticias\/dolar-encerra-em-queda-de-2215-cotado-em-r-52278-01122020\/\"},\"author\":{\"name\":\"Laura Moutinho\",\"@id\":\"https:\/\/www.suno.com.br\/noticias\/#\/schema\/person\/3df0d2808748b74496efe5dbeaef2c72\"},\"headline\":\"D\u00f3lar encerra em queda de 2,215%, cotado em R$ 5,2278\",\"datePublished\":\"2020-12-01T20:37:01+00:00\",\"dateModified\":\"2021-05-29T23:39:05+00:00\",\"mainEntityOfPage\":{\"@id\":\"https:\/\/www.suno.com.br\/noticias\/dolar-encerra-em-queda-de-2215-cotado-em-r-52278-01122020\/\"},\"wordCount\":660,\"publisher\":{\"@id\":\"https:\/\/www.suno.com.br\/noticias\/#organization\"},\"image\":{\"@id\":\"https:\/\/www.suno.com.br\/noticias\/dolar-encerra-em-queda-de-2215-cotado-em-r-52278-01122020\/#primaryimage\"},\"thumbnailUrl\":\"https:\/\/files.sunoresearch.com.br\/n\/uploads\/2020\/09\/0853ba8e-dolar-2.jpg\",\"keywords\":[\"BioNTech\",\"coronav\u00edrus\",\"covid-19\",\"d\u00f3lar\",\"Federal Reserve (FED)\",\"Jerome Powell\",\"OCDE\",\"Pfizer (PFIZ34)\",\"Produto Interno Bruto (PIB)\",\"Uni\u00e3o Europeia\",\"vacina\",\"vacina da Pfizer\"],\"articleSection\":[\"Mercado\"],\"inLanguage\":\"pt-BR\"},{\"@type\":\"WebPage\",\"@id\":\"https:\/\/www.suno.com.br\/noticias\/dolar-encerra-em-queda-de-2215-cotado-em-r-52278-01122020\/\",\"url\":\"https:\/\/www.suno.com.br\/noticias\/dolar-encerra-em-queda-de-2215-cotado-em-r-52278-01122020\/\",\"name\":\"D\u00f3lar encerra em queda de 2,215%, cotado em R$ 5,2278\",\"isPartOf\":{\"@id\":\"https:\/\/www.suno.com.br\/noticias\/#website\"},\"primaryImageOfPage\":{\"@id\":\"https:\/\/www.suno.com.br\/noticias\/dolar-encerra-em-queda-de-2215-cotado-em-r-52278-01122020\/#primaryimage\"},\"image\":{\"@id\":\"https:\/\/www.suno.com.br\/noticias\/dolar-encerra-em-queda-de-2215-cotado-em-r-52278-01122020\/#primaryimage\"},\"thumbnailUrl\":\"https:\/\/files.sunoresearch.com.br\/n\/uploads\/2020\/09\/0853ba8e-dolar-2.jpg\",\"datePublished\":\"2020-12-01T20:37:01+00:00\",\"dateModified\":\"2021-05-29T23:39:05+00:00\",\"description\":\"O d\u00f3lar encerrou nessa ter\u00e7a-feira (1) em queda de 2,215%, negociado a R$ 5,2278 na venda. Clique aqui para saber mais.\",\"breadcrumb\":{\"@id\":\"https:\/\/www.suno.com.br\/noticias\/dolar-encerra-em-queda-de-2215-cotado-em-r-52278-01122020\/#breadcrumb\"},\"inLanguage\":\"pt-BR\",\"potentialAction\":[{\"@type\":\"ReadAction\",\"target\":[\"https:\/\/www.suno.com.br\/noticias\/dolar-encerra-em-queda-de-2215-cotado-em-r-52278-01122020\/\"]}]},{\"@type\":\"ImageObject\",\"inLanguage\":\"pt-BR\",\"@id\":\"https:\/\/www.suno.com.br\/noticias\/dolar-encerra-em-queda-de-2215-cotado-em-r-52278-01122020\/#primaryimage\",\"url\":\"https:\/\/files.sunoresearch.com.br\/n\/uploads\/2020\/09\/0853ba8e-dolar-2.jpg\",\"contentUrl\":\"https:\/\/files.sunoresearch.com.br\/n\/uploads\/2020\/09\/0853ba8e-dolar-2.jpg\",\"width\":1280,\"height\":853,\"caption\":\"Na \u00faltima sess\u00e3o, segunda-feira (30), o d\u00f3lar encerrou em alta de 0,38%, negociado a R$ 5,3462 na venda.\"},{\"@type\":\"BreadcrumbList\",\"@id\":\"https:\/\/www.suno.com.br\/noticias\/dolar-encerra-em-queda-de-2215-cotado-em-r-52278-01122020\/#breadcrumb\",\"itemListElement\":[{\"@type\":\"ListItem\",\"position\":1,\"name\":\"Not\u00edcias\",\"item\":\"https:\/\/www.suno.com.br\/noticias\/\"},{\"@type\":\"ListItem\",\"position\":2,\"name\":\"Mercado\",\"item\":\"https:\/\/www.suno.com.br\/noticias\/mercado\/\"},{\"@type\":\"ListItem\",\"position\":3,\"name\":\"D\u00f3lar encerra em queda de 2,215%, cotado em R$ 5,2278\"}]},{\"@type\":\"WebSite\",\"@id\":\"https:\/\/www.suno.com.br\/noticias\/#website\",\"url\":\"https:\/\/www.suno.com.br\/noticias\/\",\"name\":\"Suno Not\u00edcias\",\"description\":\"Seu portal de informa\u00e7\u00e3o sobre o mundo dos investimentos\",\"publisher\":{\"@id\":\"https:\/\/www.suno.com.br\/noticias\/#organization\"},\"potentialAction\":[{\"@type\":\"SearchAction\",\"target\":{\"@type\":\"EntryPoint\",\"urlTemplate\":\"https:\/\/www.suno.com.br\/noticias\/?s={search_term_string}\"},\"query-input\":{\"@type\":\"PropertyValueSpecification\",\"valueRequired\":true,\"valueName\":\"search_term_string\"}}],\"inLanguage\":\"pt-BR\"},{\"@type\":\"Organization\",\"@id\":\"https:\/\/www.suno.com.br\/noticias\/#organization\",\"name\":\"Suno Not\u00edcias\",\"url\":\"https:\/\/www.suno.com.br\/noticias\/\",\"logo\":{\"@type\":\"ImageObject\",\"inLanguage\":\"pt-BR\",\"@id\":\"https:\/\/www.suno.com.br\/noticias\/#\/schema\/logo\/image\/\",\"url\":\"https:\/\/files.sunoresearch.com.br\/n\/uploads\/2021\/09\/suno-logo.png\",\"contentUrl\":\"https:\/\/files.sunoresearch.com.br\/n\/uploads\/2021\/09\/suno-logo.png\",\"width\":180,\"height\":180,\"caption\":\"Suno Not\u00edcias\"},\"image\":{\"@id\":\"https:\/\/www.suno.com.br\/noticias\/#\/schema\/logo\/image\/\"},\"sameAs\":[\"https:\/\/facebook.com\/sunoresearch\",\"https:\/\/x.com\/sunoresearch\",\"https:\/\/www.instagram.com\/suno\",\"https:\/\/www.linkedin.com\/company\/suno-research\/\",\"https:\/\/www.youtube.com\/c\/sunoresearch\"]},{\"@type\":\"Person\",\"@id\":\"https:\/\/www.suno.com.br\/noticias\/#\/schema\/person\/3df0d2808748b74496efe5dbeaef2c72\",\"name\":\"Laura Moutinho\",\"image\":{\"@type\":\"ImageObject\",\"inLanguage\":\"pt-BR\",\"@id\":\"https:\/\/www.suno.com.br\/noticias\/#\/schema\/person\/image\/\",\"url\":\"https:\/\/secure.gravatar.com\/avatar\/7571c7c8ca3a6fca5e41384ece5557ff?s=96&r=g\",\"contentUrl\":\"https:\/\/secure.gravatar.com\/avatar\/7571c7c8ca3a6fca5e41384ece5557ff?s=96&r=g\",\"caption\":\"Laura Moutinho\"},\"description\":\"Estagi\u00e1ria na Suno Not\u00edcias, escreve not\u00edcias que afetam o mercado financeiro. Estuda administra\u00e7\u00e3o na Universidade Presbiteriana Mackenzie.\",\"url\":\"https:\/\/www.suno.com.br\/noticias\/author\/laura-moutinho\/\"}]}<\/script>\n<!-- \/ Yoast SEO plugin. -->","yoast_head_json":{"title":"D\u00f3lar encerra em queda de 2,215%, cotado em R$ 5,2278","description":"O d\u00f3lar encerrou nessa ter\u00e7a-feira (1) em queda de 2,215%, negociado a R$ 5,2278 na venda. Clique aqui para saber mais.","robots":{"index":"index","follow":"follow","max-snippet":"max-snippet:-1","max-image-preview":"max-image-preview:large","max-video-preview":"max-video-preview:-1"},"canonical":"https:\/\/www.suno.com.br\/noticias\/dolar-encerra-em-queda-de-2215-cotado-em-r-52278-01122020\/","og_locale":"pt_BR","og_type":"article","og_title":"D\u00f3lar encerra em queda de 2,215%, cotado em R$ 5,2278","og_description":"O d\u00f3lar encerrou nessa ter\u00e7a-feira (1) em queda de 2,215%, negociado a R$ 5,2278 na venda. Clique aqui para saber mais.","og_url":"https:\/\/www.suno.com.br\/noticias\/dolar-encerra-em-queda-de-2215-cotado-em-r-52278-01122020\/","og_site_name":"Suno Not\u00edcias","article_publisher":"https:\/\/facebook.com\/sunoresearch","og_image":[{"width":1280,"height":853,"url":"https:\/\/files.sunoresearch.com.br\/n\/uploads\/2020\/09\/0853ba8e-dolar-2.jpg","type":"image\/jpeg"}],"author":"Laura Moutinho","twitter_card":"summary_large_image","twitter_creator":"@sunoresearch","twitter_site":"@sunoresearch","twitter_misc":{"Escrito por":"Laura Moutinho","Est. tempo de leitura":"3 minutos"},"schema":{"@context":"https:\/\/schema.org","@graph":[{"@type":"NewsArticle","@id":"https:\/\/www.suno.com.br\/noticias\/dolar-encerra-em-queda-de-2215-cotado-em-r-52278-01122020\/#article","isPartOf":{"@id":"https:\/\/www.suno.com.br\/noticias\/dolar-encerra-em-queda-de-2215-cotado-em-r-52278-01122020\/"},"author":{"name":"Laura Moutinho","@id":"https:\/\/www.suno.com.br\/noticias\/#\/schema\/person\/3df0d2808748b74496efe5dbeaef2c72"},"headline":"D\u00f3lar encerra em queda de 2,215%, cotado em R$ 5,2278","datePublished":"2020-12-01T20:37:01+00:00","dateModified":"2021-05-29T23:39:05+00:00","mainEntityOfPage":{"@id":"https:\/\/www.suno.com.br\/noticias\/dolar-encerra-em-queda-de-2215-cotado-em-r-52278-01122020\/"},"wordCount":660,"publisher":{"@id":"https:\/\/www.suno.com.br\/noticias\/#organization"},"image":{"@id":"https:\/\/www.suno.com.br\/noticias\/dolar-encerra-em-queda-de-2215-cotado-em-r-52278-01122020\/#primaryimage"},"thumbnailUrl":"https:\/\/files.sunoresearch.com.br\/n\/uploads\/2020\/09\/0853ba8e-dolar-2.jpg","keywords":["BioNTech","coronav\u00edrus","covid-19","d\u00f3lar","Federal Reserve (FED)","Jerome Powell","OCDE","Pfizer (PFIZ34)","Produto Interno Bruto (PIB)","Uni\u00e3o Europeia","vacina","vacina da Pfizer"],"articleSection":["Mercado"],"inLanguage":"pt-BR"},{"@type":"WebPage","@id":"https:\/\/www.suno.com.br\/noticias\/dolar-encerra-em-queda-de-2215-cotado-em-r-52278-01122020\/","url":"https:\/\/www.suno.com.br\/noticias\/dolar-encerra-em-queda-de-2215-cotado-em-r-52278-01122020\/","name":"D\u00f3lar encerra em queda de 2,215%, cotado em R$ 5,2278","isPartOf":{"@id":"https:\/\/www.suno.com.br\/noticias\/#website"},"primaryImageOfPage":{"@id":"https:\/\/www.suno.com.br\/noticias\/dolar-encerra-em-queda-de-2215-cotado-em-r-52278-01122020\/#primaryimage"},"image":{"@id":"https:\/\/www.suno.com.br\/noticias\/dolar-encerra-em-queda-de-2215-cotado-em-r-52278-01122020\/#primaryimage"},"thumbnailUrl":"https:\/\/files.sunoresearch.com.br\/n\/uploads\/2020\/09\/0853ba8e-dolar-2.jpg","datePublished":"2020-12-01T20:37:01+00:00","dateModified":"2021-05-29T23:39:05+00:00","description":"O d\u00f3lar encerrou nessa ter\u00e7a-feira (1) em queda de 2,215%, negociado a R$ 5,2278 na venda. Clique aqui para saber mais.","breadcrumb":{"@id":"https:\/\/www.suno.com.br\/noticias\/dolar-encerra-em-queda-de-2215-cotado-em-r-52278-01122020\/#breadcrumb"},"inLanguage":"pt-BR","potentialAction":[{"@type":"ReadAction","target":["https:\/\/www.suno.com.br\/noticias\/dolar-encerra-em-queda-de-2215-cotado-em-r-52278-01122020\/"]}]},{"@type":"ImageObject","inLanguage":"pt-BR","@id":"https:\/\/www.suno.com.br\/noticias\/dolar-encerra-em-queda-de-2215-cotado-em-r-52278-01122020\/#primaryimage","url":"https:\/\/files.sunoresearch.com.br\/n\/uploads\/2020\/09\/0853ba8e-dolar-2.jpg","contentUrl":"https:\/\/files.sunoresearch.com.br\/n\/uploads\/2020\/09\/0853ba8e-dolar-2.jpg","width":1280,"height":853,"caption":"Na \u00faltima sess\u00e3o, segunda-feira (30), o d\u00f3lar encerrou em alta de 0,38%, negociado a R$ 5,3462 na venda."},{"@type":"BreadcrumbList","@id":"https:\/\/www.suno.com.br\/noticias\/dolar-encerra-em-queda-de-2215-cotado-em-r-52278-01122020\/#breadcrumb","itemListElement":[{"@type":"ListItem","position":1,"name":"Not\u00edcias","item":"https:\/\/www.suno.com.br\/noticias\/"},{"@type":"ListItem","position":2,"name":"Mercado","item":"https:\/\/www.suno.com.br\/noticias\/mercado\/"},{"@type":"ListItem","position":3,"name":"D\u00f3lar encerra em queda de 2,215%, cotado em R$ 5,2278"}]},{"@type":"WebSite","@id":"https:\/\/www.suno.com.br\/noticias\/#website","url":"https:\/\/www.suno.com.br\/noticias\/","name":"Suno Not\u00edcias","description":"Seu portal de informa\u00e7\u00e3o sobre o mundo dos investimentos","publisher":{"@id":"https:\/\/www.suno.com.br\/noticias\/#organization"},"potentialAction":[{"@type":"SearchAction","target":{"@type":"EntryPoint","urlTemplate":"https:\/\/www.suno.com.br\/noticias\/?s={search_term_string}"},"query-input":{"@type":"PropertyValueSpecification","valueRequired":true,"valueName":"search_term_string"}}],"inLanguage":"pt-BR"},{"@type":"Organization","@id":"https:\/\/www.suno.com.br\/noticias\/#organization","name":"Suno Not\u00edcias","url":"https:\/\/www.suno.com.br\/noticias\/","logo":{"@type":"ImageObject","inLanguage":"pt-BR","@id":"https:\/\/www.suno.com.br\/noticias\/#\/schema\/logo\/image\/","url":"https:\/\/files.sunoresearch.com.br\/n\/uploads\/2021\/09\/suno-logo.png","contentUrl":"https:\/\/files.sunoresearch.com.br\/n\/uploads\/2021\/09\/suno-logo.png","width":180,"height":180,"caption":"Suno Not\u00edcias"},"image":{"@id":"https:\/\/www.suno.com.br\/noticias\/#\/schema\/logo\/image\/"},"sameAs":["https:\/\/facebook.com\/sunoresearch","https:\/\/x.com\/sunoresearch","https:\/\/www.instagram.com\/suno","https:\/\/www.linkedin.com\/company\/suno-research\/","https:\/\/www.youtube.com\/c\/sunoresearch"]},{"@type":"Person","@id":"https:\/\/www.suno.com.br\/noticias\/#\/schema\/person\/3df0d2808748b74496efe5dbeaef2c72","name":"Laura Moutinho","image":{"@type":"ImageObject","inLanguage":"pt-BR","@id":"https:\/\/www.suno.com.br\/noticias\/#\/schema\/person\/image\/","url":"https:\/\/secure.gravatar.com\/avatar\/7571c7c8ca3a6fca5e41384ece5557ff?s=96&r=g","contentUrl":"https:\/\/secure.gravatar.com\/avatar\/7571c7c8ca3a6fca5e41384ece5557ff?s=96&r=g","caption":"Laura Moutinho"},"description":"Estagi\u00e1ria na Suno Not\u00edcias, escreve not\u00edcias que afetam o mercado financeiro. Estuda administra\u00e7\u00e3o na Universidade Presbiteriana Mackenzie.","url":"https:\/\/www.suno.com.br\/noticias\/author\/laura-moutinho\/"}]}},"default_loop_html":"<div class=\"cardsPage__listCard__boxs\"><div class=\"cardsPage__listCard__boxs__img\"><a href=\"https:\/\/www.suno.com.br\/noticias\/dolar-encerra-em-queda-de-2215-cotado-em-r-52278-01122020\/\"><img class=\"mask\" src=\"https:\/\/www.suno.com.br\/noticias\/wp-content\/themes\/suno\/resources\/images\/spotlight\/spotlight1img\/bg-mask.png\" alt=\"Image Mask\"\/><img src=\"https:\/\/files.sunoresearch.com.br\/n\/uploads\/2020\/09\/0853ba8e-dolar-2-400x200.webp\" alt=\"D\u00f3lar encerra em queda de 2,215%, cotado em R$ 5,2278\"\/><\/a><span class=\"spotlightCategory\"><a href=\"https:\/\/www.suno.com.br\/noticias\/mercado\/\">Mercado<\/a><\/span><\/div><div class=\"cardsPage__listCard__boxs__content\"><a href=\"https:\/\/www.suno.com.br\/noticias\/dolar-encerra-em-queda-de-2215-cotado-em-r-52278-01122020\/\"><h2 class=\"content__title\">D\u00f3lar encerra em queda de 2,215%, cotado em R$ 5,2278<\/h2><\/a><div class=\"newsContent__article__meta\"><div class=\"newsContent__article__meta__authorBox\"><a href=\"https:\/\/www.suno.com.br\/noticias\/author\/laura-moutinho\/\" class=\"authorBox__avatar noMobi\"><img src=\"https:\/\/files.sunoresearch.com.br\/n\/uploads\/2020\/08\/531ff69d-whatsapp-image-2020-08-03-at-14.54.38-150x150.webp\" alt=\"Laura Moutinho\"><\/a><div class=\"authorBox__name\"><span>por\n\t\t\t<a href=\"https:\/\/www.suno.com.br\/noticias\/author\/laura-moutinho\/\"><span itemprop=\"author\">Laura Moutinho<\/span><\/a><\/span><time datetime=\"2020-12-01T17:37:01-03:00\" itemprop=\"datePublished\">01\/12\/2020 17:37<\/time><\/div><\/div><\/div><\/div><\/div>","single_layout":"posts","amp_enabled":true,"_links":{"self":[{"href":"https:\/\/www.suno.com.br\/noticias\/wp-json\/wp\/v2\/posts\/104586"}],"collection":[{"href":"https:\/\/www.suno.com.br\/noticias\/wp-json\/wp\/v2\/posts"}],"about":[{"href":"https:\/\/www.suno.com.br\/noticias\/wp-json\/wp\/v2\/types\/post"}],"author":[{"embeddable":true,"href":"https:\/\/www.suno.com.br\/noticias\/wp-json\/wp\/v2\/users\/39"}],"replies":[{"embeddable":true,"href":"https:\/\/www.suno.com.br\/noticias\/wp-json\/wp\/v2\/comments?post=104586"}],"version-history":[{"count":1,"href":"https:\/\/www.suno.com.br\/noticias\/wp-json\/wp\/v2\/posts\/104586\/revisions"}],"predecessor-version":[{"id":152093,"href":"https:\/\/www.suno.com.br\/noticias\/wp-json\/wp\/v2\/posts\/104586\/revisions\/152093"}],"wp:featuredmedia":[{"embeddable":true,"href":"https:\/\/www.suno.com.br\/noticias\/wp-json\/wp\/v2\/media\/86242"}],"wp:attachment":[{"href":"https:\/\/www.suno.com.br\/noticias\/wp-json\/wp\/v2\/media?parent=104586"}],"wp:term":[{"taxonomy":"category","embeddable":true,"href":"https:\/\/www.suno.com.br\/noticias\/wp-json\/wp\/v2\/categories?post=104586"},{"taxonomy":"post_tag","embeddable":true,"href":"https:\/\/www.suno.com.br\/noticias\/wp-json\/wp\/v2\/tags?post=104586"},{"taxonomy":"suno_strategy","embeddable":true,"href":"https:\/\/www.suno.com.br\/noticias\/wp-json\/wp\/v2\/suno_strategy?post=104586"}],"curies":[{"name":"wp","href":"https:\/\/api.w.org\/{rel}","templated":true}]}}