{"id":104416,"date":"2020-12-01T09:15:09","date_gmt":"2020-12-01T12:15:09","guid":{"rendered":"https:\/\/www.suno.com.br\/noticias\/?p=104416"},"modified":"2020-12-04T10:55:14","modified_gmt":"2020-12-04T13:55:14","slug":"boa-vista-boas3-compra-empresa-de-negociacao-de-divida-acordo-certo","status":"publish","type":"post","link":"https:\/\/www.suno.com.br\/noticias\/boa-vista-boas3-compra-empresa-de-negociacao-de-divida-acordo-certo\/","title":{"rendered":"Boa Vista (BOAS3) compra empresa de negocia\u00e7\u00e3o de d\u00edvida Acordo Certo"},"content":{"rendered":"<p>A <a href=\"https:\/\/www.suno.com.br\/noticias\/ipo-boa-vista-scpc-boas3\/\"><strong>Boa Vista\u00a0<\/strong>Servi\u00e7os (BOAS3)<\/a> comprou a plataforma de negocia\u00e7\u00e3o de d\u00edvidas Acordo Certo Participa\u00e7\u00f5es por um valor inicial de R$ 37 milh\u00f5es que poder\u00e1 ser ampliado em pelo menos R$ 100,6 milh\u00f5es.<\/p>\t<div class=\"wrapper-featured-image\">\n\t\t<figure class=\"spotlightImg\">\n\n\t\t\t<picture>\n\t\t\t\t<source media=\"(max-width: 768px)\" srcset=\"https:\/\/files.sunoresearch.com.br\/n\/uploads\/2020\/01\/f22e7df3-d\u00edvida-400x200.webp\">\n\t\t\t\t<img loading=\"lazy\" decoding=\"async\" class=\"newsContent__article__imgCapa lazyloadDisabled \" src=\"https:\/\/files.sunoresearch.com.br\/n\/uploads\/2020\/01\/f22e7df3-d\u00edvida.jpg\" width=\"800\" height=\"450\" alt=\"Boa Vista (BOAS3) compra empresa de negocia\u00e7\u00e3o de d\u00edvida Acordo Certo\" fetchpriority=high \/>\n\t\t\t<\/picture>\n\n\t\t\t<figcaption class=\"wp-caption-text wp-caption-text--show\">boa vista<\/figcaption>\n\t\t<\/figure>\n\t<\/div>\n\n\n\t<p>\n\t\t<a href=\"https:\/\/lp.suno.com.br\/planilha-controle-gastos\/\" target=\"_blank\" data-element=\"shortcode-suno-banner\" title=\"Banner SUNO, clique e saiba mais\">\n\t\t\t<picture>\n\t\t\t\t<source media=\"(max-width: 500px)\" srcset=\"https:\/\/files.sunoresearch.com.br\/n\/uploads\/2023\/03\/400x300-Planilha-controle-de-gastos.png\">\n\t\t\t\t<img class=\"newsContent__article__imgCapa newsContent__article__imgCapa--banner\"\n\t\t\t\t\tsrc=\"https:\/\/files.sunoresearch.com.br\/n\/uploads\/2023\/03\/1420x240-Planilha-controle-de-gastos.png\"\n\t\t\t\t\tdata-promo-id=\"101751\"\t\t\t\t\t\t\t\t\t\twidth='1420' height='240'\t\t\t\t\talt=\"https:\/\/files.sunoresearch.com.br\/n\/uploads\/2023\/03\/1420x240-Planilha-controle-de-gastos.png\"\n\t\t\t\t>\n\t\t\t<\/picture>\n\t\t<\/a>\n\t<\/p>\n\n\n<p>Segundo <a href=\"https:\/\/www.suno.com.br\/artigos\/fato-relevante\/\">fato relevante<\/a> enviado \u00e0<a href=\"https:\/\/www.suno.com.br\/artigos\/cvm\/\"> Comiss\u00e3o de Valores Mobili\u00e1rios (CVM)<\/a>, o contrato prev\u00ea a realiza\u00e7\u00e3o de investimentos na <strong>Acordo Certo<\/strong> para fomentar suas atividades e o pagamento de pre\u00e7o de compra complementar ap\u00f3s dois anos contados da consuma\u00e7\u00e3o da transa\u00e7\u00e3o, sujeito ao atingimento de determinadas metas de performance pr\u00e9-estabelecidas.<\/p>\n<p>&#8220;Esta <strong>aquisi\u00e7\u00e3o<\/strong> est\u00e1 alinhada \u00e0 estrat\u00e9gia da Companhia de ampliar a oferta de produtos e solu\u00e7\u00f5es aos clientes e aos consumidores, fortalecer sua posi\u00e7\u00e3o de lideran\u00e7a em solu\u00e7\u00f5es anal\u00edticas, reafirmar sua estrat\u00e9gia de<strong> transforma\u00e7\u00e3o digital<\/strong> e criar valor atrav\u00e9s do uso da marca e da for\u00e7a de vendas assim como monetiza\u00e7\u00e3o da sua base de clientes e consumidores&#8221;, informou a empresa.<\/p>\n\t<p>\n\t\t<a href=\"https:\/\/lp.suno.com.br\/planilha-controle-gastos\/\" target=\"_blank\" data-element=\"shortcode-suno-banner\" title=\"Banner SUNO, clique e saiba mais\">\n\t\t\t<picture>\n\t\t\t\t<source media=\"(max-width: 500px)\" srcset=\"https:\/\/files.sunoresearch.com.br\/n\/uploads\/2023\/03\/400x300-Planilha-controle-de-gastos.png\">\n\t\t\t\t<img class=\"newsContent__article__imgCapa newsContent__article__imgCapa--banner\"\n\t\t\t\t\tsrc=\"https:\/\/files.sunoresearch.com.br\/n\/uploads\/2023\/03\/1420x240-Planilha-controle-de-gastos.png\"\n\t\t\t\t\tdata-promo-id=\"101751\"\t\t\t\t\t\t\t\t\t\twidth='1420' height='240'\t\t\t\t\talt=\"https:\/\/files.sunoresearch.com.br\/n\/uploads\/2023\/03\/1420x240-Planilha-controle-de-gastos.png\"\n\t\t\t\t>\n\t\t\t<\/picture>\n\t\t<\/a>\n\t<\/p>\n\n\n<h2>Boa Vista diz que Acordo Certo teve receita l\u00edquida de R$ 8,8 mih\u00f5es<\/h2>\n<p>A Acordo Certo \u00e9 uma plataforma 100% digital de <strong>renegocia\u00e7\u00e3o de d\u00edvidas<\/strong> que tem como principal objetivo trazer al\u00edvio financeiro \u00e0 indiv\u00edduos de maneira simples e f\u00e1cil, conectando credores com d\u00edvidas vencidas com seus consumidores. A plataforma tem d\u00edvidas de 57,8 milh\u00f5es de indiv\u00edduos representando mais de R$ 188 bilh\u00f5es dispon\u00edveis para negocia\u00e7\u00e3o, com 13,4 milh\u00f5es de usu\u00e1rios cadastrados.<\/p>\n<p>A Acordo Certo teve <a href=\"https:\/\/www.suno.com.br\/artigos\/o-que-receita-liquida\/\">receita l\u00edquida<\/a> de R$ 8,8 milh\u00f5es no terceiro trimestre de 2020, um crescimento de 155% em rela\u00e7\u00e3o ao mesmo per\u00edodo do ano anterior.<\/p>\n<p>&#8220;Sua abordagem humanizada e capacidade de ajudar consumidores a melhorar sua situa\u00e7\u00e3o financeira, alavancadas pela tecnologia, dados \u00fanicos e superior capacidade anal\u00edtica permitem \u00e0 Acordo Certo oferecer propostas de renegocia\u00e7\u00e3o de forma assertiva, e a colocaram em posi\u00e7\u00e3o de destaque no mercado de recupera\u00e7\u00e3o de cr\u00e9dito&#8221;, disse a Boa Vista.<\/p>\n<p>De acordo com a <strong>Boa Vista<\/strong>, este mercado tem receita potencial entre R$ 4 bilh\u00f5es a R$ 5 bilh\u00f5es. O fechamento desta transa\u00e7\u00e3o depende de algumas condi\u00e7\u00f5es, incluindo realiza\u00e7\u00e3o de assembleia geral para a aprova\u00e7\u00e3o da aquisi\u00e7\u00e3o.<\/p>\n\t<p>\n\t\t<a href=\"https:\/\/lp.suno.com.br\/planilha-de-controle-de-investimentos\/\" target=\"_blank\" data-element=\"shortcode-suno-banner\" title=\"Banner SUNO, clique e saiba mais\">\n\t\t\t<picture>\n\t\t\t\t<source media=\"(max-width: 500px)\" srcset=\"https:\/\/files.sunoresearch.com.br\/n\/uploads\/2023\/03\/400x300-Controle-de-Investimentos.png\">\n\t\t\t\t<img class=\"newsContent__article__imgCapa newsContent__article__imgCapa--banner\"\n\t\t\t\t\tsrc=\"https:\/\/files.sunoresearch.com.br\/n\/uploads\/2023\/03\/1420x240-Controle-de-Investimentos.png\"\n\t\t\t\t\tdata-promo-id=\"75934\"\t\t\t\t\t\t\t\t\t\twidth='1420' height='240'\t\t\t\t\talt=\"https:\/\/files.sunoresearch.com.br\/n\/uploads\/2023\/03\/1420x240-Controle-de-Investimentos.png\"\n\t\t\t\t>\n\t\t\t<\/picture>\n\t\t<\/a>\n\t<\/p>\n\n\n","protected":false},"excerpt":{"rendered":"<p>A Boa Vista\u00a0Servi\u00e7os (BOAS3) comprou a plataforma de negocia\u00e7\u00e3o de d\u00edvidas Acordo Certo Participa\u00e7\u00f5es por um valor inicial de R$ 37 milh\u00f5es que poder\u00e1 ser ampliado em pelo menos R$ 100,6 milh\u00f5es. boa vista Segundo fato relevante enviado \u00e0 Comiss\u00e3o de Valores Mobili\u00e1rios (CVM), o contrato prev\u00ea a realiza\u00e7\u00e3o de investimentos na Acordo Certo para [&hellip;]<\/p>\n","protected":false},"author":60,"featured_media":51203,"comment_status":"closed","ping_status":"closed","sticky":false,"template":"","format":"standard","meta":[],"categories":[64],"tags":[],"suno_strategy":[],"class_list":["post-104416","post","type-post","status-publish","format-standard","has-post-thumbnail","hentry","category-negocios"],"yoast_head":"<!-- This site is optimized with the Yoast SEO plugin v24.4 - https:\/\/yoast.com\/wordpress\/plugins\/seo\/ -->\n<title>Boa Vista (BOAS3) anuncia compra da empresa Acordo Certo<\/title>\n<meta name=\"description\" content=\"A Boa Vista Servi\u00e7os (BOAS3) comprou a plataforma de negocia\u00e7\u00e3o de d\u00edvidas Acordo Certo por um valor inicial de R$ 37 milh\u00f5es. Leia aqui.\" \/>\n<meta name=\"robots\" content=\"index, follow, max-snippet:-1, max-image-preview:large, max-video-preview:-1\" \/>\n<link rel=\"canonical\" href=\"https:\/\/www.suno.com.br\/noticias\/boa-vista-boas3-compra-empresa-de-negociacao-de-divida-acordo-certo\/\" \/>\n<meta property=\"og:locale\" content=\"pt_BR\" \/>\n<meta property=\"og:type\" content=\"article\" \/>\n<meta property=\"og:title\" content=\"Boa Vista (BOAS3) anuncia compra da empresa Acordo Certo\" \/>\n<meta property=\"og:description\" content=\"A Boa Vista Servi\u00e7os (BOAS3) comprou a plataforma de negocia\u00e7\u00e3o de d\u00edvidas Acordo Certo por um valor inicial de R$ 37 milh\u00f5es. Leia aqui.\" \/>\n<meta property=\"og:url\" content=\"https:\/\/www.suno.com.br\/noticias\/boa-vista-boas3-compra-empresa-de-negociacao-de-divida-acordo-certo\/\" \/>\n<meta property=\"og:site_name\" content=\"Suno Not\u00edcias\" \/>\n<meta property=\"article:publisher\" content=\"https:\/\/facebook.com\/sunoresearch\" \/>\n<meta property=\"og:image\" content=\"https:\/\/files.sunoresearch.com.br\/n\/uploads\/2020\/01\/f22e7df3-d\u00edvida.jpg\" \/>\n\t<meta property=\"og:image:width\" content=\"659\" \/>\n\t<meta property=\"og:image:height\" content=\"465\" \/>\n\t<meta property=\"og:image:type\" content=\"image\/jpeg\" \/>\n<meta name=\"author\" content=\"Natalia G\u00f3mez\" \/>\n<meta name=\"twitter:card\" content=\"summary_large_image\" \/>\n<meta name=\"twitter:creator\" content=\"@sunoresearch\" \/>\n<meta name=\"twitter:site\" content=\"@sunoresearch\" \/>\n<meta name=\"twitter:label1\" content=\"Escrito por\" \/>\n\t<meta name=\"twitter:data1\" content=\"Natalia G\u00f3mez\" \/>\n\t<meta name=\"twitter:label2\" content=\"Est. tempo de leitura\" \/>\n\t<meta name=\"twitter:data2\" content=\"2 minutos\" \/>\n<script type=\"application\/ld+json\" class=\"yoast-schema-graph\">{\"@context\":\"https:\/\/schema.org\",\"@graph\":[{\"@type\":\"NewsArticle\",\"@id\":\"https:\/\/www.suno.com.br\/noticias\/boa-vista-boas3-compra-empresa-de-negociacao-de-divida-acordo-certo\/#article\",\"isPartOf\":{\"@id\":\"https:\/\/www.suno.com.br\/noticias\/boa-vista-boas3-compra-empresa-de-negociacao-de-divida-acordo-certo\/\"},\"author\":{\"name\":\"Natalia G\u00f3mez\",\"@id\":\"https:\/\/www.suno.com.br\/noticias\/#\/schema\/person\/1b24d67c140a42e864ef414497edb164\"},\"headline\":\"Boa Vista (BOAS3) compra empresa de negocia\u00e7\u00e3o de d\u00edvida Acordo Certo\",\"datePublished\":\"2020-12-01T12:15:09+00:00\",\"dateModified\":\"2020-12-04T13:55:14+00:00\",\"mainEntityOfPage\":{\"@id\":\"https:\/\/www.suno.com.br\/noticias\/boa-vista-boas3-compra-empresa-de-negociacao-de-divida-acordo-certo\/\"},\"wordCount\":393,\"publisher\":{\"@id\":\"https:\/\/www.suno.com.br\/noticias\/#organization\"},\"image\":{\"@id\":\"https:\/\/www.suno.com.br\/noticias\/boa-vista-boas3-compra-empresa-de-negociacao-de-divida-acordo-certo\/#primaryimage\"},\"thumbnailUrl\":\"https:\/\/files.sunoresearch.com.br\/n\/uploads\/2020\/01\/f22e7df3-d\u00edvida.jpg\",\"articleSection\":[\"Neg\u00f3cios\"],\"inLanguage\":\"pt-BR\"},{\"@type\":\"WebPage\",\"@id\":\"https:\/\/www.suno.com.br\/noticias\/boa-vista-boas3-compra-empresa-de-negociacao-de-divida-acordo-certo\/\",\"url\":\"https:\/\/www.suno.com.br\/noticias\/boa-vista-boas3-compra-empresa-de-negociacao-de-divida-acordo-certo\/\",\"name\":\"Boa Vista (BOAS3) anuncia compra da empresa Acordo Certo\",\"isPartOf\":{\"@id\":\"https:\/\/www.suno.com.br\/noticias\/#website\"},\"primaryImageOfPage\":{\"@id\":\"https:\/\/www.suno.com.br\/noticias\/boa-vista-boas3-compra-empresa-de-negociacao-de-divida-acordo-certo\/#primaryimage\"},\"image\":{\"@id\":\"https:\/\/www.suno.com.br\/noticias\/boa-vista-boas3-compra-empresa-de-negociacao-de-divida-acordo-certo\/#primaryimage\"},\"thumbnailUrl\":\"https:\/\/files.sunoresearch.com.br\/n\/uploads\/2020\/01\/f22e7df3-d\u00edvida.jpg\",\"datePublished\":\"2020-12-01T12:15:09+00:00\",\"dateModified\":\"2020-12-04T13:55:14+00:00\",\"description\":\"A Boa Vista Servi\u00e7os (BOAS3) comprou a plataforma de negocia\u00e7\u00e3o de d\u00edvidas Acordo Certo por um valor inicial de R$ 37 milh\u00f5es. Leia aqui.\",\"breadcrumb\":{\"@id\":\"https:\/\/www.suno.com.br\/noticias\/boa-vista-boas3-compra-empresa-de-negociacao-de-divida-acordo-certo\/#breadcrumb\"},\"inLanguage\":\"pt-BR\",\"potentialAction\":[{\"@type\":\"ReadAction\",\"target\":[\"https:\/\/www.suno.com.br\/noticias\/boa-vista-boas3-compra-empresa-de-negociacao-de-divida-acordo-certo\/\"]}]},{\"@type\":\"ImageObject\",\"inLanguage\":\"pt-BR\",\"@id\":\"https:\/\/www.suno.com.br\/noticias\/boa-vista-boas3-compra-empresa-de-negociacao-de-divida-acordo-certo\/#primaryimage\",\"url\":\"https:\/\/files.sunoresearch.com.br\/n\/uploads\/2020\/01\/f22e7df3-d\u00edvida.jpg\",\"contentUrl\":\"https:\/\/files.sunoresearch.com.br\/n\/uploads\/2020\/01\/f22e7df3-d\u00edvida.jpg\",\"width\":659,\"height\":465,\"caption\":\"boa vista\"},{\"@type\":\"BreadcrumbList\",\"@id\":\"https:\/\/www.suno.com.br\/noticias\/boa-vista-boas3-compra-empresa-de-negociacao-de-divida-acordo-certo\/#breadcrumb\",\"itemListElement\":[{\"@type\":\"ListItem\",\"position\":1,\"name\":\"Not\u00edcias\",\"item\":\"https:\/\/www.suno.com.br\/noticias\/\"},{\"@type\":\"ListItem\",\"position\":2,\"name\":\"Neg\u00f3cios\",\"item\":\"https:\/\/www.suno.com.br\/noticias\/negocios\/\"},{\"@type\":\"ListItem\",\"position\":3,\"name\":\"Boa Vista (BOAS3) compra empresa de negocia\u00e7\u00e3o de d\u00edvida Acordo Certo\"}]},{\"@type\":\"WebSite\",\"@id\":\"https:\/\/www.suno.com.br\/noticias\/#website\",\"url\":\"https:\/\/www.suno.com.br\/noticias\/\",\"name\":\"Suno Not\u00edcias\",\"description\":\"Seu portal de informa\u00e7\u00e3o sobre o mundo dos investimentos\",\"publisher\":{\"@id\":\"https:\/\/www.suno.com.br\/noticias\/#organization\"},\"potentialAction\":[{\"@type\":\"SearchAction\",\"target\":{\"@type\":\"EntryPoint\",\"urlTemplate\":\"https:\/\/www.suno.com.br\/noticias\/?s={search_term_string}\"},\"query-input\":{\"@type\":\"PropertyValueSpecification\",\"valueRequired\":true,\"valueName\":\"search_term_string\"}}],\"inLanguage\":\"pt-BR\"},{\"@type\":\"Organization\",\"@id\":\"https:\/\/www.suno.com.br\/noticias\/#organization\",\"name\":\"Suno Not\u00edcias\",\"url\":\"https:\/\/www.suno.com.br\/noticias\/\",\"logo\":{\"@type\":\"ImageObject\",\"inLanguage\":\"pt-BR\",\"@id\":\"https:\/\/www.suno.com.br\/noticias\/#\/schema\/logo\/image\/\",\"url\":\"https:\/\/files.sunoresearch.com.br\/n\/uploads\/2021\/09\/suno-logo.png\",\"contentUrl\":\"https:\/\/files.sunoresearch.com.br\/n\/uploads\/2021\/09\/suno-logo.png\",\"width\":180,\"height\":180,\"caption\":\"Suno Not\u00edcias\"},\"image\":{\"@id\":\"https:\/\/www.suno.com.br\/noticias\/#\/schema\/logo\/image\/\"},\"sameAs\":[\"https:\/\/facebook.com\/sunoresearch\",\"https:\/\/x.com\/sunoresearch\",\"https:\/\/www.instagram.com\/suno\",\"https:\/\/www.linkedin.com\/company\/suno-research\/\",\"https:\/\/www.youtube.com\/c\/sunoresearch\"]},{\"@type\":\"Person\",\"@id\":\"https:\/\/www.suno.com.br\/noticias\/#\/schema\/person\/1b24d67c140a42e864ef414497edb164\",\"name\":\"Natalia G\u00f3mez\",\"image\":{\"@type\":\"ImageObject\",\"inLanguage\":\"pt-BR\",\"@id\":\"https:\/\/www.suno.com.br\/noticias\/#\/schema\/person\/image\/\",\"url\":\"https:\/\/secure.gravatar.com\/avatar\/9e957e0b2b485c2d42c3f4145c16d940?s=96&r=g\",\"contentUrl\":\"https:\/\/secure.gravatar.com\/avatar\/9e957e0b2b485c2d42c3f4145c16d940?s=96&r=g\",\"caption\":\"Natalia G\u00f3mez\"},\"description\":\"Editora do Suno Not\u00edcias desde outubro de 2020, \u00e9 jornalista formada pela PUC-SP, com p\u00f3s-gradua\u00e7\u00e3o em jornalismo liter\u00e1rio. Atua no mercado financeiro desde 2003, quando iniciou a carreira no jornal econ\u00f4mico DCI, cobrindo o setor de alimentos no caderno de Ind\u00fastria. Foi trainee do jornal Valor Econ\u00f4mico, onde atuou no Caderno de Empresas por quase tr\u00eas anos. L\u00e1, cobriu o setor de ind\u00fastria, com foco em siderurgia, embalagens e aeroespacial. Fez coberturas setoriais em viagens para S\u00e3o Jos\u00e9 dos Campos e Franca (SP), al\u00e9m de coberturas internacionais na Alemanha e na Su\u00e9cia. Trabalhou por cinco anos na Ag\u00eancia Estado\/Broadcast, do Grupo Estado, onde foi rep\u00f3rter dos setores de minera\u00e7\u00e3o e siderurgia, alimentos e bebidas e finan\u00e7as. Foi premiada como o pr\u00eamio Destaque de Reportagem da AE em 2007 e 2008. Al\u00e9m de atuar no servi\u00e7o de not\u00edcias em tempo real, fez participa\u00e7\u00f5es no caderno de Economia do jornal Estado de S.Paulo e na R\u00e1dio Eldorado. Ainda no Grupo Estado, foi editora assistente da editoria Empresas e Setores, atuando com edi\u00e7\u00e3o e pauta, al\u00e9m de cobrir mercados diariamente com o cen\u00e1rio de bolsa e fazer reportagens especiais com foco em governan\u00e7a corporativa. Trabalhou tamb\u00e9m como correspondente de finan\u00e7as no servi\u00e7o da Thomson Reuters em portugu\u00eas por quase um ano. Atuou por cerca de oito anos como jornalista independente, contribuindo para ve\u00edculos como UOL Economia, Infomoney e Revista Voc\u00ea SA, al\u00e9m de ter trabalhado em projetos na \u00e1rea de conte\u00fado e comunica\u00e7\u00e3o de institui\u00e7\u00f5es financeiras como Anbima, Banco BS2, Banco Pine, Ita\u00fa BBA e EQI.\",\"url\":\"https:\/\/www.suno.com.br\/noticias\/author\/natalia-gomez\/\"}]}<\/script>\n<!-- \/ Yoast SEO plugin. -->","yoast_head_json":{"title":"Boa Vista (BOAS3) anuncia compra da empresa Acordo Certo","description":"A Boa Vista Servi\u00e7os (BOAS3) comprou a plataforma de negocia\u00e7\u00e3o de d\u00edvidas Acordo Certo por um valor inicial de R$ 37 milh\u00f5es. Leia aqui.","robots":{"index":"index","follow":"follow","max-snippet":"max-snippet:-1","max-image-preview":"max-image-preview:large","max-video-preview":"max-video-preview:-1"},"canonical":"https:\/\/www.suno.com.br\/noticias\/boa-vista-boas3-compra-empresa-de-negociacao-de-divida-acordo-certo\/","og_locale":"pt_BR","og_type":"article","og_title":"Boa Vista (BOAS3) anuncia compra da empresa Acordo Certo","og_description":"A Boa Vista Servi\u00e7os (BOAS3) comprou a plataforma de negocia\u00e7\u00e3o de d\u00edvidas Acordo Certo por um valor inicial de R$ 37 milh\u00f5es. Leia aqui.","og_url":"https:\/\/www.suno.com.br\/noticias\/boa-vista-boas3-compra-empresa-de-negociacao-de-divida-acordo-certo\/","og_site_name":"Suno Not\u00edcias","article_publisher":"https:\/\/facebook.com\/sunoresearch","og_image":[{"width":659,"height":465,"url":"https:\/\/files.sunoresearch.com.br\/n\/uploads\/2020\/01\/f22e7df3-d\u00edvida.jpg","type":"image\/jpeg"}],"author":"Natalia G\u00f3mez","twitter_card":"summary_large_image","twitter_creator":"@sunoresearch","twitter_site":"@sunoresearch","twitter_misc":{"Escrito por":"Natalia G\u00f3mez","Est. tempo de leitura":"2 minutos"},"schema":{"@context":"https:\/\/schema.org","@graph":[{"@type":"NewsArticle","@id":"https:\/\/www.suno.com.br\/noticias\/boa-vista-boas3-compra-empresa-de-negociacao-de-divida-acordo-certo\/#article","isPartOf":{"@id":"https:\/\/www.suno.com.br\/noticias\/boa-vista-boas3-compra-empresa-de-negociacao-de-divida-acordo-certo\/"},"author":{"name":"Natalia G\u00f3mez","@id":"https:\/\/www.suno.com.br\/noticias\/#\/schema\/person\/1b24d67c140a42e864ef414497edb164"},"headline":"Boa Vista (BOAS3) compra empresa de negocia\u00e7\u00e3o de d\u00edvida Acordo Certo","datePublished":"2020-12-01T12:15:09+00:00","dateModified":"2020-12-04T13:55:14+00:00","mainEntityOfPage":{"@id":"https:\/\/www.suno.com.br\/noticias\/boa-vista-boas3-compra-empresa-de-negociacao-de-divida-acordo-certo\/"},"wordCount":393,"publisher":{"@id":"https:\/\/www.suno.com.br\/noticias\/#organization"},"image":{"@id":"https:\/\/www.suno.com.br\/noticias\/boa-vista-boas3-compra-empresa-de-negociacao-de-divida-acordo-certo\/#primaryimage"},"thumbnailUrl":"https:\/\/files.sunoresearch.com.br\/n\/uploads\/2020\/01\/f22e7df3-d\u00edvida.jpg","articleSection":["Neg\u00f3cios"],"inLanguage":"pt-BR"},{"@type":"WebPage","@id":"https:\/\/www.suno.com.br\/noticias\/boa-vista-boas3-compra-empresa-de-negociacao-de-divida-acordo-certo\/","url":"https:\/\/www.suno.com.br\/noticias\/boa-vista-boas3-compra-empresa-de-negociacao-de-divida-acordo-certo\/","name":"Boa Vista (BOAS3) anuncia compra da empresa Acordo Certo","isPartOf":{"@id":"https:\/\/www.suno.com.br\/noticias\/#website"},"primaryImageOfPage":{"@id":"https:\/\/www.suno.com.br\/noticias\/boa-vista-boas3-compra-empresa-de-negociacao-de-divida-acordo-certo\/#primaryimage"},"image":{"@id":"https:\/\/www.suno.com.br\/noticias\/boa-vista-boas3-compra-empresa-de-negociacao-de-divida-acordo-certo\/#primaryimage"},"thumbnailUrl":"https:\/\/files.sunoresearch.com.br\/n\/uploads\/2020\/01\/f22e7df3-d\u00edvida.jpg","datePublished":"2020-12-01T12:15:09+00:00","dateModified":"2020-12-04T13:55:14+00:00","description":"A Boa Vista Servi\u00e7os (BOAS3) comprou a plataforma de negocia\u00e7\u00e3o de d\u00edvidas Acordo Certo por um valor inicial de R$ 37 milh\u00f5es. Leia aqui.","breadcrumb":{"@id":"https:\/\/www.suno.com.br\/noticias\/boa-vista-boas3-compra-empresa-de-negociacao-de-divida-acordo-certo\/#breadcrumb"},"inLanguage":"pt-BR","potentialAction":[{"@type":"ReadAction","target":["https:\/\/www.suno.com.br\/noticias\/boa-vista-boas3-compra-empresa-de-negociacao-de-divida-acordo-certo\/"]}]},{"@type":"ImageObject","inLanguage":"pt-BR","@id":"https:\/\/www.suno.com.br\/noticias\/boa-vista-boas3-compra-empresa-de-negociacao-de-divida-acordo-certo\/#primaryimage","url":"https:\/\/files.sunoresearch.com.br\/n\/uploads\/2020\/01\/f22e7df3-d\u00edvida.jpg","contentUrl":"https:\/\/files.sunoresearch.com.br\/n\/uploads\/2020\/01\/f22e7df3-d\u00edvida.jpg","width":659,"height":465,"caption":"boa vista"},{"@type":"BreadcrumbList","@id":"https:\/\/www.suno.com.br\/noticias\/boa-vista-boas3-compra-empresa-de-negociacao-de-divida-acordo-certo\/#breadcrumb","itemListElement":[{"@type":"ListItem","position":1,"name":"Not\u00edcias","item":"https:\/\/www.suno.com.br\/noticias\/"},{"@type":"ListItem","position":2,"name":"Neg\u00f3cios","item":"https:\/\/www.suno.com.br\/noticias\/negocios\/"},{"@type":"ListItem","position":3,"name":"Boa Vista (BOAS3) compra empresa de negocia\u00e7\u00e3o de d\u00edvida Acordo Certo"}]},{"@type":"WebSite","@id":"https:\/\/www.suno.com.br\/noticias\/#website","url":"https:\/\/www.suno.com.br\/noticias\/","name":"Suno Not\u00edcias","description":"Seu portal de informa\u00e7\u00e3o sobre o mundo dos investimentos","publisher":{"@id":"https:\/\/www.suno.com.br\/noticias\/#organization"},"potentialAction":[{"@type":"SearchAction","target":{"@type":"EntryPoint","urlTemplate":"https:\/\/www.suno.com.br\/noticias\/?s={search_term_string}"},"query-input":{"@type":"PropertyValueSpecification","valueRequired":true,"valueName":"search_term_string"}}],"inLanguage":"pt-BR"},{"@type":"Organization","@id":"https:\/\/www.suno.com.br\/noticias\/#organization","name":"Suno Not\u00edcias","url":"https:\/\/www.suno.com.br\/noticias\/","logo":{"@type":"ImageObject","inLanguage":"pt-BR","@id":"https:\/\/www.suno.com.br\/noticias\/#\/schema\/logo\/image\/","url":"https:\/\/files.sunoresearch.com.br\/n\/uploads\/2021\/09\/suno-logo.png","contentUrl":"https:\/\/files.sunoresearch.com.br\/n\/uploads\/2021\/09\/suno-logo.png","width":180,"height":180,"caption":"Suno Not\u00edcias"},"image":{"@id":"https:\/\/www.suno.com.br\/noticias\/#\/schema\/logo\/image\/"},"sameAs":["https:\/\/facebook.com\/sunoresearch","https:\/\/x.com\/sunoresearch","https:\/\/www.instagram.com\/suno","https:\/\/www.linkedin.com\/company\/suno-research\/","https:\/\/www.youtube.com\/c\/sunoresearch"]},{"@type":"Person","@id":"https:\/\/www.suno.com.br\/noticias\/#\/schema\/person\/1b24d67c140a42e864ef414497edb164","name":"Natalia G\u00f3mez","image":{"@type":"ImageObject","inLanguage":"pt-BR","@id":"https:\/\/www.suno.com.br\/noticias\/#\/schema\/person\/image\/","url":"https:\/\/secure.gravatar.com\/avatar\/9e957e0b2b485c2d42c3f4145c16d940?s=96&r=g","contentUrl":"https:\/\/secure.gravatar.com\/avatar\/9e957e0b2b485c2d42c3f4145c16d940?s=96&r=g","caption":"Natalia G\u00f3mez"},"description":"Editora do Suno Not\u00edcias desde outubro de 2020, \u00e9 jornalista formada pela PUC-SP, com p\u00f3s-gradua\u00e7\u00e3o em jornalismo liter\u00e1rio. Atua no mercado financeiro desde 2003, quando iniciou a carreira no jornal econ\u00f4mico DCI, cobrindo o setor de alimentos no caderno de Ind\u00fastria. Foi trainee do jornal Valor Econ\u00f4mico, onde atuou no Caderno de Empresas por quase tr\u00eas anos. L\u00e1, cobriu o setor de ind\u00fastria, com foco em siderurgia, embalagens e aeroespacial. Fez coberturas setoriais em viagens para S\u00e3o Jos\u00e9 dos Campos e Franca (SP), al\u00e9m de coberturas internacionais na Alemanha e na Su\u00e9cia. Trabalhou por cinco anos na Ag\u00eancia Estado\/Broadcast, do Grupo Estado, onde foi rep\u00f3rter dos setores de minera\u00e7\u00e3o e siderurgia, alimentos e bebidas e finan\u00e7as. Foi premiada como o pr\u00eamio Destaque de Reportagem da AE em 2007 e 2008. Al\u00e9m de atuar no servi\u00e7o de not\u00edcias em tempo real, fez participa\u00e7\u00f5es no caderno de Economia do jornal Estado de S.Paulo e na R\u00e1dio Eldorado. Ainda no Grupo Estado, foi editora assistente da editoria Empresas e Setores, atuando com edi\u00e7\u00e3o e pauta, al\u00e9m de cobrir mercados diariamente com o cen\u00e1rio de bolsa e fazer reportagens especiais com foco em governan\u00e7a corporativa. Trabalhou tamb\u00e9m como correspondente de finan\u00e7as no servi\u00e7o da Thomson Reuters em portugu\u00eas por quase um ano. Atuou por cerca de oito anos como jornalista independente, contribuindo para ve\u00edculos como UOL Economia, Infomoney e Revista Voc\u00ea SA, al\u00e9m de ter trabalhado em projetos na \u00e1rea de conte\u00fado e comunica\u00e7\u00e3o de institui\u00e7\u00f5es financeiras como Anbima, Banco BS2, Banco Pine, Ita\u00fa BBA e EQI.","url":"https:\/\/www.suno.com.br\/noticias\/author\/natalia-gomez\/"}]}},"default_loop_html":"<div class=\"cardsPage__listCard__boxs\"><div class=\"cardsPage__listCard__boxs__img\"><a href=\"https:\/\/www.suno.com.br\/noticias\/boa-vista-boas3-compra-empresa-de-negociacao-de-divida-acordo-certo\/\"><img class=\"mask\" src=\"https:\/\/www.suno.com.br\/noticias\/wp-content\/themes\/suno\/resources\/images\/spotlight\/spotlight1img\/bg-mask.png\" alt=\"Image Mask\"\/><img src=\"https:\/\/files.sunoresearch.com.br\/n\/uploads\/2020\/01\/f22e7df3-d\u00edvida-400x200.webp\" alt=\"Boa Vista (BOAS3) compra empresa de negocia\u00e7\u00e3o de d\u00edvida Acordo Certo\"\/><\/a><span class=\"spotlightCategory\"><a href=\"https:\/\/www.suno.com.br\/noticias\/negocios\/\">Neg\u00f3cios<\/a><\/span><\/div><div class=\"cardsPage__listCard__boxs__content\"><a href=\"https:\/\/www.suno.com.br\/noticias\/boa-vista-boas3-compra-empresa-de-negociacao-de-divida-acordo-certo\/\"><h2 class=\"content__title\">Boa Vista (BOAS3) compra empresa de negocia\u00e7\u00e3o de d\u00edvida Acordo Certo<\/h2><\/a><div class=\"newsContent__article__meta\"><div class=\"newsContent__article__meta__authorBox\"><a href=\"https:\/\/www.suno.com.br\/noticias\/author\/natalia-gomez\/\" class=\"authorBox__avatar noMobi\"><img src=\"https:\/\/secure.gravatar.com\/avatar\/9e957e0b2b485c2d42c3f4145c16d940?s=96&#038;r=g\" alt=\"Natalia G\u00f3mez\"><\/a><div class=\"authorBox__name\"><span>por\n\t\t\t<a href=\"https:\/\/www.suno.com.br\/noticias\/author\/natalia-gomez\/\"><span itemprop=\"author\">Natalia G\u00f3mez<\/span><\/a><\/span><time datetime=\"2020-12-01T09:15:09-03:00\" itemprop=\"datePublished\">01\/12\/2020 09:15<\/time><\/div><\/div><\/div><\/div><\/div>","single_layout":"posts","amp_enabled":true,"_links":{"self":[{"href":"https:\/\/www.suno.com.br\/noticias\/wp-json\/wp\/v2\/posts\/104416"}],"collection":[{"href":"https:\/\/www.suno.com.br\/noticias\/wp-json\/wp\/v2\/posts"}],"about":[{"href":"https:\/\/www.suno.com.br\/noticias\/wp-json\/wp\/v2\/types\/post"}],"author":[{"embeddable":true,"href":"https:\/\/www.suno.com.br\/noticias\/wp-json\/wp\/v2\/users\/60"}],"replies":[{"embeddable":true,"href":"https:\/\/www.suno.com.br\/noticias\/wp-json\/wp\/v2\/comments?post=104416"}],"version-history":[{"count":0,"href":"https:\/\/www.suno.com.br\/noticias\/wp-json\/wp\/v2\/posts\/104416\/revisions"}],"wp:featuredmedia":[{"embeddable":true,"href":"https:\/\/www.suno.com.br\/noticias\/wp-json\/wp\/v2\/media\/51203"}],"wp:attachment":[{"href":"https:\/\/www.suno.com.br\/noticias\/wp-json\/wp\/v2\/media?parent=104416"}],"wp:term":[{"taxonomy":"category","embeddable":true,"href":"https:\/\/www.suno.com.br\/noticias\/wp-json\/wp\/v2\/categories?post=104416"},{"taxonomy":"post_tag","embeddable":true,"href":"https:\/\/www.suno.com.br\/noticias\/wp-json\/wp\/v2\/tags?post=104416"},{"taxonomy":"suno_strategy","embeddable":true,"href":"https:\/\/www.suno.com.br\/noticias\/wp-json\/wp\/v2\/suno_strategy?post=104416"}],"curies":[{"name":"wp","href":"https:\/\/api.w.org\/{rel}","templated":true}]}}