{"id":104334,"date":"2020-11-30T20:01:45","date_gmt":"2020-11-30T23:01:45","guid":{"rendered":"https:\/\/www.suno.com.br\/noticias\/?p=104334"},"modified":"2020-11-30T20:01:45","modified_gmt":"2020-11-30T23:01:45","slug":"omega-geracao-omge3-concluiu-aquisicao-complexo-chui-eletrobras","status":"publish","type":"post","link":"https:\/\/www.suno.com.br\/noticias\/omega-geracao-omge3-concluiu-aquisicao-complexo-chui-eletrobras\/","title":{"rendered":"\u00d4mega Gera\u00e7\u00e3o (OMGE3) conclui aquisi\u00e7\u00e3o do complexo Chu\u00ed da Eletrobras"},"content":{"rendered":"<p>A <a href=\"https:\/\/www.suno.com.br\/acoes\/omge3\/\"><strong>\u00d4mega <\/strong>Gera\u00e7\u00e3o (OMGE3)<\/a> informou nesta segunda-feira (30) que concluiu a aquisi\u00e7\u00e3o do Complexo Chu\u00ed, formado pelo Complexo Santa Vit\u00f3ria do Palmar e Complexo Hermenegildo, da <a href=\"https:\/\/www.suno.com.br\/acoes\/elet3\/\">Centrais El\u00e9tricas Brasileiras S.A. (ELET3)<\/a>.<\/p>\t<div class=\"wrapper-featured-image\">\n\t\t<figure class=\"spotlightImg\">\n\n\t\t\t<picture>\n\t\t\t\t<source media=\"(max-width: 768px)\" srcset=\"https:\/\/files.sunoresearch.com.br\/n\/uploads\/2020\/11\/2e2b20d0-omega-800x450-1-400x200.webp\">\n\t\t\t\t<img loading=\"lazy\" decoding=\"async\" class=\"newsContent__article__imgCapa lazyloadDisabled \" src=\"https:\/\/files.sunoresearch.com.br\/n\/uploads\/2020\/11\/2e2b20d0-omega-800x450-1-jpg.webp\" width=\"800\" height=\"450\" alt=\"\u00d4mega Gera\u00e7\u00e3o (OMGE3) conclui aquisi\u00e7\u00e3o do complexo Chu\u00ed da Eletrobras\" fetchpriority=high \/>\n\t\t\t<\/picture>\n\n\t\t\t<figcaption class=\"wp-caption-text wp-caption-text--show\">\u00d4mega Gera\u00e7\u00e3o (OMGE3) conclui aquisi\u00e7\u00e3o do complexo Chu\u00ed da Eletrobras<\/figcaption>\n\t\t<\/figure>\n\t<\/div>\n\n\n\t<p>\n\t\t<a href=\"https:\/\/lp.suno.com.br\/planilha-controle-gastos\/\" target=\"_blank\" data-element=\"shortcode-suno-banner\" title=\"Banner SUNO, clique e saiba mais\">\n\t\t\t<picture>\n\t\t\t\t<source media=\"(max-width: 500px)\" srcset=\"https:\/\/files.sunoresearch.com.br\/n\/uploads\/2023\/03\/400x300-Planilha-controle-de-gastos.png\">\n\t\t\t\t<img class=\"newsContent__article__imgCapa newsContent__article__imgCapa--banner\"\n\t\t\t\t\tsrc=\"https:\/\/files.sunoresearch.com.br\/n\/uploads\/2023\/03\/1420x240-Planilha-controle-de-gastos.png\"\n\t\t\t\t\tdata-promo-id=\"101751\"\t\t\t\t\t\t\t\t\t\twidth='1420' height='240'\t\t\t\t\talt=\"https:\/\/files.sunoresearch.com.br\/n\/uploads\/2023\/03\/1420x240-Planilha-controle-de-gastos.png\"\n\t\t\t\t>\n\t\t\t<\/picture>\n\t\t<\/a>\n\t<\/p>\n\n\n<p>Com a aquisi\u00e7\u00e3o da totalidade da participa\u00e7\u00e3o de 78% do Complexo Santa Vit\u00f3ria do Palmar e de 99,99% do Complexo Hermenegildo, a \u00d4mega realizou o pagamento de R$ 568,5 milh\u00f5es para a <strong>Eletrobras<\/strong> em 31 de dezembro de 2018, que atualizado at\u00e9 a presente data corresponde a um pagamento total de R$ 618,2 milh\u00f5es.<\/p>\n<p>Diante disso, a \u00d4mega &#8220;atingiu 1.777,7 MW de capacidade instalada, e o complexo no sul do Brasil passa a representar 33% de sua capacidade instalada. A nova capacidade instalada da Companhia \u00e9 596% superior aos 255,4 MW detidos em seu<a href=\"https:\/\/www.suno.com.br\/artigos\/ipo\/\"> IPO<\/a> em 2017&#8243;, informou a empresa por meio de fato relevante.<\/p>\n\t<p>\n\t\t<a href=\"https:\/\/lp.suno.com.br\/planilha-controle-gastos\/\" target=\"_blank\" data-element=\"shortcode-suno-banner\" title=\"Banner SUNO, clique e saiba mais\">\n\t\t\t<picture>\n\t\t\t\t<source media=\"(max-width: 500px)\" srcset=\"https:\/\/files.sunoresearch.com.br\/n\/uploads\/2023\/03\/400x300-Planilha-controle-de-gastos.png\">\n\t\t\t\t<img class=\"newsContent__article__imgCapa newsContent__article__imgCapa--banner\"\n\t\t\t\t\tsrc=\"https:\/\/files.sunoresearch.com.br\/n\/uploads\/2023\/03\/1420x240-Planilha-controle-de-gastos.png\"\n\t\t\t\t\tdata-promo-id=\"101751\"\t\t\t\t\t\t\t\t\t\twidth='1420' height='240'\t\t\t\t\talt=\"https:\/\/files.sunoresearch.com.br\/n\/uploads\/2023\/03\/1420x240-Planilha-controle-de-gastos.png\"\n\t\t\t\t>\n\t\t\t<\/picture>\n\t\t<\/a>\n\t<\/p>\n\n\n<h2>\u00d4mega Gera\u00e7\u00e3o tem lucro l\u00edquido de R$ 37,6 milh\u00f5es, alta de 19%<\/h2>\n<p>A <strong>\u00d4mega <\/strong>Gera\u00e7\u00e3o\u00a0teve um <a href=\"https:\/\/www.suno.com.br\/artigos\/lucro-liquido\/\">lucro l\u00edquido<\/a> de R$ 37,6 milh\u00f5es no terceiro trimestre de 2020, crescendo 19% na compara\u00e7\u00e3o com o mesmo per\u00edodo de 2019, quando o lucro foi de R$ 31,6 milh\u00f5es.<\/p>\n<p>A <a href=\"https:\/\/www.suno.com.br\/artigos\/o-que-receita-liquida\/\">receita l\u00edquida<\/a> cresceu 10% na compara\u00e7\u00e3o com a base anual, alcan\u00e7ando R$ 314,4 milh\u00f5es e o <a href=\"https:\/\/www.suno.com.br\/artigos\/ebitda\/\">EBITDA<\/a> chegou a R$ 203,3 milh\u00f5es, alta de 1% na mesma base e 88% maior do que no segundo trimestre de 2020. Segundo o relat\u00f3rio, a diferen\u00e7a entre o terceiro e o segundo trimestre se d\u00e1 por melhores condi\u00e7\u00f5es clim\u00e1ticas.<\/p>\n<p><a href=\"https:\/\/lp.suno.com.br\/suno-one\/\">Suno One: acesse gratuitamente eBooks, Minicursos, Artigos e Video Aulas sobre investimentos com um \u00fanico cadastro. Clique para saber mais!<\/a><\/p>\n<p>Nos ativos solares, tamb\u00e9m houve melhora de desempenho por conta da menor umidade na regi\u00e3o de Assuru\u00e1, com gera\u00e7\u00e3o potencial de 7 p.p acima do segundo trimestre de 2020, apesar de 3% abaixo da m\u00e9dia hist\u00f3rica.<\/p>\n<p>O desempenho do potencial solar e e\u00f3lico somados atingiram uma <strong>gera\u00e7\u00e3o<\/strong> de 1.359,8 GWh, o que compensou a queda de 29% no portf\u00f3lio h\u00eddrico na compara\u00e7\u00e3o com o segundo trimestre, causada tamb\u00e9m pela sazonalidade.<\/p>\n\t<div data-element=\"shortcode-read-more\" class=\"knowMore\">\n\t\t\t\t<span class=\"knowMore__title\">Veja Tamb\u00e9m<\/span>\n\t\t\t\t<a class=\"knowMore__link\" href=\"https:\/\/www.suno.com.br\/noticias\/omega-geracao-omge3-lucro-liquido-37-milhoes\/\">\n\t\t\t\u00d4mega Gera\u00e7\u00e3o (OMGE3) tem lucro l\u00edquido de R$ 37,6 milh\u00f5es, alta de 19%\t\t<\/a>\n\t<\/div>\n\n\n<p>No mercado de <strong>energia<\/strong>, o ano vem se mostrando favor\u00e1vel. A incid\u00eancia de chuvas foi levemente maior do que no ano passado e a redu\u00e7\u00e3o de consumo por conta da pandemia manteve os n\u00edveis dos reservat\u00f3rios elevados, o que diminui em 57,5% o pre\u00e7o spot na compara\u00e7\u00e3o com o mesmo per\u00edodo de 2019, diminuindo os custos.<\/p>\n<p>A <strong>\u00d4mega<\/strong> chama a aten\u00e7\u00e3o para o lan\u00e7amento da sua plataforma digital de venda energia \u201climpa\u201d, o SmartFlex, que transacionou R$ 78 milh\u00f5es e, em 22 dias de opera\u00e7\u00e3o, gerou 1.638 or\u00e7amentos.<\/p>\n\t<p>\n\t\t<a href=\"https:\/\/lp.suno.com.br\/planilha-controle-gastos\/\" target=\"_blank\" data-element=\"shortcode-suno-banner\" title=\"Banner SUNO, clique e saiba mais\">\n\t\t\t<picture>\n\t\t\t\t<source media=\"(max-width: 500px)\" srcset=\"https:\/\/files.sunoresearch.com.br\/n\/uploads\/2023\/03\/400x300-Planilha-controle-de-gastos.png\">\n\t\t\t\t<img class=\"newsContent__article__imgCapa newsContent__article__imgCapa--banner\"\n\t\t\t\t\tsrc=\"https:\/\/files.sunoresearch.com.br\/n\/uploads\/2023\/03\/1420x240-Planilha-controle-de-gastos.png\"\n\t\t\t\t\tdata-promo-id=\"101751\"\t\t\t\t\t\t\t\t\t\twidth='1420' height='240'\t\t\t\t\talt=\"https:\/\/files.sunoresearch.com.br\/n\/uploads\/2023\/03\/1420x240-Planilha-controle-de-gastos.png\"\n\t\t\t\t>\n\t\t\t<\/picture>\n\t\t<\/a>\n\t<\/p>\n\n\n<p>&nbsp;<\/p>\n","protected":false},"excerpt":{"rendered":"<p>A \u00d4mega Gera\u00e7\u00e3o (OMGE3) informou nesta segunda-feira (30) que concluiu a aquisi\u00e7\u00e3o do Complexo Chu\u00ed, formado pelo Complexo Santa Vit\u00f3ria do Palmar e Complexo Hermenegildo, da Centrais El\u00e9tricas Brasileiras S.A. (ELET3). \u00d4mega Gera\u00e7\u00e3o (OMGE3) conclui aquisi\u00e7\u00e3o do complexo Chu\u00ed da Eletrobras Com a aquisi\u00e7\u00e3o da totalidade da participa\u00e7\u00e3o de 78% do Complexo Santa Vit\u00f3ria do [&hellip;]<\/p>\n","protected":false},"author":56,"featured_media":104351,"comment_status":"closed","ping_status":"closed","sticky":false,"template":"","format":"standard","meta":[],"categories":[64],"tags":[455,585],"suno_strategy":[],"class_list":["post-104334","post","type-post","status-publish","format-standard","has-post-thumbnail","hentry","category-negocios","tag-eletrobras-elet3-elet5-elet6","tag-omega-geracao-omge3"],"yoast_head":"<!-- This site is optimized with the Yoast SEO plugin v24.4 - https:\/\/yoast.com\/wordpress\/plugins\/seo\/ -->\n<title>\u00d4mega Gera\u00e7\u00e3o conclui aquisi\u00e7\u00e3o do complexo Chu\u00ed da Eletrobras<\/title>\n<meta name=\"description\" content=\"Com isso, a \u00d4mega &quot;atingiu 1.777,7 MW de capacidade instalada&quot; informou a empresa ao mercado. Clique aqui para saber mais.\" \/>\n<meta name=\"robots\" content=\"index, follow, max-snippet:-1, max-image-preview:large, max-video-preview:-1\" \/>\n<link rel=\"canonical\" href=\"https:\/\/www.suno.com.br\/noticias\/omega-geracao-omge3-concluiu-aquisicao-complexo-chui-eletrobras\/\" \/>\n<meta property=\"og:locale\" content=\"pt_BR\" \/>\n<meta property=\"og:type\" content=\"article\" \/>\n<meta property=\"og:title\" content=\"\u00d4mega Gera\u00e7\u00e3o conclui aquisi\u00e7\u00e3o do complexo Chu\u00ed da Eletrobras\" \/>\n<meta property=\"og:description\" content=\"Com isso, a \u00d4mega &quot;atingiu 1.777,7 MW de capacidade instalada&quot; informou a empresa ao mercado. Clique aqui para saber mais.\" \/>\n<meta property=\"og:url\" content=\"https:\/\/www.suno.com.br\/noticias\/omega-geracao-omge3-concluiu-aquisicao-complexo-chui-eletrobras\/\" \/>\n<meta property=\"og:site_name\" content=\"Suno Not\u00edcias\" \/>\n<meta property=\"article:publisher\" content=\"https:\/\/facebook.com\/sunoresearch\" \/>\n<meta property=\"og:image\" content=\"https:\/\/files.sunoresearch.com.br\/n\/uploads\/2020\/11\/2e2b20d0-omega-800x450-1.jpg\" \/>\n\t<meta property=\"og:image:width\" content=\"800\" \/>\n\t<meta property=\"og:image:height\" content=\"450\" \/>\n\t<meta property=\"og:image:type\" content=\"image\/jpeg\" \/>\n<meta name=\"author\" content=\"Rafaela La Regina\" \/>\n<meta name=\"twitter:card\" content=\"summary_large_image\" \/>\n<meta name=\"twitter:creator\" content=\"@sunoresearch\" \/>\n<meta name=\"twitter:site\" content=\"@sunoresearch\" \/>\n<meta name=\"twitter:label1\" content=\"Escrito por\" \/>\n\t<meta name=\"twitter:data1\" content=\"Rafaela La Regina\" \/>\n\t<meta name=\"twitter:label2\" content=\"Est. tempo de leitura\" \/>\n\t<meta name=\"twitter:data2\" content=\"2 minutos\" \/>\n<script type=\"application\/ld+json\" class=\"yoast-schema-graph\">{\"@context\":\"https:\/\/schema.org\",\"@graph\":[{\"@type\":\"NewsArticle\",\"@id\":\"https:\/\/www.suno.com.br\/noticias\/omega-geracao-omge3-concluiu-aquisicao-complexo-chui-eletrobras\/#article\",\"isPartOf\":{\"@id\":\"https:\/\/www.suno.com.br\/noticias\/omega-geracao-omge3-concluiu-aquisicao-complexo-chui-eletrobras\/\"},\"author\":{\"name\":\"Rafaela La Regina\",\"@id\":\"https:\/\/www.suno.com.br\/noticias\/#\/schema\/person\/e672ca8cea627fe715fa29bca7da95e0\"},\"headline\":\"\u00d4mega Gera\u00e7\u00e3o (OMGE3) conclui aquisi\u00e7\u00e3o do complexo Chu\u00ed da Eletrobras\",\"datePublished\":\"2020-11-30T23:01:45+00:00\",\"mainEntityOfPage\":{\"@id\":\"https:\/\/www.suno.com.br\/noticias\/omega-geracao-omge3-concluiu-aquisicao-complexo-chui-eletrobras\/\"},\"wordCount\":464,\"publisher\":{\"@id\":\"https:\/\/www.suno.com.br\/noticias\/#organization\"},\"image\":{\"@id\":\"https:\/\/www.suno.com.br\/noticias\/omega-geracao-omge3-concluiu-aquisicao-complexo-chui-eletrobras\/#primaryimage\"},\"thumbnailUrl\":\"https:\/\/files.sunoresearch.com.br\/n\/uploads\/2020\/11\/2e2b20d0-omega-800x450-1-jpg.webp\",\"keywords\":[\"Eletrobras (ELET3\/ELET5\/ELET6)\",\"Omega Gera\u00e7\u00e3o (OMGE3)\"],\"articleSection\":[\"Neg\u00f3cios\"],\"inLanguage\":\"pt-BR\"},{\"@type\":\"WebPage\",\"@id\":\"https:\/\/www.suno.com.br\/noticias\/omega-geracao-omge3-concluiu-aquisicao-complexo-chui-eletrobras\/\",\"url\":\"https:\/\/www.suno.com.br\/noticias\/omega-geracao-omge3-concluiu-aquisicao-complexo-chui-eletrobras\/\",\"name\":\"\u00d4mega Gera\u00e7\u00e3o conclui aquisi\u00e7\u00e3o do complexo Chu\u00ed da Eletrobras\",\"isPartOf\":{\"@id\":\"https:\/\/www.suno.com.br\/noticias\/#website\"},\"primaryImageOfPage\":{\"@id\":\"https:\/\/www.suno.com.br\/noticias\/omega-geracao-omge3-concluiu-aquisicao-complexo-chui-eletrobras\/#primaryimage\"},\"image\":{\"@id\":\"https:\/\/www.suno.com.br\/noticias\/omega-geracao-omge3-concluiu-aquisicao-complexo-chui-eletrobras\/#primaryimage\"},\"thumbnailUrl\":\"https:\/\/files.sunoresearch.com.br\/n\/uploads\/2020\/11\/2e2b20d0-omega-800x450-1-jpg.webp\",\"datePublished\":\"2020-11-30T23:01:45+00:00\",\"description\":\"Com isso, a \u00d4mega \\\"atingiu 1.777,7 MW de capacidade instalada\\\" informou a empresa ao mercado. Clique aqui para saber mais.\",\"breadcrumb\":{\"@id\":\"https:\/\/www.suno.com.br\/noticias\/omega-geracao-omge3-concluiu-aquisicao-complexo-chui-eletrobras\/#breadcrumb\"},\"inLanguage\":\"pt-BR\",\"potentialAction\":[{\"@type\":\"ReadAction\",\"target\":[\"https:\/\/www.suno.com.br\/noticias\/omega-geracao-omge3-concluiu-aquisicao-complexo-chui-eletrobras\/\"]}]},{\"@type\":\"ImageObject\",\"inLanguage\":\"pt-BR\",\"@id\":\"https:\/\/www.suno.com.br\/noticias\/omega-geracao-omge3-concluiu-aquisicao-complexo-chui-eletrobras\/#primaryimage\",\"url\":\"https:\/\/files.sunoresearch.com.br\/n\/uploads\/2020\/11\/2e2b20d0-omega-800x450-1-jpg.webp\",\"contentUrl\":\"https:\/\/files.sunoresearch.com.br\/n\/uploads\/2020\/11\/2e2b20d0-omega-800x450-1-jpg.webp\",\"width\":800,\"height\":450,\"caption\":\"\u00d4mega Gera\u00e7\u00e3o (OMGE3) conclui aquisi\u00e7\u00e3o do complexo Chu\u00ed da Eletrobras\"},{\"@type\":\"BreadcrumbList\",\"@id\":\"https:\/\/www.suno.com.br\/noticias\/omega-geracao-omge3-concluiu-aquisicao-complexo-chui-eletrobras\/#breadcrumb\",\"itemListElement\":[{\"@type\":\"ListItem\",\"position\":1,\"name\":\"Not\u00edcias\",\"item\":\"https:\/\/www.suno.com.br\/noticias\/\"},{\"@type\":\"ListItem\",\"position\":2,\"name\":\"Neg\u00f3cios\",\"item\":\"https:\/\/www.suno.com.br\/noticias\/negocios\/\"},{\"@type\":\"ListItem\",\"position\":3,\"name\":\"\u00d4mega Gera\u00e7\u00e3o (OMGE3) conclui aquisi\u00e7\u00e3o do complexo Chu\u00ed da Eletrobras\"}]},{\"@type\":\"WebSite\",\"@id\":\"https:\/\/www.suno.com.br\/noticias\/#website\",\"url\":\"https:\/\/www.suno.com.br\/noticias\/\",\"name\":\"Suno Not\u00edcias\",\"description\":\"Seu portal de informa\u00e7\u00e3o sobre o mundo dos investimentos\",\"publisher\":{\"@id\":\"https:\/\/www.suno.com.br\/noticias\/#organization\"},\"potentialAction\":[{\"@type\":\"SearchAction\",\"target\":{\"@type\":\"EntryPoint\",\"urlTemplate\":\"https:\/\/www.suno.com.br\/noticias\/?s={search_term_string}\"},\"query-input\":{\"@type\":\"PropertyValueSpecification\",\"valueRequired\":true,\"valueName\":\"search_term_string\"}}],\"inLanguage\":\"pt-BR\"},{\"@type\":\"Organization\",\"@id\":\"https:\/\/www.suno.com.br\/noticias\/#organization\",\"name\":\"Suno Not\u00edcias\",\"url\":\"https:\/\/www.suno.com.br\/noticias\/\",\"logo\":{\"@type\":\"ImageObject\",\"inLanguage\":\"pt-BR\",\"@id\":\"https:\/\/www.suno.com.br\/noticias\/#\/schema\/logo\/image\/\",\"url\":\"https:\/\/files.sunoresearch.com.br\/n\/uploads\/2021\/09\/suno-logo.png\",\"contentUrl\":\"https:\/\/files.sunoresearch.com.br\/n\/uploads\/2021\/09\/suno-logo.png\",\"width\":180,\"height\":180,\"caption\":\"Suno Not\u00edcias\"},\"image\":{\"@id\":\"https:\/\/www.suno.com.br\/noticias\/#\/schema\/logo\/image\/\"},\"sameAs\":[\"https:\/\/facebook.com\/sunoresearch\",\"https:\/\/x.com\/sunoresearch\",\"https:\/\/www.instagram.com\/suno\",\"https:\/\/www.linkedin.com\/company\/suno-research\/\",\"https:\/\/www.youtube.com\/c\/sunoresearch\"]},{\"@type\":\"Person\",\"@id\":\"https:\/\/www.suno.com.br\/noticias\/#\/schema\/person\/e672ca8cea627fe715fa29bca7da95e0\",\"name\":\"Rafaela La Regina\",\"image\":{\"@type\":\"ImageObject\",\"inLanguage\":\"pt-BR\",\"@id\":\"https:\/\/www.suno.com.br\/noticias\/#\/schema\/person\/image\/\",\"url\":\"https:\/\/secure.gravatar.com\/avatar\/d2c75a52d243deb93d0465fdcb21bd37?s=96&r=g\",\"contentUrl\":\"https:\/\/secure.gravatar.com\/avatar\/d2c75a52d243deb93d0465fdcb21bd37?s=96&r=g\",\"caption\":\"Rafaela La Regina\"},\"description\":\"Estagi\u00e1ria no Suno Not\u00edcias. Escreve sobre economia, pol\u00edtica e neg\u00f3cios. Estuda Rela\u00e7\u00f5es Internacionais no IBMEC-SP.\",\"url\":\"https:\/\/www.suno.com.br\/noticias\/author\/rafaela-la-regina\/\"}]}<\/script>\n<!-- \/ Yoast SEO plugin. -->","yoast_head_json":{"title":"\u00d4mega Gera\u00e7\u00e3o conclui aquisi\u00e7\u00e3o do complexo Chu\u00ed da Eletrobras","description":"Com isso, a \u00d4mega \"atingiu 1.777,7 MW de capacidade instalada\" informou a empresa ao mercado. Clique aqui para saber mais.","robots":{"index":"index","follow":"follow","max-snippet":"max-snippet:-1","max-image-preview":"max-image-preview:large","max-video-preview":"max-video-preview:-1"},"canonical":"https:\/\/www.suno.com.br\/noticias\/omega-geracao-omge3-concluiu-aquisicao-complexo-chui-eletrobras\/","og_locale":"pt_BR","og_type":"article","og_title":"\u00d4mega Gera\u00e7\u00e3o conclui aquisi\u00e7\u00e3o do complexo Chu\u00ed da Eletrobras","og_description":"Com isso, a \u00d4mega \"atingiu 1.777,7 MW de capacidade instalada\" informou a empresa ao mercado. Clique aqui para saber mais.","og_url":"https:\/\/www.suno.com.br\/noticias\/omega-geracao-omge3-concluiu-aquisicao-complexo-chui-eletrobras\/","og_site_name":"Suno Not\u00edcias","article_publisher":"https:\/\/facebook.com\/sunoresearch","og_image":[{"width":800,"height":450,"url":"https:\/\/files.sunoresearch.com.br\/n\/uploads\/2020\/11\/2e2b20d0-omega-800x450-1.jpg","type":"image\/jpeg"}],"author":"Rafaela La Regina","twitter_card":"summary_large_image","twitter_creator":"@sunoresearch","twitter_site":"@sunoresearch","twitter_misc":{"Escrito por":"Rafaela La Regina","Est. tempo de leitura":"2 minutos"},"schema":{"@context":"https:\/\/schema.org","@graph":[{"@type":"NewsArticle","@id":"https:\/\/www.suno.com.br\/noticias\/omega-geracao-omge3-concluiu-aquisicao-complexo-chui-eletrobras\/#article","isPartOf":{"@id":"https:\/\/www.suno.com.br\/noticias\/omega-geracao-omge3-concluiu-aquisicao-complexo-chui-eletrobras\/"},"author":{"name":"Rafaela La Regina","@id":"https:\/\/www.suno.com.br\/noticias\/#\/schema\/person\/e672ca8cea627fe715fa29bca7da95e0"},"headline":"\u00d4mega Gera\u00e7\u00e3o (OMGE3) conclui aquisi\u00e7\u00e3o do complexo Chu\u00ed da Eletrobras","datePublished":"2020-11-30T23:01:45+00:00","mainEntityOfPage":{"@id":"https:\/\/www.suno.com.br\/noticias\/omega-geracao-omge3-concluiu-aquisicao-complexo-chui-eletrobras\/"},"wordCount":464,"publisher":{"@id":"https:\/\/www.suno.com.br\/noticias\/#organization"},"image":{"@id":"https:\/\/www.suno.com.br\/noticias\/omega-geracao-omge3-concluiu-aquisicao-complexo-chui-eletrobras\/#primaryimage"},"thumbnailUrl":"https:\/\/files.sunoresearch.com.br\/n\/uploads\/2020\/11\/2e2b20d0-omega-800x450-1-jpg.webp","keywords":["Eletrobras (ELET3\/ELET5\/ELET6)","Omega Gera\u00e7\u00e3o (OMGE3)"],"articleSection":["Neg\u00f3cios"],"inLanguage":"pt-BR"},{"@type":"WebPage","@id":"https:\/\/www.suno.com.br\/noticias\/omega-geracao-omge3-concluiu-aquisicao-complexo-chui-eletrobras\/","url":"https:\/\/www.suno.com.br\/noticias\/omega-geracao-omge3-concluiu-aquisicao-complexo-chui-eletrobras\/","name":"\u00d4mega Gera\u00e7\u00e3o conclui aquisi\u00e7\u00e3o do complexo Chu\u00ed da Eletrobras","isPartOf":{"@id":"https:\/\/www.suno.com.br\/noticias\/#website"},"primaryImageOfPage":{"@id":"https:\/\/www.suno.com.br\/noticias\/omega-geracao-omge3-concluiu-aquisicao-complexo-chui-eletrobras\/#primaryimage"},"image":{"@id":"https:\/\/www.suno.com.br\/noticias\/omega-geracao-omge3-concluiu-aquisicao-complexo-chui-eletrobras\/#primaryimage"},"thumbnailUrl":"https:\/\/files.sunoresearch.com.br\/n\/uploads\/2020\/11\/2e2b20d0-omega-800x450-1-jpg.webp","datePublished":"2020-11-30T23:01:45+00:00","description":"Com isso, a \u00d4mega \"atingiu 1.777,7 MW de capacidade instalada\" informou a empresa ao mercado. Clique aqui para saber mais.","breadcrumb":{"@id":"https:\/\/www.suno.com.br\/noticias\/omega-geracao-omge3-concluiu-aquisicao-complexo-chui-eletrobras\/#breadcrumb"},"inLanguage":"pt-BR","potentialAction":[{"@type":"ReadAction","target":["https:\/\/www.suno.com.br\/noticias\/omega-geracao-omge3-concluiu-aquisicao-complexo-chui-eletrobras\/"]}]},{"@type":"ImageObject","inLanguage":"pt-BR","@id":"https:\/\/www.suno.com.br\/noticias\/omega-geracao-omge3-concluiu-aquisicao-complexo-chui-eletrobras\/#primaryimage","url":"https:\/\/files.sunoresearch.com.br\/n\/uploads\/2020\/11\/2e2b20d0-omega-800x450-1-jpg.webp","contentUrl":"https:\/\/files.sunoresearch.com.br\/n\/uploads\/2020\/11\/2e2b20d0-omega-800x450-1-jpg.webp","width":800,"height":450,"caption":"\u00d4mega Gera\u00e7\u00e3o (OMGE3) conclui aquisi\u00e7\u00e3o do complexo Chu\u00ed da Eletrobras"},{"@type":"BreadcrumbList","@id":"https:\/\/www.suno.com.br\/noticias\/omega-geracao-omge3-concluiu-aquisicao-complexo-chui-eletrobras\/#breadcrumb","itemListElement":[{"@type":"ListItem","position":1,"name":"Not\u00edcias","item":"https:\/\/www.suno.com.br\/noticias\/"},{"@type":"ListItem","position":2,"name":"Neg\u00f3cios","item":"https:\/\/www.suno.com.br\/noticias\/negocios\/"},{"@type":"ListItem","position":3,"name":"\u00d4mega Gera\u00e7\u00e3o (OMGE3) conclui aquisi\u00e7\u00e3o do complexo Chu\u00ed da Eletrobras"}]},{"@type":"WebSite","@id":"https:\/\/www.suno.com.br\/noticias\/#website","url":"https:\/\/www.suno.com.br\/noticias\/","name":"Suno Not\u00edcias","description":"Seu portal de informa\u00e7\u00e3o sobre o mundo dos investimentos","publisher":{"@id":"https:\/\/www.suno.com.br\/noticias\/#organization"},"potentialAction":[{"@type":"SearchAction","target":{"@type":"EntryPoint","urlTemplate":"https:\/\/www.suno.com.br\/noticias\/?s={search_term_string}"},"query-input":{"@type":"PropertyValueSpecification","valueRequired":true,"valueName":"search_term_string"}}],"inLanguage":"pt-BR"},{"@type":"Organization","@id":"https:\/\/www.suno.com.br\/noticias\/#organization","name":"Suno Not\u00edcias","url":"https:\/\/www.suno.com.br\/noticias\/","logo":{"@type":"ImageObject","inLanguage":"pt-BR","@id":"https:\/\/www.suno.com.br\/noticias\/#\/schema\/logo\/image\/","url":"https:\/\/files.sunoresearch.com.br\/n\/uploads\/2021\/09\/suno-logo.png","contentUrl":"https:\/\/files.sunoresearch.com.br\/n\/uploads\/2021\/09\/suno-logo.png","width":180,"height":180,"caption":"Suno Not\u00edcias"},"image":{"@id":"https:\/\/www.suno.com.br\/noticias\/#\/schema\/logo\/image\/"},"sameAs":["https:\/\/facebook.com\/sunoresearch","https:\/\/x.com\/sunoresearch","https:\/\/www.instagram.com\/suno","https:\/\/www.linkedin.com\/company\/suno-research\/","https:\/\/www.youtube.com\/c\/sunoresearch"]},{"@type":"Person","@id":"https:\/\/www.suno.com.br\/noticias\/#\/schema\/person\/e672ca8cea627fe715fa29bca7da95e0","name":"Rafaela La Regina","image":{"@type":"ImageObject","inLanguage":"pt-BR","@id":"https:\/\/www.suno.com.br\/noticias\/#\/schema\/person\/image\/","url":"https:\/\/secure.gravatar.com\/avatar\/d2c75a52d243deb93d0465fdcb21bd37?s=96&r=g","contentUrl":"https:\/\/secure.gravatar.com\/avatar\/d2c75a52d243deb93d0465fdcb21bd37?s=96&r=g","caption":"Rafaela La Regina"},"description":"Estagi\u00e1ria no Suno Not\u00edcias. Escreve sobre economia, pol\u00edtica e neg\u00f3cios. Estuda Rela\u00e7\u00f5es Internacionais no IBMEC-SP.","url":"https:\/\/www.suno.com.br\/noticias\/author\/rafaela-la-regina\/"}]}},"default_loop_html":"<div class=\"cardsPage__listCard__boxs\"><div class=\"cardsPage__listCard__boxs__img\"><a href=\"https:\/\/www.suno.com.br\/noticias\/omega-geracao-omge3-concluiu-aquisicao-complexo-chui-eletrobras\/\"><img class=\"mask\" src=\"https:\/\/www.suno.com.br\/noticias\/wp-content\/themes\/suno\/resources\/images\/spotlight\/spotlight1img\/bg-mask.png\" alt=\"Image Mask\"\/><img src=\"https:\/\/files.sunoresearch.com.br\/n\/uploads\/2020\/11\/2e2b20d0-omega-800x450-1-400x200.webp\" alt=\"\u00d4mega Gera\u00e7\u00e3o (OMGE3) conclui aquisi\u00e7\u00e3o do complexo Chu\u00ed da Eletrobras\"\/><\/a><span class=\"spotlightCategory\"><a href=\"https:\/\/www.suno.com.br\/noticias\/negocios\/\">Neg\u00f3cios<\/a><\/span><\/div><div class=\"cardsPage__listCard__boxs__content\"><a href=\"https:\/\/www.suno.com.br\/noticias\/omega-geracao-omge3-concluiu-aquisicao-complexo-chui-eletrobras\/\"><h2 class=\"content__title\">\u00d4mega Gera\u00e7\u00e3o (OMGE3) conclui aquisi\u00e7\u00e3o do complexo Chu\u00ed da Eletrobras<\/h2><\/a><div class=\"newsContent__article__meta\"><div class=\"newsContent__article__meta__authorBox\"><a href=\"https:\/\/www.suno.com.br\/noticias\/author\/rafaela-la-regina\/\" class=\"authorBox__avatar noMobi\"><img src=\"https:\/\/secure.gravatar.com\/avatar\/d2c75a52d243deb93d0465fdcb21bd37?s=96&#038;r=g\" alt=\"Rafaela La Regina\"><\/a><div class=\"authorBox__name\"><span>por\n\t\t\t<a href=\"https:\/\/www.suno.com.br\/noticias\/author\/rafaela-la-regina\/\"><span itemprop=\"author\">Rafaela La Regina<\/span><\/a><\/span><time datetime=\"2020-11-30T20:01:45-03:00\" itemprop=\"datePublished\">30\/11\/2020 20:01<\/time><\/div><\/div><\/div><\/div><\/div>","single_layout":"posts","amp_enabled":true,"_links":{"self":[{"href":"https:\/\/www.suno.com.br\/noticias\/wp-json\/wp\/v2\/posts\/104334"}],"collection":[{"href":"https:\/\/www.suno.com.br\/noticias\/wp-json\/wp\/v2\/posts"}],"about":[{"href":"https:\/\/www.suno.com.br\/noticias\/wp-json\/wp\/v2\/types\/post"}],"author":[{"embeddable":true,"href":"https:\/\/www.suno.com.br\/noticias\/wp-json\/wp\/v2\/users\/56"}],"replies":[{"embeddable":true,"href":"https:\/\/www.suno.com.br\/noticias\/wp-json\/wp\/v2\/comments?post=104334"}],"version-history":[{"count":0,"href":"https:\/\/www.suno.com.br\/noticias\/wp-json\/wp\/v2\/posts\/104334\/revisions"}],"wp:featuredmedia":[{"embeddable":true,"href":"https:\/\/www.suno.com.br\/noticias\/wp-json\/wp\/v2\/media\/104351"}],"wp:attachment":[{"href":"https:\/\/www.suno.com.br\/noticias\/wp-json\/wp\/v2\/media?parent=104334"}],"wp:term":[{"taxonomy":"category","embeddable":true,"href":"https:\/\/www.suno.com.br\/noticias\/wp-json\/wp\/v2\/categories?post=104334"},{"taxonomy":"post_tag","embeddable":true,"href":"https:\/\/www.suno.com.br\/noticias\/wp-json\/wp\/v2\/tags?post=104334"},{"taxonomy":"suno_strategy","embeddable":true,"href":"https:\/\/www.suno.com.br\/noticias\/wp-json\/wp\/v2\/suno_strategy?post=104334"}],"curies":[{"name":"wp","href":"https:\/\/api.w.org\/{rel}","templated":true}]}}