{"id":104149,"date":"2020-11-30T11:49:43","date_gmt":"2020-11-30T14:49:43","guid":{"rendered":"https:\/\/www.suno.com.br\/noticias\/?p=104149"},"modified":"2021-06-13T23:29:09","modified_gmt":"2021-06-14T02:29:09","slug":"moderna-aprovacao-emergencial-vacina-covid-19","status":"publish","type":"post","link":"https:\/\/www.suno.com.br\/noticias\/moderna-aprovacao-emergencial-vacina-covid-19\/","title":{"rendered":"Moderna solicitar\u00e1 aprova\u00e7\u00e3o emergencial de sua vacina contra Covid-19"},"content":{"rendered":"<p>A <strong>Moderna<\/strong> (<a href=\"https:\/\/www.suno.com.br\/artigos\/nasdaq\/\">NASDAQ<\/a>: MRNA) informou, nesta segunda-feira (30), que solicitar\u00e1 aos reguladores de sa\u00fade norte-americanos e europeus que autorizem de forma emergencial sua vacina contra o <a href=\"https:\/\/www.suno.com.br\/noticias\/?s=coronav%C3%ADrus\">novo coronav\u00edrus (Covid-19)<\/a>.<\/p>\t<div class=\"wrapper-featured-image\">\n\t\t<figure class=\"spotlightImg\">\n\n\t\t\t<picture>\n\t\t\t\t<source media=\"(max-width: 768px)\" srcset=\"https:\/\/files.sunoresearch.com.br\/n\/uploads\/2020\/11\/7194e483-reuters-vacina-covid-19-1500-02112020122601673-400x200.webp\">\n\t\t\t\t<img loading=\"lazy\" decoding=\"async\" class=\"newsContent__article__imgCapa lazyloadDisabled \" src=\"https:\/\/files.sunoresearch.com.br\/n\/uploads\/2020\/11\/7194e483-reuters-vacina-covid-19-1500-02112020122601673-800x450.webp\" width=\"800\" height=\"450\" alt=\"Moderna solicitar\u00e1 aprova\u00e7\u00e3o emergencial de sua vacina contra Covid-19\" fetchpriority=high \/>\n\t\t\t<\/picture>\n\n\t\t\t<figcaption class=\"wp-caption-text wp-caption-text--show\">A Moderna informou que solicitar\u00e1 aos reguladores de sa\u00fade que autorizem de forma emergencial sua vacina contra o coronav\u00edrus.<\/figcaption>\n\t\t<\/figure>\n\t<\/div>\n\n\n\t<p>\n\t\t<a href=\"https:\/\/lp.suno.com.br\/planilha-controle-gastos\/\" target=\"_blank\" data-element=\"shortcode-suno-banner\" title=\"Banner SUNO, clique e saiba mais\">\n\t\t\t<picture>\n\t\t\t\t<source media=\"(max-width: 500px)\" srcset=\"https:\/\/files.sunoresearch.com.br\/n\/uploads\/2023\/03\/400x300-Planilha-controle-de-gastos.png\">\n\t\t\t\t<img class=\"newsContent__article__imgCapa newsContent__article__imgCapa--banner\"\n\t\t\t\t\tsrc=\"https:\/\/files.sunoresearch.com.br\/n\/uploads\/2023\/03\/1420x240-Planilha-controle-de-gastos.png\"\n\t\t\t\t\tdata-promo-id=\"101751\"\t\t\t\t\t\t\t\t\t\twidth='1420' height='240'\t\t\t\t\talt=\"https:\/\/files.sunoresearch.com.br\/n\/uploads\/2023\/03\/1420x240-Planilha-controle-de-gastos.png\"\n\t\t\t\t>\n\t\t\t<\/picture>\n\t\t<\/a>\n\t<\/p>\n\n\n<p>Dessa forma, a <strong>vacina da Moderna<\/strong> pode ser a segunda a entrar em uso nos Estados Unidos ainda em 2020, j\u00e1 que o medicamento da <strong>Pfizer<\/strong> e da <strong>BioNTech<\/strong> j\u00e1 est\u00e1 sob supervis\u00e3o governamental. Caso as autoriza\u00e7\u00f5es ocorram, \u00e9 esperado que o p\u00fablico em geral tenha acesso \u00e0s vacinas durante o primeiro semestre do ano que vem.<\/p>\n<p>Nos estudos da Moderna, foram contabilizados 30 mil volunt\u00e1rios, ao passo que 196, ou 0,65%, foram contaminados pelo coronav\u00edrus ap\u00f3s receberam a vacina ou placebo. Desses, 185 haviam tomado placebo, enquanto apenas 11 haviam recebido a <strong>vacina<\/strong> efetivamente &#8212; demonstrando que, de fato, ela pode oferecer prote\u00e7\u00e3o contra a doen\u00e7a.<\/p>\n\t<p>\n\t\t<a href=\"https:\/\/lp.suno.com.br\/planilha-controle-gastos\/\" target=\"_blank\" data-element=\"shortcode-suno-banner\" title=\"Banner SUNO, clique e saiba mais\">\n\t\t\t<picture>\n\t\t\t\t<source media=\"(max-width: 500px)\" srcset=\"https:\/\/files.sunoresearch.com.br\/n\/uploads\/2023\/03\/400x300-Planilha-controle-de-gastos.png\">\n\t\t\t\t<img class=\"newsContent__article__imgCapa newsContent__article__imgCapa--banner\"\n\t\t\t\t\tsrc=\"https:\/\/files.sunoresearch.com.br\/n\/uploads\/2023\/03\/1420x240-Planilha-controle-de-gastos.png\"\n\t\t\t\t\tdata-promo-id=\"101751\"\t\t\t\t\t\t\t\t\t\twidth='1420' height='240'\t\t\t\t\talt=\"https:\/\/files.sunoresearch.com.br\/n\/uploads\/2023\/03\/1420x240-Planilha-controle-de-gastos.png\"\n\t\t\t\t>\n\t\t\t<\/picture>\n\t\t<\/a>\n\t<\/p>\n\n\n<p>\u201cEu acho que esta vacina vai realmente mudar o jogo para a pandemia\u201d, afirmou o presidente-executivo da Moderna, St\u00e9phane Bancel, em uma entrevista. \u201cAchamos que pode realmente prevenir doen\u00e7as graves.\u201d<\/p>\n<h2>Vacina da Moderna apresenta efic\u00e1cia de 94,5%<\/h2>\n<p><a href=\"https:\/\/www.suno.com.br\/noticias\/vacina-covid-19-coronavirus-moderna-eficacia-94-5\/\">H\u00e1 duas semanas<\/a>, a Moderna relatou que seus resultados preliminares da Fase 3 para a vacina demonstravam uma efic\u00e1cia de 94,5%. O progresso apresentado pelas empresas envolvidas no processo de cria\u00e7\u00e3o das vacinas \u00e9 consideravelmente r\u00e1pido, realizando em meses o que normalmente dura uma d\u00e9cada.<\/p>\n\t<div data-element=\"shortcode-read-more\" class=\"knowMore\">\n\t\t\t\t<span class=\"knowMore__title\">Veja tamb\u00e9m<\/span>\n\t\t\t\t<a class=\"knowMore__link\" href=\"https:\/\/www.suno.com.br\/noticias\/reino-unido-aprovar-vacina-da-pfizer\/\">\n\t\t\tReino Unido deve aprovar vacina da Pfizer em poucos dias\t\t<\/a>\n\t<\/div>\n\n\n<p>\u201cEsta an\u00e1lise prim\u00e1ria positiva confirma a capacidade da nossa vacina de prevenir a Covid-19 com 94,1% de efic\u00e1cia e, mais importante, a capacidade de prevenir a <strong>Covid-19<\/strong> grave. Acreditamos que nossa vacina fornecer\u00e1 uma ferramenta nova e poderosa que pode mudar o curso desta pandemia e ajudar a prevenir doen\u00e7as graves, hospitaliza\u00e7\u00f5es e morte \u201d, disse Bancel na divulga\u00e7\u00e3o dos resultados.<\/p>\n<p>&#8220;A an\u00e1lise preliminar sugere um perfil de seguran\u00e7a e efic\u00e1cia amplamente consistente em todos os subgrupos avaliados&#8221;, informou um trecho do comunicado da empresa. De acordo com a <strong>Moderna<\/strong>, seu potencial imunizante para o coronav\u00edrus tem uma vida \u00fatil de 30 dias mesmo se for mantido em geladeiras convencionais.<\/p>\n\t<p>\n\t\t<a href=\"https:\/\/lp.suno.com.br\/planilha-de-controle-de-investimentos\/\" target=\"_blank\" data-element=\"shortcode-suno-banner\" title=\"Banner SUNO, clique e saiba mais\">\n\t\t\t<picture>\n\t\t\t\t<source media=\"(max-width: 500px)\" srcset=\"https:\/\/files.sunoresearch.com.br\/n\/uploads\/2023\/03\/400x300-Controle-de-Investimentos.png\">\n\t\t\t\t<img class=\"newsContent__article__imgCapa newsContent__article__imgCapa--banner\"\n\t\t\t\t\tsrc=\"https:\/\/files.sunoresearch.com.br\/n\/uploads\/2023\/03\/1420x240-Controle-de-Investimentos.png\"\n\t\t\t\t\tdata-promo-id=\"75934\"\t\t\t\t\t\t\t\t\t\twidth='1420' height='240'\t\t\t\t\talt=\"https:\/\/files.sunoresearch.com.br\/n\/uploads\/2023\/03\/1420x240-Controle-de-Investimentos.png\"\n\t\t\t\t>\n\t\t\t<\/picture>\n\t\t<\/a>\n\t<\/p>\n\n\n","protected":false},"excerpt":{"rendered":"<p>A Moderna (NASDAQ: MRNA) informou, nesta segunda-feira (30), que solicitar\u00e1 aos reguladores de sa\u00fade norte-americanos e europeus que autorizem de forma emergencial sua vacina contra o novo coronav\u00edrus (Covid-19). A Moderna informou que solicitar\u00e1 aos reguladores de sa\u00fade que autorizem de forma emergencial sua vacina contra o coronav\u00edrus. Dessa forma, a vacina da Moderna pode [&hellip;]<\/p>\n","protected":false},"author":24,"featured_media":104150,"comment_status":"closed","ping_status":"closed","sticky":false,"template":"","format":"standard","meta":[],"categories":[63],"tags":[2487,5255,793,36602,25002],"suno_strategy":[],"class_list":["post-104149","post","type-post","status-publish","format-standard","has-post-thumbnail","hentry","category-internacional","tag-coronavirus","tag-covid-19","tag-estados-unidos-eua","tag-moderna","tag-vacina"],"yoast_head":"<!-- This site is optimized with the Yoast SEO plugin v24.4 - https:\/\/yoast.com\/wordpress\/plugins\/seo\/ -->\n<title>Moderna solicitar\u00e1 aprova\u00e7\u00e3o emergencial de sua vacina contra Covid-19<\/title>\n<meta name=\"description\" content=\"A Moderna informou que solicitar\u00e1 aos reguladores de sa\u00fade que autorizem de forma emergencial sua vacina contra o coronav\u00edrus. Saiba mais.\" \/>\n<meta name=\"robots\" content=\"index, follow, max-snippet:-1, max-image-preview:large, max-video-preview:-1\" \/>\n<link rel=\"canonical\" href=\"https:\/\/www.suno.com.br\/noticias\/moderna-aprovacao-emergencial-vacina-covid-19\/\" \/>\n<meta property=\"og:locale\" content=\"pt_BR\" \/>\n<meta property=\"og:type\" content=\"article\" \/>\n<meta property=\"og:title\" content=\"Moderna solicitar\u00e1 aprova\u00e7\u00e3o emergencial de sua vacina contra Covid-19\" \/>\n<meta property=\"og:description\" content=\"A Moderna informou que solicitar\u00e1 aos reguladores de sa\u00fade que autorizem de forma emergencial sua vacina contra o coronav\u00edrus. Saiba mais.\" \/>\n<meta property=\"og:url\" content=\"https:\/\/www.suno.com.br\/noticias\/moderna-aprovacao-emergencial-vacina-covid-19\/\" \/>\n<meta property=\"og:site_name\" content=\"Suno Not\u00edcias\" \/>\n<meta property=\"article:publisher\" content=\"https:\/\/facebook.com\/sunoresearch\" \/>\n<meta property=\"og:image\" content=\"https:\/\/files.sunoresearch.com.br\/n\/uploads\/2020\/11\/7194e483-reuters-vacina-covid-19-1500-02112020122601673.jpeg\" \/>\n\t<meta property=\"og:image:width\" content=\"1234\" \/>\n\t<meta property=\"og:image:height\" content=\"810\" \/>\n\t<meta property=\"og:image:type\" content=\"image\/jpeg\" \/>\n<meta name=\"author\" content=\"Jader Lazarini\" \/>\n<meta name=\"twitter:card\" content=\"summary_large_image\" \/>\n<meta name=\"twitter:creator\" content=\"@sunoresearch\" \/>\n<meta name=\"twitter:site\" content=\"@sunoresearch\" \/>\n<meta name=\"twitter:label1\" content=\"Escrito por\" \/>\n\t<meta name=\"twitter:data1\" content=\"Jader Lazarini\" \/>\n\t<meta name=\"twitter:label2\" content=\"Est. tempo de leitura\" \/>\n\t<meta name=\"twitter:data2\" content=\"2 minutos\" \/>\n<script type=\"application\/ld+json\" class=\"yoast-schema-graph\">{\"@context\":\"https:\/\/schema.org\",\"@graph\":[{\"@type\":\"NewsArticle\",\"@id\":\"https:\/\/www.suno.com.br\/noticias\/moderna-aprovacao-emergencial-vacina-covid-19\/#article\",\"isPartOf\":{\"@id\":\"https:\/\/www.suno.com.br\/noticias\/moderna-aprovacao-emergencial-vacina-covid-19\/\"},\"author\":{\"name\":\"Jader Lazarini\",\"@id\":\"https:\/\/www.suno.com.br\/noticias\/#\/schema\/person\/918d79de1f0281f01599b93f9ea6e23f\"},\"headline\":\"Moderna solicitar\u00e1 aprova\u00e7\u00e3o emergencial de sua vacina contra Covid-19\",\"datePublished\":\"2020-11-30T14:49:43+00:00\",\"dateModified\":\"2021-06-14T02:29:09+00:00\",\"mainEntityOfPage\":{\"@id\":\"https:\/\/www.suno.com.br\/noticias\/moderna-aprovacao-emergencial-vacina-covid-19\/\"},\"wordCount\":367,\"publisher\":{\"@id\":\"https:\/\/www.suno.com.br\/noticias\/#organization\"},\"image\":{\"@id\":\"https:\/\/www.suno.com.br\/noticias\/moderna-aprovacao-emergencial-vacina-covid-19\/#primaryimage\"},\"thumbnailUrl\":\"https:\/\/files.sunoresearch.com.br\/n\/uploads\/2020\/11\/7194e483-reuters-vacina-covid-19-1500-02112020122601673-jpeg.webp\",\"keywords\":[\"coronav\u00edrus\",\"covid-19\",\"Estados Unidos (EUA)\",\"Moderna\",\"vacina\"],\"articleSection\":[\"Internacional\"],\"inLanguage\":\"pt-BR\"},{\"@type\":\"WebPage\",\"@id\":\"https:\/\/www.suno.com.br\/noticias\/moderna-aprovacao-emergencial-vacina-covid-19\/\",\"url\":\"https:\/\/www.suno.com.br\/noticias\/moderna-aprovacao-emergencial-vacina-covid-19\/\",\"name\":\"Moderna solicitar\u00e1 aprova\u00e7\u00e3o emergencial de sua vacina contra Covid-19\",\"isPartOf\":{\"@id\":\"https:\/\/www.suno.com.br\/noticias\/#website\"},\"primaryImageOfPage\":{\"@id\":\"https:\/\/www.suno.com.br\/noticias\/moderna-aprovacao-emergencial-vacina-covid-19\/#primaryimage\"},\"image\":{\"@id\":\"https:\/\/www.suno.com.br\/noticias\/moderna-aprovacao-emergencial-vacina-covid-19\/#primaryimage\"},\"thumbnailUrl\":\"https:\/\/files.sunoresearch.com.br\/n\/uploads\/2020\/11\/7194e483-reuters-vacina-covid-19-1500-02112020122601673-jpeg.webp\",\"datePublished\":\"2020-11-30T14:49:43+00:00\",\"dateModified\":\"2021-06-14T02:29:09+00:00\",\"description\":\"A Moderna informou que solicitar\u00e1 aos reguladores de sa\u00fade que autorizem de forma emergencial sua vacina contra o coronav\u00edrus. Saiba mais.\",\"breadcrumb\":{\"@id\":\"https:\/\/www.suno.com.br\/noticias\/moderna-aprovacao-emergencial-vacina-covid-19\/#breadcrumb\"},\"inLanguage\":\"pt-BR\",\"potentialAction\":[{\"@type\":\"ReadAction\",\"target\":[\"https:\/\/www.suno.com.br\/noticias\/moderna-aprovacao-emergencial-vacina-covid-19\/\"]}]},{\"@type\":\"ImageObject\",\"inLanguage\":\"pt-BR\",\"@id\":\"https:\/\/www.suno.com.br\/noticias\/moderna-aprovacao-emergencial-vacina-covid-19\/#primaryimage\",\"url\":\"https:\/\/files.sunoresearch.com.br\/n\/uploads\/2020\/11\/7194e483-reuters-vacina-covid-19-1500-02112020122601673-jpeg.webp\",\"contentUrl\":\"https:\/\/files.sunoresearch.com.br\/n\/uploads\/2020\/11\/7194e483-reuters-vacina-covid-19-1500-02112020122601673-jpeg.webp\",\"width\":1234,\"height\":810,\"caption\":\"A Moderna informou que solicitar\u00e1 aos reguladores de sa\u00fade que autorizem de forma emergencial sua vacina contra o coronav\u00edrus.\"},{\"@type\":\"BreadcrumbList\",\"@id\":\"https:\/\/www.suno.com.br\/noticias\/moderna-aprovacao-emergencial-vacina-covid-19\/#breadcrumb\",\"itemListElement\":[{\"@type\":\"ListItem\",\"position\":1,\"name\":\"Not\u00edcias\",\"item\":\"https:\/\/www.suno.com.br\/noticias\/\"},{\"@type\":\"ListItem\",\"position\":2,\"name\":\"Internacional\",\"item\":\"https:\/\/www.suno.com.br\/noticias\/internacional\/\"},{\"@type\":\"ListItem\",\"position\":3,\"name\":\"Moderna solicitar\u00e1 aprova\u00e7\u00e3o emergencial de sua vacina contra Covid-19\"}]},{\"@type\":\"WebSite\",\"@id\":\"https:\/\/www.suno.com.br\/noticias\/#website\",\"url\":\"https:\/\/www.suno.com.br\/noticias\/\",\"name\":\"Suno Not\u00edcias\",\"description\":\"Seu portal de informa\u00e7\u00e3o sobre o mundo dos investimentos\",\"publisher\":{\"@id\":\"https:\/\/www.suno.com.br\/noticias\/#organization\"},\"potentialAction\":[{\"@type\":\"SearchAction\",\"target\":{\"@type\":\"EntryPoint\",\"urlTemplate\":\"https:\/\/www.suno.com.br\/noticias\/?s={search_term_string}\"},\"query-input\":{\"@type\":\"PropertyValueSpecification\",\"valueRequired\":true,\"valueName\":\"search_term_string\"}}],\"inLanguage\":\"pt-BR\"},{\"@type\":\"Organization\",\"@id\":\"https:\/\/www.suno.com.br\/noticias\/#organization\",\"name\":\"Suno Not\u00edcias\",\"url\":\"https:\/\/www.suno.com.br\/noticias\/\",\"logo\":{\"@type\":\"ImageObject\",\"inLanguage\":\"pt-BR\",\"@id\":\"https:\/\/www.suno.com.br\/noticias\/#\/schema\/logo\/image\/\",\"url\":\"https:\/\/files.sunoresearch.com.br\/n\/uploads\/2021\/09\/suno-logo.png\",\"contentUrl\":\"https:\/\/files.sunoresearch.com.br\/n\/uploads\/2021\/09\/suno-logo.png\",\"width\":180,\"height\":180,\"caption\":\"Suno Not\u00edcias\"},\"image\":{\"@id\":\"https:\/\/www.suno.com.br\/noticias\/#\/schema\/logo\/image\/\"},\"sameAs\":[\"https:\/\/facebook.com\/sunoresearch\",\"https:\/\/x.com\/sunoresearch\",\"https:\/\/www.instagram.com\/suno\",\"https:\/\/www.linkedin.com\/company\/suno-research\/\",\"https:\/\/www.youtube.com\/c\/sunoresearch\"]},{\"@type\":\"Person\",\"@id\":\"https:\/\/www.suno.com.br\/noticias\/#\/schema\/person\/918d79de1f0281f01599b93f9ea6e23f\",\"name\":\"Jader Lazarini\",\"image\":{\"@type\":\"ImageObject\",\"inLanguage\":\"pt-BR\",\"@id\":\"https:\/\/www.suno.com.br\/noticias\/#\/schema\/person\/image\/\",\"url\":\"https:\/\/secure.gravatar.com\/avatar\/3c1ad8caa51589841baeb923fcddea97?s=96&r=g\",\"contentUrl\":\"https:\/\/secure.gravatar.com\/avatar\/3c1ad8caa51589841baeb923fcddea97?s=96&r=g\",\"caption\":\"Jader Lazarini\"},\"description\":\"Jader Lazarini escreve sobre investimentos, finan\u00e7as, economia e neg\u00f3cios. \u00c9 bacharel em Rela\u00e7\u00f5es Internacionais e analista CNPI (2619).\",\"url\":\"https:\/\/www.suno.com.br\/noticias\/author\/jader-lazarini\/\"}]}<\/script>\n<!-- \/ Yoast SEO plugin. -->","yoast_head_json":{"title":"Moderna solicitar\u00e1 aprova\u00e7\u00e3o emergencial de sua vacina contra Covid-19","description":"A Moderna informou que solicitar\u00e1 aos reguladores de sa\u00fade que autorizem de forma emergencial sua vacina contra o coronav\u00edrus. Saiba mais.","robots":{"index":"index","follow":"follow","max-snippet":"max-snippet:-1","max-image-preview":"max-image-preview:large","max-video-preview":"max-video-preview:-1"},"canonical":"https:\/\/www.suno.com.br\/noticias\/moderna-aprovacao-emergencial-vacina-covid-19\/","og_locale":"pt_BR","og_type":"article","og_title":"Moderna solicitar\u00e1 aprova\u00e7\u00e3o emergencial de sua vacina contra Covid-19","og_description":"A Moderna informou que solicitar\u00e1 aos reguladores de sa\u00fade que autorizem de forma emergencial sua vacina contra o coronav\u00edrus. Saiba mais.","og_url":"https:\/\/www.suno.com.br\/noticias\/moderna-aprovacao-emergencial-vacina-covid-19\/","og_site_name":"Suno Not\u00edcias","article_publisher":"https:\/\/facebook.com\/sunoresearch","og_image":[{"width":1234,"height":810,"url":"https:\/\/files.sunoresearch.com.br\/n\/uploads\/2020\/11\/7194e483-reuters-vacina-covid-19-1500-02112020122601673.jpeg","type":"image\/jpeg"}],"author":"Jader Lazarini","twitter_card":"summary_large_image","twitter_creator":"@sunoresearch","twitter_site":"@sunoresearch","twitter_misc":{"Escrito por":"Jader Lazarini","Est. tempo de leitura":"2 minutos"},"schema":{"@context":"https:\/\/schema.org","@graph":[{"@type":"NewsArticle","@id":"https:\/\/www.suno.com.br\/noticias\/moderna-aprovacao-emergencial-vacina-covid-19\/#article","isPartOf":{"@id":"https:\/\/www.suno.com.br\/noticias\/moderna-aprovacao-emergencial-vacina-covid-19\/"},"author":{"name":"Jader Lazarini","@id":"https:\/\/www.suno.com.br\/noticias\/#\/schema\/person\/918d79de1f0281f01599b93f9ea6e23f"},"headline":"Moderna solicitar\u00e1 aprova\u00e7\u00e3o emergencial de sua vacina contra Covid-19","datePublished":"2020-11-30T14:49:43+00:00","dateModified":"2021-06-14T02:29:09+00:00","mainEntityOfPage":{"@id":"https:\/\/www.suno.com.br\/noticias\/moderna-aprovacao-emergencial-vacina-covid-19\/"},"wordCount":367,"publisher":{"@id":"https:\/\/www.suno.com.br\/noticias\/#organization"},"image":{"@id":"https:\/\/www.suno.com.br\/noticias\/moderna-aprovacao-emergencial-vacina-covid-19\/#primaryimage"},"thumbnailUrl":"https:\/\/files.sunoresearch.com.br\/n\/uploads\/2020\/11\/7194e483-reuters-vacina-covid-19-1500-02112020122601673-jpeg.webp","keywords":["coronav\u00edrus","covid-19","Estados Unidos (EUA)","Moderna","vacina"],"articleSection":["Internacional"],"inLanguage":"pt-BR"},{"@type":"WebPage","@id":"https:\/\/www.suno.com.br\/noticias\/moderna-aprovacao-emergencial-vacina-covid-19\/","url":"https:\/\/www.suno.com.br\/noticias\/moderna-aprovacao-emergencial-vacina-covid-19\/","name":"Moderna solicitar\u00e1 aprova\u00e7\u00e3o emergencial de sua vacina contra Covid-19","isPartOf":{"@id":"https:\/\/www.suno.com.br\/noticias\/#website"},"primaryImageOfPage":{"@id":"https:\/\/www.suno.com.br\/noticias\/moderna-aprovacao-emergencial-vacina-covid-19\/#primaryimage"},"image":{"@id":"https:\/\/www.suno.com.br\/noticias\/moderna-aprovacao-emergencial-vacina-covid-19\/#primaryimage"},"thumbnailUrl":"https:\/\/files.sunoresearch.com.br\/n\/uploads\/2020\/11\/7194e483-reuters-vacina-covid-19-1500-02112020122601673-jpeg.webp","datePublished":"2020-11-30T14:49:43+00:00","dateModified":"2021-06-14T02:29:09+00:00","description":"A Moderna informou que solicitar\u00e1 aos reguladores de sa\u00fade que autorizem de forma emergencial sua vacina contra o coronav\u00edrus. Saiba mais.","breadcrumb":{"@id":"https:\/\/www.suno.com.br\/noticias\/moderna-aprovacao-emergencial-vacina-covid-19\/#breadcrumb"},"inLanguage":"pt-BR","potentialAction":[{"@type":"ReadAction","target":["https:\/\/www.suno.com.br\/noticias\/moderna-aprovacao-emergencial-vacina-covid-19\/"]}]},{"@type":"ImageObject","inLanguage":"pt-BR","@id":"https:\/\/www.suno.com.br\/noticias\/moderna-aprovacao-emergencial-vacina-covid-19\/#primaryimage","url":"https:\/\/files.sunoresearch.com.br\/n\/uploads\/2020\/11\/7194e483-reuters-vacina-covid-19-1500-02112020122601673-jpeg.webp","contentUrl":"https:\/\/files.sunoresearch.com.br\/n\/uploads\/2020\/11\/7194e483-reuters-vacina-covid-19-1500-02112020122601673-jpeg.webp","width":1234,"height":810,"caption":"A Moderna informou que solicitar\u00e1 aos reguladores de sa\u00fade que autorizem de forma emergencial sua vacina contra o coronav\u00edrus."},{"@type":"BreadcrumbList","@id":"https:\/\/www.suno.com.br\/noticias\/moderna-aprovacao-emergencial-vacina-covid-19\/#breadcrumb","itemListElement":[{"@type":"ListItem","position":1,"name":"Not\u00edcias","item":"https:\/\/www.suno.com.br\/noticias\/"},{"@type":"ListItem","position":2,"name":"Internacional","item":"https:\/\/www.suno.com.br\/noticias\/internacional\/"},{"@type":"ListItem","position":3,"name":"Moderna solicitar\u00e1 aprova\u00e7\u00e3o emergencial de sua vacina contra Covid-19"}]},{"@type":"WebSite","@id":"https:\/\/www.suno.com.br\/noticias\/#website","url":"https:\/\/www.suno.com.br\/noticias\/","name":"Suno Not\u00edcias","description":"Seu portal de informa\u00e7\u00e3o sobre o mundo dos investimentos","publisher":{"@id":"https:\/\/www.suno.com.br\/noticias\/#organization"},"potentialAction":[{"@type":"SearchAction","target":{"@type":"EntryPoint","urlTemplate":"https:\/\/www.suno.com.br\/noticias\/?s={search_term_string}"},"query-input":{"@type":"PropertyValueSpecification","valueRequired":true,"valueName":"search_term_string"}}],"inLanguage":"pt-BR"},{"@type":"Organization","@id":"https:\/\/www.suno.com.br\/noticias\/#organization","name":"Suno Not\u00edcias","url":"https:\/\/www.suno.com.br\/noticias\/","logo":{"@type":"ImageObject","inLanguage":"pt-BR","@id":"https:\/\/www.suno.com.br\/noticias\/#\/schema\/logo\/image\/","url":"https:\/\/files.sunoresearch.com.br\/n\/uploads\/2021\/09\/suno-logo.png","contentUrl":"https:\/\/files.sunoresearch.com.br\/n\/uploads\/2021\/09\/suno-logo.png","width":180,"height":180,"caption":"Suno Not\u00edcias"},"image":{"@id":"https:\/\/www.suno.com.br\/noticias\/#\/schema\/logo\/image\/"},"sameAs":["https:\/\/facebook.com\/sunoresearch","https:\/\/x.com\/sunoresearch","https:\/\/www.instagram.com\/suno","https:\/\/www.linkedin.com\/company\/suno-research\/","https:\/\/www.youtube.com\/c\/sunoresearch"]},{"@type":"Person","@id":"https:\/\/www.suno.com.br\/noticias\/#\/schema\/person\/918d79de1f0281f01599b93f9ea6e23f","name":"Jader Lazarini","image":{"@type":"ImageObject","inLanguage":"pt-BR","@id":"https:\/\/www.suno.com.br\/noticias\/#\/schema\/person\/image\/","url":"https:\/\/secure.gravatar.com\/avatar\/3c1ad8caa51589841baeb923fcddea97?s=96&r=g","contentUrl":"https:\/\/secure.gravatar.com\/avatar\/3c1ad8caa51589841baeb923fcddea97?s=96&r=g","caption":"Jader Lazarini"},"description":"Jader Lazarini escreve sobre investimentos, finan\u00e7as, economia e neg\u00f3cios. \u00c9 bacharel em Rela\u00e7\u00f5es Internacionais e analista CNPI (2619).","url":"https:\/\/www.suno.com.br\/noticias\/author\/jader-lazarini\/"}]}},"default_loop_html":"<div class=\"cardsPage__listCard__boxs\"><div class=\"cardsPage__listCard__boxs__img\"><a href=\"https:\/\/www.suno.com.br\/noticias\/moderna-aprovacao-emergencial-vacina-covid-19\/\"><img class=\"mask\" src=\"https:\/\/www.suno.com.br\/noticias\/wp-content\/themes\/suno\/resources\/images\/spotlight\/spotlight1img\/bg-mask.png\" alt=\"Image Mask\"\/><img src=\"https:\/\/files.sunoresearch.com.br\/n\/uploads\/2020\/11\/7194e483-reuters-vacina-covid-19-1500-02112020122601673-400x200.webp\" alt=\"Moderna solicitar\u00e1 aprova\u00e7\u00e3o emergencial de sua vacina contra Covid-19\"\/><\/a><span class=\"spotlightCategory\"><a href=\"https:\/\/www.suno.com.br\/noticias\/internacional\/\">Internacional<\/a><\/span><\/div><div class=\"cardsPage__listCard__boxs__content\"><a href=\"https:\/\/www.suno.com.br\/noticias\/moderna-aprovacao-emergencial-vacina-covid-19\/\"><h2 class=\"content__title\">Moderna solicitar\u00e1 aprova\u00e7\u00e3o emergencial de sua vacina contra Covid-19<\/h2><\/a><div class=\"newsContent__article__meta\"><div class=\"newsContent__article__meta__authorBox\"><a href=\"https:\/\/www.suno.com.br\/noticias\/author\/jader-lazarini\/\" class=\"authorBox__avatar noMobi\"><img src=\"https:\/\/files.sunoresearch.com.br\/n\/uploads\/2021\/01\/178e6598-foto-perfil-2-150x150.jpg\" alt=\"Jader Lazarini\"><\/a><div class=\"authorBox__name\"><span>por\n\t\t\t<a href=\"https:\/\/www.suno.com.br\/noticias\/author\/jader-lazarini\/\"><span itemprop=\"author\">Jader Lazarini<\/span><\/a><\/span><time datetime=\"2020-11-30T11:49:43-03:00\" itemprop=\"datePublished\">30\/11\/2020 11:49<\/time><\/div><\/div><\/div><\/div><\/div>","single_layout":"posts","amp_enabled":true,"_links":{"self":[{"href":"https:\/\/www.suno.com.br\/noticias\/wp-json\/wp\/v2\/posts\/104149"}],"collection":[{"href":"https:\/\/www.suno.com.br\/noticias\/wp-json\/wp\/v2\/posts"}],"about":[{"href":"https:\/\/www.suno.com.br\/noticias\/wp-json\/wp\/v2\/types\/post"}],"author":[{"embeddable":true,"href":"https:\/\/www.suno.com.br\/noticias\/wp-json\/wp\/v2\/users\/24"}],"replies":[{"embeddable":true,"href":"https:\/\/www.suno.com.br\/noticias\/wp-json\/wp\/v2\/comments?post=104149"}],"version-history":[{"count":1,"href":"https:\/\/www.suno.com.br\/noticias\/wp-json\/wp\/v2\/posts\/104149\/revisions"}],"predecessor-version":[{"id":156780,"href":"https:\/\/www.suno.com.br\/noticias\/wp-json\/wp\/v2\/posts\/104149\/revisions\/156780"}],"wp:featuredmedia":[{"embeddable":true,"href":"https:\/\/www.suno.com.br\/noticias\/wp-json\/wp\/v2\/media\/104150"}],"wp:attachment":[{"href":"https:\/\/www.suno.com.br\/noticias\/wp-json\/wp\/v2\/media?parent=104149"}],"wp:term":[{"taxonomy":"category","embeddable":true,"href":"https:\/\/www.suno.com.br\/noticias\/wp-json\/wp\/v2\/categories?post=104149"},{"taxonomy":"post_tag","embeddable":true,"href":"https:\/\/www.suno.com.br\/noticias\/wp-json\/wp\/v2\/tags?post=104149"},{"taxonomy":"suno_strategy","embeddable":true,"href":"https:\/\/www.suno.com.br\/noticias\/wp-json\/wp\/v2\/suno_strategy?post=104149"}],"curies":[{"name":"wp","href":"https:\/\/api.w.org\/{rel}","templated":true}]}}