{"id":104148,"date":"2020-11-30T11:30:36","date_gmt":"2020-11-30T14:30:36","guid":{"rendered":"https:\/\/www.suno.com.br\/noticias\/?p=104148"},"modified":"2021-07-02T17:17:00","modified_gmt":"2021-07-02T20:17:00","slug":"copel-cple6-credit-eleva-preco-alvo","status":"publish","type":"post","link":"https:\/\/www.suno.com.br\/noticias\/copel-cple6-credit-eleva-preco-alvo\/","title":{"rendered":"Copel (CPLE6): Credit Suisse eleva pre\u00e7o-alvo de R$ 70 para R$ 76"},"content":{"rendered":"<p>O Credit Suisse elevou o <a href=\"https:\/\/www.suno.com.br\/artigos\/preco-alvo\/\" target=\"_blank\" rel=\"noopener noreferrer\">pre\u00e7o-alvo<\/a> para as a\u00e7\u00f5es da <a href=\"https:\/\/www.suno.com.br\/acoes\/cple6\/\" target=\"_blank\" rel=\"noopener noreferrer\"><strong>Copel<\/strong> (CPLE6)<\/a> de R$ 70 para R$ 76 e elevou o rating de<a href=\"https:\/\/www.suno.com.br\/artigos\/underweight\/\" target=\"_blank\" rel=\"noopener noreferrer\"> Underperform<\/a> (abaixo da m\u00e9dia do mercado) para Neutro. Segundo relat\u00f3rio enviado ao mercado, a mudan\u00e7a foi motivada pela migra\u00e7\u00e3o da empresa do N\u00edvel 1 para o N\u00edvel 2 de governan\u00e7a da <a href=\"https:\/\/www.suno.com.br\/artigos\/b3\/\" target=\"_blank\" rel=\"noopener noreferrer\">B3<\/a>, \u00e0 cria\u00e7\u00e3o de units compostas por cinco <a href=\"https:\/\/www.suno.com.br\/artigos\/o-que-sao-acoes-ordinarias-preferenciais-e-units\/\" target=\"_blank\" rel=\"noopener noreferrer\">a\u00e7\u00f5es<\/a> (1 ordin\u00e1ria e 4 preferenciais) e pela emiss\u00e3o de um novo estatuto social.<\/p>\t<div class=\"wrapper-featured-image\">\n\t\t<figure class=\"spotlightImg\">\n\n\t\t\t<picture>\n\t\t\t\t<source media=\"(max-width: 768px)\" srcset=\"https:\/\/files.sunoresearch.com.br\/n\/uploads\/2021\/02\/adf332d8-5-02-01-e1548785154214-400x200.webp\">\n\t\t\t\t<img loading=\"lazy\" decoding=\"async\" class=\"newsContent__article__imgCapa lazyloadDisabled \" src=\"https:\/\/files.sunoresearch.com.br\/n\/uploads\/2021\/02\/adf332d8-5-02-01-e1548785154214-800x450.webp\" width=\"800\" height=\"450\" alt=\"Copel (CPLE6): Credit Suisse eleva pre\u00e7o-alvo de R$ 70 para R$ 76\" fetchpriority=high \/>\n\t\t\t<\/picture>\n\n\t\t\t<figcaption class=\"wp-caption-text wp-caption-text--show\">A Copel (CPLE6) informou ao mercado na \u00faltima segunda que seus sistemas sofreram um ataque cibern\u00e9tico. <\/figcaption>\n\t\t<\/figure>\n\t<\/div>\n\n\n<p><span style=\"font-weight: 400;\">\t<p>\n\t\t<a href=\"https:\/\/lp.suno.com.br\/planilha-controle-gastos\/\" target=\"_blank\" data-element=\"shortcode-suno-banner\" title=\"Banner SUNO, clique e saiba mais\">\n\t\t\t<picture>\n\t\t\t\t<source media=\"(max-width: 500px)\" srcset=\"https:\/\/files.sunoresearch.com.br\/n\/uploads\/2023\/03\/400x300-Planilha-controle-de-gastos.png\">\n\t\t\t\t<img class=\"newsContent__article__imgCapa newsContent__article__imgCapa--banner\"\n\t\t\t\t\tsrc=\"https:\/\/files.sunoresearch.com.br\/n\/uploads\/2023\/03\/1420x240-Planilha-controle-de-gastos.png\"\n\t\t\t\t\tdata-promo-id=\"101751\"\t\t\t\t\t\t\t\t\t\twidth='1420' height='240'\t\t\t\t\talt=\"https:\/\/files.sunoresearch.com.br\/n\/uploads\/2023\/03\/1420x240-Planilha-controle-de-gastos.png\"\n\t\t\t\t>\n\t\t\t<\/picture>\n\t\t<\/a>\n\t<\/p>\n\n<\/span><\/p>\n<p>Segundo o banco, o novo <a href=\"https:\/\/www.suno.com.br\/artigos\/estatuto-social\/\" target=\"_blank\" rel=\"noopener noreferrer\">estatuto<\/a> da Copel \u00e9 melhor que o anterior, pois busca garantir um n\u00edvel mais alto de <a href=\"https:\/\/www.suno.com.br\/artigos\/governanca-corporativa\/\" target=\"_blank\" rel=\"noopener noreferrer\">governan\u00e7a corporativa<\/a>, melhor pol\u00edtica de <a href=\"https:\/\/www.suno.com.br\/dividendos\/\" target=\"_blank\" rel=\"noopener noreferrer\">dividendos<\/a> e o desdobramento de a\u00e7\u00f5es que deve ajudar a melhorar a <a href=\"https:\/\/www.suno.com.br\/artigos\/liquidez-financeira\/\" target=\"_blank\" rel=\"noopener noreferrer\">liquidez<\/a> dos pap\u00e9is.<\/p>\n<p>Na vis\u00e3o do <strong>Credit Suisse<\/strong>, a governan\u00e7a pode ajudar a empresa a ter um futuro melhor, com menos influ\u00eancia pol\u00edtica em suas decis\u00f5es empresariais. &#8220;As mudan\u00e7as podem ser muito importantes, especialmente para uma empresa<strong> estatal<\/strong>&#8220;, declararam os analistas Carolina Carneiro e Rafael Nagano.<\/p>\n<p><span style=\"font-weight: 400;\">\t<p>\n\t\t<a href=\"https:\/\/lp.suno.com.br\/planilha-controle-gastos\/\" target=\"_blank\" data-element=\"shortcode-suno-banner\" title=\"Banner SUNO, clique e saiba mais\">\n\t\t\t<picture>\n\t\t\t\t<source media=\"(max-width: 500px)\" srcset=\"https:\/\/files.sunoresearch.com.br\/n\/uploads\/2023\/03\/400x300-Planilha-controle-de-gastos.png\">\n\t\t\t\t<img class=\"newsContent__article__imgCapa newsContent__article__imgCapa--banner\"\n\t\t\t\t\tsrc=\"https:\/\/files.sunoresearch.com.br\/n\/uploads\/2023\/03\/1420x240-Planilha-controle-de-gastos.png\"\n\t\t\t\t\tdata-promo-id=\"101751\"\t\t\t\t\t\t\t\t\t\twidth='1420' height='240'\t\t\t\t\talt=\"https:\/\/files.sunoresearch.com.br\/n\/uploads\/2023\/03\/1420x240-Planilha-controle-de-gastos.png\"\n\t\t\t\t>\n\t\t\t<\/picture>\n\t\t<\/a>\n\t<\/p>\n\n<\/span><\/p>\n<p>&#8220;Empresas como <a href=\"https:\/\/www.suno.com.br\/acoes\/cmig4\/\" target=\"_blank\" rel=\"noopener noreferrer\">Cemig (CMIG4)<\/a>, <a href=\"https:\/\/www.suno.com.br\/acoes\/csmg3\/\" target=\"_blank\" rel=\"noopener noreferrer\">Copasa (CSMG3)<\/a>,<a href=\"https:\/\/www.suno.com.br\/acoes\/sapr11\/\" target=\"_blank\" rel=\"noopener noreferrer\"> Sanepar (SAPR11)<\/a> e <a href=\"https:\/\/www.suno.com.br\/acoes\/enbr3\/\" target=\"_blank\" rel=\"noopener noreferrer\">EDP do Brasil (ENBR3)<\/a> se beneficiaram da menor avers\u00e3o ao risco e reagiram positivamente aos an\u00fancios de mudan\u00e7as nos estatutos sociais. Al\u00e9m disso, as exig\u00eancias do N\u00edvel 2 de<strong> governan\u00e7a<\/strong> s\u00e3o maiores do que do N\u00edvel 1, o que tamb\u00e9m pode ser positivo para os acionistas <a href=\"https:\/\/www.suno.com.br\/artigos\/minoritario\/\" target=\"_blank\" rel=\"noopener noreferrer\">minorit\u00e1rios<\/a>.&#8221;<\/p>\n<h2>Copel n\u00e3o \u00e9 uma empresa cara, segundo Credit Suisse<\/h2>\n<p>Sobre o valuation da Copel, o Credit Suisse disse que n\u00e3o se trata de uma empresa cara, operando a 8,5 vezes<a href=\"https:\/\/www.suno.com.br\/artigos\/preco-lucro\/\" target=\"_blank\" rel=\"noopener noreferrer\"> PE (Pre\u00e7o sobre Lucro)<\/a>. Na vis\u00e3o do Credit, a empresa tomou a decis\u00e3o acertada ao vender ativos e cortar custos, o que ajudou a a\u00e7\u00e3o a ter um desempenho melhor que o setor.<\/p>\n<p>O papel subiu 126,1% em 2019 e caiu 0,7% no acumulado deste ano, ante uma alta de 52,5% em 2020 e queda de 14,4% nas empresas do setor acompanhadas pelo Credit.<\/p>\n<p>De acordo com o relat\u00f3rio, o novo<strong> pre\u00e7o-alvo<\/strong> de Copel tamb\u00e9m inclui menores custos de capital depois dos an\u00fancios sobre governan\u00e7a corporativa e os resultados finais da venda de ativos da Copel Telecom. Al\u00e9m disso, contempla os resultados do terceiro trimestre das companhias e a as novas previs\u00f5es para Araucaria.<\/p>\n<p>Em rela\u00e7\u00e3o aos riscos, o Credit destacou custo de capital n\u00e3o t\u00e3o baixo quanto o esperado e volumes diferentes do previsto. &#8220;Finalmente, a estrat\u00e9gia de aloca\u00e7\u00e3o de capital \u00e9 chave e pode afetar o retorno da <strong>Copel<\/strong>.&#8221;<\/p>\n<p><span style=\"font-weight: 400;\">\t<p>\n\t\t<a href=\"https:\/\/lp.suno.com.br\/planilha-de-controle-de-investimentos\/\" target=\"_blank\" data-element=\"shortcode-suno-banner\" title=\"Banner SUNO, clique e saiba mais\">\n\t\t\t<picture>\n\t\t\t\t<source media=\"(max-width: 500px)\" srcset=\"https:\/\/files.sunoresearch.com.br\/n\/uploads\/2023\/03\/400x300-Controle-de-Investimentos.png\">\n\t\t\t\t<img class=\"newsContent__article__imgCapa newsContent__article__imgCapa--banner\"\n\t\t\t\t\tsrc=\"https:\/\/files.sunoresearch.com.br\/n\/uploads\/2023\/03\/1420x240-Controle-de-Investimentos.png\"\n\t\t\t\t\tdata-promo-id=\"75934\"\t\t\t\t\t\t\t\t\t\twidth='1420' height='240'\t\t\t\t\talt=\"https:\/\/files.sunoresearch.com.br\/n\/uploads\/2023\/03\/1420x240-Controle-de-Investimentos.png\"\n\t\t\t\t>\n\t\t\t<\/picture>\n\t\t<\/a>\n\t<\/p>\n\n<\/span><\/p>\n","protected":false},"excerpt":{"rendered":"<p>O Credit Suisse elevou o pre\u00e7o-alvo para as a\u00e7\u00f5es da Copel (CPLE6) de R$ 70 para R$ 76 e elevou o rating de Underperform (abaixo da m\u00e9dia do mercado) para Neutro. Segundo relat\u00f3rio enviado ao mercado, a mudan\u00e7a foi motivada pela migra\u00e7\u00e3o da empresa do N\u00edvel 1 para o N\u00edvel 2 de governan\u00e7a da B3, [&hellip;]<\/p>\n","protected":false},"author":60,"featured_media":117927,"comment_status":"closed","ping_status":"closed","sticky":false,"template":"","format":"standard","meta":[],"categories":[64],"tags":[431,1788],"suno_strategy":[],"class_list":["post-104148","post","type-post","status-publish","format-standard","has-post-thumbnail","hentry","category-negocios","tag-copel-cple3-cple5-cple6","tag-credit-suisse-c1su34"],"yoast_head":"<!-- This site is optimized with the Yoast SEO plugin v24.4 - https:\/\/yoast.com\/wordpress\/plugins\/seo\/ -->\n<title>Copel (CPLE6): Credit Suisse eleva pre\u00e7o-alvo de R$ 70 para R$ 76<\/title>\n<meta name=\"description\" content=\"O Credit Suisse elevou o pre\u00e7o-alvo para as a\u00e7\u00f5es da Copel (CPLE6) de R$ 70 para R$ 76 e elevou o rating para Neutro. Leia mais.\" \/>\n<meta name=\"robots\" content=\"index, follow, max-snippet:-1, max-image-preview:large, max-video-preview:-1\" \/>\n<link rel=\"canonical\" href=\"https:\/\/www.suno.com.br\/noticias\/copel-cple6-credit-eleva-preco-alvo\/\" \/>\n<meta property=\"og:locale\" content=\"pt_BR\" \/>\n<meta property=\"og:type\" content=\"article\" \/>\n<meta property=\"og:title\" content=\"Copel (CPLE6): Credit Suisse eleva pre\u00e7o-alvo de R$ 70 para R$ 76\" \/>\n<meta property=\"og:description\" content=\"O Credit Suisse elevou o pre\u00e7o-alvo para as a\u00e7\u00f5es da Copel (CPLE6) de R$ 70 para R$ 76 e elevou o rating para Neutro. Leia mais.\" \/>\n<meta property=\"og:url\" content=\"https:\/\/www.suno.com.br\/noticias\/copel-cple6-credit-eleva-preco-alvo\/\" \/>\n<meta property=\"og:site_name\" content=\"Suno Not\u00edcias\" \/>\n<meta property=\"article:publisher\" content=\"https:\/\/facebook.com\/sunoresearch\" \/>\n<meta property=\"og:image\" content=\"https:\/\/files.sunoresearch.com.br\/n\/uploads\/2021\/02\/adf332d8-5-02-01-e1548785154214.jpg\" \/>\n\t<meta property=\"og:image:width\" content=\"1400\" \/>\n\t<meta property=\"og:image:height\" content=\"933\" \/>\n\t<meta property=\"og:image:type\" content=\"image\/jpeg\" \/>\n<meta name=\"author\" content=\"Natalia G\u00f3mez\" \/>\n<meta name=\"twitter:card\" content=\"summary_large_image\" \/>\n<meta name=\"twitter:creator\" content=\"@sunoresearch\" \/>\n<meta name=\"twitter:site\" content=\"@sunoresearch\" \/>\n<meta name=\"twitter:label1\" content=\"Escrito por\" \/>\n\t<meta name=\"twitter:data1\" content=\"Natalia G\u00f3mez\" \/>\n\t<meta name=\"twitter:label2\" content=\"Est. tempo de leitura\" \/>\n\t<meta name=\"twitter:data2\" content=\"2 minutos\" \/>\n<script type=\"application\/ld+json\" class=\"yoast-schema-graph\">{\"@context\":\"https:\/\/schema.org\",\"@graph\":[{\"@type\":\"NewsArticle\",\"@id\":\"https:\/\/www.suno.com.br\/noticias\/copel-cple6-credit-eleva-preco-alvo\/#article\",\"isPartOf\":{\"@id\":\"https:\/\/www.suno.com.br\/noticias\/copel-cple6-credit-eleva-preco-alvo\/\"},\"author\":{\"name\":\"Natalia G\u00f3mez\",\"@id\":\"https:\/\/www.suno.com.br\/noticias\/#\/schema\/person\/1b24d67c140a42e864ef414497edb164\"},\"headline\":\"Copel (CPLE6): Credit Suisse eleva pre\u00e7o-alvo de R$ 70 para R$ 76\",\"datePublished\":\"2020-11-30T14:30:36+00:00\",\"dateModified\":\"2021-07-02T20:17:00+00:00\",\"mainEntityOfPage\":{\"@id\":\"https:\/\/www.suno.com.br\/noticias\/copel-cple6-credit-eleva-preco-alvo\/\"},\"wordCount\":451,\"publisher\":{\"@id\":\"https:\/\/www.suno.com.br\/noticias\/#organization\"},\"image\":{\"@id\":\"https:\/\/www.suno.com.br\/noticias\/copel-cple6-credit-eleva-preco-alvo\/#primaryimage\"},\"thumbnailUrl\":\"https:\/\/files.sunoresearch.com.br\/n\/uploads\/2021\/02\/adf332d8-5-02-01-e1548785154214-jpg.webp\",\"keywords\":[\"Copel (CPLE3\/CPLE5\/CPLE6)\",\"Credit Suisse (C1SU34)\"],\"articleSection\":[\"Neg\u00f3cios\"],\"inLanguage\":\"pt-BR\"},{\"@type\":\"WebPage\",\"@id\":\"https:\/\/www.suno.com.br\/noticias\/copel-cple6-credit-eleva-preco-alvo\/\",\"url\":\"https:\/\/www.suno.com.br\/noticias\/copel-cple6-credit-eleva-preco-alvo\/\",\"name\":\"Copel (CPLE6): Credit Suisse eleva pre\u00e7o-alvo de R$ 70 para R$ 76\",\"isPartOf\":{\"@id\":\"https:\/\/www.suno.com.br\/noticias\/#website\"},\"primaryImageOfPage\":{\"@id\":\"https:\/\/www.suno.com.br\/noticias\/copel-cple6-credit-eleva-preco-alvo\/#primaryimage\"},\"image\":{\"@id\":\"https:\/\/www.suno.com.br\/noticias\/copel-cple6-credit-eleva-preco-alvo\/#primaryimage\"},\"thumbnailUrl\":\"https:\/\/files.sunoresearch.com.br\/n\/uploads\/2021\/02\/adf332d8-5-02-01-e1548785154214-jpg.webp\",\"datePublished\":\"2020-11-30T14:30:36+00:00\",\"dateModified\":\"2021-07-02T20:17:00+00:00\",\"description\":\"O Credit Suisse elevou o pre\u00e7o-alvo para as a\u00e7\u00f5es da Copel (CPLE6) de R$ 70 para R$ 76 e elevou o rating para Neutro. Leia mais.\",\"breadcrumb\":{\"@id\":\"https:\/\/www.suno.com.br\/noticias\/copel-cple6-credit-eleva-preco-alvo\/#breadcrumb\"},\"inLanguage\":\"pt-BR\",\"potentialAction\":[{\"@type\":\"ReadAction\",\"target\":[\"https:\/\/www.suno.com.br\/noticias\/copel-cple6-credit-eleva-preco-alvo\/\"]}]},{\"@type\":\"ImageObject\",\"inLanguage\":\"pt-BR\",\"@id\":\"https:\/\/www.suno.com.br\/noticias\/copel-cple6-credit-eleva-preco-alvo\/#primaryimage\",\"url\":\"https:\/\/files.sunoresearch.com.br\/n\/uploads\/2021\/02\/adf332d8-5-02-01-e1548785154214-jpg.webp\",\"contentUrl\":\"https:\/\/files.sunoresearch.com.br\/n\/uploads\/2021\/02\/adf332d8-5-02-01-e1548785154214-jpg.webp\",\"width\":1400,\"height\":933,\"caption\":\"A Copel (CPLE6) informou ao mercado na \u00faltima segunda que seus sistemas sofreram um ataque cibern\u00e9tico.\"},{\"@type\":\"BreadcrumbList\",\"@id\":\"https:\/\/www.suno.com.br\/noticias\/copel-cple6-credit-eleva-preco-alvo\/#breadcrumb\",\"itemListElement\":[{\"@type\":\"ListItem\",\"position\":1,\"name\":\"Not\u00edcias\",\"item\":\"https:\/\/www.suno.com.br\/noticias\/\"},{\"@type\":\"ListItem\",\"position\":2,\"name\":\"Neg\u00f3cios\",\"item\":\"https:\/\/www.suno.com.br\/noticias\/negocios\/\"},{\"@type\":\"ListItem\",\"position\":3,\"name\":\"Copel (CPLE6): Credit Suisse eleva pre\u00e7o-alvo de R$ 70 para R$ 76\"}]},{\"@type\":\"WebSite\",\"@id\":\"https:\/\/www.suno.com.br\/noticias\/#website\",\"url\":\"https:\/\/www.suno.com.br\/noticias\/\",\"name\":\"Suno Not\u00edcias\",\"description\":\"Seu portal de informa\u00e7\u00e3o sobre o mundo dos investimentos\",\"publisher\":{\"@id\":\"https:\/\/www.suno.com.br\/noticias\/#organization\"},\"potentialAction\":[{\"@type\":\"SearchAction\",\"target\":{\"@type\":\"EntryPoint\",\"urlTemplate\":\"https:\/\/www.suno.com.br\/noticias\/?s={search_term_string}\"},\"query-input\":{\"@type\":\"PropertyValueSpecification\",\"valueRequired\":true,\"valueName\":\"search_term_string\"}}],\"inLanguage\":\"pt-BR\"},{\"@type\":\"Organization\",\"@id\":\"https:\/\/www.suno.com.br\/noticias\/#organization\",\"name\":\"Suno Not\u00edcias\",\"url\":\"https:\/\/www.suno.com.br\/noticias\/\",\"logo\":{\"@type\":\"ImageObject\",\"inLanguage\":\"pt-BR\",\"@id\":\"https:\/\/www.suno.com.br\/noticias\/#\/schema\/logo\/image\/\",\"url\":\"https:\/\/files.sunoresearch.com.br\/n\/uploads\/2021\/09\/suno-logo.png\",\"contentUrl\":\"https:\/\/files.sunoresearch.com.br\/n\/uploads\/2021\/09\/suno-logo.png\",\"width\":180,\"height\":180,\"caption\":\"Suno Not\u00edcias\"},\"image\":{\"@id\":\"https:\/\/www.suno.com.br\/noticias\/#\/schema\/logo\/image\/\"},\"sameAs\":[\"https:\/\/facebook.com\/sunoresearch\",\"https:\/\/x.com\/sunoresearch\",\"https:\/\/www.instagram.com\/suno\",\"https:\/\/www.linkedin.com\/company\/suno-research\/\",\"https:\/\/www.youtube.com\/c\/sunoresearch\"]},{\"@type\":\"Person\",\"@id\":\"https:\/\/www.suno.com.br\/noticias\/#\/schema\/person\/1b24d67c140a42e864ef414497edb164\",\"name\":\"Natalia G\u00f3mez\",\"image\":{\"@type\":\"ImageObject\",\"inLanguage\":\"pt-BR\",\"@id\":\"https:\/\/www.suno.com.br\/noticias\/#\/schema\/person\/image\/\",\"url\":\"https:\/\/secure.gravatar.com\/avatar\/9e957e0b2b485c2d42c3f4145c16d940?s=96&r=g\",\"contentUrl\":\"https:\/\/secure.gravatar.com\/avatar\/9e957e0b2b485c2d42c3f4145c16d940?s=96&r=g\",\"caption\":\"Natalia G\u00f3mez\"},\"description\":\"Editora do Suno Not\u00edcias desde outubro de 2020, \u00e9 jornalista formada pela PUC-SP, com p\u00f3s-gradua\u00e7\u00e3o em jornalismo liter\u00e1rio. Atua no mercado financeiro desde 2003, quando iniciou a carreira no jornal econ\u00f4mico DCI, cobrindo o setor de alimentos no caderno de Ind\u00fastria. Foi trainee do jornal Valor Econ\u00f4mico, onde atuou no Caderno de Empresas por quase tr\u00eas anos. L\u00e1, cobriu o setor de ind\u00fastria, com foco em siderurgia, embalagens e aeroespacial. Fez coberturas setoriais em viagens para S\u00e3o Jos\u00e9 dos Campos e Franca (SP), al\u00e9m de coberturas internacionais na Alemanha e na Su\u00e9cia. Trabalhou por cinco anos na Ag\u00eancia Estado\/Broadcast, do Grupo Estado, onde foi rep\u00f3rter dos setores de minera\u00e7\u00e3o e siderurgia, alimentos e bebidas e finan\u00e7as. Foi premiada como o pr\u00eamio Destaque de Reportagem da AE em 2007 e 2008. Al\u00e9m de atuar no servi\u00e7o de not\u00edcias em tempo real, fez participa\u00e7\u00f5es no caderno de Economia do jornal Estado de S.Paulo e na R\u00e1dio Eldorado. Ainda no Grupo Estado, foi editora assistente da editoria Empresas e Setores, atuando com edi\u00e7\u00e3o e pauta, al\u00e9m de cobrir mercados diariamente com o cen\u00e1rio de bolsa e fazer reportagens especiais com foco em governan\u00e7a corporativa. Trabalhou tamb\u00e9m como correspondente de finan\u00e7as no servi\u00e7o da Thomson Reuters em portugu\u00eas por quase um ano. Atuou por cerca de oito anos como jornalista independente, contribuindo para ve\u00edculos como UOL Economia, Infomoney e Revista Voc\u00ea SA, al\u00e9m de ter trabalhado em projetos na \u00e1rea de conte\u00fado e comunica\u00e7\u00e3o de institui\u00e7\u00f5es financeiras como Anbima, Banco BS2, Banco Pine, Ita\u00fa BBA e EQI.\",\"url\":\"https:\/\/www.suno.com.br\/noticias\/author\/natalia-gomez\/\"}]}<\/script>\n<!-- \/ Yoast SEO plugin. -->","yoast_head_json":{"title":"Copel (CPLE6): Credit Suisse eleva pre\u00e7o-alvo de R$ 70 para R$ 76","description":"O Credit Suisse elevou o pre\u00e7o-alvo para as a\u00e7\u00f5es da Copel (CPLE6) de R$ 70 para R$ 76 e elevou o rating para Neutro. Leia mais.","robots":{"index":"index","follow":"follow","max-snippet":"max-snippet:-1","max-image-preview":"max-image-preview:large","max-video-preview":"max-video-preview:-1"},"canonical":"https:\/\/www.suno.com.br\/noticias\/copel-cple6-credit-eleva-preco-alvo\/","og_locale":"pt_BR","og_type":"article","og_title":"Copel (CPLE6): Credit Suisse eleva pre\u00e7o-alvo de R$ 70 para R$ 76","og_description":"O Credit Suisse elevou o pre\u00e7o-alvo para as a\u00e7\u00f5es da Copel (CPLE6) de R$ 70 para R$ 76 e elevou o rating para Neutro. Leia mais.","og_url":"https:\/\/www.suno.com.br\/noticias\/copel-cple6-credit-eleva-preco-alvo\/","og_site_name":"Suno Not\u00edcias","article_publisher":"https:\/\/facebook.com\/sunoresearch","og_image":[{"width":1400,"height":933,"url":"https:\/\/files.sunoresearch.com.br\/n\/uploads\/2021\/02\/adf332d8-5-02-01-e1548785154214.jpg","type":"image\/jpeg"}],"author":"Natalia G\u00f3mez","twitter_card":"summary_large_image","twitter_creator":"@sunoresearch","twitter_site":"@sunoresearch","twitter_misc":{"Escrito por":"Natalia G\u00f3mez","Est. tempo de leitura":"2 minutos"},"schema":{"@context":"https:\/\/schema.org","@graph":[{"@type":"NewsArticle","@id":"https:\/\/www.suno.com.br\/noticias\/copel-cple6-credit-eleva-preco-alvo\/#article","isPartOf":{"@id":"https:\/\/www.suno.com.br\/noticias\/copel-cple6-credit-eleva-preco-alvo\/"},"author":{"name":"Natalia G\u00f3mez","@id":"https:\/\/www.suno.com.br\/noticias\/#\/schema\/person\/1b24d67c140a42e864ef414497edb164"},"headline":"Copel (CPLE6): Credit Suisse eleva pre\u00e7o-alvo de R$ 70 para R$ 76","datePublished":"2020-11-30T14:30:36+00:00","dateModified":"2021-07-02T20:17:00+00:00","mainEntityOfPage":{"@id":"https:\/\/www.suno.com.br\/noticias\/copel-cple6-credit-eleva-preco-alvo\/"},"wordCount":451,"publisher":{"@id":"https:\/\/www.suno.com.br\/noticias\/#organization"},"image":{"@id":"https:\/\/www.suno.com.br\/noticias\/copel-cple6-credit-eleva-preco-alvo\/#primaryimage"},"thumbnailUrl":"https:\/\/files.sunoresearch.com.br\/n\/uploads\/2021\/02\/adf332d8-5-02-01-e1548785154214-jpg.webp","keywords":["Copel (CPLE3\/CPLE5\/CPLE6)","Credit Suisse (C1SU34)"],"articleSection":["Neg\u00f3cios"],"inLanguage":"pt-BR"},{"@type":"WebPage","@id":"https:\/\/www.suno.com.br\/noticias\/copel-cple6-credit-eleva-preco-alvo\/","url":"https:\/\/www.suno.com.br\/noticias\/copel-cple6-credit-eleva-preco-alvo\/","name":"Copel (CPLE6): Credit Suisse eleva pre\u00e7o-alvo de R$ 70 para R$ 76","isPartOf":{"@id":"https:\/\/www.suno.com.br\/noticias\/#website"},"primaryImageOfPage":{"@id":"https:\/\/www.suno.com.br\/noticias\/copel-cple6-credit-eleva-preco-alvo\/#primaryimage"},"image":{"@id":"https:\/\/www.suno.com.br\/noticias\/copel-cple6-credit-eleva-preco-alvo\/#primaryimage"},"thumbnailUrl":"https:\/\/files.sunoresearch.com.br\/n\/uploads\/2021\/02\/adf332d8-5-02-01-e1548785154214-jpg.webp","datePublished":"2020-11-30T14:30:36+00:00","dateModified":"2021-07-02T20:17:00+00:00","description":"O Credit Suisse elevou o pre\u00e7o-alvo para as a\u00e7\u00f5es da Copel (CPLE6) de R$ 70 para R$ 76 e elevou o rating para Neutro. Leia mais.","breadcrumb":{"@id":"https:\/\/www.suno.com.br\/noticias\/copel-cple6-credit-eleva-preco-alvo\/#breadcrumb"},"inLanguage":"pt-BR","potentialAction":[{"@type":"ReadAction","target":["https:\/\/www.suno.com.br\/noticias\/copel-cple6-credit-eleva-preco-alvo\/"]}]},{"@type":"ImageObject","inLanguage":"pt-BR","@id":"https:\/\/www.suno.com.br\/noticias\/copel-cple6-credit-eleva-preco-alvo\/#primaryimage","url":"https:\/\/files.sunoresearch.com.br\/n\/uploads\/2021\/02\/adf332d8-5-02-01-e1548785154214-jpg.webp","contentUrl":"https:\/\/files.sunoresearch.com.br\/n\/uploads\/2021\/02\/adf332d8-5-02-01-e1548785154214-jpg.webp","width":1400,"height":933,"caption":"A Copel (CPLE6) informou ao mercado na \u00faltima segunda que seus sistemas sofreram um ataque cibern\u00e9tico."},{"@type":"BreadcrumbList","@id":"https:\/\/www.suno.com.br\/noticias\/copel-cple6-credit-eleva-preco-alvo\/#breadcrumb","itemListElement":[{"@type":"ListItem","position":1,"name":"Not\u00edcias","item":"https:\/\/www.suno.com.br\/noticias\/"},{"@type":"ListItem","position":2,"name":"Neg\u00f3cios","item":"https:\/\/www.suno.com.br\/noticias\/negocios\/"},{"@type":"ListItem","position":3,"name":"Copel (CPLE6): Credit Suisse eleva pre\u00e7o-alvo de R$ 70 para R$ 76"}]},{"@type":"WebSite","@id":"https:\/\/www.suno.com.br\/noticias\/#website","url":"https:\/\/www.suno.com.br\/noticias\/","name":"Suno Not\u00edcias","description":"Seu portal de informa\u00e7\u00e3o sobre o mundo dos investimentos","publisher":{"@id":"https:\/\/www.suno.com.br\/noticias\/#organization"},"potentialAction":[{"@type":"SearchAction","target":{"@type":"EntryPoint","urlTemplate":"https:\/\/www.suno.com.br\/noticias\/?s={search_term_string}"},"query-input":{"@type":"PropertyValueSpecification","valueRequired":true,"valueName":"search_term_string"}}],"inLanguage":"pt-BR"},{"@type":"Organization","@id":"https:\/\/www.suno.com.br\/noticias\/#organization","name":"Suno Not\u00edcias","url":"https:\/\/www.suno.com.br\/noticias\/","logo":{"@type":"ImageObject","inLanguage":"pt-BR","@id":"https:\/\/www.suno.com.br\/noticias\/#\/schema\/logo\/image\/","url":"https:\/\/files.sunoresearch.com.br\/n\/uploads\/2021\/09\/suno-logo.png","contentUrl":"https:\/\/files.sunoresearch.com.br\/n\/uploads\/2021\/09\/suno-logo.png","width":180,"height":180,"caption":"Suno Not\u00edcias"},"image":{"@id":"https:\/\/www.suno.com.br\/noticias\/#\/schema\/logo\/image\/"},"sameAs":["https:\/\/facebook.com\/sunoresearch","https:\/\/x.com\/sunoresearch","https:\/\/www.instagram.com\/suno","https:\/\/www.linkedin.com\/company\/suno-research\/","https:\/\/www.youtube.com\/c\/sunoresearch"]},{"@type":"Person","@id":"https:\/\/www.suno.com.br\/noticias\/#\/schema\/person\/1b24d67c140a42e864ef414497edb164","name":"Natalia G\u00f3mez","image":{"@type":"ImageObject","inLanguage":"pt-BR","@id":"https:\/\/www.suno.com.br\/noticias\/#\/schema\/person\/image\/","url":"https:\/\/secure.gravatar.com\/avatar\/9e957e0b2b485c2d42c3f4145c16d940?s=96&r=g","contentUrl":"https:\/\/secure.gravatar.com\/avatar\/9e957e0b2b485c2d42c3f4145c16d940?s=96&r=g","caption":"Natalia G\u00f3mez"},"description":"Editora do Suno Not\u00edcias desde outubro de 2020, \u00e9 jornalista formada pela PUC-SP, com p\u00f3s-gradua\u00e7\u00e3o em jornalismo liter\u00e1rio. Atua no mercado financeiro desde 2003, quando iniciou a carreira no jornal econ\u00f4mico DCI, cobrindo o setor de alimentos no caderno de Ind\u00fastria. Foi trainee do jornal Valor Econ\u00f4mico, onde atuou no Caderno de Empresas por quase tr\u00eas anos. L\u00e1, cobriu o setor de ind\u00fastria, com foco em siderurgia, embalagens e aeroespacial. Fez coberturas setoriais em viagens para S\u00e3o Jos\u00e9 dos Campos e Franca (SP), al\u00e9m de coberturas internacionais na Alemanha e na Su\u00e9cia. Trabalhou por cinco anos na Ag\u00eancia Estado\/Broadcast, do Grupo Estado, onde foi rep\u00f3rter dos setores de minera\u00e7\u00e3o e siderurgia, alimentos e bebidas e finan\u00e7as. Foi premiada como o pr\u00eamio Destaque de Reportagem da AE em 2007 e 2008. Al\u00e9m de atuar no servi\u00e7o de not\u00edcias em tempo real, fez participa\u00e7\u00f5es no caderno de Economia do jornal Estado de S.Paulo e na R\u00e1dio Eldorado. Ainda no Grupo Estado, foi editora assistente da editoria Empresas e Setores, atuando com edi\u00e7\u00e3o e pauta, al\u00e9m de cobrir mercados diariamente com o cen\u00e1rio de bolsa e fazer reportagens especiais com foco em governan\u00e7a corporativa. Trabalhou tamb\u00e9m como correspondente de finan\u00e7as no servi\u00e7o da Thomson Reuters em portugu\u00eas por quase um ano. Atuou por cerca de oito anos como jornalista independente, contribuindo para ve\u00edculos como UOL Economia, Infomoney e Revista Voc\u00ea SA, al\u00e9m de ter trabalhado em projetos na \u00e1rea de conte\u00fado e comunica\u00e7\u00e3o de institui\u00e7\u00f5es financeiras como Anbima, Banco BS2, Banco Pine, Ita\u00fa BBA e EQI.","url":"https:\/\/www.suno.com.br\/noticias\/author\/natalia-gomez\/"}]}},"default_loop_html":"<div class=\"cardsPage__listCard__boxs\"><div class=\"cardsPage__listCard__boxs__img\"><a href=\"https:\/\/www.suno.com.br\/noticias\/copel-cple6-credit-eleva-preco-alvo\/\"><img class=\"mask\" src=\"https:\/\/www.suno.com.br\/noticias\/wp-content\/themes\/suno\/resources\/images\/spotlight\/spotlight1img\/bg-mask.png\" alt=\"Image Mask\"\/><img src=\"https:\/\/files.sunoresearch.com.br\/n\/uploads\/2021\/02\/adf332d8-5-02-01-e1548785154214-400x200.webp\" alt=\"Copel (CPLE6): Credit Suisse eleva pre\u00e7o-alvo de R$ 70 para R$ 76\"\/><\/a><span class=\"spotlightCategory\"><a href=\"https:\/\/www.suno.com.br\/noticias\/negocios\/\">Neg\u00f3cios<\/a><\/span><\/div><div class=\"cardsPage__listCard__boxs__content\"><a href=\"https:\/\/www.suno.com.br\/noticias\/copel-cple6-credit-eleva-preco-alvo\/\"><h2 class=\"content__title\">Copel (CPLE6): Credit Suisse eleva pre\u00e7o-alvo de R$ 70 para R$ 76<\/h2><\/a><div class=\"newsContent__article__meta\"><div class=\"newsContent__article__meta__authorBox\"><a href=\"https:\/\/www.suno.com.br\/noticias\/author\/natalia-gomez\/\" class=\"authorBox__avatar noMobi\"><img src=\"https:\/\/secure.gravatar.com\/avatar\/9e957e0b2b485c2d42c3f4145c16d940?s=96&#038;r=g\" alt=\"Natalia G\u00f3mez\"><\/a><div class=\"authorBox__name\"><span>por\n\t\t\t<a href=\"https:\/\/www.suno.com.br\/noticias\/author\/natalia-gomez\/\"><span itemprop=\"author\">Natalia G\u00f3mez<\/span><\/a><\/span><time datetime=\"2020-11-30T11:30:36-03:00\" itemprop=\"datePublished\">30\/11\/2020 11:30<\/time><\/div><\/div><\/div><\/div><\/div>","single_layout":"posts","amp_enabled":true,"_links":{"self":[{"href":"https:\/\/www.suno.com.br\/noticias\/wp-json\/wp\/v2\/posts\/104148"}],"collection":[{"href":"https:\/\/www.suno.com.br\/noticias\/wp-json\/wp\/v2\/posts"}],"about":[{"href":"https:\/\/www.suno.com.br\/noticias\/wp-json\/wp\/v2\/types\/post"}],"author":[{"embeddable":true,"href":"https:\/\/www.suno.com.br\/noticias\/wp-json\/wp\/v2\/users\/60"}],"replies":[{"embeddable":true,"href":"https:\/\/www.suno.com.br\/noticias\/wp-json\/wp\/v2\/comments?post=104148"}],"version-history":[{"count":2,"href":"https:\/\/www.suno.com.br\/noticias\/wp-json\/wp\/v2\/posts\/104148\/revisions"}],"predecessor-version":[{"id":163368,"href":"https:\/\/www.suno.com.br\/noticias\/wp-json\/wp\/v2\/posts\/104148\/revisions\/163368"}],"wp:featuredmedia":[{"embeddable":true,"href":"https:\/\/www.suno.com.br\/noticias\/wp-json\/wp\/v2\/media\/117927"}],"wp:attachment":[{"href":"https:\/\/www.suno.com.br\/noticias\/wp-json\/wp\/v2\/media?parent=104148"}],"wp:term":[{"taxonomy":"category","embeddable":true,"href":"https:\/\/www.suno.com.br\/noticias\/wp-json\/wp\/v2\/categories?post=104148"},{"taxonomy":"post_tag","embeddable":true,"href":"https:\/\/www.suno.com.br\/noticias\/wp-json\/wp\/v2\/tags?post=104148"},{"taxonomy":"suno_strategy","embeddable":true,"href":"https:\/\/www.suno.com.br\/noticias\/wp-json\/wp\/v2\/suno_strategy?post=104148"}],"curies":[{"name":"wp","href":"https:\/\/api.w.org\/{rel}","templated":true}]}}