{"id":104050,"date":"2020-11-29T14:03:17","date_gmt":"2020-11-29T17:03:17","guid":{"rendered":"https:\/\/www.suno.com.br\/noticias\/?p=104050"},"modified":"2020-12-17T20:17:09","modified_gmt":"2020-12-17T23:17:09","slug":"banco-pan-bpan4-eleicao-conselho","status":"publish","type":"post","link":"https:\/\/www.suno.com.br\/noticias\/banco-pan-bpan4-eleicao-conselho\/","title":{"rendered":"Banco Pan (BPAN4) votar\u00e1 elei\u00e7\u00e3o de Celso Barbosa ao conselho no dia 14"},"content":{"rendered":"<p>O <a href=\"https:\/\/www.suno.com.br\/acoes\/bpan4\/\"><strong>Banco Pan<\/strong> (BPAN4)<\/a> convocou uma <a href=\"https:\/\/www.suno.com.br\/artigos\/assembleia-geral-extraordinaria\/\">assembleia geral extraordin\u00e1ria (AGE)<\/a> para o pr\u00f3ximo dia 14 de dezembro para votar a nomea\u00e7\u00e3o de Celso Leonardo Derzi\u00ea de Jesus Barbosa para o <a href=\"https:\/\/www.suno.com.br\/artigos\/conselho-administracao\/\">conselho de administra\u00e7\u00e3o<\/a>.<\/p>\t<div class=\"wrapper-featured-image\">\n\t\t<figure class=\"spotlightImg\">\n\n\t\t\t<picture>\n\t\t\t\t<source media=\"(max-width: 768px)\" srcset=\"https:\/\/files.sunoresearch.com.br\/n\/uploads\/2020\/10\/0cb5586b-pan-300x225-1-jpg.webp\">\n\t\t\t\t<img loading=\"lazy\" decoding=\"async\" class=\"newsContent__article__imgCapa lazyloadDisabled \" src=\"https:\/\/files.sunoresearch.com.br\/n\/uploads\/2020\/10\/0cb5586b-pan-300x225-1-jpg.webp\" width=\"800\" height=\"450\" alt=\"Banco Pan (BPAN4) votar\u00e1 elei\u00e7\u00e3o de Celso Barbosa ao conselho no dia 14\" fetchpriority=high \/>\n\t\t\t<\/picture>\n\n\t\t\t<figcaption class=\"wp-caption-text wp-caption-text--show\">O Banco Pan (BPAN4) convocou uma AGE para o pr\u00f3ximo dia 14<\/figcaption>\n\t\t<\/figure>\n\t<\/div>\n\n\n\t<p>\n\t\t<a href=\"https:\/\/lp.suno.com.br\/planilha-controle-gastos\/\" target=\"_blank\" data-element=\"shortcode-suno-banner\" title=\"Banner SUNO, clique e saiba mais\">\n\t\t\t<picture>\n\t\t\t\t<source media=\"(max-width: 500px)\" srcset=\"https:\/\/files.sunoresearch.com.br\/n\/uploads\/2023\/03\/400x300-Planilha-controle-de-gastos.png\">\n\t\t\t\t<img class=\"newsContent__article__imgCapa newsContent__article__imgCapa--banner\"\n\t\t\t\t\tsrc=\"https:\/\/files.sunoresearch.com.br\/n\/uploads\/2023\/03\/1420x240-Planilha-controle-de-gastos.png\"\n\t\t\t\t\tdata-promo-id=\"101751\"\t\t\t\t\t\t\t\t\t\twidth='1420' height='240'\t\t\t\t\talt=\"https:\/\/files.sunoresearch.com.br\/n\/uploads\/2023\/03\/1420x240-Planilha-controle-de-gastos.png\"\n\t\t\t\t>\n\t\t\t<\/picture>\n\t\t<\/a>\n\t<\/p>\n\n\n<p>O executivo foi apontado pela <strong>Caixa Econ\u00f4mica Federal<\/strong>, que controla o Banco Pan junto com o <a href=\"https:\/\/www.suno.com.br\/acoes\/bpac11\/\">BTG Pactual (BPAC11)<\/a>.<\/p>\n<p>Barbosa atua como vice-presidente de Varejo da Caixa, cargo para o qual foi nomeado em abril deste ano durante a reestrutura\u00e7\u00e3o implantada pela gest\u00e3o de <a href=\"https:\/\/www.suno.com.br\/tudo-sobre\/pedro-guimaraes\/\">Pedro Guimar\u00e3es<\/a>.<\/p>\n\t<p>\n\t\t<a href=\"https:\/\/lp.suno.com.br\/planilha-controle-gastos\/\" target=\"_blank\" data-element=\"shortcode-suno-banner\" title=\"Banner SUNO, clique e saiba mais\">\n\t\t\t<picture>\n\t\t\t\t<source media=\"(max-width: 500px)\" srcset=\"https:\/\/files.sunoresearch.com.br\/n\/uploads\/2023\/03\/400x300-Planilha-controle-de-gastos.png\">\n\t\t\t\t<img class=\"newsContent__article__imgCapa newsContent__article__imgCapa--banner\"\n\t\t\t\t\tsrc=\"https:\/\/files.sunoresearch.com.br\/n\/uploads\/2023\/03\/1420x240-Planilha-controle-de-gastos.png\"\n\t\t\t\t\tdata-promo-id=\"101751\"\t\t\t\t\t\t\t\t\t\twidth='1420' height='240'\t\t\t\t\talt=\"https:\/\/files.sunoresearch.com.br\/n\/uploads\/2023\/03\/1420x240-Planilha-controle-de-gastos.png\"\n\t\t\t\t>\n\t\t\t<\/picture>\n\t\t<\/a>\n\t<\/p>\n\n\n<p>De acordo com seu perfil no LinkedIn, o executivo \u00e9 formado em Administra\u00e7\u00e3o pela Pontif\u00edcia Universidade Cat\u00f3lica do Rio de Janeiro (PUC-Rio), com MBA em Gest\u00e3o de Neg\u00f3cio e mestrado em Qualidade e Inova\u00e7\u00e3o, \u00c1rea de estudo Gest\u00e3o Inova\u00e7\u00e3o e processos da Qualidade pela mesma institui\u00e7\u00e3o.<\/p>\n<p>As a\u00e7\u00f5es do Banco Pan, negociadas na <a href=\"https:\/\/www.suno.com.br\/artigos\/b3\/\">Bolsa de Valores de S\u00e3o Paulo (B3)<\/a> com o c\u00f3digo &#8220;BPAN4&#8221;, fecharam o preg\u00e3o da \u00faltima sexta-feira em queda de 1,84%, a R$ 9,57.<\/p>\n<h2>Banco Pan tem lucro de R$ 170 mi no 3\u00ba trimestre<\/h2>\n<p>O Banco Pan apurou um <a href=\"https:\/\/www.suno.com.br\/artigos\/lucro-liquido\/\">lucro l\u00edquido<\/a> de R$ 170 milh\u00f5es, um crescimento de 26% frente ao lucro de R$ 135 milh\u00f5es do mesmo per\u00edodo do ano passado. O indicador foi impulsionado pela margem financeira robusta; ao aumento da efici\u00eancia; e \u00e0 expans\u00e3o da carteira core.<\/p>\n<p>A <strong>carteira de cr\u00e9dito<\/strong> encerrou o terceiro trimestre com saldo de R$ 25,300 milh\u00f5es, um avan\u00e7o de 7% em rela\u00e7\u00e3o a um ano antes. As <strong>receitas da intermedia\u00e7\u00e3o financeira\u00a0<\/strong>chegaram a R$ 6,966 bilh\u00f5es, ante resultado de R$ 5,95 bilh\u00f5es em igual per\u00edodo de 2019.<\/p>\n\t<div data-element=\"shortcode-read-more\" class=\"knowMore\">\n\t\t\t\t<span class=\"knowMore__title\">Saiba mais<\/span>\n\t\t\t\t<a class=\"knowMore__link\" href=\"https:\/\/www.suno.com.br\/noticias\/banco-pan-bpan4-registra-lucro-de-r-170-mi-no-3o-trimestre-alta-de-26\/\">\n\t\t\tBanco Pan (BPAN4) registra lucro de R$ 170 mi no 3\u00ba trimestre, alta de 26%\t\t<\/a>\n\t<\/div>\n\n\n<p>Depois de um aumento nas <strong>despesas com provis\u00e3o de cr\u00e9dito<\/strong> no segundo trimestre, o indicador no terceiro trimestre registrou uma melhora, atingindo despesas de R$ 366 milh\u00f5es. A<a href=\"https:\/\/www.suno.com.br\/artigos\/inadimplencia\/\">\u00a0inadimpl\u00eancia<\/a> de 15 a 90 dias de atraso apresentou um recuo de 8,9% em junho para 7,3% em setembro, com \u00edndices mais baixos do que o pr\u00e9-crise.<\/p>\n<p>O <a href=\"https:\/\/www.suno.com.br\/artigos\/roe\/\">retorno anualizado sobre patrim\u00f4nio l\u00edquido m\u00e9dio<\/a> do <strong>Banco Pan<\/strong> atingiu 13,2% no terceiro trimestre.<\/p>\n\t<p>\n\t\t<a href=\"https:\/\/lp.suno.com.br\/planilha-de-controle-de-investimentos\/\" target=\"_blank\" data-element=\"shortcode-suno-banner\" title=\"Banner SUNO, clique e saiba mais\">\n\t\t\t<picture>\n\t\t\t\t<source media=\"(max-width: 500px)\" srcset=\"https:\/\/files.sunoresearch.com.br\/n\/uploads\/2023\/03\/400x300-Controle-de-Investimentos.png\">\n\t\t\t\t<img class=\"newsContent__article__imgCapa newsContent__article__imgCapa--banner\"\n\t\t\t\t\tsrc=\"https:\/\/files.sunoresearch.com.br\/n\/uploads\/2023\/03\/1420x240-Controle-de-Investimentos.png\"\n\t\t\t\t\tdata-promo-id=\"75934\"\t\t\t\t\t\t\t\t\t\twidth='1420' height='240'\t\t\t\t\talt=\"https:\/\/files.sunoresearch.com.br\/n\/uploads\/2023\/03\/1420x240-Controle-de-Investimentos.png\"\n\t\t\t\t>\n\t\t\t<\/picture>\n\t\t<\/a>\n\t<\/p>\n\n\n","protected":false},"excerpt":{"rendered":"<p>O Banco Pan (BPAN4) convocou uma assembleia geral extraordin\u00e1ria (AGE) para o pr\u00f3ximo dia 14 de dezembro para votar a nomea\u00e7\u00e3o de Celso Leonardo Derzi\u00ea de Jesus Barbosa para o conselho de administra\u00e7\u00e3o. O Banco Pan (BPAN4) convocou uma AGE para o pr\u00f3ximo dia 14 O executivo foi apontado pela Caixa Econ\u00f4mica Federal, que controla [&hellip;]<\/p>\n","protected":false},"author":35,"featured_media":91819,"comment_status":"closed","ping_status":"closed","sticky":false,"template":"","format":"standard","meta":[],"categories":[64],"tags":[370,2721],"suno_strategy":[],"class_list":["post-104050","post","type-post","status-publish","format-standard","has-post-thumbnail","hentry","category-negocios","tag-banco-pan-bpan4","tag-conselho-de-administracao"],"yoast_head":"<!-- This site is optimized with the Yoast SEO plugin v24.4 - https:\/\/yoast.com\/wordpress\/plugins\/seo\/ -->\n<title>Banco Pan (BPAN4) votar\u00e1 elei\u00e7\u00e3o de Celso Barbosa no dia 14<\/title>\n<meta name=\"description\" content=\"O Banco Pan (BPAN4) convocou uma AGE para votar nomea\u00e7\u00e3o de Celso Barbosa para o conselho de administra\u00e7\u00e3o. Clique para saber mais\" \/>\n<meta name=\"robots\" content=\"index, follow, max-snippet:-1, max-image-preview:large, max-video-preview:-1\" \/>\n<link rel=\"canonical\" href=\"https:\/\/www.suno.com.br\/noticias\/banco-pan-bpan4-eleicao-conselho\/\" \/>\n<meta property=\"og:locale\" content=\"pt_BR\" \/>\n<meta property=\"og:type\" content=\"article\" \/>\n<meta property=\"og:title\" content=\"Banco Pan (BPAN4) votar\u00e1 elei\u00e7\u00e3o de Celso Barbosa no dia 14\" \/>\n<meta property=\"og:description\" content=\"O Banco Pan (BPAN4) convocou uma AGE para votar nomea\u00e7\u00e3o de Celso Barbosa para o conselho de administra\u00e7\u00e3o. Clique para saber mais\" \/>\n<meta property=\"og:url\" content=\"https:\/\/www.suno.com.br\/noticias\/banco-pan-bpan4-eleicao-conselho\/\" \/>\n<meta property=\"og:site_name\" content=\"Suno Not\u00edcias\" \/>\n<meta property=\"article:publisher\" content=\"https:\/\/facebook.com\/sunoresearch\" \/>\n<meta property=\"og:image\" content=\"https:\/\/files.sunoresearch.com.br\/n\/uploads\/2020\/10\/0cb5586b-pan-300x225-1.jpg\" \/>\n\t<meta property=\"og:image:width\" content=\"300\" \/>\n\t<meta property=\"og:image:height\" content=\"225\" \/>\n\t<meta property=\"og:image:type\" content=\"image\/jpeg\" \/>\n<meta name=\"author\" content=\"Arthur Guimar\u00e3es\" \/>\n<meta name=\"twitter:card\" content=\"summary_large_image\" \/>\n<meta name=\"twitter:creator\" content=\"@sunoresearch\" \/>\n<meta name=\"twitter:site\" content=\"@sunoresearch\" \/>\n<meta name=\"twitter:label1\" content=\"Escrito por\" \/>\n\t<meta name=\"twitter:data1\" content=\"Arthur Guimar\u00e3es\" \/>\n\t<meta name=\"twitter:label2\" content=\"Est. tempo de leitura\" \/>\n\t<meta name=\"twitter:data2\" content=\"2 minutos\" \/>\n<script type=\"application\/ld+json\" class=\"yoast-schema-graph\">{\"@context\":\"https:\/\/schema.org\",\"@graph\":[{\"@type\":\"NewsArticle\",\"@id\":\"https:\/\/www.suno.com.br\/noticias\/banco-pan-bpan4-eleicao-conselho\/#article\",\"isPartOf\":{\"@id\":\"https:\/\/www.suno.com.br\/noticias\/banco-pan-bpan4-eleicao-conselho\/\"},\"author\":{\"name\":\"Arthur Guimar\u00e3es\",\"@id\":\"https:\/\/www.suno.com.br\/noticias\/#\/schema\/person\/053a750a709a263919a20f976caae91c\"},\"headline\":\"Banco Pan (BPAN4) votar\u00e1 elei\u00e7\u00e3o de Celso Barbosa ao conselho no dia 14\",\"datePublished\":\"2020-11-29T17:03:17+00:00\",\"dateModified\":\"2020-12-17T23:17:09+00:00\",\"mainEntityOfPage\":{\"@id\":\"https:\/\/www.suno.com.br\/noticias\/banco-pan-bpan4-eleicao-conselho\/\"},\"wordCount\":379,\"publisher\":{\"@id\":\"https:\/\/www.suno.com.br\/noticias\/#organization\"},\"image\":{\"@id\":\"https:\/\/www.suno.com.br\/noticias\/banco-pan-bpan4-eleicao-conselho\/#primaryimage\"},\"thumbnailUrl\":\"https:\/\/files.sunoresearch.com.br\/n\/uploads\/2020\/10\/0cb5586b-pan-300x225-1-jpg.webp\",\"keywords\":[\"Banco Pan (BPAN4)\",\"Conselho de Administra\u00e7\u00e3o\"],\"articleSection\":[\"Neg\u00f3cios\"],\"inLanguage\":\"pt-BR\"},{\"@type\":\"WebPage\",\"@id\":\"https:\/\/www.suno.com.br\/noticias\/banco-pan-bpan4-eleicao-conselho\/\",\"url\":\"https:\/\/www.suno.com.br\/noticias\/banco-pan-bpan4-eleicao-conselho\/\",\"name\":\"Banco Pan (BPAN4) votar\u00e1 elei\u00e7\u00e3o de Celso Barbosa no dia 14\",\"isPartOf\":{\"@id\":\"https:\/\/www.suno.com.br\/noticias\/#website\"},\"primaryImageOfPage\":{\"@id\":\"https:\/\/www.suno.com.br\/noticias\/banco-pan-bpan4-eleicao-conselho\/#primaryimage\"},\"image\":{\"@id\":\"https:\/\/www.suno.com.br\/noticias\/banco-pan-bpan4-eleicao-conselho\/#primaryimage\"},\"thumbnailUrl\":\"https:\/\/files.sunoresearch.com.br\/n\/uploads\/2020\/10\/0cb5586b-pan-300x225-1-jpg.webp\",\"datePublished\":\"2020-11-29T17:03:17+00:00\",\"dateModified\":\"2020-12-17T23:17:09+00:00\",\"description\":\"O Banco Pan (BPAN4) convocou uma AGE para votar nomea\u00e7\u00e3o de Celso Barbosa para o conselho de administra\u00e7\u00e3o. Clique para saber mais\",\"breadcrumb\":{\"@id\":\"https:\/\/www.suno.com.br\/noticias\/banco-pan-bpan4-eleicao-conselho\/#breadcrumb\"},\"inLanguage\":\"pt-BR\",\"potentialAction\":[{\"@type\":\"ReadAction\",\"target\":[\"https:\/\/www.suno.com.br\/noticias\/banco-pan-bpan4-eleicao-conselho\/\"]}]},{\"@type\":\"ImageObject\",\"inLanguage\":\"pt-BR\",\"@id\":\"https:\/\/www.suno.com.br\/noticias\/banco-pan-bpan4-eleicao-conselho\/#primaryimage\",\"url\":\"https:\/\/files.sunoresearch.com.br\/n\/uploads\/2020\/10\/0cb5586b-pan-300x225-1-jpg.webp\",\"contentUrl\":\"https:\/\/files.sunoresearch.com.br\/n\/uploads\/2020\/10\/0cb5586b-pan-300x225-1-jpg.webp\",\"width\":300,\"height\":225,\"caption\":\"O Banco Pan (BPAN4) convocou uma AGE para o pr\u00f3ximo dia 14\"},{\"@type\":\"BreadcrumbList\",\"@id\":\"https:\/\/www.suno.com.br\/noticias\/banco-pan-bpan4-eleicao-conselho\/#breadcrumb\",\"itemListElement\":[{\"@type\":\"ListItem\",\"position\":1,\"name\":\"Not\u00edcias\",\"item\":\"https:\/\/www.suno.com.br\/noticias\/\"},{\"@type\":\"ListItem\",\"position\":2,\"name\":\"Neg\u00f3cios\",\"item\":\"https:\/\/www.suno.com.br\/noticias\/negocios\/\"},{\"@type\":\"ListItem\",\"position\":3,\"name\":\"Banco Pan (BPAN4) votar\u00e1 elei\u00e7\u00e3o de Celso Barbosa ao conselho no dia 14\"}]},{\"@type\":\"WebSite\",\"@id\":\"https:\/\/www.suno.com.br\/noticias\/#website\",\"url\":\"https:\/\/www.suno.com.br\/noticias\/\",\"name\":\"Suno Not\u00edcias\",\"description\":\"Seu portal de informa\u00e7\u00e3o sobre o mundo dos investimentos\",\"publisher\":{\"@id\":\"https:\/\/www.suno.com.br\/noticias\/#organization\"},\"potentialAction\":[{\"@type\":\"SearchAction\",\"target\":{\"@type\":\"EntryPoint\",\"urlTemplate\":\"https:\/\/www.suno.com.br\/noticias\/?s={search_term_string}\"},\"query-input\":{\"@type\":\"PropertyValueSpecification\",\"valueRequired\":true,\"valueName\":\"search_term_string\"}}],\"inLanguage\":\"pt-BR\"},{\"@type\":\"Organization\",\"@id\":\"https:\/\/www.suno.com.br\/noticias\/#organization\",\"name\":\"Suno Not\u00edcias\",\"url\":\"https:\/\/www.suno.com.br\/noticias\/\",\"logo\":{\"@type\":\"ImageObject\",\"inLanguage\":\"pt-BR\",\"@id\":\"https:\/\/www.suno.com.br\/noticias\/#\/schema\/logo\/image\/\",\"url\":\"https:\/\/files.sunoresearch.com.br\/n\/uploads\/2021\/09\/suno-logo.png\",\"contentUrl\":\"https:\/\/files.sunoresearch.com.br\/n\/uploads\/2021\/09\/suno-logo.png\",\"width\":180,\"height\":180,\"caption\":\"Suno Not\u00edcias\"},\"image\":{\"@id\":\"https:\/\/www.suno.com.br\/noticias\/#\/schema\/logo\/image\/\"},\"sameAs\":[\"https:\/\/facebook.com\/sunoresearch\",\"https:\/\/x.com\/sunoresearch\",\"https:\/\/www.instagram.com\/suno\",\"https:\/\/www.linkedin.com\/company\/suno-research\/\",\"https:\/\/www.youtube.com\/c\/sunoresearch\"]},{\"@type\":\"Person\",\"@id\":\"https:\/\/www.suno.com.br\/noticias\/#\/schema\/person\/053a750a709a263919a20f976caae91c\",\"name\":\"Arthur Guimar\u00e3es\",\"image\":{\"@type\":\"ImageObject\",\"inLanguage\":\"pt-BR\",\"@id\":\"https:\/\/www.suno.com.br\/noticias\/#\/schema\/person\/image\/\",\"url\":\"https:\/\/secure.gravatar.com\/avatar\/1affd86a11209ae09eb6dd3bcad3e96c?s=96&r=g\",\"contentUrl\":\"https:\/\/secure.gravatar.com\/avatar\/1affd86a11209ae09eb6dd3bcad3e96c?s=96&r=g\",\"caption\":\"Arthur Guimar\u00e3es\"},\"description\":\"Arthur Guimar\u00e3es escreve sobre pol\u00edtica, economia e neg\u00f3cios para o portal de not\u00edcias da Suno Research. Atualmente, \u00e9 estudante de jornalismo pela Faculdade C\u00e1sper L\u00edbero.\",\"url\":\"https:\/\/www.suno.com.br\/noticias\/author\/arthur-guimaraes\/\"}]}<\/script>\n<!-- \/ Yoast SEO plugin. -->","yoast_head_json":{"title":"Banco Pan (BPAN4) votar\u00e1 elei\u00e7\u00e3o de Celso Barbosa no dia 14","description":"O Banco Pan (BPAN4) convocou uma AGE para votar nomea\u00e7\u00e3o de Celso Barbosa para o conselho de administra\u00e7\u00e3o. Clique para saber mais","robots":{"index":"index","follow":"follow","max-snippet":"max-snippet:-1","max-image-preview":"max-image-preview:large","max-video-preview":"max-video-preview:-1"},"canonical":"https:\/\/www.suno.com.br\/noticias\/banco-pan-bpan4-eleicao-conselho\/","og_locale":"pt_BR","og_type":"article","og_title":"Banco Pan (BPAN4) votar\u00e1 elei\u00e7\u00e3o de Celso Barbosa no dia 14","og_description":"O Banco Pan (BPAN4) convocou uma AGE para votar nomea\u00e7\u00e3o de Celso Barbosa para o conselho de administra\u00e7\u00e3o. Clique para saber mais","og_url":"https:\/\/www.suno.com.br\/noticias\/banco-pan-bpan4-eleicao-conselho\/","og_site_name":"Suno Not\u00edcias","article_publisher":"https:\/\/facebook.com\/sunoresearch","og_image":[{"width":300,"height":225,"url":"https:\/\/files.sunoresearch.com.br\/n\/uploads\/2020\/10\/0cb5586b-pan-300x225-1.jpg","type":"image\/jpeg"}],"author":"Arthur Guimar\u00e3es","twitter_card":"summary_large_image","twitter_creator":"@sunoresearch","twitter_site":"@sunoresearch","twitter_misc":{"Escrito por":"Arthur Guimar\u00e3es","Est. tempo de leitura":"2 minutos"},"schema":{"@context":"https:\/\/schema.org","@graph":[{"@type":"NewsArticle","@id":"https:\/\/www.suno.com.br\/noticias\/banco-pan-bpan4-eleicao-conselho\/#article","isPartOf":{"@id":"https:\/\/www.suno.com.br\/noticias\/banco-pan-bpan4-eleicao-conselho\/"},"author":{"name":"Arthur Guimar\u00e3es","@id":"https:\/\/www.suno.com.br\/noticias\/#\/schema\/person\/053a750a709a263919a20f976caae91c"},"headline":"Banco Pan (BPAN4) votar\u00e1 elei\u00e7\u00e3o de Celso Barbosa ao conselho no dia 14","datePublished":"2020-11-29T17:03:17+00:00","dateModified":"2020-12-17T23:17:09+00:00","mainEntityOfPage":{"@id":"https:\/\/www.suno.com.br\/noticias\/banco-pan-bpan4-eleicao-conselho\/"},"wordCount":379,"publisher":{"@id":"https:\/\/www.suno.com.br\/noticias\/#organization"},"image":{"@id":"https:\/\/www.suno.com.br\/noticias\/banco-pan-bpan4-eleicao-conselho\/#primaryimage"},"thumbnailUrl":"https:\/\/files.sunoresearch.com.br\/n\/uploads\/2020\/10\/0cb5586b-pan-300x225-1-jpg.webp","keywords":["Banco Pan (BPAN4)","Conselho de Administra\u00e7\u00e3o"],"articleSection":["Neg\u00f3cios"],"inLanguage":"pt-BR"},{"@type":"WebPage","@id":"https:\/\/www.suno.com.br\/noticias\/banco-pan-bpan4-eleicao-conselho\/","url":"https:\/\/www.suno.com.br\/noticias\/banco-pan-bpan4-eleicao-conselho\/","name":"Banco Pan (BPAN4) votar\u00e1 elei\u00e7\u00e3o de Celso Barbosa no dia 14","isPartOf":{"@id":"https:\/\/www.suno.com.br\/noticias\/#website"},"primaryImageOfPage":{"@id":"https:\/\/www.suno.com.br\/noticias\/banco-pan-bpan4-eleicao-conselho\/#primaryimage"},"image":{"@id":"https:\/\/www.suno.com.br\/noticias\/banco-pan-bpan4-eleicao-conselho\/#primaryimage"},"thumbnailUrl":"https:\/\/files.sunoresearch.com.br\/n\/uploads\/2020\/10\/0cb5586b-pan-300x225-1-jpg.webp","datePublished":"2020-11-29T17:03:17+00:00","dateModified":"2020-12-17T23:17:09+00:00","description":"O Banco Pan (BPAN4) convocou uma AGE para votar nomea\u00e7\u00e3o de Celso Barbosa para o conselho de administra\u00e7\u00e3o. Clique para saber mais","breadcrumb":{"@id":"https:\/\/www.suno.com.br\/noticias\/banco-pan-bpan4-eleicao-conselho\/#breadcrumb"},"inLanguage":"pt-BR","potentialAction":[{"@type":"ReadAction","target":["https:\/\/www.suno.com.br\/noticias\/banco-pan-bpan4-eleicao-conselho\/"]}]},{"@type":"ImageObject","inLanguage":"pt-BR","@id":"https:\/\/www.suno.com.br\/noticias\/banco-pan-bpan4-eleicao-conselho\/#primaryimage","url":"https:\/\/files.sunoresearch.com.br\/n\/uploads\/2020\/10\/0cb5586b-pan-300x225-1-jpg.webp","contentUrl":"https:\/\/files.sunoresearch.com.br\/n\/uploads\/2020\/10\/0cb5586b-pan-300x225-1-jpg.webp","width":300,"height":225,"caption":"O Banco Pan (BPAN4) convocou uma AGE para o pr\u00f3ximo dia 14"},{"@type":"BreadcrumbList","@id":"https:\/\/www.suno.com.br\/noticias\/banco-pan-bpan4-eleicao-conselho\/#breadcrumb","itemListElement":[{"@type":"ListItem","position":1,"name":"Not\u00edcias","item":"https:\/\/www.suno.com.br\/noticias\/"},{"@type":"ListItem","position":2,"name":"Neg\u00f3cios","item":"https:\/\/www.suno.com.br\/noticias\/negocios\/"},{"@type":"ListItem","position":3,"name":"Banco Pan (BPAN4) votar\u00e1 elei\u00e7\u00e3o de Celso Barbosa ao conselho no dia 14"}]},{"@type":"WebSite","@id":"https:\/\/www.suno.com.br\/noticias\/#website","url":"https:\/\/www.suno.com.br\/noticias\/","name":"Suno Not\u00edcias","description":"Seu portal de informa\u00e7\u00e3o sobre o mundo dos investimentos","publisher":{"@id":"https:\/\/www.suno.com.br\/noticias\/#organization"},"potentialAction":[{"@type":"SearchAction","target":{"@type":"EntryPoint","urlTemplate":"https:\/\/www.suno.com.br\/noticias\/?s={search_term_string}"},"query-input":{"@type":"PropertyValueSpecification","valueRequired":true,"valueName":"search_term_string"}}],"inLanguage":"pt-BR"},{"@type":"Organization","@id":"https:\/\/www.suno.com.br\/noticias\/#organization","name":"Suno Not\u00edcias","url":"https:\/\/www.suno.com.br\/noticias\/","logo":{"@type":"ImageObject","inLanguage":"pt-BR","@id":"https:\/\/www.suno.com.br\/noticias\/#\/schema\/logo\/image\/","url":"https:\/\/files.sunoresearch.com.br\/n\/uploads\/2021\/09\/suno-logo.png","contentUrl":"https:\/\/files.sunoresearch.com.br\/n\/uploads\/2021\/09\/suno-logo.png","width":180,"height":180,"caption":"Suno Not\u00edcias"},"image":{"@id":"https:\/\/www.suno.com.br\/noticias\/#\/schema\/logo\/image\/"},"sameAs":["https:\/\/facebook.com\/sunoresearch","https:\/\/x.com\/sunoresearch","https:\/\/www.instagram.com\/suno","https:\/\/www.linkedin.com\/company\/suno-research\/","https:\/\/www.youtube.com\/c\/sunoresearch"]},{"@type":"Person","@id":"https:\/\/www.suno.com.br\/noticias\/#\/schema\/person\/053a750a709a263919a20f976caae91c","name":"Arthur Guimar\u00e3es","image":{"@type":"ImageObject","inLanguage":"pt-BR","@id":"https:\/\/www.suno.com.br\/noticias\/#\/schema\/person\/image\/","url":"https:\/\/secure.gravatar.com\/avatar\/1affd86a11209ae09eb6dd3bcad3e96c?s=96&r=g","contentUrl":"https:\/\/secure.gravatar.com\/avatar\/1affd86a11209ae09eb6dd3bcad3e96c?s=96&r=g","caption":"Arthur Guimar\u00e3es"},"description":"Arthur Guimar\u00e3es escreve sobre pol\u00edtica, economia e neg\u00f3cios para o portal de not\u00edcias da Suno Research. Atualmente, \u00e9 estudante de jornalismo pela Faculdade C\u00e1sper L\u00edbero.","url":"https:\/\/www.suno.com.br\/noticias\/author\/arthur-guimaraes\/"}]}},"default_loop_html":"<div class=\"cardsPage__listCard__boxs\"><div class=\"cardsPage__listCard__boxs__img\"><a href=\"https:\/\/www.suno.com.br\/noticias\/banco-pan-bpan4-eleicao-conselho\/\"><img class=\"mask\" src=\"https:\/\/www.suno.com.br\/noticias\/wp-content\/themes\/suno\/resources\/images\/spotlight\/spotlight1img\/bg-mask.png\" alt=\"Image Mask\"\/><img src=\"https:\/\/files.sunoresearch.com.br\/n\/uploads\/2020\/10\/0cb5586b-pan-300x225-1-jpg.webp\" alt=\"Banco Pan (BPAN4) votar\u00e1 elei\u00e7\u00e3o de Celso Barbosa ao conselho no dia 14\"\/><\/a><span class=\"spotlightCategory\"><a href=\"https:\/\/www.suno.com.br\/noticias\/negocios\/\">Neg\u00f3cios<\/a><\/span><\/div><div class=\"cardsPage__listCard__boxs__content\"><a href=\"https:\/\/www.suno.com.br\/noticias\/banco-pan-bpan4-eleicao-conselho\/\"><h2 class=\"content__title\">Banco Pan (BPAN4) votar\u00e1 elei\u00e7\u00e3o de Celso Barbosa ao conselho no dia 14<\/h2><\/a><div class=\"newsContent__article__meta\"><div class=\"newsContent__article__meta__authorBox\"><a href=\"https:\/\/www.suno.com.br\/noticias\/author\/arthur-guimaraes\/\" class=\"authorBox__avatar noMobi\"><img src=\"https:\/\/files.sunoresearch.com.br\/n\/uploads\/2020\/02\/dfb40897-eu-150x150.webp\" alt=\"Arthur Guimar\u00e3es\"><\/a><div class=\"authorBox__name\"><span>por\n\t\t\t<a href=\"https:\/\/www.suno.com.br\/noticias\/author\/arthur-guimaraes\/\"><span itemprop=\"author\">Arthur Guimar\u00e3es<\/span><\/a><\/span><time datetime=\"2020-11-29T14:03:17-03:00\" itemprop=\"datePublished\">29\/11\/2020 14:03<\/time><\/div><\/div><\/div><\/div><\/div>","single_layout":"posts","amp_enabled":true,"_links":{"self":[{"href":"https:\/\/www.suno.com.br\/noticias\/wp-json\/wp\/v2\/posts\/104050"}],"collection":[{"href":"https:\/\/www.suno.com.br\/noticias\/wp-json\/wp\/v2\/posts"}],"about":[{"href":"https:\/\/www.suno.com.br\/noticias\/wp-json\/wp\/v2\/types\/post"}],"author":[{"embeddable":true,"href":"https:\/\/www.suno.com.br\/noticias\/wp-json\/wp\/v2\/users\/35"}],"replies":[{"embeddable":true,"href":"https:\/\/www.suno.com.br\/noticias\/wp-json\/wp\/v2\/comments?post=104050"}],"version-history":[{"count":0,"href":"https:\/\/www.suno.com.br\/noticias\/wp-json\/wp\/v2\/posts\/104050\/revisions"}],"wp:featuredmedia":[{"embeddable":true,"href":"https:\/\/www.suno.com.br\/noticias\/wp-json\/wp\/v2\/media\/91819"}],"wp:attachment":[{"href":"https:\/\/www.suno.com.br\/noticias\/wp-json\/wp\/v2\/media?parent=104050"}],"wp:term":[{"taxonomy":"category","embeddable":true,"href":"https:\/\/www.suno.com.br\/noticias\/wp-json\/wp\/v2\/categories?post=104050"},{"taxonomy":"post_tag","embeddable":true,"href":"https:\/\/www.suno.com.br\/noticias\/wp-json\/wp\/v2\/tags?post=104050"},{"taxonomy":"suno_strategy","embeddable":true,"href":"https:\/\/www.suno.com.br\/noticias\/wp-json\/wp\/v2\/suno_strategy?post=104050"}],"curies":[{"name":"wp","href":"https:\/\/api.w.org\/{rel}","templated":true}]}}