{"id":103946,"date":"2020-11-28T12:40:08","date_gmt":"2020-11-28T15:40:08","guid":{"rendered":"https:\/\/www.suno.com.br\/noticias\/?p=103946"},"modified":"2021-05-12T13:06:38","modified_gmt":"2021-05-12T16:06:38","slug":"bolsas-no-exterior-fecham-semana-alta","status":"publish","type":"post","link":"https:\/\/www.suno.com.br\/noticias\/bolsas-no-exterior-fecham-semana-alta\/","title":{"rendered":"Bolsas no exterior fecham a \u00faltima semana de novembro em alta"},"content":{"rendered":"<p>As<strong> bolsas no exterior<\/strong> fecharam a \u00faltima semana de novembro em alta, mesmo com temor pela segunda onda de coronav\u00edrus (Covid-19).<\/p>\t<div class=\"wrapper-featured-image\">\n\t\t<figure class=\"spotlightImg\">\n\n\t\t\t<picture>\n\t\t\t\t<source media=\"(max-width: 768px)\" srcset=\"https:\/\/files.sunoresearch.com.br\/n\/uploads\/2020\/09\/fe3dd347-ibovespa-300x300-1-jpg.webp\">\n\t\t\t\t<img loading=\"lazy\" decoding=\"async\" class=\"newsContent__article__imgCapa lazyloadDisabled \" src=\"https:\/\/files.sunoresearch.com.br\/n\/uploads\/2020\/09\/fe3dd347-ibovespa-300x300-1-jpg.webp\" width=\"800\" height=\"450\" alt=\"Bolsas no exterior fecham a \u00faltima semana de novembro em alta\" fetchpriority=high \/>\n\t\t\t<\/picture>\n\n\t\t\t<figcaption class=\"wp-caption-text wp-caption-text--show\">Bolsas no exterior fecham a semana em alta com esperan\u00e7as sobre vacina<\/figcaption>\n\t\t<\/figure>\n\t<\/div>\n\n\n\t<p>\n\t\t<a href=\"https:\/\/lp.suno.com.br\/planilha-controle-gastos\/\" target=\"_blank\" data-element=\"shortcode-suno-banner\" title=\"Banner SUNO, clique e saiba mais\">\n\t\t\t<picture>\n\t\t\t\t<source media=\"(max-width: 500px)\" srcset=\"https:\/\/files.sunoresearch.com.br\/n\/uploads\/2023\/03\/400x300-Planilha-controle-de-gastos.png\">\n\t\t\t\t<img class=\"newsContent__article__imgCapa newsContent__article__imgCapa--banner\"\n\t\t\t\t\tsrc=\"https:\/\/files.sunoresearch.com.br\/n\/uploads\/2023\/03\/1420x240-Planilha-controle-de-gastos.png\"\n\t\t\t\t\tdata-promo-id=\"101751\"\t\t\t\t\t\t\t\t\t\twidth='1420' height='240'\t\t\t\t\talt=\"https:\/\/files.sunoresearch.com.br\/n\/uploads\/2023\/03\/1420x240-Planilha-controle-de-gastos.png\"\n\t\t\t\t>\n\t\t\t<\/picture>\n\t\t<\/a>\n\t<\/p>\n\n\n<p>Durante esta semana, as bolsas no exterior, ficaram de olho no avan\u00e7o das <strong>vacinas<\/strong> contra o <strong>coronav\u00edrus,<\/strong> mas permaneceram atentas quanto a segunda onda da doen\u00e7a.<\/p>\n<p>Embora tr\u00eas imunizantes &#8212; de Moderna, AstraZeneca e Pfizer &#8212; estejam em est\u00e1gios avan\u00e7ados, ainda h\u00e1 certa cautela, uma vez que o n\u00famero de infec\u00e7\u00f5es continua a aumentar nos Estados Unidos e Europa.<\/p>\n\t<p>\n\t\t<a href=\"https:\/\/lp.suno.com.br\/planilha-controle-gastos\/\" target=\"_blank\" data-element=\"shortcode-suno-banner\" title=\"Banner SUNO, clique e saiba mais\">\n\t\t\t<picture>\n\t\t\t\t<source media=\"(max-width: 500px)\" srcset=\"https:\/\/files.sunoresearch.com.br\/n\/uploads\/2023\/03\/400x300-Planilha-controle-de-gastos.png\">\n\t\t\t\t<img class=\"newsContent__article__imgCapa newsContent__article__imgCapa--banner\"\n\t\t\t\t\tsrc=\"https:\/\/files.sunoresearch.com.br\/n\/uploads\/2023\/03\/1420x240-Planilha-controle-de-gastos.png\"\n\t\t\t\t\tdata-promo-id=\"101751\"\t\t\t\t\t\t\t\t\t\twidth='1420' height='240'\t\t\t\t\talt=\"https:\/\/files.sunoresearch.com.br\/n\/uploads\/2023\/03\/1420x240-Planilha-controle-de-gastos.png\"\n\t\t\t\t>\n\t\t\t<\/picture>\n\t\t<\/a>\n\t<\/p>\n\n\n<p>No entanto, a espera por um imunizante sustentou o otimismo dos investidores, que projetam a volta da normalidade na atividade econ\u00f4mica em todo o mundo.<\/p>\n<h2>S&amp;P 500, Dow Jones e Nasdaq fecham a semana no azul<\/h2>\n<p>Toda \u00faltima quinta-feira de novembro o mercado j\u00e1 sabe: feriado de Thanksgiving nos Estados Unidos e nada de S&amp;P 500, Dow Jones, Nasdaq ou qualquer \u00edndice de mercado. Mas mesmo sem operar por um dia, os principais \u00edndices acion\u00e1rios dos Estados Unidos encerram a semana no azul. Confira:<\/p>\n<ul>\n<li>Nova York (<a href=\"https:\/\/www.suno.com.br\/artigos\/sp-500\/\">S&amp;P 500<\/a>): + 2,27%<\/li>\n<li>Nova York (<a href=\"https:\/\/www.suno.com.br\/artigos\/indice-dow-jones-djia\/\">DJIA<\/a>): + 2,21%<\/li>\n<li>Nova York (<a href=\"https:\/\/www.suno.com.br\/artigos\/nasdaq-composite\/\">Nasdaq Composite<\/a>): +2,96%<\/li>\n<\/ul>\n<p>As bolsas norte-americanas ganharam impulso ap\u00f3s o jornal <em>The Wall Street Journal <\/em>publicar reportagem informando que o <a href=\"https:\/\/www.suno.com.br\/noticias\/eua-biden-nomeia-ex-presidente-fed-secretaria-tesouro\/\">presidente eleito dos Estados Unidos Joe Biden deve indicar a ex-presidente do Federal Reserve (Fed), Janet Yellen, para o cargo de secret\u00e1ria do Tesouro<\/a>, citando pessoas familiarizadas com o assunto.<\/p>\n<p>No entanto, na quarta-feira (25), o bom humor cedeu um pouco de espa\u00e7o \u00e0 cautela por parte dos investidores.\u00a0\u00a0\u201cA recupera\u00e7\u00e3o est\u00e1 intacta e o mundo provavelmente reabrir\u00e1 no [segundo semestre de 2021], mas j\u00e1 existe muito otimismo na vacina \/ recupera\u00e7\u00e3o\u201d, avaliou o Bank of America, segundo informa\u00e7\u00f5es do <em>Yahoo Finance<\/em>. \u201cRisco de execu\u00e7\u00e3o de vacinas, est\u00edmulo fiscal atrasado e bloqueios mais longos s\u00e3o riscos.\u201d<\/p>\n<p>Al\u00e9m disso, o mercado estadunidense seguiu a semana de olho no n\u00famero de pedidos de <strong><a href=\"https:\/\/www.suno.com.br\/artigos\/indice-de-desemprego\/\">seguro-desemprego<\/a><\/strong>, que subiu de 742 mil na semana passada para 778 mil no sete dias encerrados em 21 de novembro.<\/p>\n<h2>Bolsas na Europa<\/h2>\n<p>Assim como o restante das bolsas no exterior, as bolsas no continente europeu tamb\u00e9m encerraram a semana com alta.<\/p>\n<ul>\n<li>Europa (Stoxx 600 Europe): +0,93%<\/li>\n<li>Londres (<a href=\"https:\/\/www.suno.com.br\/artigos\/ftse-100\/\">FTSE 100<\/a>): +0,25%<\/li>\n<li>Frankfurt (<a href=\"https:\/\/www.suno.com.br\/artigos\/dax-30\/\">DAX 30)<\/a>: +1,51%<\/li>\n<li>Paris (<a href=\"https:\/\/www.suno.com.br\/artigos\/cac-40\/\">CAC 40<\/a>): + 1,86%<\/li>\n<li>Mil\u00e3o (<a href=\"https:\/\/www.suno.com.br\/artigos\/ftse-mib\/\">FTSE\/MIB<\/a>): +2,97%<\/li>\n<\/ul>\n<p>Apesar do resultado positivo, as bolsas na <strong>Europa <\/strong>tamb\u00e9m ficam de olho na economia do Velho Continente, que tem sido impactada mais uma vez pela pandemia nas \u00faltimas semanas.<\/p>\n<p>A IHS Markit divulgou no in\u00edcio da semana um relat\u00f3rio sobre as proje\u00e7\u00f5es econ\u00f4micas para a <a href=\"https:\/\/www.suno.com.br\/artigos\/zona-do-euro\/\">zona do euro<\/a>. De acordo com os dados, o\u00a0<a href=\"https:\/\/www.suno.com.br\/artigos\/pib-produto-interno-bruto\/\">Produto Interno Bruto (<strong>PIB<\/strong>)<\/a>\u00a0da regi\u00e3o dever\u00e1 sofrer contra\u00e7\u00f5es no quarto trimestre deste ano.<\/p>\n<p>J\u00e1 na manh\u00e3 de ter\u00e7a-feira, a <strong>Alemanha<\/strong>, maior pot\u00eancia da regi\u00e3o, revisou seu <strong>PIB<\/strong> do terceiro trimestre e elevou a alta do per\u00edodo. Frente a um resultado de 8,2%, divulgado em outubro, o escrit\u00f3rio de estat\u00edsticas Destatis disse que a economia alem\u00e3 avan\u00e7ou 8,5% entre julho e setembro.<\/p>\n<p>Em rela\u00e7\u00e3o a pandemia na Alemanha, a premi\u00ea<strong> Angela Merkel<\/strong> disse que o <strong>lockdown<\/strong> parcial estabelecido no pa\u00eds n\u00e3o se encerrar\u00e1 no final deste m\u00eas, como planejado inicialmente, mas ser\u00e1 ampliado at\u00e9 o dia 20 de dezembro, sendo possivelmente prorrogado at\u00e9 o in\u00edcio do ano que vem.<\/p>\n<p>Al\u00e9m disso os mercados europeus estiveram atentos \u00e0 declara\u00e7\u00e3o do economista-chefe do <a href=\"https:\/\/www.suno.com.br\/artigos\/bce\/\">Banco Central Europeu (BCE)<\/a>, Philip Lane, destacando que o impacto macroecon\u00f4mico da pandemia &#8220;provavelmente persistir\u00e1&#8221; mesmo depois que as condi\u00e7\u00f5es de sa\u00fade melhorarem com a aprova\u00e7\u00e3o e distribui\u00e7\u00e3o de vacinas.<\/p>\n<h2>Seguindo as demais bolsas no exterior, bolsas asi\u00e1ticas fecham positivas<\/h2>\n<ul>\n<li>Hong Kong (<a href=\"https:\/\/www.suno.com.br\/artigos\/hang-seng\/\">Hang Seng<\/a>): + 1,68%<\/li>\n<li>Xangai (SSE Composite): +0,91%<\/li>\n<li>T\u00f3quio (<a href=\"https:\/\/www.suno.com.br\/artigos\/nikkei-225\/\">Nikkei 225<\/a>): +4,38%<\/li>\n<li>Seul (<a href=\"https:\/\/www.suno.com.br\/artigos\/kospi\/\">Kospi<\/a>): + 3,13%<\/li>\n<\/ul>\n<p>Seguindo o otimismo das demais <strong>bolsas no exterior<\/strong> por uma vacina contra o novo coronav\u00edrus,\u00a0 as bolsas na \u00c1sia fecharam a \u00faltima semana do m\u00eas no azul.<\/p>\n\t<p>\n\t\t<a href=\"https:\/\/lp.suno.com.br\/planilha-de-controle-de-investimentos\/\" target=\"_blank\" data-element=\"shortcode-suno-banner\" title=\"Banner SUNO, clique e saiba mais\">\n\t\t\t<picture>\n\t\t\t\t<source media=\"(max-width: 500px)\" srcset=\"https:\/\/files.sunoresearch.com.br\/n\/uploads\/2023\/03\/400x300-Controle-de-Investimentos.png\">\n\t\t\t\t<img class=\"newsContent__article__imgCapa newsContent__article__imgCapa--banner\"\n\t\t\t\t\tsrc=\"https:\/\/files.sunoresearch.com.br\/n\/uploads\/2023\/03\/1420x240-Controle-de-Investimentos.png\"\n\t\t\t\t\tdata-promo-id=\"75934\"\t\t\t\t\t\t\t\t\t\twidth='1420' height='240'\t\t\t\t\talt=\"https:\/\/files.sunoresearch.com.br\/n\/uploads\/2023\/03\/1420x240-Controle-de-Investimentos.png\"\n\t\t\t\t>\n\t\t\t<\/picture>\n\t\t<\/a>\n\t<\/p>\n\n\n","protected":false},"excerpt":{"rendered":"<p>As bolsas no exterior fecharam a \u00faltima semana de novembro em alta, mesmo com temor pela segunda onda de coronav\u00edrus (Covid-19). Bolsas no exterior fecham a semana em alta com esperan\u00e7as sobre vacina Durante esta semana, as bolsas no exterior, ficaram de olho no avan\u00e7o das vacinas contra o coronav\u00edrus, mas permaneceram atentas quanto a [&hellip;]<\/p>\n","protected":false},"author":39,"featured_media":84654,"comment_status":"closed","ping_status":"closed","sticky":false,"template":"","format":"standard","meta":[],"categories":[63],"tags":[104703,11122,5255,3745,2006,793,710,3746,105068,964,2667,25002],"suno_strategy":[],"class_list":["post-103946","post","type-post","status-publish","format-standard","has-post-thumbnail","hentry","category-internacional","tag-bolsas-mundiais","tag-cac-40","tag-covid-19","tag-dax-30","tag-dow-jones","tag-estados-unidos-eua","tag-europa","tag-ftse-100","tag-ftse-mib","tag-nasdaq","tag-sp-500","tag-vacina"],"yoast_head":"<!-- This site is optimized with the Yoast SEO plugin v24.4 - https:\/\/yoast.com\/wordpress\/plugins\/seo\/ -->\n<title>Bolsas no exterior fecham a \u00faltima semana de novembro em alta<\/title>\n<meta name=\"description\" content=\"As bolsas no exterior fecharam a \u00faltima semana de novembro em alta mesmo com temor pela segunda onda da Covid-19. Clique aqui e saiba mais.\" \/>\n<meta name=\"robots\" content=\"index, follow, max-snippet:-1, max-image-preview:large, max-video-preview:-1\" \/>\n<link rel=\"canonical\" href=\"https:\/\/www.suno.com.br\/noticias\/bolsas-no-exterior-fecham-semana-alta\/\" \/>\n<meta property=\"og:locale\" content=\"pt_BR\" \/>\n<meta property=\"og:type\" content=\"article\" \/>\n<meta property=\"og:title\" content=\"Bolsas no exterior fecham a \u00faltima semana de novembro em alta\" \/>\n<meta property=\"og:description\" content=\"As bolsas no exterior fecharam a \u00faltima semana de novembro em alta mesmo com temor pela segunda onda da Covid-19. Clique aqui e saiba mais.\" \/>\n<meta property=\"og:url\" content=\"https:\/\/www.suno.com.br\/noticias\/bolsas-no-exterior-fecham-semana-alta\/\" \/>\n<meta property=\"og:site_name\" content=\"Suno Not\u00edcias\" \/>\n<meta property=\"article:publisher\" content=\"https:\/\/facebook.com\/sunoresearch\" \/>\n<meta property=\"og:image\" content=\"https:\/\/files.sunoresearch.com.br\/n\/uploads\/2020\/09\/fe3dd347-ibovespa-300x300-1.jpg\" \/>\n\t<meta property=\"og:image:width\" content=\"300\" \/>\n\t<meta property=\"og:image:height\" content=\"300\" \/>\n\t<meta property=\"og:image:type\" content=\"image\/jpeg\" \/>\n<meta name=\"author\" content=\"Laura Moutinho\" \/>\n<meta name=\"twitter:card\" content=\"summary_large_image\" \/>\n<meta name=\"twitter:creator\" content=\"@sunoresearch\" \/>\n<meta name=\"twitter:site\" content=\"@sunoresearch\" \/>\n<meta name=\"twitter:label1\" content=\"Escrito por\" \/>\n\t<meta name=\"twitter:data1\" content=\"Laura Moutinho\" \/>\n\t<meta name=\"twitter:label2\" content=\"Est. tempo de leitura\" \/>\n\t<meta name=\"twitter:data2\" content=\"3 minutos\" \/>\n<script type=\"application\/ld+json\" class=\"yoast-schema-graph\">{\"@context\":\"https:\/\/schema.org\",\"@graph\":[{\"@type\":\"NewsArticle\",\"@id\":\"https:\/\/www.suno.com.br\/noticias\/bolsas-no-exterior-fecham-semana-alta\/#article\",\"isPartOf\":{\"@id\":\"https:\/\/www.suno.com.br\/noticias\/bolsas-no-exterior-fecham-semana-alta\/\"},\"author\":{\"name\":\"Laura Moutinho\",\"@id\":\"https:\/\/www.suno.com.br\/noticias\/#\/schema\/person\/3df0d2808748b74496efe5dbeaef2c72\"},\"headline\":\"Bolsas no exterior fecham a \u00faltima semana de novembro em alta\",\"datePublished\":\"2020-11-28T15:40:08+00:00\",\"dateModified\":\"2021-05-12T16:06:38+00:00\",\"mainEntityOfPage\":{\"@id\":\"https:\/\/www.suno.com.br\/noticias\/bolsas-no-exterior-fecham-semana-alta\/\"},\"wordCount\":676,\"publisher\":{\"@id\":\"https:\/\/www.suno.com.br\/noticias\/#organization\"},\"image\":{\"@id\":\"https:\/\/www.suno.com.br\/noticias\/bolsas-no-exterior-fecham-semana-alta\/#primaryimage\"},\"thumbnailUrl\":\"https:\/\/files.sunoresearch.com.br\/n\/uploads\/2020\/09\/fe3dd347-ibovespa-300x300-1-jpg.webp\",\"keywords\":[\"Bolsas mundiais\",\"CAC 40\",\"covid-19\",\"Dax\u00a030\",\"Dow Jones\",\"Estados Unidos (EUA)\",\"Europa\",\"FTSE 100\",\"FTSE MIB\",\"Nasdaq\",\"S&amp;P 500\",\"vacina\"],\"articleSection\":[\"Internacional\"],\"inLanguage\":\"pt-BR\"},{\"@type\":\"WebPage\",\"@id\":\"https:\/\/www.suno.com.br\/noticias\/bolsas-no-exterior-fecham-semana-alta\/\",\"url\":\"https:\/\/www.suno.com.br\/noticias\/bolsas-no-exterior-fecham-semana-alta\/\",\"name\":\"Bolsas no exterior fecham a \u00faltima semana de novembro em alta\",\"isPartOf\":{\"@id\":\"https:\/\/www.suno.com.br\/noticias\/#website\"},\"primaryImageOfPage\":{\"@id\":\"https:\/\/www.suno.com.br\/noticias\/bolsas-no-exterior-fecham-semana-alta\/#primaryimage\"},\"image\":{\"@id\":\"https:\/\/www.suno.com.br\/noticias\/bolsas-no-exterior-fecham-semana-alta\/#primaryimage\"},\"thumbnailUrl\":\"https:\/\/files.sunoresearch.com.br\/n\/uploads\/2020\/09\/fe3dd347-ibovespa-300x300-1-jpg.webp\",\"datePublished\":\"2020-11-28T15:40:08+00:00\",\"dateModified\":\"2021-05-12T16:06:38+00:00\",\"description\":\"As bolsas no exterior fecharam a \u00faltima semana de novembro em alta mesmo com temor pela segunda onda da Covid-19. Clique aqui e saiba mais.\",\"breadcrumb\":{\"@id\":\"https:\/\/www.suno.com.br\/noticias\/bolsas-no-exterior-fecham-semana-alta\/#breadcrumb\"},\"inLanguage\":\"pt-BR\",\"potentialAction\":[{\"@type\":\"ReadAction\",\"target\":[\"https:\/\/www.suno.com.br\/noticias\/bolsas-no-exterior-fecham-semana-alta\/\"]}]},{\"@type\":\"ImageObject\",\"inLanguage\":\"pt-BR\",\"@id\":\"https:\/\/www.suno.com.br\/noticias\/bolsas-no-exterior-fecham-semana-alta\/#primaryimage\",\"url\":\"https:\/\/files.sunoresearch.com.br\/n\/uploads\/2020\/09\/fe3dd347-ibovespa-300x300-1-jpg.webp\",\"contentUrl\":\"https:\/\/files.sunoresearch.com.br\/n\/uploads\/2020\/09\/fe3dd347-ibovespa-300x300-1-jpg.webp\",\"width\":300,\"height\":300,\"caption\":\"Bolsas no exterior fecham a semana em alta com esperan\u00e7as sobre vacina\"},{\"@type\":\"BreadcrumbList\",\"@id\":\"https:\/\/www.suno.com.br\/noticias\/bolsas-no-exterior-fecham-semana-alta\/#breadcrumb\",\"itemListElement\":[{\"@type\":\"ListItem\",\"position\":1,\"name\":\"Not\u00edcias\",\"item\":\"https:\/\/www.suno.com.br\/noticias\/\"},{\"@type\":\"ListItem\",\"position\":2,\"name\":\"Internacional\",\"item\":\"https:\/\/www.suno.com.br\/noticias\/internacional\/\"},{\"@type\":\"ListItem\",\"position\":3,\"name\":\"Bolsas no exterior fecham a \u00faltima semana de novembro em alta\"}]},{\"@type\":\"WebSite\",\"@id\":\"https:\/\/www.suno.com.br\/noticias\/#website\",\"url\":\"https:\/\/www.suno.com.br\/noticias\/\",\"name\":\"Suno Not\u00edcias\",\"description\":\"Seu portal de informa\u00e7\u00e3o sobre o mundo dos investimentos\",\"publisher\":{\"@id\":\"https:\/\/www.suno.com.br\/noticias\/#organization\"},\"potentialAction\":[{\"@type\":\"SearchAction\",\"target\":{\"@type\":\"EntryPoint\",\"urlTemplate\":\"https:\/\/www.suno.com.br\/noticias\/?s={search_term_string}\"},\"query-input\":{\"@type\":\"PropertyValueSpecification\",\"valueRequired\":true,\"valueName\":\"search_term_string\"}}],\"inLanguage\":\"pt-BR\"},{\"@type\":\"Organization\",\"@id\":\"https:\/\/www.suno.com.br\/noticias\/#organization\",\"name\":\"Suno Not\u00edcias\",\"url\":\"https:\/\/www.suno.com.br\/noticias\/\",\"logo\":{\"@type\":\"ImageObject\",\"inLanguage\":\"pt-BR\",\"@id\":\"https:\/\/www.suno.com.br\/noticias\/#\/schema\/logo\/image\/\",\"url\":\"https:\/\/files.sunoresearch.com.br\/n\/uploads\/2021\/09\/suno-logo.png\",\"contentUrl\":\"https:\/\/files.sunoresearch.com.br\/n\/uploads\/2021\/09\/suno-logo.png\",\"width\":180,\"height\":180,\"caption\":\"Suno Not\u00edcias\"},\"image\":{\"@id\":\"https:\/\/www.suno.com.br\/noticias\/#\/schema\/logo\/image\/\"},\"sameAs\":[\"https:\/\/facebook.com\/sunoresearch\",\"https:\/\/x.com\/sunoresearch\",\"https:\/\/www.instagram.com\/suno\",\"https:\/\/www.linkedin.com\/company\/suno-research\/\",\"https:\/\/www.youtube.com\/c\/sunoresearch\"]},{\"@type\":\"Person\",\"@id\":\"https:\/\/www.suno.com.br\/noticias\/#\/schema\/person\/3df0d2808748b74496efe5dbeaef2c72\",\"name\":\"Laura Moutinho\",\"image\":{\"@type\":\"ImageObject\",\"inLanguage\":\"pt-BR\",\"@id\":\"https:\/\/www.suno.com.br\/noticias\/#\/schema\/person\/image\/\",\"url\":\"https:\/\/secure.gravatar.com\/avatar\/7571c7c8ca3a6fca5e41384ece5557ff?s=96&r=g\",\"contentUrl\":\"https:\/\/secure.gravatar.com\/avatar\/7571c7c8ca3a6fca5e41384ece5557ff?s=96&r=g\",\"caption\":\"Laura Moutinho\"},\"description\":\"Estagi\u00e1ria na Suno Not\u00edcias, escreve not\u00edcias que afetam o mercado financeiro. Estuda administra\u00e7\u00e3o na Universidade Presbiteriana Mackenzie.\",\"url\":\"https:\/\/www.suno.com.br\/noticias\/author\/laura-moutinho\/\"}]}<\/script>\n<!-- \/ Yoast SEO plugin. -->","yoast_head_json":{"title":"Bolsas no exterior fecham a \u00faltima semana de novembro em alta","description":"As bolsas no exterior fecharam a \u00faltima semana de novembro em alta mesmo com temor pela segunda onda da Covid-19. Clique aqui e saiba mais.","robots":{"index":"index","follow":"follow","max-snippet":"max-snippet:-1","max-image-preview":"max-image-preview:large","max-video-preview":"max-video-preview:-1"},"canonical":"https:\/\/www.suno.com.br\/noticias\/bolsas-no-exterior-fecham-semana-alta\/","og_locale":"pt_BR","og_type":"article","og_title":"Bolsas no exterior fecham a \u00faltima semana de novembro em alta","og_description":"As bolsas no exterior fecharam a \u00faltima semana de novembro em alta mesmo com temor pela segunda onda da Covid-19. Clique aqui e saiba mais.","og_url":"https:\/\/www.suno.com.br\/noticias\/bolsas-no-exterior-fecham-semana-alta\/","og_site_name":"Suno Not\u00edcias","article_publisher":"https:\/\/facebook.com\/sunoresearch","og_image":[{"width":300,"height":300,"url":"https:\/\/files.sunoresearch.com.br\/n\/uploads\/2020\/09\/fe3dd347-ibovespa-300x300-1.jpg","type":"image\/jpeg"}],"author":"Laura Moutinho","twitter_card":"summary_large_image","twitter_creator":"@sunoresearch","twitter_site":"@sunoresearch","twitter_misc":{"Escrito por":"Laura Moutinho","Est. tempo de leitura":"3 minutos"},"schema":{"@context":"https:\/\/schema.org","@graph":[{"@type":"NewsArticle","@id":"https:\/\/www.suno.com.br\/noticias\/bolsas-no-exterior-fecham-semana-alta\/#article","isPartOf":{"@id":"https:\/\/www.suno.com.br\/noticias\/bolsas-no-exterior-fecham-semana-alta\/"},"author":{"name":"Laura Moutinho","@id":"https:\/\/www.suno.com.br\/noticias\/#\/schema\/person\/3df0d2808748b74496efe5dbeaef2c72"},"headline":"Bolsas no exterior fecham a \u00faltima semana de novembro em alta","datePublished":"2020-11-28T15:40:08+00:00","dateModified":"2021-05-12T16:06:38+00:00","mainEntityOfPage":{"@id":"https:\/\/www.suno.com.br\/noticias\/bolsas-no-exterior-fecham-semana-alta\/"},"wordCount":676,"publisher":{"@id":"https:\/\/www.suno.com.br\/noticias\/#organization"},"image":{"@id":"https:\/\/www.suno.com.br\/noticias\/bolsas-no-exterior-fecham-semana-alta\/#primaryimage"},"thumbnailUrl":"https:\/\/files.sunoresearch.com.br\/n\/uploads\/2020\/09\/fe3dd347-ibovespa-300x300-1-jpg.webp","keywords":["Bolsas mundiais","CAC 40","covid-19","Dax\u00a030","Dow Jones","Estados Unidos (EUA)","Europa","FTSE 100","FTSE MIB","Nasdaq","S&amp;P 500","vacina"],"articleSection":["Internacional"],"inLanguage":"pt-BR"},{"@type":"WebPage","@id":"https:\/\/www.suno.com.br\/noticias\/bolsas-no-exterior-fecham-semana-alta\/","url":"https:\/\/www.suno.com.br\/noticias\/bolsas-no-exterior-fecham-semana-alta\/","name":"Bolsas no exterior fecham a \u00faltima semana de novembro em alta","isPartOf":{"@id":"https:\/\/www.suno.com.br\/noticias\/#website"},"primaryImageOfPage":{"@id":"https:\/\/www.suno.com.br\/noticias\/bolsas-no-exterior-fecham-semana-alta\/#primaryimage"},"image":{"@id":"https:\/\/www.suno.com.br\/noticias\/bolsas-no-exterior-fecham-semana-alta\/#primaryimage"},"thumbnailUrl":"https:\/\/files.sunoresearch.com.br\/n\/uploads\/2020\/09\/fe3dd347-ibovespa-300x300-1-jpg.webp","datePublished":"2020-11-28T15:40:08+00:00","dateModified":"2021-05-12T16:06:38+00:00","description":"As bolsas no exterior fecharam a \u00faltima semana de novembro em alta mesmo com temor pela segunda onda da Covid-19. Clique aqui e saiba mais.","breadcrumb":{"@id":"https:\/\/www.suno.com.br\/noticias\/bolsas-no-exterior-fecham-semana-alta\/#breadcrumb"},"inLanguage":"pt-BR","potentialAction":[{"@type":"ReadAction","target":["https:\/\/www.suno.com.br\/noticias\/bolsas-no-exterior-fecham-semana-alta\/"]}]},{"@type":"ImageObject","inLanguage":"pt-BR","@id":"https:\/\/www.suno.com.br\/noticias\/bolsas-no-exterior-fecham-semana-alta\/#primaryimage","url":"https:\/\/files.sunoresearch.com.br\/n\/uploads\/2020\/09\/fe3dd347-ibovespa-300x300-1-jpg.webp","contentUrl":"https:\/\/files.sunoresearch.com.br\/n\/uploads\/2020\/09\/fe3dd347-ibovespa-300x300-1-jpg.webp","width":300,"height":300,"caption":"Bolsas no exterior fecham a semana em alta com esperan\u00e7as sobre vacina"},{"@type":"BreadcrumbList","@id":"https:\/\/www.suno.com.br\/noticias\/bolsas-no-exterior-fecham-semana-alta\/#breadcrumb","itemListElement":[{"@type":"ListItem","position":1,"name":"Not\u00edcias","item":"https:\/\/www.suno.com.br\/noticias\/"},{"@type":"ListItem","position":2,"name":"Internacional","item":"https:\/\/www.suno.com.br\/noticias\/internacional\/"},{"@type":"ListItem","position":3,"name":"Bolsas no exterior fecham a \u00faltima semana de novembro em alta"}]},{"@type":"WebSite","@id":"https:\/\/www.suno.com.br\/noticias\/#website","url":"https:\/\/www.suno.com.br\/noticias\/","name":"Suno Not\u00edcias","description":"Seu portal de informa\u00e7\u00e3o sobre o mundo dos investimentos","publisher":{"@id":"https:\/\/www.suno.com.br\/noticias\/#organization"},"potentialAction":[{"@type":"SearchAction","target":{"@type":"EntryPoint","urlTemplate":"https:\/\/www.suno.com.br\/noticias\/?s={search_term_string}"},"query-input":{"@type":"PropertyValueSpecification","valueRequired":true,"valueName":"search_term_string"}}],"inLanguage":"pt-BR"},{"@type":"Organization","@id":"https:\/\/www.suno.com.br\/noticias\/#organization","name":"Suno Not\u00edcias","url":"https:\/\/www.suno.com.br\/noticias\/","logo":{"@type":"ImageObject","inLanguage":"pt-BR","@id":"https:\/\/www.suno.com.br\/noticias\/#\/schema\/logo\/image\/","url":"https:\/\/files.sunoresearch.com.br\/n\/uploads\/2021\/09\/suno-logo.png","contentUrl":"https:\/\/files.sunoresearch.com.br\/n\/uploads\/2021\/09\/suno-logo.png","width":180,"height":180,"caption":"Suno Not\u00edcias"},"image":{"@id":"https:\/\/www.suno.com.br\/noticias\/#\/schema\/logo\/image\/"},"sameAs":["https:\/\/facebook.com\/sunoresearch","https:\/\/x.com\/sunoresearch","https:\/\/www.instagram.com\/suno","https:\/\/www.linkedin.com\/company\/suno-research\/","https:\/\/www.youtube.com\/c\/sunoresearch"]},{"@type":"Person","@id":"https:\/\/www.suno.com.br\/noticias\/#\/schema\/person\/3df0d2808748b74496efe5dbeaef2c72","name":"Laura Moutinho","image":{"@type":"ImageObject","inLanguage":"pt-BR","@id":"https:\/\/www.suno.com.br\/noticias\/#\/schema\/person\/image\/","url":"https:\/\/secure.gravatar.com\/avatar\/7571c7c8ca3a6fca5e41384ece5557ff?s=96&r=g","contentUrl":"https:\/\/secure.gravatar.com\/avatar\/7571c7c8ca3a6fca5e41384ece5557ff?s=96&r=g","caption":"Laura Moutinho"},"description":"Estagi\u00e1ria na Suno Not\u00edcias, escreve not\u00edcias que afetam o mercado financeiro. Estuda administra\u00e7\u00e3o na Universidade Presbiteriana Mackenzie.","url":"https:\/\/www.suno.com.br\/noticias\/author\/laura-moutinho\/"}]}},"default_loop_html":"<div class=\"cardsPage__listCard__boxs\"><div class=\"cardsPage__listCard__boxs__img\"><a href=\"https:\/\/www.suno.com.br\/noticias\/bolsas-no-exterior-fecham-semana-alta\/\"><img class=\"mask\" src=\"https:\/\/www.suno.com.br\/noticias\/wp-content\/themes\/suno\/resources\/images\/spotlight\/spotlight1img\/bg-mask.png\" alt=\"Image Mask\"\/><img src=\"https:\/\/files.sunoresearch.com.br\/n\/uploads\/2020\/09\/fe3dd347-ibovespa-300x300-1-jpg.webp\" alt=\"Bolsas no exterior fecham a \u00faltima semana de novembro em alta\"\/><\/a><span class=\"spotlightCategory\"><a href=\"https:\/\/www.suno.com.br\/noticias\/internacional\/\">Internacional<\/a><\/span><\/div><div class=\"cardsPage__listCard__boxs__content\"><a href=\"https:\/\/www.suno.com.br\/noticias\/bolsas-no-exterior-fecham-semana-alta\/\"><h2 class=\"content__title\">Bolsas no exterior fecham a \u00faltima semana de novembro em alta<\/h2><\/a><div class=\"newsContent__article__meta\"><div class=\"newsContent__article__meta__authorBox\"><a href=\"https:\/\/www.suno.com.br\/noticias\/author\/laura-moutinho\/\" class=\"authorBox__avatar noMobi\"><img src=\"https:\/\/files.sunoresearch.com.br\/n\/uploads\/2020\/08\/531ff69d-whatsapp-image-2020-08-03-at-14.54.38-150x150.webp\" alt=\"Laura Moutinho\"><\/a><div class=\"authorBox__name\"><span>por\n\t\t\t<a href=\"https:\/\/www.suno.com.br\/noticias\/author\/laura-moutinho\/\"><span itemprop=\"author\">Laura Moutinho<\/span><\/a><\/span><time datetime=\"2020-11-28T12:40:08-03:00\" itemprop=\"datePublished\">28\/11\/2020 12:40<\/time><\/div><\/div><\/div><\/div><\/div>","single_layout":"posts","amp_enabled":true,"_links":{"self":[{"href":"https:\/\/www.suno.com.br\/noticias\/wp-json\/wp\/v2\/posts\/103946"}],"collection":[{"href":"https:\/\/www.suno.com.br\/noticias\/wp-json\/wp\/v2\/posts"}],"about":[{"href":"https:\/\/www.suno.com.br\/noticias\/wp-json\/wp\/v2\/types\/post"}],"author":[{"embeddable":true,"href":"https:\/\/www.suno.com.br\/noticias\/wp-json\/wp\/v2\/users\/39"}],"replies":[{"embeddable":true,"href":"https:\/\/www.suno.com.br\/noticias\/wp-json\/wp\/v2\/comments?post=103946"}],"version-history":[{"count":1,"href":"https:\/\/www.suno.com.br\/noticias\/wp-json\/wp\/v2\/posts\/103946\/revisions"}],"predecessor-version":[{"id":147576,"href":"https:\/\/www.suno.com.br\/noticias\/wp-json\/wp\/v2\/posts\/103946\/revisions\/147576"}],"wp:featuredmedia":[{"embeddable":true,"href":"https:\/\/www.suno.com.br\/noticias\/wp-json\/wp\/v2\/media\/84654"}],"wp:attachment":[{"href":"https:\/\/www.suno.com.br\/noticias\/wp-json\/wp\/v2\/media?parent=103946"}],"wp:term":[{"taxonomy":"category","embeddable":true,"href":"https:\/\/www.suno.com.br\/noticias\/wp-json\/wp\/v2\/categories?post=103946"},{"taxonomy":"post_tag","embeddable":true,"href":"https:\/\/www.suno.com.br\/noticias\/wp-json\/wp\/v2\/tags?post=103946"},{"taxonomy":"suno_strategy","embeddable":true,"href":"https:\/\/www.suno.com.br\/noticias\/wp-json\/wp\/v2\/suno_strategy?post=103946"}],"curies":[{"name":"wp","href":"https:\/\/api.w.org\/{rel}","templated":true}]}}