{"id":103860,"date":"2020-11-27T20:13:28","date_gmt":"2020-11-27T23:13:28","guid":{"rendered":"https:\/\/www.suno.com.br\/noticias\/?p=103860"},"modified":"2021-02-17T22:02:03","modified_gmt":"2021-02-18T01:02:03","slug":"iof-volta-a-ser-cobrado-nesta-sexta-para-custear-isencao-na-conta-de-luz-no-amapa","status":"publish","type":"post","link":"https:\/\/www.suno.com.br\/noticias\/iof-volta-a-ser-cobrado-nesta-sexta-para-custear-isencao-na-conta-de-luz-no-amapa\/","title":{"rendered":"IOF volta a ser cobrado nesta sexta para custear isen\u00e7\u00e3o na conta de luz no Amap\u00e1"},"content":{"rendered":"<p>O presidente da Rep\u00fablica, Jair Bolsonaro, alterou o decreto que dava isen\u00e7\u00e3o de cobran\u00e7a do Imposto Sobre Opera\u00e7\u00f5es Financeiras (<strong>IOF<\/strong>) e o tributo volta a incidir sobre as opera\u00e7\u00f5es nesta a partir desta sexta-feira (27), conforme publicado no Di\u00e1rio Oficial da Uni\u00e3o (DOU).<\/p>\t<div class=\"wrapper-featured-image\">\n\t\t<figure class=\"spotlightImg\">\n\n\t\t\t<picture>\n\t\t\t\t<source media=\"(max-width: 768px)\" srcset=\"https:\/\/files.sunoresearch.com.br\/n\/uploads\/2020\/09\/8c316184-dinheirooo-400x200.webp\">\n\t\t\t\t<img loading=\"lazy\" decoding=\"async\" class=\"newsContent__article__imgCapa lazyloadDisabled \" src=\"https:\/\/files.sunoresearch.com.br\/n\/uploads\/2020\/09\/8c316184-dinheirooo-jpg.webp\" width=\"800\" height=\"450\" alt=\"IOF volta a ser cobrado nesta sexta para custear isen\u00e7\u00e3o na conta de luz no Amap\u00e1\" fetchpriority=high \/>\n\t\t\t<\/picture>\n\n\t\t\t<figcaption class=\"wp-caption-text wp-caption-text--show\">Contas Correntes<\/figcaption>\n\t\t<\/figure>\n\t<\/div>\n\n\n<p><a href=\"https:\/\/lp.suno.com.br\/black-friday\/suno-premium\/\">\t<p>\n\t\t<a href=\"https:\/\/lp.suno.com.br\/planilha-controle-gastos\/\" target=\"_blank\" data-element=\"shortcode-suno-banner\" title=\"Banner SUNO, clique e saiba mais\">\n\t\t\t<picture>\n\t\t\t\t<source media=\"(max-width: 500px)\" srcset=\"https:\/\/files.sunoresearch.com.br\/n\/uploads\/2023\/03\/400x300-Planilha-controle-de-gastos.png\">\n\t\t\t\t<img class=\"newsContent__article__imgCapa newsContent__article__imgCapa--banner\"\n\t\t\t\t\tsrc=\"https:\/\/files.sunoresearch.com.br\/n\/uploads\/2023\/03\/1420x240-Planilha-controle-de-gastos.png\"\n\t\t\t\t\tdata-promo-id=\"101751\"\t\t\t\t\t\t\t\t\t\twidth='1420' height='240'\t\t\t\t\talt=\"https:\/\/files.sunoresearch.com.br\/n\/uploads\/2023\/03\/1420x240-Planilha-controle-de-gastos.png\"\n\t\t\t\t>\n\t\t\t<\/picture>\n\t\t<\/a>\n\t<\/p>\n\n<\/a><\/p>\n<p>A decis\u00e3o do governo federal acontece no sentido de financiar a isen\u00e7\u00e3o da conta de luz de consumidores dos munic\u00edpios do Amap\u00e1, que foram atingidos por um apag\u00e3o que durou 22 dias. Atualmente, a al\u00edquota do IOF \u00e9 de 3%.<\/p>\n<p>Em abril deste ano, o governo zerou a cobran\u00e7a do imposto sobre opera\u00e7\u00f5es de cr\u00e9dito para aliviar os impactos da crise da covid-19 na economia. Conforme o decreto, a isen\u00e7\u00e3o deveria vigorar at\u00e9 dezembro. Com o benef\u00edcio fiscal,\u00a0 perda de arrecada\u00e7\u00e3o estimada era de R$ 6,2 bilh\u00f5es.<\/p>\n<p><a href=\"https:\/\/lp.suno.com.br\/black-friday\/suno-premium\/\">\t<p>\n\t\t<a href=\"https:\/\/lp.suno.com.br\/planilha-controle-gastos\/\" target=\"_blank\" data-element=\"shortcode-suno-banner\" title=\"Banner SUNO, clique e saiba mais\">\n\t\t\t<picture>\n\t\t\t\t<source media=\"(max-width: 500px)\" srcset=\"https:\/\/files.sunoresearch.com.br\/n\/uploads\/2023\/03\/400x300-Planilha-controle-de-gastos.png\">\n\t\t\t\t<img class=\"newsContent__article__imgCapa newsContent__article__imgCapa--banner\"\n\t\t\t\t\tsrc=\"https:\/\/files.sunoresearch.com.br\/n\/uploads\/2023\/03\/1420x240-Planilha-controle-de-gastos.png\"\n\t\t\t\t\tdata-promo-id=\"101751\"\t\t\t\t\t\t\t\t\t\twidth='1420' height='240'\t\t\t\t\talt=\"https:\/\/files.sunoresearch.com.br\/n\/uploads\/2023\/03\/1420x240-Planilha-controle-de-gastos.png\"\n\t\t\t\t>\n\t\t\t<\/picture>\n\t\t<\/a>\n\t<\/p>\n\n<\/a><\/p>\n<p>O IOF \u00e9 normalmente cobrado sobre diversas opera\u00e7\u00f5es, dentre elas: <a href=\"https:\/\/www.suno.com.br\/artigos\/cambio\/\">c\u00e2mbio<\/a>; <a href=\"https:\/\/www.suno.com.br\/artigos\/emprestimo-bancario\/\">empr\u00e9stimos<\/a> e financiamentos; <a href=\"https:\/\/www.suno.com.br\/artigos\/seguro-de-renda\/\">seguros<\/a>; <a href=\"https:\/\/www.suno.com.br\/artigos\/cheque-especial\/\">c<\/a><a href=\"https:\/\/www.suno.com.br\/artigos\/cheque-especial\/\">heque especial<\/a>; tarifas do cart\u00e3o de cr\u00e9dito; e aplica\u00e7\u00f5es em <a href=\"https:\/\/www.suno.com.br\/artigos\/investimento-renda-fixa\/\">renda fixa<\/a>.<\/p>\n<h2>Taxa de desemprego fica em 14,6%<\/h2>\n<p>A taxa de <strong>desemprego<\/strong> no Brasil ficou em 14,6% no terceiro trimestre deste ano, segundo dados da Pesquisa Nacional por Amostra de Domic\u00edlios Cont\u00ednua (Pnad Cont\u00ednua), divulgados nesta sexta-feira pelo <a href=\"https:\/\/www.suno.com.br\/artigos\/ibge\/\">Instituto Brasileiro de Geografia e Estat\u00edstica (IBGE)<\/a>.<\/p>\n<p>Esta foi a maior taxa de desemprego da s\u00e9rie hist\u00f3rica da <strong>Pnad Cont\u00ednua,<\/strong> iniciada em 2012. No terceiro trimestre de 2019, a taxa de desocupa\u00e7\u00e3o estava em 11,8%.<\/p>\n<p>A popula\u00e7\u00e3o desocupada ficou em 14,092 milh\u00f5es no per\u00edodo, de acordo com os dados da Pnad Cont\u00ednua. Na compara\u00e7\u00e3o com o segundo trimestre, o contingente de desocupados cresceu 10,2%, com 1,302 milh\u00e3o de brasileiro a mais no desemprego. Ante um ano atr\u00e1s, a alta foi de 12,6%, com 1,577 milh\u00e3o de desocupados a mais.<\/p>\n<p>De acordo com a gerente da<strong> Pnad Cont\u00ednua,<\/strong> Adriana Beringuy, &#8220;temos efetivamente mais pessoas procurando o trabalho. Podem ser pessoas que estavam na for\u00e7a de trabalho potencial&#8221;. &#8220;S\u00e3o pessoas que interromperam a procura com o isolamento, no segundo trimestre, e agora passam a pressionar o mercado de trabalho&#8221;, completou.<\/p>\n<p><em>(Com informa\u00e7\u00f5es do Estad\u00e3o Conte\u00fado)<\/em><\/p>\n\t<p>\n\t\t<a href=\"https:\/\/lp.suno.com.br\/planilha-de-controle-de-investimentos\/\" target=\"_blank\" data-element=\"shortcode-suno-banner\" title=\"Banner SUNO, clique e saiba mais\">\n\t\t\t<picture>\n\t\t\t\t<source media=\"(max-width: 500px)\" srcset=\"https:\/\/files.sunoresearch.com.br\/n\/uploads\/2023\/03\/400x300-Controle-de-Investimentos.png\">\n\t\t\t\t<img class=\"newsContent__article__imgCapa newsContent__article__imgCapa--banner\"\n\t\t\t\t\tsrc=\"https:\/\/files.sunoresearch.com.br\/n\/uploads\/2023\/03\/1420x240-Controle-de-Investimentos.png\"\n\t\t\t\t\tdata-promo-id=\"75934\"\t\t\t\t\t\t\t\t\t\twidth='1420' height='240'\t\t\t\t\talt=\"https:\/\/files.sunoresearch.com.br\/n\/uploads\/2023\/03\/1420x240-Controle-de-Investimentos.png\"\n\t\t\t\t>\n\t\t\t<\/picture>\n\t\t<\/a>\n\t<\/p>\n\n\n","protected":false},"excerpt":{"rendered":"<p>O presidente da Rep\u00fablica, Jair Bolsonaro, alterou o decreto que dava isen\u00e7\u00e3o de cobran\u00e7a do Imposto Sobre Opera\u00e7\u00f5es Financeiras (IOF) e o tributo volta a incidir sobre as opera\u00e7\u00f5es nesta a partir desta sexta-feira (27), conforme publicado no Di\u00e1rio Oficial da Uni\u00e3o (DOU). Contas Correntes A decis\u00e3o do governo federal acontece no sentido de financiar [&hellip;]<\/p>\n","protected":false},"author":35,"featured_media":88516,"comment_status":"closed","ping_status":"closed","sticky":false,"template":"","format":"standard","meta":[],"categories":[62],"tags":[704,719],"suno_strategy":[],"class_list":["post-103860","post","type-post","status-publish","format-standard","has-post-thumbnail","hentry","category-economia","tag-impostos","tag-jair-bolsonaro"],"yoast_head":"<!-- This site is optimized with the Yoast SEO plugin v24.4 - https:\/\/yoast.com\/wordpress\/plugins\/seo\/ -->\n<title>IOF volta a ser cobrado nesta sexta para custear isen\u00e7\u00e3o no Amap\u00e1<\/title>\n<meta name=\"description\" content=\"O presidente Jair Bolsonaro antecipou o fim da cobran\u00e7a do Imposto Sobre Opera\u00e7\u00f5es Financeiras (IOF). Clique para saber mais\" \/>\n<meta name=\"robots\" content=\"index, follow, max-snippet:-1, max-image-preview:large, max-video-preview:-1\" \/>\n<link rel=\"canonical\" href=\"https:\/\/www.suno.com.br\/noticias\/iof-volta-a-ser-cobrado-nesta-sexta-para-custear-isencao-na-conta-de-luz-no-amapa\/\" \/>\n<meta property=\"og:locale\" content=\"pt_BR\" \/>\n<meta property=\"og:type\" content=\"article\" \/>\n<meta property=\"og:title\" content=\"IOF volta a ser cobrado nesta sexta para custear isen\u00e7\u00e3o no Amap\u00e1\" \/>\n<meta property=\"og:description\" content=\"O presidente Jair Bolsonaro antecipou o fim da cobran\u00e7a do Imposto Sobre Opera\u00e7\u00f5es Financeiras (IOF). Clique para saber mais\" \/>\n<meta property=\"og:url\" content=\"https:\/\/www.suno.com.br\/noticias\/iof-volta-a-ser-cobrado-nesta-sexta-para-custear-isencao-na-conta-de-luz-no-amapa\/\" \/>\n<meta property=\"og:site_name\" content=\"Suno Not\u00edcias\" \/>\n<meta property=\"article:publisher\" content=\"https:\/\/facebook.com\/sunoresearch\" \/>\n<meta property=\"og:image\" content=\"https:\/\/files.sunoresearch.com.br\/n\/uploads\/2020\/09\/8c316184-dinheirooo.jpg\" \/>\n\t<meta property=\"og:image:width\" content=\"512\" \/>\n\t<meta property=\"og:image:height\" content=\"341\" \/>\n\t<meta property=\"og:image:type\" content=\"image\/jpeg\" \/>\n<meta name=\"author\" content=\"Arthur Guimar\u00e3es\" \/>\n<meta name=\"twitter:card\" content=\"summary_large_image\" \/>\n<meta name=\"twitter:creator\" content=\"@sunoresearch\" \/>\n<meta name=\"twitter:site\" content=\"@sunoresearch\" \/>\n<meta name=\"twitter:label1\" content=\"Escrito por\" \/>\n\t<meta name=\"twitter:data1\" content=\"Arthur Guimar\u00e3es\" \/>\n\t<meta name=\"twitter:label2\" content=\"Est. tempo de leitura\" \/>\n\t<meta name=\"twitter:data2\" content=\"2 minutos\" \/>\n<script type=\"application\/ld+json\" class=\"yoast-schema-graph\">{\"@context\":\"https:\/\/schema.org\",\"@graph\":[{\"@type\":\"NewsArticle\",\"@id\":\"https:\/\/www.suno.com.br\/noticias\/iof-volta-a-ser-cobrado-nesta-sexta-para-custear-isencao-na-conta-de-luz-no-amapa\/#article\",\"isPartOf\":{\"@id\":\"https:\/\/www.suno.com.br\/noticias\/iof-volta-a-ser-cobrado-nesta-sexta-para-custear-isencao-na-conta-de-luz-no-amapa\/\"},\"author\":{\"name\":\"Arthur Guimar\u00e3es\",\"@id\":\"https:\/\/www.suno.com.br\/noticias\/#\/schema\/person\/053a750a709a263919a20f976caae91c\"},\"headline\":\"IOF volta a ser cobrado nesta sexta para custear isen\u00e7\u00e3o na conta de luz no Amap\u00e1\",\"datePublished\":\"2020-11-27T23:13:28+00:00\",\"dateModified\":\"2021-02-18T01:02:03+00:00\",\"mainEntityOfPage\":{\"@id\":\"https:\/\/www.suno.com.br\/noticias\/iof-volta-a-ser-cobrado-nesta-sexta-para-custear-isencao-na-conta-de-luz-no-amapa\/\"},\"wordCount\":394,\"publisher\":{\"@id\":\"https:\/\/www.suno.com.br\/noticias\/#organization\"},\"image\":{\"@id\":\"https:\/\/www.suno.com.br\/noticias\/iof-volta-a-ser-cobrado-nesta-sexta-para-custear-isencao-na-conta-de-luz-no-amapa\/#primaryimage\"},\"thumbnailUrl\":\"https:\/\/files.sunoresearch.com.br\/n\/uploads\/2020\/09\/8c316184-dinheirooo-jpg.webp\",\"keywords\":[\"impostos\",\"Jair Bolsonaro\"],\"articleSection\":[\"Economia\"],\"inLanguage\":\"pt-BR\"},{\"@type\":\"WebPage\",\"@id\":\"https:\/\/www.suno.com.br\/noticias\/iof-volta-a-ser-cobrado-nesta-sexta-para-custear-isencao-na-conta-de-luz-no-amapa\/\",\"url\":\"https:\/\/www.suno.com.br\/noticias\/iof-volta-a-ser-cobrado-nesta-sexta-para-custear-isencao-na-conta-de-luz-no-amapa\/\",\"name\":\"IOF volta a ser cobrado nesta sexta para custear isen\u00e7\u00e3o no Amap\u00e1\",\"isPartOf\":{\"@id\":\"https:\/\/www.suno.com.br\/noticias\/#website\"},\"primaryImageOfPage\":{\"@id\":\"https:\/\/www.suno.com.br\/noticias\/iof-volta-a-ser-cobrado-nesta-sexta-para-custear-isencao-na-conta-de-luz-no-amapa\/#primaryimage\"},\"image\":{\"@id\":\"https:\/\/www.suno.com.br\/noticias\/iof-volta-a-ser-cobrado-nesta-sexta-para-custear-isencao-na-conta-de-luz-no-amapa\/#primaryimage\"},\"thumbnailUrl\":\"https:\/\/files.sunoresearch.com.br\/n\/uploads\/2020\/09\/8c316184-dinheirooo-jpg.webp\",\"datePublished\":\"2020-11-27T23:13:28+00:00\",\"dateModified\":\"2021-02-18T01:02:03+00:00\",\"description\":\"O presidente Jair Bolsonaro antecipou o fim da cobran\u00e7a do Imposto Sobre Opera\u00e7\u00f5es Financeiras (IOF). Clique para saber mais\",\"breadcrumb\":{\"@id\":\"https:\/\/www.suno.com.br\/noticias\/iof-volta-a-ser-cobrado-nesta-sexta-para-custear-isencao-na-conta-de-luz-no-amapa\/#breadcrumb\"},\"inLanguage\":\"pt-BR\",\"potentialAction\":[{\"@type\":\"ReadAction\",\"target\":[\"https:\/\/www.suno.com.br\/noticias\/iof-volta-a-ser-cobrado-nesta-sexta-para-custear-isencao-na-conta-de-luz-no-amapa\/\"]}]},{\"@type\":\"ImageObject\",\"inLanguage\":\"pt-BR\",\"@id\":\"https:\/\/www.suno.com.br\/noticias\/iof-volta-a-ser-cobrado-nesta-sexta-para-custear-isencao-na-conta-de-luz-no-amapa\/#primaryimage\",\"url\":\"https:\/\/files.sunoresearch.com.br\/n\/uploads\/2020\/09\/8c316184-dinheirooo-jpg.webp\",\"contentUrl\":\"https:\/\/files.sunoresearch.com.br\/n\/uploads\/2020\/09\/8c316184-dinheirooo-jpg.webp\",\"width\":512,\"height\":341,\"caption\":\"Contas Correntes\"},{\"@type\":\"BreadcrumbList\",\"@id\":\"https:\/\/www.suno.com.br\/noticias\/iof-volta-a-ser-cobrado-nesta-sexta-para-custear-isencao-na-conta-de-luz-no-amapa\/#breadcrumb\",\"itemListElement\":[{\"@type\":\"ListItem\",\"position\":1,\"name\":\"Not\u00edcias\",\"item\":\"https:\/\/www.suno.com.br\/noticias\/\"},{\"@type\":\"ListItem\",\"position\":2,\"name\":\"Economia\",\"item\":\"https:\/\/www.suno.com.br\/noticias\/economia\/\"},{\"@type\":\"ListItem\",\"position\":3,\"name\":\"IOF volta a ser cobrado nesta sexta para custear isen\u00e7\u00e3o na conta de luz no Amap\u00e1\"}]},{\"@type\":\"WebSite\",\"@id\":\"https:\/\/www.suno.com.br\/noticias\/#website\",\"url\":\"https:\/\/www.suno.com.br\/noticias\/\",\"name\":\"Suno Not\u00edcias\",\"description\":\"Seu portal de informa\u00e7\u00e3o sobre o mundo dos investimentos\",\"publisher\":{\"@id\":\"https:\/\/www.suno.com.br\/noticias\/#organization\"},\"potentialAction\":[{\"@type\":\"SearchAction\",\"target\":{\"@type\":\"EntryPoint\",\"urlTemplate\":\"https:\/\/www.suno.com.br\/noticias\/?s={search_term_string}\"},\"query-input\":{\"@type\":\"PropertyValueSpecification\",\"valueRequired\":true,\"valueName\":\"search_term_string\"}}],\"inLanguage\":\"pt-BR\"},{\"@type\":\"Organization\",\"@id\":\"https:\/\/www.suno.com.br\/noticias\/#organization\",\"name\":\"Suno Not\u00edcias\",\"url\":\"https:\/\/www.suno.com.br\/noticias\/\",\"logo\":{\"@type\":\"ImageObject\",\"inLanguage\":\"pt-BR\",\"@id\":\"https:\/\/www.suno.com.br\/noticias\/#\/schema\/logo\/image\/\",\"url\":\"https:\/\/files.sunoresearch.com.br\/n\/uploads\/2021\/09\/suno-logo.png\",\"contentUrl\":\"https:\/\/files.sunoresearch.com.br\/n\/uploads\/2021\/09\/suno-logo.png\",\"width\":180,\"height\":180,\"caption\":\"Suno Not\u00edcias\"},\"image\":{\"@id\":\"https:\/\/www.suno.com.br\/noticias\/#\/schema\/logo\/image\/\"},\"sameAs\":[\"https:\/\/facebook.com\/sunoresearch\",\"https:\/\/x.com\/sunoresearch\",\"https:\/\/www.instagram.com\/suno\",\"https:\/\/www.linkedin.com\/company\/suno-research\/\",\"https:\/\/www.youtube.com\/c\/sunoresearch\"]},{\"@type\":\"Person\",\"@id\":\"https:\/\/www.suno.com.br\/noticias\/#\/schema\/person\/053a750a709a263919a20f976caae91c\",\"name\":\"Arthur Guimar\u00e3es\",\"image\":{\"@type\":\"ImageObject\",\"inLanguage\":\"pt-BR\",\"@id\":\"https:\/\/www.suno.com.br\/noticias\/#\/schema\/person\/image\/\",\"url\":\"https:\/\/secure.gravatar.com\/avatar\/1affd86a11209ae09eb6dd3bcad3e96c?s=96&r=g\",\"contentUrl\":\"https:\/\/secure.gravatar.com\/avatar\/1affd86a11209ae09eb6dd3bcad3e96c?s=96&r=g\",\"caption\":\"Arthur Guimar\u00e3es\"},\"description\":\"Arthur Guimar\u00e3es escreve sobre pol\u00edtica, economia e neg\u00f3cios para o portal de not\u00edcias da Suno Research. Atualmente, \u00e9 estudante de jornalismo pela Faculdade C\u00e1sper L\u00edbero.\",\"url\":\"https:\/\/www.suno.com.br\/noticias\/author\/arthur-guimaraes\/\"}]}<\/script>\n<!-- \/ Yoast SEO plugin. -->","yoast_head_json":{"title":"IOF volta a ser cobrado nesta sexta para custear isen\u00e7\u00e3o no Amap\u00e1","description":"O presidente Jair Bolsonaro antecipou o fim da cobran\u00e7a do Imposto Sobre Opera\u00e7\u00f5es Financeiras (IOF). Clique para saber mais","robots":{"index":"index","follow":"follow","max-snippet":"max-snippet:-1","max-image-preview":"max-image-preview:large","max-video-preview":"max-video-preview:-1"},"canonical":"https:\/\/www.suno.com.br\/noticias\/iof-volta-a-ser-cobrado-nesta-sexta-para-custear-isencao-na-conta-de-luz-no-amapa\/","og_locale":"pt_BR","og_type":"article","og_title":"IOF volta a ser cobrado nesta sexta para custear isen\u00e7\u00e3o no Amap\u00e1","og_description":"O presidente Jair Bolsonaro antecipou o fim da cobran\u00e7a do Imposto Sobre Opera\u00e7\u00f5es Financeiras (IOF). Clique para saber mais","og_url":"https:\/\/www.suno.com.br\/noticias\/iof-volta-a-ser-cobrado-nesta-sexta-para-custear-isencao-na-conta-de-luz-no-amapa\/","og_site_name":"Suno Not\u00edcias","article_publisher":"https:\/\/facebook.com\/sunoresearch","og_image":[{"width":512,"height":341,"url":"https:\/\/files.sunoresearch.com.br\/n\/uploads\/2020\/09\/8c316184-dinheirooo.jpg","type":"image\/jpeg"}],"author":"Arthur Guimar\u00e3es","twitter_card":"summary_large_image","twitter_creator":"@sunoresearch","twitter_site":"@sunoresearch","twitter_misc":{"Escrito por":"Arthur Guimar\u00e3es","Est. tempo de leitura":"2 minutos"},"schema":{"@context":"https:\/\/schema.org","@graph":[{"@type":"NewsArticle","@id":"https:\/\/www.suno.com.br\/noticias\/iof-volta-a-ser-cobrado-nesta-sexta-para-custear-isencao-na-conta-de-luz-no-amapa\/#article","isPartOf":{"@id":"https:\/\/www.suno.com.br\/noticias\/iof-volta-a-ser-cobrado-nesta-sexta-para-custear-isencao-na-conta-de-luz-no-amapa\/"},"author":{"name":"Arthur Guimar\u00e3es","@id":"https:\/\/www.suno.com.br\/noticias\/#\/schema\/person\/053a750a709a263919a20f976caae91c"},"headline":"IOF volta a ser cobrado nesta sexta para custear isen\u00e7\u00e3o na conta de luz no Amap\u00e1","datePublished":"2020-11-27T23:13:28+00:00","dateModified":"2021-02-18T01:02:03+00:00","mainEntityOfPage":{"@id":"https:\/\/www.suno.com.br\/noticias\/iof-volta-a-ser-cobrado-nesta-sexta-para-custear-isencao-na-conta-de-luz-no-amapa\/"},"wordCount":394,"publisher":{"@id":"https:\/\/www.suno.com.br\/noticias\/#organization"},"image":{"@id":"https:\/\/www.suno.com.br\/noticias\/iof-volta-a-ser-cobrado-nesta-sexta-para-custear-isencao-na-conta-de-luz-no-amapa\/#primaryimage"},"thumbnailUrl":"https:\/\/files.sunoresearch.com.br\/n\/uploads\/2020\/09\/8c316184-dinheirooo-jpg.webp","keywords":["impostos","Jair Bolsonaro"],"articleSection":["Economia"],"inLanguage":"pt-BR"},{"@type":"WebPage","@id":"https:\/\/www.suno.com.br\/noticias\/iof-volta-a-ser-cobrado-nesta-sexta-para-custear-isencao-na-conta-de-luz-no-amapa\/","url":"https:\/\/www.suno.com.br\/noticias\/iof-volta-a-ser-cobrado-nesta-sexta-para-custear-isencao-na-conta-de-luz-no-amapa\/","name":"IOF volta a ser cobrado nesta sexta para custear isen\u00e7\u00e3o no Amap\u00e1","isPartOf":{"@id":"https:\/\/www.suno.com.br\/noticias\/#website"},"primaryImageOfPage":{"@id":"https:\/\/www.suno.com.br\/noticias\/iof-volta-a-ser-cobrado-nesta-sexta-para-custear-isencao-na-conta-de-luz-no-amapa\/#primaryimage"},"image":{"@id":"https:\/\/www.suno.com.br\/noticias\/iof-volta-a-ser-cobrado-nesta-sexta-para-custear-isencao-na-conta-de-luz-no-amapa\/#primaryimage"},"thumbnailUrl":"https:\/\/files.sunoresearch.com.br\/n\/uploads\/2020\/09\/8c316184-dinheirooo-jpg.webp","datePublished":"2020-11-27T23:13:28+00:00","dateModified":"2021-02-18T01:02:03+00:00","description":"O presidente Jair Bolsonaro antecipou o fim da cobran\u00e7a do Imposto Sobre Opera\u00e7\u00f5es Financeiras (IOF). Clique para saber mais","breadcrumb":{"@id":"https:\/\/www.suno.com.br\/noticias\/iof-volta-a-ser-cobrado-nesta-sexta-para-custear-isencao-na-conta-de-luz-no-amapa\/#breadcrumb"},"inLanguage":"pt-BR","potentialAction":[{"@type":"ReadAction","target":["https:\/\/www.suno.com.br\/noticias\/iof-volta-a-ser-cobrado-nesta-sexta-para-custear-isencao-na-conta-de-luz-no-amapa\/"]}]},{"@type":"ImageObject","inLanguage":"pt-BR","@id":"https:\/\/www.suno.com.br\/noticias\/iof-volta-a-ser-cobrado-nesta-sexta-para-custear-isencao-na-conta-de-luz-no-amapa\/#primaryimage","url":"https:\/\/files.sunoresearch.com.br\/n\/uploads\/2020\/09\/8c316184-dinheirooo-jpg.webp","contentUrl":"https:\/\/files.sunoresearch.com.br\/n\/uploads\/2020\/09\/8c316184-dinheirooo-jpg.webp","width":512,"height":341,"caption":"Contas Correntes"},{"@type":"BreadcrumbList","@id":"https:\/\/www.suno.com.br\/noticias\/iof-volta-a-ser-cobrado-nesta-sexta-para-custear-isencao-na-conta-de-luz-no-amapa\/#breadcrumb","itemListElement":[{"@type":"ListItem","position":1,"name":"Not\u00edcias","item":"https:\/\/www.suno.com.br\/noticias\/"},{"@type":"ListItem","position":2,"name":"Economia","item":"https:\/\/www.suno.com.br\/noticias\/economia\/"},{"@type":"ListItem","position":3,"name":"IOF volta a ser cobrado nesta sexta para custear isen\u00e7\u00e3o na conta de luz no Amap\u00e1"}]},{"@type":"WebSite","@id":"https:\/\/www.suno.com.br\/noticias\/#website","url":"https:\/\/www.suno.com.br\/noticias\/","name":"Suno Not\u00edcias","description":"Seu portal de informa\u00e7\u00e3o sobre o mundo dos investimentos","publisher":{"@id":"https:\/\/www.suno.com.br\/noticias\/#organization"},"potentialAction":[{"@type":"SearchAction","target":{"@type":"EntryPoint","urlTemplate":"https:\/\/www.suno.com.br\/noticias\/?s={search_term_string}"},"query-input":{"@type":"PropertyValueSpecification","valueRequired":true,"valueName":"search_term_string"}}],"inLanguage":"pt-BR"},{"@type":"Organization","@id":"https:\/\/www.suno.com.br\/noticias\/#organization","name":"Suno Not\u00edcias","url":"https:\/\/www.suno.com.br\/noticias\/","logo":{"@type":"ImageObject","inLanguage":"pt-BR","@id":"https:\/\/www.suno.com.br\/noticias\/#\/schema\/logo\/image\/","url":"https:\/\/files.sunoresearch.com.br\/n\/uploads\/2021\/09\/suno-logo.png","contentUrl":"https:\/\/files.sunoresearch.com.br\/n\/uploads\/2021\/09\/suno-logo.png","width":180,"height":180,"caption":"Suno Not\u00edcias"},"image":{"@id":"https:\/\/www.suno.com.br\/noticias\/#\/schema\/logo\/image\/"},"sameAs":["https:\/\/facebook.com\/sunoresearch","https:\/\/x.com\/sunoresearch","https:\/\/www.instagram.com\/suno","https:\/\/www.linkedin.com\/company\/suno-research\/","https:\/\/www.youtube.com\/c\/sunoresearch"]},{"@type":"Person","@id":"https:\/\/www.suno.com.br\/noticias\/#\/schema\/person\/053a750a709a263919a20f976caae91c","name":"Arthur Guimar\u00e3es","image":{"@type":"ImageObject","inLanguage":"pt-BR","@id":"https:\/\/www.suno.com.br\/noticias\/#\/schema\/person\/image\/","url":"https:\/\/secure.gravatar.com\/avatar\/1affd86a11209ae09eb6dd3bcad3e96c?s=96&r=g","contentUrl":"https:\/\/secure.gravatar.com\/avatar\/1affd86a11209ae09eb6dd3bcad3e96c?s=96&r=g","caption":"Arthur Guimar\u00e3es"},"description":"Arthur Guimar\u00e3es escreve sobre pol\u00edtica, economia e neg\u00f3cios para o portal de not\u00edcias da Suno Research. Atualmente, \u00e9 estudante de jornalismo pela Faculdade C\u00e1sper L\u00edbero.","url":"https:\/\/www.suno.com.br\/noticias\/author\/arthur-guimaraes\/"}]}},"default_loop_html":"<div class=\"cardsPage__listCard__boxs\"><div class=\"cardsPage__listCard__boxs__img\"><a href=\"https:\/\/www.suno.com.br\/noticias\/iof-volta-a-ser-cobrado-nesta-sexta-para-custear-isencao-na-conta-de-luz-no-amapa\/\"><img class=\"mask\" src=\"https:\/\/www.suno.com.br\/noticias\/wp-content\/themes\/suno\/resources\/images\/spotlight\/spotlight1img\/bg-mask.png\" alt=\"Image Mask\"\/><img src=\"https:\/\/files.sunoresearch.com.br\/n\/uploads\/2020\/09\/8c316184-dinheirooo-400x200.webp\" alt=\"IOF volta a ser cobrado nesta sexta para custear isen\u00e7\u00e3o na conta de luz no Amap\u00e1\"\/><\/a><span class=\"spotlightCategory\"><a href=\"https:\/\/www.suno.com.br\/noticias\/economia\/\">Economia<\/a><\/span><\/div><div class=\"cardsPage__listCard__boxs__content\"><a href=\"https:\/\/www.suno.com.br\/noticias\/iof-volta-a-ser-cobrado-nesta-sexta-para-custear-isencao-na-conta-de-luz-no-amapa\/\"><h2 class=\"content__title\">IOF volta a ser cobrado nesta sexta para custear isen\u00e7\u00e3o na conta de luz no Amap\u00e1<\/h2><\/a><div class=\"newsContent__article__meta\"><div class=\"newsContent__article__meta__authorBox\"><a href=\"https:\/\/www.suno.com.br\/noticias\/author\/arthur-guimaraes\/\" class=\"authorBox__avatar noMobi\"><img src=\"https:\/\/files.sunoresearch.com.br\/n\/uploads\/2020\/02\/dfb40897-eu-150x150.webp\" alt=\"Arthur Guimar\u00e3es\"><\/a><div class=\"authorBox__name\"><span>por\n\t\t\t<a href=\"https:\/\/www.suno.com.br\/noticias\/author\/arthur-guimaraes\/\"><span itemprop=\"author\">Arthur Guimar\u00e3es<\/span><\/a><\/span><time datetime=\"2020-11-27T20:13:28-03:00\" itemprop=\"datePublished\">27\/11\/2020 20:13<\/time><\/div><\/div><\/div><\/div><\/div>","single_layout":"posts","amp_enabled":true,"_links":{"self":[{"href":"https:\/\/www.suno.com.br\/noticias\/wp-json\/wp\/v2\/posts\/103860"}],"collection":[{"href":"https:\/\/www.suno.com.br\/noticias\/wp-json\/wp\/v2\/posts"}],"about":[{"href":"https:\/\/www.suno.com.br\/noticias\/wp-json\/wp\/v2\/types\/post"}],"author":[{"embeddable":true,"href":"https:\/\/www.suno.com.br\/noticias\/wp-json\/wp\/v2\/users\/35"}],"replies":[{"embeddable":true,"href":"https:\/\/www.suno.com.br\/noticias\/wp-json\/wp\/v2\/comments?post=103860"}],"version-history":[{"count":0,"href":"https:\/\/www.suno.com.br\/noticias\/wp-json\/wp\/v2\/posts\/103860\/revisions"}],"wp:featuredmedia":[{"embeddable":true,"href":"https:\/\/www.suno.com.br\/noticias\/wp-json\/wp\/v2\/media\/88516"}],"wp:attachment":[{"href":"https:\/\/www.suno.com.br\/noticias\/wp-json\/wp\/v2\/media?parent=103860"}],"wp:term":[{"taxonomy":"category","embeddable":true,"href":"https:\/\/www.suno.com.br\/noticias\/wp-json\/wp\/v2\/categories?post=103860"},{"taxonomy":"post_tag","embeddable":true,"href":"https:\/\/www.suno.com.br\/noticias\/wp-json\/wp\/v2\/tags?post=103860"},{"taxonomy":"suno_strategy","embeddable":true,"href":"https:\/\/www.suno.com.br\/noticias\/wp-json\/wp\/v2\/suno_strategy?post=103860"}],"curies":[{"name":"wp","href":"https:\/\/api.w.org\/{rel}","templated":true}]}}