{"id":103853,"date":"2020-11-27T18:43:44","date_gmt":"2020-11-27T21:43:44","guid":{"rendered":"https:\/\/www.suno.com.br\/noticias\/?p=103853"},"modified":"2021-05-29T20:30:40","modified_gmt":"2021-05-29T23:30:40","slug":"ifix-fecha-aos-2-81153-pontos-com-alta-de-040-27112020","status":"publish","type":"post","link":"https:\/\/www.suno.com.br\/noticias\/ifix-fecha-aos-2-81153-pontos-com-alta-de-040-27112020\/","title":{"rendered":"IFIX fecha aos 2.811,53 pontos com alta de 0,40%"},"content":{"rendered":"<p>O <b>IFIX<\/b>, \u00edndice de Fundos Imobili\u00e1rios da B3, fechou nesta sexta-feira (27), aos 2.811,53 pontos, apresentando uma alta de 0,40%.<\/p>\t<div class=\"wrapper-featured-image\">\n\t\t<figure class=\"spotlightImg\">\n\n\t\t\t<picture>\n\t\t\t\t<source media=\"(max-width: 768px)\" srcset=\"https:\/\/files.sunoresearch.com.br\/n\/uploads\/2020\/10\/d3651e08-fundo-imobiliario-xpcm11-xp-corp-macae-400x200.webp\">\n\t\t\t\t<img loading=\"lazy\" decoding=\"async\" class=\"newsContent__article__imgCapa lazyloadDisabled \" src=\"https:\/\/files.sunoresearch.com.br\/n\/uploads\/2020\/10\/d3651e08-fundo-imobiliario-xpcm11-xp-corp-macae-800x450.webp\" width=\"800\" height=\"450\" alt=\"IFIX fecha aos 2.811,53 pontos com alta de 0,40%\" fetchpriority=high \/>\n\t\t\t<\/picture>\n\n\t\t\t<figcaption class=\"wp-caption-text wp-caption-text--show\">O IFIX \u00e9 um indicador criado pela Bolsa de Valores de S\u00e3o Paulo (B3) que tem como objetivo a medi\u00e7\u00e3o d performance de uma carteira composta por cotas de Fundos Imobili\u00e1rios.<\/figcaption>\n\t\t<\/figure>\n\t<\/div>\n\n\n\t<p>\n\t\t<a href=\"https:\/\/lp.suno.com.br\/planilha-controle-gastos\/\" target=\"_blank\" data-element=\"shortcode-suno-banner\" title=\"Banner SUNO, clique e saiba mais\">\n\t\t\t<picture>\n\t\t\t\t<source media=\"(max-width: 500px)\" srcset=\"https:\/\/files.sunoresearch.com.br\/n\/uploads\/2023\/03\/400x300-Planilha-controle-de-gastos.png\">\n\t\t\t\t<img class=\"newsContent__article__imgCapa newsContent__article__imgCapa--banner\"\n\t\t\t\t\tsrc=\"https:\/\/files.sunoresearch.com.br\/n\/uploads\/2023\/03\/1420x240-Planilha-controle-de-gastos.png\"\n\t\t\t\t\tdata-promo-id=\"101751\"\t\t\t\t\t\t\t\t\t\twidth='1420' height='240'\t\t\t\t\talt=\"https:\/\/files.sunoresearch.com.br\/n\/uploads\/2023\/03\/1420x240-Planilha-controle-de-gastos.png\"\n\t\t\t\t>\n\t\t\t<\/picture>\n\t\t<\/a>\n\t<\/p>\n\n\n<p>Com o resultado do <strong><a href=\"https:\/\/www.suno.com.br\/artigos\/ifix\/\">IFIX<\/a> hoje,<\/strong> o \u00edndice j\u00e1 acumula uma alta de 1,63% em novembro, ao passo que no ano reporta uma queda de 12,82%.<\/p>\n<p>Al\u00e9m disso, a m\u00e1xima no dia foi de 2.811,72 pontos, enquanto a m\u00ednima ficou em 2.800,23 pontos.<\/p>\n\t<p>\n\t\t<a href=\"https:\/\/lp.suno.com.br\/planilha-controle-gastos\/\" target=\"_blank\" data-element=\"shortcode-suno-banner\" title=\"Banner SUNO, clique e saiba mais\">\n\t\t\t<picture>\n\t\t\t\t<source media=\"(max-width: 500px)\" srcset=\"https:\/\/files.sunoresearch.com.br\/n\/uploads\/2023\/03\/400x300-Planilha-controle-de-gastos.png\">\n\t\t\t\t<img class=\"newsContent__article__imgCapa newsContent__article__imgCapa--banner\"\n\t\t\t\t\tsrc=\"https:\/\/files.sunoresearch.com.br\/n\/uploads\/2023\/03\/1420x240-Planilha-controle-de-gastos.png\"\n\t\t\t\t\tdata-promo-id=\"101751\"\t\t\t\t\t\t\t\t\t\twidth='1420' height='240'\t\t\t\t\talt=\"https:\/\/files.sunoresearch.com.br\/n\/uploads\/2023\/03\/1420x240-Planilha-controle-de-gastos.png\"\n\t\t\t\t>\n\t\t\t<\/picture>\n\t\t<\/a>\n\t<\/p>\n\n\n<h2>Principais not\u00edcias do dia em Fundos Imobili\u00e1rios<\/h2>\n<p>Confira as principais not\u00edcias que movimentaram o IFIX nesta sexta-feira:<\/p>\n<ul>\n<li><strong>ARCT11<\/strong> compra im\u00f3vel<\/li>\n<li><strong>MGHT11<\/strong> paga primeira parcela da compra de hotel na Vila Madalena<\/li>\n<\/ul>\n<h3>ARCT11<\/h3>\n<p>O FII Riza Arctium Real Estate <strong>(ARCT11)<\/strong> informou nesta quinta-feira que comprou um <strong>im\u00f3vel<\/strong> em Goi\u00e2nia, referente ao loteamento Ch\u00e1caras Recreio S\u00e3o Joaquim, com \u00e1rea total de 33.885 metros quadrados.<\/p>\n<p>O valor da aquisi\u00e7\u00e3o foi de R$ 15,5 milh\u00f5es de acordo com o <strong>fato relevante,<\/strong> ao passo que foram pagos R$ 8,1 milh\u00f5es na data da aquisi\u00e7\u00e3o, e R$ 7,4 milh\u00f5es ser\u00e3o pagos quando houver a outorga da Escritura Definitiva.<\/p>\n\t<div data-element=\"shortcode-read-more\" class=\"knowMore\">\n\t\t\t\t<span class=\"knowMore__title\">Veja tamb\u00e9m<\/span>\n\t\t\t\t<a class=\"knowMore__link\" href=\"https:\/\/www.suno.com.br\/noticias\/emprestimo-cotas-fiis-fips-fundo-imobiliario\/\">\n\t\t\tEmpr\u00e9stimo de cotas de FIIs e FIPs ser\u00e1 liberado a partir de segunda-feira\t\t<\/a>\n\t<\/div>\n\n\n<p>Al\u00e9m disso, o <strong>im\u00f3vel<\/strong> est\u00e1 locado para a Poli-Gyn Embalagens, e o Fundo receber\u00e1 125.937,50 referente ao aluguel mensal, que representa, aproximadamente, R$ 5,40 por cota.<\/p>\n<h3>MGHT11<\/h3>\n<p>O FII Mogno Hot\u00e9is <strong>(MGHT11)<\/strong> informou aos seus cotistas que realizou o pagamento da primeira parcela, no valor de R$ 14.607,120, referente a aquisi\u00e7\u00e3o de um hotel\u00a0 na Vila Madalena, em S\u00e3o Paulo.<\/p>\n<p>O saldo remanescente \u00e9 de R$ 19,8 milh\u00f5es. Al\u00e9m disso, o BTG Pactual, administrador do Fundo, apontou que o <strong>im\u00f3vel<\/strong> est\u00e1 locado para Selina Brazil Hospitalidade.<\/p>\n<h2>Maiores altas e baixas do IFIX<\/h2>\n<p>Confira as maiores altas e baixas do dia no IFIX:<\/p>\n<h3>Maiores Altas do dia:<\/h3>\n<ul>\n<li><strong>BRCO11<\/strong>: +5,73%\/ R$ 124,64<\/li>\n<li><strong>HABT11<\/strong>: +1,80\/ R$ 119,51<\/li>\n<li><strong>VTLT11<\/strong>: + 1,74% \/R$ 115,98<\/li>\n<li><strong>RBRF11<\/strong>: +1,74% \/R$ 99,60<\/li>\n<li><strong>LVBI11<\/strong>: + 1,39% \/R$ 116,60<\/li>\n<\/ul>\n<h3>Maiores Baixas do dia no IFIX<\/h3>\n<ul>\n<li><strong>XPCM11<\/strong>: -11,31% \/ R$ 50,02<\/li>\n<li><strong>HGPO11<\/strong>: -1,14% \/ R$ 216,51<\/li>\n<li><strong>KNIP11<\/strong>: -0,76% \/ R$ 111,65<\/li>\n<li><b>MFII11<\/b>: -0,71%\/ R$ 140<\/li>\n<li><strong>FIGS11<\/strong>: -0,52% \/ R$ 63,28<\/li>\n<\/ul>\n<p>A forte queda do <strong>XPCM11<\/strong> pode ser explicada pela sa\u00edda da <strong>Petrobras<\/strong> (PETR4) que est\u00e1 prevista para o m\u00eas que vem. Vale destacar que a estatal petrol\u00edfera \u00e9 a \u00fanica inquilina do Fundo.<\/p>\n<h2>O que \u00e9 o IFIX<\/h2>\n<p>O <b>IFIX <\/b>\u00e9 um indicador criado pela <a href=\"https:\/\/www.suno.com.br\/artigos\/b3\/\"><strong>Bolsa de Valores de S\u00e3o Paulo (B3)<\/strong><\/a> que tem como objetivo a medi\u00e7\u00e3o da performance de uma carteira composta por cotas de <strong>Fundos Imobili\u00e1rios.<\/strong><\/p>\n\t<p>\n\t\t<a href=\"https:\/\/lp.suno.com.br\/planilha-de-controle-de-investimentos\/\" target=\"_blank\" data-element=\"shortcode-suno-banner\" title=\"Banner SUNO, clique e saiba mais\">\n\t\t\t<picture>\n\t\t\t\t<source media=\"(max-width: 500px)\" srcset=\"https:\/\/files.sunoresearch.com.br\/n\/uploads\/2023\/03\/400x300-Controle-de-Investimentos.png\">\n\t\t\t\t<img class=\"newsContent__article__imgCapa newsContent__article__imgCapa--banner\"\n\t\t\t\t\tsrc=\"https:\/\/files.sunoresearch.com.br\/n\/uploads\/2023\/03\/1420x240-Controle-de-Investimentos.png\"\n\t\t\t\t\tdata-promo-id=\"75934\"\t\t\t\t\t\t\t\t\t\twidth='1420' height='240'\t\t\t\t\talt=\"https:\/\/files.sunoresearch.com.br\/n\/uploads\/2023\/03\/1420x240-Controle-de-Investimentos.png\"\n\t\t\t\t>\n\t\t\t<\/picture>\n\t\t<\/a>\n\t<\/p>\n\n\n","protected":false},"excerpt":{"rendered":"<p>O IFIX, \u00edndice de Fundos Imobili\u00e1rios da B3, fechou nesta sexta-feira (27), aos 2.811,53 pontos, apresentando uma alta de 0,40%. O IFIX \u00e9 um indicador criado pela Bolsa de Valores de S\u00e3o Paulo (B3) que tem como objetivo a medi\u00e7\u00e3o d performance de uma carteira composta por cotas de Fundos Imobili\u00e1rios. Com o resultado do [&hellip;]<\/p>\n","protected":false},"author":39,"featured_media":96425,"comment_status":"closed","ping_status":"closed","sticky":false,"template":"","format":"standard","meta":[],"categories":[66,60],"tags":[315,2689],"suno_strategy":[],"class_list":["post-103853","post","type-post","status-publish","format-standard","has-post-thumbnail","hentry","category-fiis","category-mercado","tag-fundos-imobiliarios-fiis","tag-ifix"],"yoast_head":"<!-- This site is optimized with the Yoast SEO plugin v24.4 - https:\/\/yoast.com\/wordpress\/plugins\/seo\/ -->\n<title>IFIX fecha aos 2.811,53 pontos com alta de 0,40%<\/title>\n<meta name=\"description\" content=\"O IFIX fechou nesta sexta-feira (27), aos 2.811,53 pontos, apresentando uma alta de 0,40%. Clique aqui para saber mais.\" \/>\n<meta name=\"robots\" content=\"index, follow, max-snippet:-1, max-image-preview:large, max-video-preview:-1\" \/>\n<link rel=\"canonical\" href=\"https:\/\/www.suno.com.br\/noticias\/ifix-fecha-aos-2-81153-pontos-com-alta-de-040-27112020\/\" \/>\n<meta property=\"og:locale\" content=\"pt_BR\" \/>\n<meta property=\"og:type\" content=\"article\" \/>\n<meta property=\"og:title\" content=\"IFIX fecha aos 2.811,53 pontos com alta de 0,40%\" \/>\n<meta property=\"og:description\" content=\"O IFIX fechou nesta sexta-feira (27), aos 2.811,53 pontos, apresentando uma alta de 0,40%. Clique aqui para saber mais.\" \/>\n<meta property=\"og:url\" content=\"https:\/\/www.suno.com.br\/noticias\/ifix-fecha-aos-2-81153-pontos-com-alta-de-040-27112020\/\" \/>\n<meta property=\"og:site_name\" content=\"Suno Not\u00edcias\" \/>\n<meta property=\"article:publisher\" content=\"https:\/\/facebook.com\/sunoresearch\" \/>\n<meta property=\"og:image\" content=\"https:\/\/files.sunoresearch.com.br\/n\/uploads\/2020\/10\/d3651e08-fundo-imobiliario-xpcm11-xp-corp-macae.jpg\" \/>\n\t<meta property=\"og:image:width\" content=\"992\" \/>\n\t<meta property=\"og:image:height\" content=\"680\" \/>\n\t<meta property=\"og:image:type\" content=\"image\/jpeg\" \/>\n<meta name=\"author\" content=\"Laura Moutinho\" \/>\n<meta name=\"twitter:card\" content=\"summary_large_image\" \/>\n<meta name=\"twitter:creator\" content=\"@sunoresearch\" \/>\n<meta name=\"twitter:site\" content=\"@sunoresearch\" \/>\n<meta name=\"twitter:label1\" content=\"Escrito por\" \/>\n\t<meta name=\"twitter:data1\" content=\"Laura Moutinho\" \/>\n\t<meta name=\"twitter:label2\" content=\"Est. tempo de leitura\" \/>\n\t<meta name=\"twitter:data2\" content=\"2 minutos\" \/>\n<script type=\"application\/ld+json\" class=\"yoast-schema-graph\">{\"@context\":\"https:\/\/schema.org\",\"@graph\":[{\"@type\":\"NewsArticle\",\"@id\":\"https:\/\/www.suno.com.br\/noticias\/ifix-fecha-aos-2-81153-pontos-com-alta-de-040-27112020\/#article\",\"isPartOf\":{\"@id\":\"https:\/\/www.suno.com.br\/noticias\/ifix-fecha-aos-2-81153-pontos-com-alta-de-040-27112020\/\"},\"author\":{\"name\":\"Laura Moutinho\",\"@id\":\"https:\/\/www.suno.com.br\/noticias\/#\/schema\/person\/3df0d2808748b74496efe5dbeaef2c72\"},\"headline\":\"IFIX fecha aos 2.811,53 pontos com alta de 0,40%\",\"datePublished\":\"2020-11-27T21:43:44+00:00\",\"dateModified\":\"2021-05-29T23:30:40+00:00\",\"mainEntityOfPage\":{\"@id\":\"https:\/\/www.suno.com.br\/noticias\/ifix-fecha-aos-2-81153-pontos-com-alta-de-040-27112020\/\"},\"wordCount\":408,\"publisher\":{\"@id\":\"https:\/\/www.suno.com.br\/noticias\/#organization\"},\"image\":{\"@id\":\"https:\/\/www.suno.com.br\/noticias\/ifix-fecha-aos-2-81153-pontos-com-alta-de-040-27112020\/#primaryimage\"},\"thumbnailUrl\":\"https:\/\/files.sunoresearch.com.br\/n\/uploads\/2020\/10\/d3651e08-fundo-imobiliario-xpcm11-xp-corp-macae-jpg.webp\",\"keywords\":[\"Fundos Imobili\u00e1rios (FIIs)\",\"IFIX\"],\"articleSection\":[\"FIIs\",\"Mercado\"],\"inLanguage\":\"pt-BR\"},{\"@type\":\"WebPage\",\"@id\":\"https:\/\/www.suno.com.br\/noticias\/ifix-fecha-aos-2-81153-pontos-com-alta-de-040-27112020\/\",\"url\":\"https:\/\/www.suno.com.br\/noticias\/ifix-fecha-aos-2-81153-pontos-com-alta-de-040-27112020\/\",\"name\":\"IFIX fecha aos 2.811,53 pontos com alta de 0,40%\",\"isPartOf\":{\"@id\":\"https:\/\/www.suno.com.br\/noticias\/#website\"},\"primaryImageOfPage\":{\"@id\":\"https:\/\/www.suno.com.br\/noticias\/ifix-fecha-aos-2-81153-pontos-com-alta-de-040-27112020\/#primaryimage\"},\"image\":{\"@id\":\"https:\/\/www.suno.com.br\/noticias\/ifix-fecha-aos-2-81153-pontos-com-alta-de-040-27112020\/#primaryimage\"},\"thumbnailUrl\":\"https:\/\/files.sunoresearch.com.br\/n\/uploads\/2020\/10\/d3651e08-fundo-imobiliario-xpcm11-xp-corp-macae-jpg.webp\",\"datePublished\":\"2020-11-27T21:43:44+00:00\",\"dateModified\":\"2021-05-29T23:30:40+00:00\",\"description\":\"O IFIX fechou nesta sexta-feira (27), aos 2.811,53 pontos, apresentando uma alta de 0,40%. Clique aqui para saber mais.\",\"breadcrumb\":{\"@id\":\"https:\/\/www.suno.com.br\/noticias\/ifix-fecha-aos-2-81153-pontos-com-alta-de-040-27112020\/#breadcrumb\"},\"inLanguage\":\"pt-BR\",\"potentialAction\":[{\"@type\":\"ReadAction\",\"target\":[\"https:\/\/www.suno.com.br\/noticias\/ifix-fecha-aos-2-81153-pontos-com-alta-de-040-27112020\/\"]}]},{\"@type\":\"ImageObject\",\"inLanguage\":\"pt-BR\",\"@id\":\"https:\/\/www.suno.com.br\/noticias\/ifix-fecha-aos-2-81153-pontos-com-alta-de-040-27112020\/#primaryimage\",\"url\":\"https:\/\/files.sunoresearch.com.br\/n\/uploads\/2020\/10\/d3651e08-fundo-imobiliario-xpcm11-xp-corp-macae-jpg.webp\",\"contentUrl\":\"https:\/\/files.sunoresearch.com.br\/n\/uploads\/2020\/10\/d3651e08-fundo-imobiliario-xpcm11-xp-corp-macae-jpg.webp\",\"width\":992,\"height\":680,\"caption\":\"O IFIX \u00e9 um indicador criado pela Bolsa de Valores de S\u00e3o Paulo (B3) que tem como objetivo a medi\u00e7\u00e3o d performance de uma carteira composta por cotas de Fundos Imobili\u00e1rios.\"},{\"@type\":\"BreadcrumbList\",\"@id\":\"https:\/\/www.suno.com.br\/noticias\/ifix-fecha-aos-2-81153-pontos-com-alta-de-040-27112020\/#breadcrumb\",\"itemListElement\":[{\"@type\":\"ListItem\",\"position\":1,\"name\":\"Not\u00edcias\",\"item\":\"https:\/\/www.suno.com.br\/noticias\/\"},{\"@type\":\"ListItem\",\"position\":2,\"name\":\"FIIs\",\"item\":\"https:\/\/www.suno.com.br\/noticias\/fiis\/\"},{\"@type\":\"ListItem\",\"position\":3,\"name\":\"IFIX fecha aos 2.811,53 pontos com alta de 0,40%\"}]},{\"@type\":\"WebSite\",\"@id\":\"https:\/\/www.suno.com.br\/noticias\/#website\",\"url\":\"https:\/\/www.suno.com.br\/noticias\/\",\"name\":\"Suno Not\u00edcias\",\"description\":\"Seu portal de informa\u00e7\u00e3o sobre o mundo dos investimentos\",\"publisher\":{\"@id\":\"https:\/\/www.suno.com.br\/noticias\/#organization\"},\"potentialAction\":[{\"@type\":\"SearchAction\",\"target\":{\"@type\":\"EntryPoint\",\"urlTemplate\":\"https:\/\/www.suno.com.br\/noticias\/?s={search_term_string}\"},\"query-input\":{\"@type\":\"PropertyValueSpecification\",\"valueRequired\":true,\"valueName\":\"search_term_string\"}}],\"inLanguage\":\"pt-BR\"},{\"@type\":\"Organization\",\"@id\":\"https:\/\/www.suno.com.br\/noticias\/#organization\",\"name\":\"Suno Not\u00edcias\",\"url\":\"https:\/\/www.suno.com.br\/noticias\/\",\"logo\":{\"@type\":\"ImageObject\",\"inLanguage\":\"pt-BR\",\"@id\":\"https:\/\/www.suno.com.br\/noticias\/#\/schema\/logo\/image\/\",\"url\":\"https:\/\/files.sunoresearch.com.br\/n\/uploads\/2021\/09\/suno-logo.png\",\"contentUrl\":\"https:\/\/files.sunoresearch.com.br\/n\/uploads\/2021\/09\/suno-logo.png\",\"width\":180,\"height\":180,\"caption\":\"Suno Not\u00edcias\"},\"image\":{\"@id\":\"https:\/\/www.suno.com.br\/noticias\/#\/schema\/logo\/image\/\"},\"sameAs\":[\"https:\/\/facebook.com\/sunoresearch\",\"https:\/\/x.com\/sunoresearch\",\"https:\/\/www.instagram.com\/suno\",\"https:\/\/www.linkedin.com\/company\/suno-research\/\",\"https:\/\/www.youtube.com\/c\/sunoresearch\"]},{\"@type\":\"Person\",\"@id\":\"https:\/\/www.suno.com.br\/noticias\/#\/schema\/person\/3df0d2808748b74496efe5dbeaef2c72\",\"name\":\"Laura Moutinho\",\"image\":{\"@type\":\"ImageObject\",\"inLanguage\":\"pt-BR\",\"@id\":\"https:\/\/www.suno.com.br\/noticias\/#\/schema\/person\/image\/\",\"url\":\"https:\/\/secure.gravatar.com\/avatar\/7571c7c8ca3a6fca5e41384ece5557ff?s=96&r=g\",\"contentUrl\":\"https:\/\/secure.gravatar.com\/avatar\/7571c7c8ca3a6fca5e41384ece5557ff?s=96&r=g\",\"caption\":\"Laura Moutinho\"},\"description\":\"Estagi\u00e1ria na Suno Not\u00edcias, escreve not\u00edcias que afetam o mercado financeiro. Estuda administra\u00e7\u00e3o na Universidade Presbiteriana Mackenzie.\",\"url\":\"https:\/\/www.suno.com.br\/noticias\/author\/laura-moutinho\/\"}]}<\/script>\n<!-- \/ Yoast SEO plugin. -->","yoast_head_json":{"title":"IFIX fecha aos 2.811,53 pontos com alta de 0,40%","description":"O IFIX fechou nesta sexta-feira (27), aos 2.811,53 pontos, apresentando uma alta de 0,40%. Clique aqui para saber mais.","robots":{"index":"index","follow":"follow","max-snippet":"max-snippet:-1","max-image-preview":"max-image-preview:large","max-video-preview":"max-video-preview:-1"},"canonical":"https:\/\/www.suno.com.br\/noticias\/ifix-fecha-aos-2-81153-pontos-com-alta-de-040-27112020\/","og_locale":"pt_BR","og_type":"article","og_title":"IFIX fecha aos 2.811,53 pontos com alta de 0,40%","og_description":"O IFIX fechou nesta sexta-feira (27), aos 2.811,53 pontos, apresentando uma alta de 0,40%. Clique aqui para saber mais.","og_url":"https:\/\/www.suno.com.br\/noticias\/ifix-fecha-aos-2-81153-pontos-com-alta-de-040-27112020\/","og_site_name":"Suno Not\u00edcias","article_publisher":"https:\/\/facebook.com\/sunoresearch","og_image":[{"width":992,"height":680,"url":"https:\/\/files.sunoresearch.com.br\/n\/uploads\/2020\/10\/d3651e08-fundo-imobiliario-xpcm11-xp-corp-macae.jpg","type":"image\/jpeg"}],"author":"Laura Moutinho","twitter_card":"summary_large_image","twitter_creator":"@sunoresearch","twitter_site":"@sunoresearch","twitter_misc":{"Escrito por":"Laura Moutinho","Est. tempo de leitura":"2 minutos"},"schema":{"@context":"https:\/\/schema.org","@graph":[{"@type":"NewsArticle","@id":"https:\/\/www.suno.com.br\/noticias\/ifix-fecha-aos-2-81153-pontos-com-alta-de-040-27112020\/#article","isPartOf":{"@id":"https:\/\/www.suno.com.br\/noticias\/ifix-fecha-aos-2-81153-pontos-com-alta-de-040-27112020\/"},"author":{"name":"Laura Moutinho","@id":"https:\/\/www.suno.com.br\/noticias\/#\/schema\/person\/3df0d2808748b74496efe5dbeaef2c72"},"headline":"IFIX fecha aos 2.811,53 pontos com alta de 0,40%","datePublished":"2020-11-27T21:43:44+00:00","dateModified":"2021-05-29T23:30:40+00:00","mainEntityOfPage":{"@id":"https:\/\/www.suno.com.br\/noticias\/ifix-fecha-aos-2-81153-pontos-com-alta-de-040-27112020\/"},"wordCount":408,"publisher":{"@id":"https:\/\/www.suno.com.br\/noticias\/#organization"},"image":{"@id":"https:\/\/www.suno.com.br\/noticias\/ifix-fecha-aos-2-81153-pontos-com-alta-de-040-27112020\/#primaryimage"},"thumbnailUrl":"https:\/\/files.sunoresearch.com.br\/n\/uploads\/2020\/10\/d3651e08-fundo-imobiliario-xpcm11-xp-corp-macae-jpg.webp","keywords":["Fundos Imobili\u00e1rios (FIIs)","IFIX"],"articleSection":["FIIs","Mercado"],"inLanguage":"pt-BR"},{"@type":"WebPage","@id":"https:\/\/www.suno.com.br\/noticias\/ifix-fecha-aos-2-81153-pontos-com-alta-de-040-27112020\/","url":"https:\/\/www.suno.com.br\/noticias\/ifix-fecha-aos-2-81153-pontos-com-alta-de-040-27112020\/","name":"IFIX fecha aos 2.811,53 pontos com alta de 0,40%","isPartOf":{"@id":"https:\/\/www.suno.com.br\/noticias\/#website"},"primaryImageOfPage":{"@id":"https:\/\/www.suno.com.br\/noticias\/ifix-fecha-aos-2-81153-pontos-com-alta-de-040-27112020\/#primaryimage"},"image":{"@id":"https:\/\/www.suno.com.br\/noticias\/ifix-fecha-aos-2-81153-pontos-com-alta-de-040-27112020\/#primaryimage"},"thumbnailUrl":"https:\/\/files.sunoresearch.com.br\/n\/uploads\/2020\/10\/d3651e08-fundo-imobiliario-xpcm11-xp-corp-macae-jpg.webp","datePublished":"2020-11-27T21:43:44+00:00","dateModified":"2021-05-29T23:30:40+00:00","description":"O IFIX fechou nesta sexta-feira (27), aos 2.811,53 pontos, apresentando uma alta de 0,40%. Clique aqui para saber mais.","breadcrumb":{"@id":"https:\/\/www.suno.com.br\/noticias\/ifix-fecha-aos-2-81153-pontos-com-alta-de-040-27112020\/#breadcrumb"},"inLanguage":"pt-BR","potentialAction":[{"@type":"ReadAction","target":["https:\/\/www.suno.com.br\/noticias\/ifix-fecha-aos-2-81153-pontos-com-alta-de-040-27112020\/"]}]},{"@type":"ImageObject","inLanguage":"pt-BR","@id":"https:\/\/www.suno.com.br\/noticias\/ifix-fecha-aos-2-81153-pontos-com-alta-de-040-27112020\/#primaryimage","url":"https:\/\/files.sunoresearch.com.br\/n\/uploads\/2020\/10\/d3651e08-fundo-imobiliario-xpcm11-xp-corp-macae-jpg.webp","contentUrl":"https:\/\/files.sunoresearch.com.br\/n\/uploads\/2020\/10\/d3651e08-fundo-imobiliario-xpcm11-xp-corp-macae-jpg.webp","width":992,"height":680,"caption":"O IFIX \u00e9 um indicador criado pela Bolsa de Valores de S\u00e3o Paulo (B3) que tem como objetivo a medi\u00e7\u00e3o d performance de uma carteira composta por cotas de Fundos Imobili\u00e1rios."},{"@type":"BreadcrumbList","@id":"https:\/\/www.suno.com.br\/noticias\/ifix-fecha-aos-2-81153-pontos-com-alta-de-040-27112020\/#breadcrumb","itemListElement":[{"@type":"ListItem","position":1,"name":"Not\u00edcias","item":"https:\/\/www.suno.com.br\/noticias\/"},{"@type":"ListItem","position":2,"name":"FIIs","item":"https:\/\/www.suno.com.br\/noticias\/fiis\/"},{"@type":"ListItem","position":3,"name":"IFIX fecha aos 2.811,53 pontos com alta de 0,40%"}]},{"@type":"WebSite","@id":"https:\/\/www.suno.com.br\/noticias\/#website","url":"https:\/\/www.suno.com.br\/noticias\/","name":"Suno Not\u00edcias","description":"Seu portal de informa\u00e7\u00e3o sobre o mundo dos investimentos","publisher":{"@id":"https:\/\/www.suno.com.br\/noticias\/#organization"},"potentialAction":[{"@type":"SearchAction","target":{"@type":"EntryPoint","urlTemplate":"https:\/\/www.suno.com.br\/noticias\/?s={search_term_string}"},"query-input":{"@type":"PropertyValueSpecification","valueRequired":true,"valueName":"search_term_string"}}],"inLanguage":"pt-BR"},{"@type":"Organization","@id":"https:\/\/www.suno.com.br\/noticias\/#organization","name":"Suno Not\u00edcias","url":"https:\/\/www.suno.com.br\/noticias\/","logo":{"@type":"ImageObject","inLanguage":"pt-BR","@id":"https:\/\/www.suno.com.br\/noticias\/#\/schema\/logo\/image\/","url":"https:\/\/files.sunoresearch.com.br\/n\/uploads\/2021\/09\/suno-logo.png","contentUrl":"https:\/\/files.sunoresearch.com.br\/n\/uploads\/2021\/09\/suno-logo.png","width":180,"height":180,"caption":"Suno Not\u00edcias"},"image":{"@id":"https:\/\/www.suno.com.br\/noticias\/#\/schema\/logo\/image\/"},"sameAs":["https:\/\/facebook.com\/sunoresearch","https:\/\/x.com\/sunoresearch","https:\/\/www.instagram.com\/suno","https:\/\/www.linkedin.com\/company\/suno-research\/","https:\/\/www.youtube.com\/c\/sunoresearch"]},{"@type":"Person","@id":"https:\/\/www.suno.com.br\/noticias\/#\/schema\/person\/3df0d2808748b74496efe5dbeaef2c72","name":"Laura Moutinho","image":{"@type":"ImageObject","inLanguage":"pt-BR","@id":"https:\/\/www.suno.com.br\/noticias\/#\/schema\/person\/image\/","url":"https:\/\/secure.gravatar.com\/avatar\/7571c7c8ca3a6fca5e41384ece5557ff?s=96&r=g","contentUrl":"https:\/\/secure.gravatar.com\/avatar\/7571c7c8ca3a6fca5e41384ece5557ff?s=96&r=g","caption":"Laura Moutinho"},"description":"Estagi\u00e1ria na Suno Not\u00edcias, escreve not\u00edcias que afetam o mercado financeiro. Estuda administra\u00e7\u00e3o na Universidade Presbiteriana Mackenzie.","url":"https:\/\/www.suno.com.br\/noticias\/author\/laura-moutinho\/"}]}},"default_loop_html":"<div class=\"cardsPage__listCard__boxs\"><div class=\"cardsPage__listCard__boxs__img\"><a href=\"https:\/\/www.suno.com.br\/noticias\/ifix-fecha-aos-2-81153-pontos-com-alta-de-040-27112020\/\"><img class=\"mask\" src=\"https:\/\/www.suno.com.br\/noticias\/wp-content\/themes\/suno\/resources\/images\/spotlight\/spotlight1img\/bg-mask.png\" alt=\"Image Mask\"\/><img src=\"https:\/\/files.sunoresearch.com.br\/n\/uploads\/2020\/10\/d3651e08-fundo-imobiliario-xpcm11-xp-corp-macae-400x200.webp\" alt=\"IFIX fecha aos 2.811,53 pontos com alta de 0,40%\"\/><\/a><span class=\"spotlightCategory\"><a href=\"https:\/\/www.suno.com.br\/noticias\/fiis\/\">FIIs<\/a><\/span><\/div><div class=\"cardsPage__listCard__boxs__content\"><a href=\"https:\/\/www.suno.com.br\/noticias\/ifix-fecha-aos-2-81153-pontos-com-alta-de-040-27112020\/\"><h2 class=\"content__title\">IFIX fecha aos 2.811,53 pontos com alta de 0,40%<\/h2><\/a><div class=\"newsContent__article__meta\"><div class=\"newsContent__article__meta__authorBox\"><a href=\"https:\/\/www.suno.com.br\/noticias\/author\/laura-moutinho\/\" class=\"authorBox__avatar noMobi\"><img src=\"https:\/\/files.sunoresearch.com.br\/n\/uploads\/2020\/08\/531ff69d-whatsapp-image-2020-08-03-at-14.54.38-150x150.webp\" alt=\"Laura Moutinho\"><\/a><div class=\"authorBox__name\"><span>por\n\t\t\t<a href=\"https:\/\/www.suno.com.br\/noticias\/author\/laura-moutinho\/\"><span itemprop=\"author\">Laura Moutinho<\/span><\/a><\/span><time datetime=\"2020-11-27T18:43:44-03:00\" itemprop=\"datePublished\">27\/11\/2020 18:43<\/time><\/div><\/div><\/div><\/div><\/div>","single_layout":"posts","amp_enabled":true,"_links":{"self":[{"href":"https:\/\/www.suno.com.br\/noticias\/wp-json\/wp\/v2\/posts\/103853"}],"collection":[{"href":"https:\/\/www.suno.com.br\/noticias\/wp-json\/wp\/v2\/posts"}],"about":[{"href":"https:\/\/www.suno.com.br\/noticias\/wp-json\/wp\/v2\/types\/post"}],"author":[{"embeddable":true,"href":"https:\/\/www.suno.com.br\/noticias\/wp-json\/wp\/v2\/users\/39"}],"replies":[{"embeddable":true,"href":"https:\/\/www.suno.com.br\/noticias\/wp-json\/wp\/v2\/comments?post=103853"}],"version-history":[{"count":1,"href":"https:\/\/www.suno.com.br\/noticias\/wp-json\/wp\/v2\/posts\/103853\/revisions"}],"predecessor-version":[{"id":146752,"href":"https:\/\/www.suno.com.br\/noticias\/wp-json\/wp\/v2\/posts\/103853\/revisions\/146752"}],"wp:featuredmedia":[{"embeddable":true,"href":"https:\/\/www.suno.com.br\/noticias\/wp-json\/wp\/v2\/media\/96425"}],"wp:attachment":[{"href":"https:\/\/www.suno.com.br\/noticias\/wp-json\/wp\/v2\/media?parent=103853"}],"wp:term":[{"taxonomy":"category","embeddable":true,"href":"https:\/\/www.suno.com.br\/noticias\/wp-json\/wp\/v2\/categories?post=103853"},{"taxonomy":"post_tag","embeddable":true,"href":"https:\/\/www.suno.com.br\/noticias\/wp-json\/wp\/v2\/tags?post=103853"},{"taxonomy":"suno_strategy","embeddable":true,"href":"https:\/\/www.suno.com.br\/noticias\/wp-json\/wp\/v2\/suno_strategy?post=103853"}],"curies":[{"name":"wp","href":"https:\/\/api.w.org\/{rel}","templated":true}]}}