{"id":103836,"date":"2020-11-27T18:47:59","date_gmt":"2020-11-27T21:47:59","guid":{"rendered":"https:\/\/www.suno.com.br\/noticias\/?p=103836"},"modified":"2021-05-29T20:30:08","modified_gmt":"2021-05-29T23:30:08","slug":"ibovespa-fecha-em-alta-de-032-a-110-57547-pontos-27112020","status":"publish","type":"post","link":"https:\/\/www.suno.com.br\/noticias\/ibovespa-fecha-em-alta-de-032-a-110-57547-pontos-27112020\/","title":{"rendered":"Ibovespa fecha em alta de 0,32%, a 110.575,47 pontos"},"content":{"rendered":"<p>O\u00a0<span style=\"font-weight: 700 !important;\"><a href=\"https:\/\/www.suno.com.br\/artigos\/ibovespa\/\">Ibovespa<\/a>\u00a0<\/span>encerrou o preg\u00e3o desta sexta-feira (27) em alta\u00a0 de 0,32%, a 110.575,47\u00a0 pontos.<\/p>\t<div class=\"wrapper-featured-image\">\n\t\t<figure class=\"spotlightImg\">\n\n\t\t\t<picture>\n\t\t\t\t<source media=\"(max-width: 768px)\" srcset=\"https:\/\/files.sunoresearch.com.br\/n\/uploads\/2020\/10\/8b3c2ea1-ibovespa-300x300-1-jpg.webp\">\n\t\t\t\t<img loading=\"lazy\" decoding=\"async\" class=\"newsContent__article__imgCapa lazyloadDisabled \" src=\"https:\/\/files.sunoresearch.com.br\/n\/uploads\/2020\/10\/8b3c2ea1-ibovespa-300x300-1-jpg.webp\" width=\"800\" height=\"450\" alt=\"Ibovespa fecha em alta de 0,32%, a 110.575,47 pontos\" fetchpriority=high \/>\n\t\t\t<\/picture>\n\n\t\t\t<figcaption class=\"wp-caption-text wp-caption-text--show\">A\u00e7\u00f5es da Petrobras (PETR4) devem apresentar alta no preg\u00e3o, ap\u00f3s companhia ressaltar que decis\u00e3o do STF deve benefici\u00e1-la. Foto: Divulga\u00e7\u00e3o<\/figcaption>\n\t\t<\/figure>\n\t<\/div>\n\n\n\t<p>\n\t\t<a href=\"https:\/\/lp.suno.com.br\/planilha-controle-gastos\/\" target=\"_blank\" data-element=\"shortcode-suno-banner\" title=\"Banner SUNO, clique e saiba mais\">\n\t\t\t<picture>\n\t\t\t\t<source media=\"(max-width: 500px)\" srcset=\"https:\/\/files.sunoresearch.com.br\/n\/uploads\/2023\/03\/400x300-Planilha-controle-de-gastos.png\">\n\t\t\t\t<img class=\"newsContent__article__imgCapa newsContent__article__imgCapa--banner\"\n\t\t\t\t\tsrc=\"https:\/\/files.sunoresearch.com.br\/n\/uploads\/2023\/03\/1420x240-Planilha-controle-de-gastos.png\"\n\t\t\t\t\tdata-promo-id=\"101751\"\t\t\t\t\t\t\t\t\t\twidth='1420' height='240'\t\t\t\t\talt=\"https:\/\/files.sunoresearch.com.br\/n\/uploads\/2023\/03\/1420x240-Planilha-controle-de-gastos.png\"\n\t\t\t\t>\n\t\t\t<\/picture>\n\t\t<\/a>\n\t<\/p>\n\n\n<p>O <strong>Ibovespa hoje<\/strong> abriu em leve alta de olho no mercado internacional, que repercutiam os resultados de testes apresentados pela farmac\u00eautica AztraZeneca e pela Universidade de Oxford acerca do desenvolvimento da vacina que combata o <a href=\"https:\/\/www.suno.com.br\/noticias\/?s=coronav%C3%ADrus\">novo coronav\u00edrus (Covid-19)<\/a>.<\/p>\n<p>Durante o dia, os investidores seguiram atentos \u00e0 divulga\u00e7\u00e3o do <a href=\"https:\/\/www.suno.com.br\/artigos\/igp-m\/\">\u00cdndice Geral de Pre\u00e7os &#8211; Mercado (<strong>IGP-M<\/strong>)<\/a>, que avan\u00e7ou 3,28% em novembro. Dessa forma, o indicador acumula <a href=\"https:\/\/www.suno.com.br\/noticias\/confira-5-acoes-para-se-proteger-inflacao\/\"><strong>infla\u00e7\u00e3o<\/strong> <\/a>de 21,97% neste ano e de 24,52% nos \u00faltimos 12 meses. Nesta base comparativa, o \u00edndice superou a mediana das proje\u00e7\u00f5es do jornal <em>O Estado de S.Paulo<\/em>, de 24,40%, mas ficou dentro do intervalo de 23,0% a 24,80%.<\/p>\n\t<p>\n\t\t<a href=\"https:\/\/lp.suno.com.br\/planilha-controle-gastos\/\" target=\"_blank\" data-element=\"shortcode-suno-banner\" title=\"Banner SUNO, clique e saiba mais\">\n\t\t\t<picture>\n\t\t\t\t<source media=\"(max-width: 500px)\" srcset=\"https:\/\/files.sunoresearch.com.br\/n\/uploads\/2023\/03\/400x300-Planilha-controle-de-gastos.png\">\n\t\t\t\t<img class=\"newsContent__article__imgCapa newsContent__article__imgCapa--banner\"\n\t\t\t\t\tsrc=\"https:\/\/files.sunoresearch.com.br\/n\/uploads\/2023\/03\/1420x240-Planilha-controle-de-gastos.png\"\n\t\t\t\t\tdata-promo-id=\"101751\"\t\t\t\t\t\t\t\t\t\twidth='1420' height='240'\t\t\t\t\talt=\"https:\/\/files.sunoresearch.com.br\/n\/uploads\/2023\/03\/1420x240-Planilha-controle-de-gastos.png\"\n\t\t\t\t>\n\t\t\t<\/picture>\n\t\t<\/a>\n\t<\/p>\n\n\n<p>Al\u00e9m disso, confira como foi o andamento do Ibovespa durante a semana:<\/p>\n<ul>\n<li><strong>Segunda-feira<\/strong> (23) \u2014 O Ibovespa fechou em alta de 1,26%, cotado a 107.378,92 pontos, com os investidores de olho nas not\u00edcias positivas sobre a vacina da Universidade de Oxford e da AstraZeneca, que apresentou uma 90% de efic\u00e1cia.<\/li>\n<li><strong>Ter\u00e7a-feira<\/strong> (24) \u2014 Bolsa fecha em alta de 2,24%, a 109.786,30 pontos, ap\u00f3s a <a href=\"https:\/\/www.suno.com.br\/acoes\/anim3\/\" target=\"_blank\" rel=\"noopener noreferrer\"><strong>\u00c2nima<\/strong> (ANIM3)<\/a> anunciar oferta prim\u00e1ria restrita de a\u00e7\u00f5es de at\u00e9 R$ 1,13 bilh\u00e3o<\/li>\n<li><strong>Quarta-feira<\/strong> (25) \u2014 O \u00edndice encerrou em alta de 0,32%, cotado a 110.132,531 pontos, ap\u00f3s a <a href=\"https:\/\/www.suno.com.br\/acoes\/oibr3\/\"><strong>Oi<\/strong> (OIBR3)<\/a> anunciar que seu leil\u00e3o de data centers e torres aconteceria no dia seguinte.<\/li>\n<li><strong>Quinta-feira<\/strong> (26) \u2014 O principal \u00edndice da B3 fecha em leve alta 0,09%, a 110.227,09 pontos, quando a<\/li>\n<li>Highline venceu o leil\u00e3o das torres da Oi e Piemonte levou data centers<\/li>\n<\/ul>\n<p>No acumulado da semana, o \u00cdndice reportou uma alta de 4,82%<\/p>\n<h2>Principais not\u00edcias que movimentaram o Ibovespa<\/h2>\n<p>Veja as principais not\u00edcias que movimentaram nesta sexta-feira:<\/p>\n<ul>\n<li><strong>Oi (OIBR3):<\/strong> nova lei pode diminuir d\u00edvida com governo em 70%, diz BTG<\/li>\n<li><strong>Ita\u00fa (ITUB4)<\/strong> une Varejo e WMS para mudar jeito de assessorar investimentos<\/li>\n<li><strong>Wiz (WIZS3)<\/strong> monta comit\u00ea especial e analisar\u00e1 den\u00fancias da PF<\/li>\n<li><strong>IRB (IRBR3):<\/strong> &#8220;Investidor do setor deve pensar no longo prazo&#8221;, diz CEO<\/li>\n<li><strong>Usiminas (USIM5)<\/strong> vai gastar R$ 1,858 bilh\u00e3o em reforma de alto-forno<\/li>\n<li>Bolsas no exterior<\/li>\n<li>\u00daltima\u00a0<strong>cota\u00e7\u00e3o do Ibovespa\u00a0<\/strong><\/li>\n<\/ul>\n<h2>Oi (OIBR3)<\/h2>\n<p>O Senado aprovou, na \u00faltima quarta-feira (25), o projeto da nova Lei de Fal\u00eancias. O objetivo \u00e9 modernizar a legisla\u00e7\u00e3o sobre as recupera\u00e7\u00f5es judiciais e ampliar os dispositivos que possibilitem um maior n\u00famero de companhias que conseguem sair da situa\u00e7\u00e3o de crise financeira. Para o <a href=\"https:\/\/www.suno.com.br\/acoes\/bpac11\/\">BTG Pactual (BPAC11)<\/a>, a nova lei pode diminuir cerca de 70% da d\u00edvida da <a href=\"https:\/\/www.suno.com.br\/acoes\/oibr3\/\"><strong>Oi<\/strong> (OIBR3)<\/a> com o governo.<\/p>\n<p>Segundo a nova <strong>Lei das Fal\u00eancias<\/strong>, que agora aguarda a san\u00e7\u00e3o presidencial, empresas podem solicitar descontos de at\u00e9 70% sobre a <strong>d\u00edvida consolidada<\/strong> (o que contempla principal, juros e multa), e quitar o restante em at\u00e9 120 parcelas &#8212; ou seja, 10 anos. A Oi pode se beneficiar desse processo pois deve \u00e0 Ag\u00eancia Nacional de Telecomunica\u00e7\u00f5es (<strong>Anatel<\/strong>) cerca de R$ 13,9 bilh\u00f5es, sendo quase R$ 9 bilh\u00f5es em juros e multa.<\/p>\n<p><a href=\"https:\/\/www.suno.com.br\/noticias\/oi-proximos-leiloes\/\">Veja tamb\u00e9m: Oi (OIBR3): Pr\u00f3ximos leil\u00f5es devem captar R$ 23 bilh\u00f5es; a\u00e7\u00e3o sobe\u00a0<\/a><\/p>\n<p>O banco de investimento, em uma simula\u00e7\u00e3o da aplica\u00e7\u00e3o dos novos termos \u00e0 d\u00edvida da Oi, entende que o valor cai de R$ 13,9 bilh\u00f5es para R$ 4,2 bilh\u00f5es. Dessa forma, com base em uma taxa de desconto de 10% e uma taxa b\u00e1sica de juros da economia (Selic) de 5%, o <a href=\"https:\/\/www.suno.com.br\/artigos\/valor-presente-liquido\/\">valor presente l\u00edquido (<strong>VPL<\/strong>)<\/a> da d\u00edvida seria de R$ 3,5 bilh\u00f5es.<\/p>\n<h2>Ita\u00fa (ITUB4)<\/h2>\n<p>O <a href=\"https:\/\/www.suno.com.br\/acoes\/itub4\/\" target=\"_blank\" rel=\"noopener noreferrer\"><strong>Ita\u00fa<\/strong> Unibanco (ITUB4)<\/a> informou nesta sexta-feira que unir\u00e1 esfor\u00e7os de suas \u00e1reas de Varejo e Wealth Management and Services (WMS) para mudar o jeito de assessorar investimentos.<\/p>\n<p>Segundo documento de coletiva de imprensa do conglomerado, o Ita\u00fa planeja unir o atendimento de seu segmento de full bank a oferta de investimentos para oferecer <strong>assessoria de investimentos<\/strong> a todos os clientes pessoas f\u00edsicas.<\/p>\n\t<div data-element=\"shortcode-read-more\" class=\"knowMore\">\n\t\t\t\t<span class=\"knowMore__title\">Saiba mais<\/span>\n\t\t\t\t<a class=\"knowMore__link\" href=\"https:\/\/www.suno.com.br\/noticias\/itau-itub4-une-varejo-e-wms-para-mudar-jeito-de-assessorar-investimentos\/\">\n\t\t\tIta\u00fa (ITUB4) une Varejo e WMS para mudar jeito de assessorar investimentos\t\t<\/a>\n\t<\/div>\n\n\n<p>A estrutura ser\u00e1 composto por um coordenador do escrit\u00f3rio; especialistas de investimentos certificados, que far\u00e3o o planejamento financeiro de longo prazo; e especialistas em <a href=\"https:\/\/www.suno.com.br\/artigos\/investimento-renda-fixa\/\">trading de renda fixa<\/a> <a href=\"https:\/\/www.suno.com.br\/artigos\/renda-variavel-7-dicas\/\">e vari\u00e1vel<\/a>, que dever\u00e3o buscar oportunidades no mercado. Os especialistas v\u00e3o trabalhar em conjunto com gerentes de relacionamento do banco, para entregar servi\u00e7os tanto servi\u00e7os de <strong>investimentos<\/strong> quanto de <strong>banking<\/strong>.<\/p>\n<h2>Wiz (WIZS3)<\/h2>\n<p>A <a href=\"https:\/\/www.suno.com.br\/acoes\/wizs3\/\"><strong>Wiz<\/strong> (WIZS3)<\/a> informou, na noite da \u00faltima quinta-feira, que criar\u00e1 um comit\u00ea especial para apurar detalhadamente as den\u00fancias da Pol\u00edcia Federal que originaram a busca e apreens\u00e3o na sede da empresa. A informa\u00e7\u00e3o foi divulgada por meio de um <a href=\"https:\/\/www.suno.com.br\/artigos\/fato-relevante\/\">fato relevante<\/a>.<\/p>\n<p>Segundo a Wiz, foi realizada a contrata\u00e7\u00e3o do escrit\u00f3rio de advocacia Cescon, Barrieu, Flesch &amp; Barreto Advogados, que atua no segmento de <a href=\"https:\/\/www.suno.com.br\/artigos\/compliance\/\"><strong>compliance<\/strong> <\/a>e investiga\u00e7\u00f5es corporativas, para ajudar nas apura\u00e7\u00f5es. A companhia salientou que ir\u00e1 instrumentalizar e munir o comit\u00ea de &#8220;recursos t\u00e9cnicos, humanos e financeiros necess\u00e1rios aos trabalhos a serem desempenhados&#8221;.<\/p>\n\t<div data-element=\"shortcode-read-more\" class=\"knowMore\">\n\t\t\t\t<span class=\"knowMore__title\">Saiba Mais <\/span>\n\t\t\t\t<a class=\"knowMore__link\" href=\"https:\/\/www.suno.com.br\/noticias\/wiz-wizs3-comite-especial-denuncias-pf\/\">\n\t\t\tWiz (WIZS3) monta comit\u00ea especial e analisar\u00e1 den\u00fancias da PF\t\t<\/a>\n\t<\/div>\n\n\n<p>Foi determinado o in\u00edcio imediato dos trabalhos do comit\u00ea, mediante assessoria do escrit\u00f3rio contratado.<\/p>\n<h2>IRB (IRBR3)<\/h2>\n<p>O CEO do <a href=\"https:\/\/www.suno.com.br\/acoes\/irbr3\/\" target=\"_blank\" rel=\"noopener noreferrer\"><strong>IRB\u00a0<\/strong>Brasil Re (IRBR3)<\/a>, Ant\u00f4nio C\u00e1ssio dos Santos, afirmou hoje que o investidor que compra a\u00e7\u00f5es de seguradoras e resseguradoras deve ter um horizonte de longo prazo para poder se beneficiar do investimento.<\/p>\n<p>&#8220;Se voc\u00ea imagina que vai compar a\u00e7\u00e3o de seguradora ou <strong>resseguradora<\/strong> e vai ganhar muito dinheiro no pr\u00f3ximo m\u00eas, isso \u00e9 especula\u00e7\u00e3o. O investidor t\u00edpico de uma seguradora investe o dinheiro e espera este resultado como se fosse uma renda vital\u00edcia ao longo do tempo&#8221;, afirmou o CEO em v\u00eddeo publicado pela empresa.<\/p>\n<p>Segundo ele, foco no longo prazo \u00e9 o perfil da <strong>atividade seguradora<\/strong>, diferente de outas atividades, que podem ser especulativas.<\/p>\n<h2>Usiminas (USIM5)<\/h2>\n<p>A sider\u00fargica <a href=\"https:\/\/www.suno.com.br\/acoes\/usim3\/\"><strong>Usiminas<\/strong>\u00a0(USIM3<\/a>;\u00a0<a href=\"https:\/\/www.suno.com.br\/acoes\/usim5\/\">USIM5<\/a>;\u00a0<a href=\"https:\/\/www.suno.com.br\/acoes\/usim6\/\">USIM6<\/a>) informou que o valor previsto para a reforma do Alto-Forno 3 da usina de Ipatinga foi revisto em fun\u00e7\u00e3o da amplia\u00e7\u00e3o do escopo do projeto, da desvaloriza\u00e7\u00e3o cambial e do aumento nos custos dos materiais e servi\u00e7os envolvidos.<\/p>\n<p><span style=\"font-weight: 400;\">\t<div data-element=\"shortcode-read-more\" class=\"knowMore\">\n\t\t\t\t<span class=\"knowMore__title\">Saiba mais<\/span>\n\t\t\t\t<a class=\"knowMore__link\" href=\"https:\/\/www.suno.com.br\/noticias\/usiminas-usim5-reforma-forno\/\">\n\t\t\tUsiminas (USIM5) vai gastar R$ 1,858 bilh\u00e3o em reforma de alto-forno\t\t<\/a>\n\t<\/div>\n\n<\/span><\/p>\n<p>De acordo com o comunicado enviado \u00e0 <a href=\"https:\/\/www.suno.com.br\/artigos\/cvm\/\" target=\"_blank\" rel=\"noopener noreferrer\">Comiss\u00e3o de Valores Mobili\u00e1rios (CVM)<\/a>, o custo da reforma passou a R$ 1,858 bilh\u00e3o, e ser\u00e1 desembolsado at\u00e9 2023. A empresa promove hoje seu encontro com <strong>investidores<\/strong> (Apimec), \u00e0s 9h.<\/p>\n<h2>Al\u00e9m do Ibovespa: Bolsas no exterior<\/h2>\n<p>Al\u00e9m da <strong>cota\u00e7\u00e3o<\/strong> <strong>do<\/strong> <strong>Ibovespa<\/strong>, confira o desempenho dos principais \u00edndices acion\u00e1rios no exterior:<\/p>\n<ul>\n<li>Londres (<a href=\"https:\/\/www.suno.com.br\/artigos\/ftse-100\/\">FTSE 100<\/a>): +0,073%<\/li>\n<li>Frankfurt (<a href=\"https:\/\/www.suno.com.br\/artigos\/dax-30\/\">DAX 30)<\/a>: +0,37%<\/li>\n<li>Paris (<a href=\"https:\/\/www.suno.com.br\/artigos\/cac-40\/\">CAC 40<\/a>): +0,56%<\/li>\n<li>Mil\u00e3o (FTSE\/MIB): +0,68%<\/li>\n<li>Nova York (<a href=\"https:\/\/www.suno.com.br\/artigos\/sp-500\/\">S&amp;P 500<\/a>):\u00a0 +0,24%<\/li>\n<\/ul>\n<h2>\u00daltima cota\u00e7\u00e3o do Ibovespa<\/h2>\n<p>O <strong>Ibovespa <\/strong>encerrou as negocia\u00e7\u00f5es na \u00faltima quinta-feira (26) com uma alta de 0,09%, a 110.227,09 pontos.<\/p>\n\t<p>\n\t\t<a href=\"https:\/\/lp.suno.com.br\/planilha-de-controle-de-investimentos\/\" target=\"_blank\" data-element=\"shortcode-suno-banner\" title=\"Banner SUNO, clique e saiba mais\">\n\t\t\t<picture>\n\t\t\t\t<source media=\"(max-width: 500px)\" srcset=\"https:\/\/files.sunoresearch.com.br\/n\/uploads\/2023\/03\/400x300-Controle-de-Investimentos.png\">\n\t\t\t\t<img class=\"newsContent__article__imgCapa newsContent__article__imgCapa--banner\"\n\t\t\t\t\tsrc=\"https:\/\/files.sunoresearch.com.br\/n\/uploads\/2023\/03\/1420x240-Controle-de-Investimentos.png\"\n\t\t\t\t\tdata-promo-id=\"75934\"\t\t\t\t\t\t\t\t\t\twidth='1420' height='240'\t\t\t\t\talt=\"https:\/\/files.sunoresearch.com.br\/n\/uploads\/2023\/03\/1420x240-Controle-de-Investimentos.png\"\n\t\t\t\t>\n\t\t\t<\/picture>\n\t\t<\/a>\n\t<\/p>\n\n\n","protected":false},"excerpt":{"rendered":"<p>O\u00a0Ibovespa\u00a0encerrou o preg\u00e3o desta sexta-feira (27) em alta\u00a0 de 0,32%, a 110.575,47\u00a0 pontos. A\u00e7\u00f5es da Petrobras (PETR4) devem apresentar alta no preg\u00e3o, ap\u00f3s companhia ressaltar que decis\u00e3o do STF deve benefici\u00e1-la. Foto: Divulga\u00e7\u00e3o O Ibovespa hoje abriu em leve alta de olho no mercado internacional, que repercutiam os resultados de testes apresentados pela farmac\u00eautica AztraZeneca [&hellip;]<\/p>\n","protected":false},"author":39,"featured_media":94280,"comment_status":"closed","ping_status":"closed","sticky":false,"template":"","format":"standard","meta":[],"categories":[60],"tags":[721,1813,519,584,2608,2609,675,685],"suno_strategy":[],"class_list":["post-103836","post","type-post","status-publish","format-standard","has-post-thumbnail","hentry","category-mercado","tag-ibovespa","tag-irb-brasil-irbr3","tag-itau-unibanco-itub3-itub4","tag-oi-oibr3-oibr4","tag-usim3","tag-usim5","tag-usiminas","tag-wiz-wizs3"],"yoast_head":"<!-- This site is optimized with the Yoast SEO plugin v24.4 - https:\/\/yoast.com\/wordpress\/plugins\/seo\/ -->\n<title>Ibovespa fecha em alta de 0,32%, a 110.575,47 pontos<\/title>\n<meta name=\"description\" content=\"O\u00a0Ibovespa\u00a0encerrou o preg\u00e3o desta sexta-feira (27) em alta\u00a0 de 0,32%, a 110.575,47\u00a0 pontos. Clique aqui para saber mais.\" \/>\n<meta name=\"robots\" content=\"index, follow, max-snippet:-1, max-image-preview:large, max-video-preview:-1\" \/>\n<link rel=\"canonical\" href=\"https:\/\/www.suno.com.br\/noticias\/ibovespa-fecha-em-alta-de-032-a-110-57547-pontos-27112020\/\" \/>\n<meta property=\"og:locale\" content=\"pt_BR\" \/>\n<meta property=\"og:type\" content=\"article\" \/>\n<meta property=\"og:title\" content=\"Ibovespa fecha em alta de 0,32%, a 110.575,47 pontos\" \/>\n<meta property=\"og:description\" content=\"O\u00a0Ibovespa\u00a0encerrou o preg\u00e3o desta sexta-feira (27) em alta\u00a0 de 0,32%, a 110.575,47\u00a0 pontos. Clique aqui para saber mais.\" \/>\n<meta property=\"og:url\" content=\"https:\/\/www.suno.com.br\/noticias\/ibovespa-fecha-em-alta-de-032-a-110-57547-pontos-27112020\/\" \/>\n<meta property=\"og:site_name\" content=\"Suno Not\u00edcias\" \/>\n<meta property=\"article:publisher\" content=\"https:\/\/facebook.com\/sunoresearch\" \/>\n<meta property=\"og:image\" content=\"https:\/\/files.sunoresearch.com.br\/n\/uploads\/2020\/10\/8b3c2ea1-ibovespa-300x300-1.jpg\" \/>\n\t<meta property=\"og:image:width\" content=\"300\" \/>\n\t<meta property=\"og:image:height\" content=\"300\" \/>\n\t<meta property=\"og:image:type\" content=\"image\/jpeg\" \/>\n<meta name=\"author\" content=\"Laura Moutinho\" \/>\n<meta name=\"twitter:card\" content=\"summary_large_image\" \/>\n<meta name=\"twitter:creator\" content=\"@sunoresearch\" \/>\n<meta name=\"twitter:site\" content=\"@sunoresearch\" \/>\n<meta name=\"twitter:label1\" content=\"Escrito por\" \/>\n\t<meta name=\"twitter:data1\" content=\"Laura Moutinho\" \/>\n\t<meta name=\"twitter:label2\" content=\"Est. tempo de leitura\" \/>\n\t<meta name=\"twitter:data2\" content=\"6 minutos\" \/>\n<script type=\"application\/ld+json\" class=\"yoast-schema-graph\">{\"@context\":\"https:\/\/schema.org\",\"@graph\":[{\"@type\":\"NewsArticle\",\"@id\":\"https:\/\/www.suno.com.br\/noticias\/ibovespa-fecha-em-alta-de-032-a-110-57547-pontos-27112020\/#article\",\"isPartOf\":{\"@id\":\"https:\/\/www.suno.com.br\/noticias\/ibovespa-fecha-em-alta-de-032-a-110-57547-pontos-27112020\/\"},\"author\":{\"name\":\"Laura Moutinho\",\"@id\":\"https:\/\/www.suno.com.br\/noticias\/#\/schema\/person\/3df0d2808748b74496efe5dbeaef2c72\"},\"headline\":\"Ibovespa fecha em alta de 0,32%, a 110.575,47 pontos\",\"datePublished\":\"2020-11-27T21:47:59+00:00\",\"dateModified\":\"2021-05-29T23:30:08+00:00\",\"mainEntityOfPage\":{\"@id\":\"https:\/\/www.suno.com.br\/noticias\/ibovespa-fecha-em-alta-de-032-a-110-57547-pontos-27112020\/\"},\"wordCount\":1123,\"publisher\":{\"@id\":\"https:\/\/www.suno.com.br\/noticias\/#organization\"},\"image\":{\"@id\":\"https:\/\/www.suno.com.br\/noticias\/ibovespa-fecha-em-alta-de-032-a-110-57547-pontos-27112020\/#primaryimage\"},\"thumbnailUrl\":\"https:\/\/files.sunoresearch.com.br\/n\/uploads\/2020\/10\/8b3c2ea1-ibovespa-300x300-1-jpg.webp\",\"keywords\":[\"Ibovespa\",\"IRB Brasil (IRBR3)\",\"Ita\u00fa Unibanco (ITUB3\/ITUB4)\",\"Oi (OIBR3\/OIBR4)\",\"USIM3\",\"USIM5\",\"Usiminas\",\"Wiz (WIZS3)\"],\"articleSection\":[\"Mercado\"],\"inLanguage\":\"pt-BR\"},{\"@type\":\"WebPage\",\"@id\":\"https:\/\/www.suno.com.br\/noticias\/ibovespa-fecha-em-alta-de-032-a-110-57547-pontos-27112020\/\",\"url\":\"https:\/\/www.suno.com.br\/noticias\/ibovespa-fecha-em-alta-de-032-a-110-57547-pontos-27112020\/\",\"name\":\"Ibovespa fecha em alta de 0,32%, a 110.575,47 pontos\",\"isPartOf\":{\"@id\":\"https:\/\/www.suno.com.br\/noticias\/#website\"},\"primaryImageOfPage\":{\"@id\":\"https:\/\/www.suno.com.br\/noticias\/ibovespa-fecha-em-alta-de-032-a-110-57547-pontos-27112020\/#primaryimage\"},\"image\":{\"@id\":\"https:\/\/www.suno.com.br\/noticias\/ibovespa-fecha-em-alta-de-032-a-110-57547-pontos-27112020\/#primaryimage\"},\"thumbnailUrl\":\"https:\/\/files.sunoresearch.com.br\/n\/uploads\/2020\/10\/8b3c2ea1-ibovespa-300x300-1-jpg.webp\",\"datePublished\":\"2020-11-27T21:47:59+00:00\",\"dateModified\":\"2021-05-29T23:30:08+00:00\",\"description\":\"O\u00a0Ibovespa\u00a0encerrou o preg\u00e3o desta sexta-feira (27) em alta\u00a0 de 0,32%, a 110.575,47\u00a0 pontos. Clique aqui para saber mais.\",\"breadcrumb\":{\"@id\":\"https:\/\/www.suno.com.br\/noticias\/ibovespa-fecha-em-alta-de-032-a-110-57547-pontos-27112020\/#breadcrumb\"},\"inLanguage\":\"pt-BR\",\"potentialAction\":[{\"@type\":\"ReadAction\",\"target\":[\"https:\/\/www.suno.com.br\/noticias\/ibovespa-fecha-em-alta-de-032-a-110-57547-pontos-27112020\/\"]}]},{\"@type\":\"ImageObject\",\"inLanguage\":\"pt-BR\",\"@id\":\"https:\/\/www.suno.com.br\/noticias\/ibovespa-fecha-em-alta-de-032-a-110-57547-pontos-27112020\/#primaryimage\",\"url\":\"https:\/\/files.sunoresearch.com.br\/n\/uploads\/2020\/10\/8b3c2ea1-ibovespa-300x300-1-jpg.webp\",\"contentUrl\":\"https:\/\/files.sunoresearch.com.br\/n\/uploads\/2020\/10\/8b3c2ea1-ibovespa-300x300-1-jpg.webp\",\"width\":300,\"height\":300,\"caption\":\"A\u00e7\u00f5es da Petrobras (PETR4) devem apresentar alta no preg\u00e3o, ap\u00f3s companhia ressaltar que decis\u00e3o do STF deve benefici\u00e1-la. Foto: Divulga\u00e7\u00e3o\"},{\"@type\":\"BreadcrumbList\",\"@id\":\"https:\/\/www.suno.com.br\/noticias\/ibovespa-fecha-em-alta-de-032-a-110-57547-pontos-27112020\/#breadcrumb\",\"itemListElement\":[{\"@type\":\"ListItem\",\"position\":1,\"name\":\"Not\u00edcias\",\"item\":\"https:\/\/www.suno.com.br\/noticias\/\"},{\"@type\":\"ListItem\",\"position\":2,\"name\":\"Mercado\",\"item\":\"https:\/\/www.suno.com.br\/noticias\/mercado\/\"},{\"@type\":\"ListItem\",\"position\":3,\"name\":\"Ibovespa fecha em alta de 0,32%, a 110.575,47 pontos\"}]},{\"@type\":\"WebSite\",\"@id\":\"https:\/\/www.suno.com.br\/noticias\/#website\",\"url\":\"https:\/\/www.suno.com.br\/noticias\/\",\"name\":\"Suno Not\u00edcias\",\"description\":\"Seu portal de informa\u00e7\u00e3o sobre o mundo dos investimentos\",\"publisher\":{\"@id\":\"https:\/\/www.suno.com.br\/noticias\/#organization\"},\"potentialAction\":[{\"@type\":\"SearchAction\",\"target\":{\"@type\":\"EntryPoint\",\"urlTemplate\":\"https:\/\/www.suno.com.br\/noticias\/?s={search_term_string}\"},\"query-input\":{\"@type\":\"PropertyValueSpecification\",\"valueRequired\":true,\"valueName\":\"search_term_string\"}}],\"inLanguage\":\"pt-BR\"},{\"@type\":\"Organization\",\"@id\":\"https:\/\/www.suno.com.br\/noticias\/#organization\",\"name\":\"Suno Not\u00edcias\",\"url\":\"https:\/\/www.suno.com.br\/noticias\/\",\"logo\":{\"@type\":\"ImageObject\",\"inLanguage\":\"pt-BR\",\"@id\":\"https:\/\/www.suno.com.br\/noticias\/#\/schema\/logo\/image\/\",\"url\":\"https:\/\/files.sunoresearch.com.br\/n\/uploads\/2021\/09\/suno-logo.png\",\"contentUrl\":\"https:\/\/files.sunoresearch.com.br\/n\/uploads\/2021\/09\/suno-logo.png\",\"width\":180,\"height\":180,\"caption\":\"Suno Not\u00edcias\"},\"image\":{\"@id\":\"https:\/\/www.suno.com.br\/noticias\/#\/schema\/logo\/image\/\"},\"sameAs\":[\"https:\/\/facebook.com\/sunoresearch\",\"https:\/\/x.com\/sunoresearch\",\"https:\/\/www.instagram.com\/suno\",\"https:\/\/www.linkedin.com\/company\/suno-research\/\",\"https:\/\/www.youtube.com\/c\/sunoresearch\"]},{\"@type\":\"Person\",\"@id\":\"https:\/\/www.suno.com.br\/noticias\/#\/schema\/person\/3df0d2808748b74496efe5dbeaef2c72\",\"name\":\"Laura Moutinho\",\"image\":{\"@type\":\"ImageObject\",\"inLanguage\":\"pt-BR\",\"@id\":\"https:\/\/www.suno.com.br\/noticias\/#\/schema\/person\/image\/\",\"url\":\"https:\/\/secure.gravatar.com\/avatar\/7571c7c8ca3a6fca5e41384ece5557ff?s=96&r=g\",\"contentUrl\":\"https:\/\/secure.gravatar.com\/avatar\/7571c7c8ca3a6fca5e41384ece5557ff?s=96&r=g\",\"caption\":\"Laura Moutinho\"},\"description\":\"Estagi\u00e1ria na Suno Not\u00edcias, escreve not\u00edcias que afetam o mercado financeiro. Estuda administra\u00e7\u00e3o na Universidade Presbiteriana Mackenzie.\",\"url\":\"https:\/\/www.suno.com.br\/noticias\/author\/laura-moutinho\/\"}]}<\/script>\n<!-- \/ Yoast SEO plugin. -->","yoast_head_json":{"title":"Ibovespa fecha em alta de 0,32%, a 110.575,47 pontos","description":"O\u00a0Ibovespa\u00a0encerrou o preg\u00e3o desta sexta-feira (27) em alta\u00a0 de 0,32%, a 110.575,47\u00a0 pontos. Clique aqui para saber mais.","robots":{"index":"index","follow":"follow","max-snippet":"max-snippet:-1","max-image-preview":"max-image-preview:large","max-video-preview":"max-video-preview:-1"},"canonical":"https:\/\/www.suno.com.br\/noticias\/ibovespa-fecha-em-alta-de-032-a-110-57547-pontos-27112020\/","og_locale":"pt_BR","og_type":"article","og_title":"Ibovespa fecha em alta de 0,32%, a 110.575,47 pontos","og_description":"O\u00a0Ibovespa\u00a0encerrou o preg\u00e3o desta sexta-feira (27) em alta\u00a0 de 0,32%, a 110.575,47\u00a0 pontos. Clique aqui para saber mais.","og_url":"https:\/\/www.suno.com.br\/noticias\/ibovespa-fecha-em-alta-de-032-a-110-57547-pontos-27112020\/","og_site_name":"Suno Not\u00edcias","article_publisher":"https:\/\/facebook.com\/sunoresearch","og_image":[{"width":300,"height":300,"url":"https:\/\/files.sunoresearch.com.br\/n\/uploads\/2020\/10\/8b3c2ea1-ibovespa-300x300-1.jpg","type":"image\/jpeg"}],"author":"Laura Moutinho","twitter_card":"summary_large_image","twitter_creator":"@sunoresearch","twitter_site":"@sunoresearch","twitter_misc":{"Escrito por":"Laura Moutinho","Est. tempo de leitura":"6 minutos"},"schema":{"@context":"https:\/\/schema.org","@graph":[{"@type":"NewsArticle","@id":"https:\/\/www.suno.com.br\/noticias\/ibovespa-fecha-em-alta-de-032-a-110-57547-pontos-27112020\/#article","isPartOf":{"@id":"https:\/\/www.suno.com.br\/noticias\/ibovespa-fecha-em-alta-de-032-a-110-57547-pontos-27112020\/"},"author":{"name":"Laura Moutinho","@id":"https:\/\/www.suno.com.br\/noticias\/#\/schema\/person\/3df0d2808748b74496efe5dbeaef2c72"},"headline":"Ibovespa fecha em alta de 0,32%, a 110.575,47 pontos","datePublished":"2020-11-27T21:47:59+00:00","dateModified":"2021-05-29T23:30:08+00:00","mainEntityOfPage":{"@id":"https:\/\/www.suno.com.br\/noticias\/ibovespa-fecha-em-alta-de-032-a-110-57547-pontos-27112020\/"},"wordCount":1123,"publisher":{"@id":"https:\/\/www.suno.com.br\/noticias\/#organization"},"image":{"@id":"https:\/\/www.suno.com.br\/noticias\/ibovespa-fecha-em-alta-de-032-a-110-57547-pontos-27112020\/#primaryimage"},"thumbnailUrl":"https:\/\/files.sunoresearch.com.br\/n\/uploads\/2020\/10\/8b3c2ea1-ibovespa-300x300-1-jpg.webp","keywords":["Ibovespa","IRB Brasil (IRBR3)","Ita\u00fa Unibanco (ITUB3\/ITUB4)","Oi (OIBR3\/OIBR4)","USIM3","USIM5","Usiminas","Wiz (WIZS3)"],"articleSection":["Mercado"],"inLanguage":"pt-BR"},{"@type":"WebPage","@id":"https:\/\/www.suno.com.br\/noticias\/ibovespa-fecha-em-alta-de-032-a-110-57547-pontos-27112020\/","url":"https:\/\/www.suno.com.br\/noticias\/ibovespa-fecha-em-alta-de-032-a-110-57547-pontos-27112020\/","name":"Ibovespa fecha em alta de 0,32%, a 110.575,47 pontos","isPartOf":{"@id":"https:\/\/www.suno.com.br\/noticias\/#website"},"primaryImageOfPage":{"@id":"https:\/\/www.suno.com.br\/noticias\/ibovespa-fecha-em-alta-de-032-a-110-57547-pontos-27112020\/#primaryimage"},"image":{"@id":"https:\/\/www.suno.com.br\/noticias\/ibovespa-fecha-em-alta-de-032-a-110-57547-pontos-27112020\/#primaryimage"},"thumbnailUrl":"https:\/\/files.sunoresearch.com.br\/n\/uploads\/2020\/10\/8b3c2ea1-ibovespa-300x300-1-jpg.webp","datePublished":"2020-11-27T21:47:59+00:00","dateModified":"2021-05-29T23:30:08+00:00","description":"O\u00a0Ibovespa\u00a0encerrou o preg\u00e3o desta sexta-feira (27) em alta\u00a0 de 0,32%, a 110.575,47\u00a0 pontos. Clique aqui para saber mais.","breadcrumb":{"@id":"https:\/\/www.suno.com.br\/noticias\/ibovespa-fecha-em-alta-de-032-a-110-57547-pontos-27112020\/#breadcrumb"},"inLanguage":"pt-BR","potentialAction":[{"@type":"ReadAction","target":["https:\/\/www.suno.com.br\/noticias\/ibovespa-fecha-em-alta-de-032-a-110-57547-pontos-27112020\/"]}]},{"@type":"ImageObject","inLanguage":"pt-BR","@id":"https:\/\/www.suno.com.br\/noticias\/ibovespa-fecha-em-alta-de-032-a-110-57547-pontos-27112020\/#primaryimage","url":"https:\/\/files.sunoresearch.com.br\/n\/uploads\/2020\/10\/8b3c2ea1-ibovespa-300x300-1-jpg.webp","contentUrl":"https:\/\/files.sunoresearch.com.br\/n\/uploads\/2020\/10\/8b3c2ea1-ibovespa-300x300-1-jpg.webp","width":300,"height":300,"caption":"A\u00e7\u00f5es da Petrobras (PETR4) devem apresentar alta no preg\u00e3o, ap\u00f3s companhia ressaltar que decis\u00e3o do STF deve benefici\u00e1-la. Foto: Divulga\u00e7\u00e3o"},{"@type":"BreadcrumbList","@id":"https:\/\/www.suno.com.br\/noticias\/ibovespa-fecha-em-alta-de-032-a-110-57547-pontos-27112020\/#breadcrumb","itemListElement":[{"@type":"ListItem","position":1,"name":"Not\u00edcias","item":"https:\/\/www.suno.com.br\/noticias\/"},{"@type":"ListItem","position":2,"name":"Mercado","item":"https:\/\/www.suno.com.br\/noticias\/mercado\/"},{"@type":"ListItem","position":3,"name":"Ibovespa fecha em alta de 0,32%, a 110.575,47 pontos"}]},{"@type":"WebSite","@id":"https:\/\/www.suno.com.br\/noticias\/#website","url":"https:\/\/www.suno.com.br\/noticias\/","name":"Suno Not\u00edcias","description":"Seu portal de informa\u00e7\u00e3o sobre o mundo dos investimentos","publisher":{"@id":"https:\/\/www.suno.com.br\/noticias\/#organization"},"potentialAction":[{"@type":"SearchAction","target":{"@type":"EntryPoint","urlTemplate":"https:\/\/www.suno.com.br\/noticias\/?s={search_term_string}"},"query-input":{"@type":"PropertyValueSpecification","valueRequired":true,"valueName":"search_term_string"}}],"inLanguage":"pt-BR"},{"@type":"Organization","@id":"https:\/\/www.suno.com.br\/noticias\/#organization","name":"Suno Not\u00edcias","url":"https:\/\/www.suno.com.br\/noticias\/","logo":{"@type":"ImageObject","inLanguage":"pt-BR","@id":"https:\/\/www.suno.com.br\/noticias\/#\/schema\/logo\/image\/","url":"https:\/\/files.sunoresearch.com.br\/n\/uploads\/2021\/09\/suno-logo.png","contentUrl":"https:\/\/files.sunoresearch.com.br\/n\/uploads\/2021\/09\/suno-logo.png","width":180,"height":180,"caption":"Suno Not\u00edcias"},"image":{"@id":"https:\/\/www.suno.com.br\/noticias\/#\/schema\/logo\/image\/"},"sameAs":["https:\/\/facebook.com\/sunoresearch","https:\/\/x.com\/sunoresearch","https:\/\/www.instagram.com\/suno","https:\/\/www.linkedin.com\/company\/suno-research\/","https:\/\/www.youtube.com\/c\/sunoresearch"]},{"@type":"Person","@id":"https:\/\/www.suno.com.br\/noticias\/#\/schema\/person\/3df0d2808748b74496efe5dbeaef2c72","name":"Laura Moutinho","image":{"@type":"ImageObject","inLanguage":"pt-BR","@id":"https:\/\/www.suno.com.br\/noticias\/#\/schema\/person\/image\/","url":"https:\/\/secure.gravatar.com\/avatar\/7571c7c8ca3a6fca5e41384ece5557ff?s=96&r=g","contentUrl":"https:\/\/secure.gravatar.com\/avatar\/7571c7c8ca3a6fca5e41384ece5557ff?s=96&r=g","caption":"Laura Moutinho"},"description":"Estagi\u00e1ria na Suno Not\u00edcias, escreve not\u00edcias que afetam o mercado financeiro. Estuda administra\u00e7\u00e3o na Universidade Presbiteriana Mackenzie.","url":"https:\/\/www.suno.com.br\/noticias\/author\/laura-moutinho\/"}]}},"default_loop_html":"<div class=\"cardsPage__listCard__boxs\"><div class=\"cardsPage__listCard__boxs__img\"><a href=\"https:\/\/www.suno.com.br\/noticias\/ibovespa-fecha-em-alta-de-032-a-110-57547-pontos-27112020\/\"><img class=\"mask\" src=\"https:\/\/www.suno.com.br\/noticias\/wp-content\/themes\/suno\/resources\/images\/spotlight\/spotlight1img\/bg-mask.png\" alt=\"Image Mask\"\/><img src=\"https:\/\/files.sunoresearch.com.br\/n\/uploads\/2020\/10\/8b3c2ea1-ibovespa-300x300-1-jpg.webp\" alt=\"Ibovespa fecha em alta de 0,32%, a 110.575,47 pontos\"\/><\/a><span class=\"spotlightCategory\"><a href=\"https:\/\/www.suno.com.br\/noticias\/mercado\/\">Mercado<\/a><\/span><\/div><div class=\"cardsPage__listCard__boxs__content\"><a href=\"https:\/\/www.suno.com.br\/noticias\/ibovespa-fecha-em-alta-de-032-a-110-57547-pontos-27112020\/\"><h2 class=\"content__title\">Ibovespa fecha em alta de 0,32%, a 110.575,47 pontos<\/h2><\/a><div class=\"newsContent__article__meta\"><div class=\"newsContent__article__meta__authorBox\"><a href=\"https:\/\/www.suno.com.br\/noticias\/author\/laura-moutinho\/\" class=\"authorBox__avatar noMobi\"><img src=\"https:\/\/files.sunoresearch.com.br\/n\/uploads\/2020\/08\/531ff69d-whatsapp-image-2020-08-03-at-14.54.38-150x150.webp\" alt=\"Laura Moutinho\"><\/a><div class=\"authorBox__name\"><span>por\n\t\t\t<a href=\"https:\/\/www.suno.com.br\/noticias\/author\/laura-moutinho\/\"><span itemprop=\"author\">Laura Moutinho<\/span><\/a><\/span><time datetime=\"2020-11-27T18:47:59-03:00\" itemprop=\"datePublished\">27\/11\/2020 18:47<\/time><\/div><\/div><\/div><\/div><\/div>","single_layout":"posts","amp_enabled":true,"_links":{"self":[{"href":"https:\/\/www.suno.com.br\/noticias\/wp-json\/wp\/v2\/posts\/103836"}],"collection":[{"href":"https:\/\/www.suno.com.br\/noticias\/wp-json\/wp\/v2\/posts"}],"about":[{"href":"https:\/\/www.suno.com.br\/noticias\/wp-json\/wp\/v2\/types\/post"}],"author":[{"embeddable":true,"href":"https:\/\/www.suno.com.br\/noticias\/wp-json\/wp\/v2\/users\/39"}],"replies":[{"embeddable":true,"href":"https:\/\/www.suno.com.br\/noticias\/wp-json\/wp\/v2\/comments?post=103836"}],"version-history":[{"count":1,"href":"https:\/\/www.suno.com.br\/noticias\/wp-json\/wp\/v2\/posts\/103836\/revisions"}],"predecessor-version":[{"id":147241,"href":"https:\/\/www.suno.com.br\/noticias\/wp-json\/wp\/v2\/posts\/103836\/revisions\/147241"}],"wp:featuredmedia":[{"embeddable":true,"href":"https:\/\/www.suno.com.br\/noticias\/wp-json\/wp\/v2\/media\/94280"}],"wp:attachment":[{"href":"https:\/\/www.suno.com.br\/noticias\/wp-json\/wp\/v2\/media?parent=103836"}],"wp:term":[{"taxonomy":"category","embeddable":true,"href":"https:\/\/www.suno.com.br\/noticias\/wp-json\/wp\/v2\/categories?post=103836"},{"taxonomy":"post_tag","embeddable":true,"href":"https:\/\/www.suno.com.br\/noticias\/wp-json\/wp\/v2\/tags?post=103836"},{"taxonomy":"suno_strategy","embeddable":true,"href":"https:\/\/www.suno.com.br\/noticias\/wp-json\/wp\/v2\/suno_strategy?post=103836"}],"curies":[{"name":"wp","href":"https:\/\/api.w.org\/{rel}","templated":true}]}}