{"id":103783,"date":"2020-11-27T16:01:05","date_gmt":"2020-11-27T19:01:05","guid":{"rendered":"https:\/\/www.suno.com.br\/noticias\/?p=103783"},"modified":"2021-06-01T22:06:01","modified_gmt":"2021-06-02T01:06:01","slug":"taxa-de-desemprego-3t20-maior-pnad-continua","status":"publish","type":"post","link":"https:\/\/www.suno.com.br\/noticias\/taxa-de-desemprego-3t20-maior-pnad-continua\/","title":{"rendered":"Taxa de desemprego de 14,6% \u00e9 a maior da s\u00e9rie da Pnad Cont\u00ednua"},"content":{"rendered":"<p>O <a href=\"https:\/\/www.suno.com.br\/artigos\/ibge\/\">Instituto Brasileiro de Geografia e Estat\u00edstica (IBGE)<\/a> divulgou nesta sexta-feira (27) os dados da Pesquisa Nacional por Amostra de Domic\u00edlios Cont\u00ednua (Pnad Cont\u00ednua) que apontou que a taxa de <strong>desemprego<\/strong> no Brasil ficou em 14,6% no terceiro trimestre deste ano.<\/p>\t<div class=\"wrapper-featured-image\">\n\t\t<figure class=\"spotlightImg\">\n\n\t\t\t<picture>\n\t\t\t\t<source media=\"(max-width: 768px)\" srcset=\"https:\/\/files.sunoresearch.com.br\/n\/uploads\/2020\/09\/d8254293-desemprego-400x400-1-400x200.webp\">\n\t\t\t\t<img loading=\"lazy\" decoding=\"async\" class=\"newsContent__article__imgCapa lazyloadDisabled \" src=\"https:\/\/files.sunoresearch.com.br\/n\/uploads\/2020\/09\/d8254293-desemprego-400x400-1-jpg.webp\" width=\"800\" height=\"450\" alt=\"Taxa de desemprego de 14,6% \u00e9 a maior da s\u00e9rie da Pnad Cont\u00ednua\" fetchpriority=high \/>\n\t\t\t<\/picture>\n\n\t\t\t<figcaption class=\"wp-caption-text wp-caption-text--show\">Taxa de desemprego chega a 14,6% no 3T20<\/figcaption>\n\t\t<\/figure>\n\t<\/div>\n\n\n\t<p>\n\t\t<a href=\"https:\/\/lp.suno.com.br\/planilha-controle-gastos\/\" target=\"_blank\" data-element=\"shortcode-suno-banner\" title=\"Banner SUNO, clique e saiba mais\">\n\t\t\t<picture>\n\t\t\t\t<source media=\"(max-width: 500px)\" srcset=\"https:\/\/files.sunoresearch.com.br\/n\/uploads\/2023\/03\/400x300-Planilha-controle-de-gastos.png\">\n\t\t\t\t<img class=\"newsContent__article__imgCapa newsContent__article__imgCapa--banner\"\n\t\t\t\t\tsrc=\"https:\/\/files.sunoresearch.com.br\/n\/uploads\/2023\/03\/1420x240-Planilha-controle-de-gastos.png\"\n\t\t\t\t\tdata-promo-id=\"101751\"\t\t\t\t\t\t\t\t\t\twidth='1420' height='240'\t\t\t\t\talt=\"https:\/\/files.sunoresearch.com.br\/n\/uploads\/2023\/03\/1420x240-Planilha-controle-de-gastos.png\"\n\t\t\t\t>\n\t\t\t<\/picture>\n\t\t<\/a>\n\t<\/p>\n\n\n<p>Nesse sentido, a taxa de desemprego foi a maior da s\u00e9rie hist\u00f3rica da <strong>Pnad Cont\u00ednua,<\/strong> iniciada em 2012. Vale lembrar que no terceiro trimestre de 2019, a taxa de desocupa\u00e7\u00e3o estava em 11,8%.<\/p>\n<p>J\u00e1 a popula\u00e7\u00e3o desocupada ficou em 14,092 milh\u00f5es no per\u00edodo, de acordo com os dados da <strong>Pnad<\/strong> Cont\u00ednua. Na compara\u00e7\u00e3o com o segundo trimestre, o contingente de desocupados cresceu 10,2%, com 1,302 milh\u00e3o de brasileiro a mais no desemprego. Ante um ano atr\u00e1s, a alta foi de 12,6%, com 1,577 milh\u00e3o de desocupados a mais.<\/p>\n<p>De acordo com a gerente da<strong> Pnad Cont\u00ednua,<\/strong> Adriana Beringuy, &#8220;temos efetivamente mais pessoas procurando o trabalho. Podem ser pessoas que estavam na for\u00e7a de trabalho potencial&#8221;. &#8220;S\u00e3o pessoas que interromperam a procura com o isolamento, no segundo trimestre, e agora passam a pressionar o mercado de trabalho&#8221;, completou.<\/p>\n\t<p>\n\t\t<a href=\"https:\/\/lp.suno.com.br\/planilha-controle-gastos\/\" target=\"_blank\" data-element=\"shortcode-suno-banner\" title=\"Banner SUNO, clique e saiba mais\">\n\t\t\t<picture>\n\t\t\t\t<source media=\"(max-width: 500px)\" srcset=\"https:\/\/files.sunoresearch.com.br\/n\/uploads\/2023\/03\/400x300-Planilha-controle-de-gastos.png\">\n\t\t\t\t<img class=\"newsContent__article__imgCapa newsContent__article__imgCapa--banner\"\n\t\t\t\t\tsrc=\"https:\/\/files.sunoresearch.com.br\/n\/uploads\/2023\/03\/1420x240-Planilha-controle-de-gastos.png\"\n\t\t\t\t\tdata-promo-id=\"101751\"\t\t\t\t\t\t\t\t\t\twidth='1420' height='240'\t\t\t\t\talt=\"https:\/\/files.sunoresearch.com.br\/n\/uploads\/2023\/03\/1420x240-Planilha-controle-de-gastos.png\"\n\t\t\t\t>\n\t\t\t<\/picture>\n\t\t<\/a>\n\t<\/p>\n\n\n<p>A pesquisa ainda apontou que o Brasil alcan\u00e7ou uma popula\u00e7\u00e3o ocupada de 82,464 milh\u00f5es de trabalhadores no terceiro trimestre deste ano.<\/p>\n<p>Al\u00e9m disso, o levantamento destacou que a renda m\u00e9dia real do trabalhador foi de R$ 2.554 entre julho e setembro deste ano, o que equivale a uma alta de 8,3% na compara\u00e7\u00e3o anualizada.<\/p>\n<p>Por sua vez, a massa de <strong>renda real<\/strong> habitual paga aos ocupados ficou em R$ 205,3 bilh\u00f5es no terceiro trimestre deste ano, representando um recuo de 4,9% na compara\u00e7\u00e3o anualizada.<\/p>\n<h2>Taxa de desemprego chega a 14,4% entre junho e agosto<\/h2>\n<p>A <strong>taxa de desemprego<\/strong> no trimestre de junho a agosto ficou em 14,4%, a mais alta da s\u00e9rie hist\u00f3rica iniciada em 2012. O n\u00famero de desempregados atingiu 13,8 milh\u00f5es, aumento de 8,5% em compara\u00e7\u00e3o com o trimestre de mar\u00e7o a maio. Ao todo, s\u00e3o cerca de 1,1 milh\u00e3o de pessoas a mais \u00e0 procura de emprego em compara\u00e7\u00e3o com o trimestre anterior, de acordo com o IBGE.<\/p>\n<p>A taxa de desemprego de 14,4% no trimestre encerrado em agosto apresenta aumento de 1,6 ponto percentual (p.p) frente ao trimestre de mar\u00e7o a maio (12,9%) e 2,6 p.p em rela\u00e7\u00e3o ao trimestre de junho a agosto de 2019 (11,8%).\u00a0 As informa\u00e7\u00f5es foram coletadas pela <strong>PNAD<\/strong> Cont\u00ednua.<\/p>\n\t<div data-element=\"shortcode-read-more\" class=\"knowMore\">\n\t\t\t\t<span class=\"knowMore__title\">Veja Tamb\u00e9m<\/span>\n\t\t\t\t<a class=\"knowMore__link\" href=\"https:\/\/www.suno.com.br\/noticias\/caged-brasil-outubro\/\">\n\t\t\tCaged: Brasil cria 394,9 mil vagas de trabalho com carteira em outubro\t\t<\/a>\n\t<\/div>\n\n\n<p>\u201cEsse aumento da taxa de <strong>desemprego<\/strong> est\u00e1 relacionado ao crescimento do n\u00famero de pessoas que estavam procurando trabalho. No meio do ano, havia um isolamento maior, com maiores restri\u00e7\u00f5es no com\u00e9rcio, e muitas pessoas tinham parado de procurar trabalho por causa desse contexto. Agora, a gente percebe um maior movimento no mercado de trabalho em rela\u00e7\u00e3o ao trimestre m\u00f3vel encerrado em maio\u201d, explicou Beringuy.<\/p>\n<p><em>Com informa\u00e7\u00f5es do Estad\u00e3o Conte\u00fado.<\/em><\/p>\n\t<p>\n\t\t<a href=\"https:\/\/lp.suno.com.br\/planilha-de-controle-de-investimentos\/\" target=\"_blank\" data-element=\"shortcode-suno-banner\" title=\"Banner SUNO, clique e saiba mais\">\n\t\t\t<picture>\n\t\t\t\t<source media=\"(max-width: 500px)\" srcset=\"https:\/\/files.sunoresearch.com.br\/n\/uploads\/2023\/03\/400x300-Controle-de-Investimentos.png\">\n\t\t\t\t<img class=\"newsContent__article__imgCapa newsContent__article__imgCapa--banner\"\n\t\t\t\t\tsrc=\"https:\/\/files.sunoresearch.com.br\/n\/uploads\/2023\/03\/1420x240-Controle-de-Investimentos.png\"\n\t\t\t\t\tdata-promo-id=\"75934\"\t\t\t\t\t\t\t\t\t\twidth='1420' height='240'\t\t\t\t\talt=\"https:\/\/files.sunoresearch.com.br\/n\/uploads\/2023\/03\/1420x240-Controle-de-Investimentos.png\"\n\t\t\t\t>\n\t\t\t<\/picture>\n\t\t<\/a>\n\t<\/p>\n\n\n","protected":false},"excerpt":{"rendered":"<p>O Instituto Brasileiro de Geografia e Estat\u00edstica (IBGE) divulgou nesta sexta-feira (27) os dados da Pesquisa Nacional por Amostra de Domic\u00edlios Cont\u00ednua (Pnad Cont\u00ednua) que apontou que a taxa de desemprego no Brasil ficou em 14,6% no terceiro trimestre deste ano. Taxa de desemprego chega a 14,6% no 3T20 Nesse sentido, a taxa de desemprego [&hellip;]<\/p>\n","protected":false},"author":39,"featured_media":87594,"comment_status":"closed","ping_status":"closed","sticky":false,"template":"","format":"standard","meta":[],"categories":[62],"tags":[1296,821,1191],"suno_strategy":[],"class_list":["post-103783","post","type-post","status-publish","format-standard","has-post-thumbnail","hentry","category-economia","tag-desemprego","tag-ibge","tag-pnad"],"yoast_head":"<!-- This site is optimized with the Yoast SEO plugin v24.4 - https:\/\/yoast.com\/wordpress\/plugins\/seo\/ -->\n<title>Taxa de desemprego de 14,6% \u00e9 a maior da s\u00e9rie da Pnad Cont\u00ednua<\/title>\n<meta name=\"description\" content=\"A Pnad Cont\u00ednua apontou que a taxa de desemprego no Brasil ficou em 14,6% no terceiro trimestre deste ano. Clique aqui para saber mais.\" \/>\n<meta name=\"robots\" content=\"index, follow, max-snippet:-1, max-image-preview:large, max-video-preview:-1\" \/>\n<link rel=\"canonical\" href=\"https:\/\/www.suno.com.br\/noticias\/taxa-de-desemprego-3t20-maior-pnad-continua\/\" \/>\n<meta property=\"og:locale\" content=\"pt_BR\" \/>\n<meta property=\"og:type\" content=\"article\" \/>\n<meta property=\"og:title\" content=\"Taxa de desemprego de 14,6% \u00e9 a maior da s\u00e9rie da Pnad Cont\u00ednua\" \/>\n<meta property=\"og:description\" content=\"A Pnad Cont\u00ednua apontou que a taxa de desemprego no Brasil ficou em 14,6% no terceiro trimestre deste ano. Clique aqui para saber mais.\" \/>\n<meta property=\"og:url\" content=\"https:\/\/www.suno.com.br\/noticias\/taxa-de-desemprego-3t20-maior-pnad-continua\/\" \/>\n<meta property=\"og:site_name\" content=\"Suno Not\u00edcias\" \/>\n<meta property=\"article:publisher\" content=\"https:\/\/facebook.com\/sunoresearch\" \/>\n<meta property=\"og:image\" content=\"https:\/\/files.sunoresearch.com.br\/n\/uploads\/2020\/09\/d8254293-desemprego-400x400-1.jpg\" \/>\n\t<meta property=\"og:image:width\" content=\"400\" \/>\n\t<meta property=\"og:image:height\" content=\"400\" \/>\n\t<meta property=\"og:image:type\" content=\"image\/jpeg\" \/>\n<meta name=\"author\" content=\"Laura Moutinho\" \/>\n<meta name=\"twitter:card\" content=\"summary_large_image\" \/>\n<meta name=\"twitter:creator\" content=\"@sunoresearch\" \/>\n<meta name=\"twitter:site\" content=\"@sunoresearch\" \/>\n<meta name=\"twitter:label1\" content=\"Escrito por\" \/>\n\t<meta name=\"twitter:data1\" content=\"Laura Moutinho\" \/>\n\t<meta name=\"twitter:label2\" content=\"Est. tempo de leitura\" \/>\n\t<meta name=\"twitter:data2\" content=\"2 minutos\" \/>\n<script type=\"application\/ld+json\" class=\"yoast-schema-graph\">{\"@context\":\"https:\/\/schema.org\",\"@graph\":[{\"@type\":\"NewsArticle\",\"@id\":\"https:\/\/www.suno.com.br\/noticias\/taxa-de-desemprego-3t20-maior-pnad-continua\/#article\",\"isPartOf\":{\"@id\":\"https:\/\/www.suno.com.br\/noticias\/taxa-de-desemprego-3t20-maior-pnad-continua\/\"},\"author\":{\"name\":\"Laura Moutinho\",\"@id\":\"https:\/\/www.suno.com.br\/noticias\/#\/schema\/person\/3df0d2808748b74496efe5dbeaef2c72\"},\"headline\":\"Taxa de desemprego de 14,6% \u00e9 a maior da s\u00e9rie da Pnad Cont\u00ednua\",\"datePublished\":\"2020-11-27T19:01:05+00:00\",\"dateModified\":\"2021-06-02T01:06:01+00:00\",\"mainEntityOfPage\":{\"@id\":\"https:\/\/www.suno.com.br\/noticias\/taxa-de-desemprego-3t20-maior-pnad-continua\/\"},\"wordCount\":507,\"publisher\":{\"@id\":\"https:\/\/www.suno.com.br\/noticias\/#organization\"},\"image\":{\"@id\":\"https:\/\/www.suno.com.br\/noticias\/taxa-de-desemprego-3t20-maior-pnad-continua\/#primaryimage\"},\"thumbnailUrl\":\"https:\/\/files.sunoresearch.com.br\/n\/uploads\/2020\/09\/d8254293-desemprego-400x400-1-jpg.webp\",\"keywords\":[\"Desemprego\",\"IBGE\",\"PNAD\"],\"articleSection\":[\"Economia\"],\"inLanguage\":\"pt-BR\"},{\"@type\":\"WebPage\",\"@id\":\"https:\/\/www.suno.com.br\/noticias\/taxa-de-desemprego-3t20-maior-pnad-continua\/\",\"url\":\"https:\/\/www.suno.com.br\/noticias\/taxa-de-desemprego-3t20-maior-pnad-continua\/\",\"name\":\"Taxa de desemprego de 14,6% \u00e9 a maior da s\u00e9rie da Pnad Cont\u00ednua\",\"isPartOf\":{\"@id\":\"https:\/\/www.suno.com.br\/noticias\/#website\"},\"primaryImageOfPage\":{\"@id\":\"https:\/\/www.suno.com.br\/noticias\/taxa-de-desemprego-3t20-maior-pnad-continua\/#primaryimage\"},\"image\":{\"@id\":\"https:\/\/www.suno.com.br\/noticias\/taxa-de-desemprego-3t20-maior-pnad-continua\/#primaryimage\"},\"thumbnailUrl\":\"https:\/\/files.sunoresearch.com.br\/n\/uploads\/2020\/09\/d8254293-desemprego-400x400-1-jpg.webp\",\"datePublished\":\"2020-11-27T19:01:05+00:00\",\"dateModified\":\"2021-06-02T01:06:01+00:00\",\"description\":\"A Pnad Cont\u00ednua apontou que a taxa de desemprego no Brasil ficou em 14,6% no terceiro trimestre deste ano. Clique aqui para saber mais.\",\"breadcrumb\":{\"@id\":\"https:\/\/www.suno.com.br\/noticias\/taxa-de-desemprego-3t20-maior-pnad-continua\/#breadcrumb\"},\"inLanguage\":\"pt-BR\",\"potentialAction\":[{\"@type\":\"ReadAction\",\"target\":[\"https:\/\/www.suno.com.br\/noticias\/taxa-de-desemprego-3t20-maior-pnad-continua\/\"]}]},{\"@type\":\"ImageObject\",\"inLanguage\":\"pt-BR\",\"@id\":\"https:\/\/www.suno.com.br\/noticias\/taxa-de-desemprego-3t20-maior-pnad-continua\/#primaryimage\",\"url\":\"https:\/\/files.sunoresearch.com.br\/n\/uploads\/2020\/09\/d8254293-desemprego-400x400-1-jpg.webp\",\"contentUrl\":\"https:\/\/files.sunoresearch.com.br\/n\/uploads\/2020\/09\/d8254293-desemprego-400x400-1-jpg.webp\",\"width\":400,\"height\":400,\"caption\":\"Taxa de desemprego chega a 14,6% no 3T20\"},{\"@type\":\"BreadcrumbList\",\"@id\":\"https:\/\/www.suno.com.br\/noticias\/taxa-de-desemprego-3t20-maior-pnad-continua\/#breadcrumb\",\"itemListElement\":[{\"@type\":\"ListItem\",\"position\":1,\"name\":\"Not\u00edcias\",\"item\":\"https:\/\/www.suno.com.br\/noticias\/\"},{\"@type\":\"ListItem\",\"position\":2,\"name\":\"Economia\",\"item\":\"https:\/\/www.suno.com.br\/noticias\/economia\/\"},{\"@type\":\"ListItem\",\"position\":3,\"name\":\"Taxa de desemprego de 14,6% \u00e9 a maior da s\u00e9rie da Pnad Cont\u00ednua\"}]},{\"@type\":\"WebSite\",\"@id\":\"https:\/\/www.suno.com.br\/noticias\/#website\",\"url\":\"https:\/\/www.suno.com.br\/noticias\/\",\"name\":\"Suno Not\u00edcias\",\"description\":\"Seu portal de informa\u00e7\u00e3o sobre o mundo dos investimentos\",\"publisher\":{\"@id\":\"https:\/\/www.suno.com.br\/noticias\/#organization\"},\"potentialAction\":[{\"@type\":\"SearchAction\",\"target\":{\"@type\":\"EntryPoint\",\"urlTemplate\":\"https:\/\/www.suno.com.br\/noticias\/?s={search_term_string}\"},\"query-input\":{\"@type\":\"PropertyValueSpecification\",\"valueRequired\":true,\"valueName\":\"search_term_string\"}}],\"inLanguage\":\"pt-BR\"},{\"@type\":\"Organization\",\"@id\":\"https:\/\/www.suno.com.br\/noticias\/#organization\",\"name\":\"Suno Not\u00edcias\",\"url\":\"https:\/\/www.suno.com.br\/noticias\/\",\"logo\":{\"@type\":\"ImageObject\",\"inLanguage\":\"pt-BR\",\"@id\":\"https:\/\/www.suno.com.br\/noticias\/#\/schema\/logo\/image\/\",\"url\":\"https:\/\/files.sunoresearch.com.br\/n\/uploads\/2021\/09\/suno-logo.png\",\"contentUrl\":\"https:\/\/files.sunoresearch.com.br\/n\/uploads\/2021\/09\/suno-logo.png\",\"width\":180,\"height\":180,\"caption\":\"Suno Not\u00edcias\"},\"image\":{\"@id\":\"https:\/\/www.suno.com.br\/noticias\/#\/schema\/logo\/image\/\"},\"sameAs\":[\"https:\/\/facebook.com\/sunoresearch\",\"https:\/\/x.com\/sunoresearch\",\"https:\/\/www.instagram.com\/suno\",\"https:\/\/www.linkedin.com\/company\/suno-research\/\",\"https:\/\/www.youtube.com\/c\/sunoresearch\"]},{\"@type\":\"Person\",\"@id\":\"https:\/\/www.suno.com.br\/noticias\/#\/schema\/person\/3df0d2808748b74496efe5dbeaef2c72\",\"name\":\"Laura Moutinho\",\"image\":{\"@type\":\"ImageObject\",\"inLanguage\":\"pt-BR\",\"@id\":\"https:\/\/www.suno.com.br\/noticias\/#\/schema\/person\/image\/\",\"url\":\"https:\/\/secure.gravatar.com\/avatar\/7571c7c8ca3a6fca5e41384ece5557ff?s=96&r=g\",\"contentUrl\":\"https:\/\/secure.gravatar.com\/avatar\/7571c7c8ca3a6fca5e41384ece5557ff?s=96&r=g\",\"caption\":\"Laura Moutinho\"},\"description\":\"Estagi\u00e1ria na Suno Not\u00edcias, escreve not\u00edcias que afetam o mercado financeiro. Estuda administra\u00e7\u00e3o na Universidade Presbiteriana Mackenzie.\",\"url\":\"https:\/\/www.suno.com.br\/noticias\/author\/laura-moutinho\/\"}]}<\/script>\n<!-- \/ Yoast SEO plugin. -->","yoast_head_json":{"title":"Taxa de desemprego de 14,6% \u00e9 a maior da s\u00e9rie da Pnad Cont\u00ednua","description":"A Pnad Cont\u00ednua apontou que a taxa de desemprego no Brasil ficou em 14,6% no terceiro trimestre deste ano. Clique aqui para saber mais.","robots":{"index":"index","follow":"follow","max-snippet":"max-snippet:-1","max-image-preview":"max-image-preview:large","max-video-preview":"max-video-preview:-1"},"canonical":"https:\/\/www.suno.com.br\/noticias\/taxa-de-desemprego-3t20-maior-pnad-continua\/","og_locale":"pt_BR","og_type":"article","og_title":"Taxa de desemprego de 14,6% \u00e9 a maior da s\u00e9rie da Pnad Cont\u00ednua","og_description":"A Pnad Cont\u00ednua apontou que a taxa de desemprego no Brasil ficou em 14,6% no terceiro trimestre deste ano. Clique aqui para saber mais.","og_url":"https:\/\/www.suno.com.br\/noticias\/taxa-de-desemprego-3t20-maior-pnad-continua\/","og_site_name":"Suno Not\u00edcias","article_publisher":"https:\/\/facebook.com\/sunoresearch","og_image":[{"width":400,"height":400,"url":"https:\/\/files.sunoresearch.com.br\/n\/uploads\/2020\/09\/d8254293-desemprego-400x400-1.jpg","type":"image\/jpeg"}],"author":"Laura Moutinho","twitter_card":"summary_large_image","twitter_creator":"@sunoresearch","twitter_site":"@sunoresearch","twitter_misc":{"Escrito por":"Laura Moutinho","Est. tempo de leitura":"2 minutos"},"schema":{"@context":"https:\/\/schema.org","@graph":[{"@type":"NewsArticle","@id":"https:\/\/www.suno.com.br\/noticias\/taxa-de-desemprego-3t20-maior-pnad-continua\/#article","isPartOf":{"@id":"https:\/\/www.suno.com.br\/noticias\/taxa-de-desemprego-3t20-maior-pnad-continua\/"},"author":{"name":"Laura Moutinho","@id":"https:\/\/www.suno.com.br\/noticias\/#\/schema\/person\/3df0d2808748b74496efe5dbeaef2c72"},"headline":"Taxa de desemprego de 14,6% \u00e9 a maior da s\u00e9rie da Pnad Cont\u00ednua","datePublished":"2020-11-27T19:01:05+00:00","dateModified":"2021-06-02T01:06:01+00:00","mainEntityOfPage":{"@id":"https:\/\/www.suno.com.br\/noticias\/taxa-de-desemprego-3t20-maior-pnad-continua\/"},"wordCount":507,"publisher":{"@id":"https:\/\/www.suno.com.br\/noticias\/#organization"},"image":{"@id":"https:\/\/www.suno.com.br\/noticias\/taxa-de-desemprego-3t20-maior-pnad-continua\/#primaryimage"},"thumbnailUrl":"https:\/\/files.sunoresearch.com.br\/n\/uploads\/2020\/09\/d8254293-desemprego-400x400-1-jpg.webp","keywords":["Desemprego","IBGE","PNAD"],"articleSection":["Economia"],"inLanguage":"pt-BR"},{"@type":"WebPage","@id":"https:\/\/www.suno.com.br\/noticias\/taxa-de-desemprego-3t20-maior-pnad-continua\/","url":"https:\/\/www.suno.com.br\/noticias\/taxa-de-desemprego-3t20-maior-pnad-continua\/","name":"Taxa de desemprego de 14,6% \u00e9 a maior da s\u00e9rie da Pnad Cont\u00ednua","isPartOf":{"@id":"https:\/\/www.suno.com.br\/noticias\/#website"},"primaryImageOfPage":{"@id":"https:\/\/www.suno.com.br\/noticias\/taxa-de-desemprego-3t20-maior-pnad-continua\/#primaryimage"},"image":{"@id":"https:\/\/www.suno.com.br\/noticias\/taxa-de-desemprego-3t20-maior-pnad-continua\/#primaryimage"},"thumbnailUrl":"https:\/\/files.sunoresearch.com.br\/n\/uploads\/2020\/09\/d8254293-desemprego-400x400-1-jpg.webp","datePublished":"2020-11-27T19:01:05+00:00","dateModified":"2021-06-02T01:06:01+00:00","description":"A Pnad Cont\u00ednua apontou que a taxa de desemprego no Brasil ficou em 14,6% no terceiro trimestre deste ano. Clique aqui para saber mais.","breadcrumb":{"@id":"https:\/\/www.suno.com.br\/noticias\/taxa-de-desemprego-3t20-maior-pnad-continua\/#breadcrumb"},"inLanguage":"pt-BR","potentialAction":[{"@type":"ReadAction","target":["https:\/\/www.suno.com.br\/noticias\/taxa-de-desemprego-3t20-maior-pnad-continua\/"]}]},{"@type":"ImageObject","inLanguage":"pt-BR","@id":"https:\/\/www.suno.com.br\/noticias\/taxa-de-desemprego-3t20-maior-pnad-continua\/#primaryimage","url":"https:\/\/files.sunoresearch.com.br\/n\/uploads\/2020\/09\/d8254293-desemprego-400x400-1-jpg.webp","contentUrl":"https:\/\/files.sunoresearch.com.br\/n\/uploads\/2020\/09\/d8254293-desemprego-400x400-1-jpg.webp","width":400,"height":400,"caption":"Taxa de desemprego chega a 14,6% no 3T20"},{"@type":"BreadcrumbList","@id":"https:\/\/www.suno.com.br\/noticias\/taxa-de-desemprego-3t20-maior-pnad-continua\/#breadcrumb","itemListElement":[{"@type":"ListItem","position":1,"name":"Not\u00edcias","item":"https:\/\/www.suno.com.br\/noticias\/"},{"@type":"ListItem","position":2,"name":"Economia","item":"https:\/\/www.suno.com.br\/noticias\/economia\/"},{"@type":"ListItem","position":3,"name":"Taxa de desemprego de 14,6% \u00e9 a maior da s\u00e9rie da Pnad Cont\u00ednua"}]},{"@type":"WebSite","@id":"https:\/\/www.suno.com.br\/noticias\/#website","url":"https:\/\/www.suno.com.br\/noticias\/","name":"Suno Not\u00edcias","description":"Seu portal de informa\u00e7\u00e3o sobre o mundo dos investimentos","publisher":{"@id":"https:\/\/www.suno.com.br\/noticias\/#organization"},"potentialAction":[{"@type":"SearchAction","target":{"@type":"EntryPoint","urlTemplate":"https:\/\/www.suno.com.br\/noticias\/?s={search_term_string}"},"query-input":{"@type":"PropertyValueSpecification","valueRequired":true,"valueName":"search_term_string"}}],"inLanguage":"pt-BR"},{"@type":"Organization","@id":"https:\/\/www.suno.com.br\/noticias\/#organization","name":"Suno Not\u00edcias","url":"https:\/\/www.suno.com.br\/noticias\/","logo":{"@type":"ImageObject","inLanguage":"pt-BR","@id":"https:\/\/www.suno.com.br\/noticias\/#\/schema\/logo\/image\/","url":"https:\/\/files.sunoresearch.com.br\/n\/uploads\/2021\/09\/suno-logo.png","contentUrl":"https:\/\/files.sunoresearch.com.br\/n\/uploads\/2021\/09\/suno-logo.png","width":180,"height":180,"caption":"Suno Not\u00edcias"},"image":{"@id":"https:\/\/www.suno.com.br\/noticias\/#\/schema\/logo\/image\/"},"sameAs":["https:\/\/facebook.com\/sunoresearch","https:\/\/x.com\/sunoresearch","https:\/\/www.instagram.com\/suno","https:\/\/www.linkedin.com\/company\/suno-research\/","https:\/\/www.youtube.com\/c\/sunoresearch"]},{"@type":"Person","@id":"https:\/\/www.suno.com.br\/noticias\/#\/schema\/person\/3df0d2808748b74496efe5dbeaef2c72","name":"Laura Moutinho","image":{"@type":"ImageObject","inLanguage":"pt-BR","@id":"https:\/\/www.suno.com.br\/noticias\/#\/schema\/person\/image\/","url":"https:\/\/secure.gravatar.com\/avatar\/7571c7c8ca3a6fca5e41384ece5557ff?s=96&r=g","contentUrl":"https:\/\/secure.gravatar.com\/avatar\/7571c7c8ca3a6fca5e41384ece5557ff?s=96&r=g","caption":"Laura Moutinho"},"description":"Estagi\u00e1ria na Suno Not\u00edcias, escreve not\u00edcias que afetam o mercado financeiro. Estuda administra\u00e7\u00e3o na Universidade Presbiteriana Mackenzie.","url":"https:\/\/www.suno.com.br\/noticias\/author\/laura-moutinho\/"}]}},"default_loop_html":"<div class=\"cardsPage__listCard__boxs\"><div class=\"cardsPage__listCard__boxs__img\"><a href=\"https:\/\/www.suno.com.br\/noticias\/taxa-de-desemprego-3t20-maior-pnad-continua\/\"><img class=\"mask\" src=\"https:\/\/www.suno.com.br\/noticias\/wp-content\/themes\/suno\/resources\/images\/spotlight\/spotlight1img\/bg-mask.png\" alt=\"Image Mask\"\/><img src=\"https:\/\/files.sunoresearch.com.br\/n\/uploads\/2020\/09\/d8254293-desemprego-400x400-1-400x200.webp\" alt=\"Taxa de desemprego de 14,6% \u00e9 a maior da s\u00e9rie da Pnad Cont\u00ednua\"\/><\/a><span class=\"spotlightCategory\"><a href=\"https:\/\/www.suno.com.br\/noticias\/economia\/\">Economia<\/a><\/span><\/div><div class=\"cardsPage__listCard__boxs__content\"><a href=\"https:\/\/www.suno.com.br\/noticias\/taxa-de-desemprego-3t20-maior-pnad-continua\/\"><h2 class=\"content__title\">Taxa de desemprego de 14,6% \u00e9 a maior da s\u00e9rie da Pnad Cont\u00ednua<\/h2><\/a><div class=\"newsContent__article__meta\"><div class=\"newsContent__article__meta__authorBox\"><a href=\"https:\/\/www.suno.com.br\/noticias\/author\/laura-moutinho\/\" class=\"authorBox__avatar noMobi\"><img src=\"https:\/\/files.sunoresearch.com.br\/n\/uploads\/2020\/08\/531ff69d-whatsapp-image-2020-08-03-at-14.54.38-150x150.webp\" alt=\"Laura Moutinho\"><\/a><div class=\"authorBox__name\"><span>por\n\t\t\t<a href=\"https:\/\/www.suno.com.br\/noticias\/author\/laura-moutinho\/\"><span itemprop=\"author\">Laura Moutinho<\/span><\/a><\/span><time datetime=\"2020-11-27T16:01:05-03:00\" itemprop=\"datePublished\">27\/11\/2020 16:01<\/time><\/div><\/div><\/div><\/div><\/div>","single_layout":"posts","amp_enabled":true,"_links":{"self":[{"href":"https:\/\/www.suno.com.br\/noticias\/wp-json\/wp\/v2\/posts\/103783"}],"collection":[{"href":"https:\/\/www.suno.com.br\/noticias\/wp-json\/wp\/v2\/posts"}],"about":[{"href":"https:\/\/www.suno.com.br\/noticias\/wp-json\/wp\/v2\/types\/post"}],"author":[{"embeddable":true,"href":"https:\/\/www.suno.com.br\/noticias\/wp-json\/wp\/v2\/users\/39"}],"replies":[{"embeddable":true,"href":"https:\/\/www.suno.com.br\/noticias\/wp-json\/wp\/v2\/comments?post=103783"}],"version-history":[{"count":1,"href":"https:\/\/www.suno.com.br\/noticias\/wp-json\/wp\/v2\/posts\/103783\/revisions"}],"predecessor-version":[{"id":153898,"href":"https:\/\/www.suno.com.br\/noticias\/wp-json\/wp\/v2\/posts\/103783\/revisions\/153898"}],"wp:featuredmedia":[{"embeddable":true,"href":"https:\/\/www.suno.com.br\/noticias\/wp-json\/wp\/v2\/media\/87594"}],"wp:attachment":[{"href":"https:\/\/www.suno.com.br\/noticias\/wp-json\/wp\/v2\/media?parent=103783"}],"wp:term":[{"taxonomy":"category","embeddable":true,"href":"https:\/\/www.suno.com.br\/noticias\/wp-json\/wp\/v2\/categories?post=103783"},{"taxonomy":"post_tag","embeddable":true,"href":"https:\/\/www.suno.com.br\/noticias\/wp-json\/wp\/v2\/tags?post=103783"},{"taxonomy":"suno_strategy","embeddable":true,"href":"https:\/\/www.suno.com.br\/noticias\/wp-json\/wp\/v2\/suno_strategy?post=103783"}],"curies":[{"name":"wp","href":"https:\/\/api.w.org\/{rel}","templated":true}]}}