{"id":10370,"date":"2019-01-04T16:12:07","date_gmt":"2019-01-04T18:12:07","guid":{"rendered":"https:\/\/www.suno.com.br\/noticias\/?p=10370"},"modified":"2021-02-17T23:06:59","modified_gmt":"2021-02-18T02:06:59","slug":"bolsonaro-aliquota-maxima-reduzida","status":"publish","type":"post","link":"https:\/\/www.suno.com.br\/noticias\/bolsonaro-aliquota-maxima-reduzida\/","title":{"rendered":"Bolsonaro diz que al\u00edquota m\u00e1xima do IR pode ser reduzida de 27,5% para 25%"},"content":{"rendered":"<p>O presidente Jair Bolsonaro disse nesta sexta-feita (4), que at\u00e9 o final do dia o ministro da Economia, Paulo Guedes, vai anunciar a possibilidade de diminuir a al\u00edquota m\u00e1xima do Imposto de Renda (IR) de 27,5% para 25%.<\/p>\t<div class=\"wrapper-featured-image\">\n\t\t<figure class=\"spotlightImg\">\n\n\t\t\t<picture>\n\t\t\t\t<source media=\"(max-width: 768px)\" srcset=\"https:\/\/files.sunoresearch.com.br\/n\/uploads\/2018\/12\/7c50e7c2-bolsonaro-400x200.webp\">\n\t\t\t\t<img loading=\"lazy\" decoding=\"async\" class=\"newsContent__article__imgCapa lazyloadDisabled newsContent__article__imgCapa--noCaption\" src=\"https:\/\/files.sunoresearch.com.br\/n\/uploads\/2018\/12\/7c50e7c2-bolsonaro-800x450.webp\" width=\"800\" height=\"450\" alt=\"Bolsonaro diz que al\u00edquota m\u00e1xima do IR pode ser reduzida de 27,5% para 25%\" fetchpriority=high \/>\n\t\t\t<\/picture>\n\n\t\t\t<figcaption class=\"wp-caption-text wp-caption-text--hide\">Bolsonaro diz que al\u00edquota m\u00e1xima do IR pode ser reduzida de 27,5% para 25%<\/figcaption>\n\t\t<\/figure>\n\t<\/div>\n\n\n<p>&#8220;Paulo Guedes anuncia hoje (esta sexta) tamb\u00e9m a possibilidade de diminuir a al\u00edquota do <strong>Imposto de Renda<\/strong>. Porque o nosso governo tem que ter a marca de n\u00e3o aumentar\u00a0 impostos&#8221;, disse <strong>Bolsonaro<\/strong>.<\/p>\n<p>Em contrapartida, ele afirmou que o governo ir\u00e1 aumentar a al\u00edquota do <strong>Imposto Sobre Opera\u00e7\u00f5es Financeiras<\/strong> (IOF).<\/p>\n<p>O novo presidente fez as declara\u00e7\u00f5es em entrevista coletiva ap\u00f3s a cerim\u00f4nia de transmiss\u00e3o de comando da Aeron\u00e1utica, em Bras\u00edlia.<\/p>\n<p><a href=\"https:\/\/www.suno.com.br\/noticias\/bolsonaro-proposta-previdencia\/\">Saiba mais:\u00a0Bolsonaro diz que proposta para Previd\u00eancia ser\u00e1 apresentada neste m\u00eas<\/a><\/p>\n<div class=\"wall protected-content\">\n<div class=\"mc-column content-text active-extra-styles \" data-block-type=\"unstyled\" data-block-weight=\"37\" data-block-id=\"5\">\n<h2 class=\"content-text__container \" data-track-category=\"Link no Texto\">Imposto de Renda<\/h2>\n<p data-track-category=\"Link no Texto\" data-track-links=\"\">Base de c\u00e1lculo mensal (percentual de al\u00edquota)<\/p>\n<ul>\n<li data-track-category=\"Link no Texto\">At\u00e9 R$ 1.903,98 (isento);<\/li>\n<li data-track-category=\"Link no Texto\">De 1.903,99 at\u00e9 2.826,65 (7,5%);<\/li>\n<li data-track-category=\"Link no Texto\">De 2.826,66 at\u00e9 3.751,05 (15%);<\/li>\n<li data-track-category=\"Link no Texto\">De 3.751,06 at\u00e9 4.664,68 (22,5%);<\/li>\n<li data-track-category=\"Link no Texto\">Acima de 4.664,68 (27,5%).<\/li>\n<\/ul>\n<p>Na \u00faltima quarta-feira (2), o novo secret\u00e1rio da <strong>Receita Federal<\/strong>, Marcos Cintra, anunciou que o governo estuda a cria\u00e7\u00e3o de uma al\u00edquota adicional no Imposto de Renda para quem obter renda alta.<\/p>\n<\/div>\n<div class=\"mc-column content-text active-extra-styles \" data-block-type=\"unstyled\" data-block-weight=\"32\" data-block-id=\"8\">\n<p class=\"content-text__container \" data-track-category=\"Link no Texto\" data-track-links=\"\">De acordo com a atual tabela do IR, s\u00e3o isentos do imposto contribuintes com renda mensal de at\u00e9 1.903,98 (descontada contribui\u00e7\u00e3o previdenci\u00e1ria).<\/p>\n<p data-track-category=\"Link no Texto\" data-track-links=\"\">Entretanto, a partir desse valor s\u00e3o calculadas reten\u00e7\u00f5es com base em al\u00edquotas de 7,5%, 15% 22,5% e 27,5%.<\/p>\n<h2 data-track-category=\"Link no Texto\">Imposto Sobre Opera\u00e7\u00f5es Financeiras (IOF)<\/h2>\n<p data-track-category=\"Link no Texto\" data-track-links=\"\">O novo presidente anunciou durante a coletiva que aumentar\u00e1 a al\u00edquota do IOF, mesmo afirmando que o governo tem que ter a &#8220;marca de n\u00e3o aumentar impostos&#8221;.<\/p>\n<p data-track-category=\"Link no Texto\" data-track-links=\"\">Atualmente, o IOF tem uma cobran\u00e7a de 0,38%. Desta forma, essa al\u00edquota di\u00e1ria representa uma tributa\u00e7\u00e3o de 3% ao ano nas opera\u00e7\u00f5es de cr\u00e9dito.<\/p>\n<p data-track-category=\"Link no Texto\" data-track-links=\"\">De acordo com a Receita Federal, o IOF atinge:<\/p>\n<ul>\n<li data-track-category=\"Link no Texto\">Opera\u00e7\u00f5es de cr\u00e9dito;<\/li>\n<li data-track-category=\"Link no Texto\">Opera\u00e7\u00f5es de c\u00e2mbio e seguro;<\/li>\n<li data-track-category=\"Link no Texto\">Opera\u00e7\u00f5es relativas a t\u00edtulos ou valore imobili\u00e1rios (a\u00e7\u00f5es deb\u00eantures e cotas de fundos de investimento).<\/li>\n<\/ul>\n<p>Entretanto, o IOF atinge tanto pessoas f\u00edsicas como jur\u00eddicas. Al\u00e9m disso, a cobran\u00e7a e o recolhimento do imposto de renda s\u00e3o efetuados por institui\u00e7\u00f5es financeiras ou seguradoras.<\/p>\n<p>De acordo com o presidente, o motivo do aumento do imposto \u00e9 a aprova\u00e7\u00e3o do projeto que manter\u00e1 incentivos fiscais para projetos nas \u00e1reas da <strong>Sudam<\/strong> e da <strong>Sudene<\/strong> at\u00e9 2023.<\/p>\n<p><a href=\"https:\/\/www.suno.com.br\/noticias\/reforma-previdencia-bolsonaro\/\">Saiba mais:\u00a0Bolsonaro quer reforma da Previd\u00eancia com idade m\u00ednima de 62 anos para homens e 57 para mulheres<\/a><\/p>\n<h2 data-track-category=\"Link no Texto\">Lei sancionada<\/h2>\n<p>O presidente sancionou a lei que prorroga at\u00e9 2023 o incentivo fiscal concedido para empresas da:<\/p>\n<ul>\n<li>Superintend\u00eancia do Desenvolvimento da Amaz\u00f4nia (Sudam);<\/li>\n<li>Superintend\u00eancia do Desenvolvimento do Nordeste (Sudene).<\/li>\n<\/ul>\n<p>De acordo com a <strong>Consultoria de Or\u00e7amento da C\u00e2mara<\/strong>, a prorroga\u00e7\u00e3o da medida pode chegar a R$ 10 bilh\u00f5es.<\/p>\n<p>Com a aprova\u00e7\u00e3o do<strong> Congresso<\/strong>, o incentivo que terminaria em dezembro do \u00faltimo ano foi prorrogado.<\/p>\n<p>A lei sancionada por <strong>Bolsonaro<\/strong> foi publicada nesta sexta-feira (4), no Di\u00e1rio Oficial da Uni\u00e3o.<\/p>\n<\/div>\n<\/div>\n","protected":false},"excerpt":{"rendered":"<p>O presidente Jair Bolsonaro disse nesta sexta-feita (4), que at\u00e9 o final do dia o ministro da Economia, Paulo Guedes, vai anunciar a possibilidade de diminuir a al\u00edquota m\u00e1xima do Imposto de Renda (IR) de 27,5% para 25%. Bolsonaro diz que al\u00edquota m\u00e1xima do IR pode ser reduzida de 27,5% para 25% &#8220;Paulo Guedes anuncia [&hellip;]<\/p>\n","protected":false},"author":11,"featured_media":7895,"comment_status":"closed","ping_status":"closed","sticky":false,"template":"","format":"standard","meta":[],"categories":[61],"tags":[303,704,719,796],"suno_strategy":[],"class_list":["post-10370","post","type-post","status-publish","format-standard","has-post-thumbnail","hentry","category-politica","tag-imposto-de-renda","tag-impostos","tag-jair-bolsonaro","tag-paulo-guedes"],"yoast_head":"<!-- This site is optimized with the Yoast SEO plugin v24.4 - https:\/\/yoast.com\/wordpress\/plugins\/seo\/ -->\n<title>Bolsonaro diz que al\u00edquota m\u00e1xima do IR pode ser reduzida para 25%<\/title>\n<meta name=\"description\" content=\"Em contrapartida, Bolsonaro afirmou que o IOF sofrer\u00e1 aumento; Atualmente a al\u00edquota do IR \u00e9 de 27,5%. Clique para saber mais.\" \/>\n<meta name=\"robots\" content=\"index, follow, max-snippet:-1, max-image-preview:large, max-video-preview:-1\" \/>\n<link rel=\"canonical\" href=\"https:\/\/www.suno.com.br\/noticias\/bolsonaro-aliquota-maxima-reduzida\/\" \/>\n<meta property=\"og:locale\" content=\"pt_BR\" \/>\n<meta property=\"og:type\" content=\"article\" \/>\n<meta property=\"og:title\" content=\"Bolsonaro diz que al\u00edquota m\u00e1xima do IR pode ser reduzida para 25%\" \/>\n<meta property=\"og:description\" content=\"Em contrapartida, Bolsonaro afirmou que o IOF sofrer\u00e1 aumento; Atualmente a al\u00edquota do IR \u00e9 de 27,5%. Clique para saber mais.\" \/>\n<meta property=\"og:url\" content=\"https:\/\/www.suno.com.br\/noticias\/bolsonaro-aliquota-maxima-reduzida\/\" \/>\n<meta property=\"og:site_name\" content=\"Suno Not\u00edcias\" \/>\n<meta property=\"article:publisher\" content=\"https:\/\/facebook.com\/sunoresearch\" \/>\n<meta property=\"og:image\" content=\"https:\/\/files.sunoresearch.com.br\/n\/uploads\/2018\/12\/7c50e7c2-bolsonaro.jpg\" \/>\n\t<meta property=\"og:image:width\" content=\"1140\" \/>\n\t<meta property=\"og:image:height\" content=\"760\" \/>\n\t<meta property=\"og:image:type\" content=\"image\/jpeg\" \/>\n<meta name=\"author\" content=\"Renan Bandeira\" \/>\n<meta name=\"twitter:card\" content=\"summary_large_image\" \/>\n<meta name=\"twitter:creator\" content=\"@sunoresearch\" \/>\n<meta name=\"twitter:site\" content=\"@sunoresearch\" \/>\n<meta name=\"twitter:label1\" content=\"Escrito por\" \/>\n\t<meta name=\"twitter:data1\" content=\"Renan Bandeira\" \/>\n\t<meta name=\"twitter:label2\" content=\"Est. tempo de leitura\" \/>\n\t<meta name=\"twitter:data2\" content=\"3 minutos\" \/>\n<script type=\"application\/ld+json\" class=\"yoast-schema-graph\">{\"@context\":\"https:\/\/schema.org\",\"@graph\":[{\"@type\":\"NewsArticle\",\"@id\":\"https:\/\/www.suno.com.br\/noticias\/bolsonaro-aliquota-maxima-reduzida\/#article\",\"isPartOf\":{\"@id\":\"https:\/\/www.suno.com.br\/noticias\/bolsonaro-aliquota-maxima-reduzida\/\"},\"author\":{\"name\":\"Renan Bandeira\",\"@id\":\"https:\/\/www.suno.com.br\/noticias\/#\/schema\/person\/fc144a1c6108bd1dcd43784e88a3c138\"},\"headline\":\"Bolsonaro diz que al\u00edquota m\u00e1xima do IR pode ser reduzida de 27,5% para 25%\",\"datePublished\":\"2019-01-04T18:12:07+00:00\",\"dateModified\":\"2021-02-18T02:06:59+00:00\",\"mainEntityOfPage\":{\"@id\":\"https:\/\/www.suno.com.br\/noticias\/bolsonaro-aliquota-maxima-reduzida\/\"},\"wordCount\":516,\"publisher\":{\"@id\":\"https:\/\/www.suno.com.br\/noticias\/#organization\"},\"image\":{\"@id\":\"https:\/\/www.suno.com.br\/noticias\/bolsonaro-aliquota-maxima-reduzida\/#primaryimage\"},\"thumbnailUrl\":\"https:\/\/files.sunoresearch.com.br\/n\/uploads\/2018\/12\/7c50e7c2-bolsonaro-jpg.webp\",\"keywords\":[\"Imposto de Renda\",\"impostos\",\"Jair Bolsonaro\",\"Paulo Guedes\"],\"articleSection\":[\"Pol\u00edtica\"],\"inLanguage\":\"pt-BR\"},{\"@type\":\"WebPage\",\"@id\":\"https:\/\/www.suno.com.br\/noticias\/bolsonaro-aliquota-maxima-reduzida\/\",\"url\":\"https:\/\/www.suno.com.br\/noticias\/bolsonaro-aliquota-maxima-reduzida\/\",\"name\":\"Bolsonaro diz que al\u00edquota m\u00e1xima do IR pode ser reduzida para 25%\",\"isPartOf\":{\"@id\":\"https:\/\/www.suno.com.br\/noticias\/#website\"},\"primaryImageOfPage\":{\"@id\":\"https:\/\/www.suno.com.br\/noticias\/bolsonaro-aliquota-maxima-reduzida\/#primaryimage\"},\"image\":{\"@id\":\"https:\/\/www.suno.com.br\/noticias\/bolsonaro-aliquota-maxima-reduzida\/#primaryimage\"},\"thumbnailUrl\":\"https:\/\/files.sunoresearch.com.br\/n\/uploads\/2018\/12\/7c50e7c2-bolsonaro-jpg.webp\",\"datePublished\":\"2019-01-04T18:12:07+00:00\",\"dateModified\":\"2021-02-18T02:06:59+00:00\",\"description\":\"Em contrapartida, Bolsonaro afirmou que o IOF sofrer\u00e1 aumento; Atualmente a al\u00edquota do IR \u00e9 de 27,5%. Clique para saber mais.\",\"breadcrumb\":{\"@id\":\"https:\/\/www.suno.com.br\/noticias\/bolsonaro-aliquota-maxima-reduzida\/#breadcrumb\"},\"inLanguage\":\"pt-BR\",\"potentialAction\":[{\"@type\":\"ReadAction\",\"target\":[\"https:\/\/www.suno.com.br\/noticias\/bolsonaro-aliquota-maxima-reduzida\/\"]}]},{\"@type\":\"ImageObject\",\"inLanguage\":\"pt-BR\",\"@id\":\"https:\/\/www.suno.com.br\/noticias\/bolsonaro-aliquota-maxima-reduzida\/#primaryimage\",\"url\":\"https:\/\/files.sunoresearch.com.br\/n\/uploads\/2018\/12\/7c50e7c2-bolsonaro-jpg.webp\",\"contentUrl\":\"https:\/\/files.sunoresearch.com.br\/n\/uploads\/2018\/12\/7c50e7c2-bolsonaro-jpg.webp\",\"width\":1140,\"height\":760,\"caption\":\"Bolsonaro diz que al\u00edquota m\u00e1xima do IR pode ser reduzida de 27,5% para 25%\"},{\"@type\":\"BreadcrumbList\",\"@id\":\"https:\/\/www.suno.com.br\/noticias\/bolsonaro-aliquota-maxima-reduzida\/#breadcrumb\",\"itemListElement\":[{\"@type\":\"ListItem\",\"position\":1,\"name\":\"Not\u00edcias\",\"item\":\"https:\/\/www.suno.com.br\/noticias\/\"},{\"@type\":\"ListItem\",\"position\":2,\"name\":\"Pol\u00edtica\",\"item\":\"https:\/\/www.suno.com.br\/noticias\/politica\/\"},{\"@type\":\"ListItem\",\"position\":3,\"name\":\"Bolsonaro diz que al\u00edquota m\u00e1xima do IR pode ser reduzida de 27,5% para 25%\"}]},{\"@type\":\"WebSite\",\"@id\":\"https:\/\/www.suno.com.br\/noticias\/#website\",\"url\":\"https:\/\/www.suno.com.br\/noticias\/\",\"name\":\"Suno Not\u00edcias\",\"description\":\"Seu portal de informa\u00e7\u00e3o sobre o mundo dos investimentos\",\"publisher\":{\"@id\":\"https:\/\/www.suno.com.br\/noticias\/#organization\"},\"potentialAction\":[{\"@type\":\"SearchAction\",\"target\":{\"@type\":\"EntryPoint\",\"urlTemplate\":\"https:\/\/www.suno.com.br\/noticias\/?s={search_term_string}\"},\"query-input\":{\"@type\":\"PropertyValueSpecification\",\"valueRequired\":true,\"valueName\":\"search_term_string\"}}],\"inLanguage\":\"pt-BR\"},{\"@type\":\"Organization\",\"@id\":\"https:\/\/www.suno.com.br\/noticias\/#organization\",\"name\":\"Suno Not\u00edcias\",\"url\":\"https:\/\/www.suno.com.br\/noticias\/\",\"logo\":{\"@type\":\"ImageObject\",\"inLanguage\":\"pt-BR\",\"@id\":\"https:\/\/www.suno.com.br\/noticias\/#\/schema\/logo\/image\/\",\"url\":\"https:\/\/files.sunoresearch.com.br\/n\/uploads\/2021\/09\/suno-logo.png\",\"contentUrl\":\"https:\/\/files.sunoresearch.com.br\/n\/uploads\/2021\/09\/suno-logo.png\",\"width\":180,\"height\":180,\"caption\":\"Suno Not\u00edcias\"},\"image\":{\"@id\":\"https:\/\/www.suno.com.br\/noticias\/#\/schema\/logo\/image\/\"},\"sameAs\":[\"https:\/\/facebook.com\/sunoresearch\",\"https:\/\/x.com\/sunoresearch\",\"https:\/\/www.instagram.com\/suno\",\"https:\/\/www.linkedin.com\/company\/suno-research\/\",\"https:\/\/www.youtube.com\/c\/sunoresearch\"]},{\"@type\":\"Person\",\"@id\":\"https:\/\/www.suno.com.br\/noticias\/#\/schema\/person\/fc144a1c6108bd1dcd43784e88a3c138\",\"name\":\"Renan Bandeira\",\"image\":{\"@type\":\"ImageObject\",\"inLanguage\":\"pt-BR\",\"@id\":\"https:\/\/www.suno.com.br\/noticias\/#\/schema\/person\/image\/\",\"url\":\"https:\/\/secure.gravatar.com\/avatar\/68359cdb608f14f11bbefcb78f3fc747?s=96&r=g\",\"contentUrl\":\"https:\/\/secure.gravatar.com\/avatar\/68359cdb608f14f11bbefcb78f3fc747?s=96&r=g\",\"caption\":\"Renan Bandeira\"},\"description\":\"Renan Bandeira escreve sobre pol\u00edtica e economia para o portal da Suno Research. Antes da Suno, trabalhou em uma rede de televis\u00e3o, onde fazia reportagens sobre os mesmos temas. Estuda na Universidade Metodista de S\u00e3o Paulo.\",\"url\":\"https:\/\/www.suno.com.br\/noticias\/author\/renan-bandeira\/\"}]}<\/script>\n<!-- \/ Yoast SEO plugin. -->","yoast_head_json":{"title":"Bolsonaro diz que al\u00edquota m\u00e1xima do IR pode ser reduzida para 25%","description":"Em contrapartida, Bolsonaro afirmou que o IOF sofrer\u00e1 aumento; Atualmente a al\u00edquota do IR \u00e9 de 27,5%. Clique para saber mais.","robots":{"index":"index","follow":"follow","max-snippet":"max-snippet:-1","max-image-preview":"max-image-preview:large","max-video-preview":"max-video-preview:-1"},"canonical":"https:\/\/www.suno.com.br\/noticias\/bolsonaro-aliquota-maxima-reduzida\/","og_locale":"pt_BR","og_type":"article","og_title":"Bolsonaro diz que al\u00edquota m\u00e1xima do IR pode ser reduzida para 25%","og_description":"Em contrapartida, Bolsonaro afirmou que o IOF sofrer\u00e1 aumento; Atualmente a al\u00edquota do IR \u00e9 de 27,5%. Clique para saber mais.","og_url":"https:\/\/www.suno.com.br\/noticias\/bolsonaro-aliquota-maxima-reduzida\/","og_site_name":"Suno Not\u00edcias","article_publisher":"https:\/\/facebook.com\/sunoresearch","og_image":[{"width":1140,"height":760,"url":"https:\/\/files.sunoresearch.com.br\/n\/uploads\/2018\/12\/7c50e7c2-bolsonaro.jpg","type":"image\/jpeg"}],"author":"Renan Bandeira","twitter_card":"summary_large_image","twitter_creator":"@sunoresearch","twitter_site":"@sunoresearch","twitter_misc":{"Escrito por":"Renan Bandeira","Est. tempo de leitura":"3 minutos"},"schema":{"@context":"https:\/\/schema.org","@graph":[{"@type":"NewsArticle","@id":"https:\/\/www.suno.com.br\/noticias\/bolsonaro-aliquota-maxima-reduzida\/#article","isPartOf":{"@id":"https:\/\/www.suno.com.br\/noticias\/bolsonaro-aliquota-maxima-reduzida\/"},"author":{"name":"Renan Bandeira","@id":"https:\/\/www.suno.com.br\/noticias\/#\/schema\/person\/fc144a1c6108bd1dcd43784e88a3c138"},"headline":"Bolsonaro diz que al\u00edquota m\u00e1xima do IR pode ser reduzida de 27,5% para 25%","datePublished":"2019-01-04T18:12:07+00:00","dateModified":"2021-02-18T02:06:59+00:00","mainEntityOfPage":{"@id":"https:\/\/www.suno.com.br\/noticias\/bolsonaro-aliquota-maxima-reduzida\/"},"wordCount":516,"publisher":{"@id":"https:\/\/www.suno.com.br\/noticias\/#organization"},"image":{"@id":"https:\/\/www.suno.com.br\/noticias\/bolsonaro-aliquota-maxima-reduzida\/#primaryimage"},"thumbnailUrl":"https:\/\/files.sunoresearch.com.br\/n\/uploads\/2018\/12\/7c50e7c2-bolsonaro-jpg.webp","keywords":["Imposto de Renda","impostos","Jair Bolsonaro","Paulo Guedes"],"articleSection":["Pol\u00edtica"],"inLanguage":"pt-BR"},{"@type":"WebPage","@id":"https:\/\/www.suno.com.br\/noticias\/bolsonaro-aliquota-maxima-reduzida\/","url":"https:\/\/www.suno.com.br\/noticias\/bolsonaro-aliquota-maxima-reduzida\/","name":"Bolsonaro diz que al\u00edquota m\u00e1xima do IR pode ser reduzida para 25%","isPartOf":{"@id":"https:\/\/www.suno.com.br\/noticias\/#website"},"primaryImageOfPage":{"@id":"https:\/\/www.suno.com.br\/noticias\/bolsonaro-aliquota-maxima-reduzida\/#primaryimage"},"image":{"@id":"https:\/\/www.suno.com.br\/noticias\/bolsonaro-aliquota-maxima-reduzida\/#primaryimage"},"thumbnailUrl":"https:\/\/files.sunoresearch.com.br\/n\/uploads\/2018\/12\/7c50e7c2-bolsonaro-jpg.webp","datePublished":"2019-01-04T18:12:07+00:00","dateModified":"2021-02-18T02:06:59+00:00","description":"Em contrapartida, Bolsonaro afirmou que o IOF sofrer\u00e1 aumento; Atualmente a al\u00edquota do IR \u00e9 de 27,5%. Clique para saber mais.","breadcrumb":{"@id":"https:\/\/www.suno.com.br\/noticias\/bolsonaro-aliquota-maxima-reduzida\/#breadcrumb"},"inLanguage":"pt-BR","potentialAction":[{"@type":"ReadAction","target":["https:\/\/www.suno.com.br\/noticias\/bolsonaro-aliquota-maxima-reduzida\/"]}]},{"@type":"ImageObject","inLanguage":"pt-BR","@id":"https:\/\/www.suno.com.br\/noticias\/bolsonaro-aliquota-maxima-reduzida\/#primaryimage","url":"https:\/\/files.sunoresearch.com.br\/n\/uploads\/2018\/12\/7c50e7c2-bolsonaro-jpg.webp","contentUrl":"https:\/\/files.sunoresearch.com.br\/n\/uploads\/2018\/12\/7c50e7c2-bolsonaro-jpg.webp","width":1140,"height":760,"caption":"Bolsonaro diz que al\u00edquota m\u00e1xima do IR pode ser reduzida de 27,5% para 25%"},{"@type":"BreadcrumbList","@id":"https:\/\/www.suno.com.br\/noticias\/bolsonaro-aliquota-maxima-reduzida\/#breadcrumb","itemListElement":[{"@type":"ListItem","position":1,"name":"Not\u00edcias","item":"https:\/\/www.suno.com.br\/noticias\/"},{"@type":"ListItem","position":2,"name":"Pol\u00edtica","item":"https:\/\/www.suno.com.br\/noticias\/politica\/"},{"@type":"ListItem","position":3,"name":"Bolsonaro diz que al\u00edquota m\u00e1xima do IR pode ser reduzida de 27,5% para 25%"}]},{"@type":"WebSite","@id":"https:\/\/www.suno.com.br\/noticias\/#website","url":"https:\/\/www.suno.com.br\/noticias\/","name":"Suno Not\u00edcias","description":"Seu portal de informa\u00e7\u00e3o sobre o mundo dos investimentos","publisher":{"@id":"https:\/\/www.suno.com.br\/noticias\/#organization"},"potentialAction":[{"@type":"SearchAction","target":{"@type":"EntryPoint","urlTemplate":"https:\/\/www.suno.com.br\/noticias\/?s={search_term_string}"},"query-input":{"@type":"PropertyValueSpecification","valueRequired":true,"valueName":"search_term_string"}}],"inLanguage":"pt-BR"},{"@type":"Organization","@id":"https:\/\/www.suno.com.br\/noticias\/#organization","name":"Suno Not\u00edcias","url":"https:\/\/www.suno.com.br\/noticias\/","logo":{"@type":"ImageObject","inLanguage":"pt-BR","@id":"https:\/\/www.suno.com.br\/noticias\/#\/schema\/logo\/image\/","url":"https:\/\/files.sunoresearch.com.br\/n\/uploads\/2021\/09\/suno-logo.png","contentUrl":"https:\/\/files.sunoresearch.com.br\/n\/uploads\/2021\/09\/suno-logo.png","width":180,"height":180,"caption":"Suno Not\u00edcias"},"image":{"@id":"https:\/\/www.suno.com.br\/noticias\/#\/schema\/logo\/image\/"},"sameAs":["https:\/\/facebook.com\/sunoresearch","https:\/\/x.com\/sunoresearch","https:\/\/www.instagram.com\/suno","https:\/\/www.linkedin.com\/company\/suno-research\/","https:\/\/www.youtube.com\/c\/sunoresearch"]},{"@type":"Person","@id":"https:\/\/www.suno.com.br\/noticias\/#\/schema\/person\/fc144a1c6108bd1dcd43784e88a3c138","name":"Renan Bandeira","image":{"@type":"ImageObject","inLanguage":"pt-BR","@id":"https:\/\/www.suno.com.br\/noticias\/#\/schema\/person\/image\/","url":"https:\/\/secure.gravatar.com\/avatar\/68359cdb608f14f11bbefcb78f3fc747?s=96&r=g","contentUrl":"https:\/\/secure.gravatar.com\/avatar\/68359cdb608f14f11bbefcb78f3fc747?s=96&r=g","caption":"Renan Bandeira"},"description":"Renan Bandeira escreve sobre pol\u00edtica e economia para o portal da Suno Research. Antes da Suno, trabalhou em uma rede de televis\u00e3o, onde fazia reportagens sobre os mesmos temas. Estuda na Universidade Metodista de S\u00e3o Paulo.","url":"https:\/\/www.suno.com.br\/noticias\/author\/renan-bandeira\/"}]}},"default_loop_html":"<div class=\"cardsPage__listCard__boxs\"><div class=\"cardsPage__listCard__boxs__img\"><a href=\"https:\/\/www.suno.com.br\/noticias\/bolsonaro-aliquota-maxima-reduzida\/\"><img class=\"mask\" src=\"https:\/\/www.suno.com.br\/noticias\/wp-content\/themes\/suno\/resources\/images\/spotlight\/spotlight1img\/bg-mask.png\" alt=\"Image Mask\"\/><img src=\"https:\/\/files.sunoresearch.com.br\/n\/uploads\/2018\/12\/7c50e7c2-bolsonaro-400x200.webp\" alt=\"Bolsonaro diz que al\u00edquota m\u00e1xima do IR pode ser reduzida de 27,5% para 25%\"\/><\/a><span class=\"spotlightCategory\"><a href=\"https:\/\/www.suno.com.br\/noticias\/politica\/\">Pol\u00edtica<\/a><\/span><\/div><div class=\"cardsPage__listCard__boxs__content\"><a href=\"https:\/\/www.suno.com.br\/noticias\/bolsonaro-aliquota-maxima-reduzida\/\"><h2 class=\"content__title\">Bolsonaro diz que al\u00edquota m\u00e1xima do IR pode ser reduzida de 27,5% para 25%<\/h2><\/a><div class=\"newsContent__article__meta\"><div class=\"newsContent__article__meta__authorBox\"><a href=\"https:\/\/www.suno.com.br\/noticias\/author\/renan-bandeira\/\" class=\"authorBox__avatar noMobi\"><img src=\"https:\/\/secure.gravatar.com\/avatar\/68359cdb608f14f11bbefcb78f3fc747?s=96&#038;r=g\" alt=\"Renan Bandeira\"><\/a><div class=\"authorBox__name\"><span>por\n\t\t\t<a href=\"https:\/\/www.suno.com.br\/noticias\/author\/renan-bandeira\/\"><span itemprop=\"author\">Renan Bandeira<\/span><\/a><\/span><time datetime=\"2019-01-04T16:12:07-02:00\" itemprop=\"datePublished\">04\/01\/2019 16:12<\/time><\/div><\/div><\/div><\/div><\/div>","single_layout":"posts","amp_enabled":true,"_links":{"self":[{"href":"https:\/\/www.suno.com.br\/noticias\/wp-json\/wp\/v2\/posts\/10370"}],"collection":[{"href":"https:\/\/www.suno.com.br\/noticias\/wp-json\/wp\/v2\/posts"}],"about":[{"href":"https:\/\/www.suno.com.br\/noticias\/wp-json\/wp\/v2\/types\/post"}],"author":[{"embeddable":true,"href":"https:\/\/www.suno.com.br\/noticias\/wp-json\/wp\/v2\/users\/11"}],"replies":[{"embeddable":true,"href":"https:\/\/www.suno.com.br\/noticias\/wp-json\/wp\/v2\/comments?post=10370"}],"version-history":[{"count":0,"href":"https:\/\/www.suno.com.br\/noticias\/wp-json\/wp\/v2\/posts\/10370\/revisions"}],"wp:featuredmedia":[{"embeddable":true,"href":"https:\/\/www.suno.com.br\/noticias\/wp-json\/wp\/v2\/media\/7895"}],"wp:attachment":[{"href":"https:\/\/www.suno.com.br\/noticias\/wp-json\/wp\/v2\/media?parent=10370"}],"wp:term":[{"taxonomy":"category","embeddable":true,"href":"https:\/\/www.suno.com.br\/noticias\/wp-json\/wp\/v2\/categories?post=10370"},{"taxonomy":"post_tag","embeddable":true,"href":"https:\/\/www.suno.com.br\/noticias\/wp-json\/wp\/v2\/tags?post=10370"},{"taxonomy":"suno_strategy","embeddable":true,"href":"https:\/\/www.suno.com.br\/noticias\/wp-json\/wp\/v2\/suno_strategy?post=10370"}],"curies":[{"name":"wp","href":"https:\/\/api.w.org\/{rel}","templated":true}]}}