{"id":103634,"date":"2020-11-26T21:12:08","date_gmt":"2020-11-27T00:12:08","guid":{"rendered":"https:\/\/www.suno.com.br\/noticias\/?p=103634"},"modified":"2021-06-24T14:52:49","modified_gmt":"2021-06-24T17:52:49","slug":"ex-presidente-qualicorp-qual3-delacao-pgr","status":"publish","type":"post","link":"https:\/\/www.suno.com.br\/noticias\/ex-presidente-qualicorp-qual3-delacao-pgr\/","title":{"rendered":"Qualicorp (QUAL3): ex-presidente assina dela\u00e7\u00e3o com PGR"},"content":{"rendered":"<p>O fundador e ex-presidente da <a href=\"https:\/\/www.suno.com.br\/acoes\/qual3\/\"><strong>Qualicorp<\/strong> (QUAL3)<\/a>, Jos\u00e9 Seripieri Filho, assinou nesta quinta-feira (26) um acordo de dela\u00e7\u00e3o premiada junto \u00e0 Procuradoria-Geral da Rep\u00fablica (PGR). As informa\u00e7\u00f5es s\u00e3o da coluna de Bela Megale, no jornal <em>O Globo<\/em>.<\/p>\t<div class=\"wrapper-featured-image\">\n\t\t<figure class=\"spotlightImg\">\n\n\t\t\t<picture>\n\t\t\t\t<source media=\"(max-width: 768px)\" srcset=\"https:\/\/files.sunoresearch.com.br\/n\/uploads\/2018\/10\/114c489c-jos\u00e9-seripieri-filho-400x200.webp\">\n\t\t\t\t<img loading=\"lazy\" decoding=\"async\" class=\"newsContent__article__imgCapa lazyloadDisabled \" src=\"https:\/\/files.sunoresearch.com.br\/n\/uploads\/2018\/10\/114c489c-jos\u00e9-seripieri-filho-jpg.webp\" width=\"800\" height=\"450\" alt=\"Qualicorp (QUAL3): ex-presidente assina dela\u00e7\u00e3o com PGR\" fetchpriority=high \/>\n\t\t\t<\/picture>\n\n\t\t\t<figcaption class=\"wp-caption-text wp-caption-text--show\">Jos\u00e9 Seripieri, fundador da Qualicorp (QUAL3)<\/figcaption>\n\t\t<\/figure>\n\t<\/div>\n\n\n\t<p>\n\t\t<a href=\"https:\/\/lp.suno.com.br\/planilha-controle-gastos\/\" target=\"_blank\" data-element=\"shortcode-suno-banner\" title=\"Banner SUNO, clique e saiba mais\">\n\t\t\t<picture>\n\t\t\t\t<source media=\"(max-width: 500px)\" srcset=\"https:\/\/files.sunoresearch.com.br\/n\/uploads\/2023\/03\/400x300-Planilha-controle-de-gastos.png\">\n\t\t\t\t<img class=\"newsContent__article__imgCapa newsContent__article__imgCapa--banner\"\n\t\t\t\t\tsrc=\"https:\/\/files.sunoresearch.com.br\/n\/uploads\/2023\/03\/1420x240-Planilha-controle-de-gastos.png\"\n\t\t\t\t\tdata-promo-id=\"101751\"\t\t\t\t\t\t\t\t\t\twidth='1420' height='240'\t\t\t\t\talt=\"https:\/\/files.sunoresearch.com.br\/n\/uploads\/2023\/03\/1420x240-Planilha-controle-de-gastos.png\"\n\t\t\t\t>\n\t\t\t<\/picture>\n\t\t<\/a>\n\t<\/p>\n\n\n<p>Segundo a coluna, o empres\u00e1rio relatou pagamentos a v\u00e1rios pol\u00edticos por meio de <strong>caixa dois<\/strong>, assim como uma medida provis\u00f3ria (MP), aprovada no Congresso Nacional, que trouxe benef\u00edcios tribut\u00e1rios para as empresas de planos de sa\u00fade como a Qualicorp.<\/p>\n<p>Seripierifoi preso em julho deste ano em opera\u00e7\u00e3o da Pol\u00edcia Federal (PF) em uma fase da <strong>Lava-Jato Eleitoral<\/strong>, sob suspeita de ter participado de um esquema de caixa dois.<\/p>\n\t<p>\n\t\t<a href=\"https:\/\/lp.suno.com.br\/planilha-controle-gastos\/\" target=\"_blank\" data-element=\"shortcode-suno-banner\" title=\"Banner SUNO, clique e saiba mais\">\n\t\t\t<picture>\n\t\t\t\t<source media=\"(max-width: 500px)\" srcset=\"https:\/\/files.sunoresearch.com.br\/n\/uploads\/2023\/03\/400x300-Planilha-controle-de-gastos.png\">\n\t\t\t\t<img class=\"newsContent__article__imgCapa newsContent__article__imgCapa--banner\"\n\t\t\t\t\tsrc=\"https:\/\/files.sunoresearch.com.br\/n\/uploads\/2023\/03\/1420x240-Planilha-controle-de-gastos.png\"\n\t\t\t\t\tdata-promo-id=\"101751\"\t\t\t\t\t\t\t\t\t\twidth='1420' height='240'\t\t\t\t\talt=\"https:\/\/files.sunoresearch.com.br\/n\/uploads\/2023\/03\/1420x240-Planilha-controle-de-gastos.png\"\n\t\t\t\t>\n\t\t\t<\/picture>\n\t\t<\/a>\n\t<\/p>\n\n\n<p>Ap\u00f3s tr\u00eas noites de cadeia, o fundador do grupo Qualicorp procurou as autoridades para fechar um acordo de dela\u00e7\u00e3o premiada. O executivo pagar\u00e1 uma multa de mais de R$ 200 milh\u00f5es.<\/p>\n<p>A dela\u00e7\u00e3o do empres\u00e1rio possui o potencial de abrir uma nova frente na Lava-Jato, mirando casos de corrup\u00e7\u00e3o envolvendo <strong>planos de sa\u00fade<\/strong>, que at\u00e9 o momento n\u00e3o aparecem em escala nas investiga\u00e7\u00f5es.<\/p>\n<h2>Lucro da Qualicorp sobe 18,1% no 3\u00ba tri<\/h2>\n<p>Menos de um m\u00eas ap\u00f3s a pol\u00eamica instaurada depois da opera\u00e7\u00e3o da PF na sede da companhia, a Qualicorp divulgou um <a href=\"https:\/\/www.suno.com.br\/artigos\/lucro-liquido\/\" target=\"_blank\" rel=\"noopener noreferrer\">lucro l\u00edquido<\/a> de R$ 130,9 milh\u00f5es no terceiro trimestre de 2020, o equivalente a uma alta de 18,1% na base anual.<\/p>\n\t<div data-element=\"shortcode-read-more\" class=\"knowMore\">\n\t\t\t\t<span class=\"knowMore__title\">Veja mais<\/span>\n\t\t\t\t<a class=\"knowMore__link\" href=\"https:\/\/www.suno.com.br\/noticias\/qualicorp-qual3-pf-busca-apreensao-sede-empresa\/\">\n\t\t\tQualicorp (QUAL3): PF faz opera\u00e7\u00e3o de busca e apreens\u00e3o na sede da empresa\t\t<\/a>\n\t<\/div>\n\n\n<p>A empresa de planos de sa\u00fade caracterizou o terceiro trimestre foi &#8220;at\u00edpico&#8221; devido \u00e0 suspens\u00e3o do reajuste anual de pre\u00e7os, definida pela Ag\u00eancia Nacional de Sa\u00fade Suplementar (ANS) em agosto deste ano.<\/p>\n<p>O<a href=\"https:\/\/www.suno.com.br\/artigos\/ebitda\/\" target=\"_blank\" rel=\"noopener noreferrer\"> Ebi<\/a><a href=\"https:\/\/www.suno.com.br\/artigos\/ebitda\/\">tda (lucro antes de juros, impostos, amortiza\u00e7\u00e3o e deprecia\u00e7\u00e3o)<\/a> da companhia somou R$ 301,5 milh\u00f5es, alta anual de 6,7%; enquanto a <a href=\"https:\/\/www.suno.com.br\/artigos\/o-que-receita-liquida\/\" target=\"_blank\" rel=\"noopener noreferrer\">receita l\u00edquida<\/a> atingiu R$ 524,6 milh\u00f5es, aumento de 1,3% ante o terceiro trimestre de 2019.<\/p>\n<h2>\u00daltima cota\u00e7\u00e3o<\/h2>\n<p>No preg\u00e3o desta segunda-feira, as a\u00e7\u00f5es da <strong>Qualicorp<\/strong> encerraram em queda de 1,43%, a R$ 34,46. O Ibovespa fechou est\u00e1vel, com uma leve alta de 0,09%, cotado a 110.227,094 pontos.<\/p>\n\t<p>\n\t\t<a href=\"https:\/\/lp.suno.com.br\/planilha-de-controle-de-investimentos\/\" target=\"_blank\" data-element=\"shortcode-suno-banner\" title=\"Banner SUNO, clique e saiba mais\">\n\t\t\t<picture>\n\t\t\t\t<source media=\"(max-width: 500px)\" srcset=\"https:\/\/files.sunoresearch.com.br\/n\/uploads\/2023\/03\/400x300-Controle-de-Investimentos.png\">\n\t\t\t\t<img class=\"newsContent__article__imgCapa newsContent__article__imgCapa--banner\"\n\t\t\t\t\tsrc=\"https:\/\/files.sunoresearch.com.br\/n\/uploads\/2023\/03\/1420x240-Controle-de-Investimentos.png\"\n\t\t\t\t\tdata-promo-id=\"75934\"\t\t\t\t\t\t\t\t\t\twidth='1420' height='240'\t\t\t\t\talt=\"https:\/\/files.sunoresearch.com.br\/n\/uploads\/2023\/03\/1420x240-Controle-de-Investimentos.png\"\n\t\t\t\t>\n\t\t\t<\/picture>\n\t\t<\/a>\n\t<\/p>\n\n\n","protected":false},"excerpt":{"rendered":"<p>O fundador e ex-presidente da Qualicorp (QUAL3), Jos\u00e9 Seripieri Filho, assinou nesta quinta-feira (26) um acordo de dela\u00e7\u00e3o premiada junto \u00e0 Procuradoria-Geral da Rep\u00fablica (PGR). As informa\u00e7\u00f5es s\u00e3o da coluna de Bela Megale, no jornal O Globo. Jos\u00e9 Seripieri, fundador da Qualicorp (QUAL3) Segundo a coluna, o empres\u00e1rio relatou pagamentos a v\u00e1rios pol\u00edticos por meio [&hellip;]<\/p>\n","protected":false},"author":35,"featured_media":5043,"comment_status":"closed","ping_status":"closed","sticky":false,"template":"","format":"standard","meta":[],"categories":[64],"tags":[104897,105340,1229,611],"suno_strategy":[],"class_list":["post-103634","post","type-post","status-publish","format-standard","has-post-thumbnail","hentry","category-negocios","tag-delacao-premiada","tag-jose-seripieri-filho","tag-procuradoria-geral-republica-pgr","tag-qualicorp-qual3"],"yoast_head":"<!-- This site is optimized with the Yoast SEO plugin v24.4 - https:\/\/yoast.com\/wordpress\/plugins\/seo\/ -->\n<title>Qualicorp (QUAL3): ex-presidente assina dela\u00e7\u00e3o com PGR<\/title>\n<meta name=\"description\" content=\"O fundador e ex-presidente da Qualicorp (QUAL3) assinou um acordo de dela\u00e7\u00e3o premiada junto \u00e0 PGR. Clique para saber mais\" \/>\n<meta name=\"robots\" content=\"index, follow, max-snippet:-1, max-image-preview:large, max-video-preview:-1\" \/>\n<link rel=\"canonical\" href=\"https:\/\/www.suno.com.br\/noticias\/ex-presidente-qualicorp-qual3-delacao-pgr\/\" \/>\n<meta property=\"og:locale\" content=\"pt_BR\" \/>\n<meta property=\"og:type\" content=\"article\" \/>\n<meta property=\"og:title\" content=\"Qualicorp (QUAL3): ex-presidente assina dela\u00e7\u00e3o com PGR\" \/>\n<meta property=\"og:description\" content=\"O fundador e ex-presidente da Qualicorp (QUAL3) assinou um acordo de dela\u00e7\u00e3o premiada junto \u00e0 PGR. Clique para saber mais\" \/>\n<meta property=\"og:url\" content=\"https:\/\/www.suno.com.br\/noticias\/ex-presidente-qualicorp-qual3-delacao-pgr\/\" \/>\n<meta property=\"og:site_name\" content=\"Suno Not\u00edcias\" \/>\n<meta property=\"article:publisher\" content=\"https:\/\/facebook.com\/sunoresearch\" \/>\n<meta property=\"og:image\" content=\"https:\/\/files.sunoresearch.com.br\/n\/uploads\/2018\/10\/114c489c-jos\u00e9-seripieri-filho.jpg\" \/>\n\t<meta property=\"og:image:width\" content=\"600\" \/>\n\t<meta property=\"og:image:height\" content=\"412\" \/>\n\t<meta property=\"og:image:type\" content=\"image\/jpeg\" \/>\n<meta name=\"author\" content=\"Arthur Guimar\u00e3es\" \/>\n<meta name=\"twitter:card\" content=\"summary_large_image\" \/>\n<meta name=\"twitter:creator\" content=\"@sunoresearch\" \/>\n<meta name=\"twitter:site\" content=\"@sunoresearch\" \/>\n<meta name=\"twitter:label1\" content=\"Escrito por\" \/>\n\t<meta name=\"twitter:data1\" content=\"Arthur Guimar\u00e3es\" \/>\n\t<meta name=\"twitter:label2\" content=\"Est. tempo de leitura\" \/>\n\t<meta name=\"twitter:data2\" content=\"2 minutos\" \/>\n<script type=\"application\/ld+json\" class=\"yoast-schema-graph\">{\"@context\":\"https:\/\/schema.org\",\"@graph\":[{\"@type\":\"NewsArticle\",\"@id\":\"https:\/\/www.suno.com.br\/noticias\/ex-presidente-qualicorp-qual3-delacao-pgr\/#article\",\"isPartOf\":{\"@id\":\"https:\/\/www.suno.com.br\/noticias\/ex-presidente-qualicorp-qual3-delacao-pgr\/\"},\"author\":{\"name\":\"Arthur Guimar\u00e3es\",\"@id\":\"https:\/\/www.suno.com.br\/noticias\/#\/schema\/person\/053a750a709a263919a20f976caae91c\"},\"headline\":\"Qualicorp (QUAL3): ex-presidente assina dela\u00e7\u00e3o com PGR\",\"datePublished\":\"2020-11-27T00:12:08+00:00\",\"dateModified\":\"2021-06-24T17:52:49+00:00\",\"mainEntityOfPage\":{\"@id\":\"https:\/\/www.suno.com.br\/noticias\/ex-presidente-qualicorp-qual3-delacao-pgr\/\"},\"wordCount\":370,\"publisher\":{\"@id\":\"https:\/\/www.suno.com.br\/noticias\/#organization\"},\"image\":{\"@id\":\"https:\/\/www.suno.com.br\/noticias\/ex-presidente-qualicorp-qual3-delacao-pgr\/#primaryimage\"},\"thumbnailUrl\":\"https:\/\/files.sunoresearch.com.br\/n\/uploads\/2018\/10\/114c489c-jos\u00e9-seripieri-filho-jpg.webp\",\"keywords\":[\"dela\u00e7\u00e3o premiada\",\"Jos\u00e9 Seripieri Filho\",\"Procuradoria-Geral da Rep\u00fablica (PGR)\",\"Qualicorp (QUAL3)\"],\"articleSection\":[\"Neg\u00f3cios\"],\"inLanguage\":\"pt-BR\"},{\"@type\":\"WebPage\",\"@id\":\"https:\/\/www.suno.com.br\/noticias\/ex-presidente-qualicorp-qual3-delacao-pgr\/\",\"url\":\"https:\/\/www.suno.com.br\/noticias\/ex-presidente-qualicorp-qual3-delacao-pgr\/\",\"name\":\"Qualicorp (QUAL3): ex-presidente assina dela\u00e7\u00e3o com PGR\",\"isPartOf\":{\"@id\":\"https:\/\/www.suno.com.br\/noticias\/#website\"},\"primaryImageOfPage\":{\"@id\":\"https:\/\/www.suno.com.br\/noticias\/ex-presidente-qualicorp-qual3-delacao-pgr\/#primaryimage\"},\"image\":{\"@id\":\"https:\/\/www.suno.com.br\/noticias\/ex-presidente-qualicorp-qual3-delacao-pgr\/#primaryimage\"},\"thumbnailUrl\":\"https:\/\/files.sunoresearch.com.br\/n\/uploads\/2018\/10\/114c489c-jos\u00e9-seripieri-filho-jpg.webp\",\"datePublished\":\"2020-11-27T00:12:08+00:00\",\"dateModified\":\"2021-06-24T17:52:49+00:00\",\"description\":\"O fundador e ex-presidente da Qualicorp (QUAL3) assinou um acordo de dela\u00e7\u00e3o premiada junto \u00e0 PGR. Clique para saber mais\",\"breadcrumb\":{\"@id\":\"https:\/\/www.suno.com.br\/noticias\/ex-presidente-qualicorp-qual3-delacao-pgr\/#breadcrumb\"},\"inLanguage\":\"pt-BR\",\"potentialAction\":[{\"@type\":\"ReadAction\",\"target\":[\"https:\/\/www.suno.com.br\/noticias\/ex-presidente-qualicorp-qual3-delacao-pgr\/\"]}]},{\"@type\":\"ImageObject\",\"inLanguage\":\"pt-BR\",\"@id\":\"https:\/\/www.suno.com.br\/noticias\/ex-presidente-qualicorp-qual3-delacao-pgr\/#primaryimage\",\"url\":\"https:\/\/files.sunoresearch.com.br\/n\/uploads\/2018\/10\/114c489c-jos\u00e9-seripieri-filho-jpg.webp\",\"contentUrl\":\"https:\/\/files.sunoresearch.com.br\/n\/uploads\/2018\/10\/114c489c-jos\u00e9-seripieri-filho-jpg.webp\",\"width\":600,\"height\":412,\"caption\":\"Jos\u00e9 Seripieri, fundador da Qualicorp (QUAL3)\"},{\"@type\":\"BreadcrumbList\",\"@id\":\"https:\/\/www.suno.com.br\/noticias\/ex-presidente-qualicorp-qual3-delacao-pgr\/#breadcrumb\",\"itemListElement\":[{\"@type\":\"ListItem\",\"position\":1,\"name\":\"Not\u00edcias\",\"item\":\"https:\/\/www.suno.com.br\/noticias\/\"},{\"@type\":\"ListItem\",\"position\":2,\"name\":\"Neg\u00f3cios\",\"item\":\"https:\/\/www.suno.com.br\/noticias\/negocios\/\"},{\"@type\":\"ListItem\",\"position\":3,\"name\":\"Qualicorp (QUAL3): ex-presidente assina dela\u00e7\u00e3o com PGR\"}]},{\"@type\":\"WebSite\",\"@id\":\"https:\/\/www.suno.com.br\/noticias\/#website\",\"url\":\"https:\/\/www.suno.com.br\/noticias\/\",\"name\":\"Suno Not\u00edcias\",\"description\":\"Seu portal de informa\u00e7\u00e3o sobre o mundo dos investimentos\",\"publisher\":{\"@id\":\"https:\/\/www.suno.com.br\/noticias\/#organization\"},\"potentialAction\":[{\"@type\":\"SearchAction\",\"target\":{\"@type\":\"EntryPoint\",\"urlTemplate\":\"https:\/\/www.suno.com.br\/noticias\/?s={search_term_string}\"},\"query-input\":{\"@type\":\"PropertyValueSpecification\",\"valueRequired\":true,\"valueName\":\"search_term_string\"}}],\"inLanguage\":\"pt-BR\"},{\"@type\":\"Organization\",\"@id\":\"https:\/\/www.suno.com.br\/noticias\/#organization\",\"name\":\"Suno Not\u00edcias\",\"url\":\"https:\/\/www.suno.com.br\/noticias\/\",\"logo\":{\"@type\":\"ImageObject\",\"inLanguage\":\"pt-BR\",\"@id\":\"https:\/\/www.suno.com.br\/noticias\/#\/schema\/logo\/image\/\",\"url\":\"https:\/\/files.sunoresearch.com.br\/n\/uploads\/2021\/09\/suno-logo.png\",\"contentUrl\":\"https:\/\/files.sunoresearch.com.br\/n\/uploads\/2021\/09\/suno-logo.png\",\"width\":180,\"height\":180,\"caption\":\"Suno Not\u00edcias\"},\"image\":{\"@id\":\"https:\/\/www.suno.com.br\/noticias\/#\/schema\/logo\/image\/\"},\"sameAs\":[\"https:\/\/facebook.com\/sunoresearch\",\"https:\/\/x.com\/sunoresearch\",\"https:\/\/www.instagram.com\/suno\",\"https:\/\/www.linkedin.com\/company\/suno-research\/\",\"https:\/\/www.youtube.com\/c\/sunoresearch\"]},{\"@type\":\"Person\",\"@id\":\"https:\/\/www.suno.com.br\/noticias\/#\/schema\/person\/053a750a709a263919a20f976caae91c\",\"name\":\"Arthur Guimar\u00e3es\",\"image\":{\"@type\":\"ImageObject\",\"inLanguage\":\"pt-BR\",\"@id\":\"https:\/\/www.suno.com.br\/noticias\/#\/schema\/person\/image\/\",\"url\":\"https:\/\/secure.gravatar.com\/avatar\/1affd86a11209ae09eb6dd3bcad3e96c?s=96&r=g\",\"contentUrl\":\"https:\/\/secure.gravatar.com\/avatar\/1affd86a11209ae09eb6dd3bcad3e96c?s=96&r=g\",\"caption\":\"Arthur Guimar\u00e3es\"},\"description\":\"Arthur Guimar\u00e3es escreve sobre pol\u00edtica, economia e neg\u00f3cios para o portal de not\u00edcias da Suno Research. Atualmente, \u00e9 estudante de jornalismo pela Faculdade C\u00e1sper L\u00edbero.\",\"url\":\"https:\/\/www.suno.com.br\/noticias\/author\/arthur-guimaraes\/\"}]}<\/script>\n<!-- \/ Yoast SEO plugin. -->","yoast_head_json":{"title":"Qualicorp (QUAL3): ex-presidente assina dela\u00e7\u00e3o com PGR","description":"O fundador e ex-presidente da Qualicorp (QUAL3) assinou um acordo de dela\u00e7\u00e3o premiada junto \u00e0 PGR. Clique para saber mais","robots":{"index":"index","follow":"follow","max-snippet":"max-snippet:-1","max-image-preview":"max-image-preview:large","max-video-preview":"max-video-preview:-1"},"canonical":"https:\/\/www.suno.com.br\/noticias\/ex-presidente-qualicorp-qual3-delacao-pgr\/","og_locale":"pt_BR","og_type":"article","og_title":"Qualicorp (QUAL3): ex-presidente assina dela\u00e7\u00e3o com PGR","og_description":"O fundador e ex-presidente da Qualicorp (QUAL3) assinou um acordo de dela\u00e7\u00e3o premiada junto \u00e0 PGR. Clique para saber mais","og_url":"https:\/\/www.suno.com.br\/noticias\/ex-presidente-qualicorp-qual3-delacao-pgr\/","og_site_name":"Suno Not\u00edcias","article_publisher":"https:\/\/facebook.com\/sunoresearch","og_image":[{"width":600,"height":412,"url":"https:\/\/files.sunoresearch.com.br\/n\/uploads\/2018\/10\/114c489c-jos\u00e9-seripieri-filho.jpg","type":"image\/jpeg"}],"author":"Arthur Guimar\u00e3es","twitter_card":"summary_large_image","twitter_creator":"@sunoresearch","twitter_site":"@sunoresearch","twitter_misc":{"Escrito por":"Arthur Guimar\u00e3es","Est. tempo de leitura":"2 minutos"},"schema":{"@context":"https:\/\/schema.org","@graph":[{"@type":"NewsArticle","@id":"https:\/\/www.suno.com.br\/noticias\/ex-presidente-qualicorp-qual3-delacao-pgr\/#article","isPartOf":{"@id":"https:\/\/www.suno.com.br\/noticias\/ex-presidente-qualicorp-qual3-delacao-pgr\/"},"author":{"name":"Arthur Guimar\u00e3es","@id":"https:\/\/www.suno.com.br\/noticias\/#\/schema\/person\/053a750a709a263919a20f976caae91c"},"headline":"Qualicorp (QUAL3): ex-presidente assina dela\u00e7\u00e3o com PGR","datePublished":"2020-11-27T00:12:08+00:00","dateModified":"2021-06-24T17:52:49+00:00","mainEntityOfPage":{"@id":"https:\/\/www.suno.com.br\/noticias\/ex-presidente-qualicorp-qual3-delacao-pgr\/"},"wordCount":370,"publisher":{"@id":"https:\/\/www.suno.com.br\/noticias\/#organization"},"image":{"@id":"https:\/\/www.suno.com.br\/noticias\/ex-presidente-qualicorp-qual3-delacao-pgr\/#primaryimage"},"thumbnailUrl":"https:\/\/files.sunoresearch.com.br\/n\/uploads\/2018\/10\/114c489c-jos\u00e9-seripieri-filho-jpg.webp","keywords":["dela\u00e7\u00e3o premiada","Jos\u00e9 Seripieri Filho","Procuradoria-Geral da Rep\u00fablica (PGR)","Qualicorp (QUAL3)"],"articleSection":["Neg\u00f3cios"],"inLanguage":"pt-BR"},{"@type":"WebPage","@id":"https:\/\/www.suno.com.br\/noticias\/ex-presidente-qualicorp-qual3-delacao-pgr\/","url":"https:\/\/www.suno.com.br\/noticias\/ex-presidente-qualicorp-qual3-delacao-pgr\/","name":"Qualicorp (QUAL3): ex-presidente assina dela\u00e7\u00e3o com PGR","isPartOf":{"@id":"https:\/\/www.suno.com.br\/noticias\/#website"},"primaryImageOfPage":{"@id":"https:\/\/www.suno.com.br\/noticias\/ex-presidente-qualicorp-qual3-delacao-pgr\/#primaryimage"},"image":{"@id":"https:\/\/www.suno.com.br\/noticias\/ex-presidente-qualicorp-qual3-delacao-pgr\/#primaryimage"},"thumbnailUrl":"https:\/\/files.sunoresearch.com.br\/n\/uploads\/2018\/10\/114c489c-jos\u00e9-seripieri-filho-jpg.webp","datePublished":"2020-11-27T00:12:08+00:00","dateModified":"2021-06-24T17:52:49+00:00","description":"O fundador e ex-presidente da Qualicorp (QUAL3) assinou um acordo de dela\u00e7\u00e3o premiada junto \u00e0 PGR. Clique para saber mais","breadcrumb":{"@id":"https:\/\/www.suno.com.br\/noticias\/ex-presidente-qualicorp-qual3-delacao-pgr\/#breadcrumb"},"inLanguage":"pt-BR","potentialAction":[{"@type":"ReadAction","target":["https:\/\/www.suno.com.br\/noticias\/ex-presidente-qualicorp-qual3-delacao-pgr\/"]}]},{"@type":"ImageObject","inLanguage":"pt-BR","@id":"https:\/\/www.suno.com.br\/noticias\/ex-presidente-qualicorp-qual3-delacao-pgr\/#primaryimage","url":"https:\/\/files.sunoresearch.com.br\/n\/uploads\/2018\/10\/114c489c-jos\u00e9-seripieri-filho-jpg.webp","contentUrl":"https:\/\/files.sunoresearch.com.br\/n\/uploads\/2018\/10\/114c489c-jos\u00e9-seripieri-filho-jpg.webp","width":600,"height":412,"caption":"Jos\u00e9 Seripieri, fundador da Qualicorp (QUAL3)"},{"@type":"BreadcrumbList","@id":"https:\/\/www.suno.com.br\/noticias\/ex-presidente-qualicorp-qual3-delacao-pgr\/#breadcrumb","itemListElement":[{"@type":"ListItem","position":1,"name":"Not\u00edcias","item":"https:\/\/www.suno.com.br\/noticias\/"},{"@type":"ListItem","position":2,"name":"Neg\u00f3cios","item":"https:\/\/www.suno.com.br\/noticias\/negocios\/"},{"@type":"ListItem","position":3,"name":"Qualicorp (QUAL3): ex-presidente assina dela\u00e7\u00e3o com PGR"}]},{"@type":"WebSite","@id":"https:\/\/www.suno.com.br\/noticias\/#website","url":"https:\/\/www.suno.com.br\/noticias\/","name":"Suno Not\u00edcias","description":"Seu portal de informa\u00e7\u00e3o sobre o mundo dos investimentos","publisher":{"@id":"https:\/\/www.suno.com.br\/noticias\/#organization"},"potentialAction":[{"@type":"SearchAction","target":{"@type":"EntryPoint","urlTemplate":"https:\/\/www.suno.com.br\/noticias\/?s={search_term_string}"},"query-input":{"@type":"PropertyValueSpecification","valueRequired":true,"valueName":"search_term_string"}}],"inLanguage":"pt-BR"},{"@type":"Organization","@id":"https:\/\/www.suno.com.br\/noticias\/#organization","name":"Suno Not\u00edcias","url":"https:\/\/www.suno.com.br\/noticias\/","logo":{"@type":"ImageObject","inLanguage":"pt-BR","@id":"https:\/\/www.suno.com.br\/noticias\/#\/schema\/logo\/image\/","url":"https:\/\/files.sunoresearch.com.br\/n\/uploads\/2021\/09\/suno-logo.png","contentUrl":"https:\/\/files.sunoresearch.com.br\/n\/uploads\/2021\/09\/suno-logo.png","width":180,"height":180,"caption":"Suno Not\u00edcias"},"image":{"@id":"https:\/\/www.suno.com.br\/noticias\/#\/schema\/logo\/image\/"},"sameAs":["https:\/\/facebook.com\/sunoresearch","https:\/\/x.com\/sunoresearch","https:\/\/www.instagram.com\/suno","https:\/\/www.linkedin.com\/company\/suno-research\/","https:\/\/www.youtube.com\/c\/sunoresearch"]},{"@type":"Person","@id":"https:\/\/www.suno.com.br\/noticias\/#\/schema\/person\/053a750a709a263919a20f976caae91c","name":"Arthur Guimar\u00e3es","image":{"@type":"ImageObject","inLanguage":"pt-BR","@id":"https:\/\/www.suno.com.br\/noticias\/#\/schema\/person\/image\/","url":"https:\/\/secure.gravatar.com\/avatar\/1affd86a11209ae09eb6dd3bcad3e96c?s=96&r=g","contentUrl":"https:\/\/secure.gravatar.com\/avatar\/1affd86a11209ae09eb6dd3bcad3e96c?s=96&r=g","caption":"Arthur Guimar\u00e3es"},"description":"Arthur Guimar\u00e3es escreve sobre pol\u00edtica, economia e neg\u00f3cios para o portal de not\u00edcias da Suno Research. Atualmente, \u00e9 estudante de jornalismo pela Faculdade C\u00e1sper L\u00edbero.","url":"https:\/\/www.suno.com.br\/noticias\/author\/arthur-guimaraes\/"}]}},"default_loop_html":"<div class=\"cardsPage__listCard__boxs\"><div class=\"cardsPage__listCard__boxs__img\"><a href=\"https:\/\/www.suno.com.br\/noticias\/ex-presidente-qualicorp-qual3-delacao-pgr\/\"><img class=\"mask\" src=\"https:\/\/www.suno.com.br\/noticias\/wp-content\/themes\/suno\/resources\/images\/spotlight\/spotlight1img\/bg-mask.png\" alt=\"Image Mask\"\/><img src=\"https:\/\/files.sunoresearch.com.br\/n\/uploads\/2018\/10\/114c489c-jos\u00e9-seripieri-filho-400x200.webp\" alt=\"Qualicorp (QUAL3): ex-presidente assina dela\u00e7\u00e3o com PGR\"\/><\/a><span class=\"spotlightCategory\"><a href=\"https:\/\/www.suno.com.br\/noticias\/negocios\/\">Neg\u00f3cios<\/a><\/span><\/div><div class=\"cardsPage__listCard__boxs__content\"><a href=\"https:\/\/www.suno.com.br\/noticias\/ex-presidente-qualicorp-qual3-delacao-pgr\/\"><h2 class=\"content__title\">Qualicorp (QUAL3): ex-presidente assina dela\u00e7\u00e3o com PGR<\/h2><\/a><div class=\"newsContent__article__meta\"><div class=\"newsContent__article__meta__authorBox\"><a href=\"https:\/\/www.suno.com.br\/noticias\/author\/arthur-guimaraes\/\" class=\"authorBox__avatar noMobi\"><img src=\"https:\/\/files.sunoresearch.com.br\/n\/uploads\/2020\/02\/dfb40897-eu-150x150.webp\" alt=\"Arthur Guimar\u00e3es\"><\/a><div class=\"authorBox__name\"><span>por\n\t\t\t<a href=\"https:\/\/www.suno.com.br\/noticias\/author\/arthur-guimaraes\/\"><span itemprop=\"author\">Arthur Guimar\u00e3es<\/span><\/a><\/span><time datetime=\"2020-11-26T21:12:08-03:00\" itemprop=\"datePublished\">26\/11\/2020 21:12<\/time><\/div><\/div><\/div><\/div><\/div>","single_layout":"posts","amp_enabled":true,"_links":{"self":[{"href":"https:\/\/www.suno.com.br\/noticias\/wp-json\/wp\/v2\/posts\/103634"}],"collection":[{"href":"https:\/\/www.suno.com.br\/noticias\/wp-json\/wp\/v2\/posts"}],"about":[{"href":"https:\/\/www.suno.com.br\/noticias\/wp-json\/wp\/v2\/types\/post"}],"author":[{"embeddable":true,"href":"https:\/\/www.suno.com.br\/noticias\/wp-json\/wp\/v2\/users\/35"}],"replies":[{"embeddable":true,"href":"https:\/\/www.suno.com.br\/noticias\/wp-json\/wp\/v2\/comments?post=103634"}],"version-history":[{"count":1,"href":"https:\/\/www.suno.com.br\/noticias\/wp-json\/wp\/v2\/posts\/103634\/revisions"}],"predecessor-version":[{"id":160966,"href":"https:\/\/www.suno.com.br\/noticias\/wp-json\/wp\/v2\/posts\/103634\/revisions\/160966"}],"wp:featuredmedia":[{"embeddable":true,"href":"https:\/\/www.suno.com.br\/noticias\/wp-json\/wp\/v2\/media\/5043"}],"wp:attachment":[{"href":"https:\/\/www.suno.com.br\/noticias\/wp-json\/wp\/v2\/media?parent=103634"}],"wp:term":[{"taxonomy":"category","embeddable":true,"href":"https:\/\/www.suno.com.br\/noticias\/wp-json\/wp\/v2\/categories?post=103634"},{"taxonomy":"post_tag","embeddable":true,"href":"https:\/\/www.suno.com.br\/noticias\/wp-json\/wp\/v2\/tags?post=103634"},{"taxonomy":"suno_strategy","embeddable":true,"href":"https:\/\/www.suno.com.br\/noticias\/wp-json\/wp\/v2\/suno_strategy?post=103634"}],"curies":[{"name":"wp","href":"https:\/\/api.w.org\/{rel}","templated":true}]}}