{"id":103523,"date":"2020-11-26T17:31:10","date_gmt":"2020-11-26T20:31:10","guid":{"rendered":"https:\/\/www.suno.com.br\/noticias\/?p=103523"},"modified":"2020-11-26T17:31:10","modified_gmt":"2020-11-26T20:31:10","slug":"ubs-preve-imunidade-rebanho-2021","status":"publish","type":"post","link":"https:\/\/www.suno.com.br\/noticias\/ubs-preve-imunidade-rebanho-2021\/","title":{"rendered":"UBS prev\u00ea imunidade de rebanho para popula\u00e7\u00e3o global at\u00e9 final de 2021"},"content":{"rendered":"<p>O banco su\u00ed\u00e7o UBS comunicou nesta quinta-feira (26) sua previs\u00e3o sobre a <strong>imunidade de rebanho<\/strong> contra o novo coronav\u00edrus (covid-19) que dever\u00e1 ser alcan\u00e7ada j\u00e1 no ano que vem.<\/p>\t<div class=\"wrapper-featured-image\">\n\t\t<figure class=\"spotlightImg\">\n\n\t\t\t<picture>\n\t\t\t\t<source media=\"(max-width: 768px)\" srcset=\"https:\/\/files.sunoresearch.com.br\/n\/uploads\/2020\/11\/552411db-ubs-400x200.webp\">\n\t\t\t\t<img loading=\"lazy\" decoding=\"async\" class=\"newsContent__article__imgCapa lazyloadDisabled \" src=\"https:\/\/files.sunoresearch.com.br\/n\/uploads\/2020\/11\/552411db-ubs-jpg.webp\" width=\"800\" height=\"450\" alt=\"UBS prev\u00ea imunidade de rebanho para popula\u00e7\u00e3o global at\u00e9 final de 2021\" fetchpriority=high \/>\n\t\t\t<\/picture>\n\n\t\t\t<figcaption class=\"wp-caption-text wp-caption-text--show\">UBS. Foto: Divulga\u00e7\u00e3o<\/figcaption>\n\t\t<\/figure>\n\t<\/div>\n\n\n\t<p>\n\t\t<a href=\"https:\/\/lp.suno.com.br\/planilha-controle-gastos\/\" target=\"_blank\" data-element=\"shortcode-suno-banner\" title=\"Banner SUNO, clique e saiba mais\">\n\t\t\t<picture>\n\t\t\t\t<source media=\"(max-width: 500px)\" srcset=\"https:\/\/files.sunoresearch.com.br\/n\/uploads\/2023\/03\/400x300-Planilha-controle-de-gastos.png\">\n\t\t\t\t<img class=\"newsContent__article__imgCapa newsContent__article__imgCapa--banner\"\n\t\t\t\t\tsrc=\"https:\/\/files.sunoresearch.com.br\/n\/uploads\/2023\/03\/1420x240-Planilha-controle-de-gastos.png\"\n\t\t\t\t\tdata-promo-id=\"101751\"\t\t\t\t\t\t\t\t\t\twidth='1420' height='240'\t\t\t\t\talt=\"https:\/\/files.sunoresearch.com.br\/n\/uploads\/2023\/03\/1420x240-Planilha-controle-de-gastos.png\"\n\t\t\t\t>\n\t\t\t<\/picture>\n\t\t<\/a>\n\t<\/p>\n\n\n<p>Em seu relat\u00f3rio &#8220;Perspectivas Econ\u00f4micas Globais&#8221;, o UBS projetou que &#8220;a imunidade de rebanho efetiva dever\u00e1 ser alcan\u00e7ada no final de 2021&#8221;.<\/p>\n<p>&#8220;Nossa linha de base tem sido para que novos casos de v\u00edrus globais comecem a cair drasticamente na segunda metade de 2021, dependendo de cerca de um quarto da popula\u00e7\u00e3o global ser inoculada no pr\u00f3ximo ano. Nosso &#8216;cen\u00e1rio de vacina otimista&#8217; teve uma queda ainda mais r\u00e1pida na contagem de v\u00edrus (um decl\u00ednio vis\u00edvel em meados do ano) com imunidade de rebanho efetiva alcan\u00e7ada no final de 2021&#8221;, informa o documento do banco.<\/p>\n\t<p>\n\t\t<a href=\"https:\/\/lp.suno.com.br\/planilha-controle-gastos\/\" target=\"_blank\" data-element=\"shortcode-suno-banner\" title=\"Banner SUNO, clique e saiba mais\">\n\t\t\t<picture>\n\t\t\t\t<source media=\"(max-width: 500px)\" srcset=\"https:\/\/files.sunoresearch.com.br\/n\/uploads\/2023\/03\/400x300-Planilha-controle-de-gastos.png\">\n\t\t\t\t<img class=\"newsContent__article__imgCapa newsContent__article__imgCapa--banner\"\n\t\t\t\t\tsrc=\"https:\/\/files.sunoresearch.com.br\/n\/uploads\/2023\/03\/1420x240-Planilha-controle-de-gastos.png\"\n\t\t\t\t\tdata-promo-id=\"101751\"\t\t\t\t\t\t\t\t\t\twidth='1420' height='240'\t\t\t\t\talt=\"https:\/\/files.sunoresearch.com.br\/n\/uploads\/2023\/03\/1420x240-Planilha-controle-de-gastos.png\"\n\t\t\t\t>\n\t\t\t<\/picture>\n\t\t<\/a>\n\t<\/p>\n\n\n<p>Segundo o cen\u00e1rio do UBS, 35% da popula\u00e7\u00e3o global estaria imune por vacina\u00e7\u00e3o (o total n\u00famero de vacinados seria maior, mas as taxas de efic\u00e1cia foram multiplicadas).<\/p>\n<p>As vacinas da <strong>Pfizer<\/strong> e da <strong>Moderna<\/strong> imunizariam cerca de 15% da popula\u00e7\u00e3o global &#8211; com base em seus compromissos de produ\u00e7\u00e3o em 2021 &#8211; e as da <strong>AstraZeneca<\/strong> outros 24% da popula\u00e7\u00e3o (cerca de 3 bilh\u00f5es de doses produzidas).<\/p>\n<p>Somando a esse c\u00e1lculo os que j\u00e1 tiveram o v\u00edrus ou s\u00e3o assintom\u00e1ticos, o UBS prev\u00ea que o mundo chegar\u00e1 bem perto de uma imunidade de rebanho efetiva no final de 21.<\/p>\n<h2>UBS eleva maior PIB global em 2021 em vista de imunidade de rebanho<\/h2>\n<p>Na base dessa previs\u00e3o, e das novidades apresentadas pelas vacinas, o UBS elevou a proje\u00e7\u00e3o de crescimento do <a href=\"https:\/\/www.suno.com.br\/artigos\/pib-produto-interno-bruto\/\">Produto Interno Bruto (PIB) global<\/a> para 2021 de 5,3% para 6,1%, e para 2022 de 4,1% para 4,9%.<\/p>\n<p>Segundo o UBS, al\u00e9m da imunidade de rebanho, os investidores j\u00e1 previam uma forte melhora no crescimento e nos ganhos devido \u00e0 vacina.<\/p>\n\t<div data-element=\"shortcode-read-more\" class=\"knowMore\">\n\t\t\t\t<span class=\"knowMore__title\">Saiba mais<\/span>\n\t\t\t\t<a class=\"knowMore__link\" href=\"https:\/\/www.suno.com.br\/noticias\/novo-normal-dividas-globais\/\">\n\t\t\tO novo normal da d\u00edvidas globais: quatro vezes o PIB do mundo\t\t<\/a>\n\t<\/div>\n\n\n<p>A proje\u00e7\u00e3o vem em linha com recente relat\u00f3rio divulgado pela ag\u00eancia de classifica\u00e7\u00e3o de riscos Moody&#8217;s, que indicou um <a href=\"https:\/\/www.suno.com.br\/noticias\/vacina-coronavirus-moodys-vacinacao-massa-pib\/\">potencial significativo<\/a> para melhora das proje\u00e7\u00f5es de crescimento do PIB global em um cen\u00e1rio de vacina\u00e7\u00e3o em massa.<\/p>\n<p>Com ou sem <strong>imunidade de rebanho <\/strong>\u00e0 vista para o pr\u00f3ximo ano, o certo \u00e9 que especialistas j\u00e1 come\u00e7aram a precificar as recentes not\u00edcias positivas sobre a efici\u00eancia das vacinas e os efeitos que a distribui\u00e7\u00e3o dos imunizantes poderia ter sobre a economia mundial.<\/p>\n\t<p>\n\t\t<a href=\"https:\/\/lp.suno.com.br\/planilha-de-controle-de-investimentos\/\" target=\"_blank\" data-element=\"shortcode-suno-banner\" title=\"Banner SUNO, clique e saiba mais\">\n\t\t\t<picture>\n\t\t\t\t<source media=\"(max-width: 500px)\" srcset=\"https:\/\/files.sunoresearch.com.br\/n\/uploads\/2023\/03\/400x300-Controle-de-Investimentos.png\">\n\t\t\t\t<img class=\"newsContent__article__imgCapa newsContent__article__imgCapa--banner\"\n\t\t\t\t\tsrc=\"https:\/\/files.sunoresearch.com.br\/n\/uploads\/2023\/03\/1420x240-Controle-de-Investimentos.png\"\n\t\t\t\t\tdata-promo-id=\"75934\"\t\t\t\t\t\t\t\t\t\twidth='1420' height='240'\t\t\t\t\talt=\"https:\/\/files.sunoresearch.com.br\/n\/uploads\/2023\/03\/1420x240-Controle-de-Investimentos.png\"\n\t\t\t\t>\n\t\t\t<\/picture>\n\t\t<\/a>\n\t<\/p>\n\n\n","protected":false},"excerpt":{"rendered":"<p>O banco su\u00ed\u00e7o UBS comunicou nesta quinta-feira (26) sua previs\u00e3o sobre a imunidade de rebanho contra o novo coronav\u00edrus (covid-19) que dever\u00e1 ser alcan\u00e7ada j\u00e1 no ano que vem. UBS. Foto: Divulga\u00e7\u00e3o Em seu relat\u00f3rio &#8220;Perspectivas Econ\u00f4micas Globais&#8221;, o UBS projetou que &#8220;a imunidade de rebanho efetiva dever\u00e1 ser alcan\u00e7ada no final de 2021&#8221;. &#8220;Nossa [&hellip;]<\/p>\n","protected":false},"author":9,"featured_media":103535,"comment_status":"closed","ping_status":"closed","sticky":false,"template":"","format":"standard","meta":[],"categories":[63],"tags":[2487,747],"suno_strategy":[],"class_list":["post-103523","post","type-post","status-publish","format-standard","has-post-thumbnail","hentry","category-internacional","tag-coronavirus","tag-ubs-ubsg34"],"yoast_head":"<!-- This site is optimized with the Yoast SEO plugin v24.4 - https:\/\/yoast.com\/wordpress\/plugins\/seo\/ -->\n<title>UBS prev\u00ea imunidade de rebanho para popula\u00e7\u00e3o global at\u00e9 final de 2021<\/title>\n<meta name=\"description\" content=\"O banco su\u00ed\u00e7o UBS projetou que &quot;a imunidade de rebanho efetiva dever\u00e1 ser alcan\u00e7ada no final de 2021&quot;. Clique para saber mais\" \/>\n<meta name=\"robots\" content=\"index, follow, max-snippet:-1, max-image-preview:large, max-video-preview:-1\" \/>\n<link rel=\"canonical\" href=\"https:\/\/www.suno.com.br\/noticias\/ubs-preve-imunidade-rebanho-2021\/\" \/>\n<meta property=\"og:locale\" content=\"pt_BR\" \/>\n<meta property=\"og:type\" content=\"article\" \/>\n<meta property=\"og:title\" content=\"UBS prev\u00ea imunidade de rebanho para popula\u00e7\u00e3o global at\u00e9 final de 2021\" \/>\n<meta property=\"og:description\" content=\"O banco su\u00ed\u00e7o UBS projetou que &quot;a imunidade de rebanho efetiva dever\u00e1 ser alcan\u00e7ada no final de 2021&quot;. Clique para saber mais\" \/>\n<meta property=\"og:url\" content=\"https:\/\/www.suno.com.br\/noticias\/ubs-preve-imunidade-rebanho-2021\/\" \/>\n<meta property=\"og:site_name\" content=\"Suno Not\u00edcias\" \/>\n<meta property=\"article:publisher\" content=\"https:\/\/facebook.com\/sunoresearch\" \/>\n<meta property=\"og:image\" content=\"https:\/\/files.sunoresearch.com.br\/n\/uploads\/2020\/11\/552411db-ubs.jpg\" \/>\n\t<meta property=\"og:image:width\" content=\"570\" \/>\n\t<meta property=\"og:image:height\" content=\"380\" \/>\n\t<meta property=\"og:image:type\" content=\"image\/jpeg\" \/>\n<meta name=\"author\" content=\"Carlo Cauti\" \/>\n<meta name=\"twitter:card\" content=\"summary_large_image\" \/>\n<meta name=\"twitter:creator\" content=\"@sunoresearch\" \/>\n<meta name=\"twitter:site\" content=\"@sunoresearch\" \/>\n<meta name=\"twitter:label1\" content=\"Escrito por\" \/>\n\t<meta name=\"twitter:data1\" content=\"Carlo Cauti\" \/>\n\t<meta name=\"twitter:label2\" content=\"Est. tempo de leitura\" \/>\n\t<meta name=\"twitter:data2\" content=\"2 minutos\" \/>\n<script type=\"application\/ld+json\" class=\"yoast-schema-graph\">{\"@context\":\"https:\/\/schema.org\",\"@graph\":[{\"@type\":\"NewsArticle\",\"@id\":\"https:\/\/www.suno.com.br\/noticias\/ubs-preve-imunidade-rebanho-2021\/#article\",\"isPartOf\":{\"@id\":\"https:\/\/www.suno.com.br\/noticias\/ubs-preve-imunidade-rebanho-2021\/\"},\"author\":{\"name\":\"Carlo Cauti\",\"@id\":\"https:\/\/www.suno.com.br\/noticias\/#\/schema\/person\/e6e0f723cc177805027f4566c1d5e0c8\"},\"headline\":\"UBS prev\u00ea imunidade de rebanho para popula\u00e7\u00e3o global at\u00e9 final de 2021\",\"datePublished\":\"2020-11-26T20:31:10+00:00\",\"mainEntityOfPage\":{\"@id\":\"https:\/\/www.suno.com.br\/noticias\/ubs-preve-imunidade-rebanho-2021\/\"},\"wordCount\":429,\"publisher\":{\"@id\":\"https:\/\/www.suno.com.br\/noticias\/#organization\"},\"image\":{\"@id\":\"https:\/\/www.suno.com.br\/noticias\/ubs-preve-imunidade-rebanho-2021\/#primaryimage\"},\"thumbnailUrl\":\"https:\/\/files.sunoresearch.com.br\/n\/uploads\/2020\/11\/552411db-ubs-jpg.webp\",\"keywords\":[\"coronav\u00edrus\",\"UBS (UBSG34)\"],\"articleSection\":[\"Internacional\"],\"inLanguage\":\"pt-BR\"},{\"@type\":\"WebPage\",\"@id\":\"https:\/\/www.suno.com.br\/noticias\/ubs-preve-imunidade-rebanho-2021\/\",\"url\":\"https:\/\/www.suno.com.br\/noticias\/ubs-preve-imunidade-rebanho-2021\/\",\"name\":\"UBS prev\u00ea imunidade de rebanho para popula\u00e7\u00e3o global at\u00e9 final de 2021\",\"isPartOf\":{\"@id\":\"https:\/\/www.suno.com.br\/noticias\/#website\"},\"primaryImageOfPage\":{\"@id\":\"https:\/\/www.suno.com.br\/noticias\/ubs-preve-imunidade-rebanho-2021\/#primaryimage\"},\"image\":{\"@id\":\"https:\/\/www.suno.com.br\/noticias\/ubs-preve-imunidade-rebanho-2021\/#primaryimage\"},\"thumbnailUrl\":\"https:\/\/files.sunoresearch.com.br\/n\/uploads\/2020\/11\/552411db-ubs-jpg.webp\",\"datePublished\":\"2020-11-26T20:31:10+00:00\",\"description\":\"O banco su\u00ed\u00e7o UBS projetou que \\\"a imunidade de rebanho efetiva dever\u00e1 ser alcan\u00e7ada no final de 2021\\\". Clique para saber mais\",\"breadcrumb\":{\"@id\":\"https:\/\/www.suno.com.br\/noticias\/ubs-preve-imunidade-rebanho-2021\/#breadcrumb\"},\"inLanguage\":\"pt-BR\",\"potentialAction\":[{\"@type\":\"ReadAction\",\"target\":[\"https:\/\/www.suno.com.br\/noticias\/ubs-preve-imunidade-rebanho-2021\/\"]}]},{\"@type\":\"ImageObject\",\"inLanguage\":\"pt-BR\",\"@id\":\"https:\/\/www.suno.com.br\/noticias\/ubs-preve-imunidade-rebanho-2021\/#primaryimage\",\"url\":\"https:\/\/files.sunoresearch.com.br\/n\/uploads\/2020\/11\/552411db-ubs-jpg.webp\",\"contentUrl\":\"https:\/\/files.sunoresearch.com.br\/n\/uploads\/2020\/11\/552411db-ubs-jpg.webp\",\"width\":570,\"height\":380,\"caption\":\"UBS. Foto: Divulga\u00e7\u00e3o\"},{\"@type\":\"BreadcrumbList\",\"@id\":\"https:\/\/www.suno.com.br\/noticias\/ubs-preve-imunidade-rebanho-2021\/#breadcrumb\",\"itemListElement\":[{\"@type\":\"ListItem\",\"position\":1,\"name\":\"Not\u00edcias\",\"item\":\"https:\/\/www.suno.com.br\/noticias\/\"},{\"@type\":\"ListItem\",\"position\":2,\"name\":\"Internacional\",\"item\":\"https:\/\/www.suno.com.br\/noticias\/internacional\/\"},{\"@type\":\"ListItem\",\"position\":3,\"name\":\"UBS prev\u00ea imunidade de rebanho para popula\u00e7\u00e3o global at\u00e9 final de 2021\"}]},{\"@type\":\"WebSite\",\"@id\":\"https:\/\/www.suno.com.br\/noticias\/#website\",\"url\":\"https:\/\/www.suno.com.br\/noticias\/\",\"name\":\"Suno Not\u00edcias\",\"description\":\"Seu portal de informa\u00e7\u00e3o sobre o mundo dos investimentos\",\"publisher\":{\"@id\":\"https:\/\/www.suno.com.br\/noticias\/#organization\"},\"potentialAction\":[{\"@type\":\"SearchAction\",\"target\":{\"@type\":\"EntryPoint\",\"urlTemplate\":\"https:\/\/www.suno.com.br\/noticias\/?s={search_term_string}\"},\"query-input\":{\"@type\":\"PropertyValueSpecification\",\"valueRequired\":true,\"valueName\":\"search_term_string\"}}],\"inLanguage\":\"pt-BR\"},{\"@type\":\"Organization\",\"@id\":\"https:\/\/www.suno.com.br\/noticias\/#organization\",\"name\":\"Suno Not\u00edcias\",\"url\":\"https:\/\/www.suno.com.br\/noticias\/\",\"logo\":{\"@type\":\"ImageObject\",\"inLanguage\":\"pt-BR\",\"@id\":\"https:\/\/www.suno.com.br\/noticias\/#\/schema\/logo\/image\/\",\"url\":\"https:\/\/files.sunoresearch.com.br\/n\/uploads\/2021\/09\/suno-logo.png\",\"contentUrl\":\"https:\/\/files.sunoresearch.com.br\/n\/uploads\/2021\/09\/suno-logo.png\",\"width\":180,\"height\":180,\"caption\":\"Suno Not\u00edcias\"},\"image\":{\"@id\":\"https:\/\/www.suno.com.br\/noticias\/#\/schema\/logo\/image\/\"},\"sameAs\":[\"https:\/\/facebook.com\/sunoresearch\",\"https:\/\/x.com\/sunoresearch\",\"https:\/\/www.instagram.com\/suno\",\"https:\/\/www.linkedin.com\/company\/suno-research\/\",\"https:\/\/www.youtube.com\/c\/sunoresearch\"]},{\"@type\":\"Person\",\"@id\":\"https:\/\/www.suno.com.br\/noticias\/#\/schema\/person\/e6e0f723cc177805027f4566c1d5e0c8\",\"name\":\"Carlo Cauti\",\"image\":{\"@type\":\"ImageObject\",\"inLanguage\":\"pt-BR\",\"@id\":\"https:\/\/www.suno.com.br\/noticias\/#\/schema\/person\/image\/\",\"url\":\"https:\/\/secure.gravatar.com\/avatar\/3ada9e0bd164c23abd4792a9606d583c?s=96&r=g\",\"contentUrl\":\"https:\/\/secure.gravatar.com\/avatar\/3ada9e0bd164c23abd4792a9606d583c?s=96&r=g\",\"caption\":\"Carlo Cauti\"},\"description\":\"Editor multim\u00eddia do SUNO Not\u00edcias. Italiano, formado em Ci\u00eancias Pol\u00edticas pela universidade LUISS G. Carli de Roma e mestre cum laude em Rela\u00e7\u00f5es Internacionais, Jornalismo Internacional e de Guerra e em Economia Internacional. Concluiu tamb\u00e9m um MBA em Finan\u00e7as na B3. No Brasil, teve passagem por ve\u00edculos como Estad\u00e3o, Globo, Veja e EXAME. e nas ag\u00eancias de not\u00edcias italianas ANSA e NOVA.\",\"url\":\"https:\/\/www.suno.com.br\/noticias\/author\/carlo-cauti\/\"}]}<\/script>\n<!-- \/ Yoast SEO plugin. -->","yoast_head_json":{"title":"UBS prev\u00ea imunidade de rebanho para popula\u00e7\u00e3o global at\u00e9 final de 2021","description":"O banco su\u00ed\u00e7o UBS projetou que \"a imunidade de rebanho efetiva dever\u00e1 ser alcan\u00e7ada no final de 2021\". Clique para saber mais","robots":{"index":"index","follow":"follow","max-snippet":"max-snippet:-1","max-image-preview":"max-image-preview:large","max-video-preview":"max-video-preview:-1"},"canonical":"https:\/\/www.suno.com.br\/noticias\/ubs-preve-imunidade-rebanho-2021\/","og_locale":"pt_BR","og_type":"article","og_title":"UBS prev\u00ea imunidade de rebanho para popula\u00e7\u00e3o global at\u00e9 final de 2021","og_description":"O banco su\u00ed\u00e7o UBS projetou que \"a imunidade de rebanho efetiva dever\u00e1 ser alcan\u00e7ada no final de 2021\". Clique para saber mais","og_url":"https:\/\/www.suno.com.br\/noticias\/ubs-preve-imunidade-rebanho-2021\/","og_site_name":"Suno Not\u00edcias","article_publisher":"https:\/\/facebook.com\/sunoresearch","og_image":[{"width":570,"height":380,"url":"https:\/\/files.sunoresearch.com.br\/n\/uploads\/2020\/11\/552411db-ubs.jpg","type":"image\/jpeg"}],"author":"Carlo Cauti","twitter_card":"summary_large_image","twitter_creator":"@sunoresearch","twitter_site":"@sunoresearch","twitter_misc":{"Escrito por":"Carlo Cauti","Est. tempo de leitura":"2 minutos"},"schema":{"@context":"https:\/\/schema.org","@graph":[{"@type":"NewsArticle","@id":"https:\/\/www.suno.com.br\/noticias\/ubs-preve-imunidade-rebanho-2021\/#article","isPartOf":{"@id":"https:\/\/www.suno.com.br\/noticias\/ubs-preve-imunidade-rebanho-2021\/"},"author":{"name":"Carlo Cauti","@id":"https:\/\/www.suno.com.br\/noticias\/#\/schema\/person\/e6e0f723cc177805027f4566c1d5e0c8"},"headline":"UBS prev\u00ea imunidade de rebanho para popula\u00e7\u00e3o global at\u00e9 final de 2021","datePublished":"2020-11-26T20:31:10+00:00","mainEntityOfPage":{"@id":"https:\/\/www.suno.com.br\/noticias\/ubs-preve-imunidade-rebanho-2021\/"},"wordCount":429,"publisher":{"@id":"https:\/\/www.suno.com.br\/noticias\/#organization"},"image":{"@id":"https:\/\/www.suno.com.br\/noticias\/ubs-preve-imunidade-rebanho-2021\/#primaryimage"},"thumbnailUrl":"https:\/\/files.sunoresearch.com.br\/n\/uploads\/2020\/11\/552411db-ubs-jpg.webp","keywords":["coronav\u00edrus","UBS (UBSG34)"],"articleSection":["Internacional"],"inLanguage":"pt-BR"},{"@type":"WebPage","@id":"https:\/\/www.suno.com.br\/noticias\/ubs-preve-imunidade-rebanho-2021\/","url":"https:\/\/www.suno.com.br\/noticias\/ubs-preve-imunidade-rebanho-2021\/","name":"UBS prev\u00ea imunidade de rebanho para popula\u00e7\u00e3o global at\u00e9 final de 2021","isPartOf":{"@id":"https:\/\/www.suno.com.br\/noticias\/#website"},"primaryImageOfPage":{"@id":"https:\/\/www.suno.com.br\/noticias\/ubs-preve-imunidade-rebanho-2021\/#primaryimage"},"image":{"@id":"https:\/\/www.suno.com.br\/noticias\/ubs-preve-imunidade-rebanho-2021\/#primaryimage"},"thumbnailUrl":"https:\/\/files.sunoresearch.com.br\/n\/uploads\/2020\/11\/552411db-ubs-jpg.webp","datePublished":"2020-11-26T20:31:10+00:00","description":"O banco su\u00ed\u00e7o UBS projetou que \"a imunidade de rebanho efetiva dever\u00e1 ser alcan\u00e7ada no final de 2021\". Clique para saber mais","breadcrumb":{"@id":"https:\/\/www.suno.com.br\/noticias\/ubs-preve-imunidade-rebanho-2021\/#breadcrumb"},"inLanguage":"pt-BR","potentialAction":[{"@type":"ReadAction","target":["https:\/\/www.suno.com.br\/noticias\/ubs-preve-imunidade-rebanho-2021\/"]}]},{"@type":"ImageObject","inLanguage":"pt-BR","@id":"https:\/\/www.suno.com.br\/noticias\/ubs-preve-imunidade-rebanho-2021\/#primaryimage","url":"https:\/\/files.sunoresearch.com.br\/n\/uploads\/2020\/11\/552411db-ubs-jpg.webp","contentUrl":"https:\/\/files.sunoresearch.com.br\/n\/uploads\/2020\/11\/552411db-ubs-jpg.webp","width":570,"height":380,"caption":"UBS. Foto: Divulga\u00e7\u00e3o"},{"@type":"BreadcrumbList","@id":"https:\/\/www.suno.com.br\/noticias\/ubs-preve-imunidade-rebanho-2021\/#breadcrumb","itemListElement":[{"@type":"ListItem","position":1,"name":"Not\u00edcias","item":"https:\/\/www.suno.com.br\/noticias\/"},{"@type":"ListItem","position":2,"name":"Internacional","item":"https:\/\/www.suno.com.br\/noticias\/internacional\/"},{"@type":"ListItem","position":3,"name":"UBS prev\u00ea imunidade de rebanho para popula\u00e7\u00e3o global at\u00e9 final de 2021"}]},{"@type":"WebSite","@id":"https:\/\/www.suno.com.br\/noticias\/#website","url":"https:\/\/www.suno.com.br\/noticias\/","name":"Suno Not\u00edcias","description":"Seu portal de informa\u00e7\u00e3o sobre o mundo dos investimentos","publisher":{"@id":"https:\/\/www.suno.com.br\/noticias\/#organization"},"potentialAction":[{"@type":"SearchAction","target":{"@type":"EntryPoint","urlTemplate":"https:\/\/www.suno.com.br\/noticias\/?s={search_term_string}"},"query-input":{"@type":"PropertyValueSpecification","valueRequired":true,"valueName":"search_term_string"}}],"inLanguage":"pt-BR"},{"@type":"Organization","@id":"https:\/\/www.suno.com.br\/noticias\/#organization","name":"Suno Not\u00edcias","url":"https:\/\/www.suno.com.br\/noticias\/","logo":{"@type":"ImageObject","inLanguage":"pt-BR","@id":"https:\/\/www.suno.com.br\/noticias\/#\/schema\/logo\/image\/","url":"https:\/\/files.sunoresearch.com.br\/n\/uploads\/2021\/09\/suno-logo.png","contentUrl":"https:\/\/files.sunoresearch.com.br\/n\/uploads\/2021\/09\/suno-logo.png","width":180,"height":180,"caption":"Suno Not\u00edcias"},"image":{"@id":"https:\/\/www.suno.com.br\/noticias\/#\/schema\/logo\/image\/"},"sameAs":["https:\/\/facebook.com\/sunoresearch","https:\/\/x.com\/sunoresearch","https:\/\/www.instagram.com\/suno","https:\/\/www.linkedin.com\/company\/suno-research\/","https:\/\/www.youtube.com\/c\/sunoresearch"]},{"@type":"Person","@id":"https:\/\/www.suno.com.br\/noticias\/#\/schema\/person\/e6e0f723cc177805027f4566c1d5e0c8","name":"Carlo Cauti","image":{"@type":"ImageObject","inLanguage":"pt-BR","@id":"https:\/\/www.suno.com.br\/noticias\/#\/schema\/person\/image\/","url":"https:\/\/secure.gravatar.com\/avatar\/3ada9e0bd164c23abd4792a9606d583c?s=96&r=g","contentUrl":"https:\/\/secure.gravatar.com\/avatar\/3ada9e0bd164c23abd4792a9606d583c?s=96&r=g","caption":"Carlo Cauti"},"description":"Editor multim\u00eddia do SUNO Not\u00edcias. Italiano, formado em Ci\u00eancias Pol\u00edticas pela universidade LUISS G. Carli de Roma e mestre cum laude em Rela\u00e7\u00f5es Internacionais, Jornalismo Internacional e de Guerra e em Economia Internacional. Concluiu tamb\u00e9m um MBA em Finan\u00e7as na B3. No Brasil, teve passagem por ve\u00edculos como Estad\u00e3o, Globo, Veja e EXAME. e nas ag\u00eancias de not\u00edcias italianas ANSA e NOVA.","url":"https:\/\/www.suno.com.br\/noticias\/author\/carlo-cauti\/"}]}},"default_loop_html":"<div class=\"cardsPage__listCard__boxs\"><div class=\"cardsPage__listCard__boxs__img\"><a href=\"https:\/\/www.suno.com.br\/noticias\/ubs-preve-imunidade-rebanho-2021\/\"><img class=\"mask\" src=\"https:\/\/www.suno.com.br\/noticias\/wp-content\/themes\/suno\/resources\/images\/spotlight\/spotlight1img\/bg-mask.png\" alt=\"Image Mask\"\/><img src=\"https:\/\/files.sunoresearch.com.br\/n\/uploads\/2020\/11\/552411db-ubs-400x200.webp\" alt=\"UBS prev\u00ea imunidade de rebanho para popula\u00e7\u00e3o global at\u00e9 final de 2021\"\/><\/a><span class=\"spotlightCategory\"><a href=\"https:\/\/www.suno.com.br\/noticias\/internacional\/\">Internacional<\/a><\/span><\/div><div class=\"cardsPage__listCard__boxs__content\"><a href=\"https:\/\/www.suno.com.br\/noticias\/ubs-preve-imunidade-rebanho-2021\/\"><h2 class=\"content__title\">UBS prev\u00ea imunidade de rebanho para popula\u00e7\u00e3o global at\u00e9 final de 2021<\/h2><\/a><div class=\"newsContent__article__meta\"><div class=\"newsContent__article__meta__authorBox\"><a href=\"https:\/\/www.suno.com.br\/noticias\/author\/carlo-cauti\/\" class=\"authorBox__avatar noMobi\"><img src=\"https:\/\/files.sunoresearch.com.br\/n\/uploads\/2020\/08\/e3745f9a-perfil-carlo-cauti-150x150.webp\" alt=\"Carlo Cauti\"><\/a><div class=\"authorBox__name\"><span>por\n\t\t\t<a href=\"https:\/\/www.suno.com.br\/noticias\/author\/carlo-cauti\/\"><span itemprop=\"author\">Carlo Cauti<\/span><\/a><\/span><time datetime=\"2020-11-26T17:31:10-03:00\" itemprop=\"datePublished\">26\/11\/2020 17:31<\/time><\/div><\/div><\/div><\/div><\/div>","single_layout":"posts","amp_enabled":true,"_links":{"self":[{"href":"https:\/\/www.suno.com.br\/noticias\/wp-json\/wp\/v2\/posts\/103523"}],"collection":[{"href":"https:\/\/www.suno.com.br\/noticias\/wp-json\/wp\/v2\/posts"}],"about":[{"href":"https:\/\/www.suno.com.br\/noticias\/wp-json\/wp\/v2\/types\/post"}],"author":[{"embeddable":true,"href":"https:\/\/www.suno.com.br\/noticias\/wp-json\/wp\/v2\/users\/9"}],"replies":[{"embeddable":true,"href":"https:\/\/www.suno.com.br\/noticias\/wp-json\/wp\/v2\/comments?post=103523"}],"version-history":[{"count":0,"href":"https:\/\/www.suno.com.br\/noticias\/wp-json\/wp\/v2\/posts\/103523\/revisions"}],"wp:featuredmedia":[{"embeddable":true,"href":"https:\/\/www.suno.com.br\/noticias\/wp-json\/wp\/v2\/media\/103535"}],"wp:attachment":[{"href":"https:\/\/www.suno.com.br\/noticias\/wp-json\/wp\/v2\/media?parent=103523"}],"wp:term":[{"taxonomy":"category","embeddable":true,"href":"https:\/\/www.suno.com.br\/noticias\/wp-json\/wp\/v2\/categories?post=103523"},{"taxonomy":"post_tag","embeddable":true,"href":"https:\/\/www.suno.com.br\/noticias\/wp-json\/wp\/v2\/tags?post=103523"},{"taxonomy":"suno_strategy","embeddable":true,"href":"https:\/\/www.suno.com.br\/noticias\/wp-json\/wp\/v2\/suno_strategy?post=103523"}],"curies":[{"name":"wp","href":"https:\/\/api.w.org\/{rel}","templated":true}]}}