{"id":103519,"date":"2020-11-26T19:10:15","date_gmt":"2020-11-26T22:10:15","guid":{"rendered":"https:\/\/www.suno.com.br\/noticias\/?p=103519"},"modified":"2021-02-17T22:24:00","modified_gmt":"2021-02-18T01:24:00","slug":"eua-governadores-novo-pacote-de-estimulos-a-economia","status":"publish","type":"post","link":"https:\/\/www.suno.com.br\/noticias\/eua-governadores-novo-pacote-de-estimulos-a-economia\/","title":{"rendered":"EUA: Governadores pedem novo pacote de est\u00edmulos \u00e0 economia"},"content":{"rendered":"<p>Governadores nos <strong>EUA<\/strong> est\u00e3o se unindo para pedir que a Casa Branca e o Congresso aprovem um novo pacote de est\u00edmulos \u00e0 economia do Pa\u00eds para apoiar pequenas empresas frente \u00e0 pandemia do novo <a href=\"https:\/\/www.suno.com.br\/noticias\/tags\/coronavirus\/\">coronav\u00edrus (Covid-19)<\/a>, segundo informou o &#8216;Dow Jones Newswires&#8217; nesta quinta-feira (26).<\/p>\t<div class=\"wrapper-featured-image\">\n\t\t<figure class=\"spotlightImg\">\n\n\t\t\t<picture>\n\t\t\t\t<source media=\"(max-width: 768px)\" srcset=\"https:\/\/files.sunoresearch.com.br\/n\/uploads\/2020\/11\/3dcae232-eua-400x200.webp\">\n\t\t\t\t<img loading=\"lazy\" decoding=\"async\" class=\"newsContent__article__imgCapa lazyloadDisabled \" src=\"https:\/\/files.sunoresearch.com.br\/n\/uploads\/2020\/11\/3dcae232-eua-800x450.webp\" width=\"800\" height=\"450\" alt=\"EUA: Governadores pedem novo pacote de est\u00edmulos \u00e0 economia\" fetchpriority=high \/>\n\t\t\t<\/picture>\n\n\t\t\t<figcaption class=\"wp-caption-text wp-caption-text--show\">O pesquisador Paulo Picchetti, do Ibre, esclareceu que o ritmo de retomada das atividades caiu de forma generalizada entre as regi\u00f5es da economia global - Foto: Pixabay<\/figcaption>\n\t\t<\/figure>\n\t<\/div>\n\n\n\t<p>\n\t\t<a href=\"https:\/\/lp.suno.com.br\/planilha-controle-gastos\/\" target=\"_blank\" data-element=\"shortcode-suno-banner\" title=\"Banner SUNO, clique e saiba mais\">\n\t\t\t<picture>\n\t\t\t\t<source media=\"(max-width: 500px)\" srcset=\"https:\/\/files.sunoresearch.com.br\/n\/uploads\/2023\/03\/400x300-Planilha-controle-de-gastos.png\">\n\t\t\t\t<img class=\"newsContent__article__imgCapa newsContent__article__imgCapa--banner\"\n\t\t\t\t\tsrc=\"https:\/\/files.sunoresearch.com.br\/n\/uploads\/2023\/03\/1420x240-Planilha-controle-de-gastos.png\"\n\t\t\t\t\tdata-promo-id=\"101751\"\t\t\t\t\t\t\t\t\t\twidth='1420' height='240'\t\t\t\t\talt=\"https:\/\/files.sunoresearch.com.br\/n\/uploads\/2023\/03\/1420x240-Planilha-controle-de-gastos.png\"\n\t\t\t\t>\n\t\t\t<\/picture>\n\t\t<\/a>\n\t<\/p>\n\n\n<p>Vale destacar que os EUA aprovaram um <strong>pacote de est\u00edmulos<\/strong> no in\u00edcio do ano, entretanto, o prazo termina em dezembro e os recursos j\u00e1 est\u00e3o chegando ao fim.<\/p>\n<p>A governadora de Michigan, <strong>Gretchen Whitmer, <\/strong>salientou que &#8220;nossos recursos s\u00e3o limitados, assim como em todos os Estados do pa\u00eds&#8221;. &#8220;E \u00e9 por isso que esse est\u00edmulo \u00e9 t\u00e3o importante&#8221;, completou a democrata.<\/p>\n<p>Nesse sentido governadores do Pa\u00eds pedem que democratas e republicanos se entendam no congresso para que seja aprovado o novo pacote de est\u00edmulos.<\/p>\n\t<p>\n\t\t<a href=\"https:\/\/lp.suno.com.br\/planilha-controle-gastos\/\" target=\"_blank\" data-element=\"shortcode-suno-banner\" title=\"Banner SUNO, clique e saiba mais\">\n\t\t\t<picture>\n\t\t\t\t<source media=\"(max-width: 500px)\" srcset=\"https:\/\/files.sunoresearch.com.br\/n\/uploads\/2023\/03\/400x300-Planilha-controle-de-gastos.png\">\n\t\t\t\t<img class=\"newsContent__article__imgCapa newsContent__article__imgCapa--banner\"\n\t\t\t\t\tsrc=\"https:\/\/files.sunoresearch.com.br\/n\/uploads\/2023\/03\/1420x240-Planilha-controle-de-gastos.png\"\n\t\t\t\t\tdata-promo-id=\"101751\"\t\t\t\t\t\t\t\t\t\twidth='1420' height='240'\t\t\t\t\talt=\"https:\/\/files.sunoresearch.com.br\/n\/uploads\/2023\/03\/1420x240-Planilha-controle-de-gastos.png\"\n\t\t\t\t>\n\t\t\t<\/picture>\n\t\t<\/a>\n\t<\/p>\n\n\n<p>Recentemente os <strong>democratas<\/strong> propuseram repassar mais verba \u00e0s cidades dos EUA, mas os <strong>republicanos,<\/strong> juntamente com o atual presidente <strong>Donald Trump<\/strong>, apontaram que o dinheiro seria usado como uma desculpa para recuperar cidades que foram mal administradas pelos democratas.<\/p>\n<h2>PIB dos EUA avan\u00e7a 33,1% na 2\u00aa leitura do 3T20<\/h2>\n<p>O <strong>Produto Interno Bruto<\/strong> (<a href=\"https:\/\/www.suno.com.br\/artigos\/pib-produto-interno-bruto\/\">PIB<\/a>) cresceu 33,1% na taxa anualizada na segunda leitura do terceiro trimestre. O dado foi divulgado pelo Escrit\u00f3rio de An\u00e1lises Econ\u00f4micas do Departamento do Departamento de Com\u00e9rcio (BEA) dos Estados Unidos nesta quarta-feira (25).<\/p>\n<p>O n\u00famero vem dentro do consenso daquilo que era esperado por analistas consultados pelo <em>The<\/em> <em>Wall Street Journal<\/em> e um pouco aqu\u00e9m do que era aguardado pelos escutados pela <em>Reuters<\/em>, que previam um crescimento do <strong>PIB<\/strong> de 33,2%.<\/p>\n<p><a href=\"https:\/\/www.suno.com.br\/noticias\/eua-mnuchin-recusa-estender-programas-de-emprestimos-de-emergencia-do-fed\/\">Saiba mais: EUA: Mnuchin recusa estender programas de empr\u00e9stimos de emerg\u00eancia do Fed<\/a><\/p>\n<p>Segundo a nota, o crescimento da atividade econ\u00f4mica do pa\u00eds se d\u00e1 pelos esfor\u00e7os recentes para reabrir os neg\u00f3cios e retomar as atividades que foram interrompidas pela pandemia do novo coronav\u00edrus (covid-19).<\/p>\n<p>No segundo trimestre, havia sido registrada uma retra\u00e7\u00e3o de 31,4% no indicador e nos primeiros tr\u00eas meses de 2020 o PIB dos <strong>EUA<\/strong> j\u00e1 havia sofrido uma contra\u00e7\u00e3o de 5%.<\/p>\n<p><span style=\"font-weight: 400;\">\t<p>\n\t\t<a href=\"https:\/\/lp.suno.com.br\/planilha-de-controle-de-investimentos\/\" target=\"_blank\" data-element=\"shortcode-suno-banner\" title=\"Banner SUNO, clique e saiba mais\">\n\t\t\t<picture>\n\t\t\t\t<source media=\"(max-width: 500px)\" srcset=\"https:\/\/files.sunoresearch.com.br\/n\/uploads\/2023\/03\/400x300-Controle-de-Investimentos.png\">\n\t\t\t\t<img class=\"newsContent__article__imgCapa newsContent__article__imgCapa--banner\"\n\t\t\t\t\tsrc=\"https:\/\/files.sunoresearch.com.br\/n\/uploads\/2023\/03\/1420x240-Controle-de-Investimentos.png\"\n\t\t\t\t\tdata-promo-id=\"75934\"\t\t\t\t\t\t\t\t\t\twidth='1420' height='240'\t\t\t\t\talt=\"https:\/\/files.sunoresearch.com.br\/n\/uploads\/2023\/03\/1420x240-Controle-de-Investimentos.png\"\n\t\t\t\t>\n\t\t\t<\/picture>\n\t\t<\/a>\n\t<\/p>\n\n<\/span><\/p>\n","protected":false},"excerpt":{"rendered":"<p>Governadores nos EUA est\u00e3o se unindo para pedir que a Casa Branca e o Congresso aprovem um novo pacote de est\u00edmulos \u00e0 economia do Pa\u00eds para apoiar pequenas empresas frente \u00e0 pandemia do novo coronav\u00edrus (Covid-19), segundo informou o &#8216;Dow Jones Newswires&#8217; nesta quinta-feira (26). O pesquisador Paulo Picchetti, do Ibre, esclareceu que o ritmo [&hellip;]<\/p>\n","protected":false},"author":39,"featured_media":101748,"comment_status":"closed","ping_status":"closed","sticky":false,"template":"","format":"standard","meta":[],"categories":[63],"tags":[2487,793,105707],"suno_strategy":[],"class_list":["post-103519","post","type-post","status-publish","format-standard","has-post-thumbnail","hentry","category-internacional","tag-coronavirus","tag-estados-unidos-eua","tag-pacote-de-estimulos"],"yoast_head":"<!-- This site is optimized with the Yoast SEO plugin v24.4 - https:\/\/yoast.com\/wordpress\/plugins\/seo\/ -->\n<title>EUA: Governadores pedem novo pacote de est\u00edmulos \u00e0 economia<\/title>\n<meta name=\"description\" content=\"Governadores nos EUA est\u00e3o se unindo para pedir que a Casa Branca e o Congresso aprovem um novo pacote de est\u00edmulos. Clique aqui e saiba mais\" \/>\n<meta name=\"robots\" content=\"index, follow, max-snippet:-1, max-image-preview:large, max-video-preview:-1\" \/>\n<link rel=\"canonical\" href=\"https:\/\/www.suno.com.br\/noticias\/eua-governadores-novo-pacote-de-estimulos-a-economia\/\" \/>\n<meta property=\"og:locale\" content=\"pt_BR\" \/>\n<meta property=\"og:type\" content=\"article\" \/>\n<meta property=\"og:title\" content=\"EUA: Governadores pedem novo pacote de est\u00edmulos \u00e0 economia\" \/>\n<meta property=\"og:description\" content=\"Governadores nos EUA est\u00e3o se unindo para pedir que a Casa Branca e o Congresso aprovem um novo pacote de est\u00edmulos. Clique aqui e saiba mais\" \/>\n<meta property=\"og:url\" content=\"https:\/\/www.suno.com.br\/noticias\/eua-governadores-novo-pacote-de-estimulos-a-economia\/\" \/>\n<meta property=\"og:site_name\" content=\"Suno Not\u00edcias\" \/>\n<meta property=\"article:publisher\" content=\"https:\/\/facebook.com\/sunoresearch\" \/>\n<meta property=\"og:image\" content=\"https:\/\/files.sunoresearch.com.br\/n\/uploads\/2020\/11\/3dcae232-eua.jpg\" \/>\n\t<meta property=\"og:image:width\" content=\"1280\" \/>\n\t<meta property=\"og:image:height\" content=\"847\" \/>\n\t<meta property=\"og:image:type\" content=\"image\/jpeg\" \/>\n<meta name=\"author\" content=\"Laura Moutinho\" \/>\n<meta name=\"twitter:card\" content=\"summary_large_image\" \/>\n<meta name=\"twitter:creator\" content=\"@sunoresearch\" \/>\n<meta name=\"twitter:site\" content=\"@sunoresearch\" \/>\n<meta name=\"twitter:label1\" content=\"Escrito por\" \/>\n\t<meta name=\"twitter:data1\" content=\"Laura Moutinho\" \/>\n\t<meta name=\"twitter:label2\" content=\"Est. tempo de leitura\" \/>\n\t<meta name=\"twitter:data2\" content=\"2 minutos\" \/>\n<script type=\"application\/ld+json\" class=\"yoast-schema-graph\">{\"@context\":\"https:\/\/schema.org\",\"@graph\":[{\"@type\":\"NewsArticle\",\"@id\":\"https:\/\/www.suno.com.br\/noticias\/eua-governadores-novo-pacote-de-estimulos-a-economia\/#article\",\"isPartOf\":{\"@id\":\"https:\/\/www.suno.com.br\/noticias\/eua-governadores-novo-pacote-de-estimulos-a-economia\/\"},\"author\":{\"name\":\"Laura Moutinho\",\"@id\":\"https:\/\/www.suno.com.br\/noticias\/#\/schema\/person\/3df0d2808748b74496efe5dbeaef2c72\"},\"headline\":\"EUA: Governadores pedem novo pacote de est\u00edmulos \u00e0 economia\",\"datePublished\":\"2020-11-26T22:10:15+00:00\",\"dateModified\":\"2021-02-18T01:24:00+00:00\",\"mainEntityOfPage\":{\"@id\":\"https:\/\/www.suno.com.br\/noticias\/eua-governadores-novo-pacote-de-estimulos-a-economia\/\"},\"wordCount\":364,\"publisher\":{\"@id\":\"https:\/\/www.suno.com.br\/noticias\/#organization\"},\"image\":{\"@id\":\"https:\/\/www.suno.com.br\/noticias\/eua-governadores-novo-pacote-de-estimulos-a-economia\/#primaryimage\"},\"thumbnailUrl\":\"https:\/\/files.sunoresearch.com.br\/n\/uploads\/2020\/11\/3dcae232-eua-jpg.webp\",\"keywords\":[\"coronav\u00edrus\",\"Estados Unidos (EUA)\",\"pacote de est\u00edmulos\"],\"articleSection\":[\"Internacional\"],\"inLanguage\":\"pt-BR\"},{\"@type\":\"WebPage\",\"@id\":\"https:\/\/www.suno.com.br\/noticias\/eua-governadores-novo-pacote-de-estimulos-a-economia\/\",\"url\":\"https:\/\/www.suno.com.br\/noticias\/eua-governadores-novo-pacote-de-estimulos-a-economia\/\",\"name\":\"EUA: Governadores pedem novo pacote de est\u00edmulos \u00e0 economia\",\"isPartOf\":{\"@id\":\"https:\/\/www.suno.com.br\/noticias\/#website\"},\"primaryImageOfPage\":{\"@id\":\"https:\/\/www.suno.com.br\/noticias\/eua-governadores-novo-pacote-de-estimulos-a-economia\/#primaryimage\"},\"image\":{\"@id\":\"https:\/\/www.suno.com.br\/noticias\/eua-governadores-novo-pacote-de-estimulos-a-economia\/#primaryimage\"},\"thumbnailUrl\":\"https:\/\/files.sunoresearch.com.br\/n\/uploads\/2020\/11\/3dcae232-eua-jpg.webp\",\"datePublished\":\"2020-11-26T22:10:15+00:00\",\"dateModified\":\"2021-02-18T01:24:00+00:00\",\"description\":\"Governadores nos EUA est\u00e3o se unindo para pedir que a Casa Branca e o Congresso aprovem um novo pacote de est\u00edmulos. Clique aqui e saiba mais\",\"breadcrumb\":{\"@id\":\"https:\/\/www.suno.com.br\/noticias\/eua-governadores-novo-pacote-de-estimulos-a-economia\/#breadcrumb\"},\"inLanguage\":\"pt-BR\",\"potentialAction\":[{\"@type\":\"ReadAction\",\"target\":[\"https:\/\/www.suno.com.br\/noticias\/eua-governadores-novo-pacote-de-estimulos-a-economia\/\"]}]},{\"@type\":\"ImageObject\",\"inLanguage\":\"pt-BR\",\"@id\":\"https:\/\/www.suno.com.br\/noticias\/eua-governadores-novo-pacote-de-estimulos-a-economia\/#primaryimage\",\"url\":\"https:\/\/files.sunoresearch.com.br\/n\/uploads\/2020\/11\/3dcae232-eua-jpg.webp\",\"contentUrl\":\"https:\/\/files.sunoresearch.com.br\/n\/uploads\/2020\/11\/3dcae232-eua-jpg.webp\",\"width\":1280,\"height\":847,\"caption\":\"O pesquisador Paulo Picchetti, do Ibre, esclareceu que o ritmo de retomada das atividades caiu de forma generalizada entre as regi\u00f5es da economia global - Foto: Pixabay\"},{\"@type\":\"BreadcrumbList\",\"@id\":\"https:\/\/www.suno.com.br\/noticias\/eua-governadores-novo-pacote-de-estimulos-a-economia\/#breadcrumb\",\"itemListElement\":[{\"@type\":\"ListItem\",\"position\":1,\"name\":\"Not\u00edcias\",\"item\":\"https:\/\/www.suno.com.br\/noticias\/\"},{\"@type\":\"ListItem\",\"position\":2,\"name\":\"Internacional\",\"item\":\"https:\/\/www.suno.com.br\/noticias\/internacional\/\"},{\"@type\":\"ListItem\",\"position\":3,\"name\":\"EUA: Governadores pedem novo pacote de est\u00edmulos \u00e0 economia\"}]},{\"@type\":\"WebSite\",\"@id\":\"https:\/\/www.suno.com.br\/noticias\/#website\",\"url\":\"https:\/\/www.suno.com.br\/noticias\/\",\"name\":\"Suno Not\u00edcias\",\"description\":\"Seu portal de informa\u00e7\u00e3o sobre o mundo dos investimentos\",\"publisher\":{\"@id\":\"https:\/\/www.suno.com.br\/noticias\/#organization\"},\"potentialAction\":[{\"@type\":\"SearchAction\",\"target\":{\"@type\":\"EntryPoint\",\"urlTemplate\":\"https:\/\/www.suno.com.br\/noticias\/?s={search_term_string}\"},\"query-input\":{\"@type\":\"PropertyValueSpecification\",\"valueRequired\":true,\"valueName\":\"search_term_string\"}}],\"inLanguage\":\"pt-BR\"},{\"@type\":\"Organization\",\"@id\":\"https:\/\/www.suno.com.br\/noticias\/#organization\",\"name\":\"Suno Not\u00edcias\",\"url\":\"https:\/\/www.suno.com.br\/noticias\/\",\"logo\":{\"@type\":\"ImageObject\",\"inLanguage\":\"pt-BR\",\"@id\":\"https:\/\/www.suno.com.br\/noticias\/#\/schema\/logo\/image\/\",\"url\":\"https:\/\/files.sunoresearch.com.br\/n\/uploads\/2021\/09\/suno-logo.png\",\"contentUrl\":\"https:\/\/files.sunoresearch.com.br\/n\/uploads\/2021\/09\/suno-logo.png\",\"width\":180,\"height\":180,\"caption\":\"Suno Not\u00edcias\"},\"image\":{\"@id\":\"https:\/\/www.suno.com.br\/noticias\/#\/schema\/logo\/image\/\"},\"sameAs\":[\"https:\/\/facebook.com\/sunoresearch\",\"https:\/\/x.com\/sunoresearch\",\"https:\/\/www.instagram.com\/suno\",\"https:\/\/www.linkedin.com\/company\/suno-research\/\",\"https:\/\/www.youtube.com\/c\/sunoresearch\"]},{\"@type\":\"Person\",\"@id\":\"https:\/\/www.suno.com.br\/noticias\/#\/schema\/person\/3df0d2808748b74496efe5dbeaef2c72\",\"name\":\"Laura Moutinho\",\"image\":{\"@type\":\"ImageObject\",\"inLanguage\":\"pt-BR\",\"@id\":\"https:\/\/www.suno.com.br\/noticias\/#\/schema\/person\/image\/\",\"url\":\"https:\/\/secure.gravatar.com\/avatar\/7571c7c8ca3a6fca5e41384ece5557ff?s=96&r=g\",\"contentUrl\":\"https:\/\/secure.gravatar.com\/avatar\/7571c7c8ca3a6fca5e41384ece5557ff?s=96&r=g\",\"caption\":\"Laura Moutinho\"},\"description\":\"Estagi\u00e1ria na Suno Not\u00edcias, escreve not\u00edcias que afetam o mercado financeiro. Estuda administra\u00e7\u00e3o na Universidade Presbiteriana Mackenzie.\",\"url\":\"https:\/\/www.suno.com.br\/noticias\/author\/laura-moutinho\/\"}]}<\/script>\n<!-- \/ Yoast SEO plugin. -->","yoast_head_json":{"title":"EUA: Governadores pedem novo pacote de est\u00edmulos \u00e0 economia","description":"Governadores nos EUA est\u00e3o se unindo para pedir que a Casa Branca e o Congresso aprovem um novo pacote de est\u00edmulos. Clique aqui e saiba mais","robots":{"index":"index","follow":"follow","max-snippet":"max-snippet:-1","max-image-preview":"max-image-preview:large","max-video-preview":"max-video-preview:-1"},"canonical":"https:\/\/www.suno.com.br\/noticias\/eua-governadores-novo-pacote-de-estimulos-a-economia\/","og_locale":"pt_BR","og_type":"article","og_title":"EUA: Governadores pedem novo pacote de est\u00edmulos \u00e0 economia","og_description":"Governadores nos EUA est\u00e3o se unindo para pedir que a Casa Branca e o Congresso aprovem um novo pacote de est\u00edmulos. Clique aqui e saiba mais","og_url":"https:\/\/www.suno.com.br\/noticias\/eua-governadores-novo-pacote-de-estimulos-a-economia\/","og_site_name":"Suno Not\u00edcias","article_publisher":"https:\/\/facebook.com\/sunoresearch","og_image":[{"width":1280,"height":847,"url":"https:\/\/files.sunoresearch.com.br\/n\/uploads\/2020\/11\/3dcae232-eua.jpg","type":"image\/jpeg"}],"author":"Laura Moutinho","twitter_card":"summary_large_image","twitter_creator":"@sunoresearch","twitter_site":"@sunoresearch","twitter_misc":{"Escrito por":"Laura Moutinho","Est. tempo de leitura":"2 minutos"},"schema":{"@context":"https:\/\/schema.org","@graph":[{"@type":"NewsArticle","@id":"https:\/\/www.suno.com.br\/noticias\/eua-governadores-novo-pacote-de-estimulos-a-economia\/#article","isPartOf":{"@id":"https:\/\/www.suno.com.br\/noticias\/eua-governadores-novo-pacote-de-estimulos-a-economia\/"},"author":{"name":"Laura Moutinho","@id":"https:\/\/www.suno.com.br\/noticias\/#\/schema\/person\/3df0d2808748b74496efe5dbeaef2c72"},"headline":"EUA: Governadores pedem novo pacote de est\u00edmulos \u00e0 economia","datePublished":"2020-11-26T22:10:15+00:00","dateModified":"2021-02-18T01:24:00+00:00","mainEntityOfPage":{"@id":"https:\/\/www.suno.com.br\/noticias\/eua-governadores-novo-pacote-de-estimulos-a-economia\/"},"wordCount":364,"publisher":{"@id":"https:\/\/www.suno.com.br\/noticias\/#organization"},"image":{"@id":"https:\/\/www.suno.com.br\/noticias\/eua-governadores-novo-pacote-de-estimulos-a-economia\/#primaryimage"},"thumbnailUrl":"https:\/\/files.sunoresearch.com.br\/n\/uploads\/2020\/11\/3dcae232-eua-jpg.webp","keywords":["coronav\u00edrus","Estados Unidos (EUA)","pacote de est\u00edmulos"],"articleSection":["Internacional"],"inLanguage":"pt-BR"},{"@type":"WebPage","@id":"https:\/\/www.suno.com.br\/noticias\/eua-governadores-novo-pacote-de-estimulos-a-economia\/","url":"https:\/\/www.suno.com.br\/noticias\/eua-governadores-novo-pacote-de-estimulos-a-economia\/","name":"EUA: Governadores pedem novo pacote de est\u00edmulos \u00e0 economia","isPartOf":{"@id":"https:\/\/www.suno.com.br\/noticias\/#website"},"primaryImageOfPage":{"@id":"https:\/\/www.suno.com.br\/noticias\/eua-governadores-novo-pacote-de-estimulos-a-economia\/#primaryimage"},"image":{"@id":"https:\/\/www.suno.com.br\/noticias\/eua-governadores-novo-pacote-de-estimulos-a-economia\/#primaryimage"},"thumbnailUrl":"https:\/\/files.sunoresearch.com.br\/n\/uploads\/2020\/11\/3dcae232-eua-jpg.webp","datePublished":"2020-11-26T22:10:15+00:00","dateModified":"2021-02-18T01:24:00+00:00","description":"Governadores nos EUA est\u00e3o se unindo para pedir que a Casa Branca e o Congresso aprovem um novo pacote de est\u00edmulos. Clique aqui e saiba mais","breadcrumb":{"@id":"https:\/\/www.suno.com.br\/noticias\/eua-governadores-novo-pacote-de-estimulos-a-economia\/#breadcrumb"},"inLanguage":"pt-BR","potentialAction":[{"@type":"ReadAction","target":["https:\/\/www.suno.com.br\/noticias\/eua-governadores-novo-pacote-de-estimulos-a-economia\/"]}]},{"@type":"ImageObject","inLanguage":"pt-BR","@id":"https:\/\/www.suno.com.br\/noticias\/eua-governadores-novo-pacote-de-estimulos-a-economia\/#primaryimage","url":"https:\/\/files.sunoresearch.com.br\/n\/uploads\/2020\/11\/3dcae232-eua-jpg.webp","contentUrl":"https:\/\/files.sunoresearch.com.br\/n\/uploads\/2020\/11\/3dcae232-eua-jpg.webp","width":1280,"height":847,"caption":"O pesquisador Paulo Picchetti, do Ibre, esclareceu que o ritmo de retomada das atividades caiu de forma generalizada entre as regi\u00f5es da economia global - Foto: Pixabay"},{"@type":"BreadcrumbList","@id":"https:\/\/www.suno.com.br\/noticias\/eua-governadores-novo-pacote-de-estimulos-a-economia\/#breadcrumb","itemListElement":[{"@type":"ListItem","position":1,"name":"Not\u00edcias","item":"https:\/\/www.suno.com.br\/noticias\/"},{"@type":"ListItem","position":2,"name":"Internacional","item":"https:\/\/www.suno.com.br\/noticias\/internacional\/"},{"@type":"ListItem","position":3,"name":"EUA: Governadores pedem novo pacote de est\u00edmulos \u00e0 economia"}]},{"@type":"WebSite","@id":"https:\/\/www.suno.com.br\/noticias\/#website","url":"https:\/\/www.suno.com.br\/noticias\/","name":"Suno Not\u00edcias","description":"Seu portal de informa\u00e7\u00e3o sobre o mundo dos investimentos","publisher":{"@id":"https:\/\/www.suno.com.br\/noticias\/#organization"},"potentialAction":[{"@type":"SearchAction","target":{"@type":"EntryPoint","urlTemplate":"https:\/\/www.suno.com.br\/noticias\/?s={search_term_string}"},"query-input":{"@type":"PropertyValueSpecification","valueRequired":true,"valueName":"search_term_string"}}],"inLanguage":"pt-BR"},{"@type":"Organization","@id":"https:\/\/www.suno.com.br\/noticias\/#organization","name":"Suno Not\u00edcias","url":"https:\/\/www.suno.com.br\/noticias\/","logo":{"@type":"ImageObject","inLanguage":"pt-BR","@id":"https:\/\/www.suno.com.br\/noticias\/#\/schema\/logo\/image\/","url":"https:\/\/files.sunoresearch.com.br\/n\/uploads\/2021\/09\/suno-logo.png","contentUrl":"https:\/\/files.sunoresearch.com.br\/n\/uploads\/2021\/09\/suno-logo.png","width":180,"height":180,"caption":"Suno Not\u00edcias"},"image":{"@id":"https:\/\/www.suno.com.br\/noticias\/#\/schema\/logo\/image\/"},"sameAs":["https:\/\/facebook.com\/sunoresearch","https:\/\/x.com\/sunoresearch","https:\/\/www.instagram.com\/suno","https:\/\/www.linkedin.com\/company\/suno-research\/","https:\/\/www.youtube.com\/c\/sunoresearch"]},{"@type":"Person","@id":"https:\/\/www.suno.com.br\/noticias\/#\/schema\/person\/3df0d2808748b74496efe5dbeaef2c72","name":"Laura Moutinho","image":{"@type":"ImageObject","inLanguage":"pt-BR","@id":"https:\/\/www.suno.com.br\/noticias\/#\/schema\/person\/image\/","url":"https:\/\/secure.gravatar.com\/avatar\/7571c7c8ca3a6fca5e41384ece5557ff?s=96&r=g","contentUrl":"https:\/\/secure.gravatar.com\/avatar\/7571c7c8ca3a6fca5e41384ece5557ff?s=96&r=g","caption":"Laura Moutinho"},"description":"Estagi\u00e1ria na Suno Not\u00edcias, escreve not\u00edcias que afetam o mercado financeiro. Estuda administra\u00e7\u00e3o na Universidade Presbiteriana Mackenzie.","url":"https:\/\/www.suno.com.br\/noticias\/author\/laura-moutinho\/"}]}},"default_loop_html":"<div class=\"cardsPage__listCard__boxs\"><div class=\"cardsPage__listCard__boxs__img\"><a href=\"https:\/\/www.suno.com.br\/noticias\/eua-governadores-novo-pacote-de-estimulos-a-economia\/\"><img class=\"mask\" src=\"https:\/\/www.suno.com.br\/noticias\/wp-content\/themes\/suno\/resources\/images\/spotlight\/spotlight1img\/bg-mask.png\" alt=\"Image Mask\"\/><img src=\"https:\/\/files.sunoresearch.com.br\/n\/uploads\/2020\/11\/3dcae232-eua-400x200.webp\" alt=\"EUA: Governadores pedem novo pacote de est\u00edmulos \u00e0 economia\"\/><\/a><span class=\"spotlightCategory\"><a href=\"https:\/\/www.suno.com.br\/noticias\/internacional\/\">Internacional<\/a><\/span><\/div><div class=\"cardsPage__listCard__boxs__content\"><a href=\"https:\/\/www.suno.com.br\/noticias\/eua-governadores-novo-pacote-de-estimulos-a-economia\/\"><h2 class=\"content__title\">EUA: Governadores pedem novo pacote de est\u00edmulos \u00e0 economia<\/h2><\/a><div class=\"newsContent__article__meta\"><div class=\"newsContent__article__meta__authorBox\"><a href=\"https:\/\/www.suno.com.br\/noticias\/author\/laura-moutinho\/\" class=\"authorBox__avatar noMobi\"><img src=\"https:\/\/files.sunoresearch.com.br\/n\/uploads\/2020\/08\/531ff69d-whatsapp-image-2020-08-03-at-14.54.38-150x150.webp\" alt=\"Laura Moutinho\"><\/a><div class=\"authorBox__name\"><span>por\n\t\t\t<a href=\"https:\/\/www.suno.com.br\/noticias\/author\/laura-moutinho\/\"><span itemprop=\"author\">Laura Moutinho<\/span><\/a><\/span><time datetime=\"2020-11-26T19:10:15-03:00\" itemprop=\"datePublished\">26\/11\/2020 19:10<\/time><\/div><\/div><\/div><\/div><\/div>","single_layout":"posts","amp_enabled":true,"_links":{"self":[{"href":"https:\/\/www.suno.com.br\/noticias\/wp-json\/wp\/v2\/posts\/103519"}],"collection":[{"href":"https:\/\/www.suno.com.br\/noticias\/wp-json\/wp\/v2\/posts"}],"about":[{"href":"https:\/\/www.suno.com.br\/noticias\/wp-json\/wp\/v2\/types\/post"}],"author":[{"embeddable":true,"href":"https:\/\/www.suno.com.br\/noticias\/wp-json\/wp\/v2\/users\/39"}],"replies":[{"embeddable":true,"href":"https:\/\/www.suno.com.br\/noticias\/wp-json\/wp\/v2\/comments?post=103519"}],"version-history":[{"count":0,"href":"https:\/\/www.suno.com.br\/noticias\/wp-json\/wp\/v2\/posts\/103519\/revisions"}],"wp:featuredmedia":[{"embeddable":true,"href":"https:\/\/www.suno.com.br\/noticias\/wp-json\/wp\/v2\/media\/101748"}],"wp:attachment":[{"href":"https:\/\/www.suno.com.br\/noticias\/wp-json\/wp\/v2\/media?parent=103519"}],"wp:term":[{"taxonomy":"category","embeddable":true,"href":"https:\/\/www.suno.com.br\/noticias\/wp-json\/wp\/v2\/categories?post=103519"},{"taxonomy":"post_tag","embeddable":true,"href":"https:\/\/www.suno.com.br\/noticias\/wp-json\/wp\/v2\/tags?post=103519"},{"taxonomy":"suno_strategy","embeddable":true,"href":"https:\/\/www.suno.com.br\/noticias\/wp-json\/wp\/v2\/suno_strategy?post=103519"}],"curies":[{"name":"wp","href":"https:\/\/api.w.org\/{rel}","templated":true}]}}