{"id":103511,"date":"2020-11-26T20:02:09","date_gmt":"2020-11-26T23:02:09","guid":{"rendered":"https:\/\/www.suno.com.br\/noticias\/?p=103511"},"modified":"2020-11-30T11:39:22","modified_gmt":"2020-11-30T14:39:22","slug":"oi-oibr3-leilao-fim-recuperacao-judicial","status":"publish","type":"post","link":"https:\/\/www.suno.com.br\/noticias\/oi-oibr3-leilao-fim-recuperacao-judicial\/","title":{"rendered":"Oi (OIBR3): leil\u00e3o \u00e9 primeiro passo para fim da recupera\u00e7\u00e3o judicial"},"content":{"rendered":"<p><a href=\"https:\/\/www.suno.com.br\/noticias\/highline-vencedora-torres-oi-oibr3\/\">O leil\u00e3o das torres e data center<\/a> da <a href=\"https:\/\/www.suno.com.br\/acoes\/oibr3\/\"><strong>Oi<\/strong> (OIBR3),<\/a> que ocorreu nesta quinta-feira (26) vem sendo considerado por executivos da companhia como o primeiro passo real para o fim da recupera\u00e7\u00e3o judicial em que a empresa de telefonia se encontra desde de 2016.<\/p>\t<div class=\"wrapper-featured-image\">\n\t\t<figure class=\"spotlightImg\">\n\n\t\t\t<picture>\n\t\t\t\t<source media=\"(max-width: 768px)\" srcset=\"https:\/\/files.sunoresearch.com.br\/n\/uploads\/2020\/10\/a7b32088-oi-400x200.webp\">\n\t\t\t\t<img loading=\"lazy\" decoding=\"async\" class=\"newsContent__article__imgCapa lazyloadDisabled \" src=\"https:\/\/files.sunoresearch.com.br\/n\/uploads\/2020\/10\/a7b32088-oi-800x450.webp\" width=\"800\" height=\"450\" alt=\"Oi (OIBR3): leil\u00e3o \u00e9 primeiro passo para fim da recupera\u00e7\u00e3o judicial\" fetchpriority=high \/>\n\t\t\t<\/picture>\n\n\t\t\t<figcaption class=\"wp-caption-text wp-caption-text--show\">Oi (divulga\u00e7\u00e3o).<\/figcaption>\n\t\t<\/figure>\n\t<\/div>\n\n\n\t<p>\n\t\t<a href=\"https:\/\/lp.suno.com.br\/planilha-controle-gastos\/\" target=\"_blank\" data-element=\"shortcode-suno-banner\" title=\"Banner SUNO, clique e saiba mais\">\n\t\t\t<picture>\n\t\t\t\t<source media=\"(max-width: 500px)\" srcset=\"https:\/\/files.sunoresearch.com.br\/n\/uploads\/2023\/03\/400x300-Planilha-controle-de-gastos.png\">\n\t\t\t\t<img class=\"newsContent__article__imgCapa newsContent__article__imgCapa--banner\"\n\t\t\t\t\tsrc=\"https:\/\/files.sunoresearch.com.br\/n\/uploads\/2023\/03\/1420x240-Planilha-controle-de-gastos.png\"\n\t\t\t\t\tdata-promo-id=\"101751\"\t\t\t\t\t\t\t\t\t\twidth='1420' height='240'\t\t\t\t\talt=\"https:\/\/files.sunoresearch.com.br\/n\/uploads\/2023\/03\/1420x240-Planilha-controle-de-gastos.png\"\n\t\t\t\t>\n\t\t\t<\/picture>\n\t\t<\/a>\n\t<\/p>\n\n\n<p>Apesar de o valor n\u00e3o ter sido suficiente para deixar tais executivos da Oi animados, segundo apurou o <strong>SUNO Not\u00edcias<\/strong>, h\u00e1 um clima de otimismo na lideran\u00e7a da empresa de telefonia sobre os pr\u00f3ximos passos.<\/p>\n<p>Os <a href=\"https:\/\/www.suno.com.br\/artigos\/ativo\/\">ativos<\/a> leiloados nesta quinta foram arrematados por cerca de R$ 1,3 bilh\u00e3o pelas empresas Highline, que ficou com as torres de telefonia m\u00f3vel, e Piemonte, que levou unidade produtiva isolada (UPI) de data centers.<\/p>\n\t<p>\n\t\t<a href=\"https:\/\/lp.suno.com.br\/planilha-controle-gastos\/\" target=\"_blank\" data-element=\"shortcode-suno-banner\" title=\"Banner SUNO, clique e saiba mais\">\n\t\t\t<picture>\n\t\t\t\t<source media=\"(max-width: 500px)\" srcset=\"https:\/\/files.sunoresearch.com.br\/n\/uploads\/2023\/03\/400x300-Planilha-controle-de-gastos.png\">\n\t\t\t\t<img class=\"newsContent__article__imgCapa newsContent__article__imgCapa--banner\"\n\t\t\t\t\tsrc=\"https:\/\/files.sunoresearch.com.br\/n\/uploads\/2023\/03\/1420x240-Planilha-controle-de-gastos.png\"\n\t\t\t\t\tdata-promo-id=\"101751\"\t\t\t\t\t\t\t\t\t\twidth='1420' height='240'\t\t\t\t\talt=\"https:\/\/files.sunoresearch.com.br\/n\/uploads\/2023\/03\/1420x240-Planilha-controle-de-gastos.png\"\n\t\t\t\t>\n\t\t\t<\/picture>\n\t\t<\/a>\n\t<\/p>\n\n\n<p>De acordo com um executivo da Oi, o leil\u00e3o dos ativos deve auxiliar o caixa da empresa e diminuir despesas em termos futuros, sendo considerado um primeiro passo importante.<\/p>\n<p>&#8220;O leil\u00e3o [ajuda na sobrevida da empresa], mas o [leil\u00e3o] do ativo celular ser\u00e1 mais necess\u00e1rio&#8221;, disse uma fonte com conhecimento do assunto. &#8220;Depois vir\u00e1 o de infra. A\u00ed sim, a empresa equacionaria a <strong>recupera\u00e7\u00e3o judicial<\/strong>&#8220;, afirmou ao <strong>SUNO Not\u00edcias<\/strong>.<\/p>\n<p>Para Henrique Esteter, analista Guide, o leil\u00e3o desta quinta, apesar de ser o menos representativo entre as vendas, \u00e9 o primeiro passo no processo de desinvestimentos da companhia, que deve ocorrer at\u00e9 o come\u00e7o do ano que vem.<\/p>\n<p>&#8220;A sinaliza\u00e7\u00e3o de que temos demanda \u00e9 positiva, apesar de j\u00e1 termos projetado, foram valores condizentes com os ativos. A grande batalha ser\u00e3o os pr\u00f3ximos seja por conta de uma demanda maior, como tamb\u00e9m pelo valor dos ativos que s\u00e3o mais expressivos&#8221;, disse.<\/p>\n<p>A Oi entrou com o pedido de <a href=\"https:\/\/www.suno.com.br\/artigos\/recuperacao-judicial\/\">recupera\u00e7\u00e3o judicia<\/a>l no dia 20 de junho de 2016, \u00e0 \u00e9poca com cerca R$ 65,4 bilh\u00f5es em d\u00edvidas. Desde ent\u00e3o, credores e acionistas aprovaram um plano de venda de ativos para que a empresa possa voltar a operar normalmente.<\/p>\n<p>Mas, a possibilidade de comercializar tais ativos veio em outubro deste ano, <a href=\"https:\/\/www.suno.com.br\/noticias\/plano-recuperacao-oi-oibr3-homologado\/\">com a homologa\u00e7\u00e3o de um novo plano de recupera\u00e7\u00e3o judicial da empresa.<\/a><\/p>\n<p>Com o novo plano, a tele p\u00f4de colocar em pr\u00e1tica o novo plano, que prev\u00ea a venda de cerca de R$ 22 bilh\u00f5es em <a href=\"https:\/\/www.suno.com.br\/artigos\/ativo\/\"><strong>ativos<\/strong><\/a>, como torres, data centers, redes m\u00f3veis e metade do neg\u00f3cio de fibra.<\/p>\n<p>O mercado, por\u00e9m, j\u00e1 precifica que, com mais concorr\u00eancia pelos pr\u00f3ximos ativos, os leil\u00f5es podem injetar algo pr\u00f3ximo de R$ 26 bilh\u00f5es na empresa, segundo o \u00faltimo balan\u00e7o publicado pela empresa.<\/p>\n<h2>Oi espera novos players e maiores ofertas em pr\u00f3ximo leil\u00e3o<\/h2>\n<p>Al\u00e9m do leil\u00e3o desta quinta, no dia 14 de dezembro ir\u00e1 ocorrer o leil\u00e3o de ativos de telefonia m\u00f3vel. Nele, as operadoras Claro, TIM Brasil e Telef\u00f4nica oferecem uma proposta vinculante de R$ 16,53 bilh\u00f5es.<\/p>\n<p>J\u00e1 para o de UPIs de infraestrutura de fibra \u00f3ptica e de TV por sat\u00e9lite, a companhia de telefonia ainda n\u00e3o definiu a proposta base para o leil\u00e3o, mas a deve girar em torno de R$ 6,5 bilh\u00f5es em dinheiro mais R$ 2,4 bilh\u00f5es em d\u00edvidas da Oi.<\/p>\n<p>De qualquer forma, para esses dois pr\u00f3ximos preg\u00f5es, a Oi espera que outros players possam disputar o ativo, elevando as ofertas.<\/p>\n<p>&#8220;O rito tem aprova\u00e7\u00e3o do juiz da recupera\u00e7\u00e3o. Acho que a atratividade de interessados seja a quest\u00e3o. Os demais ativos certamente ser\u00e3o mais atrativos&#8221;, disse o executivo.<\/p>\n<p>No leil\u00e3o desta quinta (26), apenas Highline e Piemonte fizeram ofertas pelos ativos da Oi. O P\u00e1tria Investimentos at\u00e9 chegou a se habilitar para a disputa, por\u00e9m n\u00e3o apresentou proposta.<\/p>\n<p>A Oi foi formada a partir da Telemar em 1998. At\u00e9 2010, a companhia passou a comprar concession\u00e1rios menores pelo Brasil, quando era considerada a empresa que seria uma esp\u00e9cie de &#8220;supertele nacional&#8221;. No ano seguinte, a Portugal Telecom entrou no chamado grupo de controle da Oi. Em 2013, a Oi realizou uma fus\u00e3o com a Portugal Telecom.<\/p>\n<p>Mas, em 2016, com d\u00edvidas crescentes, a<strong> Oi<\/strong> teve de entrar em recupera\u00e7\u00e3o judicial. Desde ent\u00e3o, credores e acionistas negociam uma maneira de a empresa voltar ao setor e ser competitiva novamente.<\/p>\n\t<p>\n\t\t<a href=\"https:\/\/lp.suno.com.br\/planilha-de-controle-de-investimentos\/\" target=\"_blank\" data-element=\"shortcode-suno-banner\" title=\"Banner SUNO, clique e saiba mais\">\n\t\t\t<picture>\n\t\t\t\t<source media=\"(max-width: 500px)\" srcset=\"https:\/\/files.sunoresearch.com.br\/n\/uploads\/2023\/03\/400x300-Controle-de-Investimentos.png\">\n\t\t\t\t<img class=\"newsContent__article__imgCapa newsContent__article__imgCapa--banner\"\n\t\t\t\t\tsrc=\"https:\/\/files.sunoresearch.com.br\/n\/uploads\/2023\/03\/1420x240-Controle-de-Investimentos.png\"\n\t\t\t\t\tdata-promo-id=\"75934\"\t\t\t\t\t\t\t\t\t\twidth='1420' height='240'\t\t\t\t\talt=\"https:\/\/files.sunoresearch.com.br\/n\/uploads\/2023\/03\/1420x240-Controle-de-Investimentos.png\"\n\t\t\t\t>\n\t\t\t<\/picture>\n\t\t<\/a>\n\t<\/p>\n\n\n","protected":false},"excerpt":{"rendered":"<p>O leil\u00e3o das torres e data center da Oi (OIBR3), que ocorreu nesta quinta-feira (26) vem sendo considerado por executivos da companhia como o primeiro passo real para o fim da recupera\u00e7\u00e3o judicial em que a empresa de telefonia se encontra desde de 2016. Oi (divulga\u00e7\u00e3o). Apesar de o valor n\u00e3o ter sido suficiente para [&hellip;]<\/p>\n","protected":false},"author":27,"featured_media":90190,"comment_status":"closed","ping_status":"closed","sticky":false,"template":"","format":"standard","meta":[],"categories":[64],"tags":[584],"suno_strategy":[],"class_list":["post-103511","post","type-post","status-publish","format-standard","has-post-thumbnail","hentry","category-negocios","tag-oi-oibr3-oibr4"],"yoast_head":"<!-- This site is optimized with the Yoast SEO plugin v24.4 - https:\/\/yoast.com\/wordpress\/plugins\/seo\/ -->\n<title>Oi (OIBR3): leil\u00e3o \u00e9 primeiro passo para fim da recupera\u00e7\u00e3o judicial<\/title>\n<meta name=\"description\" content=\"Segundo o SUNO Not\u00edcias apurou, leil\u00e3o n\u00e3o empolgou executivos da empresa, mas \u00e9 considerado primeiro passo para fim da RJ. Clique para ler.\" \/>\n<meta name=\"robots\" content=\"index, follow, max-snippet:-1, max-image-preview:large, max-video-preview:-1\" \/>\n<link rel=\"canonical\" href=\"https:\/\/www.suno.com.br\/noticias\/oi-oibr3-leilao-fim-recuperacao-judicial\/\" \/>\n<meta property=\"og:locale\" content=\"pt_BR\" \/>\n<meta property=\"og:type\" content=\"article\" \/>\n<meta property=\"og:title\" content=\"Oi (OIBR3): leil\u00e3o \u00e9 primeiro passo para fim da recupera\u00e7\u00e3o judicial\" \/>\n<meta property=\"og:description\" content=\"Segundo o SUNO Not\u00edcias apurou, leil\u00e3o n\u00e3o empolgou executivos da empresa, mas \u00e9 considerado primeiro passo para fim da RJ. Clique para ler.\" \/>\n<meta property=\"og:url\" content=\"https:\/\/www.suno.com.br\/noticias\/oi-oibr3-leilao-fim-recuperacao-judicial\/\" \/>\n<meta property=\"og:site_name\" content=\"Suno Not\u00edcias\" \/>\n<meta property=\"article:publisher\" content=\"https:\/\/facebook.com\/sunoresearch\" \/>\n<meta property=\"og:image\" content=\"https:\/\/files.sunoresearch.com.br\/n\/uploads\/2020\/10\/a7b32088-oi.jpg\" \/>\n\t<meta property=\"og:image:width\" content=\"1400\" \/>\n\t<meta property=\"og:image:height\" content=\"788\" \/>\n\t<meta property=\"og:image:type\" content=\"image\/jpeg\" \/>\n<meta name=\"author\" content=\"Vinicius Pereira\" \/>\n<meta name=\"twitter:card\" content=\"summary_large_image\" \/>\n<meta name=\"twitter:creator\" content=\"@https:\/\/twitter.com\/viniciuspjornal\" \/>\n<meta name=\"twitter:site\" content=\"@sunoresearch\" \/>\n<meta name=\"twitter:label1\" content=\"Escrito por\" \/>\n\t<meta name=\"twitter:data1\" content=\"Vinicius Pereira\" \/>\n\t<meta name=\"twitter:label2\" content=\"Est. tempo de leitura\" \/>\n\t<meta name=\"twitter:data2\" content=\"4 minutos\" \/>\n<script type=\"application\/ld+json\" class=\"yoast-schema-graph\">{\"@context\":\"https:\/\/schema.org\",\"@graph\":[{\"@type\":\"NewsArticle\",\"@id\":\"https:\/\/www.suno.com.br\/noticias\/oi-oibr3-leilao-fim-recuperacao-judicial\/#article\",\"isPartOf\":{\"@id\":\"https:\/\/www.suno.com.br\/noticias\/oi-oibr3-leilao-fim-recuperacao-judicial\/\"},\"author\":{\"name\":\"Vinicius Pereira\",\"@id\":\"https:\/\/www.suno.com.br\/noticias\/#\/schema\/person\/a20761b96e4df7eb57f1f9e41be1dbf3\"},\"headline\":\"Oi (OIBR3): leil\u00e3o \u00e9 primeiro passo para fim da recupera\u00e7\u00e3o judicial\",\"datePublished\":\"2020-11-26T23:02:09+00:00\",\"dateModified\":\"2020-11-30T14:39:22+00:00\",\"mainEntityOfPage\":{\"@id\":\"https:\/\/www.suno.com.br\/noticias\/oi-oibr3-leilao-fim-recuperacao-judicial\/\"},\"wordCount\":733,\"publisher\":{\"@id\":\"https:\/\/www.suno.com.br\/noticias\/#organization\"},\"image\":{\"@id\":\"https:\/\/www.suno.com.br\/noticias\/oi-oibr3-leilao-fim-recuperacao-judicial\/#primaryimage\"},\"thumbnailUrl\":\"https:\/\/files.sunoresearch.com.br\/n\/uploads\/2020\/10\/a7b32088-oi-jpg.webp\",\"keywords\":[\"Oi (OIBR3\/OIBR4)\"],\"articleSection\":[\"Neg\u00f3cios\"],\"inLanguage\":\"pt-BR\"},{\"@type\":\"WebPage\",\"@id\":\"https:\/\/www.suno.com.br\/noticias\/oi-oibr3-leilao-fim-recuperacao-judicial\/\",\"url\":\"https:\/\/www.suno.com.br\/noticias\/oi-oibr3-leilao-fim-recuperacao-judicial\/\",\"name\":\"Oi (OIBR3): leil\u00e3o \u00e9 primeiro passo para fim da recupera\u00e7\u00e3o judicial\",\"isPartOf\":{\"@id\":\"https:\/\/www.suno.com.br\/noticias\/#website\"},\"primaryImageOfPage\":{\"@id\":\"https:\/\/www.suno.com.br\/noticias\/oi-oibr3-leilao-fim-recuperacao-judicial\/#primaryimage\"},\"image\":{\"@id\":\"https:\/\/www.suno.com.br\/noticias\/oi-oibr3-leilao-fim-recuperacao-judicial\/#primaryimage\"},\"thumbnailUrl\":\"https:\/\/files.sunoresearch.com.br\/n\/uploads\/2020\/10\/a7b32088-oi-jpg.webp\",\"datePublished\":\"2020-11-26T23:02:09+00:00\",\"dateModified\":\"2020-11-30T14:39:22+00:00\",\"description\":\"Segundo o SUNO Not\u00edcias apurou, leil\u00e3o n\u00e3o empolgou executivos da empresa, mas \u00e9 considerado primeiro passo para fim da RJ. Clique para ler.\",\"breadcrumb\":{\"@id\":\"https:\/\/www.suno.com.br\/noticias\/oi-oibr3-leilao-fim-recuperacao-judicial\/#breadcrumb\"},\"inLanguage\":\"pt-BR\",\"potentialAction\":[{\"@type\":\"ReadAction\",\"target\":[\"https:\/\/www.suno.com.br\/noticias\/oi-oibr3-leilao-fim-recuperacao-judicial\/\"]}]},{\"@type\":\"ImageObject\",\"inLanguage\":\"pt-BR\",\"@id\":\"https:\/\/www.suno.com.br\/noticias\/oi-oibr3-leilao-fim-recuperacao-judicial\/#primaryimage\",\"url\":\"https:\/\/files.sunoresearch.com.br\/n\/uploads\/2020\/10\/a7b32088-oi-jpg.webp\",\"contentUrl\":\"https:\/\/files.sunoresearch.com.br\/n\/uploads\/2020\/10\/a7b32088-oi-jpg.webp\",\"width\":1400,\"height\":788,\"caption\":\"Oi (divulga\u00e7\u00e3o).\"},{\"@type\":\"BreadcrumbList\",\"@id\":\"https:\/\/www.suno.com.br\/noticias\/oi-oibr3-leilao-fim-recuperacao-judicial\/#breadcrumb\",\"itemListElement\":[{\"@type\":\"ListItem\",\"position\":1,\"name\":\"Not\u00edcias\",\"item\":\"https:\/\/www.suno.com.br\/noticias\/\"},{\"@type\":\"ListItem\",\"position\":2,\"name\":\"Neg\u00f3cios\",\"item\":\"https:\/\/www.suno.com.br\/noticias\/negocios\/\"},{\"@type\":\"ListItem\",\"position\":3,\"name\":\"Oi (OIBR3): leil\u00e3o \u00e9 primeiro passo para fim da recupera\u00e7\u00e3o judicial\"}]},{\"@type\":\"WebSite\",\"@id\":\"https:\/\/www.suno.com.br\/noticias\/#website\",\"url\":\"https:\/\/www.suno.com.br\/noticias\/\",\"name\":\"Suno Not\u00edcias\",\"description\":\"Seu portal de informa\u00e7\u00e3o sobre o mundo dos investimentos\",\"publisher\":{\"@id\":\"https:\/\/www.suno.com.br\/noticias\/#organization\"},\"potentialAction\":[{\"@type\":\"SearchAction\",\"target\":{\"@type\":\"EntryPoint\",\"urlTemplate\":\"https:\/\/www.suno.com.br\/noticias\/?s={search_term_string}\"},\"query-input\":{\"@type\":\"PropertyValueSpecification\",\"valueRequired\":true,\"valueName\":\"search_term_string\"}}],\"inLanguage\":\"pt-BR\"},{\"@type\":\"Organization\",\"@id\":\"https:\/\/www.suno.com.br\/noticias\/#organization\",\"name\":\"Suno Not\u00edcias\",\"url\":\"https:\/\/www.suno.com.br\/noticias\/\",\"logo\":{\"@type\":\"ImageObject\",\"inLanguage\":\"pt-BR\",\"@id\":\"https:\/\/www.suno.com.br\/noticias\/#\/schema\/logo\/image\/\",\"url\":\"https:\/\/files.sunoresearch.com.br\/n\/uploads\/2021\/09\/suno-logo.png\",\"contentUrl\":\"https:\/\/files.sunoresearch.com.br\/n\/uploads\/2021\/09\/suno-logo.png\",\"width\":180,\"height\":180,\"caption\":\"Suno Not\u00edcias\"},\"image\":{\"@id\":\"https:\/\/www.suno.com.br\/noticias\/#\/schema\/logo\/image\/\"},\"sameAs\":[\"https:\/\/facebook.com\/sunoresearch\",\"https:\/\/x.com\/sunoresearch\",\"https:\/\/www.instagram.com\/suno\",\"https:\/\/www.linkedin.com\/company\/suno-research\/\",\"https:\/\/www.youtube.com\/c\/sunoresearch\"]},{\"@type\":\"Person\",\"@id\":\"https:\/\/www.suno.com.br\/noticias\/#\/schema\/person\/a20761b96e4df7eb57f1f9e41be1dbf3\",\"name\":\"Vinicius Pereira\",\"image\":{\"@type\":\"ImageObject\",\"inLanguage\":\"pt-BR\",\"@id\":\"https:\/\/www.suno.com.br\/noticias\/#\/schema\/person\/image\/\",\"url\":\"https:\/\/secure.gravatar.com\/avatar\/783866b933198f5cc4c5d03fcc8b1301?s=96&r=g\",\"contentUrl\":\"https:\/\/secure.gravatar.com\/avatar\/783866b933198f5cc4c5d03fcc8b1301?s=96&r=g\",\"caption\":\"Vinicius Pereira\"},\"description\":\"Vinicius Pereira foi rep\u00f3rter de economia da Folha de S.Paulo, stringer do jornal no Canad\u00e1 e colaborador de VEJA. J\u00e1 escreveu tamb\u00e9m para BBC Brasil, The Intercept Brasil e UOL. Tem MBA em Informa\u00e7\u00f5es Econ\u00f4mico-Financeiras e Mercado de Capitais pela FIA\/B3.\",\"sameAs\":[\"https:\/\/x.com\/https:\/\/twitter.com\/viniciuspjornal\"],\"url\":\"https:\/\/www.suno.com.br\/noticias\/author\/vinicius-pereira\/\"}]}<\/script>\n<!-- \/ Yoast SEO plugin. -->","yoast_head_json":{"title":"Oi (OIBR3): leil\u00e3o \u00e9 primeiro passo para fim da recupera\u00e7\u00e3o judicial","description":"Segundo o SUNO Not\u00edcias apurou, leil\u00e3o n\u00e3o empolgou executivos da empresa, mas \u00e9 considerado primeiro passo para fim da RJ. Clique para ler.","robots":{"index":"index","follow":"follow","max-snippet":"max-snippet:-1","max-image-preview":"max-image-preview:large","max-video-preview":"max-video-preview:-1"},"canonical":"https:\/\/www.suno.com.br\/noticias\/oi-oibr3-leilao-fim-recuperacao-judicial\/","og_locale":"pt_BR","og_type":"article","og_title":"Oi (OIBR3): leil\u00e3o \u00e9 primeiro passo para fim da recupera\u00e7\u00e3o judicial","og_description":"Segundo o SUNO Not\u00edcias apurou, leil\u00e3o n\u00e3o empolgou executivos da empresa, mas \u00e9 considerado primeiro passo para fim da RJ. Clique para ler.","og_url":"https:\/\/www.suno.com.br\/noticias\/oi-oibr3-leilao-fim-recuperacao-judicial\/","og_site_name":"Suno Not\u00edcias","article_publisher":"https:\/\/facebook.com\/sunoresearch","og_image":[{"width":1400,"height":788,"url":"https:\/\/files.sunoresearch.com.br\/n\/uploads\/2020\/10\/a7b32088-oi.jpg","type":"image\/jpeg"}],"author":"Vinicius Pereira","twitter_card":"summary_large_image","twitter_creator":"@https:\/\/twitter.com\/viniciuspjornal","twitter_site":"@sunoresearch","twitter_misc":{"Escrito por":"Vinicius Pereira","Est. tempo de leitura":"4 minutos"},"schema":{"@context":"https:\/\/schema.org","@graph":[{"@type":"NewsArticle","@id":"https:\/\/www.suno.com.br\/noticias\/oi-oibr3-leilao-fim-recuperacao-judicial\/#article","isPartOf":{"@id":"https:\/\/www.suno.com.br\/noticias\/oi-oibr3-leilao-fim-recuperacao-judicial\/"},"author":{"name":"Vinicius Pereira","@id":"https:\/\/www.suno.com.br\/noticias\/#\/schema\/person\/a20761b96e4df7eb57f1f9e41be1dbf3"},"headline":"Oi (OIBR3): leil\u00e3o \u00e9 primeiro passo para fim da recupera\u00e7\u00e3o judicial","datePublished":"2020-11-26T23:02:09+00:00","dateModified":"2020-11-30T14:39:22+00:00","mainEntityOfPage":{"@id":"https:\/\/www.suno.com.br\/noticias\/oi-oibr3-leilao-fim-recuperacao-judicial\/"},"wordCount":733,"publisher":{"@id":"https:\/\/www.suno.com.br\/noticias\/#organization"},"image":{"@id":"https:\/\/www.suno.com.br\/noticias\/oi-oibr3-leilao-fim-recuperacao-judicial\/#primaryimage"},"thumbnailUrl":"https:\/\/files.sunoresearch.com.br\/n\/uploads\/2020\/10\/a7b32088-oi-jpg.webp","keywords":["Oi (OIBR3\/OIBR4)"],"articleSection":["Neg\u00f3cios"],"inLanguage":"pt-BR"},{"@type":"WebPage","@id":"https:\/\/www.suno.com.br\/noticias\/oi-oibr3-leilao-fim-recuperacao-judicial\/","url":"https:\/\/www.suno.com.br\/noticias\/oi-oibr3-leilao-fim-recuperacao-judicial\/","name":"Oi (OIBR3): leil\u00e3o \u00e9 primeiro passo para fim da recupera\u00e7\u00e3o judicial","isPartOf":{"@id":"https:\/\/www.suno.com.br\/noticias\/#website"},"primaryImageOfPage":{"@id":"https:\/\/www.suno.com.br\/noticias\/oi-oibr3-leilao-fim-recuperacao-judicial\/#primaryimage"},"image":{"@id":"https:\/\/www.suno.com.br\/noticias\/oi-oibr3-leilao-fim-recuperacao-judicial\/#primaryimage"},"thumbnailUrl":"https:\/\/files.sunoresearch.com.br\/n\/uploads\/2020\/10\/a7b32088-oi-jpg.webp","datePublished":"2020-11-26T23:02:09+00:00","dateModified":"2020-11-30T14:39:22+00:00","description":"Segundo o SUNO Not\u00edcias apurou, leil\u00e3o n\u00e3o empolgou executivos da empresa, mas \u00e9 considerado primeiro passo para fim da RJ. Clique para ler.","breadcrumb":{"@id":"https:\/\/www.suno.com.br\/noticias\/oi-oibr3-leilao-fim-recuperacao-judicial\/#breadcrumb"},"inLanguage":"pt-BR","potentialAction":[{"@type":"ReadAction","target":["https:\/\/www.suno.com.br\/noticias\/oi-oibr3-leilao-fim-recuperacao-judicial\/"]}]},{"@type":"ImageObject","inLanguage":"pt-BR","@id":"https:\/\/www.suno.com.br\/noticias\/oi-oibr3-leilao-fim-recuperacao-judicial\/#primaryimage","url":"https:\/\/files.sunoresearch.com.br\/n\/uploads\/2020\/10\/a7b32088-oi-jpg.webp","contentUrl":"https:\/\/files.sunoresearch.com.br\/n\/uploads\/2020\/10\/a7b32088-oi-jpg.webp","width":1400,"height":788,"caption":"Oi (divulga\u00e7\u00e3o)."},{"@type":"BreadcrumbList","@id":"https:\/\/www.suno.com.br\/noticias\/oi-oibr3-leilao-fim-recuperacao-judicial\/#breadcrumb","itemListElement":[{"@type":"ListItem","position":1,"name":"Not\u00edcias","item":"https:\/\/www.suno.com.br\/noticias\/"},{"@type":"ListItem","position":2,"name":"Neg\u00f3cios","item":"https:\/\/www.suno.com.br\/noticias\/negocios\/"},{"@type":"ListItem","position":3,"name":"Oi (OIBR3): leil\u00e3o \u00e9 primeiro passo para fim da recupera\u00e7\u00e3o judicial"}]},{"@type":"WebSite","@id":"https:\/\/www.suno.com.br\/noticias\/#website","url":"https:\/\/www.suno.com.br\/noticias\/","name":"Suno Not\u00edcias","description":"Seu portal de informa\u00e7\u00e3o sobre o mundo dos investimentos","publisher":{"@id":"https:\/\/www.suno.com.br\/noticias\/#organization"},"potentialAction":[{"@type":"SearchAction","target":{"@type":"EntryPoint","urlTemplate":"https:\/\/www.suno.com.br\/noticias\/?s={search_term_string}"},"query-input":{"@type":"PropertyValueSpecification","valueRequired":true,"valueName":"search_term_string"}}],"inLanguage":"pt-BR"},{"@type":"Organization","@id":"https:\/\/www.suno.com.br\/noticias\/#organization","name":"Suno Not\u00edcias","url":"https:\/\/www.suno.com.br\/noticias\/","logo":{"@type":"ImageObject","inLanguage":"pt-BR","@id":"https:\/\/www.suno.com.br\/noticias\/#\/schema\/logo\/image\/","url":"https:\/\/files.sunoresearch.com.br\/n\/uploads\/2021\/09\/suno-logo.png","contentUrl":"https:\/\/files.sunoresearch.com.br\/n\/uploads\/2021\/09\/suno-logo.png","width":180,"height":180,"caption":"Suno Not\u00edcias"},"image":{"@id":"https:\/\/www.suno.com.br\/noticias\/#\/schema\/logo\/image\/"},"sameAs":["https:\/\/facebook.com\/sunoresearch","https:\/\/x.com\/sunoresearch","https:\/\/www.instagram.com\/suno","https:\/\/www.linkedin.com\/company\/suno-research\/","https:\/\/www.youtube.com\/c\/sunoresearch"]},{"@type":"Person","@id":"https:\/\/www.suno.com.br\/noticias\/#\/schema\/person\/a20761b96e4df7eb57f1f9e41be1dbf3","name":"Vinicius Pereira","image":{"@type":"ImageObject","inLanguage":"pt-BR","@id":"https:\/\/www.suno.com.br\/noticias\/#\/schema\/person\/image\/","url":"https:\/\/secure.gravatar.com\/avatar\/783866b933198f5cc4c5d03fcc8b1301?s=96&r=g","contentUrl":"https:\/\/secure.gravatar.com\/avatar\/783866b933198f5cc4c5d03fcc8b1301?s=96&r=g","caption":"Vinicius Pereira"},"description":"Vinicius Pereira foi rep\u00f3rter de economia da Folha de S.Paulo, stringer do jornal no Canad\u00e1 e colaborador de VEJA. J\u00e1 escreveu tamb\u00e9m para BBC Brasil, The Intercept Brasil e UOL. Tem MBA em Informa\u00e7\u00f5es Econ\u00f4mico-Financeiras e Mercado de Capitais pela FIA\/B3.","sameAs":["https:\/\/x.com\/https:\/\/twitter.com\/viniciuspjornal"],"url":"https:\/\/www.suno.com.br\/noticias\/author\/vinicius-pereira\/"}]}},"default_loop_html":"<div class=\"cardsPage__listCard__boxs\"><div class=\"cardsPage__listCard__boxs__img\"><a href=\"https:\/\/www.suno.com.br\/noticias\/oi-oibr3-leilao-fim-recuperacao-judicial\/\"><img class=\"mask\" src=\"https:\/\/www.suno.com.br\/noticias\/wp-content\/themes\/suno\/resources\/images\/spotlight\/spotlight1img\/bg-mask.png\" alt=\"Image Mask\"\/><img src=\"https:\/\/files.sunoresearch.com.br\/n\/uploads\/2020\/10\/a7b32088-oi-400x200.webp\" alt=\"Oi (OIBR3): leil\u00e3o \u00e9 primeiro passo para fim da recupera\u00e7\u00e3o judicial\"\/><\/a><span class=\"spotlightCategory\"><a href=\"https:\/\/www.suno.com.br\/noticias\/negocios\/\">Neg\u00f3cios<\/a><\/span><\/div><div class=\"cardsPage__listCard__boxs__content\"><a href=\"https:\/\/www.suno.com.br\/noticias\/oi-oibr3-leilao-fim-recuperacao-judicial\/\"><h2 class=\"content__title\">Oi (OIBR3): leil\u00e3o \u00e9 primeiro passo para fim da recupera\u00e7\u00e3o judicial<\/h2><\/a><div class=\"newsContent__article__meta\"><div class=\"newsContent__article__meta__authorBox\"><a href=\"https:\/\/www.suno.com.br\/noticias\/author\/vinicius-pereira\/\" class=\"authorBox__avatar noMobi\"><img src=\"https:\/\/files.sunoresearch.com.br\/n\/uploads\/2020\/08\/77510613-whatsapp-image-2020-08-03-at-13.40.40-150x150.webp\" alt=\"Vinicius Pereira\"><\/a><div class=\"authorBox__name\"><span>por\n\t\t\t<a href=\"https:\/\/www.suno.com.br\/noticias\/author\/vinicius-pereira\/\"><span itemprop=\"author\">Vinicius Pereira<\/span><\/a><\/span><time datetime=\"2020-11-26T20:02:09-03:00\" itemprop=\"datePublished\">26\/11\/2020 20:02<\/time><\/div><\/div><\/div><\/div><\/div>","single_layout":"posts","amp_enabled":true,"_links":{"self":[{"href":"https:\/\/www.suno.com.br\/noticias\/wp-json\/wp\/v2\/posts\/103511"}],"collection":[{"href":"https:\/\/www.suno.com.br\/noticias\/wp-json\/wp\/v2\/posts"}],"about":[{"href":"https:\/\/www.suno.com.br\/noticias\/wp-json\/wp\/v2\/types\/post"}],"author":[{"embeddable":true,"href":"https:\/\/www.suno.com.br\/noticias\/wp-json\/wp\/v2\/users\/27"}],"replies":[{"embeddable":true,"href":"https:\/\/www.suno.com.br\/noticias\/wp-json\/wp\/v2\/comments?post=103511"}],"version-history":[{"count":0,"href":"https:\/\/www.suno.com.br\/noticias\/wp-json\/wp\/v2\/posts\/103511\/revisions"}],"wp:featuredmedia":[{"embeddable":true,"href":"https:\/\/www.suno.com.br\/noticias\/wp-json\/wp\/v2\/media\/90190"}],"wp:attachment":[{"href":"https:\/\/www.suno.com.br\/noticias\/wp-json\/wp\/v2\/media?parent=103511"}],"wp:term":[{"taxonomy":"category","embeddable":true,"href":"https:\/\/www.suno.com.br\/noticias\/wp-json\/wp\/v2\/categories?post=103511"},{"taxonomy":"post_tag","embeddable":true,"href":"https:\/\/www.suno.com.br\/noticias\/wp-json\/wp\/v2\/tags?post=103511"},{"taxonomy":"suno_strategy","embeddable":true,"href":"https:\/\/www.suno.com.br\/noticias\/wp-json\/wp\/v2\/suno_strategy?post=103511"}],"curies":[{"name":"wp","href":"https:\/\/api.w.org\/{rel}","templated":true}]}}