{"id":10344,"date":"2019-01-04T13:12:55","date_gmt":"2019-01-04T15:12:55","guid":{"rendered":"https:\/\/www.suno.com.br\/noticias\/?p=10344"},"modified":"2019-01-04T13:17:17","modified_gmt":"2019-01-04T15:17:17","slug":"ceo-petrobras-competicao","status":"publish","type":"post","link":"https:\/\/www.suno.com.br\/noticias\/ceo-petrobras-competicao\/","title":{"rendered":"Novo CEO da Petrobras defende aumento da competi\u00e7\u00e3o no setor"},"content":{"rendered":"<p>O novo CEO da Petrobras, Roberto Castello Branco, tomou posse na quinta-feira (03) na sede da companhia, no Rio Janeiro. Em seu discurso, Castello Branco defendeu o aumento da competi\u00e7\u00e3o no setor petroleiro do pa\u00eds, justificando que a pr\u00e1tica beneficiaria os consumidores brasileiros.<\/p>\t<div class=\"wrapper-featured-image\">\n\t\t<figure class=\"spotlightImg\">\n\n\t\t\t<picture>\n\t\t\t\t<source media=\"(max-width: 768px)\" srcset=\"https:\/\/files.sunoresearch.com.br\/n\/uploads\/2018\/12\/49f6cb65-petrobras-400x200.webp\">\n\t\t\t\t<img loading=\"lazy\" decoding=\"async\" class=\"newsContent__article__imgCapa lazyloadDisabled newsContent__article__imgCapa--noCaption\" src=\"https:\/\/files.sunoresearch.com.br\/n\/uploads\/2018\/12\/49f6cb65-petrobras-800x450.webp\" width=\"800\" height=\"450\" alt=\"Novo CEO da Petrobras defende aumento da competi\u00e7\u00e3o no setor\" fetchpriority=high \/>\n\t\t\t<\/picture>\n\n\t\t\t<figcaption class=\"wp-caption-text wp-caption-text--hide\">A Petrobras fechou a compra da plataforma P-71, em fase final de constru\u00e7\u00e3o no Esp\u00edrito Santo, por US$ 353 milh\u00f5es<\/figcaption>\n\t\t<\/figure>\n\t<\/div>\n\n\n<p>\u201cAbrindo a economia, tendo mais competidores. Quanto maior a competi\u00e7\u00e3o, o benef\u00edcio se d\u00e1 em favor do consumidor. Se n\u00f3s tivermos um \u00fanico produtor, n\u00e3o ser\u00e1 bom para quem consome\u201d, declarou o CEO da <strong>Petrobras<\/strong>.<\/p>\n<p><a href=\"https:\/\/www.suno.com.br\/noticias\/presidente-petrobras-fim-subsidios\/\">Saiba mais &#8211;\u00a0Subs\u00eddios a combust\u00edveis acabar\u00e3o, diz novo presidente da Petrobras\u00a0<\/a><\/p>\n<p>O presidente-executivo explicou o conceito de pre\u00e7o justo do produto. O conceito tamb\u00e9m \u00e9 defendido pelo diretor-geral da Ag\u00eancia Nacional de Petr\u00f3leo, Biocombust\u00edveis e G\u00e1s Natural (ANP), D\u00e9cio Odone, e pelo ministro de Minas e Energia, Bento Albuquerque.<\/p>\n<p>\u201cA Petrobras seguir\u00e1 o pre\u00e7o de paridade internacional, sem subs\u00eddios e sem explora\u00e7\u00e3o de poder de monop\u00f3lio. N\u00f3s somos amantes da competi\u00e7\u00e3o e detestamos a solid\u00e3o nos mercados. Queremos companhias, queremos competir\u201d, disse Castello Branco.<\/p>\n<p>Segundo o CEO, ser\u00e1 desta forma que a redu\u00e7\u00e3o dos pre\u00e7os dos combust\u00edveis ser\u00e1 percebida pela popula\u00e7\u00e3o.<\/p>\n<p>\u201cOs pre\u00e7os de mercado s\u00e3o um farol do que podemos produzir mais ou menos\u201d, completou.<\/p>\n<p><a href=\"https:\/\/www.suno.com.br\/noticias\/presidente-conselho-petrobras-renuncia\/\">Saiba mais &#8211;\u00a0Presidente de Conselho da Petrobras renuncia ao cargo\u00a0<\/a><\/p>\n<p><a href=\"https:\/\/www.suno.com.br\/noticias\/petrobras-joint-venture-energia-renovavel\/\">Saiba mais &#8211;\u00a0Petrobras criar\u00e1 joint-venture na \u00e1rea de energia renov\u00e1vel<\/a><\/p>\n<h2>Campe\u00e3<\/h2>\n<p>O CEO disse que pretende transformar a Petrobras em uma empresa campe\u00e3, visto que a gest\u00e3o tem apenas atuado no rebaixamento da companhia.<\/p>\n<p>Castello Branco est\u00e1 disposto a aplicar a cartilha liberal, de competi\u00e7\u00e3o e pre\u00e7os livres, perseguida pela equipe econ\u00f4mica do novo governo.<\/p>\n<p>\u201cO Brasil \u00e9 muito rico em recursos naturais e tem um potencial imenso para explorar, especialmente na minera\u00e7\u00e3o e no petr\u00f3leo [&#8230;] Parecemos envergonhados em explorar <a href=\"https:\/\/www.suno.com.br\/artigos\/o-que-commodities\/\">commodities<\/a>. Vamos explorar os recursos e produzir valor para o Brasil\u201d, acrescentou.<\/p>\n<p>O presidente da <strong>Petrobras<\/strong> tamb\u00e9m demonstrou interesse em impulsionar o segmento de g\u00e1s natural, mencionando o exemplo japon\u00eas, que utiliza o combust\u00edvel para fins automotivos.<\/p>\n","protected":false},"excerpt":{"rendered":"<p>O novo CEO da Petrobras, Roberto Castello Branco, tomou posse na quinta-feira (03) na sede da companhia, no Rio Janeiro. Em seu discurso, Castello Branco defendeu o aumento da competi\u00e7\u00e3o no setor petroleiro do pa\u00eds, justificando que a pr\u00e1tica beneficiaria os consumidores brasileiros. A Petrobras fechou a compra da plataforma P-71, em fase final de [&hellip;]<\/p>\n","protected":false},"author":12,"featured_media":7748,"comment_status":"closed","ping_status":"closed","sticky":false,"template":"","format":"standard","meta":[],"categories":[64],"tags":[],"suno_strategy":[],"class_list":["post-10344","post","type-post","status-publish","format-standard","has-post-thumbnail","hentry","category-negocios"],"yoast_head":"<!-- This site is optimized with the Yoast SEO plugin v24.4 - https:\/\/yoast.com\/wordpress\/plugins\/seo\/ -->\n<title>Novo CEO da Petrobras defende aumento da competi\u00e7\u00e3o no setor<\/title>\n<meta name=\"description\" content=\"O novo CEO da Petrobras tomou posse na quinta-feira (03) e defendeu o aumento da competi\u00e7\u00e3o no setor. Clique para saber mais.\" \/>\n<meta name=\"robots\" content=\"index, follow, max-snippet:-1, max-image-preview:large, max-video-preview:-1\" \/>\n<link rel=\"canonical\" href=\"https:\/\/www.suno.com.br\/noticias\/ceo-petrobras-competicao\/\" \/>\n<meta property=\"og:locale\" content=\"pt_BR\" \/>\n<meta property=\"og:type\" content=\"article\" \/>\n<meta property=\"og:title\" content=\"Novo CEO da Petrobras defende aumento da competi\u00e7\u00e3o no setor\" \/>\n<meta property=\"og:description\" content=\"O novo CEO da Petrobras tomou posse na quinta-feira (03) e defendeu o aumento da competi\u00e7\u00e3o no setor. Clique para saber mais.\" \/>\n<meta property=\"og:url\" content=\"https:\/\/www.suno.com.br\/noticias\/ceo-petrobras-competicao\/\" \/>\n<meta property=\"og:site_name\" content=\"Suno Not\u00edcias\" \/>\n<meta property=\"article:publisher\" content=\"https:\/\/facebook.com\/sunoresearch\" \/>\n<meta property=\"og:image\" content=\"https:\/\/files.sunoresearch.com.br\/n\/uploads\/2018\/12\/49f6cb65-petrobras.jpg\" \/>\n\t<meta property=\"og:image:width\" content=\"1346\" \/>\n\t<meta property=\"og:image:height\" content=\"861\" \/>\n\t<meta property=\"og:image:type\" content=\"image\/jpeg\" \/>\n<meta name=\"author\" content=\"Amanda Gushiken\" \/>\n<meta name=\"twitter:card\" content=\"summary_large_image\" \/>\n<meta name=\"twitter:creator\" content=\"@sunoresearch\" \/>\n<meta name=\"twitter:site\" content=\"@sunoresearch\" \/>\n<meta name=\"twitter:label1\" content=\"Escrito por\" \/>\n\t<meta name=\"twitter:data1\" content=\"Amanda Gushiken\" \/>\n\t<meta name=\"twitter:label2\" content=\"Est. tempo de leitura\" \/>\n\t<meta name=\"twitter:data2\" content=\"2 minutos\" \/>\n<script type=\"application\/ld+json\" class=\"yoast-schema-graph\">{\"@context\":\"https:\/\/schema.org\",\"@graph\":[{\"@type\":\"NewsArticle\",\"@id\":\"https:\/\/www.suno.com.br\/noticias\/ceo-petrobras-competicao\/#article\",\"isPartOf\":{\"@id\":\"https:\/\/www.suno.com.br\/noticias\/ceo-petrobras-competicao\/\"},\"author\":{\"name\":\"Amanda Gushiken\",\"@id\":\"https:\/\/www.suno.com.br\/noticias\/#\/schema\/person\/a5b06fa4e879d8e8e119c6ed3cd630d1\"},\"headline\":\"Novo CEO da Petrobras defende aumento da competi\u00e7\u00e3o no setor\",\"datePublished\":\"2019-01-04T15:12:55+00:00\",\"dateModified\":\"2019-01-04T15:17:17+00:00\",\"mainEntityOfPage\":{\"@id\":\"https:\/\/www.suno.com.br\/noticias\/ceo-petrobras-competicao\/\"},\"wordCount\":373,\"publisher\":{\"@id\":\"https:\/\/www.suno.com.br\/noticias\/#organization\"},\"image\":{\"@id\":\"https:\/\/www.suno.com.br\/noticias\/ceo-petrobras-competicao\/#primaryimage\"},\"thumbnailUrl\":\"https:\/\/files.sunoresearch.com.br\/n\/uploads\/2018\/12\/49f6cb65-petrobras-jpg.webp\",\"articleSection\":[\"Neg\u00f3cios\"],\"inLanguage\":\"pt-BR\"},{\"@type\":\"WebPage\",\"@id\":\"https:\/\/www.suno.com.br\/noticias\/ceo-petrobras-competicao\/\",\"url\":\"https:\/\/www.suno.com.br\/noticias\/ceo-petrobras-competicao\/\",\"name\":\"Novo CEO da Petrobras defende aumento da competi\u00e7\u00e3o no setor\",\"isPartOf\":{\"@id\":\"https:\/\/www.suno.com.br\/noticias\/#website\"},\"primaryImageOfPage\":{\"@id\":\"https:\/\/www.suno.com.br\/noticias\/ceo-petrobras-competicao\/#primaryimage\"},\"image\":{\"@id\":\"https:\/\/www.suno.com.br\/noticias\/ceo-petrobras-competicao\/#primaryimage\"},\"thumbnailUrl\":\"https:\/\/files.sunoresearch.com.br\/n\/uploads\/2018\/12\/49f6cb65-petrobras-jpg.webp\",\"datePublished\":\"2019-01-04T15:12:55+00:00\",\"dateModified\":\"2019-01-04T15:17:17+00:00\",\"description\":\"O novo CEO da Petrobras tomou posse na quinta-feira (03) e defendeu o aumento da competi\u00e7\u00e3o no setor. Clique para saber mais.\",\"breadcrumb\":{\"@id\":\"https:\/\/www.suno.com.br\/noticias\/ceo-petrobras-competicao\/#breadcrumb\"},\"inLanguage\":\"pt-BR\",\"potentialAction\":[{\"@type\":\"ReadAction\",\"target\":[\"https:\/\/www.suno.com.br\/noticias\/ceo-petrobras-competicao\/\"]}]},{\"@type\":\"ImageObject\",\"inLanguage\":\"pt-BR\",\"@id\":\"https:\/\/www.suno.com.br\/noticias\/ceo-petrobras-competicao\/#primaryimage\",\"url\":\"https:\/\/files.sunoresearch.com.br\/n\/uploads\/2018\/12\/49f6cb65-petrobras-jpg.webp\",\"contentUrl\":\"https:\/\/files.sunoresearch.com.br\/n\/uploads\/2018\/12\/49f6cb65-petrobras-jpg.webp\",\"width\":1346,\"height\":861,\"caption\":\"A Petrobras fechou a compra da plataforma P-71, em fase final de constru\u00e7\u00e3o no Esp\u00edrito Santo, por US$ 353 milh\u00f5es\"},{\"@type\":\"BreadcrumbList\",\"@id\":\"https:\/\/www.suno.com.br\/noticias\/ceo-petrobras-competicao\/#breadcrumb\",\"itemListElement\":[{\"@type\":\"ListItem\",\"position\":1,\"name\":\"Not\u00edcias\",\"item\":\"https:\/\/www.suno.com.br\/noticias\/\"},{\"@type\":\"ListItem\",\"position\":2,\"name\":\"Neg\u00f3cios\",\"item\":\"https:\/\/www.suno.com.br\/noticias\/negocios\/\"},{\"@type\":\"ListItem\",\"position\":3,\"name\":\"Novo CEO da Petrobras defende aumento da competi\u00e7\u00e3o no setor\"}]},{\"@type\":\"WebSite\",\"@id\":\"https:\/\/www.suno.com.br\/noticias\/#website\",\"url\":\"https:\/\/www.suno.com.br\/noticias\/\",\"name\":\"Suno Not\u00edcias\",\"description\":\"Seu portal de informa\u00e7\u00e3o sobre o mundo dos investimentos\",\"publisher\":{\"@id\":\"https:\/\/www.suno.com.br\/noticias\/#organization\"},\"potentialAction\":[{\"@type\":\"SearchAction\",\"target\":{\"@type\":\"EntryPoint\",\"urlTemplate\":\"https:\/\/www.suno.com.br\/noticias\/?s={search_term_string}\"},\"query-input\":{\"@type\":\"PropertyValueSpecification\",\"valueRequired\":true,\"valueName\":\"search_term_string\"}}],\"inLanguage\":\"pt-BR\"},{\"@type\":\"Organization\",\"@id\":\"https:\/\/www.suno.com.br\/noticias\/#organization\",\"name\":\"Suno Not\u00edcias\",\"url\":\"https:\/\/www.suno.com.br\/noticias\/\",\"logo\":{\"@type\":\"ImageObject\",\"inLanguage\":\"pt-BR\",\"@id\":\"https:\/\/www.suno.com.br\/noticias\/#\/schema\/logo\/image\/\",\"url\":\"https:\/\/files.sunoresearch.com.br\/n\/uploads\/2021\/09\/suno-logo.png\",\"contentUrl\":\"https:\/\/files.sunoresearch.com.br\/n\/uploads\/2021\/09\/suno-logo.png\",\"width\":180,\"height\":180,\"caption\":\"Suno Not\u00edcias\"},\"image\":{\"@id\":\"https:\/\/www.suno.com.br\/noticias\/#\/schema\/logo\/image\/\"},\"sameAs\":[\"https:\/\/facebook.com\/sunoresearch\",\"https:\/\/x.com\/sunoresearch\",\"https:\/\/www.instagram.com\/suno\",\"https:\/\/www.linkedin.com\/company\/suno-research\/\",\"https:\/\/www.youtube.com\/c\/sunoresearch\"]},{\"@type\":\"Person\",\"@id\":\"https:\/\/www.suno.com.br\/noticias\/#\/schema\/person\/a5b06fa4e879d8e8e119c6ed3cd630d1\",\"name\":\"Amanda Gushiken\",\"image\":{\"@type\":\"ImageObject\",\"inLanguage\":\"pt-BR\",\"@id\":\"https:\/\/www.suno.com.br\/noticias\/#\/schema\/person\/image\/\",\"url\":\"https:\/\/secure.gravatar.com\/avatar\/ecd84705e6b65e3685ae80d725501fbe?s=96&r=g\",\"contentUrl\":\"https:\/\/secure.gravatar.com\/avatar\/ecd84705e6b65e3685ae80d725501fbe?s=96&r=g\",\"caption\":\"Amanda Gushiken\"},\"description\":\"Amanda Sayuri Gushiken escreve sobre finan\u00e7as e neg\u00f3cios para o portal Suno Not\u00edcias. Antes, trabalhou selecionando not\u00edcias da imprensa para clientes do mercado financeiro. Tamb\u00e9m desenvolveu pesquisa acad\u00eamica pela Universidade Anhembi Morumbi na \u00e1rea de Teorias da Comunica\u00e7\u00e3o e \u00e9 fot\u00f3grafa nas horas vagas.\",\"url\":\"https:\/\/www.suno.com.br\/noticias\/author\/amanda\/\"}]}<\/script>\n<!-- \/ Yoast SEO plugin. -->","yoast_head_json":{"title":"Novo CEO da Petrobras defende aumento da competi\u00e7\u00e3o no setor","description":"O novo CEO da Petrobras tomou posse na quinta-feira (03) e defendeu o aumento da competi\u00e7\u00e3o no setor. Clique para saber mais.","robots":{"index":"index","follow":"follow","max-snippet":"max-snippet:-1","max-image-preview":"max-image-preview:large","max-video-preview":"max-video-preview:-1"},"canonical":"https:\/\/www.suno.com.br\/noticias\/ceo-petrobras-competicao\/","og_locale":"pt_BR","og_type":"article","og_title":"Novo CEO da Petrobras defende aumento da competi\u00e7\u00e3o no setor","og_description":"O novo CEO da Petrobras tomou posse na quinta-feira (03) e defendeu o aumento da competi\u00e7\u00e3o no setor. Clique para saber mais.","og_url":"https:\/\/www.suno.com.br\/noticias\/ceo-petrobras-competicao\/","og_site_name":"Suno Not\u00edcias","article_publisher":"https:\/\/facebook.com\/sunoresearch","og_image":[{"width":1346,"height":861,"url":"https:\/\/files.sunoresearch.com.br\/n\/uploads\/2018\/12\/49f6cb65-petrobras.jpg","type":"image\/jpeg"}],"author":"Amanda Gushiken","twitter_card":"summary_large_image","twitter_creator":"@sunoresearch","twitter_site":"@sunoresearch","twitter_misc":{"Escrito por":"Amanda Gushiken","Est. tempo de leitura":"2 minutos"},"schema":{"@context":"https:\/\/schema.org","@graph":[{"@type":"NewsArticle","@id":"https:\/\/www.suno.com.br\/noticias\/ceo-petrobras-competicao\/#article","isPartOf":{"@id":"https:\/\/www.suno.com.br\/noticias\/ceo-petrobras-competicao\/"},"author":{"name":"Amanda Gushiken","@id":"https:\/\/www.suno.com.br\/noticias\/#\/schema\/person\/a5b06fa4e879d8e8e119c6ed3cd630d1"},"headline":"Novo CEO da Petrobras defende aumento da competi\u00e7\u00e3o no setor","datePublished":"2019-01-04T15:12:55+00:00","dateModified":"2019-01-04T15:17:17+00:00","mainEntityOfPage":{"@id":"https:\/\/www.suno.com.br\/noticias\/ceo-petrobras-competicao\/"},"wordCount":373,"publisher":{"@id":"https:\/\/www.suno.com.br\/noticias\/#organization"},"image":{"@id":"https:\/\/www.suno.com.br\/noticias\/ceo-petrobras-competicao\/#primaryimage"},"thumbnailUrl":"https:\/\/files.sunoresearch.com.br\/n\/uploads\/2018\/12\/49f6cb65-petrobras-jpg.webp","articleSection":["Neg\u00f3cios"],"inLanguage":"pt-BR"},{"@type":"WebPage","@id":"https:\/\/www.suno.com.br\/noticias\/ceo-petrobras-competicao\/","url":"https:\/\/www.suno.com.br\/noticias\/ceo-petrobras-competicao\/","name":"Novo CEO da Petrobras defende aumento da competi\u00e7\u00e3o no setor","isPartOf":{"@id":"https:\/\/www.suno.com.br\/noticias\/#website"},"primaryImageOfPage":{"@id":"https:\/\/www.suno.com.br\/noticias\/ceo-petrobras-competicao\/#primaryimage"},"image":{"@id":"https:\/\/www.suno.com.br\/noticias\/ceo-petrobras-competicao\/#primaryimage"},"thumbnailUrl":"https:\/\/files.sunoresearch.com.br\/n\/uploads\/2018\/12\/49f6cb65-petrobras-jpg.webp","datePublished":"2019-01-04T15:12:55+00:00","dateModified":"2019-01-04T15:17:17+00:00","description":"O novo CEO da Petrobras tomou posse na quinta-feira (03) e defendeu o aumento da competi\u00e7\u00e3o no setor. Clique para saber mais.","breadcrumb":{"@id":"https:\/\/www.suno.com.br\/noticias\/ceo-petrobras-competicao\/#breadcrumb"},"inLanguage":"pt-BR","potentialAction":[{"@type":"ReadAction","target":["https:\/\/www.suno.com.br\/noticias\/ceo-petrobras-competicao\/"]}]},{"@type":"ImageObject","inLanguage":"pt-BR","@id":"https:\/\/www.suno.com.br\/noticias\/ceo-petrobras-competicao\/#primaryimage","url":"https:\/\/files.sunoresearch.com.br\/n\/uploads\/2018\/12\/49f6cb65-petrobras-jpg.webp","contentUrl":"https:\/\/files.sunoresearch.com.br\/n\/uploads\/2018\/12\/49f6cb65-petrobras-jpg.webp","width":1346,"height":861,"caption":"A Petrobras fechou a compra da plataforma P-71, em fase final de constru\u00e7\u00e3o no Esp\u00edrito Santo, por US$ 353 milh\u00f5es"},{"@type":"BreadcrumbList","@id":"https:\/\/www.suno.com.br\/noticias\/ceo-petrobras-competicao\/#breadcrumb","itemListElement":[{"@type":"ListItem","position":1,"name":"Not\u00edcias","item":"https:\/\/www.suno.com.br\/noticias\/"},{"@type":"ListItem","position":2,"name":"Neg\u00f3cios","item":"https:\/\/www.suno.com.br\/noticias\/negocios\/"},{"@type":"ListItem","position":3,"name":"Novo CEO da Petrobras defende aumento da competi\u00e7\u00e3o no setor"}]},{"@type":"WebSite","@id":"https:\/\/www.suno.com.br\/noticias\/#website","url":"https:\/\/www.suno.com.br\/noticias\/","name":"Suno Not\u00edcias","description":"Seu portal de informa\u00e7\u00e3o sobre o mundo dos investimentos","publisher":{"@id":"https:\/\/www.suno.com.br\/noticias\/#organization"},"potentialAction":[{"@type":"SearchAction","target":{"@type":"EntryPoint","urlTemplate":"https:\/\/www.suno.com.br\/noticias\/?s={search_term_string}"},"query-input":{"@type":"PropertyValueSpecification","valueRequired":true,"valueName":"search_term_string"}}],"inLanguage":"pt-BR"},{"@type":"Organization","@id":"https:\/\/www.suno.com.br\/noticias\/#organization","name":"Suno Not\u00edcias","url":"https:\/\/www.suno.com.br\/noticias\/","logo":{"@type":"ImageObject","inLanguage":"pt-BR","@id":"https:\/\/www.suno.com.br\/noticias\/#\/schema\/logo\/image\/","url":"https:\/\/files.sunoresearch.com.br\/n\/uploads\/2021\/09\/suno-logo.png","contentUrl":"https:\/\/files.sunoresearch.com.br\/n\/uploads\/2021\/09\/suno-logo.png","width":180,"height":180,"caption":"Suno Not\u00edcias"},"image":{"@id":"https:\/\/www.suno.com.br\/noticias\/#\/schema\/logo\/image\/"},"sameAs":["https:\/\/facebook.com\/sunoresearch","https:\/\/x.com\/sunoresearch","https:\/\/www.instagram.com\/suno","https:\/\/www.linkedin.com\/company\/suno-research\/","https:\/\/www.youtube.com\/c\/sunoresearch"]},{"@type":"Person","@id":"https:\/\/www.suno.com.br\/noticias\/#\/schema\/person\/a5b06fa4e879d8e8e119c6ed3cd630d1","name":"Amanda Gushiken","image":{"@type":"ImageObject","inLanguage":"pt-BR","@id":"https:\/\/www.suno.com.br\/noticias\/#\/schema\/person\/image\/","url":"https:\/\/secure.gravatar.com\/avatar\/ecd84705e6b65e3685ae80d725501fbe?s=96&r=g","contentUrl":"https:\/\/secure.gravatar.com\/avatar\/ecd84705e6b65e3685ae80d725501fbe?s=96&r=g","caption":"Amanda Gushiken"},"description":"Amanda Sayuri Gushiken escreve sobre finan\u00e7as e neg\u00f3cios para o portal Suno Not\u00edcias. Antes, trabalhou selecionando not\u00edcias da imprensa para clientes do mercado financeiro. Tamb\u00e9m desenvolveu pesquisa acad\u00eamica pela Universidade Anhembi Morumbi na \u00e1rea de Teorias da Comunica\u00e7\u00e3o e \u00e9 fot\u00f3grafa nas horas vagas.","url":"https:\/\/www.suno.com.br\/noticias\/author\/amanda\/"}]}},"default_loop_html":"<div class=\"cardsPage__listCard__boxs\"><div class=\"cardsPage__listCard__boxs__img\"><a href=\"https:\/\/www.suno.com.br\/noticias\/ceo-petrobras-competicao\/\"><img class=\"mask\" src=\"https:\/\/www.suno.com.br\/noticias\/wp-content\/themes\/suno\/resources\/images\/spotlight\/spotlight1img\/bg-mask.png\" alt=\"Image Mask\"\/><img src=\"https:\/\/files.sunoresearch.com.br\/n\/uploads\/2018\/12\/49f6cb65-petrobras-400x200.webp\" alt=\"Novo CEO da Petrobras defende aumento da competi\u00e7\u00e3o no setor\"\/><\/a><span class=\"spotlightCategory\"><a href=\"https:\/\/www.suno.com.br\/noticias\/negocios\/\">Neg\u00f3cios<\/a><\/span><\/div><div class=\"cardsPage__listCard__boxs__content\"><a href=\"https:\/\/www.suno.com.br\/noticias\/ceo-petrobras-competicao\/\"><h2 class=\"content__title\">Novo CEO da Petrobras defende aumento da competi\u00e7\u00e3o no setor<\/h2><\/a><div class=\"newsContent__article__meta\"><div class=\"newsContent__article__meta__authorBox\"><a href=\"https:\/\/www.suno.com.br\/noticias\/author\/amanda\/\" class=\"authorBox__avatar noMobi\"><img src=\"https:\/\/files.sunoresearch.com.br\/n\/uploads\/2018\/11\/c6ad30be-amanda-150x150.webp\" alt=\"Amanda Gushiken\"><\/a><div class=\"authorBox__name\"><span>por\n\t\t\t<a href=\"https:\/\/www.suno.com.br\/noticias\/author\/amanda\/\"><span itemprop=\"author\">Amanda Gushiken<\/span><\/a><\/span><time datetime=\"2019-01-04T13:12:55-02:00\" itemprop=\"datePublished\">04\/01\/2019 13:12<\/time><\/div><\/div><\/div><\/div><\/div>","single_layout":"posts","amp_enabled":true,"_links":{"self":[{"href":"https:\/\/www.suno.com.br\/noticias\/wp-json\/wp\/v2\/posts\/10344"}],"collection":[{"href":"https:\/\/www.suno.com.br\/noticias\/wp-json\/wp\/v2\/posts"}],"about":[{"href":"https:\/\/www.suno.com.br\/noticias\/wp-json\/wp\/v2\/types\/post"}],"author":[{"embeddable":true,"href":"https:\/\/www.suno.com.br\/noticias\/wp-json\/wp\/v2\/users\/12"}],"replies":[{"embeddable":true,"href":"https:\/\/www.suno.com.br\/noticias\/wp-json\/wp\/v2\/comments?post=10344"}],"version-history":[{"count":0,"href":"https:\/\/www.suno.com.br\/noticias\/wp-json\/wp\/v2\/posts\/10344\/revisions"}],"wp:featuredmedia":[{"embeddable":true,"href":"https:\/\/www.suno.com.br\/noticias\/wp-json\/wp\/v2\/media\/7748"}],"wp:attachment":[{"href":"https:\/\/www.suno.com.br\/noticias\/wp-json\/wp\/v2\/media?parent=10344"}],"wp:term":[{"taxonomy":"category","embeddable":true,"href":"https:\/\/www.suno.com.br\/noticias\/wp-json\/wp\/v2\/categories?post=10344"},{"taxonomy":"post_tag","embeddable":true,"href":"https:\/\/www.suno.com.br\/noticias\/wp-json\/wp\/v2\/tags?post=10344"},{"taxonomy":"suno_strategy","embeddable":true,"href":"https:\/\/www.suno.com.br\/noticias\/wp-json\/wp\/v2\/suno_strategy?post=10344"}],"curies":[{"name":"wp","href":"https:\/\/api.w.org\/{rel}","templated":true}]}}