{"id":103427,"date":"2020-11-26T16:51:57","date_gmt":"2020-11-26T19:51:57","guid":{"rendered":"https:\/\/www.suno.com.br\/noticias\/?p=103427"},"modified":"2020-11-26T16:51:57","modified_gmt":"2020-11-26T19:51:57","slug":"governo-central-deficit-outubro","status":"publish","type":"post","link":"https:\/\/www.suno.com.br\/noticias\/governo-central-deficit-outubro\/","title":{"rendered":"Governo Central tem d\u00e9ficit de R$ 3,564 bilh\u00f5es em outubro"},"content":{"rendered":"<p>O <a href=\"https:\/\/www.suno.com.br\/artigos\/c\/tesouro-direto\/#:~:text=Ao%20investir%20em%20t%C3%ADtulos%20do,e%20administrados%20pelo%20Tesouro%20Nacional.\">Tesouro Nacional<\/a> informou nesta quinta-feira (26) que as contas do <strong>Governo Central<\/strong> registraram um <a href=\"https:\/\/www.suno.com.br\/artigos\/deficit-publico\/\">d\u00e9ficit prim\u00e1rio<\/a> de R$ 3,564 bilh\u00f5es em outubro. O montante equivale ao pior desempenho para o m\u00eas desde 2015.<\/p>\t<div class=\"wrapper-featured-image\">\n\t\t<figure class=\"spotlightImg\">\n\n\t\t\t<picture>\n\t\t\t\t<source media=\"(max-width: 768px)\" srcset=\"https:\/\/files.sunoresearch.com.br\/n\/uploads\/2020\/10\/95f968be-dinheiro-300x300-1-1-jpg.webp\">\n\t\t\t\t<img loading=\"lazy\" decoding=\"async\" class=\"newsContent__article__imgCapa lazyloadDisabled \" src=\"https:\/\/files.sunoresearch.com.br\/n\/uploads\/2020\/10\/95f968be-dinheiro-300x300-1-1-jpg.webp\" width=\"800\" height=\"450\" alt=\"Governo Central tem d\u00e9ficit de R$ 3,564 bilh\u00f5es em outubro\" fetchpriority=high \/>\n\t\t\t<\/picture>\n\n\t\t\t<figcaption class=\"wp-caption-text wp-caption-text--show\">As contas do Governo Central registraram um d\u00e9ficit prim\u00e1rio de R$ 3,564 bilh\u00f5es em outubro, o pior desempenho para o m\u00eas desde 2015.<\/figcaption>\n\t\t<\/figure>\n\t<\/div>\n\n\n\t<p>\n\t\t<a href=\"https:\/\/lp.suno.com.br\/planilha-controle-gastos\/\" target=\"_blank\" data-element=\"shortcode-suno-banner\" title=\"Banner SUNO, clique e saiba mais\">\n\t\t\t<picture>\n\t\t\t\t<source media=\"(max-width: 500px)\" srcset=\"https:\/\/files.sunoresearch.com.br\/n\/uploads\/2023\/03\/400x300-Planilha-controle-de-gastos.png\">\n\t\t\t\t<img class=\"newsContent__article__imgCapa newsContent__article__imgCapa--banner\"\n\t\t\t\t\tsrc=\"https:\/\/files.sunoresearch.com.br\/n\/uploads\/2023\/03\/1420x240-Planilha-controle-de-gastos.png\"\n\t\t\t\t\tdata-promo-id=\"101751\"\t\t\t\t\t\t\t\t\t\twidth='1420' height='240'\t\t\t\t\talt=\"https:\/\/files.sunoresearch.com.br\/n\/uploads\/2023\/03\/1420x240-Planilha-controle-de-gastos.png\"\n\t\t\t\t>\n\t\t\t<\/picture>\n\t\t<\/a>\n\t<\/p>\n\n\n<p>Em outubro de 2019, o <strong>d\u00e9ficit do Governo Central<\/strong> estava em R$ 8,684 bilh\u00f5es. Vale destacar que o resultado re\u00fane as contas do <strong>Tesouro Nacional<\/strong>, Previd\u00eancia Social e <a href=\"https:\/\/www.suno.com.br\/artigos\/bacen\/\"><strong>Banco Central<\/strong> (BC).<\/a><\/p>\n<p>No m\u00eas passado, as <strong>receitas<\/strong> reportaram um avan\u00e7o real de 9,6% na compara\u00e7\u00e3o anualizada, ao passo que as despesas avan\u00e7aram 21,8% ante outubro de 2019, j\u00e1 descontada a infla\u00e7\u00e3o, devido ao aumento dos gastos para fazer frente \u00e0 <a href=\"https:\/\/www.suno.com.br\/noticias\/tags\/coronavirus\/\">pandemia do novo coronav\u00edrus (Covid-19)<\/a>.<\/p>\n<p>Em rela\u00e7\u00e3o ao acumulado do ano at\u00e9 setembro, o resultado prim\u00e1rio \u00e9 negativo em R$ 680,974 bilh\u00f5es, ou seja, \u00e9 o pior desempenho para o per\u00edodo da s\u00e9rie hist\u00f3rica. Em compara\u00e7\u00e3o com o mesmo per\u00edodo em 2019, as receitas ca\u00edram 11,2% enquanto as despesas cresceram 42,7%.<\/p>\n\t<p>\n\t\t<a href=\"https:\/\/lp.suno.com.br\/planilha-controle-gastos\/\" target=\"_blank\" data-element=\"shortcode-suno-banner\" title=\"Banner SUNO, clique e saiba mais\">\n\t\t\t<picture>\n\t\t\t\t<source media=\"(max-width: 500px)\" srcset=\"https:\/\/files.sunoresearch.com.br\/n\/uploads\/2023\/03\/400x300-Planilha-controle-de-gastos.png\">\n\t\t\t\t<img class=\"newsContent__article__imgCapa newsContent__article__imgCapa--banner\"\n\t\t\t\t\tsrc=\"https:\/\/files.sunoresearch.com.br\/n\/uploads\/2023\/03\/1420x240-Planilha-controle-de-gastos.png\"\n\t\t\t\t\tdata-promo-id=\"101751\"\t\t\t\t\t\t\t\t\t\twidth='1420' height='240'\t\t\t\t\talt=\"https:\/\/files.sunoresearch.com.br\/n\/uploads\/2023\/03\/1420x240-Planilha-controle-de-gastos.png\"\n\t\t\t\t>\n\t\t\t<\/picture>\n\t\t<\/a>\n\t<\/p>\n\n\n<p>No per\u00edodo de 12 meses, o Governo Central j\u00e1 reporta um d\u00e9ficit de R$ 725,6 bilh\u00f5es, o que corresponde a 9,8% do <a href=\"https:\/\/www.suno.com.br\/artigos\/pib-produto-interno-bruto\/\">Produto Interno Bruto (PIB)<\/a><\/p>\n<h2>Teto de gastos<\/h2>\n<p>O Tesouro ainda apontou que as despesas sujeitas ao<strong> teto de gastou<\/strong> reportaram uma alta de 5% nos primeiros 10 meses do ano. No entanto, a conta n\u00e3o inclui os gastos extraordin\u00e1rios para combater a <strong>pandemia,<\/strong> uma vez que\u00a0 ficam de fora do teto por serem urgentes e imprevistos.<\/p>\n<p>Al\u00e9m disso, o Tesouro destacou a devolu\u00e7\u00e3o o de R$ 6,116 bilh\u00f5es em recursos p\u00fablicos que seriam usados pelo <strong>BNDES<\/strong> para subsidiar o Programa de Concess\u00f5es de Financiamento para Pagamento da Folha Salarial,\u00a0 o que ajudou no resultado do m\u00eas passado<\/p>\n<h2>Governo Central tem d\u00e9ficit prim\u00e1rio de R$ 76 bi em setembro<\/h2>\n<p>O <strong>G<\/strong><strong>overno Central <\/strong>registrou um <strong><a href=\"https:\/\/www.suno.com.br\/artigos\/deficit-publico\/\">d\u00e9ficit<\/a><\/strong> prim\u00e1rio de R$ 76,155 bilh\u00f5es em setembro, enquanto no mesmo per\u00edodo do ano passado as contas haviam ficado negativas em R$ 20,472 bilh\u00f5es.<\/p>\n<p>De acordo com os dados do governo central, o resultado negativo do per\u00edodo resultou de d\u00e9ficits de R$ 58,886 bilh\u00f5es, de R$ 17,226 bilh\u00f5es e de R$ 42 milh\u00f5es, do Tesouro Nacional,\u00a0Previd\u00eancia Social e do Banco Central, respectivamente.<\/p>\n\t<div data-element=\"shortcode-read-more\" class=\"knowMore\">\n\t\t\t\t<span class=\"knowMore__title\">Veja tamb\u00e9m<\/span>\n\t\t\t\t<a class=\"knowMore__link\" href=\"https:\/\/www.suno.com.br\/noticias\/economia-deficit-primario-2020-passa-861002-bi-para-844574-bi\/\">\n\t\t\tEconomia: d\u00e9ficit prim\u00e1rio de 2020 passa de R$ 861,002 bi para R$ 844,574 bi\t\t<\/a>\n\t<\/div>\n\n\n<p>Al\u00e9m disso, o d\u00e9ficit do\u00a0<strong>Governo Central<\/strong>\u00a0no acumulado do ano foi de R$ 677,436 bilh\u00f5es, o pior da s\u00e9rie. Ao passo que a meta fiscal deste ano previa um rombo de R$ 124,1 bilh\u00f5es, entretanto foi suspensa em fun\u00e7\u00e3o da decreta\u00e7\u00e3o do estado de calamidade p\u00fablica frente \u00e0 <a href=\"https:\/\/www.suno.com.br\/noticias\/tags\/coronavirus\/\">pandemia do novo coronav\u00edrus (Covid-19)<\/a>.<\/p>\n<p><em>Com informa\u00e7\u00f5es do Estad\u00e3o Conte\u00fado.<\/em><\/p>\n\t<p>\n\t\t<a href=\"https:\/\/lp.suno.com.br\/planilha-de-controle-de-investimentos\/\" target=\"_blank\" data-element=\"shortcode-suno-banner\" title=\"Banner SUNO, clique e saiba mais\">\n\t\t\t<picture>\n\t\t\t\t<source media=\"(max-width: 500px)\" srcset=\"https:\/\/files.sunoresearch.com.br\/n\/uploads\/2023\/03\/400x300-Controle-de-Investimentos.png\">\n\t\t\t\t<img class=\"newsContent__article__imgCapa newsContent__article__imgCapa--banner\"\n\t\t\t\t\tsrc=\"https:\/\/files.sunoresearch.com.br\/n\/uploads\/2023\/03\/1420x240-Controle-de-Investimentos.png\"\n\t\t\t\t\tdata-promo-id=\"75934\"\t\t\t\t\t\t\t\t\t\twidth='1420' height='240'\t\t\t\t\talt=\"https:\/\/files.sunoresearch.com.br\/n\/uploads\/2023\/03\/1420x240-Controle-de-Investimentos.png\"\n\t\t\t\t>\n\t\t\t<\/picture>\n\t\t<\/a>\n\t<\/p>\n\n\n","protected":false},"excerpt":{"rendered":"<p>O Tesouro Nacional informou nesta quinta-feira (26) que as contas do Governo Central registraram um d\u00e9ficit prim\u00e1rio de R$ 3,564 bilh\u00f5es em outubro. O montante equivale ao pior desempenho para o m\u00eas desde 2015. As contas do Governo Central registraram um d\u00e9ficit prim\u00e1rio de R$ 3,564 bilh\u00f5es em outubro, o pior desempenho para o m\u00eas [&hellip;]<\/p>\n","protected":false},"author":39,"featured_media":90744,"comment_status":"closed","ping_status":"closed","sticky":false,"template":"","format":"standard","meta":[],"categories":[62],"tags":[],"suno_strategy":[],"class_list":["post-103427","post","type-post","status-publish","format-standard","has-post-thumbnail","hentry","category-economia"],"yoast_head":"<!-- This site is optimized with the Yoast SEO plugin v24.4 - https:\/\/yoast.com\/wordpress\/plugins\/seo\/ -->\n<title>Governo Central tem d\u00e9ficit de R$ 3,564 bilh\u00f5es em outubro<\/title>\n<meta name=\"description\" content=\"As contas do Governo Central registraram um d\u00e9ficit prim\u00e1rio de R$ 3,564 bilh\u00f5es em outubro Clique aqui e saiba mais.\" \/>\n<meta name=\"robots\" content=\"index, follow, max-snippet:-1, max-image-preview:large, max-video-preview:-1\" \/>\n<link rel=\"canonical\" href=\"https:\/\/www.suno.com.br\/noticias\/governo-central-deficit-outubro\/\" \/>\n<meta property=\"og:locale\" content=\"pt_BR\" \/>\n<meta property=\"og:type\" content=\"article\" \/>\n<meta property=\"og:title\" content=\"Governo Central tem d\u00e9ficit de R$ 3,564 bilh\u00f5es em outubro\" \/>\n<meta property=\"og:description\" content=\"As contas do Governo Central registraram um d\u00e9ficit prim\u00e1rio de R$ 3,564 bilh\u00f5es em outubro Clique aqui e saiba mais.\" \/>\n<meta property=\"og:url\" content=\"https:\/\/www.suno.com.br\/noticias\/governo-central-deficit-outubro\/\" \/>\n<meta property=\"og:site_name\" content=\"Suno Not\u00edcias\" \/>\n<meta property=\"article:publisher\" content=\"https:\/\/facebook.com\/sunoresearch\" \/>\n<meta property=\"og:image\" content=\"https:\/\/files.sunoresearch.com.br\/n\/uploads\/2020\/10\/95f968be-dinheiro-300x300-1-1.jpg\" \/>\n\t<meta property=\"og:image:width\" content=\"300\" \/>\n\t<meta property=\"og:image:height\" content=\"300\" \/>\n\t<meta property=\"og:image:type\" content=\"image\/jpeg\" \/>\n<meta name=\"author\" content=\"Laura Moutinho\" \/>\n<meta name=\"twitter:card\" content=\"summary_large_image\" \/>\n<meta name=\"twitter:creator\" content=\"@sunoresearch\" \/>\n<meta name=\"twitter:site\" content=\"@sunoresearch\" \/>\n<meta name=\"twitter:label1\" content=\"Escrito por\" \/>\n\t<meta name=\"twitter:data1\" content=\"Laura Moutinho\" \/>\n\t<meta name=\"twitter:label2\" content=\"Est. tempo de leitura\" \/>\n\t<meta name=\"twitter:data2\" content=\"2 minutos\" \/>\n<script type=\"application\/ld+json\" class=\"yoast-schema-graph\">{\"@context\":\"https:\/\/schema.org\",\"@graph\":[{\"@type\":\"NewsArticle\",\"@id\":\"https:\/\/www.suno.com.br\/noticias\/governo-central-deficit-outubro\/#article\",\"isPartOf\":{\"@id\":\"https:\/\/www.suno.com.br\/noticias\/governo-central-deficit-outubro\/\"},\"author\":{\"name\":\"Laura Moutinho\",\"@id\":\"https:\/\/www.suno.com.br\/noticias\/#\/schema\/person\/3df0d2808748b74496efe5dbeaef2c72\"},\"headline\":\"Governo Central tem d\u00e9ficit de R$ 3,564 bilh\u00f5es em outubro\",\"datePublished\":\"2020-11-26T19:51:57+00:00\",\"mainEntityOfPage\":{\"@id\":\"https:\/\/www.suno.com.br\/noticias\/governo-central-deficit-outubro\/\"},\"wordCount\":469,\"publisher\":{\"@id\":\"https:\/\/www.suno.com.br\/noticias\/#organization\"},\"image\":{\"@id\":\"https:\/\/www.suno.com.br\/noticias\/governo-central-deficit-outubro\/#primaryimage\"},\"thumbnailUrl\":\"https:\/\/files.sunoresearch.com.br\/n\/uploads\/2020\/10\/95f968be-dinheiro-300x300-1-1-jpg.webp\",\"articleSection\":[\"Economia\"],\"inLanguage\":\"pt-BR\"},{\"@type\":\"WebPage\",\"@id\":\"https:\/\/www.suno.com.br\/noticias\/governo-central-deficit-outubro\/\",\"url\":\"https:\/\/www.suno.com.br\/noticias\/governo-central-deficit-outubro\/\",\"name\":\"Governo Central tem d\u00e9ficit de R$ 3,564 bilh\u00f5es em outubro\",\"isPartOf\":{\"@id\":\"https:\/\/www.suno.com.br\/noticias\/#website\"},\"primaryImageOfPage\":{\"@id\":\"https:\/\/www.suno.com.br\/noticias\/governo-central-deficit-outubro\/#primaryimage\"},\"image\":{\"@id\":\"https:\/\/www.suno.com.br\/noticias\/governo-central-deficit-outubro\/#primaryimage\"},\"thumbnailUrl\":\"https:\/\/files.sunoresearch.com.br\/n\/uploads\/2020\/10\/95f968be-dinheiro-300x300-1-1-jpg.webp\",\"datePublished\":\"2020-11-26T19:51:57+00:00\",\"description\":\"As contas do Governo Central registraram um d\u00e9ficit prim\u00e1rio de R$ 3,564 bilh\u00f5es em outubro Clique aqui e saiba mais.\",\"breadcrumb\":{\"@id\":\"https:\/\/www.suno.com.br\/noticias\/governo-central-deficit-outubro\/#breadcrumb\"},\"inLanguage\":\"pt-BR\",\"potentialAction\":[{\"@type\":\"ReadAction\",\"target\":[\"https:\/\/www.suno.com.br\/noticias\/governo-central-deficit-outubro\/\"]}]},{\"@type\":\"ImageObject\",\"inLanguage\":\"pt-BR\",\"@id\":\"https:\/\/www.suno.com.br\/noticias\/governo-central-deficit-outubro\/#primaryimage\",\"url\":\"https:\/\/files.sunoresearch.com.br\/n\/uploads\/2020\/10\/95f968be-dinheiro-300x300-1-1-jpg.webp\",\"contentUrl\":\"https:\/\/files.sunoresearch.com.br\/n\/uploads\/2020\/10\/95f968be-dinheiro-300x300-1-1-jpg.webp\",\"width\":300,\"height\":300,\"caption\":\"As contas do Governo Central registraram um d\u00e9ficit prim\u00e1rio de R$ 3,564 bilh\u00f5es em outubro, o pior desempenho para o m\u00eas desde 2015.\"},{\"@type\":\"BreadcrumbList\",\"@id\":\"https:\/\/www.suno.com.br\/noticias\/governo-central-deficit-outubro\/#breadcrumb\",\"itemListElement\":[{\"@type\":\"ListItem\",\"position\":1,\"name\":\"Not\u00edcias\",\"item\":\"https:\/\/www.suno.com.br\/noticias\/\"},{\"@type\":\"ListItem\",\"position\":2,\"name\":\"Economia\",\"item\":\"https:\/\/www.suno.com.br\/noticias\/economia\/\"},{\"@type\":\"ListItem\",\"position\":3,\"name\":\"Governo Central tem d\u00e9ficit de R$ 3,564 bilh\u00f5es em outubro\"}]},{\"@type\":\"WebSite\",\"@id\":\"https:\/\/www.suno.com.br\/noticias\/#website\",\"url\":\"https:\/\/www.suno.com.br\/noticias\/\",\"name\":\"Suno Not\u00edcias\",\"description\":\"Seu portal de informa\u00e7\u00e3o sobre o mundo dos investimentos\",\"publisher\":{\"@id\":\"https:\/\/www.suno.com.br\/noticias\/#organization\"},\"potentialAction\":[{\"@type\":\"SearchAction\",\"target\":{\"@type\":\"EntryPoint\",\"urlTemplate\":\"https:\/\/www.suno.com.br\/noticias\/?s={search_term_string}\"},\"query-input\":{\"@type\":\"PropertyValueSpecification\",\"valueRequired\":true,\"valueName\":\"search_term_string\"}}],\"inLanguage\":\"pt-BR\"},{\"@type\":\"Organization\",\"@id\":\"https:\/\/www.suno.com.br\/noticias\/#organization\",\"name\":\"Suno Not\u00edcias\",\"url\":\"https:\/\/www.suno.com.br\/noticias\/\",\"logo\":{\"@type\":\"ImageObject\",\"inLanguage\":\"pt-BR\",\"@id\":\"https:\/\/www.suno.com.br\/noticias\/#\/schema\/logo\/image\/\",\"url\":\"https:\/\/files.sunoresearch.com.br\/n\/uploads\/2021\/09\/suno-logo.png\",\"contentUrl\":\"https:\/\/files.sunoresearch.com.br\/n\/uploads\/2021\/09\/suno-logo.png\",\"width\":180,\"height\":180,\"caption\":\"Suno Not\u00edcias\"},\"image\":{\"@id\":\"https:\/\/www.suno.com.br\/noticias\/#\/schema\/logo\/image\/\"},\"sameAs\":[\"https:\/\/facebook.com\/sunoresearch\",\"https:\/\/x.com\/sunoresearch\",\"https:\/\/www.instagram.com\/suno\",\"https:\/\/www.linkedin.com\/company\/suno-research\/\",\"https:\/\/www.youtube.com\/c\/sunoresearch\"]},{\"@type\":\"Person\",\"@id\":\"https:\/\/www.suno.com.br\/noticias\/#\/schema\/person\/3df0d2808748b74496efe5dbeaef2c72\",\"name\":\"Laura Moutinho\",\"image\":{\"@type\":\"ImageObject\",\"inLanguage\":\"pt-BR\",\"@id\":\"https:\/\/www.suno.com.br\/noticias\/#\/schema\/person\/image\/\",\"url\":\"https:\/\/secure.gravatar.com\/avatar\/7571c7c8ca3a6fca5e41384ece5557ff?s=96&r=g\",\"contentUrl\":\"https:\/\/secure.gravatar.com\/avatar\/7571c7c8ca3a6fca5e41384ece5557ff?s=96&r=g\",\"caption\":\"Laura Moutinho\"},\"description\":\"Estagi\u00e1ria na Suno Not\u00edcias, escreve not\u00edcias que afetam o mercado financeiro. Estuda administra\u00e7\u00e3o na Universidade Presbiteriana Mackenzie.\",\"url\":\"https:\/\/www.suno.com.br\/noticias\/author\/laura-moutinho\/\"}]}<\/script>\n<!-- \/ Yoast SEO plugin. -->","yoast_head_json":{"title":"Governo Central tem d\u00e9ficit de R$ 3,564 bilh\u00f5es em outubro","description":"As contas do Governo Central registraram um d\u00e9ficit prim\u00e1rio de R$ 3,564 bilh\u00f5es em outubro Clique aqui e saiba mais.","robots":{"index":"index","follow":"follow","max-snippet":"max-snippet:-1","max-image-preview":"max-image-preview:large","max-video-preview":"max-video-preview:-1"},"canonical":"https:\/\/www.suno.com.br\/noticias\/governo-central-deficit-outubro\/","og_locale":"pt_BR","og_type":"article","og_title":"Governo Central tem d\u00e9ficit de R$ 3,564 bilh\u00f5es em outubro","og_description":"As contas do Governo Central registraram um d\u00e9ficit prim\u00e1rio de R$ 3,564 bilh\u00f5es em outubro Clique aqui e saiba mais.","og_url":"https:\/\/www.suno.com.br\/noticias\/governo-central-deficit-outubro\/","og_site_name":"Suno Not\u00edcias","article_publisher":"https:\/\/facebook.com\/sunoresearch","og_image":[{"width":300,"height":300,"url":"https:\/\/files.sunoresearch.com.br\/n\/uploads\/2020\/10\/95f968be-dinheiro-300x300-1-1.jpg","type":"image\/jpeg"}],"author":"Laura Moutinho","twitter_card":"summary_large_image","twitter_creator":"@sunoresearch","twitter_site":"@sunoresearch","twitter_misc":{"Escrito por":"Laura Moutinho","Est. tempo de leitura":"2 minutos"},"schema":{"@context":"https:\/\/schema.org","@graph":[{"@type":"NewsArticle","@id":"https:\/\/www.suno.com.br\/noticias\/governo-central-deficit-outubro\/#article","isPartOf":{"@id":"https:\/\/www.suno.com.br\/noticias\/governo-central-deficit-outubro\/"},"author":{"name":"Laura Moutinho","@id":"https:\/\/www.suno.com.br\/noticias\/#\/schema\/person\/3df0d2808748b74496efe5dbeaef2c72"},"headline":"Governo Central tem d\u00e9ficit de R$ 3,564 bilh\u00f5es em outubro","datePublished":"2020-11-26T19:51:57+00:00","mainEntityOfPage":{"@id":"https:\/\/www.suno.com.br\/noticias\/governo-central-deficit-outubro\/"},"wordCount":469,"publisher":{"@id":"https:\/\/www.suno.com.br\/noticias\/#organization"},"image":{"@id":"https:\/\/www.suno.com.br\/noticias\/governo-central-deficit-outubro\/#primaryimage"},"thumbnailUrl":"https:\/\/files.sunoresearch.com.br\/n\/uploads\/2020\/10\/95f968be-dinheiro-300x300-1-1-jpg.webp","articleSection":["Economia"],"inLanguage":"pt-BR"},{"@type":"WebPage","@id":"https:\/\/www.suno.com.br\/noticias\/governo-central-deficit-outubro\/","url":"https:\/\/www.suno.com.br\/noticias\/governo-central-deficit-outubro\/","name":"Governo Central tem d\u00e9ficit de R$ 3,564 bilh\u00f5es em outubro","isPartOf":{"@id":"https:\/\/www.suno.com.br\/noticias\/#website"},"primaryImageOfPage":{"@id":"https:\/\/www.suno.com.br\/noticias\/governo-central-deficit-outubro\/#primaryimage"},"image":{"@id":"https:\/\/www.suno.com.br\/noticias\/governo-central-deficit-outubro\/#primaryimage"},"thumbnailUrl":"https:\/\/files.sunoresearch.com.br\/n\/uploads\/2020\/10\/95f968be-dinheiro-300x300-1-1-jpg.webp","datePublished":"2020-11-26T19:51:57+00:00","description":"As contas do Governo Central registraram um d\u00e9ficit prim\u00e1rio de R$ 3,564 bilh\u00f5es em outubro Clique aqui e saiba mais.","breadcrumb":{"@id":"https:\/\/www.suno.com.br\/noticias\/governo-central-deficit-outubro\/#breadcrumb"},"inLanguage":"pt-BR","potentialAction":[{"@type":"ReadAction","target":["https:\/\/www.suno.com.br\/noticias\/governo-central-deficit-outubro\/"]}]},{"@type":"ImageObject","inLanguage":"pt-BR","@id":"https:\/\/www.suno.com.br\/noticias\/governo-central-deficit-outubro\/#primaryimage","url":"https:\/\/files.sunoresearch.com.br\/n\/uploads\/2020\/10\/95f968be-dinheiro-300x300-1-1-jpg.webp","contentUrl":"https:\/\/files.sunoresearch.com.br\/n\/uploads\/2020\/10\/95f968be-dinheiro-300x300-1-1-jpg.webp","width":300,"height":300,"caption":"As contas do Governo Central registraram um d\u00e9ficit prim\u00e1rio de R$ 3,564 bilh\u00f5es em outubro, o pior desempenho para o m\u00eas desde 2015."},{"@type":"BreadcrumbList","@id":"https:\/\/www.suno.com.br\/noticias\/governo-central-deficit-outubro\/#breadcrumb","itemListElement":[{"@type":"ListItem","position":1,"name":"Not\u00edcias","item":"https:\/\/www.suno.com.br\/noticias\/"},{"@type":"ListItem","position":2,"name":"Economia","item":"https:\/\/www.suno.com.br\/noticias\/economia\/"},{"@type":"ListItem","position":3,"name":"Governo Central tem d\u00e9ficit de R$ 3,564 bilh\u00f5es em outubro"}]},{"@type":"WebSite","@id":"https:\/\/www.suno.com.br\/noticias\/#website","url":"https:\/\/www.suno.com.br\/noticias\/","name":"Suno Not\u00edcias","description":"Seu portal de informa\u00e7\u00e3o sobre o mundo dos investimentos","publisher":{"@id":"https:\/\/www.suno.com.br\/noticias\/#organization"},"potentialAction":[{"@type":"SearchAction","target":{"@type":"EntryPoint","urlTemplate":"https:\/\/www.suno.com.br\/noticias\/?s={search_term_string}"},"query-input":{"@type":"PropertyValueSpecification","valueRequired":true,"valueName":"search_term_string"}}],"inLanguage":"pt-BR"},{"@type":"Organization","@id":"https:\/\/www.suno.com.br\/noticias\/#organization","name":"Suno Not\u00edcias","url":"https:\/\/www.suno.com.br\/noticias\/","logo":{"@type":"ImageObject","inLanguage":"pt-BR","@id":"https:\/\/www.suno.com.br\/noticias\/#\/schema\/logo\/image\/","url":"https:\/\/files.sunoresearch.com.br\/n\/uploads\/2021\/09\/suno-logo.png","contentUrl":"https:\/\/files.sunoresearch.com.br\/n\/uploads\/2021\/09\/suno-logo.png","width":180,"height":180,"caption":"Suno Not\u00edcias"},"image":{"@id":"https:\/\/www.suno.com.br\/noticias\/#\/schema\/logo\/image\/"},"sameAs":["https:\/\/facebook.com\/sunoresearch","https:\/\/x.com\/sunoresearch","https:\/\/www.instagram.com\/suno","https:\/\/www.linkedin.com\/company\/suno-research\/","https:\/\/www.youtube.com\/c\/sunoresearch"]},{"@type":"Person","@id":"https:\/\/www.suno.com.br\/noticias\/#\/schema\/person\/3df0d2808748b74496efe5dbeaef2c72","name":"Laura Moutinho","image":{"@type":"ImageObject","inLanguage":"pt-BR","@id":"https:\/\/www.suno.com.br\/noticias\/#\/schema\/person\/image\/","url":"https:\/\/secure.gravatar.com\/avatar\/7571c7c8ca3a6fca5e41384ece5557ff?s=96&r=g","contentUrl":"https:\/\/secure.gravatar.com\/avatar\/7571c7c8ca3a6fca5e41384ece5557ff?s=96&r=g","caption":"Laura Moutinho"},"description":"Estagi\u00e1ria na Suno Not\u00edcias, escreve not\u00edcias que afetam o mercado financeiro. Estuda administra\u00e7\u00e3o na Universidade Presbiteriana Mackenzie.","url":"https:\/\/www.suno.com.br\/noticias\/author\/laura-moutinho\/"}]}},"default_loop_html":"<div class=\"cardsPage__listCard__boxs\"><div class=\"cardsPage__listCard__boxs__img\"><a href=\"https:\/\/www.suno.com.br\/noticias\/governo-central-deficit-outubro\/\"><img class=\"mask\" src=\"https:\/\/www.suno.com.br\/noticias\/wp-content\/themes\/suno\/resources\/images\/spotlight\/spotlight1img\/bg-mask.png\" alt=\"Image Mask\"\/><img src=\"https:\/\/files.sunoresearch.com.br\/n\/uploads\/2020\/10\/95f968be-dinheiro-300x300-1-1-jpg.webp\" alt=\"Governo Central tem d\u00e9ficit de R$ 3,564 bilh\u00f5es em outubro\"\/><\/a><span class=\"spotlightCategory\"><a href=\"https:\/\/www.suno.com.br\/noticias\/economia\/\">Economia<\/a><\/span><\/div><div class=\"cardsPage__listCard__boxs__content\"><a href=\"https:\/\/www.suno.com.br\/noticias\/governo-central-deficit-outubro\/\"><h2 class=\"content__title\">Governo Central tem d\u00e9ficit de R$ 3,564 bilh\u00f5es em outubro<\/h2><\/a><div class=\"newsContent__article__meta\"><div class=\"newsContent__article__meta__authorBox\"><a href=\"https:\/\/www.suno.com.br\/noticias\/author\/laura-moutinho\/\" class=\"authorBox__avatar noMobi\"><img src=\"https:\/\/files.sunoresearch.com.br\/n\/uploads\/2020\/08\/531ff69d-whatsapp-image-2020-08-03-at-14.54.38-150x150.webp\" alt=\"Laura Moutinho\"><\/a><div class=\"authorBox__name\"><span>por\n\t\t\t<a href=\"https:\/\/www.suno.com.br\/noticias\/author\/laura-moutinho\/\"><span itemprop=\"author\">Laura Moutinho<\/span><\/a><\/span><time datetime=\"2020-11-26T16:51:57-03:00\" itemprop=\"datePublished\">26\/11\/2020 16:51<\/time><\/div><\/div><\/div><\/div><\/div>","single_layout":"posts","amp_enabled":true,"_links":{"self":[{"href":"https:\/\/www.suno.com.br\/noticias\/wp-json\/wp\/v2\/posts\/103427"}],"collection":[{"href":"https:\/\/www.suno.com.br\/noticias\/wp-json\/wp\/v2\/posts"}],"about":[{"href":"https:\/\/www.suno.com.br\/noticias\/wp-json\/wp\/v2\/types\/post"}],"author":[{"embeddable":true,"href":"https:\/\/www.suno.com.br\/noticias\/wp-json\/wp\/v2\/users\/39"}],"replies":[{"embeddable":true,"href":"https:\/\/www.suno.com.br\/noticias\/wp-json\/wp\/v2\/comments?post=103427"}],"version-history":[{"count":0,"href":"https:\/\/www.suno.com.br\/noticias\/wp-json\/wp\/v2\/posts\/103427\/revisions"}],"wp:featuredmedia":[{"embeddable":true,"href":"https:\/\/www.suno.com.br\/noticias\/wp-json\/wp\/v2\/media\/90744"}],"wp:attachment":[{"href":"https:\/\/www.suno.com.br\/noticias\/wp-json\/wp\/v2\/media?parent=103427"}],"wp:term":[{"taxonomy":"category","embeddable":true,"href":"https:\/\/www.suno.com.br\/noticias\/wp-json\/wp\/v2\/categories?post=103427"},{"taxonomy":"post_tag","embeddable":true,"href":"https:\/\/www.suno.com.br\/noticias\/wp-json\/wp\/v2\/tags?post=103427"},{"taxonomy":"suno_strategy","embeddable":true,"href":"https:\/\/www.suno.com.br\/noticias\/wp-json\/wp\/v2\/suno_strategy?post=103427"}],"curies":[{"name":"wp","href":"https:\/\/api.w.org\/{rel}","templated":true}]}}