{"id":103225,"date":"2020-11-26T07:45:08","date_gmt":"2020-11-26T10:45:08","guid":{"rendered":"https:\/\/www.suno.com.br\/noticias\/?p=103225"},"modified":"2021-06-11T14:38:24","modified_gmt":"2021-06-11T17:38:24","slug":"mmx-mmxm3-restaurou-direitos-ativos-corumba","status":"publish","type":"post","link":"https:\/\/www.suno.com.br\/noticias\/mmx-mmxm3-restaurou-direitos-ativos-corumba\/","title":{"rendered":"MMX (MMXM3) diz que restaurou direitos dos ativos de Corumb\u00e1"},"content":{"rendered":"<p>A <a href=\"https:\/\/www.suno.com.br\/acoes\/mmxm3\/\"><strong>MMX<\/strong> Minera\u00e7\u00e3o (MMXM3)<\/a> informou, na noite da \u00faltima quarta-feira (25), que restaurou os direitos de explora\u00e7\u00e3o das minas Emma e La\u00eds, ativos da Unidade Produtiva Isolada (UPI) de Corumb\u00e1. As informa\u00e7\u00f5es foram divulgadas por meio de um fato relevante, e constam nos autos da recupera\u00e7\u00e3o judicial da empresa.<\/p>\t<div class=\"wrapper-featured-image\">\n\t\t<figure class=\"spotlightImg\">\n\n\t\t\t<picture>\n\t\t\t\t<source media=\"(max-width: 768px)\" srcset=\"https:\/\/files.sunoresearch.com.br\/n\/uploads\/2020\/11\/14ac185a-mmxm-004b9a6e4d018c374de7f291191a13f5ef1b6cb3a79748a14f71f1cb1233529a-400x200.webp\">\n\t\t\t\t<img loading=\"lazy\" decoding=\"async\" class=\"newsContent__article__imgCapa lazyloadDisabled \" src=\"https:\/\/files.sunoresearch.com.br\/n\/uploads\/2020\/11\/14ac185a-mmxm-004b9a6e4d018c374de7f291191a13f5ef1b6cb3a79748a14f71f1cb1233529a-800x450.webp\" width=\"800\" height=\"450\" alt=\"MMX (MMXM3) diz que restaurou direitos dos ativos de Corumb\u00e1\" fetchpriority=high \/>\n\t\t\t<\/picture>\n\n\t\t\t<figcaption class=\"wp-caption-text wp-caption-text--show\">MMX (MMXM3)<\/figcaption>\n\t\t<\/figure>\n\t<\/div>\n\n\n\t<p>\n\t\t<a href=\"https:\/\/lp.suno.com.br\/planilha-controle-gastos\/\" target=\"_blank\" data-element=\"shortcode-suno-banner\" title=\"Banner SUNO, clique e saiba mais\">\n\t\t\t<picture>\n\t\t\t\t<source media=\"(max-width: 500px)\" srcset=\"https:\/\/files.sunoresearch.com.br\/n\/uploads\/2023\/03\/400x300-Planilha-controle-de-gastos.png\">\n\t\t\t\t<img class=\"newsContent__article__imgCapa newsContent__article__imgCapa--banner\"\n\t\t\t\t\tsrc=\"https:\/\/files.sunoresearch.com.br\/n\/uploads\/2023\/03\/1420x240-Planilha-controle-de-gastos.png\"\n\t\t\t\t\tdata-promo-id=\"101751\"\t\t\t\t\t\t\t\t\t\twidth='1420' height='240'\t\t\t\t\talt=\"https:\/\/files.sunoresearch.com.br\/n\/uploads\/2023\/03\/1420x240-Planilha-controle-de-gastos.png\"\n\t\t\t\t>\n\t\t\t<\/picture>\n\t\t<\/a>\n\t<\/p>\n\n\n<p>A companhia do empres\u00e1rio <a href=\"https:\/\/www.suno.com.br\/artigos\/7-licoes-que-aprendi-com-eike\/\"><strong>Eike Batista<\/strong><\/a> disse que, atendendo ao seu pedido alvo do fato relevante publicado em setembro que agitou o mercado da MMX, o ju\u00edzo da recupera\u00e7\u00e3o judicial determinou a nulidade do distrato envolvendo a <strong>Mina Emma<\/strong>. Foi reconhecida a ilegalidade de sua aliena\u00e7\u00e3o pela administra\u00e7\u00e3o anterior da empresa.<\/p>\n<p>&#8220;Como consequ\u00eancia, a decis\u00e3o acabou por restaurar os direitos de explora\u00e7\u00e3o da companhia sobre a Mina Emma, que t\u00eam prazo de dura\u00e7\u00e3o de 59 anos, ou seja, at\u00e9 2064&#8221;, disse a empresa. No mesmo documento, a empresa comentou que, indeferindo o pleito da companhia, o ju\u00edzo da recupera\u00e7\u00e3o judicial manteve em vigor at\u00e9 2022 o contrato da <strong>Mina La\u00eds<\/strong>, tamb\u00e9m de Corumb\u00e1. Dessa forma, a Vetorial Minera\u00e7\u00e3o S\/A operar\u00e1 na mina at\u00e9 2022.<\/p>\n<p><a href=\"https:\/\/lp.suno.com.br\/suno-one\/\">Suno One: acesse gratuitamente eBooks, Minicursos, Artigos e Video Aulas sobre investimentos com um \u00fanico cadastro. Clique para saber mais!<\/a><\/p>\n<p>A companhia disse que a pedido do administrador judicial para dar transpar\u00eancia sobre o cumprimento pela Vetorial de suas obriga\u00e7\u00f5es no \u00e2mbito do arrendamento, os valores pagos pela Mina La\u00eds devem ser depositados judicialmente, nos autos da<strong> recupera\u00e7\u00e3o judicial<\/strong>. Assim, a libera\u00e7\u00e3o dos recursos ficar\u00e1 condicionada a pedido espec\u00edfico da companhia, comprovada a necessidade de uso dos valores.<\/p>\n<h2>MMX diz que minas de Corumb\u00e1 ser\u00e3o reavaliadas<\/h2>\n<p>Segundo a mineradora, o ju\u00edzo da <a href=\"https:\/\/www.suno.com.br\/artigos\/recuperacao-judicial\/\">recupera\u00e7\u00e3o judicial<\/a> tamb\u00e9m decidiu pela necessidade de realiza\u00e7\u00e3o de uma nova avalia\u00e7\u00e3o da UPI de Corumb\u00e1, &#8220;bem como o estabelecimento das premissas para poss\u00edvel venda do ativo, com o objetivo de obter uma avalia\u00e7\u00e3o imparcial sobre seu valor&#8221;.<\/p>\n\t<p>\n\t\t<a href=\"https:\/\/lp.suno.com.br\/planilha-controle-gastos\/\" target=\"_blank\" data-element=\"shortcode-suno-banner\" title=\"Banner SUNO, clique e saiba mais\">\n\t\t\t<picture>\n\t\t\t\t<source media=\"(max-width: 500px)\" srcset=\"https:\/\/files.sunoresearch.com.br\/n\/uploads\/2023\/03\/400x300-Planilha-controle-de-gastos.png\">\n\t\t\t\t<img class=\"newsContent__article__imgCapa newsContent__article__imgCapa--banner\"\n\t\t\t\t\tsrc=\"https:\/\/files.sunoresearch.com.br\/n\/uploads\/2023\/03\/1420x240-Planilha-controle-de-gastos.png\"\n\t\t\t\t\tdata-promo-id=\"101751\"\t\t\t\t\t\t\t\t\t\twidth='1420' height='240'\t\t\t\t\talt=\"https:\/\/files.sunoresearch.com.br\/n\/uploads\/2023\/03\/1420x240-Planilha-controle-de-gastos.png\"\n\t\t\t\t>\n\t\t\t<\/picture>\n\t\t<\/a>\n\t<\/p>\n\n\n<p>&#8220;N\u00e3o obstante a inten\u00e7\u00e3o de venda da UPI Corumb\u00e1 originalmente apresentada no Plano de Recupera\u00e7\u00e3o Judicial, a Companhia esclarece que atualmente estuda a melhor forma de aproveitar seu potencial econ\u00f4mico, inclusive mediante poss\u00edvel explora\u00e7\u00e3o da Mina Emma, com vistas a viabilizar eventual novo Plano de Recupera\u00e7\u00e3o Judicial e atender aos interesses dos seus credores e acionistas&#8221;, diz o <a href=\"https:\/\/www.suno.com.br\/artigos\/fato-relevante\/\">fato relevante<\/a>.<\/p>\n<p>A comunicado da empresa salienta, no entanto, que o destino da <strong>UPI de Corumb\u00e1<\/strong> \u00e9 incerto &#8220;e est\u00e1 sujeito a novas informa\u00e7\u00f5es a serem levantadas e apresentadas nos autos da recupera\u00e7\u00e3o judicial&#8221;.<\/p>\n\t<div data-element=\"shortcode-read-more\" class=\"knowMore\">\n\t\t\t\t<span class=\"knowMore__title\">Veja tamb\u00e9m<\/span>\n\t\t\t\t<a class=\"knowMore__link\" href=\"https:\/\/www.suno.com.br\/noticias\/mmx-mmxm3-prejuizo-terceiro-trimestre\/\">\n\t\t\tMMX (MMXM3) tem preju\u00edzo de R$\u00a013,92 mi no 3\u00ba trimestre\t\t<\/a>\n\t<\/div>\n\n\n<p>Recentemente, a companhia a pontou que a explora\u00e7\u00e3o da Mina Emma e o beneficiamento do min\u00e9rio na Mina La\u00eds, s\u00e3o avaliados conjuntamente em US$ 300 milh\u00f5es (cerca de R$ 1,59 bilh\u00e3o) e possuem capacidade aproximada de produzir 2 milh\u00f5es de toneladas de <strong>min\u00e9rio de ferro<\/strong> por ano, com uma expectativa de opera\u00e7\u00e3o estimada em cerca de 70 anos.<\/p>\n<h2>\u00daltima cota\u00e7\u00e3o<\/h2>\n<p>Ao fechamento do preg\u00e3o da \u00faltima quarta-feira, as <a href=\"https:\/\/www.suno.com.br\/artigos\/o-que-sao-acoes-ordinarias-preferenciais-e-units\/\">a\u00e7\u00f5es<\/a> da <strong>MMX<\/strong> eram negociadas a R$ 19,05, ap\u00f3s uma alta de 81,08%. Na m\u00e1xima do dia, os pap\u00e9is chegaram a ser cotados com um avan\u00e7o de 100%. No acumulado do ano, a alta das a\u00e7\u00f5es <strong>MMXM3<\/strong> \u00e9 de 647%.<\/p>\n\t<p>\n\t\t<a href=\"https:\/\/lp.suno.com.br\/planilha-de-controle-de-investimentos\/\" target=\"_blank\" data-element=\"shortcode-suno-banner\" title=\"Banner SUNO, clique e saiba mais\">\n\t\t\t<picture>\n\t\t\t\t<source media=\"(max-width: 500px)\" srcset=\"https:\/\/files.sunoresearch.com.br\/n\/uploads\/2023\/03\/400x300-Controle-de-Investimentos.png\">\n\t\t\t\t<img class=\"newsContent__article__imgCapa newsContent__article__imgCapa--banner\"\n\t\t\t\t\tsrc=\"https:\/\/files.sunoresearch.com.br\/n\/uploads\/2023\/03\/1420x240-Controle-de-Investimentos.png\"\n\t\t\t\t\tdata-promo-id=\"75934\"\t\t\t\t\t\t\t\t\t\twidth='1420' height='240'\t\t\t\t\talt=\"https:\/\/files.sunoresearch.com.br\/n\/uploads\/2023\/03\/1420x240-Controle-de-Investimentos.png\"\n\t\t\t\t>\n\t\t\t<\/picture>\n\t\t<\/a>\n\t<\/p>\n\n\n","protected":false},"excerpt":{"rendered":"<p>A MMX Minera\u00e7\u00e3o (MMXM3) informou, na noite da \u00faltima quarta-feira (25), que restaurou os direitos de explora\u00e7\u00e3o das minas Emma e La\u00eds, ativos da Unidade Produtiva Isolada (UPI) de Corumb\u00e1. As informa\u00e7\u00f5es foram divulgadas por meio de um fato relevante, e constam nos autos da recupera\u00e7\u00e3o judicial da empresa. MMX (MMXM3) A companhia do empres\u00e1rio [&hellip;]<\/p>\n","protected":false},"author":24,"featured_media":103229,"comment_status":"closed","ping_status":"closed","sticky":false,"template":"","format":"standard","meta":[],"categories":[64],"tags":[1937,1415,825,565,314],"suno_strategy":[],"class_list":["post-103225","post","type-post","status-publish","format-standard","has-post-thumbnail","hentry","category-negocios","tag-bolsa-de-valores-de-sao-paulo-b3","tag-eike-batista","tag-minerio-de-ferro","tag-mmx-mmxm11-mmxm3","tag-recuperacao-judicial"],"yoast_head":"<!-- This site is optimized with the Yoast SEO plugin v24.4 - https:\/\/yoast.com\/wordpress\/plugins\/seo\/ -->\n<title>MMX (MMXM3) diz que restaurou direitos dos ativos de Corumb\u00e1<\/title>\n<meta name=\"description\" content=\"A MMX (MMXM3) informou que restaurou os direitos de explora\u00e7\u00e3o das minas Emma e La\u00eds, ativos da UPI de Corumb\u00e1. Clique e saiba mais.\" \/>\n<meta name=\"robots\" content=\"index, follow, max-snippet:-1, max-image-preview:large, max-video-preview:-1\" \/>\n<link rel=\"canonical\" href=\"https:\/\/www.suno.com.br\/noticias\/mmx-mmxm3-restaurou-direitos-ativos-corumba\/\" \/>\n<meta property=\"og:locale\" content=\"pt_BR\" \/>\n<meta property=\"og:type\" content=\"article\" \/>\n<meta property=\"og:title\" content=\"MMX (MMXM3) diz que restaurou direitos dos ativos de Corumb\u00e1\" \/>\n<meta property=\"og:description\" content=\"A MMX (MMXM3) informou que restaurou os direitos de explora\u00e7\u00e3o das minas Emma e La\u00eds, ativos da UPI de Corumb\u00e1. Clique e saiba mais.\" \/>\n<meta property=\"og:url\" content=\"https:\/\/www.suno.com.br\/noticias\/mmx-mmxm3-restaurou-direitos-ativos-corumba\/\" \/>\n<meta property=\"og:site_name\" content=\"Suno Not\u00edcias\" \/>\n<meta property=\"article:publisher\" content=\"https:\/\/facebook.com\/sunoresearch\" \/>\n<meta property=\"og:image\" content=\"https:\/\/files.sunoresearch.com.br\/n\/uploads\/2020\/11\/14ac185a-mmxm-004b9a6e4d018c374de7f291191a13f5ef1b6cb3a79748a14f71f1cb1233529a.jpg\" \/>\n\t<meta property=\"og:image:width\" content=\"1360\" \/>\n\t<meta property=\"og:image:height\" content=\"768\" \/>\n\t<meta property=\"og:image:type\" content=\"image\/jpeg\" \/>\n<meta name=\"author\" content=\"Jader Lazarini\" \/>\n<meta name=\"twitter:card\" content=\"summary_large_image\" \/>\n<meta name=\"twitter:creator\" content=\"@sunoresearch\" \/>\n<meta name=\"twitter:site\" content=\"@sunoresearch\" \/>\n<meta name=\"twitter:label1\" content=\"Escrito por\" \/>\n\t<meta name=\"twitter:data1\" content=\"Jader Lazarini\" \/>\n\t<meta name=\"twitter:label2\" content=\"Est. tempo de leitura\" \/>\n\t<meta name=\"twitter:data2\" content=\"3 minutos\" \/>\n<script type=\"application\/ld+json\" class=\"yoast-schema-graph\">{\"@context\":\"https:\/\/schema.org\",\"@graph\":[{\"@type\":\"NewsArticle\",\"@id\":\"https:\/\/www.suno.com.br\/noticias\/mmx-mmxm3-restaurou-direitos-ativos-corumba\/#article\",\"isPartOf\":{\"@id\":\"https:\/\/www.suno.com.br\/noticias\/mmx-mmxm3-restaurou-direitos-ativos-corumba\/\"},\"author\":{\"name\":\"Jader Lazarini\",\"@id\":\"https:\/\/www.suno.com.br\/noticias\/#\/schema\/person\/918d79de1f0281f01599b93f9ea6e23f\"},\"headline\":\"MMX (MMXM3) diz que restaurou direitos dos ativos de Corumb\u00e1\",\"datePublished\":\"2020-11-26T10:45:08+00:00\",\"dateModified\":\"2021-06-11T17:38:24+00:00\",\"mainEntityOfPage\":{\"@id\":\"https:\/\/www.suno.com.br\/noticias\/mmx-mmxm3-restaurou-direitos-ativos-corumba\/\"},\"wordCount\":576,\"publisher\":{\"@id\":\"https:\/\/www.suno.com.br\/noticias\/#organization\"},\"image\":{\"@id\":\"https:\/\/www.suno.com.br\/noticias\/mmx-mmxm3-restaurou-direitos-ativos-corumba\/#primaryimage\"},\"thumbnailUrl\":\"https:\/\/files.sunoresearch.com.br\/n\/uploads\/2020\/11\/14ac185a-mmxm-004b9a6e4d018c374de7f291191a13f5ef1b6cb3a79748a14f71f1cb1233529a-jpg.webp\",\"keywords\":[\"Bolsa de Valores de S\u00e3o Paulo (B3)\",\"Eike Batista\",\"min\u00e9rio de ferro\",\"MMX (MMXM11\/MMXM3)\",\"recupera\u00e7\u00e3o judicial\"],\"articleSection\":[\"Neg\u00f3cios\"],\"inLanguage\":\"pt-BR\"},{\"@type\":\"WebPage\",\"@id\":\"https:\/\/www.suno.com.br\/noticias\/mmx-mmxm3-restaurou-direitos-ativos-corumba\/\",\"url\":\"https:\/\/www.suno.com.br\/noticias\/mmx-mmxm3-restaurou-direitos-ativos-corumba\/\",\"name\":\"MMX (MMXM3) diz que restaurou direitos dos ativos de Corumb\u00e1\",\"isPartOf\":{\"@id\":\"https:\/\/www.suno.com.br\/noticias\/#website\"},\"primaryImageOfPage\":{\"@id\":\"https:\/\/www.suno.com.br\/noticias\/mmx-mmxm3-restaurou-direitos-ativos-corumba\/#primaryimage\"},\"image\":{\"@id\":\"https:\/\/www.suno.com.br\/noticias\/mmx-mmxm3-restaurou-direitos-ativos-corumba\/#primaryimage\"},\"thumbnailUrl\":\"https:\/\/files.sunoresearch.com.br\/n\/uploads\/2020\/11\/14ac185a-mmxm-004b9a6e4d018c374de7f291191a13f5ef1b6cb3a79748a14f71f1cb1233529a-jpg.webp\",\"datePublished\":\"2020-11-26T10:45:08+00:00\",\"dateModified\":\"2021-06-11T17:38:24+00:00\",\"description\":\"A MMX (MMXM3) informou que restaurou os direitos de explora\u00e7\u00e3o das minas Emma e La\u00eds, ativos da UPI de Corumb\u00e1. Clique e saiba mais.\",\"breadcrumb\":{\"@id\":\"https:\/\/www.suno.com.br\/noticias\/mmx-mmxm3-restaurou-direitos-ativos-corumba\/#breadcrumb\"},\"inLanguage\":\"pt-BR\",\"potentialAction\":[{\"@type\":\"ReadAction\",\"target\":[\"https:\/\/www.suno.com.br\/noticias\/mmx-mmxm3-restaurou-direitos-ativos-corumba\/\"]}]},{\"@type\":\"ImageObject\",\"inLanguage\":\"pt-BR\",\"@id\":\"https:\/\/www.suno.com.br\/noticias\/mmx-mmxm3-restaurou-direitos-ativos-corumba\/#primaryimage\",\"url\":\"https:\/\/files.sunoresearch.com.br\/n\/uploads\/2020\/11\/14ac185a-mmxm-004b9a6e4d018c374de7f291191a13f5ef1b6cb3a79748a14f71f1cb1233529a-jpg.webp\",\"contentUrl\":\"https:\/\/files.sunoresearch.com.br\/n\/uploads\/2020\/11\/14ac185a-mmxm-004b9a6e4d018c374de7f291191a13f5ef1b6cb3a79748a14f71f1cb1233529a-jpg.webp\",\"width\":1360,\"height\":768,\"caption\":\"MMX (MMXM3)\"},{\"@type\":\"BreadcrumbList\",\"@id\":\"https:\/\/www.suno.com.br\/noticias\/mmx-mmxm3-restaurou-direitos-ativos-corumba\/#breadcrumb\",\"itemListElement\":[{\"@type\":\"ListItem\",\"position\":1,\"name\":\"Not\u00edcias\",\"item\":\"https:\/\/www.suno.com.br\/noticias\/\"},{\"@type\":\"ListItem\",\"position\":2,\"name\":\"Neg\u00f3cios\",\"item\":\"https:\/\/www.suno.com.br\/noticias\/negocios\/\"},{\"@type\":\"ListItem\",\"position\":3,\"name\":\"MMX (MMXM3) diz que restaurou direitos dos ativos de Corumb\u00e1\"}]},{\"@type\":\"WebSite\",\"@id\":\"https:\/\/www.suno.com.br\/noticias\/#website\",\"url\":\"https:\/\/www.suno.com.br\/noticias\/\",\"name\":\"Suno Not\u00edcias\",\"description\":\"Seu portal de informa\u00e7\u00e3o sobre o mundo dos investimentos\",\"publisher\":{\"@id\":\"https:\/\/www.suno.com.br\/noticias\/#organization\"},\"potentialAction\":[{\"@type\":\"SearchAction\",\"target\":{\"@type\":\"EntryPoint\",\"urlTemplate\":\"https:\/\/www.suno.com.br\/noticias\/?s={search_term_string}\"},\"query-input\":{\"@type\":\"PropertyValueSpecification\",\"valueRequired\":true,\"valueName\":\"search_term_string\"}}],\"inLanguage\":\"pt-BR\"},{\"@type\":\"Organization\",\"@id\":\"https:\/\/www.suno.com.br\/noticias\/#organization\",\"name\":\"Suno Not\u00edcias\",\"url\":\"https:\/\/www.suno.com.br\/noticias\/\",\"logo\":{\"@type\":\"ImageObject\",\"inLanguage\":\"pt-BR\",\"@id\":\"https:\/\/www.suno.com.br\/noticias\/#\/schema\/logo\/image\/\",\"url\":\"https:\/\/files.sunoresearch.com.br\/n\/uploads\/2021\/09\/suno-logo.png\",\"contentUrl\":\"https:\/\/files.sunoresearch.com.br\/n\/uploads\/2021\/09\/suno-logo.png\",\"width\":180,\"height\":180,\"caption\":\"Suno Not\u00edcias\"},\"image\":{\"@id\":\"https:\/\/www.suno.com.br\/noticias\/#\/schema\/logo\/image\/\"},\"sameAs\":[\"https:\/\/facebook.com\/sunoresearch\",\"https:\/\/x.com\/sunoresearch\",\"https:\/\/www.instagram.com\/suno\",\"https:\/\/www.linkedin.com\/company\/suno-research\/\",\"https:\/\/www.youtube.com\/c\/sunoresearch\"]},{\"@type\":\"Person\",\"@id\":\"https:\/\/www.suno.com.br\/noticias\/#\/schema\/person\/918d79de1f0281f01599b93f9ea6e23f\",\"name\":\"Jader Lazarini\",\"image\":{\"@type\":\"ImageObject\",\"inLanguage\":\"pt-BR\",\"@id\":\"https:\/\/www.suno.com.br\/noticias\/#\/schema\/person\/image\/\",\"url\":\"https:\/\/secure.gravatar.com\/avatar\/3c1ad8caa51589841baeb923fcddea97?s=96&r=g\",\"contentUrl\":\"https:\/\/secure.gravatar.com\/avatar\/3c1ad8caa51589841baeb923fcddea97?s=96&r=g\",\"caption\":\"Jader Lazarini\"},\"description\":\"Jader Lazarini escreve sobre investimentos, finan\u00e7as, economia e neg\u00f3cios. \u00c9 bacharel em Rela\u00e7\u00f5es Internacionais e analista CNPI (2619).\",\"url\":\"https:\/\/www.suno.com.br\/noticias\/author\/jader-lazarini\/\"}]}<\/script>\n<!-- \/ Yoast SEO plugin. -->","yoast_head_json":{"title":"MMX (MMXM3) diz que restaurou direitos dos ativos de Corumb\u00e1","description":"A MMX (MMXM3) informou que restaurou os direitos de explora\u00e7\u00e3o das minas Emma e La\u00eds, ativos da UPI de Corumb\u00e1. Clique e saiba mais.","robots":{"index":"index","follow":"follow","max-snippet":"max-snippet:-1","max-image-preview":"max-image-preview:large","max-video-preview":"max-video-preview:-1"},"canonical":"https:\/\/www.suno.com.br\/noticias\/mmx-mmxm3-restaurou-direitos-ativos-corumba\/","og_locale":"pt_BR","og_type":"article","og_title":"MMX (MMXM3) diz que restaurou direitos dos ativos de Corumb\u00e1","og_description":"A MMX (MMXM3) informou que restaurou os direitos de explora\u00e7\u00e3o das minas Emma e La\u00eds, ativos da UPI de Corumb\u00e1. Clique e saiba mais.","og_url":"https:\/\/www.suno.com.br\/noticias\/mmx-mmxm3-restaurou-direitos-ativos-corumba\/","og_site_name":"Suno Not\u00edcias","article_publisher":"https:\/\/facebook.com\/sunoresearch","og_image":[{"width":1360,"height":768,"url":"https:\/\/files.sunoresearch.com.br\/n\/uploads\/2020\/11\/14ac185a-mmxm-004b9a6e4d018c374de7f291191a13f5ef1b6cb3a79748a14f71f1cb1233529a.jpg","type":"image\/jpeg"}],"author":"Jader Lazarini","twitter_card":"summary_large_image","twitter_creator":"@sunoresearch","twitter_site":"@sunoresearch","twitter_misc":{"Escrito por":"Jader Lazarini","Est. tempo de leitura":"3 minutos"},"schema":{"@context":"https:\/\/schema.org","@graph":[{"@type":"NewsArticle","@id":"https:\/\/www.suno.com.br\/noticias\/mmx-mmxm3-restaurou-direitos-ativos-corumba\/#article","isPartOf":{"@id":"https:\/\/www.suno.com.br\/noticias\/mmx-mmxm3-restaurou-direitos-ativos-corumba\/"},"author":{"name":"Jader Lazarini","@id":"https:\/\/www.suno.com.br\/noticias\/#\/schema\/person\/918d79de1f0281f01599b93f9ea6e23f"},"headline":"MMX (MMXM3) diz que restaurou direitos dos ativos de Corumb\u00e1","datePublished":"2020-11-26T10:45:08+00:00","dateModified":"2021-06-11T17:38:24+00:00","mainEntityOfPage":{"@id":"https:\/\/www.suno.com.br\/noticias\/mmx-mmxm3-restaurou-direitos-ativos-corumba\/"},"wordCount":576,"publisher":{"@id":"https:\/\/www.suno.com.br\/noticias\/#organization"},"image":{"@id":"https:\/\/www.suno.com.br\/noticias\/mmx-mmxm3-restaurou-direitos-ativos-corumba\/#primaryimage"},"thumbnailUrl":"https:\/\/files.sunoresearch.com.br\/n\/uploads\/2020\/11\/14ac185a-mmxm-004b9a6e4d018c374de7f291191a13f5ef1b6cb3a79748a14f71f1cb1233529a-jpg.webp","keywords":["Bolsa de Valores de S\u00e3o Paulo (B3)","Eike Batista","min\u00e9rio de ferro","MMX (MMXM11\/MMXM3)","recupera\u00e7\u00e3o judicial"],"articleSection":["Neg\u00f3cios"],"inLanguage":"pt-BR"},{"@type":"WebPage","@id":"https:\/\/www.suno.com.br\/noticias\/mmx-mmxm3-restaurou-direitos-ativos-corumba\/","url":"https:\/\/www.suno.com.br\/noticias\/mmx-mmxm3-restaurou-direitos-ativos-corumba\/","name":"MMX (MMXM3) diz que restaurou direitos dos ativos de Corumb\u00e1","isPartOf":{"@id":"https:\/\/www.suno.com.br\/noticias\/#website"},"primaryImageOfPage":{"@id":"https:\/\/www.suno.com.br\/noticias\/mmx-mmxm3-restaurou-direitos-ativos-corumba\/#primaryimage"},"image":{"@id":"https:\/\/www.suno.com.br\/noticias\/mmx-mmxm3-restaurou-direitos-ativos-corumba\/#primaryimage"},"thumbnailUrl":"https:\/\/files.sunoresearch.com.br\/n\/uploads\/2020\/11\/14ac185a-mmxm-004b9a6e4d018c374de7f291191a13f5ef1b6cb3a79748a14f71f1cb1233529a-jpg.webp","datePublished":"2020-11-26T10:45:08+00:00","dateModified":"2021-06-11T17:38:24+00:00","description":"A MMX (MMXM3) informou que restaurou os direitos de explora\u00e7\u00e3o das minas Emma e La\u00eds, ativos da UPI de Corumb\u00e1. Clique e saiba mais.","breadcrumb":{"@id":"https:\/\/www.suno.com.br\/noticias\/mmx-mmxm3-restaurou-direitos-ativos-corumba\/#breadcrumb"},"inLanguage":"pt-BR","potentialAction":[{"@type":"ReadAction","target":["https:\/\/www.suno.com.br\/noticias\/mmx-mmxm3-restaurou-direitos-ativos-corumba\/"]}]},{"@type":"ImageObject","inLanguage":"pt-BR","@id":"https:\/\/www.suno.com.br\/noticias\/mmx-mmxm3-restaurou-direitos-ativos-corumba\/#primaryimage","url":"https:\/\/files.sunoresearch.com.br\/n\/uploads\/2020\/11\/14ac185a-mmxm-004b9a6e4d018c374de7f291191a13f5ef1b6cb3a79748a14f71f1cb1233529a-jpg.webp","contentUrl":"https:\/\/files.sunoresearch.com.br\/n\/uploads\/2020\/11\/14ac185a-mmxm-004b9a6e4d018c374de7f291191a13f5ef1b6cb3a79748a14f71f1cb1233529a-jpg.webp","width":1360,"height":768,"caption":"MMX (MMXM3)"},{"@type":"BreadcrumbList","@id":"https:\/\/www.suno.com.br\/noticias\/mmx-mmxm3-restaurou-direitos-ativos-corumba\/#breadcrumb","itemListElement":[{"@type":"ListItem","position":1,"name":"Not\u00edcias","item":"https:\/\/www.suno.com.br\/noticias\/"},{"@type":"ListItem","position":2,"name":"Neg\u00f3cios","item":"https:\/\/www.suno.com.br\/noticias\/negocios\/"},{"@type":"ListItem","position":3,"name":"MMX (MMXM3) diz que restaurou direitos dos ativos de Corumb\u00e1"}]},{"@type":"WebSite","@id":"https:\/\/www.suno.com.br\/noticias\/#website","url":"https:\/\/www.suno.com.br\/noticias\/","name":"Suno Not\u00edcias","description":"Seu portal de informa\u00e7\u00e3o sobre o mundo dos investimentos","publisher":{"@id":"https:\/\/www.suno.com.br\/noticias\/#organization"},"potentialAction":[{"@type":"SearchAction","target":{"@type":"EntryPoint","urlTemplate":"https:\/\/www.suno.com.br\/noticias\/?s={search_term_string}"},"query-input":{"@type":"PropertyValueSpecification","valueRequired":true,"valueName":"search_term_string"}}],"inLanguage":"pt-BR"},{"@type":"Organization","@id":"https:\/\/www.suno.com.br\/noticias\/#organization","name":"Suno Not\u00edcias","url":"https:\/\/www.suno.com.br\/noticias\/","logo":{"@type":"ImageObject","inLanguage":"pt-BR","@id":"https:\/\/www.suno.com.br\/noticias\/#\/schema\/logo\/image\/","url":"https:\/\/files.sunoresearch.com.br\/n\/uploads\/2021\/09\/suno-logo.png","contentUrl":"https:\/\/files.sunoresearch.com.br\/n\/uploads\/2021\/09\/suno-logo.png","width":180,"height":180,"caption":"Suno Not\u00edcias"},"image":{"@id":"https:\/\/www.suno.com.br\/noticias\/#\/schema\/logo\/image\/"},"sameAs":["https:\/\/facebook.com\/sunoresearch","https:\/\/x.com\/sunoresearch","https:\/\/www.instagram.com\/suno","https:\/\/www.linkedin.com\/company\/suno-research\/","https:\/\/www.youtube.com\/c\/sunoresearch"]},{"@type":"Person","@id":"https:\/\/www.suno.com.br\/noticias\/#\/schema\/person\/918d79de1f0281f01599b93f9ea6e23f","name":"Jader Lazarini","image":{"@type":"ImageObject","inLanguage":"pt-BR","@id":"https:\/\/www.suno.com.br\/noticias\/#\/schema\/person\/image\/","url":"https:\/\/secure.gravatar.com\/avatar\/3c1ad8caa51589841baeb923fcddea97?s=96&r=g","contentUrl":"https:\/\/secure.gravatar.com\/avatar\/3c1ad8caa51589841baeb923fcddea97?s=96&r=g","caption":"Jader Lazarini"},"description":"Jader Lazarini escreve sobre investimentos, finan\u00e7as, economia e neg\u00f3cios. \u00c9 bacharel em Rela\u00e7\u00f5es Internacionais e analista CNPI (2619).","url":"https:\/\/www.suno.com.br\/noticias\/author\/jader-lazarini\/"}]}},"default_loop_html":"<div class=\"cardsPage__listCard__boxs\"><div class=\"cardsPage__listCard__boxs__img\"><a href=\"https:\/\/www.suno.com.br\/noticias\/mmx-mmxm3-restaurou-direitos-ativos-corumba\/\"><img class=\"mask\" src=\"https:\/\/www.suno.com.br\/noticias\/wp-content\/themes\/suno\/resources\/images\/spotlight\/spotlight1img\/bg-mask.png\" alt=\"Image Mask\"\/><img src=\"https:\/\/files.sunoresearch.com.br\/n\/uploads\/2020\/11\/14ac185a-mmxm-004b9a6e4d018c374de7f291191a13f5ef1b6cb3a79748a14f71f1cb1233529a-400x200.webp\" alt=\"MMX (MMXM3) diz que restaurou direitos dos ativos de Corumb\u00e1\"\/><\/a><span class=\"spotlightCategory\"><a href=\"https:\/\/www.suno.com.br\/noticias\/negocios\/\">Neg\u00f3cios<\/a><\/span><\/div><div class=\"cardsPage__listCard__boxs__content\"><a href=\"https:\/\/www.suno.com.br\/noticias\/mmx-mmxm3-restaurou-direitos-ativos-corumba\/\"><h2 class=\"content__title\">MMX (MMXM3) diz que restaurou direitos dos ativos de Corumb\u00e1<\/h2><\/a><div class=\"newsContent__article__meta\"><div class=\"newsContent__article__meta__authorBox\"><a href=\"https:\/\/www.suno.com.br\/noticias\/author\/jader-lazarini\/\" class=\"authorBox__avatar noMobi\"><img src=\"https:\/\/files.sunoresearch.com.br\/n\/uploads\/2021\/01\/178e6598-foto-perfil-2-150x150.jpg\" alt=\"Jader Lazarini\"><\/a><div class=\"authorBox__name\"><span>por\n\t\t\t<a href=\"https:\/\/www.suno.com.br\/noticias\/author\/jader-lazarini\/\"><span itemprop=\"author\">Jader Lazarini<\/span><\/a><\/span><time datetime=\"2020-11-26T07:45:08-03:00\" itemprop=\"datePublished\">26\/11\/2020 07:45<\/time><\/div><\/div><\/div><\/div><\/div>","single_layout":"posts","amp_enabled":true,"_links":{"self":[{"href":"https:\/\/www.suno.com.br\/noticias\/wp-json\/wp\/v2\/posts\/103225"}],"collection":[{"href":"https:\/\/www.suno.com.br\/noticias\/wp-json\/wp\/v2\/posts"}],"about":[{"href":"https:\/\/www.suno.com.br\/noticias\/wp-json\/wp\/v2\/types\/post"}],"author":[{"embeddable":true,"href":"https:\/\/www.suno.com.br\/noticias\/wp-json\/wp\/v2\/users\/24"}],"replies":[{"embeddable":true,"href":"https:\/\/www.suno.com.br\/noticias\/wp-json\/wp\/v2\/comments?post=103225"}],"version-history":[{"count":1,"href":"https:\/\/www.suno.com.br\/noticias\/wp-json\/wp\/v2\/posts\/103225\/revisions"}],"predecessor-version":[{"id":156357,"href":"https:\/\/www.suno.com.br\/noticias\/wp-json\/wp\/v2\/posts\/103225\/revisions\/156357"}],"wp:featuredmedia":[{"embeddable":true,"href":"https:\/\/www.suno.com.br\/noticias\/wp-json\/wp\/v2\/media\/103229"}],"wp:attachment":[{"href":"https:\/\/www.suno.com.br\/noticias\/wp-json\/wp\/v2\/media?parent=103225"}],"wp:term":[{"taxonomy":"category","embeddable":true,"href":"https:\/\/www.suno.com.br\/noticias\/wp-json\/wp\/v2\/categories?post=103225"},{"taxonomy":"post_tag","embeddable":true,"href":"https:\/\/www.suno.com.br\/noticias\/wp-json\/wp\/v2\/tags?post=103225"},{"taxonomy":"suno_strategy","embeddable":true,"href":"https:\/\/www.suno.com.br\/noticias\/wp-json\/wp\/v2\/suno_strategy?post=103225"}],"curies":[{"name":"wp","href":"https:\/\/api.w.org\/{rel}","templated":true}]}}