{"id":10318,"date":"2019-01-04T11:43:53","date_gmt":"2019-01-04T13:43:53","guid":{"rendered":"https:\/\/www.suno.com.br\/noticias\/?p=10318"},"modified":"2019-01-04T11:43:53","modified_gmt":"2019-01-04T13:43:53","slug":"exportacoes-de-2018-alcancam-maior-valor-desde-2013","status":"publish","type":"post","link":"https:\/\/www.suno.com.br\/noticias\/exportacoes-de-2018-alcancam-maior-valor-desde-2013\/","title":{"rendered":"Exporta\u00e7\u00f5es de 2018 alcan\u00e7am maior valor desde 2013"},"content":{"rendered":"<p>As exporta\u00e7\u00f5es brasileiras de 2018 alcan\u00e7am o maior valor dos \u00faltimos cinco anos.<\/p>\t<div class=\"wrapper-featured-image\">\n\t\t<figure class=\"spotlightImg\">\n\n\t\t\t<picture>\n\t\t\t\t<source media=\"(max-width: 768px)\" srcset=\"https:\/\/files.sunoresearch.com.br\/n\/uploads\/2019\/01\/e2bc58e8-exporta\u00e7\u00f5es-brasileiras-em-alta-400x200.webp\">\n\t\t\t\t<img loading=\"lazy\" decoding=\"async\" class=\"newsContent__article__imgCapa lazyloadDisabled newsContent__article__imgCapa--noCaption\" src=\"https:\/\/files.sunoresearch.com.br\/n\/uploads\/2019\/01\/e2bc58e8-exporta\u00e7\u00f5es-brasileiras-em-alta-jpg.webp\" width=\"800\" height=\"450\" alt=\"Exporta\u00e7\u00f5es de 2018 alcan\u00e7am maior valor desde 2013\" fetchpriority=high \/>\n\t\t\t<\/picture>\n\n\t\t\t<figcaption class=\"wp-caption-text wp-caption-text--hide\">Dom\u00ednio do d\u00f3lar no mercado pode ampliar o impacto da crise, diz o FMI<\/figcaption>\n\t\t<\/figure>\n\t<\/div>\n\n\n<p>Segundo os dados do <strong>Minist\u00e9rio da Economia<\/strong>, a\u00a0<strong>corrente de com\u00e9rcio<\/strong> brasileira cresceu 13,7% em 2018. A corrente de com\u00e9rcio \u00e9 a soma das <strong>exporta\u00e7\u00f5es<\/strong> e <strong>importa\u00e7\u00f5es<\/strong>.<\/p>\n<p>Em 2018, as exporta\u00e7\u00f5es cresceram 9,6% e registraram o maior valor desde 2013: US$ 239,5 bilh\u00f5es. Por sua vez, as importa\u00e7\u00f5es aumentaram 19,7% e atingiram o maior valor desde 2014:\u00a0US$ 181,2 bilh\u00f5es.<\/p>\n<p>A corrente de com\u00e9rcio foi de US$ 420,7 bilh\u00f5es, superando em US$ 52 bilh\u00f5es o resultado de 2017 e atingindo o maior valor desde 2014, quando alcan\u00e7ou US$ 454 bilh\u00f5es.<\/p>\n<p><a href=\"https:\/\/www.suno.com.br\/noticias\/secex-exportacoes-soja-brasil-recorde\/\">Saiba mais:\u00a0Secex: exporta\u00e7\u00f5es de soja Brasil atingem recorde em 2018\u00a0<\/a><\/p>\n<p>O saldo comercial ficou em US$ 58,3 bilh\u00f5es. Um resultado que mostra uma retra\u00e7\u00e3o de 13% em rela\u00e7\u00e3o ao acumulado entre janeiro e dezembro do ano passado.<\/p>\n<p>Mesmo assim, foi o segundo melhor desempenho registrado pela <a href=\"https:\/\/www.suno.com.br\/artigos\/balanca-comercial\/\"><strong>balan\u00e7a<\/strong> <strong>comercial<\/strong> brasileira<\/a> desde 1989.<\/p>\n<h2>Exporta\u00e7\u00f5es recorde<\/h2>\n<p>O aumento das <strong>exporta\u00e7\u00f5es<\/strong> se deu pelo segundo ano consecutivo ap\u00f3s sucessivas quedas entre 2012 e 2016. O valor exportado em 2018 retoma os n\u00edveis de 2013, quando foram exportados US$ 242 bilh\u00f5es.<\/p>\n<p>Os principais mercados de destino das exporta\u00e7\u00f5es brasileiras registraram desempenho positivo:<\/p>\n<ul>\n<li>China (US$ 66,6 bilh\u00f5es, +32,2%);<\/li>\n<li>Uni\u00e3o Europeia (US$ 42,1 bilh\u00f5es, +20,1%);<\/li>\n<li>Estados Unidos (US$ 28,8 bilh\u00f5es, +6,6%).<\/li>\n<\/ul>\n<p>A Argentina segue como principal parceiro comercial do Brasil na Am\u00e9rica Latina. Todavia, as exporta\u00e7\u00f5es para aquele pa\u00eds ca\u00edram 15,5% na compara\u00e7\u00e3o com 2017, chegando a\u00a0US$ 14,9 bilh\u00f5es em 2018.<\/p>\n<h2>Exporta\u00e7\u00e3o por fator agregado<\/h2>\n<p>Por fator agregado, houve crescimento das exporta\u00e7\u00f5es de produtos b\u00e1sicos (17,2%, para US$ 118,9 bilh\u00f5es) e manufaturados (7,4%, para US$ 86,6 bilh\u00f5es). Por outro lado, os produtos semimanufaturados registraram redu\u00e7\u00e3o na exporta\u00e7\u00e3o de 3,1% (para US$ 30,6 bilh\u00f5es).<\/p>\n<p>A redu\u00e7\u00e3o nas exporta\u00e7\u00f5es de produtos do setor automotivo foi o fator que mais impactou a queda geral nas exporta\u00e7\u00f5es para a Argentina.<\/p>\n<p>Por outro lado, para a China, os destaques foram as exporta\u00e7\u00f5es de commodities agr\u00edcolas e minerais. Entre eles:<\/p>\n<ul>\n<li>soja<\/li>\n<li>petr\u00f3leo bruto<\/li>\n<li>min\u00e9rio de ferro<\/li>\n<li>celulose<\/li>\n<li>carne bovina<\/li>\n<li>ferro ligas<\/li>\n<li>carne de frango<\/li>\n<li>algod\u00e3o bruto<\/li>\n<\/ul>\n<p>Tamb\u00e9m houve destaque para os produtos b\u00e1sicos exportados para a Uni\u00e3o Europeia. Entre eles:<\/p>\n<ul>\n<li>farelo de soja<\/li>\n<li>min\u00e9rio de ferro<\/li>\n<li>celulose<\/li>\n<li>caf\u00e9 em gr\u00e3o<\/li>\n<li>petr\u00f3leo bruto<\/li>\n<li>soja<\/li>\n<li>min\u00e9rio de cobre<\/li>\n<\/ul>\n<p>Em rela\u00e7\u00e3o aos Estados Unidos, o aumento de 6,6% das exporta\u00e7\u00f5es foi influenciado pelo crescimento das vendas de<\/p>\n<ul>\n<li>a\u00e7o semimanufaturado<\/li>\n<li>petr\u00f3leo bruto<\/li>\n<li>partes de motores de avi\u00f5es<\/li>\n<li>m\u00e1quinas e aparelhos para terraplanagem<\/li>\n<\/ul>\n<p>Em 2018, as exporta\u00e7\u00f5es brasileiras para os EUA foram majoritariamente de bens manufaturados (cerca de 60%). Portanto, o mercado norte-americano se consolida como o maior destino de produtos industrializados do Brasil.<\/p>\n<p>Em rela\u00e7\u00e3o as importa\u00e7\u00f5es, em 2018, houve aumento de importa\u00e7\u00f5es em todas as grandes categorias:<\/p>\n<ul>\n<li>bens de capital (US$ 28,6 bilh\u00f5es, +76,5%);<\/li>\n<li>bens intermedi\u00e1rios (US$ 104,9 bilh\u00f5es, +11,6%);<\/li>\n<li>bens de consumo (US$ 25,5 bilh\u00f5es, +9,1%);<\/li>\n<li>combust\u00edveis e lubrificantes (US$ 22,0 bilh\u00f5es, +24,9%).<\/li>\n<\/ul>\n<h2>Importa\u00e7\u00f5es em alta<\/h2>\n<p>Segundo os analistas, o aumento das importa\u00e7\u00f5es registrado em 2018 \u00e9 s\u00edntomo da retomada da economia. E a composi\u00e7\u00e3o dos produtos importados mostra essa melhora no cen\u00e1rio econ\u00f4mico brasileiro.<\/p>\n<p>As importa\u00e7\u00f5es de 2018 foram majoritariamente (85%) compostas por combust\u00edveis, insumos e bens de capital. Isso demonstra, segundo os analistas, que os empres\u00e1rios brasileiros voltaram a investir.<\/p>\n<p>Comprando bens de capital, os setores produtivos nacionais estariam se preparando para um per\u00edodo de crescimento econ\u00f4mico.<\/p>\n<p>Os principais parceiros comerciais brasileiros nas importa\u00e7\u00f5es foram:<\/p>\n<ul>\n<li>China (US$ 35,5 bilh\u00f5es, +26,6%);<\/li>\n<li>Uni\u00e3o Europeia (US$ 34,8 bilh\u00f5es, +7,9%);<\/li>\n<li>Estados Unidos (US$ 28,9 bilh\u00f5es, +16,1%); e<\/li>\n<li>Argentina (US$ 11,1 bilh\u00f5es, +16,7%).<\/li>\n<\/ul>\n<p>Com a posse do novo governo do presidente <strong>Jair Bolsonaro<\/strong> a <strong>balan\u00e7a<\/strong> <strong>comercial<\/strong> brasileira ser\u00e1 analisada pelo <strong>Minist\u00e9rio da Economia<\/strong>. Este ser\u00e1 o \u00f3rg\u00e3o que seguir\u00e1 a divulga\u00e7\u00e3o peri\u00f3dica das estat\u00edsticas oficiais das <strong>importa\u00e7\u00f5es<\/strong> e <strong>exporta\u00e7\u00f5es<\/strong> brasileiras.<\/p>\n","protected":false},"excerpt":{"rendered":"<p>As exporta\u00e7\u00f5es brasileiras de 2018 alcan\u00e7am o maior valor dos \u00faltimos cinco anos. Dom\u00ednio do d\u00f3lar no mercado pode ampliar o impacto da crise, diz o FMI Segundo os dados do Minist\u00e9rio da Economia, a\u00a0corrente de com\u00e9rcio brasileira cresceu 13,7% em 2018. A corrente de com\u00e9rcio \u00e9 a soma das exporta\u00e7\u00f5es e importa\u00e7\u00f5es. Em 2018, [&hellip;]<\/p>\n","protected":false},"author":9,"featured_media":10324,"comment_status":"closed","ping_status":"closed","sticky":false,"template":"","format":"standard","meta":[],"categories":[60],"tags":[914,923,909],"suno_strategy":[],"class_list":["post-10318","post","type-post","status-publish","format-standard","has-post-thumbnail","hentry","category-mercado","tag-balanca-comercial","tag-comercio-exterior","tag-ministerio-da-economia"],"yoast_head":"<!-- This site is optimized with the Yoast SEO plugin v24.4 - https:\/\/yoast.com\/wordpress\/plugins\/seo\/ -->\n<title>Exporta\u00e7\u00f5es de 2018 alcan\u00e7am maior valor desde 2013<\/title>\n<meta name=\"description\" content=\"As exporta\u00e7\u00f5es brasileiras de 2018 alcan\u00e7am o maior valor dos \u00faltimos cinco anos. Clique aqui para saber mais.\" \/>\n<meta name=\"robots\" content=\"index, follow, max-snippet:-1, max-image-preview:large, max-video-preview:-1\" \/>\n<link rel=\"canonical\" href=\"https:\/\/www.suno.com.br\/noticias\/exportacoes-de-2018-alcancam-maior-valor-desde-2013\/\" \/>\n<meta property=\"og:locale\" content=\"pt_BR\" \/>\n<meta property=\"og:type\" content=\"article\" \/>\n<meta property=\"og:title\" content=\"Exporta\u00e7\u00f5es de 2018 alcan\u00e7am maior valor desde 2013\" \/>\n<meta property=\"og:description\" content=\"As exporta\u00e7\u00f5es brasileiras de 2018 alcan\u00e7am o maior valor dos \u00faltimos cinco anos. Clique aqui para saber mais.\" \/>\n<meta property=\"og:url\" content=\"https:\/\/www.suno.com.br\/noticias\/exportacoes-de-2018-alcancam-maior-valor-desde-2013\/\" \/>\n<meta property=\"og:site_name\" content=\"Suno Not\u00edcias\" \/>\n<meta property=\"article:publisher\" content=\"https:\/\/facebook.com\/sunoresearch\" \/>\n<meta property=\"og:image\" content=\"https:\/\/files.sunoresearch.com.br\/n\/uploads\/2019\/01\/e2bc58e8-exporta\u00e7\u00f5es-brasileiras-em-alta.jpg\" \/>\n\t<meta property=\"og:image:width\" content=\"730\" \/>\n\t<meta property=\"og:image:height\" content=\"425\" \/>\n\t<meta property=\"og:image:type\" content=\"image\/jpeg\" \/>\n<meta name=\"author\" content=\"Carlo Cauti\" \/>\n<meta name=\"twitter:card\" content=\"summary_large_image\" \/>\n<meta name=\"twitter:creator\" content=\"@sunoresearch\" \/>\n<meta name=\"twitter:site\" content=\"@sunoresearch\" \/>\n<meta name=\"twitter:label1\" content=\"Escrito por\" \/>\n\t<meta name=\"twitter:data1\" content=\"Carlo Cauti\" \/>\n\t<meta name=\"twitter:label2\" content=\"Est. tempo de leitura\" \/>\n\t<meta name=\"twitter:data2\" content=\"3 minutos\" \/>\n<script type=\"application\/ld+json\" class=\"yoast-schema-graph\">{\"@context\":\"https:\/\/schema.org\",\"@graph\":[{\"@type\":\"NewsArticle\",\"@id\":\"https:\/\/www.suno.com.br\/noticias\/exportacoes-de-2018-alcancam-maior-valor-desde-2013\/#article\",\"isPartOf\":{\"@id\":\"https:\/\/www.suno.com.br\/noticias\/exportacoes-de-2018-alcancam-maior-valor-desde-2013\/\"},\"author\":{\"name\":\"Carlo Cauti\",\"@id\":\"https:\/\/www.suno.com.br\/noticias\/#\/schema\/person\/e6e0f723cc177805027f4566c1d5e0c8\"},\"headline\":\"Exporta\u00e7\u00f5es de 2018 alcan\u00e7am maior valor desde 2013\",\"datePublished\":\"2019-01-04T13:43:53+00:00\",\"mainEntityOfPage\":{\"@id\":\"https:\/\/www.suno.com.br\/noticias\/exportacoes-de-2018-alcancam-maior-valor-desde-2013\/\"},\"wordCount\":671,\"publisher\":{\"@id\":\"https:\/\/www.suno.com.br\/noticias\/#organization\"},\"image\":{\"@id\":\"https:\/\/www.suno.com.br\/noticias\/exportacoes-de-2018-alcancam-maior-valor-desde-2013\/#primaryimage\"},\"thumbnailUrl\":\"https:\/\/files.sunoresearch.com.br\/n\/uploads\/2019\/01\/e2bc58e8-exporta\u00e7\u00f5es-brasileiras-em-alta-jpg.webp\",\"keywords\":[\"balan\u00e7a comercial\",\"comercio exterior\",\"Minist\u00e9rio da Economia\"],\"articleSection\":[\"Mercado\"],\"inLanguage\":\"pt-BR\"},{\"@type\":\"WebPage\",\"@id\":\"https:\/\/www.suno.com.br\/noticias\/exportacoes-de-2018-alcancam-maior-valor-desde-2013\/\",\"url\":\"https:\/\/www.suno.com.br\/noticias\/exportacoes-de-2018-alcancam-maior-valor-desde-2013\/\",\"name\":\"Exporta\u00e7\u00f5es de 2018 alcan\u00e7am maior valor desde 2013\",\"isPartOf\":{\"@id\":\"https:\/\/www.suno.com.br\/noticias\/#website\"},\"primaryImageOfPage\":{\"@id\":\"https:\/\/www.suno.com.br\/noticias\/exportacoes-de-2018-alcancam-maior-valor-desde-2013\/#primaryimage\"},\"image\":{\"@id\":\"https:\/\/www.suno.com.br\/noticias\/exportacoes-de-2018-alcancam-maior-valor-desde-2013\/#primaryimage\"},\"thumbnailUrl\":\"https:\/\/files.sunoresearch.com.br\/n\/uploads\/2019\/01\/e2bc58e8-exporta\u00e7\u00f5es-brasileiras-em-alta-jpg.webp\",\"datePublished\":\"2019-01-04T13:43:53+00:00\",\"description\":\"As exporta\u00e7\u00f5es brasileiras de 2018 alcan\u00e7am o maior valor dos \u00faltimos cinco anos. Clique aqui para saber mais.\",\"breadcrumb\":{\"@id\":\"https:\/\/www.suno.com.br\/noticias\/exportacoes-de-2018-alcancam-maior-valor-desde-2013\/#breadcrumb\"},\"inLanguage\":\"pt-BR\",\"potentialAction\":[{\"@type\":\"ReadAction\",\"target\":[\"https:\/\/www.suno.com.br\/noticias\/exportacoes-de-2018-alcancam-maior-valor-desde-2013\/\"]}]},{\"@type\":\"ImageObject\",\"inLanguage\":\"pt-BR\",\"@id\":\"https:\/\/www.suno.com.br\/noticias\/exportacoes-de-2018-alcancam-maior-valor-desde-2013\/#primaryimage\",\"url\":\"https:\/\/files.sunoresearch.com.br\/n\/uploads\/2019\/01\/e2bc58e8-exporta\u00e7\u00f5es-brasileiras-em-alta-jpg.webp\",\"contentUrl\":\"https:\/\/files.sunoresearch.com.br\/n\/uploads\/2019\/01\/e2bc58e8-exporta\u00e7\u00f5es-brasileiras-em-alta-jpg.webp\",\"width\":730,\"height\":425,\"caption\":\"Dom\u00ednio do d\u00f3lar no mercado pode ampliar o impacto da crise, diz o FMI\"},{\"@type\":\"BreadcrumbList\",\"@id\":\"https:\/\/www.suno.com.br\/noticias\/exportacoes-de-2018-alcancam-maior-valor-desde-2013\/#breadcrumb\",\"itemListElement\":[{\"@type\":\"ListItem\",\"position\":1,\"name\":\"Not\u00edcias\",\"item\":\"https:\/\/www.suno.com.br\/noticias\/\"},{\"@type\":\"ListItem\",\"position\":2,\"name\":\"Mercado\",\"item\":\"https:\/\/www.suno.com.br\/noticias\/mercado\/\"},{\"@type\":\"ListItem\",\"position\":3,\"name\":\"Exporta\u00e7\u00f5es de 2018 alcan\u00e7am maior valor desde 2013\"}]},{\"@type\":\"WebSite\",\"@id\":\"https:\/\/www.suno.com.br\/noticias\/#website\",\"url\":\"https:\/\/www.suno.com.br\/noticias\/\",\"name\":\"Suno Not\u00edcias\",\"description\":\"Seu portal de informa\u00e7\u00e3o sobre o mundo dos investimentos\",\"publisher\":{\"@id\":\"https:\/\/www.suno.com.br\/noticias\/#organization\"},\"potentialAction\":[{\"@type\":\"SearchAction\",\"target\":{\"@type\":\"EntryPoint\",\"urlTemplate\":\"https:\/\/www.suno.com.br\/noticias\/?s={search_term_string}\"},\"query-input\":{\"@type\":\"PropertyValueSpecification\",\"valueRequired\":true,\"valueName\":\"search_term_string\"}}],\"inLanguage\":\"pt-BR\"},{\"@type\":\"Organization\",\"@id\":\"https:\/\/www.suno.com.br\/noticias\/#organization\",\"name\":\"Suno Not\u00edcias\",\"url\":\"https:\/\/www.suno.com.br\/noticias\/\",\"logo\":{\"@type\":\"ImageObject\",\"inLanguage\":\"pt-BR\",\"@id\":\"https:\/\/www.suno.com.br\/noticias\/#\/schema\/logo\/image\/\",\"url\":\"https:\/\/files.sunoresearch.com.br\/n\/uploads\/2021\/09\/suno-logo.png\",\"contentUrl\":\"https:\/\/files.sunoresearch.com.br\/n\/uploads\/2021\/09\/suno-logo.png\",\"width\":180,\"height\":180,\"caption\":\"Suno Not\u00edcias\"},\"image\":{\"@id\":\"https:\/\/www.suno.com.br\/noticias\/#\/schema\/logo\/image\/\"},\"sameAs\":[\"https:\/\/facebook.com\/sunoresearch\",\"https:\/\/x.com\/sunoresearch\",\"https:\/\/www.instagram.com\/suno\",\"https:\/\/www.linkedin.com\/company\/suno-research\/\",\"https:\/\/www.youtube.com\/c\/sunoresearch\"]},{\"@type\":\"Person\",\"@id\":\"https:\/\/www.suno.com.br\/noticias\/#\/schema\/person\/e6e0f723cc177805027f4566c1d5e0c8\",\"name\":\"Carlo Cauti\",\"image\":{\"@type\":\"ImageObject\",\"inLanguage\":\"pt-BR\",\"@id\":\"https:\/\/www.suno.com.br\/noticias\/#\/schema\/person\/image\/\",\"url\":\"https:\/\/secure.gravatar.com\/avatar\/3ada9e0bd164c23abd4792a9606d583c?s=96&r=g\",\"contentUrl\":\"https:\/\/secure.gravatar.com\/avatar\/3ada9e0bd164c23abd4792a9606d583c?s=96&r=g\",\"caption\":\"Carlo Cauti\"},\"description\":\"Editor multim\u00eddia do SUNO Not\u00edcias. Italiano, formado em Ci\u00eancias Pol\u00edticas pela universidade LUISS G. Carli de Roma e mestre cum laude em Rela\u00e7\u00f5es Internacionais, Jornalismo Internacional e de Guerra e em Economia Internacional. Concluiu tamb\u00e9m um MBA em Finan\u00e7as na B3. No Brasil, teve passagem por ve\u00edculos como Estad\u00e3o, Globo, Veja e EXAME. e nas ag\u00eancias de not\u00edcias italianas ANSA e NOVA.\",\"url\":\"https:\/\/www.suno.com.br\/noticias\/author\/carlo-cauti\/\"}]}<\/script>\n<!-- \/ Yoast SEO plugin. -->","yoast_head_json":{"title":"Exporta\u00e7\u00f5es de 2018 alcan\u00e7am maior valor desde 2013","description":"As exporta\u00e7\u00f5es brasileiras de 2018 alcan\u00e7am o maior valor dos \u00faltimos cinco anos. Clique aqui para saber mais.","robots":{"index":"index","follow":"follow","max-snippet":"max-snippet:-1","max-image-preview":"max-image-preview:large","max-video-preview":"max-video-preview:-1"},"canonical":"https:\/\/www.suno.com.br\/noticias\/exportacoes-de-2018-alcancam-maior-valor-desde-2013\/","og_locale":"pt_BR","og_type":"article","og_title":"Exporta\u00e7\u00f5es de 2018 alcan\u00e7am maior valor desde 2013","og_description":"As exporta\u00e7\u00f5es brasileiras de 2018 alcan\u00e7am o maior valor dos \u00faltimos cinco anos. Clique aqui para saber mais.","og_url":"https:\/\/www.suno.com.br\/noticias\/exportacoes-de-2018-alcancam-maior-valor-desde-2013\/","og_site_name":"Suno Not\u00edcias","article_publisher":"https:\/\/facebook.com\/sunoresearch","og_image":[{"width":730,"height":425,"url":"https:\/\/files.sunoresearch.com.br\/n\/uploads\/2019\/01\/e2bc58e8-exporta\u00e7\u00f5es-brasileiras-em-alta.jpg","type":"image\/jpeg"}],"author":"Carlo Cauti","twitter_card":"summary_large_image","twitter_creator":"@sunoresearch","twitter_site":"@sunoresearch","twitter_misc":{"Escrito por":"Carlo Cauti","Est. tempo de leitura":"3 minutos"},"schema":{"@context":"https:\/\/schema.org","@graph":[{"@type":"NewsArticle","@id":"https:\/\/www.suno.com.br\/noticias\/exportacoes-de-2018-alcancam-maior-valor-desde-2013\/#article","isPartOf":{"@id":"https:\/\/www.suno.com.br\/noticias\/exportacoes-de-2018-alcancam-maior-valor-desde-2013\/"},"author":{"name":"Carlo Cauti","@id":"https:\/\/www.suno.com.br\/noticias\/#\/schema\/person\/e6e0f723cc177805027f4566c1d5e0c8"},"headline":"Exporta\u00e7\u00f5es de 2018 alcan\u00e7am maior valor desde 2013","datePublished":"2019-01-04T13:43:53+00:00","mainEntityOfPage":{"@id":"https:\/\/www.suno.com.br\/noticias\/exportacoes-de-2018-alcancam-maior-valor-desde-2013\/"},"wordCount":671,"publisher":{"@id":"https:\/\/www.suno.com.br\/noticias\/#organization"},"image":{"@id":"https:\/\/www.suno.com.br\/noticias\/exportacoes-de-2018-alcancam-maior-valor-desde-2013\/#primaryimage"},"thumbnailUrl":"https:\/\/files.sunoresearch.com.br\/n\/uploads\/2019\/01\/e2bc58e8-exporta\u00e7\u00f5es-brasileiras-em-alta-jpg.webp","keywords":["balan\u00e7a comercial","comercio exterior","Minist\u00e9rio da Economia"],"articleSection":["Mercado"],"inLanguage":"pt-BR"},{"@type":"WebPage","@id":"https:\/\/www.suno.com.br\/noticias\/exportacoes-de-2018-alcancam-maior-valor-desde-2013\/","url":"https:\/\/www.suno.com.br\/noticias\/exportacoes-de-2018-alcancam-maior-valor-desde-2013\/","name":"Exporta\u00e7\u00f5es de 2018 alcan\u00e7am maior valor desde 2013","isPartOf":{"@id":"https:\/\/www.suno.com.br\/noticias\/#website"},"primaryImageOfPage":{"@id":"https:\/\/www.suno.com.br\/noticias\/exportacoes-de-2018-alcancam-maior-valor-desde-2013\/#primaryimage"},"image":{"@id":"https:\/\/www.suno.com.br\/noticias\/exportacoes-de-2018-alcancam-maior-valor-desde-2013\/#primaryimage"},"thumbnailUrl":"https:\/\/files.sunoresearch.com.br\/n\/uploads\/2019\/01\/e2bc58e8-exporta\u00e7\u00f5es-brasileiras-em-alta-jpg.webp","datePublished":"2019-01-04T13:43:53+00:00","description":"As exporta\u00e7\u00f5es brasileiras de 2018 alcan\u00e7am o maior valor dos \u00faltimos cinco anos. Clique aqui para saber mais.","breadcrumb":{"@id":"https:\/\/www.suno.com.br\/noticias\/exportacoes-de-2018-alcancam-maior-valor-desde-2013\/#breadcrumb"},"inLanguage":"pt-BR","potentialAction":[{"@type":"ReadAction","target":["https:\/\/www.suno.com.br\/noticias\/exportacoes-de-2018-alcancam-maior-valor-desde-2013\/"]}]},{"@type":"ImageObject","inLanguage":"pt-BR","@id":"https:\/\/www.suno.com.br\/noticias\/exportacoes-de-2018-alcancam-maior-valor-desde-2013\/#primaryimage","url":"https:\/\/files.sunoresearch.com.br\/n\/uploads\/2019\/01\/e2bc58e8-exporta\u00e7\u00f5es-brasileiras-em-alta-jpg.webp","contentUrl":"https:\/\/files.sunoresearch.com.br\/n\/uploads\/2019\/01\/e2bc58e8-exporta\u00e7\u00f5es-brasileiras-em-alta-jpg.webp","width":730,"height":425,"caption":"Dom\u00ednio do d\u00f3lar no mercado pode ampliar o impacto da crise, diz o FMI"},{"@type":"BreadcrumbList","@id":"https:\/\/www.suno.com.br\/noticias\/exportacoes-de-2018-alcancam-maior-valor-desde-2013\/#breadcrumb","itemListElement":[{"@type":"ListItem","position":1,"name":"Not\u00edcias","item":"https:\/\/www.suno.com.br\/noticias\/"},{"@type":"ListItem","position":2,"name":"Mercado","item":"https:\/\/www.suno.com.br\/noticias\/mercado\/"},{"@type":"ListItem","position":3,"name":"Exporta\u00e7\u00f5es de 2018 alcan\u00e7am maior valor desde 2013"}]},{"@type":"WebSite","@id":"https:\/\/www.suno.com.br\/noticias\/#website","url":"https:\/\/www.suno.com.br\/noticias\/","name":"Suno Not\u00edcias","description":"Seu portal de informa\u00e7\u00e3o sobre o mundo dos investimentos","publisher":{"@id":"https:\/\/www.suno.com.br\/noticias\/#organization"},"potentialAction":[{"@type":"SearchAction","target":{"@type":"EntryPoint","urlTemplate":"https:\/\/www.suno.com.br\/noticias\/?s={search_term_string}"},"query-input":{"@type":"PropertyValueSpecification","valueRequired":true,"valueName":"search_term_string"}}],"inLanguage":"pt-BR"},{"@type":"Organization","@id":"https:\/\/www.suno.com.br\/noticias\/#organization","name":"Suno Not\u00edcias","url":"https:\/\/www.suno.com.br\/noticias\/","logo":{"@type":"ImageObject","inLanguage":"pt-BR","@id":"https:\/\/www.suno.com.br\/noticias\/#\/schema\/logo\/image\/","url":"https:\/\/files.sunoresearch.com.br\/n\/uploads\/2021\/09\/suno-logo.png","contentUrl":"https:\/\/files.sunoresearch.com.br\/n\/uploads\/2021\/09\/suno-logo.png","width":180,"height":180,"caption":"Suno Not\u00edcias"},"image":{"@id":"https:\/\/www.suno.com.br\/noticias\/#\/schema\/logo\/image\/"},"sameAs":["https:\/\/facebook.com\/sunoresearch","https:\/\/x.com\/sunoresearch","https:\/\/www.instagram.com\/suno","https:\/\/www.linkedin.com\/company\/suno-research\/","https:\/\/www.youtube.com\/c\/sunoresearch"]},{"@type":"Person","@id":"https:\/\/www.suno.com.br\/noticias\/#\/schema\/person\/e6e0f723cc177805027f4566c1d5e0c8","name":"Carlo Cauti","image":{"@type":"ImageObject","inLanguage":"pt-BR","@id":"https:\/\/www.suno.com.br\/noticias\/#\/schema\/person\/image\/","url":"https:\/\/secure.gravatar.com\/avatar\/3ada9e0bd164c23abd4792a9606d583c?s=96&r=g","contentUrl":"https:\/\/secure.gravatar.com\/avatar\/3ada9e0bd164c23abd4792a9606d583c?s=96&r=g","caption":"Carlo Cauti"},"description":"Editor multim\u00eddia do SUNO Not\u00edcias. Italiano, formado em Ci\u00eancias Pol\u00edticas pela universidade LUISS G. Carli de Roma e mestre cum laude em Rela\u00e7\u00f5es Internacionais, Jornalismo Internacional e de Guerra e em Economia Internacional. Concluiu tamb\u00e9m um MBA em Finan\u00e7as na B3. No Brasil, teve passagem por ve\u00edculos como Estad\u00e3o, Globo, Veja e EXAME. e nas ag\u00eancias de not\u00edcias italianas ANSA e NOVA.","url":"https:\/\/www.suno.com.br\/noticias\/author\/carlo-cauti\/"}]}},"default_loop_html":"<div class=\"cardsPage__listCard__boxs\"><div class=\"cardsPage__listCard__boxs__img\"><a href=\"https:\/\/www.suno.com.br\/noticias\/exportacoes-de-2018-alcancam-maior-valor-desde-2013\/\"><img class=\"mask\" src=\"https:\/\/www.suno.com.br\/noticias\/wp-content\/themes\/suno\/resources\/images\/spotlight\/spotlight1img\/bg-mask.png\" alt=\"Image Mask\"\/><img src=\"https:\/\/files.sunoresearch.com.br\/n\/uploads\/2019\/01\/e2bc58e8-exporta\u00e7\u00f5es-brasileiras-em-alta-400x200.webp\" alt=\"Exporta\u00e7\u00f5es de 2018 alcan\u00e7am maior valor desde 2013\"\/><\/a><span class=\"spotlightCategory\"><a href=\"https:\/\/www.suno.com.br\/noticias\/mercado\/\">Mercado<\/a><\/span><\/div><div class=\"cardsPage__listCard__boxs__content\"><a href=\"https:\/\/www.suno.com.br\/noticias\/exportacoes-de-2018-alcancam-maior-valor-desde-2013\/\"><h2 class=\"content__title\">Exporta\u00e7\u00f5es de 2018 alcan\u00e7am maior valor desde 2013<\/h2><\/a><div class=\"newsContent__article__meta\"><div class=\"newsContent__article__meta__authorBox\"><a href=\"https:\/\/www.suno.com.br\/noticias\/author\/carlo-cauti\/\" class=\"authorBox__avatar noMobi\"><img src=\"https:\/\/files.sunoresearch.com.br\/n\/uploads\/2020\/08\/e3745f9a-perfil-carlo-cauti-150x150.webp\" alt=\"Carlo Cauti\"><\/a><div class=\"authorBox__name\"><span>por\n\t\t\t<a href=\"https:\/\/www.suno.com.br\/noticias\/author\/carlo-cauti\/\"><span itemprop=\"author\">Carlo Cauti<\/span><\/a><\/span><time datetime=\"2019-01-04T11:43:53-02:00\" itemprop=\"datePublished\">04\/01\/2019 11:43<\/time><\/div><\/div><\/div><\/div><\/div>","single_layout":"posts","amp_enabled":true,"_links":{"self":[{"href":"https:\/\/www.suno.com.br\/noticias\/wp-json\/wp\/v2\/posts\/10318"}],"collection":[{"href":"https:\/\/www.suno.com.br\/noticias\/wp-json\/wp\/v2\/posts"}],"about":[{"href":"https:\/\/www.suno.com.br\/noticias\/wp-json\/wp\/v2\/types\/post"}],"author":[{"embeddable":true,"href":"https:\/\/www.suno.com.br\/noticias\/wp-json\/wp\/v2\/users\/9"}],"replies":[{"embeddable":true,"href":"https:\/\/www.suno.com.br\/noticias\/wp-json\/wp\/v2\/comments?post=10318"}],"version-history":[{"count":0,"href":"https:\/\/www.suno.com.br\/noticias\/wp-json\/wp\/v2\/posts\/10318\/revisions"}],"wp:featuredmedia":[{"embeddable":true,"href":"https:\/\/www.suno.com.br\/noticias\/wp-json\/wp\/v2\/media\/10324"}],"wp:attachment":[{"href":"https:\/\/www.suno.com.br\/noticias\/wp-json\/wp\/v2\/media?parent=10318"}],"wp:term":[{"taxonomy":"category","embeddable":true,"href":"https:\/\/www.suno.com.br\/noticias\/wp-json\/wp\/v2\/categories?post=10318"},{"taxonomy":"post_tag","embeddable":true,"href":"https:\/\/www.suno.com.br\/noticias\/wp-json\/wp\/v2\/tags?post=10318"},{"taxonomy":"suno_strategy","embeddable":true,"href":"https:\/\/www.suno.com.br\/noticias\/wp-json\/wp\/v2\/suno_strategy?post=10318"}],"curies":[{"name":"wp","href":"https:\/\/api.w.org\/{rel}","templated":true}]}}