{"id":102974,"date":"2020-11-25T18:27:27","date_gmt":"2020-11-25T21:27:27","guid":{"rendered":"https:\/\/www.suno.com.br\/noticias\/?p=102974"},"modified":"2020-11-26T15:47:32","modified_gmt":"2020-11-26T18:47:32","slug":"por-que-bolsas-valores-segunda-onda","status":"publish","type":"post","link":"https:\/\/www.suno.com.br\/noticias\/por-que-bolsas-valores-segunda-onda\/","title":{"rendered":"Por que as Bolsas de Valores n\u00e3o t\u00eam medo da segunda onda de coronav\u00edrus"},"content":{"rendered":"<p>A Europa entrou em um segundo lockdown no come\u00e7o de novembro, os Estados Unidos est\u00e3o enfrentando recordes de casos do novo coronav\u00edrus (covid-19) e o Brasil tamb\u00e9m registra um aumento do n\u00famero de contagiados. Parece que a <strong>segunda onda<\/strong> da pandemia est\u00e1 come\u00e7ando. Entretanto, as Bolsas de Valores do mundo inteiro n\u00e3o aparentam dar sinais de nervosismo, muito menos de quedas r\u00e1pidas como em mar\u00e7o.<\/p>\t<div class=\"wrapper-featured-image\">\n\t\t<figure class=\"spotlightImg\">\n\n\t\t\t<picture>\n\t\t\t\t<source media=\"(max-width: 768px)\" srcset=\"https:\/\/files.sunoresearch.com.br\/n\/uploads\/2020\/11\/af76513b-indices-800x450-2-400x200.webp\">\n\t\t\t\t<img loading=\"lazy\" decoding=\"async\" class=\"newsContent__article__imgCapa lazyloadDisabled \" src=\"https:\/\/files.sunoresearch.com.br\/n\/uploads\/2020\/11\/af76513b-indices-800x450-2-jpg.webp\" width=\"800\" height=\"450\" alt=\"Por que as Bolsas de Valores n\u00e3o t\u00eam medo da segunda onda de coronav\u00edrus\" fetchpriority=high \/>\n\t\t\t<\/picture>\n\n\t\t\t<figcaption class=\"wp-caption-text wp-caption-text--show\">Por que as Bolsas de Valores n\u00e3o tem medo da segunda onda de coronav\u00edrus<\/figcaption>\n\t\t<\/figure>\n\t<\/div>\n\n\n\t<p>\n\t\t<a href=\"https:\/\/lp.suno.com.br\/planilha-controle-gastos\/\" target=\"_blank\" data-element=\"shortcode-suno-banner\" title=\"Banner SUNO, clique e saiba mais\">\n\t\t\t<picture>\n\t\t\t\t<source media=\"(max-width: 500px)\" srcset=\"https:\/\/files.sunoresearch.com.br\/n\/uploads\/2023\/03\/400x300-Planilha-controle-de-gastos.png\">\n\t\t\t\t<img class=\"newsContent__article__imgCapa newsContent__article__imgCapa--banner\"\n\t\t\t\t\tsrc=\"https:\/\/files.sunoresearch.com.br\/n\/uploads\/2023\/03\/1420x240-Planilha-controle-de-gastos.png\"\n\t\t\t\t\tdata-promo-id=\"101751\"\t\t\t\t\t\t\t\t\t\twidth='1420' height='240'\t\t\t\t\talt=\"https:\/\/files.sunoresearch.com.br\/n\/uploads\/2023\/03\/1420x240-Planilha-controle-de-gastos.png\"\n\t\t\t\t>\n\t\t\t<\/picture>\n\t\t<\/a>\n\t<\/p>\n\n\n<p>Desde o dia 9 de outubro &#8211; data considerada convencionalmente como o in\u00edcio da segunda onda da pandemia na Europa &#8211; at\u00e9 o dia 25 de novembro as <strong><a href=\"https:\/\/www.suno.com.br\/artigos\/bolsa-de-valores-vertentes\/\">Bolsas de Valores<\/a>,<\/strong> ao contr\u00e1rio, se valorizaram.<\/p>\n<p>No Brasil o <span style=\"font-weight: 700 !important;\"><a href=\"https:\/\/www.suno.com.br\/artigos\/ibovespa\/\">Ibovespa<\/a><\/span>\u00a0passou de 97 mil pontos para mais de 110 mil. No exterior, O <a href=\"https:\/\/www.suno.com.br\/artigos\/nasdaq\/\"><strong>Nasdaq<\/strong><\/a> passou de 11 mil para 12 mil, o<a href=\"https:\/\/www.suno.com.br\/artigos\/sp-500\/\"> <strong>S&amp;P 500<\/strong><\/a> passou de 3,4 mil para 3,7 mil pontos, e o <a href=\"https:\/\/www.suno.com.br\/artigos\/indice-dow-jones-djia\/#:~:text=O%20%C3%8Dndice%20Dow%20Jones%20%C3%A9,at%C3%A9%20os%20dias%20de%20hoje.\"><strong>Dow Jones<\/strong><\/a> superou pela primeira vez os 30 mil pontos.<\/p>\n\t<p>\n\t\t<a href=\"https:\/\/lp.suno.com.br\/planilha-controle-gastos\/\" target=\"_blank\" data-element=\"shortcode-suno-banner\" title=\"Banner SUNO, clique e saiba mais\">\n\t\t\t<picture>\n\t\t\t\t<source media=\"(max-width: 500px)\" srcset=\"https:\/\/files.sunoresearch.com.br\/n\/uploads\/2023\/03\/400x300-Planilha-controle-de-gastos.png\">\n\t\t\t\t<img class=\"newsContent__article__imgCapa newsContent__article__imgCapa--banner\"\n\t\t\t\t\tsrc=\"https:\/\/files.sunoresearch.com.br\/n\/uploads\/2023\/03\/1420x240-Planilha-controle-de-gastos.png\"\n\t\t\t\t\tdata-promo-id=\"101751\"\t\t\t\t\t\t\t\t\t\twidth='1420' height='240'\t\t\t\t\talt=\"https:\/\/files.sunoresearch.com.br\/n\/uploads\/2023\/03\/1420x240-Planilha-controle-de-gastos.png\"\n\t\t\t\t>\n\t\t\t<\/picture>\n\t\t<\/a>\n\t<\/p>\n\n\n<p>Na Europa, o \u00edndice <a href=\"https:\/\/www.suno.com.br\/artigos\/euro-stoxx-50\/#:~:text=Fundada%20em%201924%2C%20o%20grupo,dos%20mais%20importantes%20indicadores%20europeus.\"><strong>EuroStoxx<\/strong><\/a> 600 passou de 360 pontos para quase 400 pontos. O <a href=\"https:\/\/www.suno.com.br\/artigos\/ftse-100\/\"><strong>FTSE 100<\/strong><\/a> da Bolsa de Londres passou de 5,9 mil pontos para 6,4 mil pontos. O <a href=\"https:\/\/www.suno.com.br\/artigos\/ftse-mib\/\"><strong>FTSE MIB<\/strong><\/a> da Bolsa de Mil\u00e3o subiu passando de 19,5 mil para 22,5 mil pontos. O <a href=\"https:\/\/www.suno.com.br\/artigos\/cac-40\/#:~:text=O%20CAC%2040%20foi%20criado,(antigamente%20chamada%20Paris%20Bourse).\"><strong>CAC 40<\/strong><\/a> de Paris de 4,9 mil para 5,5 mil. E o <a href=\"https:\/\/www.suno.com.br\/artigos\/dax-30\/#:~:text=O%20DAX%2030%20%C3%A9%20um,valores%20de%20Frankfurt%2C%20na%20Alemanha.&amp;text=Por%20isso%2C%20O%20DAX%2D30,em%20rela%C3%A7%C3%A3o%20%C3%A0%20economia%20europeia.\"><strong>DAX 30<\/strong><\/a> registrou uma leve alta, para 13,2 mil.<\/p>\n<p>Em mar\u00e7o o EuroStoxx tinha ca\u00eddo 23,28%, Frankfurt 23,34% e Mil\u00e3o at\u00e9 28,75%.<\/p>\n<p>Por isso, muitos analistas e gestores est\u00e3o prevendo que essa segunda onda poder\u00e1 ter um impacto bem menos dram\u00e1tico nas Bolsas de Valores. E as raz\u00f5es s\u00e3o muitas.<\/p>\n<h2>Segunda onda n\u00e3o tem impacto psicol\u00f3gico<\/h2>\n<p>Em primeiro lugar o p\u00e2nico de fevereiro-mar\u00e7o, quando ningu\u00e9m falava em vacina. Coisa que agora parece estar encaminhada.<\/p>\n\t<div data-element=\"shortcode-read-more\" class=\"knowMore\">\n\t\t\t\t<span class=\"knowMore__title\">Veja tamb\u00e9m<\/span>\n\t\t\t\t<a class=\"knowMore__link\" href=\"https:\/\/www.suno.com.br\/noticias\/brb-bsli3-aprova-pagamento-de-r-22-milhoes-em-jcp\/\">\n\t\t\tBRB (BSLI3) aprova pagamento de R$ 22 milh\u00f5es em JCP\t\t<\/a>\n\t<\/div>\n\n\n<p>N\u00e3o se sabe quanto vai demorar para que o rem\u00e9dio seja distribu\u00eddo, mas certamente desta vez h\u00e1 uma luz no fim do t\u00fanel. E isso anima os mercados.<\/p>\n<p><a href=\"https:\/\/lp.suno.com.br\/suno-one\/\">Conhe\u00e7a o Suno One, a central gratuita de informa\u00e7\u00f5es da Suno para quem quer aprender a investir. Acesse clicando aqui.<\/a><\/p>\n<p>O mesmo vale para terapias e equipamentos m\u00e9dicos. Em mar\u00e7o o mundo inteiro estava sem m\u00e1scaras e respiradores, enquanto agora todos est\u00e3o muito mais bem equipados.<\/p>\n<p>Assim como os hospitais, que hoje est\u00e3o mais preparados do que em mar\u00e7o para enfrentar a emerg\u00eancia. Isso faz diferen\u00e7a, at\u00e9 mesmo psicol\u00f3gica.<\/p>\n<p>E a psicologia \u00e9 o outro elemento que diferencia outubro-novembro de fevereiro-mar\u00e7o nos mercados.<\/p>\n<p>A primeira onda pegou todos, inclusive os investidores, de surpresa . At\u00e9 ent\u00e3o, os analistas estimavam uma situa\u00e7\u00e3o &#8220;normal&#8221; para 2020, com empresas realizando lucros e uma economia em crescimento.<\/p>\n<p>Ent\u00e3o, de repente, o cen\u00e1rio mudou drasticamente de uma forma nunca vista antes.<\/p>\n<p>Isso provocou um colapso muito r\u00e1pido das bolsas, justamente pelo efeito surpresa e pela grande incerteza.<\/p>\n<p>Todavia, desta vez tudo parece mais previs\u00edvel.<\/p>\n<h2>Pol\u00edticas monet\u00e1ria e fiscal expansionistas<\/h2>\n<p>Outra grande diferen\u00e7a \u00e9 que desta vez os mercados sabem que os <strong>Bancos Centrais<\/strong> v\u00e3o usar as bazucas monet\u00e1rias.<\/p>\n\t<div data-element=\"shortcode-read-more\" class=\"knowMore\">\n\t\t\t\t<span class=\"knowMore__title\">Veja tamb\u00e9m<\/span>\n\t\t\t\t<a class=\"knowMore__link\" href=\"https:\/\/www.suno.com.br\/noticias\/veja-5-razoes-maximas-bolsas-valores\/\">\n\t\t\tVeja as 5 raz\u00f5es que levaram \u00e0s novas m\u00e1ximas das Bolsas de Valores\t\t<\/a>\n\t<\/div>\n\n\n<p>Em mar\u00e7o, os mercados enfrentaram o coronav\u00edrus sem uma rede de seguran\u00e7a.<\/p>\n<p>A presidente do <a href=\"https:\/\/www.suno.com.br\/artigos\/bce\/\"><strong>Banco Central Europeu (BCE)<\/strong><\/a>, <strong><a href=\"https:\/\/www.suno.com.br\/tudo-sobre\/christine-lagarde\/#:~:text=Christine%20Lagarde%20%C3%A9%20a%20atual,de%20investimento%20de%20uma%20na%C3%A7%C3%A3o.\">Christine Lagarde<\/a>,<\/strong> estreou seu mandato com uma gafe atr\u00e1s da outra, gerando preocupa\u00e7\u00f5es nos mercados.<\/p>\n<p>Agora, rede de prote\u00e7\u00e3o foi criada, com juros zero ou negativos, <a href=\"https:\/\/www.suno.com.br\/artigos\/politica-monetaria\/#:~:text=A%20Pol%C3%ADtica%20Monet%C3%A1ria%20Expansionista%20%C3%A9,oferta%20de%20moeda%20na%20economia.\"><strong>pol\u00edticas monet\u00e1rias expansionistas<\/strong><\/a> e n\u00e3o convencionais, e a possibilidade de aumentar ainda mais essas medidas.<\/p>\n<p>No caso das <strong><a href=\"https:\/\/www.suno.com.br\/artigos\/politica-fiscal-expansionista\/#:~:text=A%20pol%C3%ADtica%20fiscal%20expansionista%20busca,com%20o%20avan%C3%A7o%20da%20economia.&amp;text=Isto%20porque%2C%20se%20o%20pa%C3%ADs,pode%20agravar%20o%20d%C3%A9ficit%20p%C3%BAblico.\">pol\u00edticas fiscais<\/a>,<\/strong> todavia, o cen\u00e1rio n\u00e3o \u00e9 t\u00e3o favor\u00e1vel.<\/p>\n<p>Em fevereiro-mar\u00e7o, ningu\u00e9m poderia imaginar que os governos gastariam tanto para suportar a economia.<\/p>\n<p>Hoje, por\u00e9m, est\u00e3o sendo feitas coisas que apenas no ano passado eram impens\u00e1veis. Como o &#8220;or\u00e7amento de guerra&#8221; criado no Brasil.<\/p>\n<p>O problema, todavia, \u00e9 que os esfor\u00e7os das finan\u00e7as p\u00fablicas t\u00eam sido enormes. E \u00e9 poss\u00edvel que nem todos os pa\u00edses consigam replic\u00e1-los uma segunda vez.<\/p>\n<h2>China n\u00e3o fechou<\/h2>\n<p>Tamb\u00e9m existem diferen\u00e7as a n\u00edvel econ\u00f4mico e financeiro entre os pa\u00edses do mundo.<\/p>\n\t<div data-element=\"shortcode-read-more\" class=\"knowMore\">\n\t\t\t\t<span class=\"knowMore__title\">Veja tamb\u00e9m<\/span>\n\t\t\t\t<a class=\"knowMore__link\" href=\"https:\/\/www.suno.com.br\/noticias\/por-que-acabou-euforia-acoes-maconha\/\">\n\t\t\tPorque acabou a euforia das a\u00e7\u00f5es de maconha nas Bolsas de Valores\t\t<\/a>\n\t<\/div>\n\n\n<p>Dessa vez a <strong>China<\/strong> n\u00e3o parece ser afetada pela segunda onda e sua economia est\u00e1 crescendo.<\/p>\n<p>Este \u00e9 um canal comercial que continua aberto, enquanto em fevereiro foi a China que fechou.<\/p>\n<p>Isso pode ajudar pa\u00edses exportadores de commodities como o Brasil, mas prejudicar pa\u00edses com economias industriais, como os pa\u00edses da <strong><a href=\"https:\/\/www.suno.com.br\/artigos\/uniao-europeia\/\">Uni\u00e3o Europeia (UE)<\/a>,<\/strong> for\u00e7ados a fechar as f\u00e1bricas e o com\u00e9rcio por causa da segunda onda.<\/p>\n<p>A situa\u00e7\u00e3o financeira tamb\u00e9m \u00e9 diferente: na \u00e9poca, os analistas raciocinavam sobre lucros e fundamentos, mas hoje tudo \u00e9 movido pela abundante liquidez que torna poss\u00edvel tamb\u00e9m o imposs\u00edvel.<\/p>\n<p>E isso tudo deixa a <strong>segunda onda<\/strong> de coronav\u00edrus muito menos assustadora nas Bolsas de Valores.<\/p>\n\t<p>\n\t\t<a href=\"https:\/\/lp.suno.com.br\/planilha-de-controle-de-investimentos\/\" target=\"_blank\" data-element=\"shortcode-suno-banner\" title=\"Banner SUNO, clique e saiba mais\">\n\t\t\t<picture>\n\t\t\t\t<source media=\"(max-width: 500px)\" srcset=\"https:\/\/files.sunoresearch.com.br\/n\/uploads\/2023\/03\/400x300-Controle-de-Investimentos.png\">\n\t\t\t\t<img class=\"newsContent__article__imgCapa newsContent__article__imgCapa--banner\"\n\t\t\t\t\tsrc=\"https:\/\/files.sunoresearch.com.br\/n\/uploads\/2023\/03\/1420x240-Controle-de-Investimentos.png\"\n\t\t\t\t\tdata-promo-id=\"75934\"\t\t\t\t\t\t\t\t\t\twidth='1420' height='240'\t\t\t\t\talt=\"https:\/\/files.sunoresearch.com.br\/n\/uploads\/2023\/03\/1420x240-Controle-de-Investimentos.png\"\n\t\t\t\t>\n\t\t\t<\/picture>\n\t\t<\/a>\n\t<\/p>\n\n\n","protected":false},"excerpt":{"rendered":"<p>A Europa entrou em um segundo lockdown no come\u00e7o de novembro, os Estados Unidos est\u00e3o enfrentando recordes de casos do novo coronav\u00edrus (covid-19) e o Brasil tamb\u00e9m registra um aumento do n\u00famero de contagiados. Parece que a segunda onda da pandemia est\u00e1 come\u00e7ando. Entretanto, as Bolsas de Valores do mundo inteiro n\u00e3o aparentam dar sinais [&hellip;]<\/p>\n","protected":false},"author":9,"featured_media":103158,"comment_status":"closed","ping_status":"closed","sticky":false,"template":"","format":"standard","meta":[],"categories":[60],"tags":[309,1937,11122,2487,5255,2006,3746,105068,964,2667],"suno_strategy":[],"class_list":["post-102974","post","type-post","status-publish","format-standard","has-post-thumbnail","hentry","category-mercado","tag-bolsa-de-valores","tag-bolsa-de-valores-de-sao-paulo-b3","tag-cac-40","tag-coronavirus","tag-covid-19","tag-dow-jones","tag-ftse-100","tag-ftse-mib","tag-nasdaq","tag-sp-500"],"yoast_head":"<!-- This site is optimized with the Yoast SEO plugin v24.4 - https:\/\/yoast.com\/wordpress\/plugins\/seo\/ -->\n<title>Por que as Bolsas de Valores n\u00e3o tem medo da segunda onda da covid-19<\/title>\n<meta name=\"description\" content=\"Desde o dia 9 de outubro at\u00e9 o dia 25 de novembro, diante da segunda onda, as Bolsas de Valores se valorizaram. Clique aqui para saber mais.\" \/>\n<meta name=\"robots\" content=\"index, follow, max-snippet:-1, max-image-preview:large, max-video-preview:-1\" \/>\n<link rel=\"canonical\" href=\"https:\/\/www.suno.com.br\/noticias\/por-que-bolsas-valores-segunda-onda\/\" \/>\n<meta property=\"og:locale\" content=\"pt_BR\" \/>\n<meta property=\"og:type\" content=\"article\" \/>\n<meta property=\"og:title\" content=\"Por que as Bolsas de Valores n\u00e3o tem medo da segunda onda da covid-19\" \/>\n<meta property=\"og:description\" content=\"Desde o dia 9 de outubro at\u00e9 o dia 25 de novembro, diante da segunda onda, as Bolsas de Valores se valorizaram. Clique aqui para saber mais.\" \/>\n<meta property=\"og:url\" content=\"https:\/\/www.suno.com.br\/noticias\/por-que-bolsas-valores-segunda-onda\/\" \/>\n<meta property=\"og:site_name\" content=\"Suno Not\u00edcias\" \/>\n<meta property=\"article:publisher\" content=\"https:\/\/facebook.com\/sunoresearch\" \/>\n<meta property=\"og:image\" content=\"https:\/\/files.sunoresearch.com.br\/n\/uploads\/2020\/11\/af76513b-indices-800x450-2.jpg\" \/>\n\t<meta property=\"og:image:width\" content=\"800\" \/>\n\t<meta property=\"og:image:height\" content=\"450\" \/>\n\t<meta property=\"og:image:type\" content=\"image\/jpeg\" \/>\n<meta name=\"author\" content=\"Carlo Cauti\" \/>\n<meta name=\"twitter:card\" content=\"summary_large_image\" \/>\n<meta name=\"twitter:creator\" content=\"@sunoresearch\" \/>\n<meta name=\"twitter:site\" content=\"@sunoresearch\" \/>\n<meta name=\"twitter:label1\" content=\"Escrito por\" \/>\n\t<meta name=\"twitter:data1\" content=\"Carlo Cauti\" \/>\n\t<meta name=\"twitter:label2\" content=\"Est. tempo de leitura\" \/>\n\t<meta name=\"twitter:data2\" content=\"4 minutos\" \/>\n<script type=\"application\/ld+json\" class=\"yoast-schema-graph\">{\"@context\":\"https:\/\/schema.org\",\"@graph\":[{\"@type\":\"NewsArticle\",\"@id\":\"https:\/\/www.suno.com.br\/noticias\/por-que-bolsas-valores-segunda-onda\/#article\",\"isPartOf\":{\"@id\":\"https:\/\/www.suno.com.br\/noticias\/por-que-bolsas-valores-segunda-onda\/\"},\"author\":{\"name\":\"Carlo Cauti\",\"@id\":\"https:\/\/www.suno.com.br\/noticias\/#\/schema\/person\/e6e0f723cc177805027f4566c1d5e0c8\"},\"headline\":\"Por que as Bolsas de Valores n\u00e3o t\u00eam medo da segunda onda de coronav\u00edrus\",\"datePublished\":\"2020-11-25T21:27:27+00:00\",\"dateModified\":\"2020-11-26T18:47:32+00:00\",\"mainEntityOfPage\":{\"@id\":\"https:\/\/www.suno.com.br\/noticias\/por-que-bolsas-valores-segunda-onda\/\"},\"wordCount\":858,\"publisher\":{\"@id\":\"https:\/\/www.suno.com.br\/noticias\/#organization\"},\"image\":{\"@id\":\"https:\/\/www.suno.com.br\/noticias\/por-que-bolsas-valores-segunda-onda\/#primaryimage\"},\"thumbnailUrl\":\"https:\/\/files.sunoresearch.com.br\/n\/uploads\/2020\/11\/af76513b-indices-800x450-2-jpg.webp\",\"keywords\":[\"Bolsa de Valores\",\"Bolsa de Valores de S\u00e3o Paulo (B3)\",\"CAC 40\",\"coronav\u00edrus\",\"covid-19\",\"Dow Jones\",\"FTSE 100\",\"FTSE MIB\",\"Nasdaq\",\"S&amp;P 500\"],\"articleSection\":[\"Mercado\"],\"inLanguage\":\"pt-BR\"},{\"@type\":\"WebPage\",\"@id\":\"https:\/\/www.suno.com.br\/noticias\/por-que-bolsas-valores-segunda-onda\/\",\"url\":\"https:\/\/www.suno.com.br\/noticias\/por-que-bolsas-valores-segunda-onda\/\",\"name\":\"Por que as Bolsas de Valores n\u00e3o tem medo da segunda onda da covid-19\",\"isPartOf\":{\"@id\":\"https:\/\/www.suno.com.br\/noticias\/#website\"},\"primaryImageOfPage\":{\"@id\":\"https:\/\/www.suno.com.br\/noticias\/por-que-bolsas-valores-segunda-onda\/#primaryimage\"},\"image\":{\"@id\":\"https:\/\/www.suno.com.br\/noticias\/por-que-bolsas-valores-segunda-onda\/#primaryimage\"},\"thumbnailUrl\":\"https:\/\/files.sunoresearch.com.br\/n\/uploads\/2020\/11\/af76513b-indices-800x450-2-jpg.webp\",\"datePublished\":\"2020-11-25T21:27:27+00:00\",\"dateModified\":\"2020-11-26T18:47:32+00:00\",\"description\":\"Desde o dia 9 de outubro at\u00e9 o dia 25 de novembro, diante da segunda onda, as Bolsas de Valores se valorizaram. Clique aqui para saber mais.\",\"breadcrumb\":{\"@id\":\"https:\/\/www.suno.com.br\/noticias\/por-que-bolsas-valores-segunda-onda\/#breadcrumb\"},\"inLanguage\":\"pt-BR\",\"potentialAction\":[{\"@type\":\"ReadAction\",\"target\":[\"https:\/\/www.suno.com.br\/noticias\/por-que-bolsas-valores-segunda-onda\/\"]}]},{\"@type\":\"ImageObject\",\"inLanguage\":\"pt-BR\",\"@id\":\"https:\/\/www.suno.com.br\/noticias\/por-que-bolsas-valores-segunda-onda\/#primaryimage\",\"url\":\"https:\/\/files.sunoresearch.com.br\/n\/uploads\/2020\/11\/af76513b-indices-800x450-2-jpg.webp\",\"contentUrl\":\"https:\/\/files.sunoresearch.com.br\/n\/uploads\/2020\/11\/af76513b-indices-800x450-2-jpg.webp\",\"width\":800,\"height\":450,\"caption\":\"Por que as Bolsas de Valores n\u00e3o tem medo da segunda onda de coronav\u00edrus\"},{\"@type\":\"BreadcrumbList\",\"@id\":\"https:\/\/www.suno.com.br\/noticias\/por-que-bolsas-valores-segunda-onda\/#breadcrumb\",\"itemListElement\":[{\"@type\":\"ListItem\",\"position\":1,\"name\":\"Not\u00edcias\",\"item\":\"https:\/\/www.suno.com.br\/noticias\/\"},{\"@type\":\"ListItem\",\"position\":2,\"name\":\"Mercado\",\"item\":\"https:\/\/www.suno.com.br\/noticias\/mercado\/\"},{\"@type\":\"ListItem\",\"position\":3,\"name\":\"Por que as Bolsas de Valores n\u00e3o t\u00eam medo da segunda onda de coronav\u00edrus\"}]},{\"@type\":\"WebSite\",\"@id\":\"https:\/\/www.suno.com.br\/noticias\/#website\",\"url\":\"https:\/\/www.suno.com.br\/noticias\/\",\"name\":\"Suno Not\u00edcias\",\"description\":\"Seu portal de informa\u00e7\u00e3o sobre o mundo dos investimentos\",\"publisher\":{\"@id\":\"https:\/\/www.suno.com.br\/noticias\/#organization\"},\"potentialAction\":[{\"@type\":\"SearchAction\",\"target\":{\"@type\":\"EntryPoint\",\"urlTemplate\":\"https:\/\/www.suno.com.br\/noticias\/?s={search_term_string}\"},\"query-input\":{\"@type\":\"PropertyValueSpecification\",\"valueRequired\":true,\"valueName\":\"search_term_string\"}}],\"inLanguage\":\"pt-BR\"},{\"@type\":\"Organization\",\"@id\":\"https:\/\/www.suno.com.br\/noticias\/#organization\",\"name\":\"Suno Not\u00edcias\",\"url\":\"https:\/\/www.suno.com.br\/noticias\/\",\"logo\":{\"@type\":\"ImageObject\",\"inLanguage\":\"pt-BR\",\"@id\":\"https:\/\/www.suno.com.br\/noticias\/#\/schema\/logo\/image\/\",\"url\":\"https:\/\/files.sunoresearch.com.br\/n\/uploads\/2021\/09\/suno-logo.png\",\"contentUrl\":\"https:\/\/files.sunoresearch.com.br\/n\/uploads\/2021\/09\/suno-logo.png\",\"width\":180,\"height\":180,\"caption\":\"Suno Not\u00edcias\"},\"image\":{\"@id\":\"https:\/\/www.suno.com.br\/noticias\/#\/schema\/logo\/image\/\"},\"sameAs\":[\"https:\/\/facebook.com\/sunoresearch\",\"https:\/\/x.com\/sunoresearch\",\"https:\/\/www.instagram.com\/suno\",\"https:\/\/www.linkedin.com\/company\/suno-research\/\",\"https:\/\/www.youtube.com\/c\/sunoresearch\"]},{\"@type\":\"Person\",\"@id\":\"https:\/\/www.suno.com.br\/noticias\/#\/schema\/person\/e6e0f723cc177805027f4566c1d5e0c8\",\"name\":\"Carlo Cauti\",\"image\":{\"@type\":\"ImageObject\",\"inLanguage\":\"pt-BR\",\"@id\":\"https:\/\/www.suno.com.br\/noticias\/#\/schema\/person\/image\/\",\"url\":\"https:\/\/secure.gravatar.com\/avatar\/3ada9e0bd164c23abd4792a9606d583c?s=96&r=g\",\"contentUrl\":\"https:\/\/secure.gravatar.com\/avatar\/3ada9e0bd164c23abd4792a9606d583c?s=96&r=g\",\"caption\":\"Carlo Cauti\"},\"description\":\"Editor multim\u00eddia do SUNO Not\u00edcias. Italiano, formado em Ci\u00eancias Pol\u00edticas pela universidade LUISS G. Carli de Roma e mestre cum laude em Rela\u00e7\u00f5es Internacionais, Jornalismo Internacional e de Guerra e em Economia Internacional. Concluiu tamb\u00e9m um MBA em Finan\u00e7as na B3. No Brasil, teve passagem por ve\u00edculos como Estad\u00e3o, Globo, Veja e EXAME. e nas ag\u00eancias de not\u00edcias italianas ANSA e NOVA.\",\"url\":\"https:\/\/www.suno.com.br\/noticias\/author\/carlo-cauti\/\"}]}<\/script>\n<!-- \/ Yoast SEO plugin. -->","yoast_head_json":{"title":"Por que as Bolsas de Valores n\u00e3o tem medo da segunda onda da covid-19","description":"Desde o dia 9 de outubro at\u00e9 o dia 25 de novembro, diante da segunda onda, as Bolsas de Valores se valorizaram. Clique aqui para saber mais.","robots":{"index":"index","follow":"follow","max-snippet":"max-snippet:-1","max-image-preview":"max-image-preview:large","max-video-preview":"max-video-preview:-1"},"canonical":"https:\/\/www.suno.com.br\/noticias\/por-que-bolsas-valores-segunda-onda\/","og_locale":"pt_BR","og_type":"article","og_title":"Por que as Bolsas de Valores n\u00e3o tem medo da segunda onda da covid-19","og_description":"Desde o dia 9 de outubro at\u00e9 o dia 25 de novembro, diante da segunda onda, as Bolsas de Valores se valorizaram. Clique aqui para saber mais.","og_url":"https:\/\/www.suno.com.br\/noticias\/por-que-bolsas-valores-segunda-onda\/","og_site_name":"Suno Not\u00edcias","article_publisher":"https:\/\/facebook.com\/sunoresearch","og_image":[{"width":800,"height":450,"url":"https:\/\/files.sunoresearch.com.br\/n\/uploads\/2020\/11\/af76513b-indices-800x450-2.jpg","type":"image\/jpeg"}],"author":"Carlo Cauti","twitter_card":"summary_large_image","twitter_creator":"@sunoresearch","twitter_site":"@sunoresearch","twitter_misc":{"Escrito por":"Carlo Cauti","Est. tempo de leitura":"4 minutos"},"schema":{"@context":"https:\/\/schema.org","@graph":[{"@type":"NewsArticle","@id":"https:\/\/www.suno.com.br\/noticias\/por-que-bolsas-valores-segunda-onda\/#article","isPartOf":{"@id":"https:\/\/www.suno.com.br\/noticias\/por-que-bolsas-valores-segunda-onda\/"},"author":{"name":"Carlo Cauti","@id":"https:\/\/www.suno.com.br\/noticias\/#\/schema\/person\/e6e0f723cc177805027f4566c1d5e0c8"},"headline":"Por que as Bolsas de Valores n\u00e3o t\u00eam medo da segunda onda de coronav\u00edrus","datePublished":"2020-11-25T21:27:27+00:00","dateModified":"2020-11-26T18:47:32+00:00","mainEntityOfPage":{"@id":"https:\/\/www.suno.com.br\/noticias\/por-que-bolsas-valores-segunda-onda\/"},"wordCount":858,"publisher":{"@id":"https:\/\/www.suno.com.br\/noticias\/#organization"},"image":{"@id":"https:\/\/www.suno.com.br\/noticias\/por-que-bolsas-valores-segunda-onda\/#primaryimage"},"thumbnailUrl":"https:\/\/files.sunoresearch.com.br\/n\/uploads\/2020\/11\/af76513b-indices-800x450-2-jpg.webp","keywords":["Bolsa de Valores","Bolsa de Valores de S\u00e3o Paulo (B3)","CAC 40","coronav\u00edrus","covid-19","Dow Jones","FTSE 100","FTSE MIB","Nasdaq","S&amp;P 500"],"articleSection":["Mercado"],"inLanguage":"pt-BR"},{"@type":"WebPage","@id":"https:\/\/www.suno.com.br\/noticias\/por-que-bolsas-valores-segunda-onda\/","url":"https:\/\/www.suno.com.br\/noticias\/por-que-bolsas-valores-segunda-onda\/","name":"Por que as Bolsas de Valores n\u00e3o tem medo da segunda onda da covid-19","isPartOf":{"@id":"https:\/\/www.suno.com.br\/noticias\/#website"},"primaryImageOfPage":{"@id":"https:\/\/www.suno.com.br\/noticias\/por-que-bolsas-valores-segunda-onda\/#primaryimage"},"image":{"@id":"https:\/\/www.suno.com.br\/noticias\/por-que-bolsas-valores-segunda-onda\/#primaryimage"},"thumbnailUrl":"https:\/\/files.sunoresearch.com.br\/n\/uploads\/2020\/11\/af76513b-indices-800x450-2-jpg.webp","datePublished":"2020-11-25T21:27:27+00:00","dateModified":"2020-11-26T18:47:32+00:00","description":"Desde o dia 9 de outubro at\u00e9 o dia 25 de novembro, diante da segunda onda, as Bolsas de Valores se valorizaram. Clique aqui para saber mais.","breadcrumb":{"@id":"https:\/\/www.suno.com.br\/noticias\/por-que-bolsas-valores-segunda-onda\/#breadcrumb"},"inLanguage":"pt-BR","potentialAction":[{"@type":"ReadAction","target":["https:\/\/www.suno.com.br\/noticias\/por-que-bolsas-valores-segunda-onda\/"]}]},{"@type":"ImageObject","inLanguage":"pt-BR","@id":"https:\/\/www.suno.com.br\/noticias\/por-que-bolsas-valores-segunda-onda\/#primaryimage","url":"https:\/\/files.sunoresearch.com.br\/n\/uploads\/2020\/11\/af76513b-indices-800x450-2-jpg.webp","contentUrl":"https:\/\/files.sunoresearch.com.br\/n\/uploads\/2020\/11\/af76513b-indices-800x450-2-jpg.webp","width":800,"height":450,"caption":"Por que as Bolsas de Valores n\u00e3o tem medo da segunda onda de coronav\u00edrus"},{"@type":"BreadcrumbList","@id":"https:\/\/www.suno.com.br\/noticias\/por-que-bolsas-valores-segunda-onda\/#breadcrumb","itemListElement":[{"@type":"ListItem","position":1,"name":"Not\u00edcias","item":"https:\/\/www.suno.com.br\/noticias\/"},{"@type":"ListItem","position":2,"name":"Mercado","item":"https:\/\/www.suno.com.br\/noticias\/mercado\/"},{"@type":"ListItem","position":3,"name":"Por que as Bolsas de Valores n\u00e3o t\u00eam medo da segunda onda de coronav\u00edrus"}]},{"@type":"WebSite","@id":"https:\/\/www.suno.com.br\/noticias\/#website","url":"https:\/\/www.suno.com.br\/noticias\/","name":"Suno Not\u00edcias","description":"Seu portal de informa\u00e7\u00e3o sobre o mundo dos investimentos","publisher":{"@id":"https:\/\/www.suno.com.br\/noticias\/#organization"},"potentialAction":[{"@type":"SearchAction","target":{"@type":"EntryPoint","urlTemplate":"https:\/\/www.suno.com.br\/noticias\/?s={search_term_string}"},"query-input":{"@type":"PropertyValueSpecification","valueRequired":true,"valueName":"search_term_string"}}],"inLanguage":"pt-BR"},{"@type":"Organization","@id":"https:\/\/www.suno.com.br\/noticias\/#organization","name":"Suno Not\u00edcias","url":"https:\/\/www.suno.com.br\/noticias\/","logo":{"@type":"ImageObject","inLanguage":"pt-BR","@id":"https:\/\/www.suno.com.br\/noticias\/#\/schema\/logo\/image\/","url":"https:\/\/files.sunoresearch.com.br\/n\/uploads\/2021\/09\/suno-logo.png","contentUrl":"https:\/\/files.sunoresearch.com.br\/n\/uploads\/2021\/09\/suno-logo.png","width":180,"height":180,"caption":"Suno Not\u00edcias"},"image":{"@id":"https:\/\/www.suno.com.br\/noticias\/#\/schema\/logo\/image\/"},"sameAs":["https:\/\/facebook.com\/sunoresearch","https:\/\/x.com\/sunoresearch","https:\/\/www.instagram.com\/suno","https:\/\/www.linkedin.com\/company\/suno-research\/","https:\/\/www.youtube.com\/c\/sunoresearch"]},{"@type":"Person","@id":"https:\/\/www.suno.com.br\/noticias\/#\/schema\/person\/e6e0f723cc177805027f4566c1d5e0c8","name":"Carlo Cauti","image":{"@type":"ImageObject","inLanguage":"pt-BR","@id":"https:\/\/www.suno.com.br\/noticias\/#\/schema\/person\/image\/","url":"https:\/\/secure.gravatar.com\/avatar\/3ada9e0bd164c23abd4792a9606d583c?s=96&r=g","contentUrl":"https:\/\/secure.gravatar.com\/avatar\/3ada9e0bd164c23abd4792a9606d583c?s=96&r=g","caption":"Carlo Cauti"},"description":"Editor multim\u00eddia do SUNO Not\u00edcias. Italiano, formado em Ci\u00eancias Pol\u00edticas pela universidade LUISS G. Carli de Roma e mestre cum laude em Rela\u00e7\u00f5es Internacionais, Jornalismo Internacional e de Guerra e em Economia Internacional. Concluiu tamb\u00e9m um MBA em Finan\u00e7as na B3. No Brasil, teve passagem por ve\u00edculos como Estad\u00e3o, Globo, Veja e EXAME. e nas ag\u00eancias de not\u00edcias italianas ANSA e NOVA.","url":"https:\/\/www.suno.com.br\/noticias\/author\/carlo-cauti\/"}]}},"default_loop_html":"<div class=\"cardsPage__listCard__boxs\"><div class=\"cardsPage__listCard__boxs__img\"><a href=\"https:\/\/www.suno.com.br\/noticias\/por-que-bolsas-valores-segunda-onda\/\"><img class=\"mask\" src=\"https:\/\/www.suno.com.br\/noticias\/wp-content\/themes\/suno\/resources\/images\/spotlight\/spotlight1img\/bg-mask.png\" alt=\"Image Mask\"\/><img src=\"https:\/\/files.sunoresearch.com.br\/n\/uploads\/2020\/11\/af76513b-indices-800x450-2-400x200.webp\" alt=\"Por que as Bolsas de Valores n\u00e3o t\u00eam medo da segunda onda de coronav\u00edrus\"\/><\/a><span class=\"spotlightCategory\"><a href=\"https:\/\/www.suno.com.br\/noticias\/mercado\/\">Mercado<\/a><\/span><\/div><div class=\"cardsPage__listCard__boxs__content\"><a href=\"https:\/\/www.suno.com.br\/noticias\/por-que-bolsas-valores-segunda-onda\/\"><h2 class=\"content__title\">Por que as Bolsas de Valores n\u00e3o t\u00eam medo da segunda onda de coronav\u00edrus<\/h2><\/a><div class=\"newsContent__article__meta\"><div class=\"newsContent__article__meta__authorBox\"><a href=\"https:\/\/www.suno.com.br\/noticias\/author\/carlo-cauti\/\" class=\"authorBox__avatar noMobi\"><img src=\"https:\/\/files.sunoresearch.com.br\/n\/uploads\/2020\/08\/e3745f9a-perfil-carlo-cauti-150x150.webp\" alt=\"Carlo Cauti\"><\/a><div class=\"authorBox__name\"><span>por\n\t\t\t<a href=\"https:\/\/www.suno.com.br\/noticias\/author\/carlo-cauti\/\"><span itemprop=\"author\">Carlo Cauti<\/span><\/a><\/span><time datetime=\"2020-11-25T18:27:27-03:00\" itemprop=\"datePublished\">25\/11\/2020 18:27<\/time><\/div><\/div><\/div><\/div><\/div>","single_layout":"posts","amp_enabled":true,"_links":{"self":[{"href":"https:\/\/www.suno.com.br\/noticias\/wp-json\/wp\/v2\/posts\/102974"}],"collection":[{"href":"https:\/\/www.suno.com.br\/noticias\/wp-json\/wp\/v2\/posts"}],"about":[{"href":"https:\/\/www.suno.com.br\/noticias\/wp-json\/wp\/v2\/types\/post"}],"author":[{"embeddable":true,"href":"https:\/\/www.suno.com.br\/noticias\/wp-json\/wp\/v2\/users\/9"}],"replies":[{"embeddable":true,"href":"https:\/\/www.suno.com.br\/noticias\/wp-json\/wp\/v2\/comments?post=102974"}],"version-history":[{"count":0,"href":"https:\/\/www.suno.com.br\/noticias\/wp-json\/wp\/v2\/posts\/102974\/revisions"}],"wp:featuredmedia":[{"embeddable":true,"href":"https:\/\/www.suno.com.br\/noticias\/wp-json\/wp\/v2\/media\/103158"}],"wp:attachment":[{"href":"https:\/\/www.suno.com.br\/noticias\/wp-json\/wp\/v2\/media?parent=102974"}],"wp:term":[{"taxonomy":"category","embeddable":true,"href":"https:\/\/www.suno.com.br\/noticias\/wp-json\/wp\/v2\/categories?post=102974"},{"taxonomy":"post_tag","embeddable":true,"href":"https:\/\/www.suno.com.br\/noticias\/wp-json\/wp\/v2\/tags?post=102974"},{"taxonomy":"suno_strategy","embeddable":true,"href":"https:\/\/www.suno.com.br\/noticias\/wp-json\/wp\/v2\/suno_strategy?post=102974"}],"curies":[{"name":"wp","href":"https:\/\/api.w.org\/{rel}","templated":true}]}}