{"id":102846,"date":"2020-11-24T21:21:43","date_gmt":"2020-11-25T00:21:43","guid":{"rendered":"https:\/\/www.suno.com.br\/noticias\/?p=102846"},"modified":"2021-02-17T19:10:19","modified_gmt":"2021-02-17T22:10:19","slug":"notre-dame-intermedica-aquisicao-grupo-hospitalar-londrina","status":"publish","type":"post","link":"https:\/\/www.suno.com.br\/noticias\/notre-dame-intermedica-aquisicao-grupo-hospitalar-londrina\/","title":{"rendered":"Notre Dame Interm\u00e9dica (GNDI3) fecha mais uma aquisi\u00e7\u00e3o: do Grupo Hospitalar de Londrina"},"content":{"rendered":"<p>A <a href=\"https:\/\/www.suno.com.br\/acoes\/gndi3\/\"><strong>Notre Dame Interm\u00e9dica<\/strong> (GNDI3)<\/a> comunicou nesta ter\u00e7a-feira (24) que fechou um contrato de aquisi\u00e7\u00e3o do Grupo Hospitalar de Londrina.<\/p>\t<div class=\"wrapper-featured-image\">\n\t\t<figure class=\"spotlightImg\">\n\n\t\t\t<picture>\n\t\t\t\t<source media=\"(max-width: 768px)\" srcset=\"https:\/\/files.sunoresearch.com.br\/n\/uploads\/2019\/08\/03fec173-notredame-intermedica-400x200.webp\">\n\t\t\t\t<img loading=\"lazy\" decoding=\"async\" class=\"newsContent__article__imgCapa lazyloadDisabled \" src=\"https:\/\/files.sunoresearch.com.br\/n\/uploads\/2019\/08\/03fec173-notredame-intermedica-800x450.webp\" width=\"800\" height=\"450\" alt=\"Notre Dame Interm\u00e9dica (GNDI3) fecha mais uma aquisi\u00e7\u00e3o: do Grupo Hospitalar de Londrina\" fetchpriority=high \/>\n\t\t\t<\/picture>\n\n\t\t\t<figcaption class=\"wp-caption-text wp-caption-text--show\">CEOs da Hapvida e NotreDame Intermedica comentaram fus\u00e3o nesta segunda<\/figcaption>\n\t\t<\/figure>\n\t<\/div>\n\n\n\t<p>\n\t\t<a href=\"https:\/\/lp.suno.com.br\/planilha-controle-gastos\/\" target=\"_blank\" data-element=\"shortcode-suno-banner\" title=\"Banner SUNO, clique e saiba mais\">\n\t\t\t<picture>\n\t\t\t\t<source media=\"(max-width: 500px)\" srcset=\"https:\/\/files.sunoresearch.com.br\/n\/uploads\/2023\/03\/400x300-Planilha-controle-de-gastos.png\">\n\t\t\t\t<img class=\"newsContent__article__imgCapa newsContent__article__imgCapa--banner\"\n\t\t\t\t\tsrc=\"https:\/\/files.sunoresearch.com.br\/n\/uploads\/2023\/03\/1420x240-Planilha-controle-de-gastos.png\"\n\t\t\t\t\tdata-promo-id=\"101751\"\t\t\t\t\t\t\t\t\t\twidth='1420' height='240'\t\t\t\t\talt=\"https:\/\/files.sunoresearch.com.br\/n\/uploads\/2023\/03\/1420x240-Planilha-controle-de-gastos.png\"\n\t\t\t\t>\n\t\t\t<\/picture>\n\t\t<\/a>\n\t<\/p>\n\n\n<p>A opera\u00e7\u00e3o foi realizada por uma subsidi\u00e1ria da companhia, a <strong>Clinipam<\/strong>. Desse modo, a Notre Dame passou a deter, de forma indireta, 100,0% do Grupo Hospitalar de Londrina.<\/p>\n<p>Segundo <a href=\"https:\/\/www.suno.com.br\/artigos\/fato-relevante\/\">fato relevante<\/a>, o <strong>valor <\/strong>da transa\u00e7\u00e3o \u00e9 de R$ 170,0 milh\u00f5es, o equivalente a cerca de R$ 700 mil por leito. O montante ser\u00e1 pago \u00e0 vista, em dinheiro, descontados o <a href=\"https:\/\/www.suno.com.br\/artigos\/endividamento\/\">endividamento l\u00edquido<\/a> e uma parcela retida para conting\u00eancias.<\/p>\n<p><a href=\"https:\/\/lp.suno.com.br\/suno-one\/\">Suno One: acesse gratuitamente eBooks, Minicursos, Artigos e Video Aulas sobre investimentos com um \u00fanico cadastro. Clique para saber mais!<\/a><\/p>\n<p>O <strong>Grupo Hospitalar de Londrina<\/strong> opera um complexo de sa\u00fade com dois hospitais gerais de alta complexidade, ambos localizados em Londrina (PR), o hospital Paes Leme e o hospital Bela Sui\u00e7a. Com isso, a empresa soma 248 leitos, sendo 83 de Unidade de terapia intensiva (UTI), al\u00e9m de dois centros cl\u00ednicos com 32 consult\u00f3rios.<\/p>\n\t<p>\n\t\t<a href=\"https:\/\/lp.suno.com.br\/planilha-controle-gastos\/\" target=\"_blank\" data-element=\"shortcode-suno-banner\" title=\"Banner SUNO, clique e saiba mais\">\n\t\t\t<picture>\n\t\t\t\t<source media=\"(max-width: 500px)\" srcset=\"https:\/\/files.sunoresearch.com.br\/n\/uploads\/2023\/03\/400x300-Planilha-controle-de-gastos.png\">\n\t\t\t\t<img class=\"newsContent__article__imgCapa newsContent__article__imgCapa--banner\"\n\t\t\t\t\tsrc=\"https:\/\/files.sunoresearch.com.br\/n\/uploads\/2023\/03\/1420x240-Planilha-controle-de-gastos.png\"\n\t\t\t\t\tdata-promo-id=\"101751\"\t\t\t\t\t\t\t\t\t\twidth='1420' height='240'\t\t\t\t\talt=\"https:\/\/files.sunoresearch.com.br\/n\/uploads\/2023\/03\/1420x240-Planilha-controle-de-gastos.png\"\n\t\t\t\t>\n\t\t\t<\/picture>\n\t\t<\/a>\n\t<\/p>\n\n\n<p>Em 2019, o Grupo Hospitalar de Londrina registrou um faturamento l\u00edquido de R$ 135,2 milh\u00f5es.<\/p>\n<p>&#8220;O plano de integra\u00e7\u00e3o prev\u00ea <a href=\"https:\/\/www.suno.com.br\/artigos\/sinergias\/\">sinergias operacionais e administrativas<\/a> com as opera\u00e7\u00f5es da Clinipam no Estado do Paran\u00e1 al\u00e9m de garantir a companhia uma plataforma de expans\u00e3o comercial para seus produtos sob o modelo de opera\u00e7\u00e3o verticalizada&#8221;, informou a Notre Dame.<\/p>\n<p>A realiza\u00e7\u00e3o da compra ainda est\u00e1 sujeita \u00e0 aprova\u00e7\u00e3o pr\u00e9via do <a href=\"https:\/\/www.suno.com.br\/artigos\/cade\/\">Conselho Administrativo de Defesa Econ\u00f4mica (Cade)<\/a>, destacou a empresa.<\/p>\n<h2>Lucro da Notre Dame sobe <span class=\"\">97,4%<\/span> no 3T20<\/h2>\n<p>A Notre Dame Interm\u00e9dica reportou um <a href=\"https:\/\/www.suno.com.br\/artigos\/lucro-liquido\/\">lucro l\u00edquido<\/a> de <span class=\"\">R$ 196,8 milh\u00f5es no terceiro trimestre deste ano, um crescimento de 97,4% em compara\u00e7\u00e3o com o mesmo per\u00edodo do ano passado, refletindo os esfor\u00e7os cont\u00ednuos &#8221; nos controles de custos&#8221;, de acordo com o grupo.<\/span><\/p>\n\t<div data-element=\"shortcode-read-more\" class=\"knowMore\">\n\t\t\t\t<span class=\"knowMore__title\">Saiba mais<\/span>\n\t\t\t\t<a class=\"knowMore__link\" href=\"https:\/\/www.suno.com.br\/noticias\/notre-dame-intermedica-gndi3-quase-dobra-lucro-3t20\/\">\n\t\t\tNotre Dame Interm\u00e9dica (GNDI3) quase dobra lucro l\u00edquido do 3\u00ba trimestre\t\t<\/a>\n\t<\/div>\n\n\n<p>O <a href=\"https:\/\/www.suno.com.br\/artigos\/ebitda\/\">Ebitda (lucro antes de juros, impostos, deprecia\u00e7\u00e3o e amortiza\u00e7\u00e3o)<\/a> saiu de R$ 278,4 milh\u00f5es, em setembro de 2019, para R$ 437,5 milh\u00f5es ao final do terceiro; enquanto a <a href=\"https:\/\/www.suno.com.br\/artigos\/o-que-receita-liquida\/\">receita l\u00edquida<\/a> teve uma expans\u00e3o de 24,1% base anualizada, para R$ 2,698 bilh\u00f5es no per\u00edodo.<\/p>\n<h2>\u00daltima cota\u00e7\u00e3o<\/h2>\n<p>As a\u00e7\u00f5es da <strong>Notre Dame Interm\u00e9dica <\/strong>fecharam o preg\u00e3o desta ter\u00e7a-feira em queda de 1,25%, a R$ 70,59.<\/p>\n\t<p>\n\t\t<a href=\"https:\/\/lp.suno.com.br\/planilha-de-controle-de-investimentos\/\" target=\"_blank\" data-element=\"shortcode-suno-banner\" title=\"Banner SUNO, clique e saiba mais\">\n\t\t\t<picture>\n\t\t\t\t<source media=\"(max-width: 500px)\" srcset=\"https:\/\/files.sunoresearch.com.br\/n\/uploads\/2023\/03\/400x300-Controle-de-Investimentos.png\">\n\t\t\t\t<img class=\"newsContent__article__imgCapa newsContent__article__imgCapa--banner\"\n\t\t\t\t\tsrc=\"https:\/\/files.sunoresearch.com.br\/n\/uploads\/2023\/03\/1420x240-Controle-de-Investimentos.png\"\n\t\t\t\t\tdata-promo-id=\"75934\"\t\t\t\t\t\t\t\t\t\twidth='1420' height='240'\t\t\t\t\talt=\"https:\/\/files.sunoresearch.com.br\/n\/uploads\/2023\/03\/1420x240-Controle-de-Investimentos.png\"\n\t\t\t\t>\n\t\t\t<\/picture>\n\t\t<\/a>\n\t<\/p>\n\n\n","protected":false},"excerpt":{"rendered":"<p>A Notre Dame Interm\u00e9dica (GNDI3) comunicou nesta ter\u00e7a-feira (24) que fechou um contrato de aquisi\u00e7\u00e3o do Grupo Hospitalar de Londrina. CEOs da Hapvida e NotreDame Intermedica comentaram fus\u00e3o nesta segunda A opera\u00e7\u00e3o foi realizada por uma subsidi\u00e1ria da companhia, a Clinipam. Desse modo, a Notre Dame passou a deter, de forma indireta, 100,0% do Grupo [&hellip;]<\/p>\n","protected":false},"author":35,"featured_media":33018,"comment_status":"closed","ping_status":"closed","sticky":false,"template":"","format":"standard","meta":[],"categories":[64],"tags":[512],"suno_strategy":[],"class_list":["post-102846","post","type-post","status-publish","format-standard","has-post-thumbnail","hentry","category-negocios","tag-notredame-intermedica-gndi3"],"yoast_head":"<!-- This site is optimized with the Yoast SEO plugin v24.4 - https:\/\/yoast.com\/wordpress\/plugins\/seo\/ -->\n<title>Notre Dame (GNDI3) fecha aquisi\u00e7\u00e3o do Grupo Hospitalar de Londrina<\/title>\n<meta name=\"description\" content=\"A Notre Dame Interm\u00e9dica (GNDI3) comunicou o fechamento de um contrato de aquisi\u00e7\u00e3o do Grupo Hospitalar de Londrina. Clique para saber mais\" \/>\n<meta name=\"robots\" content=\"index, follow, max-snippet:-1, max-image-preview:large, max-video-preview:-1\" \/>\n<link rel=\"canonical\" href=\"https:\/\/www.suno.com.br\/noticias\/notre-dame-intermedica-aquisicao-grupo-hospitalar-londrina\/\" \/>\n<meta property=\"og:locale\" content=\"pt_BR\" \/>\n<meta property=\"og:type\" content=\"article\" \/>\n<meta property=\"og:title\" content=\"Notre Dame (GNDI3) fecha aquisi\u00e7\u00e3o do Grupo Hospitalar de Londrina\" \/>\n<meta property=\"og:description\" content=\"A Notre Dame Interm\u00e9dica (GNDI3) comunicou o fechamento de um contrato de aquisi\u00e7\u00e3o do Grupo Hospitalar de Londrina. Clique para saber mais\" \/>\n<meta property=\"og:url\" content=\"https:\/\/www.suno.com.br\/noticias\/notre-dame-intermedica-aquisicao-grupo-hospitalar-londrina\/\" \/>\n<meta property=\"og:site_name\" content=\"Suno Not\u00edcias\" \/>\n<meta property=\"article:publisher\" content=\"https:\/\/facebook.com\/sunoresearch\" \/>\n<meta property=\"og:image\" content=\"https:\/\/files.sunoresearch.com.br\/n\/uploads\/2019\/08\/03fec173-notredame-intermedica.jpg\" \/>\n\t<meta property=\"og:image:width\" content=\"1030\" \/>\n\t<meta property=\"og:image:height\" content=\"773\" \/>\n\t<meta property=\"og:image:type\" content=\"image\/jpeg\" \/>\n<meta name=\"author\" content=\"Arthur Guimar\u00e3es\" \/>\n<meta name=\"twitter:card\" content=\"summary_large_image\" \/>\n<meta name=\"twitter:creator\" content=\"@sunoresearch\" \/>\n<meta name=\"twitter:site\" content=\"@sunoresearch\" \/>\n<meta name=\"twitter:label1\" content=\"Escrito por\" \/>\n\t<meta name=\"twitter:data1\" content=\"Arthur Guimar\u00e3es\" \/>\n\t<meta name=\"twitter:label2\" content=\"Est. tempo de leitura\" \/>\n\t<meta name=\"twitter:data2\" content=\"2 minutos\" \/>\n<script type=\"application\/ld+json\" class=\"yoast-schema-graph\">{\"@context\":\"https:\/\/schema.org\",\"@graph\":[{\"@type\":\"NewsArticle\",\"@id\":\"https:\/\/www.suno.com.br\/noticias\/notre-dame-intermedica-aquisicao-grupo-hospitalar-londrina\/#article\",\"isPartOf\":{\"@id\":\"https:\/\/www.suno.com.br\/noticias\/notre-dame-intermedica-aquisicao-grupo-hospitalar-londrina\/\"},\"author\":{\"name\":\"Arthur Guimar\u00e3es\",\"@id\":\"https:\/\/www.suno.com.br\/noticias\/#\/schema\/person\/053a750a709a263919a20f976caae91c\"},\"headline\":\"Notre Dame Interm\u00e9dica (GNDI3) fecha mais uma aquisi\u00e7\u00e3o: do Grupo Hospitalar de Londrina\",\"datePublished\":\"2020-11-25T00:21:43+00:00\",\"dateModified\":\"2021-02-17T22:10:19+00:00\",\"mainEntityOfPage\":{\"@id\":\"https:\/\/www.suno.com.br\/noticias\/notre-dame-intermedica-aquisicao-grupo-hospitalar-londrina\/\"},\"wordCount\":407,\"publisher\":{\"@id\":\"https:\/\/www.suno.com.br\/noticias\/#organization\"},\"image\":{\"@id\":\"https:\/\/www.suno.com.br\/noticias\/notre-dame-intermedica-aquisicao-grupo-hospitalar-londrina\/#primaryimage\"},\"thumbnailUrl\":\"https:\/\/files.sunoresearch.com.br\/n\/uploads\/2019\/08\/03fec173-notredame-intermedica-jpg.webp\",\"keywords\":[\"NotreDame Intermedica (GNDI3)\"],\"articleSection\":[\"Neg\u00f3cios\"],\"inLanguage\":\"pt-BR\"},{\"@type\":\"WebPage\",\"@id\":\"https:\/\/www.suno.com.br\/noticias\/notre-dame-intermedica-aquisicao-grupo-hospitalar-londrina\/\",\"url\":\"https:\/\/www.suno.com.br\/noticias\/notre-dame-intermedica-aquisicao-grupo-hospitalar-londrina\/\",\"name\":\"Notre Dame (GNDI3) fecha aquisi\u00e7\u00e3o do Grupo Hospitalar de Londrina\",\"isPartOf\":{\"@id\":\"https:\/\/www.suno.com.br\/noticias\/#website\"},\"primaryImageOfPage\":{\"@id\":\"https:\/\/www.suno.com.br\/noticias\/notre-dame-intermedica-aquisicao-grupo-hospitalar-londrina\/#primaryimage\"},\"image\":{\"@id\":\"https:\/\/www.suno.com.br\/noticias\/notre-dame-intermedica-aquisicao-grupo-hospitalar-londrina\/#primaryimage\"},\"thumbnailUrl\":\"https:\/\/files.sunoresearch.com.br\/n\/uploads\/2019\/08\/03fec173-notredame-intermedica-jpg.webp\",\"datePublished\":\"2020-11-25T00:21:43+00:00\",\"dateModified\":\"2021-02-17T22:10:19+00:00\",\"description\":\"A Notre Dame Interm\u00e9dica (GNDI3) comunicou o fechamento de um contrato de aquisi\u00e7\u00e3o do Grupo Hospitalar de Londrina. Clique para saber mais\",\"breadcrumb\":{\"@id\":\"https:\/\/www.suno.com.br\/noticias\/notre-dame-intermedica-aquisicao-grupo-hospitalar-londrina\/#breadcrumb\"},\"inLanguage\":\"pt-BR\",\"potentialAction\":[{\"@type\":\"ReadAction\",\"target\":[\"https:\/\/www.suno.com.br\/noticias\/notre-dame-intermedica-aquisicao-grupo-hospitalar-londrina\/\"]}]},{\"@type\":\"ImageObject\",\"inLanguage\":\"pt-BR\",\"@id\":\"https:\/\/www.suno.com.br\/noticias\/notre-dame-intermedica-aquisicao-grupo-hospitalar-londrina\/#primaryimage\",\"url\":\"https:\/\/files.sunoresearch.com.br\/n\/uploads\/2019\/08\/03fec173-notredame-intermedica-jpg.webp\",\"contentUrl\":\"https:\/\/files.sunoresearch.com.br\/n\/uploads\/2019\/08\/03fec173-notredame-intermedica-jpg.webp\",\"width\":1030,\"height\":773,\"caption\":\"CEOs da Hapvida e NotreDame Intermedica comentaram fus\u00e3o nesta segunda\"},{\"@type\":\"BreadcrumbList\",\"@id\":\"https:\/\/www.suno.com.br\/noticias\/notre-dame-intermedica-aquisicao-grupo-hospitalar-londrina\/#breadcrumb\",\"itemListElement\":[{\"@type\":\"ListItem\",\"position\":1,\"name\":\"Not\u00edcias\",\"item\":\"https:\/\/www.suno.com.br\/noticias\/\"},{\"@type\":\"ListItem\",\"position\":2,\"name\":\"Neg\u00f3cios\",\"item\":\"https:\/\/www.suno.com.br\/noticias\/negocios\/\"},{\"@type\":\"ListItem\",\"position\":3,\"name\":\"Notre Dame Interm\u00e9dica (GNDI3) fecha mais uma aquisi\u00e7\u00e3o: do Grupo Hospitalar de Londrina\"}]},{\"@type\":\"WebSite\",\"@id\":\"https:\/\/www.suno.com.br\/noticias\/#website\",\"url\":\"https:\/\/www.suno.com.br\/noticias\/\",\"name\":\"Suno Not\u00edcias\",\"description\":\"Seu portal de informa\u00e7\u00e3o sobre o mundo dos investimentos\",\"publisher\":{\"@id\":\"https:\/\/www.suno.com.br\/noticias\/#organization\"},\"potentialAction\":[{\"@type\":\"SearchAction\",\"target\":{\"@type\":\"EntryPoint\",\"urlTemplate\":\"https:\/\/www.suno.com.br\/noticias\/?s={search_term_string}\"},\"query-input\":{\"@type\":\"PropertyValueSpecification\",\"valueRequired\":true,\"valueName\":\"search_term_string\"}}],\"inLanguage\":\"pt-BR\"},{\"@type\":\"Organization\",\"@id\":\"https:\/\/www.suno.com.br\/noticias\/#organization\",\"name\":\"Suno Not\u00edcias\",\"url\":\"https:\/\/www.suno.com.br\/noticias\/\",\"logo\":{\"@type\":\"ImageObject\",\"inLanguage\":\"pt-BR\",\"@id\":\"https:\/\/www.suno.com.br\/noticias\/#\/schema\/logo\/image\/\",\"url\":\"https:\/\/files.sunoresearch.com.br\/n\/uploads\/2021\/09\/suno-logo.png\",\"contentUrl\":\"https:\/\/files.sunoresearch.com.br\/n\/uploads\/2021\/09\/suno-logo.png\",\"width\":180,\"height\":180,\"caption\":\"Suno Not\u00edcias\"},\"image\":{\"@id\":\"https:\/\/www.suno.com.br\/noticias\/#\/schema\/logo\/image\/\"},\"sameAs\":[\"https:\/\/facebook.com\/sunoresearch\",\"https:\/\/x.com\/sunoresearch\",\"https:\/\/www.instagram.com\/suno\",\"https:\/\/www.linkedin.com\/company\/suno-research\/\",\"https:\/\/www.youtube.com\/c\/sunoresearch\"]},{\"@type\":\"Person\",\"@id\":\"https:\/\/www.suno.com.br\/noticias\/#\/schema\/person\/053a750a709a263919a20f976caae91c\",\"name\":\"Arthur Guimar\u00e3es\",\"image\":{\"@type\":\"ImageObject\",\"inLanguage\":\"pt-BR\",\"@id\":\"https:\/\/www.suno.com.br\/noticias\/#\/schema\/person\/image\/\",\"url\":\"https:\/\/secure.gravatar.com\/avatar\/1affd86a11209ae09eb6dd3bcad3e96c?s=96&r=g\",\"contentUrl\":\"https:\/\/secure.gravatar.com\/avatar\/1affd86a11209ae09eb6dd3bcad3e96c?s=96&r=g\",\"caption\":\"Arthur Guimar\u00e3es\"},\"description\":\"Arthur Guimar\u00e3es escreve sobre pol\u00edtica, economia e neg\u00f3cios para o portal de not\u00edcias da Suno Research. Atualmente, \u00e9 estudante de jornalismo pela Faculdade C\u00e1sper L\u00edbero.\",\"url\":\"https:\/\/www.suno.com.br\/noticias\/author\/arthur-guimaraes\/\"}]}<\/script>\n<!-- \/ Yoast SEO plugin. -->","yoast_head_json":{"title":"Notre Dame (GNDI3) fecha aquisi\u00e7\u00e3o do Grupo Hospitalar de Londrina","description":"A Notre Dame Interm\u00e9dica (GNDI3) comunicou o fechamento de um contrato de aquisi\u00e7\u00e3o do Grupo Hospitalar de Londrina. Clique para saber mais","robots":{"index":"index","follow":"follow","max-snippet":"max-snippet:-1","max-image-preview":"max-image-preview:large","max-video-preview":"max-video-preview:-1"},"canonical":"https:\/\/www.suno.com.br\/noticias\/notre-dame-intermedica-aquisicao-grupo-hospitalar-londrina\/","og_locale":"pt_BR","og_type":"article","og_title":"Notre Dame (GNDI3) fecha aquisi\u00e7\u00e3o do Grupo Hospitalar de Londrina","og_description":"A Notre Dame Interm\u00e9dica (GNDI3) comunicou o fechamento de um contrato de aquisi\u00e7\u00e3o do Grupo Hospitalar de Londrina. Clique para saber mais","og_url":"https:\/\/www.suno.com.br\/noticias\/notre-dame-intermedica-aquisicao-grupo-hospitalar-londrina\/","og_site_name":"Suno Not\u00edcias","article_publisher":"https:\/\/facebook.com\/sunoresearch","og_image":[{"width":1030,"height":773,"url":"https:\/\/files.sunoresearch.com.br\/n\/uploads\/2019\/08\/03fec173-notredame-intermedica.jpg","type":"image\/jpeg"}],"author":"Arthur Guimar\u00e3es","twitter_card":"summary_large_image","twitter_creator":"@sunoresearch","twitter_site":"@sunoresearch","twitter_misc":{"Escrito por":"Arthur Guimar\u00e3es","Est. tempo de leitura":"2 minutos"},"schema":{"@context":"https:\/\/schema.org","@graph":[{"@type":"NewsArticle","@id":"https:\/\/www.suno.com.br\/noticias\/notre-dame-intermedica-aquisicao-grupo-hospitalar-londrina\/#article","isPartOf":{"@id":"https:\/\/www.suno.com.br\/noticias\/notre-dame-intermedica-aquisicao-grupo-hospitalar-londrina\/"},"author":{"name":"Arthur Guimar\u00e3es","@id":"https:\/\/www.suno.com.br\/noticias\/#\/schema\/person\/053a750a709a263919a20f976caae91c"},"headline":"Notre Dame Interm\u00e9dica (GNDI3) fecha mais uma aquisi\u00e7\u00e3o: do Grupo Hospitalar de Londrina","datePublished":"2020-11-25T00:21:43+00:00","dateModified":"2021-02-17T22:10:19+00:00","mainEntityOfPage":{"@id":"https:\/\/www.suno.com.br\/noticias\/notre-dame-intermedica-aquisicao-grupo-hospitalar-londrina\/"},"wordCount":407,"publisher":{"@id":"https:\/\/www.suno.com.br\/noticias\/#organization"},"image":{"@id":"https:\/\/www.suno.com.br\/noticias\/notre-dame-intermedica-aquisicao-grupo-hospitalar-londrina\/#primaryimage"},"thumbnailUrl":"https:\/\/files.sunoresearch.com.br\/n\/uploads\/2019\/08\/03fec173-notredame-intermedica-jpg.webp","keywords":["NotreDame Intermedica (GNDI3)"],"articleSection":["Neg\u00f3cios"],"inLanguage":"pt-BR"},{"@type":"WebPage","@id":"https:\/\/www.suno.com.br\/noticias\/notre-dame-intermedica-aquisicao-grupo-hospitalar-londrina\/","url":"https:\/\/www.suno.com.br\/noticias\/notre-dame-intermedica-aquisicao-grupo-hospitalar-londrina\/","name":"Notre Dame (GNDI3) fecha aquisi\u00e7\u00e3o do Grupo Hospitalar de Londrina","isPartOf":{"@id":"https:\/\/www.suno.com.br\/noticias\/#website"},"primaryImageOfPage":{"@id":"https:\/\/www.suno.com.br\/noticias\/notre-dame-intermedica-aquisicao-grupo-hospitalar-londrina\/#primaryimage"},"image":{"@id":"https:\/\/www.suno.com.br\/noticias\/notre-dame-intermedica-aquisicao-grupo-hospitalar-londrina\/#primaryimage"},"thumbnailUrl":"https:\/\/files.sunoresearch.com.br\/n\/uploads\/2019\/08\/03fec173-notredame-intermedica-jpg.webp","datePublished":"2020-11-25T00:21:43+00:00","dateModified":"2021-02-17T22:10:19+00:00","description":"A Notre Dame Interm\u00e9dica (GNDI3) comunicou o fechamento de um contrato de aquisi\u00e7\u00e3o do Grupo Hospitalar de Londrina. Clique para saber mais","breadcrumb":{"@id":"https:\/\/www.suno.com.br\/noticias\/notre-dame-intermedica-aquisicao-grupo-hospitalar-londrina\/#breadcrumb"},"inLanguage":"pt-BR","potentialAction":[{"@type":"ReadAction","target":["https:\/\/www.suno.com.br\/noticias\/notre-dame-intermedica-aquisicao-grupo-hospitalar-londrina\/"]}]},{"@type":"ImageObject","inLanguage":"pt-BR","@id":"https:\/\/www.suno.com.br\/noticias\/notre-dame-intermedica-aquisicao-grupo-hospitalar-londrina\/#primaryimage","url":"https:\/\/files.sunoresearch.com.br\/n\/uploads\/2019\/08\/03fec173-notredame-intermedica-jpg.webp","contentUrl":"https:\/\/files.sunoresearch.com.br\/n\/uploads\/2019\/08\/03fec173-notredame-intermedica-jpg.webp","width":1030,"height":773,"caption":"CEOs da Hapvida e NotreDame Intermedica comentaram fus\u00e3o nesta segunda"},{"@type":"BreadcrumbList","@id":"https:\/\/www.suno.com.br\/noticias\/notre-dame-intermedica-aquisicao-grupo-hospitalar-londrina\/#breadcrumb","itemListElement":[{"@type":"ListItem","position":1,"name":"Not\u00edcias","item":"https:\/\/www.suno.com.br\/noticias\/"},{"@type":"ListItem","position":2,"name":"Neg\u00f3cios","item":"https:\/\/www.suno.com.br\/noticias\/negocios\/"},{"@type":"ListItem","position":3,"name":"Notre Dame Interm\u00e9dica (GNDI3) fecha mais uma aquisi\u00e7\u00e3o: do Grupo Hospitalar de Londrina"}]},{"@type":"WebSite","@id":"https:\/\/www.suno.com.br\/noticias\/#website","url":"https:\/\/www.suno.com.br\/noticias\/","name":"Suno Not\u00edcias","description":"Seu portal de informa\u00e7\u00e3o sobre o mundo dos investimentos","publisher":{"@id":"https:\/\/www.suno.com.br\/noticias\/#organization"},"potentialAction":[{"@type":"SearchAction","target":{"@type":"EntryPoint","urlTemplate":"https:\/\/www.suno.com.br\/noticias\/?s={search_term_string}"},"query-input":{"@type":"PropertyValueSpecification","valueRequired":true,"valueName":"search_term_string"}}],"inLanguage":"pt-BR"},{"@type":"Organization","@id":"https:\/\/www.suno.com.br\/noticias\/#organization","name":"Suno Not\u00edcias","url":"https:\/\/www.suno.com.br\/noticias\/","logo":{"@type":"ImageObject","inLanguage":"pt-BR","@id":"https:\/\/www.suno.com.br\/noticias\/#\/schema\/logo\/image\/","url":"https:\/\/files.sunoresearch.com.br\/n\/uploads\/2021\/09\/suno-logo.png","contentUrl":"https:\/\/files.sunoresearch.com.br\/n\/uploads\/2021\/09\/suno-logo.png","width":180,"height":180,"caption":"Suno Not\u00edcias"},"image":{"@id":"https:\/\/www.suno.com.br\/noticias\/#\/schema\/logo\/image\/"},"sameAs":["https:\/\/facebook.com\/sunoresearch","https:\/\/x.com\/sunoresearch","https:\/\/www.instagram.com\/suno","https:\/\/www.linkedin.com\/company\/suno-research\/","https:\/\/www.youtube.com\/c\/sunoresearch"]},{"@type":"Person","@id":"https:\/\/www.suno.com.br\/noticias\/#\/schema\/person\/053a750a709a263919a20f976caae91c","name":"Arthur Guimar\u00e3es","image":{"@type":"ImageObject","inLanguage":"pt-BR","@id":"https:\/\/www.suno.com.br\/noticias\/#\/schema\/person\/image\/","url":"https:\/\/secure.gravatar.com\/avatar\/1affd86a11209ae09eb6dd3bcad3e96c?s=96&r=g","contentUrl":"https:\/\/secure.gravatar.com\/avatar\/1affd86a11209ae09eb6dd3bcad3e96c?s=96&r=g","caption":"Arthur Guimar\u00e3es"},"description":"Arthur Guimar\u00e3es escreve sobre pol\u00edtica, economia e neg\u00f3cios para o portal de not\u00edcias da Suno Research. Atualmente, \u00e9 estudante de jornalismo pela Faculdade C\u00e1sper L\u00edbero.","url":"https:\/\/www.suno.com.br\/noticias\/author\/arthur-guimaraes\/"}]}},"default_loop_html":"<div class=\"cardsPage__listCard__boxs\"><div class=\"cardsPage__listCard__boxs__img\"><a href=\"https:\/\/www.suno.com.br\/noticias\/notre-dame-intermedica-aquisicao-grupo-hospitalar-londrina\/\"><img class=\"mask\" src=\"https:\/\/www.suno.com.br\/noticias\/wp-content\/themes\/suno\/resources\/images\/spotlight\/spotlight1img\/bg-mask.png\" alt=\"Image Mask\"\/><img src=\"https:\/\/files.sunoresearch.com.br\/n\/uploads\/2019\/08\/03fec173-notredame-intermedica-400x200.webp\" alt=\"Notre Dame Interm\u00e9dica (GNDI3) fecha mais uma aquisi\u00e7\u00e3o: do Grupo Hospitalar de Londrina\"\/><\/a><span class=\"spotlightCategory\"><a href=\"https:\/\/www.suno.com.br\/noticias\/negocios\/\">Neg\u00f3cios<\/a><\/span><\/div><div class=\"cardsPage__listCard__boxs__content\"><a href=\"https:\/\/www.suno.com.br\/noticias\/notre-dame-intermedica-aquisicao-grupo-hospitalar-londrina\/\"><h2 class=\"content__title\">Notre Dame Interm\u00e9dica (GNDI3) fecha mais uma aquisi\u00e7\u00e3o: do Grupo Hospitalar de Londrina<\/h2><\/a><div class=\"newsContent__article__meta\"><div class=\"newsContent__article__meta__authorBox\"><a href=\"https:\/\/www.suno.com.br\/noticias\/author\/arthur-guimaraes\/\" class=\"authorBox__avatar noMobi\"><img src=\"https:\/\/files.sunoresearch.com.br\/n\/uploads\/2020\/02\/dfb40897-eu-150x150.webp\" alt=\"Arthur Guimar\u00e3es\"><\/a><div class=\"authorBox__name\"><span>por\n\t\t\t<a href=\"https:\/\/www.suno.com.br\/noticias\/author\/arthur-guimaraes\/\"><span itemprop=\"author\">Arthur Guimar\u00e3es<\/span><\/a><\/span><time datetime=\"2020-11-24T21:21:43-03:00\" itemprop=\"datePublished\">24\/11\/2020 21:21<\/time><\/div><\/div><\/div><\/div><\/div>","single_layout":"posts","amp_enabled":true,"_links":{"self":[{"href":"https:\/\/www.suno.com.br\/noticias\/wp-json\/wp\/v2\/posts\/102846"}],"collection":[{"href":"https:\/\/www.suno.com.br\/noticias\/wp-json\/wp\/v2\/posts"}],"about":[{"href":"https:\/\/www.suno.com.br\/noticias\/wp-json\/wp\/v2\/types\/post"}],"author":[{"embeddable":true,"href":"https:\/\/www.suno.com.br\/noticias\/wp-json\/wp\/v2\/users\/35"}],"replies":[{"embeddable":true,"href":"https:\/\/www.suno.com.br\/noticias\/wp-json\/wp\/v2\/comments?post=102846"}],"version-history":[{"count":0,"href":"https:\/\/www.suno.com.br\/noticias\/wp-json\/wp\/v2\/posts\/102846\/revisions"}],"wp:featuredmedia":[{"embeddable":true,"href":"https:\/\/www.suno.com.br\/noticias\/wp-json\/wp\/v2\/media\/33018"}],"wp:attachment":[{"href":"https:\/\/www.suno.com.br\/noticias\/wp-json\/wp\/v2\/media?parent=102846"}],"wp:term":[{"taxonomy":"category","embeddable":true,"href":"https:\/\/www.suno.com.br\/noticias\/wp-json\/wp\/v2\/categories?post=102846"},{"taxonomy":"post_tag","embeddable":true,"href":"https:\/\/www.suno.com.br\/noticias\/wp-json\/wp\/v2\/tags?post=102846"},{"taxonomy":"suno_strategy","embeddable":true,"href":"https:\/\/www.suno.com.br\/noticias\/wp-json\/wp\/v2\/suno_strategy?post=102846"}],"curies":[{"name":"wp","href":"https:\/\/api.w.org\/{rel}","templated":true}]}}