{"id":10282,"date":"2019-01-04T09:13:53","date_gmt":"2019-01-04T11:13:53","guid":{"rendered":"https:\/\/www.suno.com.br\/noticias\/?p=10282"},"modified":"2019-01-04T09:58:26","modified_gmt":"2019-01-04T11:58:26","slug":"dolar-01042018","status":"publish","type":"post","link":"https:\/\/www.suno.com.br\/noticias\/dolar-01042018\/","title":{"rendered":"D\u00f3lar oscila pouco e abre em queda nesta sexta-feira"},"content":{"rendered":"<p>O d\u00f3lar iniciou a \u00faltima sess\u00e3o da semana apresentando queda com oscila\u00e7\u00e3o leve, nos primeiros minutos de abertura da <a href=\"https:\/\/www.suno.com.br\/artigos\/b3\/\">B3<\/a> (<a href=\"https:\/\/www.suno.com.br\/artigos\/bmf\/\">BM&amp;F<\/a> <a href=\"https:\/\/www.suno.com.br\/artigos\/bovespa-precedente-b3\/\">Bovespa<\/a>) desta sexta-feira (04). \u00c0s 9h10, a baixa era de 0,14% e a moeda chegava a R$ 3,7511.<\/p>\t<div class=\"wrapper-featured-image\">\n\t\t<figure class=\"spotlightImg\">\n\n\t\t\t<picture>\n\t\t\t\t<source media=\"(max-width: 768px)\" srcset=\"https:\/\/files.sunoresearch.com.br\/n\/uploads\/2018\/11\/b80ab463-d\u00f3lar-400x200.webp\">\n\t\t\t\t<img loading=\"lazy\" decoding=\"async\" class=\"newsContent__article__imgCapa lazyloadDisabled newsContent__article__imgCapa--noCaption\" src=\"https:\/\/files.sunoresearch.com.br\/n\/uploads\/2018\/11\/b80ab463-d\u00f3lar-800x450.webp\" width=\"800\" height=\"450\" alt=\"D\u00f3lar oscila pouco e abre em queda nesta sexta-feira\" fetchpriority=high \/>\n\t\t\t<\/picture>\n\n\t\t\t<figcaption class=\"wp-caption-text wp-caption-text--hide\">O d\u00f3lar hoje encerrou em queda de 0,91%, negociado a R$ 5,415<\/figcaption>\n\t\t<\/figure>\n\t<\/div>\n\n\n<p>No preg\u00e3o da v\u00e9spera, o <strong>d\u00f3lar<\/strong> fechou com baixa de 1,462% e era vendido a R$ 3,7539.<\/p>\n<p><a href=\"https:\/\/www.suno.com.br\/noticias\/dolar-segunda-queda-consecutiva\/\">Saiba mais &#8211;\u00a0D\u00f3lar tem segunda queda consecutiva e fica cotado a R$ 3,7539\u00a0<\/a><\/p>\n<h2>Cen\u00e1rio Interno<\/h2>\n<p><strong>Governo Bolsonaro:<\/strong><\/p>\n<ul>\n<li><strong>Reforma da Previd\u00eancia:<\/strong> o presidente da Rep\u00fablica Jair Bolsonaro afirmou que pretende dar continuidade \u00e0 proposta da reforma do ex-presidente Michel Temer, que encontra-se pronta para vota\u00e7\u00e3o na C\u00e2mara dos Deputados. Alterando alguns pontos, o presidente almeja a aprova\u00e7\u00e3o da reforma <a href=\"https:\/\/www.suno.com.br\/noticias\/reforma-previdencia-bolsonaro\/\">com idade m\u00ednima de 62 anos para homens e 57 e para mulheres<\/a>.<\/li>\n<li><strong>Reforma do Imposto de Renda (IR):<\/strong> a equipe do ministro de Economia Paulo Guedes avalia atribuir al\u00edquotas maiores no Imposto de Renda para aqueles detentores de maiores rendas.<\/li>\n<\/ul>\n<p><strong><a href=\"https:\/\/www.suno.com.br\/artigos\/bacen\/\">Banco Central<\/a> (BC): <\/strong>O BC <a href=\"https:\/\/www.suno.com.br\/noticias\/bc-lote-integral\/\">vendeu o lote integral de 13.400 contratos de swaps cambiais tradicionais em rolagem na v\u00e9spera (03)<\/a>. A negocia\u00e7\u00e3o resultou em US$ 670 milh\u00f5es\u00a0e d\u00e1 continuidade \u00e0 rolagem dos 267.950 contratos (US$ 13,398 bilh\u00f5es) programados para vencer em 1\u00ba de janeiro.<\/p>\n<p><a href=\"https:\/\/www.suno.com.br\/noticias\/paulo-guedes-aliquota-ir\/\">Clique para saber mais &#8211;\u00a0Equipe de Paulo Guedes estuda al\u00edquota de 25% para mais ricos no IR\u00a0<\/a><\/p>\n<h2>Cen\u00e1rio Externo<\/h2>\n<p><strong>EUA:<\/strong> \u00c0s 11h30 (hor\u00e1rio de Bras\u00edlia) ser\u00e3o divulgados os dados do mercado de trabalho norte-americano em dezembro. O Payroll, como \u00e9 conhecido o relat\u00f3rio de emprego do pa\u00eds, dever\u00e1 apresentar taxa de desemprego perto de 3,7%, segundo estimativa da Bloomberg.<br \/>\nJ\u00e1 \u00e0s 13h15 presidente do <a href=\"https:\/\/www.suno.com.br\/artigos\/fed\/\">Federal Reserve<\/a> (FED), <a href=\"https:\/\/www.suno.com.br\/tudo-sobre\/jerome-powell\/\">Jerome Powell<\/a>, far\u00e1 um pronunciamento.<\/p>\n<p>Apesar do mercado internacional enfrentar a tens\u00e3o da desacelera\u00e7\u00e3o econ\u00f4mica chinesa, a preocupa\u00e7\u00e3o com a Apple e a rela\u00e7\u00e3o dos EUA e da China, o <strong>d\u00f3lar<\/strong> fechou as duas primeiras sess\u00f5es do ano em queda com influ\u00eancia da atua\u00e7\u00e3o do BC.<\/p>\n","protected":false},"excerpt":{"rendered":"<p>O d\u00f3lar iniciou a \u00faltima sess\u00e3o da semana apresentando queda com oscila\u00e7\u00e3o leve, nos primeiros minutos de abertura da B3 (BM&amp;F Bovespa) desta sexta-feira (04). \u00c0s 9h10, a baixa era de 0,14% e a moeda chegava a R$ 3,7511. O d\u00f3lar hoje encerrou em queda de 0,91%, negociado a R$ 5,415 No preg\u00e3o da v\u00e9spera, [&hellip;]<\/p>\n","protected":false},"author":12,"featured_media":7417,"comment_status":"closed","ping_status":"closed","sticky":false,"template":"","format":"standard","meta":[],"categories":[60],"tags":[326,793,719],"suno_strategy":[],"class_list":["post-10282","post","type-post","status-publish","format-standard","has-post-thumbnail","hentry","category-mercado","tag-dolar","tag-estados-unidos-eua","tag-jair-bolsonaro"],"yoast_head":"<!-- This site is optimized with the Yoast SEO plugin v24.4 - https:\/\/yoast.com\/wordpress\/plugins\/seo\/ -->\n<title>D\u00f3lar oscila pouco e abre em queda nesta sexta-feira<\/title>\n<meta name=\"description\" content=\"O d\u00f3lar abriu com leve baixa nesta sexta-feira (04). \u00c0s 9h10, a baixa era de 0,14% e a moeda chegava a R$ 3,7511. Clique para saber mais.\" \/>\n<meta name=\"robots\" content=\"index, follow, max-snippet:-1, max-image-preview:large, max-video-preview:-1\" \/>\n<link rel=\"canonical\" href=\"https:\/\/www.suno.com.br\/noticias\/dolar-01042018\/\" \/>\n<meta property=\"og:locale\" content=\"pt_BR\" \/>\n<meta property=\"og:type\" content=\"article\" \/>\n<meta property=\"og:title\" content=\"D\u00f3lar oscila pouco e abre em queda nesta sexta-feira\" \/>\n<meta property=\"og:description\" content=\"O d\u00f3lar abriu com leve baixa nesta sexta-feira (04). \u00c0s 9h10, a baixa era de 0,14% e a moeda chegava a R$ 3,7511. Clique para saber mais.\" \/>\n<meta property=\"og:url\" content=\"https:\/\/www.suno.com.br\/noticias\/dolar-01042018\/\" \/>\n<meta property=\"og:site_name\" content=\"Suno Not\u00edcias\" \/>\n<meta property=\"article:publisher\" content=\"https:\/\/facebook.com\/sunoresearch\" \/>\n<meta property=\"og:image\" content=\"https:\/\/files.sunoresearch.com.br\/n\/uploads\/2018\/11\/b80ab463-d\u00f3lar.jpg\" \/>\n\t<meta property=\"og:image:width\" content=\"800\" \/>\n\t<meta property=\"og:image:height\" content=\"533\" \/>\n\t<meta property=\"og:image:type\" content=\"image\/jpeg\" \/>\n<meta name=\"author\" content=\"Amanda Gushiken\" \/>\n<meta name=\"twitter:card\" content=\"summary_large_image\" \/>\n<meta name=\"twitter:creator\" content=\"@sunoresearch\" \/>\n<meta name=\"twitter:site\" content=\"@sunoresearch\" \/>\n<meta name=\"twitter:label1\" content=\"Escrito por\" \/>\n\t<meta name=\"twitter:data1\" content=\"Amanda Gushiken\" \/>\n\t<meta name=\"twitter:label2\" content=\"Est. tempo de leitura\" \/>\n\t<meta name=\"twitter:data2\" content=\"2 minutos\" \/>\n<script type=\"application\/ld+json\" class=\"yoast-schema-graph\">{\"@context\":\"https:\/\/schema.org\",\"@graph\":[{\"@type\":\"NewsArticle\",\"@id\":\"https:\/\/www.suno.com.br\/noticias\/dolar-01042018\/#article\",\"isPartOf\":{\"@id\":\"https:\/\/www.suno.com.br\/noticias\/dolar-01042018\/\"},\"author\":{\"name\":\"Amanda Gushiken\",\"@id\":\"https:\/\/www.suno.com.br\/noticias\/#\/schema\/person\/a5b06fa4e879d8e8e119c6ed3cd630d1\"},\"headline\":\"D\u00f3lar oscila pouco e abre em queda nesta sexta-feira\",\"datePublished\":\"2019-01-04T11:13:53+00:00\",\"dateModified\":\"2019-01-04T11:58:26+00:00\",\"mainEntityOfPage\":{\"@id\":\"https:\/\/www.suno.com.br\/noticias\/dolar-01042018\/\"},\"wordCount\":344,\"publisher\":{\"@id\":\"https:\/\/www.suno.com.br\/noticias\/#organization\"},\"image\":{\"@id\":\"https:\/\/www.suno.com.br\/noticias\/dolar-01042018\/#primaryimage\"},\"thumbnailUrl\":\"https:\/\/files.sunoresearch.com.br\/n\/uploads\/2018\/11\/b80ab463-d\u00f3lar.jpg\",\"keywords\":[\"d\u00f3lar\",\"Estados Unidos (EUA)\",\"Jair Bolsonaro\"],\"articleSection\":[\"Mercado\"],\"inLanguage\":\"pt-BR\"},{\"@type\":\"WebPage\",\"@id\":\"https:\/\/www.suno.com.br\/noticias\/dolar-01042018\/\",\"url\":\"https:\/\/www.suno.com.br\/noticias\/dolar-01042018\/\",\"name\":\"D\u00f3lar oscila pouco e abre em queda nesta sexta-feira\",\"isPartOf\":{\"@id\":\"https:\/\/www.suno.com.br\/noticias\/#website\"},\"primaryImageOfPage\":{\"@id\":\"https:\/\/www.suno.com.br\/noticias\/dolar-01042018\/#primaryimage\"},\"image\":{\"@id\":\"https:\/\/www.suno.com.br\/noticias\/dolar-01042018\/#primaryimage\"},\"thumbnailUrl\":\"https:\/\/files.sunoresearch.com.br\/n\/uploads\/2018\/11\/b80ab463-d\u00f3lar.jpg\",\"datePublished\":\"2019-01-04T11:13:53+00:00\",\"dateModified\":\"2019-01-04T11:58:26+00:00\",\"description\":\"O d\u00f3lar abriu com leve baixa nesta sexta-feira (04). \u00c0s 9h10, a baixa era de 0,14% e a moeda chegava a R$ 3,7511. Clique para saber mais.\",\"breadcrumb\":{\"@id\":\"https:\/\/www.suno.com.br\/noticias\/dolar-01042018\/#breadcrumb\"},\"inLanguage\":\"pt-BR\",\"potentialAction\":[{\"@type\":\"ReadAction\",\"target\":[\"https:\/\/www.suno.com.br\/noticias\/dolar-01042018\/\"]}]},{\"@type\":\"ImageObject\",\"inLanguage\":\"pt-BR\",\"@id\":\"https:\/\/www.suno.com.br\/noticias\/dolar-01042018\/#primaryimage\",\"url\":\"https:\/\/files.sunoresearch.com.br\/n\/uploads\/2018\/11\/b80ab463-d\u00f3lar.jpg\",\"contentUrl\":\"https:\/\/files.sunoresearch.com.br\/n\/uploads\/2018\/11\/b80ab463-d\u00f3lar.jpg\",\"width\":800,\"height\":533,\"caption\":\"O d\u00f3lar hoje encerrou em queda de 0,91%, negociado a R$ 5,415\"},{\"@type\":\"BreadcrumbList\",\"@id\":\"https:\/\/www.suno.com.br\/noticias\/dolar-01042018\/#breadcrumb\",\"itemListElement\":[{\"@type\":\"ListItem\",\"position\":1,\"name\":\"Not\u00edcias\",\"item\":\"https:\/\/www.suno.com.br\/noticias\/\"},{\"@type\":\"ListItem\",\"position\":2,\"name\":\"Mercado\",\"item\":\"https:\/\/www.suno.com.br\/noticias\/mercado\/\"},{\"@type\":\"ListItem\",\"position\":3,\"name\":\"D\u00f3lar oscila pouco e abre em queda nesta sexta-feira\"}]},{\"@type\":\"WebSite\",\"@id\":\"https:\/\/www.suno.com.br\/noticias\/#website\",\"url\":\"https:\/\/www.suno.com.br\/noticias\/\",\"name\":\"Suno Not\u00edcias\",\"description\":\"Seu portal de informa\u00e7\u00e3o sobre o mundo dos investimentos\",\"publisher\":{\"@id\":\"https:\/\/www.suno.com.br\/noticias\/#organization\"},\"potentialAction\":[{\"@type\":\"SearchAction\",\"target\":{\"@type\":\"EntryPoint\",\"urlTemplate\":\"https:\/\/www.suno.com.br\/noticias\/?s={search_term_string}\"},\"query-input\":{\"@type\":\"PropertyValueSpecification\",\"valueRequired\":true,\"valueName\":\"search_term_string\"}}],\"inLanguage\":\"pt-BR\"},{\"@type\":\"Organization\",\"@id\":\"https:\/\/www.suno.com.br\/noticias\/#organization\",\"name\":\"Suno Not\u00edcias\",\"url\":\"https:\/\/www.suno.com.br\/noticias\/\",\"logo\":{\"@type\":\"ImageObject\",\"inLanguage\":\"pt-BR\",\"@id\":\"https:\/\/www.suno.com.br\/noticias\/#\/schema\/logo\/image\/\",\"url\":\"https:\/\/files.sunoresearch.com.br\/n\/uploads\/2021\/09\/suno-logo.png\",\"contentUrl\":\"https:\/\/files.sunoresearch.com.br\/n\/uploads\/2021\/09\/suno-logo.png\",\"width\":180,\"height\":180,\"caption\":\"Suno Not\u00edcias\"},\"image\":{\"@id\":\"https:\/\/www.suno.com.br\/noticias\/#\/schema\/logo\/image\/\"},\"sameAs\":[\"https:\/\/facebook.com\/sunoresearch\",\"https:\/\/x.com\/sunoresearch\",\"https:\/\/www.instagram.com\/suno\",\"https:\/\/www.linkedin.com\/company\/suno-research\/\",\"https:\/\/www.youtube.com\/c\/sunoresearch\"]},{\"@type\":\"Person\",\"@id\":\"https:\/\/www.suno.com.br\/noticias\/#\/schema\/person\/a5b06fa4e879d8e8e119c6ed3cd630d1\",\"name\":\"Amanda Gushiken\",\"image\":{\"@type\":\"ImageObject\",\"inLanguage\":\"pt-BR\",\"@id\":\"https:\/\/www.suno.com.br\/noticias\/#\/schema\/person\/image\/\",\"url\":\"https:\/\/secure.gravatar.com\/avatar\/ecd84705e6b65e3685ae80d725501fbe?s=96&r=g\",\"contentUrl\":\"https:\/\/secure.gravatar.com\/avatar\/ecd84705e6b65e3685ae80d725501fbe?s=96&r=g\",\"caption\":\"Amanda Gushiken\"},\"description\":\"Amanda Sayuri Gushiken escreve sobre finan\u00e7as e neg\u00f3cios para o portal Suno Not\u00edcias. Antes, trabalhou selecionando not\u00edcias da imprensa para clientes do mercado financeiro. Tamb\u00e9m desenvolveu pesquisa acad\u00eamica pela Universidade Anhembi Morumbi na \u00e1rea de Teorias da Comunica\u00e7\u00e3o e \u00e9 fot\u00f3grafa nas horas vagas.\",\"url\":\"https:\/\/www.suno.com.br\/noticias\/author\/amanda\/\"}]}<\/script>\n<!-- \/ Yoast SEO plugin. -->","yoast_head_json":{"title":"D\u00f3lar oscila pouco e abre em queda nesta sexta-feira","description":"O d\u00f3lar abriu com leve baixa nesta sexta-feira (04). \u00c0s 9h10, a baixa era de 0,14% e a moeda chegava a R$ 3,7511. Clique para saber mais.","robots":{"index":"index","follow":"follow","max-snippet":"max-snippet:-1","max-image-preview":"max-image-preview:large","max-video-preview":"max-video-preview:-1"},"canonical":"https:\/\/www.suno.com.br\/noticias\/dolar-01042018\/","og_locale":"pt_BR","og_type":"article","og_title":"D\u00f3lar oscila pouco e abre em queda nesta sexta-feira","og_description":"O d\u00f3lar abriu com leve baixa nesta sexta-feira (04). \u00c0s 9h10, a baixa era de 0,14% e a moeda chegava a R$ 3,7511. Clique para saber mais.","og_url":"https:\/\/www.suno.com.br\/noticias\/dolar-01042018\/","og_site_name":"Suno Not\u00edcias","article_publisher":"https:\/\/facebook.com\/sunoresearch","og_image":[{"width":800,"height":533,"url":"https:\/\/files.sunoresearch.com.br\/n\/uploads\/2018\/11\/b80ab463-d\u00f3lar.jpg","type":"image\/jpeg"}],"author":"Amanda Gushiken","twitter_card":"summary_large_image","twitter_creator":"@sunoresearch","twitter_site":"@sunoresearch","twitter_misc":{"Escrito por":"Amanda Gushiken","Est. tempo de leitura":"2 minutos"},"schema":{"@context":"https:\/\/schema.org","@graph":[{"@type":"NewsArticle","@id":"https:\/\/www.suno.com.br\/noticias\/dolar-01042018\/#article","isPartOf":{"@id":"https:\/\/www.suno.com.br\/noticias\/dolar-01042018\/"},"author":{"name":"Amanda Gushiken","@id":"https:\/\/www.suno.com.br\/noticias\/#\/schema\/person\/a5b06fa4e879d8e8e119c6ed3cd630d1"},"headline":"D\u00f3lar oscila pouco e abre em queda nesta sexta-feira","datePublished":"2019-01-04T11:13:53+00:00","dateModified":"2019-01-04T11:58:26+00:00","mainEntityOfPage":{"@id":"https:\/\/www.suno.com.br\/noticias\/dolar-01042018\/"},"wordCount":344,"publisher":{"@id":"https:\/\/www.suno.com.br\/noticias\/#organization"},"image":{"@id":"https:\/\/www.suno.com.br\/noticias\/dolar-01042018\/#primaryimage"},"thumbnailUrl":"https:\/\/files.sunoresearch.com.br\/n\/uploads\/2018\/11\/b80ab463-d\u00f3lar.jpg","keywords":["d\u00f3lar","Estados Unidos (EUA)","Jair Bolsonaro"],"articleSection":["Mercado"],"inLanguage":"pt-BR"},{"@type":"WebPage","@id":"https:\/\/www.suno.com.br\/noticias\/dolar-01042018\/","url":"https:\/\/www.suno.com.br\/noticias\/dolar-01042018\/","name":"D\u00f3lar oscila pouco e abre em queda nesta sexta-feira","isPartOf":{"@id":"https:\/\/www.suno.com.br\/noticias\/#website"},"primaryImageOfPage":{"@id":"https:\/\/www.suno.com.br\/noticias\/dolar-01042018\/#primaryimage"},"image":{"@id":"https:\/\/www.suno.com.br\/noticias\/dolar-01042018\/#primaryimage"},"thumbnailUrl":"https:\/\/files.sunoresearch.com.br\/n\/uploads\/2018\/11\/b80ab463-d\u00f3lar.jpg","datePublished":"2019-01-04T11:13:53+00:00","dateModified":"2019-01-04T11:58:26+00:00","description":"O d\u00f3lar abriu com leve baixa nesta sexta-feira (04). \u00c0s 9h10, a baixa era de 0,14% e a moeda chegava a R$ 3,7511. Clique para saber mais.","breadcrumb":{"@id":"https:\/\/www.suno.com.br\/noticias\/dolar-01042018\/#breadcrumb"},"inLanguage":"pt-BR","potentialAction":[{"@type":"ReadAction","target":["https:\/\/www.suno.com.br\/noticias\/dolar-01042018\/"]}]},{"@type":"ImageObject","inLanguage":"pt-BR","@id":"https:\/\/www.suno.com.br\/noticias\/dolar-01042018\/#primaryimage","url":"https:\/\/files.sunoresearch.com.br\/n\/uploads\/2018\/11\/b80ab463-d\u00f3lar.jpg","contentUrl":"https:\/\/files.sunoresearch.com.br\/n\/uploads\/2018\/11\/b80ab463-d\u00f3lar.jpg","width":800,"height":533,"caption":"O d\u00f3lar hoje encerrou em queda de 0,91%, negociado a R$ 5,415"},{"@type":"BreadcrumbList","@id":"https:\/\/www.suno.com.br\/noticias\/dolar-01042018\/#breadcrumb","itemListElement":[{"@type":"ListItem","position":1,"name":"Not\u00edcias","item":"https:\/\/www.suno.com.br\/noticias\/"},{"@type":"ListItem","position":2,"name":"Mercado","item":"https:\/\/www.suno.com.br\/noticias\/mercado\/"},{"@type":"ListItem","position":3,"name":"D\u00f3lar oscila pouco e abre em queda nesta sexta-feira"}]},{"@type":"WebSite","@id":"https:\/\/www.suno.com.br\/noticias\/#website","url":"https:\/\/www.suno.com.br\/noticias\/","name":"Suno Not\u00edcias","description":"Seu portal de informa\u00e7\u00e3o sobre o mundo dos investimentos","publisher":{"@id":"https:\/\/www.suno.com.br\/noticias\/#organization"},"potentialAction":[{"@type":"SearchAction","target":{"@type":"EntryPoint","urlTemplate":"https:\/\/www.suno.com.br\/noticias\/?s={search_term_string}"},"query-input":{"@type":"PropertyValueSpecification","valueRequired":true,"valueName":"search_term_string"}}],"inLanguage":"pt-BR"},{"@type":"Organization","@id":"https:\/\/www.suno.com.br\/noticias\/#organization","name":"Suno Not\u00edcias","url":"https:\/\/www.suno.com.br\/noticias\/","logo":{"@type":"ImageObject","inLanguage":"pt-BR","@id":"https:\/\/www.suno.com.br\/noticias\/#\/schema\/logo\/image\/","url":"https:\/\/files.sunoresearch.com.br\/n\/uploads\/2021\/09\/suno-logo.png","contentUrl":"https:\/\/files.sunoresearch.com.br\/n\/uploads\/2021\/09\/suno-logo.png","width":180,"height":180,"caption":"Suno Not\u00edcias"},"image":{"@id":"https:\/\/www.suno.com.br\/noticias\/#\/schema\/logo\/image\/"},"sameAs":["https:\/\/facebook.com\/sunoresearch","https:\/\/x.com\/sunoresearch","https:\/\/www.instagram.com\/suno","https:\/\/www.linkedin.com\/company\/suno-research\/","https:\/\/www.youtube.com\/c\/sunoresearch"]},{"@type":"Person","@id":"https:\/\/www.suno.com.br\/noticias\/#\/schema\/person\/a5b06fa4e879d8e8e119c6ed3cd630d1","name":"Amanda Gushiken","image":{"@type":"ImageObject","inLanguage":"pt-BR","@id":"https:\/\/www.suno.com.br\/noticias\/#\/schema\/person\/image\/","url":"https:\/\/secure.gravatar.com\/avatar\/ecd84705e6b65e3685ae80d725501fbe?s=96&r=g","contentUrl":"https:\/\/secure.gravatar.com\/avatar\/ecd84705e6b65e3685ae80d725501fbe?s=96&r=g","caption":"Amanda Gushiken"},"description":"Amanda Sayuri Gushiken escreve sobre finan\u00e7as e neg\u00f3cios para o portal Suno Not\u00edcias. Antes, trabalhou selecionando not\u00edcias da imprensa para clientes do mercado financeiro. Tamb\u00e9m desenvolveu pesquisa acad\u00eamica pela Universidade Anhembi Morumbi na \u00e1rea de Teorias da Comunica\u00e7\u00e3o e \u00e9 fot\u00f3grafa nas horas vagas.","url":"https:\/\/www.suno.com.br\/noticias\/author\/amanda\/"}]}},"default_loop_html":"<div class=\"cardsPage__listCard__boxs\"><div class=\"cardsPage__listCard__boxs__img\"><a href=\"https:\/\/www.suno.com.br\/noticias\/dolar-01042018\/\"><img class=\"mask\" src=\"https:\/\/www.suno.com.br\/noticias\/wp-content\/themes\/suno\/resources\/images\/spotlight\/spotlight1img\/bg-mask.png\" alt=\"Image Mask\"\/><img src=\"https:\/\/files.sunoresearch.com.br\/n\/uploads\/2018\/11\/b80ab463-d\u00f3lar-400x200.webp\" alt=\"D\u00f3lar oscila pouco e abre em queda nesta sexta-feira\"\/><\/a><span class=\"spotlightCategory\"><a href=\"https:\/\/www.suno.com.br\/noticias\/mercado\/\">Mercado<\/a><\/span><\/div><div class=\"cardsPage__listCard__boxs__content\"><a href=\"https:\/\/www.suno.com.br\/noticias\/dolar-01042018\/\"><h2 class=\"content__title\">D\u00f3lar oscila pouco e abre em queda nesta sexta-feira<\/h2><\/a><div class=\"newsContent__article__meta\"><div class=\"newsContent__article__meta__authorBox\"><a href=\"https:\/\/www.suno.com.br\/noticias\/author\/amanda\/\" class=\"authorBox__avatar noMobi\"><img src=\"https:\/\/files.sunoresearch.com.br\/n\/uploads\/2018\/11\/c6ad30be-amanda-150x150.webp\" alt=\"Amanda Gushiken\"><\/a><div class=\"authorBox__name\"><span>por\n\t\t\t<a href=\"https:\/\/www.suno.com.br\/noticias\/author\/amanda\/\"><span itemprop=\"author\">Amanda Gushiken<\/span><\/a><\/span><time datetime=\"2019-01-04T09:13:53-02:00\" itemprop=\"datePublished\">04\/01\/2019 09:13<\/time><\/div><\/div><\/div><\/div><\/div>","single_layout":"posts","amp_enabled":true,"_links":{"self":[{"href":"https:\/\/www.suno.com.br\/noticias\/wp-json\/wp\/v2\/posts\/10282"}],"collection":[{"href":"https:\/\/www.suno.com.br\/noticias\/wp-json\/wp\/v2\/posts"}],"about":[{"href":"https:\/\/www.suno.com.br\/noticias\/wp-json\/wp\/v2\/types\/post"}],"author":[{"embeddable":true,"href":"https:\/\/www.suno.com.br\/noticias\/wp-json\/wp\/v2\/users\/12"}],"replies":[{"embeddable":true,"href":"https:\/\/www.suno.com.br\/noticias\/wp-json\/wp\/v2\/comments?post=10282"}],"version-history":[{"count":0,"href":"https:\/\/www.suno.com.br\/noticias\/wp-json\/wp\/v2\/posts\/10282\/revisions"}],"wp:featuredmedia":[{"embeddable":true,"href":"https:\/\/www.suno.com.br\/noticias\/wp-json\/wp\/v2\/media\/7417"}],"wp:attachment":[{"href":"https:\/\/www.suno.com.br\/noticias\/wp-json\/wp\/v2\/media?parent=10282"}],"wp:term":[{"taxonomy":"category","embeddable":true,"href":"https:\/\/www.suno.com.br\/noticias\/wp-json\/wp\/v2\/categories?post=10282"},{"taxonomy":"post_tag","embeddable":true,"href":"https:\/\/www.suno.com.br\/noticias\/wp-json\/wp\/v2\/tags?post=10282"},{"taxonomy":"suno_strategy","embeddable":true,"href":"https:\/\/www.suno.com.br\/noticias\/wp-json\/wp\/v2\/suno_strategy?post=10282"}],"curies":[{"name":"wp","href":"https:\/\/api.w.org\/{rel}","templated":true}]}}