{"id":102805,"date":"2020-11-24T19:57:10","date_gmt":"2020-11-24T22:57:10","guid":{"rendered":"https:\/\/www.suno.com.br\/noticias\/?p=102805"},"modified":"2020-11-24T22:30:37","modified_gmt":"2020-11-25T01:30:37","slug":"reserva-de-acoes-para-ipo-da-rede-dor-rdor3-teve-inicio-nesta-terca","status":"publish","type":"post","link":"https:\/\/www.suno.com.br\/noticias\/reserva-de-acoes-para-ipo-da-rede-dor-rdor3-teve-inicio-nesta-terca\/","title":{"rendered":"IPO da Rede D&#8217;Or (RDOR3): Reserva de a\u00e7\u00f5es teve in\u00edcio nesta ter\u00e7a"},"content":{"rendered":"<p>Hoje foi o primeiro dia do per\u00edodo de reserva para pequenos investidores entrarem na <a href=\"https:\/\/www.suno.com.br\/artigos\/ipo\/\">oferta p\u00fablica inicial de a\u00e7\u00f5es (IPO<\/a>, na sigla em ingl\u00eas) da <strong>Rede D&#8217;Or S\u00e3o Luiz<\/strong> (RDOR3).<\/p>\t<div class=\"wrapper-featured-image\">\n\t\t<figure class=\"spotlightImg\">\n\n\t\t\t<picture>\n\t\t\t\t<source media=\"(max-width: 768px)\" srcset=\"https:\/\/files.sunoresearch.com.br\/n\/uploads\/2020\/10\/db6a5fa2-rede-dor-apresenta-pedido-de-registro-para-abertura-de-capital-400x200.webp\">\n\t\t\t\t<img loading=\"lazy\" decoding=\"async\" class=\"newsContent__article__imgCapa lazyloadDisabled \" src=\"https:\/\/files.sunoresearch.com.br\/n\/uploads\/2020\/10\/db6a5fa2-rede-dor-apresenta-pedido-de-registro-para-abertura-de-capital-800x450.webp\" width=\"800\" height=\"450\" alt=\"IPO da Rede D&#8217;Or (RDOR3): Reserva de a\u00e7\u00f5es teve in\u00edcio nesta ter\u00e7a\" fetchpriority=high \/>\n\t\t\t<\/picture>\n\n\t\t\t<figcaption class=\"wp-caption-text wp-caption-text--show\">Rede D&#039;or (RDOR3). Foto: divulga\u00e7\u00e3o<\/figcaption>\n\t\t<\/figure>\n\t<\/div>\n\n\n\t<p>\n\t\t<a href=\"https:\/\/lp.suno.com.br\/planilha-controle-gastos\/\" target=\"_blank\" data-element=\"shortcode-suno-banner\" title=\"Banner SUNO, clique e saiba mais\">\n\t\t\t<picture>\n\t\t\t\t<source media=\"(max-width: 500px)\" srcset=\"https:\/\/files.sunoresearch.com.br\/n\/uploads\/2023\/03\/400x300-Planilha-controle-de-gastos.png\">\n\t\t\t\t<img class=\"newsContent__article__imgCapa newsContent__article__imgCapa--banner\"\n\t\t\t\t\tsrc=\"https:\/\/files.sunoresearch.com.br\/n\/uploads\/2023\/03\/1420x240-Planilha-controle-de-gastos.png\"\n\t\t\t\t\tdata-promo-id=\"101751\"\t\t\t\t\t\t\t\t\t\twidth='1420' height='240'\t\t\t\t\talt=\"https:\/\/files.sunoresearch.com.br\/n\/uploads\/2023\/03\/1420x240-Planilha-controle-de-gastos.png\"\n\t\t\t\t>\n\t\t\t<\/picture>\n\t\t<\/a>\n\t<\/p>\n\n\n<p>Um dos mais aguardados do ano, o IPO do grupo hospitalar privado acontecer\u00e1 no pr\u00f3ximo dia 10 de dezembro. Mas o pequeno investidor ainda tem at\u00e9 o dia 4 de dezembro para reservar suas a\u00e7\u00f5es da Rede D&#8217;Or.<\/p>\n<p>A companhia definiu a <strong>faixa indicativa de pre\u00e7o <\/strong>da opera\u00e7\u00e3o no intervalo entre R$ 48,91 e R$ 64,35. Com isso, considerando a oferta base de a\u00e7\u00f5es, de 145.677.487 a\u00e7\u00f5es ordin\u00e1rias, e o meio da faixa indicativa, de R$ 56,63, a empresa pode levantar R$ 8,249 bilh\u00f5es.<\/p>\n<p><a href=\"https:\/\/lp.suno.com.br\/suno-one\/\">Suno One: acesse gratuitamente eBooks, Minicursos, Artigos e Video Aulas sobre investimentos com um \u00fanico cadastro. Clique para saber mais!<\/a><\/p>\n<p>N\u00e3o obstante, quando consideramos a possibilidade de negocia\u00e7\u00f5es dos lotes adicional, de at\u00e9 20%, ou 29.135.497 a\u00e7\u00f5es; e suplementar de at\u00e9 15%, ou 21.851.623; ainda de acordo com o meio da faixa indicativa, a oferta total subiria para R$ 11,137 bilh\u00f5es.<\/p>\n<p>\t<p>\n\t\t<a href=\"\" target=\"_blank\" data-element=\"shortcode-suno-banner\" title=\"Banner SUNO, clique e saiba mais\">\n\t\t\t<picture>\n\t\t\t\t<source media=\"(max-width: 500px)\" srcset=\"\">\n\t\t\t\t<img class=\"newsContent__article__imgCapa newsContent__article__imgCapa--banner\"\n\t\t\t\t\tsrc=\"\"\n\t\t\t\t\tdata-promo-id=\"102602\"\t\t\t\t\t\t\t\t\t\t\t\t\t\t\talt=\"\"\n\t\t\t\t>\n\t\t\t<\/picture>\n\t\t<\/a>\n\t<\/p>\n\n<br \/>\nA <strong>fixa\u00e7\u00e3o do pre\u00e7o por a\u00e7\u00e3o<\/strong> ser\u00e1 definida no dia 8 de dezembro, segundo prospecto. O valor m\u00ednimo para entrar no IPO \u00e9 de R$ 3 mil, sendo que o m\u00e1ximo \u00e9 de R$ 1 milh\u00e3o.<\/p>\n<h2>Mais sobre o IPO da Rede D&#8217;Or<\/h2>\n<p>A oferta, coordenada por Bank of America; <a href=\"https:\/\/www.suno.com.br\/acoes\/bpac11\/\">BTG Pactual (BPAC11<\/a>, o Agente Estabilizador); J.P. Morgan; Bradesco BBI; XP; BB Investimentos; Citi; Credit Suisse; Safra; <a href=\"https:\/\/www.suno.com.br\/acoes\/sanb11\/\">Santander (SANB11)<\/a>; ser\u00e1 prim\u00e1ria e secund\u00e1ria<strong>.<br \/>\n<\/strong><\/p>\n\t<div data-element=\"shortcode-read-more\" class=\"knowMore\">\n\t\t\t\t<span class=\"knowMore__title\">Veja mais<\/span>\n\t\t\t\t<a class=\"knowMore__link\" href=\"https:\/\/www.suno.com.br\/noticias\/rede-dor-define-faixa-indicativa\/\">\n\t\t\tRede D\u2019Or define faixa indicativa de pre\u00e7o e pode levantar R$ 8,249 bi em IPO\t\t<\/a>\n\t<\/div>\n\n\n<p>O grupo pretende destinar os recursos para a constru\u00e7\u00e3o de novos hospitais, expans\u00e3o das unidades existentes por meio de projetos greenfield e brownfield e aquisi\u00e7\u00e3o de novos ativos (hospitais, cl\u00ednicas oncol\u00f3gicas, corretoras de seguros de sa\u00fade, dentre outros).<\/p>\n\t<p>\n\t\t<a href=\"https:\/\/lp.suno.com.br\/planilha-de-controle-de-investimentos\/\" target=\"_blank\" data-element=\"shortcode-suno-banner\" title=\"Banner SUNO, clique e saiba mais\">\n\t\t\t<picture>\n\t\t\t\t<source media=\"(max-width: 500px)\" srcset=\"https:\/\/files.sunoresearch.com.br\/n\/uploads\/2023\/03\/400x300-Controle-de-Investimentos.png\">\n\t\t\t\t<img class=\"newsContent__article__imgCapa newsContent__article__imgCapa--banner\"\n\t\t\t\t\tsrc=\"https:\/\/files.sunoresearch.com.br\/n\/uploads\/2023\/03\/1420x240-Controle-de-Investimentos.png\"\n\t\t\t\t\tdata-promo-id=\"75934\"\t\t\t\t\t\t\t\t\t\twidth='1420' height='240'\t\t\t\t\talt=\"https:\/\/files.sunoresearch.com.br\/n\/uploads\/2023\/03\/1420x240-Controle-de-Investimentos.png\"\n\t\t\t\t>\n\t\t\t<\/picture>\n\t\t<\/a>\n\t<\/p>\n\n\n","protected":false},"excerpt":{"rendered":"<p>Hoje foi o primeiro dia do per\u00edodo de reserva para pequenos investidores entrarem na oferta p\u00fablica inicial de a\u00e7\u00f5es (IPO, na sigla em ingl\u00eas) da Rede D&#8217;Or S\u00e3o Luiz (RDOR3). Rede D&#039;or (RDOR3). Foto: divulga\u00e7\u00e3o Um dos mais aguardados do ano, o IPO do grupo hospitalar privado acontecer\u00e1 no pr\u00f3ximo dia 10 de dezembro. Mas [&hellip;]<\/p>\n","protected":false},"author":35,"featured_media":90874,"comment_status":"closed","ping_status":"closed","sticky":false,"template":"","format":"standard","meta":[],"categories":[60],"tags":[1937,319,2312],"suno_strategy":[],"class_list":["post-102805","post","type-post","status-publish","format-standard","has-post-thumbnail","hentry","category-mercado","tag-bolsa-de-valores-de-sao-paulo-b3","tag-ipo-oferta-inicial-de-acoes","tag-rede-dor-rdor3"],"yoast_head":"<!-- This site is optimized with the Yoast SEO plugin v24.4 - https:\/\/yoast.com\/wordpress\/plugins\/seo\/ -->\n<title>IPO da Rede D&#039;Or (RDOR3): Reserva de a\u00e7\u00f5es teve in\u00edcio nesta ter\u00e7a<\/title>\n<meta name=\"description\" content=\"Hoje foi o primeiro dia do per\u00edodo de reserva para pequenos investidores entrarem no IPO da Rede D&#039;Or (RDOR3). Clique para saber mais\" \/>\n<meta name=\"robots\" content=\"index, follow, max-snippet:-1, max-image-preview:large, max-video-preview:-1\" \/>\n<link rel=\"canonical\" href=\"https:\/\/www.suno.com.br\/noticias\/reserva-de-acoes-para-ipo-da-rede-dor-rdor3-teve-inicio-nesta-terca\/\" \/>\n<meta property=\"og:locale\" content=\"pt_BR\" \/>\n<meta property=\"og:type\" content=\"article\" \/>\n<meta property=\"og:title\" content=\"IPO da Rede D&#039;Or (RDOR3): Reserva de a\u00e7\u00f5es teve in\u00edcio nesta ter\u00e7a\" \/>\n<meta property=\"og:description\" content=\"Hoje foi o primeiro dia do per\u00edodo de reserva para pequenos investidores entrarem no IPO da Rede D&#039;Or (RDOR3). Clique para saber mais\" \/>\n<meta property=\"og:url\" content=\"https:\/\/www.suno.com.br\/noticias\/reserva-de-acoes-para-ipo-da-rede-dor-rdor3-teve-inicio-nesta-terca\/\" \/>\n<meta property=\"og:site_name\" content=\"Suno Not\u00edcias\" \/>\n<meta property=\"article:publisher\" content=\"https:\/\/facebook.com\/sunoresearch\" \/>\n<meta property=\"og:image\" content=\"https:\/\/files.sunoresearch.com.br\/n\/uploads\/2020\/10\/db6a5fa2-rede-dor-apresenta-pedido-de-registro-para-abertura-de-capital.jpg\" \/>\n\t<meta property=\"og:image:width\" content=\"1535\" \/>\n\t<meta property=\"og:image:height\" content=\"1131\" \/>\n\t<meta property=\"og:image:type\" content=\"image\/jpeg\" \/>\n<meta name=\"author\" content=\"Arthur Guimar\u00e3es\" \/>\n<meta name=\"twitter:card\" content=\"summary_large_image\" \/>\n<meta name=\"twitter:creator\" content=\"@sunoresearch\" \/>\n<meta name=\"twitter:site\" content=\"@sunoresearch\" \/>\n<meta name=\"twitter:label1\" content=\"Escrito por\" \/>\n\t<meta name=\"twitter:data1\" content=\"Arthur Guimar\u00e3es\" \/>\n\t<meta name=\"twitter:label2\" content=\"Est. tempo de leitura\" \/>\n\t<meta name=\"twitter:data2\" content=\"2 minutos\" \/>\n<script type=\"application\/ld+json\" class=\"yoast-schema-graph\">{\"@context\":\"https:\/\/schema.org\",\"@graph\":[{\"@type\":\"NewsArticle\",\"@id\":\"https:\/\/www.suno.com.br\/noticias\/reserva-de-acoes-para-ipo-da-rede-dor-rdor3-teve-inicio-nesta-terca\/#article\",\"isPartOf\":{\"@id\":\"https:\/\/www.suno.com.br\/noticias\/reserva-de-acoes-para-ipo-da-rede-dor-rdor3-teve-inicio-nesta-terca\/\"},\"author\":{\"name\":\"Arthur Guimar\u00e3es\",\"@id\":\"https:\/\/www.suno.com.br\/noticias\/#\/schema\/person\/053a750a709a263919a20f976caae91c\"},\"headline\":\"IPO da Rede D&#8217;Or (RDOR3): Reserva de a\u00e7\u00f5es teve in\u00edcio nesta ter\u00e7a\",\"datePublished\":\"2020-11-24T22:57:10+00:00\",\"dateModified\":\"2020-11-25T01:30:37+00:00\",\"mainEntityOfPage\":{\"@id\":\"https:\/\/www.suno.com.br\/noticias\/reserva-de-acoes-para-ipo-da-rede-dor-rdor3-teve-inicio-nesta-terca\/\"},\"wordCount\":336,\"publisher\":{\"@id\":\"https:\/\/www.suno.com.br\/noticias\/#organization\"},\"image\":{\"@id\":\"https:\/\/www.suno.com.br\/noticias\/reserva-de-acoes-para-ipo-da-rede-dor-rdor3-teve-inicio-nesta-terca\/#primaryimage\"},\"thumbnailUrl\":\"https:\/\/files.sunoresearch.com.br\/n\/uploads\/2020\/10\/db6a5fa2-rede-dor-apresenta-pedido-de-registro-para-abertura-de-capital-jpg.webp\",\"keywords\":[\"Bolsa de Valores de S\u00e3o Paulo (B3)\",\"IPO (Oferta Inicial de A\u00e7\u00f5es)\",\"Rede D'or (RDOR3)\"],\"articleSection\":[\"Mercado\"],\"inLanguage\":\"pt-BR\"},{\"@type\":\"WebPage\",\"@id\":\"https:\/\/www.suno.com.br\/noticias\/reserva-de-acoes-para-ipo-da-rede-dor-rdor3-teve-inicio-nesta-terca\/\",\"url\":\"https:\/\/www.suno.com.br\/noticias\/reserva-de-acoes-para-ipo-da-rede-dor-rdor3-teve-inicio-nesta-terca\/\",\"name\":\"IPO da Rede D'Or (RDOR3): Reserva de a\u00e7\u00f5es teve in\u00edcio nesta ter\u00e7a\",\"isPartOf\":{\"@id\":\"https:\/\/www.suno.com.br\/noticias\/#website\"},\"primaryImageOfPage\":{\"@id\":\"https:\/\/www.suno.com.br\/noticias\/reserva-de-acoes-para-ipo-da-rede-dor-rdor3-teve-inicio-nesta-terca\/#primaryimage\"},\"image\":{\"@id\":\"https:\/\/www.suno.com.br\/noticias\/reserva-de-acoes-para-ipo-da-rede-dor-rdor3-teve-inicio-nesta-terca\/#primaryimage\"},\"thumbnailUrl\":\"https:\/\/files.sunoresearch.com.br\/n\/uploads\/2020\/10\/db6a5fa2-rede-dor-apresenta-pedido-de-registro-para-abertura-de-capital-jpg.webp\",\"datePublished\":\"2020-11-24T22:57:10+00:00\",\"dateModified\":\"2020-11-25T01:30:37+00:00\",\"description\":\"Hoje foi o primeiro dia do per\u00edodo de reserva para pequenos investidores entrarem no IPO da Rede D'Or (RDOR3). Clique para saber mais\",\"breadcrumb\":{\"@id\":\"https:\/\/www.suno.com.br\/noticias\/reserva-de-acoes-para-ipo-da-rede-dor-rdor3-teve-inicio-nesta-terca\/#breadcrumb\"},\"inLanguage\":\"pt-BR\",\"potentialAction\":[{\"@type\":\"ReadAction\",\"target\":[\"https:\/\/www.suno.com.br\/noticias\/reserva-de-acoes-para-ipo-da-rede-dor-rdor3-teve-inicio-nesta-terca\/\"]}]},{\"@type\":\"ImageObject\",\"inLanguage\":\"pt-BR\",\"@id\":\"https:\/\/www.suno.com.br\/noticias\/reserva-de-acoes-para-ipo-da-rede-dor-rdor3-teve-inicio-nesta-terca\/#primaryimage\",\"url\":\"https:\/\/files.sunoresearch.com.br\/n\/uploads\/2020\/10\/db6a5fa2-rede-dor-apresenta-pedido-de-registro-para-abertura-de-capital-jpg.webp\",\"contentUrl\":\"https:\/\/files.sunoresearch.com.br\/n\/uploads\/2020\/10\/db6a5fa2-rede-dor-apresenta-pedido-de-registro-para-abertura-de-capital-jpg.webp\",\"width\":1535,\"height\":1131,\"caption\":\"Rede D'or (RDOR3). Foto: divulga\u00e7\u00e3o\"},{\"@type\":\"BreadcrumbList\",\"@id\":\"https:\/\/www.suno.com.br\/noticias\/reserva-de-acoes-para-ipo-da-rede-dor-rdor3-teve-inicio-nesta-terca\/#breadcrumb\",\"itemListElement\":[{\"@type\":\"ListItem\",\"position\":1,\"name\":\"Not\u00edcias\",\"item\":\"https:\/\/www.suno.com.br\/noticias\/\"},{\"@type\":\"ListItem\",\"position\":2,\"name\":\"Mercado\",\"item\":\"https:\/\/www.suno.com.br\/noticias\/mercado\/\"},{\"@type\":\"ListItem\",\"position\":3,\"name\":\"IPO da Rede D&#8217;Or (RDOR3): Reserva de a\u00e7\u00f5es teve in\u00edcio nesta ter\u00e7a\"}]},{\"@type\":\"WebSite\",\"@id\":\"https:\/\/www.suno.com.br\/noticias\/#website\",\"url\":\"https:\/\/www.suno.com.br\/noticias\/\",\"name\":\"Suno Not\u00edcias\",\"description\":\"Seu portal de informa\u00e7\u00e3o sobre o mundo dos investimentos\",\"publisher\":{\"@id\":\"https:\/\/www.suno.com.br\/noticias\/#organization\"},\"potentialAction\":[{\"@type\":\"SearchAction\",\"target\":{\"@type\":\"EntryPoint\",\"urlTemplate\":\"https:\/\/www.suno.com.br\/noticias\/?s={search_term_string}\"},\"query-input\":{\"@type\":\"PropertyValueSpecification\",\"valueRequired\":true,\"valueName\":\"search_term_string\"}}],\"inLanguage\":\"pt-BR\"},{\"@type\":\"Organization\",\"@id\":\"https:\/\/www.suno.com.br\/noticias\/#organization\",\"name\":\"Suno Not\u00edcias\",\"url\":\"https:\/\/www.suno.com.br\/noticias\/\",\"logo\":{\"@type\":\"ImageObject\",\"inLanguage\":\"pt-BR\",\"@id\":\"https:\/\/www.suno.com.br\/noticias\/#\/schema\/logo\/image\/\",\"url\":\"https:\/\/files.sunoresearch.com.br\/n\/uploads\/2021\/09\/suno-logo.png\",\"contentUrl\":\"https:\/\/files.sunoresearch.com.br\/n\/uploads\/2021\/09\/suno-logo.png\",\"width\":180,\"height\":180,\"caption\":\"Suno Not\u00edcias\"},\"image\":{\"@id\":\"https:\/\/www.suno.com.br\/noticias\/#\/schema\/logo\/image\/\"},\"sameAs\":[\"https:\/\/facebook.com\/sunoresearch\",\"https:\/\/x.com\/sunoresearch\",\"https:\/\/www.instagram.com\/suno\",\"https:\/\/www.linkedin.com\/company\/suno-research\/\",\"https:\/\/www.youtube.com\/c\/sunoresearch\"]},{\"@type\":\"Person\",\"@id\":\"https:\/\/www.suno.com.br\/noticias\/#\/schema\/person\/053a750a709a263919a20f976caae91c\",\"name\":\"Arthur Guimar\u00e3es\",\"image\":{\"@type\":\"ImageObject\",\"inLanguage\":\"pt-BR\",\"@id\":\"https:\/\/www.suno.com.br\/noticias\/#\/schema\/person\/image\/\",\"url\":\"https:\/\/secure.gravatar.com\/avatar\/1affd86a11209ae09eb6dd3bcad3e96c?s=96&r=g\",\"contentUrl\":\"https:\/\/secure.gravatar.com\/avatar\/1affd86a11209ae09eb6dd3bcad3e96c?s=96&r=g\",\"caption\":\"Arthur Guimar\u00e3es\"},\"description\":\"Arthur Guimar\u00e3es escreve sobre pol\u00edtica, economia e neg\u00f3cios para o portal de not\u00edcias da Suno Research. Atualmente, \u00e9 estudante de jornalismo pela Faculdade C\u00e1sper L\u00edbero.\",\"url\":\"https:\/\/www.suno.com.br\/noticias\/author\/arthur-guimaraes\/\"}]}<\/script>\n<!-- \/ Yoast SEO plugin. -->","yoast_head_json":{"title":"IPO da Rede D'Or (RDOR3): Reserva de a\u00e7\u00f5es teve in\u00edcio nesta ter\u00e7a","description":"Hoje foi o primeiro dia do per\u00edodo de reserva para pequenos investidores entrarem no IPO da Rede D'Or (RDOR3). Clique para saber mais","robots":{"index":"index","follow":"follow","max-snippet":"max-snippet:-1","max-image-preview":"max-image-preview:large","max-video-preview":"max-video-preview:-1"},"canonical":"https:\/\/www.suno.com.br\/noticias\/reserva-de-acoes-para-ipo-da-rede-dor-rdor3-teve-inicio-nesta-terca\/","og_locale":"pt_BR","og_type":"article","og_title":"IPO da Rede D'Or (RDOR3): Reserva de a\u00e7\u00f5es teve in\u00edcio nesta ter\u00e7a","og_description":"Hoje foi o primeiro dia do per\u00edodo de reserva para pequenos investidores entrarem no IPO da Rede D'Or (RDOR3). Clique para saber mais","og_url":"https:\/\/www.suno.com.br\/noticias\/reserva-de-acoes-para-ipo-da-rede-dor-rdor3-teve-inicio-nesta-terca\/","og_site_name":"Suno Not\u00edcias","article_publisher":"https:\/\/facebook.com\/sunoresearch","og_image":[{"width":1535,"height":1131,"url":"https:\/\/files.sunoresearch.com.br\/n\/uploads\/2020\/10\/db6a5fa2-rede-dor-apresenta-pedido-de-registro-para-abertura-de-capital.jpg","type":"image\/jpeg"}],"author":"Arthur Guimar\u00e3es","twitter_card":"summary_large_image","twitter_creator":"@sunoresearch","twitter_site":"@sunoresearch","twitter_misc":{"Escrito por":"Arthur Guimar\u00e3es","Est. tempo de leitura":"2 minutos"},"schema":{"@context":"https:\/\/schema.org","@graph":[{"@type":"NewsArticle","@id":"https:\/\/www.suno.com.br\/noticias\/reserva-de-acoes-para-ipo-da-rede-dor-rdor3-teve-inicio-nesta-terca\/#article","isPartOf":{"@id":"https:\/\/www.suno.com.br\/noticias\/reserva-de-acoes-para-ipo-da-rede-dor-rdor3-teve-inicio-nesta-terca\/"},"author":{"name":"Arthur Guimar\u00e3es","@id":"https:\/\/www.suno.com.br\/noticias\/#\/schema\/person\/053a750a709a263919a20f976caae91c"},"headline":"IPO da Rede D&#8217;Or (RDOR3): Reserva de a\u00e7\u00f5es teve in\u00edcio nesta ter\u00e7a","datePublished":"2020-11-24T22:57:10+00:00","dateModified":"2020-11-25T01:30:37+00:00","mainEntityOfPage":{"@id":"https:\/\/www.suno.com.br\/noticias\/reserva-de-acoes-para-ipo-da-rede-dor-rdor3-teve-inicio-nesta-terca\/"},"wordCount":336,"publisher":{"@id":"https:\/\/www.suno.com.br\/noticias\/#organization"},"image":{"@id":"https:\/\/www.suno.com.br\/noticias\/reserva-de-acoes-para-ipo-da-rede-dor-rdor3-teve-inicio-nesta-terca\/#primaryimage"},"thumbnailUrl":"https:\/\/files.sunoresearch.com.br\/n\/uploads\/2020\/10\/db6a5fa2-rede-dor-apresenta-pedido-de-registro-para-abertura-de-capital-jpg.webp","keywords":["Bolsa de Valores de S\u00e3o Paulo (B3)","IPO (Oferta Inicial de A\u00e7\u00f5es)","Rede D'or (RDOR3)"],"articleSection":["Mercado"],"inLanguage":"pt-BR"},{"@type":"WebPage","@id":"https:\/\/www.suno.com.br\/noticias\/reserva-de-acoes-para-ipo-da-rede-dor-rdor3-teve-inicio-nesta-terca\/","url":"https:\/\/www.suno.com.br\/noticias\/reserva-de-acoes-para-ipo-da-rede-dor-rdor3-teve-inicio-nesta-terca\/","name":"IPO da Rede D'Or (RDOR3): Reserva de a\u00e7\u00f5es teve in\u00edcio nesta ter\u00e7a","isPartOf":{"@id":"https:\/\/www.suno.com.br\/noticias\/#website"},"primaryImageOfPage":{"@id":"https:\/\/www.suno.com.br\/noticias\/reserva-de-acoes-para-ipo-da-rede-dor-rdor3-teve-inicio-nesta-terca\/#primaryimage"},"image":{"@id":"https:\/\/www.suno.com.br\/noticias\/reserva-de-acoes-para-ipo-da-rede-dor-rdor3-teve-inicio-nesta-terca\/#primaryimage"},"thumbnailUrl":"https:\/\/files.sunoresearch.com.br\/n\/uploads\/2020\/10\/db6a5fa2-rede-dor-apresenta-pedido-de-registro-para-abertura-de-capital-jpg.webp","datePublished":"2020-11-24T22:57:10+00:00","dateModified":"2020-11-25T01:30:37+00:00","description":"Hoje foi o primeiro dia do per\u00edodo de reserva para pequenos investidores entrarem no IPO da Rede D'Or (RDOR3). Clique para saber mais","breadcrumb":{"@id":"https:\/\/www.suno.com.br\/noticias\/reserva-de-acoes-para-ipo-da-rede-dor-rdor3-teve-inicio-nesta-terca\/#breadcrumb"},"inLanguage":"pt-BR","potentialAction":[{"@type":"ReadAction","target":["https:\/\/www.suno.com.br\/noticias\/reserva-de-acoes-para-ipo-da-rede-dor-rdor3-teve-inicio-nesta-terca\/"]}]},{"@type":"ImageObject","inLanguage":"pt-BR","@id":"https:\/\/www.suno.com.br\/noticias\/reserva-de-acoes-para-ipo-da-rede-dor-rdor3-teve-inicio-nesta-terca\/#primaryimage","url":"https:\/\/files.sunoresearch.com.br\/n\/uploads\/2020\/10\/db6a5fa2-rede-dor-apresenta-pedido-de-registro-para-abertura-de-capital-jpg.webp","contentUrl":"https:\/\/files.sunoresearch.com.br\/n\/uploads\/2020\/10\/db6a5fa2-rede-dor-apresenta-pedido-de-registro-para-abertura-de-capital-jpg.webp","width":1535,"height":1131,"caption":"Rede D'or (RDOR3). Foto: divulga\u00e7\u00e3o"},{"@type":"BreadcrumbList","@id":"https:\/\/www.suno.com.br\/noticias\/reserva-de-acoes-para-ipo-da-rede-dor-rdor3-teve-inicio-nesta-terca\/#breadcrumb","itemListElement":[{"@type":"ListItem","position":1,"name":"Not\u00edcias","item":"https:\/\/www.suno.com.br\/noticias\/"},{"@type":"ListItem","position":2,"name":"Mercado","item":"https:\/\/www.suno.com.br\/noticias\/mercado\/"},{"@type":"ListItem","position":3,"name":"IPO da Rede D&#8217;Or (RDOR3): Reserva de a\u00e7\u00f5es teve in\u00edcio nesta ter\u00e7a"}]},{"@type":"WebSite","@id":"https:\/\/www.suno.com.br\/noticias\/#website","url":"https:\/\/www.suno.com.br\/noticias\/","name":"Suno Not\u00edcias","description":"Seu portal de informa\u00e7\u00e3o sobre o mundo dos investimentos","publisher":{"@id":"https:\/\/www.suno.com.br\/noticias\/#organization"},"potentialAction":[{"@type":"SearchAction","target":{"@type":"EntryPoint","urlTemplate":"https:\/\/www.suno.com.br\/noticias\/?s={search_term_string}"},"query-input":{"@type":"PropertyValueSpecification","valueRequired":true,"valueName":"search_term_string"}}],"inLanguage":"pt-BR"},{"@type":"Organization","@id":"https:\/\/www.suno.com.br\/noticias\/#organization","name":"Suno Not\u00edcias","url":"https:\/\/www.suno.com.br\/noticias\/","logo":{"@type":"ImageObject","inLanguage":"pt-BR","@id":"https:\/\/www.suno.com.br\/noticias\/#\/schema\/logo\/image\/","url":"https:\/\/files.sunoresearch.com.br\/n\/uploads\/2021\/09\/suno-logo.png","contentUrl":"https:\/\/files.sunoresearch.com.br\/n\/uploads\/2021\/09\/suno-logo.png","width":180,"height":180,"caption":"Suno Not\u00edcias"},"image":{"@id":"https:\/\/www.suno.com.br\/noticias\/#\/schema\/logo\/image\/"},"sameAs":["https:\/\/facebook.com\/sunoresearch","https:\/\/x.com\/sunoresearch","https:\/\/www.instagram.com\/suno","https:\/\/www.linkedin.com\/company\/suno-research\/","https:\/\/www.youtube.com\/c\/sunoresearch"]},{"@type":"Person","@id":"https:\/\/www.suno.com.br\/noticias\/#\/schema\/person\/053a750a709a263919a20f976caae91c","name":"Arthur Guimar\u00e3es","image":{"@type":"ImageObject","inLanguage":"pt-BR","@id":"https:\/\/www.suno.com.br\/noticias\/#\/schema\/person\/image\/","url":"https:\/\/secure.gravatar.com\/avatar\/1affd86a11209ae09eb6dd3bcad3e96c?s=96&r=g","contentUrl":"https:\/\/secure.gravatar.com\/avatar\/1affd86a11209ae09eb6dd3bcad3e96c?s=96&r=g","caption":"Arthur Guimar\u00e3es"},"description":"Arthur Guimar\u00e3es escreve sobre pol\u00edtica, economia e neg\u00f3cios para o portal de not\u00edcias da Suno Research. Atualmente, \u00e9 estudante de jornalismo pela Faculdade C\u00e1sper L\u00edbero.","url":"https:\/\/www.suno.com.br\/noticias\/author\/arthur-guimaraes\/"}]}},"default_loop_html":"<div class=\"cardsPage__listCard__boxs\"><div class=\"cardsPage__listCard__boxs__img\"><a href=\"https:\/\/www.suno.com.br\/noticias\/reserva-de-acoes-para-ipo-da-rede-dor-rdor3-teve-inicio-nesta-terca\/\"><img class=\"mask\" src=\"https:\/\/www.suno.com.br\/noticias\/wp-content\/themes\/suno\/resources\/images\/spotlight\/spotlight1img\/bg-mask.png\" alt=\"Image Mask\"\/><img src=\"https:\/\/files.sunoresearch.com.br\/n\/uploads\/2020\/10\/db6a5fa2-rede-dor-apresenta-pedido-de-registro-para-abertura-de-capital-400x200.webp\" alt=\"IPO da Rede D&#8217;Or (RDOR3): Reserva de a\u00e7\u00f5es teve in\u00edcio nesta ter\u00e7a\"\/><\/a><span class=\"spotlightCategory\"><a href=\"https:\/\/www.suno.com.br\/noticias\/mercado\/\">Mercado<\/a><\/span><\/div><div class=\"cardsPage__listCard__boxs__content\"><a href=\"https:\/\/www.suno.com.br\/noticias\/reserva-de-acoes-para-ipo-da-rede-dor-rdor3-teve-inicio-nesta-terca\/\"><h2 class=\"content__title\">IPO da Rede D&#8217;Or (RDOR3): Reserva de a\u00e7\u00f5es teve in\u00edcio nesta ter\u00e7a<\/h2><\/a><div class=\"newsContent__article__meta\"><div class=\"newsContent__article__meta__authorBox\"><a href=\"https:\/\/www.suno.com.br\/noticias\/author\/arthur-guimaraes\/\" class=\"authorBox__avatar noMobi\"><img src=\"https:\/\/files.sunoresearch.com.br\/n\/uploads\/2020\/02\/dfb40897-eu-150x150.webp\" alt=\"Arthur Guimar\u00e3es\"><\/a><div class=\"authorBox__name\"><span>por\n\t\t\t<a href=\"https:\/\/www.suno.com.br\/noticias\/author\/arthur-guimaraes\/\"><span itemprop=\"author\">Arthur Guimar\u00e3es<\/span><\/a><\/span><time datetime=\"2020-11-24T19:57:10-03:00\" itemprop=\"datePublished\">24\/11\/2020 19:57<\/time><\/div><\/div><\/div><\/div><\/div>","single_layout":"posts","amp_enabled":true,"_links":{"self":[{"href":"https:\/\/www.suno.com.br\/noticias\/wp-json\/wp\/v2\/posts\/102805"}],"collection":[{"href":"https:\/\/www.suno.com.br\/noticias\/wp-json\/wp\/v2\/posts"}],"about":[{"href":"https:\/\/www.suno.com.br\/noticias\/wp-json\/wp\/v2\/types\/post"}],"author":[{"embeddable":true,"href":"https:\/\/www.suno.com.br\/noticias\/wp-json\/wp\/v2\/users\/35"}],"replies":[{"embeddable":true,"href":"https:\/\/www.suno.com.br\/noticias\/wp-json\/wp\/v2\/comments?post=102805"}],"version-history":[{"count":0,"href":"https:\/\/www.suno.com.br\/noticias\/wp-json\/wp\/v2\/posts\/102805\/revisions"}],"wp:featuredmedia":[{"embeddable":true,"href":"https:\/\/www.suno.com.br\/noticias\/wp-json\/wp\/v2\/media\/90874"}],"wp:attachment":[{"href":"https:\/\/www.suno.com.br\/noticias\/wp-json\/wp\/v2\/media?parent=102805"}],"wp:term":[{"taxonomy":"category","embeddable":true,"href":"https:\/\/www.suno.com.br\/noticias\/wp-json\/wp\/v2\/categories?post=102805"},{"taxonomy":"post_tag","embeddable":true,"href":"https:\/\/www.suno.com.br\/noticias\/wp-json\/wp\/v2\/tags?post=102805"},{"taxonomy":"suno_strategy","embeddable":true,"href":"https:\/\/www.suno.com.br\/noticias\/wp-json\/wp\/v2\/suno_strategy?post=102805"}],"curies":[{"name":"wp","href":"https:\/\/api.w.org\/{rel}","templated":true}]}}