{"id":102802,"date":"2020-11-24T19:41:05","date_gmt":"2020-11-24T22:41:05","guid":{"rendered":"https:\/\/www.suno.com.br\/noticias\/?p=102802"},"modified":"2020-11-24T22:30:47","modified_gmt":"2020-11-25T01:30:47","slug":"banco-do-brasil-bbas3-anuncia-renuncia-do-vp-de-gestao-financeira-e-de-ri","status":"publish","type":"post","link":"https:\/\/www.suno.com.br\/noticias\/banco-do-brasil-bbas3-anuncia-renuncia-do-vp-de-gestao-financeira-e-de-ri\/","title":{"rendered":"Banco do Brasil (BBAS3) anuncia ren\u00fancia do VP de Gest\u00e3o Financeira e de RI"},"content":{"rendered":"<p>O <a href=\"https:\/\/www.suno.com.br\/acoes\/bbas3\/\"><strong>Banco do Brasil S.A<\/strong> (BBAS3)<\/a>\u00a0informou ao mercado nesta ter\u00e7a-feira (24) que o Vice-Presidente de Gest\u00e3o Financeira e de Rela\u00e7\u00f5es com Investidores, Carlos Hamilton Vasconcelos Ara\u00fajo, renunciou ao seu cargo hoje.<\/p>\t<div class=\"wrapper-featured-image\">\n\t\t<figure class=\"spotlightImg\">\n\n\t\t\t<picture>\n\t\t\t\t<source media=\"(max-width: 768px)\" srcset=\"https:\/\/files.sunoresearch.com.br\/n\/uploads\/2020\/11\/16da4bb8-banco-do-brasil-400x200.webp\">\n\t\t\t\t<img loading=\"lazy\" decoding=\"async\" class=\"newsContent__article__imgCapa lazyloadDisabled \" src=\"https:\/\/files.sunoresearch.com.br\/n\/uploads\/2020\/11\/16da4bb8-banco-do-brasil-jpeg.webp\" width=\"800\" height=\"450\" alt=\"Banco do Brasil (BBAS3) anuncia ren\u00fancia do VP de Gest\u00e3o Financeira e de RI\" fetchpriority=high \/>\n\t\t\t<\/picture>\n\n\t\t\t<figcaption class=\"wp-caption-text wp-caption-text--show\">o Conselho de Administra\u00e7\u00e3o do Banco do Brasil elegeu em reuni\u00e3o realizada nesta data, Carlos Jos\u00e9 da Costa Andr\u00e9 ao cargo. A posse est\u00e1 prevista para a pr\u00f3xima ter\u00e7a-feira (1).<\/figcaption>\n\t\t<\/figure>\n\t<\/div>\n\n\n\t<p>\n\t\t<a href=\"https:\/\/lp.suno.com.br\/planilha-controle-gastos\/\" target=\"_blank\" data-element=\"shortcode-suno-banner\" title=\"Banner SUNO, clique e saiba mais\">\n\t\t\t<picture>\n\t\t\t\t<source media=\"(max-width: 500px)\" srcset=\"https:\/\/files.sunoresearch.com.br\/n\/uploads\/2023\/03\/400x300-Planilha-controle-de-gastos.png\">\n\t\t\t\t<img class=\"newsContent__article__imgCapa newsContent__article__imgCapa--banner\"\n\t\t\t\t\tsrc=\"https:\/\/files.sunoresearch.com.br\/n\/uploads\/2023\/03\/1420x240-Planilha-controle-de-gastos.png\"\n\t\t\t\t\tdata-promo-id=\"101751\"\t\t\t\t\t\t\t\t\t\twidth='1420' height='240'\t\t\t\t\talt=\"https:\/\/files.sunoresearch.com.br\/n\/uploads\/2023\/03\/1420x240-Planilha-controle-de-gastos.png\"\n\t\t\t\t>\n\t\t\t<\/picture>\n\t\t<\/a>\n\t<\/p>\n\n\n<p>Diante da ren\u00fancia, o Conselho de Administra\u00e7\u00e3o do Banco do Brasil elegeu em reuni\u00e3o realizada nesta data, Carlos Jos\u00e9 da Costa Andr\u00e9 ao cargo. A posse est\u00e1 prevista para a pr\u00f3xima ter\u00e7a-feira (1).<\/p>\n<p>Carlos Andr\u00e9, eleito para assumir o cargo, \u00e9 graduado em Engenharia de Produ\u00e7\u00e3o pela Universidade Federal do Rio de Janeiro, com MBA em Finan\u00e7as pelo IBMEC e diversos cursos de especializa\u00e7\u00e3o em finan\u00e7as e mercado de capitais no Brasil e no exterior.<\/p>\n<p>O executivo \u00e9 funcion\u00e1rio de carreira do banco h\u00e1 37 anos, com mais de 25 anos de atua\u00e7\u00e3o em Mercado de Capitais, Finan\u00e7as e Asset Management. Entre dezembro de 2018 a novembro de 2020 foi Diretor Presidente da BB Gest\u00e3o de Recursos DTVM SA, gestora de recursos de terceiros do Banco do Brasil, onde tamb\u00e9m atuou como Diretor Executivo de Gest\u00e3o de Ativos de julho de 2009 a novembro de 2018.<br \/>\n\t<p>\n\t\t<a href=\"\" target=\"_blank\" data-element=\"shortcode-suno-banner\" title=\"Banner SUNO, clique e saiba mais\">\n\t\t\t<picture>\n\t\t\t\t<source media=\"(max-width: 500px)\" srcset=\"\">\n\t\t\t\t<img class=\"newsContent__article__imgCapa newsContent__article__imgCapa--banner\"\n\t\t\t\t\tsrc=\"\"\n\t\t\t\t\tdata-promo-id=\"102602\"\t\t\t\t\t\t\t\t\t\t\t\t\t\t\talt=\"\"\n\t\t\t\t>\n\t\t\t<\/picture>\n\t\t<\/a>\n\t<\/p>\n\n<br \/>\nAntes disso, atuou como Gerente Executivo nas Diretorias de Finan\u00e7as, Internacional e Mercado de Capitais. Tamb\u00e9m foi Managing Director da BB Securities Ltd. em Londres entre Maio de 2000 a Novembro de 2006. \u00c9 <strong>Vice-Presidente da ANBIMA<\/strong>, onde tamb\u00e9m atua como Vice-Presidente do Conselho de Autorregula\u00e7\u00e3o de Administra\u00e7\u00e3o de Recursos de Terceiros e como Presidente do F\u00f3rum de Gest\u00e3o de Fundos M\u00fatuos.<\/p>\n<p><a href=\"https:\/\/lp.suno.com.br\/suno-one\/\">Suno One: acesse gratuitamente eBooks, Minicursos, Artigos e Video Aulas sobre investimentos com um \u00fanico cadastro. Clique para saber mais!<\/a><\/p>\n<h2>Banco do Brasil tem lucro l\u00edquido de R$ 3,5 bi no 3T20; queda de 23,3%<\/h2>\n<p>O Banco do Brasil informou que teve um <a href=\"https:\/\/www.suno.com.br\/artigos\/lucro-ajustado\/\">lucro l\u00edquido ajustado<\/a> de R$ 3,5 bilh\u00f5es no terceiro trimestre deste ano. O resultado equivale a uma queda de 23,3% sobre o registrado no mesmo per\u00edodo do ano passado, mas um avan\u00e7o de 5,2% em compara\u00e7\u00e3o ao segundo trimestre deste ano.<\/p>\n\t<div data-element=\"shortcode-read-more\" class=\"knowMore\">\n\t\t\t\t<span class=\"knowMore__title\">Veja tamb\u00e9m<\/span>\n\t\t\t\t<a class=\"knowMore__link\" href=\"https:\/\/www.suno.com.br\/noticias\/banco-do-brasil-bbas3-parceria-investment-banking\/\">\n\t\t\tBanco do Brasil (BBAS3) e UBS formalizam parceria em investment banking\t\t<\/a>\n\t<\/div>\n\n\n<p>No comparativo do acumulado de nove meses, o banco apresentou um <strong>lucro l\u00edquido<\/strong> de R$ 10,2 bilh\u00f5es, um recuo de 22,9% sobre o registrado durante os nove primeiros meses de 2019. A Provis\u00e3o para Cr\u00e9ditos de Liquida\u00e7\u00e3o Duvidosa (PCLD) ficou em R$ 2 bilh\u00f5es neste trimestre.<\/p>\n<p>Segundo o <strong>Banco do Brasil<\/strong> , a provis\u00e3o foi 40,5% maior em compara\u00e7\u00e3o ao mesmo per\u00edodo do ano passado. Na compara\u00e7\u00e3o com o trimestre imediatamente anterior, o <a href=\"https:\/\/www.suno.com.br\/artigos\/provisao-para-devedores-duvidosos\/\">PDD<\/a> recuou 6,8%. No acumulado dos nove meses, as provis\u00f5es atingiram R$ 16,9 bilh\u00f5es neste ano, crescimento de 47,9% sobre o mesmo per\u00edodo do ano passado.<\/p>\n\t<p>\n\t\t<a href=\"https:\/\/lp.suno.com.br\/planilha-de-controle-de-investimentos\/\" target=\"_blank\" data-element=\"shortcode-suno-banner\" title=\"Banner SUNO, clique e saiba mais\">\n\t\t\t<picture>\n\t\t\t\t<source media=\"(max-width: 500px)\" srcset=\"https:\/\/files.sunoresearch.com.br\/n\/uploads\/2023\/03\/400x300-Controle-de-Investimentos.png\">\n\t\t\t\t<img class=\"newsContent__article__imgCapa newsContent__article__imgCapa--banner\"\n\t\t\t\t\tsrc=\"https:\/\/files.sunoresearch.com.br\/n\/uploads\/2023\/03\/1420x240-Controle-de-Investimentos.png\"\n\t\t\t\t\tdata-promo-id=\"75934\"\t\t\t\t\t\t\t\t\t\twidth='1420' height='240'\t\t\t\t\talt=\"https:\/\/files.sunoresearch.com.br\/n\/uploads\/2023\/03\/1420x240-Controle-de-Investimentos.png\"\n\t\t\t\t>\n\t\t\t<\/picture>\n\t\t<\/a>\n\t<\/p>\n\n\n<p>&nbsp;<\/p>\n","protected":false},"excerpt":{"rendered":"<p>O Banco do Brasil S.A (BBAS3)\u00a0informou ao mercado nesta ter\u00e7a-feira (24) que o Vice-Presidente de Gest\u00e3o Financeira e de Rela\u00e7\u00f5es com Investidores, Carlos Hamilton Vasconcelos Ara\u00fajo, renunciou ao seu cargo hoje. o Conselho de Administra\u00e7\u00e3o do Banco do Brasil elegeu em reuni\u00e3o realizada nesta data, Carlos Jos\u00e9 da Costa Andr\u00e9 ao cargo. A posse est\u00e1 [&hellip;]<\/p>\n","protected":false},"author":56,"featured_media":102808,"comment_status":"closed","ping_status":"closed","sticky":false,"template":"","format":"standard","meta":[],"categories":[64],"tags":[732],"suno_strategy":[],"class_list":["post-102802","post","type-post","status-publish","format-standard","has-post-thumbnail","hentry","category-negocios","tag-banco-do-brasil-bbas3"],"yoast_head":"<!-- This site is optimized with the Yoast SEO plugin v24.4 - https:\/\/yoast.com\/wordpress\/plugins\/seo\/ -->\n<title>Banco do Brasil anuncia ren\u00fancia do VP de Gest\u00e3o Financeira e de RI<\/title>\n<meta name=\"description\" content=\"O Conselho de Administra\u00e7\u00e3o do Banco do Brasil elegeu Carlos Jos\u00e9 da Costa Andr\u00e9 ao cargo. Clique aqui para saber mais.\" \/>\n<meta name=\"robots\" content=\"index, follow, max-snippet:-1, max-image-preview:large, max-video-preview:-1\" \/>\n<link rel=\"canonical\" href=\"https:\/\/www.suno.com.br\/noticias\/banco-do-brasil-bbas3-anuncia-renuncia-do-vp-de-gestao-financeira-e-de-ri\/\" \/>\n<meta property=\"og:locale\" content=\"pt_BR\" \/>\n<meta property=\"og:type\" content=\"article\" \/>\n<meta property=\"og:title\" content=\"Banco do Brasil anuncia ren\u00fancia do VP de Gest\u00e3o Financeira e de RI\" \/>\n<meta property=\"og:description\" content=\"O Conselho de Administra\u00e7\u00e3o do Banco do Brasil elegeu Carlos Jos\u00e9 da Costa Andr\u00e9 ao cargo. Clique aqui para saber mais.\" \/>\n<meta property=\"og:url\" content=\"https:\/\/www.suno.com.br\/noticias\/banco-do-brasil-bbas3-anuncia-renuncia-do-vp-de-gestao-financeira-e-de-ri\/\" \/>\n<meta property=\"og:site_name\" content=\"Suno Not\u00edcias\" \/>\n<meta property=\"article:publisher\" content=\"https:\/\/facebook.com\/sunoresearch\" \/>\n<meta property=\"og:image\" content=\"https:\/\/files.sunoresearch.com.br\/n\/uploads\/2020\/11\/16da4bb8-banco-do-brasil.jpeg\" \/>\n\t<meta property=\"og:image:width\" content=\"620\" \/>\n\t<meta property=\"og:image:height\" content=\"413\" \/>\n\t<meta property=\"og:image:type\" content=\"image\/jpeg\" \/>\n<meta name=\"author\" content=\"Rafaela La Regina\" \/>\n<meta name=\"twitter:card\" content=\"summary_large_image\" \/>\n<meta name=\"twitter:creator\" content=\"@sunoresearch\" \/>\n<meta name=\"twitter:site\" content=\"@sunoresearch\" \/>\n<meta name=\"twitter:label1\" content=\"Escrito por\" \/>\n\t<meta name=\"twitter:data1\" content=\"Rafaela La Regina\" \/>\n\t<meta name=\"twitter:label2\" content=\"Est. tempo de leitura\" \/>\n\t<meta name=\"twitter:data2\" content=\"2 minutos\" \/>\n<script type=\"application\/ld+json\" class=\"yoast-schema-graph\">{\"@context\":\"https:\/\/schema.org\",\"@graph\":[{\"@type\":\"NewsArticle\",\"@id\":\"https:\/\/www.suno.com.br\/noticias\/banco-do-brasil-bbas3-anuncia-renuncia-do-vp-de-gestao-financeira-e-de-ri\/#article\",\"isPartOf\":{\"@id\":\"https:\/\/www.suno.com.br\/noticias\/banco-do-brasil-bbas3-anuncia-renuncia-do-vp-de-gestao-financeira-e-de-ri\/\"},\"author\":{\"name\":\"Rafaela La Regina\",\"@id\":\"https:\/\/www.suno.com.br\/noticias\/#\/schema\/person\/e672ca8cea627fe715fa29bca7da95e0\"},\"headline\":\"Banco do Brasil (BBAS3) anuncia ren\u00fancia do VP de Gest\u00e3o Financeira e de RI\",\"datePublished\":\"2020-11-24T22:41:05+00:00\",\"dateModified\":\"2020-11-25T01:30:47+00:00\",\"mainEntityOfPage\":{\"@id\":\"https:\/\/www.suno.com.br\/noticias\/banco-do-brasil-bbas3-anuncia-renuncia-do-vp-de-gestao-financeira-e-de-ri\/\"},\"wordCount\":477,\"publisher\":{\"@id\":\"https:\/\/www.suno.com.br\/noticias\/#organization\"},\"image\":{\"@id\":\"https:\/\/www.suno.com.br\/noticias\/banco-do-brasil-bbas3-anuncia-renuncia-do-vp-de-gestao-financeira-e-de-ri\/#primaryimage\"},\"thumbnailUrl\":\"https:\/\/files.sunoresearch.com.br\/n\/uploads\/2020\/11\/16da4bb8-banco-do-brasil-jpeg.webp\",\"keywords\":[\"Banco do Brasil (BBAS3)\"],\"articleSection\":[\"Neg\u00f3cios\"],\"inLanguage\":\"pt-BR\"},{\"@type\":\"WebPage\",\"@id\":\"https:\/\/www.suno.com.br\/noticias\/banco-do-brasil-bbas3-anuncia-renuncia-do-vp-de-gestao-financeira-e-de-ri\/\",\"url\":\"https:\/\/www.suno.com.br\/noticias\/banco-do-brasil-bbas3-anuncia-renuncia-do-vp-de-gestao-financeira-e-de-ri\/\",\"name\":\"Banco do Brasil anuncia ren\u00fancia do VP de Gest\u00e3o Financeira e de RI\",\"isPartOf\":{\"@id\":\"https:\/\/www.suno.com.br\/noticias\/#website\"},\"primaryImageOfPage\":{\"@id\":\"https:\/\/www.suno.com.br\/noticias\/banco-do-brasil-bbas3-anuncia-renuncia-do-vp-de-gestao-financeira-e-de-ri\/#primaryimage\"},\"image\":{\"@id\":\"https:\/\/www.suno.com.br\/noticias\/banco-do-brasil-bbas3-anuncia-renuncia-do-vp-de-gestao-financeira-e-de-ri\/#primaryimage\"},\"thumbnailUrl\":\"https:\/\/files.sunoresearch.com.br\/n\/uploads\/2020\/11\/16da4bb8-banco-do-brasil-jpeg.webp\",\"datePublished\":\"2020-11-24T22:41:05+00:00\",\"dateModified\":\"2020-11-25T01:30:47+00:00\",\"description\":\"O Conselho de Administra\u00e7\u00e3o do Banco do Brasil elegeu Carlos Jos\u00e9 da Costa Andr\u00e9 ao cargo. Clique aqui para saber mais.\",\"breadcrumb\":{\"@id\":\"https:\/\/www.suno.com.br\/noticias\/banco-do-brasil-bbas3-anuncia-renuncia-do-vp-de-gestao-financeira-e-de-ri\/#breadcrumb\"},\"inLanguage\":\"pt-BR\",\"potentialAction\":[{\"@type\":\"ReadAction\",\"target\":[\"https:\/\/www.suno.com.br\/noticias\/banco-do-brasil-bbas3-anuncia-renuncia-do-vp-de-gestao-financeira-e-de-ri\/\"]}]},{\"@type\":\"ImageObject\",\"inLanguage\":\"pt-BR\",\"@id\":\"https:\/\/www.suno.com.br\/noticias\/banco-do-brasil-bbas3-anuncia-renuncia-do-vp-de-gestao-financeira-e-de-ri\/#primaryimage\",\"url\":\"https:\/\/files.sunoresearch.com.br\/n\/uploads\/2020\/11\/16da4bb8-banco-do-brasil-jpeg.webp\",\"contentUrl\":\"https:\/\/files.sunoresearch.com.br\/n\/uploads\/2020\/11\/16da4bb8-banco-do-brasil-jpeg.webp\",\"width\":620,\"height\":413,\"caption\":\"o Conselho de Administra\u00e7\u00e3o do Banco do Brasil elegeu em reuni\u00e3o realizada nesta data, Carlos Jos\u00e9 da Costa Andr\u00e9 ao cargo. A posse est\u00e1 prevista para a pr\u00f3xima ter\u00e7a-feira (1).\"},{\"@type\":\"BreadcrumbList\",\"@id\":\"https:\/\/www.suno.com.br\/noticias\/banco-do-brasil-bbas3-anuncia-renuncia-do-vp-de-gestao-financeira-e-de-ri\/#breadcrumb\",\"itemListElement\":[{\"@type\":\"ListItem\",\"position\":1,\"name\":\"Not\u00edcias\",\"item\":\"https:\/\/www.suno.com.br\/noticias\/\"},{\"@type\":\"ListItem\",\"position\":2,\"name\":\"Neg\u00f3cios\",\"item\":\"https:\/\/www.suno.com.br\/noticias\/negocios\/\"},{\"@type\":\"ListItem\",\"position\":3,\"name\":\"Banco do Brasil (BBAS3) anuncia ren\u00fancia do VP de Gest\u00e3o Financeira e de RI\"}]},{\"@type\":\"WebSite\",\"@id\":\"https:\/\/www.suno.com.br\/noticias\/#website\",\"url\":\"https:\/\/www.suno.com.br\/noticias\/\",\"name\":\"Suno Not\u00edcias\",\"description\":\"Seu portal de informa\u00e7\u00e3o sobre o mundo dos investimentos\",\"publisher\":{\"@id\":\"https:\/\/www.suno.com.br\/noticias\/#organization\"},\"potentialAction\":[{\"@type\":\"SearchAction\",\"target\":{\"@type\":\"EntryPoint\",\"urlTemplate\":\"https:\/\/www.suno.com.br\/noticias\/?s={search_term_string}\"},\"query-input\":{\"@type\":\"PropertyValueSpecification\",\"valueRequired\":true,\"valueName\":\"search_term_string\"}}],\"inLanguage\":\"pt-BR\"},{\"@type\":\"Organization\",\"@id\":\"https:\/\/www.suno.com.br\/noticias\/#organization\",\"name\":\"Suno Not\u00edcias\",\"url\":\"https:\/\/www.suno.com.br\/noticias\/\",\"logo\":{\"@type\":\"ImageObject\",\"inLanguage\":\"pt-BR\",\"@id\":\"https:\/\/www.suno.com.br\/noticias\/#\/schema\/logo\/image\/\",\"url\":\"https:\/\/files.sunoresearch.com.br\/n\/uploads\/2021\/09\/suno-logo.png\",\"contentUrl\":\"https:\/\/files.sunoresearch.com.br\/n\/uploads\/2021\/09\/suno-logo.png\",\"width\":180,\"height\":180,\"caption\":\"Suno Not\u00edcias\"},\"image\":{\"@id\":\"https:\/\/www.suno.com.br\/noticias\/#\/schema\/logo\/image\/\"},\"sameAs\":[\"https:\/\/facebook.com\/sunoresearch\",\"https:\/\/x.com\/sunoresearch\",\"https:\/\/www.instagram.com\/suno\",\"https:\/\/www.linkedin.com\/company\/suno-research\/\",\"https:\/\/www.youtube.com\/c\/sunoresearch\"]},{\"@type\":\"Person\",\"@id\":\"https:\/\/www.suno.com.br\/noticias\/#\/schema\/person\/e672ca8cea627fe715fa29bca7da95e0\",\"name\":\"Rafaela La Regina\",\"image\":{\"@type\":\"ImageObject\",\"inLanguage\":\"pt-BR\",\"@id\":\"https:\/\/www.suno.com.br\/noticias\/#\/schema\/person\/image\/\",\"url\":\"https:\/\/secure.gravatar.com\/avatar\/d2c75a52d243deb93d0465fdcb21bd37?s=96&r=g\",\"contentUrl\":\"https:\/\/secure.gravatar.com\/avatar\/d2c75a52d243deb93d0465fdcb21bd37?s=96&r=g\",\"caption\":\"Rafaela La Regina\"},\"description\":\"Estagi\u00e1ria no Suno Not\u00edcias. Escreve sobre economia, pol\u00edtica e neg\u00f3cios. Estuda Rela\u00e7\u00f5es Internacionais no IBMEC-SP.\",\"url\":\"https:\/\/www.suno.com.br\/noticias\/author\/rafaela-la-regina\/\"}]}<\/script>\n<!-- \/ Yoast SEO plugin. -->","yoast_head_json":{"title":"Banco do Brasil anuncia ren\u00fancia do VP de Gest\u00e3o Financeira e de RI","description":"O Conselho de Administra\u00e7\u00e3o do Banco do Brasil elegeu Carlos Jos\u00e9 da Costa Andr\u00e9 ao cargo. Clique aqui para saber mais.","robots":{"index":"index","follow":"follow","max-snippet":"max-snippet:-1","max-image-preview":"max-image-preview:large","max-video-preview":"max-video-preview:-1"},"canonical":"https:\/\/www.suno.com.br\/noticias\/banco-do-brasil-bbas3-anuncia-renuncia-do-vp-de-gestao-financeira-e-de-ri\/","og_locale":"pt_BR","og_type":"article","og_title":"Banco do Brasil anuncia ren\u00fancia do VP de Gest\u00e3o Financeira e de RI","og_description":"O Conselho de Administra\u00e7\u00e3o do Banco do Brasil elegeu Carlos Jos\u00e9 da Costa Andr\u00e9 ao cargo. Clique aqui para saber mais.","og_url":"https:\/\/www.suno.com.br\/noticias\/banco-do-brasil-bbas3-anuncia-renuncia-do-vp-de-gestao-financeira-e-de-ri\/","og_site_name":"Suno Not\u00edcias","article_publisher":"https:\/\/facebook.com\/sunoresearch","og_image":[{"width":620,"height":413,"url":"https:\/\/files.sunoresearch.com.br\/n\/uploads\/2020\/11\/16da4bb8-banco-do-brasil.jpeg","type":"image\/jpeg"}],"author":"Rafaela La Regina","twitter_card":"summary_large_image","twitter_creator":"@sunoresearch","twitter_site":"@sunoresearch","twitter_misc":{"Escrito por":"Rafaela La Regina","Est. tempo de leitura":"2 minutos"},"schema":{"@context":"https:\/\/schema.org","@graph":[{"@type":"NewsArticle","@id":"https:\/\/www.suno.com.br\/noticias\/banco-do-brasil-bbas3-anuncia-renuncia-do-vp-de-gestao-financeira-e-de-ri\/#article","isPartOf":{"@id":"https:\/\/www.suno.com.br\/noticias\/banco-do-brasil-bbas3-anuncia-renuncia-do-vp-de-gestao-financeira-e-de-ri\/"},"author":{"name":"Rafaela La Regina","@id":"https:\/\/www.suno.com.br\/noticias\/#\/schema\/person\/e672ca8cea627fe715fa29bca7da95e0"},"headline":"Banco do Brasil (BBAS3) anuncia ren\u00fancia do VP de Gest\u00e3o Financeira e de RI","datePublished":"2020-11-24T22:41:05+00:00","dateModified":"2020-11-25T01:30:47+00:00","mainEntityOfPage":{"@id":"https:\/\/www.suno.com.br\/noticias\/banco-do-brasil-bbas3-anuncia-renuncia-do-vp-de-gestao-financeira-e-de-ri\/"},"wordCount":477,"publisher":{"@id":"https:\/\/www.suno.com.br\/noticias\/#organization"},"image":{"@id":"https:\/\/www.suno.com.br\/noticias\/banco-do-brasil-bbas3-anuncia-renuncia-do-vp-de-gestao-financeira-e-de-ri\/#primaryimage"},"thumbnailUrl":"https:\/\/files.sunoresearch.com.br\/n\/uploads\/2020\/11\/16da4bb8-banco-do-brasil-jpeg.webp","keywords":["Banco do Brasil (BBAS3)"],"articleSection":["Neg\u00f3cios"],"inLanguage":"pt-BR"},{"@type":"WebPage","@id":"https:\/\/www.suno.com.br\/noticias\/banco-do-brasil-bbas3-anuncia-renuncia-do-vp-de-gestao-financeira-e-de-ri\/","url":"https:\/\/www.suno.com.br\/noticias\/banco-do-brasil-bbas3-anuncia-renuncia-do-vp-de-gestao-financeira-e-de-ri\/","name":"Banco do Brasil anuncia ren\u00fancia do VP de Gest\u00e3o Financeira e de RI","isPartOf":{"@id":"https:\/\/www.suno.com.br\/noticias\/#website"},"primaryImageOfPage":{"@id":"https:\/\/www.suno.com.br\/noticias\/banco-do-brasil-bbas3-anuncia-renuncia-do-vp-de-gestao-financeira-e-de-ri\/#primaryimage"},"image":{"@id":"https:\/\/www.suno.com.br\/noticias\/banco-do-brasil-bbas3-anuncia-renuncia-do-vp-de-gestao-financeira-e-de-ri\/#primaryimage"},"thumbnailUrl":"https:\/\/files.sunoresearch.com.br\/n\/uploads\/2020\/11\/16da4bb8-banco-do-brasil-jpeg.webp","datePublished":"2020-11-24T22:41:05+00:00","dateModified":"2020-11-25T01:30:47+00:00","description":"O Conselho de Administra\u00e7\u00e3o do Banco do Brasil elegeu Carlos Jos\u00e9 da Costa Andr\u00e9 ao cargo. Clique aqui para saber mais.","breadcrumb":{"@id":"https:\/\/www.suno.com.br\/noticias\/banco-do-brasil-bbas3-anuncia-renuncia-do-vp-de-gestao-financeira-e-de-ri\/#breadcrumb"},"inLanguage":"pt-BR","potentialAction":[{"@type":"ReadAction","target":["https:\/\/www.suno.com.br\/noticias\/banco-do-brasil-bbas3-anuncia-renuncia-do-vp-de-gestao-financeira-e-de-ri\/"]}]},{"@type":"ImageObject","inLanguage":"pt-BR","@id":"https:\/\/www.suno.com.br\/noticias\/banco-do-brasil-bbas3-anuncia-renuncia-do-vp-de-gestao-financeira-e-de-ri\/#primaryimage","url":"https:\/\/files.sunoresearch.com.br\/n\/uploads\/2020\/11\/16da4bb8-banco-do-brasil-jpeg.webp","contentUrl":"https:\/\/files.sunoresearch.com.br\/n\/uploads\/2020\/11\/16da4bb8-banco-do-brasil-jpeg.webp","width":620,"height":413,"caption":"o Conselho de Administra\u00e7\u00e3o do Banco do Brasil elegeu em reuni\u00e3o realizada nesta data, Carlos Jos\u00e9 da Costa Andr\u00e9 ao cargo. A posse est\u00e1 prevista para a pr\u00f3xima ter\u00e7a-feira (1)."},{"@type":"BreadcrumbList","@id":"https:\/\/www.suno.com.br\/noticias\/banco-do-brasil-bbas3-anuncia-renuncia-do-vp-de-gestao-financeira-e-de-ri\/#breadcrumb","itemListElement":[{"@type":"ListItem","position":1,"name":"Not\u00edcias","item":"https:\/\/www.suno.com.br\/noticias\/"},{"@type":"ListItem","position":2,"name":"Neg\u00f3cios","item":"https:\/\/www.suno.com.br\/noticias\/negocios\/"},{"@type":"ListItem","position":3,"name":"Banco do Brasil (BBAS3) anuncia ren\u00fancia do VP de Gest\u00e3o Financeira e de RI"}]},{"@type":"WebSite","@id":"https:\/\/www.suno.com.br\/noticias\/#website","url":"https:\/\/www.suno.com.br\/noticias\/","name":"Suno Not\u00edcias","description":"Seu portal de informa\u00e7\u00e3o sobre o mundo dos investimentos","publisher":{"@id":"https:\/\/www.suno.com.br\/noticias\/#organization"},"potentialAction":[{"@type":"SearchAction","target":{"@type":"EntryPoint","urlTemplate":"https:\/\/www.suno.com.br\/noticias\/?s={search_term_string}"},"query-input":{"@type":"PropertyValueSpecification","valueRequired":true,"valueName":"search_term_string"}}],"inLanguage":"pt-BR"},{"@type":"Organization","@id":"https:\/\/www.suno.com.br\/noticias\/#organization","name":"Suno Not\u00edcias","url":"https:\/\/www.suno.com.br\/noticias\/","logo":{"@type":"ImageObject","inLanguage":"pt-BR","@id":"https:\/\/www.suno.com.br\/noticias\/#\/schema\/logo\/image\/","url":"https:\/\/files.sunoresearch.com.br\/n\/uploads\/2021\/09\/suno-logo.png","contentUrl":"https:\/\/files.sunoresearch.com.br\/n\/uploads\/2021\/09\/suno-logo.png","width":180,"height":180,"caption":"Suno Not\u00edcias"},"image":{"@id":"https:\/\/www.suno.com.br\/noticias\/#\/schema\/logo\/image\/"},"sameAs":["https:\/\/facebook.com\/sunoresearch","https:\/\/x.com\/sunoresearch","https:\/\/www.instagram.com\/suno","https:\/\/www.linkedin.com\/company\/suno-research\/","https:\/\/www.youtube.com\/c\/sunoresearch"]},{"@type":"Person","@id":"https:\/\/www.suno.com.br\/noticias\/#\/schema\/person\/e672ca8cea627fe715fa29bca7da95e0","name":"Rafaela La Regina","image":{"@type":"ImageObject","inLanguage":"pt-BR","@id":"https:\/\/www.suno.com.br\/noticias\/#\/schema\/person\/image\/","url":"https:\/\/secure.gravatar.com\/avatar\/d2c75a52d243deb93d0465fdcb21bd37?s=96&r=g","contentUrl":"https:\/\/secure.gravatar.com\/avatar\/d2c75a52d243deb93d0465fdcb21bd37?s=96&r=g","caption":"Rafaela La Regina"},"description":"Estagi\u00e1ria no Suno Not\u00edcias. Escreve sobre economia, pol\u00edtica e neg\u00f3cios. Estuda Rela\u00e7\u00f5es Internacionais no IBMEC-SP.","url":"https:\/\/www.suno.com.br\/noticias\/author\/rafaela-la-regina\/"}]}},"default_loop_html":"<div class=\"cardsPage__listCard__boxs\"><div class=\"cardsPage__listCard__boxs__img\"><a href=\"https:\/\/www.suno.com.br\/noticias\/banco-do-brasil-bbas3-anuncia-renuncia-do-vp-de-gestao-financeira-e-de-ri\/\"><img class=\"mask\" src=\"https:\/\/www.suno.com.br\/noticias\/wp-content\/themes\/suno\/resources\/images\/spotlight\/spotlight1img\/bg-mask.png\" alt=\"Image Mask\"\/><img src=\"https:\/\/files.sunoresearch.com.br\/n\/uploads\/2020\/11\/16da4bb8-banco-do-brasil-400x200.webp\" alt=\"Banco do Brasil (BBAS3) anuncia ren\u00fancia do VP de Gest\u00e3o Financeira e de RI\"\/><\/a><span class=\"spotlightCategory\"><a href=\"https:\/\/www.suno.com.br\/noticias\/negocios\/\">Neg\u00f3cios<\/a><\/span><\/div><div class=\"cardsPage__listCard__boxs__content\"><a href=\"https:\/\/www.suno.com.br\/noticias\/banco-do-brasil-bbas3-anuncia-renuncia-do-vp-de-gestao-financeira-e-de-ri\/\"><h2 class=\"content__title\">Banco do Brasil (BBAS3) anuncia ren\u00fancia do VP de Gest\u00e3o Financeira e de RI<\/h2><\/a><div class=\"newsContent__article__meta\"><div class=\"newsContent__article__meta__authorBox\"><a href=\"https:\/\/www.suno.com.br\/noticias\/author\/rafaela-la-regina\/\" class=\"authorBox__avatar noMobi\"><img src=\"https:\/\/secure.gravatar.com\/avatar\/d2c75a52d243deb93d0465fdcb21bd37?s=96&#038;r=g\" alt=\"Rafaela La Regina\"><\/a><div class=\"authorBox__name\"><span>por\n\t\t\t<a href=\"https:\/\/www.suno.com.br\/noticias\/author\/rafaela-la-regina\/\"><span itemprop=\"author\">Rafaela La Regina<\/span><\/a><\/span><time datetime=\"2020-11-24T19:41:05-03:00\" itemprop=\"datePublished\">24\/11\/2020 19:41<\/time><\/div><\/div><\/div><\/div><\/div>","single_layout":"posts","amp_enabled":true,"_links":{"self":[{"href":"https:\/\/www.suno.com.br\/noticias\/wp-json\/wp\/v2\/posts\/102802"}],"collection":[{"href":"https:\/\/www.suno.com.br\/noticias\/wp-json\/wp\/v2\/posts"}],"about":[{"href":"https:\/\/www.suno.com.br\/noticias\/wp-json\/wp\/v2\/types\/post"}],"author":[{"embeddable":true,"href":"https:\/\/www.suno.com.br\/noticias\/wp-json\/wp\/v2\/users\/56"}],"replies":[{"embeddable":true,"href":"https:\/\/www.suno.com.br\/noticias\/wp-json\/wp\/v2\/comments?post=102802"}],"version-history":[{"count":0,"href":"https:\/\/www.suno.com.br\/noticias\/wp-json\/wp\/v2\/posts\/102802\/revisions"}],"wp:featuredmedia":[{"embeddable":true,"href":"https:\/\/www.suno.com.br\/noticias\/wp-json\/wp\/v2\/media\/102808"}],"wp:attachment":[{"href":"https:\/\/www.suno.com.br\/noticias\/wp-json\/wp\/v2\/media?parent=102802"}],"wp:term":[{"taxonomy":"category","embeddable":true,"href":"https:\/\/www.suno.com.br\/noticias\/wp-json\/wp\/v2\/categories?post=102802"},{"taxonomy":"post_tag","embeddable":true,"href":"https:\/\/www.suno.com.br\/noticias\/wp-json\/wp\/v2\/tags?post=102802"},{"taxonomy":"suno_strategy","embeddable":true,"href":"https:\/\/www.suno.com.br\/noticias\/wp-json\/wp\/v2\/suno_strategy?post=102802"}],"curies":[{"name":"wp","href":"https:\/\/api.w.org\/{rel}","templated":true}]}}