{"id":10278,"date":"2019-01-04T08:54:53","date_gmt":"2019-01-04T10:54:53","guid":{"rendered":"https:\/\/www.suno.com.br\/noticias\/?p=10278"},"modified":"2019-01-04T11:16:55","modified_gmt":"2019-01-04T13:16:55","slug":"paulo-guedes-aliquota-ir","status":"publish","type":"post","link":"https:\/\/www.suno.com.br\/noticias\/paulo-guedes-aliquota-ir\/","title":{"rendered":"Equipe de Paulo Guedes estuda al\u00edquota de 25% para mais ricos no IR"},"content":{"rendered":"<p>A equipe do ministro da Economia Paulo Guedes desenvolve um projeto de reforma do <a href=\"https:\/\/www.suno.com.br\/artigos\/imposto-de-renda-guia\/\">Imposto de Renda<\/a> (IR), que almeja fixar al\u00edquota de 25% para aqueles com rendas maiores. O objetivo da reforma \u00e9 conter o avan\u00e7o da desigualdade de renda.<\/p>\t<div class=\"wrapper-featured-image\">\n\t\t<figure class=\"spotlightImg\">\n\n\t\t\t<picture>\n\t\t\t\t<source media=\"(max-width: 768px)\" srcset=\"https:\/\/files.sunoresearch.com.br\/n\/uploads\/2019\/01\/80f1998a-paulo-guedes-400x200.webp\">\n\t\t\t\t<img loading=\"lazy\" decoding=\"async\" class=\"newsContent__article__imgCapa lazyloadDisabled newsContent__article__imgCapa--noCaption\" src=\"https:\/\/files.sunoresearch.com.br\/n\/uploads\/2019\/01\/80f1998a-paulo-guedes-800x450.webp\" width=\"800\" height=\"450\" alt=\"Equipe de Paulo Guedes estuda al\u00edquota de 25% para mais ricos no IR\" fetchpriority=high \/>\n\t\t\t<\/picture>\n\n\t\t\t<figcaption class=\"wp-caption-text wp-caption-text--hide\">Paulo Guedes: BC pode emitir moeda em caso de depress\u00e3o econ\u00f4mica<\/figcaption>\n\t\t<\/figure>\n\t<\/div>\n\n\n<p>Segundo o jornal O Globo, a equipe de Paulo Guedes estuda a redu\u00e7\u00e3o do n\u00famero de al\u00edquotas pagas por pessoas f\u00edsicas. Hoje em dia, s\u00e3o cinco faixas que variam de acordo com o n\u00edvel de renda.<\/p>\n<p>Assim, o intuito \u00e9 fixar uma <strong>al\u00edquota<\/strong> principal de 15% ou 20% para a maioria dos contribuintes, enquanto um percentual mais elevado, possivelmente de 25%, seria atribu\u00eddo \u00e0queles com maiores rendas.<\/p>\n<p>Na pr\u00e1tica, haveria redu\u00e7\u00e3o do teto, visto que atualmente os contribuintes de maior renda, a partir de R$ 4.664,68, pagam al\u00edquota de 27,5%.<\/p>\n<p><a href=\"https:\/\/www.suno.com.br\/noticias\/reducao-imposto-renda\/\">Saiba mais &#8211;\u00a0Marcos Cintra defende redu\u00e7\u00e3o de al\u00edquotas do Imposto de Renda\u00a0<\/a><\/p>\n<p>Paralelamente, haveria tamb\u00e9m uma faixa de isen\u00e7\u00e3o maior. No presente, a isen\u00e7\u00e3o \u00e9 v\u00e1lida para rendas de at\u00e9 R$ 1.903,98.<\/p>\n<h2>Revis\u00e3o do sistema de dedu\u00e7\u00f5es do IR<\/h2>\n<p>As dedu\u00e7\u00f5es englobam, por exemplo, gastos com sa\u00fade, educa\u00e7\u00e3o e empregados dom\u00e9sticos. Isto gera uma s\u00e9rie de descontos no momento de acertar as contas do <strong>IR<\/strong>.<\/p>\n<p>Assim, os t\u00e9cnicos avaliam uma revis\u00e3o do sistema de dedu\u00e7\u00f5es do IR como parte da reforma. J\u00e1 possuem um documento deixado pela equipe do ex-ministro da Fazenda Eduardo Guardia, que argumenta em favor de mudan\u00e7as no sistema atual.<\/p>\n<p>De acordo com o documento, o sistema de dedu\u00e7\u00f5es em vigor resulta em preju\u00edzos para os cofres p\u00fablicos e provoca aumento da concentra\u00e7\u00e3o de renda.<\/p>\n<p>As dedu\u00e7\u00f5es com sa\u00fade e educa\u00e7\u00e3o na declara\u00e7\u00e3o do <strong>IR<\/strong>, por exemplo, totalizar\u00e3o R$ 20 bilh\u00f5es a menos nos cofres p\u00fablicos em 2019.<\/p>\n<p>A situa\u00e7\u00e3o do sistema de dedu\u00e7\u00f5es reflete no coeficiente de Gini, um dos principais indicadores mundiais de desigualdade de renda num pa\u00eds. Cerca de 0,5% da piora do \u00edndice \u00e9 atribu\u00eddo a tal situa\u00e7\u00e3o, conforme o documento.<\/p>\n<p>Os t\u00e9cnicos do governo do ex-presidente da Rep\u00fablica Michel Temer estabeleceram que o processo atual beneficia contribuintes mais ricos, que possuem despesas com escola particular e sa\u00fade privada para abater.<\/p>\n<p><a href=\"https:\/\/www.suno.com.br\/noticias\/paulo-guedes-mercado-credito-desestatizado\/\">Saiba mais &#8211;\u00a0Paulo Guedes: mercado do cr\u00e9dito ser\u00e1 \u201cdesestatizado\u201d\u00a0<\/a><\/p>\n<h2>Tabela<\/h2>\n<p>Apesar dos projetos, estudos detalhados referentes \u00e0 reforma do IR ainda n\u00e3o foram iniciados.<\/p>\n<p>Durante a campanha eleitoral, o grupo de Paulo Guedes prop\u00f4s a cria\u00e7\u00e3o de um sistema de <strong>al\u00edquota<\/strong> \u00fanica para substituir o modelo atual, que possui cinco faixas de tributa\u00e7\u00e3o variando entre zero e 27,5%.<\/p>\n<p>Todavia, possibilidades mais vi\u00e1veis destacam-se, como a aplica\u00e7\u00e3o da al\u00edquota mais alta sendo cobrada dos 3% com maior renda da popula\u00e7\u00e3o.<\/p>\n<p>Em conformidade com a Receita Federal, que realizou um estudo baseado nas declara\u00e7\u00f5es do <strong>IR<\/strong> apresentadas em 2017, os 3% seriam correspondentes a um total pr\u00f3ximo de 840 mil contribuintes.<\/p>\n<p>Esta parcela da popula\u00e7\u00e3o recebe R$ 300 mil por ano, ou R$ 25 mil por m\u00eas, contabilizando tamb\u00e9m rendimentos do trabalho e dividendos.<\/p>\n<p><a href=\"https:\/\/www.suno.com.br\/noticias\/paulo-guedes-economia-pautas\/\">Saiba mais &#8211; Paulo Guedes: confira as principais pautas do novo ministro da Economia<\/a><\/p>\n<p>Desta forma, como a tabela seria progressiva (progress\u00e3o prevista na Constitui\u00e7\u00e3o) a al\u00edquota maior seria aplicada apenas sobre a parcela da renda que ultrapassasse esse limite.<\/p>\n<p>Em dire\u00e7\u00e3o semelhante, a unifica\u00e7\u00e3o de regras para o IR e a tributa\u00e7\u00e3o de dividendos tamb\u00e9m deve nortear a reforma. A <strong>al\u00edquota<\/strong> principal das pessoas f\u00edsicas tamb\u00e9m serviria de base para tributar as empresas.<\/p>\n<p>Por este meio, a equipe do ministro analisa impulsionar a competitividade do setor produtivo.<\/p>\n<h2>Redu\u00e7\u00e3o da carga tribut\u00e1ria<\/h2>\n<p>No longo prazo, o plano de <strong>Paulo Guedes<\/strong> \u00e9 reduzir a carga tribut\u00e1ria de 30% para 20%. A equipe econ\u00f4mica do ministro estima que o processo n\u00e3o ocorra em menos de uma d\u00e9cada.<\/p>\n<p>Para este objetivo, a<strong> reforma do IR<\/strong> \u00e9 uma das tr\u00eas frentes que devem dar in\u00edcio ao processo. As outras duas frentes s\u00e3o:<\/p>\n<ul>\n<li>simplifica\u00e7\u00e3o: medidas que objetivam diminuir os encargos sobre empresas.<\/li>\n<li>revis\u00e3o dos impostos indiretos: substitui\u00e7\u00e3o de tributos como IPI e PIS\/Cofins por um imposto \u00fanico. N\u00e3o h\u00e1 certeza se este novo tributo incidir\u00e1 sobre consumo ou movimenta\u00e7\u00f5es financeiras.<\/li>\n<\/ul>\n<p><a href=\"https:\/\/www.suno.com.br\/noticias\/paulo-guedes-senai\/\">Saiba mais &#8211;\u00a0Paulo Guedes defende cortes no Sesi, Senai e Sesc\u00a0<\/a><\/p>\n<p>Em outra frente, o time tamb\u00e9m almeja reduzir os Refis, os programas de refinanciamento de d\u00edvida tribut\u00e1ria.<\/p>\n<p>O mecanismo n\u00e3o seria necess\u00e1rio se a carga tribut\u00e1ria n\u00e3o fosse t\u00e3o alta, disse Guedes na cerim\u00f4nia de sua posse.<\/p>\n<p>A suspens\u00e3o para que os programas de parcelamento n\u00e3o sejam mais realizados ser\u00e1 levada ao Congresso Nacional, caso os planos da equipe de <strong>Paulo Guedes<\/strong> concretizem-se. Juntamente, ilegalidade da concess\u00e3o de novos refinanciamentos tamb\u00e9m deve estar no mesmo projeto.<\/p>\n","protected":false},"excerpt":{"rendered":"<p>A equipe do ministro da Economia Paulo Guedes desenvolve um projeto de reforma do Imposto de Renda (IR), que almeja fixar al\u00edquota de 25% para aqueles com rendas maiores. O objetivo da reforma \u00e9 conter o avan\u00e7o da desigualdade de renda. Paulo Guedes: BC pode emitir moeda em caso de depress\u00e3o econ\u00f4mica Segundo o jornal [&hellip;]<\/p>\n","protected":false},"author":12,"featured_media":10204,"comment_status":"closed","ping_status":"closed","sticky":false,"template":"","format":"standard","meta":[],"categories":[62],"tags":[303,796],"suno_strategy":[],"class_list":["post-10278","post","type-post","status-publish","format-standard","has-post-thumbnail","hentry","category-economia","tag-imposto-de-renda","tag-paulo-guedes"],"yoast_head":"<!-- This site is optimized with the Yoast SEO plugin v24.4 - https:\/\/yoast.com\/wordpress\/plugins\/seo\/ -->\n<title>Equipe de Paulo Guedes estuda al\u00edquota de 25% para mais ricos no IR<\/title>\n<meta name=\"description\" content=\"A equipe do ministro da Economia Paulo Guedes estuda al\u00edquotas de 25% para os mais ricos. Clique para saber mais.\" \/>\n<meta name=\"robots\" content=\"index, follow, max-snippet:-1, max-image-preview:large, max-video-preview:-1\" \/>\n<link rel=\"canonical\" href=\"https:\/\/www.suno.com.br\/noticias\/paulo-guedes-aliquota-ir\/\" \/>\n<meta property=\"og:locale\" content=\"pt_BR\" \/>\n<meta property=\"og:type\" content=\"article\" \/>\n<meta property=\"og:title\" content=\"Equipe de Paulo Guedes estuda al\u00edquota de 25% para mais ricos no IR\" \/>\n<meta property=\"og:description\" content=\"A equipe do ministro da Economia Paulo Guedes estuda al\u00edquotas de 25% para os mais ricos. Clique para saber mais.\" \/>\n<meta property=\"og:url\" content=\"https:\/\/www.suno.com.br\/noticias\/paulo-guedes-aliquota-ir\/\" \/>\n<meta property=\"og:site_name\" content=\"Suno Not\u00edcias\" \/>\n<meta property=\"article:publisher\" content=\"https:\/\/facebook.com\/sunoresearch\" \/>\n<meta property=\"og:image\" content=\"https:\/\/files.sunoresearch.com.br\/n\/uploads\/2019\/01\/80f1998a-paulo-guedes.jpg\" \/>\n\t<meta property=\"og:image:width\" content=\"1140\" \/>\n\t<meta property=\"og:image:height\" content=\"760\" \/>\n\t<meta property=\"og:image:type\" content=\"image\/jpeg\" \/>\n<meta name=\"author\" content=\"Amanda Gushiken\" \/>\n<meta name=\"twitter:card\" content=\"summary_large_image\" \/>\n<meta name=\"twitter:creator\" content=\"@sunoresearch\" \/>\n<meta name=\"twitter:site\" content=\"@sunoresearch\" \/>\n<meta name=\"twitter:label1\" content=\"Escrito por\" \/>\n\t<meta name=\"twitter:data1\" content=\"Amanda Gushiken\" \/>\n\t<meta name=\"twitter:label2\" content=\"Est. tempo de leitura\" \/>\n\t<meta name=\"twitter:data2\" content=\"4 minutos\" \/>\n<script type=\"application\/ld+json\" class=\"yoast-schema-graph\">{\"@context\":\"https:\/\/schema.org\",\"@graph\":[{\"@type\":\"NewsArticle\",\"@id\":\"https:\/\/www.suno.com.br\/noticias\/paulo-guedes-aliquota-ir\/#article\",\"isPartOf\":{\"@id\":\"https:\/\/www.suno.com.br\/noticias\/paulo-guedes-aliquota-ir\/\"},\"author\":{\"name\":\"Amanda Gushiken\",\"@id\":\"https:\/\/www.suno.com.br\/noticias\/#\/schema\/person\/a5b06fa4e879d8e8e119c6ed3cd630d1\"},\"headline\":\"Equipe de Paulo Guedes estuda al\u00edquota de 25% para mais ricos no IR\",\"datePublished\":\"2019-01-04T10:54:53+00:00\",\"dateModified\":\"2019-01-04T13:16:55+00:00\",\"mainEntityOfPage\":{\"@id\":\"https:\/\/www.suno.com.br\/noticias\/paulo-guedes-aliquota-ir\/\"},\"wordCount\":845,\"publisher\":{\"@id\":\"https:\/\/www.suno.com.br\/noticias\/#organization\"},\"image\":{\"@id\":\"https:\/\/www.suno.com.br\/noticias\/paulo-guedes-aliquota-ir\/#primaryimage\"},\"thumbnailUrl\":\"https:\/\/files.sunoresearch.com.br\/n\/uploads\/2019\/01\/80f1998a-paulo-guedes-jpg.webp\",\"keywords\":[\"Imposto de Renda\",\"Paulo Guedes\"],\"articleSection\":[\"Economia\"],\"inLanguage\":\"pt-BR\"},{\"@type\":\"WebPage\",\"@id\":\"https:\/\/www.suno.com.br\/noticias\/paulo-guedes-aliquota-ir\/\",\"url\":\"https:\/\/www.suno.com.br\/noticias\/paulo-guedes-aliquota-ir\/\",\"name\":\"Equipe de Paulo Guedes estuda al\u00edquota de 25% para mais ricos no IR\",\"isPartOf\":{\"@id\":\"https:\/\/www.suno.com.br\/noticias\/#website\"},\"primaryImageOfPage\":{\"@id\":\"https:\/\/www.suno.com.br\/noticias\/paulo-guedes-aliquota-ir\/#primaryimage\"},\"image\":{\"@id\":\"https:\/\/www.suno.com.br\/noticias\/paulo-guedes-aliquota-ir\/#primaryimage\"},\"thumbnailUrl\":\"https:\/\/files.sunoresearch.com.br\/n\/uploads\/2019\/01\/80f1998a-paulo-guedes-jpg.webp\",\"datePublished\":\"2019-01-04T10:54:53+00:00\",\"dateModified\":\"2019-01-04T13:16:55+00:00\",\"description\":\"A equipe do ministro da Economia Paulo Guedes estuda al\u00edquotas de 25% para os mais ricos. Clique para saber mais.\",\"breadcrumb\":{\"@id\":\"https:\/\/www.suno.com.br\/noticias\/paulo-guedes-aliquota-ir\/#breadcrumb\"},\"inLanguage\":\"pt-BR\",\"potentialAction\":[{\"@type\":\"ReadAction\",\"target\":[\"https:\/\/www.suno.com.br\/noticias\/paulo-guedes-aliquota-ir\/\"]}]},{\"@type\":\"ImageObject\",\"inLanguage\":\"pt-BR\",\"@id\":\"https:\/\/www.suno.com.br\/noticias\/paulo-guedes-aliquota-ir\/#primaryimage\",\"url\":\"https:\/\/files.sunoresearch.com.br\/n\/uploads\/2019\/01\/80f1998a-paulo-guedes-jpg.webp\",\"contentUrl\":\"https:\/\/files.sunoresearch.com.br\/n\/uploads\/2019\/01\/80f1998a-paulo-guedes-jpg.webp\",\"width\":1140,\"height\":760,\"caption\":\"Paulo Guedes: BC pode emitir moeda em caso de depress\u00e3o econ\u00f4mica\"},{\"@type\":\"BreadcrumbList\",\"@id\":\"https:\/\/www.suno.com.br\/noticias\/paulo-guedes-aliquota-ir\/#breadcrumb\",\"itemListElement\":[{\"@type\":\"ListItem\",\"position\":1,\"name\":\"Not\u00edcias\",\"item\":\"https:\/\/www.suno.com.br\/noticias\/\"},{\"@type\":\"ListItem\",\"position\":2,\"name\":\"Economia\",\"item\":\"https:\/\/www.suno.com.br\/noticias\/economia\/\"},{\"@type\":\"ListItem\",\"position\":3,\"name\":\"Equipe de Paulo Guedes estuda al\u00edquota de 25% para mais ricos no IR\"}]},{\"@type\":\"WebSite\",\"@id\":\"https:\/\/www.suno.com.br\/noticias\/#website\",\"url\":\"https:\/\/www.suno.com.br\/noticias\/\",\"name\":\"Suno Not\u00edcias\",\"description\":\"Seu portal de informa\u00e7\u00e3o sobre o mundo dos investimentos\",\"publisher\":{\"@id\":\"https:\/\/www.suno.com.br\/noticias\/#organization\"},\"potentialAction\":[{\"@type\":\"SearchAction\",\"target\":{\"@type\":\"EntryPoint\",\"urlTemplate\":\"https:\/\/www.suno.com.br\/noticias\/?s={search_term_string}\"},\"query-input\":{\"@type\":\"PropertyValueSpecification\",\"valueRequired\":true,\"valueName\":\"search_term_string\"}}],\"inLanguage\":\"pt-BR\"},{\"@type\":\"Organization\",\"@id\":\"https:\/\/www.suno.com.br\/noticias\/#organization\",\"name\":\"Suno Not\u00edcias\",\"url\":\"https:\/\/www.suno.com.br\/noticias\/\",\"logo\":{\"@type\":\"ImageObject\",\"inLanguage\":\"pt-BR\",\"@id\":\"https:\/\/www.suno.com.br\/noticias\/#\/schema\/logo\/image\/\",\"url\":\"https:\/\/files.sunoresearch.com.br\/n\/uploads\/2021\/09\/suno-logo.png\",\"contentUrl\":\"https:\/\/files.sunoresearch.com.br\/n\/uploads\/2021\/09\/suno-logo.png\",\"width\":180,\"height\":180,\"caption\":\"Suno Not\u00edcias\"},\"image\":{\"@id\":\"https:\/\/www.suno.com.br\/noticias\/#\/schema\/logo\/image\/\"},\"sameAs\":[\"https:\/\/facebook.com\/sunoresearch\",\"https:\/\/x.com\/sunoresearch\",\"https:\/\/www.instagram.com\/suno\",\"https:\/\/www.linkedin.com\/company\/suno-research\/\",\"https:\/\/www.youtube.com\/c\/sunoresearch\"]},{\"@type\":\"Person\",\"@id\":\"https:\/\/www.suno.com.br\/noticias\/#\/schema\/person\/a5b06fa4e879d8e8e119c6ed3cd630d1\",\"name\":\"Amanda Gushiken\",\"image\":{\"@type\":\"ImageObject\",\"inLanguage\":\"pt-BR\",\"@id\":\"https:\/\/www.suno.com.br\/noticias\/#\/schema\/person\/image\/\",\"url\":\"https:\/\/secure.gravatar.com\/avatar\/ecd84705e6b65e3685ae80d725501fbe?s=96&r=g\",\"contentUrl\":\"https:\/\/secure.gravatar.com\/avatar\/ecd84705e6b65e3685ae80d725501fbe?s=96&r=g\",\"caption\":\"Amanda Gushiken\"},\"description\":\"Amanda Sayuri Gushiken escreve sobre finan\u00e7as e neg\u00f3cios para o portal Suno Not\u00edcias. Antes, trabalhou selecionando not\u00edcias da imprensa para clientes do mercado financeiro. Tamb\u00e9m desenvolveu pesquisa acad\u00eamica pela Universidade Anhembi Morumbi na \u00e1rea de Teorias da Comunica\u00e7\u00e3o e \u00e9 fot\u00f3grafa nas horas vagas.\",\"url\":\"https:\/\/www.suno.com.br\/noticias\/author\/amanda\/\"}]}<\/script>\n<!-- \/ Yoast SEO plugin. -->","yoast_head_json":{"title":"Equipe de Paulo Guedes estuda al\u00edquota de 25% para mais ricos no IR","description":"A equipe do ministro da Economia Paulo Guedes estuda al\u00edquotas de 25% para os mais ricos. Clique para saber mais.","robots":{"index":"index","follow":"follow","max-snippet":"max-snippet:-1","max-image-preview":"max-image-preview:large","max-video-preview":"max-video-preview:-1"},"canonical":"https:\/\/www.suno.com.br\/noticias\/paulo-guedes-aliquota-ir\/","og_locale":"pt_BR","og_type":"article","og_title":"Equipe de Paulo Guedes estuda al\u00edquota de 25% para mais ricos no IR","og_description":"A equipe do ministro da Economia Paulo Guedes estuda al\u00edquotas de 25% para os mais ricos. Clique para saber mais.","og_url":"https:\/\/www.suno.com.br\/noticias\/paulo-guedes-aliquota-ir\/","og_site_name":"Suno Not\u00edcias","article_publisher":"https:\/\/facebook.com\/sunoresearch","og_image":[{"width":1140,"height":760,"url":"https:\/\/files.sunoresearch.com.br\/n\/uploads\/2019\/01\/80f1998a-paulo-guedes.jpg","type":"image\/jpeg"}],"author":"Amanda Gushiken","twitter_card":"summary_large_image","twitter_creator":"@sunoresearch","twitter_site":"@sunoresearch","twitter_misc":{"Escrito por":"Amanda Gushiken","Est. tempo de leitura":"4 minutos"},"schema":{"@context":"https:\/\/schema.org","@graph":[{"@type":"NewsArticle","@id":"https:\/\/www.suno.com.br\/noticias\/paulo-guedes-aliquota-ir\/#article","isPartOf":{"@id":"https:\/\/www.suno.com.br\/noticias\/paulo-guedes-aliquota-ir\/"},"author":{"name":"Amanda Gushiken","@id":"https:\/\/www.suno.com.br\/noticias\/#\/schema\/person\/a5b06fa4e879d8e8e119c6ed3cd630d1"},"headline":"Equipe de Paulo Guedes estuda al\u00edquota de 25% para mais ricos no IR","datePublished":"2019-01-04T10:54:53+00:00","dateModified":"2019-01-04T13:16:55+00:00","mainEntityOfPage":{"@id":"https:\/\/www.suno.com.br\/noticias\/paulo-guedes-aliquota-ir\/"},"wordCount":845,"publisher":{"@id":"https:\/\/www.suno.com.br\/noticias\/#organization"},"image":{"@id":"https:\/\/www.suno.com.br\/noticias\/paulo-guedes-aliquota-ir\/#primaryimage"},"thumbnailUrl":"https:\/\/files.sunoresearch.com.br\/n\/uploads\/2019\/01\/80f1998a-paulo-guedes-jpg.webp","keywords":["Imposto de Renda","Paulo Guedes"],"articleSection":["Economia"],"inLanguage":"pt-BR"},{"@type":"WebPage","@id":"https:\/\/www.suno.com.br\/noticias\/paulo-guedes-aliquota-ir\/","url":"https:\/\/www.suno.com.br\/noticias\/paulo-guedes-aliquota-ir\/","name":"Equipe de Paulo Guedes estuda al\u00edquota de 25% para mais ricos no IR","isPartOf":{"@id":"https:\/\/www.suno.com.br\/noticias\/#website"},"primaryImageOfPage":{"@id":"https:\/\/www.suno.com.br\/noticias\/paulo-guedes-aliquota-ir\/#primaryimage"},"image":{"@id":"https:\/\/www.suno.com.br\/noticias\/paulo-guedes-aliquota-ir\/#primaryimage"},"thumbnailUrl":"https:\/\/files.sunoresearch.com.br\/n\/uploads\/2019\/01\/80f1998a-paulo-guedes-jpg.webp","datePublished":"2019-01-04T10:54:53+00:00","dateModified":"2019-01-04T13:16:55+00:00","description":"A equipe do ministro da Economia Paulo Guedes estuda al\u00edquotas de 25% para os mais ricos. Clique para saber mais.","breadcrumb":{"@id":"https:\/\/www.suno.com.br\/noticias\/paulo-guedes-aliquota-ir\/#breadcrumb"},"inLanguage":"pt-BR","potentialAction":[{"@type":"ReadAction","target":["https:\/\/www.suno.com.br\/noticias\/paulo-guedes-aliquota-ir\/"]}]},{"@type":"ImageObject","inLanguage":"pt-BR","@id":"https:\/\/www.suno.com.br\/noticias\/paulo-guedes-aliquota-ir\/#primaryimage","url":"https:\/\/files.sunoresearch.com.br\/n\/uploads\/2019\/01\/80f1998a-paulo-guedes-jpg.webp","contentUrl":"https:\/\/files.sunoresearch.com.br\/n\/uploads\/2019\/01\/80f1998a-paulo-guedes-jpg.webp","width":1140,"height":760,"caption":"Paulo Guedes: BC pode emitir moeda em caso de depress\u00e3o econ\u00f4mica"},{"@type":"BreadcrumbList","@id":"https:\/\/www.suno.com.br\/noticias\/paulo-guedes-aliquota-ir\/#breadcrumb","itemListElement":[{"@type":"ListItem","position":1,"name":"Not\u00edcias","item":"https:\/\/www.suno.com.br\/noticias\/"},{"@type":"ListItem","position":2,"name":"Economia","item":"https:\/\/www.suno.com.br\/noticias\/economia\/"},{"@type":"ListItem","position":3,"name":"Equipe de Paulo Guedes estuda al\u00edquota de 25% para mais ricos no IR"}]},{"@type":"WebSite","@id":"https:\/\/www.suno.com.br\/noticias\/#website","url":"https:\/\/www.suno.com.br\/noticias\/","name":"Suno Not\u00edcias","description":"Seu portal de informa\u00e7\u00e3o sobre o mundo dos investimentos","publisher":{"@id":"https:\/\/www.suno.com.br\/noticias\/#organization"},"potentialAction":[{"@type":"SearchAction","target":{"@type":"EntryPoint","urlTemplate":"https:\/\/www.suno.com.br\/noticias\/?s={search_term_string}"},"query-input":{"@type":"PropertyValueSpecification","valueRequired":true,"valueName":"search_term_string"}}],"inLanguage":"pt-BR"},{"@type":"Organization","@id":"https:\/\/www.suno.com.br\/noticias\/#organization","name":"Suno Not\u00edcias","url":"https:\/\/www.suno.com.br\/noticias\/","logo":{"@type":"ImageObject","inLanguage":"pt-BR","@id":"https:\/\/www.suno.com.br\/noticias\/#\/schema\/logo\/image\/","url":"https:\/\/files.sunoresearch.com.br\/n\/uploads\/2021\/09\/suno-logo.png","contentUrl":"https:\/\/files.sunoresearch.com.br\/n\/uploads\/2021\/09\/suno-logo.png","width":180,"height":180,"caption":"Suno Not\u00edcias"},"image":{"@id":"https:\/\/www.suno.com.br\/noticias\/#\/schema\/logo\/image\/"},"sameAs":["https:\/\/facebook.com\/sunoresearch","https:\/\/x.com\/sunoresearch","https:\/\/www.instagram.com\/suno","https:\/\/www.linkedin.com\/company\/suno-research\/","https:\/\/www.youtube.com\/c\/sunoresearch"]},{"@type":"Person","@id":"https:\/\/www.suno.com.br\/noticias\/#\/schema\/person\/a5b06fa4e879d8e8e119c6ed3cd630d1","name":"Amanda Gushiken","image":{"@type":"ImageObject","inLanguage":"pt-BR","@id":"https:\/\/www.suno.com.br\/noticias\/#\/schema\/person\/image\/","url":"https:\/\/secure.gravatar.com\/avatar\/ecd84705e6b65e3685ae80d725501fbe?s=96&r=g","contentUrl":"https:\/\/secure.gravatar.com\/avatar\/ecd84705e6b65e3685ae80d725501fbe?s=96&r=g","caption":"Amanda Gushiken"},"description":"Amanda Sayuri Gushiken escreve sobre finan\u00e7as e neg\u00f3cios para o portal Suno Not\u00edcias. Antes, trabalhou selecionando not\u00edcias da imprensa para clientes do mercado financeiro. Tamb\u00e9m desenvolveu pesquisa acad\u00eamica pela Universidade Anhembi Morumbi na \u00e1rea de Teorias da Comunica\u00e7\u00e3o e \u00e9 fot\u00f3grafa nas horas vagas.","url":"https:\/\/www.suno.com.br\/noticias\/author\/amanda\/"}]}},"default_loop_html":"<div class=\"cardsPage__listCard__boxs\"><div class=\"cardsPage__listCard__boxs__img\"><a href=\"https:\/\/www.suno.com.br\/noticias\/paulo-guedes-aliquota-ir\/\"><img class=\"mask\" src=\"https:\/\/www.suno.com.br\/noticias\/wp-content\/themes\/suno\/resources\/images\/spotlight\/spotlight1img\/bg-mask.png\" alt=\"Image Mask\"\/><img src=\"https:\/\/files.sunoresearch.com.br\/n\/uploads\/2019\/01\/80f1998a-paulo-guedes-400x200.webp\" alt=\"Equipe de Paulo Guedes estuda al\u00edquota de 25% para mais ricos no IR\"\/><\/a><span class=\"spotlightCategory\"><a href=\"https:\/\/www.suno.com.br\/noticias\/economia\/\">Economia<\/a><\/span><\/div><div class=\"cardsPage__listCard__boxs__content\"><a href=\"https:\/\/www.suno.com.br\/noticias\/paulo-guedes-aliquota-ir\/\"><h2 class=\"content__title\">Equipe de Paulo Guedes estuda al\u00edquota de 25% para mais ricos no IR<\/h2><\/a><div class=\"newsContent__article__meta\"><div class=\"newsContent__article__meta__authorBox\"><a href=\"https:\/\/www.suno.com.br\/noticias\/author\/amanda\/\" class=\"authorBox__avatar noMobi\"><img src=\"https:\/\/files.sunoresearch.com.br\/n\/uploads\/2018\/11\/c6ad30be-amanda-150x150.webp\" alt=\"Amanda Gushiken\"><\/a><div class=\"authorBox__name\"><span>por\n\t\t\t<a href=\"https:\/\/www.suno.com.br\/noticias\/author\/amanda\/\"><span itemprop=\"author\">Amanda Gushiken<\/span><\/a><\/span><time datetime=\"2019-01-04T08:54:53-02:00\" itemprop=\"datePublished\">04\/01\/2019 08:54<\/time><\/div><\/div><\/div><\/div><\/div>","single_layout":"posts","amp_enabled":true,"_links":{"self":[{"href":"https:\/\/www.suno.com.br\/noticias\/wp-json\/wp\/v2\/posts\/10278"}],"collection":[{"href":"https:\/\/www.suno.com.br\/noticias\/wp-json\/wp\/v2\/posts"}],"about":[{"href":"https:\/\/www.suno.com.br\/noticias\/wp-json\/wp\/v2\/types\/post"}],"author":[{"embeddable":true,"href":"https:\/\/www.suno.com.br\/noticias\/wp-json\/wp\/v2\/users\/12"}],"replies":[{"embeddable":true,"href":"https:\/\/www.suno.com.br\/noticias\/wp-json\/wp\/v2\/comments?post=10278"}],"version-history":[{"count":0,"href":"https:\/\/www.suno.com.br\/noticias\/wp-json\/wp\/v2\/posts\/10278\/revisions"}],"wp:featuredmedia":[{"embeddable":true,"href":"https:\/\/www.suno.com.br\/noticias\/wp-json\/wp\/v2\/media\/10204"}],"wp:attachment":[{"href":"https:\/\/www.suno.com.br\/noticias\/wp-json\/wp\/v2\/media?parent=10278"}],"wp:term":[{"taxonomy":"category","embeddable":true,"href":"https:\/\/www.suno.com.br\/noticias\/wp-json\/wp\/v2\/categories?post=10278"},{"taxonomy":"post_tag","embeddable":true,"href":"https:\/\/www.suno.com.br\/noticias\/wp-json\/wp\/v2\/tags?post=10278"},{"taxonomy":"suno_strategy","embeddable":true,"href":"https:\/\/www.suno.com.br\/noticias\/wp-json\/wp\/v2\/suno_strategy?post=10278"}],"curies":[{"name":"wp","href":"https:\/\/api.w.org\/{rel}","templated":true}]}}