{"id":102668,"date":"2020-11-24T13:02:58","date_gmt":"2020-11-24T16:02:58","guid":{"rendered":"https:\/\/www.suno.com.br\/noticias\/?p=102668"},"modified":"2020-11-26T16:23:29","modified_gmt":"2020-11-26T19:23:29","slug":"sulamerica-sula11-aumento-de-capital","status":"publish","type":"post","link":"https:\/\/www.suno.com.br\/noticias\/sulamerica-sula11-aumento-de-capital\/","title":{"rendered":"SulAm\u00e9rica (SULA11) prepara aumento de capital de R$ 300 milh\u00f5es"},"content":{"rendered":"<p>A <a href=\"https:\/\/www.suno.com.br\/acoes\/sula11\/\"><strong>SulAm\u00e9rica<\/strong> (SULA11)<\/a> far\u00e1 um <a href=\"https:\/\/www.suno.com.br\/artigos\/aumento-capital\/\">aumento de capital<\/a> de R$ 300 milh\u00f5es. Segundo o documento divulgado na noite da \u00faltima segunda-feira (23), o processo ser\u00e1 realizado por meio da capitaliza\u00e7\u00e3o de reservas e uma emiss\u00e3o de novas a\u00e7\u00f5es.<\/p>\t<div class=\"wrapper-featured-image\">\n\t\t<figure class=\"spotlightImg\">\n\n\t\t\t<picture>\n\t\t\t\t<source media=\"(max-width: 768px)\" srcset=\"https:\/\/files.sunoresearch.com.br\/n\/uploads\/2020\/11\/0c05415b-fotos_sulamc3a9rica2-e1480705595145-400x200.jpg\">\n\t\t\t\t<img loading=\"lazy\" decoding=\"async\" class=\"newsContent__article__imgCapa lazyloadDisabled \" src=\"https:\/\/files.sunoresearch.com.br\/n\/uploads\/2020\/11\/0c05415b-fotos_sulamc3a9rica2-e1480705595145-800x450.jpg\" width=\"800\" height=\"450\" alt=\"SulAm\u00e9rica (SULA11) prepara aumento de capital de R$ 300 milh\u00f5es\" fetchpriority=high \/>\n\t\t\t<\/picture>\n\n\t\t\t<figcaption class=\"wp-caption-text wp-caption-text--show\">Caminh\u00e3o guincho da SulAm\u00e9rica (SULA11)<\/figcaption>\n\t\t<\/figure>\n\t<\/div>\n\n\n\t<p>\n\t\t<a href=\"https:\/\/lp.suno.com.br\/planilha-controle-gastos\/\" target=\"_blank\" data-element=\"shortcode-suno-banner\" title=\"Banner SUNO, clique e saiba mais\">\n\t\t\t<picture>\n\t\t\t\t<source media=\"(max-width: 500px)\" srcset=\"https:\/\/files.sunoresearch.com.br\/n\/uploads\/2023\/03\/400x300-Planilha-controle-de-gastos.png\">\n\t\t\t\t<img class=\"newsContent__article__imgCapa newsContent__article__imgCapa--banner\"\n\t\t\t\t\tsrc=\"https:\/\/files.sunoresearch.com.br\/n\/uploads\/2023\/03\/1420x240-Planilha-controle-de-gastos.png\"\n\t\t\t\t\tdata-promo-id=\"101751\"\t\t\t\t\t\t\t\t\t\twidth='1420' height='240'\t\t\t\t\talt=\"https:\/\/files.sunoresearch.com.br\/n\/uploads\/2023\/03\/1420x240-Planilha-controle-de-gastos.png\"\n\t\t\t\t>\n\t\t\t<\/picture>\n\t\t<\/a>\n\t<\/p>\n\n\n<p>A companhia disse que o<strong> aumento de capital<\/strong> visa atender a legisla\u00e7\u00e3o, levando em considera\u00e7\u00e3o que o montante global das<strong> reservas de lucros<\/strong> ultrapassou o seu capital social. Segundo a SulAm\u00e9rica, ser\u00e3o emitidas 22.238.695 novas <a href=\"https:\/\/www.suno.com.br\/artigos\/o-que-sao-acoes-ordinarias-preferenciais-e-units\/\"><strong>a\u00e7\u00f5es<\/strong><\/a>, sendo 11.146.758 ordin\u00e1rias e 11.091.937 preferenciais.<\/p>\n<p>Dessa forma, cada acionista da empresa receber\u00e1, como bonifica\u00e7\u00e3o, 18,80 novas a\u00e7\u00f5es ordin\u00e1rias para cada lote de 1 mil pap\u00e9is da mesma natureza que possui; e 18,80 novas a\u00e7\u00f5es preferenciais para cada lote de 1 mil a\u00e7\u00f5es que tem sob controle.<\/p>\n<p><a href=\"https:\/\/lp.suno.com.br\/suno-one\/\">Suno One: acesse gratuitamente eBooks, Minicursos, Artigos e Video Aulas sobre investimentos com um \u00fanico cadastro. Clique para saber mais!<\/a><\/p>\n<p>A data de posi\u00e7\u00e3o acion\u00e1ria considerada ser\u00e1 26 de novembro, enquanto a previs\u00e3o de cr\u00e9dito das novas a\u00e7\u00f5es \u00e9 1\u00ba de dezembro.<\/p>\n<p>Vale ressaltar que os pap\u00e9is decorrentes da bonifica\u00e7\u00e3o aprovada pelo <a href=\"https:\/\/www.suno.com.br\/artigos\/conselho-administracao\/\">Conselho de Administra\u00e7\u00e3o<\/a> da seguradora ser\u00e3o automaticamente constitu\u00eddas em units, quando aplic\u00e1vel, guardada a propor\u00e7\u00e3o de duas a\u00e7\u00f5es preferenciais e a\u00e7\u00e3o ordin\u00e1ria por unit.<\/p>\n<p>O comunicado da empresa salientou que a bonifica\u00e7\u00e3o \u00e9 realizada em n\u00fameros inteiros, podendo os investidores, no intervalo entre 1\u00ba de dezembro e 2 de janeiro de 2021, por meio da negocia\u00e7\u00e3o privada ou atrav\u00e9s de sociedades corretoras, transferir os direitos \u00e0s fra\u00e7\u00f5es de a\u00e7\u00e3o que fizeram jus, com o objetivo de formar a\u00e7\u00f5es inteiras.<\/p>\n\t<p>\n\t\t<a href=\"https:\/\/lp.suno.com.br\/planilha-controle-gastos\/\" target=\"_blank\" data-element=\"shortcode-suno-banner\" title=\"Banner SUNO, clique e saiba mais\">\n\t\t\t<picture>\n\t\t\t\t<source media=\"(max-width: 500px)\" srcset=\"https:\/\/files.sunoresearch.com.br\/n\/uploads\/2023\/03\/400x300-Planilha-controle-de-gastos.png\">\n\t\t\t\t<img class=\"newsContent__article__imgCapa newsContent__article__imgCapa--banner\"\n\t\t\t\t\tsrc=\"https:\/\/files.sunoresearch.com.br\/n\/uploads\/2023\/03\/1420x240-Planilha-controle-de-gastos.png\"\n\t\t\t\t\tdata-promo-id=\"101751\"\t\t\t\t\t\t\t\t\t\twidth='1420' height='240'\t\t\t\t\talt=\"https:\/\/files.sunoresearch.com.br\/n\/uploads\/2023\/03\/1420x240-Planilha-controle-de-gastos.png\"\n\t\t\t\t>\n\t\t\t<\/picture>\n\t\t<\/a>\n\t<\/p>\n\n\n<p>Ao fim deste prazo, as fra\u00e7\u00f5es ser\u00e3o vendidas em leil\u00e3o a ser realizado na <a href=\"https:\/\/www.suno.com.br\/artigos\/b3\/\">Bolsa de Valores de S\u00e3o Paulo (<strong>B3<\/strong>)<\/a>, dividindo-se o produto da venda, proporcionalmente, pelos titulares dos pap\u00e9is em quest\u00e3o. O custo unit\u00e1rio atribu\u00eddo \u00e0s a\u00e7\u00f5es \u00e9 de R$ 13,49. Por volta das 12h45 desta ter\u00e7a-feira, as units da SulAm\u00e9rica eram negociadas a R$ 42,57.<\/p>\n<h2>SulAm\u00e9rica lucra R$ 1,7 bilh\u00e3o no terceiro trimestre<\/h2>\n<p>A SulAm\u00e9rica informou, no dia 12 de novembro, que teve um <a href=\"https:\/\/www.suno.com.br\/artigos\/lucro-liquido\/\">lucro l\u00edquido<\/a> de R$ 1,7 bilh\u00e3o entre julho e setembro desse ano, uma alta de 603,8% ante o mesmo per\u00edodo em 2019.<\/p>\n\t<div data-element=\"shortcode-read-more\" class=\"knowMore\">\n\t\t\t\t<span class=\"knowMore__title\">Veja tamb\u00e9m<\/span>\n\t\t\t\t<a class=\"knowMore__link\" href=\"https:\/\/www.suno.com.br\/noticias\/sulamerica-sula11-conclui-aquisicao-da-parana-clinicas-por-r-396-milhoes\/\">\n\t\t\tSulAm\u00e9rica (SULA11) conclui aquisi\u00e7\u00e3o da Paran\u00e1 Cl\u00ednicas por R$ 396 milh\u00f5es\t\t<\/a>\n\t<\/div>\n\n\n<p>Al\u00e9m disso, a companhia destacou que suas <a href=\"https:\/\/www.suno.com.br\/artigos\/receita-operacional\/\">receitas operacionais<\/a>\u00a0 no trimestre atingiram R$ 5,1 bilh\u00f5es , com uma alta de 4,5% na compara\u00e7\u00e3o anualizada. Segundo o balan\u00e7o, o resultado foi &#8220;impulsionados principalmente pelos segmentos de sa\u00fade e odonto e previd\u00eancia&#8221;.<\/p>\n<p>A <a href=\"https:\/\/www.suno.com.br\/artigos\/sinistralidade\/\">sinistralidade<\/a> da companhia ficou em 75,1% no terceiro trimestre, recuo de 4,2 pontos percentuais na compara\u00e7\u00e3o com os 79,4% de igual per\u00edodo do ano passado. O resultado, segundo a <strong>SulAm\u00e9rica<\/strong>, \u00e9 fruto de uma menor frequ\u00eancia de sinistros com a pandemia de covid-19 que reduziu a exposi\u00e7\u00e3o a ambientes hospitalares e aumentou o distanciamento social.<\/p>\n\t<p>\n\t\t<a href=\"https:\/\/lp.suno.com.br\/planilha-de-controle-de-investimentos\/\" target=\"_blank\" data-element=\"shortcode-suno-banner\" title=\"Banner SUNO, clique e saiba mais\">\n\t\t\t<picture>\n\t\t\t\t<source media=\"(max-width: 500px)\" srcset=\"https:\/\/files.sunoresearch.com.br\/n\/uploads\/2023\/03\/400x300-Controle-de-Investimentos.png\">\n\t\t\t\t<img class=\"newsContent__article__imgCapa newsContent__article__imgCapa--banner\"\n\t\t\t\t\tsrc=\"https:\/\/files.sunoresearch.com.br\/n\/uploads\/2023\/03\/1420x240-Controle-de-Investimentos.png\"\n\t\t\t\t\tdata-promo-id=\"75934\"\t\t\t\t\t\t\t\t\t\twidth='1420' height='240'\t\t\t\t\talt=\"https:\/\/files.sunoresearch.com.br\/n\/uploads\/2023\/03\/1420x240-Controle-de-Investimentos.png\"\n\t\t\t\t>\n\t\t\t<\/picture>\n\t\t<\/a>\n\t<\/p>\n\n\n","protected":false},"excerpt":{"rendered":"<p>A SulAm\u00e9rica (SULA11) far\u00e1 um aumento de capital de R$ 300 milh\u00f5es. Segundo o documento divulgado na noite da \u00faltima segunda-feira (23), o processo ser\u00e1 realizado por meio da capitaliza\u00e7\u00e3o de reservas e uma emiss\u00e3o de novas a\u00e7\u00f5es. Caminh\u00e3o guincho da SulAm\u00e9rica (SULA11) A companhia disse que o aumento de capital visa atender a legisla\u00e7\u00e3o, [&hellip;]<\/p>\n","protected":false},"author":24,"featured_media":102670,"comment_status":"closed","ping_status":"closed","sticky":false,"template":"","format":"standard","meta":[],"categories":[64],"tags":[286,1438,1937,647],"suno_strategy":[],"class_list":["post-102668","post","type-post","status-publish","format-standard","has-post-thumbnail","hentry","category-negocios","tag-acoes","tag-aumento-de-capital","tag-bolsa-de-valores-de-sao-paulo-b3","tag-sulamerica-sula11-sula3-sula4"],"yoast_head":"<!-- This site is optimized with the Yoast SEO plugin v24.4 - https:\/\/yoast.com\/wordpress\/plugins\/seo\/ -->\n<title>SulAm\u00e9rica (SULA11) prepara aumento de capital de R$ 300 milh\u00f5es<\/title>\n<meta name=\"description\" content=\"A SulAm\u00e9rica (SULA11) far\u00e1 um aumento de capital de R$ 300 milh\u00f5es, e distribuir\u00e1 os pap\u00e9is entre os acionistas. Clique e saiba mais.\" \/>\n<meta name=\"robots\" content=\"index, follow, max-snippet:-1, max-image-preview:large, max-video-preview:-1\" \/>\n<link rel=\"canonical\" href=\"https:\/\/www.suno.com.br\/noticias\/sulamerica-sula11-aumento-de-capital\/\" \/>\n<meta property=\"og:locale\" content=\"pt_BR\" \/>\n<meta property=\"og:type\" content=\"article\" \/>\n<meta property=\"og:title\" content=\"SulAm\u00e9rica (SULA11) prepara aumento de capital de R$ 300 milh\u00f5es\" \/>\n<meta property=\"og:description\" content=\"A SulAm\u00e9rica (SULA11) far\u00e1 um aumento de capital de R$ 300 milh\u00f5es, e distribuir\u00e1 os pap\u00e9is entre os acionistas. Clique e saiba mais.\" \/>\n<meta property=\"og:url\" content=\"https:\/\/www.suno.com.br\/noticias\/sulamerica-sula11-aumento-de-capital\/\" \/>\n<meta property=\"og:site_name\" content=\"Suno Not\u00edcias\" \/>\n<meta property=\"article:publisher\" content=\"https:\/\/facebook.com\/sunoresearch\" \/>\n<meta property=\"og:image\" content=\"https:\/\/files.sunoresearch.com.br\/n\/uploads\/2020\/11\/0c05415b-fotos_sulamc3a9rica2-e1480705595145-scaled.jpg\" \/>\n\t<meta property=\"og:image:width\" content=\"2560\" \/>\n\t<meta property=\"og:image:height\" content=\"1864\" \/>\n\t<meta property=\"og:image:type\" content=\"image\/jpeg\" \/>\n<meta name=\"author\" content=\"Jader Lazarini\" \/>\n<meta name=\"twitter:card\" content=\"summary_large_image\" \/>\n<meta name=\"twitter:creator\" content=\"@sunoresearch\" \/>\n<meta name=\"twitter:site\" content=\"@sunoresearch\" \/>\n<meta name=\"twitter:label1\" content=\"Escrito por\" \/>\n\t<meta name=\"twitter:data1\" content=\"Jader Lazarini\" \/>\n\t<meta name=\"twitter:label2\" content=\"Est. tempo de leitura\" \/>\n\t<meta name=\"twitter:data2\" content=\"3 minutos\" \/>\n<script type=\"application\/ld+json\" class=\"yoast-schema-graph\">{\"@context\":\"https:\/\/schema.org\",\"@graph\":[{\"@type\":\"NewsArticle\",\"@id\":\"https:\/\/www.suno.com.br\/noticias\/sulamerica-sula11-aumento-de-capital\/#article\",\"isPartOf\":{\"@id\":\"https:\/\/www.suno.com.br\/noticias\/sulamerica-sula11-aumento-de-capital\/\"},\"author\":{\"name\":\"Jader Lazarini\",\"@id\":\"https:\/\/www.suno.com.br\/noticias\/#\/schema\/person\/918d79de1f0281f01599b93f9ea6e23f\"},\"headline\":\"SulAm\u00e9rica (SULA11) prepara aumento de capital de R$ 300 milh\u00f5es\",\"datePublished\":\"2020-11-24T16:02:58+00:00\",\"dateModified\":\"2020-11-26T19:23:29+00:00\",\"mainEntityOfPage\":{\"@id\":\"https:\/\/www.suno.com.br\/noticias\/sulamerica-sula11-aumento-de-capital\/\"},\"wordCount\":511,\"publisher\":{\"@id\":\"https:\/\/www.suno.com.br\/noticias\/#organization\"},\"image\":{\"@id\":\"https:\/\/www.suno.com.br\/noticias\/sulamerica-sula11-aumento-de-capital\/#primaryimage\"},\"thumbnailUrl\":\"https:\/\/files.sunoresearch.com.br\/n\/uploads\/2020\/11\/0c05415b-fotos_sulamc3a9rica2-e1480705595145-scaled.jpg\",\"keywords\":[\"A\u00e7\u00f5es\",\"aumento de capital\",\"Bolsa de Valores de S\u00e3o Paulo (B3)\",\"SulAm\u00e9rica (SULA11\/SULA3\/SULA4)\"],\"articleSection\":[\"Neg\u00f3cios\"],\"inLanguage\":\"pt-BR\"},{\"@type\":\"WebPage\",\"@id\":\"https:\/\/www.suno.com.br\/noticias\/sulamerica-sula11-aumento-de-capital\/\",\"url\":\"https:\/\/www.suno.com.br\/noticias\/sulamerica-sula11-aumento-de-capital\/\",\"name\":\"SulAm\u00e9rica (SULA11) prepara aumento de capital de R$ 300 milh\u00f5es\",\"isPartOf\":{\"@id\":\"https:\/\/www.suno.com.br\/noticias\/#website\"},\"primaryImageOfPage\":{\"@id\":\"https:\/\/www.suno.com.br\/noticias\/sulamerica-sula11-aumento-de-capital\/#primaryimage\"},\"image\":{\"@id\":\"https:\/\/www.suno.com.br\/noticias\/sulamerica-sula11-aumento-de-capital\/#primaryimage\"},\"thumbnailUrl\":\"https:\/\/files.sunoresearch.com.br\/n\/uploads\/2020\/11\/0c05415b-fotos_sulamc3a9rica2-e1480705595145-scaled.jpg\",\"datePublished\":\"2020-11-24T16:02:58+00:00\",\"dateModified\":\"2020-11-26T19:23:29+00:00\",\"description\":\"A SulAm\u00e9rica (SULA11) far\u00e1 um aumento de capital de R$ 300 milh\u00f5es, e distribuir\u00e1 os pap\u00e9is entre os acionistas. Clique e saiba mais.\",\"breadcrumb\":{\"@id\":\"https:\/\/www.suno.com.br\/noticias\/sulamerica-sula11-aumento-de-capital\/#breadcrumb\"},\"inLanguage\":\"pt-BR\",\"potentialAction\":[{\"@type\":\"ReadAction\",\"target\":[\"https:\/\/www.suno.com.br\/noticias\/sulamerica-sula11-aumento-de-capital\/\"]}]},{\"@type\":\"ImageObject\",\"inLanguage\":\"pt-BR\",\"@id\":\"https:\/\/www.suno.com.br\/noticias\/sulamerica-sula11-aumento-de-capital\/#primaryimage\",\"url\":\"https:\/\/files.sunoresearch.com.br\/n\/uploads\/2020\/11\/0c05415b-fotos_sulamc3a9rica2-e1480705595145-scaled.jpg\",\"contentUrl\":\"https:\/\/files.sunoresearch.com.br\/n\/uploads\/2020\/11\/0c05415b-fotos_sulamc3a9rica2-e1480705595145-scaled.jpg\",\"width\":2560,\"height\":1864,\"caption\":\"Caminh\u00e3o guincho da SulAm\u00e9rica (SULA11)\"},{\"@type\":\"BreadcrumbList\",\"@id\":\"https:\/\/www.suno.com.br\/noticias\/sulamerica-sula11-aumento-de-capital\/#breadcrumb\",\"itemListElement\":[{\"@type\":\"ListItem\",\"position\":1,\"name\":\"Not\u00edcias\",\"item\":\"https:\/\/www.suno.com.br\/noticias\/\"},{\"@type\":\"ListItem\",\"position\":2,\"name\":\"Neg\u00f3cios\",\"item\":\"https:\/\/www.suno.com.br\/noticias\/negocios\/\"},{\"@type\":\"ListItem\",\"position\":3,\"name\":\"SulAm\u00e9rica (SULA11) prepara aumento de capital de R$ 300 milh\u00f5es\"}]},{\"@type\":\"WebSite\",\"@id\":\"https:\/\/www.suno.com.br\/noticias\/#website\",\"url\":\"https:\/\/www.suno.com.br\/noticias\/\",\"name\":\"Suno Not\u00edcias\",\"description\":\"Seu portal de informa\u00e7\u00e3o sobre o mundo dos investimentos\",\"publisher\":{\"@id\":\"https:\/\/www.suno.com.br\/noticias\/#organization\"},\"potentialAction\":[{\"@type\":\"SearchAction\",\"target\":{\"@type\":\"EntryPoint\",\"urlTemplate\":\"https:\/\/www.suno.com.br\/noticias\/?s={search_term_string}\"},\"query-input\":{\"@type\":\"PropertyValueSpecification\",\"valueRequired\":true,\"valueName\":\"search_term_string\"}}],\"inLanguage\":\"pt-BR\"},{\"@type\":\"Organization\",\"@id\":\"https:\/\/www.suno.com.br\/noticias\/#organization\",\"name\":\"Suno Not\u00edcias\",\"url\":\"https:\/\/www.suno.com.br\/noticias\/\",\"logo\":{\"@type\":\"ImageObject\",\"inLanguage\":\"pt-BR\",\"@id\":\"https:\/\/www.suno.com.br\/noticias\/#\/schema\/logo\/image\/\",\"url\":\"https:\/\/files.sunoresearch.com.br\/n\/uploads\/2021\/09\/suno-logo.png\",\"contentUrl\":\"https:\/\/files.sunoresearch.com.br\/n\/uploads\/2021\/09\/suno-logo.png\",\"width\":180,\"height\":180,\"caption\":\"Suno Not\u00edcias\"},\"image\":{\"@id\":\"https:\/\/www.suno.com.br\/noticias\/#\/schema\/logo\/image\/\"},\"sameAs\":[\"https:\/\/facebook.com\/sunoresearch\",\"https:\/\/x.com\/sunoresearch\",\"https:\/\/www.instagram.com\/suno\",\"https:\/\/www.linkedin.com\/company\/suno-research\/\",\"https:\/\/www.youtube.com\/c\/sunoresearch\"]},{\"@type\":\"Person\",\"@id\":\"https:\/\/www.suno.com.br\/noticias\/#\/schema\/person\/918d79de1f0281f01599b93f9ea6e23f\",\"name\":\"Jader Lazarini\",\"image\":{\"@type\":\"ImageObject\",\"inLanguage\":\"pt-BR\",\"@id\":\"https:\/\/www.suno.com.br\/noticias\/#\/schema\/person\/image\/\",\"url\":\"https:\/\/secure.gravatar.com\/avatar\/3c1ad8caa51589841baeb923fcddea97?s=96&r=g\",\"contentUrl\":\"https:\/\/secure.gravatar.com\/avatar\/3c1ad8caa51589841baeb923fcddea97?s=96&r=g\",\"caption\":\"Jader Lazarini\"},\"description\":\"Jader Lazarini escreve sobre investimentos, finan\u00e7as, economia e neg\u00f3cios. \u00c9 bacharel em Rela\u00e7\u00f5es Internacionais e analista CNPI (2619).\",\"url\":\"https:\/\/www.suno.com.br\/noticias\/author\/jader-lazarini\/\"}]}<\/script>\n<!-- \/ Yoast SEO plugin. -->","yoast_head_json":{"title":"SulAm\u00e9rica (SULA11) prepara aumento de capital de R$ 300 milh\u00f5es","description":"A SulAm\u00e9rica (SULA11) far\u00e1 um aumento de capital de R$ 300 milh\u00f5es, e distribuir\u00e1 os pap\u00e9is entre os acionistas. Clique e saiba mais.","robots":{"index":"index","follow":"follow","max-snippet":"max-snippet:-1","max-image-preview":"max-image-preview:large","max-video-preview":"max-video-preview:-1"},"canonical":"https:\/\/www.suno.com.br\/noticias\/sulamerica-sula11-aumento-de-capital\/","og_locale":"pt_BR","og_type":"article","og_title":"SulAm\u00e9rica (SULA11) prepara aumento de capital de R$ 300 milh\u00f5es","og_description":"A SulAm\u00e9rica (SULA11) far\u00e1 um aumento de capital de R$ 300 milh\u00f5es, e distribuir\u00e1 os pap\u00e9is entre os acionistas. Clique e saiba mais.","og_url":"https:\/\/www.suno.com.br\/noticias\/sulamerica-sula11-aumento-de-capital\/","og_site_name":"Suno Not\u00edcias","article_publisher":"https:\/\/facebook.com\/sunoresearch","og_image":[{"width":2560,"height":1864,"url":"https:\/\/files.sunoresearch.com.br\/n\/uploads\/2020\/11\/0c05415b-fotos_sulamc3a9rica2-e1480705595145-scaled.jpg","type":"image\/jpeg"}],"author":"Jader Lazarini","twitter_card":"summary_large_image","twitter_creator":"@sunoresearch","twitter_site":"@sunoresearch","twitter_misc":{"Escrito por":"Jader Lazarini","Est. tempo de leitura":"3 minutos"},"schema":{"@context":"https:\/\/schema.org","@graph":[{"@type":"NewsArticle","@id":"https:\/\/www.suno.com.br\/noticias\/sulamerica-sula11-aumento-de-capital\/#article","isPartOf":{"@id":"https:\/\/www.suno.com.br\/noticias\/sulamerica-sula11-aumento-de-capital\/"},"author":{"name":"Jader Lazarini","@id":"https:\/\/www.suno.com.br\/noticias\/#\/schema\/person\/918d79de1f0281f01599b93f9ea6e23f"},"headline":"SulAm\u00e9rica (SULA11) prepara aumento de capital de R$ 300 milh\u00f5es","datePublished":"2020-11-24T16:02:58+00:00","dateModified":"2020-11-26T19:23:29+00:00","mainEntityOfPage":{"@id":"https:\/\/www.suno.com.br\/noticias\/sulamerica-sula11-aumento-de-capital\/"},"wordCount":511,"publisher":{"@id":"https:\/\/www.suno.com.br\/noticias\/#organization"},"image":{"@id":"https:\/\/www.suno.com.br\/noticias\/sulamerica-sula11-aumento-de-capital\/#primaryimage"},"thumbnailUrl":"https:\/\/files.sunoresearch.com.br\/n\/uploads\/2020\/11\/0c05415b-fotos_sulamc3a9rica2-e1480705595145-scaled.jpg","keywords":["A\u00e7\u00f5es","aumento de capital","Bolsa de Valores de S\u00e3o Paulo (B3)","SulAm\u00e9rica (SULA11\/SULA3\/SULA4)"],"articleSection":["Neg\u00f3cios"],"inLanguage":"pt-BR"},{"@type":"WebPage","@id":"https:\/\/www.suno.com.br\/noticias\/sulamerica-sula11-aumento-de-capital\/","url":"https:\/\/www.suno.com.br\/noticias\/sulamerica-sula11-aumento-de-capital\/","name":"SulAm\u00e9rica (SULA11) prepara aumento de capital de R$ 300 milh\u00f5es","isPartOf":{"@id":"https:\/\/www.suno.com.br\/noticias\/#website"},"primaryImageOfPage":{"@id":"https:\/\/www.suno.com.br\/noticias\/sulamerica-sula11-aumento-de-capital\/#primaryimage"},"image":{"@id":"https:\/\/www.suno.com.br\/noticias\/sulamerica-sula11-aumento-de-capital\/#primaryimage"},"thumbnailUrl":"https:\/\/files.sunoresearch.com.br\/n\/uploads\/2020\/11\/0c05415b-fotos_sulamc3a9rica2-e1480705595145-scaled.jpg","datePublished":"2020-11-24T16:02:58+00:00","dateModified":"2020-11-26T19:23:29+00:00","description":"A SulAm\u00e9rica (SULA11) far\u00e1 um aumento de capital de R$ 300 milh\u00f5es, e distribuir\u00e1 os pap\u00e9is entre os acionistas. Clique e saiba mais.","breadcrumb":{"@id":"https:\/\/www.suno.com.br\/noticias\/sulamerica-sula11-aumento-de-capital\/#breadcrumb"},"inLanguage":"pt-BR","potentialAction":[{"@type":"ReadAction","target":["https:\/\/www.suno.com.br\/noticias\/sulamerica-sula11-aumento-de-capital\/"]}]},{"@type":"ImageObject","inLanguage":"pt-BR","@id":"https:\/\/www.suno.com.br\/noticias\/sulamerica-sula11-aumento-de-capital\/#primaryimage","url":"https:\/\/files.sunoresearch.com.br\/n\/uploads\/2020\/11\/0c05415b-fotos_sulamc3a9rica2-e1480705595145-scaled.jpg","contentUrl":"https:\/\/files.sunoresearch.com.br\/n\/uploads\/2020\/11\/0c05415b-fotos_sulamc3a9rica2-e1480705595145-scaled.jpg","width":2560,"height":1864,"caption":"Caminh\u00e3o guincho da SulAm\u00e9rica (SULA11)"},{"@type":"BreadcrumbList","@id":"https:\/\/www.suno.com.br\/noticias\/sulamerica-sula11-aumento-de-capital\/#breadcrumb","itemListElement":[{"@type":"ListItem","position":1,"name":"Not\u00edcias","item":"https:\/\/www.suno.com.br\/noticias\/"},{"@type":"ListItem","position":2,"name":"Neg\u00f3cios","item":"https:\/\/www.suno.com.br\/noticias\/negocios\/"},{"@type":"ListItem","position":3,"name":"SulAm\u00e9rica (SULA11) prepara aumento de capital de R$ 300 milh\u00f5es"}]},{"@type":"WebSite","@id":"https:\/\/www.suno.com.br\/noticias\/#website","url":"https:\/\/www.suno.com.br\/noticias\/","name":"Suno Not\u00edcias","description":"Seu portal de informa\u00e7\u00e3o sobre o mundo dos investimentos","publisher":{"@id":"https:\/\/www.suno.com.br\/noticias\/#organization"},"potentialAction":[{"@type":"SearchAction","target":{"@type":"EntryPoint","urlTemplate":"https:\/\/www.suno.com.br\/noticias\/?s={search_term_string}"},"query-input":{"@type":"PropertyValueSpecification","valueRequired":true,"valueName":"search_term_string"}}],"inLanguage":"pt-BR"},{"@type":"Organization","@id":"https:\/\/www.suno.com.br\/noticias\/#organization","name":"Suno Not\u00edcias","url":"https:\/\/www.suno.com.br\/noticias\/","logo":{"@type":"ImageObject","inLanguage":"pt-BR","@id":"https:\/\/www.suno.com.br\/noticias\/#\/schema\/logo\/image\/","url":"https:\/\/files.sunoresearch.com.br\/n\/uploads\/2021\/09\/suno-logo.png","contentUrl":"https:\/\/files.sunoresearch.com.br\/n\/uploads\/2021\/09\/suno-logo.png","width":180,"height":180,"caption":"Suno Not\u00edcias"},"image":{"@id":"https:\/\/www.suno.com.br\/noticias\/#\/schema\/logo\/image\/"},"sameAs":["https:\/\/facebook.com\/sunoresearch","https:\/\/x.com\/sunoresearch","https:\/\/www.instagram.com\/suno","https:\/\/www.linkedin.com\/company\/suno-research\/","https:\/\/www.youtube.com\/c\/sunoresearch"]},{"@type":"Person","@id":"https:\/\/www.suno.com.br\/noticias\/#\/schema\/person\/918d79de1f0281f01599b93f9ea6e23f","name":"Jader Lazarini","image":{"@type":"ImageObject","inLanguage":"pt-BR","@id":"https:\/\/www.suno.com.br\/noticias\/#\/schema\/person\/image\/","url":"https:\/\/secure.gravatar.com\/avatar\/3c1ad8caa51589841baeb923fcddea97?s=96&r=g","contentUrl":"https:\/\/secure.gravatar.com\/avatar\/3c1ad8caa51589841baeb923fcddea97?s=96&r=g","caption":"Jader Lazarini"},"description":"Jader Lazarini escreve sobre investimentos, finan\u00e7as, economia e neg\u00f3cios. \u00c9 bacharel em Rela\u00e7\u00f5es Internacionais e analista CNPI (2619).","url":"https:\/\/www.suno.com.br\/noticias\/author\/jader-lazarini\/"}]}},"default_loop_html":"<div class=\"cardsPage__listCard__boxs\"><div class=\"cardsPage__listCard__boxs__img\"><a href=\"https:\/\/www.suno.com.br\/noticias\/sulamerica-sula11-aumento-de-capital\/\"><img class=\"mask\" src=\"https:\/\/www.suno.com.br\/noticias\/wp-content\/themes\/suno\/resources\/images\/spotlight\/spotlight1img\/bg-mask.png\" alt=\"Image Mask\"\/><img src=\"https:\/\/files.sunoresearch.com.br\/n\/uploads\/2020\/11\/0c05415b-fotos_sulamc3a9rica2-e1480705595145-400x200.jpg\" alt=\"SulAm\u00e9rica (SULA11) prepara aumento de capital de R$ 300 milh\u00f5es\"\/><\/a><span class=\"spotlightCategory\"><a href=\"https:\/\/www.suno.com.br\/noticias\/negocios\/\">Neg\u00f3cios<\/a><\/span><\/div><div class=\"cardsPage__listCard__boxs__content\"><a href=\"https:\/\/www.suno.com.br\/noticias\/sulamerica-sula11-aumento-de-capital\/\"><h2 class=\"content__title\">SulAm\u00e9rica (SULA11) prepara aumento de capital de R$ 300 milh\u00f5es<\/h2><\/a><div class=\"newsContent__article__meta\"><div class=\"newsContent__article__meta__authorBox\"><a href=\"https:\/\/www.suno.com.br\/noticias\/author\/jader-lazarini\/\" class=\"authorBox__avatar noMobi\"><img src=\"https:\/\/files.sunoresearch.com.br\/n\/uploads\/2021\/01\/178e6598-foto-perfil-2-150x150.jpg\" alt=\"Jader Lazarini\"><\/a><div class=\"authorBox__name\"><span>por\n\t\t\t<a href=\"https:\/\/www.suno.com.br\/noticias\/author\/jader-lazarini\/\"><span itemprop=\"author\">Jader Lazarini<\/span><\/a><\/span><time datetime=\"2020-11-24T13:02:58-03:00\" itemprop=\"datePublished\">24\/11\/2020 13:02<\/time><\/div><\/div><\/div><\/div><\/div>","single_layout":"posts","amp_enabled":true,"_links":{"self":[{"href":"https:\/\/www.suno.com.br\/noticias\/wp-json\/wp\/v2\/posts\/102668"}],"collection":[{"href":"https:\/\/www.suno.com.br\/noticias\/wp-json\/wp\/v2\/posts"}],"about":[{"href":"https:\/\/www.suno.com.br\/noticias\/wp-json\/wp\/v2\/types\/post"}],"author":[{"embeddable":true,"href":"https:\/\/www.suno.com.br\/noticias\/wp-json\/wp\/v2\/users\/24"}],"replies":[{"embeddable":true,"href":"https:\/\/www.suno.com.br\/noticias\/wp-json\/wp\/v2\/comments?post=102668"}],"version-history":[{"count":0,"href":"https:\/\/www.suno.com.br\/noticias\/wp-json\/wp\/v2\/posts\/102668\/revisions"}],"wp:featuredmedia":[{"embeddable":true,"href":"https:\/\/www.suno.com.br\/noticias\/wp-json\/wp\/v2\/media\/102670"}],"wp:attachment":[{"href":"https:\/\/www.suno.com.br\/noticias\/wp-json\/wp\/v2\/media?parent=102668"}],"wp:term":[{"taxonomy":"category","embeddable":true,"href":"https:\/\/www.suno.com.br\/noticias\/wp-json\/wp\/v2\/categories?post=102668"},{"taxonomy":"post_tag","embeddable":true,"href":"https:\/\/www.suno.com.br\/noticias\/wp-json\/wp\/v2\/tags?post=102668"},{"taxonomy":"suno_strategy","embeddable":true,"href":"https:\/\/www.suno.com.br\/noticias\/wp-json\/wp\/v2\/suno_strategy?post=102668"}],"curies":[{"name":"wp","href":"https:\/\/api.w.org\/{rel}","templated":true}]}}