{"id":102653,"date":"2020-11-24T13:42:53","date_gmt":"2020-11-24T16:42:53","guid":{"rendered":"https:\/\/www.suno.com.br\/noticias\/?p=102653"},"modified":"2020-11-26T16:23:24","modified_gmt":"2020-11-26T19:23:24","slug":"arrecadacao-em-outubro-soma-r-1539-bilhoes-diz-receita","status":"publish","type":"post","link":"https:\/\/www.suno.com.br\/noticias\/arrecadacao-em-outubro-soma-r-1539-bilhoes-diz-receita\/","title":{"rendered":"Arrecada\u00e7\u00e3o em outubro soma R$ 153,9 bilh\u00f5es, diz Receita"},"content":{"rendered":"<p>A <strong>arrecada\u00e7\u00e3o<\/strong> de impostos e contribui\u00e7\u00f5es federais somou R$ 153,9 bilh\u00f5es em outubro, o melhor resultado para o m\u00eas desde 2014. Com a retomada da atividade econ\u00f4mica e o pagamento de tributos foram adiados pela Receita Federal nos piores meses da crise da pandemia de covid-19, o resultado representa um aumento real (descontada a <a href=\"https:\/\/www.suno.com.br\/artigos\/inflacao\/\">infla\u00e7\u00e3o<\/a>) de 9,56% na compara\u00e7\u00e3o com o mesmo m\u00eas de 2019.<\/p>\t<div class=\"wrapper-featured-image\">\n\t\t<figure class=\"spotlightImg\">\n\n\t\t\t<picture>\n\t\t\t\t<source media=\"(max-width: 768px)\" srcset=\"https:\/\/files.sunoresearch.com.br\/n\/uploads\/2019\/09\/daafbf5a-receita-federal-400x200.webp\">\n\t\t\t\t<img loading=\"lazy\" decoding=\"async\" class=\"newsContent__article__imgCapa lazyloadDisabled \" src=\"https:\/\/files.sunoresearch.com.br\/n\/uploads\/2019\/09\/daafbf5a-receita-federal-800x450.webp\" width=\"800\" height=\"450\" alt=\"Arrecada\u00e7\u00e3o em outubro soma R$ 153,9 bilh\u00f5es, diz Receita\" fetchpriority=high \/>\n\t\t\t<\/picture>\n\n\t\t\t<figcaption class=\"wp-caption-text wp-caption-text--show\">A cobran\u00e7a do IOF foi suspensa em abril deste ano por conta da pandemia<\/figcaption>\n\t\t<\/figure>\n\t<\/div>\n\n\n\t<p>\n\t\t<a href=\"https:\/\/lp.suno.com.br\/planilha-controle-gastos\/\" target=\"_blank\" data-element=\"shortcode-suno-banner\" title=\"Banner SUNO, clique e saiba mais\">\n\t\t\t<picture>\n\t\t\t\t<source media=\"(max-width: 500px)\" srcset=\"https:\/\/files.sunoresearch.com.br\/n\/uploads\/2023\/03\/400x300-Planilha-controle-de-gastos.png\">\n\t\t\t\t<img class=\"newsContent__article__imgCapa newsContent__article__imgCapa--banner\"\n\t\t\t\t\tsrc=\"https:\/\/files.sunoresearch.com.br\/n\/uploads\/2023\/03\/1420x240-Planilha-controle-de-gastos.png\"\n\t\t\t\t\tdata-promo-id=\"101751\"\t\t\t\t\t\t\t\t\t\twidth='1420' height='240'\t\t\t\t\talt=\"https:\/\/files.sunoresearch.com.br\/n\/uploads\/2023\/03\/1420x240-Planilha-controle-de-gastos.png\"\n\t\t\t\t>\n\t\t\t<\/picture>\n\t\t<\/a>\n\t<\/p>\n\n\n<p>Em rela\u00e7\u00e3o a setembro deste ano, houve aumento de 27,37% no recolhimento de <strong>impostos<\/strong>. Uma parcela dessa diferen\u00e7a corresponde ao retorno da cobran\u00e7a de tributos federais &#8211; <a href=\"https:\/\/www.suno.com.br\/artigos\/cofins\/\">PIS\/Cofins<\/a> e da contribui\u00e7\u00e3o patronal para a <a href=\"https:\/\/www.suno.com.br\/artigos\/previdencia-privada\/\">previd\u00eancia<\/a> &#8211; que foi adiada (ou diferida, no jarg\u00e3o do Fisco) para suavizar o <a href=\"https:\/\/www.suno.com.br\/artigos\/fluxo-de-caixa\/\">fluxo de caixa<\/a> das empresas afetadas pelo novo <strong>coronav\u00edrus<\/strong>.<\/p>\n<p>Em agosto os contribuintes quitaram pagamentos adiados de abril, tiveram um respiro em setembro e, em outubro, foi a vez dos pagamentos adiados referentes a maio.<\/p>\n<p>O valor <strong>arrecadado<\/strong> no m\u00eas passado foi o maior para meses de outubro desde 2016, quando a arrecada\u00e7\u00e3o no d\u00e9cimo m\u00eas do ano foi de R$ 170,255 bilh\u00f5es.<\/p>\n\t<p>\n\t\t<a href=\"https:\/\/lp.suno.com.br\/planilha-controle-gastos\/\" target=\"_blank\" data-element=\"shortcode-suno-banner\" title=\"Banner SUNO, clique e saiba mais\">\n\t\t\t<picture>\n\t\t\t\t<source media=\"(max-width: 500px)\" srcset=\"https:\/\/files.sunoresearch.com.br\/n\/uploads\/2023\/03\/400x300-Planilha-controle-de-gastos.png\">\n\t\t\t\t<img class=\"newsContent__article__imgCapa newsContent__article__imgCapa--banner\"\n\t\t\t\t\tsrc=\"https:\/\/files.sunoresearch.com.br\/n\/uploads\/2023\/03\/1420x240-Planilha-controle-de-gastos.png\"\n\t\t\t\t\tdata-promo-id=\"101751\"\t\t\t\t\t\t\t\t\t\twidth='1420' height='240'\t\t\t\t\talt=\"https:\/\/files.sunoresearch.com.br\/n\/uploads\/2023\/03\/1420x240-Planilha-controle-de-gastos.png\"\n\t\t\t\t>\n\t\t\t<\/picture>\n\t\t<\/a>\n\t<\/p>\n\n\n<p>O resultado das <strong>receitas<\/strong> veio dentro do intervalo de expectativas das institui\u00e7\u00f5es ouvidas pelo jornal &#8220;Estado de S\u00e3o Paulo&#8221;, que ia de R$ 130,30 bilh\u00f5es a R$ 154,30 bilh\u00f5es, com mediana de R$ 149,34 bilh\u00f5es.<\/p>\n<p>De acordo com a <a href=\"https:\/\/www.suno.com.br\/artigos\/receita-federal\/\">Receita Federal<\/a>, o comportamento da arrecada\u00e7\u00e3o de outubro decorre do comportamento das principais vari\u00e1veis macroecon\u00f4micas no m\u00eas e de uma alta real de 17,97% na arrecada\u00e7\u00e3o do <a href=\"https:\/\/www.suno.com.br\/artigos\/imposto-de-renda-guia\/\">Imposto de Renda de Pessoas Jur\u00eddicas (IRPJ)<\/a> e da <a href=\"https:\/\/www.suno.com.br\/artigos\/csll\/\">Contribui\u00e7\u00e3o Social sobre o lucro L\u00edquido (CSLL)<\/a>. Por outro lado, as compensa\u00e7\u00f5es tribut\u00e1rias continuaram em alta, com aumento de 87,8% em rela\u00e7\u00e3o a outubro do ano passado.<\/p>\n<p>No acumulado do ano at\u00e9 outubro, a <strong>arrecada\u00e7\u00e3o federal<\/strong> somou R$ 1,180 trilh\u00e3o, o menor volume para o per\u00edodo desde 2010, quando as receitas somaram R$ 1,164 trilh\u00e3o no per\u00edodo. Devido aos impactos da pandemia de covid-19 no primeiro semestre, o montante ainda representa um recuo real de 9,45% na compara\u00e7\u00e3o com os primeiros dez meses de 2019.<\/p>\n<h2>Desonera\u00e7\u00f5es<\/h2>\n<p>As <strong>desonera\u00e7\u00f5es<\/strong> concedidas pelo governo resultaram em uma ren\u00fancia fiscal de R$ 74,059 bilh\u00f5es entre janeiro e outubro deste ano, valor maior do que em igual per\u00edodo do ano passado, quando ficaram em R$ 56,662 bilh\u00f5es. Apenas no m\u00eas de outubro, as desonera\u00e7\u00f5es totalizaram R$ 10,807 bilh\u00f5es, tamb\u00e9m acima registrado em outubro do ano passado (R$ 7,957 bilh\u00f5es).<\/p>\n\t<div data-element=\"shortcode-read-more\" class=\"knowMore\">\n\t\t\t\t<span class=\"knowMore__title\">Saiba Mais<\/span>\n\t\t\t\t<a class=\"knowMore__link\" href=\"https:\/\/www.suno.com.br\/noticias\/receita-alta-na-arrecadacao-indica-recuperacao-economica\/\">\n\t\t\tReceita Federal: alta na arrecada\u00e7\u00e3o indica uma recupera\u00e7\u00e3o econ\u00f4mica\t\t<\/a>\n\t<\/div>\n\n\n<p>Um fator que impacta as desonera\u00e7\u00f5es neste ano \u00e9 a suspens\u00e3o da al\u00edquota do <a href=\"https:\/\/www.suno.com.br\/artigos\/iof\/\">Imposto sobre Opera\u00e7\u00f5es Financeiras (IOF)<\/a> que incide sobre opera\u00e7\u00f5es de cr\u00e9dito por 270 dias. A medida foi anunciada no come\u00e7o de abril por 90 dias e renovada por novos per\u00edodos de 90 dias em julho e outubro &#8211; at\u00e9 o dia 31 de dezembro.<\/p>\n<p>Com informa\u00e7\u00f5es do <em>Estad\u00e3o Conte\u00fado<\/em><\/p>\n\t<p>\n\t\t<a href=\"https:\/\/lp.suno.com.br\/planilha-de-controle-de-investimentos\/\" target=\"_blank\" data-element=\"shortcode-suno-banner\" title=\"Banner SUNO, clique e saiba mais\">\n\t\t\t<picture>\n\t\t\t\t<source media=\"(max-width: 500px)\" srcset=\"https:\/\/files.sunoresearch.com.br\/n\/uploads\/2023\/03\/400x300-Controle-de-Investimentos.png\">\n\t\t\t\t<img class=\"newsContent__article__imgCapa newsContent__article__imgCapa--banner\"\n\t\t\t\t\tsrc=\"https:\/\/files.sunoresearch.com.br\/n\/uploads\/2023\/03\/1420x240-Controle-de-Investimentos.png\"\n\t\t\t\t\tdata-promo-id=\"75934\"\t\t\t\t\t\t\t\t\t\twidth='1420' height='240'\t\t\t\t\talt=\"https:\/\/files.sunoresearch.com.br\/n\/uploads\/2023\/03\/1420x240-Controle-de-Investimentos.png\"\n\t\t\t\t>\n\t\t\t<\/picture>\n\t\t<\/a>\n\t<\/p>\n\n\n","protected":false},"excerpt":{"rendered":"<p>A arrecada\u00e7\u00e3o de impostos e contribui\u00e7\u00f5es federais somou R$ 153,9 bilh\u00f5es em outubro, o melhor resultado para o m\u00eas desde 2014. Com a retomada da atividade econ\u00f4mica e o pagamento de tributos foram adiados pela Receita Federal nos piores meses da crise da pandemia de covid-19, o resultado representa um aumento real (descontada a infla\u00e7\u00e3o) [&hellip;]<\/p>\n","protected":false},"author":15,"featured_media":36839,"comment_status":"closed","ping_status":"closed","sticky":false,"template":"","format":"standard","meta":[],"categories":[62],"tags":[1488,704],"suno_strategy":[],"class_list":["post-102653","post","type-post","status-publish","format-standard","has-post-thumbnail","hentry","category-economia","tag-arrecadacao-federal","tag-impostos"],"yoast_head":"<!-- This site is optimized with the Yoast SEO plugin v24.4 - https:\/\/yoast.com\/wordpress\/plugins\/seo\/ -->\n<title>Arrecada\u00e7\u00e3o em outubro soma R$ 153,9 bilh\u00f5es, diz Receita<\/title>\n<meta name=\"description\" content=\"A arrecada\u00e7\u00e3o de impostos e contribui\u00e7\u00f5es federais somou R$ 153,9 bilh\u00f5es em outubro, o melhor resultado para o m\u00eas desde 2014. Clique aqui\" \/>\n<meta name=\"robots\" content=\"index, follow, max-snippet:-1, max-image-preview:large, max-video-preview:-1\" \/>\n<link rel=\"canonical\" href=\"https:\/\/www.suno.com.br\/noticias\/arrecadacao-em-outubro-soma-r-1539-bilhoes-diz-receita\/\" \/>\n<meta property=\"og:locale\" content=\"pt_BR\" \/>\n<meta property=\"og:type\" content=\"article\" \/>\n<meta property=\"og:title\" content=\"Arrecada\u00e7\u00e3o em outubro soma R$ 153,9 bilh\u00f5es, diz Receita\" \/>\n<meta property=\"og:description\" content=\"A arrecada\u00e7\u00e3o de impostos e contribui\u00e7\u00f5es federais somou R$ 153,9 bilh\u00f5es em outubro, o melhor resultado para o m\u00eas desde 2014. Clique aqui\" \/>\n<meta property=\"og:url\" content=\"https:\/\/www.suno.com.br\/noticias\/arrecadacao-em-outubro-soma-r-1539-bilhoes-diz-receita\/\" \/>\n<meta property=\"og:site_name\" content=\"Suno Not\u00edcias\" \/>\n<meta property=\"article:publisher\" content=\"https:\/\/facebook.com\/sunoresearch\" \/>\n<meta property=\"og:image\" content=\"https:\/\/files.sunoresearch.com.br\/n\/uploads\/2019\/09\/daafbf5a-receita-federal.jpg\" \/>\n\t<meta property=\"og:image:width\" content=\"1200\" \/>\n\t<meta property=\"og:image:height\" content=\"800\" \/>\n\t<meta property=\"og:image:type\" content=\"image\/jpeg\" \/>\n<meta name=\"author\" content=\"Poliana Santos\" \/>\n<meta name=\"twitter:card\" content=\"summary_large_image\" \/>\n<meta name=\"twitter:creator\" content=\"@sunoresearch\" \/>\n<meta name=\"twitter:site\" content=\"@sunoresearch\" \/>\n<meta name=\"twitter:label1\" content=\"Escrito por\" \/>\n\t<meta name=\"twitter:data1\" content=\"Poliana Santos\" \/>\n\t<meta name=\"twitter:label2\" content=\"Est. tempo de leitura\" \/>\n\t<meta name=\"twitter:data2\" content=\"3 minutos\" \/>\n<script type=\"application\/ld+json\" class=\"yoast-schema-graph\">{\"@context\":\"https:\/\/schema.org\",\"@graph\":[{\"@type\":\"NewsArticle\",\"@id\":\"https:\/\/www.suno.com.br\/noticias\/arrecadacao-em-outubro-soma-r-1539-bilhoes-diz-receita\/#article\",\"isPartOf\":{\"@id\":\"https:\/\/www.suno.com.br\/noticias\/arrecadacao-em-outubro-soma-r-1539-bilhoes-diz-receita\/\"},\"author\":{\"name\":\"Poliana Santos\",\"@id\":\"https:\/\/www.suno.com.br\/noticias\/#\/schema\/person\/02ec1f752758247878a2bf4abee1aeda\"},\"headline\":\"Arrecada\u00e7\u00e3o em outubro soma R$ 153,9 bilh\u00f5es, diz Receita\",\"datePublished\":\"2020-11-24T16:42:53+00:00\",\"dateModified\":\"2020-11-26T19:23:24+00:00\",\"mainEntityOfPage\":{\"@id\":\"https:\/\/www.suno.com.br\/noticias\/arrecadacao-em-outubro-soma-r-1539-bilhoes-diz-receita\/\"},\"wordCount\":523,\"publisher\":{\"@id\":\"https:\/\/www.suno.com.br\/noticias\/#organization\"},\"image\":{\"@id\":\"https:\/\/www.suno.com.br\/noticias\/arrecadacao-em-outubro-soma-r-1539-bilhoes-diz-receita\/#primaryimage\"},\"thumbnailUrl\":\"https:\/\/files.sunoresearch.com.br\/n\/uploads\/2019\/09\/daafbf5a-receita-federal-jpg.webp\",\"keywords\":[\"Arrecada\u00e7\u00e3o federal\",\"impostos\"],\"articleSection\":[\"Economia\"],\"inLanguage\":\"pt-BR\"},{\"@type\":\"WebPage\",\"@id\":\"https:\/\/www.suno.com.br\/noticias\/arrecadacao-em-outubro-soma-r-1539-bilhoes-diz-receita\/\",\"url\":\"https:\/\/www.suno.com.br\/noticias\/arrecadacao-em-outubro-soma-r-1539-bilhoes-diz-receita\/\",\"name\":\"Arrecada\u00e7\u00e3o em outubro soma R$ 153,9 bilh\u00f5es, diz Receita\",\"isPartOf\":{\"@id\":\"https:\/\/www.suno.com.br\/noticias\/#website\"},\"primaryImageOfPage\":{\"@id\":\"https:\/\/www.suno.com.br\/noticias\/arrecadacao-em-outubro-soma-r-1539-bilhoes-diz-receita\/#primaryimage\"},\"image\":{\"@id\":\"https:\/\/www.suno.com.br\/noticias\/arrecadacao-em-outubro-soma-r-1539-bilhoes-diz-receita\/#primaryimage\"},\"thumbnailUrl\":\"https:\/\/files.sunoresearch.com.br\/n\/uploads\/2019\/09\/daafbf5a-receita-federal-jpg.webp\",\"datePublished\":\"2020-11-24T16:42:53+00:00\",\"dateModified\":\"2020-11-26T19:23:24+00:00\",\"description\":\"A arrecada\u00e7\u00e3o de impostos e contribui\u00e7\u00f5es federais somou R$ 153,9 bilh\u00f5es em outubro, o melhor resultado para o m\u00eas desde 2014. Clique aqui\",\"breadcrumb\":{\"@id\":\"https:\/\/www.suno.com.br\/noticias\/arrecadacao-em-outubro-soma-r-1539-bilhoes-diz-receita\/#breadcrumb\"},\"inLanguage\":\"pt-BR\",\"potentialAction\":[{\"@type\":\"ReadAction\",\"target\":[\"https:\/\/www.suno.com.br\/noticias\/arrecadacao-em-outubro-soma-r-1539-bilhoes-diz-receita\/\"]}]},{\"@type\":\"ImageObject\",\"inLanguage\":\"pt-BR\",\"@id\":\"https:\/\/www.suno.com.br\/noticias\/arrecadacao-em-outubro-soma-r-1539-bilhoes-diz-receita\/#primaryimage\",\"url\":\"https:\/\/files.sunoresearch.com.br\/n\/uploads\/2019\/09\/daafbf5a-receita-federal-jpg.webp\",\"contentUrl\":\"https:\/\/files.sunoresearch.com.br\/n\/uploads\/2019\/09\/daafbf5a-receita-federal-jpg.webp\",\"width\":1200,\"height\":800,\"caption\":\"A cobran\u00e7a do IOF foi suspensa em abril deste ano por conta da pandemia\"},{\"@type\":\"BreadcrumbList\",\"@id\":\"https:\/\/www.suno.com.br\/noticias\/arrecadacao-em-outubro-soma-r-1539-bilhoes-diz-receita\/#breadcrumb\",\"itemListElement\":[{\"@type\":\"ListItem\",\"position\":1,\"name\":\"Not\u00edcias\",\"item\":\"https:\/\/www.suno.com.br\/noticias\/\"},{\"@type\":\"ListItem\",\"position\":2,\"name\":\"Economia\",\"item\":\"https:\/\/www.suno.com.br\/noticias\/economia\/\"},{\"@type\":\"ListItem\",\"position\":3,\"name\":\"Arrecada\u00e7\u00e3o em outubro soma R$ 153,9 bilh\u00f5es, diz Receita\"}]},{\"@type\":\"WebSite\",\"@id\":\"https:\/\/www.suno.com.br\/noticias\/#website\",\"url\":\"https:\/\/www.suno.com.br\/noticias\/\",\"name\":\"Suno Not\u00edcias\",\"description\":\"Seu portal de informa\u00e7\u00e3o sobre o mundo dos investimentos\",\"publisher\":{\"@id\":\"https:\/\/www.suno.com.br\/noticias\/#organization\"},\"potentialAction\":[{\"@type\":\"SearchAction\",\"target\":{\"@type\":\"EntryPoint\",\"urlTemplate\":\"https:\/\/www.suno.com.br\/noticias\/?s={search_term_string}\"},\"query-input\":{\"@type\":\"PropertyValueSpecification\",\"valueRequired\":true,\"valueName\":\"search_term_string\"}}],\"inLanguage\":\"pt-BR\"},{\"@type\":\"Organization\",\"@id\":\"https:\/\/www.suno.com.br\/noticias\/#organization\",\"name\":\"Suno Not\u00edcias\",\"url\":\"https:\/\/www.suno.com.br\/noticias\/\",\"logo\":{\"@type\":\"ImageObject\",\"inLanguage\":\"pt-BR\",\"@id\":\"https:\/\/www.suno.com.br\/noticias\/#\/schema\/logo\/image\/\",\"url\":\"https:\/\/files.sunoresearch.com.br\/n\/uploads\/2021\/09\/suno-logo.png\",\"contentUrl\":\"https:\/\/files.sunoresearch.com.br\/n\/uploads\/2021\/09\/suno-logo.png\",\"width\":180,\"height\":180,\"caption\":\"Suno Not\u00edcias\"},\"image\":{\"@id\":\"https:\/\/www.suno.com.br\/noticias\/#\/schema\/logo\/image\/\"},\"sameAs\":[\"https:\/\/facebook.com\/sunoresearch\",\"https:\/\/x.com\/sunoresearch\",\"https:\/\/www.instagram.com\/suno\",\"https:\/\/www.linkedin.com\/company\/suno-research\/\",\"https:\/\/www.youtube.com\/c\/sunoresearch\"]},{\"@type\":\"Person\",\"@id\":\"https:\/\/www.suno.com.br\/noticias\/#\/schema\/person\/02ec1f752758247878a2bf4abee1aeda\",\"name\":\"Poliana Santos\",\"image\":{\"@type\":\"ImageObject\",\"inLanguage\":\"pt-BR\",\"@id\":\"https:\/\/www.suno.com.br\/noticias\/#\/schema\/person\/image\/\",\"url\":\"https:\/\/secure.gravatar.com\/avatar\/0645bd32f23d87b2130f2b2dff1d3f8d?s=96&r=g\",\"contentUrl\":\"https:\/\/secure.gravatar.com\/avatar\/0645bd32f23d87b2130f2b2dff1d3f8d?s=96&r=g\",\"caption\":\"Poliana Santos\"},\"description\":\"Rep\u00f3rter no Suno Not\u00edcias, com cobertura em mercado financeiro, economia, finan\u00e7as pessoais, renda fixa e varejo. Jornalista formada pela Faculdade C\u00e1sper L\u00edbero e possui passagem na R\u00e1dio Gazeta AM com a produ\u00e7\u00e3o de conte\u00fado sobre economia, pol\u00edtica, sa\u00fade, moda e m\u00fasica. Possui certificado de conclus\u00e3o do curso de An\u00e1lise de Balan\u00e7os pela Funda\u00e7\u00e3o Bradesco, Agenda Brasil pela FAAP, Educa\u00e7\u00e3o Pol\u00edtica por Alexandre Garcia e do Tesouro Direto e Mercado de A\u00e7\u00f5es pela B3.\",\"url\":\"https:\/\/www.suno.com.br\/noticias\/author\/poliana-santos\/\"}]}<\/script>\n<!-- \/ Yoast SEO plugin. -->","yoast_head_json":{"title":"Arrecada\u00e7\u00e3o em outubro soma R$ 153,9 bilh\u00f5es, diz Receita","description":"A arrecada\u00e7\u00e3o de impostos e contribui\u00e7\u00f5es federais somou R$ 153,9 bilh\u00f5es em outubro, o melhor resultado para o m\u00eas desde 2014. Clique aqui","robots":{"index":"index","follow":"follow","max-snippet":"max-snippet:-1","max-image-preview":"max-image-preview:large","max-video-preview":"max-video-preview:-1"},"canonical":"https:\/\/www.suno.com.br\/noticias\/arrecadacao-em-outubro-soma-r-1539-bilhoes-diz-receita\/","og_locale":"pt_BR","og_type":"article","og_title":"Arrecada\u00e7\u00e3o em outubro soma R$ 153,9 bilh\u00f5es, diz Receita","og_description":"A arrecada\u00e7\u00e3o de impostos e contribui\u00e7\u00f5es federais somou R$ 153,9 bilh\u00f5es em outubro, o melhor resultado para o m\u00eas desde 2014. Clique aqui","og_url":"https:\/\/www.suno.com.br\/noticias\/arrecadacao-em-outubro-soma-r-1539-bilhoes-diz-receita\/","og_site_name":"Suno Not\u00edcias","article_publisher":"https:\/\/facebook.com\/sunoresearch","og_image":[{"width":1200,"height":800,"url":"https:\/\/files.sunoresearch.com.br\/n\/uploads\/2019\/09\/daafbf5a-receita-federal.jpg","type":"image\/jpeg"}],"author":"Poliana Santos","twitter_card":"summary_large_image","twitter_creator":"@sunoresearch","twitter_site":"@sunoresearch","twitter_misc":{"Escrito por":"Poliana Santos","Est. tempo de leitura":"3 minutos"},"schema":{"@context":"https:\/\/schema.org","@graph":[{"@type":"NewsArticle","@id":"https:\/\/www.suno.com.br\/noticias\/arrecadacao-em-outubro-soma-r-1539-bilhoes-diz-receita\/#article","isPartOf":{"@id":"https:\/\/www.suno.com.br\/noticias\/arrecadacao-em-outubro-soma-r-1539-bilhoes-diz-receita\/"},"author":{"name":"Poliana Santos","@id":"https:\/\/www.suno.com.br\/noticias\/#\/schema\/person\/02ec1f752758247878a2bf4abee1aeda"},"headline":"Arrecada\u00e7\u00e3o em outubro soma R$ 153,9 bilh\u00f5es, diz Receita","datePublished":"2020-11-24T16:42:53+00:00","dateModified":"2020-11-26T19:23:24+00:00","mainEntityOfPage":{"@id":"https:\/\/www.suno.com.br\/noticias\/arrecadacao-em-outubro-soma-r-1539-bilhoes-diz-receita\/"},"wordCount":523,"publisher":{"@id":"https:\/\/www.suno.com.br\/noticias\/#organization"},"image":{"@id":"https:\/\/www.suno.com.br\/noticias\/arrecadacao-em-outubro-soma-r-1539-bilhoes-diz-receita\/#primaryimage"},"thumbnailUrl":"https:\/\/files.sunoresearch.com.br\/n\/uploads\/2019\/09\/daafbf5a-receita-federal-jpg.webp","keywords":["Arrecada\u00e7\u00e3o federal","impostos"],"articleSection":["Economia"],"inLanguage":"pt-BR"},{"@type":"WebPage","@id":"https:\/\/www.suno.com.br\/noticias\/arrecadacao-em-outubro-soma-r-1539-bilhoes-diz-receita\/","url":"https:\/\/www.suno.com.br\/noticias\/arrecadacao-em-outubro-soma-r-1539-bilhoes-diz-receita\/","name":"Arrecada\u00e7\u00e3o em outubro soma R$ 153,9 bilh\u00f5es, diz Receita","isPartOf":{"@id":"https:\/\/www.suno.com.br\/noticias\/#website"},"primaryImageOfPage":{"@id":"https:\/\/www.suno.com.br\/noticias\/arrecadacao-em-outubro-soma-r-1539-bilhoes-diz-receita\/#primaryimage"},"image":{"@id":"https:\/\/www.suno.com.br\/noticias\/arrecadacao-em-outubro-soma-r-1539-bilhoes-diz-receita\/#primaryimage"},"thumbnailUrl":"https:\/\/files.sunoresearch.com.br\/n\/uploads\/2019\/09\/daafbf5a-receita-federal-jpg.webp","datePublished":"2020-11-24T16:42:53+00:00","dateModified":"2020-11-26T19:23:24+00:00","description":"A arrecada\u00e7\u00e3o de impostos e contribui\u00e7\u00f5es federais somou R$ 153,9 bilh\u00f5es em outubro, o melhor resultado para o m\u00eas desde 2014. Clique aqui","breadcrumb":{"@id":"https:\/\/www.suno.com.br\/noticias\/arrecadacao-em-outubro-soma-r-1539-bilhoes-diz-receita\/#breadcrumb"},"inLanguage":"pt-BR","potentialAction":[{"@type":"ReadAction","target":["https:\/\/www.suno.com.br\/noticias\/arrecadacao-em-outubro-soma-r-1539-bilhoes-diz-receita\/"]}]},{"@type":"ImageObject","inLanguage":"pt-BR","@id":"https:\/\/www.suno.com.br\/noticias\/arrecadacao-em-outubro-soma-r-1539-bilhoes-diz-receita\/#primaryimage","url":"https:\/\/files.sunoresearch.com.br\/n\/uploads\/2019\/09\/daafbf5a-receita-federal-jpg.webp","contentUrl":"https:\/\/files.sunoresearch.com.br\/n\/uploads\/2019\/09\/daafbf5a-receita-federal-jpg.webp","width":1200,"height":800,"caption":"A cobran\u00e7a do IOF foi suspensa em abril deste ano por conta da pandemia"},{"@type":"BreadcrumbList","@id":"https:\/\/www.suno.com.br\/noticias\/arrecadacao-em-outubro-soma-r-1539-bilhoes-diz-receita\/#breadcrumb","itemListElement":[{"@type":"ListItem","position":1,"name":"Not\u00edcias","item":"https:\/\/www.suno.com.br\/noticias\/"},{"@type":"ListItem","position":2,"name":"Economia","item":"https:\/\/www.suno.com.br\/noticias\/economia\/"},{"@type":"ListItem","position":3,"name":"Arrecada\u00e7\u00e3o em outubro soma R$ 153,9 bilh\u00f5es, diz Receita"}]},{"@type":"WebSite","@id":"https:\/\/www.suno.com.br\/noticias\/#website","url":"https:\/\/www.suno.com.br\/noticias\/","name":"Suno Not\u00edcias","description":"Seu portal de informa\u00e7\u00e3o sobre o mundo dos investimentos","publisher":{"@id":"https:\/\/www.suno.com.br\/noticias\/#organization"},"potentialAction":[{"@type":"SearchAction","target":{"@type":"EntryPoint","urlTemplate":"https:\/\/www.suno.com.br\/noticias\/?s={search_term_string}"},"query-input":{"@type":"PropertyValueSpecification","valueRequired":true,"valueName":"search_term_string"}}],"inLanguage":"pt-BR"},{"@type":"Organization","@id":"https:\/\/www.suno.com.br\/noticias\/#organization","name":"Suno Not\u00edcias","url":"https:\/\/www.suno.com.br\/noticias\/","logo":{"@type":"ImageObject","inLanguage":"pt-BR","@id":"https:\/\/www.suno.com.br\/noticias\/#\/schema\/logo\/image\/","url":"https:\/\/files.sunoresearch.com.br\/n\/uploads\/2021\/09\/suno-logo.png","contentUrl":"https:\/\/files.sunoresearch.com.br\/n\/uploads\/2021\/09\/suno-logo.png","width":180,"height":180,"caption":"Suno Not\u00edcias"},"image":{"@id":"https:\/\/www.suno.com.br\/noticias\/#\/schema\/logo\/image\/"},"sameAs":["https:\/\/facebook.com\/sunoresearch","https:\/\/x.com\/sunoresearch","https:\/\/www.instagram.com\/suno","https:\/\/www.linkedin.com\/company\/suno-research\/","https:\/\/www.youtube.com\/c\/sunoresearch"]},{"@type":"Person","@id":"https:\/\/www.suno.com.br\/noticias\/#\/schema\/person\/02ec1f752758247878a2bf4abee1aeda","name":"Poliana Santos","image":{"@type":"ImageObject","inLanguage":"pt-BR","@id":"https:\/\/www.suno.com.br\/noticias\/#\/schema\/person\/image\/","url":"https:\/\/secure.gravatar.com\/avatar\/0645bd32f23d87b2130f2b2dff1d3f8d?s=96&r=g","contentUrl":"https:\/\/secure.gravatar.com\/avatar\/0645bd32f23d87b2130f2b2dff1d3f8d?s=96&r=g","caption":"Poliana Santos"},"description":"Rep\u00f3rter no Suno Not\u00edcias, com cobertura em mercado financeiro, economia, finan\u00e7as pessoais, renda fixa e varejo. Jornalista formada pela Faculdade C\u00e1sper L\u00edbero e possui passagem na R\u00e1dio Gazeta AM com a produ\u00e7\u00e3o de conte\u00fado sobre economia, pol\u00edtica, sa\u00fade, moda e m\u00fasica. Possui certificado de conclus\u00e3o do curso de An\u00e1lise de Balan\u00e7os pela Funda\u00e7\u00e3o Bradesco, Agenda Brasil pela FAAP, Educa\u00e7\u00e3o Pol\u00edtica por Alexandre Garcia e do Tesouro Direto e Mercado de A\u00e7\u00f5es pela B3.","url":"https:\/\/www.suno.com.br\/noticias\/author\/poliana-santos\/"}]}},"default_loop_html":"<div class=\"cardsPage__listCard__boxs\"><div class=\"cardsPage__listCard__boxs__img\"><a href=\"https:\/\/www.suno.com.br\/noticias\/arrecadacao-em-outubro-soma-r-1539-bilhoes-diz-receita\/\"><img class=\"mask\" src=\"https:\/\/www.suno.com.br\/noticias\/wp-content\/themes\/suno\/resources\/images\/spotlight\/spotlight1img\/bg-mask.png\" alt=\"Image Mask\"\/><img src=\"https:\/\/files.sunoresearch.com.br\/n\/uploads\/2019\/09\/daafbf5a-receita-federal-400x200.webp\" alt=\"Arrecada\u00e7\u00e3o em outubro soma R$ 153,9 bilh\u00f5es, diz Receita\"\/><\/a><span class=\"spotlightCategory\"><a href=\"https:\/\/www.suno.com.br\/noticias\/economia\/\">Economia<\/a><\/span><\/div><div class=\"cardsPage__listCard__boxs__content\"><a href=\"https:\/\/www.suno.com.br\/noticias\/arrecadacao-em-outubro-soma-r-1539-bilhoes-diz-receita\/\"><h2 class=\"content__title\">Arrecada\u00e7\u00e3o em outubro soma R$ 153,9 bilh\u00f5es, diz Receita<\/h2><\/a><div class=\"newsContent__article__meta\"><div class=\"newsContent__article__meta__authorBox\"><a href=\"https:\/\/www.suno.com.br\/noticias\/author\/poliana-santos\/\" class=\"authorBox__avatar noMobi\"><img src=\"https:\/\/files.sunoresearch.com.br\/n\/uploads\/2020\/08\/7ef34026-whatsapp-image-2020-08-03-at-12.37.57-150x150.webp\" alt=\"Poliana Santos\"><\/a><div class=\"authorBox__name\"><span>por\n\t\t\t<a href=\"https:\/\/www.suno.com.br\/noticias\/author\/poliana-santos\/\"><span itemprop=\"author\">Poliana Santos<\/span><\/a><\/span><time datetime=\"2020-11-24T13:42:53-03:00\" itemprop=\"datePublished\">24\/11\/2020 13:42<\/time><\/div><\/div><\/div><\/div><\/div>","single_layout":"posts","amp_enabled":true,"_links":{"self":[{"href":"https:\/\/www.suno.com.br\/noticias\/wp-json\/wp\/v2\/posts\/102653"}],"collection":[{"href":"https:\/\/www.suno.com.br\/noticias\/wp-json\/wp\/v2\/posts"}],"about":[{"href":"https:\/\/www.suno.com.br\/noticias\/wp-json\/wp\/v2\/types\/post"}],"author":[{"embeddable":true,"href":"https:\/\/www.suno.com.br\/noticias\/wp-json\/wp\/v2\/users\/15"}],"replies":[{"embeddable":true,"href":"https:\/\/www.suno.com.br\/noticias\/wp-json\/wp\/v2\/comments?post=102653"}],"version-history":[{"count":0,"href":"https:\/\/www.suno.com.br\/noticias\/wp-json\/wp\/v2\/posts\/102653\/revisions"}],"wp:featuredmedia":[{"embeddable":true,"href":"https:\/\/www.suno.com.br\/noticias\/wp-json\/wp\/v2\/media\/36839"}],"wp:attachment":[{"href":"https:\/\/www.suno.com.br\/noticias\/wp-json\/wp\/v2\/media?parent=102653"}],"wp:term":[{"taxonomy":"category","embeddable":true,"href":"https:\/\/www.suno.com.br\/noticias\/wp-json\/wp\/v2\/categories?post=102653"},{"taxonomy":"post_tag","embeddable":true,"href":"https:\/\/www.suno.com.br\/noticias\/wp-json\/wp\/v2\/tags?post=102653"},{"taxonomy":"suno_strategy","embeddable":true,"href":"https:\/\/www.suno.com.br\/noticias\/wp-json\/wp\/v2\/suno_strategy?post=102653"}],"curies":[{"name":"wp","href":"https:\/\/api.w.org\/{rel}","templated":true}]}}