{"id":102397,"date":"2020-11-23T16:14:07","date_gmt":"2020-11-23T19:14:07","guid":{"rendered":"https:\/\/www.suno.com.br\/noticias\/?p=102397"},"modified":"2021-02-17T23:03:50","modified_gmt":"2021-02-18T02:03:50","slug":"balanca-comercial-superavit-e-de-us-50-bi-na-parcial-de-2020-alta-de-245","status":"publish","type":"post","link":"https:\/\/www.suno.com.br\/noticias\/balanca-comercial-superavit-e-de-us-50-bi-na-parcial-de-2020-alta-de-245\/","title":{"rendered":"Balan\u00e7a comercial: Super\u00e1vit \u00e9 de US$ 50 bi na parcial de 2020, alta de 24,5%"},"content":{"rendered":"<p>O <strong>Minist\u00e9rio da Economia<\/strong> divulgou nesta segunda-feira (23) que a <a href=\"https:\/\/www.suno.com.br\/artigos\/balanca-comercial\/\"><strong>balan\u00e7a comercial<\/strong><\/a>\u00a0registrou super\u00e1vit de US$ 50,348 bilh\u00f5es no acumulado deste ano at\u00e9 o \u00faltimo domingo (22). O resultado positivo representa uma alta de 24,5% em compara\u00e7\u00e3o com o mesmo per\u00edodo de 2019, de US$ 42,088 bilh\u00f5es.<\/p>\t<div class=\"wrapper-featured-image\">\n\t\t<figure class=\"spotlightImg\">\n\n\t\t\t<picture>\n\t\t\t\t<source media=\"(max-width: 768px)\" srcset=\"https:\/\/files.sunoresearch.com.br\/n\/uploads\/2020\/11\/1ec7066c-exportacoes-e-importacoes-400x200.webp\">\n\t\t\t\t<img loading=\"lazy\" decoding=\"async\" class=\"newsContent__article__imgCapa lazyloadDisabled \" src=\"https:\/\/files.sunoresearch.com.br\/n\/uploads\/2020\/11\/1ec7066c-exportacoes-e-importacoes.jpg\" width=\"800\" height=\"450\" alt=\"Balan\u00e7a comercial: Super\u00e1vit \u00e9 de US$ 50 bi na parcial de 2020, alta de 24,5%\" fetchpriority=high \/>\n\t\t\t<\/picture>\n\n\t\t\t<figcaption class=\"wp-caption-text wp-caption-text--show\">Balan\u00e7a comercial: Super\u00e1vit \u00e9 de US$ 50 bi na parcial de 2020, alta de 24,5% <\/figcaption>\n\t\t<\/figure>\n\t<\/div>\n\n\n\t<p>\n\t\t<a href=\"https:\/\/lp.suno.com.br\/planilha-controle-gastos\/\" target=\"_blank\" data-element=\"shortcode-suno-banner\" title=\"Banner SUNO, clique e saiba mais\">\n\t\t\t<picture>\n\t\t\t\t<source media=\"(max-width: 500px)\" srcset=\"https:\/\/files.sunoresearch.com.br\/n\/uploads\/2023\/03\/400x300-Planilha-controle-de-gastos.png\">\n\t\t\t\t<img class=\"newsContent__article__imgCapa newsContent__article__imgCapa--banner\"\n\t\t\t\t\tsrc=\"https:\/\/files.sunoresearch.com.br\/n\/uploads\/2023\/03\/1420x240-Planilha-controle-de-gastos.png\"\n\t\t\t\t\tdata-promo-id=\"101751\"\t\t\t\t\t\t\t\t\t\twidth='1420' height='240'\t\t\t\t\talt=\"https:\/\/files.sunoresearch.com.br\/n\/uploads\/2023\/03\/1420x240-Planilha-controle-de-gastos.png\"\n\t\t\t\t>\n\t\t\t<\/picture>\n\t\t<\/a>\n\t<\/p>\n\n\n<p>Al\u00e9m disso, o super\u00e1vit da balan\u00e7a comercial de 2020, at\u00e9 o m\u00eas de novembro,\u00a0j\u00e1 superou o registrado em todo ano de 2019, de US$ 48,035 bilh\u00f5es (valor revisado).<\/p>\n<p>O resultado \u00e9 proveniente do baixo n\u00edvel das <strong>importa\u00e7\u00f5es<\/strong> devido \u00e0 redu\u00e7\u00e3o da demanda por produtos dos exterior diante da pandemia do <a href=\"https:\/\/www.suno.com.br\/noticias\/tags\/coronavirus\/\">novo coronav\u00edrus (Covid-19)<\/a>. A proje\u00e7\u00e3o do governo e do mercado \u00e9 de um tombo de aproximadamente 4,5% no <a href=\"https:\/\/www.suno.com.br\/artigos\/pib-produto-interno-bruto\/\">Produto Interno Bruto (PIB)<\/a> neste ano.<\/p>\n\t<p>\n\t\t<a href=\"https:\/\/lp.suno.com.br\/planilha-controle-gastos\/\" target=\"_blank\" data-element=\"shortcode-suno-banner\" title=\"Banner SUNO, clique e saiba mais\">\n\t\t\t<picture>\n\t\t\t\t<source media=\"(max-width: 500px)\" srcset=\"https:\/\/files.sunoresearch.com.br\/n\/uploads\/2023\/03\/400x300-Planilha-controle-de-gastos.png\">\n\t\t\t\t<img class=\"newsContent__article__imgCapa newsContent__article__imgCapa--banner\"\n\t\t\t\t\tsrc=\"https:\/\/files.sunoresearch.com.br\/n\/uploads\/2023\/03\/1420x240-Planilha-controle-de-gastos.png\"\n\t\t\t\t\tdata-promo-id=\"101751\"\t\t\t\t\t\t\t\t\t\twidth='1420' height='240'\t\t\t\t\talt=\"https:\/\/files.sunoresearch.com.br\/n\/uploads\/2023\/03\/1420x240-Planilha-controle-de-gastos.png\"\n\t\t\t\t>\n\t\t\t<\/picture>\n\t\t<\/a>\n\t<\/p>\n\n\n<p>Outro fator que tamb\u00e9m interferiu no resultado foi a forte alta do <strong>d\u00f3lar<\/strong>, de cerca de 35% <strong>no acumulado de 2020<\/strong>, de acordo com analistas. Diante da valoriza\u00e7\u00e3o da moeda norte-americana, os exportadores recebem mais por suas vendas externas, ao mesmo tempo em que as compras do exterior ficam mais caras.<\/p>\n<p>Na parcial de 2020, as exporta\u00e7\u00f5es registraram uma queda de de 6,1%, para US$ 186,725 bilh\u00f5es, enquanto as importa\u00e7\u00f5es ca\u00edram mais do que o dobro: 13,9%, para US$ 136,377 bilh\u00f5es.<\/p>\n<p><a href=\"https:\/\/lp.suno.com.br\/suno-one\/\">Suno One: acesse gratuitamente eBooks, Minicursos, Artigos e Video Aulas sobre investimentos com um \u00fanico cadastro. Clique para saber mais!<\/a><\/p>\n<h2>Balan\u00e7a comercial de outubro<\/h2>\n<p>A Secretaria de Com\u00e9rcio Exterior (Secex) do <strong>Minist\u00e9rio da Economia<\/strong> divulgou nesta ter\u00e7a-feira (3) que a <strong>balan\u00e7a comercial<\/strong> brasileira registrou um <strong>super\u00e1vit<\/strong> em outubro. As exporta\u00e7\u00f5es superaram as importa\u00e7\u00f5es em US$ 5,473 bilh\u00f5es (cerca de R$ 31,46 bilh\u00f5es), o maior resultado para o m\u00eas desde 2018.<\/p>\n<p>O super\u00e1vit da balan\u00e7a comercial j\u00e1 soma, no acumulado do ano at\u00e9 o m\u00eas de outubro, US$ 47,662 bilh\u00f5es, ante US$ 38,524 bilh\u00f5es do mesmo per\u00edodo de 2019. Enquanto no m\u00eas passado, a Secex atualizou a proje\u00e7\u00e3o para o saldo comercial positivo deste ano de US$ 55 bilh\u00f5es.<\/p>\n<p>De acordo com a Secretaria de Com\u00e9rcio Exterior, o super\u00e1vit do m\u00eas passado foi causado pela estabilidade das exporta\u00e7\u00f5es, enquanto as importa\u00e7\u00f5es voltaram a registrar forte queda na m\u00e9dia di\u00e1ria em compara\u00e7\u00e3o a outubro de 2019. Em valores absolutos, as exporta\u00e7\u00f5es somaram US$ 17,855 bilh\u00f5es em outubro, enquanto as importa\u00e7\u00f5es ficaram em US$ 12,383 bilh\u00f5es.<\/p>\n<p>A m\u00e9dia di\u00e1ria das importa\u00e7\u00f5es diminuiu 20,0% em rela\u00e7\u00e3o a outubro do ano passado, com tombo de 44,6% na ind\u00fastria extrativa e queda de 19,5% na ind\u00fastria de transforma\u00e7\u00e3o. Ao passo que a m\u00e9dia di\u00e1ria de importa\u00e7\u00f5es da agropecu\u00e1ria cresceu 3,0%, na compara\u00e7\u00e3o com outubro de 2019.<\/p>\n<p><a href=\"https:\/\/www.suno.com.br\/noticias\/balanca-comercial-outubro-registra-superavit-de-us-5473-bilhoes\/\">Saiba Mais: Balan\u00e7a comercial: outubro registra super\u00e1vit de US$ 5,473 bilh\u00f5es<\/a><\/p>\n<p>J\u00e1 no caso das <strong>exporta\u00e7\u00f5es<\/strong>, houve um leve aumento de 0,3%, puxado pela ind\u00fastria extrativa, que teve alta de 7,2%, enquanto as vendas da ind\u00fastria de transforma\u00e7\u00e3o aumentaram 4,7%. Por outro lado, a agropecu\u00e1ria teve um recuo de 20,6% na m\u00e9dia di\u00e1ria.<\/p>\n<p>O Minist\u00e9rio da Economia divulgou ainda que a <strong>balan\u00e7a comercial<\/strong> registrou um super\u00e1vit de US$ 802 milh\u00f5es na quinta semana de outubro (26 a 31), com US$ 3,662 bilh\u00f5es em exporta\u00e7\u00f5es e US$ 2,860 bilh\u00f5es em importa\u00e7\u00f5es.<\/p>\n\t<p>\n\t\t<a href=\"https:\/\/lp.suno.com.br\/planilha-de-controle-de-investimentos\/\" target=\"_blank\" data-element=\"shortcode-suno-banner\" title=\"Banner SUNO, clique e saiba mais\">\n\t\t\t<picture>\n\t\t\t\t<source media=\"(max-width: 500px)\" srcset=\"https:\/\/files.sunoresearch.com.br\/n\/uploads\/2023\/03\/400x300-Controle-de-Investimentos.png\">\n\t\t\t\t<img class=\"newsContent__article__imgCapa newsContent__article__imgCapa--banner\"\n\t\t\t\t\tsrc=\"https:\/\/files.sunoresearch.com.br\/n\/uploads\/2023\/03\/1420x240-Controle-de-Investimentos.png\"\n\t\t\t\t\tdata-promo-id=\"75934\"\t\t\t\t\t\t\t\t\t\twidth='1420' height='240'\t\t\t\t\talt=\"https:\/\/files.sunoresearch.com.br\/n\/uploads\/2023\/03\/1420x240-Controle-de-Investimentos.png\"\n\t\t\t\t>\n\t\t\t<\/picture>\n\t\t<\/a>\n\t<\/p>\n\n\n<p>&nbsp;<\/p>\n","protected":false},"excerpt":{"rendered":"<p>O Minist\u00e9rio da Economia divulgou nesta segunda-feira (23) que a balan\u00e7a comercial\u00a0registrou super\u00e1vit de US$ 50,348 bilh\u00f5es no acumulado deste ano at\u00e9 o \u00faltimo domingo (22). O resultado positivo representa uma alta de 24,5% em compara\u00e7\u00e3o com o mesmo per\u00edodo de 2019, de US$ 42,088 bilh\u00f5es. Balan\u00e7a comercial: Super\u00e1vit \u00e9 de US$ 50 bi na [&hellip;]<\/p>\n","protected":false},"author":56,"featured_media":102406,"comment_status":"closed","ping_status":"closed","sticky":false,"template":"","format":"standard","meta":[],"categories":[62],"tags":[914,707,706],"suno_strategy":[],"class_list":["post-102397","post","type-post","status-publish","format-standard","has-post-thumbnail","hentry","category-economia","tag-balanca-comercial","tag-exportacoes","tag-importacoes"],"yoast_head":"<!-- This site is optimized with the Yoast SEO plugin v24.4 - https:\/\/yoast.com\/wordpress\/plugins\/seo\/ -->\n<title>Balan\u00e7a comercial: Super\u00e1vit \u00e9 de US$ 50 bi na parcial de 2020<\/title>\n<meta name=\"description\" content=\"O super\u00e1vit da balan\u00e7a comercial de 2020 j\u00e1 superou o registrado em todo ano de 2019, de US$ 48,035 bi. Clique aqui para saber mais.\" \/>\n<meta name=\"robots\" content=\"index, follow, max-snippet:-1, max-image-preview:large, max-video-preview:-1\" \/>\n<link rel=\"canonical\" href=\"https:\/\/www.suno.com.br\/noticias\/balanca-comercial-superavit-e-de-us-50-bi-na-parcial-de-2020-alta-de-245\/\" \/>\n<meta property=\"og:locale\" content=\"pt_BR\" \/>\n<meta property=\"og:type\" content=\"article\" \/>\n<meta property=\"og:title\" content=\"Balan\u00e7a comercial: Super\u00e1vit \u00e9 de US$ 50 bi na parcial de 2020\" \/>\n<meta property=\"og:description\" content=\"O super\u00e1vit da balan\u00e7a comercial de 2020 j\u00e1 superou o registrado em todo ano de 2019, de US$ 48,035 bi. Clique aqui para saber mais.\" \/>\n<meta property=\"og:url\" content=\"https:\/\/www.suno.com.br\/noticias\/balanca-comercial-superavit-e-de-us-50-bi-na-parcial-de-2020-alta-de-245\/\" \/>\n<meta property=\"og:site_name\" content=\"Suno Not\u00edcias\" \/>\n<meta property=\"article:publisher\" content=\"https:\/\/facebook.com\/sunoresearch\" \/>\n<meta property=\"og:image\" content=\"https:\/\/files.sunoresearch.com.br\/n\/uploads\/2020\/11\/1ec7066c-exportacoes-e-importacoes.jpg\" \/>\n\t<meta property=\"og:image:width\" content=\"880\" \/>\n\t<meta property=\"og:image:height\" content=\"448\" \/>\n\t<meta property=\"og:image:type\" content=\"image\/jpeg\" \/>\n<meta name=\"author\" content=\"Rafaela La Regina\" \/>\n<meta name=\"twitter:card\" content=\"summary_large_image\" \/>\n<meta name=\"twitter:creator\" content=\"@sunoresearch\" \/>\n<meta name=\"twitter:site\" content=\"@sunoresearch\" \/>\n<meta name=\"twitter:label1\" content=\"Escrito por\" \/>\n\t<meta name=\"twitter:data1\" content=\"Rafaela La Regina\" \/>\n\t<meta name=\"twitter:label2\" content=\"Est. tempo de leitura\" \/>\n\t<meta name=\"twitter:data2\" content=\"3 minutos\" \/>\n<script type=\"application\/ld+json\" class=\"yoast-schema-graph\">{\"@context\":\"https:\/\/schema.org\",\"@graph\":[{\"@type\":\"NewsArticle\",\"@id\":\"https:\/\/www.suno.com.br\/noticias\/balanca-comercial-superavit-e-de-us-50-bi-na-parcial-de-2020-alta-de-245\/#article\",\"isPartOf\":{\"@id\":\"https:\/\/www.suno.com.br\/noticias\/balanca-comercial-superavit-e-de-us-50-bi-na-parcial-de-2020-alta-de-245\/\"},\"author\":{\"name\":\"Rafaela La Regina\",\"@id\":\"https:\/\/www.suno.com.br\/noticias\/#\/schema\/person\/e672ca8cea627fe715fa29bca7da95e0\"},\"headline\":\"Balan\u00e7a comercial: Super\u00e1vit \u00e9 de US$ 50 bi na parcial de 2020, alta de 24,5%\",\"datePublished\":\"2020-11-23T19:14:07+00:00\",\"dateModified\":\"2021-02-18T02:03:50+00:00\",\"mainEntityOfPage\":{\"@id\":\"https:\/\/www.suno.com.br\/noticias\/balanca-comercial-superavit-e-de-us-50-bi-na-parcial-de-2020-alta-de-245\/\"},\"wordCount\":577,\"publisher\":{\"@id\":\"https:\/\/www.suno.com.br\/noticias\/#organization\"},\"image\":{\"@id\":\"https:\/\/www.suno.com.br\/noticias\/balanca-comercial-superavit-e-de-us-50-bi-na-parcial-de-2020-alta-de-245\/#primaryimage\"},\"thumbnailUrl\":\"https:\/\/files.sunoresearch.com.br\/n\/uploads\/2020\/11\/1ec7066c-exportacoes-e-importacoes.jpg\",\"keywords\":[\"balan\u00e7a comercial\",\"exporta\u00e7\u00f5es\",\"importa\u00e7\u00f5es\"],\"articleSection\":[\"Economia\"],\"inLanguage\":\"pt-BR\"},{\"@type\":\"WebPage\",\"@id\":\"https:\/\/www.suno.com.br\/noticias\/balanca-comercial-superavit-e-de-us-50-bi-na-parcial-de-2020-alta-de-245\/\",\"url\":\"https:\/\/www.suno.com.br\/noticias\/balanca-comercial-superavit-e-de-us-50-bi-na-parcial-de-2020-alta-de-245\/\",\"name\":\"Balan\u00e7a comercial: Super\u00e1vit \u00e9 de US$ 50 bi na parcial de 2020\",\"isPartOf\":{\"@id\":\"https:\/\/www.suno.com.br\/noticias\/#website\"},\"primaryImageOfPage\":{\"@id\":\"https:\/\/www.suno.com.br\/noticias\/balanca-comercial-superavit-e-de-us-50-bi-na-parcial-de-2020-alta-de-245\/#primaryimage\"},\"image\":{\"@id\":\"https:\/\/www.suno.com.br\/noticias\/balanca-comercial-superavit-e-de-us-50-bi-na-parcial-de-2020-alta-de-245\/#primaryimage\"},\"thumbnailUrl\":\"https:\/\/files.sunoresearch.com.br\/n\/uploads\/2020\/11\/1ec7066c-exportacoes-e-importacoes.jpg\",\"datePublished\":\"2020-11-23T19:14:07+00:00\",\"dateModified\":\"2021-02-18T02:03:50+00:00\",\"description\":\"O super\u00e1vit da balan\u00e7a comercial de 2020 j\u00e1 superou o registrado em todo ano de 2019, de US$ 48,035 bi. Clique aqui para saber mais.\",\"breadcrumb\":{\"@id\":\"https:\/\/www.suno.com.br\/noticias\/balanca-comercial-superavit-e-de-us-50-bi-na-parcial-de-2020-alta-de-245\/#breadcrumb\"},\"inLanguage\":\"pt-BR\",\"potentialAction\":[{\"@type\":\"ReadAction\",\"target\":[\"https:\/\/www.suno.com.br\/noticias\/balanca-comercial-superavit-e-de-us-50-bi-na-parcial-de-2020-alta-de-245\/\"]}]},{\"@type\":\"ImageObject\",\"inLanguage\":\"pt-BR\",\"@id\":\"https:\/\/www.suno.com.br\/noticias\/balanca-comercial-superavit-e-de-us-50-bi-na-parcial-de-2020-alta-de-245\/#primaryimage\",\"url\":\"https:\/\/files.sunoresearch.com.br\/n\/uploads\/2020\/11\/1ec7066c-exportacoes-e-importacoes.jpg\",\"contentUrl\":\"https:\/\/files.sunoresearch.com.br\/n\/uploads\/2020\/11\/1ec7066c-exportacoes-e-importacoes.jpg\",\"width\":880,\"height\":448,\"caption\":\"Balan\u00e7a comercial: Super\u00e1vit \u00e9 de US$ 50 bi na parcial de 2020, alta de 24,5%\"},{\"@type\":\"BreadcrumbList\",\"@id\":\"https:\/\/www.suno.com.br\/noticias\/balanca-comercial-superavit-e-de-us-50-bi-na-parcial-de-2020-alta-de-245\/#breadcrumb\",\"itemListElement\":[{\"@type\":\"ListItem\",\"position\":1,\"name\":\"Not\u00edcias\",\"item\":\"https:\/\/www.suno.com.br\/noticias\/\"},{\"@type\":\"ListItem\",\"position\":2,\"name\":\"Economia\",\"item\":\"https:\/\/www.suno.com.br\/noticias\/economia\/\"},{\"@type\":\"ListItem\",\"position\":3,\"name\":\"Balan\u00e7a comercial: Super\u00e1vit \u00e9 de US$ 50 bi na parcial de 2020, alta de 24,5%\"}]},{\"@type\":\"WebSite\",\"@id\":\"https:\/\/www.suno.com.br\/noticias\/#website\",\"url\":\"https:\/\/www.suno.com.br\/noticias\/\",\"name\":\"Suno Not\u00edcias\",\"description\":\"Seu portal de informa\u00e7\u00e3o sobre o mundo dos investimentos\",\"publisher\":{\"@id\":\"https:\/\/www.suno.com.br\/noticias\/#organization\"},\"potentialAction\":[{\"@type\":\"SearchAction\",\"target\":{\"@type\":\"EntryPoint\",\"urlTemplate\":\"https:\/\/www.suno.com.br\/noticias\/?s={search_term_string}\"},\"query-input\":{\"@type\":\"PropertyValueSpecification\",\"valueRequired\":true,\"valueName\":\"search_term_string\"}}],\"inLanguage\":\"pt-BR\"},{\"@type\":\"Organization\",\"@id\":\"https:\/\/www.suno.com.br\/noticias\/#organization\",\"name\":\"Suno Not\u00edcias\",\"url\":\"https:\/\/www.suno.com.br\/noticias\/\",\"logo\":{\"@type\":\"ImageObject\",\"inLanguage\":\"pt-BR\",\"@id\":\"https:\/\/www.suno.com.br\/noticias\/#\/schema\/logo\/image\/\",\"url\":\"https:\/\/files.sunoresearch.com.br\/n\/uploads\/2021\/09\/suno-logo.png\",\"contentUrl\":\"https:\/\/files.sunoresearch.com.br\/n\/uploads\/2021\/09\/suno-logo.png\",\"width\":180,\"height\":180,\"caption\":\"Suno Not\u00edcias\"},\"image\":{\"@id\":\"https:\/\/www.suno.com.br\/noticias\/#\/schema\/logo\/image\/\"},\"sameAs\":[\"https:\/\/facebook.com\/sunoresearch\",\"https:\/\/x.com\/sunoresearch\",\"https:\/\/www.instagram.com\/suno\",\"https:\/\/www.linkedin.com\/company\/suno-research\/\",\"https:\/\/www.youtube.com\/c\/sunoresearch\"]},{\"@type\":\"Person\",\"@id\":\"https:\/\/www.suno.com.br\/noticias\/#\/schema\/person\/e672ca8cea627fe715fa29bca7da95e0\",\"name\":\"Rafaela La Regina\",\"image\":{\"@type\":\"ImageObject\",\"inLanguage\":\"pt-BR\",\"@id\":\"https:\/\/www.suno.com.br\/noticias\/#\/schema\/person\/image\/\",\"url\":\"https:\/\/secure.gravatar.com\/avatar\/d2c75a52d243deb93d0465fdcb21bd37?s=96&r=g\",\"contentUrl\":\"https:\/\/secure.gravatar.com\/avatar\/d2c75a52d243deb93d0465fdcb21bd37?s=96&r=g\",\"caption\":\"Rafaela La Regina\"},\"description\":\"Estagi\u00e1ria no Suno Not\u00edcias. Escreve sobre economia, pol\u00edtica e neg\u00f3cios. Estuda Rela\u00e7\u00f5es Internacionais no IBMEC-SP.\",\"url\":\"https:\/\/www.suno.com.br\/noticias\/author\/rafaela-la-regina\/\"}]}<\/script>\n<!-- \/ Yoast SEO plugin. -->","yoast_head_json":{"title":"Balan\u00e7a comercial: Super\u00e1vit \u00e9 de US$ 50 bi na parcial de 2020","description":"O super\u00e1vit da balan\u00e7a comercial de 2020 j\u00e1 superou o registrado em todo ano de 2019, de US$ 48,035 bi. Clique aqui para saber mais.","robots":{"index":"index","follow":"follow","max-snippet":"max-snippet:-1","max-image-preview":"max-image-preview:large","max-video-preview":"max-video-preview:-1"},"canonical":"https:\/\/www.suno.com.br\/noticias\/balanca-comercial-superavit-e-de-us-50-bi-na-parcial-de-2020-alta-de-245\/","og_locale":"pt_BR","og_type":"article","og_title":"Balan\u00e7a comercial: Super\u00e1vit \u00e9 de US$ 50 bi na parcial de 2020","og_description":"O super\u00e1vit da balan\u00e7a comercial de 2020 j\u00e1 superou o registrado em todo ano de 2019, de US$ 48,035 bi. Clique aqui para saber mais.","og_url":"https:\/\/www.suno.com.br\/noticias\/balanca-comercial-superavit-e-de-us-50-bi-na-parcial-de-2020-alta-de-245\/","og_site_name":"Suno Not\u00edcias","article_publisher":"https:\/\/facebook.com\/sunoresearch","og_image":[{"width":880,"height":448,"url":"https:\/\/files.sunoresearch.com.br\/n\/uploads\/2020\/11\/1ec7066c-exportacoes-e-importacoes.jpg","type":"image\/jpeg"}],"author":"Rafaela La Regina","twitter_card":"summary_large_image","twitter_creator":"@sunoresearch","twitter_site":"@sunoresearch","twitter_misc":{"Escrito por":"Rafaela La Regina","Est. tempo de leitura":"3 minutos"},"schema":{"@context":"https:\/\/schema.org","@graph":[{"@type":"NewsArticle","@id":"https:\/\/www.suno.com.br\/noticias\/balanca-comercial-superavit-e-de-us-50-bi-na-parcial-de-2020-alta-de-245\/#article","isPartOf":{"@id":"https:\/\/www.suno.com.br\/noticias\/balanca-comercial-superavit-e-de-us-50-bi-na-parcial-de-2020-alta-de-245\/"},"author":{"name":"Rafaela La Regina","@id":"https:\/\/www.suno.com.br\/noticias\/#\/schema\/person\/e672ca8cea627fe715fa29bca7da95e0"},"headline":"Balan\u00e7a comercial: Super\u00e1vit \u00e9 de US$ 50 bi na parcial de 2020, alta de 24,5%","datePublished":"2020-11-23T19:14:07+00:00","dateModified":"2021-02-18T02:03:50+00:00","mainEntityOfPage":{"@id":"https:\/\/www.suno.com.br\/noticias\/balanca-comercial-superavit-e-de-us-50-bi-na-parcial-de-2020-alta-de-245\/"},"wordCount":577,"publisher":{"@id":"https:\/\/www.suno.com.br\/noticias\/#organization"},"image":{"@id":"https:\/\/www.suno.com.br\/noticias\/balanca-comercial-superavit-e-de-us-50-bi-na-parcial-de-2020-alta-de-245\/#primaryimage"},"thumbnailUrl":"https:\/\/files.sunoresearch.com.br\/n\/uploads\/2020\/11\/1ec7066c-exportacoes-e-importacoes.jpg","keywords":["balan\u00e7a comercial","exporta\u00e7\u00f5es","importa\u00e7\u00f5es"],"articleSection":["Economia"],"inLanguage":"pt-BR"},{"@type":"WebPage","@id":"https:\/\/www.suno.com.br\/noticias\/balanca-comercial-superavit-e-de-us-50-bi-na-parcial-de-2020-alta-de-245\/","url":"https:\/\/www.suno.com.br\/noticias\/balanca-comercial-superavit-e-de-us-50-bi-na-parcial-de-2020-alta-de-245\/","name":"Balan\u00e7a comercial: Super\u00e1vit \u00e9 de US$ 50 bi na parcial de 2020","isPartOf":{"@id":"https:\/\/www.suno.com.br\/noticias\/#website"},"primaryImageOfPage":{"@id":"https:\/\/www.suno.com.br\/noticias\/balanca-comercial-superavit-e-de-us-50-bi-na-parcial-de-2020-alta-de-245\/#primaryimage"},"image":{"@id":"https:\/\/www.suno.com.br\/noticias\/balanca-comercial-superavit-e-de-us-50-bi-na-parcial-de-2020-alta-de-245\/#primaryimage"},"thumbnailUrl":"https:\/\/files.sunoresearch.com.br\/n\/uploads\/2020\/11\/1ec7066c-exportacoes-e-importacoes.jpg","datePublished":"2020-11-23T19:14:07+00:00","dateModified":"2021-02-18T02:03:50+00:00","description":"O super\u00e1vit da balan\u00e7a comercial de 2020 j\u00e1 superou o registrado em todo ano de 2019, de US$ 48,035 bi. Clique aqui para saber mais.","breadcrumb":{"@id":"https:\/\/www.suno.com.br\/noticias\/balanca-comercial-superavit-e-de-us-50-bi-na-parcial-de-2020-alta-de-245\/#breadcrumb"},"inLanguage":"pt-BR","potentialAction":[{"@type":"ReadAction","target":["https:\/\/www.suno.com.br\/noticias\/balanca-comercial-superavit-e-de-us-50-bi-na-parcial-de-2020-alta-de-245\/"]}]},{"@type":"ImageObject","inLanguage":"pt-BR","@id":"https:\/\/www.suno.com.br\/noticias\/balanca-comercial-superavit-e-de-us-50-bi-na-parcial-de-2020-alta-de-245\/#primaryimage","url":"https:\/\/files.sunoresearch.com.br\/n\/uploads\/2020\/11\/1ec7066c-exportacoes-e-importacoes.jpg","contentUrl":"https:\/\/files.sunoresearch.com.br\/n\/uploads\/2020\/11\/1ec7066c-exportacoes-e-importacoes.jpg","width":880,"height":448,"caption":"Balan\u00e7a comercial: Super\u00e1vit \u00e9 de US$ 50 bi na parcial de 2020, alta de 24,5%"},{"@type":"BreadcrumbList","@id":"https:\/\/www.suno.com.br\/noticias\/balanca-comercial-superavit-e-de-us-50-bi-na-parcial-de-2020-alta-de-245\/#breadcrumb","itemListElement":[{"@type":"ListItem","position":1,"name":"Not\u00edcias","item":"https:\/\/www.suno.com.br\/noticias\/"},{"@type":"ListItem","position":2,"name":"Economia","item":"https:\/\/www.suno.com.br\/noticias\/economia\/"},{"@type":"ListItem","position":3,"name":"Balan\u00e7a comercial: Super\u00e1vit \u00e9 de US$ 50 bi na parcial de 2020, alta de 24,5%"}]},{"@type":"WebSite","@id":"https:\/\/www.suno.com.br\/noticias\/#website","url":"https:\/\/www.suno.com.br\/noticias\/","name":"Suno Not\u00edcias","description":"Seu portal de informa\u00e7\u00e3o sobre o mundo dos investimentos","publisher":{"@id":"https:\/\/www.suno.com.br\/noticias\/#organization"},"potentialAction":[{"@type":"SearchAction","target":{"@type":"EntryPoint","urlTemplate":"https:\/\/www.suno.com.br\/noticias\/?s={search_term_string}"},"query-input":{"@type":"PropertyValueSpecification","valueRequired":true,"valueName":"search_term_string"}}],"inLanguage":"pt-BR"},{"@type":"Organization","@id":"https:\/\/www.suno.com.br\/noticias\/#organization","name":"Suno Not\u00edcias","url":"https:\/\/www.suno.com.br\/noticias\/","logo":{"@type":"ImageObject","inLanguage":"pt-BR","@id":"https:\/\/www.suno.com.br\/noticias\/#\/schema\/logo\/image\/","url":"https:\/\/files.sunoresearch.com.br\/n\/uploads\/2021\/09\/suno-logo.png","contentUrl":"https:\/\/files.sunoresearch.com.br\/n\/uploads\/2021\/09\/suno-logo.png","width":180,"height":180,"caption":"Suno Not\u00edcias"},"image":{"@id":"https:\/\/www.suno.com.br\/noticias\/#\/schema\/logo\/image\/"},"sameAs":["https:\/\/facebook.com\/sunoresearch","https:\/\/x.com\/sunoresearch","https:\/\/www.instagram.com\/suno","https:\/\/www.linkedin.com\/company\/suno-research\/","https:\/\/www.youtube.com\/c\/sunoresearch"]},{"@type":"Person","@id":"https:\/\/www.suno.com.br\/noticias\/#\/schema\/person\/e672ca8cea627fe715fa29bca7da95e0","name":"Rafaela La Regina","image":{"@type":"ImageObject","inLanguage":"pt-BR","@id":"https:\/\/www.suno.com.br\/noticias\/#\/schema\/person\/image\/","url":"https:\/\/secure.gravatar.com\/avatar\/d2c75a52d243deb93d0465fdcb21bd37?s=96&r=g","contentUrl":"https:\/\/secure.gravatar.com\/avatar\/d2c75a52d243deb93d0465fdcb21bd37?s=96&r=g","caption":"Rafaela La Regina"},"description":"Estagi\u00e1ria no Suno Not\u00edcias. Escreve sobre economia, pol\u00edtica e neg\u00f3cios. Estuda Rela\u00e7\u00f5es Internacionais no IBMEC-SP.","url":"https:\/\/www.suno.com.br\/noticias\/author\/rafaela-la-regina\/"}]}},"default_loop_html":"<div class=\"cardsPage__listCard__boxs\"><div class=\"cardsPage__listCard__boxs__img\"><a href=\"https:\/\/www.suno.com.br\/noticias\/balanca-comercial-superavit-e-de-us-50-bi-na-parcial-de-2020-alta-de-245\/\"><img class=\"mask\" src=\"https:\/\/www.suno.com.br\/noticias\/wp-content\/themes\/suno\/resources\/images\/spotlight\/spotlight1img\/bg-mask.png\" alt=\"Image Mask\"\/><img src=\"https:\/\/files.sunoresearch.com.br\/n\/uploads\/2020\/11\/1ec7066c-exportacoes-e-importacoes-400x200.webp\" alt=\"Balan\u00e7a comercial: Super\u00e1vit \u00e9 de US$ 50 bi na parcial de 2020, alta de 24,5%\"\/><\/a><span class=\"spotlightCategory\"><a href=\"https:\/\/www.suno.com.br\/noticias\/economia\/\">Economia<\/a><\/span><\/div><div class=\"cardsPage__listCard__boxs__content\"><a href=\"https:\/\/www.suno.com.br\/noticias\/balanca-comercial-superavit-e-de-us-50-bi-na-parcial-de-2020-alta-de-245\/\"><h2 class=\"content__title\">Balan\u00e7a comercial: Super\u00e1vit \u00e9 de US$ 50 bi na parcial de 2020, alta de 24,5%<\/h2><\/a><div class=\"newsContent__article__meta\"><div class=\"newsContent__article__meta__authorBox\"><a href=\"https:\/\/www.suno.com.br\/noticias\/author\/rafaela-la-regina\/\" class=\"authorBox__avatar noMobi\"><img src=\"https:\/\/secure.gravatar.com\/avatar\/d2c75a52d243deb93d0465fdcb21bd37?s=96&#038;r=g\" alt=\"Rafaela La Regina\"><\/a><div class=\"authorBox__name\"><span>por\n\t\t\t<a href=\"https:\/\/www.suno.com.br\/noticias\/author\/rafaela-la-regina\/\"><span itemprop=\"author\">Rafaela La Regina<\/span><\/a><\/span><time datetime=\"2020-11-23T16:14:07-03:00\" itemprop=\"datePublished\">23\/11\/2020 16:14<\/time><\/div><\/div><\/div><\/div><\/div>","single_layout":"posts","amp_enabled":true,"_links":{"self":[{"href":"https:\/\/www.suno.com.br\/noticias\/wp-json\/wp\/v2\/posts\/102397"}],"collection":[{"href":"https:\/\/www.suno.com.br\/noticias\/wp-json\/wp\/v2\/posts"}],"about":[{"href":"https:\/\/www.suno.com.br\/noticias\/wp-json\/wp\/v2\/types\/post"}],"author":[{"embeddable":true,"href":"https:\/\/www.suno.com.br\/noticias\/wp-json\/wp\/v2\/users\/56"}],"replies":[{"embeddable":true,"href":"https:\/\/www.suno.com.br\/noticias\/wp-json\/wp\/v2\/comments?post=102397"}],"version-history":[{"count":0,"href":"https:\/\/www.suno.com.br\/noticias\/wp-json\/wp\/v2\/posts\/102397\/revisions"}],"wp:featuredmedia":[{"embeddable":true,"href":"https:\/\/www.suno.com.br\/noticias\/wp-json\/wp\/v2\/media\/102406"}],"wp:attachment":[{"href":"https:\/\/www.suno.com.br\/noticias\/wp-json\/wp\/v2\/media?parent=102397"}],"wp:term":[{"taxonomy":"category","embeddable":true,"href":"https:\/\/www.suno.com.br\/noticias\/wp-json\/wp\/v2\/categories?post=102397"},{"taxonomy":"post_tag","embeddable":true,"href":"https:\/\/www.suno.com.br\/noticias\/wp-json\/wp\/v2\/tags?post=102397"},{"taxonomy":"suno_strategy","embeddable":true,"href":"https:\/\/www.suno.com.br\/noticias\/wp-json\/wp\/v2\/suno_strategy?post=102397"}],"curies":[{"name":"wp","href":"https:\/\/api.w.org\/{rel}","templated":true}]}}