{"id":102225,"date":"2020-11-22T13:40:29","date_gmt":"2020-11-22T16:40:29","guid":{"rendered":"https:\/\/www.suno.com.br\/noticias\/?p=102225"},"modified":"2020-11-22T13:40:29","modified_gmt":"2020-11-22T16:40:29","slug":"pfizer-vacina-po-covid","status":"publish","type":"post","link":"https:\/\/www.suno.com.br\/noticias\/pfizer-vacina-po-covid\/","title":{"rendered":"Pfizer estaria preparando vers\u00e3o em p\u00f3 da vacina contra covid"},"content":{"rendered":"<p>A farmac\u00eautica norte-americana <strong>Pfizer<\/strong> (<a href=\"https:\/\/www.suno.com.br\/artigos\/nyse\/\">NYSE<\/a>: PFE) estaria preparando uma vers\u00e3o em p\u00f3 da vacina contra o novo coronav\u00edrus (covid-19).<\/p>\t<div class=\"wrapper-featured-image\">\n\t\t<figure class=\"spotlightImg\">\n\n\t\t\t<picture>\n\t\t\t\t<source media=\"(max-width: 768px)\" srcset=\"https:\/\/files.sunoresearch.com.br\/n\/uploads\/2020\/09\/8e77b778-pfizer.1-400x200.webp\">\n\t\t\t\t<img loading=\"lazy\" decoding=\"async\" class=\"newsContent__article__imgCapa lazyloadDisabled \" src=\"https:\/\/files.sunoresearch.com.br\/n\/uploads\/2020\/09\/8e77b778-pfizer.1-800x450.webp\" width=\"800\" height=\"450\" alt=\"Pfizer estaria preparando vers\u00e3o em p\u00f3 da vacina contra covid\" fetchpriority=high \/>\n\t\t\t<\/picture>\n\n\t\t\t<figcaption class=\"wp-caption-text wp-caption-text--show\">Pfizer<\/figcaption>\n\t\t<\/figure>\n\t<\/div>\n\n\n\t<p>\n\t\t<a href=\"https:\/\/lp.suno.com.br\/planilha-controle-gastos\/\" target=\"_blank\" data-element=\"shortcode-suno-banner\" title=\"Banner SUNO, clique e saiba mais\">\n\t\t\t<picture>\n\t\t\t\t<source media=\"(max-width: 500px)\" srcset=\"https:\/\/files.sunoresearch.com.br\/n\/uploads\/2023\/03\/400x300-Planilha-controle-de-gastos.png\">\n\t\t\t\t<img class=\"newsContent__article__imgCapa newsContent__article__imgCapa--banner\"\n\t\t\t\t\tsrc=\"https:\/\/files.sunoresearch.com.br\/n\/uploads\/2023\/03\/1420x240-Planilha-controle-de-gastos.png\"\n\t\t\t\t\tdata-promo-id=\"101751\"\t\t\t\t\t\t\t\t\t\twidth='1420' height='240'\t\t\t\t\talt=\"https:\/\/files.sunoresearch.com.br\/n\/uploads\/2023\/03\/1420x240-Planilha-controle-de-gastos.png\"\n\t\t\t\t>\n\t\t\t<\/picture>\n\t\t<\/a>\n\t<\/p>\n\n\n<p>O objetivo da Pfizer, que est\u00e1 desenvolvendo o rem\u00e9dio junto com a alem\u00e3 <strong>BioNTech,<\/strong> seria superar os problemas de log\u00edstica.<\/p>\n<p>&#8220;No pr\u00f3ximo ano, colocaremos no mercado uma vacina na forma de p\u00f3&#8221;, declarou o diretor cient\u00edfico do grupo, <strong>Mikael Dolsten,<\/strong> ao Business Insider.<\/p>\n\t<p>\n\t\t<a href=\"https:\/\/lp.suno.com.br\/planilha-controle-gastos\/\" target=\"_blank\" data-element=\"shortcode-suno-banner\" title=\"Banner SUNO, clique e saiba mais\">\n\t\t\t<picture>\n\t\t\t\t<source media=\"(max-width: 500px)\" srcset=\"https:\/\/files.sunoresearch.com.br\/n\/uploads\/2023\/03\/400x300-Planilha-controle-de-gastos.png\">\n\t\t\t\t<img class=\"newsContent__article__imgCapa newsContent__article__imgCapa--banner\"\n\t\t\t\t\tsrc=\"https:\/\/files.sunoresearch.com.br\/n\/uploads\/2023\/03\/1420x240-Planilha-controle-de-gastos.png\"\n\t\t\t\t\tdata-promo-id=\"101751\"\t\t\t\t\t\t\t\t\t\twidth='1420' height='240'\t\t\t\t\talt=\"https:\/\/files.sunoresearch.com.br\/n\/uploads\/2023\/03\/1420x240-Planilha-controle-de-gastos.png\"\n\t\t\t\t>\n\t\t\t<\/picture>\n\t\t<\/a>\n\t<\/p>\n\n\n<p>Uma etapa importante que resolveria o grave problema do transporte em baixas temperaturas.<\/p>\n<p>Isso pois para manter a vacina \u00e9 necess\u00e1rio que o produto seja transportado a uma temperatura de cerca de -80\u00b0.<\/p>\n<p>Uma temperatura extremamente baixa, cerca de quatro vezes menor do que um freezer dom\u00e9stico pode garantir.<\/p>\n<p>\u00c9 por isso que a empresa est\u00e1 pensando em uma vers\u00e3o &#8220;liofilizada&#8221; da vacina.<\/p>\n<p>O processo de liofiliza\u00e7\u00e3o, que consiste na retirada da \u00e1gua, \u00e9 algo normalmente feito no mundo das vacinas.<\/p>\n<p>As vacinas baseadas em prote\u00ednas s\u00e3o muito f\u00e1ceis de liofilizar. Mas os da Pfizer, como os da <strong>Moderna,<\/strong> s\u00e3o baseados em <strong>RNA<\/strong>\u00a0e lip\u00eddios, extremamente dif\u00edceis de liofilizar. H\u00e1 poucos casos j\u00e1 realizados no passado.<\/p>\n<p>Al\u00e9m disso, ser\u00e1 necess\u00e1rio um novo per\u00edodo de testes, pois uma vez encontrado o correto processo de liofiliza\u00e7\u00e3o, deve-se demonstrar que o liof\u00edlico reconstitu\u00eddo com \u00e1gua mant\u00e9m os mesmos percentuais de efic\u00e1cia demonstrados na fase 3 dos testes, garantindo o mesmo resultado.<\/p>\n<h2>Vacina da Pfizer n\u00e3o pode ser descongelada<\/h2>\n<p>Atualmente, os planos da <strong>Pfizer<\/strong> s\u00e3o de produzir a vacina nas plantas de <strong>Kalamazoo,<\/strong> no estado norte-americano do <strong>Michigan,<\/strong> e em <strong>Puurs,<\/strong> na <strong>B\u00e9lgica.<\/strong><\/p>\n\t<div data-element=\"shortcode-read-more\" class=\"knowMore\">\n\t\t\t\t<span class=\"knowMore__title\">Saiba Mais<\/span>\n\t\t\t\t<a class=\"knowMore__link\" href=\"https:\/\/www.suno.com.br\/noticias\/ceo-pfizer-vende-acoes-comunicado-vacina\/\">\n\t\t\tCEO da Pfizer vende US$ 5,6 milh\u00f5es em a\u00e7\u00f5es ap\u00f3s comunicado sobre vacina\t\t<\/a>\n\t<\/div>\n\n\n<p>A partir daquele momento, a <strong>vacina<\/strong> n\u00e3o pode ser descongelada e congelada mais de quatro vezes durante o processo de distribui\u00e7\u00e3o.<\/p>\n<p>A maioria das vacinas em circula\u00e7\u00e3o n\u00e3o \u00e9 congelada, mas apenas refrigerada em uma temperatura entre 2\u00b0 C e 8\u00b0 C.<\/p>\n<p>E mesmo as vacinas congeladas, como a Varivax usada contra o sarampo, s\u00e3o armazenados em temperaturas muito mais altas do que as da Pfizer.<\/p>\n<p>A farmac\u00eautica explicou que a vacina ser\u00e1 colocada em uma embalagem especialmente constru\u00edda do tamanho de uma bagagem de m\u00e3o de avi\u00e3o, pesando cerca de 32 kg.<\/p>\n<p>L\u00e1 dentro, o gelo seco ser\u00e1 capaz de manter a temperatura em -80\u00b0 C.<\/p>\n\t<div data-element=\"shortcode-read-more\" class=\"knowMore\">\n\t\t\t\t<span class=\"knowMore__title\">Saiba Mais<\/span>\n\t\t\t\t<a class=\"knowMore__link\" href=\"https:\/\/www.suno.com.br\/noticias\/coronavac-sp-doria-120-mil-doses-china-vacina\/\">\n\t\t\tCoronavac: Primeiro lote com 120 mil doses da vacina chega a S\u00e3o Paulo\t\t<\/a>\n\t<\/div>\n\n\n<p>Uma vez descongelada e refrigerada em uma temperatura entre 2\u00b0 C e 8\u00b0 C, a vacina ficar\u00e1 est\u00e1vel por cinco dias e n\u00e3o mais do que 2 horas em temperatura ambiente.<\/p>\n<p>Manter a vacina na temperatura certa ser\u00e1 o grande desafio da log\u00edstica, requerendo uma infraestrutura importante.<\/p>\n<p>E j\u00e1 que a vacina <strong>Pfizer\/BioNTech<\/strong> n\u00e3o \u00e9 a \u00fanica sendo desenvolvida no momento (e os governos do mundo inteiro podem escolher outras candidatas), \u00e9 claro que o problema log\u00edstico deve ser resolvido para que o rem\u00e9dio n\u00e3o saia do mercado.<\/p>\n\t<p>\n\t\t<a href=\"https:\/\/lp.suno.com.br\/planilha-de-controle-de-investimentos\/\" target=\"_blank\" data-element=\"shortcode-suno-banner\" title=\"Banner SUNO, clique e saiba mais\">\n\t\t\t<picture>\n\t\t\t\t<source media=\"(max-width: 500px)\" srcset=\"https:\/\/files.sunoresearch.com.br\/n\/uploads\/2023\/03\/400x300-Controle-de-Investimentos.png\">\n\t\t\t\t<img class=\"newsContent__article__imgCapa newsContent__article__imgCapa--banner\"\n\t\t\t\t\tsrc=\"https:\/\/files.sunoresearch.com.br\/n\/uploads\/2023\/03\/1420x240-Controle-de-Investimentos.png\"\n\t\t\t\t\tdata-promo-id=\"75934\"\t\t\t\t\t\t\t\t\t\twidth='1420' height='240'\t\t\t\t\talt=\"https:\/\/files.sunoresearch.com.br\/n\/uploads\/2023\/03\/1420x240-Controle-de-Investimentos.png\"\n\t\t\t\t>\n\t\t\t<\/picture>\n\t\t<\/a>\n\t<\/p>\n\n\n","protected":false},"excerpt":{"rendered":"<p>A farmac\u00eautica norte-americana Pfizer (NYSE: PFE) estaria preparando uma vers\u00e3o em p\u00f3 da vacina contra o novo coronav\u00edrus (covid-19). Pfizer O objetivo da Pfizer, que est\u00e1 desenvolvendo o rem\u00e9dio junto com a alem\u00e3 BioNTech, seria superar os problemas de log\u00edstica. &#8220;No pr\u00f3ximo ano, colocaremos no mercado uma vacina na forma de p\u00f3&#8221;, declarou o diretor [&hellip;]<\/p>\n","protected":false},"author":9,"featured_media":85780,"comment_status":"closed","ping_status":"closed","sticky":false,"template":"","format":"standard","meta":[],"categories":[64],"tags":[2487,884],"suno_strategy":[],"class_list":["post-102225","post","type-post","status-publish","format-standard","has-post-thumbnail","hentry","category-negocios","tag-coronavirus","tag-pfizer-pfiz34"],"yoast_head":"<!-- This site is optimized with the Yoast SEO plugin v24.4 - https:\/\/yoast.com\/wordpress\/plugins\/seo\/ -->\n<title>Pfizer estaria preparando vers\u00e3o em p\u00f3 da vacina contra covid<\/title>\n<meta name=\"description\" content=\"A farmac\u00eautica Pfizer estaria preparando vers\u00e3o em p\u00f3 da vacina contra o novo coronav\u00edrus (covid-19). Clique aqui para saber mais.\" \/>\n<meta name=\"robots\" content=\"index, follow, max-snippet:-1, max-image-preview:large, max-video-preview:-1\" \/>\n<link rel=\"canonical\" href=\"https:\/\/www.suno.com.br\/noticias\/pfizer-vacina-po-covid\/\" \/>\n<meta property=\"og:locale\" content=\"pt_BR\" \/>\n<meta property=\"og:type\" content=\"article\" \/>\n<meta property=\"og:title\" content=\"Pfizer estaria preparando vers\u00e3o em p\u00f3 da vacina contra covid\" \/>\n<meta property=\"og:description\" content=\"A farmac\u00eautica Pfizer estaria preparando vers\u00e3o em p\u00f3 da vacina contra o novo coronav\u00edrus (covid-19). Clique aqui para saber mais.\" \/>\n<meta property=\"og:url\" content=\"https:\/\/www.suno.com.br\/noticias\/pfizer-vacina-po-covid\/\" \/>\n<meta property=\"og:site_name\" content=\"Suno Not\u00edcias\" \/>\n<meta property=\"article:publisher\" content=\"https:\/\/facebook.com\/sunoresearch\" \/>\n<meta property=\"og:image\" content=\"https:\/\/files.sunoresearch.com.br\/n\/uploads\/2020\/09\/8e77b778-pfizer.1.jpg\" \/>\n\t<meta property=\"og:image:width\" content=\"1024\" \/>\n\t<meta property=\"og:image:height\" content=\"683\" \/>\n\t<meta property=\"og:image:type\" content=\"image\/jpeg\" \/>\n<meta name=\"author\" content=\"Carlo Cauti\" \/>\n<meta name=\"twitter:card\" content=\"summary_large_image\" \/>\n<meta name=\"twitter:creator\" content=\"@sunoresearch\" \/>\n<meta name=\"twitter:site\" content=\"@sunoresearch\" \/>\n<meta name=\"twitter:label1\" content=\"Escrito por\" \/>\n\t<meta name=\"twitter:data1\" content=\"Carlo Cauti\" \/>\n\t<meta name=\"twitter:label2\" content=\"Est. tempo de leitura\" \/>\n\t<meta name=\"twitter:data2\" content=\"3 minutos\" \/>\n<script type=\"application\/ld+json\" class=\"yoast-schema-graph\">{\"@context\":\"https:\/\/schema.org\",\"@graph\":[{\"@type\":\"NewsArticle\",\"@id\":\"https:\/\/www.suno.com.br\/noticias\/pfizer-vacina-po-covid\/#article\",\"isPartOf\":{\"@id\":\"https:\/\/www.suno.com.br\/noticias\/pfizer-vacina-po-covid\/\"},\"author\":{\"name\":\"Carlo Cauti\",\"@id\":\"https:\/\/www.suno.com.br\/noticias\/#\/schema\/person\/e6e0f723cc177805027f4566c1d5e0c8\"},\"headline\":\"Pfizer estaria preparando vers\u00e3o em p\u00f3 da vacina contra covid\",\"datePublished\":\"2020-11-22T16:40:29+00:00\",\"mainEntityOfPage\":{\"@id\":\"https:\/\/www.suno.com.br\/noticias\/pfizer-vacina-po-covid\/\"},\"wordCount\":512,\"publisher\":{\"@id\":\"https:\/\/www.suno.com.br\/noticias\/#organization\"},\"image\":{\"@id\":\"https:\/\/www.suno.com.br\/noticias\/pfizer-vacina-po-covid\/#primaryimage\"},\"thumbnailUrl\":\"https:\/\/files.sunoresearch.com.br\/n\/uploads\/2020\/09\/8e77b778-pfizer.1-jpg.webp\",\"keywords\":[\"coronav\u00edrus\",\"Pfizer (PFIZ34)\"],\"articleSection\":[\"Neg\u00f3cios\"],\"inLanguage\":\"pt-BR\"},{\"@type\":\"WebPage\",\"@id\":\"https:\/\/www.suno.com.br\/noticias\/pfizer-vacina-po-covid\/\",\"url\":\"https:\/\/www.suno.com.br\/noticias\/pfizer-vacina-po-covid\/\",\"name\":\"Pfizer estaria preparando vers\u00e3o em p\u00f3 da vacina contra covid\",\"isPartOf\":{\"@id\":\"https:\/\/www.suno.com.br\/noticias\/#website\"},\"primaryImageOfPage\":{\"@id\":\"https:\/\/www.suno.com.br\/noticias\/pfizer-vacina-po-covid\/#primaryimage\"},\"image\":{\"@id\":\"https:\/\/www.suno.com.br\/noticias\/pfizer-vacina-po-covid\/#primaryimage\"},\"thumbnailUrl\":\"https:\/\/files.sunoresearch.com.br\/n\/uploads\/2020\/09\/8e77b778-pfizer.1-jpg.webp\",\"datePublished\":\"2020-11-22T16:40:29+00:00\",\"description\":\"A farmac\u00eautica Pfizer estaria preparando vers\u00e3o em p\u00f3 da vacina contra o novo coronav\u00edrus (covid-19). Clique aqui para saber mais.\",\"breadcrumb\":{\"@id\":\"https:\/\/www.suno.com.br\/noticias\/pfizer-vacina-po-covid\/#breadcrumb\"},\"inLanguage\":\"pt-BR\",\"potentialAction\":[{\"@type\":\"ReadAction\",\"target\":[\"https:\/\/www.suno.com.br\/noticias\/pfizer-vacina-po-covid\/\"]}]},{\"@type\":\"ImageObject\",\"inLanguage\":\"pt-BR\",\"@id\":\"https:\/\/www.suno.com.br\/noticias\/pfizer-vacina-po-covid\/#primaryimage\",\"url\":\"https:\/\/files.sunoresearch.com.br\/n\/uploads\/2020\/09\/8e77b778-pfizer.1-jpg.webp\",\"contentUrl\":\"https:\/\/files.sunoresearch.com.br\/n\/uploads\/2020\/09\/8e77b778-pfizer.1-jpg.webp\",\"width\":1024,\"height\":683,\"caption\":\"Pfizer\"},{\"@type\":\"BreadcrumbList\",\"@id\":\"https:\/\/www.suno.com.br\/noticias\/pfizer-vacina-po-covid\/#breadcrumb\",\"itemListElement\":[{\"@type\":\"ListItem\",\"position\":1,\"name\":\"Not\u00edcias\",\"item\":\"https:\/\/www.suno.com.br\/noticias\/\"},{\"@type\":\"ListItem\",\"position\":2,\"name\":\"Neg\u00f3cios\",\"item\":\"https:\/\/www.suno.com.br\/noticias\/negocios\/\"},{\"@type\":\"ListItem\",\"position\":3,\"name\":\"Pfizer estaria preparando vers\u00e3o em p\u00f3 da vacina contra covid\"}]},{\"@type\":\"WebSite\",\"@id\":\"https:\/\/www.suno.com.br\/noticias\/#website\",\"url\":\"https:\/\/www.suno.com.br\/noticias\/\",\"name\":\"Suno Not\u00edcias\",\"description\":\"Seu portal de informa\u00e7\u00e3o sobre o mundo dos investimentos\",\"publisher\":{\"@id\":\"https:\/\/www.suno.com.br\/noticias\/#organization\"},\"potentialAction\":[{\"@type\":\"SearchAction\",\"target\":{\"@type\":\"EntryPoint\",\"urlTemplate\":\"https:\/\/www.suno.com.br\/noticias\/?s={search_term_string}\"},\"query-input\":{\"@type\":\"PropertyValueSpecification\",\"valueRequired\":true,\"valueName\":\"search_term_string\"}}],\"inLanguage\":\"pt-BR\"},{\"@type\":\"Organization\",\"@id\":\"https:\/\/www.suno.com.br\/noticias\/#organization\",\"name\":\"Suno Not\u00edcias\",\"url\":\"https:\/\/www.suno.com.br\/noticias\/\",\"logo\":{\"@type\":\"ImageObject\",\"inLanguage\":\"pt-BR\",\"@id\":\"https:\/\/www.suno.com.br\/noticias\/#\/schema\/logo\/image\/\",\"url\":\"https:\/\/files.sunoresearch.com.br\/n\/uploads\/2021\/09\/suno-logo.png\",\"contentUrl\":\"https:\/\/files.sunoresearch.com.br\/n\/uploads\/2021\/09\/suno-logo.png\",\"width\":180,\"height\":180,\"caption\":\"Suno Not\u00edcias\"},\"image\":{\"@id\":\"https:\/\/www.suno.com.br\/noticias\/#\/schema\/logo\/image\/\"},\"sameAs\":[\"https:\/\/facebook.com\/sunoresearch\",\"https:\/\/x.com\/sunoresearch\",\"https:\/\/www.instagram.com\/suno\",\"https:\/\/www.linkedin.com\/company\/suno-research\/\",\"https:\/\/www.youtube.com\/c\/sunoresearch\"]},{\"@type\":\"Person\",\"@id\":\"https:\/\/www.suno.com.br\/noticias\/#\/schema\/person\/e6e0f723cc177805027f4566c1d5e0c8\",\"name\":\"Carlo Cauti\",\"image\":{\"@type\":\"ImageObject\",\"inLanguage\":\"pt-BR\",\"@id\":\"https:\/\/www.suno.com.br\/noticias\/#\/schema\/person\/image\/\",\"url\":\"https:\/\/secure.gravatar.com\/avatar\/3ada9e0bd164c23abd4792a9606d583c?s=96&r=g\",\"contentUrl\":\"https:\/\/secure.gravatar.com\/avatar\/3ada9e0bd164c23abd4792a9606d583c?s=96&r=g\",\"caption\":\"Carlo Cauti\"},\"description\":\"Editor multim\u00eddia do SUNO Not\u00edcias. Italiano, formado em Ci\u00eancias Pol\u00edticas pela universidade LUISS G. Carli de Roma e mestre cum laude em Rela\u00e7\u00f5es Internacionais, Jornalismo Internacional e de Guerra e em Economia Internacional. Concluiu tamb\u00e9m um MBA em Finan\u00e7as na B3. No Brasil, teve passagem por ve\u00edculos como Estad\u00e3o, Globo, Veja e EXAME. e nas ag\u00eancias de not\u00edcias italianas ANSA e NOVA.\",\"url\":\"https:\/\/www.suno.com.br\/noticias\/author\/carlo-cauti\/\"}]}<\/script>\n<!-- \/ Yoast SEO plugin. -->","yoast_head_json":{"title":"Pfizer estaria preparando vers\u00e3o em p\u00f3 da vacina contra covid","description":"A farmac\u00eautica Pfizer estaria preparando vers\u00e3o em p\u00f3 da vacina contra o novo coronav\u00edrus (covid-19). Clique aqui para saber mais.","robots":{"index":"index","follow":"follow","max-snippet":"max-snippet:-1","max-image-preview":"max-image-preview:large","max-video-preview":"max-video-preview:-1"},"canonical":"https:\/\/www.suno.com.br\/noticias\/pfizer-vacina-po-covid\/","og_locale":"pt_BR","og_type":"article","og_title":"Pfizer estaria preparando vers\u00e3o em p\u00f3 da vacina contra covid","og_description":"A farmac\u00eautica Pfizer estaria preparando vers\u00e3o em p\u00f3 da vacina contra o novo coronav\u00edrus (covid-19). Clique aqui para saber mais.","og_url":"https:\/\/www.suno.com.br\/noticias\/pfizer-vacina-po-covid\/","og_site_name":"Suno Not\u00edcias","article_publisher":"https:\/\/facebook.com\/sunoresearch","og_image":[{"width":1024,"height":683,"url":"https:\/\/files.sunoresearch.com.br\/n\/uploads\/2020\/09\/8e77b778-pfizer.1.jpg","type":"image\/jpeg"}],"author":"Carlo Cauti","twitter_card":"summary_large_image","twitter_creator":"@sunoresearch","twitter_site":"@sunoresearch","twitter_misc":{"Escrito por":"Carlo Cauti","Est. tempo de leitura":"3 minutos"},"schema":{"@context":"https:\/\/schema.org","@graph":[{"@type":"NewsArticle","@id":"https:\/\/www.suno.com.br\/noticias\/pfizer-vacina-po-covid\/#article","isPartOf":{"@id":"https:\/\/www.suno.com.br\/noticias\/pfizer-vacina-po-covid\/"},"author":{"name":"Carlo Cauti","@id":"https:\/\/www.suno.com.br\/noticias\/#\/schema\/person\/e6e0f723cc177805027f4566c1d5e0c8"},"headline":"Pfizer estaria preparando vers\u00e3o em p\u00f3 da vacina contra covid","datePublished":"2020-11-22T16:40:29+00:00","mainEntityOfPage":{"@id":"https:\/\/www.suno.com.br\/noticias\/pfizer-vacina-po-covid\/"},"wordCount":512,"publisher":{"@id":"https:\/\/www.suno.com.br\/noticias\/#organization"},"image":{"@id":"https:\/\/www.suno.com.br\/noticias\/pfizer-vacina-po-covid\/#primaryimage"},"thumbnailUrl":"https:\/\/files.sunoresearch.com.br\/n\/uploads\/2020\/09\/8e77b778-pfizer.1-jpg.webp","keywords":["coronav\u00edrus","Pfizer (PFIZ34)"],"articleSection":["Neg\u00f3cios"],"inLanguage":"pt-BR"},{"@type":"WebPage","@id":"https:\/\/www.suno.com.br\/noticias\/pfizer-vacina-po-covid\/","url":"https:\/\/www.suno.com.br\/noticias\/pfizer-vacina-po-covid\/","name":"Pfizer estaria preparando vers\u00e3o em p\u00f3 da vacina contra covid","isPartOf":{"@id":"https:\/\/www.suno.com.br\/noticias\/#website"},"primaryImageOfPage":{"@id":"https:\/\/www.suno.com.br\/noticias\/pfizer-vacina-po-covid\/#primaryimage"},"image":{"@id":"https:\/\/www.suno.com.br\/noticias\/pfizer-vacina-po-covid\/#primaryimage"},"thumbnailUrl":"https:\/\/files.sunoresearch.com.br\/n\/uploads\/2020\/09\/8e77b778-pfizer.1-jpg.webp","datePublished":"2020-11-22T16:40:29+00:00","description":"A farmac\u00eautica Pfizer estaria preparando vers\u00e3o em p\u00f3 da vacina contra o novo coronav\u00edrus (covid-19). Clique aqui para saber mais.","breadcrumb":{"@id":"https:\/\/www.suno.com.br\/noticias\/pfizer-vacina-po-covid\/#breadcrumb"},"inLanguage":"pt-BR","potentialAction":[{"@type":"ReadAction","target":["https:\/\/www.suno.com.br\/noticias\/pfizer-vacina-po-covid\/"]}]},{"@type":"ImageObject","inLanguage":"pt-BR","@id":"https:\/\/www.suno.com.br\/noticias\/pfizer-vacina-po-covid\/#primaryimage","url":"https:\/\/files.sunoresearch.com.br\/n\/uploads\/2020\/09\/8e77b778-pfizer.1-jpg.webp","contentUrl":"https:\/\/files.sunoresearch.com.br\/n\/uploads\/2020\/09\/8e77b778-pfizer.1-jpg.webp","width":1024,"height":683,"caption":"Pfizer"},{"@type":"BreadcrumbList","@id":"https:\/\/www.suno.com.br\/noticias\/pfizer-vacina-po-covid\/#breadcrumb","itemListElement":[{"@type":"ListItem","position":1,"name":"Not\u00edcias","item":"https:\/\/www.suno.com.br\/noticias\/"},{"@type":"ListItem","position":2,"name":"Neg\u00f3cios","item":"https:\/\/www.suno.com.br\/noticias\/negocios\/"},{"@type":"ListItem","position":3,"name":"Pfizer estaria preparando vers\u00e3o em p\u00f3 da vacina contra covid"}]},{"@type":"WebSite","@id":"https:\/\/www.suno.com.br\/noticias\/#website","url":"https:\/\/www.suno.com.br\/noticias\/","name":"Suno Not\u00edcias","description":"Seu portal de informa\u00e7\u00e3o sobre o mundo dos investimentos","publisher":{"@id":"https:\/\/www.suno.com.br\/noticias\/#organization"},"potentialAction":[{"@type":"SearchAction","target":{"@type":"EntryPoint","urlTemplate":"https:\/\/www.suno.com.br\/noticias\/?s={search_term_string}"},"query-input":{"@type":"PropertyValueSpecification","valueRequired":true,"valueName":"search_term_string"}}],"inLanguage":"pt-BR"},{"@type":"Organization","@id":"https:\/\/www.suno.com.br\/noticias\/#organization","name":"Suno Not\u00edcias","url":"https:\/\/www.suno.com.br\/noticias\/","logo":{"@type":"ImageObject","inLanguage":"pt-BR","@id":"https:\/\/www.suno.com.br\/noticias\/#\/schema\/logo\/image\/","url":"https:\/\/files.sunoresearch.com.br\/n\/uploads\/2021\/09\/suno-logo.png","contentUrl":"https:\/\/files.sunoresearch.com.br\/n\/uploads\/2021\/09\/suno-logo.png","width":180,"height":180,"caption":"Suno Not\u00edcias"},"image":{"@id":"https:\/\/www.suno.com.br\/noticias\/#\/schema\/logo\/image\/"},"sameAs":["https:\/\/facebook.com\/sunoresearch","https:\/\/x.com\/sunoresearch","https:\/\/www.instagram.com\/suno","https:\/\/www.linkedin.com\/company\/suno-research\/","https:\/\/www.youtube.com\/c\/sunoresearch"]},{"@type":"Person","@id":"https:\/\/www.suno.com.br\/noticias\/#\/schema\/person\/e6e0f723cc177805027f4566c1d5e0c8","name":"Carlo Cauti","image":{"@type":"ImageObject","inLanguage":"pt-BR","@id":"https:\/\/www.suno.com.br\/noticias\/#\/schema\/person\/image\/","url":"https:\/\/secure.gravatar.com\/avatar\/3ada9e0bd164c23abd4792a9606d583c?s=96&r=g","contentUrl":"https:\/\/secure.gravatar.com\/avatar\/3ada9e0bd164c23abd4792a9606d583c?s=96&r=g","caption":"Carlo Cauti"},"description":"Editor multim\u00eddia do SUNO Not\u00edcias. Italiano, formado em Ci\u00eancias Pol\u00edticas pela universidade LUISS G. Carli de Roma e mestre cum laude em Rela\u00e7\u00f5es Internacionais, Jornalismo Internacional e de Guerra e em Economia Internacional. Concluiu tamb\u00e9m um MBA em Finan\u00e7as na B3. No Brasil, teve passagem por ve\u00edculos como Estad\u00e3o, Globo, Veja e EXAME. e nas ag\u00eancias de not\u00edcias italianas ANSA e NOVA.","url":"https:\/\/www.suno.com.br\/noticias\/author\/carlo-cauti\/"}]}},"default_loop_html":"<div class=\"cardsPage__listCard__boxs\"><div class=\"cardsPage__listCard__boxs__img\"><a href=\"https:\/\/www.suno.com.br\/noticias\/pfizer-vacina-po-covid\/\"><img class=\"mask\" src=\"https:\/\/www.suno.com.br\/noticias\/wp-content\/themes\/suno\/resources\/images\/spotlight\/spotlight1img\/bg-mask.png\" alt=\"Image Mask\"\/><img src=\"https:\/\/files.sunoresearch.com.br\/n\/uploads\/2020\/09\/8e77b778-pfizer.1-400x200.webp\" alt=\"Pfizer estaria preparando vers\u00e3o em p\u00f3 da vacina contra covid\"\/><\/a><span class=\"spotlightCategory\"><a href=\"https:\/\/www.suno.com.br\/noticias\/negocios\/\">Neg\u00f3cios<\/a><\/span><\/div><div class=\"cardsPage__listCard__boxs__content\"><a href=\"https:\/\/www.suno.com.br\/noticias\/pfizer-vacina-po-covid\/\"><h2 class=\"content__title\">Pfizer estaria preparando vers\u00e3o em p\u00f3 da vacina contra covid<\/h2><\/a><div class=\"newsContent__article__meta\"><div class=\"newsContent__article__meta__authorBox\"><a href=\"https:\/\/www.suno.com.br\/noticias\/author\/carlo-cauti\/\" class=\"authorBox__avatar noMobi\"><img src=\"https:\/\/files.sunoresearch.com.br\/n\/uploads\/2020\/08\/e3745f9a-perfil-carlo-cauti-150x150.webp\" alt=\"Carlo Cauti\"><\/a><div class=\"authorBox__name\"><span>por\n\t\t\t<a href=\"https:\/\/www.suno.com.br\/noticias\/author\/carlo-cauti\/\"><span itemprop=\"author\">Carlo Cauti<\/span><\/a><\/span><time datetime=\"2020-11-22T13:40:29-03:00\" itemprop=\"datePublished\">22\/11\/2020 13:40<\/time><\/div><\/div><\/div><\/div><\/div>","single_layout":"posts","amp_enabled":true,"_links":{"self":[{"href":"https:\/\/www.suno.com.br\/noticias\/wp-json\/wp\/v2\/posts\/102225"}],"collection":[{"href":"https:\/\/www.suno.com.br\/noticias\/wp-json\/wp\/v2\/posts"}],"about":[{"href":"https:\/\/www.suno.com.br\/noticias\/wp-json\/wp\/v2\/types\/post"}],"author":[{"embeddable":true,"href":"https:\/\/www.suno.com.br\/noticias\/wp-json\/wp\/v2\/users\/9"}],"replies":[{"embeddable":true,"href":"https:\/\/www.suno.com.br\/noticias\/wp-json\/wp\/v2\/comments?post=102225"}],"version-history":[{"count":0,"href":"https:\/\/www.suno.com.br\/noticias\/wp-json\/wp\/v2\/posts\/102225\/revisions"}],"wp:featuredmedia":[{"embeddable":true,"href":"https:\/\/www.suno.com.br\/noticias\/wp-json\/wp\/v2\/media\/85780"}],"wp:attachment":[{"href":"https:\/\/www.suno.com.br\/noticias\/wp-json\/wp\/v2\/media?parent=102225"}],"wp:term":[{"taxonomy":"category","embeddable":true,"href":"https:\/\/www.suno.com.br\/noticias\/wp-json\/wp\/v2\/categories?post=102225"},{"taxonomy":"post_tag","embeddable":true,"href":"https:\/\/www.suno.com.br\/noticias\/wp-json\/wp\/v2\/tags?post=102225"},{"taxonomy":"suno_strategy","embeddable":true,"href":"https:\/\/www.suno.com.br\/noticias\/wp-json\/wp\/v2\/suno_strategy?post=102225"}],"curies":[{"name":"wp","href":"https:\/\/api.w.org\/{rel}","templated":true}]}}