{"id":102218,"date":"2020-11-22T12:38:38","date_gmt":"2020-11-22T15:38:38","guid":{"rendered":"https:\/\/www.suno.com.br\/noticias\/?p=102218"},"modified":"2021-06-01T20:26:24","modified_gmt":"2021-06-01T23:26:24","slug":"google-antitruste-processo-facebook","status":"publish","type":"post","link":"https:\/\/www.suno.com.br\/noticias\/google-antitruste-processo-facebook\/","title":{"rendered":"Ap\u00f3s o Google, antitruste dos EUA estaria prestes a processar o Facebook"},"content":{"rendered":"<p>Ap\u00f3s ter iniciado um processo contra o Google (Nasdaq: GOOG; GOOGL), agora seria a vez do <strong>Facebook<\/strong> (Nasdaq: FB)<strong>.<\/strong> Os far\u00f3is das autoridades antitruste dos EUA, federal e estadual, est\u00e3o apontados contra o rei das redes sociais.<\/p>\t<div class=\"wrapper-featured-image\">\n\t\t<figure class=\"spotlightImg\">\n\n\t\t\t<picture>\n\t\t\t\t<source media=\"(max-width: 768px)\" srcset=\"https:\/\/files.sunoresearch.com.br\/n\/uploads\/2020\/08\/34d418bd-mark-zuckerberg-400x200.webp\">\n\t\t\t\t<img loading=\"lazy\" decoding=\"async\" class=\"newsContent__article__imgCapa lazyloadDisabled \" src=\"https:\/\/files.sunoresearch.com.br\/n\/uploads\/2020\/08\/34d418bd-mark-zuckerberg-800x450.webp\" width=\"800\" height=\"450\" alt=\"Ap\u00f3s o Google, antitruste dos EUA estaria prestes a processar o Facebook\" fetchpriority=high \/>\n\t\t\t<\/picture>\n\n\t\t\t<figcaption class=\"wp-caption-text wp-caption-text--show\">Ap\u00f3s o Google, antitruste dos EUA estaria prestes a processar o Facebook<\/figcaption>\n\t\t<\/figure>\n\t<\/div>\n\n\n\t<p>\n\t\t<a href=\"https:\/\/lp.suno.com.br\/planilha-controle-gastos\/\" target=\"_blank\" data-element=\"shortcode-suno-banner\" title=\"Banner SUNO, clique e saiba mais\">\n\t\t\t<picture>\n\t\t\t\t<source media=\"(max-width: 500px)\" srcset=\"https:\/\/files.sunoresearch.com.br\/n\/uploads\/2023\/03\/400x300-Planilha-controle-de-gastos.png\">\n\t\t\t\t<img class=\"newsContent__article__imgCapa newsContent__article__imgCapa--banner\"\n\t\t\t\t\tsrc=\"https:\/\/files.sunoresearch.com.br\/n\/uploads\/2023\/03\/1420x240-Planilha-controle-de-gastos.png\"\n\t\t\t\t\tdata-promo-id=\"101751\"\t\t\t\t\t\t\t\t\t\twidth='1420' height='240'\t\t\t\t\talt=\"https:\/\/files.sunoresearch.com.br\/n\/uploads\/2023\/03\/1420x240-Planilha-controle-de-gastos.png\"\n\t\t\t\t>\n\t\t\t<\/picture>\n\t\t<\/a>\n\t<\/p>\n\n\n<p>A empresa fundada por <a href=\"https:\/\/www.suno.com.br\/tudo-sobre\/mark-zuckerberg\/#:~:text=Mark%20Zuckerberg%20%C3%A9%20um%20dos,fortuna%20de%20US%24%2071%20bilh%C3%B5es.\"><strong>Mark Zuckerberg<\/strong><\/a> poderia ser a pr\u00f3xima a ser denunciada pelo <a href=\"https:\/\/www.suno.com.br\/artigos\/mercado-competitivo\/\"><strong>\u00f3rg\u00e3o de prote\u00e7\u00e3o a concorr\u00eancia<\/strong><\/a> dos Estados Unidos. Fontes indicam que o processo contra o Facebook poderia come\u00e7ar j\u00e1 em dezembro.<\/p>\n<p>O caso vem sendo desenvolvido por 40 dos 50 estados americanos, com procuradores que foram apontados seja por pol\u00edticos republicanos que democratas. Um sinal que mostra claramente como exista um consenso amplo em volta dos riscos para a concorr\u00eancia representados pelo Facebook.<\/p>\n\t<p>\n\t\t<a href=\"https:\/\/lp.suno.com.br\/planilha-controle-gastos\/\" target=\"_blank\" data-element=\"shortcode-suno-banner\" title=\"Banner SUNO, clique e saiba mais\">\n\t\t\t<picture>\n\t\t\t\t<source media=\"(max-width: 500px)\" srcset=\"https:\/\/files.sunoresearch.com.br\/n\/uploads\/2023\/03\/400x300-Planilha-controle-de-gastos.png\">\n\t\t\t\t<img class=\"newsContent__article__imgCapa newsContent__article__imgCapa--banner\"\n\t\t\t\t\tsrc=\"https:\/\/files.sunoresearch.com.br\/n\/uploads\/2023\/03\/1420x240-Planilha-controle-de-gastos.png\"\n\t\t\t\t\tdata-promo-id=\"101751\"\t\t\t\t\t\t\t\t\t\twidth='1420' height='240'\t\t\t\t\talt=\"https:\/\/files.sunoresearch.com.br\/n\/uploads\/2023\/03\/1420x240-Planilha-controle-de-gastos.png\"\n\t\t\t\t>\n\t\t\t<\/picture>\n\t\t<\/a>\n\t<\/p>\n\n\n<p>A pr\u00f3pria <strong>Comiss\u00e3o Federal de Com\u00e9rcio (FTC)<\/strong> tamb\u00e9m se mobilizou no caso. A comiss\u00e3o j\u00e1 tinha aplicado uma penalidade de US$ 5 bilh\u00f5es (cerca de R$ 30 bilh\u00f5es) ao Facebook por causa de viola\u00e7\u00f5es de privacidade de usu\u00e1rios.<\/p>\n<p>Dessa vez, o Facebook seria processado por abuso de posi\u00e7\u00e3o dominante e por provocar preju\u00edzos \u00e0 inova\u00e7\u00e3o, ap\u00f3s as <a href=\"https:\/\/www.suno.com.br\/artigos\/fusoes-aquisicoes\/\"><strong>aquisi\u00e7\u00f5es<\/strong><\/a> do <strong>WhatsApp<\/strong> e do <strong>Instagram.<\/strong><\/p>\n<h2>Processo ao Facebook<\/h2>\n<p>Segundo a acusa\u00e7\u00e3o, a rede social teria criado um imp\u00e9rio capaz de marginalizar alternativas de qualidade aos seus servi\u00e7os.<\/p>\n\t<div data-element=\"shortcode-read-more\" class=\"knowMore\">\n\t\t\t\t<span class=\"knowMore__title\">Veja tamb\u00e9m<\/span>\n\t\t\t\t<a class=\"knowMore__link\" href=\"https:\/\/www.suno.com.br\/noticias\/eua-inicia-processo-antitruste-google\/\">\n\t\t\tJusti\u00e7a dos EUA d\u00e1 in\u00edcio ao processo antitruste contra o Google\t\t<\/a>\n\t<\/div>\n\n\n<p>Ainda s\u00e3o poss\u00edveis mudan\u00e7as e adiamentos, mas o dossi\u00ea estaria pronto e s\u00f3 faltaria a apresenta\u00e7\u00e3o e a abertura do processo.<\/p>\n<p>Segundo o jornal americano <strong>The<\/strong>\u00a0<strong>Washington Post,<\/strong> que revelou os detalhes do processo, o caso pode representar o teste mais dif\u00edcil nos 17 anos de hist\u00f3ria da empresa.<\/p>\n<p>Os investigadores analisaram como as duas marcas adquiridas, Instagram e WhatsApp, mudaram nos anos ap\u00f3s a integra\u00e7\u00e3o ao Facebook.<\/p>\n<p>A rede social poderia ser acusada de ter piorado as op\u00e7\u00f5es dispon\u00edveis para os usu\u00e1rios e as prote\u00e7\u00f5es de privacidade.<\/p>\n<p>Para a acusa\u00e7\u00e3o, caso as duas presas tivessem permanecido independentes, teriam atendido melhor os consumidores.<\/p>\n<p>O objetivo do processo poderia ser radical: uma<strong> separa\u00e7\u00e3o do grupo<\/strong> ou, pelo menos, regulamenta\u00e7\u00f5es r\u00edgidas de suas pr\u00e1ticas comerciais.<\/p>\n<p>Desde outubro de 2019, o procurador-geral de <strong>Nova York,<\/strong> Letitia James, relatou o interesse de dezenas de estados em unir esfor\u00e7os antitruste contra a rede social.<\/p>\n<p>\u201cO Facebook pode ter comprometido os dados do consumidor, reduzido a qualidade de suas escolhas e aumentado os pre\u00e7os dos an\u00fancios\u201d, declarou na \u00e9poca James.<\/p>\n<p>Al\u00e9m do tamanho, as <strong>autoridades antitruste<\/strong> dos EUA tamb\u00e9m estariam preocupadas com a maneira como o Facebook trata os dados dos usu\u00e1rios.<\/p>\n\t<div data-element=\"shortcode-read-more\" class=\"knowMore\">\n\t\t\t\t<span class=\"knowMore__title\">Veja tamb\u00e9m<\/span>\n\t\t\t\t<a class=\"knowMore__link\" href=\"https:\/\/www.suno.com.br\/noticias\/facebook-eleicao-presidencia-medidas-eua-trump-biden\/\">\n\t\t\tFacebook prepara medidas emergenciais para elei\u00e7\u00e3o dos EUA\t\t<\/a>\n\t<\/div>\n\n\n<p>O gerenciamento de acesso a dados para desenvolvedores e para outras empresas poderia se tornar outra acusa\u00e7\u00e3o contra a empresa. A suspeita \u00e9 que o Facebook esteja se aproveitando desse &#8220;tesouro de dados&#8221; para eliminar concorrentes em potencial.<\/p>\n<h2>Defesa de Zuckerberg<\/h2>\n<p><strong>Zuckerberg<\/strong> negou qualquer acusa\u00e7\u00e3o de <a href=\"https:\/\/www.suno.com.br\/artigos\/monopolio\/\"><strong>monop\u00f3lio<\/strong> <\/a>ou <strong>abuso de posi\u00e7\u00e3o dominante<\/strong>.<\/p>\n<p>Segundo o fundador da rede social, os aplicativos de m\u00eddia social se multiplicaram nos \u00faltimos anos em todo o mundo, incluindo a chegada do <strong>TikTok.<\/strong> E isso teria aumentado, e n\u00e3o diminu\u00eddo, a concorr\u00eancia.<\/p>\n<p>O Facebook tamb\u00e9m minimizou as consequ\u00eancias das aquisi\u00e7\u00f5es consideradas &#8220;normais em qualquer setor&#8221;. Al\u00e9m disso, salientou os esfor\u00e7os para &#8220;inovar&#8221; e criar a &#8220;novas tecnologias&#8221;.<\/p>\n<p>Segundo a empresa, tanto o WhatsApp quanto o Instagram alcan\u00e7aram um sucesso sem precedentes ap\u00f3s a aquisi\u00e7\u00e3o pelo Facebook.<\/p>\n<p>No entanto, a batalha jur\u00eddica j\u00e1 aparece intensa.<\/p>\n\t<div data-element=\"shortcode-read-more\" class=\"knowMore\">\n\t\t\t\t<span class=\"knowMore__title\">Veja tamb\u00e9m<\/span>\n\t\t\t\t<a class=\"knowMore__link\" href=\"https:\/\/www.suno.com.br\/noticias\/facebook-registra-alta-de-22-no-lucro-liquido-do-3t20\/\">\n\t\t\tFacebook registra alta de 29% no lucro l\u00edquido do 3T20\t\t<\/a>\n\t<\/div>\n\n\n<p>Zuckerberg j\u00e1 teria declarado para colaboradores que estaria pronto para responder duramente a um processo antitruste, considerando o desafio como &#8220;existencial&#8221; para o Facebook.<\/p>\n<p>No entanto, o <strong>WhatsApp<\/strong> pode ser o n\u00f3 mais delicado. No momento da compra, h\u00e1 seis anos, o Facebook havia prometido preservar sua independ\u00eancia e garantir fortes prote\u00e7\u00f5es de privacidade.<\/p>\n<p>Entretanto, optou em seguida por uma integra\u00e7\u00e3o com os outros servi\u00e7os, levantando temores quanto \u00e0 seguran\u00e7a das informa\u00e7\u00f5es pessoais<\/p>\n<h2>Relat\u00f3rios do Congresso<\/h2>\n<p>A press\u00e3o para investigar e abrir um caso contra o Facebook tem ra\u00edzes no <strong>Congresso<\/strong> em <strong>Washington<\/strong><\/p>\n<p>A C\u00e2mara dos Representantes, que conduziu v\u00e1rias audi\u00eancias sobre quest\u00f5es de tecnologia e antitruste, recentemente trouxe \u00e0 luz as t\u00e1ticas agressivas do grupo.<\/p>\n<p>Um memorando interno mostrou como a rede social avaliou compras para eliminar poss\u00edveis rivais.<\/p>\n<p>Os deputados conclu\u00edram que as a\u00e7\u00f5es da empresa de <strong>Zuckerberg<\/strong> &#8220;empurraram o mercado de redes sociais para condi\u00e7\u00f5es de monop\u00f3lio&#8221;.<\/p>\n<p>O Facebook provavelmente n\u00e3o ser\u00e1 o \u00faltimo gigante da tecnologia e da internet a acabar processado, j\u00e1 que o clima pol\u00edtico e social nos Estados Unidos olha com forte desconfian\u00e7a aos colossos digitais.<\/p>\n<p>Um extenso relat\u00f3rio do Congresso dos <strong>EUA<\/strong> que concluiu 16 meses de investiga\u00e7\u00f5es sobre todas as <strong>Big Techs<\/strong> denunciou o poder de monop\u00f3lio adquirido n\u00e3o apenas pelo <strong>Google<\/strong> e Facebook, mas tamb\u00e9m pela <strong>Amazon (<a href=\"https:\/\/www.suno.com.br\/artigos\/nasdaq\/\">NASDAQ<\/a>:<\/strong> AMZN) e <strong>Apple.<\/strong><\/p>\n<p>Em 450 p\u00e1ginas, o documento mostra &#8220;evid\u00eancias significativas&#8221; de pr\u00e1ticas prejudiciais \u00e0 concorr\u00eancia, que ao longo dos anos teriam resultado em sufocar a inova\u00e7\u00e3o, as escolhas do p\u00fablico e at\u00e9 mesmo prejudicar a democracia.<\/p>\n<p>Na sequ\u00eancia dessas queixas apresentadas no Congresso come\u00e7ou o processo contra o <strong>Google,<\/strong> movido incialmente pelo antitruste federal e por 11 estados, por abuso de posi\u00e7\u00e3o dominante principalmente em mecanismos de busca. Agora, parece ser a vez do <strong>Facebook.<\/strong><\/p>\n\t<p>\n\t\t<a href=\"https:\/\/lp.suno.com.br\/planilha-de-controle-de-investimentos\/\" target=\"_blank\" data-element=\"shortcode-suno-banner\" title=\"Banner SUNO, clique e saiba mais\">\n\t\t\t<picture>\n\t\t\t\t<source media=\"(max-width: 500px)\" srcset=\"https:\/\/files.sunoresearch.com.br\/n\/uploads\/2023\/03\/400x300-Controle-de-Investimentos.png\">\n\t\t\t\t<img class=\"newsContent__article__imgCapa newsContent__article__imgCapa--banner\"\n\t\t\t\t\tsrc=\"https:\/\/files.sunoresearch.com.br\/n\/uploads\/2023\/03\/1420x240-Controle-de-Investimentos.png\"\n\t\t\t\t\tdata-promo-id=\"75934\"\t\t\t\t\t\t\t\t\t\twidth='1420' height='240'\t\t\t\t\talt=\"https:\/\/files.sunoresearch.com.br\/n\/uploads\/2023\/03\/1420x240-Controle-de-Investimentos.png\"\n\t\t\t\t>\n\t\t\t<\/picture>\n\t\t<\/a>\n\t<\/p>\n\n\n","protected":false},"excerpt":{"rendered":"<p>Ap\u00f3s ter iniciado um processo contra o Google (Nasdaq: GOOG; GOOGL), agora seria a vez do Facebook (Nasdaq: FB). Os far\u00f3is das autoridades antitruste dos EUA, federal e estadual, est\u00e3o apontados contra o rei das redes sociais. Ap\u00f3s o Google, antitruste dos EUA estaria prestes a processar o Facebook A empresa fundada por Mark Zuckerberg [&hellip;]<\/p>\n","protected":false},"author":9,"featured_media":79799,"comment_status":"closed","ping_status":"closed","sticky":false,"template":"","format":"standard","meta":[],"categories":[63],"tags":[1372,694,1334,793,733,701],"suno_strategy":[],"class_list":["post-102218","post","type-post","status-publish","format-standard","has-post-thumbnail","hentry","category-internacional","tag-alphabet-gogl34-gogl35","tag-amazon-amzo34","tag-antitruste","tag-estados-unidos-eua","tag-facebook-fbok34","tag-google"],"yoast_head":"<!-- This site is optimized with the Yoast SEO plugin v24.4 - https:\/\/yoast.com\/wordpress\/plugins\/seo\/ -->\n<title>Ap\u00f3s o Google, antitruste dos EUA estaria prestes a processar o Facebook<\/title>\n<meta name=\"description\" content=\"Ap\u00f3s iniciar um processo contra o Google, o antitruste dos EUA estaria prestes a abrir outro contra o Facebook. Clique aqui e saiba mais.\" \/>\n<meta name=\"robots\" content=\"index, follow, max-snippet:-1, max-image-preview:large, max-video-preview:-1\" \/>\n<link rel=\"canonical\" href=\"https:\/\/www.suno.com.br\/noticias\/google-antitruste-processo-facebook\/\" \/>\n<meta property=\"og:locale\" content=\"pt_BR\" \/>\n<meta property=\"og:type\" content=\"article\" \/>\n<meta property=\"og:title\" content=\"Ap\u00f3s o Google, antitruste dos EUA estaria prestes a processar o Facebook\" \/>\n<meta property=\"og:description\" content=\"Ap\u00f3s iniciar um processo contra o Google, o antitruste dos EUA estaria prestes a abrir outro contra o Facebook. Clique aqui e saiba mais.\" \/>\n<meta property=\"og:url\" content=\"https:\/\/www.suno.com.br\/noticias\/google-antitruste-processo-facebook\/\" \/>\n<meta property=\"og:site_name\" content=\"Suno Not\u00edcias\" \/>\n<meta property=\"article:publisher\" content=\"https:\/\/facebook.com\/sunoresearch\" \/>\n<meta property=\"og:image\" content=\"https:\/\/files.sunoresearch.com.br\/n\/uploads\/2020\/08\/34d418bd-mark-zuckerberg.jpg\" \/>\n\t<meta property=\"og:image:width\" content=\"1280\" \/>\n\t<meta property=\"og:image:height\" content=\"720\" \/>\n\t<meta property=\"og:image:type\" content=\"image\/jpeg\" \/>\n<meta name=\"author\" content=\"Carlo Cauti\" \/>\n<meta name=\"twitter:card\" content=\"summary_large_image\" \/>\n<meta name=\"twitter:creator\" content=\"@sunoresearch\" \/>\n<meta name=\"twitter:site\" content=\"@sunoresearch\" \/>\n<meta name=\"twitter:label1\" content=\"Escrito por\" \/>\n\t<meta name=\"twitter:data1\" content=\"Carlo Cauti\" \/>\n\t<meta name=\"twitter:label2\" content=\"Est. tempo de leitura\" \/>\n\t<meta name=\"twitter:data2\" content=\"5 minutos\" \/>\n<script type=\"application\/ld+json\" class=\"yoast-schema-graph\">{\"@context\":\"https:\/\/schema.org\",\"@graph\":[{\"@type\":\"NewsArticle\",\"@id\":\"https:\/\/www.suno.com.br\/noticias\/google-antitruste-processo-facebook\/#article\",\"isPartOf\":{\"@id\":\"https:\/\/www.suno.com.br\/noticias\/google-antitruste-processo-facebook\/\"},\"author\":{\"name\":\"Carlo Cauti\",\"@id\":\"https:\/\/www.suno.com.br\/noticias\/#\/schema\/person\/e6e0f723cc177805027f4566c1d5e0c8\"},\"headline\":\"Ap\u00f3s o Google, antitruste dos EUA estaria prestes a processar o Facebook\",\"datePublished\":\"2020-11-22T15:38:38+00:00\",\"dateModified\":\"2021-06-01T23:26:24+00:00\",\"mainEntityOfPage\":{\"@id\":\"https:\/\/www.suno.com.br\/noticias\/google-antitruste-processo-facebook\/\"},\"wordCount\":962,\"publisher\":{\"@id\":\"https:\/\/www.suno.com.br\/noticias\/#organization\"},\"image\":{\"@id\":\"https:\/\/www.suno.com.br\/noticias\/google-antitruste-processo-facebook\/#primaryimage\"},\"thumbnailUrl\":\"https:\/\/files.sunoresearch.com.br\/n\/uploads\/2020\/08\/34d418bd-mark-zuckerberg-jpg.webp\",\"keywords\":[\"Alphabet (GOGL34\/GOGL35)\",\"Amazon (AMZO34)\",\"Antitruste\",\"Estados Unidos (EUA)\",\"Facebook (FBOK34)\",\"Google\"],\"articleSection\":[\"Internacional\"],\"inLanguage\":\"pt-BR\"},{\"@type\":\"WebPage\",\"@id\":\"https:\/\/www.suno.com.br\/noticias\/google-antitruste-processo-facebook\/\",\"url\":\"https:\/\/www.suno.com.br\/noticias\/google-antitruste-processo-facebook\/\",\"name\":\"Ap\u00f3s o Google, antitruste dos EUA estaria prestes a processar o Facebook\",\"isPartOf\":{\"@id\":\"https:\/\/www.suno.com.br\/noticias\/#website\"},\"primaryImageOfPage\":{\"@id\":\"https:\/\/www.suno.com.br\/noticias\/google-antitruste-processo-facebook\/#primaryimage\"},\"image\":{\"@id\":\"https:\/\/www.suno.com.br\/noticias\/google-antitruste-processo-facebook\/#primaryimage\"},\"thumbnailUrl\":\"https:\/\/files.sunoresearch.com.br\/n\/uploads\/2020\/08\/34d418bd-mark-zuckerberg-jpg.webp\",\"datePublished\":\"2020-11-22T15:38:38+00:00\",\"dateModified\":\"2021-06-01T23:26:24+00:00\",\"description\":\"Ap\u00f3s iniciar um processo contra o Google, o antitruste dos EUA estaria prestes a abrir outro contra o Facebook. Clique aqui e saiba mais.\",\"breadcrumb\":{\"@id\":\"https:\/\/www.suno.com.br\/noticias\/google-antitruste-processo-facebook\/#breadcrumb\"},\"inLanguage\":\"pt-BR\",\"potentialAction\":[{\"@type\":\"ReadAction\",\"target\":[\"https:\/\/www.suno.com.br\/noticias\/google-antitruste-processo-facebook\/\"]}]},{\"@type\":\"ImageObject\",\"inLanguage\":\"pt-BR\",\"@id\":\"https:\/\/www.suno.com.br\/noticias\/google-antitruste-processo-facebook\/#primaryimage\",\"url\":\"https:\/\/files.sunoresearch.com.br\/n\/uploads\/2020\/08\/34d418bd-mark-zuckerberg-jpg.webp\",\"contentUrl\":\"https:\/\/files.sunoresearch.com.br\/n\/uploads\/2020\/08\/34d418bd-mark-zuckerberg-jpg.webp\",\"width\":1280,\"height\":720,\"caption\":\"Ap\u00f3s o Google, antitruste dos EUA estaria prestes a processar o Facebook\"},{\"@type\":\"BreadcrumbList\",\"@id\":\"https:\/\/www.suno.com.br\/noticias\/google-antitruste-processo-facebook\/#breadcrumb\",\"itemListElement\":[{\"@type\":\"ListItem\",\"position\":1,\"name\":\"Not\u00edcias\",\"item\":\"https:\/\/www.suno.com.br\/noticias\/\"},{\"@type\":\"ListItem\",\"position\":2,\"name\":\"Internacional\",\"item\":\"https:\/\/www.suno.com.br\/noticias\/internacional\/\"},{\"@type\":\"ListItem\",\"position\":3,\"name\":\"Ap\u00f3s o Google, antitruste dos EUA estaria prestes a processar o Facebook\"}]},{\"@type\":\"WebSite\",\"@id\":\"https:\/\/www.suno.com.br\/noticias\/#website\",\"url\":\"https:\/\/www.suno.com.br\/noticias\/\",\"name\":\"Suno Not\u00edcias\",\"description\":\"Seu portal de informa\u00e7\u00e3o sobre o mundo dos investimentos\",\"publisher\":{\"@id\":\"https:\/\/www.suno.com.br\/noticias\/#organization\"},\"potentialAction\":[{\"@type\":\"SearchAction\",\"target\":{\"@type\":\"EntryPoint\",\"urlTemplate\":\"https:\/\/www.suno.com.br\/noticias\/?s={search_term_string}\"},\"query-input\":{\"@type\":\"PropertyValueSpecification\",\"valueRequired\":true,\"valueName\":\"search_term_string\"}}],\"inLanguage\":\"pt-BR\"},{\"@type\":\"Organization\",\"@id\":\"https:\/\/www.suno.com.br\/noticias\/#organization\",\"name\":\"Suno Not\u00edcias\",\"url\":\"https:\/\/www.suno.com.br\/noticias\/\",\"logo\":{\"@type\":\"ImageObject\",\"inLanguage\":\"pt-BR\",\"@id\":\"https:\/\/www.suno.com.br\/noticias\/#\/schema\/logo\/image\/\",\"url\":\"https:\/\/files.sunoresearch.com.br\/n\/uploads\/2021\/09\/suno-logo.png\",\"contentUrl\":\"https:\/\/files.sunoresearch.com.br\/n\/uploads\/2021\/09\/suno-logo.png\",\"width\":180,\"height\":180,\"caption\":\"Suno Not\u00edcias\"},\"image\":{\"@id\":\"https:\/\/www.suno.com.br\/noticias\/#\/schema\/logo\/image\/\"},\"sameAs\":[\"https:\/\/facebook.com\/sunoresearch\",\"https:\/\/x.com\/sunoresearch\",\"https:\/\/www.instagram.com\/suno\",\"https:\/\/www.linkedin.com\/company\/suno-research\/\",\"https:\/\/www.youtube.com\/c\/sunoresearch\"]},{\"@type\":\"Person\",\"@id\":\"https:\/\/www.suno.com.br\/noticias\/#\/schema\/person\/e6e0f723cc177805027f4566c1d5e0c8\",\"name\":\"Carlo Cauti\",\"image\":{\"@type\":\"ImageObject\",\"inLanguage\":\"pt-BR\",\"@id\":\"https:\/\/www.suno.com.br\/noticias\/#\/schema\/person\/image\/\",\"url\":\"https:\/\/secure.gravatar.com\/avatar\/3ada9e0bd164c23abd4792a9606d583c?s=96&r=g\",\"contentUrl\":\"https:\/\/secure.gravatar.com\/avatar\/3ada9e0bd164c23abd4792a9606d583c?s=96&r=g\",\"caption\":\"Carlo Cauti\"},\"description\":\"Editor multim\u00eddia do SUNO Not\u00edcias. Italiano, formado em Ci\u00eancias Pol\u00edticas pela universidade LUISS G. Carli de Roma e mestre cum laude em Rela\u00e7\u00f5es Internacionais, Jornalismo Internacional e de Guerra e em Economia Internacional. Concluiu tamb\u00e9m um MBA em Finan\u00e7as na B3. No Brasil, teve passagem por ve\u00edculos como Estad\u00e3o, Globo, Veja e EXAME. e nas ag\u00eancias de not\u00edcias italianas ANSA e NOVA.\",\"url\":\"https:\/\/www.suno.com.br\/noticias\/author\/carlo-cauti\/\"}]}<\/script>\n<!-- \/ Yoast SEO plugin. -->","yoast_head_json":{"title":"Ap\u00f3s o Google, antitruste dos EUA estaria prestes a processar o Facebook","description":"Ap\u00f3s iniciar um processo contra o Google, o antitruste dos EUA estaria prestes a abrir outro contra o Facebook. Clique aqui e saiba mais.","robots":{"index":"index","follow":"follow","max-snippet":"max-snippet:-1","max-image-preview":"max-image-preview:large","max-video-preview":"max-video-preview:-1"},"canonical":"https:\/\/www.suno.com.br\/noticias\/google-antitruste-processo-facebook\/","og_locale":"pt_BR","og_type":"article","og_title":"Ap\u00f3s o Google, antitruste dos EUA estaria prestes a processar o Facebook","og_description":"Ap\u00f3s iniciar um processo contra o Google, o antitruste dos EUA estaria prestes a abrir outro contra o Facebook. Clique aqui e saiba mais.","og_url":"https:\/\/www.suno.com.br\/noticias\/google-antitruste-processo-facebook\/","og_site_name":"Suno Not\u00edcias","article_publisher":"https:\/\/facebook.com\/sunoresearch","og_image":[{"width":1280,"height":720,"url":"https:\/\/files.sunoresearch.com.br\/n\/uploads\/2020\/08\/34d418bd-mark-zuckerberg.jpg","type":"image\/jpeg"}],"author":"Carlo Cauti","twitter_card":"summary_large_image","twitter_creator":"@sunoresearch","twitter_site":"@sunoresearch","twitter_misc":{"Escrito por":"Carlo Cauti","Est. tempo de leitura":"5 minutos"},"schema":{"@context":"https:\/\/schema.org","@graph":[{"@type":"NewsArticle","@id":"https:\/\/www.suno.com.br\/noticias\/google-antitruste-processo-facebook\/#article","isPartOf":{"@id":"https:\/\/www.suno.com.br\/noticias\/google-antitruste-processo-facebook\/"},"author":{"name":"Carlo Cauti","@id":"https:\/\/www.suno.com.br\/noticias\/#\/schema\/person\/e6e0f723cc177805027f4566c1d5e0c8"},"headline":"Ap\u00f3s o Google, antitruste dos EUA estaria prestes a processar o Facebook","datePublished":"2020-11-22T15:38:38+00:00","dateModified":"2021-06-01T23:26:24+00:00","mainEntityOfPage":{"@id":"https:\/\/www.suno.com.br\/noticias\/google-antitruste-processo-facebook\/"},"wordCount":962,"publisher":{"@id":"https:\/\/www.suno.com.br\/noticias\/#organization"},"image":{"@id":"https:\/\/www.suno.com.br\/noticias\/google-antitruste-processo-facebook\/#primaryimage"},"thumbnailUrl":"https:\/\/files.sunoresearch.com.br\/n\/uploads\/2020\/08\/34d418bd-mark-zuckerberg-jpg.webp","keywords":["Alphabet (GOGL34\/GOGL35)","Amazon (AMZO34)","Antitruste","Estados Unidos (EUA)","Facebook (FBOK34)","Google"],"articleSection":["Internacional"],"inLanguage":"pt-BR"},{"@type":"WebPage","@id":"https:\/\/www.suno.com.br\/noticias\/google-antitruste-processo-facebook\/","url":"https:\/\/www.suno.com.br\/noticias\/google-antitruste-processo-facebook\/","name":"Ap\u00f3s o Google, antitruste dos EUA estaria prestes a processar o Facebook","isPartOf":{"@id":"https:\/\/www.suno.com.br\/noticias\/#website"},"primaryImageOfPage":{"@id":"https:\/\/www.suno.com.br\/noticias\/google-antitruste-processo-facebook\/#primaryimage"},"image":{"@id":"https:\/\/www.suno.com.br\/noticias\/google-antitruste-processo-facebook\/#primaryimage"},"thumbnailUrl":"https:\/\/files.sunoresearch.com.br\/n\/uploads\/2020\/08\/34d418bd-mark-zuckerberg-jpg.webp","datePublished":"2020-11-22T15:38:38+00:00","dateModified":"2021-06-01T23:26:24+00:00","description":"Ap\u00f3s iniciar um processo contra o Google, o antitruste dos EUA estaria prestes a abrir outro contra o Facebook. Clique aqui e saiba mais.","breadcrumb":{"@id":"https:\/\/www.suno.com.br\/noticias\/google-antitruste-processo-facebook\/#breadcrumb"},"inLanguage":"pt-BR","potentialAction":[{"@type":"ReadAction","target":["https:\/\/www.suno.com.br\/noticias\/google-antitruste-processo-facebook\/"]}]},{"@type":"ImageObject","inLanguage":"pt-BR","@id":"https:\/\/www.suno.com.br\/noticias\/google-antitruste-processo-facebook\/#primaryimage","url":"https:\/\/files.sunoresearch.com.br\/n\/uploads\/2020\/08\/34d418bd-mark-zuckerberg-jpg.webp","contentUrl":"https:\/\/files.sunoresearch.com.br\/n\/uploads\/2020\/08\/34d418bd-mark-zuckerberg-jpg.webp","width":1280,"height":720,"caption":"Ap\u00f3s o Google, antitruste dos EUA estaria prestes a processar o Facebook"},{"@type":"BreadcrumbList","@id":"https:\/\/www.suno.com.br\/noticias\/google-antitruste-processo-facebook\/#breadcrumb","itemListElement":[{"@type":"ListItem","position":1,"name":"Not\u00edcias","item":"https:\/\/www.suno.com.br\/noticias\/"},{"@type":"ListItem","position":2,"name":"Internacional","item":"https:\/\/www.suno.com.br\/noticias\/internacional\/"},{"@type":"ListItem","position":3,"name":"Ap\u00f3s o Google, antitruste dos EUA estaria prestes a processar o Facebook"}]},{"@type":"WebSite","@id":"https:\/\/www.suno.com.br\/noticias\/#website","url":"https:\/\/www.suno.com.br\/noticias\/","name":"Suno Not\u00edcias","description":"Seu portal de informa\u00e7\u00e3o sobre o mundo dos investimentos","publisher":{"@id":"https:\/\/www.suno.com.br\/noticias\/#organization"},"potentialAction":[{"@type":"SearchAction","target":{"@type":"EntryPoint","urlTemplate":"https:\/\/www.suno.com.br\/noticias\/?s={search_term_string}"},"query-input":{"@type":"PropertyValueSpecification","valueRequired":true,"valueName":"search_term_string"}}],"inLanguage":"pt-BR"},{"@type":"Organization","@id":"https:\/\/www.suno.com.br\/noticias\/#organization","name":"Suno Not\u00edcias","url":"https:\/\/www.suno.com.br\/noticias\/","logo":{"@type":"ImageObject","inLanguage":"pt-BR","@id":"https:\/\/www.suno.com.br\/noticias\/#\/schema\/logo\/image\/","url":"https:\/\/files.sunoresearch.com.br\/n\/uploads\/2021\/09\/suno-logo.png","contentUrl":"https:\/\/files.sunoresearch.com.br\/n\/uploads\/2021\/09\/suno-logo.png","width":180,"height":180,"caption":"Suno Not\u00edcias"},"image":{"@id":"https:\/\/www.suno.com.br\/noticias\/#\/schema\/logo\/image\/"},"sameAs":["https:\/\/facebook.com\/sunoresearch","https:\/\/x.com\/sunoresearch","https:\/\/www.instagram.com\/suno","https:\/\/www.linkedin.com\/company\/suno-research\/","https:\/\/www.youtube.com\/c\/sunoresearch"]},{"@type":"Person","@id":"https:\/\/www.suno.com.br\/noticias\/#\/schema\/person\/e6e0f723cc177805027f4566c1d5e0c8","name":"Carlo Cauti","image":{"@type":"ImageObject","inLanguage":"pt-BR","@id":"https:\/\/www.suno.com.br\/noticias\/#\/schema\/person\/image\/","url":"https:\/\/secure.gravatar.com\/avatar\/3ada9e0bd164c23abd4792a9606d583c?s=96&r=g","contentUrl":"https:\/\/secure.gravatar.com\/avatar\/3ada9e0bd164c23abd4792a9606d583c?s=96&r=g","caption":"Carlo Cauti"},"description":"Editor multim\u00eddia do SUNO Not\u00edcias. Italiano, formado em Ci\u00eancias Pol\u00edticas pela universidade LUISS G. Carli de Roma e mestre cum laude em Rela\u00e7\u00f5es Internacionais, Jornalismo Internacional e de Guerra e em Economia Internacional. Concluiu tamb\u00e9m um MBA em Finan\u00e7as na B3. No Brasil, teve passagem por ve\u00edculos como Estad\u00e3o, Globo, Veja e EXAME. e nas ag\u00eancias de not\u00edcias italianas ANSA e NOVA.","url":"https:\/\/www.suno.com.br\/noticias\/author\/carlo-cauti\/"}]}},"default_loop_html":"<div class=\"cardsPage__listCard__boxs\"><div class=\"cardsPage__listCard__boxs__img\"><a href=\"https:\/\/www.suno.com.br\/noticias\/google-antitruste-processo-facebook\/\"><img class=\"mask\" src=\"https:\/\/www.suno.com.br\/noticias\/wp-content\/themes\/suno\/resources\/images\/spotlight\/spotlight1img\/bg-mask.png\" alt=\"Image Mask\"\/><img src=\"https:\/\/files.sunoresearch.com.br\/n\/uploads\/2020\/08\/34d418bd-mark-zuckerberg-400x200.webp\" alt=\"Ap\u00f3s o Google, antitruste dos EUA estaria prestes a processar o Facebook\"\/><\/a><span class=\"spotlightCategory\"><a href=\"https:\/\/www.suno.com.br\/noticias\/internacional\/\">Internacional<\/a><\/span><\/div><div class=\"cardsPage__listCard__boxs__content\"><a href=\"https:\/\/www.suno.com.br\/noticias\/google-antitruste-processo-facebook\/\"><h2 class=\"content__title\">Ap\u00f3s o Google, antitruste dos EUA estaria prestes a processar o Facebook<\/h2><\/a><div class=\"newsContent__article__meta\"><div class=\"newsContent__article__meta__authorBox\"><a href=\"https:\/\/www.suno.com.br\/noticias\/author\/carlo-cauti\/\" class=\"authorBox__avatar noMobi\"><img src=\"https:\/\/files.sunoresearch.com.br\/n\/uploads\/2020\/08\/e3745f9a-perfil-carlo-cauti-150x150.webp\" alt=\"Carlo Cauti\"><\/a><div class=\"authorBox__name\"><span>por\n\t\t\t<a href=\"https:\/\/www.suno.com.br\/noticias\/author\/carlo-cauti\/\"><span itemprop=\"author\">Carlo Cauti<\/span><\/a><\/span><time datetime=\"2020-11-22T12:38:38-03:00\" itemprop=\"datePublished\">22\/11\/2020 12:38<\/time><\/div><\/div><\/div><\/div><\/div>","single_layout":"posts","amp_enabled":true,"_links":{"self":[{"href":"https:\/\/www.suno.com.br\/noticias\/wp-json\/wp\/v2\/posts\/102218"}],"collection":[{"href":"https:\/\/www.suno.com.br\/noticias\/wp-json\/wp\/v2\/posts"}],"about":[{"href":"https:\/\/www.suno.com.br\/noticias\/wp-json\/wp\/v2\/types\/post"}],"author":[{"embeddable":true,"href":"https:\/\/www.suno.com.br\/noticias\/wp-json\/wp\/v2\/users\/9"}],"replies":[{"embeddable":true,"href":"https:\/\/www.suno.com.br\/noticias\/wp-json\/wp\/v2\/comments?post=102218"}],"version-history":[{"count":1,"href":"https:\/\/www.suno.com.br\/noticias\/wp-json\/wp\/v2\/posts\/102218\/revisions"}],"predecessor-version":[{"id":153789,"href":"https:\/\/www.suno.com.br\/noticias\/wp-json\/wp\/v2\/posts\/102218\/revisions\/153789"}],"wp:featuredmedia":[{"embeddable":true,"href":"https:\/\/www.suno.com.br\/noticias\/wp-json\/wp\/v2\/media\/79799"}],"wp:attachment":[{"href":"https:\/\/www.suno.com.br\/noticias\/wp-json\/wp\/v2\/media?parent=102218"}],"wp:term":[{"taxonomy":"category","embeddable":true,"href":"https:\/\/www.suno.com.br\/noticias\/wp-json\/wp\/v2\/categories?post=102218"},{"taxonomy":"post_tag","embeddable":true,"href":"https:\/\/www.suno.com.br\/noticias\/wp-json\/wp\/v2\/tags?post=102218"},{"taxonomy":"suno_strategy","embeddable":true,"href":"https:\/\/www.suno.com.br\/noticias\/wp-json\/wp\/v2\/suno_strategy?post=102218"}],"curies":[{"name":"wp","href":"https:\/\/api.w.org\/{rel}","templated":true}]}}