{"id":10221,"date":"2019-01-03T14:26:00","date_gmt":"2019-01-03T16:26:00","guid":{"rendered":"https:\/\/www.suno.com.br\/noticias\/?p=10221"},"modified":"2019-01-03T14:26:00","modified_gmt":"2019-01-03T16:26:00","slug":"volkswagen-se-destaca-na-venda-de-veiculos-em-2018","status":"publish","type":"post","link":"https:\/\/www.suno.com.br\/noticias\/volkswagen-se-destaca-na-venda-de-veiculos-em-2018\/","title":{"rendered":"Volkswagen se destaca na venda de ve\u00edculos em 2018"},"content":{"rendered":"<p>A\u00a0Volkswagen foi destaque no aumento das vendas de ve\u00edculos em 2018.<\/p>\t<div class=\"wrapper-featured-image\">\n\t\t<figure class=\"spotlightImg\">\n\n\t\t\t<picture>\n\t\t\t\t<source media=\"(max-width: 768px)\" srcset=\"https:\/\/files.sunoresearch.com.br\/n\/uploads\/2019\/01\/dd74dca9-ve\u00edculos-da-volkswagen-400x200.webp\">\n\t\t\t\t<img loading=\"lazy\" decoding=\"async\" class=\"newsContent__article__imgCapa lazyloadDisabled newsContent__article__imgCapa--noCaption\" src=\"https:\/\/files.sunoresearch.com.br\/n\/uploads\/2019\/01\/dd74dca9-ve\u00edculos-da-volkswagen-jpg.webp\" width=\"800\" height=\"450\" alt=\"Volkswagen se destaca na venda de ve\u00edculos em 2018\" fetchpriority=high \/>\n\t\t\t<\/picture>\n\n\t\t\t<figcaption class=\"wp-caption-text wp-caption-text--hide\">Ve\u00edculos da Volkswagen<\/figcaption>\n\t\t<\/figure>\n\t<\/div>\n\n\n<p>Segundo os dados divulgados nesta quinta-feira (3) pela federa\u00e7\u00e3o dos concession\u00e1rios, a <strong>Fenabrave<\/strong>, a <strong>Volkswagen<\/strong> aumentou suas vendas de <strong>ve\u00edculos<\/strong> de quase 35% em rela\u00e7\u00e3o a 2017.<\/p>\n<p>No total, cinco <strong>montadoras<\/strong> registraram crescimento acima do mercado de autom\u00f3veis e ve\u00edculos comerciais leves em 2018. No ano passado, o crescimento das vendas foi de 14,6%.<\/p>\n<p><a href=\"https:\/\/www.suno.com.br\/noticias\/venda-de-veiculos-novos-cresce-146-em-2018\/\">Saiba mais:\u00a0Venda de ve\u00edculos novos cresce 14,6% em 2018\u00a0<\/a><\/p>\n<h2>Volkswagen em segundo lugar<\/h2>\n<p>Segundo os dados preliminares, a montadora alem\u00e3 vendeu 366,9 mil ve\u00edculos e ficou em segundo lugar no ranking nacional. A Volkswagen est\u00e1 atr\u00e1s apenas da General Motors. A empresa norte-americana vendeu 433,9 mil unidades em 2018, 10% a mais que em 2017.<\/p>\n<p>A Fiat ficou em terceiro lugar, com 325,7 mil unidades vendidas, alta de 11,8%. Na sequ\u00eancia veio a Ford, com 226,4 mil unidades (crescimento de 9,5%).<\/p>\n<p>Al\u00e9m disso, outro destaque foi a Renault, que vendeu 214,9 mil unidades, alta de 28,7% ante 2017. A marca francesa ocupou a quinta posi\u00e7\u00e3o na lista das fabricantes.<\/p>\n<p>A Hyundai ficou na sexta posi\u00e7\u00e3o, com venda de 206,5 mil ve\u00edculos e crescimento de 2,3% ante 2017.<\/p>\n<p>Por outro lado, Jeep e Nissan, que est\u00e3o em nono e a d\u00e9cimo lugares, cresceram\u00a0respectivamente 21,3% e 23,7%, com 106,9 mil e 97,5 mil unidades vendidas.<\/p>\n<p>Em porcentual, o crescimento mais expressivo foi da chinesa Chery, que mais que dobrou suas vendas (de 3,7 mil para 8,6 mil unidades). A montadora asi\u00e1tica fez parceria com o grupo Caoa, que tamb\u00e9m produz alguns ve\u00edculos da Hyundai. Com isso, a Chery lan\u00e7ou novos produtos, al\u00e9m de receber significativos investimentos em marketing.<\/p>\n<p>Entre os carros mais vendidos no Pa\u00eds, o Chevrolet Onix manteve a lideran\u00e7a pelo quarto ano seguido, com 210 mil unidades. O Onix representou quase a metade das vendas totais da GM. A segunda posi\u00e7\u00e3o ficou com o Hyundai HB20 (105 mil unidades), seguido pelo Ford Ka (102 mil).<\/p>\n<p>As montadoras prometem muitas novidades e lan\u00e7amentos de novos <strong>ve\u00edculos<\/strong> para 2019. Uma delas \u00e9 o utilit\u00e1rio-esportivo T-Cross, da <strong>Volkswagen<\/strong>, que ser\u00e1 lan\u00e7ado at\u00e9 mar\u00e7o.<\/p>\n","protected":false},"excerpt":{"rendered":"<p>A\u00a0Volkswagen foi destaque no aumento das vendas de ve\u00edculos em 2018. Ve\u00edculos da Volkswagen Segundo os dados divulgados nesta quinta-feira (3) pela federa\u00e7\u00e3o dos concession\u00e1rios, a Fenabrave, a Volkswagen aumentou suas vendas de ve\u00edculos de quase 35% em rela\u00e7\u00e3o a 2017. No total, cinco montadoras registraram crescimento acima do mercado de autom\u00f3veis e ve\u00edculos comerciais [&hellip;]<\/p>\n","protected":false},"author":9,"featured_media":10231,"comment_status":"closed","ping_status":"closed","sticky":false,"template":"","format":"standard","meta":[],"categories":[64],"tags":[918,832,854],"suno_strategy":[],"class_list":["post-10221","post","type-post","status-publish","format-standard","has-post-thumbnail","hentry","category-negocios","tag-fenabrave","tag-fiat","tag-volkswagen"],"yoast_head":"<!-- This site is optimized with the Yoast SEO plugin v24.4 - https:\/\/yoast.com\/wordpress\/plugins\/seo\/ -->\n<title>Volkswagen se destaca na venda de ve\u00edculos em 2018<\/title>\n<meta name=\"description\" content=\"Segndo dados da Fenabrave, a Volkswagen aumentou suas vendas de ve\u00edculos de quase 35% em rela\u00e7\u00e3o a 2017. Clique aqui para saber mais.\" \/>\n<meta name=\"robots\" content=\"index, follow, max-snippet:-1, max-image-preview:large, max-video-preview:-1\" \/>\n<link rel=\"canonical\" href=\"https:\/\/www.suno.com.br\/noticias\/volkswagen-se-destaca-na-venda-de-veiculos-em-2018\/\" \/>\n<meta property=\"og:locale\" content=\"pt_BR\" \/>\n<meta property=\"og:type\" content=\"article\" \/>\n<meta property=\"og:title\" content=\"Volkswagen se destaca na venda de ve\u00edculos em 2018\" \/>\n<meta property=\"og:description\" content=\"Segndo dados da Fenabrave, a Volkswagen aumentou suas vendas de ve\u00edculos de quase 35% em rela\u00e7\u00e3o a 2017. Clique aqui para saber mais.\" \/>\n<meta property=\"og:url\" content=\"https:\/\/www.suno.com.br\/noticias\/volkswagen-se-destaca-na-venda-de-veiculos-em-2018\/\" \/>\n<meta property=\"og:site_name\" content=\"Suno Not\u00edcias\" \/>\n<meta property=\"article:publisher\" content=\"https:\/\/facebook.com\/sunoresearch\" \/>\n<meta property=\"og:image\" content=\"https:\/\/files.sunoresearch.com.br\/n\/uploads\/2019\/01\/dd74dca9-ve\u00edculos-da-volkswagen.jpg\" \/>\n\t<meta property=\"og:image:width\" content=\"620\" \/>\n\t<meta property=\"og:image:height\" content=\"400\" \/>\n\t<meta property=\"og:image:type\" content=\"image\/jpeg\" \/>\n<meta name=\"author\" content=\"Carlo Cauti\" \/>\n<meta name=\"twitter:card\" content=\"summary_large_image\" \/>\n<meta name=\"twitter:creator\" content=\"@sunoresearch\" \/>\n<meta name=\"twitter:site\" content=\"@sunoresearch\" \/>\n<meta name=\"twitter:label1\" content=\"Escrito por\" \/>\n\t<meta name=\"twitter:data1\" content=\"Carlo Cauti\" \/>\n\t<meta name=\"twitter:label2\" content=\"Est. tempo de leitura\" \/>\n\t<meta name=\"twitter:data2\" content=\"2 minutos\" \/>\n<script type=\"application\/ld+json\" class=\"yoast-schema-graph\">{\"@context\":\"https:\/\/schema.org\",\"@graph\":[{\"@type\":\"NewsArticle\",\"@id\":\"https:\/\/www.suno.com.br\/noticias\/volkswagen-se-destaca-na-venda-de-veiculos-em-2018\/#article\",\"isPartOf\":{\"@id\":\"https:\/\/www.suno.com.br\/noticias\/volkswagen-se-destaca-na-venda-de-veiculos-em-2018\/\"},\"author\":{\"name\":\"Carlo Cauti\",\"@id\":\"https:\/\/www.suno.com.br\/noticias\/#\/schema\/person\/e6e0f723cc177805027f4566c1d5e0c8\"},\"headline\":\"Volkswagen se destaca na venda de ve\u00edculos em 2018\",\"datePublished\":\"2019-01-03T16:26:00+00:00\",\"mainEntityOfPage\":{\"@id\":\"https:\/\/www.suno.com.br\/noticias\/volkswagen-se-destaca-na-venda-de-veiculos-em-2018\/\"},\"wordCount\":353,\"publisher\":{\"@id\":\"https:\/\/www.suno.com.br\/noticias\/#organization\"},\"image\":{\"@id\":\"https:\/\/www.suno.com.br\/noticias\/volkswagen-se-destaca-na-venda-de-veiculos-em-2018\/#primaryimage\"},\"thumbnailUrl\":\"https:\/\/files.sunoresearch.com.br\/n\/uploads\/2019\/01\/dd74dca9-ve\u00edculos-da-volkswagen-jpg.webp\",\"keywords\":[\"Fenabrave\",\"FIAT\",\"Volkswagen\"],\"articleSection\":[\"Neg\u00f3cios\"],\"inLanguage\":\"pt-BR\"},{\"@type\":\"WebPage\",\"@id\":\"https:\/\/www.suno.com.br\/noticias\/volkswagen-se-destaca-na-venda-de-veiculos-em-2018\/\",\"url\":\"https:\/\/www.suno.com.br\/noticias\/volkswagen-se-destaca-na-venda-de-veiculos-em-2018\/\",\"name\":\"Volkswagen se destaca na venda de ve\u00edculos em 2018\",\"isPartOf\":{\"@id\":\"https:\/\/www.suno.com.br\/noticias\/#website\"},\"primaryImageOfPage\":{\"@id\":\"https:\/\/www.suno.com.br\/noticias\/volkswagen-se-destaca-na-venda-de-veiculos-em-2018\/#primaryimage\"},\"image\":{\"@id\":\"https:\/\/www.suno.com.br\/noticias\/volkswagen-se-destaca-na-venda-de-veiculos-em-2018\/#primaryimage\"},\"thumbnailUrl\":\"https:\/\/files.sunoresearch.com.br\/n\/uploads\/2019\/01\/dd74dca9-ve\u00edculos-da-volkswagen-jpg.webp\",\"datePublished\":\"2019-01-03T16:26:00+00:00\",\"description\":\"Segndo dados da Fenabrave, a Volkswagen aumentou suas vendas de ve\u00edculos de quase 35% em rela\u00e7\u00e3o a 2017. Clique aqui para saber mais.\",\"breadcrumb\":{\"@id\":\"https:\/\/www.suno.com.br\/noticias\/volkswagen-se-destaca-na-venda-de-veiculos-em-2018\/#breadcrumb\"},\"inLanguage\":\"pt-BR\",\"potentialAction\":[{\"@type\":\"ReadAction\",\"target\":[\"https:\/\/www.suno.com.br\/noticias\/volkswagen-se-destaca-na-venda-de-veiculos-em-2018\/\"]}]},{\"@type\":\"ImageObject\",\"inLanguage\":\"pt-BR\",\"@id\":\"https:\/\/www.suno.com.br\/noticias\/volkswagen-se-destaca-na-venda-de-veiculos-em-2018\/#primaryimage\",\"url\":\"https:\/\/files.sunoresearch.com.br\/n\/uploads\/2019\/01\/dd74dca9-ve\u00edculos-da-volkswagen-jpg.webp\",\"contentUrl\":\"https:\/\/files.sunoresearch.com.br\/n\/uploads\/2019\/01\/dd74dca9-ve\u00edculos-da-volkswagen-jpg.webp\",\"width\":620,\"height\":400,\"caption\":\"Ve\u00edculos da Volkswagen\"},{\"@type\":\"BreadcrumbList\",\"@id\":\"https:\/\/www.suno.com.br\/noticias\/volkswagen-se-destaca-na-venda-de-veiculos-em-2018\/#breadcrumb\",\"itemListElement\":[{\"@type\":\"ListItem\",\"position\":1,\"name\":\"Not\u00edcias\",\"item\":\"https:\/\/www.suno.com.br\/noticias\/\"},{\"@type\":\"ListItem\",\"position\":2,\"name\":\"Neg\u00f3cios\",\"item\":\"https:\/\/www.suno.com.br\/noticias\/negocios\/\"},{\"@type\":\"ListItem\",\"position\":3,\"name\":\"Volkswagen se destaca na venda de ve\u00edculos em 2018\"}]},{\"@type\":\"WebSite\",\"@id\":\"https:\/\/www.suno.com.br\/noticias\/#website\",\"url\":\"https:\/\/www.suno.com.br\/noticias\/\",\"name\":\"Suno Not\u00edcias\",\"description\":\"Seu portal de informa\u00e7\u00e3o sobre o mundo dos investimentos\",\"publisher\":{\"@id\":\"https:\/\/www.suno.com.br\/noticias\/#organization\"},\"potentialAction\":[{\"@type\":\"SearchAction\",\"target\":{\"@type\":\"EntryPoint\",\"urlTemplate\":\"https:\/\/www.suno.com.br\/noticias\/?s={search_term_string}\"},\"query-input\":{\"@type\":\"PropertyValueSpecification\",\"valueRequired\":true,\"valueName\":\"search_term_string\"}}],\"inLanguage\":\"pt-BR\"},{\"@type\":\"Organization\",\"@id\":\"https:\/\/www.suno.com.br\/noticias\/#organization\",\"name\":\"Suno Not\u00edcias\",\"url\":\"https:\/\/www.suno.com.br\/noticias\/\",\"logo\":{\"@type\":\"ImageObject\",\"inLanguage\":\"pt-BR\",\"@id\":\"https:\/\/www.suno.com.br\/noticias\/#\/schema\/logo\/image\/\",\"url\":\"https:\/\/files.sunoresearch.com.br\/n\/uploads\/2021\/09\/suno-logo.png\",\"contentUrl\":\"https:\/\/files.sunoresearch.com.br\/n\/uploads\/2021\/09\/suno-logo.png\",\"width\":180,\"height\":180,\"caption\":\"Suno Not\u00edcias\"},\"image\":{\"@id\":\"https:\/\/www.suno.com.br\/noticias\/#\/schema\/logo\/image\/\"},\"sameAs\":[\"https:\/\/facebook.com\/sunoresearch\",\"https:\/\/x.com\/sunoresearch\",\"https:\/\/www.instagram.com\/suno\",\"https:\/\/www.linkedin.com\/company\/suno-research\/\",\"https:\/\/www.youtube.com\/c\/sunoresearch\"]},{\"@type\":\"Person\",\"@id\":\"https:\/\/www.suno.com.br\/noticias\/#\/schema\/person\/e6e0f723cc177805027f4566c1d5e0c8\",\"name\":\"Carlo Cauti\",\"image\":{\"@type\":\"ImageObject\",\"inLanguage\":\"pt-BR\",\"@id\":\"https:\/\/www.suno.com.br\/noticias\/#\/schema\/person\/image\/\",\"url\":\"https:\/\/secure.gravatar.com\/avatar\/3ada9e0bd164c23abd4792a9606d583c?s=96&r=g\",\"contentUrl\":\"https:\/\/secure.gravatar.com\/avatar\/3ada9e0bd164c23abd4792a9606d583c?s=96&r=g\",\"caption\":\"Carlo Cauti\"},\"description\":\"Editor multim\u00eddia do SUNO Not\u00edcias. Italiano, formado em Ci\u00eancias Pol\u00edticas pela universidade LUISS G. Carli de Roma e mestre cum laude em Rela\u00e7\u00f5es Internacionais, Jornalismo Internacional e de Guerra e em Economia Internacional. Concluiu tamb\u00e9m um MBA em Finan\u00e7as na B3. No Brasil, teve passagem por ve\u00edculos como Estad\u00e3o, Globo, Veja e EXAME. e nas ag\u00eancias de not\u00edcias italianas ANSA e NOVA.\",\"url\":\"https:\/\/www.suno.com.br\/noticias\/author\/carlo-cauti\/\"}]}<\/script>\n<!-- \/ Yoast SEO plugin. -->","yoast_head_json":{"title":"Volkswagen se destaca na venda de ve\u00edculos em 2018","description":"Segndo dados da Fenabrave, a Volkswagen aumentou suas vendas de ve\u00edculos de quase 35% em rela\u00e7\u00e3o a 2017. Clique aqui para saber mais.","robots":{"index":"index","follow":"follow","max-snippet":"max-snippet:-1","max-image-preview":"max-image-preview:large","max-video-preview":"max-video-preview:-1"},"canonical":"https:\/\/www.suno.com.br\/noticias\/volkswagen-se-destaca-na-venda-de-veiculos-em-2018\/","og_locale":"pt_BR","og_type":"article","og_title":"Volkswagen se destaca na venda de ve\u00edculos em 2018","og_description":"Segndo dados da Fenabrave, a Volkswagen aumentou suas vendas de ve\u00edculos de quase 35% em rela\u00e7\u00e3o a 2017. Clique aqui para saber mais.","og_url":"https:\/\/www.suno.com.br\/noticias\/volkswagen-se-destaca-na-venda-de-veiculos-em-2018\/","og_site_name":"Suno Not\u00edcias","article_publisher":"https:\/\/facebook.com\/sunoresearch","og_image":[{"width":620,"height":400,"url":"https:\/\/files.sunoresearch.com.br\/n\/uploads\/2019\/01\/dd74dca9-ve\u00edculos-da-volkswagen.jpg","type":"image\/jpeg"}],"author":"Carlo Cauti","twitter_card":"summary_large_image","twitter_creator":"@sunoresearch","twitter_site":"@sunoresearch","twitter_misc":{"Escrito por":"Carlo Cauti","Est. tempo de leitura":"2 minutos"},"schema":{"@context":"https:\/\/schema.org","@graph":[{"@type":"NewsArticle","@id":"https:\/\/www.suno.com.br\/noticias\/volkswagen-se-destaca-na-venda-de-veiculos-em-2018\/#article","isPartOf":{"@id":"https:\/\/www.suno.com.br\/noticias\/volkswagen-se-destaca-na-venda-de-veiculos-em-2018\/"},"author":{"name":"Carlo Cauti","@id":"https:\/\/www.suno.com.br\/noticias\/#\/schema\/person\/e6e0f723cc177805027f4566c1d5e0c8"},"headline":"Volkswagen se destaca na venda de ve\u00edculos em 2018","datePublished":"2019-01-03T16:26:00+00:00","mainEntityOfPage":{"@id":"https:\/\/www.suno.com.br\/noticias\/volkswagen-se-destaca-na-venda-de-veiculos-em-2018\/"},"wordCount":353,"publisher":{"@id":"https:\/\/www.suno.com.br\/noticias\/#organization"},"image":{"@id":"https:\/\/www.suno.com.br\/noticias\/volkswagen-se-destaca-na-venda-de-veiculos-em-2018\/#primaryimage"},"thumbnailUrl":"https:\/\/files.sunoresearch.com.br\/n\/uploads\/2019\/01\/dd74dca9-ve\u00edculos-da-volkswagen-jpg.webp","keywords":["Fenabrave","FIAT","Volkswagen"],"articleSection":["Neg\u00f3cios"],"inLanguage":"pt-BR"},{"@type":"WebPage","@id":"https:\/\/www.suno.com.br\/noticias\/volkswagen-se-destaca-na-venda-de-veiculos-em-2018\/","url":"https:\/\/www.suno.com.br\/noticias\/volkswagen-se-destaca-na-venda-de-veiculos-em-2018\/","name":"Volkswagen se destaca na venda de ve\u00edculos em 2018","isPartOf":{"@id":"https:\/\/www.suno.com.br\/noticias\/#website"},"primaryImageOfPage":{"@id":"https:\/\/www.suno.com.br\/noticias\/volkswagen-se-destaca-na-venda-de-veiculos-em-2018\/#primaryimage"},"image":{"@id":"https:\/\/www.suno.com.br\/noticias\/volkswagen-se-destaca-na-venda-de-veiculos-em-2018\/#primaryimage"},"thumbnailUrl":"https:\/\/files.sunoresearch.com.br\/n\/uploads\/2019\/01\/dd74dca9-ve\u00edculos-da-volkswagen-jpg.webp","datePublished":"2019-01-03T16:26:00+00:00","description":"Segndo dados da Fenabrave, a Volkswagen aumentou suas vendas de ve\u00edculos de quase 35% em rela\u00e7\u00e3o a 2017. Clique aqui para saber mais.","breadcrumb":{"@id":"https:\/\/www.suno.com.br\/noticias\/volkswagen-se-destaca-na-venda-de-veiculos-em-2018\/#breadcrumb"},"inLanguage":"pt-BR","potentialAction":[{"@type":"ReadAction","target":["https:\/\/www.suno.com.br\/noticias\/volkswagen-se-destaca-na-venda-de-veiculos-em-2018\/"]}]},{"@type":"ImageObject","inLanguage":"pt-BR","@id":"https:\/\/www.suno.com.br\/noticias\/volkswagen-se-destaca-na-venda-de-veiculos-em-2018\/#primaryimage","url":"https:\/\/files.sunoresearch.com.br\/n\/uploads\/2019\/01\/dd74dca9-ve\u00edculos-da-volkswagen-jpg.webp","contentUrl":"https:\/\/files.sunoresearch.com.br\/n\/uploads\/2019\/01\/dd74dca9-ve\u00edculos-da-volkswagen-jpg.webp","width":620,"height":400,"caption":"Ve\u00edculos da Volkswagen"},{"@type":"BreadcrumbList","@id":"https:\/\/www.suno.com.br\/noticias\/volkswagen-se-destaca-na-venda-de-veiculos-em-2018\/#breadcrumb","itemListElement":[{"@type":"ListItem","position":1,"name":"Not\u00edcias","item":"https:\/\/www.suno.com.br\/noticias\/"},{"@type":"ListItem","position":2,"name":"Neg\u00f3cios","item":"https:\/\/www.suno.com.br\/noticias\/negocios\/"},{"@type":"ListItem","position":3,"name":"Volkswagen se destaca na venda de ve\u00edculos em 2018"}]},{"@type":"WebSite","@id":"https:\/\/www.suno.com.br\/noticias\/#website","url":"https:\/\/www.suno.com.br\/noticias\/","name":"Suno Not\u00edcias","description":"Seu portal de informa\u00e7\u00e3o sobre o mundo dos investimentos","publisher":{"@id":"https:\/\/www.suno.com.br\/noticias\/#organization"},"potentialAction":[{"@type":"SearchAction","target":{"@type":"EntryPoint","urlTemplate":"https:\/\/www.suno.com.br\/noticias\/?s={search_term_string}"},"query-input":{"@type":"PropertyValueSpecification","valueRequired":true,"valueName":"search_term_string"}}],"inLanguage":"pt-BR"},{"@type":"Organization","@id":"https:\/\/www.suno.com.br\/noticias\/#organization","name":"Suno Not\u00edcias","url":"https:\/\/www.suno.com.br\/noticias\/","logo":{"@type":"ImageObject","inLanguage":"pt-BR","@id":"https:\/\/www.suno.com.br\/noticias\/#\/schema\/logo\/image\/","url":"https:\/\/files.sunoresearch.com.br\/n\/uploads\/2021\/09\/suno-logo.png","contentUrl":"https:\/\/files.sunoresearch.com.br\/n\/uploads\/2021\/09\/suno-logo.png","width":180,"height":180,"caption":"Suno Not\u00edcias"},"image":{"@id":"https:\/\/www.suno.com.br\/noticias\/#\/schema\/logo\/image\/"},"sameAs":["https:\/\/facebook.com\/sunoresearch","https:\/\/x.com\/sunoresearch","https:\/\/www.instagram.com\/suno","https:\/\/www.linkedin.com\/company\/suno-research\/","https:\/\/www.youtube.com\/c\/sunoresearch"]},{"@type":"Person","@id":"https:\/\/www.suno.com.br\/noticias\/#\/schema\/person\/e6e0f723cc177805027f4566c1d5e0c8","name":"Carlo Cauti","image":{"@type":"ImageObject","inLanguage":"pt-BR","@id":"https:\/\/www.suno.com.br\/noticias\/#\/schema\/person\/image\/","url":"https:\/\/secure.gravatar.com\/avatar\/3ada9e0bd164c23abd4792a9606d583c?s=96&r=g","contentUrl":"https:\/\/secure.gravatar.com\/avatar\/3ada9e0bd164c23abd4792a9606d583c?s=96&r=g","caption":"Carlo Cauti"},"description":"Editor multim\u00eddia do SUNO Not\u00edcias. Italiano, formado em Ci\u00eancias Pol\u00edticas pela universidade LUISS G. Carli de Roma e mestre cum laude em Rela\u00e7\u00f5es Internacionais, Jornalismo Internacional e de Guerra e em Economia Internacional. Concluiu tamb\u00e9m um MBA em Finan\u00e7as na B3. No Brasil, teve passagem por ve\u00edculos como Estad\u00e3o, Globo, Veja e EXAME. e nas ag\u00eancias de not\u00edcias italianas ANSA e NOVA.","url":"https:\/\/www.suno.com.br\/noticias\/author\/carlo-cauti\/"}]}},"default_loop_html":"<div class=\"cardsPage__listCard__boxs\"><div class=\"cardsPage__listCard__boxs__img\"><a href=\"https:\/\/www.suno.com.br\/noticias\/volkswagen-se-destaca-na-venda-de-veiculos-em-2018\/\"><img class=\"mask\" src=\"https:\/\/www.suno.com.br\/noticias\/wp-content\/themes\/suno\/resources\/images\/spotlight\/spotlight1img\/bg-mask.png\" alt=\"Image Mask\"\/><img src=\"https:\/\/files.sunoresearch.com.br\/n\/uploads\/2019\/01\/dd74dca9-ve\u00edculos-da-volkswagen-400x200.webp\" alt=\"Volkswagen se destaca na venda de ve\u00edculos em 2018\"\/><\/a><span class=\"spotlightCategory\"><a href=\"https:\/\/www.suno.com.br\/noticias\/negocios\/\">Neg\u00f3cios<\/a><\/span><\/div><div class=\"cardsPage__listCard__boxs__content\"><a href=\"https:\/\/www.suno.com.br\/noticias\/volkswagen-se-destaca-na-venda-de-veiculos-em-2018\/\"><h2 class=\"content__title\">Volkswagen se destaca na venda de ve\u00edculos em 2018<\/h2><\/a><div class=\"newsContent__article__meta\"><div class=\"newsContent__article__meta__authorBox\"><a href=\"https:\/\/www.suno.com.br\/noticias\/author\/carlo-cauti\/\" class=\"authorBox__avatar noMobi\"><img src=\"https:\/\/files.sunoresearch.com.br\/n\/uploads\/2020\/08\/e3745f9a-perfil-carlo-cauti-150x150.webp\" alt=\"Carlo Cauti\"><\/a><div class=\"authorBox__name\"><span>por\n\t\t\t<a href=\"https:\/\/www.suno.com.br\/noticias\/author\/carlo-cauti\/\"><span itemprop=\"author\">Carlo Cauti<\/span><\/a><\/span><time datetime=\"2019-01-03T14:26:00-02:00\" itemprop=\"datePublished\">03\/01\/2019 14:26<\/time><\/div><\/div><\/div><\/div><\/div>","single_layout":"posts","amp_enabled":true,"_links":{"self":[{"href":"https:\/\/www.suno.com.br\/noticias\/wp-json\/wp\/v2\/posts\/10221"}],"collection":[{"href":"https:\/\/www.suno.com.br\/noticias\/wp-json\/wp\/v2\/posts"}],"about":[{"href":"https:\/\/www.suno.com.br\/noticias\/wp-json\/wp\/v2\/types\/post"}],"author":[{"embeddable":true,"href":"https:\/\/www.suno.com.br\/noticias\/wp-json\/wp\/v2\/users\/9"}],"replies":[{"embeddable":true,"href":"https:\/\/www.suno.com.br\/noticias\/wp-json\/wp\/v2\/comments?post=10221"}],"version-history":[{"count":0,"href":"https:\/\/www.suno.com.br\/noticias\/wp-json\/wp\/v2\/posts\/10221\/revisions"}],"wp:featuredmedia":[{"embeddable":true,"href":"https:\/\/www.suno.com.br\/noticias\/wp-json\/wp\/v2\/media\/10231"}],"wp:attachment":[{"href":"https:\/\/www.suno.com.br\/noticias\/wp-json\/wp\/v2\/media?parent=10221"}],"wp:term":[{"taxonomy":"category","embeddable":true,"href":"https:\/\/www.suno.com.br\/noticias\/wp-json\/wp\/v2\/categories?post=10221"},{"taxonomy":"post_tag","embeddable":true,"href":"https:\/\/www.suno.com.br\/noticias\/wp-json\/wp\/v2\/tags?post=10221"},{"taxonomy":"suno_strategy","embeddable":true,"href":"https:\/\/www.suno.com.br\/noticias\/wp-json\/wp\/v2\/suno_strategy?post=10221"}],"curies":[{"name":"wp","href":"https:\/\/api.w.org\/{rel}","templated":true}]}}