{"id":102072,"date":"2020-11-20T19:09:28","date_gmt":"2020-11-20T22:09:28","guid":{"rendered":"https:\/\/www.suno.com.br\/noticias\/?p=102072"},"modified":"2021-02-18T19:33:50","modified_gmt":"2021-02-18T22:33:50","slug":"ifix-fecha-em-alta-de-004-aos-2-79604-pontos-20112020","status":"publish","type":"post","link":"https:\/\/www.suno.com.br\/noticias\/ifix-fecha-em-alta-de-004-aos-2-79604-pontos-20112020\/","title":{"rendered":"IFIX fecha em alta de 0,04%, aos 2.796,04 pontos"},"content":{"rendered":"<p>O <b>IFIX<\/b>, \u00edndice de Fundos Imobili\u00e1rios da B3, fechou nesta sexta-feira (20) , aos 2.796,04 pontos, apresentando uma alta de 0,04%.<\/p>\t<div class=\"wrapper-featured-image\">\n\t\t<figure class=\"spotlightImg\">\n\n\t\t\t<picture>\n\t\t\t\t<source media=\"(max-width: 768px)\" srcset=\"https:\/\/files.sunoresearch.com.br\/n\/uploads\/2019\/06\/a2d97b53-fundos-imobili\u00e1rios-400x200.webp\">\n\t\t\t\t<img loading=\"lazy\" decoding=\"async\" class=\"newsContent__article__imgCapa lazyloadDisabled \" src=\"https:\/\/files.sunoresearch.com.br\/n\/uploads\/2019\/06\/a2d97b53-fundos-imobili\u00e1rios-jpg.webp\" width=\"800\" height=\"450\" alt=\"IFIX fecha em alta de 0,04%, aos 2.796,04 pontos\" fetchpriority=high \/>\n\t\t\t<\/picture>\n\n\t\t\t<figcaption class=\"wp-caption-text wp-caption-text--show\">Confira os pagamento dos rendimentos dos Fundos Imobili\u00e1rios (FIIs)<\/figcaption>\n\t\t<\/figure>\n\t<\/div>\n\n\n\t<p>\n\t\t<a href=\"https:\/\/lp.suno.com.br\/planilha-controle-gastos\/\" target=\"_blank\" data-element=\"shortcode-suno-banner\" title=\"Banner SUNO, clique e saiba mais\">\n\t\t\t<picture>\n\t\t\t\t<source media=\"(max-width: 500px)\" srcset=\"https:\/\/files.sunoresearch.com.br\/n\/uploads\/2023\/03\/400x300-Planilha-controle-de-gastos.png\">\n\t\t\t\t<img class=\"newsContent__article__imgCapa newsContent__article__imgCapa--banner\"\n\t\t\t\t\tsrc=\"https:\/\/files.sunoresearch.com.br\/n\/uploads\/2023\/03\/1420x240-Planilha-controle-de-gastos.png\"\n\t\t\t\t\tdata-promo-id=\"101751\"\t\t\t\t\t\t\t\t\t\twidth='1420' height='240'\t\t\t\t\talt=\"https:\/\/files.sunoresearch.com.br\/n\/uploads\/2023\/03\/1420x240-Planilha-controle-de-gastos.png\"\n\t\t\t\t>\n\t\t\t<\/picture>\n\t\t<\/a>\n\t<\/p>\n\n\n<p>Na semana, o IFIX acumulou uma queda de 0,26%, ante alta de 0,30%, apresentada na semana anterior.<\/p>\n<p>As maiores altas do <a href=\"https:\/\/www.suno.com.br\/artigos\/ifix\/\">IFIX<\/a>\u00a0foram os <strong><a href=\"https:\/\/www.suno.com.br\/fundos-imobiliarios\/#:~:text=Fundos%20imobili%C3%A1rios%20s%C3%A3o%20fundos%20de,lajes%20corporativas%2C%20galp%C3%B5es%20log%C3%ADsticos%2C%20sedes\">fundos imobili\u00e1rios (FIIs)<\/a><\/strong> Hospital da Crian\u00e7a (<strong>HGFF11<\/strong>), que ganhou 1,67%; Grand Plaza Shopping (<strong>ABCP11<\/strong>), que avan\u00e7ou 1,42%; Santander Pap\u00e9is IMOB CDI FDO (<strong>SADI11<\/strong>), que subiu 0,97%; Vila Ol\u00edmpia Corporate (<strong>KNCR11<\/strong>) que avan\u00e7ou 0,92% e o Hotel Maxinvest (<strong>HTMX11<\/strong>), que subiu 0,86%.<\/p>\n\t<p>\n\t\t<a href=\"https:\/\/lp.suno.com.br\/planilha-controle-gastos\/\" target=\"_blank\" data-element=\"shortcode-suno-banner\" title=\"Banner SUNO, clique e saiba mais\">\n\t\t\t<picture>\n\t\t\t\t<source media=\"(max-width: 500px)\" srcset=\"https:\/\/files.sunoresearch.com.br\/n\/uploads\/2023\/03\/400x300-Planilha-controle-de-gastos.png\">\n\t\t\t\t<img class=\"newsContent__article__imgCapa newsContent__article__imgCapa--banner\"\n\t\t\t\t\tsrc=\"https:\/\/files.sunoresearch.com.br\/n\/uploads\/2023\/03\/1420x240-Planilha-controle-de-gastos.png\"\n\t\t\t\t\tdata-promo-id=\"101751\"\t\t\t\t\t\t\t\t\t\twidth='1420' height='240'\t\t\t\t\talt=\"https:\/\/files.sunoresearch.com.br\/n\/uploads\/2023\/03\/1420x240-Planilha-controle-de-gastos.png\"\n\t\t\t\t>\n\t\t\t<\/picture>\n\t\t<\/a>\n\t<\/p>\n\n\n<p>Por sua vez, as maiores baixas foram os fundos XP Malls (<strong>XPML11<\/strong>), que caiu 1,42%, CGHG Receb\u00edveis (<strong>HGCR11<\/strong>)<strong>,<\/strong> que recuou 1,31%, o Plural Receb\u00edveis (<strong>PLCR11<\/strong>) que caiu 1,18 %; a XP Industrial (<strong>XPIN11<\/strong>), que recuou 0,94% e o Ourinvest JPP (<strong>OUJP11<\/strong>) que caiu 0,93%.<\/p>\n<h2>Principais not\u00edcias do dia em Fundos Imobili\u00e1rios<\/h2>\n<p>Confira as principais not\u00edcias que movimentaram o IFIX nesta quarta-feira:<\/p>\n<ul>\n<li>RBRP11 compra ativos<\/li>\n<li>BRIP11 adquire terreno<\/li>\n<\/ul>\n<h2>RBRP11<\/h2>\n<p>O\u00a0 <strong>RBRP11<\/strong> comprou por R$ 4,41 milh\u00f5es dois conjuntos do Condom\u00ednio Centro Empresarial M\u00e1rio Garnero. O valor foi pago \u00e0 vista.<\/p>\n<p>Com a nova aquisi\u00e7\u00e3o, a participa\u00e7\u00e3o do RBR Properties no condom\u00ednio fica em 15,8%. No entanto, vale destacar que a compra n\u00e3o tem efeito imediato na distribui\u00e7\u00e3o de rendimento mensal do <strong>RBRP11<\/strong> .<\/p>\n<h2>BRIP11<\/h2>\n<p>O\u00a0<strong>BRIP11\u00a0\u00a0<\/strong>informou ao mercado que aprovou a compra de terrenos para desenvolver um projeto residencial. OS terrenos ficam no bairro de Pinheiro, em S\u00e3o Paulo.<\/p>\n<p>O Fundo pagou R$ 11,67 milh\u00f5es nos ativos, e assim 21,17% do seu capital social passou a estar comprometido em 3 projetos residenciais m\u00e9dio-alto e alto padr\u00e3o em S\u00e3o Paulo.<\/p>\n<h2>Maiores altas e baixas do IFIX<\/h2>\n<p>Confira as maiores altas e baixas do dia no IFIX nesta sexta-feira:<\/p>\n<h3>Maiores Altas do dia:<\/h3>\n<ul>\n<li>HGFF11:\u00a0 R$ 93,70 \/\u00a0 1,67%<\/li>\n<li>ABCP11:\u00a0 R$ 76,90 \/\u00a0 1,42%<\/li>\n<li>SADI11: R$ 82,11 \/ 0,97%<\/li>\n<li>KNCR11: R$ 88,99 \/ 0,92%<\/li>\n<li>HTMX11:\u00a0 R$ 121,04 \/ 0,86%<\/li>\n<\/ul>\n<h3>Maiores Baixas do dia<\/h3>\n<ul>\n<li>XPML11: R$ 107,99 \/ -1,42%<\/li>\n<li>HGCR11: R$ 98,20 \/ -1,31%<\/li>\n<li>PLCR11: R$ 84,00 \/ -1,18%<\/li>\n<li>XPIN11: R$ 115,90 \/ -0,94%<\/li>\n<li>OUJP11: R$ 103,00 \/ -0,93%<\/li>\n<\/ul>\n<h2>O que \u00e9 o IFIX<\/h2>\n<p>O <b>IFIX <\/b>\u00e9 um indicador criado pela <a href=\"https:\/\/www.suno.com.br\/artigos\/b3\/\"><strong>Bolsa de Valores de S\u00e3o Paulo (B3)<\/strong><\/a> que tem como objetivo a medi\u00e7\u00e3o d performance de uma carteira composta por cotas de <strong>Fundos Imobili\u00e1rios.<\/strong><\/p>\n\t<p>\n\t\t<a href=\"https:\/\/lp.suno.com.br\/planilha-de-controle-de-investimentos\/\" target=\"_blank\" data-element=\"shortcode-suno-banner\" title=\"Banner SUNO, clique e saiba mais\">\n\t\t\t<picture>\n\t\t\t\t<source media=\"(max-width: 500px)\" srcset=\"https:\/\/files.sunoresearch.com.br\/n\/uploads\/2023\/03\/400x300-Controle-de-Investimentos.png\">\n\t\t\t\t<img class=\"newsContent__article__imgCapa newsContent__article__imgCapa--banner\"\n\t\t\t\t\tsrc=\"https:\/\/files.sunoresearch.com.br\/n\/uploads\/2023\/03\/1420x240-Controle-de-Investimentos.png\"\n\t\t\t\t\tdata-promo-id=\"75934\"\t\t\t\t\t\t\t\t\t\twidth='1420' height='240'\t\t\t\t\talt=\"https:\/\/files.sunoresearch.com.br\/n\/uploads\/2023\/03\/1420x240-Controle-de-Investimentos.png\"\n\t\t\t\t>\n\t\t\t<\/picture>\n\t\t<\/a>\n\t<\/p>\n\n\n","protected":false},"excerpt":{"rendered":"<p>O IFIX, \u00edndice de Fundos Imobili\u00e1rios da B3, fechou nesta sexta-feira (20) , aos 2.796,04 pontos, apresentando uma alta de 0,04%. Confira os pagamento dos rendimentos dos Fundos Imobili\u00e1rios (FIIs) Na semana, o IFIX acumulou uma queda de 0,26%, ante alta de 0,30%, apresentada na semana anterior. As maiores altas do IFIX\u00a0foram os fundos imobili\u00e1rios [&hellip;]<\/p>\n","protected":false},"author":39,"featured_media":29546,"comment_status":"closed","ping_status":"closed","sticky":false,"template":"","format":"standard","meta":[],"categories":[60],"tags":[315,2689,2356],"suno_strategy":[],"class_list":["post-102072","post","type-post","status-publish","format-standard","has-post-thumbnail","hentry","category-mercado","tag-fundos-imobiliarios-fiis","tag-ifix","tag-xpin11"],"yoast_head":"<!-- This site is optimized with the Yoast SEO plugin v24.4 - https:\/\/yoast.com\/wordpress\/plugins\/seo\/ -->\n<title>IFIX fecha em alta de 0,04%, aos 2.796,04 pontos<\/title>\n<meta name=\"description\" content=\"O IFIX, \u00edndice de Fundos Imobili\u00e1rios da B3, fechou nesta sexta-feira (20) , aos 2.796,04 pontos. Clique aqui e saiba mais\" \/>\n<meta name=\"robots\" content=\"index, follow, max-snippet:-1, max-image-preview:large, max-video-preview:-1\" \/>\n<link rel=\"canonical\" href=\"https:\/\/www.suno.com.br\/noticias\/ifix-fecha-em-alta-de-004-aos-2-79604-pontos-20112020\/\" \/>\n<meta property=\"og:locale\" content=\"pt_BR\" \/>\n<meta property=\"og:type\" content=\"article\" \/>\n<meta property=\"og:title\" content=\"IFIX fecha em alta de 0,04%, aos 2.796,04 pontos\" \/>\n<meta property=\"og:description\" content=\"O IFIX, \u00edndice de Fundos Imobili\u00e1rios da B3, fechou nesta sexta-feira (20) , aos 2.796,04 pontos. Clique aqui e saiba mais\" \/>\n<meta property=\"og:url\" content=\"https:\/\/www.suno.com.br\/noticias\/ifix-fecha-em-alta-de-004-aos-2-79604-pontos-20112020\/\" \/>\n<meta property=\"og:site_name\" content=\"Suno Not\u00edcias\" \/>\n<meta property=\"article:publisher\" content=\"https:\/\/facebook.com\/sunoresearch\" \/>\n<meta property=\"og:image\" content=\"https:\/\/files.sunoresearch.com.br\/n\/uploads\/2019\/06\/a2d97b53-fundos-imobili\u00e1rios.jpg\" \/>\n\t<meta property=\"og:image:width\" content=\"580\" \/>\n\t<meta property=\"og:image:height\" content=\"360\" \/>\n\t<meta property=\"og:image:type\" content=\"image\/jpeg\" \/>\n<meta name=\"author\" content=\"Laura Moutinho\" \/>\n<meta name=\"twitter:card\" content=\"summary_large_image\" \/>\n<meta name=\"twitter:creator\" content=\"@sunoresearch\" \/>\n<meta name=\"twitter:site\" content=\"@sunoresearch\" \/>\n<meta name=\"twitter:label1\" content=\"Escrito por\" \/>\n\t<meta name=\"twitter:data1\" content=\"Laura Moutinho\" \/>\n\t<meta name=\"twitter:label2\" content=\"Est. tempo de leitura\" \/>\n\t<meta name=\"twitter:data2\" content=\"2 minutos\" \/>\n<script type=\"application\/ld+json\" class=\"yoast-schema-graph\">{\"@context\":\"https:\/\/schema.org\",\"@graph\":[{\"@type\":\"NewsArticle\",\"@id\":\"https:\/\/www.suno.com.br\/noticias\/ifix-fecha-em-alta-de-004-aos-2-79604-pontos-20112020\/#article\",\"isPartOf\":{\"@id\":\"https:\/\/www.suno.com.br\/noticias\/ifix-fecha-em-alta-de-004-aos-2-79604-pontos-20112020\/\"},\"author\":{\"name\":\"Laura Moutinho\",\"@id\":\"https:\/\/www.suno.com.br\/noticias\/#\/schema\/person\/3df0d2808748b74496efe5dbeaef2c72\"},\"headline\":\"IFIX fecha em alta de 0,04%, aos 2.796,04 pontos\",\"datePublished\":\"2020-11-20T22:09:28+00:00\",\"dateModified\":\"2021-02-18T22:33:50+00:00\",\"mainEntityOfPage\":{\"@id\":\"https:\/\/www.suno.com.br\/noticias\/ifix-fecha-em-alta-de-004-aos-2-79604-pontos-20112020\/\"},\"wordCount\":370,\"publisher\":{\"@id\":\"https:\/\/www.suno.com.br\/noticias\/#organization\"},\"image\":{\"@id\":\"https:\/\/www.suno.com.br\/noticias\/ifix-fecha-em-alta-de-004-aos-2-79604-pontos-20112020\/#primaryimage\"},\"thumbnailUrl\":\"https:\/\/files.sunoresearch.com.br\/n\/uploads\/2019\/06\/a2d97b53-fundos-imobili\u00e1rios-jpg.webp\",\"keywords\":[\"Fundos Imobili\u00e1rios (FIIs)\",\"IFIX\",\"XPIN11\"],\"articleSection\":[\"Mercado\"],\"inLanguage\":\"pt-BR\"},{\"@type\":\"WebPage\",\"@id\":\"https:\/\/www.suno.com.br\/noticias\/ifix-fecha-em-alta-de-004-aos-2-79604-pontos-20112020\/\",\"url\":\"https:\/\/www.suno.com.br\/noticias\/ifix-fecha-em-alta-de-004-aos-2-79604-pontos-20112020\/\",\"name\":\"IFIX fecha em alta de 0,04%, aos 2.796,04 pontos\",\"isPartOf\":{\"@id\":\"https:\/\/www.suno.com.br\/noticias\/#website\"},\"primaryImageOfPage\":{\"@id\":\"https:\/\/www.suno.com.br\/noticias\/ifix-fecha-em-alta-de-004-aos-2-79604-pontos-20112020\/#primaryimage\"},\"image\":{\"@id\":\"https:\/\/www.suno.com.br\/noticias\/ifix-fecha-em-alta-de-004-aos-2-79604-pontos-20112020\/#primaryimage\"},\"thumbnailUrl\":\"https:\/\/files.sunoresearch.com.br\/n\/uploads\/2019\/06\/a2d97b53-fundos-imobili\u00e1rios-jpg.webp\",\"datePublished\":\"2020-11-20T22:09:28+00:00\",\"dateModified\":\"2021-02-18T22:33:50+00:00\",\"description\":\"O IFIX, \u00edndice de Fundos Imobili\u00e1rios da B3, fechou nesta sexta-feira (20) , aos 2.796,04 pontos. Clique aqui e saiba mais\",\"breadcrumb\":{\"@id\":\"https:\/\/www.suno.com.br\/noticias\/ifix-fecha-em-alta-de-004-aos-2-79604-pontos-20112020\/#breadcrumb\"},\"inLanguage\":\"pt-BR\",\"potentialAction\":[{\"@type\":\"ReadAction\",\"target\":[\"https:\/\/www.suno.com.br\/noticias\/ifix-fecha-em-alta-de-004-aos-2-79604-pontos-20112020\/\"]}]},{\"@type\":\"ImageObject\",\"inLanguage\":\"pt-BR\",\"@id\":\"https:\/\/www.suno.com.br\/noticias\/ifix-fecha-em-alta-de-004-aos-2-79604-pontos-20112020\/#primaryimage\",\"url\":\"https:\/\/files.sunoresearch.com.br\/n\/uploads\/2019\/06\/a2d97b53-fundos-imobili\u00e1rios-jpg.webp\",\"contentUrl\":\"https:\/\/files.sunoresearch.com.br\/n\/uploads\/2019\/06\/a2d97b53-fundos-imobili\u00e1rios-jpg.webp\",\"width\":580,\"height\":360,\"caption\":\"Confira os pagamento dos rendimentos dos Fundos Imobili\u00e1rios (FIIs)\"},{\"@type\":\"BreadcrumbList\",\"@id\":\"https:\/\/www.suno.com.br\/noticias\/ifix-fecha-em-alta-de-004-aos-2-79604-pontos-20112020\/#breadcrumb\",\"itemListElement\":[{\"@type\":\"ListItem\",\"position\":1,\"name\":\"Not\u00edcias\",\"item\":\"https:\/\/www.suno.com.br\/noticias\/\"},{\"@type\":\"ListItem\",\"position\":2,\"name\":\"Mercado\",\"item\":\"https:\/\/www.suno.com.br\/noticias\/mercado\/\"},{\"@type\":\"ListItem\",\"position\":3,\"name\":\"IFIX fecha em alta de 0,04%, aos 2.796,04 pontos\"}]},{\"@type\":\"WebSite\",\"@id\":\"https:\/\/www.suno.com.br\/noticias\/#website\",\"url\":\"https:\/\/www.suno.com.br\/noticias\/\",\"name\":\"Suno Not\u00edcias\",\"description\":\"Seu portal de informa\u00e7\u00e3o sobre o mundo dos investimentos\",\"publisher\":{\"@id\":\"https:\/\/www.suno.com.br\/noticias\/#organization\"},\"potentialAction\":[{\"@type\":\"SearchAction\",\"target\":{\"@type\":\"EntryPoint\",\"urlTemplate\":\"https:\/\/www.suno.com.br\/noticias\/?s={search_term_string}\"},\"query-input\":{\"@type\":\"PropertyValueSpecification\",\"valueRequired\":true,\"valueName\":\"search_term_string\"}}],\"inLanguage\":\"pt-BR\"},{\"@type\":\"Organization\",\"@id\":\"https:\/\/www.suno.com.br\/noticias\/#organization\",\"name\":\"Suno Not\u00edcias\",\"url\":\"https:\/\/www.suno.com.br\/noticias\/\",\"logo\":{\"@type\":\"ImageObject\",\"inLanguage\":\"pt-BR\",\"@id\":\"https:\/\/www.suno.com.br\/noticias\/#\/schema\/logo\/image\/\",\"url\":\"https:\/\/files.sunoresearch.com.br\/n\/uploads\/2021\/09\/suno-logo.png\",\"contentUrl\":\"https:\/\/files.sunoresearch.com.br\/n\/uploads\/2021\/09\/suno-logo.png\",\"width\":180,\"height\":180,\"caption\":\"Suno Not\u00edcias\"},\"image\":{\"@id\":\"https:\/\/www.suno.com.br\/noticias\/#\/schema\/logo\/image\/\"},\"sameAs\":[\"https:\/\/facebook.com\/sunoresearch\",\"https:\/\/x.com\/sunoresearch\",\"https:\/\/www.instagram.com\/suno\",\"https:\/\/www.linkedin.com\/company\/suno-research\/\",\"https:\/\/www.youtube.com\/c\/sunoresearch\"]},{\"@type\":\"Person\",\"@id\":\"https:\/\/www.suno.com.br\/noticias\/#\/schema\/person\/3df0d2808748b74496efe5dbeaef2c72\",\"name\":\"Laura Moutinho\",\"image\":{\"@type\":\"ImageObject\",\"inLanguage\":\"pt-BR\",\"@id\":\"https:\/\/www.suno.com.br\/noticias\/#\/schema\/person\/image\/\",\"url\":\"https:\/\/secure.gravatar.com\/avatar\/7571c7c8ca3a6fca5e41384ece5557ff?s=96&r=g\",\"contentUrl\":\"https:\/\/secure.gravatar.com\/avatar\/7571c7c8ca3a6fca5e41384ece5557ff?s=96&r=g\",\"caption\":\"Laura Moutinho\"},\"description\":\"Estagi\u00e1ria na Suno Not\u00edcias, escreve not\u00edcias que afetam o mercado financeiro. Estuda administra\u00e7\u00e3o na Universidade Presbiteriana Mackenzie.\",\"url\":\"https:\/\/www.suno.com.br\/noticias\/author\/laura-moutinho\/\"}]}<\/script>\n<!-- \/ Yoast SEO plugin. -->","yoast_head_json":{"title":"IFIX fecha em alta de 0,04%, aos 2.796,04 pontos","description":"O IFIX, \u00edndice de Fundos Imobili\u00e1rios da B3, fechou nesta sexta-feira (20) , aos 2.796,04 pontos. Clique aqui e saiba mais","robots":{"index":"index","follow":"follow","max-snippet":"max-snippet:-1","max-image-preview":"max-image-preview:large","max-video-preview":"max-video-preview:-1"},"canonical":"https:\/\/www.suno.com.br\/noticias\/ifix-fecha-em-alta-de-004-aos-2-79604-pontos-20112020\/","og_locale":"pt_BR","og_type":"article","og_title":"IFIX fecha em alta de 0,04%, aos 2.796,04 pontos","og_description":"O IFIX, \u00edndice de Fundos Imobili\u00e1rios da B3, fechou nesta sexta-feira (20) , aos 2.796,04 pontos. Clique aqui e saiba mais","og_url":"https:\/\/www.suno.com.br\/noticias\/ifix-fecha-em-alta-de-004-aos-2-79604-pontos-20112020\/","og_site_name":"Suno Not\u00edcias","article_publisher":"https:\/\/facebook.com\/sunoresearch","og_image":[{"width":580,"height":360,"url":"https:\/\/files.sunoresearch.com.br\/n\/uploads\/2019\/06\/a2d97b53-fundos-imobili\u00e1rios.jpg","type":"image\/jpeg"}],"author":"Laura Moutinho","twitter_card":"summary_large_image","twitter_creator":"@sunoresearch","twitter_site":"@sunoresearch","twitter_misc":{"Escrito por":"Laura Moutinho","Est. tempo de leitura":"2 minutos"},"schema":{"@context":"https:\/\/schema.org","@graph":[{"@type":"NewsArticle","@id":"https:\/\/www.suno.com.br\/noticias\/ifix-fecha-em-alta-de-004-aos-2-79604-pontos-20112020\/#article","isPartOf":{"@id":"https:\/\/www.suno.com.br\/noticias\/ifix-fecha-em-alta-de-004-aos-2-79604-pontos-20112020\/"},"author":{"name":"Laura Moutinho","@id":"https:\/\/www.suno.com.br\/noticias\/#\/schema\/person\/3df0d2808748b74496efe5dbeaef2c72"},"headline":"IFIX fecha em alta de 0,04%, aos 2.796,04 pontos","datePublished":"2020-11-20T22:09:28+00:00","dateModified":"2021-02-18T22:33:50+00:00","mainEntityOfPage":{"@id":"https:\/\/www.suno.com.br\/noticias\/ifix-fecha-em-alta-de-004-aos-2-79604-pontos-20112020\/"},"wordCount":370,"publisher":{"@id":"https:\/\/www.suno.com.br\/noticias\/#organization"},"image":{"@id":"https:\/\/www.suno.com.br\/noticias\/ifix-fecha-em-alta-de-004-aos-2-79604-pontos-20112020\/#primaryimage"},"thumbnailUrl":"https:\/\/files.sunoresearch.com.br\/n\/uploads\/2019\/06\/a2d97b53-fundos-imobili\u00e1rios-jpg.webp","keywords":["Fundos Imobili\u00e1rios (FIIs)","IFIX","XPIN11"],"articleSection":["Mercado"],"inLanguage":"pt-BR"},{"@type":"WebPage","@id":"https:\/\/www.suno.com.br\/noticias\/ifix-fecha-em-alta-de-004-aos-2-79604-pontos-20112020\/","url":"https:\/\/www.suno.com.br\/noticias\/ifix-fecha-em-alta-de-004-aos-2-79604-pontos-20112020\/","name":"IFIX fecha em alta de 0,04%, aos 2.796,04 pontos","isPartOf":{"@id":"https:\/\/www.suno.com.br\/noticias\/#website"},"primaryImageOfPage":{"@id":"https:\/\/www.suno.com.br\/noticias\/ifix-fecha-em-alta-de-004-aos-2-79604-pontos-20112020\/#primaryimage"},"image":{"@id":"https:\/\/www.suno.com.br\/noticias\/ifix-fecha-em-alta-de-004-aos-2-79604-pontos-20112020\/#primaryimage"},"thumbnailUrl":"https:\/\/files.sunoresearch.com.br\/n\/uploads\/2019\/06\/a2d97b53-fundos-imobili\u00e1rios-jpg.webp","datePublished":"2020-11-20T22:09:28+00:00","dateModified":"2021-02-18T22:33:50+00:00","description":"O IFIX, \u00edndice de Fundos Imobili\u00e1rios da B3, fechou nesta sexta-feira (20) , aos 2.796,04 pontos. Clique aqui e saiba mais","breadcrumb":{"@id":"https:\/\/www.suno.com.br\/noticias\/ifix-fecha-em-alta-de-004-aos-2-79604-pontos-20112020\/#breadcrumb"},"inLanguage":"pt-BR","potentialAction":[{"@type":"ReadAction","target":["https:\/\/www.suno.com.br\/noticias\/ifix-fecha-em-alta-de-004-aos-2-79604-pontos-20112020\/"]}]},{"@type":"ImageObject","inLanguage":"pt-BR","@id":"https:\/\/www.suno.com.br\/noticias\/ifix-fecha-em-alta-de-004-aos-2-79604-pontos-20112020\/#primaryimage","url":"https:\/\/files.sunoresearch.com.br\/n\/uploads\/2019\/06\/a2d97b53-fundos-imobili\u00e1rios-jpg.webp","contentUrl":"https:\/\/files.sunoresearch.com.br\/n\/uploads\/2019\/06\/a2d97b53-fundos-imobili\u00e1rios-jpg.webp","width":580,"height":360,"caption":"Confira os pagamento dos rendimentos dos Fundos Imobili\u00e1rios (FIIs)"},{"@type":"BreadcrumbList","@id":"https:\/\/www.suno.com.br\/noticias\/ifix-fecha-em-alta-de-004-aos-2-79604-pontos-20112020\/#breadcrumb","itemListElement":[{"@type":"ListItem","position":1,"name":"Not\u00edcias","item":"https:\/\/www.suno.com.br\/noticias\/"},{"@type":"ListItem","position":2,"name":"Mercado","item":"https:\/\/www.suno.com.br\/noticias\/mercado\/"},{"@type":"ListItem","position":3,"name":"IFIX fecha em alta de 0,04%, aos 2.796,04 pontos"}]},{"@type":"WebSite","@id":"https:\/\/www.suno.com.br\/noticias\/#website","url":"https:\/\/www.suno.com.br\/noticias\/","name":"Suno Not\u00edcias","description":"Seu portal de informa\u00e7\u00e3o sobre o mundo dos investimentos","publisher":{"@id":"https:\/\/www.suno.com.br\/noticias\/#organization"},"potentialAction":[{"@type":"SearchAction","target":{"@type":"EntryPoint","urlTemplate":"https:\/\/www.suno.com.br\/noticias\/?s={search_term_string}"},"query-input":{"@type":"PropertyValueSpecification","valueRequired":true,"valueName":"search_term_string"}}],"inLanguage":"pt-BR"},{"@type":"Organization","@id":"https:\/\/www.suno.com.br\/noticias\/#organization","name":"Suno Not\u00edcias","url":"https:\/\/www.suno.com.br\/noticias\/","logo":{"@type":"ImageObject","inLanguage":"pt-BR","@id":"https:\/\/www.suno.com.br\/noticias\/#\/schema\/logo\/image\/","url":"https:\/\/files.sunoresearch.com.br\/n\/uploads\/2021\/09\/suno-logo.png","contentUrl":"https:\/\/files.sunoresearch.com.br\/n\/uploads\/2021\/09\/suno-logo.png","width":180,"height":180,"caption":"Suno Not\u00edcias"},"image":{"@id":"https:\/\/www.suno.com.br\/noticias\/#\/schema\/logo\/image\/"},"sameAs":["https:\/\/facebook.com\/sunoresearch","https:\/\/x.com\/sunoresearch","https:\/\/www.instagram.com\/suno","https:\/\/www.linkedin.com\/company\/suno-research\/","https:\/\/www.youtube.com\/c\/sunoresearch"]},{"@type":"Person","@id":"https:\/\/www.suno.com.br\/noticias\/#\/schema\/person\/3df0d2808748b74496efe5dbeaef2c72","name":"Laura Moutinho","image":{"@type":"ImageObject","inLanguage":"pt-BR","@id":"https:\/\/www.suno.com.br\/noticias\/#\/schema\/person\/image\/","url":"https:\/\/secure.gravatar.com\/avatar\/7571c7c8ca3a6fca5e41384ece5557ff?s=96&r=g","contentUrl":"https:\/\/secure.gravatar.com\/avatar\/7571c7c8ca3a6fca5e41384ece5557ff?s=96&r=g","caption":"Laura Moutinho"},"description":"Estagi\u00e1ria na Suno Not\u00edcias, escreve not\u00edcias que afetam o mercado financeiro. Estuda administra\u00e7\u00e3o na Universidade Presbiteriana Mackenzie.","url":"https:\/\/www.suno.com.br\/noticias\/author\/laura-moutinho\/"}]}},"default_loop_html":"<div class=\"cardsPage__listCard__boxs\"><div class=\"cardsPage__listCard__boxs__img\"><a href=\"https:\/\/www.suno.com.br\/noticias\/ifix-fecha-em-alta-de-004-aos-2-79604-pontos-20112020\/\"><img class=\"mask\" src=\"https:\/\/www.suno.com.br\/noticias\/wp-content\/themes\/suno\/resources\/images\/spotlight\/spotlight1img\/bg-mask.png\" alt=\"Image Mask\"\/><img src=\"https:\/\/files.sunoresearch.com.br\/n\/uploads\/2019\/06\/a2d97b53-fundos-imobili\u00e1rios-400x200.webp\" alt=\"IFIX fecha em alta de 0,04%, aos 2.796,04 pontos\"\/><\/a><span class=\"spotlightCategory\"><a href=\"https:\/\/www.suno.com.br\/noticias\/mercado\/\">Mercado<\/a><\/span><\/div><div class=\"cardsPage__listCard__boxs__content\"><a href=\"https:\/\/www.suno.com.br\/noticias\/ifix-fecha-em-alta-de-004-aos-2-79604-pontos-20112020\/\"><h2 class=\"content__title\">IFIX fecha em alta de 0,04%, aos 2.796,04 pontos<\/h2><\/a><div class=\"newsContent__article__meta\"><div class=\"newsContent__article__meta__authorBox\"><a href=\"https:\/\/www.suno.com.br\/noticias\/author\/laura-moutinho\/\" class=\"authorBox__avatar noMobi\"><img src=\"https:\/\/files.sunoresearch.com.br\/n\/uploads\/2020\/08\/531ff69d-whatsapp-image-2020-08-03-at-14.54.38-150x150.webp\" alt=\"Laura Moutinho\"><\/a><div class=\"authorBox__name\"><span>por\n\t\t\t<a href=\"https:\/\/www.suno.com.br\/noticias\/author\/laura-moutinho\/\"><span itemprop=\"author\">Laura Moutinho<\/span><\/a><\/span><time datetime=\"2020-11-20T19:09:28-03:00\" itemprop=\"datePublished\">20\/11\/2020 19:09<\/time><\/div><\/div><\/div><\/div><\/div>","single_layout":"posts","amp_enabled":true,"_links":{"self":[{"href":"https:\/\/www.suno.com.br\/noticias\/wp-json\/wp\/v2\/posts\/102072"}],"collection":[{"href":"https:\/\/www.suno.com.br\/noticias\/wp-json\/wp\/v2\/posts"}],"about":[{"href":"https:\/\/www.suno.com.br\/noticias\/wp-json\/wp\/v2\/types\/post"}],"author":[{"embeddable":true,"href":"https:\/\/www.suno.com.br\/noticias\/wp-json\/wp\/v2\/users\/39"}],"replies":[{"embeddable":true,"href":"https:\/\/www.suno.com.br\/noticias\/wp-json\/wp\/v2\/comments?post=102072"}],"version-history":[{"count":0,"href":"https:\/\/www.suno.com.br\/noticias\/wp-json\/wp\/v2\/posts\/102072\/revisions"}],"wp:featuredmedia":[{"embeddable":true,"href":"https:\/\/www.suno.com.br\/noticias\/wp-json\/wp\/v2\/media\/29546"}],"wp:attachment":[{"href":"https:\/\/www.suno.com.br\/noticias\/wp-json\/wp\/v2\/media?parent=102072"}],"wp:term":[{"taxonomy":"category","embeddable":true,"href":"https:\/\/www.suno.com.br\/noticias\/wp-json\/wp\/v2\/categories?post=102072"},{"taxonomy":"post_tag","embeddable":true,"href":"https:\/\/www.suno.com.br\/noticias\/wp-json\/wp\/v2\/tags?post=102072"},{"taxonomy":"suno_strategy","embeddable":true,"href":"https:\/\/www.suno.com.br\/noticias\/wp-json\/wp\/v2\/suno_strategy?post=102072"}],"curies":[{"name":"wp","href":"https:\/\/api.w.org\/{rel}","templated":true}]}}