{"id":102058,"date":"2020-11-20T17:35:52","date_gmt":"2020-11-20T20:35:52","guid":{"rendered":"https:\/\/www.suno.com.br\/noticias\/?p=102058"},"modified":"2021-05-29T20:31:24","modified_gmt":"2021-05-29T23:31:24","slug":"dolar-sobe-135-na-maior-alta-do-mes-por-temores-no-exterior","status":"publish","type":"post","link":"https:\/\/www.suno.com.br\/noticias\/dolar-sobe-135-na-maior-alta-do-mes-por-temores-no-exterior\/","title":{"rendered":"D\u00f3lar sobe 1,35%, na maior alta do m\u00eas por temores no exterior; euro sobe 1,19%"},"content":{"rendered":"<p>O <a href=\"https:\/\/www.suno.com.br\/artigos\/dolar\/\"><strong>d\u00f3lar<\/strong> hoje<\/a> encerrou o preg\u00e3o em alta de 1,35%, cotado a R$ 5,3858 na venda, em meio a preocupa\u00e7\u00f5es no exterior devido \u00e0 disparada dos casos de coronav\u00edrus.<\/p>\t<div class=\"wrapper-featured-image\">\n\t\t<figure class=\"spotlightImg\">\n\n\t\t\t<picture>\n\t\t\t\t<source media=\"(max-width: 768px)\" srcset=\"https:\/\/files.sunoresearch.com.br\/n\/uploads\/2020\/08\/7e56dd19-doletas-400x200.webp\">\n\t\t\t\t<img loading=\"lazy\" decoding=\"async\" class=\"newsContent__article__imgCapa lazyloadDisabled \" src=\"https:\/\/files.sunoresearch.com.br\/n\/uploads\/2020\/08\/7e56dd19-doletas-800x450.webp\" width=\"800\" height=\"450\" alt=\"D\u00f3lar sobe 1,35%, na maior alta do m\u00eas por temores no exterior; euro sobe 1,19%\" fetchpriority=high \/>\n\t\t\t<\/picture>\n\n\t\t\t<figcaption class=\"wp-caption-text wp-caption-text--show\">O d\u00f3lar hoje apagou os ganhos da sess\u00e3o anterior e deu continuidade a seu movimento de desvaloriza\u00e7\u00e3o<\/figcaption>\n\t\t<\/figure>\n\t<\/div>\n\n\n\t<p>\n\t\t<a href=\"https:\/\/lp.suno.com.br\/planilha-controle-gastos\/\" target=\"_blank\" data-element=\"shortcode-suno-banner\" title=\"Banner SUNO, clique e saiba mais\">\n\t\t\t<picture>\n\t\t\t\t<source media=\"(max-width: 500px)\" srcset=\"https:\/\/files.sunoresearch.com.br\/n\/uploads\/2023\/03\/400x300-Planilha-controle-de-gastos.png\">\n\t\t\t\t<img class=\"newsContent__article__imgCapa newsContent__article__imgCapa--banner\"\n\t\t\t\t\tsrc=\"https:\/\/files.sunoresearch.com.br\/n\/uploads\/2023\/03\/1420x240-Planilha-controle-de-gastos.png\"\n\t\t\t\t\tdata-promo-id=\"101751\"\t\t\t\t\t\t\t\t\t\twidth='1420' height='240'\t\t\t\t\talt=\"https:\/\/files.sunoresearch.com.br\/n\/uploads\/2023\/03\/1420x240-Planilha-controle-de-gastos.png\"\n\t\t\t\t>\n\t\t\t<\/picture>\n\t\t<\/a>\n\t<\/p>\n\n\n<p>O d\u00f3lar hoje abandonou o movimento de queda, ainda que com algumas valoriza\u00e7\u00e3o menores, visto nos \u00faltimos dias diante dos temores no exterior causado pelo crescimento dos casos de <strong>covid-19<\/strong> nos Estados Unidos e na Europa, assim como em vista das medidas restritivas para conter a segunda onda. Enquanto isso, o <strong>euro<\/strong> avan\u00e7ou 1,19%, a R$ 6,3850.<\/p>\n<p>Com isso, a moeda americana teve a maior valoriza\u00e7\u00e3o di\u00e1ria desde o final de outubro. Apesar disso, a divisa fechou a semana em queda de 1,60%. Em novembro, a desvaloriza\u00e7\u00e3o acumulada \u00e9 de 6,13%.<\/p>\n<p><a href=\"https:\/\/lp.suno.com.br\/suno-one\/\">Suno One: acesse gratuitamente eBooks, Minicursos, Artigos e Video Aulas sobre investimentos com um \u00fanico cadastro. Clique para saber mais!<\/a><\/p>\n<p>Por aqui, os investidores continuam de olho nos rumos do cen\u00e1rio fiscal do Brasil.<\/p>\n\t<p>\n\t\t<a href=\"https:\/\/lp.suno.com.br\/planilha-controle-gastos\/\" target=\"_blank\" data-element=\"shortcode-suno-banner\" title=\"Banner SUNO, clique e saiba mais\">\n\t\t\t<picture>\n\t\t\t\t<source media=\"(max-width: 500px)\" srcset=\"https:\/\/files.sunoresearch.com.br\/n\/uploads\/2023\/03\/400x300-Planilha-controle-de-gastos.png\">\n\t\t\t\t<img class=\"newsContent__article__imgCapa newsContent__article__imgCapa--banner\"\n\t\t\t\t\tsrc=\"https:\/\/files.sunoresearch.com.br\/n\/uploads\/2023\/03\/1420x240-Planilha-controle-de-gastos.png\"\n\t\t\t\t\tdata-promo-id=\"101751\"\t\t\t\t\t\t\t\t\t\twidth='1420' height='240'\t\t\t\t\talt=\"https:\/\/files.sunoresearch.com.br\/n\/uploads\/2023\/03\/1420x240-Planilha-controle-de-gastos.png\"\n\t\t\t\t>\n\t\t\t<\/picture>\n\t\t<\/a>\n\t<\/p>\n\n\n<p>Al\u00e9m disso, veja o mexeu com com a cota\u00e7\u00e3o do d\u00f3lar hoje:<\/p>\n<ul>\n<li>UE diz que defender\u00e1 manuten\u00e7\u00e3o apoio econ\u00f4mico no G-20<\/li>\n<li>Pfizer e BioNTech solicitam aprova\u00e7\u00e3o emergencial da vacina nos EUA<\/li>\n<li>Companhias a\u00e9reas precisar\u00e3o de cerca de US$ 80 bi em ajuda adicional<\/li>\n<\/ul>\n<h2>UE defender\u00e1 apoio econ\u00f4mico<\/h2>\n<p>A presidente da <strong>Comiss\u00e3o Europeia<\/strong>, Ursula von der Leyen, declarou, que a <a href=\"https:\/\/www.suno.com.br\/artigos\/uniao-europeia\/\">Uni\u00e3o Europeia (<strong>UE<\/strong>)<\/a> vai defender na reuni\u00e3o do <a href=\"https:\/\/www.suno.com.br\/artigos\/g20\/\">G-20<\/a> a manuten\u00e7\u00e3o dos programas de ajuda econ\u00f4mica criados pelas na\u00e7\u00f5es diante da crise da pandemia.<\/p>\n<p>O apoio econ\u00f4mico deve durar o &#8220;tempo que for necess\u00e1rio&#8221;, afirmou Ursula von der Leyen. &#8220;A recupera\u00e7\u00e3o econ\u00f4mica tem de ser mais sustent\u00e1vel e mais inclusiva&#8221;.<\/p>\n\t<div data-element=\"shortcode-read-more\" class=\"knowMore\">\n\t\t\t\t<span class=\"knowMore__title\">Saiba mais<\/span>\n\t\t\t\t<a class=\"knowMore__link\" href=\"https:\/\/www.suno.com.br\/noticias\/ue-defenderemos-no-g-20-manutencao-do-apoio-economico\/\">\n\t\t\tUE: defenderemos no G-20 manuten\u00e7\u00e3o do apoio econ\u00f4mico\t\t<\/a>\n\t<\/div>\n\n\n<p>O Grupo com as 20 maiores economias do mundo se reunir\u00e1 neste s\u00e1bado (21).<\/p>\n<h2>Pfizer e BioNTech solicitam aprova\u00e7\u00e3o<\/h2>\n<p>As farmac\u00eauticas Pfizer e BioNTech comunicaram que solicitar\u00e3o \u00e0 ag\u00eancia reguladora de rem\u00e9dios e alimentos dos Estados Unidos, a FDA, a aprova\u00e7\u00e3o emergencial da <strong>vacina<\/strong> contra a covid-19. As empresa tamb\u00e9m realizaram o pedido em outros pa\u00edses, como Jap\u00e3o, Austr\u00e1lia, Canad\u00e1 e \u00f3rg\u00e3os reguladores europeus.<\/p>\n\t<div data-element=\"shortcode-read-more\" class=\"knowMore\">\n\t\t\t\t<span class=\"knowMore__title\">Confira<\/span>\n\t\t\t\t<a class=\"knowMore__link\" href=\"https:\/\/www.suno.com.br\/noticias\/vacina-pfizer-biontech-solicitam-aprovacao-emergencial\/\">\n\t\t\tPfizer e BioNTech solicitam aprova\u00e7\u00e3o emergencial da vacina nos EUA\t\t<\/a>\n\t<\/div>\n\n\n<p>No in\u00edcio deste m\u00eas as empresas informaram que uma vacina contra o novo coronav\u00edrus dentre as que est\u00e3o sendo testadas \u00e9 capaz de prevenir a doen\u00e7a em mais de 90% dos pacientes sem evid\u00eancia de infec\u00e7\u00e3o pr\u00e9via. A not\u00edcia foi divulgada pelas farmac\u00eauticas como um &#8220;grande dia para a ci\u00eancia e para a humanidade&#8221;.<\/p>\n<h2>A\u00e9reas precisar\u00e3o de cerca de US$ 80 bi<\/h2>\n<p>O diretor geral da <a href=\"https:\/\/www.suno.com.br\/noticias\/tags\/iata\/\">Associa\u00e7\u00e3o Internacional de Transporte A\u00e9reo (IATA)<\/a>, Alexandre de Juniac, afirmou que as companhias <strong>a\u00e9reas<\/strong> precisar\u00e3o de cerca de US$ 70 bilh\u00f5es a US$ 80 bilh\u00f5es em ajuda dos governos para enfrentar a <a href=\"https:\/\/www.suno.com.br\/artigos\/crise-economica-oportunidade-ou-ameaca\/\">crise<\/a> causada pela pandemia. As informa\u00e7\u00f5es s\u00e3o do jornal franc\u00eas &#8216;La Tribune&#8217;.<\/p>\n<p>Juniac aponta que &#8220;para os pr\u00f3ximos meses, as necessidades da ind\u00fastria est\u00e3o estimadas entre 70 e 80 bilh\u00f5es de d\u00f3lares em ajudas adicionais&#8221;. &#8220;Caso contr\u00e1rio, as empresas n\u00e3o sobreviver\u00e3o&#8221;, completou.<\/p>\n\t<div data-element=\"shortcode-read-more\" class=\"knowMore\">\n\t\t\t\t<span class=\"knowMore__title\">Veja mais<\/span>\n\t\t\t\t<a class=\"knowMore__link\" href=\"https:\/\/www.suno.com.br\/noticias\/iata-aereas-ajuda-adicional-governos\/\">\n\t\t\tIATA: companhias a\u00e9reas precisar\u00e3o de cerca de US$ 80 bi em ajuda adicional\t\t<\/a>\n\t<\/div>\n\n\n<p>O diretor ainda destacou que &#8220;quase 40&#8221; companhias do setor est\u00e3o com muita dificuldade, em processos de <a href=\"https:\/\/www.suno.com.br\/artigos\/recuperacao-judicial\/\">recupera\u00e7\u00e3o judicial<\/a> e at\u00e9 <a href=\"https:\/\/www.suno.com.br\/artigos\/falencia\/\">fal\u00eancia<\/a>.<\/p>\n<h2>\u00daltima cota\u00e7\u00e3o do d\u00f3lar<\/h2>\n<p>Ao contr\u00e1rio do <strong>d\u00f3lar hoje<\/strong>, a moeda norte-americana encerrou a \u00faltima sess\u00e3o, quinta-feira (19), em queda de 0,46%, negociado a R$ 5,31.<\/p>\n\t<p>\n\t\t<a href=\"https:\/\/lp.suno.com.br\/planilha-de-controle-de-investimentos\/\" target=\"_blank\" data-element=\"shortcode-suno-banner\" title=\"Banner SUNO, clique e saiba mais\">\n\t\t\t<picture>\n\t\t\t\t<source media=\"(max-width: 500px)\" srcset=\"https:\/\/files.sunoresearch.com.br\/n\/uploads\/2023\/03\/400x300-Controle-de-Investimentos.png\">\n\t\t\t\t<img class=\"newsContent__article__imgCapa newsContent__article__imgCapa--banner\"\n\t\t\t\t\tsrc=\"https:\/\/files.sunoresearch.com.br\/n\/uploads\/2023\/03\/1420x240-Controle-de-Investimentos.png\"\n\t\t\t\t\tdata-promo-id=\"75934\"\t\t\t\t\t\t\t\t\t\twidth='1420' height='240'\t\t\t\t\talt=\"https:\/\/files.sunoresearch.com.br\/n\/uploads\/2023\/03\/1420x240-Controle-de-Investimentos.png\"\n\t\t\t\t>\n\t\t\t<\/picture>\n\t\t<\/a>\n\t<\/p>\n\n\n","protected":false},"excerpt":{"rendered":"<p>O d\u00f3lar hoje encerrou o preg\u00e3o em alta de 1,35%, cotado a R$ 5,3858 na venda, em meio a preocupa\u00e7\u00f5es no exterior devido \u00e0 disparada dos casos de coronav\u00edrus. O d\u00f3lar hoje apagou os ganhos da sess\u00e3o anterior e deu continuidade a seu movimento de desvaloriza\u00e7\u00e3o O d\u00f3lar hoje abandonou o movimento de queda, ainda [&hellip;]<\/p>\n","protected":false},"author":35,"featured_media":78228,"comment_status":"closed","ping_status":"closed","sticky":false,"template":"","format":"standard","meta":[],"categories":[60],"tags":[80505,1594,326,884,731,25002],"suno_strategy":[],"class_list":["post-102058","post","type-post","status-publish","format-standard","has-post-thumbnail","hentry","category-mercado","tag-biontech","tag-companhias-aereas","tag-dolar","tag-pfizer-pfiz34","tag-uniao-europeia","tag-vacina"],"yoast_head":"<!-- This site is optimized with the Yoast SEO plugin v24.4 - https:\/\/yoast.com\/wordpress\/plugins\/seo\/ -->\n<title>D\u00f3lar sobe 1,35%, na maior alta do m\u00eas por temores no exterior<\/title>\n<meta name=\"description\" content=\"O d\u00f3lar hoje encerrou em alta de 1,35%, a R$ 5,3858, com temores devido \u00e0 disparada dos casos de coronav\u00edrus. Clique para saber mais\" \/>\n<meta name=\"robots\" content=\"index, follow, max-snippet:-1, max-image-preview:large, max-video-preview:-1\" \/>\n<link rel=\"canonical\" href=\"https:\/\/www.suno.com.br\/noticias\/dolar-sobe-135-na-maior-alta-do-mes-por-temores-no-exterior\/\" \/>\n<meta property=\"og:locale\" content=\"pt_BR\" \/>\n<meta property=\"og:type\" content=\"article\" \/>\n<meta property=\"og:title\" content=\"D\u00f3lar sobe 1,35%, na maior alta do m\u00eas por temores no exterior\" \/>\n<meta property=\"og:description\" content=\"O d\u00f3lar hoje encerrou em alta de 1,35%, a R$ 5,3858, com temores devido \u00e0 disparada dos casos de coronav\u00edrus. Clique para saber mais\" \/>\n<meta property=\"og:url\" content=\"https:\/\/www.suno.com.br\/noticias\/dolar-sobe-135-na-maior-alta-do-mes-por-temores-no-exterior\/\" \/>\n<meta property=\"og:site_name\" content=\"Suno Not\u00edcias\" \/>\n<meta property=\"article:publisher\" content=\"https:\/\/facebook.com\/sunoresearch\" \/>\n<meta property=\"og:image\" content=\"https:\/\/files.sunoresearch.com.br\/n\/uploads\/2020\/08\/7e56dd19-doletas.jpg\" \/>\n\t<meta property=\"og:image:width\" content=\"880\" \/>\n\t<meta property=\"og:image:height\" content=\"586\" \/>\n\t<meta property=\"og:image:type\" content=\"image\/jpeg\" \/>\n<meta name=\"author\" content=\"Arthur Guimar\u00e3es\" \/>\n<meta name=\"twitter:card\" content=\"summary_large_image\" \/>\n<meta name=\"twitter:creator\" content=\"@sunoresearch\" \/>\n<meta name=\"twitter:site\" content=\"@sunoresearch\" \/>\n<meta name=\"twitter:label1\" content=\"Escrito por\" \/>\n\t<meta name=\"twitter:data1\" content=\"Arthur Guimar\u00e3es\" \/>\n\t<meta name=\"twitter:label2\" content=\"Est. tempo de leitura\" \/>\n\t<meta name=\"twitter:data2\" content=\"3 minutos\" \/>\n<script type=\"application\/ld+json\" class=\"yoast-schema-graph\">{\"@context\":\"https:\/\/schema.org\",\"@graph\":[{\"@type\":\"NewsArticle\",\"@id\":\"https:\/\/www.suno.com.br\/noticias\/dolar-sobe-135-na-maior-alta-do-mes-por-temores-no-exterior\/#article\",\"isPartOf\":{\"@id\":\"https:\/\/www.suno.com.br\/noticias\/dolar-sobe-135-na-maior-alta-do-mes-por-temores-no-exterior\/\"},\"author\":{\"name\":\"Arthur Guimar\u00e3es\",\"@id\":\"https:\/\/www.suno.com.br\/noticias\/#\/schema\/person\/053a750a709a263919a20f976caae91c\"},\"headline\":\"D\u00f3lar sobe 1,35%, na maior alta do m\u00eas por temores no exterior; euro sobe 1,19%\",\"datePublished\":\"2020-11-20T20:35:52+00:00\",\"dateModified\":\"2021-05-29T23:31:24+00:00\",\"mainEntityOfPage\":{\"@id\":\"https:\/\/www.suno.com.br\/noticias\/dolar-sobe-135-na-maior-alta-do-mes-por-temores-no-exterior\/\"},\"wordCount\":617,\"publisher\":{\"@id\":\"https:\/\/www.suno.com.br\/noticias\/#organization\"},\"image\":{\"@id\":\"https:\/\/www.suno.com.br\/noticias\/dolar-sobe-135-na-maior-alta-do-mes-por-temores-no-exterior\/#primaryimage\"},\"thumbnailUrl\":\"https:\/\/files.sunoresearch.com.br\/n\/uploads\/2020\/08\/7e56dd19-doletas.jpg\",\"keywords\":[\"BioNTech\",\"companhias a\u00e9reas\",\"d\u00f3lar\",\"Pfizer (PFIZ34)\",\"Uni\u00e3o Europeia\",\"vacina\"],\"articleSection\":[\"Mercado\"],\"inLanguage\":\"pt-BR\"},{\"@type\":\"WebPage\",\"@id\":\"https:\/\/www.suno.com.br\/noticias\/dolar-sobe-135-na-maior-alta-do-mes-por-temores-no-exterior\/\",\"url\":\"https:\/\/www.suno.com.br\/noticias\/dolar-sobe-135-na-maior-alta-do-mes-por-temores-no-exterior\/\",\"name\":\"D\u00f3lar sobe 1,35%, na maior alta do m\u00eas por temores no exterior\",\"isPartOf\":{\"@id\":\"https:\/\/www.suno.com.br\/noticias\/#website\"},\"primaryImageOfPage\":{\"@id\":\"https:\/\/www.suno.com.br\/noticias\/dolar-sobe-135-na-maior-alta-do-mes-por-temores-no-exterior\/#primaryimage\"},\"image\":{\"@id\":\"https:\/\/www.suno.com.br\/noticias\/dolar-sobe-135-na-maior-alta-do-mes-por-temores-no-exterior\/#primaryimage\"},\"thumbnailUrl\":\"https:\/\/files.sunoresearch.com.br\/n\/uploads\/2020\/08\/7e56dd19-doletas.jpg\",\"datePublished\":\"2020-11-20T20:35:52+00:00\",\"dateModified\":\"2021-05-29T23:31:24+00:00\",\"description\":\"O d\u00f3lar hoje encerrou em alta de 1,35%, a R$ 5,3858, com temores devido \u00e0 disparada dos casos de coronav\u00edrus. Clique para saber mais\",\"breadcrumb\":{\"@id\":\"https:\/\/www.suno.com.br\/noticias\/dolar-sobe-135-na-maior-alta-do-mes-por-temores-no-exterior\/#breadcrumb\"},\"inLanguage\":\"pt-BR\",\"potentialAction\":[{\"@type\":\"ReadAction\",\"target\":[\"https:\/\/www.suno.com.br\/noticias\/dolar-sobe-135-na-maior-alta-do-mes-por-temores-no-exterior\/\"]}]},{\"@type\":\"ImageObject\",\"inLanguage\":\"pt-BR\",\"@id\":\"https:\/\/www.suno.com.br\/noticias\/dolar-sobe-135-na-maior-alta-do-mes-por-temores-no-exterior\/#primaryimage\",\"url\":\"https:\/\/files.sunoresearch.com.br\/n\/uploads\/2020\/08\/7e56dd19-doletas.jpg\",\"contentUrl\":\"https:\/\/files.sunoresearch.com.br\/n\/uploads\/2020\/08\/7e56dd19-doletas.jpg\",\"width\":880,\"height\":586,\"caption\":\"O d\u00f3lar hoje apagou os ganhos da sess\u00e3o anterior e deu continuidade a seu movimento de desvaloriza\u00e7\u00e3o\"},{\"@type\":\"BreadcrumbList\",\"@id\":\"https:\/\/www.suno.com.br\/noticias\/dolar-sobe-135-na-maior-alta-do-mes-por-temores-no-exterior\/#breadcrumb\",\"itemListElement\":[{\"@type\":\"ListItem\",\"position\":1,\"name\":\"Not\u00edcias\",\"item\":\"https:\/\/www.suno.com.br\/noticias\/\"},{\"@type\":\"ListItem\",\"position\":2,\"name\":\"Mercado\",\"item\":\"https:\/\/www.suno.com.br\/noticias\/mercado\/\"},{\"@type\":\"ListItem\",\"position\":3,\"name\":\"D\u00f3lar sobe 1,35%, na maior alta do m\u00eas por temores no exterior; euro sobe 1,19%\"}]},{\"@type\":\"WebSite\",\"@id\":\"https:\/\/www.suno.com.br\/noticias\/#website\",\"url\":\"https:\/\/www.suno.com.br\/noticias\/\",\"name\":\"Suno Not\u00edcias\",\"description\":\"Seu portal de informa\u00e7\u00e3o sobre o mundo dos investimentos\",\"publisher\":{\"@id\":\"https:\/\/www.suno.com.br\/noticias\/#organization\"},\"potentialAction\":[{\"@type\":\"SearchAction\",\"target\":{\"@type\":\"EntryPoint\",\"urlTemplate\":\"https:\/\/www.suno.com.br\/noticias\/?s={search_term_string}\"},\"query-input\":{\"@type\":\"PropertyValueSpecification\",\"valueRequired\":true,\"valueName\":\"search_term_string\"}}],\"inLanguage\":\"pt-BR\"},{\"@type\":\"Organization\",\"@id\":\"https:\/\/www.suno.com.br\/noticias\/#organization\",\"name\":\"Suno Not\u00edcias\",\"url\":\"https:\/\/www.suno.com.br\/noticias\/\",\"logo\":{\"@type\":\"ImageObject\",\"inLanguage\":\"pt-BR\",\"@id\":\"https:\/\/www.suno.com.br\/noticias\/#\/schema\/logo\/image\/\",\"url\":\"https:\/\/files.sunoresearch.com.br\/n\/uploads\/2021\/09\/suno-logo.png\",\"contentUrl\":\"https:\/\/files.sunoresearch.com.br\/n\/uploads\/2021\/09\/suno-logo.png\",\"width\":180,\"height\":180,\"caption\":\"Suno Not\u00edcias\"},\"image\":{\"@id\":\"https:\/\/www.suno.com.br\/noticias\/#\/schema\/logo\/image\/\"},\"sameAs\":[\"https:\/\/facebook.com\/sunoresearch\",\"https:\/\/x.com\/sunoresearch\",\"https:\/\/www.instagram.com\/suno\",\"https:\/\/www.linkedin.com\/company\/suno-research\/\",\"https:\/\/www.youtube.com\/c\/sunoresearch\"]},{\"@type\":\"Person\",\"@id\":\"https:\/\/www.suno.com.br\/noticias\/#\/schema\/person\/053a750a709a263919a20f976caae91c\",\"name\":\"Arthur Guimar\u00e3es\",\"image\":{\"@type\":\"ImageObject\",\"inLanguage\":\"pt-BR\",\"@id\":\"https:\/\/www.suno.com.br\/noticias\/#\/schema\/person\/image\/\",\"url\":\"https:\/\/secure.gravatar.com\/avatar\/1affd86a11209ae09eb6dd3bcad3e96c?s=96&r=g\",\"contentUrl\":\"https:\/\/secure.gravatar.com\/avatar\/1affd86a11209ae09eb6dd3bcad3e96c?s=96&r=g\",\"caption\":\"Arthur Guimar\u00e3es\"},\"description\":\"Arthur Guimar\u00e3es escreve sobre pol\u00edtica, economia e neg\u00f3cios para o portal de not\u00edcias da Suno Research. Atualmente, \u00e9 estudante de jornalismo pela Faculdade C\u00e1sper L\u00edbero.\",\"url\":\"https:\/\/www.suno.com.br\/noticias\/author\/arthur-guimaraes\/\"}]}<\/script>\n<!-- \/ Yoast SEO plugin. -->","yoast_head_json":{"title":"D\u00f3lar sobe 1,35%, na maior alta do m\u00eas por temores no exterior","description":"O d\u00f3lar hoje encerrou em alta de 1,35%, a R$ 5,3858, com temores devido \u00e0 disparada dos casos de coronav\u00edrus. Clique para saber mais","robots":{"index":"index","follow":"follow","max-snippet":"max-snippet:-1","max-image-preview":"max-image-preview:large","max-video-preview":"max-video-preview:-1"},"canonical":"https:\/\/www.suno.com.br\/noticias\/dolar-sobe-135-na-maior-alta-do-mes-por-temores-no-exterior\/","og_locale":"pt_BR","og_type":"article","og_title":"D\u00f3lar sobe 1,35%, na maior alta do m\u00eas por temores no exterior","og_description":"O d\u00f3lar hoje encerrou em alta de 1,35%, a R$ 5,3858, com temores devido \u00e0 disparada dos casos de coronav\u00edrus. Clique para saber mais","og_url":"https:\/\/www.suno.com.br\/noticias\/dolar-sobe-135-na-maior-alta-do-mes-por-temores-no-exterior\/","og_site_name":"Suno Not\u00edcias","article_publisher":"https:\/\/facebook.com\/sunoresearch","og_image":[{"width":880,"height":586,"url":"https:\/\/files.sunoresearch.com.br\/n\/uploads\/2020\/08\/7e56dd19-doletas.jpg","type":"image\/jpeg"}],"author":"Arthur Guimar\u00e3es","twitter_card":"summary_large_image","twitter_creator":"@sunoresearch","twitter_site":"@sunoresearch","twitter_misc":{"Escrito por":"Arthur Guimar\u00e3es","Est. tempo de leitura":"3 minutos"},"schema":{"@context":"https:\/\/schema.org","@graph":[{"@type":"NewsArticle","@id":"https:\/\/www.suno.com.br\/noticias\/dolar-sobe-135-na-maior-alta-do-mes-por-temores-no-exterior\/#article","isPartOf":{"@id":"https:\/\/www.suno.com.br\/noticias\/dolar-sobe-135-na-maior-alta-do-mes-por-temores-no-exterior\/"},"author":{"name":"Arthur Guimar\u00e3es","@id":"https:\/\/www.suno.com.br\/noticias\/#\/schema\/person\/053a750a709a263919a20f976caae91c"},"headline":"D\u00f3lar sobe 1,35%, na maior alta do m\u00eas por temores no exterior; euro sobe 1,19%","datePublished":"2020-11-20T20:35:52+00:00","dateModified":"2021-05-29T23:31:24+00:00","mainEntityOfPage":{"@id":"https:\/\/www.suno.com.br\/noticias\/dolar-sobe-135-na-maior-alta-do-mes-por-temores-no-exterior\/"},"wordCount":617,"publisher":{"@id":"https:\/\/www.suno.com.br\/noticias\/#organization"},"image":{"@id":"https:\/\/www.suno.com.br\/noticias\/dolar-sobe-135-na-maior-alta-do-mes-por-temores-no-exterior\/#primaryimage"},"thumbnailUrl":"https:\/\/files.sunoresearch.com.br\/n\/uploads\/2020\/08\/7e56dd19-doletas.jpg","keywords":["BioNTech","companhias a\u00e9reas","d\u00f3lar","Pfizer (PFIZ34)","Uni\u00e3o Europeia","vacina"],"articleSection":["Mercado"],"inLanguage":"pt-BR"},{"@type":"WebPage","@id":"https:\/\/www.suno.com.br\/noticias\/dolar-sobe-135-na-maior-alta-do-mes-por-temores-no-exterior\/","url":"https:\/\/www.suno.com.br\/noticias\/dolar-sobe-135-na-maior-alta-do-mes-por-temores-no-exterior\/","name":"D\u00f3lar sobe 1,35%, na maior alta do m\u00eas por temores no exterior","isPartOf":{"@id":"https:\/\/www.suno.com.br\/noticias\/#website"},"primaryImageOfPage":{"@id":"https:\/\/www.suno.com.br\/noticias\/dolar-sobe-135-na-maior-alta-do-mes-por-temores-no-exterior\/#primaryimage"},"image":{"@id":"https:\/\/www.suno.com.br\/noticias\/dolar-sobe-135-na-maior-alta-do-mes-por-temores-no-exterior\/#primaryimage"},"thumbnailUrl":"https:\/\/files.sunoresearch.com.br\/n\/uploads\/2020\/08\/7e56dd19-doletas.jpg","datePublished":"2020-11-20T20:35:52+00:00","dateModified":"2021-05-29T23:31:24+00:00","description":"O d\u00f3lar hoje encerrou em alta de 1,35%, a R$ 5,3858, com temores devido \u00e0 disparada dos casos de coronav\u00edrus. Clique para saber mais","breadcrumb":{"@id":"https:\/\/www.suno.com.br\/noticias\/dolar-sobe-135-na-maior-alta-do-mes-por-temores-no-exterior\/#breadcrumb"},"inLanguage":"pt-BR","potentialAction":[{"@type":"ReadAction","target":["https:\/\/www.suno.com.br\/noticias\/dolar-sobe-135-na-maior-alta-do-mes-por-temores-no-exterior\/"]}]},{"@type":"ImageObject","inLanguage":"pt-BR","@id":"https:\/\/www.suno.com.br\/noticias\/dolar-sobe-135-na-maior-alta-do-mes-por-temores-no-exterior\/#primaryimage","url":"https:\/\/files.sunoresearch.com.br\/n\/uploads\/2020\/08\/7e56dd19-doletas.jpg","contentUrl":"https:\/\/files.sunoresearch.com.br\/n\/uploads\/2020\/08\/7e56dd19-doletas.jpg","width":880,"height":586,"caption":"O d\u00f3lar hoje apagou os ganhos da sess\u00e3o anterior e deu continuidade a seu movimento de desvaloriza\u00e7\u00e3o"},{"@type":"BreadcrumbList","@id":"https:\/\/www.suno.com.br\/noticias\/dolar-sobe-135-na-maior-alta-do-mes-por-temores-no-exterior\/#breadcrumb","itemListElement":[{"@type":"ListItem","position":1,"name":"Not\u00edcias","item":"https:\/\/www.suno.com.br\/noticias\/"},{"@type":"ListItem","position":2,"name":"Mercado","item":"https:\/\/www.suno.com.br\/noticias\/mercado\/"},{"@type":"ListItem","position":3,"name":"D\u00f3lar sobe 1,35%, na maior alta do m\u00eas por temores no exterior; euro sobe 1,19%"}]},{"@type":"WebSite","@id":"https:\/\/www.suno.com.br\/noticias\/#website","url":"https:\/\/www.suno.com.br\/noticias\/","name":"Suno Not\u00edcias","description":"Seu portal de informa\u00e7\u00e3o sobre o mundo dos investimentos","publisher":{"@id":"https:\/\/www.suno.com.br\/noticias\/#organization"},"potentialAction":[{"@type":"SearchAction","target":{"@type":"EntryPoint","urlTemplate":"https:\/\/www.suno.com.br\/noticias\/?s={search_term_string}"},"query-input":{"@type":"PropertyValueSpecification","valueRequired":true,"valueName":"search_term_string"}}],"inLanguage":"pt-BR"},{"@type":"Organization","@id":"https:\/\/www.suno.com.br\/noticias\/#organization","name":"Suno Not\u00edcias","url":"https:\/\/www.suno.com.br\/noticias\/","logo":{"@type":"ImageObject","inLanguage":"pt-BR","@id":"https:\/\/www.suno.com.br\/noticias\/#\/schema\/logo\/image\/","url":"https:\/\/files.sunoresearch.com.br\/n\/uploads\/2021\/09\/suno-logo.png","contentUrl":"https:\/\/files.sunoresearch.com.br\/n\/uploads\/2021\/09\/suno-logo.png","width":180,"height":180,"caption":"Suno Not\u00edcias"},"image":{"@id":"https:\/\/www.suno.com.br\/noticias\/#\/schema\/logo\/image\/"},"sameAs":["https:\/\/facebook.com\/sunoresearch","https:\/\/x.com\/sunoresearch","https:\/\/www.instagram.com\/suno","https:\/\/www.linkedin.com\/company\/suno-research\/","https:\/\/www.youtube.com\/c\/sunoresearch"]},{"@type":"Person","@id":"https:\/\/www.suno.com.br\/noticias\/#\/schema\/person\/053a750a709a263919a20f976caae91c","name":"Arthur Guimar\u00e3es","image":{"@type":"ImageObject","inLanguage":"pt-BR","@id":"https:\/\/www.suno.com.br\/noticias\/#\/schema\/person\/image\/","url":"https:\/\/secure.gravatar.com\/avatar\/1affd86a11209ae09eb6dd3bcad3e96c?s=96&r=g","contentUrl":"https:\/\/secure.gravatar.com\/avatar\/1affd86a11209ae09eb6dd3bcad3e96c?s=96&r=g","caption":"Arthur Guimar\u00e3es"},"description":"Arthur Guimar\u00e3es escreve sobre pol\u00edtica, economia e neg\u00f3cios para o portal de not\u00edcias da Suno Research. Atualmente, \u00e9 estudante de jornalismo pela Faculdade C\u00e1sper L\u00edbero.","url":"https:\/\/www.suno.com.br\/noticias\/author\/arthur-guimaraes\/"}]}},"default_loop_html":"<div class=\"cardsPage__listCard__boxs\"><div class=\"cardsPage__listCard__boxs__img\"><a href=\"https:\/\/www.suno.com.br\/noticias\/dolar-sobe-135-na-maior-alta-do-mes-por-temores-no-exterior\/\"><img class=\"mask\" src=\"https:\/\/www.suno.com.br\/noticias\/wp-content\/themes\/suno\/resources\/images\/spotlight\/spotlight1img\/bg-mask.png\" alt=\"Image Mask\"\/><img src=\"https:\/\/files.sunoresearch.com.br\/n\/uploads\/2020\/08\/7e56dd19-doletas-400x200.webp\" alt=\"D\u00f3lar sobe 1,35%, na maior alta do m\u00eas por temores no exterior; euro sobe 1,19%\"\/><\/a><span class=\"spotlightCategory\"><a href=\"https:\/\/www.suno.com.br\/noticias\/mercado\/\">Mercado<\/a><\/span><\/div><div class=\"cardsPage__listCard__boxs__content\"><a href=\"https:\/\/www.suno.com.br\/noticias\/dolar-sobe-135-na-maior-alta-do-mes-por-temores-no-exterior\/\"><h2 class=\"content__title\">D\u00f3lar sobe 1,35%, na maior alta do m\u00eas por temores no exterior; euro sobe 1,19%<\/h2><\/a><div class=\"newsContent__article__meta\"><div class=\"newsContent__article__meta__authorBox\"><a href=\"https:\/\/www.suno.com.br\/noticias\/author\/arthur-guimaraes\/\" class=\"authorBox__avatar noMobi\"><img src=\"https:\/\/files.sunoresearch.com.br\/n\/uploads\/2020\/02\/dfb40897-eu-150x150.webp\" alt=\"Arthur Guimar\u00e3es\"><\/a><div class=\"authorBox__name\"><span>por\n\t\t\t<a href=\"https:\/\/www.suno.com.br\/noticias\/author\/arthur-guimaraes\/\"><span itemprop=\"author\">Arthur Guimar\u00e3es<\/span><\/a><\/span><time datetime=\"2020-11-20T17:35:52-03:00\" itemprop=\"datePublished\">20\/11\/2020 17:35<\/time><\/div><\/div><\/div><\/div><\/div>","single_layout":"posts","amp_enabled":true,"_links":{"self":[{"href":"https:\/\/www.suno.com.br\/noticias\/wp-json\/wp\/v2\/posts\/102058"}],"collection":[{"href":"https:\/\/www.suno.com.br\/noticias\/wp-json\/wp\/v2\/posts"}],"about":[{"href":"https:\/\/www.suno.com.br\/noticias\/wp-json\/wp\/v2\/types\/post"}],"author":[{"embeddable":true,"href":"https:\/\/www.suno.com.br\/noticias\/wp-json\/wp\/v2\/users\/35"}],"replies":[{"embeddable":true,"href":"https:\/\/www.suno.com.br\/noticias\/wp-json\/wp\/v2\/comments?post=102058"}],"version-history":[{"count":1,"href":"https:\/\/www.suno.com.br\/noticias\/wp-json\/wp\/v2\/posts\/102058\/revisions"}],"predecessor-version":[{"id":152098,"href":"https:\/\/www.suno.com.br\/noticias\/wp-json\/wp\/v2\/posts\/102058\/revisions\/152098"}],"wp:featuredmedia":[{"embeddable":true,"href":"https:\/\/www.suno.com.br\/noticias\/wp-json\/wp\/v2\/media\/78228"}],"wp:attachment":[{"href":"https:\/\/www.suno.com.br\/noticias\/wp-json\/wp\/v2\/media?parent=102058"}],"wp:term":[{"taxonomy":"category","embeddable":true,"href":"https:\/\/www.suno.com.br\/noticias\/wp-json\/wp\/v2\/categories?post=102058"},{"taxonomy":"post_tag","embeddable":true,"href":"https:\/\/www.suno.com.br\/noticias\/wp-json\/wp\/v2\/tags?post=102058"},{"taxonomy":"suno_strategy","embeddable":true,"href":"https:\/\/www.suno.com.br\/noticias\/wp-json\/wp\/v2\/suno_strategy?post=102058"}],"curies":[{"name":"wp","href":"https:\/\/api.w.org\/{rel}","templated":true}]}}