{"id":10205,"date":"2019-01-03T12:20:39","date_gmt":"2019-01-03T14:20:39","guid":{"rendered":"https:\/\/www.suno.com.br\/noticias\/?p=10205"},"modified":"2019-01-03T12:20:39","modified_gmt":"2019-01-03T14:20:39","slug":"secex-exportacoes-soja-brasil-recorde","status":"publish","type":"post","link":"https:\/\/www.suno.com.br\/noticias\/secex-exportacoes-soja-brasil-recorde\/","title":{"rendered":"Secex: exporta\u00e7\u00f5es de soja Brasil atingem recorde em 2018"},"content":{"rendered":"<p>A exporta\u00e7\u00e3o de soja brasileira atingiu um recorde em 2018.<\/p>\t<div class=\"wrapper-featured-image\">\n\t\t<figure class=\"spotlightImg\">\n\n\t\t\t<picture>\n\t\t\t\t<source media=\"(max-width: 768px)\" srcset=\"https:\/\/files.sunoresearch.com.br\/n\/uploads\/2019\/01\/1b3519b3-exporta\u00e7\u00f5es-de-soja-400x200.webp\">\n\t\t\t\t<img loading=\"lazy\" decoding=\"async\" class=\"newsContent__article__imgCapa lazyloadDisabled newsContent__article__imgCapa--noCaption\" src=\"https:\/\/files.sunoresearch.com.br\/n\/uploads\/2019\/01\/1b3519b3-exporta\u00e7\u00f5es-de-soja-jpg.webp\" width=\"800\" height=\"450\" alt=\"Secex: exporta\u00e7\u00f5es de soja Brasil atingem recorde em 2018\" fetchpriority=high \/>\n\t\t\t<\/picture>\n\n\t\t\t<figcaption class=\"wp-caption-text wp-caption-text--hide\">Exporta\u00e7\u00f5es de soja<\/figcaption>\n\t\t<\/figure>\n\t<\/div>\n\n\n<p>No ano passado, as <strong>exporta\u00e7\u00f5es<\/strong> de <strong>soja<\/strong> em gr\u00e3o do Brasil chegaram a 83,8 milh\u00f5es de toneladas. A informa\u00e7\u00e3o foi divulgada na \u00faltima quarta-feira (2) pela Secretaria de Com\u00e9rcio Exterior (<strong>Secex<\/strong>). A Secretaria destacou tamb\u00e9m o aumento nas vendas de caf\u00e9, mas quedas expressivas nas de a\u00e7\u00facar e milho ap\u00f3s safras menores.<\/p>\n<p>O volume de soja exportado no ano passado foi 23,1% maior na compara\u00e7\u00e3o com 2017. Em maio, os embarques totalizaram um recorde mensal de 12,35 milh\u00f5es de toneladas. Isso representa 15% de tudo o que viria a ser vendido em 2018.<\/p>\n<p><a href=\"https:\/\/www.suno.com.br\/noticias\/brasil-exportar-825-mi-toneladas-soja\/\">Saiba mais:\u00a0Brasil deve ter exporta\u00e7\u00e3o recorde de soja, diz Anec\u00a0<\/a><\/p>\n<p>O maior apetite da China pela soja brasileira impulsionou as vendas no \u00faltimo ano. Isso porque Pequim aplicou novos impostos alfandeg\u00e1rios sobre a oleaginosa norte-americana em raz\u00e3o de uma s\u00e9rie de disputas comerciais. Por isso, a China come\u00e7ou a comprar mais produto sul-americano para suprir a demanda dom\u00e9stica.<\/p>\n<p>As compras de soja dos EUA voltou a ocorrer no final de 2018, depois de uma tr\u00e9gua na guerra comercial entre as duas maiores economias do mundo. Entretanto, essa retomada continua em ritmo lento.<\/p>\n<p>Tamb\u00e9m favoreceu as exporta\u00e7\u00f5es brasileiras a safra hist\u00f3rica. No ano passado o Brasil produziu cerca de 120 milh\u00f5es de toneladas de soja.<\/p>\n<h2>Caf\u00e9 e milho em alta<\/h2>\n<p>O caf\u00e9 tamb\u00e9m foi beneficiado por uma grande colheita. A commodity, ao lado da soja, tem o Brasil como maior exportador mundial. A safra de caf\u00e9 foi\u00a0de cerca 60 milh\u00f5es de sacas, puxada pelo ciclo de bienalidade positiva do ar\u00e1bica, principal variedade cultivada no pa\u00eds.<\/p>\n<p>Gra\u00e7as a essa safra recorde, os embarques de caf\u00e9 em gr\u00e3os chegaram a 30,4 milh\u00f5es de sacas em 2018. Esse resultado representa um aumento de 10,7% em rela\u00e7\u00e3o a quanto registrado em 2017. Em dezembro, as exporta\u00e7\u00f5es alcan\u00e7aram um recorde mensal superior a 4 milh\u00f5es de sacas.<\/p>\n<p>Entretanto, as exporta\u00e7\u00f5es de milho do Brasil ca\u00edram 18,3% em 2018 em rela\u00e7\u00e3o a 2017, chegando a 23,9 milh\u00f5es de toneladas.<\/p>\n<p>Esse resultado negativo foi afetado por uma safra menor e, em parte, pelo tabelamento de fretes imposto pelo governo. Essa medida foi adotada no ano passado pelo ex-presidente Michel Temer para acabar com a greve dos caminhoneiros. Todavia, o tabelamento \u00e9 ainda motivo de cr\u00edticas no setor produtivo.<\/p>\n<h2>A\u00e7\u00facar em baixa<\/h2>\n<p>J\u00e1 no caso do a\u00e7\u00facar, tamb\u00e9m houve retra\u00e7\u00e3o em rela\u00e7\u00e3o ao ano passado. O Brasil exportou 21,5% menos a\u00e7\u00facar bruto que em 2017, chegando a 18,3 milh\u00f5es de toneladas. E a redu\u00e7\u00e3o foi de 42,2% nas do produto refinado, com 3,1 milh\u00f5es de toneladas.<\/p>\n<p>Segundo a <strong>Secex<\/strong>, as usinas do pa\u00eds priorizaram em 2018 a produ\u00e7\u00e3o de etanol, em detrimento do a\u00e7\u00facar, gra\u00e7as a uma maior rentabilidade do biocombust\u00edvel. Por isso, as <strong>exporta\u00e7\u00f5es<\/strong> de \u00e1lcool do Brasil em 2018 aumentaram quase 20%, para 1,7 bilh\u00e3o de litros.<\/p>\n","protected":false},"excerpt":{"rendered":"<p>A exporta\u00e7\u00e3o de soja brasileira atingiu um recorde em 2018. Exporta\u00e7\u00f5es de soja No ano passado, as exporta\u00e7\u00f5es de soja em gr\u00e3o do Brasil chegaram a 83,8 milh\u00f5es de toneladas. A informa\u00e7\u00e3o foi divulgada na \u00faltima quarta-feira (2) pela Secretaria de Com\u00e9rcio Exterior (Secex). A Secretaria destacou tamb\u00e9m o aumento nas vendas de caf\u00e9, mas [&hellip;]<\/p>\n","protected":false},"author":9,"featured_media":10215,"comment_status":"closed","ping_status":"closed","sticky":false,"template":"","format":"standard","meta":[],"categories":[60],"tags":[707,917],"suno_strategy":[],"class_list":["post-10205","post","type-post","status-publish","format-standard","has-post-thumbnail","hentry","category-mercado","tag-exportacoes","tag-soja"],"yoast_head":"<!-- This site is optimized with the Yoast SEO plugin v24.4 - https:\/\/yoast.com\/wordpress\/plugins\/seo\/ -->\n<title>Secex: exporta\u00e7\u00f5es de soja Brasil atingem recorde em 2018<\/title>\n<meta name=\"description\" content=\"No ano passado, as exporta\u00e7\u00f5es de soja em gr\u00e3o do Brasil chegaram a 83,8 milh\u00f5es de toneladas. Clique aqui para saber mais.\" \/>\n<meta name=\"robots\" content=\"index, follow, max-snippet:-1, max-image-preview:large, max-video-preview:-1\" \/>\n<link rel=\"canonical\" href=\"https:\/\/www.suno.com.br\/noticias\/secex-exportacoes-soja-brasil-recorde\/\" \/>\n<meta property=\"og:locale\" content=\"pt_BR\" \/>\n<meta property=\"og:type\" content=\"article\" \/>\n<meta property=\"og:title\" content=\"Secex: exporta\u00e7\u00f5es de soja Brasil atingem recorde em 2018\" \/>\n<meta property=\"og:description\" content=\"No ano passado, as exporta\u00e7\u00f5es de soja em gr\u00e3o do Brasil chegaram a 83,8 milh\u00f5es de toneladas. Clique aqui para saber mais.\" \/>\n<meta property=\"og:url\" content=\"https:\/\/www.suno.com.br\/noticias\/secex-exportacoes-soja-brasil-recorde\/\" \/>\n<meta property=\"og:site_name\" content=\"Suno Not\u00edcias\" \/>\n<meta property=\"article:publisher\" content=\"https:\/\/facebook.com\/sunoresearch\" \/>\n<meta property=\"og:image\" content=\"https:\/\/files.sunoresearch.com.br\/n\/uploads\/2019\/01\/1b3519b3-exporta\u00e7\u00f5es-de-soja.jpg\" \/>\n\t<meta property=\"og:image:width\" content=\"770\" \/>\n\t<meta property=\"og:image:height\" content=\"513\" \/>\n\t<meta property=\"og:image:type\" content=\"image\/jpeg\" \/>\n<meta name=\"author\" content=\"Carlo Cauti\" \/>\n<meta name=\"twitter:card\" content=\"summary_large_image\" \/>\n<meta name=\"twitter:creator\" content=\"@sunoresearch\" \/>\n<meta name=\"twitter:site\" content=\"@sunoresearch\" \/>\n<meta name=\"twitter:label1\" content=\"Escrito por\" \/>\n\t<meta name=\"twitter:data1\" content=\"Carlo Cauti\" \/>\n\t<meta name=\"twitter:label2\" content=\"Est. tempo de leitura\" \/>\n\t<meta name=\"twitter:data2\" content=\"2 minutos\" \/>\n<script type=\"application\/ld+json\" class=\"yoast-schema-graph\">{\"@context\":\"https:\/\/schema.org\",\"@graph\":[{\"@type\":\"NewsArticle\",\"@id\":\"https:\/\/www.suno.com.br\/noticias\/secex-exportacoes-soja-brasil-recorde\/#article\",\"isPartOf\":{\"@id\":\"https:\/\/www.suno.com.br\/noticias\/secex-exportacoes-soja-brasil-recorde\/\"},\"author\":{\"name\":\"Carlo Cauti\",\"@id\":\"https:\/\/www.suno.com.br\/noticias\/#\/schema\/person\/e6e0f723cc177805027f4566c1d5e0c8\"},\"headline\":\"Secex: exporta\u00e7\u00f5es de soja Brasil atingem recorde em 2018\",\"datePublished\":\"2019-01-03T14:20:39+00:00\",\"mainEntityOfPage\":{\"@id\":\"https:\/\/www.suno.com.br\/noticias\/secex-exportacoes-soja-brasil-recorde\/\"},\"wordCount\":508,\"publisher\":{\"@id\":\"https:\/\/www.suno.com.br\/noticias\/#organization\"},\"image\":{\"@id\":\"https:\/\/www.suno.com.br\/noticias\/secex-exportacoes-soja-brasil-recorde\/#primaryimage\"},\"thumbnailUrl\":\"https:\/\/files.sunoresearch.com.br\/n\/uploads\/2019\/01\/1b3519b3-exporta\u00e7\u00f5es-de-soja-jpg.webp\",\"keywords\":[\"exporta\u00e7\u00f5es\",\"soja\"],\"articleSection\":[\"Mercado\"],\"inLanguage\":\"pt-BR\"},{\"@type\":\"WebPage\",\"@id\":\"https:\/\/www.suno.com.br\/noticias\/secex-exportacoes-soja-brasil-recorde\/\",\"url\":\"https:\/\/www.suno.com.br\/noticias\/secex-exportacoes-soja-brasil-recorde\/\",\"name\":\"Secex: exporta\u00e7\u00f5es de soja Brasil atingem recorde em 2018\",\"isPartOf\":{\"@id\":\"https:\/\/www.suno.com.br\/noticias\/#website\"},\"primaryImageOfPage\":{\"@id\":\"https:\/\/www.suno.com.br\/noticias\/secex-exportacoes-soja-brasil-recorde\/#primaryimage\"},\"image\":{\"@id\":\"https:\/\/www.suno.com.br\/noticias\/secex-exportacoes-soja-brasil-recorde\/#primaryimage\"},\"thumbnailUrl\":\"https:\/\/files.sunoresearch.com.br\/n\/uploads\/2019\/01\/1b3519b3-exporta\u00e7\u00f5es-de-soja-jpg.webp\",\"datePublished\":\"2019-01-03T14:20:39+00:00\",\"description\":\"No ano passado, as exporta\u00e7\u00f5es de soja em gr\u00e3o do Brasil chegaram a 83,8 milh\u00f5es de toneladas. Clique aqui para saber mais.\",\"breadcrumb\":{\"@id\":\"https:\/\/www.suno.com.br\/noticias\/secex-exportacoes-soja-brasil-recorde\/#breadcrumb\"},\"inLanguage\":\"pt-BR\",\"potentialAction\":[{\"@type\":\"ReadAction\",\"target\":[\"https:\/\/www.suno.com.br\/noticias\/secex-exportacoes-soja-brasil-recorde\/\"]}]},{\"@type\":\"ImageObject\",\"inLanguage\":\"pt-BR\",\"@id\":\"https:\/\/www.suno.com.br\/noticias\/secex-exportacoes-soja-brasil-recorde\/#primaryimage\",\"url\":\"https:\/\/files.sunoresearch.com.br\/n\/uploads\/2019\/01\/1b3519b3-exporta\u00e7\u00f5es-de-soja-jpg.webp\",\"contentUrl\":\"https:\/\/files.sunoresearch.com.br\/n\/uploads\/2019\/01\/1b3519b3-exporta\u00e7\u00f5es-de-soja-jpg.webp\",\"width\":770,\"height\":513,\"caption\":\"Exporta\u00e7\u00f5es de soja\"},{\"@type\":\"BreadcrumbList\",\"@id\":\"https:\/\/www.suno.com.br\/noticias\/secex-exportacoes-soja-brasil-recorde\/#breadcrumb\",\"itemListElement\":[{\"@type\":\"ListItem\",\"position\":1,\"name\":\"Not\u00edcias\",\"item\":\"https:\/\/www.suno.com.br\/noticias\/\"},{\"@type\":\"ListItem\",\"position\":2,\"name\":\"Mercado\",\"item\":\"https:\/\/www.suno.com.br\/noticias\/mercado\/\"},{\"@type\":\"ListItem\",\"position\":3,\"name\":\"Secex: exporta\u00e7\u00f5es de soja Brasil atingem recorde em 2018\"}]},{\"@type\":\"WebSite\",\"@id\":\"https:\/\/www.suno.com.br\/noticias\/#website\",\"url\":\"https:\/\/www.suno.com.br\/noticias\/\",\"name\":\"Suno Not\u00edcias\",\"description\":\"Seu portal de informa\u00e7\u00e3o sobre o mundo dos investimentos\",\"publisher\":{\"@id\":\"https:\/\/www.suno.com.br\/noticias\/#organization\"},\"potentialAction\":[{\"@type\":\"SearchAction\",\"target\":{\"@type\":\"EntryPoint\",\"urlTemplate\":\"https:\/\/www.suno.com.br\/noticias\/?s={search_term_string}\"},\"query-input\":{\"@type\":\"PropertyValueSpecification\",\"valueRequired\":true,\"valueName\":\"search_term_string\"}}],\"inLanguage\":\"pt-BR\"},{\"@type\":\"Organization\",\"@id\":\"https:\/\/www.suno.com.br\/noticias\/#organization\",\"name\":\"Suno Not\u00edcias\",\"url\":\"https:\/\/www.suno.com.br\/noticias\/\",\"logo\":{\"@type\":\"ImageObject\",\"inLanguage\":\"pt-BR\",\"@id\":\"https:\/\/www.suno.com.br\/noticias\/#\/schema\/logo\/image\/\",\"url\":\"https:\/\/files.sunoresearch.com.br\/n\/uploads\/2021\/09\/suno-logo.png\",\"contentUrl\":\"https:\/\/files.sunoresearch.com.br\/n\/uploads\/2021\/09\/suno-logo.png\",\"width\":180,\"height\":180,\"caption\":\"Suno Not\u00edcias\"},\"image\":{\"@id\":\"https:\/\/www.suno.com.br\/noticias\/#\/schema\/logo\/image\/\"},\"sameAs\":[\"https:\/\/facebook.com\/sunoresearch\",\"https:\/\/x.com\/sunoresearch\",\"https:\/\/www.instagram.com\/suno\",\"https:\/\/www.linkedin.com\/company\/suno-research\/\",\"https:\/\/www.youtube.com\/c\/sunoresearch\"]},{\"@type\":\"Person\",\"@id\":\"https:\/\/www.suno.com.br\/noticias\/#\/schema\/person\/e6e0f723cc177805027f4566c1d5e0c8\",\"name\":\"Carlo Cauti\",\"image\":{\"@type\":\"ImageObject\",\"inLanguage\":\"pt-BR\",\"@id\":\"https:\/\/www.suno.com.br\/noticias\/#\/schema\/person\/image\/\",\"url\":\"https:\/\/secure.gravatar.com\/avatar\/3ada9e0bd164c23abd4792a9606d583c?s=96&r=g\",\"contentUrl\":\"https:\/\/secure.gravatar.com\/avatar\/3ada9e0bd164c23abd4792a9606d583c?s=96&r=g\",\"caption\":\"Carlo Cauti\"},\"description\":\"Editor multim\u00eddia do SUNO Not\u00edcias. Italiano, formado em Ci\u00eancias Pol\u00edticas pela universidade LUISS G. Carli de Roma e mestre cum laude em Rela\u00e7\u00f5es Internacionais, Jornalismo Internacional e de Guerra e em Economia Internacional. Concluiu tamb\u00e9m um MBA em Finan\u00e7as na B3. No Brasil, teve passagem por ve\u00edculos como Estad\u00e3o, Globo, Veja e EXAME. e nas ag\u00eancias de not\u00edcias italianas ANSA e NOVA.\",\"url\":\"https:\/\/www.suno.com.br\/noticias\/author\/carlo-cauti\/\"}]}<\/script>\n<!-- \/ Yoast SEO plugin. -->","yoast_head_json":{"title":"Secex: exporta\u00e7\u00f5es de soja Brasil atingem recorde em 2018","description":"No ano passado, as exporta\u00e7\u00f5es de soja em gr\u00e3o do Brasil chegaram a 83,8 milh\u00f5es de toneladas. Clique aqui para saber mais.","robots":{"index":"index","follow":"follow","max-snippet":"max-snippet:-1","max-image-preview":"max-image-preview:large","max-video-preview":"max-video-preview:-1"},"canonical":"https:\/\/www.suno.com.br\/noticias\/secex-exportacoes-soja-brasil-recorde\/","og_locale":"pt_BR","og_type":"article","og_title":"Secex: exporta\u00e7\u00f5es de soja Brasil atingem recorde em 2018","og_description":"No ano passado, as exporta\u00e7\u00f5es de soja em gr\u00e3o do Brasil chegaram a 83,8 milh\u00f5es de toneladas. Clique aqui para saber mais.","og_url":"https:\/\/www.suno.com.br\/noticias\/secex-exportacoes-soja-brasil-recorde\/","og_site_name":"Suno Not\u00edcias","article_publisher":"https:\/\/facebook.com\/sunoresearch","og_image":[{"width":770,"height":513,"url":"https:\/\/files.sunoresearch.com.br\/n\/uploads\/2019\/01\/1b3519b3-exporta\u00e7\u00f5es-de-soja.jpg","type":"image\/jpeg"}],"author":"Carlo Cauti","twitter_card":"summary_large_image","twitter_creator":"@sunoresearch","twitter_site":"@sunoresearch","twitter_misc":{"Escrito por":"Carlo Cauti","Est. tempo de leitura":"2 minutos"},"schema":{"@context":"https:\/\/schema.org","@graph":[{"@type":"NewsArticle","@id":"https:\/\/www.suno.com.br\/noticias\/secex-exportacoes-soja-brasil-recorde\/#article","isPartOf":{"@id":"https:\/\/www.suno.com.br\/noticias\/secex-exportacoes-soja-brasil-recorde\/"},"author":{"name":"Carlo Cauti","@id":"https:\/\/www.suno.com.br\/noticias\/#\/schema\/person\/e6e0f723cc177805027f4566c1d5e0c8"},"headline":"Secex: exporta\u00e7\u00f5es de soja Brasil atingem recorde em 2018","datePublished":"2019-01-03T14:20:39+00:00","mainEntityOfPage":{"@id":"https:\/\/www.suno.com.br\/noticias\/secex-exportacoes-soja-brasil-recorde\/"},"wordCount":508,"publisher":{"@id":"https:\/\/www.suno.com.br\/noticias\/#organization"},"image":{"@id":"https:\/\/www.suno.com.br\/noticias\/secex-exportacoes-soja-brasil-recorde\/#primaryimage"},"thumbnailUrl":"https:\/\/files.sunoresearch.com.br\/n\/uploads\/2019\/01\/1b3519b3-exporta\u00e7\u00f5es-de-soja-jpg.webp","keywords":["exporta\u00e7\u00f5es","soja"],"articleSection":["Mercado"],"inLanguage":"pt-BR"},{"@type":"WebPage","@id":"https:\/\/www.suno.com.br\/noticias\/secex-exportacoes-soja-brasil-recorde\/","url":"https:\/\/www.suno.com.br\/noticias\/secex-exportacoes-soja-brasil-recorde\/","name":"Secex: exporta\u00e7\u00f5es de soja Brasil atingem recorde em 2018","isPartOf":{"@id":"https:\/\/www.suno.com.br\/noticias\/#website"},"primaryImageOfPage":{"@id":"https:\/\/www.suno.com.br\/noticias\/secex-exportacoes-soja-brasil-recorde\/#primaryimage"},"image":{"@id":"https:\/\/www.suno.com.br\/noticias\/secex-exportacoes-soja-brasil-recorde\/#primaryimage"},"thumbnailUrl":"https:\/\/files.sunoresearch.com.br\/n\/uploads\/2019\/01\/1b3519b3-exporta\u00e7\u00f5es-de-soja-jpg.webp","datePublished":"2019-01-03T14:20:39+00:00","description":"No ano passado, as exporta\u00e7\u00f5es de soja em gr\u00e3o do Brasil chegaram a 83,8 milh\u00f5es de toneladas. Clique aqui para saber mais.","breadcrumb":{"@id":"https:\/\/www.suno.com.br\/noticias\/secex-exportacoes-soja-brasil-recorde\/#breadcrumb"},"inLanguage":"pt-BR","potentialAction":[{"@type":"ReadAction","target":["https:\/\/www.suno.com.br\/noticias\/secex-exportacoes-soja-brasil-recorde\/"]}]},{"@type":"ImageObject","inLanguage":"pt-BR","@id":"https:\/\/www.suno.com.br\/noticias\/secex-exportacoes-soja-brasil-recorde\/#primaryimage","url":"https:\/\/files.sunoresearch.com.br\/n\/uploads\/2019\/01\/1b3519b3-exporta\u00e7\u00f5es-de-soja-jpg.webp","contentUrl":"https:\/\/files.sunoresearch.com.br\/n\/uploads\/2019\/01\/1b3519b3-exporta\u00e7\u00f5es-de-soja-jpg.webp","width":770,"height":513,"caption":"Exporta\u00e7\u00f5es de soja"},{"@type":"BreadcrumbList","@id":"https:\/\/www.suno.com.br\/noticias\/secex-exportacoes-soja-brasil-recorde\/#breadcrumb","itemListElement":[{"@type":"ListItem","position":1,"name":"Not\u00edcias","item":"https:\/\/www.suno.com.br\/noticias\/"},{"@type":"ListItem","position":2,"name":"Mercado","item":"https:\/\/www.suno.com.br\/noticias\/mercado\/"},{"@type":"ListItem","position":3,"name":"Secex: exporta\u00e7\u00f5es de soja Brasil atingem recorde em 2018"}]},{"@type":"WebSite","@id":"https:\/\/www.suno.com.br\/noticias\/#website","url":"https:\/\/www.suno.com.br\/noticias\/","name":"Suno Not\u00edcias","description":"Seu portal de informa\u00e7\u00e3o sobre o mundo dos investimentos","publisher":{"@id":"https:\/\/www.suno.com.br\/noticias\/#organization"},"potentialAction":[{"@type":"SearchAction","target":{"@type":"EntryPoint","urlTemplate":"https:\/\/www.suno.com.br\/noticias\/?s={search_term_string}"},"query-input":{"@type":"PropertyValueSpecification","valueRequired":true,"valueName":"search_term_string"}}],"inLanguage":"pt-BR"},{"@type":"Organization","@id":"https:\/\/www.suno.com.br\/noticias\/#organization","name":"Suno Not\u00edcias","url":"https:\/\/www.suno.com.br\/noticias\/","logo":{"@type":"ImageObject","inLanguage":"pt-BR","@id":"https:\/\/www.suno.com.br\/noticias\/#\/schema\/logo\/image\/","url":"https:\/\/files.sunoresearch.com.br\/n\/uploads\/2021\/09\/suno-logo.png","contentUrl":"https:\/\/files.sunoresearch.com.br\/n\/uploads\/2021\/09\/suno-logo.png","width":180,"height":180,"caption":"Suno Not\u00edcias"},"image":{"@id":"https:\/\/www.suno.com.br\/noticias\/#\/schema\/logo\/image\/"},"sameAs":["https:\/\/facebook.com\/sunoresearch","https:\/\/x.com\/sunoresearch","https:\/\/www.instagram.com\/suno","https:\/\/www.linkedin.com\/company\/suno-research\/","https:\/\/www.youtube.com\/c\/sunoresearch"]},{"@type":"Person","@id":"https:\/\/www.suno.com.br\/noticias\/#\/schema\/person\/e6e0f723cc177805027f4566c1d5e0c8","name":"Carlo Cauti","image":{"@type":"ImageObject","inLanguage":"pt-BR","@id":"https:\/\/www.suno.com.br\/noticias\/#\/schema\/person\/image\/","url":"https:\/\/secure.gravatar.com\/avatar\/3ada9e0bd164c23abd4792a9606d583c?s=96&r=g","contentUrl":"https:\/\/secure.gravatar.com\/avatar\/3ada9e0bd164c23abd4792a9606d583c?s=96&r=g","caption":"Carlo Cauti"},"description":"Editor multim\u00eddia do SUNO Not\u00edcias. Italiano, formado em Ci\u00eancias Pol\u00edticas pela universidade LUISS G. Carli de Roma e mestre cum laude em Rela\u00e7\u00f5es Internacionais, Jornalismo Internacional e de Guerra e em Economia Internacional. Concluiu tamb\u00e9m um MBA em Finan\u00e7as na B3. No Brasil, teve passagem por ve\u00edculos como Estad\u00e3o, Globo, Veja e EXAME. e nas ag\u00eancias de not\u00edcias italianas ANSA e NOVA.","url":"https:\/\/www.suno.com.br\/noticias\/author\/carlo-cauti\/"}]}},"default_loop_html":"<div class=\"cardsPage__listCard__boxs\"><div class=\"cardsPage__listCard__boxs__img\"><a href=\"https:\/\/www.suno.com.br\/noticias\/secex-exportacoes-soja-brasil-recorde\/\"><img class=\"mask\" src=\"https:\/\/www.suno.com.br\/noticias\/wp-content\/themes\/suno\/resources\/images\/spotlight\/spotlight1img\/bg-mask.png\" alt=\"Image Mask\"\/><img src=\"https:\/\/files.sunoresearch.com.br\/n\/uploads\/2019\/01\/1b3519b3-exporta\u00e7\u00f5es-de-soja-400x200.webp\" alt=\"Secex: exporta\u00e7\u00f5es de soja Brasil atingem recorde em 2018\"\/><\/a><span class=\"spotlightCategory\"><a href=\"https:\/\/www.suno.com.br\/noticias\/mercado\/\">Mercado<\/a><\/span><\/div><div class=\"cardsPage__listCard__boxs__content\"><a href=\"https:\/\/www.suno.com.br\/noticias\/secex-exportacoes-soja-brasil-recorde\/\"><h2 class=\"content__title\">Secex: exporta\u00e7\u00f5es de soja Brasil atingem recorde em 2018<\/h2><\/a><div class=\"newsContent__article__meta\"><div class=\"newsContent__article__meta__authorBox\"><a href=\"https:\/\/www.suno.com.br\/noticias\/author\/carlo-cauti\/\" class=\"authorBox__avatar noMobi\"><img src=\"https:\/\/files.sunoresearch.com.br\/n\/uploads\/2020\/08\/e3745f9a-perfil-carlo-cauti-150x150.webp\" alt=\"Carlo Cauti\"><\/a><div class=\"authorBox__name\"><span>por\n\t\t\t<a href=\"https:\/\/www.suno.com.br\/noticias\/author\/carlo-cauti\/\"><span itemprop=\"author\">Carlo Cauti<\/span><\/a><\/span><time datetime=\"2019-01-03T12:20:39-02:00\" itemprop=\"datePublished\">03\/01\/2019 12:20<\/time><\/div><\/div><\/div><\/div><\/div>","single_layout":"posts","amp_enabled":true,"_links":{"self":[{"href":"https:\/\/www.suno.com.br\/noticias\/wp-json\/wp\/v2\/posts\/10205"}],"collection":[{"href":"https:\/\/www.suno.com.br\/noticias\/wp-json\/wp\/v2\/posts"}],"about":[{"href":"https:\/\/www.suno.com.br\/noticias\/wp-json\/wp\/v2\/types\/post"}],"author":[{"embeddable":true,"href":"https:\/\/www.suno.com.br\/noticias\/wp-json\/wp\/v2\/users\/9"}],"replies":[{"embeddable":true,"href":"https:\/\/www.suno.com.br\/noticias\/wp-json\/wp\/v2\/comments?post=10205"}],"version-history":[{"count":0,"href":"https:\/\/www.suno.com.br\/noticias\/wp-json\/wp\/v2\/posts\/10205\/revisions"}],"wp:featuredmedia":[{"embeddable":true,"href":"https:\/\/www.suno.com.br\/noticias\/wp-json\/wp\/v2\/media\/10215"}],"wp:attachment":[{"href":"https:\/\/www.suno.com.br\/noticias\/wp-json\/wp\/v2\/media?parent=10205"}],"wp:term":[{"taxonomy":"category","embeddable":true,"href":"https:\/\/www.suno.com.br\/noticias\/wp-json\/wp\/v2\/categories?post=10205"},{"taxonomy":"post_tag","embeddable":true,"href":"https:\/\/www.suno.com.br\/noticias\/wp-json\/wp\/v2\/tags?post=10205"},{"taxonomy":"suno_strategy","embeddable":true,"href":"https:\/\/www.suno.com.br\/noticias\/wp-json\/wp\/v2\/suno_strategy?post=10205"}],"curies":[{"name":"wp","href":"https:\/\/api.w.org\/{rel}","templated":true}]}}