{"id":102011,"date":"2020-11-20T14:33:01","date_gmt":"2020-11-20T17:33:01","guid":{"rendered":"https:\/\/www.suno.com.br\/noticias\/?p=102011"},"modified":"2020-11-20T14:33:01","modified_gmt":"2020-11-20T17:33:01","slug":"vacina-pfizer-biontech-solicitam-aprovacao-emergencial","status":"publish","type":"post","link":"https:\/\/www.suno.com.br\/noticias\/vacina-pfizer-biontech-solicitam-aprovacao-emergencial\/","title":{"rendered":"Pfizer e BioNTech solicitam aprova\u00e7\u00e3o emergencial da vacina nos EUA"},"content":{"rendered":"<p>As farmac\u00eauticas Pfizer e BioNTech informaram, nesta ter\u00e7a-feira (20), que ir\u00e3o solicitar \u00e0 ag\u00eancia reguladora de rem\u00e9dios e alimentos (FDA, em ingl\u00eas) dos Estados Unidos a aprova\u00e7\u00e3o emergencial da <strong>vacina<\/strong> contra o<a href=\"https:\/\/www.suno.com.br\/noticias\/?s=coronav%C3%ADrus\"> novo coronav\u00edrus (covid-19)<\/a>.<\/p>\t<div class=\"wrapper-featured-image\">\n\t\t<figure class=\"spotlightImg\">\n\n\t\t\t<picture>\n\t\t\t\t<source media=\"(max-width: 768px)\" srcset=\"https:\/\/files.sunoresearch.com.br\/n\/uploads\/2020\/06\/3351c595-vacina-divulga\u00e7\u00e3o-400x200.webp\">\n\t\t\t\t<img loading=\"lazy\" decoding=\"async\" class=\"newsContent__article__imgCapa lazyloadDisabled \" src=\"https:\/\/files.sunoresearch.com.br\/n\/uploads\/2020\/06\/3351c595-vacina-divulga\u00e7\u00e3o-800x450.webp\" width=\"800\" height=\"450\" alt=\"Pfizer e BioNTech solicitam aprova\u00e7\u00e3o emergencial da vacina nos EUA\" fetchpriority=high \/>\n\t\t\t<\/picture>\n\n\t\t\t<figcaption class=\"wp-caption-text wp-caption-text--show\">Pfizer e BioNTech solicitam aprova\u00e7\u00e3o emergencial da vacina nos EUA<\/figcaption>\n\t\t<\/figure>\n\t<\/div>\n\n\n\t<p>\n\t\t<a href=\"\" target=\"_blank\" data-element=\"shortcode-suno-banner\" title=\"Banner SUNO, clique e saiba mais\">\n\t\t\t<picture>\n\t\t\t\t<source media=\"(max-width: 500px)\" srcset=\"\">\n\t\t\t\t<img class=\"newsContent__article__imgCapa newsContent__article__imgCapa--banner\"\n\t\t\t\t\tsrc=\"\"\n\t\t\t\t\tdata-promo-id=\"101302\"\t\t\t\t\t\t\t\t\t\t\t\t\t\t\talt=\"\"\n\t\t\t\t>\n\t\t\t<\/picture>\n\t\t<\/a>\n\t<\/p>\n\n\n<p>No comunicado, a norte-americana <strong>Pfizer<\/strong> e a empresa alem\u00e3 <strong>BioNTech<\/strong> tamb\u00e9m informaram que fizeram a solicita\u00e7\u00e3o em outros pa\u00edses, como <strong>Jap\u00e3o<\/strong>, <strong>Austr\u00e1lia<\/strong>, <strong>Canad\u00e1<\/strong> e \u00f3rg\u00e3os reguladores europeus.<\/p>\n<p>No in\u00edcio deste m\u00eas as empresas informaram que uma vacina contra o novo <strong>coronav\u00edrus<\/strong> dentre as que est\u00e3o sendo testadas \u00e9 capaz de prevenir a doen\u00e7a em mais de 90% dos pacientes sem evid\u00eancia de infec\u00e7\u00e3o pr\u00e9via. A not\u00edcia foi divulgada pelas <strong>farmac\u00eauticas<\/strong> como um &#8220;grande dia para a ci\u00eancia e para a humanidade&#8221;.<\/p>\n<p><a href=\"https:\/\/lp.suno.com.br\/suno-one\/\">Suno One: acesse gratuitamente eBooks, Minicursos, Artigos e Video Aulas sobre investimentos com um \u00fanico cadastro. Clique para saber mais!<\/a><\/p>\n<p>A vacina foi testada em 43,5 mil pessoas de seis pa\u00edses. Em setembro, a Ag\u00eancia Nacional de Vigil\u00e2ncia Sanit\u00e1ria (<strong>Anvisa<\/strong>) <a href=\"https:\/\/www.suno.com.br\/noticias\/coronavirus-brasil-vacina-2021-anvisa\/\">autorizou que seus testes cl\u00ednicos fossem ampliados no Brasil<\/a>, de mil para dois mil testes em volunt\u00e1rios.<\/p>\n<p>Segundo as fabricantes, nenhum problema de seguran\u00e7a na vacina foi levantado at\u00e9 o momento. Com base em proje\u00e7\u00f5es, as empresas declararam, em comunicado, que pretendem fornecer 50 milh\u00f5es de doses no mundo em 2020 e at\u00e9 1,3 bilh\u00e3o em 2021.<\/p>\n\t<p>\n\t\t<a href=\"\" target=\"_blank\" data-element=\"shortcode-suno-banner\" title=\"Banner SUNO, clique e saiba mais\">\n\t\t\t<picture>\n\t\t\t\t<source media=\"(max-width: 500px)\" srcset=\"\">\n\t\t\t\t<img class=\"newsContent__article__imgCapa newsContent__article__imgCapa--banner\"\n\t\t\t\t\tsrc=\"\"\n\t\t\t\t\tdata-promo-id=\"101302\"\t\t\t\t\t\t\t\t\t\t\t\t\t\t\talt=\"\"\n\t\t\t\t>\n\t\t\t<\/picture>\n\t\t<\/a>\n\t<\/p>\n\n\n<p>Nesta semana, a<strong> farmac\u00eautica Moderna<\/strong> informou que sua <strong>vacina<\/strong> <strong>experimental<\/strong> contra a covid-19 apresentou efic\u00e1cia de 94,5% em resultados iniciais da fase 3 dos testes cl\u00ednico. J\u00e1 na semana passada, a <strong>R\u00fassia<\/strong> afirmou que sua vacina experimental, conhecida como Sputnik V, registrou 92% de efic\u00e1cia.<\/p>\n<h2>Primeiro lote com 120 mil doses da vacina da China chega a SP<\/h2>\n<p>O governador de S\u00e3o Paulo, Jo\u00e3o Doria, anunciou na \u00faltima quinta-feira (19), por meio de sua rede social, a chegada das primeiras 120 mil doses da <strong>Coronavac<\/strong>, vacina contra covid-19 produzida pelo laborat\u00f3rio chin\u00eas.<\/p>\n\t<div data-element=\"shortcode-read-more\" class=\"knowMore\">\n\t\t\t\t<span class=\"knowMore__title\">Saiba Mais<\/span>\n\t\t\t\t<a class=\"knowMore__link\" href=\"https:\/\/www.suno.com.br\/noticias\/coronavac-sp-doria-120-mil-doses-china-vacina\/\">\n\t\t\tCoronavac: Primeiro lote com 120 mil doses da vacina chega a S\u00e3o Paulo\t\t<\/a>\n\t<\/div>\n\n\n<p>&#8220;\u00c9 um marco muito importante diante de uma pandemia que j\u00e1 levou a vida de mais de 166 mil brasileiros. N\u00f3s temos agora a chegada da vacina que, mediante autoriza\u00e7\u00e3o final da Anvisa vai ajudar a salvar vidas&#8221;, disse <strong>Doria<\/strong> ao anunciar a chegada da Coronavac.<\/p>\n<p>At\u00e9 dezembro ser\u00e3o <strong>46 milh\u00f5es<\/strong> de doses. As primeiras seis milh\u00f5es chegam prontas da <strong>China<\/strong> e ficar\u00e3o armazenadas sob a responsabilidade do instituto.<\/p>\n\t<p>\n\t\t<a href=\"https:\/\/lp.suno.com.br\/planilha-de-controle-de-investimentos\/\" target=\"_blank\" data-element=\"shortcode-suno-banner\" title=\"Banner SUNO, clique e saiba mais\">\n\t\t\t<picture>\n\t\t\t\t<source media=\"(max-width: 500px)\" srcset=\"https:\/\/files.sunoresearch.com.br\/n\/uploads\/2023\/03\/400x300-Controle-de-Investimentos.png\">\n\t\t\t\t<img class=\"newsContent__article__imgCapa newsContent__article__imgCapa--banner\"\n\t\t\t\t\tsrc=\"https:\/\/files.sunoresearch.com.br\/n\/uploads\/2023\/03\/1420x240-Controle-de-Investimentos.png\"\n\t\t\t\t\tdata-promo-id=\"75934\"\t\t\t\t\t\t\t\t\t\twidth='1420' height='240'\t\t\t\t\talt=\"https:\/\/files.sunoresearch.com.br\/n\/uploads\/2023\/03\/1420x240-Controle-de-Investimentos.png\"\n\t\t\t\t>\n\t\t\t<\/picture>\n\t\t<\/a>\n\t<\/p>\n\n\n","protected":false},"excerpt":{"rendered":"<p>As farmac\u00eauticas Pfizer e BioNTech informaram, nesta ter\u00e7a-feira (20), que ir\u00e3o solicitar \u00e0 ag\u00eancia reguladora de rem\u00e9dios e alimentos (FDA, em ingl\u00eas) dos Estados Unidos a aprova\u00e7\u00e3o emergencial da vacina contra o novo coronav\u00edrus (covid-19). Pfizer e BioNTech solicitam aprova\u00e7\u00e3o emergencial da vacina nos EUA No comunicado, a norte-americana Pfizer e a empresa alem\u00e3 BioNTech [&hellip;]<\/p>\n","protected":false},"author":15,"featured_media":70007,"comment_status":"closed","ping_status":"closed","sticky":false,"template":"","format":"standard","meta":[],"categories":[63],"tags":[80505,2487,5255,884,25002,104541],"suno_strategy":[],"class_list":["post-102011","post","type-post","status-publish","format-standard","has-post-thumbnail","hentry","category-internacional","tag-biontech","tag-coronavirus","tag-covid-19","tag-pfizer-pfiz34","tag-vacina","tag-vacina-da-moderna"],"yoast_head":"<!-- This site is optimized with the Yoast SEO plugin v24.4 - https:\/\/yoast.com\/wordpress\/plugins\/seo\/ -->\n<title>Pfizer e BioNTech solicitam aprova\u00e7\u00e3o emergencial da vacina nos EUA<\/title>\n<meta name=\"description\" content=\"A Pfizer e BioNTech solicitaram \u00e0 ag\u00eancia reguladora dos EUA a aprova\u00e7\u00e3o emergencial da vacina contra covid-19. Clique aqui e saiba mais\" \/>\n<meta name=\"robots\" content=\"index, follow, max-snippet:-1, max-image-preview:large, max-video-preview:-1\" \/>\n<link rel=\"canonical\" href=\"https:\/\/www.suno.com.br\/noticias\/vacina-pfizer-biontech-solicitam-aprovacao-emergencial\/\" \/>\n<meta property=\"og:locale\" content=\"pt_BR\" \/>\n<meta property=\"og:type\" content=\"article\" \/>\n<meta property=\"og:title\" content=\"Pfizer e BioNTech solicitam aprova\u00e7\u00e3o emergencial da vacina nos EUA\" \/>\n<meta property=\"og:description\" content=\"A Pfizer e BioNTech solicitaram \u00e0 ag\u00eancia reguladora dos EUA a aprova\u00e7\u00e3o emergencial da vacina contra covid-19. Clique aqui e saiba mais\" \/>\n<meta property=\"og:url\" content=\"https:\/\/www.suno.com.br\/noticias\/vacina-pfizer-biontech-solicitam-aprovacao-emergencial\/\" \/>\n<meta property=\"og:site_name\" content=\"Suno Not\u00edcias\" \/>\n<meta property=\"article:publisher\" content=\"https:\/\/facebook.com\/sunoresearch\" \/>\n<meta property=\"og:image\" content=\"https:\/\/files.sunoresearch.com.br\/n\/uploads\/2020\/06\/3351c595-vacina-divulga\u00e7\u00e3o.jpg\" \/>\n\t<meta property=\"og:image:width\" content=\"1086\" \/>\n\t<meta property=\"og:image:height\" content=\"652\" \/>\n\t<meta property=\"og:image:type\" content=\"image\/jpeg\" \/>\n<meta name=\"author\" content=\"Poliana Santos\" \/>\n<meta name=\"twitter:card\" content=\"summary_large_image\" \/>\n<meta name=\"twitter:creator\" content=\"@sunoresearch\" \/>\n<meta name=\"twitter:site\" content=\"@sunoresearch\" \/>\n<meta name=\"twitter:label1\" content=\"Escrito por\" \/>\n\t<meta name=\"twitter:data1\" content=\"Poliana Santos\" \/>\n\t<meta name=\"twitter:label2\" content=\"Est. tempo de leitura\" \/>\n\t<meta name=\"twitter:data2\" content=\"2 minutos\" \/>\n<script type=\"application\/ld+json\" class=\"yoast-schema-graph\">{\"@context\":\"https:\/\/schema.org\",\"@graph\":[{\"@type\":\"NewsArticle\",\"@id\":\"https:\/\/www.suno.com.br\/noticias\/vacina-pfizer-biontech-solicitam-aprovacao-emergencial\/#article\",\"isPartOf\":{\"@id\":\"https:\/\/www.suno.com.br\/noticias\/vacina-pfizer-biontech-solicitam-aprovacao-emergencial\/\"},\"author\":{\"name\":\"Poliana Santos\",\"@id\":\"https:\/\/www.suno.com.br\/noticias\/#\/schema\/person\/02ec1f752758247878a2bf4abee1aeda\"},\"headline\":\"Pfizer e BioNTech solicitam aprova\u00e7\u00e3o emergencial da vacina nos EUA\",\"datePublished\":\"2020-11-20T17:33:01+00:00\",\"mainEntityOfPage\":{\"@id\":\"https:\/\/www.suno.com.br\/noticias\/vacina-pfizer-biontech-solicitam-aprovacao-emergencial\/\"},\"wordCount\":433,\"publisher\":{\"@id\":\"https:\/\/www.suno.com.br\/noticias\/#organization\"},\"image\":{\"@id\":\"https:\/\/www.suno.com.br\/noticias\/vacina-pfizer-biontech-solicitam-aprovacao-emergencial\/#primaryimage\"},\"thumbnailUrl\":\"https:\/\/files.sunoresearch.com.br\/n\/uploads\/2020\/06\/3351c595-vacina-divulga\u00e7\u00e3o-jpg.webp\",\"keywords\":[\"BioNTech\",\"coronav\u00edrus\",\"covid-19\",\"Pfizer (PFIZ34)\",\"vacina\",\"vacina da Moderna\"],\"articleSection\":[\"Internacional\"],\"inLanguage\":\"pt-BR\"},{\"@type\":\"WebPage\",\"@id\":\"https:\/\/www.suno.com.br\/noticias\/vacina-pfizer-biontech-solicitam-aprovacao-emergencial\/\",\"url\":\"https:\/\/www.suno.com.br\/noticias\/vacina-pfizer-biontech-solicitam-aprovacao-emergencial\/\",\"name\":\"Pfizer e BioNTech solicitam aprova\u00e7\u00e3o emergencial da vacina nos EUA\",\"isPartOf\":{\"@id\":\"https:\/\/www.suno.com.br\/noticias\/#website\"},\"primaryImageOfPage\":{\"@id\":\"https:\/\/www.suno.com.br\/noticias\/vacina-pfizer-biontech-solicitam-aprovacao-emergencial\/#primaryimage\"},\"image\":{\"@id\":\"https:\/\/www.suno.com.br\/noticias\/vacina-pfizer-biontech-solicitam-aprovacao-emergencial\/#primaryimage\"},\"thumbnailUrl\":\"https:\/\/files.sunoresearch.com.br\/n\/uploads\/2020\/06\/3351c595-vacina-divulga\u00e7\u00e3o-jpg.webp\",\"datePublished\":\"2020-11-20T17:33:01+00:00\",\"description\":\"A Pfizer e BioNTech solicitaram \u00e0 ag\u00eancia reguladora dos EUA a aprova\u00e7\u00e3o emergencial da vacina contra covid-19. Clique aqui e saiba mais\",\"breadcrumb\":{\"@id\":\"https:\/\/www.suno.com.br\/noticias\/vacina-pfizer-biontech-solicitam-aprovacao-emergencial\/#breadcrumb\"},\"inLanguage\":\"pt-BR\",\"potentialAction\":[{\"@type\":\"ReadAction\",\"target\":[\"https:\/\/www.suno.com.br\/noticias\/vacina-pfizer-biontech-solicitam-aprovacao-emergencial\/\"]}]},{\"@type\":\"ImageObject\",\"inLanguage\":\"pt-BR\",\"@id\":\"https:\/\/www.suno.com.br\/noticias\/vacina-pfizer-biontech-solicitam-aprovacao-emergencial\/#primaryimage\",\"url\":\"https:\/\/files.sunoresearch.com.br\/n\/uploads\/2020\/06\/3351c595-vacina-divulga\u00e7\u00e3o-jpg.webp\",\"contentUrl\":\"https:\/\/files.sunoresearch.com.br\/n\/uploads\/2020\/06\/3351c595-vacina-divulga\u00e7\u00e3o-jpg.webp\",\"width\":1086,\"height\":652,\"caption\":\"Pfizer e BioNTech solicitam aprova\u00e7\u00e3o emergencial da vacina nos EUA\"},{\"@type\":\"BreadcrumbList\",\"@id\":\"https:\/\/www.suno.com.br\/noticias\/vacina-pfizer-biontech-solicitam-aprovacao-emergencial\/#breadcrumb\",\"itemListElement\":[{\"@type\":\"ListItem\",\"position\":1,\"name\":\"Not\u00edcias\",\"item\":\"https:\/\/www.suno.com.br\/noticias\/\"},{\"@type\":\"ListItem\",\"position\":2,\"name\":\"Internacional\",\"item\":\"https:\/\/www.suno.com.br\/noticias\/internacional\/\"},{\"@type\":\"ListItem\",\"position\":3,\"name\":\"Pfizer e BioNTech solicitam aprova\u00e7\u00e3o emergencial da vacina nos EUA\"}]},{\"@type\":\"WebSite\",\"@id\":\"https:\/\/www.suno.com.br\/noticias\/#website\",\"url\":\"https:\/\/www.suno.com.br\/noticias\/\",\"name\":\"Suno Not\u00edcias\",\"description\":\"Seu portal de informa\u00e7\u00e3o sobre o mundo dos investimentos\",\"publisher\":{\"@id\":\"https:\/\/www.suno.com.br\/noticias\/#organization\"},\"potentialAction\":[{\"@type\":\"SearchAction\",\"target\":{\"@type\":\"EntryPoint\",\"urlTemplate\":\"https:\/\/www.suno.com.br\/noticias\/?s={search_term_string}\"},\"query-input\":{\"@type\":\"PropertyValueSpecification\",\"valueRequired\":true,\"valueName\":\"search_term_string\"}}],\"inLanguage\":\"pt-BR\"},{\"@type\":\"Organization\",\"@id\":\"https:\/\/www.suno.com.br\/noticias\/#organization\",\"name\":\"Suno Not\u00edcias\",\"url\":\"https:\/\/www.suno.com.br\/noticias\/\",\"logo\":{\"@type\":\"ImageObject\",\"inLanguage\":\"pt-BR\",\"@id\":\"https:\/\/www.suno.com.br\/noticias\/#\/schema\/logo\/image\/\",\"url\":\"https:\/\/files.sunoresearch.com.br\/n\/uploads\/2021\/09\/suno-logo.png\",\"contentUrl\":\"https:\/\/files.sunoresearch.com.br\/n\/uploads\/2021\/09\/suno-logo.png\",\"width\":180,\"height\":180,\"caption\":\"Suno Not\u00edcias\"},\"image\":{\"@id\":\"https:\/\/www.suno.com.br\/noticias\/#\/schema\/logo\/image\/\"},\"sameAs\":[\"https:\/\/facebook.com\/sunoresearch\",\"https:\/\/x.com\/sunoresearch\",\"https:\/\/www.instagram.com\/suno\",\"https:\/\/www.linkedin.com\/company\/suno-research\/\",\"https:\/\/www.youtube.com\/c\/sunoresearch\"]},{\"@type\":\"Person\",\"@id\":\"https:\/\/www.suno.com.br\/noticias\/#\/schema\/person\/02ec1f752758247878a2bf4abee1aeda\",\"name\":\"Poliana Santos\",\"image\":{\"@type\":\"ImageObject\",\"inLanguage\":\"pt-BR\",\"@id\":\"https:\/\/www.suno.com.br\/noticias\/#\/schema\/person\/image\/\",\"url\":\"https:\/\/secure.gravatar.com\/avatar\/0645bd32f23d87b2130f2b2dff1d3f8d?s=96&r=g\",\"contentUrl\":\"https:\/\/secure.gravatar.com\/avatar\/0645bd32f23d87b2130f2b2dff1d3f8d?s=96&r=g\",\"caption\":\"Poliana Santos\"},\"description\":\"Rep\u00f3rter no Suno Not\u00edcias, com cobertura em mercado financeiro, economia, finan\u00e7as pessoais, renda fixa e varejo. Jornalista formada pela Faculdade C\u00e1sper L\u00edbero e possui passagem na R\u00e1dio Gazeta AM com a produ\u00e7\u00e3o de conte\u00fado sobre economia, pol\u00edtica, sa\u00fade, moda e m\u00fasica. Possui certificado de conclus\u00e3o do curso de An\u00e1lise de Balan\u00e7os pela Funda\u00e7\u00e3o Bradesco, Agenda Brasil pela FAAP, Educa\u00e7\u00e3o Pol\u00edtica por Alexandre Garcia e do Tesouro Direto e Mercado de A\u00e7\u00f5es pela B3.\",\"url\":\"https:\/\/www.suno.com.br\/noticias\/author\/poliana-santos\/\"}]}<\/script>\n<!-- \/ Yoast SEO plugin. -->","yoast_head_json":{"title":"Pfizer e BioNTech solicitam aprova\u00e7\u00e3o emergencial da vacina nos EUA","description":"A Pfizer e BioNTech solicitaram \u00e0 ag\u00eancia reguladora dos EUA a aprova\u00e7\u00e3o emergencial da vacina contra covid-19. Clique aqui e saiba mais","robots":{"index":"index","follow":"follow","max-snippet":"max-snippet:-1","max-image-preview":"max-image-preview:large","max-video-preview":"max-video-preview:-1"},"canonical":"https:\/\/www.suno.com.br\/noticias\/vacina-pfizer-biontech-solicitam-aprovacao-emergencial\/","og_locale":"pt_BR","og_type":"article","og_title":"Pfizer e BioNTech solicitam aprova\u00e7\u00e3o emergencial da vacina nos EUA","og_description":"A Pfizer e BioNTech solicitaram \u00e0 ag\u00eancia reguladora dos EUA a aprova\u00e7\u00e3o emergencial da vacina contra covid-19. Clique aqui e saiba mais","og_url":"https:\/\/www.suno.com.br\/noticias\/vacina-pfizer-biontech-solicitam-aprovacao-emergencial\/","og_site_name":"Suno Not\u00edcias","article_publisher":"https:\/\/facebook.com\/sunoresearch","og_image":[{"width":1086,"height":652,"url":"https:\/\/files.sunoresearch.com.br\/n\/uploads\/2020\/06\/3351c595-vacina-divulga\u00e7\u00e3o.jpg","type":"image\/jpeg"}],"author":"Poliana Santos","twitter_card":"summary_large_image","twitter_creator":"@sunoresearch","twitter_site":"@sunoresearch","twitter_misc":{"Escrito por":"Poliana Santos","Est. tempo de leitura":"2 minutos"},"schema":{"@context":"https:\/\/schema.org","@graph":[{"@type":"NewsArticle","@id":"https:\/\/www.suno.com.br\/noticias\/vacina-pfizer-biontech-solicitam-aprovacao-emergencial\/#article","isPartOf":{"@id":"https:\/\/www.suno.com.br\/noticias\/vacina-pfizer-biontech-solicitam-aprovacao-emergencial\/"},"author":{"name":"Poliana Santos","@id":"https:\/\/www.suno.com.br\/noticias\/#\/schema\/person\/02ec1f752758247878a2bf4abee1aeda"},"headline":"Pfizer e BioNTech solicitam aprova\u00e7\u00e3o emergencial da vacina nos EUA","datePublished":"2020-11-20T17:33:01+00:00","mainEntityOfPage":{"@id":"https:\/\/www.suno.com.br\/noticias\/vacina-pfizer-biontech-solicitam-aprovacao-emergencial\/"},"wordCount":433,"publisher":{"@id":"https:\/\/www.suno.com.br\/noticias\/#organization"},"image":{"@id":"https:\/\/www.suno.com.br\/noticias\/vacina-pfizer-biontech-solicitam-aprovacao-emergencial\/#primaryimage"},"thumbnailUrl":"https:\/\/files.sunoresearch.com.br\/n\/uploads\/2020\/06\/3351c595-vacina-divulga\u00e7\u00e3o-jpg.webp","keywords":["BioNTech","coronav\u00edrus","covid-19","Pfizer (PFIZ34)","vacina","vacina da Moderna"],"articleSection":["Internacional"],"inLanguage":"pt-BR"},{"@type":"WebPage","@id":"https:\/\/www.suno.com.br\/noticias\/vacina-pfizer-biontech-solicitam-aprovacao-emergencial\/","url":"https:\/\/www.suno.com.br\/noticias\/vacina-pfizer-biontech-solicitam-aprovacao-emergencial\/","name":"Pfizer e BioNTech solicitam aprova\u00e7\u00e3o emergencial da vacina nos EUA","isPartOf":{"@id":"https:\/\/www.suno.com.br\/noticias\/#website"},"primaryImageOfPage":{"@id":"https:\/\/www.suno.com.br\/noticias\/vacina-pfizer-biontech-solicitam-aprovacao-emergencial\/#primaryimage"},"image":{"@id":"https:\/\/www.suno.com.br\/noticias\/vacina-pfizer-biontech-solicitam-aprovacao-emergencial\/#primaryimage"},"thumbnailUrl":"https:\/\/files.sunoresearch.com.br\/n\/uploads\/2020\/06\/3351c595-vacina-divulga\u00e7\u00e3o-jpg.webp","datePublished":"2020-11-20T17:33:01+00:00","description":"A Pfizer e BioNTech solicitaram \u00e0 ag\u00eancia reguladora dos EUA a aprova\u00e7\u00e3o emergencial da vacina contra covid-19. Clique aqui e saiba mais","breadcrumb":{"@id":"https:\/\/www.suno.com.br\/noticias\/vacina-pfizer-biontech-solicitam-aprovacao-emergencial\/#breadcrumb"},"inLanguage":"pt-BR","potentialAction":[{"@type":"ReadAction","target":["https:\/\/www.suno.com.br\/noticias\/vacina-pfizer-biontech-solicitam-aprovacao-emergencial\/"]}]},{"@type":"ImageObject","inLanguage":"pt-BR","@id":"https:\/\/www.suno.com.br\/noticias\/vacina-pfizer-biontech-solicitam-aprovacao-emergencial\/#primaryimage","url":"https:\/\/files.sunoresearch.com.br\/n\/uploads\/2020\/06\/3351c595-vacina-divulga\u00e7\u00e3o-jpg.webp","contentUrl":"https:\/\/files.sunoresearch.com.br\/n\/uploads\/2020\/06\/3351c595-vacina-divulga\u00e7\u00e3o-jpg.webp","width":1086,"height":652,"caption":"Pfizer e BioNTech solicitam aprova\u00e7\u00e3o emergencial da vacina nos EUA"},{"@type":"BreadcrumbList","@id":"https:\/\/www.suno.com.br\/noticias\/vacina-pfizer-biontech-solicitam-aprovacao-emergencial\/#breadcrumb","itemListElement":[{"@type":"ListItem","position":1,"name":"Not\u00edcias","item":"https:\/\/www.suno.com.br\/noticias\/"},{"@type":"ListItem","position":2,"name":"Internacional","item":"https:\/\/www.suno.com.br\/noticias\/internacional\/"},{"@type":"ListItem","position":3,"name":"Pfizer e BioNTech solicitam aprova\u00e7\u00e3o emergencial da vacina nos EUA"}]},{"@type":"WebSite","@id":"https:\/\/www.suno.com.br\/noticias\/#website","url":"https:\/\/www.suno.com.br\/noticias\/","name":"Suno Not\u00edcias","description":"Seu portal de informa\u00e7\u00e3o sobre o mundo dos investimentos","publisher":{"@id":"https:\/\/www.suno.com.br\/noticias\/#organization"},"potentialAction":[{"@type":"SearchAction","target":{"@type":"EntryPoint","urlTemplate":"https:\/\/www.suno.com.br\/noticias\/?s={search_term_string}"},"query-input":{"@type":"PropertyValueSpecification","valueRequired":true,"valueName":"search_term_string"}}],"inLanguage":"pt-BR"},{"@type":"Organization","@id":"https:\/\/www.suno.com.br\/noticias\/#organization","name":"Suno Not\u00edcias","url":"https:\/\/www.suno.com.br\/noticias\/","logo":{"@type":"ImageObject","inLanguage":"pt-BR","@id":"https:\/\/www.suno.com.br\/noticias\/#\/schema\/logo\/image\/","url":"https:\/\/files.sunoresearch.com.br\/n\/uploads\/2021\/09\/suno-logo.png","contentUrl":"https:\/\/files.sunoresearch.com.br\/n\/uploads\/2021\/09\/suno-logo.png","width":180,"height":180,"caption":"Suno Not\u00edcias"},"image":{"@id":"https:\/\/www.suno.com.br\/noticias\/#\/schema\/logo\/image\/"},"sameAs":["https:\/\/facebook.com\/sunoresearch","https:\/\/x.com\/sunoresearch","https:\/\/www.instagram.com\/suno","https:\/\/www.linkedin.com\/company\/suno-research\/","https:\/\/www.youtube.com\/c\/sunoresearch"]},{"@type":"Person","@id":"https:\/\/www.suno.com.br\/noticias\/#\/schema\/person\/02ec1f752758247878a2bf4abee1aeda","name":"Poliana Santos","image":{"@type":"ImageObject","inLanguage":"pt-BR","@id":"https:\/\/www.suno.com.br\/noticias\/#\/schema\/person\/image\/","url":"https:\/\/secure.gravatar.com\/avatar\/0645bd32f23d87b2130f2b2dff1d3f8d?s=96&r=g","contentUrl":"https:\/\/secure.gravatar.com\/avatar\/0645bd32f23d87b2130f2b2dff1d3f8d?s=96&r=g","caption":"Poliana Santos"},"description":"Rep\u00f3rter no Suno Not\u00edcias, com cobertura em mercado financeiro, economia, finan\u00e7as pessoais, renda fixa e varejo. Jornalista formada pela Faculdade C\u00e1sper L\u00edbero e possui passagem na R\u00e1dio Gazeta AM com a produ\u00e7\u00e3o de conte\u00fado sobre economia, pol\u00edtica, sa\u00fade, moda e m\u00fasica. Possui certificado de conclus\u00e3o do curso de An\u00e1lise de Balan\u00e7os pela Funda\u00e7\u00e3o Bradesco, Agenda Brasil pela FAAP, Educa\u00e7\u00e3o Pol\u00edtica por Alexandre Garcia e do Tesouro Direto e Mercado de A\u00e7\u00f5es pela B3.","url":"https:\/\/www.suno.com.br\/noticias\/author\/poliana-santos\/"}]}},"default_loop_html":"<div class=\"cardsPage__listCard__boxs\"><div class=\"cardsPage__listCard__boxs__img\"><a href=\"https:\/\/www.suno.com.br\/noticias\/vacina-pfizer-biontech-solicitam-aprovacao-emergencial\/\"><img class=\"mask\" src=\"https:\/\/www.suno.com.br\/noticias\/wp-content\/themes\/suno\/resources\/images\/spotlight\/spotlight1img\/bg-mask.png\" alt=\"Image Mask\"\/><img src=\"https:\/\/files.sunoresearch.com.br\/n\/uploads\/2020\/06\/3351c595-vacina-divulga\u00e7\u00e3o-400x200.webp\" alt=\"Pfizer e BioNTech solicitam aprova\u00e7\u00e3o emergencial da vacina nos EUA\"\/><\/a><span class=\"spotlightCategory\"><a href=\"https:\/\/www.suno.com.br\/noticias\/internacional\/\">Internacional<\/a><\/span><\/div><div class=\"cardsPage__listCard__boxs__content\"><a href=\"https:\/\/www.suno.com.br\/noticias\/vacina-pfizer-biontech-solicitam-aprovacao-emergencial\/\"><h2 class=\"content__title\">Pfizer e BioNTech solicitam aprova\u00e7\u00e3o emergencial da vacina nos EUA<\/h2><\/a><div class=\"newsContent__article__meta\"><div class=\"newsContent__article__meta__authorBox\"><a href=\"https:\/\/www.suno.com.br\/noticias\/author\/poliana-santos\/\" class=\"authorBox__avatar noMobi\"><img src=\"https:\/\/files.sunoresearch.com.br\/n\/uploads\/2020\/08\/7ef34026-whatsapp-image-2020-08-03-at-12.37.57-150x150.webp\" alt=\"Poliana Santos\"><\/a><div class=\"authorBox__name\"><span>por\n\t\t\t<a href=\"https:\/\/www.suno.com.br\/noticias\/author\/poliana-santos\/\"><span itemprop=\"author\">Poliana Santos<\/span><\/a><\/span><time datetime=\"2020-11-20T14:33:01-03:00\" itemprop=\"datePublished\">20\/11\/2020 14:33<\/time><\/div><\/div><\/div><\/div><\/div>","single_layout":"posts","amp_enabled":true,"_links":{"self":[{"href":"https:\/\/www.suno.com.br\/noticias\/wp-json\/wp\/v2\/posts\/102011"}],"collection":[{"href":"https:\/\/www.suno.com.br\/noticias\/wp-json\/wp\/v2\/posts"}],"about":[{"href":"https:\/\/www.suno.com.br\/noticias\/wp-json\/wp\/v2\/types\/post"}],"author":[{"embeddable":true,"href":"https:\/\/www.suno.com.br\/noticias\/wp-json\/wp\/v2\/users\/15"}],"replies":[{"embeddable":true,"href":"https:\/\/www.suno.com.br\/noticias\/wp-json\/wp\/v2\/comments?post=102011"}],"version-history":[{"count":0,"href":"https:\/\/www.suno.com.br\/noticias\/wp-json\/wp\/v2\/posts\/102011\/revisions"}],"wp:featuredmedia":[{"embeddable":true,"href":"https:\/\/www.suno.com.br\/noticias\/wp-json\/wp\/v2\/media\/70007"}],"wp:attachment":[{"href":"https:\/\/www.suno.com.br\/noticias\/wp-json\/wp\/v2\/media?parent=102011"}],"wp:term":[{"taxonomy":"category","embeddable":true,"href":"https:\/\/www.suno.com.br\/noticias\/wp-json\/wp\/v2\/categories?post=102011"},{"taxonomy":"post_tag","embeddable":true,"href":"https:\/\/www.suno.com.br\/noticias\/wp-json\/wp\/v2\/tags?post=102011"},{"taxonomy":"suno_strategy","embeddable":true,"href":"https:\/\/www.suno.com.br\/noticias\/wp-json\/wp\/v2\/suno_strategy?post=102011"}],"curies":[{"name":"wp","href":"https:\/\/api.w.org\/{rel}","templated":true}]}}