{"id":101970,"date":"2020-11-20T12:05:42","date_gmt":"2020-11-20T15:05:42","guid":{"rendered":"https:\/\/www.suno.com.br\/noticias\/?p=101970"},"modified":"2021-05-30T12:04:27","modified_gmt":"2021-05-30T15:04:27","slug":"oi-oibr3-oibr4-itau-bb-santander-caixa-venda-ativos","status":"publish","type":"post","link":"https:\/\/www.suno.com.br\/noticias\/oi-oibr3-oibr4-itau-bb-santander-caixa-venda-ativos\/","title":{"rendered":"Oi (OIBR3): Justi\u00e7a nega pedido liminar do Ita\u00fa (ITUB4) contra operadora"},"content":{"rendered":"<p>Em mais um cap\u00edtulo da disputa entre os bancos e a <a href=\"https:\/\/www.suno.com.br\/noticias\/oi-oibr3-vale-pena-investir-veja-perspectivas\/\"><strong>Oi<\/strong> (OIBR3<\/a>;<a href=\"https:\/\/www.suno.com.br\/acoes\/oibr4\/\"> OIBR4)<\/a>, as institui\u00e7\u00f5es financeiras sofreram rev\u00e9s ap\u00f3s a Justi\u00e7a rejeitar o pedido de liminar do <a href=\"https:\/\/www.suno.com.br\/acoes\/itub4\/\">Ita\u00fa (ITUB4)<\/a>, nesta sexta-feira (20), contra o aditamento da <a href=\"https:\/\/www.suno.com.br\/artigos\/recuperacao-judicial\/\">plano de recupera\u00e7\u00e3o judicial (PRJ)<\/a>.<\/p>\t<div class=\"wrapper-featured-image\">\n\t\t<figure class=\"spotlightImg\">\n\n\t\t\t<picture>\n\t\t\t\t<source media=\"(max-width: 768px)\" srcset=\"https:\/\/files.sunoresearch.com.br\/n\/uploads\/2020\/08\/345598e4-oi-400x200.webp\">\n\t\t\t\t<img loading=\"lazy\" decoding=\"async\" class=\"newsContent__article__imgCapa lazyloadDisabled \" src=\"https:\/\/files.sunoresearch.com.br\/n\/uploads\/2020\/08\/345598e4-oi-jpg.webp\" width=\"800\" height=\"450\" alt=\"Oi (OIBR3): Justi\u00e7a nega pedido liminar do Ita\u00fa (ITUB4) contra operadora\" fetchpriority=high \/>\n\t\t\t<\/picture>\n\n\t\t\t<figcaption class=\"wp-caption-text wp-caption-text--show\">Oi (OIBR3): Justi\u00e7a nega pedido liminar do Ita\u00fa (ITUB4) contra operadora<\/figcaption>\n\t\t<\/figure>\n\t<\/div>\n\n\n\t<p>\n\t\t<a href=\"\" target=\"_blank\" data-element=\"shortcode-suno-banner\" title=\"Banner SUNO, clique e saiba mais\">\n\t\t\t<picture>\n\t\t\t\t<source media=\"(max-width: 500px)\" srcset=\"\">\n\t\t\t\t<img class=\"newsContent__article__imgCapa newsContent__article__imgCapa--banner\"\n\t\t\t\t\tsrc=\"\"\n\t\t\t\t\tdata-promo-id=\"101302\"\t\t\t\t\t\t\t\t\t\t\t\t\t\t\talt=\"\"\n\t\t\t\t>\n\t\t\t<\/picture>\n\t\t<\/a>\n\t<\/p>\n\n\n<p>O pedido, apresentado pelos advogados do <strong>Ita\u00fa<\/strong>, consistia em tentar suspender a <a href=\"https:\/\/www.suno.com.br\/noticias\/oi-oibr3-credores-aprovam-aditamento-plano-recuperacao-judicial\/\">decis\u00e3o que homologou o atual plano de recupera\u00e7\u00e3o<\/a> da Oi. Al\u00e9m disso, a institui\u00e7\u00e3o reivindicava a suspens\u00e3o da aliena\u00e7\u00e3o das <strong>Unidades Produtivas Isoladas<\/strong> (UPIs) at\u00e9 o julgamento final do recursos.<\/p>\n<p>Nesta semana, a desembargadora <strong>M\u00f4nica Maria da Costa<\/strong>, da 8\u00aa C\u00e2mara C\u00edvel do Tribunal de Justi\u00e7a do Estado do Rio de Janeiro, tamb\u00e9m rejeitou os pedidos de liminar do <a href=\"https:\/\/www.suno.com.br\/acoes\/bbas3\/\"><strong>Banco do Brasil<\/strong> (BBSA3)<\/a> e do <a href=\"https:\/\/www.suno.com.br\/acoes\/sanb11\/\"><strong>Santander<\/strong> (SANB11)<\/a>. Ambas as institui\u00e7\u00f5es reivindicavam a suspens\u00e3o do ato <strong>distributivo<\/strong> entre credores da <a href=\"https:\/\/www.suno.com.br\/noticias\/oi-oibr3-fecha-exclusividade-vivo-claro-tim-venda-ativos\/\"><strong>venda dos ativos<\/strong><\/a>.<\/p>\n<p><a href=\"https:\/\/lp.suno.com.br\/suno-one\/\">Suno One: acesse gratuitamente eBooks, Minicursos, Artigos e Video Aulas sobre investimentos com um \u00fanico cadastro. Clique para saber mais!<\/a><\/p>\n<p>No documento, obtido pelo jornal &#8220;Valor Econ\u00f4mico&#8221;, sobre o pedido liminar do Ita\u00fa, a desembargadora afirma que &#8220;n\u00e3o h\u00e1 como ser acolhido o pedido de efeito suspensivo formulado, nesse momento processual, sob pena de que a pretens\u00e3o do recorrente, dissociada da vontade <strong>maioria dos credores<\/strong>, amplie o<strong><a href=\"https:\/\/www.suno.com.br\/artigos\/prejuizos-acumulados\/\"> preju\u00edzo<\/a><\/strong>social e econ\u00f4mico, culminando em um cen\u00e1rio pior para todos os sujeitos envolvidos neste processo&#8221;.<\/p>\n<p><iframe loading=\"lazy\" src=\"https:\/\/www.youtube.com\/embed\/dcfogOURnBA\" width=\"560\" height=\"315\" frameborder=\"0\" allowfullscreen=\"allowfullscreen\"><\/iframe><br \/>\nO <strong>Ita\u00fa<\/strong>, <strong>BB<\/strong>, <strong>Santander<\/strong> e <strong>Caixa<\/strong> s\u00e3o os maiores credores da Oi. Os bancos pediram \u00e0 Justi\u00e7a, no m\u00eas passado, a anula\u00e7\u00e3o da Assembleia Geral dos Credores que aconteceu em 8 de setembro. Na reuni\u00e3o, ficou acordada uma mudan\u00e7a na forma de pagamento dos <strong>cr\u00e9ditos<\/strong> devidos aos bancos. As institui\u00e7\u00f5es n\u00e3o concordam com o atual PRJ\u00a0que prop\u00f5e desconto de 55% na <strong>d\u00edvida<\/strong> da operadora com os bancos.<\/p>\n\t<p>\n\t\t<a href=\"\" target=\"_blank\" data-element=\"shortcode-suno-banner\" title=\"Banner SUNO, clique e saiba mais\">\n\t\t\t<picture>\n\t\t\t\t<source media=\"(max-width: 500px)\" srcset=\"\">\n\t\t\t\t<img class=\"newsContent__article__imgCapa newsContent__article__imgCapa--banner\"\n\t\t\t\t\tsrc=\"\"\n\t\t\t\t\tdata-promo-id=\"101302\"\t\t\t\t\t\t\t\t\t\t\t\t\t\t\talt=\"\"\n\t\t\t\t>\n\t\t\t<\/picture>\n\t\t<\/a>\n\t<\/p>\n\n\n<p>Antes da nova vers\u00e3o do PRJ, o valor total da <a href=\"https:\/\/www.suno.com.br\/artigos\/2-importantes-fatores-para-se-analisar-em-relacao-a-divida-de-uma-companhia\/\"><strong>d\u00edvida<\/strong> <\/a>da Oi com as <strong>institui\u00e7\u00f5es financeiras<\/strong> era de R$ 9,3 bilh\u00f5es. No entanto, ap\u00f3s a assembleia, o d\u00e9ficit ficou em R$ 5,1 bilh\u00f5es.<\/p>\n<p>Nas decis\u00f5es sobre os pedidos do <strong>BB<\/strong> e <strong>Santander<\/strong>, a desembargadora havia afirmado que as reivindica\u00e7\u00f5es dos bancos poderiam impactar o mercado e o plano de recupera\u00e7\u00e3o judicial .<\/p>\n<h2>Oi afirma que PRJ foi aprovado pela maioria dos credores.<\/h2>\n<p>Os <strong>bancos<\/strong> est\u00e3o insatisfeitos com a nova vers\u00e3o do plano de recupera\u00e7\u00e3o judicial da Oi, por\u00e9m, a operadora, em nota, afirmou, durante esta semana, que o projeto foi aprovado &#8220;por expressiva maioria de credores&#8221;.<\/p>\n<p>&#8220;A <strong>Oi<\/strong> trabalhou de forma leg\u00edtima e transparente para construir um aditamento ao seu PRJ que lhe permitisse implementar o necess\u00e1rio ajuste de rota e para focar os seus neg\u00f3cios na presta\u00e7\u00e3o de servi\u00e7os de <strong>telecomunica\u00e7\u00e3o<\/strong> via <strong>fibra<\/strong> <strong>\u00f3tica<\/strong> de alta velocidade, juntamente com a oferta de modernos servi\u00e7os digitais e de tecnologia da informa\u00e7\u00e3o&#8221;, comunicou a operadora ao mercado.<\/p>\n\t<div data-element=\"shortcode-read-more\" class=\"knowMore\">\n\t\t\t\t<span class=\"knowMore__title\">Saiba Mais<\/span>\n\t\t\t\t<a class=\"knowMore__link\" href=\"https:\/\/www.suno.com.br\/noticias\/oi-oibr3-oibr5-ativos-vendas-bancos-itau-bb-caixa\/\">\n\t\t\tOi (OIBR3): Bancos pedem \u00e0 Justi\u00e7a suspens\u00e3o da venda de ativos\t\t<\/a>\n\t<\/div>\n\n\n<p>&#8220;Este ajuste de rota foi discutido com todos os seus <strong>credores relevantes<\/strong> que acabaram por acreditar nesta fortaleza da Oi e aprovar o aditamento por ela proposto em AGC, realizada em 8 de setembro deste ano, com participa\u00e7\u00e3o virtual de mais 5 mil credores&#8221;, concluiu o documento.<\/p>\n<p>Ap\u00f3s a not\u00edcia, por volta das 11h50, as <a href=\"https:\/\/www.suno.com.br\/artigos\/tipos-de-acoes\/\">a\u00e7\u00f5es ordin\u00e1rias<\/a> (OIBR3) ca\u00edam a 1,09%, negociadas a R$ 1,81. J\u00e1 as preferenciais (OIBR4) operavam em alta de 0,80%, negociadas a R$ 2,52. Enquanto que o Ibovespa apresentava leve queda de 0,41%, a 106.217,06.<\/p>\n<h2>Venda de ativos<\/h2>\n<p>A Justi\u00e7a j\u00e1 datou os dois <strong>leil\u00f5es<\/strong> da Oi, o primeiro de torres e data centers est\u00e1 marcado para 26 de novembro e o segundo, da opera\u00e7\u00e3o de<strong> telefonia m\u00f3vel<\/strong>, est\u00e1 previsto para <a href=\"https:\/\/www.suno.com.br\/noticias\/oi-leilao-oibr3-oibr4-justica-torres-data-centers-ativos-data-dezembro\/\">14 de dezembro<\/a>.<\/p>\n<p>A operadora estima arrecadar R$ 26,9 bilh\u00f5es com a venda de cinco grandes blocos de ativos. Ademais, R$ 16,5 bilh\u00f5es \u00e9 o valor proposto pelo cons\u00f3rcio formado pelas operadoras <a href=\"https:\/\/www.suno.com.br\/acoes\/vivt4\/\"><strong>Vivo<\/strong> (VIVT4)<\/a>, <a href=\"https:\/\/www.suno.com.br\/acoes\/timp3\/\"><strong>Tim<\/strong> (TIMS3)<\/a> e <strong>Claro<\/strong> pelos ativos de telefonia m\u00f3vel.<\/p>\n\t<div data-element=\"shortcode-read-more\" class=\"knowMore\">\n\t\t\t\t<span class=\"knowMore__title\">Veja Tamb\u00e9m<\/span>\n\t\t\t\t<a class=\"knowMore__link\" href=\"https:\/\/www.suno.com.br\/noticias\/oi-oibr3-vale-pena-investir-veja-perspectivas\/\">\n\t\t\tOi (OIBR3): vale a pena comprar a a\u00e7\u00e3o? Confira as perspectivas\t\t<\/a>\n\t<\/div>\n\n\n<p>Em setembro, ap\u00f3s a assembleia, ficou acordado que o atual plano prev\u00ea a venda de redes m\u00f3veis, torres, data centers e parte da rede de fibra \u00f3tica. Os recursos obtidos por meio dos leil\u00f5es\u00a0 da <strong>Oi<\/strong> ser\u00e3o destinados a pagamentos antecipado de d\u00edvidas, com cortes dos valores na faixa de 50% a 55%.<\/p>\n\t<p>\n\t\t<a href=\"https:\/\/lp.suno.com.br\/planilha-de-controle-de-investimentos\/\" target=\"_blank\" data-element=\"shortcode-suno-banner\" title=\"Banner SUNO, clique e saiba mais\">\n\t\t\t<picture>\n\t\t\t\t<source media=\"(max-width: 500px)\" srcset=\"https:\/\/files.sunoresearch.com.br\/n\/uploads\/2023\/03\/400x300-Controle-de-Investimentos.png\">\n\t\t\t\t<img class=\"newsContent__article__imgCapa newsContent__article__imgCapa--banner\"\n\t\t\t\t\tsrc=\"https:\/\/files.sunoresearch.com.br\/n\/uploads\/2023\/03\/1420x240-Controle-de-Investimentos.png\"\n\t\t\t\t\tdata-promo-id=\"75934\"\t\t\t\t\t\t\t\t\t\twidth='1420' height='240'\t\t\t\t\talt=\"https:\/\/files.sunoresearch.com.br\/n\/uploads\/2023\/03\/1420x240-Controle-de-Investimentos.png\"\n\t\t\t\t>\n\t\t\t<\/picture>\n\t\t<\/a>\n\t<\/p>\n\n\n","protected":false},"excerpt":{"rendered":"<p>Em mais um cap\u00edtulo da disputa entre os bancos e a Oi (OIBR3; OIBR4), as institui\u00e7\u00f5es financeiras sofreram rev\u00e9s ap\u00f3s a Justi\u00e7a rejeitar o pedido de liminar do Ita\u00fa (ITUB4), nesta sexta-feira (20), contra o aditamento da plano de recupera\u00e7\u00e3o judicial (PRJ). Oi (OIBR3): Justi\u00e7a nega pedido liminar do Ita\u00fa (ITUB4) contra operadora O pedido, [&hellip;]<\/p>\n","protected":false},"author":15,"featured_media":77251,"comment_status":"closed","ping_status":"closed","sticky":false,"template":"","format":"standard","meta":[],"categories":[64],"tags":[732,519,584,3544,624],"suno_strategy":[],"class_list":["post-101970","post","type-post","status-publish","format-standard","has-post-thumbnail","hentry","category-negocios","tag-banco-do-brasil-bbas3","tag-itau-unibanco-itub3-itub4","tag-oi-oibr3-oibr4","tag-oi-movel","tag-santander-sanb11-sanb3-sanb4"],"yoast_head":"<!-- This site is optimized with the Yoast SEO plugin v24.4 - https:\/\/yoast.com\/wordpress\/plugins\/seo\/ -->\n<title>Oi (OIBR3): Justi\u00e7a nega pedido liminar do Ita\u00fa (ITUB4) contra operadora<\/title>\n<meta name=\"description\" content=\"Em mais um cap\u00edtulo da disputa entre os bancos e a Oi (OIBR3), as institui\u00e7\u00f5es financeiras sofreram rev\u00e9s. Clique aqui e entenda\" \/>\n<meta name=\"robots\" content=\"index, follow, max-snippet:-1, max-image-preview:large, max-video-preview:-1\" \/>\n<link rel=\"canonical\" href=\"https:\/\/www.suno.com.br\/noticias\/oi-oibr3-oibr4-itau-bb-santander-caixa-venda-ativos\/\" \/>\n<meta property=\"og:locale\" content=\"pt_BR\" \/>\n<meta property=\"og:type\" content=\"article\" \/>\n<meta property=\"og:title\" content=\"Oi (OIBR3): Justi\u00e7a nega pedido liminar do Ita\u00fa (ITUB4) contra operadora\" \/>\n<meta property=\"og:description\" content=\"Em mais um cap\u00edtulo da disputa entre os bancos e a Oi (OIBR3), as institui\u00e7\u00f5es financeiras sofreram rev\u00e9s. Clique aqui e entenda\" \/>\n<meta property=\"og:url\" content=\"https:\/\/www.suno.com.br\/noticias\/oi-oibr3-oibr4-itau-bb-santander-caixa-venda-ativos\/\" \/>\n<meta property=\"og:site_name\" content=\"Suno Not\u00edcias\" \/>\n<meta property=\"article:publisher\" content=\"https:\/\/facebook.com\/sunoresearch\" \/>\n<meta property=\"og:image\" content=\"https:\/\/files.sunoresearch.com.br\/n\/uploads\/2020\/08\/345598e4-oi.jpg\" \/>\n\t<meta property=\"og:image:width\" content=\"696\" \/>\n\t<meta property=\"og:image:height\" content=\"464\" \/>\n\t<meta property=\"og:image:type\" content=\"image\/jpeg\" \/>\n<meta name=\"author\" content=\"Poliana Santos\" \/>\n<meta name=\"twitter:card\" content=\"summary_large_image\" \/>\n<meta name=\"twitter:creator\" content=\"@sunoresearch\" \/>\n<meta name=\"twitter:site\" content=\"@sunoresearch\" \/>\n<meta name=\"twitter:label1\" content=\"Escrito por\" \/>\n\t<meta name=\"twitter:data1\" content=\"Poliana Santos\" \/>\n\t<meta name=\"twitter:label2\" content=\"Est. tempo de leitura\" \/>\n\t<meta name=\"twitter:data2\" content=\"4 minutos\" \/>\n<script type=\"application\/ld+json\" class=\"yoast-schema-graph\">{\"@context\":\"https:\/\/schema.org\",\"@graph\":[{\"@type\":\"NewsArticle\",\"@id\":\"https:\/\/www.suno.com.br\/noticias\/oi-oibr3-oibr4-itau-bb-santander-caixa-venda-ativos\/#article\",\"isPartOf\":{\"@id\":\"https:\/\/www.suno.com.br\/noticias\/oi-oibr3-oibr4-itau-bb-santander-caixa-venda-ativos\/\"},\"author\":{\"name\":\"Poliana Santos\",\"@id\":\"https:\/\/www.suno.com.br\/noticias\/#\/schema\/person\/02ec1f752758247878a2bf4abee1aeda\"},\"headline\":\"Oi (OIBR3): Justi\u00e7a nega pedido liminar do Ita\u00fa (ITUB4) contra operadora\",\"datePublished\":\"2020-11-20T15:05:42+00:00\",\"dateModified\":\"2021-05-30T15:04:27+00:00\",\"mainEntityOfPage\":{\"@id\":\"https:\/\/www.suno.com.br\/noticias\/oi-oibr3-oibr4-itau-bb-santander-caixa-venda-ativos\/\"},\"wordCount\":765,\"publisher\":{\"@id\":\"https:\/\/www.suno.com.br\/noticias\/#organization\"},\"image\":{\"@id\":\"https:\/\/www.suno.com.br\/noticias\/oi-oibr3-oibr4-itau-bb-santander-caixa-venda-ativos\/#primaryimage\"},\"thumbnailUrl\":\"https:\/\/files.sunoresearch.com.br\/n\/uploads\/2020\/08\/345598e4-oi-jpg.webp\",\"keywords\":[\"Banco do Brasil (BBAS3)\",\"Ita\u00fa Unibanco (ITUB3\/ITUB4)\",\"Oi (OIBR3\/OIBR4)\",\"Oi M\u00f3vel\",\"Santander (SANB11\/SANB3\/SANB4)\"],\"articleSection\":[\"Neg\u00f3cios\"],\"inLanguage\":\"pt-BR\"},{\"@type\":\"WebPage\",\"@id\":\"https:\/\/www.suno.com.br\/noticias\/oi-oibr3-oibr4-itau-bb-santander-caixa-venda-ativos\/\",\"url\":\"https:\/\/www.suno.com.br\/noticias\/oi-oibr3-oibr4-itau-bb-santander-caixa-venda-ativos\/\",\"name\":\"Oi (OIBR3): Justi\u00e7a nega pedido liminar do Ita\u00fa (ITUB4) contra operadora\",\"isPartOf\":{\"@id\":\"https:\/\/www.suno.com.br\/noticias\/#website\"},\"primaryImageOfPage\":{\"@id\":\"https:\/\/www.suno.com.br\/noticias\/oi-oibr3-oibr4-itau-bb-santander-caixa-venda-ativos\/#primaryimage\"},\"image\":{\"@id\":\"https:\/\/www.suno.com.br\/noticias\/oi-oibr3-oibr4-itau-bb-santander-caixa-venda-ativos\/#primaryimage\"},\"thumbnailUrl\":\"https:\/\/files.sunoresearch.com.br\/n\/uploads\/2020\/08\/345598e4-oi-jpg.webp\",\"datePublished\":\"2020-11-20T15:05:42+00:00\",\"dateModified\":\"2021-05-30T15:04:27+00:00\",\"description\":\"Em mais um cap\u00edtulo da disputa entre os bancos e a Oi (OIBR3), as institui\u00e7\u00f5es financeiras sofreram rev\u00e9s. Clique aqui e entenda\",\"breadcrumb\":{\"@id\":\"https:\/\/www.suno.com.br\/noticias\/oi-oibr3-oibr4-itau-bb-santander-caixa-venda-ativos\/#breadcrumb\"},\"inLanguage\":\"pt-BR\",\"potentialAction\":[{\"@type\":\"ReadAction\",\"target\":[\"https:\/\/www.suno.com.br\/noticias\/oi-oibr3-oibr4-itau-bb-santander-caixa-venda-ativos\/\"]}]},{\"@type\":\"ImageObject\",\"inLanguage\":\"pt-BR\",\"@id\":\"https:\/\/www.suno.com.br\/noticias\/oi-oibr3-oibr4-itau-bb-santander-caixa-venda-ativos\/#primaryimage\",\"url\":\"https:\/\/files.sunoresearch.com.br\/n\/uploads\/2020\/08\/345598e4-oi-jpg.webp\",\"contentUrl\":\"https:\/\/files.sunoresearch.com.br\/n\/uploads\/2020\/08\/345598e4-oi-jpg.webp\",\"width\":696,\"height\":464,\"caption\":\"Oi (OIBR3): Justi\u00e7a nega pedido liminar do Ita\u00fa (ITUB4) contra operadora\"},{\"@type\":\"BreadcrumbList\",\"@id\":\"https:\/\/www.suno.com.br\/noticias\/oi-oibr3-oibr4-itau-bb-santander-caixa-venda-ativos\/#breadcrumb\",\"itemListElement\":[{\"@type\":\"ListItem\",\"position\":1,\"name\":\"Not\u00edcias\",\"item\":\"https:\/\/www.suno.com.br\/noticias\/\"},{\"@type\":\"ListItem\",\"position\":2,\"name\":\"Neg\u00f3cios\",\"item\":\"https:\/\/www.suno.com.br\/noticias\/negocios\/\"},{\"@type\":\"ListItem\",\"position\":3,\"name\":\"Oi (OIBR3): Justi\u00e7a nega pedido liminar do Ita\u00fa (ITUB4) contra operadora\"}]},{\"@type\":\"WebSite\",\"@id\":\"https:\/\/www.suno.com.br\/noticias\/#website\",\"url\":\"https:\/\/www.suno.com.br\/noticias\/\",\"name\":\"Suno Not\u00edcias\",\"description\":\"Seu portal de informa\u00e7\u00e3o sobre o mundo dos investimentos\",\"publisher\":{\"@id\":\"https:\/\/www.suno.com.br\/noticias\/#organization\"},\"potentialAction\":[{\"@type\":\"SearchAction\",\"target\":{\"@type\":\"EntryPoint\",\"urlTemplate\":\"https:\/\/www.suno.com.br\/noticias\/?s={search_term_string}\"},\"query-input\":{\"@type\":\"PropertyValueSpecification\",\"valueRequired\":true,\"valueName\":\"search_term_string\"}}],\"inLanguage\":\"pt-BR\"},{\"@type\":\"Organization\",\"@id\":\"https:\/\/www.suno.com.br\/noticias\/#organization\",\"name\":\"Suno Not\u00edcias\",\"url\":\"https:\/\/www.suno.com.br\/noticias\/\",\"logo\":{\"@type\":\"ImageObject\",\"inLanguage\":\"pt-BR\",\"@id\":\"https:\/\/www.suno.com.br\/noticias\/#\/schema\/logo\/image\/\",\"url\":\"https:\/\/files.sunoresearch.com.br\/n\/uploads\/2021\/09\/suno-logo.png\",\"contentUrl\":\"https:\/\/files.sunoresearch.com.br\/n\/uploads\/2021\/09\/suno-logo.png\",\"width\":180,\"height\":180,\"caption\":\"Suno Not\u00edcias\"},\"image\":{\"@id\":\"https:\/\/www.suno.com.br\/noticias\/#\/schema\/logo\/image\/\"},\"sameAs\":[\"https:\/\/facebook.com\/sunoresearch\",\"https:\/\/x.com\/sunoresearch\",\"https:\/\/www.instagram.com\/suno\",\"https:\/\/www.linkedin.com\/company\/suno-research\/\",\"https:\/\/www.youtube.com\/c\/sunoresearch\"]},{\"@type\":\"Person\",\"@id\":\"https:\/\/www.suno.com.br\/noticias\/#\/schema\/person\/02ec1f752758247878a2bf4abee1aeda\",\"name\":\"Poliana Santos\",\"image\":{\"@type\":\"ImageObject\",\"inLanguage\":\"pt-BR\",\"@id\":\"https:\/\/www.suno.com.br\/noticias\/#\/schema\/person\/image\/\",\"url\":\"https:\/\/secure.gravatar.com\/avatar\/0645bd32f23d87b2130f2b2dff1d3f8d?s=96&r=g\",\"contentUrl\":\"https:\/\/secure.gravatar.com\/avatar\/0645bd32f23d87b2130f2b2dff1d3f8d?s=96&r=g\",\"caption\":\"Poliana Santos\"},\"description\":\"Rep\u00f3rter no Suno Not\u00edcias, com cobertura em mercado financeiro, economia, finan\u00e7as pessoais, renda fixa e varejo. Jornalista formada pela Faculdade C\u00e1sper L\u00edbero e possui passagem na R\u00e1dio Gazeta AM com a produ\u00e7\u00e3o de conte\u00fado sobre economia, pol\u00edtica, sa\u00fade, moda e m\u00fasica. Possui certificado de conclus\u00e3o do curso de An\u00e1lise de Balan\u00e7os pela Funda\u00e7\u00e3o Bradesco, Agenda Brasil pela FAAP, Educa\u00e7\u00e3o Pol\u00edtica por Alexandre Garcia e do Tesouro Direto e Mercado de A\u00e7\u00f5es pela B3.\",\"url\":\"https:\/\/www.suno.com.br\/noticias\/author\/poliana-santos\/\"}]}<\/script>\n<!-- \/ Yoast SEO plugin. -->","yoast_head_json":{"title":"Oi (OIBR3): Justi\u00e7a nega pedido liminar do Ita\u00fa (ITUB4) contra operadora","description":"Em mais um cap\u00edtulo da disputa entre os bancos e a Oi (OIBR3), as institui\u00e7\u00f5es financeiras sofreram rev\u00e9s. Clique aqui e entenda","robots":{"index":"index","follow":"follow","max-snippet":"max-snippet:-1","max-image-preview":"max-image-preview:large","max-video-preview":"max-video-preview:-1"},"canonical":"https:\/\/www.suno.com.br\/noticias\/oi-oibr3-oibr4-itau-bb-santander-caixa-venda-ativos\/","og_locale":"pt_BR","og_type":"article","og_title":"Oi (OIBR3): Justi\u00e7a nega pedido liminar do Ita\u00fa (ITUB4) contra operadora","og_description":"Em mais um cap\u00edtulo da disputa entre os bancos e a Oi (OIBR3), as institui\u00e7\u00f5es financeiras sofreram rev\u00e9s. Clique aqui e entenda","og_url":"https:\/\/www.suno.com.br\/noticias\/oi-oibr3-oibr4-itau-bb-santander-caixa-venda-ativos\/","og_site_name":"Suno Not\u00edcias","article_publisher":"https:\/\/facebook.com\/sunoresearch","og_image":[{"width":696,"height":464,"url":"https:\/\/files.sunoresearch.com.br\/n\/uploads\/2020\/08\/345598e4-oi.jpg","type":"image\/jpeg"}],"author":"Poliana Santos","twitter_card":"summary_large_image","twitter_creator":"@sunoresearch","twitter_site":"@sunoresearch","twitter_misc":{"Escrito por":"Poliana Santos","Est. tempo de leitura":"4 minutos"},"schema":{"@context":"https:\/\/schema.org","@graph":[{"@type":"NewsArticle","@id":"https:\/\/www.suno.com.br\/noticias\/oi-oibr3-oibr4-itau-bb-santander-caixa-venda-ativos\/#article","isPartOf":{"@id":"https:\/\/www.suno.com.br\/noticias\/oi-oibr3-oibr4-itau-bb-santander-caixa-venda-ativos\/"},"author":{"name":"Poliana Santos","@id":"https:\/\/www.suno.com.br\/noticias\/#\/schema\/person\/02ec1f752758247878a2bf4abee1aeda"},"headline":"Oi (OIBR3): Justi\u00e7a nega pedido liminar do Ita\u00fa (ITUB4) contra operadora","datePublished":"2020-11-20T15:05:42+00:00","dateModified":"2021-05-30T15:04:27+00:00","mainEntityOfPage":{"@id":"https:\/\/www.suno.com.br\/noticias\/oi-oibr3-oibr4-itau-bb-santander-caixa-venda-ativos\/"},"wordCount":765,"publisher":{"@id":"https:\/\/www.suno.com.br\/noticias\/#organization"},"image":{"@id":"https:\/\/www.suno.com.br\/noticias\/oi-oibr3-oibr4-itau-bb-santander-caixa-venda-ativos\/#primaryimage"},"thumbnailUrl":"https:\/\/files.sunoresearch.com.br\/n\/uploads\/2020\/08\/345598e4-oi-jpg.webp","keywords":["Banco do Brasil (BBAS3)","Ita\u00fa Unibanco (ITUB3\/ITUB4)","Oi (OIBR3\/OIBR4)","Oi M\u00f3vel","Santander (SANB11\/SANB3\/SANB4)"],"articleSection":["Neg\u00f3cios"],"inLanguage":"pt-BR"},{"@type":"WebPage","@id":"https:\/\/www.suno.com.br\/noticias\/oi-oibr3-oibr4-itau-bb-santander-caixa-venda-ativos\/","url":"https:\/\/www.suno.com.br\/noticias\/oi-oibr3-oibr4-itau-bb-santander-caixa-venda-ativos\/","name":"Oi (OIBR3): Justi\u00e7a nega pedido liminar do Ita\u00fa (ITUB4) contra operadora","isPartOf":{"@id":"https:\/\/www.suno.com.br\/noticias\/#website"},"primaryImageOfPage":{"@id":"https:\/\/www.suno.com.br\/noticias\/oi-oibr3-oibr4-itau-bb-santander-caixa-venda-ativos\/#primaryimage"},"image":{"@id":"https:\/\/www.suno.com.br\/noticias\/oi-oibr3-oibr4-itau-bb-santander-caixa-venda-ativos\/#primaryimage"},"thumbnailUrl":"https:\/\/files.sunoresearch.com.br\/n\/uploads\/2020\/08\/345598e4-oi-jpg.webp","datePublished":"2020-11-20T15:05:42+00:00","dateModified":"2021-05-30T15:04:27+00:00","description":"Em mais um cap\u00edtulo da disputa entre os bancos e a Oi (OIBR3), as institui\u00e7\u00f5es financeiras sofreram rev\u00e9s. Clique aqui e entenda","breadcrumb":{"@id":"https:\/\/www.suno.com.br\/noticias\/oi-oibr3-oibr4-itau-bb-santander-caixa-venda-ativos\/#breadcrumb"},"inLanguage":"pt-BR","potentialAction":[{"@type":"ReadAction","target":["https:\/\/www.suno.com.br\/noticias\/oi-oibr3-oibr4-itau-bb-santander-caixa-venda-ativos\/"]}]},{"@type":"ImageObject","inLanguage":"pt-BR","@id":"https:\/\/www.suno.com.br\/noticias\/oi-oibr3-oibr4-itau-bb-santander-caixa-venda-ativos\/#primaryimage","url":"https:\/\/files.sunoresearch.com.br\/n\/uploads\/2020\/08\/345598e4-oi-jpg.webp","contentUrl":"https:\/\/files.sunoresearch.com.br\/n\/uploads\/2020\/08\/345598e4-oi-jpg.webp","width":696,"height":464,"caption":"Oi (OIBR3): Justi\u00e7a nega pedido liminar do Ita\u00fa (ITUB4) contra operadora"},{"@type":"BreadcrumbList","@id":"https:\/\/www.suno.com.br\/noticias\/oi-oibr3-oibr4-itau-bb-santander-caixa-venda-ativos\/#breadcrumb","itemListElement":[{"@type":"ListItem","position":1,"name":"Not\u00edcias","item":"https:\/\/www.suno.com.br\/noticias\/"},{"@type":"ListItem","position":2,"name":"Neg\u00f3cios","item":"https:\/\/www.suno.com.br\/noticias\/negocios\/"},{"@type":"ListItem","position":3,"name":"Oi (OIBR3): Justi\u00e7a nega pedido liminar do Ita\u00fa (ITUB4) contra operadora"}]},{"@type":"WebSite","@id":"https:\/\/www.suno.com.br\/noticias\/#website","url":"https:\/\/www.suno.com.br\/noticias\/","name":"Suno Not\u00edcias","description":"Seu portal de informa\u00e7\u00e3o sobre o mundo dos investimentos","publisher":{"@id":"https:\/\/www.suno.com.br\/noticias\/#organization"},"potentialAction":[{"@type":"SearchAction","target":{"@type":"EntryPoint","urlTemplate":"https:\/\/www.suno.com.br\/noticias\/?s={search_term_string}"},"query-input":{"@type":"PropertyValueSpecification","valueRequired":true,"valueName":"search_term_string"}}],"inLanguage":"pt-BR"},{"@type":"Organization","@id":"https:\/\/www.suno.com.br\/noticias\/#organization","name":"Suno Not\u00edcias","url":"https:\/\/www.suno.com.br\/noticias\/","logo":{"@type":"ImageObject","inLanguage":"pt-BR","@id":"https:\/\/www.suno.com.br\/noticias\/#\/schema\/logo\/image\/","url":"https:\/\/files.sunoresearch.com.br\/n\/uploads\/2021\/09\/suno-logo.png","contentUrl":"https:\/\/files.sunoresearch.com.br\/n\/uploads\/2021\/09\/suno-logo.png","width":180,"height":180,"caption":"Suno Not\u00edcias"},"image":{"@id":"https:\/\/www.suno.com.br\/noticias\/#\/schema\/logo\/image\/"},"sameAs":["https:\/\/facebook.com\/sunoresearch","https:\/\/x.com\/sunoresearch","https:\/\/www.instagram.com\/suno","https:\/\/www.linkedin.com\/company\/suno-research\/","https:\/\/www.youtube.com\/c\/sunoresearch"]},{"@type":"Person","@id":"https:\/\/www.suno.com.br\/noticias\/#\/schema\/person\/02ec1f752758247878a2bf4abee1aeda","name":"Poliana Santos","image":{"@type":"ImageObject","inLanguage":"pt-BR","@id":"https:\/\/www.suno.com.br\/noticias\/#\/schema\/person\/image\/","url":"https:\/\/secure.gravatar.com\/avatar\/0645bd32f23d87b2130f2b2dff1d3f8d?s=96&r=g","contentUrl":"https:\/\/secure.gravatar.com\/avatar\/0645bd32f23d87b2130f2b2dff1d3f8d?s=96&r=g","caption":"Poliana Santos"},"description":"Rep\u00f3rter no Suno Not\u00edcias, com cobertura em mercado financeiro, economia, finan\u00e7as pessoais, renda fixa e varejo. Jornalista formada pela Faculdade C\u00e1sper L\u00edbero e possui passagem na R\u00e1dio Gazeta AM com a produ\u00e7\u00e3o de conte\u00fado sobre economia, pol\u00edtica, sa\u00fade, moda e m\u00fasica. Possui certificado de conclus\u00e3o do curso de An\u00e1lise de Balan\u00e7os pela Funda\u00e7\u00e3o Bradesco, Agenda Brasil pela FAAP, Educa\u00e7\u00e3o Pol\u00edtica por Alexandre Garcia e do Tesouro Direto e Mercado de A\u00e7\u00f5es pela B3.","url":"https:\/\/www.suno.com.br\/noticias\/author\/poliana-santos\/"}]}},"default_loop_html":"<div class=\"cardsPage__listCard__boxs\"><div class=\"cardsPage__listCard__boxs__img\"><a href=\"https:\/\/www.suno.com.br\/noticias\/oi-oibr3-oibr4-itau-bb-santander-caixa-venda-ativos\/\"><img class=\"mask\" src=\"https:\/\/www.suno.com.br\/noticias\/wp-content\/themes\/suno\/resources\/images\/spotlight\/spotlight1img\/bg-mask.png\" alt=\"Image Mask\"\/><img src=\"https:\/\/files.sunoresearch.com.br\/n\/uploads\/2020\/08\/345598e4-oi-400x200.webp\" alt=\"Oi (OIBR3): Justi\u00e7a nega pedido liminar do Ita\u00fa (ITUB4) contra operadora\"\/><\/a><span class=\"spotlightCategory\"><a href=\"https:\/\/www.suno.com.br\/noticias\/negocios\/\">Neg\u00f3cios<\/a><\/span><\/div><div class=\"cardsPage__listCard__boxs__content\"><a href=\"https:\/\/www.suno.com.br\/noticias\/oi-oibr3-oibr4-itau-bb-santander-caixa-venda-ativos\/\"><h2 class=\"content__title\">Oi (OIBR3): Justi\u00e7a nega pedido liminar do Ita\u00fa (ITUB4) contra operadora<\/h2><\/a><div class=\"newsContent__article__meta\"><div class=\"newsContent__article__meta__authorBox\"><a href=\"https:\/\/www.suno.com.br\/noticias\/author\/poliana-santos\/\" class=\"authorBox__avatar noMobi\"><img src=\"https:\/\/files.sunoresearch.com.br\/n\/uploads\/2020\/08\/7ef34026-whatsapp-image-2020-08-03-at-12.37.57-150x150.webp\" alt=\"Poliana Santos\"><\/a><div class=\"authorBox__name\"><span>por\n\t\t\t<a href=\"https:\/\/www.suno.com.br\/noticias\/author\/poliana-santos\/\"><span itemprop=\"author\">Poliana Santos<\/span><\/a><\/span><time datetime=\"2020-11-20T12:05:42-03:00\" itemprop=\"datePublished\">20\/11\/2020 12:05<\/time><\/div><\/div><\/div><\/div><\/div>","single_layout":"posts","amp_enabled":true,"_links":{"self":[{"href":"https:\/\/www.suno.com.br\/noticias\/wp-json\/wp\/v2\/posts\/101970"}],"collection":[{"href":"https:\/\/www.suno.com.br\/noticias\/wp-json\/wp\/v2\/posts"}],"about":[{"href":"https:\/\/www.suno.com.br\/noticias\/wp-json\/wp\/v2\/types\/post"}],"author":[{"embeddable":true,"href":"https:\/\/www.suno.com.br\/noticias\/wp-json\/wp\/v2\/users\/15"}],"replies":[{"embeddable":true,"href":"https:\/\/www.suno.com.br\/noticias\/wp-json\/wp\/v2\/comments?post=101970"}],"version-history":[{"count":1,"href":"https:\/\/www.suno.com.br\/noticias\/wp-json\/wp\/v2\/posts\/101970\/revisions"}],"predecessor-version":[{"id":152323,"href":"https:\/\/www.suno.com.br\/noticias\/wp-json\/wp\/v2\/posts\/101970\/revisions\/152323"}],"wp:featuredmedia":[{"embeddable":true,"href":"https:\/\/www.suno.com.br\/noticias\/wp-json\/wp\/v2\/media\/77251"}],"wp:attachment":[{"href":"https:\/\/www.suno.com.br\/noticias\/wp-json\/wp\/v2\/media?parent=101970"}],"wp:term":[{"taxonomy":"category","embeddable":true,"href":"https:\/\/www.suno.com.br\/noticias\/wp-json\/wp\/v2\/categories?post=101970"},{"taxonomy":"post_tag","embeddable":true,"href":"https:\/\/www.suno.com.br\/noticias\/wp-json\/wp\/v2\/tags?post=101970"},{"taxonomy":"suno_strategy","embeddable":true,"href":"https:\/\/www.suno.com.br\/noticias\/wp-json\/wp\/v2\/suno_strategy?post=101970"}],"curies":[{"name":"wp","href":"https:\/\/api.w.org\/{rel}","templated":true}]}}