{"id":101911,"date":"2020-11-20T19:12:16","date_gmt":"2020-11-20T22:12:16","guid":{"rendered":"https:\/\/www.suno.com.br\/noticias\/?p=101911"},"modified":"2020-11-20T19:12:16","modified_gmt":"2020-11-20T22:12:16","slug":"embraer-edp-brasil-se-unem-aviao-eletrico","status":"publish","type":"post","link":"https:\/\/www.suno.com.br\/noticias\/embraer-edp-brasil-se-unem-aviao-eletrico\/","title":{"rendered":"Embraer (EMBR3) e EDP (ENBR3) se unem para desenvolver avi\u00e3o el\u00e9trico"},"content":{"rendered":"<p>A <a href=\"https:\/\/www.suno.com.br\/acoes\/embr3\/\"><strong>Embraer<\/strong> (EMBR3)<\/a>\u00a0e a <a href=\"https:\/\/www.suno.com.br\/acoes\/enbr3\/\"><strong>EDP Brasil<\/strong> (ENBR3)<\/a> anunciaram nesta sexta-feira (20) uma parceria para pesquisa de avi\u00e3o el\u00e9trico, com a empresa do setor el\u00e9trico realizando um aporte para a aquisi\u00e7\u00e3o da solu\u00e7\u00e3o de tecnologia de armazenamento de energia e recarga do avi\u00e3o demonstrador de tecnologia de propuls\u00e3o 100% el\u00e9trica.<\/p>\t<div class=\"wrapper-featured-image\">\n\t\t<figure class=\"spotlightImg\">\n\n\t\t\t<picture>\n\t\t\t\t<source media=\"(max-width: 768px)\" srcset=\"https:\/\/files.sunoresearch.com.br\/n\/uploads\/2018\/10\/a1f710a0-embraer-1-400x200.webp\">\n\t\t\t\t<img loading=\"lazy\" decoding=\"async\" class=\"newsContent__article__imgCapa lazyloadDisabled \" src=\"https:\/\/files.sunoresearch.com.br\/n\/uploads\/2018\/10\/a1f710a0-embraer-1-800x450.webp\" width=\"800\" height=\"450\" alt=\"Embraer (EMBR3) e EDP (ENBR3) se unem para desenvolver avi\u00e3o el\u00e9trico\" fetchpriority=high \/>\n\t\t\t<\/picture>\n\n\t\t\t<figcaption class=\"wp-caption-text wp-caption-text--show\">Embraer (Foto: Divulga\u00e7\u00e3o)<\/figcaption>\n\t\t<\/figure>\n\t<\/div>\n\n\n\t<p>\n\t\t<a href=\"https:\/\/lp.suno.com.br\/planilha-controle-gastos\/\" target=\"_blank\" data-element=\"shortcode-suno-banner\" title=\"Banner SUNO, clique e saiba mais\">\n\t\t\t<picture>\n\t\t\t\t<source media=\"(max-width: 500px)\" srcset=\"https:\/\/files.sunoresearch.com.br\/n\/uploads\/2023\/03\/400x300-Planilha-controle-de-gastos.png\">\n\t\t\t\t<img class=\"newsContent__article__imgCapa newsContent__article__imgCapa--banner\"\n\t\t\t\t\tsrc=\"https:\/\/files.sunoresearch.com.br\/n\/uploads\/2023\/03\/1420x240-Planilha-controle-de-gastos.png\"\n\t\t\t\t\tdata-promo-id=\"101751\"\t\t\t\t\t\t\t\t\t\twidth='1420' height='240'\t\t\t\t\talt=\"https:\/\/files.sunoresearch.com.br\/n\/uploads\/2023\/03\/1420x240-Planilha-controle-de-gastos.png\"\n\t\t\t\t>\n\t\t\t<\/picture>\n\t\t<\/a>\n\t<\/p>\n\n\n<p>O prot\u00f3tipo do modelo desenvolvido pela Embraer junto \u00e0 EDP Brasil, que usa um EMB-203 Ipanema como plataforma de testes, j\u00e1 est\u00e1 em desenvolvimento e tem o primeiro voo previsto para 2021.<\/p>\n<p>A parceria entre as companhias permitir\u00e1 investigar a aplicabilidade de baterias de alta tens\u00e3o para o sistema de propuls\u00e3o el\u00e9trico de um avi\u00e3o de pequeno porte, al\u00e9m de avaliar suas principais caracter\u00edsticas de opera\u00e7\u00e3o, como peso, efici\u00eancia e qualidade de energia, controle e gerenciamento t\u00e9rmico, ciclagem de carregamento, descarregamento e seguran\u00e7a de opera\u00e7\u00e3o.<\/p>\n\t<p>\n\t\t<a href=\"https:\/\/lp.suno.com.br\/planilha-controle-gastos\/\" target=\"_blank\" data-element=\"shortcode-suno-banner\" title=\"Banner SUNO, clique e saiba mais\">\n\t\t\t<picture>\n\t\t\t\t<source media=\"(max-width: 500px)\" srcset=\"https:\/\/files.sunoresearch.com.br\/n\/uploads\/2023\/03\/400x300-Planilha-controle-de-gastos.png\">\n\t\t\t\t<img class=\"newsContent__article__imgCapa newsContent__article__imgCapa--banner\"\n\t\t\t\t\tsrc=\"https:\/\/files.sunoresearch.com.br\/n\/uploads\/2023\/03\/1420x240-Planilha-controle-de-gastos.png\"\n\t\t\t\t\tdata-promo-id=\"101751\"\t\t\t\t\t\t\t\t\t\twidth='1420' height='240'\t\t\t\t\talt=\"https:\/\/files.sunoresearch.com.br\/n\/uploads\/2023\/03\/1420x240-Planilha-controle-de-gastos.png\"\n\t\t\t\t>\n\t\t\t<\/picture>\n\t\t<\/a>\n\t<\/p>\n\n\n<h2>Parceria d\u00e1 continuidade \u00e0 projeto junto \u00e0 Weg<\/h2>\n<p>De acordo com a fabricante de avi\u00f5es, esse acordo \u00e9 uma continua\u00e7\u00e3o do projeto de eletrifica\u00e7\u00e3o aeron\u00e1utica iniciado em maio de 2019, quando a Embraer entrou em coopera\u00e7\u00e3o com a <a href=\"https:\/\/www.suno.com.br\/acoes\/wege3\/\"><strong>Weg<\/strong> (WEGE3)<\/a>. Na parceria com a EDP, o escopo \u00e9 a pesquisa em torno do armazenamento de energia de alta tens\u00e3o, complementando os estudos que j\u00e1 est\u00e3o em andamento na Embraer.<\/p>\n<p><a href=\"https:\/\/lp.suno.com.br\/suno-one\/\">Suno One: acesse gratuitamente eBooks, Minicursos, Artigos e Video Aulas sobre investimentos com um \u00fanico cadastro. Clique para saber mais!<\/a><\/p>\n<p>As parcerias no \u00e2mbito de pesquisa e desenvolvimento buscam acelerar o conhecimento das tecnologias necess\u00e1rias \u00e0 utiliza\u00e7\u00e3o e integra\u00e7\u00e3o de baterias e motores el\u00e9tricos visando ao aumento da efici\u00eancia energ\u00e9tica dos sistemas propulsivos das aeronaves.<\/p>\n<p>&#8220;O hist\u00f3rico de realiza\u00e7\u00e3o de parcerias estrat\u00e9gicas por meio de mecanismos \u00e1geis de coopera\u00e7\u00e3o faz da Embraer uma das empresas brasileiras que mais estimula redes globais de conhecimento que permitem um significativo aumento de competitividade do pa\u00eds&#8221;, diz Lu\u00eds Carlos Affonso, vice-presidente de engenharia e estrat\u00e9gia corporativa.<\/p>\n\t<div data-element=\"shortcode-read-more\" class=\"knowMore\">\n\t\t\t\t<span class=\"knowMore__title\">Saiba mais<\/span>\n\t\t\t\t<a class=\"knowMore__link\" href=\"https:\/\/www.suno.com.br\/noticias\/embraer-embr3-vende-dois-kc-390-para-hungria\/\">\n\t\t\tEmbraer (EMBR3) vende dois KC-390 para Hungria\t\t<\/a>\n\t<\/div>\n\n\n<p>&#8220;A parceria com a <strong>Embraer<\/strong> no desenvolvimento do seu primeiro avi\u00e3o demonstrador de tecnologia de propuls\u00e3o 100% el\u00e9trica representa uma nova fronteira do nosso investimento em mobilidade el\u00e9trica, contribuindo para posicionar o Brasil como um player de ponta neste mercado&#8221;, afirma Miguel Setas, presidente da EDP no Brasil.<\/p>\n\t<p>\n\t\t<a href=\"https:\/\/lp.suno.com.br\/planilha-de-controle-de-investimentos\/\" target=\"_blank\" data-element=\"shortcode-suno-banner\" title=\"Banner SUNO, clique e saiba mais\">\n\t\t\t<picture>\n\t\t\t\t<source media=\"(max-width: 500px)\" srcset=\"https:\/\/files.sunoresearch.com.br\/n\/uploads\/2023\/03\/400x300-Controle-de-Investimentos.png\">\n\t\t\t\t<img class=\"newsContent__article__imgCapa newsContent__article__imgCapa--banner\"\n\t\t\t\t\tsrc=\"https:\/\/files.sunoresearch.com.br\/n\/uploads\/2023\/03\/1420x240-Controle-de-Investimentos.png\"\n\t\t\t\t\tdata-promo-id=\"75934\"\t\t\t\t\t\t\t\t\t\twidth='1420' height='240'\t\t\t\t\talt=\"https:\/\/files.sunoresearch.com.br\/n\/uploads\/2023\/03\/1420x240-Controle-de-Investimentos.png\"\n\t\t\t\t>\n\t\t\t<\/picture>\n\t\t<\/a>\n\t<\/p>\n\n\n","protected":false},"excerpt":{"rendered":"<p>A Embraer (EMBR3)\u00a0e a EDP Brasil (ENBR3) anunciaram nesta sexta-feira (20) uma parceria para pesquisa de avi\u00e3o el\u00e9trico, com a empresa do setor el\u00e9trico realizando um aporte para a aquisi\u00e7\u00e3o da solu\u00e7\u00e3o de tecnologia de armazenamento de energia e recarga do avi\u00e3o demonstrador de tecnologia de propuls\u00e3o 100% el\u00e9trica. Embraer (Foto: Divulga\u00e7\u00e3o) O prot\u00f3tipo do [&hellip;]<\/p>\n","protected":false},"author":35,"featured_media":5851,"comment_status":"closed","ping_status":"closed","sticky":false,"template":"","format":"standard","meta":[],"categories":[64],"tags":[1207,460],"suno_strategy":[],"class_list":["post-101911","post","type-post","status-publish","format-standard","has-post-thumbnail","hentry","category-negocios","tag-edp-brasil-enbr3","tag-embraer-embr3"],"yoast_head":"<!-- This site is optimized with the Yoast SEO plugin v24.4 - https:\/\/yoast.com\/wordpress\/plugins\/seo\/ -->\n<title>Embraer (EMBR3) e EDP (ENBR3) se unem para desenvolver avi\u00e3o<\/title>\n<meta name=\"description\" content=\"A Embraer (EMBR3)\u00a0e a EDP Brasil (ENBR3) anunciaram uma parceria para pesquisa de desenvolvimento de avi\u00e3o el\u00e9trico. Clique para saber mais\" \/>\n<meta name=\"robots\" content=\"index, follow, max-snippet:-1, max-image-preview:large, max-video-preview:-1\" \/>\n<link rel=\"canonical\" href=\"https:\/\/www.suno.com.br\/noticias\/embraer-edp-brasil-se-unem-aviao-eletrico\/\" \/>\n<meta property=\"og:locale\" content=\"pt_BR\" \/>\n<meta property=\"og:type\" content=\"article\" \/>\n<meta property=\"og:title\" content=\"Embraer (EMBR3) e EDP (ENBR3) se unem para desenvolver avi\u00e3o\" \/>\n<meta property=\"og:description\" content=\"A Embraer (EMBR3)\u00a0e a EDP Brasil (ENBR3) anunciaram uma parceria para pesquisa de desenvolvimento de avi\u00e3o el\u00e9trico. Clique para saber mais\" \/>\n<meta property=\"og:url\" content=\"https:\/\/www.suno.com.br\/noticias\/embraer-edp-brasil-se-unem-aviao-eletrico\/\" \/>\n<meta property=\"og:site_name\" content=\"Suno Not\u00edcias\" \/>\n<meta property=\"article:publisher\" content=\"https:\/\/facebook.com\/sunoresearch\" \/>\n<meta property=\"og:image\" content=\"https:\/\/files.sunoresearch.com.br\/n\/uploads\/2018\/10\/a1f710a0-embraer-1.jpg\" \/>\n\t<meta property=\"og:image:width\" content=\"1920\" \/>\n\t<meta property=\"og:image:height\" content=\"1274\" \/>\n\t<meta property=\"og:image:type\" content=\"image\/jpeg\" \/>\n<meta name=\"author\" content=\"Arthur Guimar\u00e3es\" \/>\n<meta name=\"twitter:card\" content=\"summary_large_image\" \/>\n<meta name=\"twitter:creator\" content=\"@sunoresearch\" \/>\n<meta name=\"twitter:site\" content=\"@sunoresearch\" \/>\n<meta name=\"twitter:label1\" content=\"Escrito por\" \/>\n\t<meta name=\"twitter:data1\" content=\"Arthur Guimar\u00e3es\" \/>\n\t<meta name=\"twitter:label2\" content=\"Est. tempo de leitura\" \/>\n\t<meta name=\"twitter:data2\" content=\"2 minutos\" \/>\n<script type=\"application\/ld+json\" class=\"yoast-schema-graph\">{\"@context\":\"https:\/\/schema.org\",\"@graph\":[{\"@type\":\"NewsArticle\",\"@id\":\"https:\/\/www.suno.com.br\/noticias\/embraer-edp-brasil-se-unem-aviao-eletrico\/#article\",\"isPartOf\":{\"@id\":\"https:\/\/www.suno.com.br\/noticias\/embraer-edp-brasil-se-unem-aviao-eletrico\/\"},\"author\":{\"name\":\"Arthur Guimar\u00e3es\",\"@id\":\"https:\/\/www.suno.com.br\/noticias\/#\/schema\/person\/053a750a709a263919a20f976caae91c\"},\"headline\":\"Embraer (EMBR3) e EDP (ENBR3) se unem para desenvolver avi\u00e3o el\u00e9trico\",\"datePublished\":\"2020-11-20T22:12:16+00:00\",\"mainEntityOfPage\":{\"@id\":\"https:\/\/www.suno.com.br\/noticias\/embraer-edp-brasil-se-unem-aviao-eletrico\/\"},\"wordCount\":416,\"publisher\":{\"@id\":\"https:\/\/www.suno.com.br\/noticias\/#organization\"},\"image\":{\"@id\":\"https:\/\/www.suno.com.br\/noticias\/embraer-edp-brasil-se-unem-aviao-eletrico\/#primaryimage\"},\"thumbnailUrl\":\"https:\/\/files.sunoresearch.com.br\/n\/uploads\/2018\/10\/a1f710a0-embraer-1-jpg.webp\",\"keywords\":[\"EDP Brasil (ENBR3)\",\"Embraer (EMBR3)\"],\"articleSection\":[\"Neg\u00f3cios\"],\"inLanguage\":\"pt-BR\"},{\"@type\":\"WebPage\",\"@id\":\"https:\/\/www.suno.com.br\/noticias\/embraer-edp-brasil-se-unem-aviao-eletrico\/\",\"url\":\"https:\/\/www.suno.com.br\/noticias\/embraer-edp-brasil-se-unem-aviao-eletrico\/\",\"name\":\"Embraer (EMBR3) e EDP (ENBR3) se unem para desenvolver avi\u00e3o\",\"isPartOf\":{\"@id\":\"https:\/\/www.suno.com.br\/noticias\/#website\"},\"primaryImageOfPage\":{\"@id\":\"https:\/\/www.suno.com.br\/noticias\/embraer-edp-brasil-se-unem-aviao-eletrico\/#primaryimage\"},\"image\":{\"@id\":\"https:\/\/www.suno.com.br\/noticias\/embraer-edp-brasil-se-unem-aviao-eletrico\/#primaryimage\"},\"thumbnailUrl\":\"https:\/\/files.sunoresearch.com.br\/n\/uploads\/2018\/10\/a1f710a0-embraer-1-jpg.webp\",\"datePublished\":\"2020-11-20T22:12:16+00:00\",\"description\":\"A Embraer (EMBR3)\u00a0e a EDP Brasil (ENBR3) anunciaram uma parceria para pesquisa de desenvolvimento de avi\u00e3o el\u00e9trico. Clique para saber mais\",\"breadcrumb\":{\"@id\":\"https:\/\/www.suno.com.br\/noticias\/embraer-edp-brasil-se-unem-aviao-eletrico\/#breadcrumb\"},\"inLanguage\":\"pt-BR\",\"potentialAction\":[{\"@type\":\"ReadAction\",\"target\":[\"https:\/\/www.suno.com.br\/noticias\/embraer-edp-brasil-se-unem-aviao-eletrico\/\"]}]},{\"@type\":\"ImageObject\",\"inLanguage\":\"pt-BR\",\"@id\":\"https:\/\/www.suno.com.br\/noticias\/embraer-edp-brasil-se-unem-aviao-eletrico\/#primaryimage\",\"url\":\"https:\/\/files.sunoresearch.com.br\/n\/uploads\/2018\/10\/a1f710a0-embraer-1-jpg.webp\",\"contentUrl\":\"https:\/\/files.sunoresearch.com.br\/n\/uploads\/2018\/10\/a1f710a0-embraer-1-jpg.webp\",\"width\":1920,\"height\":1274,\"caption\":\"Embraer (Foto: Divulga\u00e7\u00e3o)\"},{\"@type\":\"BreadcrumbList\",\"@id\":\"https:\/\/www.suno.com.br\/noticias\/embraer-edp-brasil-se-unem-aviao-eletrico\/#breadcrumb\",\"itemListElement\":[{\"@type\":\"ListItem\",\"position\":1,\"name\":\"Not\u00edcias\",\"item\":\"https:\/\/www.suno.com.br\/noticias\/\"},{\"@type\":\"ListItem\",\"position\":2,\"name\":\"Neg\u00f3cios\",\"item\":\"https:\/\/www.suno.com.br\/noticias\/negocios\/\"},{\"@type\":\"ListItem\",\"position\":3,\"name\":\"Embraer (EMBR3) e EDP (ENBR3) se unem para desenvolver avi\u00e3o el\u00e9trico\"}]},{\"@type\":\"WebSite\",\"@id\":\"https:\/\/www.suno.com.br\/noticias\/#website\",\"url\":\"https:\/\/www.suno.com.br\/noticias\/\",\"name\":\"Suno Not\u00edcias\",\"description\":\"Seu portal de informa\u00e7\u00e3o sobre o mundo dos investimentos\",\"publisher\":{\"@id\":\"https:\/\/www.suno.com.br\/noticias\/#organization\"},\"potentialAction\":[{\"@type\":\"SearchAction\",\"target\":{\"@type\":\"EntryPoint\",\"urlTemplate\":\"https:\/\/www.suno.com.br\/noticias\/?s={search_term_string}\"},\"query-input\":{\"@type\":\"PropertyValueSpecification\",\"valueRequired\":true,\"valueName\":\"search_term_string\"}}],\"inLanguage\":\"pt-BR\"},{\"@type\":\"Organization\",\"@id\":\"https:\/\/www.suno.com.br\/noticias\/#organization\",\"name\":\"Suno Not\u00edcias\",\"url\":\"https:\/\/www.suno.com.br\/noticias\/\",\"logo\":{\"@type\":\"ImageObject\",\"inLanguage\":\"pt-BR\",\"@id\":\"https:\/\/www.suno.com.br\/noticias\/#\/schema\/logo\/image\/\",\"url\":\"https:\/\/files.sunoresearch.com.br\/n\/uploads\/2021\/09\/suno-logo.png\",\"contentUrl\":\"https:\/\/files.sunoresearch.com.br\/n\/uploads\/2021\/09\/suno-logo.png\",\"width\":180,\"height\":180,\"caption\":\"Suno Not\u00edcias\"},\"image\":{\"@id\":\"https:\/\/www.suno.com.br\/noticias\/#\/schema\/logo\/image\/\"},\"sameAs\":[\"https:\/\/facebook.com\/sunoresearch\",\"https:\/\/x.com\/sunoresearch\",\"https:\/\/www.instagram.com\/suno\",\"https:\/\/www.linkedin.com\/company\/suno-research\/\",\"https:\/\/www.youtube.com\/c\/sunoresearch\"]},{\"@type\":\"Person\",\"@id\":\"https:\/\/www.suno.com.br\/noticias\/#\/schema\/person\/053a750a709a263919a20f976caae91c\",\"name\":\"Arthur Guimar\u00e3es\",\"image\":{\"@type\":\"ImageObject\",\"inLanguage\":\"pt-BR\",\"@id\":\"https:\/\/www.suno.com.br\/noticias\/#\/schema\/person\/image\/\",\"url\":\"https:\/\/secure.gravatar.com\/avatar\/1affd86a11209ae09eb6dd3bcad3e96c?s=96&r=g\",\"contentUrl\":\"https:\/\/secure.gravatar.com\/avatar\/1affd86a11209ae09eb6dd3bcad3e96c?s=96&r=g\",\"caption\":\"Arthur Guimar\u00e3es\"},\"description\":\"Arthur Guimar\u00e3es escreve sobre pol\u00edtica, economia e neg\u00f3cios para o portal de not\u00edcias da Suno Research. Atualmente, \u00e9 estudante de jornalismo pela Faculdade C\u00e1sper L\u00edbero.\",\"url\":\"https:\/\/www.suno.com.br\/noticias\/author\/arthur-guimaraes\/\"}]}<\/script>\n<!-- \/ Yoast SEO plugin. -->","yoast_head_json":{"title":"Embraer (EMBR3) e EDP (ENBR3) se unem para desenvolver avi\u00e3o","description":"A Embraer (EMBR3)\u00a0e a EDP Brasil (ENBR3) anunciaram uma parceria para pesquisa de desenvolvimento de avi\u00e3o el\u00e9trico. Clique para saber mais","robots":{"index":"index","follow":"follow","max-snippet":"max-snippet:-1","max-image-preview":"max-image-preview:large","max-video-preview":"max-video-preview:-1"},"canonical":"https:\/\/www.suno.com.br\/noticias\/embraer-edp-brasil-se-unem-aviao-eletrico\/","og_locale":"pt_BR","og_type":"article","og_title":"Embraer (EMBR3) e EDP (ENBR3) se unem para desenvolver avi\u00e3o","og_description":"A Embraer (EMBR3)\u00a0e a EDP Brasil (ENBR3) anunciaram uma parceria para pesquisa de desenvolvimento de avi\u00e3o el\u00e9trico. Clique para saber mais","og_url":"https:\/\/www.suno.com.br\/noticias\/embraer-edp-brasil-se-unem-aviao-eletrico\/","og_site_name":"Suno Not\u00edcias","article_publisher":"https:\/\/facebook.com\/sunoresearch","og_image":[{"width":1920,"height":1274,"url":"https:\/\/files.sunoresearch.com.br\/n\/uploads\/2018\/10\/a1f710a0-embraer-1.jpg","type":"image\/jpeg"}],"author":"Arthur Guimar\u00e3es","twitter_card":"summary_large_image","twitter_creator":"@sunoresearch","twitter_site":"@sunoresearch","twitter_misc":{"Escrito por":"Arthur Guimar\u00e3es","Est. tempo de leitura":"2 minutos"},"schema":{"@context":"https:\/\/schema.org","@graph":[{"@type":"NewsArticle","@id":"https:\/\/www.suno.com.br\/noticias\/embraer-edp-brasil-se-unem-aviao-eletrico\/#article","isPartOf":{"@id":"https:\/\/www.suno.com.br\/noticias\/embraer-edp-brasil-se-unem-aviao-eletrico\/"},"author":{"name":"Arthur Guimar\u00e3es","@id":"https:\/\/www.suno.com.br\/noticias\/#\/schema\/person\/053a750a709a263919a20f976caae91c"},"headline":"Embraer (EMBR3) e EDP (ENBR3) se unem para desenvolver avi\u00e3o el\u00e9trico","datePublished":"2020-11-20T22:12:16+00:00","mainEntityOfPage":{"@id":"https:\/\/www.suno.com.br\/noticias\/embraer-edp-brasil-se-unem-aviao-eletrico\/"},"wordCount":416,"publisher":{"@id":"https:\/\/www.suno.com.br\/noticias\/#organization"},"image":{"@id":"https:\/\/www.suno.com.br\/noticias\/embraer-edp-brasil-se-unem-aviao-eletrico\/#primaryimage"},"thumbnailUrl":"https:\/\/files.sunoresearch.com.br\/n\/uploads\/2018\/10\/a1f710a0-embraer-1-jpg.webp","keywords":["EDP Brasil (ENBR3)","Embraer (EMBR3)"],"articleSection":["Neg\u00f3cios"],"inLanguage":"pt-BR"},{"@type":"WebPage","@id":"https:\/\/www.suno.com.br\/noticias\/embraer-edp-brasil-se-unem-aviao-eletrico\/","url":"https:\/\/www.suno.com.br\/noticias\/embraer-edp-brasil-se-unem-aviao-eletrico\/","name":"Embraer (EMBR3) e EDP (ENBR3) se unem para desenvolver avi\u00e3o","isPartOf":{"@id":"https:\/\/www.suno.com.br\/noticias\/#website"},"primaryImageOfPage":{"@id":"https:\/\/www.suno.com.br\/noticias\/embraer-edp-brasil-se-unem-aviao-eletrico\/#primaryimage"},"image":{"@id":"https:\/\/www.suno.com.br\/noticias\/embraer-edp-brasil-se-unem-aviao-eletrico\/#primaryimage"},"thumbnailUrl":"https:\/\/files.sunoresearch.com.br\/n\/uploads\/2018\/10\/a1f710a0-embraer-1-jpg.webp","datePublished":"2020-11-20T22:12:16+00:00","description":"A Embraer (EMBR3)\u00a0e a EDP Brasil (ENBR3) anunciaram uma parceria para pesquisa de desenvolvimento de avi\u00e3o el\u00e9trico. Clique para saber mais","breadcrumb":{"@id":"https:\/\/www.suno.com.br\/noticias\/embraer-edp-brasil-se-unem-aviao-eletrico\/#breadcrumb"},"inLanguage":"pt-BR","potentialAction":[{"@type":"ReadAction","target":["https:\/\/www.suno.com.br\/noticias\/embraer-edp-brasil-se-unem-aviao-eletrico\/"]}]},{"@type":"ImageObject","inLanguage":"pt-BR","@id":"https:\/\/www.suno.com.br\/noticias\/embraer-edp-brasil-se-unem-aviao-eletrico\/#primaryimage","url":"https:\/\/files.sunoresearch.com.br\/n\/uploads\/2018\/10\/a1f710a0-embraer-1-jpg.webp","contentUrl":"https:\/\/files.sunoresearch.com.br\/n\/uploads\/2018\/10\/a1f710a0-embraer-1-jpg.webp","width":1920,"height":1274,"caption":"Embraer (Foto: Divulga\u00e7\u00e3o)"},{"@type":"BreadcrumbList","@id":"https:\/\/www.suno.com.br\/noticias\/embraer-edp-brasil-se-unem-aviao-eletrico\/#breadcrumb","itemListElement":[{"@type":"ListItem","position":1,"name":"Not\u00edcias","item":"https:\/\/www.suno.com.br\/noticias\/"},{"@type":"ListItem","position":2,"name":"Neg\u00f3cios","item":"https:\/\/www.suno.com.br\/noticias\/negocios\/"},{"@type":"ListItem","position":3,"name":"Embraer (EMBR3) e EDP (ENBR3) se unem para desenvolver avi\u00e3o el\u00e9trico"}]},{"@type":"WebSite","@id":"https:\/\/www.suno.com.br\/noticias\/#website","url":"https:\/\/www.suno.com.br\/noticias\/","name":"Suno Not\u00edcias","description":"Seu portal de informa\u00e7\u00e3o sobre o mundo dos investimentos","publisher":{"@id":"https:\/\/www.suno.com.br\/noticias\/#organization"},"potentialAction":[{"@type":"SearchAction","target":{"@type":"EntryPoint","urlTemplate":"https:\/\/www.suno.com.br\/noticias\/?s={search_term_string}"},"query-input":{"@type":"PropertyValueSpecification","valueRequired":true,"valueName":"search_term_string"}}],"inLanguage":"pt-BR"},{"@type":"Organization","@id":"https:\/\/www.suno.com.br\/noticias\/#organization","name":"Suno Not\u00edcias","url":"https:\/\/www.suno.com.br\/noticias\/","logo":{"@type":"ImageObject","inLanguage":"pt-BR","@id":"https:\/\/www.suno.com.br\/noticias\/#\/schema\/logo\/image\/","url":"https:\/\/files.sunoresearch.com.br\/n\/uploads\/2021\/09\/suno-logo.png","contentUrl":"https:\/\/files.sunoresearch.com.br\/n\/uploads\/2021\/09\/suno-logo.png","width":180,"height":180,"caption":"Suno Not\u00edcias"},"image":{"@id":"https:\/\/www.suno.com.br\/noticias\/#\/schema\/logo\/image\/"},"sameAs":["https:\/\/facebook.com\/sunoresearch","https:\/\/x.com\/sunoresearch","https:\/\/www.instagram.com\/suno","https:\/\/www.linkedin.com\/company\/suno-research\/","https:\/\/www.youtube.com\/c\/sunoresearch"]},{"@type":"Person","@id":"https:\/\/www.suno.com.br\/noticias\/#\/schema\/person\/053a750a709a263919a20f976caae91c","name":"Arthur Guimar\u00e3es","image":{"@type":"ImageObject","inLanguage":"pt-BR","@id":"https:\/\/www.suno.com.br\/noticias\/#\/schema\/person\/image\/","url":"https:\/\/secure.gravatar.com\/avatar\/1affd86a11209ae09eb6dd3bcad3e96c?s=96&r=g","contentUrl":"https:\/\/secure.gravatar.com\/avatar\/1affd86a11209ae09eb6dd3bcad3e96c?s=96&r=g","caption":"Arthur Guimar\u00e3es"},"description":"Arthur Guimar\u00e3es escreve sobre pol\u00edtica, economia e neg\u00f3cios para o portal de not\u00edcias da Suno Research. Atualmente, \u00e9 estudante de jornalismo pela Faculdade C\u00e1sper L\u00edbero.","url":"https:\/\/www.suno.com.br\/noticias\/author\/arthur-guimaraes\/"}]}},"default_loop_html":"<div class=\"cardsPage__listCard__boxs\"><div class=\"cardsPage__listCard__boxs__img\"><a href=\"https:\/\/www.suno.com.br\/noticias\/embraer-edp-brasil-se-unem-aviao-eletrico\/\"><img class=\"mask\" src=\"https:\/\/www.suno.com.br\/noticias\/wp-content\/themes\/suno\/resources\/images\/spotlight\/spotlight1img\/bg-mask.png\" alt=\"Image Mask\"\/><img src=\"https:\/\/files.sunoresearch.com.br\/n\/uploads\/2018\/10\/a1f710a0-embraer-1-400x200.webp\" alt=\"Embraer (EMBR3) e EDP (ENBR3) se unem para desenvolver avi\u00e3o el\u00e9trico\"\/><\/a><span class=\"spotlightCategory\"><a href=\"https:\/\/www.suno.com.br\/noticias\/negocios\/\">Neg\u00f3cios<\/a><\/span><\/div><div class=\"cardsPage__listCard__boxs__content\"><a href=\"https:\/\/www.suno.com.br\/noticias\/embraer-edp-brasil-se-unem-aviao-eletrico\/\"><h2 class=\"content__title\">Embraer (EMBR3) e EDP (ENBR3) se unem para desenvolver avi\u00e3o el\u00e9trico<\/h2><\/a><div class=\"newsContent__article__meta\"><div class=\"newsContent__article__meta__authorBox\"><a href=\"https:\/\/www.suno.com.br\/noticias\/author\/arthur-guimaraes\/\" class=\"authorBox__avatar noMobi\"><img src=\"https:\/\/files.sunoresearch.com.br\/n\/uploads\/2020\/02\/dfb40897-eu-150x150.webp\" alt=\"Arthur Guimar\u00e3es\"><\/a><div class=\"authorBox__name\"><span>por\n\t\t\t<a href=\"https:\/\/www.suno.com.br\/noticias\/author\/arthur-guimaraes\/\"><span itemprop=\"author\">Arthur Guimar\u00e3es<\/span><\/a><\/span><time datetime=\"2020-11-20T19:12:16-03:00\" itemprop=\"datePublished\">20\/11\/2020 19:12<\/time><\/div><\/div><\/div><\/div><\/div>","single_layout":"posts","amp_enabled":true,"_links":{"self":[{"href":"https:\/\/www.suno.com.br\/noticias\/wp-json\/wp\/v2\/posts\/101911"}],"collection":[{"href":"https:\/\/www.suno.com.br\/noticias\/wp-json\/wp\/v2\/posts"}],"about":[{"href":"https:\/\/www.suno.com.br\/noticias\/wp-json\/wp\/v2\/types\/post"}],"author":[{"embeddable":true,"href":"https:\/\/www.suno.com.br\/noticias\/wp-json\/wp\/v2\/users\/35"}],"replies":[{"embeddable":true,"href":"https:\/\/www.suno.com.br\/noticias\/wp-json\/wp\/v2\/comments?post=101911"}],"version-history":[{"count":0,"href":"https:\/\/www.suno.com.br\/noticias\/wp-json\/wp\/v2\/posts\/101911\/revisions"}],"wp:featuredmedia":[{"embeddable":true,"href":"https:\/\/www.suno.com.br\/noticias\/wp-json\/wp\/v2\/media\/5851"}],"wp:attachment":[{"href":"https:\/\/www.suno.com.br\/noticias\/wp-json\/wp\/v2\/media?parent=101911"}],"wp:term":[{"taxonomy":"category","embeddable":true,"href":"https:\/\/www.suno.com.br\/noticias\/wp-json\/wp\/v2\/categories?post=101911"},{"taxonomy":"post_tag","embeddable":true,"href":"https:\/\/www.suno.com.br\/noticias\/wp-json\/wp\/v2\/tags?post=101911"},{"taxonomy":"suno_strategy","embeddable":true,"href":"https:\/\/www.suno.com.br\/noticias\/wp-json\/wp\/v2\/suno_strategy?post=101911"}],"curies":[{"name":"wp","href":"https:\/\/api.w.org\/{rel}","templated":true}]}}