{"id":101795,"date":"2020-11-19T19:11:47","date_gmt":"2020-11-19T22:11:47","guid":{"rendered":"https:\/\/www.suno.com.br\/noticias\/?p=101795"},"modified":"2021-05-10T22:49:29","modified_gmt":"2021-05-11T01:49:29","slug":"general-motors-acelera-lancamento-de-veiculos-eletricos","status":"publish","type":"post","link":"https:\/\/www.suno.com.br\/noticias\/general-motors-acelera-lancamento-de-veiculos-eletricos\/","title":{"rendered":"General Motors acelera lan\u00e7amento de ve\u00edculos el\u00e9tricos"},"content":{"rendered":"<p>A <strong>General Motors<\/strong> informou nesta quinta-feira (18) que planeja lan\u00e7ar 30 modelos de autom\u00f3veis totalmente el\u00e9tricos em todo o mundo e \u201cem todas as faixas de pre\u00e7o\u201d at\u00e9 2025, enquanto aumenta seu investimento nesses ve\u00edculos em mais de um ter\u00e7o al\u00e9m da meta anunciada h\u00e1 oito meses.<\/p>\t<div class=\"wrapper-featured-image\">\n\t\t<figure class=\"spotlightImg\">\n\n\t\t\t<picture>\n\t\t\t\t<source media=\"(max-width: 768px)\" srcset=\"https:\/\/files.sunoresearch.com.br\/n\/uploads\/2020\/11\/af5eb081-1200px-chevrolet_volt_was_2017_1739-400x200.webp\">\n\t\t\t\t<img loading=\"lazy\" decoding=\"async\" class=\"newsContent__article__imgCapa lazyloadDisabled \" src=\"https:\/\/files.sunoresearch.com.br\/n\/uploads\/2020\/11\/af5eb081-1200px-chevrolet_volt_was_2017_1739-jpg.webp\" width=\"800\" height=\"450\" alt=\"General Motors acelera lan\u00e7amento de ve\u00edculos el\u00e9tricos\" fetchpriority=high \/>\n\t\t\t<\/picture>\n\n\t\t\t<figcaption class=\"wp-caption-text wp-caption-text--show\">General Motors acelera lan\u00e7amento de ve\u00edculos el\u00e9tricos<\/figcaption>\n\t\t<\/figure>\n\t<\/div>\n\n\n\t<p>\n\t\t<a href=\"https:\/\/lp.suno.com.br\/planilha-controle-gastos\/\" target=\"_blank\" data-element=\"shortcode-suno-banner\" title=\"Banner SUNO, clique e saiba mais\">\n\t\t\t<picture>\n\t\t\t\t<source media=\"(max-width: 500px)\" srcset=\"https:\/\/files.sunoresearch.com.br\/n\/uploads\/2023\/03\/400x300-Planilha-controle-de-gastos.png\">\n\t\t\t\t<img class=\"newsContent__article__imgCapa newsContent__article__imgCapa--banner\"\n\t\t\t\t\tsrc=\"https:\/\/files.sunoresearch.com.br\/n\/uploads\/2023\/03\/1420x240-Planilha-controle-de-gastos.png\"\n\t\t\t\t\tdata-promo-id=\"101751\"\t\t\t\t\t\t\t\t\t\twidth='1420' height='240'\t\t\t\t\talt=\"https:\/\/files.sunoresearch.com.br\/n\/uploads\/2023\/03\/1420x240-Planilha-controle-de-gastos.png\"\n\t\t\t\t>\n\t\t\t<\/picture>\n\t\t<\/a>\n\t<\/p>\n\n\n<p>A empresa agora planeja investir US$ 27 bilh\u00f5es em <strong>ve\u00edculos el\u00e9tricos<\/strong> at\u00e9 2025, em compara\u00e7\u00e3o com os US$ 20 bilh\u00f5es anunciados pela General Motors em mar\u00e7o deste ano.<\/p>\n<p>Segundo a GM, 40% de suas ofertas no mercado dos EUA ser\u00e3o el\u00e9tricos daqui cinco anos e dois ter\u00e7os dos 30 modelos totalmente el\u00e9tricos estar\u00e3o dispon\u00edveis no pa\u00eds. Anteriormente, havia planejado 20 desses modelos.<\/p>\n\t<p>\n\t\t<a href=\"https:\/\/lp.suno.com.br\/planilha-controle-gastos\/\" target=\"_blank\" data-element=\"shortcode-suno-banner\" title=\"Banner SUNO, clique e saiba mais\">\n\t\t\t<picture>\n\t\t\t\t<source media=\"(max-width: 500px)\" srcset=\"https:\/\/files.sunoresearch.com.br\/n\/uploads\/2023\/03\/400x300-Planilha-controle-de-gastos.png\">\n\t\t\t\t<img class=\"newsContent__article__imgCapa newsContent__article__imgCapa--banner\"\n\t\t\t\t\tsrc=\"https:\/\/files.sunoresearch.com.br\/n\/uploads\/2023\/03\/1420x240-Planilha-controle-de-gastos.png\"\n\t\t\t\t\tdata-promo-id=\"101751\"\t\t\t\t\t\t\t\t\t\twidth='1420' height='240'\t\t\t\t\talt=\"https:\/\/files.sunoresearch.com.br\/n\/uploads\/2023\/03\/1420x240-Planilha-controle-de-gastos.png\"\n\t\t\t\t>\n\t\t\t<\/picture>\n\t\t<\/a>\n\t<\/p>\n\n\n<p>\u201cEstamos nos orientando para uma estrat\u00e9gia de crescimento\u201d, declarou Mary Barra, <a href=\"https:\/\/www.suno.com.br\/artigos\/ceo\/\">CEO<\/a> da empresa. \u201cEstamos empenhados em lutar por participa\u00e7\u00e3o no mercado de EV na Am\u00e9rica do Norte at\u00e9 sermos o n\u00famero um.\u201d<\/p>\n<p>A General Motors tamb\u00e9m est\u00e1 acelerando o lan\u00e7amento de alguns modelos el\u00e9tricos, incluindo o GMC Hummer e o Cadillac Lyriq, ambos revelados este ano. O Lyriq aumentar\u00e1 nove meses at\u00e9 o primeiro trimestre de 2022.<\/p>\n<p>\u201cO tempo de desenvolvimento de 26 meses do 2022 GMC Hummer EV, abaixo dos cerca de 50 meses, agora \u00e9 a refer\u00eancia\u201d, anunciou a empresa. A <strong>GM<\/strong> tamb\u00e9m disse que aumentou o alcance de sua bateria Ultium, de 400 para 450 milhas.<\/p>\n<p><a href=\"https:\/\/www.suno.com.br\/noticias\/general-motors-produzira-sistemas-eletricos\/\">Veja Tamb\u00e9m: General Motors vai produzir nova linha de sistemas para ve\u00edculos el\u00e9tricos<\/a><\/p>\n<p>Como a valoriza\u00e7\u00e3o da <strong>Tesla<\/strong> aumentou, a GM enfrentou press\u00e3o de alguns investidores este ano para desmembrar a unidade. O argumento \u00e9 que um spin-off aumentaria o pre\u00e7o das a\u00e7\u00f5es, daria \u00e0 montadora de Detroit acesso a capital barato para financiar o crescimento e ajudar a atrair talentos.<\/p>\n<p>Al\u00e9m disso, \u201cA gama de resultados potenciais \u00e9 ampla, avaliando a <strong>General Motors<\/strong> em US$ 28- 93 [por a\u00e7\u00e3o], mas representaria cria\u00e7\u00e3o de valor positivo para o acionista em todos os cen\u00e1rios, o que o torna um &#8216;ac\u00e9falo&#8217; em nossa opini\u00e3o\u201d, analista do Deutsche Bank, Emmanuel Rosner disse em nota no m\u00eas de agosto.<\/p>\n\t<p>\n\t\t<a href=\"https:\/\/lp.suno.com.br\/planilha-de-controle-de-investimentos\/\" target=\"_blank\" data-element=\"shortcode-suno-banner\" title=\"Banner SUNO, clique e saiba mais\">\n\t\t\t<picture>\n\t\t\t\t<source media=\"(max-width: 500px)\" srcset=\"https:\/\/files.sunoresearch.com.br\/n\/uploads\/2023\/03\/400x300-Controle-de-Investimentos.png\">\n\t\t\t\t<img class=\"newsContent__article__imgCapa newsContent__article__imgCapa--banner\"\n\t\t\t\t\tsrc=\"https:\/\/files.sunoresearch.com.br\/n\/uploads\/2023\/03\/1420x240-Controle-de-Investimentos.png\"\n\t\t\t\t\tdata-promo-id=\"75934\"\t\t\t\t\t\t\t\t\t\twidth='1420' height='240'\t\t\t\t\talt=\"https:\/\/files.sunoresearch.com.br\/n\/uploads\/2023\/03\/1420x240-Controle-de-Investimentos.png\"\n\t\t\t\t>\n\t\t\t<\/picture>\n\t\t<\/a>\n\t<\/p>\n\n\n","protected":false},"excerpt":{"rendered":"<p>A General Motors informou nesta quinta-feira (18) que planeja lan\u00e7ar 30 modelos de autom\u00f3veis totalmente el\u00e9tricos em todo o mundo e \u201cem todas as faixas de pre\u00e7o\u201d at\u00e9 2025, enquanto aumenta seu investimento nesses ve\u00edculos em mais de um ter\u00e7o al\u00e9m da meta anunciada h\u00e1 oito meses. General Motors acelera lan\u00e7amento de ve\u00edculos el\u00e9tricos A [&hellip;]<\/p>\n","protected":false},"author":56,"featured_media":101819,"comment_status":"closed","ping_status":"closed","sticky":false,"template":"","format":"standard","meta":[],"categories":[61],"tags":[1017],"suno_strategy":[],"class_list":["post-101795","post","type-post","status-publish","format-standard","has-post-thumbnail","hentry","category-politica","tag-general-motors-gmco34"],"yoast_head":"<!-- This site is optimized with the Yoast SEO plugin v24.4 - https:\/\/yoast.com\/wordpress\/plugins\/seo\/ -->\n<title>General Motors acelera lan\u00e7amento de ve\u00edculos el\u00e9tricos<\/title>\n<meta name=\"description\" content=\"A General Motors informou que agora planeja investir US$ 27 bilh\u00f5es em ve\u00edculos el\u00e9tricos at\u00e9 2025. Clique aqui para saber mais.\" \/>\n<meta name=\"robots\" content=\"index, follow, max-snippet:-1, max-image-preview:large, max-video-preview:-1\" \/>\n<link rel=\"canonical\" href=\"https:\/\/www.suno.com.br\/noticias\/general-motors-acelera-lancamento-de-veiculos-eletricos\/\" \/>\n<meta property=\"og:locale\" content=\"pt_BR\" \/>\n<meta property=\"og:type\" content=\"article\" \/>\n<meta property=\"og:title\" content=\"General Motors acelera lan\u00e7amento de ve\u00edculos el\u00e9tricos\" \/>\n<meta property=\"og:description\" content=\"A General Motors informou que agora planeja investir US$ 27 bilh\u00f5es em ve\u00edculos el\u00e9tricos at\u00e9 2025. Clique aqui para saber mais.\" \/>\n<meta property=\"og:url\" content=\"https:\/\/www.suno.com.br\/noticias\/general-motors-acelera-lancamento-de-veiculos-eletricos\/\" \/>\n<meta property=\"og:site_name\" content=\"Suno Not\u00edcias\" \/>\n<meta property=\"article:publisher\" content=\"https:\/\/facebook.com\/sunoresearch\" \/>\n<meta property=\"og:image\" content=\"https:\/\/files.sunoresearch.com.br\/n\/uploads\/2020\/11\/af5eb081-1200px-chevrolet_volt_was_2017_1739.jpg\" \/>\n\t<meta property=\"og:image:width\" content=\"570\" \/>\n\t<meta property=\"og:image:height\" content=\"380\" \/>\n\t<meta property=\"og:image:type\" content=\"image\/jpeg\" \/>\n<meta name=\"author\" content=\"Rafaela La Regina\" \/>\n<meta name=\"twitter:card\" content=\"summary_large_image\" \/>\n<meta name=\"twitter:creator\" content=\"@sunoresearch\" \/>\n<meta name=\"twitter:site\" content=\"@sunoresearch\" \/>\n<meta name=\"twitter:label1\" content=\"Escrito por\" \/>\n\t<meta name=\"twitter:data1\" content=\"Rafaela La Regina\" \/>\n\t<meta name=\"twitter:label2\" content=\"Est. tempo de leitura\" \/>\n\t<meta name=\"twitter:data2\" content=\"2 minutos\" \/>\n<script type=\"application\/ld+json\" class=\"yoast-schema-graph\">{\"@context\":\"https:\/\/schema.org\",\"@graph\":[{\"@type\":\"NewsArticle\",\"@id\":\"https:\/\/www.suno.com.br\/noticias\/general-motors-acelera-lancamento-de-veiculos-eletricos\/#article\",\"isPartOf\":{\"@id\":\"https:\/\/www.suno.com.br\/noticias\/general-motors-acelera-lancamento-de-veiculos-eletricos\/\"},\"author\":{\"name\":\"Rafaela La Regina\",\"@id\":\"https:\/\/www.suno.com.br\/noticias\/#\/schema\/person\/e672ca8cea627fe715fa29bca7da95e0\"},\"headline\":\"General Motors acelera lan\u00e7amento de ve\u00edculos el\u00e9tricos\",\"datePublished\":\"2020-11-19T22:11:47+00:00\",\"dateModified\":\"2021-05-11T01:49:29+00:00\",\"mainEntityOfPage\":{\"@id\":\"https:\/\/www.suno.com.br\/noticias\/general-motors-acelera-lancamento-de-veiculos-eletricos\/\"},\"wordCount\":376,\"publisher\":{\"@id\":\"https:\/\/www.suno.com.br\/noticias\/#organization\"},\"image\":{\"@id\":\"https:\/\/www.suno.com.br\/noticias\/general-motors-acelera-lancamento-de-veiculos-eletricos\/#primaryimage\"},\"thumbnailUrl\":\"https:\/\/files.sunoresearch.com.br\/n\/uploads\/2020\/11\/af5eb081-1200px-chevrolet_volt_was_2017_1739-jpg.webp\",\"keywords\":[\"General Motors (GMCO34)\"],\"articleSection\":[\"Pol\u00edtica\"],\"inLanguage\":\"pt-BR\"},{\"@type\":\"WebPage\",\"@id\":\"https:\/\/www.suno.com.br\/noticias\/general-motors-acelera-lancamento-de-veiculos-eletricos\/\",\"url\":\"https:\/\/www.suno.com.br\/noticias\/general-motors-acelera-lancamento-de-veiculos-eletricos\/\",\"name\":\"General Motors acelera lan\u00e7amento de ve\u00edculos el\u00e9tricos\",\"isPartOf\":{\"@id\":\"https:\/\/www.suno.com.br\/noticias\/#website\"},\"primaryImageOfPage\":{\"@id\":\"https:\/\/www.suno.com.br\/noticias\/general-motors-acelera-lancamento-de-veiculos-eletricos\/#primaryimage\"},\"image\":{\"@id\":\"https:\/\/www.suno.com.br\/noticias\/general-motors-acelera-lancamento-de-veiculos-eletricos\/#primaryimage\"},\"thumbnailUrl\":\"https:\/\/files.sunoresearch.com.br\/n\/uploads\/2020\/11\/af5eb081-1200px-chevrolet_volt_was_2017_1739-jpg.webp\",\"datePublished\":\"2020-11-19T22:11:47+00:00\",\"dateModified\":\"2021-05-11T01:49:29+00:00\",\"description\":\"A General Motors informou que agora planeja investir US$ 27 bilh\u00f5es em ve\u00edculos el\u00e9tricos at\u00e9 2025. Clique aqui para saber mais.\",\"breadcrumb\":{\"@id\":\"https:\/\/www.suno.com.br\/noticias\/general-motors-acelera-lancamento-de-veiculos-eletricos\/#breadcrumb\"},\"inLanguage\":\"pt-BR\",\"potentialAction\":[{\"@type\":\"ReadAction\",\"target\":[\"https:\/\/www.suno.com.br\/noticias\/general-motors-acelera-lancamento-de-veiculos-eletricos\/\"]}]},{\"@type\":\"ImageObject\",\"inLanguage\":\"pt-BR\",\"@id\":\"https:\/\/www.suno.com.br\/noticias\/general-motors-acelera-lancamento-de-veiculos-eletricos\/#primaryimage\",\"url\":\"https:\/\/files.sunoresearch.com.br\/n\/uploads\/2020\/11\/af5eb081-1200px-chevrolet_volt_was_2017_1739-jpg.webp\",\"contentUrl\":\"https:\/\/files.sunoresearch.com.br\/n\/uploads\/2020\/11\/af5eb081-1200px-chevrolet_volt_was_2017_1739-jpg.webp\",\"width\":570,\"height\":380,\"caption\":\"General Motors acelera lan\u00e7amento de ve\u00edculos el\u00e9tricos\"},{\"@type\":\"BreadcrumbList\",\"@id\":\"https:\/\/www.suno.com.br\/noticias\/general-motors-acelera-lancamento-de-veiculos-eletricos\/#breadcrumb\",\"itemListElement\":[{\"@type\":\"ListItem\",\"position\":1,\"name\":\"Not\u00edcias\",\"item\":\"https:\/\/www.suno.com.br\/noticias\/\"},{\"@type\":\"ListItem\",\"position\":2,\"name\":\"Pol\u00edtica\",\"item\":\"https:\/\/www.suno.com.br\/noticias\/politica\/\"},{\"@type\":\"ListItem\",\"position\":3,\"name\":\"General Motors acelera lan\u00e7amento de ve\u00edculos el\u00e9tricos\"}]},{\"@type\":\"WebSite\",\"@id\":\"https:\/\/www.suno.com.br\/noticias\/#website\",\"url\":\"https:\/\/www.suno.com.br\/noticias\/\",\"name\":\"Suno Not\u00edcias\",\"description\":\"Seu portal de informa\u00e7\u00e3o sobre o mundo dos investimentos\",\"publisher\":{\"@id\":\"https:\/\/www.suno.com.br\/noticias\/#organization\"},\"potentialAction\":[{\"@type\":\"SearchAction\",\"target\":{\"@type\":\"EntryPoint\",\"urlTemplate\":\"https:\/\/www.suno.com.br\/noticias\/?s={search_term_string}\"},\"query-input\":{\"@type\":\"PropertyValueSpecification\",\"valueRequired\":true,\"valueName\":\"search_term_string\"}}],\"inLanguage\":\"pt-BR\"},{\"@type\":\"Organization\",\"@id\":\"https:\/\/www.suno.com.br\/noticias\/#organization\",\"name\":\"Suno Not\u00edcias\",\"url\":\"https:\/\/www.suno.com.br\/noticias\/\",\"logo\":{\"@type\":\"ImageObject\",\"inLanguage\":\"pt-BR\",\"@id\":\"https:\/\/www.suno.com.br\/noticias\/#\/schema\/logo\/image\/\",\"url\":\"https:\/\/files.sunoresearch.com.br\/n\/uploads\/2021\/09\/suno-logo.png\",\"contentUrl\":\"https:\/\/files.sunoresearch.com.br\/n\/uploads\/2021\/09\/suno-logo.png\",\"width\":180,\"height\":180,\"caption\":\"Suno Not\u00edcias\"},\"image\":{\"@id\":\"https:\/\/www.suno.com.br\/noticias\/#\/schema\/logo\/image\/\"},\"sameAs\":[\"https:\/\/facebook.com\/sunoresearch\",\"https:\/\/x.com\/sunoresearch\",\"https:\/\/www.instagram.com\/suno\",\"https:\/\/www.linkedin.com\/company\/suno-research\/\",\"https:\/\/www.youtube.com\/c\/sunoresearch\"]},{\"@type\":\"Person\",\"@id\":\"https:\/\/www.suno.com.br\/noticias\/#\/schema\/person\/e672ca8cea627fe715fa29bca7da95e0\",\"name\":\"Rafaela La Regina\",\"image\":{\"@type\":\"ImageObject\",\"inLanguage\":\"pt-BR\",\"@id\":\"https:\/\/www.suno.com.br\/noticias\/#\/schema\/person\/image\/\",\"url\":\"https:\/\/secure.gravatar.com\/avatar\/d2c75a52d243deb93d0465fdcb21bd37?s=96&r=g\",\"contentUrl\":\"https:\/\/secure.gravatar.com\/avatar\/d2c75a52d243deb93d0465fdcb21bd37?s=96&r=g\",\"caption\":\"Rafaela La Regina\"},\"description\":\"Estagi\u00e1ria no Suno Not\u00edcias. Escreve sobre economia, pol\u00edtica e neg\u00f3cios. Estuda Rela\u00e7\u00f5es Internacionais no IBMEC-SP.\",\"url\":\"https:\/\/www.suno.com.br\/noticias\/author\/rafaela-la-regina\/\"}]}<\/script>\n<!-- \/ Yoast SEO plugin. -->","yoast_head_json":{"title":"General Motors acelera lan\u00e7amento de ve\u00edculos el\u00e9tricos","description":"A General Motors informou que agora planeja investir US$ 27 bilh\u00f5es em ve\u00edculos el\u00e9tricos at\u00e9 2025. Clique aqui para saber mais.","robots":{"index":"index","follow":"follow","max-snippet":"max-snippet:-1","max-image-preview":"max-image-preview:large","max-video-preview":"max-video-preview:-1"},"canonical":"https:\/\/www.suno.com.br\/noticias\/general-motors-acelera-lancamento-de-veiculos-eletricos\/","og_locale":"pt_BR","og_type":"article","og_title":"General Motors acelera lan\u00e7amento de ve\u00edculos el\u00e9tricos","og_description":"A General Motors informou que agora planeja investir US$ 27 bilh\u00f5es em ve\u00edculos el\u00e9tricos at\u00e9 2025. Clique aqui para saber mais.","og_url":"https:\/\/www.suno.com.br\/noticias\/general-motors-acelera-lancamento-de-veiculos-eletricos\/","og_site_name":"Suno Not\u00edcias","article_publisher":"https:\/\/facebook.com\/sunoresearch","og_image":[{"width":570,"height":380,"url":"https:\/\/files.sunoresearch.com.br\/n\/uploads\/2020\/11\/af5eb081-1200px-chevrolet_volt_was_2017_1739.jpg","type":"image\/jpeg"}],"author":"Rafaela La Regina","twitter_card":"summary_large_image","twitter_creator":"@sunoresearch","twitter_site":"@sunoresearch","twitter_misc":{"Escrito por":"Rafaela La Regina","Est. tempo de leitura":"2 minutos"},"schema":{"@context":"https:\/\/schema.org","@graph":[{"@type":"NewsArticle","@id":"https:\/\/www.suno.com.br\/noticias\/general-motors-acelera-lancamento-de-veiculos-eletricos\/#article","isPartOf":{"@id":"https:\/\/www.suno.com.br\/noticias\/general-motors-acelera-lancamento-de-veiculos-eletricos\/"},"author":{"name":"Rafaela La Regina","@id":"https:\/\/www.suno.com.br\/noticias\/#\/schema\/person\/e672ca8cea627fe715fa29bca7da95e0"},"headline":"General Motors acelera lan\u00e7amento de ve\u00edculos el\u00e9tricos","datePublished":"2020-11-19T22:11:47+00:00","dateModified":"2021-05-11T01:49:29+00:00","mainEntityOfPage":{"@id":"https:\/\/www.suno.com.br\/noticias\/general-motors-acelera-lancamento-de-veiculos-eletricos\/"},"wordCount":376,"publisher":{"@id":"https:\/\/www.suno.com.br\/noticias\/#organization"},"image":{"@id":"https:\/\/www.suno.com.br\/noticias\/general-motors-acelera-lancamento-de-veiculos-eletricos\/#primaryimage"},"thumbnailUrl":"https:\/\/files.sunoresearch.com.br\/n\/uploads\/2020\/11\/af5eb081-1200px-chevrolet_volt_was_2017_1739-jpg.webp","keywords":["General Motors (GMCO34)"],"articleSection":["Pol\u00edtica"],"inLanguage":"pt-BR"},{"@type":"WebPage","@id":"https:\/\/www.suno.com.br\/noticias\/general-motors-acelera-lancamento-de-veiculos-eletricos\/","url":"https:\/\/www.suno.com.br\/noticias\/general-motors-acelera-lancamento-de-veiculos-eletricos\/","name":"General Motors acelera lan\u00e7amento de ve\u00edculos el\u00e9tricos","isPartOf":{"@id":"https:\/\/www.suno.com.br\/noticias\/#website"},"primaryImageOfPage":{"@id":"https:\/\/www.suno.com.br\/noticias\/general-motors-acelera-lancamento-de-veiculos-eletricos\/#primaryimage"},"image":{"@id":"https:\/\/www.suno.com.br\/noticias\/general-motors-acelera-lancamento-de-veiculos-eletricos\/#primaryimage"},"thumbnailUrl":"https:\/\/files.sunoresearch.com.br\/n\/uploads\/2020\/11\/af5eb081-1200px-chevrolet_volt_was_2017_1739-jpg.webp","datePublished":"2020-11-19T22:11:47+00:00","dateModified":"2021-05-11T01:49:29+00:00","description":"A General Motors informou que agora planeja investir US$ 27 bilh\u00f5es em ve\u00edculos el\u00e9tricos at\u00e9 2025. Clique aqui para saber mais.","breadcrumb":{"@id":"https:\/\/www.suno.com.br\/noticias\/general-motors-acelera-lancamento-de-veiculos-eletricos\/#breadcrumb"},"inLanguage":"pt-BR","potentialAction":[{"@type":"ReadAction","target":["https:\/\/www.suno.com.br\/noticias\/general-motors-acelera-lancamento-de-veiculos-eletricos\/"]}]},{"@type":"ImageObject","inLanguage":"pt-BR","@id":"https:\/\/www.suno.com.br\/noticias\/general-motors-acelera-lancamento-de-veiculos-eletricos\/#primaryimage","url":"https:\/\/files.sunoresearch.com.br\/n\/uploads\/2020\/11\/af5eb081-1200px-chevrolet_volt_was_2017_1739-jpg.webp","contentUrl":"https:\/\/files.sunoresearch.com.br\/n\/uploads\/2020\/11\/af5eb081-1200px-chevrolet_volt_was_2017_1739-jpg.webp","width":570,"height":380,"caption":"General Motors acelera lan\u00e7amento de ve\u00edculos el\u00e9tricos"},{"@type":"BreadcrumbList","@id":"https:\/\/www.suno.com.br\/noticias\/general-motors-acelera-lancamento-de-veiculos-eletricos\/#breadcrumb","itemListElement":[{"@type":"ListItem","position":1,"name":"Not\u00edcias","item":"https:\/\/www.suno.com.br\/noticias\/"},{"@type":"ListItem","position":2,"name":"Pol\u00edtica","item":"https:\/\/www.suno.com.br\/noticias\/politica\/"},{"@type":"ListItem","position":3,"name":"General Motors acelera lan\u00e7amento de ve\u00edculos el\u00e9tricos"}]},{"@type":"WebSite","@id":"https:\/\/www.suno.com.br\/noticias\/#website","url":"https:\/\/www.suno.com.br\/noticias\/","name":"Suno Not\u00edcias","description":"Seu portal de informa\u00e7\u00e3o sobre o mundo dos investimentos","publisher":{"@id":"https:\/\/www.suno.com.br\/noticias\/#organization"},"potentialAction":[{"@type":"SearchAction","target":{"@type":"EntryPoint","urlTemplate":"https:\/\/www.suno.com.br\/noticias\/?s={search_term_string}"},"query-input":{"@type":"PropertyValueSpecification","valueRequired":true,"valueName":"search_term_string"}}],"inLanguage":"pt-BR"},{"@type":"Organization","@id":"https:\/\/www.suno.com.br\/noticias\/#organization","name":"Suno Not\u00edcias","url":"https:\/\/www.suno.com.br\/noticias\/","logo":{"@type":"ImageObject","inLanguage":"pt-BR","@id":"https:\/\/www.suno.com.br\/noticias\/#\/schema\/logo\/image\/","url":"https:\/\/files.sunoresearch.com.br\/n\/uploads\/2021\/09\/suno-logo.png","contentUrl":"https:\/\/files.sunoresearch.com.br\/n\/uploads\/2021\/09\/suno-logo.png","width":180,"height":180,"caption":"Suno Not\u00edcias"},"image":{"@id":"https:\/\/www.suno.com.br\/noticias\/#\/schema\/logo\/image\/"},"sameAs":["https:\/\/facebook.com\/sunoresearch","https:\/\/x.com\/sunoresearch","https:\/\/www.instagram.com\/suno","https:\/\/www.linkedin.com\/company\/suno-research\/","https:\/\/www.youtube.com\/c\/sunoresearch"]},{"@type":"Person","@id":"https:\/\/www.suno.com.br\/noticias\/#\/schema\/person\/e672ca8cea627fe715fa29bca7da95e0","name":"Rafaela La Regina","image":{"@type":"ImageObject","inLanguage":"pt-BR","@id":"https:\/\/www.suno.com.br\/noticias\/#\/schema\/person\/image\/","url":"https:\/\/secure.gravatar.com\/avatar\/d2c75a52d243deb93d0465fdcb21bd37?s=96&r=g","contentUrl":"https:\/\/secure.gravatar.com\/avatar\/d2c75a52d243deb93d0465fdcb21bd37?s=96&r=g","caption":"Rafaela La Regina"},"description":"Estagi\u00e1ria no Suno Not\u00edcias. Escreve sobre economia, pol\u00edtica e neg\u00f3cios. Estuda Rela\u00e7\u00f5es Internacionais no IBMEC-SP.","url":"https:\/\/www.suno.com.br\/noticias\/author\/rafaela-la-regina\/"}]}},"default_loop_html":"<div class=\"cardsPage__listCard__boxs\"><div class=\"cardsPage__listCard__boxs__img\"><a href=\"https:\/\/www.suno.com.br\/noticias\/general-motors-acelera-lancamento-de-veiculos-eletricos\/\"><img class=\"mask\" src=\"https:\/\/www.suno.com.br\/noticias\/wp-content\/themes\/suno\/resources\/images\/spotlight\/spotlight1img\/bg-mask.png\" alt=\"Image Mask\"\/><img src=\"https:\/\/files.sunoresearch.com.br\/n\/uploads\/2020\/11\/af5eb081-1200px-chevrolet_volt_was_2017_1739-400x200.webp\" alt=\"General Motors acelera lan\u00e7amento de ve\u00edculos el\u00e9tricos\"\/><\/a><span class=\"spotlightCategory\"><a href=\"https:\/\/www.suno.com.br\/noticias\/politica\/\">Pol\u00edtica<\/a><\/span><\/div><div class=\"cardsPage__listCard__boxs__content\"><a href=\"https:\/\/www.suno.com.br\/noticias\/general-motors-acelera-lancamento-de-veiculos-eletricos\/\"><h2 class=\"content__title\">General Motors acelera lan\u00e7amento de ve\u00edculos el\u00e9tricos<\/h2><\/a><div class=\"newsContent__article__meta\"><div class=\"newsContent__article__meta__authorBox\"><a href=\"https:\/\/www.suno.com.br\/noticias\/author\/rafaela-la-regina\/\" class=\"authorBox__avatar noMobi\"><img src=\"https:\/\/secure.gravatar.com\/avatar\/d2c75a52d243deb93d0465fdcb21bd37?s=96&#038;r=g\" alt=\"Rafaela La Regina\"><\/a><div class=\"authorBox__name\"><span>por\n\t\t\t<a href=\"https:\/\/www.suno.com.br\/noticias\/author\/rafaela-la-regina\/\"><span itemprop=\"author\">Rafaela La Regina<\/span><\/a><\/span><time datetime=\"2020-11-19T19:11:47-03:00\" itemprop=\"datePublished\">19\/11\/2020 19:11<\/time><\/div><\/div><\/div><\/div><\/div>","single_layout":"posts","amp_enabled":true,"_links":{"self":[{"href":"https:\/\/www.suno.com.br\/noticias\/wp-json\/wp\/v2\/posts\/101795"}],"collection":[{"href":"https:\/\/www.suno.com.br\/noticias\/wp-json\/wp\/v2\/posts"}],"about":[{"href":"https:\/\/www.suno.com.br\/noticias\/wp-json\/wp\/v2\/types\/post"}],"author":[{"embeddable":true,"href":"https:\/\/www.suno.com.br\/noticias\/wp-json\/wp\/v2\/users\/56"}],"replies":[{"embeddable":true,"href":"https:\/\/www.suno.com.br\/noticias\/wp-json\/wp\/v2\/comments?post=101795"}],"version-history":[{"count":1,"href":"https:\/\/www.suno.com.br\/noticias\/wp-json\/wp\/v2\/posts\/101795\/revisions"}],"predecessor-version":[{"id":146857,"href":"https:\/\/www.suno.com.br\/noticias\/wp-json\/wp\/v2\/posts\/101795\/revisions\/146857"}],"wp:featuredmedia":[{"embeddable":true,"href":"https:\/\/www.suno.com.br\/noticias\/wp-json\/wp\/v2\/media\/101819"}],"wp:attachment":[{"href":"https:\/\/www.suno.com.br\/noticias\/wp-json\/wp\/v2\/media?parent=101795"}],"wp:term":[{"taxonomy":"category","embeddable":true,"href":"https:\/\/www.suno.com.br\/noticias\/wp-json\/wp\/v2\/categories?post=101795"},{"taxonomy":"post_tag","embeddable":true,"href":"https:\/\/www.suno.com.br\/noticias\/wp-json\/wp\/v2\/tags?post=101795"},{"taxonomy":"suno_strategy","embeddable":true,"href":"https:\/\/www.suno.com.br\/noticias\/wp-json\/wp\/v2\/suno_strategy?post=101795"}],"curies":[{"name":"wp","href":"https:\/\/api.w.org\/{rel}","templated":true}]}}