{"id":101732,"date":"2020-11-19T19:18:54","date_gmt":"2020-11-19T22:18:54","guid":{"rendered":"https:\/\/www.suno.com.br\/noticias\/?p=101732"},"modified":"2020-11-19T23:36:01","modified_gmt":"2020-11-20T02:36:01","slug":"petrorio-prio3-aumento-de-capital","status":"publish","type":"post","link":"https:\/\/www.suno.com.br\/noticias\/petrorio-prio3-aumento-de-capital\/","title":{"rendered":"PetroRio (PRIO3) pode fazer aumento de capital por campos do pr\u00e9-sal, diz CEO"},"content":{"rendered":"<p>Ap\u00f3s <a href=\"https:\/\/www.suno.com.br\/noticias\/petrorio-compra-pre-sal\/\">o an\u00fancio da aquisi\u00e7\u00e3o dos campos de Wahoo<\/a> e Itaipu, do pr\u00e9-sal, nesta quinta-feira (19), a <a href=\"https:\/\/www.suno.com.br\/acoes\/prio3\/\"><strong>PetroRio<\/strong> (PRIO3)<\/a> pode realizar um <a href=\"https:\/\/www.suno.com.br\/artigos\/aumento-capital\/\">aumento de capital<\/a> da empresa, listada na <a href=\"https:\/\/www.suno.com.br\/artigos\/b3\/\">Bolsa de Valores de S\u00e3o Paulo (B3)<\/a>, para viabilizar a opera\u00e7\u00e3o da extra\u00e7\u00e3o de petr\u00f3leo, que deve come\u00e7ar no m\u00e9dio prazo.<\/p>\t<div class=\"wrapper-featured-image\">\n\t\t<figure class=\"spotlightImg\">\n\n\t\t\t<picture>\n\t\t\t\t<source media=\"(max-width: 768px)\" srcset=\"https:\/\/files.sunoresearch.com.br\/n\/uploads\/2019\/11\/7c2ab07f-petrorio-400x200.webp\">\n\t\t\t\t<img loading=\"lazy\" decoding=\"async\" class=\"newsContent__article__imgCapa lazyloadDisabled \" src=\"https:\/\/files.sunoresearch.com.br\/n\/uploads\/2019\/11\/7c2ab07f-petrorio-800x450.webp\" width=\"800\" height=\"450\" alt=\"PetroRio (PRIO3) pode fazer aumento de capital por campos do pr\u00e9-sal, diz CEO\" fetchpriority=high \/>\n\t\t\t<\/picture>\n\n\t\t\t<figcaption class=\"wp-caption-text wp-caption-text--show\">PRIO, ex-PetroRio, (PRIO3). Foto: Divulga\u00e7\u00e3o<\/figcaption>\n\t\t<\/figure>\n\t<\/div>\n\n\n<p><b>\t<p>\n\t\t<a href=\"\" target=\"_blank\" data-element=\"shortcode-suno-banner\" title=\"Banner SUNO, clique e saiba mais\">\n\t\t\t<picture>\n\t\t\t\t<source media=\"(max-width: 500px)\" srcset=\"\">\n\t\t\t\t<img class=\"newsContent__article__imgCapa newsContent__article__imgCapa--banner\"\n\t\t\t\t\tsrc=\"\"\n\t\t\t\t\tdata-promo-id=\"101302\"\t\t\t\t\t\t\t\t\t\t\t\t\t\t\talt=\"\"\n\t\t\t\t>\n\t\t\t<\/picture>\n\t\t<\/a>\n\t<\/p>\n\n<\/b><\/p>\n<p>De acordo com o <a href=\"https:\/\/www.suno.com.br\/artigos\/ceo\/\">CEO<\/a> da PetroRio, Roberto Monteiro, em entrevista ao <strong>SUNO Not\u00edcias<\/strong>, a empresa pode tomar d\u00edvida ou fazer um aumento de capital para viabilizar a opera\u00e7\u00e3o dos novos campos. Esse\u00a0aumento de capital \u00e9 uma fonte de financiamento que viabiliza o desenvolvimento de novos projetos dentro de uma companhia.<\/p>\n<p>&#8220;Existe a possibilidade de fazermos um <strong><a href=\"https:\/\/www.suno.com.br\/artigos\/aumento-capital\/\">aumento de capital<\/a><\/strong> desde que os valores sejam corretos, se as condi\u00e7\u00f5es sejam favor\u00e1veis. N\u00e3o estou dizendo que as condi\u00e7\u00f5es precisam ser espetaculares, mas voc\u00ea tem que estar em um mercado funcional&#8221;, disse o CEO da PetroRio.<\/p>\n<p><b>\t<p>\n\t\t<a href=\"\" target=\"_blank\" data-element=\"shortcode-suno-banner\" title=\"Banner SUNO, clique e saiba mais\">\n\t\t\t<picture>\n\t\t\t\t<source media=\"(max-width: 500px)\" srcset=\"\">\n\t\t\t\t<img class=\"newsContent__article__imgCapa newsContent__article__imgCapa--banner\"\n\t\t\t\t\tsrc=\"\"\n\t\t\t\t\tdata-promo-id=\"101302\"\t\t\t\t\t\t\t\t\t\t\t\t\t\t\talt=\"\"\n\t\t\t\t>\n\t\t\t<\/picture>\n\t\t<\/a>\n\t<\/p>\n\n<\/b><\/p>\n<p>Para Monteiro, atualmente, por\u00e9m, a <strong>volatilidade<\/strong> do mercado, dado a pandemia causada pelo <a href=\"https:\/\/www.suno.com.br\/noticias\/tags\/coronavirus\/\">coronav\u00edrus (covid-19)<\/a>, ainda pesa na decis\u00e3o acerca da capta\u00e7\u00e3o de dinheiro no mercado de capitais.<\/p>\n<p>&#8220;Hoje, por exemplo, embora [as a\u00e7\u00f5es da empresa] estejam subindo forte, voc\u00ea ainda tem o medo da pandemia, n\u00e3o est\u00e1 algo muito funcional. Ent\u00e3o vamos esperar o momento certo, quando todos esses ventos tenham come\u00e7ado a passar, e devemos acessar o mercado sem problemas&#8221; afirmou.<\/p>\n<p>Para Igor Cavaca analista da Warren, a compra dos novos campos vai ao encontro do novo projeto da empresa de reestrutura\u00e7\u00e3o e sinergia entre as opera\u00e7\u00f5es.<\/p>\n<p>&#8220;A PetroRio j\u00e1 vem fazendo esse processo de reestrutura\u00e7\u00e3o e tem um projeto de investimento bem expressivo e intenso. A empresa vem investindo bastante no processo de buscar novos ativos e conseguir estoque para o futuro&#8221;, disse.<\/p>\n<p>&#8220;No momento, agora, a estrat\u00e9gia de investimento est\u00e1 sendo colocado em pr\u00e1tica e esses po\u00e7os s\u00e3o interessantes porque s\u00e3o pr\u00f3ximos que ela opera hoje&#8221;, concluiu.<\/p>\n<p>Confira a entrevista com Roberto Monteiro, CEO da PetroRio ao<strong> SUNO Not\u00edcias:<\/strong><\/p>\n<p style=\"text-align: center;\"><span style=\"font-size: 19.4286px; text-align: center;\">\u00a0\u2666<\/span><\/p>\n<p><strong>&#8211; Segundo a empresa, os ativos \u201cse encaixam perfeitamente na estrat\u00e9gia de gera\u00e7\u00e3o de valor da PetroRio\u201d. Quais v\u00e3o ser as sinergias criadas?<br \/>\n<\/strong>O nosso ponto \u00e9 o seguinte: voltando no tempo, fomos uma vez para o Golfo do M\u00e9xico, nos EUA, analisar uns ativos que estavam \u00e0 venda. Acabamos n\u00e3o comprando, mas uma coisa que identificamos naquele momento foi a resili\u00eancia dos ativos, na \u00e9poca, que tinham um custo de produ\u00e7\u00e3o baix\u00edssimo, eram excelentes ativos, mesmo sendo bem maduros.<\/p>\n<p>Rapidamente, identificamos o principal driver desse neg\u00f3cio que era o compartilhamento de infraestrutura. Esse era o grande neg\u00f3cio que aprendemos nesse momento. Come\u00e7amos a olhar os campos do Brasil desse jeito e isso foi o que vimos na transa\u00e7\u00e3o dos campos de Frade e Polvo, fazendo plano de emerg\u00eancia integrado, operando de maneira \u00fanica.<\/p>\n<p>Depois nos incentivou a olhar o campo de Tubar\u00e3o Martelo no detalhe, porque ali voc\u00ea podia dividir a infraestrutura de produ\u00e7\u00e3o, que \u00e9 o m\u00e1ximo dessa estrat\u00e9gia, e agora criamos o cluster de Tubar\u00e3o Martelo e Polvo e \u00e9 esse o nosso racional.<\/p>\n<p>A gente traz volume de olho sem risco geol\u00f3gico para Frade e conseguimos compartilhar a infraestrutura. Ent\u00e3o o nome do jogo \u00e9 compartilhamento.<\/p>\n<p>O campo de Frade, j\u00e1 t\u00ednhamos olhado em 2015, mas era um desenvolvimento independente. Quando voc\u00ea olhava aquilo, aquele neg\u00f3cio n\u00e3o parava em p\u00e9 com o petr\u00f3leo a US$ 40, US$ 50.<\/p>\n<p>Mas, depois que compramos Frade, come\u00e7amos a pensar que colocando esse neg\u00f3cio ligado \u00e0 estrutura que eu j\u00e1 tenho, eu gasto uma fra\u00e7\u00e3o do <a href=\"https:\/\/www.suno.com.br\/artigos\/capex\/\">Capex<\/a> e o meu <a href=\"https:\/\/www.suno.com.br\/artigos\/opex\/\">Opex<\/a> \u00e9 quase zero pois o campo de Frade j\u00e1 est\u00e1 produzindo.<\/p>\n<p>O ponto de ser pr\u00e9-sal acaba ficando mais sobre a qualidade do \u00f3leo. Ent\u00e3o \u00e9 um \u00f3leo que flui bem, um \u00f3leo leve, que reduz ainda mais o risco que temos.<\/p>\n<p><strong>-O fato da profundidade n\u00e3o preocupa voc\u00eas dado o custo da extra\u00e7\u00e3o?<\/strong><br \/>\nN\u00e3o. Na verdade, a profundidade \u00e9 relacionada ao Capex, pois o po\u00e7o mais fundo \u00e9 mais caro. Ent\u00e3o, dentro do nosso Capex proposto, de US$ 800 milh\u00f5es, ele j\u00e1 leva em conta que o po\u00e7o ser\u00e1 feito, ele j\u00e1 leva em conta que esse po\u00e7o perfurado a 1.400 metros abaixo da \u00e1gua e que teremos que contratar uma sonda que tenha especifica\u00e7\u00e3o suficiente para fazer esse trabalho, mas \u00e9 a mesma sonda que faz o nosso po\u00e7o, da Petrobras ou da BP.<\/p>\n<p>Voc\u00ea contrata a sonda para fazer o trabalho. Do ponto de vista de instala\u00e7\u00e3o, temos a capacidade t\u00e9cnica de integrar o neg\u00f3cio todo, mas o desenvolvimento n\u00e3o \u00e9 t\u00e3o complexo, mesmo que profundos. Continuam sendo quatro po\u00e7os. Depois disso, voc\u00ea une os quatro po\u00e7os em uma coisa \u00fanica, que ele manda o \u00f3leo via duto.\u00a0N\u00e3o tem um grau de complexidade t\u00e3o grande.<\/p>\n<p><strong>-Queria entender quando voc\u00eas falam o indicador de d\u00edvida l\u00edquida\/Ebitda continuar\u00e1 dentro de faixas \u201cnormais e aceit\u00e1veis\u201d. Como voc\u00eas est\u00e3o estruturando o pagamento dessa opera\u00e7\u00e3o?<\/strong><br \/>\nO pagamento \u00e9 fixo de US$ 100 milh\u00f5es. Depois tem um earn-out, que \u00e9 um b\u00f4nus, se conseguirmos utilizar uma segunda acumula\u00e7\u00e3o. Mas, o pagamento fixo voc\u00ea tem US$ 17,5 milh\u00f5es dividido entre hoje e a aprova\u00e7\u00e3o da ANP, que deve ocorrer no ano que vem.<\/p>\n<p>Depois voc\u00ea tem mais US$ 15 milh\u00f5es em dezembro de 2021, e o restante, pouco mais de US$ 60 milh\u00f5es, \u00e9 pago ao longo do primeiro semestre de 2022. Isso que est\u00e1 a\u00ed cabe perfeitamente na nossa gera\u00e7\u00e3o de caixa.<\/p>\n<p>Com isso estamos bem tranquilos, sem passar de um n\u00edvel de alavancagem que voc\u00ea n\u00e3o queria. Mas a\u00ed voc\u00ea tem um outro n\u00edvel de aplica\u00e7\u00e3o no campo, que voc\u00ea precisa desenvolver o campo, que \u00e9 um dinheiro que come\u00e7ar\u00e1 a ser aplicado em 2022.<\/p>\n<p>E, para isso, teremos que recorrer ou um pouco mais de endividamento, mas \u00e9 um pouco mais pois nosso n\u00edvel de d\u00edvida\/Ebitda est\u00e1 em 1,9x e n\u00e3o queremos passar de 2,5x de jeito nenhum. Ent\u00e3o tem um espacinho de d\u00edvida ou fazer um aumento de capital.<\/p>\n<p><strong>-Ent\u00e3o esse aumento de capital est\u00e1 no radar da PetroRio?<\/strong><br \/>\nEst\u00e1 no radar. Existe a possibilidade de fazermos um aumento de capital desde que os valores sejam corretos, se as condi\u00e7\u00f5es sejam favor\u00e1veis. N\u00e3o estou dizendo que as condi\u00e7\u00f5es precisam ser espetaculares, mas voc\u00ea tem que estar em um mercado funcional.<\/p>\n<p>Hoje, por exemplo, embora [as a\u00e7\u00f5es da empresa] estejam subindo forte, voc\u00ea ainda tem o medo da pandemia, n\u00e3o est\u00e1 algo muito funcional. Ent\u00e3o vamos esperar o momento certo, quando todos esses ventos tenham come\u00e7ado a passar, e devemos acessar o mercado sem problemas.<\/p>\n<p><strong>-O come\u00e7o da extra\u00e7\u00e3o \u00e9 em dois anos?<\/strong><br \/>\nN\u00e3o. O come\u00e7o da extra\u00e7\u00e3o dos novos campos \u00e9 em dois anos depois do momento em que iniciarmos a instala\u00e7\u00e3o. Nesse tempo, ao longo do ano que vem, temos que ter a aprova\u00e7\u00e3o do Cade, ANP, declarar comercialidade e apresentar o plano de desenvolvimento para a ANP.<\/p>\n<p>Desse momento de tomar a decis\u00e3o, a gente tem dois anos.<\/p>\n<p><strong>-Quais as previs\u00f5es para o petr\u00f3leo nos pr\u00f3ximos anos. Voc\u00ea acha que voltaremos a 60-70 o barril ou mais, dado que o pr\u00e9-sal \u00e9 vi\u00e1vel apenas a partir de certa faixa?<br \/>\n<\/strong>Hoje, com o Brent a US$ 23 n\u00f3s empatamos com os custos. O Wahoo, especificamente, ele \u00e9 um \u00f3timo investimento. Rodamos com petr\u00f3leo a menos de US$ 30 e ele continua vi\u00e1vel, tanto investimento quanto tudo mais.<\/p>\n<p>Esse neg\u00f3cio agrega resili\u00eancia \u00e0 PetroRio, quando falamos do desenvolvimento do pr\u00e9-sal, voc\u00ea parte do pressuposto de criar um <em>cluster<\/em> sozinho, no meio do mar, longe da costa. O nosso n\u00e3o \u00e9 nada disso. Nosso neg\u00f3cio n\u00e3o \u00e9 Lula, \u00e9 menorzinho. Algo mais comedido, embora tecnicamente, seja pr\u00e9-sal.<\/p>\n<p><strong>-Quais s\u00e3o os pr\u00f3ximos passos? H\u00e1 algum plano de internacionaliza\u00e7\u00e3o da PetroRio?<br \/>\n<\/strong>A gente vai continuar fazendo M&amp;A, o M&amp;A est\u00e1 no nosso DNA. Vamos continuar fazendo isso.<\/p>\n<p>A gente chama internamente de aquisi\u00e7\u00f5es inteligentes. A primeira coisa que olhamos s\u00e3o coisas ao redor. Ou seja, ao redor dos cluster de Frade e ao redor do cluster de Polvo e Tubar\u00e3o Martelo pois voc\u00ea tem mais sinergia, ent\u00e3o esse \u00e9 o n\u00famero um.<\/p>\n<p>N\u00famero dois \u00e9 abrir um terceiro cluster na Bacia de Campos. O n\u00famero tr\u00eas da <strong>PetroRio<\/strong> seria abrir um cluster uma outra bacia. Em quarto lugar, pens\u00e1ssemos em uma aquisi\u00e7\u00e3o internacional, claro que pode mudar um pouco a partir da atratividade, ent\u00e3o isso poderia furar a fila.<\/p>\n<p><span style=\"font-weight: 400;\">\t<p>\n\t\t<a href=\"https:\/\/lp.suno.com.br\/planilha-de-controle-de-investimentos\/\" target=\"_blank\" data-element=\"shortcode-suno-banner\" title=\"Banner SUNO, clique e saiba mais\">\n\t\t\t<picture>\n\t\t\t\t<source media=\"(max-width: 500px)\" srcset=\"https:\/\/files.sunoresearch.com.br\/n\/uploads\/2023\/03\/400x300-Controle-de-Investimentos.png\">\n\t\t\t\t<img class=\"newsContent__article__imgCapa newsContent__article__imgCapa--banner\"\n\t\t\t\t\tsrc=\"https:\/\/files.sunoresearch.com.br\/n\/uploads\/2023\/03\/1420x240-Controle-de-Investimentos.png\"\n\t\t\t\t\tdata-promo-id=\"75934\"\t\t\t\t\t\t\t\t\t\twidth='1420' height='240'\t\t\t\t\talt=\"https:\/\/files.sunoresearch.com.br\/n\/uploads\/2023\/03\/1420x240-Controle-de-Investimentos.png\"\n\t\t\t\t>\n\t\t\t<\/picture>\n\t\t<\/a>\n\t<\/p>\n\n<\/span><\/p>\n","protected":false},"excerpt":{"rendered":"<p>Ap\u00f3s o an\u00fancio da aquisi\u00e7\u00e3o dos campos de Wahoo e Itaipu, do pr\u00e9-sal, nesta quinta-feira (19), a PetroRio (PRIO3) pode realizar um aumento de capital da empresa, listada na Bolsa de Valores de S\u00e3o Paulo (B3), para viabilizar a opera\u00e7\u00e3o da extra\u00e7\u00e3o de petr\u00f3leo, que deve come\u00e7ar no m\u00e9dio prazo. PRIO, ex-PetroRio, (PRIO3). Foto: Divulga\u00e7\u00e3o [&hellip;]<\/p>\n","protected":false},"author":27,"featured_media":46114,"comment_status":"closed","ping_status":"closed","sticky":false,"template":"","format":"standard","meta":[],"categories":[64],"tags":[1438,766,597,818],"suno_strategy":[],"class_list":["post-101732","post","type-post","status-publish","format-standard","has-post-thumbnail","hentry","category-negocios","tag-aumento-de-capital","tag-petroleo","tag-petrorio-prio3","tag-pre-sal"],"yoast_head":"<!-- This site is optimized with the Yoast SEO plugin v24.4 - https:\/\/yoast.com\/wordpress\/plugins\/seo\/ -->\n<title>PetroRio (PRIO3) pode fazer aumento de capital por pr\u00e9-sal, diz CEO<\/title>\n<meta name=\"description\" content=\"Segundo o CEO da PetroRio, a empresa pode tomar d\u00edvida ou fazer um aumento de capital para viabilizar a opera\u00e7\u00e3o. Clique para ler.\" \/>\n<meta name=\"robots\" content=\"index, follow, max-snippet:-1, max-image-preview:large, max-video-preview:-1\" \/>\n<link rel=\"canonical\" href=\"https:\/\/www.suno.com.br\/noticias\/petrorio-prio3-aumento-de-capital\/\" \/>\n<meta property=\"og:locale\" content=\"pt_BR\" \/>\n<meta property=\"og:type\" content=\"article\" \/>\n<meta property=\"og:title\" content=\"PetroRio (PRIO3) pode fazer aumento de capital por pr\u00e9-sal, diz CEO\" \/>\n<meta property=\"og:description\" content=\"Segundo o CEO da PetroRio, a empresa pode tomar d\u00edvida ou fazer um aumento de capital para viabilizar a opera\u00e7\u00e3o. Clique para ler.\" \/>\n<meta property=\"og:url\" content=\"https:\/\/www.suno.com.br\/noticias\/petrorio-prio3-aumento-de-capital\/\" \/>\n<meta property=\"og:site_name\" content=\"Suno Not\u00edcias\" \/>\n<meta property=\"article:publisher\" content=\"https:\/\/facebook.com\/sunoresearch\" \/>\n<meta property=\"og:image\" content=\"https:\/\/files.sunoresearch.com.br\/n\/uploads\/2019\/11\/7c2ab07f-petrorio.jpeg\" \/>\n\t<meta property=\"og:image:width\" content=\"2195\" \/>\n\t<meta property=\"og:image:height\" content=\"1420\" \/>\n\t<meta property=\"og:image:type\" content=\"image\/jpeg\" \/>\n<meta name=\"author\" content=\"Vinicius Pereira\" \/>\n<meta name=\"twitter:card\" content=\"summary_large_image\" \/>\n<meta name=\"twitter:creator\" content=\"@https:\/\/twitter.com\/viniciuspjornal\" \/>\n<meta name=\"twitter:site\" content=\"@sunoresearch\" \/>\n<meta name=\"twitter:label1\" content=\"Escrito por\" \/>\n\t<meta name=\"twitter:data1\" content=\"Vinicius Pereira\" \/>\n\t<meta name=\"twitter:label2\" content=\"Est. tempo de leitura\" \/>\n\t<meta name=\"twitter:data2\" content=\"8 minutos\" \/>\n<script type=\"application\/ld+json\" class=\"yoast-schema-graph\">{\"@context\":\"https:\/\/schema.org\",\"@graph\":[{\"@type\":\"NewsArticle\",\"@id\":\"https:\/\/www.suno.com.br\/noticias\/petrorio-prio3-aumento-de-capital\/#article\",\"isPartOf\":{\"@id\":\"https:\/\/www.suno.com.br\/noticias\/petrorio-prio3-aumento-de-capital\/\"},\"author\":{\"name\":\"Vinicius Pereira\",\"@id\":\"https:\/\/www.suno.com.br\/noticias\/#\/schema\/person\/a20761b96e4df7eb57f1f9e41be1dbf3\"},\"headline\":\"PetroRio (PRIO3) pode fazer aumento de capital por campos do pr\u00e9-sal, diz CEO\",\"datePublished\":\"2020-11-19T22:18:54+00:00\",\"dateModified\":\"2020-11-20T02:36:01+00:00\",\"mainEntityOfPage\":{\"@id\":\"https:\/\/www.suno.com.br\/noticias\/petrorio-prio3-aumento-de-capital\/\"},\"wordCount\":1517,\"publisher\":{\"@id\":\"https:\/\/www.suno.com.br\/noticias\/#organization\"},\"image\":{\"@id\":\"https:\/\/www.suno.com.br\/noticias\/petrorio-prio3-aumento-de-capital\/#primaryimage\"},\"thumbnailUrl\":\"https:\/\/files.sunoresearch.com.br\/n\/uploads\/2019\/11\/7c2ab07f-petrorio-jpeg.webp\",\"keywords\":[\"aumento de capital\",\"Petr\u00f3leo\",\"PetroRio (PRIO3)\",\"pr\u00e9-sal\"],\"articleSection\":[\"Neg\u00f3cios\"],\"inLanguage\":\"pt-BR\"},{\"@type\":\"WebPage\",\"@id\":\"https:\/\/www.suno.com.br\/noticias\/petrorio-prio3-aumento-de-capital\/\",\"url\":\"https:\/\/www.suno.com.br\/noticias\/petrorio-prio3-aumento-de-capital\/\",\"name\":\"PetroRio (PRIO3) pode fazer aumento de capital por pr\u00e9-sal, diz CEO\",\"isPartOf\":{\"@id\":\"https:\/\/www.suno.com.br\/noticias\/#website\"},\"primaryImageOfPage\":{\"@id\":\"https:\/\/www.suno.com.br\/noticias\/petrorio-prio3-aumento-de-capital\/#primaryimage\"},\"image\":{\"@id\":\"https:\/\/www.suno.com.br\/noticias\/petrorio-prio3-aumento-de-capital\/#primaryimage\"},\"thumbnailUrl\":\"https:\/\/files.sunoresearch.com.br\/n\/uploads\/2019\/11\/7c2ab07f-petrorio-jpeg.webp\",\"datePublished\":\"2020-11-19T22:18:54+00:00\",\"dateModified\":\"2020-11-20T02:36:01+00:00\",\"description\":\"Segundo o CEO da PetroRio, a empresa pode tomar d\u00edvida ou fazer um aumento de capital para viabilizar a opera\u00e7\u00e3o. Clique para ler.\",\"breadcrumb\":{\"@id\":\"https:\/\/www.suno.com.br\/noticias\/petrorio-prio3-aumento-de-capital\/#breadcrumb\"},\"inLanguage\":\"pt-BR\",\"potentialAction\":[{\"@type\":\"ReadAction\",\"target\":[\"https:\/\/www.suno.com.br\/noticias\/petrorio-prio3-aumento-de-capital\/\"]}]},{\"@type\":\"ImageObject\",\"inLanguage\":\"pt-BR\",\"@id\":\"https:\/\/www.suno.com.br\/noticias\/petrorio-prio3-aumento-de-capital\/#primaryimage\",\"url\":\"https:\/\/files.sunoresearch.com.br\/n\/uploads\/2019\/11\/7c2ab07f-petrorio-jpeg.webp\",\"contentUrl\":\"https:\/\/files.sunoresearch.com.br\/n\/uploads\/2019\/11\/7c2ab07f-petrorio-jpeg.webp\",\"width\":2195,\"height\":1420,\"caption\":\"PRIO, ex-PetroRio, (PRIO3). Foto: Divulga\u00e7\u00e3o\"},{\"@type\":\"BreadcrumbList\",\"@id\":\"https:\/\/www.suno.com.br\/noticias\/petrorio-prio3-aumento-de-capital\/#breadcrumb\",\"itemListElement\":[{\"@type\":\"ListItem\",\"position\":1,\"name\":\"Not\u00edcias\",\"item\":\"https:\/\/www.suno.com.br\/noticias\/\"},{\"@type\":\"ListItem\",\"position\":2,\"name\":\"Neg\u00f3cios\",\"item\":\"https:\/\/www.suno.com.br\/noticias\/negocios\/\"},{\"@type\":\"ListItem\",\"position\":3,\"name\":\"PetroRio (PRIO3) pode fazer aumento de capital por campos do pr\u00e9-sal, diz CEO\"}]},{\"@type\":\"WebSite\",\"@id\":\"https:\/\/www.suno.com.br\/noticias\/#website\",\"url\":\"https:\/\/www.suno.com.br\/noticias\/\",\"name\":\"Suno Not\u00edcias\",\"description\":\"Seu portal de informa\u00e7\u00e3o sobre o mundo dos investimentos\",\"publisher\":{\"@id\":\"https:\/\/www.suno.com.br\/noticias\/#organization\"},\"potentialAction\":[{\"@type\":\"SearchAction\",\"target\":{\"@type\":\"EntryPoint\",\"urlTemplate\":\"https:\/\/www.suno.com.br\/noticias\/?s={search_term_string}\"},\"query-input\":{\"@type\":\"PropertyValueSpecification\",\"valueRequired\":true,\"valueName\":\"search_term_string\"}}],\"inLanguage\":\"pt-BR\"},{\"@type\":\"Organization\",\"@id\":\"https:\/\/www.suno.com.br\/noticias\/#organization\",\"name\":\"Suno Not\u00edcias\",\"url\":\"https:\/\/www.suno.com.br\/noticias\/\",\"logo\":{\"@type\":\"ImageObject\",\"inLanguage\":\"pt-BR\",\"@id\":\"https:\/\/www.suno.com.br\/noticias\/#\/schema\/logo\/image\/\",\"url\":\"https:\/\/files.sunoresearch.com.br\/n\/uploads\/2021\/09\/suno-logo.png\",\"contentUrl\":\"https:\/\/files.sunoresearch.com.br\/n\/uploads\/2021\/09\/suno-logo.png\",\"width\":180,\"height\":180,\"caption\":\"Suno Not\u00edcias\"},\"image\":{\"@id\":\"https:\/\/www.suno.com.br\/noticias\/#\/schema\/logo\/image\/\"},\"sameAs\":[\"https:\/\/facebook.com\/sunoresearch\",\"https:\/\/x.com\/sunoresearch\",\"https:\/\/www.instagram.com\/suno\",\"https:\/\/www.linkedin.com\/company\/suno-research\/\",\"https:\/\/www.youtube.com\/c\/sunoresearch\"]},{\"@type\":\"Person\",\"@id\":\"https:\/\/www.suno.com.br\/noticias\/#\/schema\/person\/a20761b96e4df7eb57f1f9e41be1dbf3\",\"name\":\"Vinicius Pereira\",\"image\":{\"@type\":\"ImageObject\",\"inLanguage\":\"pt-BR\",\"@id\":\"https:\/\/www.suno.com.br\/noticias\/#\/schema\/person\/image\/\",\"url\":\"https:\/\/secure.gravatar.com\/avatar\/783866b933198f5cc4c5d03fcc8b1301?s=96&r=g\",\"contentUrl\":\"https:\/\/secure.gravatar.com\/avatar\/783866b933198f5cc4c5d03fcc8b1301?s=96&r=g\",\"caption\":\"Vinicius Pereira\"},\"description\":\"Vinicius Pereira foi rep\u00f3rter de economia da Folha de S.Paulo, stringer do jornal no Canad\u00e1 e colaborador de VEJA. J\u00e1 escreveu tamb\u00e9m para BBC Brasil, The Intercept Brasil e UOL. Tem MBA em Informa\u00e7\u00f5es Econ\u00f4mico-Financeiras e Mercado de Capitais pela FIA\/B3.\",\"sameAs\":[\"https:\/\/x.com\/https:\/\/twitter.com\/viniciuspjornal\"],\"url\":\"https:\/\/www.suno.com.br\/noticias\/author\/vinicius-pereira\/\"}]}<\/script>\n<!-- \/ Yoast SEO plugin. -->","yoast_head_json":{"title":"PetroRio (PRIO3) pode fazer aumento de capital por pr\u00e9-sal, diz CEO","description":"Segundo o CEO da PetroRio, a empresa pode tomar d\u00edvida ou fazer um aumento de capital para viabilizar a opera\u00e7\u00e3o. Clique para ler.","robots":{"index":"index","follow":"follow","max-snippet":"max-snippet:-1","max-image-preview":"max-image-preview:large","max-video-preview":"max-video-preview:-1"},"canonical":"https:\/\/www.suno.com.br\/noticias\/petrorio-prio3-aumento-de-capital\/","og_locale":"pt_BR","og_type":"article","og_title":"PetroRio (PRIO3) pode fazer aumento de capital por pr\u00e9-sal, diz CEO","og_description":"Segundo o CEO da PetroRio, a empresa pode tomar d\u00edvida ou fazer um aumento de capital para viabilizar a opera\u00e7\u00e3o. Clique para ler.","og_url":"https:\/\/www.suno.com.br\/noticias\/petrorio-prio3-aumento-de-capital\/","og_site_name":"Suno Not\u00edcias","article_publisher":"https:\/\/facebook.com\/sunoresearch","og_image":[{"width":2195,"height":1420,"url":"https:\/\/files.sunoresearch.com.br\/n\/uploads\/2019\/11\/7c2ab07f-petrorio.jpeg","type":"image\/jpeg"}],"author":"Vinicius Pereira","twitter_card":"summary_large_image","twitter_creator":"@https:\/\/twitter.com\/viniciuspjornal","twitter_site":"@sunoresearch","twitter_misc":{"Escrito por":"Vinicius Pereira","Est. tempo de leitura":"8 minutos"},"schema":{"@context":"https:\/\/schema.org","@graph":[{"@type":"NewsArticle","@id":"https:\/\/www.suno.com.br\/noticias\/petrorio-prio3-aumento-de-capital\/#article","isPartOf":{"@id":"https:\/\/www.suno.com.br\/noticias\/petrorio-prio3-aumento-de-capital\/"},"author":{"name":"Vinicius Pereira","@id":"https:\/\/www.suno.com.br\/noticias\/#\/schema\/person\/a20761b96e4df7eb57f1f9e41be1dbf3"},"headline":"PetroRio (PRIO3) pode fazer aumento de capital por campos do pr\u00e9-sal, diz CEO","datePublished":"2020-11-19T22:18:54+00:00","dateModified":"2020-11-20T02:36:01+00:00","mainEntityOfPage":{"@id":"https:\/\/www.suno.com.br\/noticias\/petrorio-prio3-aumento-de-capital\/"},"wordCount":1517,"publisher":{"@id":"https:\/\/www.suno.com.br\/noticias\/#organization"},"image":{"@id":"https:\/\/www.suno.com.br\/noticias\/petrorio-prio3-aumento-de-capital\/#primaryimage"},"thumbnailUrl":"https:\/\/files.sunoresearch.com.br\/n\/uploads\/2019\/11\/7c2ab07f-petrorio-jpeg.webp","keywords":["aumento de capital","Petr\u00f3leo","PetroRio (PRIO3)","pr\u00e9-sal"],"articleSection":["Neg\u00f3cios"],"inLanguage":"pt-BR"},{"@type":"WebPage","@id":"https:\/\/www.suno.com.br\/noticias\/petrorio-prio3-aumento-de-capital\/","url":"https:\/\/www.suno.com.br\/noticias\/petrorio-prio3-aumento-de-capital\/","name":"PetroRio (PRIO3) pode fazer aumento de capital por pr\u00e9-sal, diz CEO","isPartOf":{"@id":"https:\/\/www.suno.com.br\/noticias\/#website"},"primaryImageOfPage":{"@id":"https:\/\/www.suno.com.br\/noticias\/petrorio-prio3-aumento-de-capital\/#primaryimage"},"image":{"@id":"https:\/\/www.suno.com.br\/noticias\/petrorio-prio3-aumento-de-capital\/#primaryimage"},"thumbnailUrl":"https:\/\/files.sunoresearch.com.br\/n\/uploads\/2019\/11\/7c2ab07f-petrorio-jpeg.webp","datePublished":"2020-11-19T22:18:54+00:00","dateModified":"2020-11-20T02:36:01+00:00","description":"Segundo o CEO da PetroRio, a empresa pode tomar d\u00edvida ou fazer um aumento de capital para viabilizar a opera\u00e7\u00e3o. Clique para ler.","breadcrumb":{"@id":"https:\/\/www.suno.com.br\/noticias\/petrorio-prio3-aumento-de-capital\/#breadcrumb"},"inLanguage":"pt-BR","potentialAction":[{"@type":"ReadAction","target":["https:\/\/www.suno.com.br\/noticias\/petrorio-prio3-aumento-de-capital\/"]}]},{"@type":"ImageObject","inLanguage":"pt-BR","@id":"https:\/\/www.suno.com.br\/noticias\/petrorio-prio3-aumento-de-capital\/#primaryimage","url":"https:\/\/files.sunoresearch.com.br\/n\/uploads\/2019\/11\/7c2ab07f-petrorio-jpeg.webp","contentUrl":"https:\/\/files.sunoresearch.com.br\/n\/uploads\/2019\/11\/7c2ab07f-petrorio-jpeg.webp","width":2195,"height":1420,"caption":"PRIO, ex-PetroRio, (PRIO3). Foto: Divulga\u00e7\u00e3o"},{"@type":"BreadcrumbList","@id":"https:\/\/www.suno.com.br\/noticias\/petrorio-prio3-aumento-de-capital\/#breadcrumb","itemListElement":[{"@type":"ListItem","position":1,"name":"Not\u00edcias","item":"https:\/\/www.suno.com.br\/noticias\/"},{"@type":"ListItem","position":2,"name":"Neg\u00f3cios","item":"https:\/\/www.suno.com.br\/noticias\/negocios\/"},{"@type":"ListItem","position":3,"name":"PetroRio (PRIO3) pode fazer aumento de capital por campos do pr\u00e9-sal, diz CEO"}]},{"@type":"WebSite","@id":"https:\/\/www.suno.com.br\/noticias\/#website","url":"https:\/\/www.suno.com.br\/noticias\/","name":"Suno Not\u00edcias","description":"Seu portal de informa\u00e7\u00e3o sobre o mundo dos investimentos","publisher":{"@id":"https:\/\/www.suno.com.br\/noticias\/#organization"},"potentialAction":[{"@type":"SearchAction","target":{"@type":"EntryPoint","urlTemplate":"https:\/\/www.suno.com.br\/noticias\/?s={search_term_string}"},"query-input":{"@type":"PropertyValueSpecification","valueRequired":true,"valueName":"search_term_string"}}],"inLanguage":"pt-BR"},{"@type":"Organization","@id":"https:\/\/www.suno.com.br\/noticias\/#organization","name":"Suno Not\u00edcias","url":"https:\/\/www.suno.com.br\/noticias\/","logo":{"@type":"ImageObject","inLanguage":"pt-BR","@id":"https:\/\/www.suno.com.br\/noticias\/#\/schema\/logo\/image\/","url":"https:\/\/files.sunoresearch.com.br\/n\/uploads\/2021\/09\/suno-logo.png","contentUrl":"https:\/\/files.sunoresearch.com.br\/n\/uploads\/2021\/09\/suno-logo.png","width":180,"height":180,"caption":"Suno Not\u00edcias"},"image":{"@id":"https:\/\/www.suno.com.br\/noticias\/#\/schema\/logo\/image\/"},"sameAs":["https:\/\/facebook.com\/sunoresearch","https:\/\/x.com\/sunoresearch","https:\/\/www.instagram.com\/suno","https:\/\/www.linkedin.com\/company\/suno-research\/","https:\/\/www.youtube.com\/c\/sunoresearch"]},{"@type":"Person","@id":"https:\/\/www.suno.com.br\/noticias\/#\/schema\/person\/a20761b96e4df7eb57f1f9e41be1dbf3","name":"Vinicius Pereira","image":{"@type":"ImageObject","inLanguage":"pt-BR","@id":"https:\/\/www.suno.com.br\/noticias\/#\/schema\/person\/image\/","url":"https:\/\/secure.gravatar.com\/avatar\/783866b933198f5cc4c5d03fcc8b1301?s=96&r=g","contentUrl":"https:\/\/secure.gravatar.com\/avatar\/783866b933198f5cc4c5d03fcc8b1301?s=96&r=g","caption":"Vinicius Pereira"},"description":"Vinicius Pereira foi rep\u00f3rter de economia da Folha de S.Paulo, stringer do jornal no Canad\u00e1 e colaborador de VEJA. J\u00e1 escreveu tamb\u00e9m para BBC Brasil, The Intercept Brasil e UOL. Tem MBA em Informa\u00e7\u00f5es Econ\u00f4mico-Financeiras e Mercado de Capitais pela FIA\/B3.","sameAs":["https:\/\/x.com\/https:\/\/twitter.com\/viniciuspjornal"],"url":"https:\/\/www.suno.com.br\/noticias\/author\/vinicius-pereira\/"}]}},"default_loop_html":"<div class=\"cardsPage__listCard__boxs\"><div class=\"cardsPage__listCard__boxs__img\"><a href=\"https:\/\/www.suno.com.br\/noticias\/petrorio-prio3-aumento-de-capital\/\"><img class=\"mask\" src=\"https:\/\/www.suno.com.br\/noticias\/wp-content\/themes\/suno\/resources\/images\/spotlight\/spotlight1img\/bg-mask.png\" alt=\"Image Mask\"\/><img src=\"https:\/\/files.sunoresearch.com.br\/n\/uploads\/2019\/11\/7c2ab07f-petrorio-400x200.webp\" alt=\"PetroRio (PRIO3) pode fazer aumento de capital por campos do pr\u00e9-sal, diz CEO\"\/><\/a><span class=\"spotlightCategory\"><a href=\"https:\/\/www.suno.com.br\/noticias\/negocios\/\">Neg\u00f3cios<\/a><\/span><\/div><div class=\"cardsPage__listCard__boxs__content\"><a href=\"https:\/\/www.suno.com.br\/noticias\/petrorio-prio3-aumento-de-capital\/\"><h2 class=\"content__title\">PetroRio (PRIO3) pode fazer aumento de capital por campos do pr\u00e9-sal, diz CEO<\/h2><\/a><div class=\"newsContent__article__meta\"><div class=\"newsContent__article__meta__authorBox\"><a href=\"https:\/\/www.suno.com.br\/noticias\/author\/vinicius-pereira\/\" class=\"authorBox__avatar noMobi\"><img src=\"https:\/\/files.sunoresearch.com.br\/n\/uploads\/2020\/08\/77510613-whatsapp-image-2020-08-03-at-13.40.40-150x150.webp\" alt=\"Vinicius Pereira\"><\/a><div class=\"authorBox__name\"><span>por\n\t\t\t<a href=\"https:\/\/www.suno.com.br\/noticias\/author\/vinicius-pereira\/\"><span itemprop=\"author\">Vinicius Pereira<\/span><\/a><\/span><time datetime=\"2020-11-19T19:18:54-03:00\" itemprop=\"datePublished\">19\/11\/2020 19:18<\/time><\/div><\/div><\/div><\/div><\/div>","single_layout":"posts","amp_enabled":true,"_links":{"self":[{"href":"https:\/\/www.suno.com.br\/noticias\/wp-json\/wp\/v2\/posts\/101732"}],"collection":[{"href":"https:\/\/www.suno.com.br\/noticias\/wp-json\/wp\/v2\/posts"}],"about":[{"href":"https:\/\/www.suno.com.br\/noticias\/wp-json\/wp\/v2\/types\/post"}],"author":[{"embeddable":true,"href":"https:\/\/www.suno.com.br\/noticias\/wp-json\/wp\/v2\/users\/27"}],"replies":[{"embeddable":true,"href":"https:\/\/www.suno.com.br\/noticias\/wp-json\/wp\/v2\/comments?post=101732"}],"version-history":[{"count":0,"href":"https:\/\/www.suno.com.br\/noticias\/wp-json\/wp\/v2\/posts\/101732\/revisions"}],"wp:featuredmedia":[{"embeddable":true,"href":"https:\/\/www.suno.com.br\/noticias\/wp-json\/wp\/v2\/media\/46114"}],"wp:attachment":[{"href":"https:\/\/www.suno.com.br\/noticias\/wp-json\/wp\/v2\/media?parent=101732"}],"wp:term":[{"taxonomy":"category","embeddable":true,"href":"https:\/\/www.suno.com.br\/noticias\/wp-json\/wp\/v2\/categories?post=101732"},{"taxonomy":"post_tag","embeddable":true,"href":"https:\/\/www.suno.com.br\/noticias\/wp-json\/wp\/v2\/tags?post=101732"},{"taxonomy":"suno_strategy","embeddable":true,"href":"https:\/\/www.suno.com.br\/noticias\/wp-json\/wp\/v2\/suno_strategy?post=101732"}],"curies":[{"name":"wp","href":"https:\/\/api.w.org\/{rel}","templated":true}]}}