{"id":101551,"date":"2020-11-19T07:53:27","date_gmt":"2020-11-19T10:53:27","guid":{"rendered":"https:\/\/www.suno.com.br\/noticias\/?p=101551"},"modified":"2021-06-14T00:29:13","modified_gmt":"2021-06-14T03:29:13","slug":"agenda-do-dia-burger-king-eua-bce-19112020","status":"publish","type":"post","link":"https:\/\/www.suno.com.br\/noticias\/agenda-do-dia-burger-king-eua-bce-19112020\/","title":{"rendered":"Agenda do Dia: follow-on do BK, desemprego nos EUA e discurso do BCE"},"content":{"rendered":"<p>A <strong>Agenda do Dia<\/strong> desta quinta-feira (19) destaca os movimentos corporativos que v\u00e3o agitar o mercado hoje, al\u00e9m de dados econ\u00f4micos que podem chamar a aten\u00e7\u00e3o dos investidores.<\/p>\t<div class=\"wrapper-featured-image\">\n\t\t<figure class=\"spotlightImg\">\n\n\t\t\t<picture>\n\t\t\t\t<source media=\"(max-width: 768px)\" srcset=\"https:\/\/files.sunoresearch.com.br\/n\/uploads\/2020\/11\/309ce14d-bk3-400x200.webp\">\n\t\t\t\t<img loading=\"lazy\" decoding=\"async\" class=\"newsContent__article__imgCapa lazyloadDisabled \" src=\"https:\/\/files.sunoresearch.com.br\/n\/uploads\/2020\/11\/309ce14d-bk3-800x450.webp\" width=\"800\" height=\"450\" alt=\"Agenda do Dia: follow-on do BK, desemprego nos EUA e discurso do BCE\" fetchpriority=high \/>\n\t\t\t<\/picture>\n\n\t\t\t<figcaption class=\"wp-caption-text wp-caption-text--show\">A Agenda do Dia desta quinta-feira destaca os movimentos corporativos que v\u00e3o agitar o mercado hoje, al\u00e9m de dados econ\u00f4micos.<\/figcaption>\n\t\t<\/figure>\n\t<\/div>\n\n\n\t<p>\n\t\t<a href=\"\" target=\"_blank\" data-element=\"shortcode-suno-banner\" title=\"Banner SUNO, clique e saiba mais\">\n\t\t\t<picture>\n\t\t\t\t<source media=\"(max-width: 500px)\" srcset=\"\">\n\t\t\t\t<img class=\"newsContent__article__imgCapa newsContent__article__imgCapa--banner\"\n\t\t\t\t\tsrc=\"\"\n\t\t\t\t\tdata-promo-id=\"101302\"\t\t\t\t\t\t\t\t\t\t\t\t\t\t\talt=\"\"\n\t\t\t\t>\n\t\t\t<\/picture>\n\t\t<\/a>\n\t<\/p>\n\n\n<p>Vale lembrar que nesta quinta-feira estreiam na <a href=\"https:\/\/www.suno.com.br\/artigos\/b3\/\">Bolsa de Valores de S\u00e3o Paulo (B3)<\/a> as a\u00e7\u00f5es do <a href=\"https:\/\/www.suno.com.br\/acoes\/bkbr3\/\">Burger King (BKBR3)<\/a> ap\u00f3s o <a href=\"https:\/\/www.suno.com.br\/noticias\/burger-king-precifica\/\">follow-on precificado nesta semana<\/a>. Confira os destaques da Agenda do Dia:<\/p>\n<h2>Follow-on do Burger King \u00e9 destaque da Agenda do Dia<\/h2>\n<p>O <strong>Burger King<\/strong> informou, na noite da \u00faltima ter\u00e7a-feira (17), que precificou sua oferta subsequente de <strong>a\u00e7\u00f5es<\/strong> a R$ 10,80 cada um dos 47,25 milh\u00f5es de pap\u00e9is. A estreia das a\u00e7\u00f5es no mercado acontecer\u00e1 no preg\u00e3o de hoje.<\/p>\n<p><a href=\"https:\/\/lp.suno.com.br\/suno-one\/\">Suno One: acesse gratuitamente eBooks, Minicursos, Artigos e Video Aulas sobre investimentos com um \u00fanico cadastro. Clique para saber mais!<\/a><\/p>\n<p>De acordo com a empresa, os recursos obtidos ser\u00e3o usados para retomar o plano de crescimento de restaurantes Burger King e Popeyes, via expans\u00e3o e abertura de restaurantes. A empresa tamb\u00e9m pretende acelerar as iniciativas de transforma\u00e7\u00e3o digital e omnicanalidade, al\u00e9m de remodelar os restaurantes existentes.<\/p>\n<h2>Desemprego nos EUA<\/h2>\n<p>Hoje, por volta das 9h30 (hor\u00e1rio de Bras\u00edlia), ser\u00e1 divulgado o n\u00famero de pedidos de <strong>seguro-desemprego<\/strong> dos <strong>Estados Unidos<\/strong> na semana encerrada no \u00faltimo s\u00e1bado (14). Na semana anterior, foram registrados 709 mil pedidos, n\u00famero abaixo da proje\u00e7\u00e3o de economistas ouvidos pelo <em>The Wall Street Journal<\/em>.<\/p>\n\t<p>\n\t\t<a href=\"\" target=\"_blank\" data-element=\"shortcode-suno-banner\" title=\"Banner SUNO, clique e saiba mais\">\n\t\t\t<picture>\n\t\t\t\t<source media=\"(max-width: 500px)\" srcset=\"\">\n\t\t\t\t<img class=\"newsContent__article__imgCapa newsContent__article__imgCapa--banner\"\n\t\t\t\t\tsrc=\"\"\n\t\t\t\t\tdata-promo-id=\"101302\"\t\t\t\t\t\t\t\t\t\t\t\t\t\t\talt=\"\"\n\t\t\t\t>\n\t\t\t<\/picture>\n\t\t<\/a>\n\t<\/p>\n\n\n<p>Esse foi o n\u00edvel mais baixo desde mar\u00e7o, ou seja, in\u00edcio dos impactos da pandemia do <a href=\"https:\/\/www.suno.com.br\/noticias\/?s=coronav%C3%ADrus\">novo <strong>coronav\u00edrus<\/strong> (Covid-19)<\/a> que acabar\u00e1 de chegar no territ\u00f3rio norte-americano. A taxa de desemprego estadunidense, em outubro, era de 6,9% &#8212; antes da crise, a taxa era de aproximadamente 3%, menor patamar nos \u00faltimos 50 anos.<\/p>\n<h2>Discurso de Lagarde<\/h2>\n<p>A presidente do <a href=\"https:\/\/www.suno.com.br\/artigos\/bce\/\"><strong>Banco Central Europeu<\/strong> (BCE)<\/a>, Christine Lagarde, far\u00e1 um pronunciamento hoje \u00e0s 12h (hor\u00e1rio de Bras\u00edlia). O mercado fica atento \u00e0s falas de Lagarde acerca de uma nova perspectiva para a recupera\u00e7\u00e3o econ\u00f4mica do Velho Continente.<\/p>\n\n\t<div data-element=\"shortcode-read-more\" class=\"readToo\">\n\t\t\t\t<span class=\"readToo__title\">Saiba mais<\/span>\n\t\t\t\t<ul class=\"readToo__list\">\n\t\t\t<li><a href=\"https:\/\/www.suno.com.br\/noticias\/imoveis-black-friday\/\">Inten\u00e7\u00e3o de comprar e alugar im\u00f3veis na Black Friday cresceu 15%<\/a><\/li><li><a href=\"https:\/\/www.suno.com.br\/noticias\/guedes-acordos-politicos-impedem-privatizacoes\/\">Guedes: descobrimos que h\u00e1 acordos pol\u00edticos que impedem privatiza\u00e7\u00f5es<\/a><\/li>\t\t<\/ul>\n\t<\/div>\n\n\n<p>Na \u00faltima ter\u00e7a-feira, a presidente da autoridade monet\u00e1ria europeia disse que as not\u00edcias positivas sobre vacinas que combatam o coronav\u00edrus n\u00e3o alteram os planos da institui\u00e7\u00e3o para enfrentar a <strong>crise econ\u00f4mica<\/strong>. \u201cN\u00e3o tenho certeza de que ser\u00e1 um grande divisor de \u00e1guas para nossas previs\u00f5es\u201d, disse Lagarde.<\/p>\n<h2>Agenda de Paulo Guedes<\/h2>\n<ul>\n<li>9h30 &#8211; Reuni\u00e3o do Conselho de Governo com o presidente <strong>Jair Bolsonaro<\/strong><\/li>\n<li>12h &#8211; Comemora\u00e7\u00e3o do Dia da Bandeira<\/li>\n<li>15h &#8211; Reuni\u00e3o com o secret\u00e1rio especial de <strong>Com\u00e9rcio Exterior e Assuntos Internacionais<\/strong>, Roberto Fendt<\/li>\n<li>17h &#8211; Congresso Brasileiro de <strong>Previd\u00eancia Privada<\/strong> (aberto \u00e0 imprensa credenciada)<\/li>\n<li>18h &#8211; Evento do <strong>Bradesco BBI<\/strong> (fechado \u00e0 imprensa)<\/li>\n<li>19h &#8211; Reuni\u00e3o com o secret\u00e1rio especial de <strong>Desburocratiza\u00e7\u00e3o<\/strong>, Caio Paes de Andrade<\/li>\n<\/ul>\n<p>A <strong>Agenda do Dia<\/strong> tamb\u00e9m destaca a divulga\u00e7\u00e3o do PMI industrial de novembro do Jap\u00e3o. Vale lembrar que a economia japonesa cresceu no ritmo mais forte dos \u00faltimos 52 anos no terceiro trimestre deste ano, com um avan\u00e7o anualizado de 21,4%, segundo dados do Gabinete de Governo do Jap\u00e3o divulgados nesta semana.<\/p>\n\t<p>\n\t\t<a href=\"https:\/\/lp.suno.com.br\/planilha-de-controle-de-investimentos\/\" target=\"_blank\" data-element=\"shortcode-suno-banner\" title=\"Banner SUNO, clique e saiba mais\">\n\t\t\t<picture>\n\t\t\t\t<source media=\"(max-width: 500px)\" srcset=\"https:\/\/files.sunoresearch.com.br\/n\/uploads\/2023\/03\/400x300-Controle-de-Investimentos.png\">\n\t\t\t\t<img class=\"newsContent__article__imgCapa newsContent__article__imgCapa--banner\"\n\t\t\t\t\tsrc=\"https:\/\/files.sunoresearch.com.br\/n\/uploads\/2023\/03\/1420x240-Controle-de-Investimentos.png\"\n\t\t\t\t\tdata-promo-id=\"75934\"\t\t\t\t\t\t\t\t\t\twidth='1420' height='240'\t\t\t\t\talt=\"https:\/\/files.sunoresearch.com.br\/n\/uploads\/2023\/03\/1420x240-Controle-de-Investimentos.png\"\n\t\t\t\t>\n\t\t\t<\/picture>\n\t\t<\/a>\n\t<\/p>\n\n\n","protected":false},"excerpt":{"rendered":"<p>A Agenda do Dia desta quinta-feira (19) destaca os movimentos corporativos que v\u00e3o agitar o mercado hoje, al\u00e9m de dados econ\u00f4micos que podem chamar a aten\u00e7\u00e3o dos investidores. Como \u00e9 que pode ter um acordo pol\u00edtico que impede as privatiza\u00e7\u00f5es? Vale lembrar que nesta quinta-feira estreiam na Bolsa de Valores de S\u00e3o Paulo (B3) as [&hellip;]<\/p>\n","protected":false},"author":24,"featured_media":101575,"comment_status":"closed","ping_status":"closed","sticky":false,"template":"","format":"standard","meta":[],"categories":[60],"tags":[1980,863,383,2487,1296,1436,796],"suno_strategy":[],"class_list":["post-101551","post","type-post","status-publish","format-standard","has-post-thumbnail","hentry","category-mercado","tag-agenda-do-dia","tag-banco-central-europeu-bce","tag-burger-king-brasil-bkbr3","tag-coronavirus","tag-desemprego","tag-follow-on-oferta-subsequente-de-acoes","tag-paulo-guedes"],"yoast_head":"<!-- This site is optimized with the Yoast SEO plugin v24.4 - https:\/\/yoast.com\/wordpress\/plugins\/seo\/ -->\n<title>Agenda do Dia: follow-on do BK, desemprego nos EUA e discurso do BCE<\/title>\n<meta name=\"description\" content=\"A Agenda do Dia desta quinta-feira destaca os movimentos corporativos que v\u00e3o agitar o mercado hoje, al\u00e9m de dados econ\u00f4micos. Saiba mais.\" \/>\n<meta name=\"robots\" content=\"index, follow, max-snippet:-1, max-image-preview:large, max-video-preview:-1\" \/>\n<link rel=\"canonical\" href=\"https:\/\/www.suno.com.br\/noticias\/agenda-do-dia-burger-king-eua-bce-19112020\/\" \/>\n<meta property=\"og:locale\" content=\"pt_BR\" \/>\n<meta property=\"og:type\" content=\"article\" \/>\n<meta property=\"og:title\" content=\"Agenda do Dia: follow-on do BK, desemprego nos EUA e discurso do BCE\" \/>\n<meta property=\"og:description\" content=\"A Agenda do Dia desta quinta-feira destaca os movimentos corporativos que v\u00e3o agitar o mercado hoje, al\u00e9m de dados econ\u00f4micos. Saiba mais.\" \/>\n<meta property=\"og:url\" content=\"https:\/\/www.suno.com.br\/noticias\/agenda-do-dia-burger-king-eua-bce-19112020\/\" \/>\n<meta property=\"og:site_name\" content=\"Suno Not\u00edcias\" \/>\n<meta property=\"article:publisher\" content=\"https:\/\/facebook.com\/sunoresearch\" \/>\n<meta property=\"og:image\" content=\"https:\/\/files.sunoresearch.com.br\/n\/uploads\/2020\/11\/309ce14d-bk3.jpg\" \/>\n\t<meta property=\"og:image:width\" content=\"1225\" \/>\n\t<meta property=\"og:image:height\" content=\"840\" \/>\n\t<meta property=\"og:image:type\" content=\"image\/jpeg\" \/>\n<meta name=\"author\" content=\"Jader Lazarini\" \/>\n<meta name=\"twitter:card\" content=\"summary_large_image\" \/>\n<meta name=\"twitter:creator\" content=\"@sunoresearch\" \/>\n<meta name=\"twitter:site\" content=\"@sunoresearch\" \/>\n<meta name=\"twitter:label1\" content=\"Escrito por\" \/>\n\t<meta name=\"twitter:data1\" content=\"Jader Lazarini\" \/>\n\t<meta name=\"twitter:label2\" content=\"Est. tempo de leitura\" \/>\n\t<meta name=\"twitter:data2\" content=\"3 minutos\" \/>\n<script type=\"application\/ld+json\" class=\"yoast-schema-graph\">{\"@context\":\"https:\/\/schema.org\",\"@graph\":[{\"@type\":\"NewsArticle\",\"@id\":\"https:\/\/www.suno.com.br\/noticias\/agenda-do-dia-burger-king-eua-bce-19112020\/#article\",\"isPartOf\":{\"@id\":\"https:\/\/www.suno.com.br\/noticias\/agenda-do-dia-burger-king-eua-bce-19112020\/\"},\"author\":{\"name\":\"Jader Lazarini\",\"@id\":\"https:\/\/www.suno.com.br\/noticias\/#\/schema\/person\/918d79de1f0281f01599b93f9ea6e23f\"},\"headline\":\"Agenda do Dia: follow-on do BK, desemprego nos EUA e discurso do BCE\",\"datePublished\":\"2020-11-19T10:53:27+00:00\",\"dateModified\":\"2021-06-14T03:29:13+00:00\",\"mainEntityOfPage\":{\"@id\":\"https:\/\/www.suno.com.br\/noticias\/agenda-do-dia-burger-king-eua-bce-19112020\/\"},\"wordCount\":558,\"publisher\":{\"@id\":\"https:\/\/www.suno.com.br\/noticias\/#organization\"},\"image\":{\"@id\":\"https:\/\/www.suno.com.br\/noticias\/agenda-do-dia-burger-king-eua-bce-19112020\/#primaryimage\"},\"thumbnailUrl\":\"https:\/\/files.sunoresearch.com.br\/n\/uploads\/2020\/11\/309ce14d-bk3-jpg.webp\",\"keywords\":[\"agenda do dia\",\"Banco Central Europeu (BCE)\",\"Burger King Brasil (BKBR3)\",\"coronav\u00edrus\",\"Desemprego\",\"Follow-on (Oferta Subsequente de A\u00e7\u00f5es)\",\"Paulo Guedes\"],\"articleSection\":[\"Mercado\"],\"inLanguage\":\"pt-BR\"},{\"@type\":\"WebPage\",\"@id\":\"https:\/\/www.suno.com.br\/noticias\/agenda-do-dia-burger-king-eua-bce-19112020\/\",\"url\":\"https:\/\/www.suno.com.br\/noticias\/agenda-do-dia-burger-king-eua-bce-19112020\/\",\"name\":\"Agenda do Dia: follow-on do BK, desemprego nos EUA e discurso do BCE\",\"isPartOf\":{\"@id\":\"https:\/\/www.suno.com.br\/noticias\/#website\"},\"primaryImageOfPage\":{\"@id\":\"https:\/\/www.suno.com.br\/noticias\/agenda-do-dia-burger-king-eua-bce-19112020\/#primaryimage\"},\"image\":{\"@id\":\"https:\/\/www.suno.com.br\/noticias\/agenda-do-dia-burger-king-eua-bce-19112020\/#primaryimage\"},\"thumbnailUrl\":\"https:\/\/files.sunoresearch.com.br\/n\/uploads\/2020\/11\/309ce14d-bk3-jpg.webp\",\"datePublished\":\"2020-11-19T10:53:27+00:00\",\"dateModified\":\"2021-06-14T03:29:13+00:00\",\"description\":\"A Agenda do Dia desta quinta-feira destaca os movimentos corporativos que v\u00e3o agitar o mercado hoje, al\u00e9m de dados econ\u00f4micos. Saiba mais.\",\"breadcrumb\":{\"@id\":\"https:\/\/www.suno.com.br\/noticias\/agenda-do-dia-burger-king-eua-bce-19112020\/#breadcrumb\"},\"inLanguage\":\"pt-BR\",\"potentialAction\":[{\"@type\":\"ReadAction\",\"target\":[\"https:\/\/www.suno.com.br\/noticias\/agenda-do-dia-burger-king-eua-bce-19112020\/\"]}]},{\"@type\":\"ImageObject\",\"inLanguage\":\"pt-BR\",\"@id\":\"https:\/\/www.suno.com.br\/noticias\/agenda-do-dia-burger-king-eua-bce-19112020\/#primaryimage\",\"url\":\"https:\/\/files.sunoresearch.com.br\/n\/uploads\/2020\/11\/309ce14d-bk3-jpg.webp\",\"contentUrl\":\"https:\/\/files.sunoresearch.com.br\/n\/uploads\/2020\/11\/309ce14d-bk3-jpg.webp\",\"width\":1225,\"height\":840,\"caption\":\"A Agenda do Dia desta quinta-feira destaca os movimentos corporativos que v\u00e3o agitar o mercado hoje, al\u00e9m de dados econ\u00f4micos.\"},{\"@type\":\"BreadcrumbList\",\"@id\":\"https:\/\/www.suno.com.br\/noticias\/agenda-do-dia-burger-king-eua-bce-19112020\/#breadcrumb\",\"itemListElement\":[{\"@type\":\"ListItem\",\"position\":1,\"name\":\"Not\u00edcias\",\"item\":\"https:\/\/www.suno.com.br\/noticias\/\"},{\"@type\":\"ListItem\",\"position\":2,\"name\":\"Mercado\",\"item\":\"https:\/\/www.suno.com.br\/noticias\/mercado\/\"},{\"@type\":\"ListItem\",\"position\":3,\"name\":\"Agenda do Dia: follow-on do BK, desemprego nos EUA e discurso do BCE\"}]},{\"@type\":\"WebSite\",\"@id\":\"https:\/\/www.suno.com.br\/noticias\/#website\",\"url\":\"https:\/\/www.suno.com.br\/noticias\/\",\"name\":\"Suno Not\u00edcias\",\"description\":\"Seu portal de informa\u00e7\u00e3o sobre o mundo dos investimentos\",\"publisher\":{\"@id\":\"https:\/\/www.suno.com.br\/noticias\/#organization\"},\"potentialAction\":[{\"@type\":\"SearchAction\",\"target\":{\"@type\":\"EntryPoint\",\"urlTemplate\":\"https:\/\/www.suno.com.br\/noticias\/?s={search_term_string}\"},\"query-input\":{\"@type\":\"PropertyValueSpecification\",\"valueRequired\":true,\"valueName\":\"search_term_string\"}}],\"inLanguage\":\"pt-BR\"},{\"@type\":\"Organization\",\"@id\":\"https:\/\/www.suno.com.br\/noticias\/#organization\",\"name\":\"Suno Not\u00edcias\",\"url\":\"https:\/\/www.suno.com.br\/noticias\/\",\"logo\":{\"@type\":\"ImageObject\",\"inLanguage\":\"pt-BR\",\"@id\":\"https:\/\/www.suno.com.br\/noticias\/#\/schema\/logo\/image\/\",\"url\":\"https:\/\/files.sunoresearch.com.br\/n\/uploads\/2021\/09\/suno-logo.png\",\"contentUrl\":\"https:\/\/files.sunoresearch.com.br\/n\/uploads\/2021\/09\/suno-logo.png\",\"width\":180,\"height\":180,\"caption\":\"Suno Not\u00edcias\"},\"image\":{\"@id\":\"https:\/\/www.suno.com.br\/noticias\/#\/schema\/logo\/image\/\"},\"sameAs\":[\"https:\/\/facebook.com\/sunoresearch\",\"https:\/\/x.com\/sunoresearch\",\"https:\/\/www.instagram.com\/suno\",\"https:\/\/www.linkedin.com\/company\/suno-research\/\",\"https:\/\/www.youtube.com\/c\/sunoresearch\"]},{\"@type\":\"Person\",\"@id\":\"https:\/\/www.suno.com.br\/noticias\/#\/schema\/person\/918d79de1f0281f01599b93f9ea6e23f\",\"name\":\"Jader Lazarini\",\"image\":{\"@type\":\"ImageObject\",\"inLanguage\":\"pt-BR\",\"@id\":\"https:\/\/www.suno.com.br\/noticias\/#\/schema\/person\/image\/\",\"url\":\"https:\/\/secure.gravatar.com\/avatar\/3c1ad8caa51589841baeb923fcddea97?s=96&r=g\",\"contentUrl\":\"https:\/\/secure.gravatar.com\/avatar\/3c1ad8caa51589841baeb923fcddea97?s=96&r=g\",\"caption\":\"Jader Lazarini\"},\"description\":\"Jader Lazarini escreve sobre investimentos, finan\u00e7as, economia e neg\u00f3cios. \u00c9 bacharel em Rela\u00e7\u00f5es Internacionais e analista CNPI (2619).\",\"url\":\"https:\/\/www.suno.com.br\/noticias\/author\/jader-lazarini\/\"}]}<\/script>\n<!-- \/ Yoast SEO plugin. -->","yoast_head_json":{"title":"Agenda do Dia: follow-on do BK, desemprego nos EUA e discurso do BCE","description":"A Agenda do Dia desta quinta-feira destaca os movimentos corporativos que v\u00e3o agitar o mercado hoje, al\u00e9m de dados econ\u00f4micos. Saiba mais.","robots":{"index":"index","follow":"follow","max-snippet":"max-snippet:-1","max-image-preview":"max-image-preview:large","max-video-preview":"max-video-preview:-1"},"canonical":"https:\/\/www.suno.com.br\/noticias\/agenda-do-dia-burger-king-eua-bce-19112020\/","og_locale":"pt_BR","og_type":"article","og_title":"Agenda do Dia: follow-on do BK, desemprego nos EUA e discurso do BCE","og_description":"A Agenda do Dia desta quinta-feira destaca os movimentos corporativos que v\u00e3o agitar o mercado hoje, al\u00e9m de dados econ\u00f4micos. Saiba mais.","og_url":"https:\/\/www.suno.com.br\/noticias\/agenda-do-dia-burger-king-eua-bce-19112020\/","og_site_name":"Suno Not\u00edcias","article_publisher":"https:\/\/facebook.com\/sunoresearch","og_image":[{"width":1225,"height":840,"url":"https:\/\/files.sunoresearch.com.br\/n\/uploads\/2020\/11\/309ce14d-bk3.jpg","type":"image\/jpeg"}],"author":"Jader Lazarini","twitter_card":"summary_large_image","twitter_creator":"@sunoresearch","twitter_site":"@sunoresearch","twitter_misc":{"Escrito por":"Jader Lazarini","Est. tempo de leitura":"3 minutos"},"schema":{"@context":"https:\/\/schema.org","@graph":[{"@type":"NewsArticle","@id":"https:\/\/www.suno.com.br\/noticias\/agenda-do-dia-burger-king-eua-bce-19112020\/#article","isPartOf":{"@id":"https:\/\/www.suno.com.br\/noticias\/agenda-do-dia-burger-king-eua-bce-19112020\/"},"author":{"name":"Jader Lazarini","@id":"https:\/\/www.suno.com.br\/noticias\/#\/schema\/person\/918d79de1f0281f01599b93f9ea6e23f"},"headline":"Agenda do Dia: follow-on do BK, desemprego nos EUA e discurso do BCE","datePublished":"2020-11-19T10:53:27+00:00","dateModified":"2021-06-14T03:29:13+00:00","mainEntityOfPage":{"@id":"https:\/\/www.suno.com.br\/noticias\/agenda-do-dia-burger-king-eua-bce-19112020\/"},"wordCount":558,"publisher":{"@id":"https:\/\/www.suno.com.br\/noticias\/#organization"},"image":{"@id":"https:\/\/www.suno.com.br\/noticias\/agenda-do-dia-burger-king-eua-bce-19112020\/#primaryimage"},"thumbnailUrl":"https:\/\/files.sunoresearch.com.br\/n\/uploads\/2020\/11\/309ce14d-bk3-jpg.webp","keywords":["agenda do dia","Banco Central Europeu (BCE)","Burger King Brasil (BKBR3)","coronav\u00edrus","Desemprego","Follow-on (Oferta Subsequente de A\u00e7\u00f5es)","Paulo Guedes"],"articleSection":["Mercado"],"inLanguage":"pt-BR"},{"@type":"WebPage","@id":"https:\/\/www.suno.com.br\/noticias\/agenda-do-dia-burger-king-eua-bce-19112020\/","url":"https:\/\/www.suno.com.br\/noticias\/agenda-do-dia-burger-king-eua-bce-19112020\/","name":"Agenda do Dia: follow-on do BK, desemprego nos EUA e discurso do BCE","isPartOf":{"@id":"https:\/\/www.suno.com.br\/noticias\/#website"},"primaryImageOfPage":{"@id":"https:\/\/www.suno.com.br\/noticias\/agenda-do-dia-burger-king-eua-bce-19112020\/#primaryimage"},"image":{"@id":"https:\/\/www.suno.com.br\/noticias\/agenda-do-dia-burger-king-eua-bce-19112020\/#primaryimage"},"thumbnailUrl":"https:\/\/files.sunoresearch.com.br\/n\/uploads\/2020\/11\/309ce14d-bk3-jpg.webp","datePublished":"2020-11-19T10:53:27+00:00","dateModified":"2021-06-14T03:29:13+00:00","description":"A Agenda do Dia desta quinta-feira destaca os movimentos corporativos que v\u00e3o agitar o mercado hoje, al\u00e9m de dados econ\u00f4micos. Saiba mais.","breadcrumb":{"@id":"https:\/\/www.suno.com.br\/noticias\/agenda-do-dia-burger-king-eua-bce-19112020\/#breadcrumb"},"inLanguage":"pt-BR","potentialAction":[{"@type":"ReadAction","target":["https:\/\/www.suno.com.br\/noticias\/agenda-do-dia-burger-king-eua-bce-19112020\/"]}]},{"@type":"ImageObject","inLanguage":"pt-BR","@id":"https:\/\/www.suno.com.br\/noticias\/agenda-do-dia-burger-king-eua-bce-19112020\/#primaryimage","url":"https:\/\/files.sunoresearch.com.br\/n\/uploads\/2020\/11\/309ce14d-bk3-jpg.webp","contentUrl":"https:\/\/files.sunoresearch.com.br\/n\/uploads\/2020\/11\/309ce14d-bk3-jpg.webp","width":1225,"height":840,"caption":"A Agenda do Dia desta quinta-feira destaca os movimentos corporativos que v\u00e3o agitar o mercado hoje, al\u00e9m de dados econ\u00f4micos."},{"@type":"BreadcrumbList","@id":"https:\/\/www.suno.com.br\/noticias\/agenda-do-dia-burger-king-eua-bce-19112020\/#breadcrumb","itemListElement":[{"@type":"ListItem","position":1,"name":"Not\u00edcias","item":"https:\/\/www.suno.com.br\/noticias\/"},{"@type":"ListItem","position":2,"name":"Mercado","item":"https:\/\/www.suno.com.br\/noticias\/mercado\/"},{"@type":"ListItem","position":3,"name":"Agenda do Dia: follow-on do BK, desemprego nos EUA e discurso do BCE"}]},{"@type":"WebSite","@id":"https:\/\/www.suno.com.br\/noticias\/#website","url":"https:\/\/www.suno.com.br\/noticias\/","name":"Suno Not\u00edcias","description":"Seu portal de informa\u00e7\u00e3o sobre o mundo dos investimentos","publisher":{"@id":"https:\/\/www.suno.com.br\/noticias\/#organization"},"potentialAction":[{"@type":"SearchAction","target":{"@type":"EntryPoint","urlTemplate":"https:\/\/www.suno.com.br\/noticias\/?s={search_term_string}"},"query-input":{"@type":"PropertyValueSpecification","valueRequired":true,"valueName":"search_term_string"}}],"inLanguage":"pt-BR"},{"@type":"Organization","@id":"https:\/\/www.suno.com.br\/noticias\/#organization","name":"Suno Not\u00edcias","url":"https:\/\/www.suno.com.br\/noticias\/","logo":{"@type":"ImageObject","inLanguage":"pt-BR","@id":"https:\/\/www.suno.com.br\/noticias\/#\/schema\/logo\/image\/","url":"https:\/\/files.sunoresearch.com.br\/n\/uploads\/2021\/09\/suno-logo.png","contentUrl":"https:\/\/files.sunoresearch.com.br\/n\/uploads\/2021\/09\/suno-logo.png","width":180,"height":180,"caption":"Suno Not\u00edcias"},"image":{"@id":"https:\/\/www.suno.com.br\/noticias\/#\/schema\/logo\/image\/"},"sameAs":["https:\/\/facebook.com\/sunoresearch","https:\/\/x.com\/sunoresearch","https:\/\/www.instagram.com\/suno","https:\/\/www.linkedin.com\/company\/suno-research\/","https:\/\/www.youtube.com\/c\/sunoresearch"]},{"@type":"Person","@id":"https:\/\/www.suno.com.br\/noticias\/#\/schema\/person\/918d79de1f0281f01599b93f9ea6e23f","name":"Jader Lazarini","image":{"@type":"ImageObject","inLanguage":"pt-BR","@id":"https:\/\/www.suno.com.br\/noticias\/#\/schema\/person\/image\/","url":"https:\/\/secure.gravatar.com\/avatar\/3c1ad8caa51589841baeb923fcddea97?s=96&r=g","contentUrl":"https:\/\/secure.gravatar.com\/avatar\/3c1ad8caa51589841baeb923fcddea97?s=96&r=g","caption":"Jader Lazarini"},"description":"Jader Lazarini escreve sobre investimentos, finan\u00e7as, economia e neg\u00f3cios. \u00c9 bacharel em Rela\u00e7\u00f5es Internacionais e analista CNPI (2619).","url":"https:\/\/www.suno.com.br\/noticias\/author\/jader-lazarini\/"}]}},"default_loop_html":"<div class=\"cardsPage__listCard__boxs\"><div class=\"cardsPage__listCard__boxs__img\"><a href=\"https:\/\/www.suno.com.br\/noticias\/guedes-acordos-politicos-impedem-privatizacoes\/\"><img class=\"mask\" src=\"https:\/\/www.suno.com.br\/noticias\/wp-content\/themes\/suno\/resources\/images\/spotlight\/spotlight1img\/bg-mask.png\" alt=\"Image Mask\"\/><img src=\"https:\/\/files.sunoresearch.com.br\/n\/uploads\/2020\/08\/1d64a319-paulo-guedes-400x400-1-400x200.webp\" alt=\"Guedes: descobrimos que h\u00e1 acordos pol\u00edticos que impedem privatiza\u00e7\u00f5es\"\/><\/a><span class=\"spotlightCategory\"><a href=\"https:\/\/www.suno.com.br\/noticias\/economia\/\">Economia<\/a><\/span><\/div><div class=\"cardsPage__listCard__boxs__content\"><a href=\"https:\/\/www.suno.com.br\/noticias\/guedes-acordos-politicos-impedem-privatizacoes\/\"><h2 class=\"content__title\">Guedes: descobrimos que h\u00e1 acordos pol\u00edticos que impedem privatiza\u00e7\u00f5es<\/h2><\/a><div class=\"newsContent__article__meta\"><div class=\"newsContent__article__meta__authorBox\"><a href=\"https:\/\/www.suno.com.br\/noticias\/author\/laura-moutinho\/\" class=\"authorBox__avatar noMobi\"><img src=\"https:\/\/files.sunoresearch.com.br\/n\/uploads\/2020\/08\/531ff69d-whatsapp-image-2020-08-03-at-14.54.38-150x150.webp\" alt=\"Laura Moutinho\"><\/a><div class=\"authorBox__name\"><span>por\n\t\t\t<a href=\"https:\/\/www.suno.com.br\/noticias\/author\/laura-moutinho\/\"><span itemprop=\"author\">Laura Moutinho<\/span><\/a><\/span><time datetime=\"2020-11-18T20:00:45-03:00\" itemprop=\"datePublished\">18\/11\/2020 20:00<\/time><\/div><\/div><\/div><\/div><\/div>","single_layout":"posts","amp_enabled":true,"_links":{"self":[{"href":"https:\/\/www.suno.com.br\/noticias\/wp-json\/wp\/v2\/posts\/101551"}],"collection":[{"href":"https:\/\/www.suno.com.br\/noticias\/wp-json\/wp\/v2\/posts"}],"about":[{"href":"https:\/\/www.suno.com.br\/noticias\/wp-json\/wp\/v2\/types\/post"}],"author":[{"embeddable":true,"href":"https:\/\/www.suno.com.br\/noticias\/wp-json\/wp\/v2\/users\/24"}],"replies":[{"embeddable":true,"href":"https:\/\/www.suno.com.br\/noticias\/wp-json\/wp\/v2\/comments?post=101551"}],"version-history":[{"count":1,"href":"https:\/\/www.suno.com.br\/noticias\/wp-json\/wp\/v2\/posts\/101551\/revisions"}],"predecessor-version":[{"id":157738,"href":"https:\/\/www.suno.com.br\/noticias\/wp-json\/wp\/v2\/posts\/101551\/revisions\/157738"}],"wp:featuredmedia":[{"embeddable":true,"href":"https:\/\/www.suno.com.br\/noticias\/wp-json\/wp\/v2\/media\/101575"}],"wp:attachment":[{"href":"https:\/\/www.suno.com.br\/noticias\/wp-json\/wp\/v2\/media?parent=101551"}],"wp:term":[{"taxonomy":"category","embeddable":true,"href":"https:\/\/www.suno.com.br\/noticias\/wp-json\/wp\/v2\/categories?post=101551"},{"taxonomy":"post_tag","embeddable":true,"href":"https:\/\/www.suno.com.br\/noticias\/wp-json\/wp\/v2\/tags?post=101551"},{"taxonomy":"suno_strategy","embeddable":true,"href":"https:\/\/www.suno.com.br\/noticias\/wp-json\/wp\/v2\/suno_strategy?post=101551"}],"curies":[{"name":"wp","href":"https:\/\/api.w.org\/{rel}","templated":true}]}}