{"id":101531,"date":"2020-11-19T07:45:48","date_gmt":"2020-11-19T10:45:48","guid":{"rendered":"https:\/\/www.suno.com.br\/noticias\/?p=101531"},"modified":"2020-12-04T16:23:59","modified_gmt":"2020-12-04T19:23:59","slug":"ccr-emissao-de-debentures-r-960-milhoes","status":"publish","type":"post","link":"https:\/\/www.suno.com.br\/noticias\/ccr-emissao-de-debentures-r-960-milhoes\/","title":{"rendered":"CCR (CCRO3) ir\u00e1 emitir R$ 960 milh\u00f5es em deb\u00eantures"},"content":{"rendered":"<p>O conselho de administra\u00e7\u00e3o da <a href=\"https:\/\/www.suno.com.br\/acoes\/ccro3\/\"><strong>CCR<\/strong> (CCRO3)<\/a> aprovou na \u00faltima quarta-feira (18), a 14\u00aa emiss\u00e3o de <a href=\"https:\/\/www.suno.com.br\/artigos\/debentures\/\">deb\u00eantures<\/a> da companhia, no valor total de R$ 960 milh\u00f5es. A opera\u00e7\u00e3o ser\u00e1 realizadas em duas s\u00e9ries, cada uma de R$ 480 milh\u00f5es, com a segunda enquadrada nas deb\u00eantures incentivadas de infraestrutura, com os recursos voltados \u00e0s obras do Metr\u00f4 de Salvador.<\/p>\t<div class=\"wrapper-featured-image\">\n\t\t<figure class=\"spotlightImg\">\n\n\t\t\t<picture>\n\t\t\t\t<source media=\"(max-width: 768px)\" srcset=\"https:\/\/files.sunoresearch.com.br\/n\/uploads\/2019\/09\/2195feea-ccr-400x200.webp\">\n\t\t\t\t<img loading=\"lazy\" decoding=\"async\" class=\"newsContent__article__imgCapa lazyloadDisabled \" src=\"https:\/\/files.sunoresearch.com.br\/n\/uploads\/2019\/09\/2195feea-ccr-jpg.webp\" width=\"800\" height=\"450\" alt=\"CCR (CCRO3) ir\u00e1 emitir R$ 960 milh\u00f5es em deb\u00eantures\" fetchpriority=high \/>\n\t\t\t<\/picture>\n\n\t\t\t<figcaption class=\"wp-caption-text wp-caption-text--show\">CCR (CCR03) ir\u00e1 emitir R$ 960 milh\u00f5es em deb\u00eantures<\/figcaption>\n\t\t<\/figure>\n\t<\/div>\n\n\n\t<p>\n\t\t<a href=\"\" target=\"_blank\" data-element=\"shortcode-suno-banner\" title=\"Banner SUNO, clique e saiba mais\">\n\t\t\t<picture>\n\t\t\t\t<source media=\"(max-width: 500px)\" srcset=\"\">\n\t\t\t\t<img class=\"newsContent__article__imgCapa newsContent__article__imgCapa--banner\"\n\t\t\t\t\tsrc=\"\"\n\t\t\t\t\tdata-promo-id=\"101302\"\t\t\t\t\t\t\t\t\t\t\t\t\t\t\talt=\"\"\n\t\t\t\t>\n\t\t\t<\/picture>\n\t\t<\/a>\n\t<\/p>\n\n\n<p>A primeira s\u00e9rie ter\u00e1 vencimento de seis anos e a segunda de oito anos, esta \u00faltima com atualiza\u00e7\u00e3o monet\u00e1ria pelo<a href=\"https:\/\/www.suno.com.br\/artigos\/ipca\/\"> \u00cdndice de Pre\u00e7os ao Consumidor Amplo (IPCA)<\/a>. A remunera\u00e7\u00e3o oferecida pelos pap\u00e9is da primeira s\u00e9rie ser\u00e1 composta pela <a href=\"https:\/\/www.suno.com.br\/artigos\/taxa-di\/\">Taxa DI<\/a> mais um pr\u00eamio de 2,20% ao ano.<\/p>\n<p>Na segunda s\u00e9rie, a remunera\u00e7\u00e3o ser\u00e1 a maior entre a taxa fixa de 4,25% ao ano ou o rendimento dos t\u00edtulos p\u00fablicos lastreados em infla\u00e7\u00e3o (NTN-B) mais um pr\u00eamio de 1,30% ao ano.<\/p>\n<p><a href=\"https:\/\/lp.suno.com.br\/suno-one\/\">Suno One: acesse gratuitamente eBooks, Minicursos, Artigos e Video Aulas sobre investimentos com um \u00fanico cadastro. Clique para saber mais!<\/a><\/p>\n<h2>CCR\u00a0 registra queda de 65,2% no lucro l\u00edquido do 3T20<\/h2>\n<p>A CCR registrou uma contra\u00e7\u00e3o de 65,2% no <a href=\"https:\/\/www.suno.com.br\/artigos\/lucro-liquido\/\"><strong>lucro l\u00edquido<\/strong><\/a> entre julho e setembro em rela\u00e7\u00e3o ao mesmo per\u00edodo do ano passado, passando de R$ 340,2 milh\u00f5es para R$ 118,3 milh\u00f5es.<\/p>\n<p><iframe loading=\"lazy\" title=\"?A\u00e7\u00f5es da PetroRio (PRIO3) disparam, B2W (BTOW3) aprova aumento na emiss\u00e3o de bonds\" width=\"1080\" height=\"608\" src=\"https:\/\/www.youtube.com\/embed\/-VPKOB9N-c4?feature=oembed&#038;enablejsapi=1&#038;origin=https:\/\/www.suno.com.br\" frameborder=\"0\" allow=\"accelerometer; autoplay; clipboard-write; encrypted-media; gyroscope; picture-in-picture\" allowfullscreen><\/iframe><\/p>\n<p>A contra\u00e7\u00e3o nos primeiros nove meses do ano em compara\u00e7\u00e3o ao mesmo per\u00edodo do ano passado foi ainda maior, de 74,6%, passando de R$ 1,04 bilh\u00e3o para R$ 265,9 milh\u00f5es. A receita l\u00edquida caiu de 7,5% no terceiro trimestre de 2020, passando de R$ 2,409 bilh\u00f5es para R$ 2,22 bilh\u00f5es.<\/p>\n\t<p>\n\t\t<a href=\"\" target=\"_blank\" data-element=\"shortcode-suno-banner\" title=\"Banner SUNO, clique e saiba mais\">\n\t\t\t<picture>\n\t\t\t\t<source media=\"(max-width: 500px)\" srcset=\"\">\n\t\t\t\t<img class=\"newsContent__article__imgCapa newsContent__article__imgCapa--banner\"\n\t\t\t\t\tsrc=\"\"\n\t\t\t\t\tdata-promo-id=\"101302\"\t\t\t\t\t\t\t\t\t\t\t\t\t\t\talt=\"\"\n\t\t\t\t>\n\t\t\t<\/picture>\n\t\t<\/a>\n\t<\/p>\n\n\n<p>Segundo a empresa, esse resultado foi provocado por uma diminui\u00e7\u00e3o de passageiros e de tr\u00e1fego, &#8220;explicada, majoritariamente, pelos efeitos das medidas globais de isolamento social tomadas em fun\u00e7\u00e3o da covid-19, desde o in\u00edcio da pandemia e acentuadas a partir de mar\u00e7o de 2020, causando a suspens\u00e3o de diversos voos, restri\u00e7\u00f5es na circula\u00e7\u00e3o de pessoas, e inclusive, o fechamento de fronteiras&#8221;.<\/p>\n<p>O tr\u00e1fego consolidado apresentou decr\u00e9scimo de 1,6%. Excluindo-se a ViaSul, houve queda de 5,9% no per\u00edodo.<\/p>\n<p>Apesar do desempenho do trimestre, o volume em ve\u00edculos equivalentes divulgado recentemente apresentou recupera\u00e7\u00e3o no tr\u00e1fego consolidado, cresceu 6,3% no per\u00edodo de 23 a 29 de outubro. Excluindo-se a ViaSul, o crescimento foi de 0,5%.<\/p>\n<p>Por isso, a <strong>CCR<\/strong> determinou um aumento de quase R$ 648,5 milh\u00f5es (+10,3%) da posi\u00e7\u00e3o de caixa da Companhia no 3T20, em compara\u00e7\u00e3o ao trimestre anterior, atingindo R$ 6,9 bilh\u00f5es.<\/p>\n<p><em>Com informa\u00e7\u00f5es do Estad\u00e3o Conte\u00fado.<\/em><\/p>\n\t<p>\n\t\t<a href=\"https:\/\/lp.suno.com.br\/planilha-de-controle-de-investimentos\/\" target=\"_blank\" data-element=\"shortcode-suno-banner\" title=\"Banner SUNO, clique e saiba mais\">\n\t\t\t<picture>\n\t\t\t\t<source media=\"(max-width: 500px)\" srcset=\"https:\/\/files.sunoresearch.com.br\/n\/uploads\/2023\/03\/400x300-Controle-de-Investimentos.png\">\n\t\t\t\t<img class=\"newsContent__article__imgCapa newsContent__article__imgCapa--banner\"\n\t\t\t\t\tsrc=\"https:\/\/files.sunoresearch.com.br\/n\/uploads\/2023\/03\/1420x240-Controle-de-Investimentos.png\"\n\t\t\t\t\tdata-promo-id=\"75934\"\t\t\t\t\t\t\t\t\t\twidth='1420' height='240'\t\t\t\t\talt=\"https:\/\/files.sunoresearch.com.br\/n\/uploads\/2023\/03\/1420x240-Controle-de-Investimentos.png\"\n\t\t\t\t>\n\t\t\t<\/picture>\n\t\t<\/a>\n\t<\/p>\n\n\n","protected":false},"excerpt":{"rendered":"<p>O conselho de administra\u00e7\u00e3o da CCR (CCRO3) aprovou na \u00faltima quarta-feira (18), a 14\u00aa emiss\u00e3o de deb\u00eantures da companhia, no valor total de R$ 960 milh\u00f5es. A opera\u00e7\u00e3o ser\u00e1 realizadas em duas s\u00e9ries, cada uma de R$ 480 milh\u00f5es, com a segunda enquadrada nas deb\u00eantures incentivadas de infraestrutura, com os recursos voltados \u00e0s obras do [&hellip;]<\/p>\n","protected":false},"author":15,"featured_media":39147,"comment_status":"closed","ping_status":"closed","sticky":false,"template":"","format":"standard","meta":[],"categories":[64],"tags":[407],"suno_strategy":[],"class_list":["post-101531","post","type-post","status-publish","format-standard","has-post-thumbnail","hentry","category-negocios","tag-ccr-ccro3"],"yoast_head":"<!-- This site is optimized with the Yoast SEO plugin v24.4 - https:\/\/yoast.com\/wordpress\/plugins\/seo\/ -->\n<title>CCR (CCR03) ir\u00e1 emitir R$ 960 milh\u00f5es em deb\u00eantures<\/title>\n<meta name=\"description\" content=\"O conselho de administra\u00e7\u00e3o da CCR (CCRO3) aprovou a emiss\u00e3o de deb\u00eantures no valor total de R$ 960 milh\u00f5es. Clique aqui e saiba mais\" \/>\n<meta name=\"robots\" content=\"index, follow, max-snippet:-1, max-image-preview:large, max-video-preview:-1\" \/>\n<link rel=\"canonical\" href=\"https:\/\/www.suno.com.br\/noticias\/ccr-emissao-de-debentures-r-960-milhoes\/\" \/>\n<meta property=\"og:locale\" content=\"pt_BR\" \/>\n<meta property=\"og:type\" content=\"article\" \/>\n<meta property=\"og:title\" content=\"CCR (CCR03) ir\u00e1 emitir R$ 960 milh\u00f5es em deb\u00eantures\" \/>\n<meta property=\"og:description\" content=\"O conselho de administra\u00e7\u00e3o da CCR (CCRO3) aprovou a emiss\u00e3o de deb\u00eantures no valor total de R$ 960 milh\u00f5es. Clique aqui e saiba mais\" \/>\n<meta property=\"og:url\" content=\"https:\/\/www.suno.com.br\/noticias\/ccr-emissao-de-debentures-r-960-milhoes\/\" \/>\n<meta property=\"og:site_name\" content=\"Suno Not\u00edcias\" \/>\n<meta property=\"article:publisher\" content=\"https:\/\/facebook.com\/sunoresearch\" \/>\n<meta property=\"og:image\" content=\"https:\/\/files.sunoresearch.com.br\/n\/uploads\/2019\/09\/2195feea-ccr.jpg\" \/>\n\t<meta property=\"og:image:width\" content=\"696\" \/>\n\t<meta property=\"og:image:height\" content=\"392\" \/>\n\t<meta property=\"og:image:type\" content=\"image\/jpeg\" \/>\n<meta name=\"author\" content=\"Poliana Santos\" \/>\n<meta name=\"twitter:card\" content=\"summary_large_image\" \/>\n<meta name=\"twitter:creator\" content=\"@sunoresearch\" \/>\n<meta name=\"twitter:site\" content=\"@sunoresearch\" \/>\n<meta name=\"twitter:label1\" content=\"Escrito por\" \/>\n\t<meta name=\"twitter:data1\" content=\"Poliana Santos\" \/>\n\t<meta name=\"twitter:label2\" content=\"Est. tempo de leitura\" \/>\n\t<meta name=\"twitter:data2\" content=\"2 minutos\" \/>\n<script type=\"application\/ld+json\" class=\"yoast-schema-graph\">{\"@context\":\"https:\/\/schema.org\",\"@graph\":[{\"@type\":\"NewsArticle\",\"@id\":\"https:\/\/www.suno.com.br\/noticias\/ccr-emissao-de-debentures-r-960-milhoes\/#article\",\"isPartOf\":{\"@id\":\"https:\/\/www.suno.com.br\/noticias\/ccr-emissao-de-debentures-r-960-milhoes\/\"},\"author\":{\"name\":\"Poliana Santos\",\"@id\":\"https:\/\/www.suno.com.br\/noticias\/#\/schema\/person\/02ec1f752758247878a2bf4abee1aeda\"},\"headline\":\"CCR (CCRO3) ir\u00e1 emitir R$ 960 milh\u00f5es em deb\u00eantures\",\"datePublished\":\"2020-11-19T10:45:48+00:00\",\"dateModified\":\"2020-12-04T19:23:59+00:00\",\"mainEntityOfPage\":{\"@id\":\"https:\/\/www.suno.com.br\/noticias\/ccr-emissao-de-debentures-r-960-milhoes\/\"},\"wordCount\":453,\"publisher\":{\"@id\":\"https:\/\/www.suno.com.br\/noticias\/#organization\"},\"image\":{\"@id\":\"https:\/\/www.suno.com.br\/noticias\/ccr-emissao-de-debentures-r-960-milhoes\/#primaryimage\"},\"thumbnailUrl\":\"https:\/\/files.sunoresearch.com.br\/n\/uploads\/2019\/09\/2195feea-ccr-jpg.webp\",\"keywords\":[\"CCR (CCRO3)\"],\"articleSection\":[\"Neg\u00f3cios\"],\"inLanguage\":\"pt-BR\"},{\"@type\":\"WebPage\",\"@id\":\"https:\/\/www.suno.com.br\/noticias\/ccr-emissao-de-debentures-r-960-milhoes\/\",\"url\":\"https:\/\/www.suno.com.br\/noticias\/ccr-emissao-de-debentures-r-960-milhoes\/\",\"name\":\"CCR (CCR03) ir\u00e1 emitir R$ 960 milh\u00f5es em deb\u00eantures\",\"isPartOf\":{\"@id\":\"https:\/\/www.suno.com.br\/noticias\/#website\"},\"primaryImageOfPage\":{\"@id\":\"https:\/\/www.suno.com.br\/noticias\/ccr-emissao-de-debentures-r-960-milhoes\/#primaryimage\"},\"image\":{\"@id\":\"https:\/\/www.suno.com.br\/noticias\/ccr-emissao-de-debentures-r-960-milhoes\/#primaryimage\"},\"thumbnailUrl\":\"https:\/\/files.sunoresearch.com.br\/n\/uploads\/2019\/09\/2195feea-ccr-jpg.webp\",\"datePublished\":\"2020-11-19T10:45:48+00:00\",\"dateModified\":\"2020-12-04T19:23:59+00:00\",\"description\":\"O conselho de administra\u00e7\u00e3o da CCR (CCRO3) aprovou a emiss\u00e3o de deb\u00eantures no valor total de R$ 960 milh\u00f5es. Clique aqui e saiba mais\",\"breadcrumb\":{\"@id\":\"https:\/\/www.suno.com.br\/noticias\/ccr-emissao-de-debentures-r-960-milhoes\/#breadcrumb\"},\"inLanguage\":\"pt-BR\",\"potentialAction\":[{\"@type\":\"ReadAction\",\"target\":[\"https:\/\/www.suno.com.br\/noticias\/ccr-emissao-de-debentures-r-960-milhoes\/\"]}]},{\"@type\":\"ImageObject\",\"inLanguage\":\"pt-BR\",\"@id\":\"https:\/\/www.suno.com.br\/noticias\/ccr-emissao-de-debentures-r-960-milhoes\/#primaryimage\",\"url\":\"https:\/\/files.sunoresearch.com.br\/n\/uploads\/2019\/09\/2195feea-ccr-jpg.webp\",\"contentUrl\":\"https:\/\/files.sunoresearch.com.br\/n\/uploads\/2019\/09\/2195feea-ccr-jpg.webp\",\"width\":696,\"height\":392,\"caption\":\"CCR (CCR03) ir\u00e1 emitir R$ 960 milh\u00f5es em deb\u00eantures\"},{\"@type\":\"BreadcrumbList\",\"@id\":\"https:\/\/www.suno.com.br\/noticias\/ccr-emissao-de-debentures-r-960-milhoes\/#breadcrumb\",\"itemListElement\":[{\"@type\":\"ListItem\",\"position\":1,\"name\":\"Not\u00edcias\",\"item\":\"https:\/\/www.suno.com.br\/noticias\/\"},{\"@type\":\"ListItem\",\"position\":2,\"name\":\"Neg\u00f3cios\",\"item\":\"https:\/\/www.suno.com.br\/noticias\/negocios\/\"},{\"@type\":\"ListItem\",\"position\":3,\"name\":\"CCR (CCRO3) ir\u00e1 emitir R$ 960 milh\u00f5es em deb\u00eantures\"}]},{\"@type\":\"WebSite\",\"@id\":\"https:\/\/www.suno.com.br\/noticias\/#website\",\"url\":\"https:\/\/www.suno.com.br\/noticias\/\",\"name\":\"Suno Not\u00edcias\",\"description\":\"Seu portal de informa\u00e7\u00e3o sobre o mundo dos investimentos\",\"publisher\":{\"@id\":\"https:\/\/www.suno.com.br\/noticias\/#organization\"},\"potentialAction\":[{\"@type\":\"SearchAction\",\"target\":{\"@type\":\"EntryPoint\",\"urlTemplate\":\"https:\/\/www.suno.com.br\/noticias\/?s={search_term_string}\"},\"query-input\":{\"@type\":\"PropertyValueSpecification\",\"valueRequired\":true,\"valueName\":\"search_term_string\"}}],\"inLanguage\":\"pt-BR\"},{\"@type\":\"Organization\",\"@id\":\"https:\/\/www.suno.com.br\/noticias\/#organization\",\"name\":\"Suno Not\u00edcias\",\"url\":\"https:\/\/www.suno.com.br\/noticias\/\",\"logo\":{\"@type\":\"ImageObject\",\"inLanguage\":\"pt-BR\",\"@id\":\"https:\/\/www.suno.com.br\/noticias\/#\/schema\/logo\/image\/\",\"url\":\"https:\/\/files.sunoresearch.com.br\/n\/uploads\/2021\/09\/suno-logo.png\",\"contentUrl\":\"https:\/\/files.sunoresearch.com.br\/n\/uploads\/2021\/09\/suno-logo.png\",\"width\":180,\"height\":180,\"caption\":\"Suno Not\u00edcias\"},\"image\":{\"@id\":\"https:\/\/www.suno.com.br\/noticias\/#\/schema\/logo\/image\/\"},\"sameAs\":[\"https:\/\/facebook.com\/sunoresearch\",\"https:\/\/x.com\/sunoresearch\",\"https:\/\/www.instagram.com\/suno\",\"https:\/\/www.linkedin.com\/company\/suno-research\/\",\"https:\/\/www.youtube.com\/c\/sunoresearch\"]},{\"@type\":\"Person\",\"@id\":\"https:\/\/www.suno.com.br\/noticias\/#\/schema\/person\/02ec1f752758247878a2bf4abee1aeda\",\"name\":\"Poliana Santos\",\"image\":{\"@type\":\"ImageObject\",\"inLanguage\":\"pt-BR\",\"@id\":\"https:\/\/www.suno.com.br\/noticias\/#\/schema\/person\/image\/\",\"url\":\"https:\/\/secure.gravatar.com\/avatar\/0645bd32f23d87b2130f2b2dff1d3f8d?s=96&r=g\",\"contentUrl\":\"https:\/\/secure.gravatar.com\/avatar\/0645bd32f23d87b2130f2b2dff1d3f8d?s=96&r=g\",\"caption\":\"Poliana Santos\"},\"description\":\"Rep\u00f3rter no Suno Not\u00edcias, com cobertura em mercado financeiro, economia, finan\u00e7as pessoais, renda fixa e varejo. Jornalista formada pela Faculdade C\u00e1sper L\u00edbero e possui passagem na R\u00e1dio Gazeta AM com a produ\u00e7\u00e3o de conte\u00fado sobre economia, pol\u00edtica, sa\u00fade, moda e m\u00fasica. Possui certificado de conclus\u00e3o do curso de An\u00e1lise de Balan\u00e7os pela Funda\u00e7\u00e3o Bradesco, Agenda Brasil pela FAAP, Educa\u00e7\u00e3o Pol\u00edtica por Alexandre Garcia e do Tesouro Direto e Mercado de A\u00e7\u00f5es pela B3.\",\"url\":\"https:\/\/www.suno.com.br\/noticias\/author\/poliana-santos\/\"}]}<\/script>\n<!-- \/ Yoast SEO plugin. -->","yoast_head_json":{"title":"CCR (CCR03) ir\u00e1 emitir R$ 960 milh\u00f5es em deb\u00eantures","description":"O conselho de administra\u00e7\u00e3o da CCR (CCRO3) aprovou a emiss\u00e3o de deb\u00eantures no valor total de R$ 960 milh\u00f5es. Clique aqui e saiba mais","robots":{"index":"index","follow":"follow","max-snippet":"max-snippet:-1","max-image-preview":"max-image-preview:large","max-video-preview":"max-video-preview:-1"},"canonical":"https:\/\/www.suno.com.br\/noticias\/ccr-emissao-de-debentures-r-960-milhoes\/","og_locale":"pt_BR","og_type":"article","og_title":"CCR (CCR03) ir\u00e1 emitir R$ 960 milh\u00f5es em deb\u00eantures","og_description":"O conselho de administra\u00e7\u00e3o da CCR (CCRO3) aprovou a emiss\u00e3o de deb\u00eantures no valor total de R$ 960 milh\u00f5es. Clique aqui e saiba mais","og_url":"https:\/\/www.suno.com.br\/noticias\/ccr-emissao-de-debentures-r-960-milhoes\/","og_site_name":"Suno Not\u00edcias","article_publisher":"https:\/\/facebook.com\/sunoresearch","og_image":[{"width":696,"height":392,"url":"https:\/\/files.sunoresearch.com.br\/n\/uploads\/2019\/09\/2195feea-ccr.jpg","type":"image\/jpeg"}],"author":"Poliana Santos","twitter_card":"summary_large_image","twitter_creator":"@sunoresearch","twitter_site":"@sunoresearch","twitter_misc":{"Escrito por":"Poliana Santos","Est. tempo de leitura":"2 minutos"},"schema":{"@context":"https:\/\/schema.org","@graph":[{"@type":"NewsArticle","@id":"https:\/\/www.suno.com.br\/noticias\/ccr-emissao-de-debentures-r-960-milhoes\/#article","isPartOf":{"@id":"https:\/\/www.suno.com.br\/noticias\/ccr-emissao-de-debentures-r-960-milhoes\/"},"author":{"name":"Poliana Santos","@id":"https:\/\/www.suno.com.br\/noticias\/#\/schema\/person\/02ec1f752758247878a2bf4abee1aeda"},"headline":"CCR (CCRO3) ir\u00e1 emitir R$ 960 milh\u00f5es em deb\u00eantures","datePublished":"2020-11-19T10:45:48+00:00","dateModified":"2020-12-04T19:23:59+00:00","mainEntityOfPage":{"@id":"https:\/\/www.suno.com.br\/noticias\/ccr-emissao-de-debentures-r-960-milhoes\/"},"wordCount":453,"publisher":{"@id":"https:\/\/www.suno.com.br\/noticias\/#organization"},"image":{"@id":"https:\/\/www.suno.com.br\/noticias\/ccr-emissao-de-debentures-r-960-milhoes\/#primaryimage"},"thumbnailUrl":"https:\/\/files.sunoresearch.com.br\/n\/uploads\/2019\/09\/2195feea-ccr-jpg.webp","keywords":["CCR (CCRO3)"],"articleSection":["Neg\u00f3cios"],"inLanguage":"pt-BR"},{"@type":"WebPage","@id":"https:\/\/www.suno.com.br\/noticias\/ccr-emissao-de-debentures-r-960-milhoes\/","url":"https:\/\/www.suno.com.br\/noticias\/ccr-emissao-de-debentures-r-960-milhoes\/","name":"CCR (CCR03) ir\u00e1 emitir R$ 960 milh\u00f5es em deb\u00eantures","isPartOf":{"@id":"https:\/\/www.suno.com.br\/noticias\/#website"},"primaryImageOfPage":{"@id":"https:\/\/www.suno.com.br\/noticias\/ccr-emissao-de-debentures-r-960-milhoes\/#primaryimage"},"image":{"@id":"https:\/\/www.suno.com.br\/noticias\/ccr-emissao-de-debentures-r-960-milhoes\/#primaryimage"},"thumbnailUrl":"https:\/\/files.sunoresearch.com.br\/n\/uploads\/2019\/09\/2195feea-ccr-jpg.webp","datePublished":"2020-11-19T10:45:48+00:00","dateModified":"2020-12-04T19:23:59+00:00","description":"O conselho de administra\u00e7\u00e3o da CCR (CCRO3) aprovou a emiss\u00e3o de deb\u00eantures no valor total de R$ 960 milh\u00f5es. Clique aqui e saiba mais","breadcrumb":{"@id":"https:\/\/www.suno.com.br\/noticias\/ccr-emissao-de-debentures-r-960-milhoes\/#breadcrumb"},"inLanguage":"pt-BR","potentialAction":[{"@type":"ReadAction","target":["https:\/\/www.suno.com.br\/noticias\/ccr-emissao-de-debentures-r-960-milhoes\/"]}]},{"@type":"ImageObject","inLanguage":"pt-BR","@id":"https:\/\/www.suno.com.br\/noticias\/ccr-emissao-de-debentures-r-960-milhoes\/#primaryimage","url":"https:\/\/files.sunoresearch.com.br\/n\/uploads\/2019\/09\/2195feea-ccr-jpg.webp","contentUrl":"https:\/\/files.sunoresearch.com.br\/n\/uploads\/2019\/09\/2195feea-ccr-jpg.webp","width":696,"height":392,"caption":"CCR (CCR03) ir\u00e1 emitir R$ 960 milh\u00f5es em deb\u00eantures"},{"@type":"BreadcrumbList","@id":"https:\/\/www.suno.com.br\/noticias\/ccr-emissao-de-debentures-r-960-milhoes\/#breadcrumb","itemListElement":[{"@type":"ListItem","position":1,"name":"Not\u00edcias","item":"https:\/\/www.suno.com.br\/noticias\/"},{"@type":"ListItem","position":2,"name":"Neg\u00f3cios","item":"https:\/\/www.suno.com.br\/noticias\/negocios\/"},{"@type":"ListItem","position":3,"name":"CCR (CCRO3) ir\u00e1 emitir R$ 960 milh\u00f5es em deb\u00eantures"}]},{"@type":"WebSite","@id":"https:\/\/www.suno.com.br\/noticias\/#website","url":"https:\/\/www.suno.com.br\/noticias\/","name":"Suno Not\u00edcias","description":"Seu portal de informa\u00e7\u00e3o sobre o mundo dos investimentos","publisher":{"@id":"https:\/\/www.suno.com.br\/noticias\/#organization"},"potentialAction":[{"@type":"SearchAction","target":{"@type":"EntryPoint","urlTemplate":"https:\/\/www.suno.com.br\/noticias\/?s={search_term_string}"},"query-input":{"@type":"PropertyValueSpecification","valueRequired":true,"valueName":"search_term_string"}}],"inLanguage":"pt-BR"},{"@type":"Organization","@id":"https:\/\/www.suno.com.br\/noticias\/#organization","name":"Suno Not\u00edcias","url":"https:\/\/www.suno.com.br\/noticias\/","logo":{"@type":"ImageObject","inLanguage":"pt-BR","@id":"https:\/\/www.suno.com.br\/noticias\/#\/schema\/logo\/image\/","url":"https:\/\/files.sunoresearch.com.br\/n\/uploads\/2021\/09\/suno-logo.png","contentUrl":"https:\/\/files.sunoresearch.com.br\/n\/uploads\/2021\/09\/suno-logo.png","width":180,"height":180,"caption":"Suno Not\u00edcias"},"image":{"@id":"https:\/\/www.suno.com.br\/noticias\/#\/schema\/logo\/image\/"},"sameAs":["https:\/\/facebook.com\/sunoresearch","https:\/\/x.com\/sunoresearch","https:\/\/www.instagram.com\/suno","https:\/\/www.linkedin.com\/company\/suno-research\/","https:\/\/www.youtube.com\/c\/sunoresearch"]},{"@type":"Person","@id":"https:\/\/www.suno.com.br\/noticias\/#\/schema\/person\/02ec1f752758247878a2bf4abee1aeda","name":"Poliana Santos","image":{"@type":"ImageObject","inLanguage":"pt-BR","@id":"https:\/\/www.suno.com.br\/noticias\/#\/schema\/person\/image\/","url":"https:\/\/secure.gravatar.com\/avatar\/0645bd32f23d87b2130f2b2dff1d3f8d?s=96&r=g","contentUrl":"https:\/\/secure.gravatar.com\/avatar\/0645bd32f23d87b2130f2b2dff1d3f8d?s=96&r=g","caption":"Poliana Santos"},"description":"Rep\u00f3rter no Suno Not\u00edcias, com cobertura em mercado financeiro, economia, finan\u00e7as pessoais, renda fixa e varejo. Jornalista formada pela Faculdade C\u00e1sper L\u00edbero e possui passagem na R\u00e1dio Gazeta AM com a produ\u00e7\u00e3o de conte\u00fado sobre economia, pol\u00edtica, sa\u00fade, moda e m\u00fasica. Possui certificado de conclus\u00e3o do curso de An\u00e1lise de Balan\u00e7os pela Funda\u00e7\u00e3o Bradesco, Agenda Brasil pela FAAP, Educa\u00e7\u00e3o Pol\u00edtica por Alexandre Garcia e do Tesouro Direto e Mercado de A\u00e7\u00f5es pela B3.","url":"https:\/\/www.suno.com.br\/noticias\/author\/poliana-santos\/"}]}},"default_loop_html":"<div class=\"cardsPage__listCard__boxs\"><div class=\"cardsPage__listCard__boxs__img\"><a href=\"https:\/\/www.suno.com.br\/noticias\/ccr-emissao-de-debentures-r-960-milhoes\/\"><img class=\"mask\" src=\"https:\/\/www.suno.com.br\/noticias\/wp-content\/themes\/suno\/resources\/images\/spotlight\/spotlight1img\/bg-mask.png\" alt=\"Image Mask\"\/><img src=\"https:\/\/files.sunoresearch.com.br\/n\/uploads\/2019\/09\/2195feea-ccr-400x200.webp\" alt=\"CCR (CCRO3) ir\u00e1 emitir R$ 960 milh\u00f5es em deb\u00eantures\"\/><\/a><span class=\"spotlightCategory\"><a href=\"https:\/\/www.suno.com.br\/noticias\/negocios\/\">Neg\u00f3cios<\/a><\/span><\/div><div class=\"cardsPage__listCard__boxs__content\"><a href=\"https:\/\/www.suno.com.br\/noticias\/ccr-emissao-de-debentures-r-960-milhoes\/\"><h2 class=\"content__title\">CCR (CCRO3) ir\u00e1 emitir R$ 960 milh\u00f5es em deb\u00eantures<\/h2><\/a><div class=\"newsContent__article__meta\"><div class=\"newsContent__article__meta__authorBox\"><a href=\"https:\/\/www.suno.com.br\/noticias\/author\/poliana-santos\/\" class=\"authorBox__avatar noMobi\"><img src=\"https:\/\/files.sunoresearch.com.br\/n\/uploads\/2020\/08\/7ef34026-whatsapp-image-2020-08-03-at-12.37.57-150x150.webp\" alt=\"Poliana Santos\"><\/a><div class=\"authorBox__name\"><span>por\n\t\t\t<a href=\"https:\/\/www.suno.com.br\/noticias\/author\/poliana-santos\/\"><span itemprop=\"author\">Poliana Santos<\/span><\/a><\/span><time datetime=\"2020-11-19T07:45:48-03:00\" itemprop=\"datePublished\">19\/11\/2020 07:45<\/time><\/div><\/div><\/div><\/div><\/div>","single_layout":"posts","amp_enabled":true,"_links":{"self":[{"href":"https:\/\/www.suno.com.br\/noticias\/wp-json\/wp\/v2\/posts\/101531"}],"collection":[{"href":"https:\/\/www.suno.com.br\/noticias\/wp-json\/wp\/v2\/posts"}],"about":[{"href":"https:\/\/www.suno.com.br\/noticias\/wp-json\/wp\/v2\/types\/post"}],"author":[{"embeddable":true,"href":"https:\/\/www.suno.com.br\/noticias\/wp-json\/wp\/v2\/users\/15"}],"replies":[{"embeddable":true,"href":"https:\/\/www.suno.com.br\/noticias\/wp-json\/wp\/v2\/comments?post=101531"}],"version-history":[{"count":0,"href":"https:\/\/www.suno.com.br\/noticias\/wp-json\/wp\/v2\/posts\/101531\/revisions"}],"wp:featuredmedia":[{"embeddable":true,"href":"https:\/\/www.suno.com.br\/noticias\/wp-json\/wp\/v2\/media\/39147"}],"wp:attachment":[{"href":"https:\/\/www.suno.com.br\/noticias\/wp-json\/wp\/v2\/media?parent=101531"}],"wp:term":[{"taxonomy":"category","embeddable":true,"href":"https:\/\/www.suno.com.br\/noticias\/wp-json\/wp\/v2\/categories?post=101531"},{"taxonomy":"post_tag","embeddable":true,"href":"https:\/\/www.suno.com.br\/noticias\/wp-json\/wp\/v2\/tags?post=101531"},{"taxonomy":"suno_strategy","embeddable":true,"href":"https:\/\/www.suno.com.br\/noticias\/wp-json\/wp\/v2\/suno_strategy?post=101531"}],"curies":[{"name":"wp","href":"https:\/\/api.w.org\/{rel}","templated":true}]}}