{"id":101511,"date":"2020-11-18T21:07:17","date_gmt":"2020-11-19T00:07:17","guid":{"rendered":"https:\/\/www.suno.com.br\/noticias\/?p=101511"},"modified":"2021-06-13T23:39:49","modified_gmt":"2021-06-14T02:39:49","slug":"imoveis-black-friday","status":"publish","type":"post","link":"https:\/\/www.suno.com.br\/noticias\/imoveis-black-friday\/","title":{"rendered":"Inten\u00e7\u00e3o de comprar e alugar im\u00f3veis na Black Friday cresceu 15%"},"content":{"rendered":"<p>Uma pesquisa de inten\u00e7\u00e3o de compras feita pela Provokers a pedido do Google, apontou que a compra e aluguel de <a href=\"https:\/\/www.suno.com.br\/artigos\/mercado-imobiliario\/\">im\u00f3veis<\/a> devem se destacar na<strong> Black Friday<\/strong> de 2020. A pesquisa foi realizada com 1500 pessoas de 18 a 54 anos em todas as regi\u00f5es do Brasil.<\/p>\t<div class=\"wrapper-featured-image\">\n\t\t<figure class=\"spotlightImg\">\n\n\t\t\t<picture>\n\t\t\t\t<source media=\"(max-width: 768px)\" srcset=\"https:\/\/files.sunoresearch.com.br\/n\/uploads\/2020\/09\/3e0865c0-vendas-de-imoveis-400x200.webp\">\n\t\t\t\t<img loading=\"lazy\" decoding=\"async\" class=\"newsContent__article__imgCapa lazyloadDisabled \" src=\"https:\/\/files.sunoresearch.com.br\/n\/uploads\/2020\/09\/3e0865c0-vendas-de-imoveis-800x450.webp\" width=\"800\" height=\"450\" alt=\"Inten\u00e7\u00e3o de comprar e alugar im\u00f3veis na Black Friday cresceu 15%\" fetchpriority=high \/>\n\t\t\t<\/picture>\n\n\t\t\t<figcaption class=\"wp-caption-text wp-caption-text--show\">A Associa\u00e7\u00e3o Nacional de Corretoras informou que o \u00edndice de vendas pendentes de im\u00f3veis nos EUA reportou uma queda de 1,1% entre setembro e outubro <\/figcaption>\n\t\t<\/figure>\n\t<\/div>\n\n\n\t<p>\n\t\t<a href=\"\" target=\"_blank\" data-element=\"shortcode-suno-banner\" title=\"Banner SUNO, clique e saiba mais\">\n\t\t\t<picture>\n\t\t\t\t<source media=\"(max-width: 500px)\" srcset=\"\">\n\t\t\t\t<img class=\"newsContent__article__imgCapa newsContent__article__imgCapa--banner\"\n\t\t\t\t\tsrc=\"\"\n\t\t\t\t\tdata-promo-id=\"101302\"\t\t\t\t\t\t\t\t\t\t\t\t\t\t\talt=\"\"\n\t\t\t\t>\n\t\t\t<\/picture>\n\t\t<\/a>\n\t<\/p>\n\n\n<p>Nesse sentido, a categoria <strong>im\u00f3veis<\/strong> reportou um avan\u00e7o de 15% em import\u00e2ncia para o consumidor na Black Friday, ante o mesmo per\u00edodo em 2019.<\/p>\n<p>Frente a isso, o <strong>Google<\/strong> considera que a alta foi puxada por mudan\u00e7as de prioridades relacionadas \u00e0 casa durante o per\u00edodo da <a href=\"https:\/\/www.suno.com.br\/noticias\/tags\/coronavirus\/\">pandemia do novo coronav\u00edrus (Covid-19)<\/a>.<\/p>\n\t<p>\n\t\t<a href=\"\" target=\"_blank\" data-element=\"shortcode-suno-banner\" title=\"Banner SUNO, clique e saiba mais\">\n\t\t\t<picture>\n\t\t\t\t<source media=\"(max-width: 500px)\" srcset=\"\">\n\t\t\t\t<img class=\"newsContent__article__imgCapa newsContent__article__imgCapa--banner\"\n\t\t\t\t\tsrc=\"\"\n\t\t\t\t\tdata-promo-id=\"101302\"\t\t\t\t\t\t\t\t\t\t\t\t\t\t\talt=\"\"\n\t\t\t\t>\n\t\t\t<\/picture>\n\t\t<\/a>\n\t<\/p>\n\n\n<p>O avan\u00e7o tamb\u00e9m pode ter sido puxado pelos juros mais baixos para <a href=\"https:\/\/www.suno.com.br\/artigos\/financiamento-imobiliario\/\">financiamento imobili\u00e1rio.<\/a><\/p>\n<p>Al\u00e9m disso, a companhia salientou que as buscas por <strong>im\u00f3veis<\/strong> no site cresceu 34% no m\u00eas passado, em compara\u00e7\u00e3o com outubro de 2019. Um cen\u00e1rio diferente do visto em mar\u00e7o deste ano, quando houve uma queda de 3% nas buscas sobre o tema.<\/p>\n<p>O diretor de neg\u00f3cios para Servi\u00e7os do Google Brasil, Gustavo Souza, afirmou em nota que &#8220;com o distanciamento social, a rela\u00e7\u00e3o com a casa trouxe muitos novos significados e necessidades funcionais: passou a ser o local de trabalho, estudo, exerc\u00edcios e cont\u00ednua aten\u00e7\u00e3o&#8221;.<\/p>\n<p>&#8220;Toda essa intensidade tamb\u00e9m gerou a necessidade de uma reinven\u00e7\u00e3o do lazer: o que antes eram espa\u00e7os de descompress\u00e3o e divers\u00e3o, como salas de estar e cozinhas, viraram home offices adaptados ou locais de constante trabalho e pouco descanso, o que levou os brasileiros a procurarem por <strong>im\u00f3veis<\/strong> com novas e ampliadas op\u00e7\u00f5es de lazer&#8221;, apontou Souza.<\/p>\n<p>As buscas por aluguel tiveram um avan\u00e7o de 70%, enquanto as pesquisas por compra ou venda avan\u00e7aram 73%, de acordo com os dados divulgados.<\/p>\n<h2>Black Friday do Bradesco inclui a amplia\u00e7\u00e3o do financiamento do cr\u00e9dito imobili\u00e1rio<\/h2>\n<p>Assim como a maioria das empresas, os Bancos tamb\u00e9m resolveram fazer promo\u00e7\u00f5es no per\u00edodo da Black Friday.<\/p>\n<p>Participando da Black Friday dos bancos, o Bradesco (<a href=\"https:\/\/www.suno.com.br\/acoes\/bbdc4\/\" target=\"_blank\" rel=\"noopener noreferrer\">BBDC4<\/a>) lan\u00e7ou ofertas no segmento de cr\u00e9dito para pessoas f\u00edsicas e empresas nesta Black Friday. O cliente que contratar <a href=\"https:\/\/www.suno.com.br\/artigos\/emprestimo-pessoal\/#:~:text=Al%C3%A9m%20de%20ser%20mais%20f%C3%A1cil,%25%20e%207%25%20ao%20m%C3%AAs.\" target=\"_blank\" rel=\"noopener noreferrer\">cr\u00e9dito pessoal<\/a> com prazo de 36 a 72 meses ter\u00e1 20% de desconto na taxa de juros.<\/p>\n<p>Al\u00e9m disso, o Bradesco anunciou promo\u00e7\u00e3o no segmento de <a href=\"https:\/\/www.suno.com.br\/artigos\/financiamento-de-veiculos\/\">financiamento de ve\u00edculos<\/a>. Os clientes <a href=\"https:\/\/www.suno.com.br\/artigos\/pessoa-fisica\/\">pessoa f\u00edsica<\/a> e jur\u00eddica poder\u00e3o financiar at\u00e9 100% do valor do autom\u00f3vel novo com prazo de at\u00e9 60 meses. As duas linhas preveem o pagamento da primeira parcela em 2021, de acordo com o <strong>Bradesco<\/strong>.<\/p>\n\t<div data-element=\"shortcode-read-more\" class=\"knowMore\">\n\t\t\t\t<span class=\"knowMore__title\">Veja tamb\u00e9m<\/span>\n\t\t\t\t<a class=\"knowMore__link\" href=\"https:\/\/www.suno.com.br\/noticias\/black-friday-dos-bancos\/\">\n\t\t\tBlack Friday dos bancos ter\u00e1 promo\u00e7\u00f5es de cr\u00e9dito e investimentos\t\t<\/a>\n\t<\/div>\n\n\n<p>A <strong>Black Friday<\/strong> do Bradesco tamb\u00e9m inclui a amplia\u00e7\u00e3o do financiamento do <a href=\"https:\/\/www.suno.com.br\/artigos\/financiamento-imobiliario\/\" target=\"_blank\" rel=\"noopener noreferrer\">cr\u00e9dito imobili\u00e1rio<\/a> para at\u00e9 90% do valor do <strong>im\u00f3vel<\/strong> pelo prazo de at\u00e9 30 anos.\u00a0Os clientes empresariais do Bradesco poder\u00e3o contratar capital de giro com taxas a partir de 0,99% ao m\u00eas, car\u00eancia de seis meses na primeira parcela e prazo de at\u00e9 72 meses para pagar.<\/p>\n\t<p>\n\t\t<a href=\"https:\/\/lp.suno.com.br\/planilha-de-controle-de-investimentos\/\" target=\"_blank\" data-element=\"shortcode-suno-banner\" title=\"Banner SUNO, clique e saiba mais\">\n\t\t\t<picture>\n\t\t\t\t<source media=\"(max-width: 500px)\" srcset=\"https:\/\/files.sunoresearch.com.br\/n\/uploads\/2023\/03\/400x300-Controle-de-Investimentos.png\">\n\t\t\t\t<img class=\"newsContent__article__imgCapa newsContent__article__imgCapa--banner\"\n\t\t\t\t\tsrc=\"https:\/\/files.sunoresearch.com.br\/n\/uploads\/2023\/03\/1420x240-Controle-de-Investimentos.png\"\n\t\t\t\t\tdata-promo-id=\"75934\"\t\t\t\t\t\t\t\t\t\twidth='1420' height='240'\t\t\t\t\talt=\"https:\/\/files.sunoresearch.com.br\/n\/uploads\/2023\/03\/1420x240-Controle-de-Investimentos.png\"\n\t\t\t\t>\n\t\t\t<\/picture>\n\t\t<\/a>\n\t<\/p>\n\n\n","protected":false},"excerpt":{"rendered":"<p>Uma pesquisa de inten\u00e7\u00e3o de compras feita pela Provokers a pedido do Google, apontou que a compra e aluguel de im\u00f3veis devem se destacar na Black Friday de 2020. A pesquisa foi realizada com 1500 pessoas de 18 a 54 anos em todas as regi\u00f5es do Brasil. A Associa\u00e7\u00e3o Nacional de Corretoras informou que o [&hellip;]<\/p>\n","protected":false},"author":39,"featured_media":86216,"comment_status":"closed","ping_status":"closed","sticky":false,"template":"","format":"standard","meta":[],"categories":[60],"tags":[768,1904],"suno_strategy":[],"class_list":["post-101511","post","type-post","status-publish","format-standard","has-post-thumbnail","hentry","category-mercado","tag-black-friday","tag-mercado-imobiliario"],"yoast_head":"<!-- This site is optimized with the Yoast SEO plugin v24.4 - https:\/\/yoast.com\/wordpress\/plugins\/seo\/ -->\n<title>Inten\u00e7\u00e3o de comprar e alugar im\u00f3veis na Black Friday cresceu 15%<\/title>\n<meta name=\"description\" content=\"Uma pesquisa apontou que a compra e aluguel de im\u00f3veis devem se destacar na Black Friday de 2020. Clique aqui para saber mais.\" \/>\n<meta name=\"robots\" content=\"index, follow, max-snippet:-1, max-image-preview:large, max-video-preview:-1\" \/>\n<link rel=\"canonical\" href=\"https:\/\/www.suno.com.br\/noticias\/imoveis-black-friday\/\" \/>\n<meta property=\"og:locale\" content=\"pt_BR\" \/>\n<meta property=\"og:type\" content=\"article\" \/>\n<meta property=\"og:title\" content=\"Inten\u00e7\u00e3o de comprar e alugar im\u00f3veis na Black Friday cresceu 15%\" \/>\n<meta property=\"og:description\" content=\"Uma pesquisa apontou que a compra e aluguel de im\u00f3veis devem se destacar na Black Friday de 2020. Clique aqui para saber mais.\" \/>\n<meta property=\"og:url\" content=\"https:\/\/www.suno.com.br\/noticias\/imoveis-black-friday\/\" \/>\n<meta property=\"og:site_name\" content=\"Suno Not\u00edcias\" \/>\n<meta property=\"article:publisher\" content=\"https:\/\/facebook.com\/sunoresearch\" \/>\n<meta property=\"og:image\" content=\"https:\/\/files.sunoresearch.com.br\/n\/uploads\/2020\/09\/3e0865c0-vendas-de-imoveis.jpg\" \/>\n\t<meta property=\"og:image:width\" content=\"1920\" \/>\n\t<meta property=\"og:image:height\" content=\"1280\" \/>\n\t<meta property=\"og:image:type\" content=\"image\/jpeg\" \/>\n<meta name=\"author\" content=\"Laura Moutinho\" \/>\n<meta name=\"twitter:card\" content=\"summary_large_image\" \/>\n<meta name=\"twitter:creator\" content=\"@sunoresearch\" \/>\n<meta name=\"twitter:site\" content=\"@sunoresearch\" \/>\n<meta name=\"twitter:label1\" content=\"Escrito por\" \/>\n\t<meta name=\"twitter:data1\" content=\"Laura Moutinho\" \/>\n\t<meta name=\"twitter:label2\" content=\"Est. tempo de leitura\" \/>\n\t<meta name=\"twitter:data2\" content=\"3 minutos\" \/>\n<script type=\"application\/ld+json\" class=\"yoast-schema-graph\">{\"@context\":\"https:\/\/schema.org\",\"@graph\":[{\"@type\":\"NewsArticle\",\"@id\":\"https:\/\/www.suno.com.br\/noticias\/imoveis-black-friday\/#article\",\"isPartOf\":{\"@id\":\"https:\/\/www.suno.com.br\/noticias\/imoveis-black-friday\/\"},\"author\":{\"name\":\"Laura Moutinho\",\"@id\":\"https:\/\/www.suno.com.br\/noticias\/#\/schema\/person\/3df0d2808748b74496efe5dbeaef2c72\"},\"headline\":\"Inten\u00e7\u00e3o de comprar e alugar im\u00f3veis na Black Friday cresceu 15%\",\"datePublished\":\"2020-11-19T00:07:17+00:00\",\"dateModified\":\"2021-06-14T02:39:49+00:00\",\"mainEntityOfPage\":{\"@id\":\"https:\/\/www.suno.com.br\/noticias\/imoveis-black-friday\/\"},\"wordCount\":527,\"publisher\":{\"@id\":\"https:\/\/www.suno.com.br\/noticias\/#organization\"},\"image\":{\"@id\":\"https:\/\/www.suno.com.br\/noticias\/imoveis-black-friday\/#primaryimage\"},\"thumbnailUrl\":\"https:\/\/files.sunoresearch.com.br\/n\/uploads\/2020\/09\/3e0865c0-vendas-de-imoveis-jpg.webp\",\"keywords\":[\"Black Friday\",\"mercado imobili\u00e1rio\"],\"articleSection\":[\"Mercado\"],\"inLanguage\":\"pt-BR\"},{\"@type\":\"WebPage\",\"@id\":\"https:\/\/www.suno.com.br\/noticias\/imoveis-black-friday\/\",\"url\":\"https:\/\/www.suno.com.br\/noticias\/imoveis-black-friday\/\",\"name\":\"Inten\u00e7\u00e3o de comprar e alugar im\u00f3veis na Black Friday cresceu 15%\",\"isPartOf\":{\"@id\":\"https:\/\/www.suno.com.br\/noticias\/#website\"},\"primaryImageOfPage\":{\"@id\":\"https:\/\/www.suno.com.br\/noticias\/imoveis-black-friday\/#primaryimage\"},\"image\":{\"@id\":\"https:\/\/www.suno.com.br\/noticias\/imoveis-black-friday\/#primaryimage\"},\"thumbnailUrl\":\"https:\/\/files.sunoresearch.com.br\/n\/uploads\/2020\/09\/3e0865c0-vendas-de-imoveis-jpg.webp\",\"datePublished\":\"2020-11-19T00:07:17+00:00\",\"dateModified\":\"2021-06-14T02:39:49+00:00\",\"description\":\"Uma pesquisa apontou que a compra e aluguel de im\u00f3veis devem se destacar na Black Friday de 2020. Clique aqui para saber mais.\",\"breadcrumb\":{\"@id\":\"https:\/\/www.suno.com.br\/noticias\/imoveis-black-friday\/#breadcrumb\"},\"inLanguage\":\"pt-BR\",\"potentialAction\":[{\"@type\":\"ReadAction\",\"target\":[\"https:\/\/www.suno.com.br\/noticias\/imoveis-black-friday\/\"]}]},{\"@type\":\"ImageObject\",\"inLanguage\":\"pt-BR\",\"@id\":\"https:\/\/www.suno.com.br\/noticias\/imoveis-black-friday\/#primaryimage\",\"url\":\"https:\/\/files.sunoresearch.com.br\/n\/uploads\/2020\/09\/3e0865c0-vendas-de-imoveis-jpg.webp\",\"contentUrl\":\"https:\/\/files.sunoresearch.com.br\/n\/uploads\/2020\/09\/3e0865c0-vendas-de-imoveis-jpg.webp\",\"width\":1920,\"height\":1280,\"caption\":\"A Associa\u00e7\u00e3o Nacional de Corretoras informou que o \u00edndice de vendas pendentes de im\u00f3veis nos EUA reportou uma queda de 1,1% entre setembro e outubro\"},{\"@type\":\"BreadcrumbList\",\"@id\":\"https:\/\/www.suno.com.br\/noticias\/imoveis-black-friday\/#breadcrumb\",\"itemListElement\":[{\"@type\":\"ListItem\",\"position\":1,\"name\":\"Not\u00edcias\",\"item\":\"https:\/\/www.suno.com.br\/noticias\/\"},{\"@type\":\"ListItem\",\"position\":2,\"name\":\"Mercado\",\"item\":\"https:\/\/www.suno.com.br\/noticias\/mercado\/\"},{\"@type\":\"ListItem\",\"position\":3,\"name\":\"Inten\u00e7\u00e3o de comprar e alugar im\u00f3veis na Black Friday cresceu 15%\"}]},{\"@type\":\"WebSite\",\"@id\":\"https:\/\/www.suno.com.br\/noticias\/#website\",\"url\":\"https:\/\/www.suno.com.br\/noticias\/\",\"name\":\"Suno Not\u00edcias\",\"description\":\"Seu portal de informa\u00e7\u00e3o sobre o mundo dos investimentos\",\"publisher\":{\"@id\":\"https:\/\/www.suno.com.br\/noticias\/#organization\"},\"potentialAction\":[{\"@type\":\"SearchAction\",\"target\":{\"@type\":\"EntryPoint\",\"urlTemplate\":\"https:\/\/www.suno.com.br\/noticias\/?s={search_term_string}\"},\"query-input\":{\"@type\":\"PropertyValueSpecification\",\"valueRequired\":true,\"valueName\":\"search_term_string\"}}],\"inLanguage\":\"pt-BR\"},{\"@type\":\"Organization\",\"@id\":\"https:\/\/www.suno.com.br\/noticias\/#organization\",\"name\":\"Suno Not\u00edcias\",\"url\":\"https:\/\/www.suno.com.br\/noticias\/\",\"logo\":{\"@type\":\"ImageObject\",\"inLanguage\":\"pt-BR\",\"@id\":\"https:\/\/www.suno.com.br\/noticias\/#\/schema\/logo\/image\/\",\"url\":\"https:\/\/files.sunoresearch.com.br\/n\/uploads\/2021\/09\/suno-logo.png\",\"contentUrl\":\"https:\/\/files.sunoresearch.com.br\/n\/uploads\/2021\/09\/suno-logo.png\",\"width\":180,\"height\":180,\"caption\":\"Suno Not\u00edcias\"},\"image\":{\"@id\":\"https:\/\/www.suno.com.br\/noticias\/#\/schema\/logo\/image\/\"},\"sameAs\":[\"https:\/\/facebook.com\/sunoresearch\",\"https:\/\/x.com\/sunoresearch\",\"https:\/\/www.instagram.com\/suno\",\"https:\/\/www.linkedin.com\/company\/suno-research\/\",\"https:\/\/www.youtube.com\/c\/sunoresearch\"]},{\"@type\":\"Person\",\"@id\":\"https:\/\/www.suno.com.br\/noticias\/#\/schema\/person\/3df0d2808748b74496efe5dbeaef2c72\",\"name\":\"Laura Moutinho\",\"image\":{\"@type\":\"ImageObject\",\"inLanguage\":\"pt-BR\",\"@id\":\"https:\/\/www.suno.com.br\/noticias\/#\/schema\/person\/image\/\",\"url\":\"https:\/\/secure.gravatar.com\/avatar\/7571c7c8ca3a6fca5e41384ece5557ff?s=96&r=g\",\"contentUrl\":\"https:\/\/secure.gravatar.com\/avatar\/7571c7c8ca3a6fca5e41384ece5557ff?s=96&r=g\",\"caption\":\"Laura Moutinho\"},\"description\":\"Estagi\u00e1ria na Suno Not\u00edcias, escreve not\u00edcias que afetam o mercado financeiro. Estuda administra\u00e7\u00e3o na Universidade Presbiteriana Mackenzie.\",\"url\":\"https:\/\/www.suno.com.br\/noticias\/author\/laura-moutinho\/\"}]}<\/script>\n<!-- \/ Yoast SEO plugin. -->","yoast_head_json":{"title":"Inten\u00e7\u00e3o de comprar e alugar im\u00f3veis na Black Friday cresceu 15%","description":"Uma pesquisa apontou que a compra e aluguel de im\u00f3veis devem se destacar na Black Friday de 2020. Clique aqui para saber mais.","robots":{"index":"index","follow":"follow","max-snippet":"max-snippet:-1","max-image-preview":"max-image-preview:large","max-video-preview":"max-video-preview:-1"},"canonical":"https:\/\/www.suno.com.br\/noticias\/imoveis-black-friday\/","og_locale":"pt_BR","og_type":"article","og_title":"Inten\u00e7\u00e3o de comprar e alugar im\u00f3veis na Black Friday cresceu 15%","og_description":"Uma pesquisa apontou que a compra e aluguel de im\u00f3veis devem se destacar na Black Friday de 2020. Clique aqui para saber mais.","og_url":"https:\/\/www.suno.com.br\/noticias\/imoveis-black-friday\/","og_site_name":"Suno Not\u00edcias","article_publisher":"https:\/\/facebook.com\/sunoresearch","og_image":[{"width":1920,"height":1280,"url":"https:\/\/files.sunoresearch.com.br\/n\/uploads\/2020\/09\/3e0865c0-vendas-de-imoveis.jpg","type":"image\/jpeg"}],"author":"Laura Moutinho","twitter_card":"summary_large_image","twitter_creator":"@sunoresearch","twitter_site":"@sunoresearch","twitter_misc":{"Escrito por":"Laura Moutinho","Est. tempo de leitura":"3 minutos"},"schema":{"@context":"https:\/\/schema.org","@graph":[{"@type":"NewsArticle","@id":"https:\/\/www.suno.com.br\/noticias\/imoveis-black-friday\/#article","isPartOf":{"@id":"https:\/\/www.suno.com.br\/noticias\/imoveis-black-friday\/"},"author":{"name":"Laura Moutinho","@id":"https:\/\/www.suno.com.br\/noticias\/#\/schema\/person\/3df0d2808748b74496efe5dbeaef2c72"},"headline":"Inten\u00e7\u00e3o de comprar e alugar im\u00f3veis na Black Friday cresceu 15%","datePublished":"2020-11-19T00:07:17+00:00","dateModified":"2021-06-14T02:39:49+00:00","mainEntityOfPage":{"@id":"https:\/\/www.suno.com.br\/noticias\/imoveis-black-friday\/"},"wordCount":527,"publisher":{"@id":"https:\/\/www.suno.com.br\/noticias\/#organization"},"image":{"@id":"https:\/\/www.suno.com.br\/noticias\/imoveis-black-friday\/#primaryimage"},"thumbnailUrl":"https:\/\/files.sunoresearch.com.br\/n\/uploads\/2020\/09\/3e0865c0-vendas-de-imoveis-jpg.webp","keywords":["Black Friday","mercado imobili\u00e1rio"],"articleSection":["Mercado"],"inLanguage":"pt-BR"},{"@type":"WebPage","@id":"https:\/\/www.suno.com.br\/noticias\/imoveis-black-friday\/","url":"https:\/\/www.suno.com.br\/noticias\/imoveis-black-friday\/","name":"Inten\u00e7\u00e3o de comprar e alugar im\u00f3veis na Black Friday cresceu 15%","isPartOf":{"@id":"https:\/\/www.suno.com.br\/noticias\/#website"},"primaryImageOfPage":{"@id":"https:\/\/www.suno.com.br\/noticias\/imoveis-black-friday\/#primaryimage"},"image":{"@id":"https:\/\/www.suno.com.br\/noticias\/imoveis-black-friday\/#primaryimage"},"thumbnailUrl":"https:\/\/files.sunoresearch.com.br\/n\/uploads\/2020\/09\/3e0865c0-vendas-de-imoveis-jpg.webp","datePublished":"2020-11-19T00:07:17+00:00","dateModified":"2021-06-14T02:39:49+00:00","description":"Uma pesquisa apontou que a compra e aluguel de im\u00f3veis devem se destacar na Black Friday de 2020. Clique aqui para saber mais.","breadcrumb":{"@id":"https:\/\/www.suno.com.br\/noticias\/imoveis-black-friday\/#breadcrumb"},"inLanguage":"pt-BR","potentialAction":[{"@type":"ReadAction","target":["https:\/\/www.suno.com.br\/noticias\/imoveis-black-friday\/"]}]},{"@type":"ImageObject","inLanguage":"pt-BR","@id":"https:\/\/www.suno.com.br\/noticias\/imoveis-black-friday\/#primaryimage","url":"https:\/\/files.sunoresearch.com.br\/n\/uploads\/2020\/09\/3e0865c0-vendas-de-imoveis-jpg.webp","contentUrl":"https:\/\/files.sunoresearch.com.br\/n\/uploads\/2020\/09\/3e0865c0-vendas-de-imoveis-jpg.webp","width":1920,"height":1280,"caption":"A Associa\u00e7\u00e3o Nacional de Corretoras informou que o \u00edndice de vendas pendentes de im\u00f3veis nos EUA reportou uma queda de 1,1% entre setembro e outubro"},{"@type":"BreadcrumbList","@id":"https:\/\/www.suno.com.br\/noticias\/imoveis-black-friday\/#breadcrumb","itemListElement":[{"@type":"ListItem","position":1,"name":"Not\u00edcias","item":"https:\/\/www.suno.com.br\/noticias\/"},{"@type":"ListItem","position":2,"name":"Mercado","item":"https:\/\/www.suno.com.br\/noticias\/mercado\/"},{"@type":"ListItem","position":3,"name":"Inten\u00e7\u00e3o de comprar e alugar im\u00f3veis na Black Friday cresceu 15%"}]},{"@type":"WebSite","@id":"https:\/\/www.suno.com.br\/noticias\/#website","url":"https:\/\/www.suno.com.br\/noticias\/","name":"Suno Not\u00edcias","description":"Seu portal de informa\u00e7\u00e3o sobre o mundo dos investimentos","publisher":{"@id":"https:\/\/www.suno.com.br\/noticias\/#organization"},"potentialAction":[{"@type":"SearchAction","target":{"@type":"EntryPoint","urlTemplate":"https:\/\/www.suno.com.br\/noticias\/?s={search_term_string}"},"query-input":{"@type":"PropertyValueSpecification","valueRequired":true,"valueName":"search_term_string"}}],"inLanguage":"pt-BR"},{"@type":"Organization","@id":"https:\/\/www.suno.com.br\/noticias\/#organization","name":"Suno Not\u00edcias","url":"https:\/\/www.suno.com.br\/noticias\/","logo":{"@type":"ImageObject","inLanguage":"pt-BR","@id":"https:\/\/www.suno.com.br\/noticias\/#\/schema\/logo\/image\/","url":"https:\/\/files.sunoresearch.com.br\/n\/uploads\/2021\/09\/suno-logo.png","contentUrl":"https:\/\/files.sunoresearch.com.br\/n\/uploads\/2021\/09\/suno-logo.png","width":180,"height":180,"caption":"Suno Not\u00edcias"},"image":{"@id":"https:\/\/www.suno.com.br\/noticias\/#\/schema\/logo\/image\/"},"sameAs":["https:\/\/facebook.com\/sunoresearch","https:\/\/x.com\/sunoresearch","https:\/\/www.instagram.com\/suno","https:\/\/www.linkedin.com\/company\/suno-research\/","https:\/\/www.youtube.com\/c\/sunoresearch"]},{"@type":"Person","@id":"https:\/\/www.suno.com.br\/noticias\/#\/schema\/person\/3df0d2808748b74496efe5dbeaef2c72","name":"Laura Moutinho","image":{"@type":"ImageObject","inLanguage":"pt-BR","@id":"https:\/\/www.suno.com.br\/noticias\/#\/schema\/person\/image\/","url":"https:\/\/secure.gravatar.com\/avatar\/7571c7c8ca3a6fca5e41384ece5557ff?s=96&r=g","contentUrl":"https:\/\/secure.gravatar.com\/avatar\/7571c7c8ca3a6fca5e41384ece5557ff?s=96&r=g","caption":"Laura Moutinho"},"description":"Estagi\u00e1ria na Suno Not\u00edcias, escreve not\u00edcias que afetam o mercado financeiro. Estuda administra\u00e7\u00e3o na Universidade Presbiteriana Mackenzie.","url":"https:\/\/www.suno.com.br\/noticias\/author\/laura-moutinho\/"}]}},"default_loop_html":"<div class=\"cardsPage__listCard__boxs\"><div class=\"cardsPage__listCard__boxs__img\"><a href=\"https:\/\/www.suno.com.br\/noticias\/imoveis-black-friday\/\"><img class=\"mask\" src=\"https:\/\/www.suno.com.br\/noticias\/wp-content\/themes\/suno\/resources\/images\/spotlight\/spotlight1img\/bg-mask.png\" alt=\"Image Mask\"\/><img src=\"https:\/\/files.sunoresearch.com.br\/n\/uploads\/2020\/09\/3e0865c0-vendas-de-imoveis-400x200.webp\" alt=\"Inten\u00e7\u00e3o de comprar e alugar im\u00f3veis na Black Friday cresceu 15%\"\/><\/a><span class=\"spotlightCategory\"><a href=\"https:\/\/www.suno.com.br\/noticias\/mercado\/\">Mercado<\/a><\/span><\/div><div class=\"cardsPage__listCard__boxs__content\"><a href=\"https:\/\/www.suno.com.br\/noticias\/imoveis-black-friday\/\"><h2 class=\"content__title\">Inten\u00e7\u00e3o de comprar e alugar im\u00f3veis na Black Friday cresceu 15%<\/h2><\/a><div class=\"newsContent__article__meta\"><div class=\"newsContent__article__meta__authorBox\"><a href=\"https:\/\/www.suno.com.br\/noticias\/author\/laura-moutinho\/\" class=\"authorBox__avatar noMobi\"><img src=\"https:\/\/files.sunoresearch.com.br\/n\/uploads\/2020\/08\/531ff69d-whatsapp-image-2020-08-03-at-14.54.38-150x150.webp\" alt=\"Laura Moutinho\"><\/a><div class=\"authorBox__name\"><span>por\n\t\t\t<a href=\"https:\/\/www.suno.com.br\/noticias\/author\/laura-moutinho\/\"><span itemprop=\"author\">Laura Moutinho<\/span><\/a><\/span><time datetime=\"2020-11-18T21:07:17-03:00\" itemprop=\"datePublished\">18\/11\/2020 21:07<\/time><\/div><\/div><\/div><\/div><\/div>","single_layout":"posts","amp_enabled":true,"_links":{"self":[{"href":"https:\/\/www.suno.com.br\/noticias\/wp-json\/wp\/v2\/posts\/101511"}],"collection":[{"href":"https:\/\/www.suno.com.br\/noticias\/wp-json\/wp\/v2\/posts"}],"about":[{"href":"https:\/\/www.suno.com.br\/noticias\/wp-json\/wp\/v2\/types\/post"}],"author":[{"embeddable":true,"href":"https:\/\/www.suno.com.br\/noticias\/wp-json\/wp\/v2\/users\/39"}],"replies":[{"embeddable":true,"href":"https:\/\/www.suno.com.br\/noticias\/wp-json\/wp\/v2\/comments?post=101511"}],"version-history":[{"count":1,"href":"https:\/\/www.suno.com.br\/noticias\/wp-json\/wp\/v2\/posts\/101511\/revisions"}],"predecessor-version":[{"id":157035,"href":"https:\/\/www.suno.com.br\/noticias\/wp-json\/wp\/v2\/posts\/101511\/revisions\/157035"}],"wp:featuredmedia":[{"embeddable":true,"href":"https:\/\/www.suno.com.br\/noticias\/wp-json\/wp\/v2\/media\/86216"}],"wp:attachment":[{"href":"https:\/\/www.suno.com.br\/noticias\/wp-json\/wp\/v2\/media?parent=101511"}],"wp:term":[{"taxonomy":"category","embeddable":true,"href":"https:\/\/www.suno.com.br\/noticias\/wp-json\/wp\/v2\/categories?post=101511"},{"taxonomy":"post_tag","embeddable":true,"href":"https:\/\/www.suno.com.br\/noticias\/wp-json\/wp\/v2\/tags?post=101511"},{"taxonomy":"suno_strategy","embeddable":true,"href":"https:\/\/www.suno.com.br\/noticias\/wp-json\/wp\/v2\/suno_strategy?post=101511"}],"curies":[{"name":"wp","href":"https:\/\/api.w.org\/{rel}","templated":true}]}}