{"id":101452,"date":"2020-11-18T19:16:32","date_gmt":"2020-11-18T22:16:32","guid":{"rendered":"https:\/\/www.suno.com.br\/noticias\/?p=101452"},"modified":"2021-02-17T22:36:51","modified_gmt":"2021-02-18T01:36:51","slug":"ifix-fecha-em-queda-de-007-aos-2-80089-pontos-18112020","status":"publish","type":"post","link":"https:\/\/www.suno.com.br\/noticias\/ifix-fecha-em-queda-de-007-aos-2-80089-pontos-18112020\/","title":{"rendered":"IFIX fecha em queda de 0,07%, aos 2.800,89 pontos"},"content":{"rendered":"<p>O <b>IFIX<\/b>, \u00edndice de Fundos Imobili\u00e1rios da B3, fechou nesta quarta-feira (18) , aos 2.801 pontos.<\/p>\t<div class=\"wrapper-featured-image\">\n\t\t<figure class=\"spotlightImg\">\n\n\t\t\t<picture>\n\t\t\t\t<source media=\"(max-width: 768px)\" srcset=\"https:\/\/files.sunoresearch.com.br\/n\/uploads\/2019\/11\/da935d85-fiis-400x200.webp\">\n\t\t\t\t<img loading=\"lazy\" decoding=\"async\" class=\"newsContent__article__imgCapa lazyloadDisabled \" src=\"https:\/\/files.sunoresearch.com.br\/n\/uploads\/2019\/11\/da935d85-fiis-800x450.webp\" width=\"800\" height=\"450\" alt=\"IFIX fecha em queda de 0,07%, aos 2.800,89 pontos\" fetchpriority=high \/>\n\t\t\t<\/picture>\n\n\t\t\t<figcaption class=\"wp-caption-text wp-caption-text--show\">O IFIX, \u00edndice de Fundos Imobili\u00e1rios da B3, fechou nesta quarta-feira (18) , aos 2.801 pontos.<\/figcaption>\n\t\t<\/figure>\n\t<\/div>\n\n\n\t<p>\n\t\t<a href=\"\" target=\"_blank\" data-element=\"shortcode-suno-banner\" title=\"Banner SUNO, clique e saiba mais\">\n\t\t\t<picture>\n\t\t\t\t<source media=\"(max-width: 500px)\" srcset=\"\">\n\t\t\t\t<img class=\"newsContent__article__imgCapa newsContent__article__imgCapa--banner\"\n\t\t\t\t\tsrc=\"\"\n\t\t\t\t\tdata-promo-id=\"97204\"\t\t\t\t\t\t\t\t\t\t\t\t\t\t\talt=\"\"\n\t\t\t\t>\n\t\t\t<\/picture>\n\t\t<\/a>\n\t<\/p>\n\n\n<p>As maiores baixas do <a href=\"https:\/\/www.suno.com.br\/artigos\/ifix\/\">IFIX<\/a>\u00a0foram os <strong><a href=\"https:\/\/www.suno.com.br\/fundos-imobiliarios\/#:~:text=Fundos%20imobili%C3%A1rios%20s%C3%A3o%20fundos%20de,lajes%20corporativas%2C%20galp%C3%B5es%20log%C3%ADsticos%2C%20sedes\">fundos imobili\u00e1rios (FIIs)<\/a><\/strong> Grand Plaza Shopping (<strong>ABCP11<\/strong>), que perdeu 2,35%; Continental Square Faria Lima (<strong>FLMA11<\/strong>), que perdeu 1,97%; Santander Pap\u00e9is IMOB CDI FDO (<strong>SADI11<\/strong>), que recuou 1,63%; Vila Ol\u00edmpia Corporate (<strong>VLOL11<\/strong>) que perdeu 1,33% e o Plural Receb\u00edveis (<strong>PLCR11<\/strong>), que caiu 1,28%.<\/p>\n<p>Por sua vez, as maiores altas foram os fundos M\u00e9rito Desenvolvimento Imobili\u00e1rio (<strong>MFII11<\/strong>), que subiu 1,10%, Rio Bravo IFIX (<strong>RBFF11<\/strong>)<strong>,<\/strong> que subiu 1,03%, o Kinea FII (<strong>KFOF11<\/strong>) que subiu 0,97%; a XP Properties (<strong>XPPR11<\/strong>), que avan\u00e7ou 0,92% e a XP Selection (<strong>XPSF11<\/strong>) que subiu 0,87%.<\/p>\n<p><a href=\"https:\/\/lp.suno.com.br\/suno-one\/\">Conhe\u00e7a o Suno One, a central gratuita de informa\u00e7\u00f5es da Suno para quem quer aprender a investir. Acesse clicando aqui.<\/a><\/p>\n<h2>Principais not\u00edcias do dia em Fundos Imobili\u00e1rios<\/h2>\n<p>Confira as principais not\u00edcias que movimentaram o IFIX nesta quarta-feira:<\/p>\n<ul>\n<li>FCFL11 assina contrato de loca\u00e7\u00e3o com a Netpark<\/li>\n<li>RBRP11 adquire ativo<\/li>\n<\/ul>\n<h2>FCFL11<\/h2>\n<p>O BTG Pactual informou nesta quarta-feira que fechou um novo contrato de loca\u00e7\u00e3o com a Netpark, referente a \u00e1rea de estacionamento do im\u00f3vel que pertence ao FCFL11. Vale destacar que o BTG Pactual \u00e9 quem administra o fundo.<\/p>\n\t<div data-element=\"shortcode-read-more\" class=\"knowMore\">\n\t\t\t\t<span class=\"knowMore__title\">Veja Tamb\u00e9m<\/span>\n\t\t\t\t<a class=\"knowMore__link\" href=\"https:\/\/www.suno.com.br\/noticias\/confira-rendimentos-fundos-imobiliarios-outubro\/\">\n\t\t\tConfira os rendimentos dos Fundos Imobili\u00e1rios em outubro\t\t<\/a>\n\t<\/div>\n\n\n<p>O administrador do FII Campus Faria Lima apontou que o contrato ter\u00e1 prazo de 5 anos que come\u00e7ou a ser contado no in\u00edcio deste m\u00eas.<\/p>\n<p>Al\u00e9m disso, a assinatura do contrato deve afetar positivamente a receita do fundo em 0,77% ante as receitas reportadas em outubro, o que equivale a R$ 0,005 por cota.<\/p>\n<h2>RBRP11<\/h2>\n<p>O Fundo de Investimento Imobili\u00e1rio RBRP11 informou nesta quarta-feira (18) a aquisi\u00e7\u00e3o de um novo ativo na Av. Brigadeiro Faria Lima, em S\u00e3o Paulo, por R$ 2,2 milh\u00f5es que foram pagos \u00e0 vista.<\/p>\n<p>O RBR Properties adquiriu o Conjunto n\u00ba 121 do Condom\u00ednio Centro Empresarial M\u00e1rio Garnero,. No entanto, a aquisi\u00e7\u00e3o n\u00e3o ter\u00e1 efeito imediato na distribui\u00e7\u00e3o de rendimento do ativo.<\/p>\n<h2>Rendimentos do dia de FIIs<\/h2>\n<p>Nesta quarta foram tamb\u00e9m pagos os rendimentos dos seguintes <strong>fundos imobili\u00e1rios:<\/strong><\/p>\n<ul>\n<li><strong>IRDM11<\/strong>: R$ 1,22 por cota<\/li>\n<li><strong>MGFF11<\/strong>: R$ 0,50 por cota<\/li>\n<li><strong>RBRF11<\/strong>: R$ 0,75 por cota<\/li>\n<li><strong>RBRR11<\/strong>: R$ 0,50 por cota<\/li>\n<\/ul>\n<h2>Maiores altas e baixas do IFIX<\/h2>\n<p>Confira as maiores altas e baixas do dia no IFIX:<\/p>\n<h3>Maiores Altas do dia:<\/h3>\n<ul>\n<li><strong>MFII11 <\/strong>R$ 138,00 \/ 1,10%<\/li>\n<li><strong>RBFF11 <\/strong>R$ 73,85 \/ 1,03%<\/li>\n<li><strong>KFOF11 <\/strong>R$ 110,08 \/ 0,97%<\/li>\n<li><strong>XPPR11 <\/strong>R$ 84,30 \/ 0,92%<\/li>\n<li><strong>XPSF11 <\/strong>R$ 94,85 \/ 0,87%<\/li>\n<\/ul>\n<h3>Maiores Baixas do dia<\/h3>\n<ul>\n<li><strong>ABCP11 <\/strong>R$ 75,70 \/ -2,35%<\/li>\n<li><strong>FLMA11 <\/strong>R$ 2,99 \/ -1,97%<\/li>\n<li><strong>SADI11 <\/strong>R$ 82,00 \/ -1,63%<\/li>\n<li><strong>VLOL11 <\/strong>R$ 103,60\/ -1,33%<\/li>\n<li><strong>PLCR11 <\/strong>R$ 84,15\/ -1,28%<\/li>\n<\/ul>\n<h2>O que \u00e9 o IFIX<\/h2>\n<p>O <b>IFIX <\/b>\u00e9 um indicador criado pela <a href=\"https:\/\/www.suno.com.br\/artigos\/b3\/\"><strong>Bolsa de Valores de S\u00e3o Paulo (B3)<\/strong><\/a> que tem como objetivo a medi\u00e7\u00e3o d performance de uma carteira composta por cotas de <strong>Fundos Imobili\u00e1rios.<\/strong><\/p>\n\t<p>\n\t\t<a href=\"https:\/\/lp.suno.com.br\/planilha-de-controle-de-investimentos\/\" target=\"_blank\" data-element=\"shortcode-suno-banner\" title=\"Banner SUNO, clique e saiba mais\">\n\t\t\t<picture>\n\t\t\t\t<source media=\"(max-width: 500px)\" srcset=\"https:\/\/files.sunoresearch.com.br\/n\/uploads\/2023\/03\/400x300-Controle-de-Investimentos.png\">\n\t\t\t\t<img class=\"newsContent__article__imgCapa newsContent__article__imgCapa--banner\"\n\t\t\t\t\tsrc=\"https:\/\/files.sunoresearch.com.br\/n\/uploads\/2023\/03\/1420x240-Controle-de-Investimentos.png\"\n\t\t\t\t\tdata-promo-id=\"75934\"\t\t\t\t\t\t\t\t\t\twidth='1420' height='240'\t\t\t\t\talt=\"https:\/\/files.sunoresearch.com.br\/n\/uploads\/2023\/03\/1420x240-Controle-de-Investimentos.png\"\n\t\t\t\t>\n\t\t\t<\/picture>\n\t\t<\/a>\n\t<\/p>\n\n\n","protected":false},"excerpt":{"rendered":"<p>O IFIX, \u00edndice de Fundos Imobili\u00e1rios da B3, fechou nesta quarta-feira (18) , aos 2.801 pontos. O IFIX, \u00edndice de Fundos Imobili\u00e1rios da B3, fechou nesta quarta-feira (18) , aos 2.801 pontos. As maiores baixas do IFIX\u00a0foram os fundos imobili\u00e1rios (FIIs) Grand Plaza Shopping (ABCP11), que perdeu 2,35%; Continental Square Faria Lima (FLMA11), que perdeu [&hellip;]<\/p>\n","protected":false},"author":39,"featured_media":45679,"comment_status":"closed","ping_status":"closed","sticky":false,"template":"","format":"standard","meta":[],"categories":[60],"tags":[315,2689],"suno_strategy":[],"class_list":["post-101452","post","type-post","status-publish","format-standard","has-post-thumbnail","hentry","category-mercado","tag-fundos-imobiliarios-fiis","tag-ifix"],"yoast_head":"<!-- This site is optimized with the Yoast SEO plugin v24.4 - https:\/\/yoast.com\/wordpress\/plugins\/seo\/ -->\n<title>IFIX fecha em queda de 0,07%, aos 2.800,89 pontos<\/title>\n<meta name=\"description\" content=\"O IFIX, \u00edndice de Fundos Imobili\u00e1rios da B3, fechou nesta quarta-feira (18) , aos 2.801 pontos. Clique aqui para saber mais.\" \/>\n<meta name=\"robots\" content=\"index, follow, max-snippet:-1, max-image-preview:large, max-video-preview:-1\" \/>\n<link rel=\"canonical\" href=\"https:\/\/www.suno.com.br\/noticias\/ifix-fecha-em-queda-de-007-aos-2-80089-pontos-18112020\/\" \/>\n<meta property=\"og:locale\" content=\"pt_BR\" \/>\n<meta property=\"og:type\" content=\"article\" \/>\n<meta property=\"og:title\" content=\"IFIX fecha em queda de 0,07%, aos 2.800,89 pontos\" \/>\n<meta property=\"og:description\" content=\"O IFIX, \u00edndice de Fundos Imobili\u00e1rios da B3, fechou nesta quarta-feira (18) , aos 2.801 pontos. Clique aqui para saber mais.\" \/>\n<meta property=\"og:url\" content=\"https:\/\/www.suno.com.br\/noticias\/ifix-fecha-em-queda-de-007-aos-2-80089-pontos-18112020\/\" \/>\n<meta property=\"og:site_name\" content=\"Suno Not\u00edcias\" \/>\n<meta property=\"article:publisher\" content=\"https:\/\/facebook.com\/sunoresearch\" \/>\n<meta property=\"og:image\" content=\"https:\/\/files.sunoresearch.com.br\/n\/uploads\/2019\/11\/da935d85-fiis.jpg\" \/>\n\t<meta property=\"og:image:width\" content=\"900\" \/>\n\t<meta property=\"og:image:height\" content=\"600\" \/>\n\t<meta property=\"og:image:type\" content=\"image\/jpeg\" \/>\n<meta name=\"author\" content=\"Laura Moutinho\" \/>\n<meta name=\"twitter:card\" content=\"summary_large_image\" \/>\n<meta name=\"twitter:creator\" content=\"@sunoresearch\" \/>\n<meta name=\"twitter:site\" content=\"@sunoresearch\" \/>\n<meta name=\"twitter:label1\" content=\"Escrito por\" \/>\n\t<meta name=\"twitter:data1\" content=\"Laura Moutinho\" \/>\n\t<meta name=\"twitter:label2\" content=\"Est. tempo de leitura\" \/>\n\t<meta name=\"twitter:data2\" content=\"2 minutos\" \/>\n<script type=\"application\/ld+json\" class=\"yoast-schema-graph\">{\"@context\":\"https:\/\/schema.org\",\"@graph\":[{\"@type\":\"NewsArticle\",\"@id\":\"https:\/\/www.suno.com.br\/noticias\/ifix-fecha-em-queda-de-007-aos-2-80089-pontos-18112020\/#article\",\"isPartOf\":{\"@id\":\"https:\/\/www.suno.com.br\/noticias\/ifix-fecha-em-queda-de-007-aos-2-80089-pontos-18112020\/\"},\"author\":{\"name\":\"Laura Moutinho\",\"@id\":\"https:\/\/www.suno.com.br\/noticias\/#\/schema\/person\/3df0d2808748b74496efe5dbeaef2c72\"},\"headline\":\"IFIX fecha em queda de 0,07%, aos 2.800,89 pontos\",\"datePublished\":\"2020-11-18T22:16:32+00:00\",\"dateModified\":\"2021-02-18T01:36:51+00:00\",\"mainEntityOfPage\":{\"@id\":\"https:\/\/www.suno.com.br\/noticias\/ifix-fecha-em-queda-de-007-aos-2-80089-pontos-18112020\/\"},\"wordCount\":462,\"publisher\":{\"@id\":\"https:\/\/www.suno.com.br\/noticias\/#organization\"},\"image\":{\"@id\":\"https:\/\/www.suno.com.br\/noticias\/ifix-fecha-em-queda-de-007-aos-2-80089-pontos-18112020\/#primaryimage\"},\"thumbnailUrl\":\"https:\/\/files.sunoresearch.com.br\/n\/uploads\/2019\/11\/da935d85-fiis-jpg.webp\",\"keywords\":[\"Fundos Imobili\u00e1rios (FIIs)\",\"IFIX\"],\"articleSection\":[\"Mercado\"],\"inLanguage\":\"pt-BR\"},{\"@type\":\"WebPage\",\"@id\":\"https:\/\/www.suno.com.br\/noticias\/ifix-fecha-em-queda-de-007-aos-2-80089-pontos-18112020\/\",\"url\":\"https:\/\/www.suno.com.br\/noticias\/ifix-fecha-em-queda-de-007-aos-2-80089-pontos-18112020\/\",\"name\":\"IFIX fecha em queda de 0,07%, aos 2.800,89 pontos\",\"isPartOf\":{\"@id\":\"https:\/\/www.suno.com.br\/noticias\/#website\"},\"primaryImageOfPage\":{\"@id\":\"https:\/\/www.suno.com.br\/noticias\/ifix-fecha-em-queda-de-007-aos-2-80089-pontos-18112020\/#primaryimage\"},\"image\":{\"@id\":\"https:\/\/www.suno.com.br\/noticias\/ifix-fecha-em-queda-de-007-aos-2-80089-pontos-18112020\/#primaryimage\"},\"thumbnailUrl\":\"https:\/\/files.sunoresearch.com.br\/n\/uploads\/2019\/11\/da935d85-fiis-jpg.webp\",\"datePublished\":\"2020-11-18T22:16:32+00:00\",\"dateModified\":\"2021-02-18T01:36:51+00:00\",\"description\":\"O IFIX, \u00edndice de Fundos Imobili\u00e1rios da B3, fechou nesta quarta-feira (18) , aos 2.801 pontos. Clique aqui para saber mais.\",\"breadcrumb\":{\"@id\":\"https:\/\/www.suno.com.br\/noticias\/ifix-fecha-em-queda-de-007-aos-2-80089-pontos-18112020\/#breadcrumb\"},\"inLanguage\":\"pt-BR\",\"potentialAction\":[{\"@type\":\"ReadAction\",\"target\":[\"https:\/\/www.suno.com.br\/noticias\/ifix-fecha-em-queda-de-007-aos-2-80089-pontos-18112020\/\"]}]},{\"@type\":\"ImageObject\",\"inLanguage\":\"pt-BR\",\"@id\":\"https:\/\/www.suno.com.br\/noticias\/ifix-fecha-em-queda-de-007-aos-2-80089-pontos-18112020\/#primaryimage\",\"url\":\"https:\/\/files.sunoresearch.com.br\/n\/uploads\/2019\/11\/da935d85-fiis-jpg.webp\",\"contentUrl\":\"https:\/\/files.sunoresearch.com.br\/n\/uploads\/2019\/11\/da935d85-fiis-jpg.webp\",\"width\":900,\"height\":600,\"caption\":\"O IFIX, \u00edndice de Fundos Imobili\u00e1rios da B3, fechou nesta quarta-feira (18) , aos 2.801 pontos.\"},{\"@type\":\"BreadcrumbList\",\"@id\":\"https:\/\/www.suno.com.br\/noticias\/ifix-fecha-em-queda-de-007-aos-2-80089-pontos-18112020\/#breadcrumb\",\"itemListElement\":[{\"@type\":\"ListItem\",\"position\":1,\"name\":\"Not\u00edcias\",\"item\":\"https:\/\/www.suno.com.br\/noticias\/\"},{\"@type\":\"ListItem\",\"position\":2,\"name\":\"Mercado\",\"item\":\"https:\/\/www.suno.com.br\/noticias\/mercado\/\"},{\"@type\":\"ListItem\",\"position\":3,\"name\":\"IFIX fecha em queda de 0,07%, aos 2.800,89 pontos\"}]},{\"@type\":\"WebSite\",\"@id\":\"https:\/\/www.suno.com.br\/noticias\/#website\",\"url\":\"https:\/\/www.suno.com.br\/noticias\/\",\"name\":\"Suno Not\u00edcias\",\"description\":\"Seu portal de informa\u00e7\u00e3o sobre o mundo dos investimentos\",\"publisher\":{\"@id\":\"https:\/\/www.suno.com.br\/noticias\/#organization\"},\"potentialAction\":[{\"@type\":\"SearchAction\",\"target\":{\"@type\":\"EntryPoint\",\"urlTemplate\":\"https:\/\/www.suno.com.br\/noticias\/?s={search_term_string}\"},\"query-input\":{\"@type\":\"PropertyValueSpecification\",\"valueRequired\":true,\"valueName\":\"search_term_string\"}}],\"inLanguage\":\"pt-BR\"},{\"@type\":\"Organization\",\"@id\":\"https:\/\/www.suno.com.br\/noticias\/#organization\",\"name\":\"Suno Not\u00edcias\",\"url\":\"https:\/\/www.suno.com.br\/noticias\/\",\"logo\":{\"@type\":\"ImageObject\",\"inLanguage\":\"pt-BR\",\"@id\":\"https:\/\/www.suno.com.br\/noticias\/#\/schema\/logo\/image\/\",\"url\":\"https:\/\/files.sunoresearch.com.br\/n\/uploads\/2021\/09\/suno-logo.png\",\"contentUrl\":\"https:\/\/files.sunoresearch.com.br\/n\/uploads\/2021\/09\/suno-logo.png\",\"width\":180,\"height\":180,\"caption\":\"Suno Not\u00edcias\"},\"image\":{\"@id\":\"https:\/\/www.suno.com.br\/noticias\/#\/schema\/logo\/image\/\"},\"sameAs\":[\"https:\/\/facebook.com\/sunoresearch\",\"https:\/\/x.com\/sunoresearch\",\"https:\/\/www.instagram.com\/suno\",\"https:\/\/www.linkedin.com\/company\/suno-research\/\",\"https:\/\/www.youtube.com\/c\/sunoresearch\"]},{\"@type\":\"Person\",\"@id\":\"https:\/\/www.suno.com.br\/noticias\/#\/schema\/person\/3df0d2808748b74496efe5dbeaef2c72\",\"name\":\"Laura Moutinho\",\"image\":{\"@type\":\"ImageObject\",\"inLanguage\":\"pt-BR\",\"@id\":\"https:\/\/www.suno.com.br\/noticias\/#\/schema\/person\/image\/\",\"url\":\"https:\/\/secure.gravatar.com\/avatar\/7571c7c8ca3a6fca5e41384ece5557ff?s=96&r=g\",\"contentUrl\":\"https:\/\/secure.gravatar.com\/avatar\/7571c7c8ca3a6fca5e41384ece5557ff?s=96&r=g\",\"caption\":\"Laura Moutinho\"},\"description\":\"Estagi\u00e1ria na Suno Not\u00edcias, escreve not\u00edcias que afetam o mercado financeiro. Estuda administra\u00e7\u00e3o na Universidade Presbiteriana Mackenzie.\",\"url\":\"https:\/\/www.suno.com.br\/noticias\/author\/laura-moutinho\/\"}]}<\/script>\n<!-- \/ Yoast SEO plugin. -->","yoast_head_json":{"title":"IFIX fecha em queda de 0,07%, aos 2.800,89 pontos","description":"O IFIX, \u00edndice de Fundos Imobili\u00e1rios da B3, fechou nesta quarta-feira (18) , aos 2.801 pontos. Clique aqui para saber mais.","robots":{"index":"index","follow":"follow","max-snippet":"max-snippet:-1","max-image-preview":"max-image-preview:large","max-video-preview":"max-video-preview:-1"},"canonical":"https:\/\/www.suno.com.br\/noticias\/ifix-fecha-em-queda-de-007-aos-2-80089-pontos-18112020\/","og_locale":"pt_BR","og_type":"article","og_title":"IFIX fecha em queda de 0,07%, aos 2.800,89 pontos","og_description":"O IFIX, \u00edndice de Fundos Imobili\u00e1rios da B3, fechou nesta quarta-feira (18) , aos 2.801 pontos. Clique aqui para saber mais.","og_url":"https:\/\/www.suno.com.br\/noticias\/ifix-fecha-em-queda-de-007-aos-2-80089-pontos-18112020\/","og_site_name":"Suno Not\u00edcias","article_publisher":"https:\/\/facebook.com\/sunoresearch","og_image":[{"width":900,"height":600,"url":"https:\/\/files.sunoresearch.com.br\/n\/uploads\/2019\/11\/da935d85-fiis.jpg","type":"image\/jpeg"}],"author":"Laura Moutinho","twitter_card":"summary_large_image","twitter_creator":"@sunoresearch","twitter_site":"@sunoresearch","twitter_misc":{"Escrito por":"Laura Moutinho","Est. tempo de leitura":"2 minutos"},"schema":{"@context":"https:\/\/schema.org","@graph":[{"@type":"NewsArticle","@id":"https:\/\/www.suno.com.br\/noticias\/ifix-fecha-em-queda-de-007-aos-2-80089-pontos-18112020\/#article","isPartOf":{"@id":"https:\/\/www.suno.com.br\/noticias\/ifix-fecha-em-queda-de-007-aos-2-80089-pontos-18112020\/"},"author":{"name":"Laura Moutinho","@id":"https:\/\/www.suno.com.br\/noticias\/#\/schema\/person\/3df0d2808748b74496efe5dbeaef2c72"},"headline":"IFIX fecha em queda de 0,07%, aos 2.800,89 pontos","datePublished":"2020-11-18T22:16:32+00:00","dateModified":"2021-02-18T01:36:51+00:00","mainEntityOfPage":{"@id":"https:\/\/www.suno.com.br\/noticias\/ifix-fecha-em-queda-de-007-aos-2-80089-pontos-18112020\/"},"wordCount":462,"publisher":{"@id":"https:\/\/www.suno.com.br\/noticias\/#organization"},"image":{"@id":"https:\/\/www.suno.com.br\/noticias\/ifix-fecha-em-queda-de-007-aos-2-80089-pontos-18112020\/#primaryimage"},"thumbnailUrl":"https:\/\/files.sunoresearch.com.br\/n\/uploads\/2019\/11\/da935d85-fiis-jpg.webp","keywords":["Fundos Imobili\u00e1rios (FIIs)","IFIX"],"articleSection":["Mercado"],"inLanguage":"pt-BR"},{"@type":"WebPage","@id":"https:\/\/www.suno.com.br\/noticias\/ifix-fecha-em-queda-de-007-aos-2-80089-pontos-18112020\/","url":"https:\/\/www.suno.com.br\/noticias\/ifix-fecha-em-queda-de-007-aos-2-80089-pontos-18112020\/","name":"IFIX fecha em queda de 0,07%, aos 2.800,89 pontos","isPartOf":{"@id":"https:\/\/www.suno.com.br\/noticias\/#website"},"primaryImageOfPage":{"@id":"https:\/\/www.suno.com.br\/noticias\/ifix-fecha-em-queda-de-007-aos-2-80089-pontos-18112020\/#primaryimage"},"image":{"@id":"https:\/\/www.suno.com.br\/noticias\/ifix-fecha-em-queda-de-007-aos-2-80089-pontos-18112020\/#primaryimage"},"thumbnailUrl":"https:\/\/files.sunoresearch.com.br\/n\/uploads\/2019\/11\/da935d85-fiis-jpg.webp","datePublished":"2020-11-18T22:16:32+00:00","dateModified":"2021-02-18T01:36:51+00:00","description":"O IFIX, \u00edndice de Fundos Imobili\u00e1rios da B3, fechou nesta quarta-feira (18) , aos 2.801 pontos. Clique aqui para saber mais.","breadcrumb":{"@id":"https:\/\/www.suno.com.br\/noticias\/ifix-fecha-em-queda-de-007-aos-2-80089-pontos-18112020\/#breadcrumb"},"inLanguage":"pt-BR","potentialAction":[{"@type":"ReadAction","target":["https:\/\/www.suno.com.br\/noticias\/ifix-fecha-em-queda-de-007-aos-2-80089-pontos-18112020\/"]}]},{"@type":"ImageObject","inLanguage":"pt-BR","@id":"https:\/\/www.suno.com.br\/noticias\/ifix-fecha-em-queda-de-007-aos-2-80089-pontos-18112020\/#primaryimage","url":"https:\/\/files.sunoresearch.com.br\/n\/uploads\/2019\/11\/da935d85-fiis-jpg.webp","contentUrl":"https:\/\/files.sunoresearch.com.br\/n\/uploads\/2019\/11\/da935d85-fiis-jpg.webp","width":900,"height":600,"caption":"O IFIX, \u00edndice de Fundos Imobili\u00e1rios da B3, fechou nesta quarta-feira (18) , aos 2.801 pontos."},{"@type":"BreadcrumbList","@id":"https:\/\/www.suno.com.br\/noticias\/ifix-fecha-em-queda-de-007-aos-2-80089-pontos-18112020\/#breadcrumb","itemListElement":[{"@type":"ListItem","position":1,"name":"Not\u00edcias","item":"https:\/\/www.suno.com.br\/noticias\/"},{"@type":"ListItem","position":2,"name":"Mercado","item":"https:\/\/www.suno.com.br\/noticias\/mercado\/"},{"@type":"ListItem","position":3,"name":"IFIX fecha em queda de 0,07%, aos 2.800,89 pontos"}]},{"@type":"WebSite","@id":"https:\/\/www.suno.com.br\/noticias\/#website","url":"https:\/\/www.suno.com.br\/noticias\/","name":"Suno Not\u00edcias","description":"Seu portal de informa\u00e7\u00e3o sobre o mundo dos investimentos","publisher":{"@id":"https:\/\/www.suno.com.br\/noticias\/#organization"},"potentialAction":[{"@type":"SearchAction","target":{"@type":"EntryPoint","urlTemplate":"https:\/\/www.suno.com.br\/noticias\/?s={search_term_string}"},"query-input":{"@type":"PropertyValueSpecification","valueRequired":true,"valueName":"search_term_string"}}],"inLanguage":"pt-BR"},{"@type":"Organization","@id":"https:\/\/www.suno.com.br\/noticias\/#organization","name":"Suno Not\u00edcias","url":"https:\/\/www.suno.com.br\/noticias\/","logo":{"@type":"ImageObject","inLanguage":"pt-BR","@id":"https:\/\/www.suno.com.br\/noticias\/#\/schema\/logo\/image\/","url":"https:\/\/files.sunoresearch.com.br\/n\/uploads\/2021\/09\/suno-logo.png","contentUrl":"https:\/\/files.sunoresearch.com.br\/n\/uploads\/2021\/09\/suno-logo.png","width":180,"height":180,"caption":"Suno Not\u00edcias"},"image":{"@id":"https:\/\/www.suno.com.br\/noticias\/#\/schema\/logo\/image\/"},"sameAs":["https:\/\/facebook.com\/sunoresearch","https:\/\/x.com\/sunoresearch","https:\/\/www.instagram.com\/suno","https:\/\/www.linkedin.com\/company\/suno-research\/","https:\/\/www.youtube.com\/c\/sunoresearch"]},{"@type":"Person","@id":"https:\/\/www.suno.com.br\/noticias\/#\/schema\/person\/3df0d2808748b74496efe5dbeaef2c72","name":"Laura Moutinho","image":{"@type":"ImageObject","inLanguage":"pt-BR","@id":"https:\/\/www.suno.com.br\/noticias\/#\/schema\/person\/image\/","url":"https:\/\/secure.gravatar.com\/avatar\/7571c7c8ca3a6fca5e41384ece5557ff?s=96&r=g","contentUrl":"https:\/\/secure.gravatar.com\/avatar\/7571c7c8ca3a6fca5e41384ece5557ff?s=96&r=g","caption":"Laura Moutinho"},"description":"Estagi\u00e1ria na Suno Not\u00edcias, escreve not\u00edcias que afetam o mercado financeiro. Estuda administra\u00e7\u00e3o na Universidade Presbiteriana Mackenzie.","url":"https:\/\/www.suno.com.br\/noticias\/author\/laura-moutinho\/"}]}},"default_loop_html":"<div class=\"cardsPage__listCard__boxs\"><div class=\"cardsPage__listCard__boxs__img\"><a href=\"https:\/\/www.suno.com.br\/noticias\/ifix-fecha-em-queda-de-007-aos-2-80089-pontos-18112020\/\"><img class=\"mask\" src=\"https:\/\/www.suno.com.br\/noticias\/wp-content\/themes\/suno\/resources\/images\/spotlight\/spotlight1img\/bg-mask.png\" alt=\"Image Mask\"\/><img src=\"https:\/\/files.sunoresearch.com.br\/n\/uploads\/2019\/11\/da935d85-fiis-400x200.webp\" alt=\"IFIX fecha em queda de 0,07%, aos 2.800,89 pontos\"\/><\/a><span class=\"spotlightCategory\"><a href=\"https:\/\/www.suno.com.br\/noticias\/mercado\/\">Mercado<\/a><\/span><\/div><div class=\"cardsPage__listCard__boxs__content\"><a href=\"https:\/\/www.suno.com.br\/noticias\/ifix-fecha-em-queda-de-007-aos-2-80089-pontos-18112020\/\"><h2 class=\"content__title\">IFIX fecha em queda de 0,07%, aos 2.800,89 pontos<\/h2><\/a><div class=\"newsContent__article__meta\"><div class=\"newsContent__article__meta__authorBox\"><a href=\"https:\/\/www.suno.com.br\/noticias\/author\/laura-moutinho\/\" class=\"authorBox__avatar noMobi\"><img src=\"https:\/\/files.sunoresearch.com.br\/n\/uploads\/2020\/08\/531ff69d-whatsapp-image-2020-08-03-at-14.54.38-150x150.webp\" alt=\"Laura Moutinho\"><\/a><div class=\"authorBox__name\"><span>por\n\t\t\t<a href=\"https:\/\/www.suno.com.br\/noticias\/author\/laura-moutinho\/\"><span itemprop=\"author\">Laura Moutinho<\/span><\/a><\/span><time datetime=\"2020-11-18T19:16:32-03:00\" itemprop=\"datePublished\">18\/11\/2020 19:16<\/time><\/div><\/div><\/div><\/div><\/div>","single_layout":"posts","amp_enabled":true,"_links":{"self":[{"href":"https:\/\/www.suno.com.br\/noticias\/wp-json\/wp\/v2\/posts\/101452"}],"collection":[{"href":"https:\/\/www.suno.com.br\/noticias\/wp-json\/wp\/v2\/posts"}],"about":[{"href":"https:\/\/www.suno.com.br\/noticias\/wp-json\/wp\/v2\/types\/post"}],"author":[{"embeddable":true,"href":"https:\/\/www.suno.com.br\/noticias\/wp-json\/wp\/v2\/users\/39"}],"replies":[{"embeddable":true,"href":"https:\/\/www.suno.com.br\/noticias\/wp-json\/wp\/v2\/comments?post=101452"}],"version-history":[{"count":0,"href":"https:\/\/www.suno.com.br\/noticias\/wp-json\/wp\/v2\/posts\/101452\/revisions"}],"wp:featuredmedia":[{"embeddable":true,"href":"https:\/\/www.suno.com.br\/noticias\/wp-json\/wp\/v2\/media\/45679"}],"wp:attachment":[{"href":"https:\/\/www.suno.com.br\/noticias\/wp-json\/wp\/v2\/media?parent=101452"}],"wp:term":[{"taxonomy":"category","embeddable":true,"href":"https:\/\/www.suno.com.br\/noticias\/wp-json\/wp\/v2\/categories?post=101452"},{"taxonomy":"post_tag","embeddable":true,"href":"https:\/\/www.suno.com.br\/noticias\/wp-json\/wp\/v2\/tags?post=101452"},{"taxonomy":"suno_strategy","embeddable":true,"href":"https:\/\/www.suno.com.br\/noticias\/wp-json\/wp\/v2\/suno_strategy?post=101452"}],"curies":[{"name":"wp","href":"https:\/\/api.w.org\/{rel}","templated":true}]}}