{"id":101444,"date":"2020-11-18T17:33:11","date_gmt":"2020-11-18T20:33:11","guid":{"rendered":"https:\/\/www.suno.com.br\/noticias\/?p=101444"},"modified":"2021-05-29T20:39:16","modified_gmt":"2021-05-29T23:39:16","slug":"dolar-encerra-em-alta-de-013-cotado-em-r-5337-18112020","status":"publish","type":"post","link":"https:\/\/www.suno.com.br\/noticias\/dolar-encerra-em-alta-de-013-cotado-em-r-5337-18112020\/","title":{"rendered":"D\u00f3lar encerra em alta de 0,13%, cotado em R$ 5,337"},"content":{"rendered":"<p>O <a href=\"https:\/\/www.suno.com.br\/artigos\/dolar\/\"><strong>d\u00f3lar<\/strong> <\/a>encerrou nessa quarta-feira (18) em alta de 0,13%, negociado a R$ 5,337 na venda.<\/p>\t<div class=\"wrapper-featured-image\">\n\t\t<figure class=\"spotlightImg\">\n\n\t\t\t<picture>\n\t\t\t\t<source media=\"(max-width: 768px)\" srcset=\"https:\/\/files.sunoresearch.com.br\/n\/uploads\/2020\/10\/bbe6102c-dolar-6-400x200.webp\">\n\t\t\t\t<img loading=\"lazy\" decoding=\"async\" class=\"newsContent__article__imgCapa lazyloadDisabled \" src=\"https:\/\/files.sunoresearch.com.br\/n\/uploads\/2020\/10\/bbe6102c-dolar-6-800x450.webp\" width=\"800\" height=\"450\" alt=\"D\u00f3lar encerra em alta de 0,13%, cotado em R$ 5,337\" fetchpriority=high \/>\n\t\t\t<\/picture>\n\n\t\t\t<figcaption class=\"wp-caption-text wp-caption-text--show\">Na \u00faltima sess\u00e3o, quinta-feira (3), o d\u00f3lar encerrou em queda de de 1,94%, cotado a R$ 5,1401 na venda.<\/figcaption>\n\t\t<\/figure>\n\t<\/div>\n\n\n\t<p>\n\t\t<a href=\"\" target=\"_blank\" data-element=\"shortcode-suno-banner\" title=\"Banner SUNO, clique e saiba mais\">\n\t\t\t<picture>\n\t\t\t\t<source media=\"(max-width: 500px)\" srcset=\"\">\n\t\t\t\t<img class=\"newsContent__article__imgCapa newsContent__article__imgCapa--banner\"\n\t\t\t\t\tsrc=\"\"\n\t\t\t\t\tdata-promo-id=\"97204\"\t\t\t\t\t\t\t\t\t\t\t\t\t\t\talt=\"\"\n\t\t\t\t>\n\t\t\t<\/picture>\n\t\t<\/a>\n\t<\/p>\n\n\n<p>O <strong>d\u00f3lar hoje\u00a0<\/strong>abriu em em queda tento \u00e0 <strong>vacina<\/strong> da Coronavac que induz resposta imune em 97% dos casos e ao avan\u00e7o do <strong>coronav\u00edrus<\/strong> (covid-19) no Brasil e no mundo.<\/p>\n<p>Durante o dia a moeda norte-americana acompanhou o levantamento feito pelo cons\u00f3rcio de ve\u00edculos de imprensa a partir de dados das secretarias estaduais de Sa\u00fade, informando que o Brasil tem 166.758 mortes por <strong>coronav\u00edrus<\/strong> confirmadas at\u00e9 \u00e0s 8h desta quarta-feira.\u00a0 A m\u00e9dia m\u00f3vel de mortes est\u00e1 em alta de 45% em compara\u00e7\u00e3o \u00e0 media de 14 dias.<\/p>\n<p><a href=\"https:\/\/lp.suno.com.br\/suno-one\/\">Suno One: o primeiro passo para alcan\u00e7ar a sua independ\u00eancia financeira. Acesse agora, \u00e9 gratuito!<\/a><\/p>\n<p>Al\u00e9m disso, confira as principais not\u00edcias que movimentaram o mercado nesta quarta-feira:<\/p>\n<ul>\n<li><strong>Vacina<\/strong> desenvolvida pela Sinovac \u00e9 segura e consegue produzir uma resposta imune<\/li>\n<li><strong>Infla\u00e7\u00e3o<\/strong> est\u00e1 &#8220;absolutamente sob controle&#8221;, afirma diretor do BC<\/li>\n<li><strong>Elon Musk<\/strong> ultrapassa Zuckerberg e se torna o 3\u00ba homem mais rico do mundo<\/li>\n<li>\u00daltima <strong>cota\u00e7\u00e3o do d\u00f3lar\u00a0<\/strong><\/li>\n<\/ul>\n<h2>D\u00f3lar acompanha otimismo por vacina<\/h2>\n<p>A vacina desenvolvida pelo laborat\u00f3rio chin\u00eas <strong>Sinovac<\/strong> em parceria com o Instituto Butatan \u00e9 segura e consegue produzir uma resposta imune do organismo contra a Covid-19, segundo a revista cient\u00edfica &#8220;The Lancet&#8221;.<\/p>\n<p>Na noite da \u00faltima ter\u00e7a-feira (17) a revista informou ainda que o imunizante tem a capacidade de produzir resposta imune no organismo 28 dias ap\u00f3s sua aplica\u00e7\u00e3o em 97% dos casos.<\/p>\n<p>De acordo com o governador de S\u00e3o Paulo, <strong>Jo\u00e3o Doria,<\/strong> o Intituto Butantan dever\u00e1 receber o primeiro lote da vacina, com cerca de 120 mil doses, amanh\u00e3, um dia antes do prazo previsto.<\/p>\n<div class=\"hubspot-form-wrapper\">\n\t<div id=\"single-form-target\"><\/div>\n<\/div>\n\n<p>&#8220;A vacina do Butantan, a Coronavac, chega agora, nesta quinta-feira, chega j\u00e1 o primeiro lote das vacinas. Ela vir\u00e1 em lotes, pronta do laborat\u00f3rio Sinovac, e depois n\u00f3s produziremos aqui, no pr\u00f3prio Butantan, para os brasileiros de S\u00e3o Paulo e brasileiro de todo o pa\u00eds, isso e o Minist\u00e9rio da Sa\u00fade entender, como deveria, que a vacina \u00e9 para todos&#8221;, afirmou Doria.<\/p>\n<h2>Infla\u00e7\u00e3o est\u00e1 &#8220;absolutamente sob controle&#8221;<\/h2>\n<p>O diretor de Pol\u00edtica Monet\u00e1ria do <a href=\"https:\/\/www.suno.com.br\/artigos\/bacen\/\">Banco Central <strong>(BC)<\/strong><\/a>, Bruno Serra, declarou nesta quarta-feira, durante evento virtual promovido pelo jornal &#8220;Valor Econ\u00f4mico&#8221;, que a infla\u00e7\u00e3o no Brasil est\u00e1 &#8220;absolutamente sob controle&#8221;.<\/p>\n<p>Ao ser questionado sobre a possibilidade de uma hiperinfla\u00e7\u00e3o no Pa\u00eds, o diretor do BC afirmou que a tend\u00eancia para a <a href=\"https:\/\/www.suno.com.br\/artigos\/inflacao\/\">infla\u00e7\u00e3o<\/a> em 2020 \u00e9 que termine abaixo do centro da meta para o ano, de 4,00%.<\/p>\n\t<div data-element=\"shortcode-read-more\" class=\"knowMore\">\n\t\t\t\t<span class=\"knowMore__title\">Veja tamb\u00e9m<\/span>\n\t\t\t\t<a class=\"knowMore__link\" href=\"https:\/\/www.suno.com.br\/noticias\/inflacao-esta-absolutamente-sob-controle-diretor-bc\/\">\n\t\t\tInfla\u00e7\u00e3o est\u00e1 &quot;absolutamente sob controle&quot;, afirma diretor do BC\t\t<\/a>\n\t<\/div>\n\n\n<p>&#8220;At\u00e9 agora, se estamos tendo alguma dificuldade, \u00e9 de levar a infla\u00e7\u00e3o ao centro da meta no horizonte relevante. Em 2020, a infla\u00e7\u00e3o dificilmente vai terminar o ano no centro da meta. Est\u00e1 por volta de 90 basis-points (pontos-base) abaixo do centro da meta&#8221;, disse Serra.<\/p>\n<h2>Elon Musk se torna o 3\u00ba homem mais rico do mundo<\/h2>\n<p>O dono da Tesla (<a href=\"https:\/\/www.suno.com.br\/artigos\/nasdaq\/\">NASDAQ<\/a>: TSLA), <a href=\"https:\/\/www.suno.com.br\/tudo-sobre\/elon-musk\/\"><strong>Elon Musk<\/strong><\/a><strong>,<\/strong> se tornou o terceiro homem mais rico do mundo nesta quarta-feira, de acordo com \u00cdndice de Bilion\u00e1rios da &#8220;Bloomberg&#8221;. A fortuna do <a href=\"https:\/\/www.suno.com.br\/artigos\/ceo\/\">CEO<\/a> da fabricante de ve\u00edculos el\u00e9tricos \u00e9 avaliada atualmente em US$ 110 bilh\u00f5es (R$ 593 bilh\u00f5es), ap\u00f3s ter subido US$ 82,2 bilh\u00f5es (R$ 443,5 bilh\u00f5es) somente em 2020, o maior ganho observado entre as 500 pessoas mais ricas do mundo.<\/p>\n<p>Diante disso, Musk ultrapassou a quantia do <a href=\"https:\/\/www.suno.com.br\/tudo-sobre\/mark-zuckerberg\/#:~:text=Mark%20Zuckerberg%20%C3%A9%20um%20dos,fortuna%20de%20US%24%2071%20bilh%C3%B5es.\">presidente do Facebook, Mark Zuckerberg<\/a>, que antes ocupava o terceiro lugar no ranking, com uma fortuna avaliada em US$ 104 bilh\u00f5es (R$ 561 bilh\u00f5es).<\/p>\n\t<div data-element=\"shortcode-read-more\" class=\"knowMore\">\n\t\t\t\t<span class=\"knowMore__title\">Veja tamb\u00e9m<\/span>\n\t\t\t\t<a class=\"knowMore__link\" href=\"https:\/\/www.suno.com.br\/noticias\/musk-se-torna-3-homem-mais-rico\/\">\n\t\t\tElon Musk ultrapassa Zuckerberg e se torna o 3\u00ba homem mais rico do mundo\t\t<\/a>\n\t<\/div>\n\n\n<p>Enquanto no primeiro lugar do ranking de bilion\u00e1rios da &#8220;Bloomberg&#8221;, est\u00e1 <a href=\"https:\/\/www.suno.com.br\/tudo-sobre\/jeff-bezos\/#:~:text=Jeff%20Bezos%20%C3%A9%20o%20empres%C3%A1rio,Bezos%20%C3%A9%20US%24%20151%20bilh%C3%B5es.\">Jeff Bezos, da Amazon,<\/a> com US$ 185 bilh\u00f5es (R$ 998 bilh\u00f5es). Em seguida, vem Bill Gates, da Microsoft, com US$ 129 bilh\u00f5es (R$ 696 bilh\u00f5es).<\/p>\n<h2>\u00daltima cota\u00e7\u00e3o do d\u00f3lar<\/h2>\n<p>Na \u00faltima sess\u00e3o, ter\u00e7a-feira (17), o\u00a0<strong>d\u00f3lar\u00a0<\/strong> encerrou o preg\u00e3o em queda de 1,97%, negociada a R$ 5,33.<\/p>\n\t<p>\n\t\t<a href=\"https:\/\/lp.suno.com.br\/planilha-de-controle-de-investimentos\/\" target=\"_blank\" data-element=\"shortcode-suno-banner\" title=\"Banner SUNO, clique e saiba mais\">\n\t\t\t<picture>\n\t\t\t\t<source media=\"(max-width: 500px)\" srcset=\"https:\/\/files.sunoresearch.com.br\/n\/uploads\/2023\/03\/400x300-Controle-de-Investimentos.png\">\n\t\t\t\t<img class=\"newsContent__article__imgCapa newsContent__article__imgCapa--banner\"\n\t\t\t\t\tsrc=\"https:\/\/files.sunoresearch.com.br\/n\/uploads\/2023\/03\/1420x240-Controle-de-Investimentos.png\"\n\t\t\t\t\tdata-promo-id=\"75934\"\t\t\t\t\t\t\t\t\t\twidth='1420' height='240'\t\t\t\t\talt=\"https:\/\/files.sunoresearch.com.br\/n\/uploads\/2023\/03\/1420x240-Controle-de-Investimentos.png\"\n\t\t\t\t>\n\t\t\t<\/picture>\n\t\t<\/a>\n\t<\/p>\n\n\n","protected":false},"excerpt":{"rendered":"<p>O d\u00f3lar encerrou nessa quarta-feira (18) em alta de 0,13%, negociado a R$ 5,337 na venda. Na \u00faltima sess\u00e3o, quinta-feira (3), o d\u00f3lar encerrou em queda de de 1,94%, cotado a R$ 5,1401 na venda. O d\u00f3lar hoje\u00a0abriu em em queda tento \u00e0 vacina da Coronavac que induz resposta imune em 97% dos casos e [&hellip;]<\/p>\n","protected":false},"author":39,"featured_media":95733,"comment_status":"closed","ping_status":"closed","sticky":false,"template":"","format":"standard","meta":[],"categories":[60],"tags":[1842,2487,326,726,850,1239,25002],"suno_strategy":[],"class_list":["post-101444","post","type-post","status-publish","format-standard","has-post-thumbnail","hentry","category-mercado","tag-banco-central-bc","tag-coronavirus","tag-dolar","tag-elon-musk","tag-inflacao","tag-mark-zuckerberg","tag-vacina"],"yoast_head":"<!-- This site is optimized with the Yoast SEO plugin v24.4 - https:\/\/yoast.com\/wordpress\/plugins\/seo\/ -->\n<title>D\u00f3lar encerra em alta de 0,13%, cotado em R$ 5,337<\/title>\n<meta name=\"description\" content=\"O d\u00f3lar encerrou nessa quarta-feira (18) em alta de 0,13%, negociado a R$ 5,337 na venda. Clique aqui para saber mais.\" \/>\n<meta name=\"robots\" content=\"index, follow, max-snippet:-1, max-image-preview:large, max-video-preview:-1\" \/>\n<link rel=\"canonical\" href=\"https:\/\/www.suno.com.br\/noticias\/dolar-encerra-em-alta-de-013-cotado-em-r-5337-18112020\/\" \/>\n<meta property=\"og:locale\" content=\"pt_BR\" \/>\n<meta property=\"og:type\" content=\"article\" \/>\n<meta property=\"og:title\" content=\"D\u00f3lar encerra em alta de 0,13%, cotado em R$ 5,337\" \/>\n<meta property=\"og:description\" content=\"O d\u00f3lar encerrou nessa quarta-feira (18) em alta de 0,13%, negociado a R$ 5,337 na venda. Clique aqui para saber mais.\" \/>\n<meta property=\"og:url\" content=\"https:\/\/www.suno.com.br\/noticias\/dolar-encerra-em-alta-de-013-cotado-em-r-5337-18112020\/\" \/>\n<meta property=\"og:site_name\" content=\"Suno Not\u00edcias\" \/>\n<meta property=\"article:publisher\" content=\"https:\/\/facebook.com\/sunoresearch\" \/>\n<meta property=\"og:image\" content=\"https:\/\/files.sunoresearch.com.br\/n\/uploads\/2020\/10\/bbe6102c-dolar-6.jpg\" \/>\n\t<meta property=\"og:image:width\" content=\"1200\" \/>\n\t<meta property=\"og:image:height\" content=\"800\" \/>\n\t<meta property=\"og:image:type\" content=\"image\/jpeg\" \/>\n<meta name=\"author\" content=\"Laura Moutinho\" \/>\n<meta name=\"twitter:card\" content=\"summary_large_image\" \/>\n<meta name=\"twitter:creator\" content=\"@sunoresearch\" \/>\n<meta name=\"twitter:site\" content=\"@sunoresearch\" \/>\n<meta name=\"twitter:label1\" content=\"Escrito por\" \/>\n\t<meta name=\"twitter:data1\" content=\"Laura Moutinho\" \/>\n\t<meta name=\"twitter:label2\" content=\"Est. tempo de leitura\" \/>\n\t<meta name=\"twitter:data2\" content=\"3 minutos\" \/>\n<script type=\"application\/ld+json\" class=\"yoast-schema-graph\">{\"@context\":\"https:\/\/schema.org\",\"@graph\":[{\"@type\":\"NewsArticle\",\"@id\":\"https:\/\/www.suno.com.br\/noticias\/dolar-encerra-em-alta-de-013-cotado-em-r-5337-18112020\/#article\",\"isPartOf\":{\"@id\":\"https:\/\/www.suno.com.br\/noticias\/dolar-encerra-em-alta-de-013-cotado-em-r-5337-18112020\/\"},\"author\":{\"name\":\"Laura Moutinho\",\"@id\":\"https:\/\/www.suno.com.br\/noticias\/#\/schema\/person\/3df0d2808748b74496efe5dbeaef2c72\"},\"headline\":\"D\u00f3lar encerra em alta de 0,13%, cotado em R$ 5,337\",\"datePublished\":\"2020-11-18T20:33:11+00:00\",\"dateModified\":\"2021-05-29T23:39:16+00:00\",\"mainEntityOfPage\":{\"@id\":\"https:\/\/www.suno.com.br\/noticias\/dolar-encerra-em-alta-de-013-cotado-em-r-5337-18112020\/\"},\"wordCount\":691,\"publisher\":{\"@id\":\"https:\/\/www.suno.com.br\/noticias\/#organization\"},\"image\":{\"@id\":\"https:\/\/www.suno.com.br\/noticias\/dolar-encerra-em-alta-de-013-cotado-em-r-5337-18112020\/#primaryimage\"},\"thumbnailUrl\":\"https:\/\/files.sunoresearch.com.br\/n\/uploads\/2020\/10\/bbe6102c-dolar-6-jpg.webp\",\"keywords\":[\"Banco Central (BC)\",\"coronav\u00edrus\",\"d\u00f3lar\",\"Elon Musk\",\"infla\u00e7\u00e3o\",\"Mark Zuckerberg\",\"vacina\"],\"articleSection\":[\"Mercado\"],\"inLanguage\":\"pt-BR\"},{\"@type\":\"WebPage\",\"@id\":\"https:\/\/www.suno.com.br\/noticias\/dolar-encerra-em-alta-de-013-cotado-em-r-5337-18112020\/\",\"url\":\"https:\/\/www.suno.com.br\/noticias\/dolar-encerra-em-alta-de-013-cotado-em-r-5337-18112020\/\",\"name\":\"D\u00f3lar encerra em alta de 0,13%, cotado em R$ 5,337\",\"isPartOf\":{\"@id\":\"https:\/\/www.suno.com.br\/noticias\/#website\"},\"primaryImageOfPage\":{\"@id\":\"https:\/\/www.suno.com.br\/noticias\/dolar-encerra-em-alta-de-013-cotado-em-r-5337-18112020\/#primaryimage\"},\"image\":{\"@id\":\"https:\/\/www.suno.com.br\/noticias\/dolar-encerra-em-alta-de-013-cotado-em-r-5337-18112020\/#primaryimage\"},\"thumbnailUrl\":\"https:\/\/files.sunoresearch.com.br\/n\/uploads\/2020\/10\/bbe6102c-dolar-6-jpg.webp\",\"datePublished\":\"2020-11-18T20:33:11+00:00\",\"dateModified\":\"2021-05-29T23:39:16+00:00\",\"description\":\"O d\u00f3lar encerrou nessa quarta-feira (18) em alta de 0,13%, negociado a R$ 5,337 na venda. Clique aqui para saber mais.\",\"breadcrumb\":{\"@id\":\"https:\/\/www.suno.com.br\/noticias\/dolar-encerra-em-alta-de-013-cotado-em-r-5337-18112020\/#breadcrumb\"},\"inLanguage\":\"pt-BR\",\"potentialAction\":[{\"@type\":\"ReadAction\",\"target\":[\"https:\/\/www.suno.com.br\/noticias\/dolar-encerra-em-alta-de-013-cotado-em-r-5337-18112020\/\"]}]},{\"@type\":\"ImageObject\",\"inLanguage\":\"pt-BR\",\"@id\":\"https:\/\/www.suno.com.br\/noticias\/dolar-encerra-em-alta-de-013-cotado-em-r-5337-18112020\/#primaryimage\",\"url\":\"https:\/\/files.sunoresearch.com.br\/n\/uploads\/2020\/10\/bbe6102c-dolar-6-jpg.webp\",\"contentUrl\":\"https:\/\/files.sunoresearch.com.br\/n\/uploads\/2020\/10\/bbe6102c-dolar-6-jpg.webp\",\"width\":1200,\"height\":800,\"caption\":\"Na \u00faltima sess\u00e3o, quinta-feira (3), o d\u00f3lar encerrou em queda de de 1,94%, cotado a R$ 5,1401 na venda.\"},{\"@type\":\"BreadcrumbList\",\"@id\":\"https:\/\/www.suno.com.br\/noticias\/dolar-encerra-em-alta-de-013-cotado-em-r-5337-18112020\/#breadcrumb\",\"itemListElement\":[{\"@type\":\"ListItem\",\"position\":1,\"name\":\"Not\u00edcias\",\"item\":\"https:\/\/www.suno.com.br\/noticias\/\"},{\"@type\":\"ListItem\",\"position\":2,\"name\":\"Mercado\",\"item\":\"https:\/\/www.suno.com.br\/noticias\/mercado\/\"},{\"@type\":\"ListItem\",\"position\":3,\"name\":\"D\u00f3lar encerra em alta de 0,13%, cotado em R$ 5,337\"}]},{\"@type\":\"WebSite\",\"@id\":\"https:\/\/www.suno.com.br\/noticias\/#website\",\"url\":\"https:\/\/www.suno.com.br\/noticias\/\",\"name\":\"Suno Not\u00edcias\",\"description\":\"Seu portal de informa\u00e7\u00e3o sobre o mundo dos investimentos\",\"publisher\":{\"@id\":\"https:\/\/www.suno.com.br\/noticias\/#organization\"},\"potentialAction\":[{\"@type\":\"SearchAction\",\"target\":{\"@type\":\"EntryPoint\",\"urlTemplate\":\"https:\/\/www.suno.com.br\/noticias\/?s={search_term_string}\"},\"query-input\":{\"@type\":\"PropertyValueSpecification\",\"valueRequired\":true,\"valueName\":\"search_term_string\"}}],\"inLanguage\":\"pt-BR\"},{\"@type\":\"Organization\",\"@id\":\"https:\/\/www.suno.com.br\/noticias\/#organization\",\"name\":\"Suno Not\u00edcias\",\"url\":\"https:\/\/www.suno.com.br\/noticias\/\",\"logo\":{\"@type\":\"ImageObject\",\"inLanguage\":\"pt-BR\",\"@id\":\"https:\/\/www.suno.com.br\/noticias\/#\/schema\/logo\/image\/\",\"url\":\"https:\/\/files.sunoresearch.com.br\/n\/uploads\/2021\/09\/suno-logo.png\",\"contentUrl\":\"https:\/\/files.sunoresearch.com.br\/n\/uploads\/2021\/09\/suno-logo.png\",\"width\":180,\"height\":180,\"caption\":\"Suno Not\u00edcias\"},\"image\":{\"@id\":\"https:\/\/www.suno.com.br\/noticias\/#\/schema\/logo\/image\/\"},\"sameAs\":[\"https:\/\/facebook.com\/sunoresearch\",\"https:\/\/x.com\/sunoresearch\",\"https:\/\/www.instagram.com\/suno\",\"https:\/\/www.linkedin.com\/company\/suno-research\/\",\"https:\/\/www.youtube.com\/c\/sunoresearch\"]},{\"@type\":\"Person\",\"@id\":\"https:\/\/www.suno.com.br\/noticias\/#\/schema\/person\/3df0d2808748b74496efe5dbeaef2c72\",\"name\":\"Laura Moutinho\",\"image\":{\"@type\":\"ImageObject\",\"inLanguage\":\"pt-BR\",\"@id\":\"https:\/\/www.suno.com.br\/noticias\/#\/schema\/person\/image\/\",\"url\":\"https:\/\/secure.gravatar.com\/avatar\/7571c7c8ca3a6fca5e41384ece5557ff?s=96&r=g\",\"contentUrl\":\"https:\/\/secure.gravatar.com\/avatar\/7571c7c8ca3a6fca5e41384ece5557ff?s=96&r=g\",\"caption\":\"Laura Moutinho\"},\"description\":\"Estagi\u00e1ria na Suno Not\u00edcias, escreve not\u00edcias que afetam o mercado financeiro. Estuda administra\u00e7\u00e3o na Universidade Presbiteriana Mackenzie.\",\"url\":\"https:\/\/www.suno.com.br\/noticias\/author\/laura-moutinho\/\"}]}<\/script>\n<!-- \/ Yoast SEO plugin. -->","yoast_head_json":{"title":"D\u00f3lar encerra em alta de 0,13%, cotado em R$ 5,337","description":"O d\u00f3lar encerrou nessa quarta-feira (18) em alta de 0,13%, negociado a R$ 5,337 na venda. Clique aqui para saber mais.","robots":{"index":"index","follow":"follow","max-snippet":"max-snippet:-1","max-image-preview":"max-image-preview:large","max-video-preview":"max-video-preview:-1"},"canonical":"https:\/\/www.suno.com.br\/noticias\/dolar-encerra-em-alta-de-013-cotado-em-r-5337-18112020\/","og_locale":"pt_BR","og_type":"article","og_title":"D\u00f3lar encerra em alta de 0,13%, cotado em R$ 5,337","og_description":"O d\u00f3lar encerrou nessa quarta-feira (18) em alta de 0,13%, negociado a R$ 5,337 na venda. Clique aqui para saber mais.","og_url":"https:\/\/www.suno.com.br\/noticias\/dolar-encerra-em-alta-de-013-cotado-em-r-5337-18112020\/","og_site_name":"Suno Not\u00edcias","article_publisher":"https:\/\/facebook.com\/sunoresearch","og_image":[{"width":1200,"height":800,"url":"https:\/\/files.sunoresearch.com.br\/n\/uploads\/2020\/10\/bbe6102c-dolar-6.jpg","type":"image\/jpeg"}],"author":"Laura Moutinho","twitter_card":"summary_large_image","twitter_creator":"@sunoresearch","twitter_site":"@sunoresearch","twitter_misc":{"Escrito por":"Laura Moutinho","Est. tempo de leitura":"3 minutos"},"schema":{"@context":"https:\/\/schema.org","@graph":[{"@type":"NewsArticle","@id":"https:\/\/www.suno.com.br\/noticias\/dolar-encerra-em-alta-de-013-cotado-em-r-5337-18112020\/#article","isPartOf":{"@id":"https:\/\/www.suno.com.br\/noticias\/dolar-encerra-em-alta-de-013-cotado-em-r-5337-18112020\/"},"author":{"name":"Laura Moutinho","@id":"https:\/\/www.suno.com.br\/noticias\/#\/schema\/person\/3df0d2808748b74496efe5dbeaef2c72"},"headline":"D\u00f3lar encerra em alta de 0,13%, cotado em R$ 5,337","datePublished":"2020-11-18T20:33:11+00:00","dateModified":"2021-05-29T23:39:16+00:00","mainEntityOfPage":{"@id":"https:\/\/www.suno.com.br\/noticias\/dolar-encerra-em-alta-de-013-cotado-em-r-5337-18112020\/"},"wordCount":691,"publisher":{"@id":"https:\/\/www.suno.com.br\/noticias\/#organization"},"image":{"@id":"https:\/\/www.suno.com.br\/noticias\/dolar-encerra-em-alta-de-013-cotado-em-r-5337-18112020\/#primaryimage"},"thumbnailUrl":"https:\/\/files.sunoresearch.com.br\/n\/uploads\/2020\/10\/bbe6102c-dolar-6-jpg.webp","keywords":["Banco Central (BC)","coronav\u00edrus","d\u00f3lar","Elon Musk","infla\u00e7\u00e3o","Mark Zuckerberg","vacina"],"articleSection":["Mercado"],"inLanguage":"pt-BR"},{"@type":"WebPage","@id":"https:\/\/www.suno.com.br\/noticias\/dolar-encerra-em-alta-de-013-cotado-em-r-5337-18112020\/","url":"https:\/\/www.suno.com.br\/noticias\/dolar-encerra-em-alta-de-013-cotado-em-r-5337-18112020\/","name":"D\u00f3lar encerra em alta de 0,13%, cotado em R$ 5,337","isPartOf":{"@id":"https:\/\/www.suno.com.br\/noticias\/#website"},"primaryImageOfPage":{"@id":"https:\/\/www.suno.com.br\/noticias\/dolar-encerra-em-alta-de-013-cotado-em-r-5337-18112020\/#primaryimage"},"image":{"@id":"https:\/\/www.suno.com.br\/noticias\/dolar-encerra-em-alta-de-013-cotado-em-r-5337-18112020\/#primaryimage"},"thumbnailUrl":"https:\/\/files.sunoresearch.com.br\/n\/uploads\/2020\/10\/bbe6102c-dolar-6-jpg.webp","datePublished":"2020-11-18T20:33:11+00:00","dateModified":"2021-05-29T23:39:16+00:00","description":"O d\u00f3lar encerrou nessa quarta-feira (18) em alta de 0,13%, negociado a R$ 5,337 na venda. Clique aqui para saber mais.","breadcrumb":{"@id":"https:\/\/www.suno.com.br\/noticias\/dolar-encerra-em-alta-de-013-cotado-em-r-5337-18112020\/#breadcrumb"},"inLanguage":"pt-BR","potentialAction":[{"@type":"ReadAction","target":["https:\/\/www.suno.com.br\/noticias\/dolar-encerra-em-alta-de-013-cotado-em-r-5337-18112020\/"]}]},{"@type":"ImageObject","inLanguage":"pt-BR","@id":"https:\/\/www.suno.com.br\/noticias\/dolar-encerra-em-alta-de-013-cotado-em-r-5337-18112020\/#primaryimage","url":"https:\/\/files.sunoresearch.com.br\/n\/uploads\/2020\/10\/bbe6102c-dolar-6-jpg.webp","contentUrl":"https:\/\/files.sunoresearch.com.br\/n\/uploads\/2020\/10\/bbe6102c-dolar-6-jpg.webp","width":1200,"height":800,"caption":"Na \u00faltima sess\u00e3o, quinta-feira (3), o d\u00f3lar encerrou em queda de de 1,94%, cotado a R$ 5,1401 na venda."},{"@type":"BreadcrumbList","@id":"https:\/\/www.suno.com.br\/noticias\/dolar-encerra-em-alta-de-013-cotado-em-r-5337-18112020\/#breadcrumb","itemListElement":[{"@type":"ListItem","position":1,"name":"Not\u00edcias","item":"https:\/\/www.suno.com.br\/noticias\/"},{"@type":"ListItem","position":2,"name":"Mercado","item":"https:\/\/www.suno.com.br\/noticias\/mercado\/"},{"@type":"ListItem","position":3,"name":"D\u00f3lar encerra em alta de 0,13%, cotado em R$ 5,337"}]},{"@type":"WebSite","@id":"https:\/\/www.suno.com.br\/noticias\/#website","url":"https:\/\/www.suno.com.br\/noticias\/","name":"Suno Not\u00edcias","description":"Seu portal de informa\u00e7\u00e3o sobre o mundo dos investimentos","publisher":{"@id":"https:\/\/www.suno.com.br\/noticias\/#organization"},"potentialAction":[{"@type":"SearchAction","target":{"@type":"EntryPoint","urlTemplate":"https:\/\/www.suno.com.br\/noticias\/?s={search_term_string}"},"query-input":{"@type":"PropertyValueSpecification","valueRequired":true,"valueName":"search_term_string"}}],"inLanguage":"pt-BR"},{"@type":"Organization","@id":"https:\/\/www.suno.com.br\/noticias\/#organization","name":"Suno Not\u00edcias","url":"https:\/\/www.suno.com.br\/noticias\/","logo":{"@type":"ImageObject","inLanguage":"pt-BR","@id":"https:\/\/www.suno.com.br\/noticias\/#\/schema\/logo\/image\/","url":"https:\/\/files.sunoresearch.com.br\/n\/uploads\/2021\/09\/suno-logo.png","contentUrl":"https:\/\/files.sunoresearch.com.br\/n\/uploads\/2021\/09\/suno-logo.png","width":180,"height":180,"caption":"Suno Not\u00edcias"},"image":{"@id":"https:\/\/www.suno.com.br\/noticias\/#\/schema\/logo\/image\/"},"sameAs":["https:\/\/facebook.com\/sunoresearch","https:\/\/x.com\/sunoresearch","https:\/\/www.instagram.com\/suno","https:\/\/www.linkedin.com\/company\/suno-research\/","https:\/\/www.youtube.com\/c\/sunoresearch"]},{"@type":"Person","@id":"https:\/\/www.suno.com.br\/noticias\/#\/schema\/person\/3df0d2808748b74496efe5dbeaef2c72","name":"Laura Moutinho","image":{"@type":"ImageObject","inLanguage":"pt-BR","@id":"https:\/\/www.suno.com.br\/noticias\/#\/schema\/person\/image\/","url":"https:\/\/secure.gravatar.com\/avatar\/7571c7c8ca3a6fca5e41384ece5557ff?s=96&r=g","contentUrl":"https:\/\/secure.gravatar.com\/avatar\/7571c7c8ca3a6fca5e41384ece5557ff?s=96&r=g","caption":"Laura Moutinho"},"description":"Estagi\u00e1ria na Suno Not\u00edcias, escreve not\u00edcias que afetam o mercado financeiro. Estuda administra\u00e7\u00e3o na Universidade Presbiteriana Mackenzie.","url":"https:\/\/www.suno.com.br\/noticias\/author\/laura-moutinho\/"}]}},"default_loop_html":"<div class=\"cardsPage__listCard__boxs\"><div class=\"cardsPage__listCard__boxs__img\"><a href=\"https:\/\/www.suno.com.br\/noticias\/dolar-encerra-em-alta-de-013-cotado-em-r-5337-18112020\/\"><img class=\"mask\" src=\"https:\/\/www.suno.com.br\/noticias\/wp-content\/themes\/suno\/resources\/images\/spotlight\/spotlight1img\/bg-mask.png\" alt=\"Image Mask\"\/><img src=\"https:\/\/files.sunoresearch.com.br\/n\/uploads\/2020\/10\/bbe6102c-dolar-6-400x200.webp\" alt=\"D\u00f3lar encerra em alta de 0,13%, cotado em R$ 5,337\"\/><\/a><span class=\"spotlightCategory\"><a href=\"https:\/\/www.suno.com.br\/noticias\/mercado\/\">Mercado<\/a><\/span><\/div><div class=\"cardsPage__listCard__boxs__content\"><a href=\"https:\/\/www.suno.com.br\/noticias\/dolar-encerra-em-alta-de-013-cotado-em-r-5337-18112020\/\"><h2 class=\"content__title\">D\u00f3lar encerra em alta de 0,13%, cotado em R$ 5,337<\/h2><\/a><div class=\"newsContent__article__meta\"><div class=\"newsContent__article__meta__authorBox\"><a href=\"https:\/\/www.suno.com.br\/noticias\/author\/laura-moutinho\/\" class=\"authorBox__avatar noMobi\"><img src=\"https:\/\/files.sunoresearch.com.br\/n\/uploads\/2020\/08\/531ff69d-whatsapp-image-2020-08-03-at-14.54.38-150x150.webp\" alt=\"Laura Moutinho\"><\/a><div class=\"authorBox__name\"><span>por\n\t\t\t<a href=\"https:\/\/www.suno.com.br\/noticias\/author\/laura-moutinho\/\"><span itemprop=\"author\">Laura Moutinho<\/span><\/a><\/span><time datetime=\"2020-11-18T17:33:11-03:00\" itemprop=\"datePublished\">18\/11\/2020 17:33<\/time><\/div><\/div><\/div><\/div><\/div>","single_layout":"posts","amp_enabled":true,"_links":{"self":[{"href":"https:\/\/www.suno.com.br\/noticias\/wp-json\/wp\/v2\/posts\/101444"}],"collection":[{"href":"https:\/\/www.suno.com.br\/noticias\/wp-json\/wp\/v2\/posts"}],"about":[{"href":"https:\/\/www.suno.com.br\/noticias\/wp-json\/wp\/v2\/types\/post"}],"author":[{"embeddable":true,"href":"https:\/\/www.suno.com.br\/noticias\/wp-json\/wp\/v2\/users\/39"}],"replies":[{"embeddable":true,"href":"https:\/\/www.suno.com.br\/noticias\/wp-json\/wp\/v2\/comments?post=101444"}],"version-history":[{"count":1,"href":"https:\/\/www.suno.com.br\/noticias\/wp-json\/wp\/v2\/posts\/101444\/revisions"}],"predecessor-version":[{"id":152100,"href":"https:\/\/www.suno.com.br\/noticias\/wp-json\/wp\/v2\/posts\/101444\/revisions\/152100"}],"wp:featuredmedia":[{"embeddable":true,"href":"https:\/\/www.suno.com.br\/noticias\/wp-json\/wp\/v2\/media\/95733"}],"wp:attachment":[{"href":"https:\/\/www.suno.com.br\/noticias\/wp-json\/wp\/v2\/media?parent=101444"}],"wp:term":[{"taxonomy":"category","embeddable":true,"href":"https:\/\/www.suno.com.br\/noticias\/wp-json\/wp\/v2\/categories?post=101444"},{"taxonomy":"post_tag","embeddable":true,"href":"https:\/\/www.suno.com.br\/noticias\/wp-json\/wp\/v2\/tags?post=101444"},{"taxonomy":"suno_strategy","embeddable":true,"href":"https:\/\/www.suno.com.br\/noticias\/wp-json\/wp\/v2\/suno_strategy?post=101444"}],"curies":[{"name":"wp","href":"https:\/\/api.w.org\/{rel}","templated":true}]}}