{"id":101415,"date":"2020-11-18T16:54:43","date_gmt":"2020-11-18T19:54:43","guid":{"rendered":"https:\/\/www.suno.com.br\/noticias\/?p=101415"},"modified":"2021-05-30T19:12:47","modified_gmt":"2021-05-30T22:12:47","slug":"bradesco-bbdc4-aumento-inadimplencia-2021","status":"publish","type":"post","link":"https:\/\/www.suno.com.br\/noticias\/bradesco-bbdc4-aumento-inadimplencia-2021\/","title":{"rendered":"Inadimpl\u00eancia voltar\u00e1 a crescer em 2021, aponta Bradesco (BBDC4)"},"content":{"rendered":"<p>O vice-presidente executivo do <a href=\"https:\/\/www.suno.com.br\/acoes\/bbdc4\/\"><strong>Bradesco<\/strong> (BBDC4)<\/a>, Eurico Fabri, declarou nesta quarta-feira (18) que a <a href=\"https:\/\/www.suno.com.br\/artigos\/inadimplencia\/\">inadimpl\u00eancia no sistema financeiro<\/a> deve voltar a crescer no ano que vem, visto que o indicador est\u00e1, hoje, em m\u00ednimas hist\u00f3ricas, ap\u00f3s as medidas de flexibiliza\u00e7\u00e3o adotadas pelos bancos para apoiar clientes na pandemia.<\/p>\t<div class=\"wrapper-featured-image\">\n\t\t<figure class=\"spotlightImg\">\n\n\t\t\t<picture>\n\t\t\t\t<source media=\"(max-width: 768px)\" srcset=\"https:\/\/files.sunoresearch.com.br\/n\/uploads\/2020\/09\/fb627cf8-bradesco-divulgacao-300x300-1-jpg.webp\">\n\t\t\t\t<img loading=\"lazy\" decoding=\"async\" class=\"newsContent__article__imgCapa lazyloadDisabled \" src=\"https:\/\/files.sunoresearch.com.br\/n\/uploads\/2020\/09\/fb627cf8-bradesco-divulgacao-300x300-1-jpg.webp\" width=\"800\" height=\"450\" alt=\"Inadimpl\u00eancia voltar\u00e1 a crescer em 2021, aponta Bradesco (BBDC4)\" fetchpriority=high \/>\n\t\t\t<\/picture>\n\n\t\t\t<figcaption class=\"wp-caption-text wp-caption-text--show\">Bradesco (BBDC4) mant\u00e9m sede vazia e testa funcion\u00e1rios para coronav\u00edrus<\/figcaption>\n\t\t<\/figure>\n\t<\/div>\n\n\n\t<p>\n\t\t<a href=\"\" target=\"_blank\" data-element=\"shortcode-suno-banner\" title=\"Banner SUNO, clique e saiba mais\">\n\t\t\t<picture>\n\t\t\t\t<source media=\"(max-width: 500px)\" srcset=\"\">\n\t\t\t\t<img class=\"newsContent__article__imgCapa newsContent__article__imgCapa--banner\"\n\t\t\t\t\tsrc=\"\"\n\t\t\t\t\tdata-promo-id=\"101302\"\t\t\t\t\t\t\t\t\t\t\t\t\t\t\talt=\"\"\n\t\t\t\t>\n\t\t\t<\/picture>\n\t\t<\/a>\n\t<\/p>\n\n\n<p>\u201c\u00c9 natural que [a <strong>inadimpl\u00eancia<\/strong>] tenha um crescimento ao longo de 2021, mas o cen\u00e1rio hoje \u00e9 muito melhor do que imaginamos em mar\u00e7o, abril. Vai crescer, mas em patamares administr\u00e1veis\u201d, afirmou o executivo do Bradesco, no segundo dia do 10\u00ba Congresso de Preven\u00e7\u00e3o \u00e0 Lavagem de Dinheiro e ao Financiamento do Terrorismo promovido pela Federa\u00e7\u00e3o Brasileira de Bancos (Febraban), segundo informa\u00e7\u00f5es divulgadas pelo jornal &#8220;Valor Econ\u00f4mico&#8221;.<\/p>\n<p>Fabri informou que o Bradesco possui uma carteira renegociada de R$ 73,5 bilh\u00f5es, e o sistema financeiro de maneira agregada tem cerca de R$ 300 bilh\u00f5es, um volume pequeno da carteira total. No que tange ao banco, a maior parte da car\u00eancia oferecida j\u00e1 chegou ao fim e os clientes voltaram a pagar em dia.<\/p>\n<p><a href=\"https:\/\/lp.suno.com.br\/suno-one\/\">Conhe\u00e7a o Suno One, a central gratuita de informa\u00e7\u00f5es da Suno para quem quer aprender a investir. Acesse clicando aqui.<\/a><\/p>\n\t<p>\n\t\t<a href=\"\" target=\"_blank\" data-element=\"shortcode-suno-banner\" title=\"Banner SUNO, clique e saiba mais\">\n\t\t\t<picture>\n\t\t\t\t<source media=\"(max-width: 500px)\" srcset=\"\">\n\t\t\t\t<img class=\"newsContent__article__imgCapa newsContent__article__imgCapa--banner\"\n\t\t\t\t\tsrc=\"\"\n\t\t\t\t\tdata-promo-id=\"101302\"\t\t\t\t\t\t\t\t\t\t\t\t\t\t\talt=\"\"\n\t\t\t\t>\n\t\t\t<\/picture>\n\t\t<\/a>\n\t<\/p>\n\n\n<h2>Vis\u00e3o do Bradesco para cr\u00e9dito \u00e9 positiva<\/h2>\n<p>O executivo pontuou que a vis\u00e3o do Bradesco para o cr\u00e9dito de maneira geral \u00e9 positiva. &#8220;A nossa perspectiva, ressalvadas as quest\u00f5es de risco, para o curto e m\u00e9dio prazos \u00e9 positiva, de [o cr\u00e9dito] continuar crescendo em patamares superiores que a gente cresceu em anos anteriores.&#8221;<\/p>\n<p>Fabri informou que, na contram\u00e3o de outras crises, n\u00e3o foi registrado um aumento nas <a href=\"https:\/\/www.suno.com.br\/artigos\/recuperacao-judicial\/\">recupera\u00e7\u00f5es judiciais<\/a> e que, com a evolu\u00e7\u00e3o tecnol\u00f3gica, os modelos de cr\u00e9dito das institui\u00e7\u00f5es financeiras tiveram um avan\u00e7o significativo.<\/p>\n\t<div data-element=\"shortcode-read-more\" class=\"knowMore\">\n\t\t\t\t<span class=\"knowMore__title\">Saiba mais<\/span>\n\t\t\t\t<a class=\"knowMore__link\" href=\"https:\/\/www.suno.com.br\/noticias\/bradesco-bbdc4-poupanca-fim-coronavoucher-consumo\/\">\n\t\t\tBradesco (BBDC4): poupan\u00e7a pode compensar fim do coronavoucher e manter consumo\t\t<\/a>\n\t<\/div>\n\n\n<p>O vice-presidente do Bradesco explicou que os est\u00edmulos adotados foram essenciais para atenuar o quadro pessimista do in\u00edcio da pandemia.\u00a0&#8220;A <a href=\"https:\/\/www.suno.com.br\/artigos\/politica-economica\/\">pol\u00edtica econ\u00f4mica<\/a> expansionista injetou quase R$ 600 bilh\u00f5es s\u00f3 de libera\u00e7\u00e3o de compuls\u00f3rio, programas de preserva\u00e7\u00e3o de empregos e <a href=\"https:\/\/www.suno.com.br\/artigos\/iof\/\">redu\u00e7\u00e3o de IOF<\/a> sobre cr\u00e9dito&#8221;, destacou.<\/p>\n<h2>\u00daltima cota\u00e7\u00e3o<\/h2>\n<p>\u00c0s 16h38 desta segunda-feira, a a\u00e7\u00e3o do <strong>Bradesco<\/strong>, negociada na <a href=\"https:\/\/www.suno.com.br\/artigos\/B3\/\">B3<\/a> sob o ticker BBDC4, operava em alta de 1,46% a R$ 25,03.<\/p>\n\t<p>\n\t\t<a href=\"https:\/\/lp.suno.com.br\/planilha-de-controle-de-investimentos\/\" target=\"_blank\" data-element=\"shortcode-suno-banner\" title=\"Banner SUNO, clique e saiba mais\">\n\t\t\t<picture>\n\t\t\t\t<source media=\"(max-width: 500px)\" srcset=\"https:\/\/files.sunoresearch.com.br\/n\/uploads\/2023\/03\/400x300-Controle-de-Investimentos.png\">\n\t\t\t\t<img class=\"newsContent__article__imgCapa newsContent__article__imgCapa--banner\"\n\t\t\t\t\tsrc=\"https:\/\/files.sunoresearch.com.br\/n\/uploads\/2023\/03\/1420x240-Controle-de-Investimentos.png\"\n\t\t\t\t\tdata-promo-id=\"75934\"\t\t\t\t\t\t\t\t\t\twidth='1420' height='240'\t\t\t\t\talt=\"https:\/\/files.sunoresearch.com.br\/n\/uploads\/2023\/03\/1420x240-Controle-de-Investimentos.png\"\n\t\t\t\t>\n\t\t\t<\/picture>\n\t\t<\/a>\n\t<\/p>\n\n\n","protected":false},"excerpt":{"rendered":"<p>O vice-presidente executivo do Bradesco (BBDC4), Eurico Fabri, declarou nesta quarta-feira (18) que a inadimpl\u00eancia no sistema financeiro deve voltar a crescer no ano que vem, visto que o indicador est\u00e1, hoje, em m\u00ednimas hist\u00f3ricas, ap\u00f3s as medidas de flexibiliza\u00e7\u00e3o adotadas pelos bancos para apoiar clientes na pandemia. Bradesco (BBDC4) mant\u00e9m sede vazia e testa [&hellip;]<\/p>\n","protected":false},"author":35,"featured_media":85775,"comment_status":"closed","ping_status":"closed","sticky":false,"template":"","format":"standard","meta":[],"categories":[64],"tags":[392,837],"suno_strategy":[],"class_list":["post-101415","post","type-post","status-publish","format-standard","has-post-thumbnail","hentry","category-negocios","tag-bradesco-bbdc3-bbdc4","tag-inadimplencia"],"yoast_head":"<!-- This site is optimized with the Yoast SEO plugin v24.4 - https:\/\/yoast.com\/wordpress\/plugins\/seo\/ -->\n<title>Inadimpl\u00eancia voltar\u00e1 a crescer em 2021, aponta Bradesco (BBDC4)<\/title>\n<meta name=\"description\" content=\"O vice-presidente executivo do Bradesco (BBDC4) afirmou que a inadimpl\u00eancia deve voltar a crescer em 2021. Clique para saber mais\" \/>\n<meta name=\"robots\" content=\"index, follow, max-snippet:-1, max-image-preview:large, max-video-preview:-1\" \/>\n<link rel=\"canonical\" href=\"https:\/\/www.suno.com.br\/noticias\/bradesco-bbdc4-aumento-inadimplencia-2021\/\" \/>\n<meta property=\"og:locale\" content=\"pt_BR\" \/>\n<meta property=\"og:type\" content=\"article\" \/>\n<meta property=\"og:title\" content=\"Inadimpl\u00eancia voltar\u00e1 a crescer em 2021, aponta Bradesco (BBDC4)\" \/>\n<meta property=\"og:description\" content=\"O vice-presidente executivo do Bradesco (BBDC4) afirmou que a inadimpl\u00eancia deve voltar a crescer em 2021. Clique para saber mais\" \/>\n<meta property=\"og:url\" content=\"https:\/\/www.suno.com.br\/noticias\/bradesco-bbdc4-aumento-inadimplencia-2021\/\" \/>\n<meta property=\"og:site_name\" content=\"Suno Not\u00edcias\" \/>\n<meta property=\"article:publisher\" content=\"https:\/\/facebook.com\/sunoresearch\" \/>\n<meta property=\"og:image\" content=\"https:\/\/files.sunoresearch.com.br\/n\/uploads\/2020\/09\/fb627cf8-bradesco-divulgacao-300x300-1.jpg\" \/>\n\t<meta property=\"og:image:width\" content=\"300\" \/>\n\t<meta property=\"og:image:height\" content=\"300\" \/>\n\t<meta property=\"og:image:type\" content=\"image\/jpeg\" \/>\n<meta name=\"author\" content=\"Arthur Guimar\u00e3es\" \/>\n<meta name=\"twitter:card\" content=\"summary_large_image\" \/>\n<meta name=\"twitter:creator\" content=\"@sunoresearch\" \/>\n<meta name=\"twitter:site\" content=\"@sunoresearch\" \/>\n<meta name=\"twitter:label1\" content=\"Escrito por\" \/>\n\t<meta name=\"twitter:data1\" content=\"Arthur Guimar\u00e3es\" \/>\n\t<meta name=\"twitter:label2\" content=\"Est. tempo de leitura\" \/>\n\t<meta name=\"twitter:data2\" content=\"2 minutos\" \/>\n<script type=\"application\/ld+json\" class=\"yoast-schema-graph\">{\"@context\":\"https:\/\/schema.org\",\"@graph\":[{\"@type\":\"NewsArticle\",\"@id\":\"https:\/\/www.suno.com.br\/noticias\/bradesco-bbdc4-aumento-inadimplencia-2021\/#article\",\"isPartOf\":{\"@id\":\"https:\/\/www.suno.com.br\/noticias\/bradesco-bbdc4-aumento-inadimplencia-2021\/\"},\"author\":{\"name\":\"Arthur Guimar\u00e3es\",\"@id\":\"https:\/\/www.suno.com.br\/noticias\/#\/schema\/person\/053a750a709a263919a20f976caae91c\"},\"headline\":\"Inadimpl\u00eancia voltar\u00e1 a crescer em 2021, aponta Bradesco (BBDC4)\",\"datePublished\":\"2020-11-18T19:54:43+00:00\",\"dateModified\":\"2021-05-30T22:12:47+00:00\",\"mainEntityOfPage\":{\"@id\":\"https:\/\/www.suno.com.br\/noticias\/bradesco-bbdc4-aumento-inadimplencia-2021\/\"},\"wordCount\":404,\"publisher\":{\"@id\":\"https:\/\/www.suno.com.br\/noticias\/#organization\"},\"image\":{\"@id\":\"https:\/\/www.suno.com.br\/noticias\/bradesco-bbdc4-aumento-inadimplencia-2021\/#primaryimage\"},\"thumbnailUrl\":\"https:\/\/files.sunoresearch.com.br\/n\/uploads\/2020\/09\/fb627cf8-bradesco-divulgacao-300x300-1-jpg.webp\",\"keywords\":[\"Bradesco (BBDC3\/BBDC4)\",\"Inadimpl\u00eancia\"],\"articleSection\":[\"Neg\u00f3cios\"],\"inLanguage\":\"pt-BR\"},{\"@type\":\"WebPage\",\"@id\":\"https:\/\/www.suno.com.br\/noticias\/bradesco-bbdc4-aumento-inadimplencia-2021\/\",\"url\":\"https:\/\/www.suno.com.br\/noticias\/bradesco-bbdc4-aumento-inadimplencia-2021\/\",\"name\":\"Inadimpl\u00eancia voltar\u00e1 a crescer em 2021, aponta Bradesco (BBDC4)\",\"isPartOf\":{\"@id\":\"https:\/\/www.suno.com.br\/noticias\/#website\"},\"primaryImageOfPage\":{\"@id\":\"https:\/\/www.suno.com.br\/noticias\/bradesco-bbdc4-aumento-inadimplencia-2021\/#primaryimage\"},\"image\":{\"@id\":\"https:\/\/www.suno.com.br\/noticias\/bradesco-bbdc4-aumento-inadimplencia-2021\/#primaryimage\"},\"thumbnailUrl\":\"https:\/\/files.sunoresearch.com.br\/n\/uploads\/2020\/09\/fb627cf8-bradesco-divulgacao-300x300-1-jpg.webp\",\"datePublished\":\"2020-11-18T19:54:43+00:00\",\"dateModified\":\"2021-05-30T22:12:47+00:00\",\"description\":\"O vice-presidente executivo do Bradesco (BBDC4) afirmou que a inadimpl\u00eancia deve voltar a crescer em 2021. Clique para saber mais\",\"breadcrumb\":{\"@id\":\"https:\/\/www.suno.com.br\/noticias\/bradesco-bbdc4-aumento-inadimplencia-2021\/#breadcrumb\"},\"inLanguage\":\"pt-BR\",\"potentialAction\":[{\"@type\":\"ReadAction\",\"target\":[\"https:\/\/www.suno.com.br\/noticias\/bradesco-bbdc4-aumento-inadimplencia-2021\/\"]}]},{\"@type\":\"ImageObject\",\"inLanguage\":\"pt-BR\",\"@id\":\"https:\/\/www.suno.com.br\/noticias\/bradesco-bbdc4-aumento-inadimplencia-2021\/#primaryimage\",\"url\":\"https:\/\/files.sunoresearch.com.br\/n\/uploads\/2020\/09\/fb627cf8-bradesco-divulgacao-300x300-1-jpg.webp\",\"contentUrl\":\"https:\/\/files.sunoresearch.com.br\/n\/uploads\/2020\/09\/fb627cf8-bradesco-divulgacao-300x300-1-jpg.webp\",\"width\":300,\"height\":300,\"caption\":\"Bradesco (BBDC4) mant\u00e9m sede vazia e testa funcion\u00e1rios para coronav\u00edrus\"},{\"@type\":\"BreadcrumbList\",\"@id\":\"https:\/\/www.suno.com.br\/noticias\/bradesco-bbdc4-aumento-inadimplencia-2021\/#breadcrumb\",\"itemListElement\":[{\"@type\":\"ListItem\",\"position\":1,\"name\":\"Not\u00edcias\",\"item\":\"https:\/\/www.suno.com.br\/noticias\/\"},{\"@type\":\"ListItem\",\"position\":2,\"name\":\"Neg\u00f3cios\",\"item\":\"https:\/\/www.suno.com.br\/noticias\/negocios\/\"},{\"@type\":\"ListItem\",\"position\":3,\"name\":\"Inadimpl\u00eancia voltar\u00e1 a crescer em 2021, aponta Bradesco (BBDC4)\"}]},{\"@type\":\"WebSite\",\"@id\":\"https:\/\/www.suno.com.br\/noticias\/#website\",\"url\":\"https:\/\/www.suno.com.br\/noticias\/\",\"name\":\"Suno Not\u00edcias\",\"description\":\"Seu portal de informa\u00e7\u00e3o sobre o mundo dos investimentos\",\"publisher\":{\"@id\":\"https:\/\/www.suno.com.br\/noticias\/#organization\"},\"potentialAction\":[{\"@type\":\"SearchAction\",\"target\":{\"@type\":\"EntryPoint\",\"urlTemplate\":\"https:\/\/www.suno.com.br\/noticias\/?s={search_term_string}\"},\"query-input\":{\"@type\":\"PropertyValueSpecification\",\"valueRequired\":true,\"valueName\":\"search_term_string\"}}],\"inLanguage\":\"pt-BR\"},{\"@type\":\"Organization\",\"@id\":\"https:\/\/www.suno.com.br\/noticias\/#organization\",\"name\":\"Suno Not\u00edcias\",\"url\":\"https:\/\/www.suno.com.br\/noticias\/\",\"logo\":{\"@type\":\"ImageObject\",\"inLanguage\":\"pt-BR\",\"@id\":\"https:\/\/www.suno.com.br\/noticias\/#\/schema\/logo\/image\/\",\"url\":\"https:\/\/files.sunoresearch.com.br\/n\/uploads\/2021\/09\/suno-logo.png\",\"contentUrl\":\"https:\/\/files.sunoresearch.com.br\/n\/uploads\/2021\/09\/suno-logo.png\",\"width\":180,\"height\":180,\"caption\":\"Suno Not\u00edcias\"},\"image\":{\"@id\":\"https:\/\/www.suno.com.br\/noticias\/#\/schema\/logo\/image\/\"},\"sameAs\":[\"https:\/\/facebook.com\/sunoresearch\",\"https:\/\/x.com\/sunoresearch\",\"https:\/\/www.instagram.com\/suno\",\"https:\/\/www.linkedin.com\/company\/suno-research\/\",\"https:\/\/www.youtube.com\/c\/sunoresearch\"]},{\"@type\":\"Person\",\"@id\":\"https:\/\/www.suno.com.br\/noticias\/#\/schema\/person\/053a750a709a263919a20f976caae91c\",\"name\":\"Arthur Guimar\u00e3es\",\"image\":{\"@type\":\"ImageObject\",\"inLanguage\":\"pt-BR\",\"@id\":\"https:\/\/www.suno.com.br\/noticias\/#\/schema\/person\/image\/\",\"url\":\"https:\/\/secure.gravatar.com\/avatar\/1affd86a11209ae09eb6dd3bcad3e96c?s=96&r=g\",\"contentUrl\":\"https:\/\/secure.gravatar.com\/avatar\/1affd86a11209ae09eb6dd3bcad3e96c?s=96&r=g\",\"caption\":\"Arthur Guimar\u00e3es\"},\"description\":\"Arthur Guimar\u00e3es escreve sobre pol\u00edtica, economia e neg\u00f3cios para o portal de not\u00edcias da Suno Research. Atualmente, \u00e9 estudante de jornalismo pela Faculdade C\u00e1sper L\u00edbero.\",\"url\":\"https:\/\/www.suno.com.br\/noticias\/author\/arthur-guimaraes\/\"}]}<\/script>\n<!-- \/ Yoast SEO plugin. -->","yoast_head_json":{"title":"Inadimpl\u00eancia voltar\u00e1 a crescer em 2021, aponta Bradesco (BBDC4)","description":"O vice-presidente executivo do Bradesco (BBDC4) afirmou que a inadimpl\u00eancia deve voltar a crescer em 2021. Clique para saber mais","robots":{"index":"index","follow":"follow","max-snippet":"max-snippet:-1","max-image-preview":"max-image-preview:large","max-video-preview":"max-video-preview:-1"},"canonical":"https:\/\/www.suno.com.br\/noticias\/bradesco-bbdc4-aumento-inadimplencia-2021\/","og_locale":"pt_BR","og_type":"article","og_title":"Inadimpl\u00eancia voltar\u00e1 a crescer em 2021, aponta Bradesco (BBDC4)","og_description":"O vice-presidente executivo do Bradesco (BBDC4) afirmou que a inadimpl\u00eancia deve voltar a crescer em 2021. Clique para saber mais","og_url":"https:\/\/www.suno.com.br\/noticias\/bradesco-bbdc4-aumento-inadimplencia-2021\/","og_site_name":"Suno Not\u00edcias","article_publisher":"https:\/\/facebook.com\/sunoresearch","og_image":[{"width":300,"height":300,"url":"https:\/\/files.sunoresearch.com.br\/n\/uploads\/2020\/09\/fb627cf8-bradesco-divulgacao-300x300-1.jpg","type":"image\/jpeg"}],"author":"Arthur Guimar\u00e3es","twitter_card":"summary_large_image","twitter_creator":"@sunoresearch","twitter_site":"@sunoresearch","twitter_misc":{"Escrito por":"Arthur Guimar\u00e3es","Est. tempo de leitura":"2 minutos"},"schema":{"@context":"https:\/\/schema.org","@graph":[{"@type":"NewsArticle","@id":"https:\/\/www.suno.com.br\/noticias\/bradesco-bbdc4-aumento-inadimplencia-2021\/#article","isPartOf":{"@id":"https:\/\/www.suno.com.br\/noticias\/bradesco-bbdc4-aumento-inadimplencia-2021\/"},"author":{"name":"Arthur Guimar\u00e3es","@id":"https:\/\/www.suno.com.br\/noticias\/#\/schema\/person\/053a750a709a263919a20f976caae91c"},"headline":"Inadimpl\u00eancia voltar\u00e1 a crescer em 2021, aponta Bradesco (BBDC4)","datePublished":"2020-11-18T19:54:43+00:00","dateModified":"2021-05-30T22:12:47+00:00","mainEntityOfPage":{"@id":"https:\/\/www.suno.com.br\/noticias\/bradesco-bbdc4-aumento-inadimplencia-2021\/"},"wordCount":404,"publisher":{"@id":"https:\/\/www.suno.com.br\/noticias\/#organization"},"image":{"@id":"https:\/\/www.suno.com.br\/noticias\/bradesco-bbdc4-aumento-inadimplencia-2021\/#primaryimage"},"thumbnailUrl":"https:\/\/files.sunoresearch.com.br\/n\/uploads\/2020\/09\/fb627cf8-bradesco-divulgacao-300x300-1-jpg.webp","keywords":["Bradesco (BBDC3\/BBDC4)","Inadimpl\u00eancia"],"articleSection":["Neg\u00f3cios"],"inLanguage":"pt-BR"},{"@type":"WebPage","@id":"https:\/\/www.suno.com.br\/noticias\/bradesco-bbdc4-aumento-inadimplencia-2021\/","url":"https:\/\/www.suno.com.br\/noticias\/bradesco-bbdc4-aumento-inadimplencia-2021\/","name":"Inadimpl\u00eancia voltar\u00e1 a crescer em 2021, aponta Bradesco (BBDC4)","isPartOf":{"@id":"https:\/\/www.suno.com.br\/noticias\/#website"},"primaryImageOfPage":{"@id":"https:\/\/www.suno.com.br\/noticias\/bradesco-bbdc4-aumento-inadimplencia-2021\/#primaryimage"},"image":{"@id":"https:\/\/www.suno.com.br\/noticias\/bradesco-bbdc4-aumento-inadimplencia-2021\/#primaryimage"},"thumbnailUrl":"https:\/\/files.sunoresearch.com.br\/n\/uploads\/2020\/09\/fb627cf8-bradesco-divulgacao-300x300-1-jpg.webp","datePublished":"2020-11-18T19:54:43+00:00","dateModified":"2021-05-30T22:12:47+00:00","description":"O vice-presidente executivo do Bradesco (BBDC4) afirmou que a inadimpl\u00eancia deve voltar a crescer em 2021. Clique para saber mais","breadcrumb":{"@id":"https:\/\/www.suno.com.br\/noticias\/bradesco-bbdc4-aumento-inadimplencia-2021\/#breadcrumb"},"inLanguage":"pt-BR","potentialAction":[{"@type":"ReadAction","target":["https:\/\/www.suno.com.br\/noticias\/bradesco-bbdc4-aumento-inadimplencia-2021\/"]}]},{"@type":"ImageObject","inLanguage":"pt-BR","@id":"https:\/\/www.suno.com.br\/noticias\/bradesco-bbdc4-aumento-inadimplencia-2021\/#primaryimage","url":"https:\/\/files.sunoresearch.com.br\/n\/uploads\/2020\/09\/fb627cf8-bradesco-divulgacao-300x300-1-jpg.webp","contentUrl":"https:\/\/files.sunoresearch.com.br\/n\/uploads\/2020\/09\/fb627cf8-bradesco-divulgacao-300x300-1-jpg.webp","width":300,"height":300,"caption":"Bradesco (BBDC4) mant\u00e9m sede vazia e testa funcion\u00e1rios para coronav\u00edrus"},{"@type":"BreadcrumbList","@id":"https:\/\/www.suno.com.br\/noticias\/bradesco-bbdc4-aumento-inadimplencia-2021\/#breadcrumb","itemListElement":[{"@type":"ListItem","position":1,"name":"Not\u00edcias","item":"https:\/\/www.suno.com.br\/noticias\/"},{"@type":"ListItem","position":2,"name":"Neg\u00f3cios","item":"https:\/\/www.suno.com.br\/noticias\/negocios\/"},{"@type":"ListItem","position":3,"name":"Inadimpl\u00eancia voltar\u00e1 a crescer em 2021, aponta Bradesco (BBDC4)"}]},{"@type":"WebSite","@id":"https:\/\/www.suno.com.br\/noticias\/#website","url":"https:\/\/www.suno.com.br\/noticias\/","name":"Suno Not\u00edcias","description":"Seu portal de informa\u00e7\u00e3o sobre o mundo dos investimentos","publisher":{"@id":"https:\/\/www.suno.com.br\/noticias\/#organization"},"potentialAction":[{"@type":"SearchAction","target":{"@type":"EntryPoint","urlTemplate":"https:\/\/www.suno.com.br\/noticias\/?s={search_term_string}"},"query-input":{"@type":"PropertyValueSpecification","valueRequired":true,"valueName":"search_term_string"}}],"inLanguage":"pt-BR"},{"@type":"Organization","@id":"https:\/\/www.suno.com.br\/noticias\/#organization","name":"Suno Not\u00edcias","url":"https:\/\/www.suno.com.br\/noticias\/","logo":{"@type":"ImageObject","inLanguage":"pt-BR","@id":"https:\/\/www.suno.com.br\/noticias\/#\/schema\/logo\/image\/","url":"https:\/\/files.sunoresearch.com.br\/n\/uploads\/2021\/09\/suno-logo.png","contentUrl":"https:\/\/files.sunoresearch.com.br\/n\/uploads\/2021\/09\/suno-logo.png","width":180,"height":180,"caption":"Suno Not\u00edcias"},"image":{"@id":"https:\/\/www.suno.com.br\/noticias\/#\/schema\/logo\/image\/"},"sameAs":["https:\/\/facebook.com\/sunoresearch","https:\/\/x.com\/sunoresearch","https:\/\/www.instagram.com\/suno","https:\/\/www.linkedin.com\/company\/suno-research\/","https:\/\/www.youtube.com\/c\/sunoresearch"]},{"@type":"Person","@id":"https:\/\/www.suno.com.br\/noticias\/#\/schema\/person\/053a750a709a263919a20f976caae91c","name":"Arthur Guimar\u00e3es","image":{"@type":"ImageObject","inLanguage":"pt-BR","@id":"https:\/\/www.suno.com.br\/noticias\/#\/schema\/person\/image\/","url":"https:\/\/secure.gravatar.com\/avatar\/1affd86a11209ae09eb6dd3bcad3e96c?s=96&r=g","contentUrl":"https:\/\/secure.gravatar.com\/avatar\/1affd86a11209ae09eb6dd3bcad3e96c?s=96&r=g","caption":"Arthur Guimar\u00e3es"},"description":"Arthur Guimar\u00e3es escreve sobre pol\u00edtica, economia e neg\u00f3cios para o portal de not\u00edcias da Suno Research. Atualmente, \u00e9 estudante de jornalismo pela Faculdade C\u00e1sper L\u00edbero.","url":"https:\/\/www.suno.com.br\/noticias\/author\/arthur-guimaraes\/"}]}},"default_loop_html":"<div class=\"cardsPage__listCard__boxs\"><div class=\"cardsPage__listCard__boxs__img\"><a href=\"https:\/\/www.suno.com.br\/noticias\/bradesco-bbdc4-aumento-inadimplencia-2021\/\"><img class=\"mask\" src=\"https:\/\/www.suno.com.br\/noticias\/wp-content\/themes\/suno\/resources\/images\/spotlight\/spotlight1img\/bg-mask.png\" alt=\"Image Mask\"\/><img src=\"https:\/\/files.sunoresearch.com.br\/n\/uploads\/2020\/09\/fb627cf8-bradesco-divulgacao-300x300-1-jpg.webp\" alt=\"Inadimpl\u00eancia voltar\u00e1 a crescer em 2021, aponta Bradesco (BBDC4)\"\/><\/a><span class=\"spotlightCategory\"><a href=\"https:\/\/www.suno.com.br\/noticias\/negocios\/\">Neg\u00f3cios<\/a><\/span><\/div><div class=\"cardsPage__listCard__boxs__content\"><a href=\"https:\/\/www.suno.com.br\/noticias\/bradesco-bbdc4-aumento-inadimplencia-2021\/\"><h2 class=\"content__title\">Inadimpl\u00eancia voltar\u00e1 a crescer em 2021, aponta Bradesco (BBDC4)<\/h2><\/a><div class=\"newsContent__article__meta\"><div class=\"newsContent__article__meta__authorBox\"><a href=\"https:\/\/www.suno.com.br\/noticias\/author\/arthur-guimaraes\/\" class=\"authorBox__avatar noMobi\"><img src=\"https:\/\/files.sunoresearch.com.br\/n\/uploads\/2020\/02\/dfb40897-eu-150x150.webp\" alt=\"Arthur Guimar\u00e3es\"><\/a><div class=\"authorBox__name\"><span>por\n\t\t\t<a href=\"https:\/\/www.suno.com.br\/noticias\/author\/arthur-guimaraes\/\"><span itemprop=\"author\">Arthur Guimar\u00e3es<\/span><\/a><\/span><time datetime=\"2020-11-18T16:54:43-03:00\" itemprop=\"datePublished\">18\/11\/2020 16:54<\/time><\/div><\/div><\/div><\/div><\/div>","single_layout":"posts","amp_enabled":true,"_links":{"self":[{"href":"https:\/\/www.suno.com.br\/noticias\/wp-json\/wp\/v2\/posts\/101415"}],"collection":[{"href":"https:\/\/www.suno.com.br\/noticias\/wp-json\/wp\/v2\/posts"}],"about":[{"href":"https:\/\/www.suno.com.br\/noticias\/wp-json\/wp\/v2\/types\/post"}],"author":[{"embeddable":true,"href":"https:\/\/www.suno.com.br\/noticias\/wp-json\/wp\/v2\/users\/35"}],"replies":[{"embeddable":true,"href":"https:\/\/www.suno.com.br\/noticias\/wp-json\/wp\/v2\/comments?post=101415"}],"version-history":[{"count":1,"href":"https:\/\/www.suno.com.br\/noticias\/wp-json\/wp\/v2\/posts\/101415\/revisions"}],"predecessor-version":[{"id":152501,"href":"https:\/\/www.suno.com.br\/noticias\/wp-json\/wp\/v2\/posts\/101415\/revisions\/152501"}],"wp:featuredmedia":[{"embeddable":true,"href":"https:\/\/www.suno.com.br\/noticias\/wp-json\/wp\/v2\/media\/85775"}],"wp:attachment":[{"href":"https:\/\/www.suno.com.br\/noticias\/wp-json\/wp\/v2\/media?parent=101415"}],"wp:term":[{"taxonomy":"category","embeddable":true,"href":"https:\/\/www.suno.com.br\/noticias\/wp-json\/wp\/v2\/categories?post=101415"},{"taxonomy":"post_tag","embeddable":true,"href":"https:\/\/www.suno.com.br\/noticias\/wp-json\/wp\/v2\/tags?post=101415"},{"taxonomy":"suno_strategy","embeddable":true,"href":"https:\/\/www.suno.com.br\/noticias\/wp-json\/wp\/v2\/suno_strategy?post=101415"}],"curies":[{"name":"wp","href":"https:\/\/api.w.org\/{rel}","templated":true}]}}