{"id":10137,"date":"2019-01-02T17:26:37","date_gmt":"2019-01-02T19:26:37","guid":{"rendered":"https:\/\/www.suno.com.br\/noticias\/?p=10137"},"modified":"2019-01-02T17:26:37","modified_gmt":"2019-01-02T19:26:37","slug":"odebrecht-pagara-r-1619-milhoes-para-eletrobras-apos-acordo-de-leniencia","status":"publish","type":"post","link":"https:\/\/www.suno.com.br\/noticias\/odebrecht-pagara-r-1619-milhoes-para-eletrobras-apos-acordo-de-leniencia\/","title":{"rendered":"Odebrecht pagar\u00e1 R$ 161,9 milh\u00f5es para Eletrobras ap\u00f3s acordo de leni\u00eancia"},"content":{"rendered":"<p>A Odebrecht pagar\u00e1 R$ 161,9 milh\u00f5es para Eletrobras em <a href=\"https:\/\/www.suno.com.br\/artigos\/acordo-de-leniencia\/\">acordo de leni\u00eancia<\/a>.<\/p>\t<div class=\"wrapper-featured-image\">\n\t\t<figure class=\"spotlightImg\">\n\n\t\t\t<picture>\n\t\t\t\t<source media=\"(max-width: 768px)\" srcset=\"https:\/\/files.sunoresearch.com.br\/n\/uploads\/2018\/11\/7418d235-odebrecht-2-400x200.webp\">\n\t\t\t\t<img loading=\"lazy\" decoding=\"async\" class=\"newsContent__article__imgCapa lazyloadDisabled newsContent__article__imgCapa--noCaption\" src=\"https:\/\/files.sunoresearch.com.br\/n\/uploads\/2018\/11\/7418d235-odebrecht-2-jpg.webp\" width=\"800\" height=\"450\" alt=\"Odebrecht pagar\u00e1 R$ 161,9 milh\u00f5es para Eletrobras ap\u00f3s acordo de leni\u00eancia\" fetchpriority=high \/>\n\t\t\t<\/picture>\n\n\t\t\t<figcaption class=\"wp-caption-text wp-caption-text--hide\">A assembleia geral de credores da Odebrecht foi adiada por causa do coronav\u00edrus (covid-19).<\/figcaption>\n\t\t<\/figure>\n\t<\/div>\n\n\n<p>A <strong>Odebrecht<\/strong> vai pagar a indeniza\u00e7\u00e3o para a <strong>Eletrobras<\/strong> ap\u00f3s um acordo assinado com a Justi\u00e7a ap\u00f3s acusa\u00e7\u00f5es de <strong>corrup\u00e7\u00e3o<\/strong>. A\u00a0 empreiteira \u00e9 investigada na Opera\u00e7\u00e3o <strong>Lava Jato<\/strong>, por\u00a0irregularidades na constru\u00e7\u00e3o das hidrel\u00e9tricas de Santo Ant\u00f4nio e Belo Monte, na regi\u00e3o Norte.<\/p>\n<p><a href=\"https:\/\/www.suno.com.br\/noticias\/odebrecht-fecha-acordo-mp-peru\/\">Saiba mais: Odebrecht fecha acordo de leni\u00eancia com MP do Peru\u00a0<\/a><\/p>\n<p>Segundo um comunicado divulgado pela Eletrobras nesta\u00a0quarta-feira (2), o\u00a0pagamento visa ressarcir perdas incorridas pela estatal el\u00e9trica. As perdas foram individuadas ap\u00f3s uma investiga\u00e7\u00e3o independente contratada para encontrar eventuais desvios.<\/p>\n<p>&#8220;A ades\u00e3o ao acordo \u00e9 uma oportunidade de fazer retornar \u00e0 Eletrobras parte dos recursos a que a companhia tem direito, diante dos preju\u00edzos causados pela Odebrecht, decorrentes do esquema de corrup\u00e7\u00e3o desvendado pela Opera\u00e7\u00e3o Lava Jato&#8221;, informou a estatal el\u00e9trica, &#8220;A Eletrobras continuar\u00e1 adotando as medidas necess\u00e1rias para ressarcimento dos danos causados&#8230; em raz\u00e3o dos atos il\u00edcitos dos quais foi v\u00edtima&#8221;.<\/p>\n<p>No comunicado, a Eletrobras lembrou que sua investiga\u00e7\u00e3o interna foi levada adiante pelo escrit\u00f3rio norte-americano de advocacia Hogan Lovells. A auditoria individuou perdas de R$ 122,8 milh\u00f5es por corrup\u00e7\u00e3o na usina de Santo Ant\u00f4nio. Naquela infraestrutura a estatal energ\u00e9tica \u00e9 s\u00f3cia por meio da subsidi\u00e1ria Furnas.<\/p>\n<p>A hidrel\u00e9trica em Rond\u00f4nia ainda tem como acionistas a mineira Cemig e a pr\u00f3pria Odebrecht, al\u00e9m do FIP Amaz\u00f4nia Energia, da Caixa, e a SAAG Investimentos, ligada \u00e0 Andrade Gutierrez.<\/p>\n<p>Outros R$ 91,46 milh\u00f5es em perdas achadas pela investiga\u00e7\u00e3o da estatal haviam sido relacionadas ao projeto da hidrel\u00e9trica de Belo Monte, no Par\u00e1. Naquela hidroel\u00e9trica a estatal tem como s\u00f3cias as el\u00e9tricas Neoenergia, Cemig e Light, al\u00e9m dos fundos de pens\u00e3o Petros e Funcef e a mineradora Vale.<\/p>\n<p>A Eletrobras informou que a Furnas receber\u00e1 a maior parte dos valores da Odebrecht, no total de R$ 117,68 milh\u00f5es. Os valores ser\u00e3o pagos em 21 parcelas anuais, corrigidas pela SELIC, a partir de outubro de 2019.<\/p>\n<h2>Consequ\u00eancia da Lava Jato<\/h2>\n<p>A Odebrecht assinou em 31 de dezembro de 2018 um termo de ades\u00e3o a um acordo de leni\u00eancia com o Minist\u00e9rio da Transpar\u00eancia e Controladoria-Geral da Uni\u00e3o (CGU). A empreiteira j\u00e1 havia reconhecido em um acordo de leni\u00eancia de 2016 o pagamento de propinas a autoridades no Brasil e em outros pa\u00edses para obter grandes contratos de obras p\u00fablicas.<\/p>\n<p><a href=\"https:\/\/www.suno.com.br\/noticias\/bolsonaro-lava-jato-twitter\/\">Saiba mais:\u00a0Jair Bolsonaro diz que quem relativiza a Lava Jato est\u00e1 contra o Brasil\u00a0<\/a><\/p>\n<p>A partir de 2014 <strong>Eletrobras<\/strong> passou a investigar internamente den\u00fancias de corrup\u00e7\u00e3o ap\u00f3s ser alvo de investiga\u00e7\u00f5es da Opera\u00e7\u00e3o Lava Jato. Com essas investiga\u00e7\u00f5es foi descoberto um enorme esquema de <strong>corrup\u00e7\u00e3o<\/strong> no Brasil entre estatais, empreiteiras, como a <strong>Odebrecht<\/strong>, e partidos pol\u00edticos.<\/p>\n<p>&nbsp;<\/p>\n","protected":false},"excerpt":{"rendered":"<p>A Odebrecht pagar\u00e1 R$ 161,9 milh\u00f5es para Eletrobras em acordo de leni\u00eancia. A assembleia geral de credores da Odebrecht foi adiada por causa do coronav\u00edrus (covid-19). A Odebrecht vai pagar a indeniza\u00e7\u00e3o para a Eletrobras ap\u00f3s um acordo assinado com a Justi\u00e7a ap\u00f3s acusa\u00e7\u00f5es de corrup\u00e7\u00e3o. A\u00a0 empreiteira \u00e9 investigada na Opera\u00e7\u00e3o Lava Jato, por\u00a0irregularidades [&hellip;]<\/p>\n","protected":false},"author":9,"featured_media":7050,"comment_status":"closed","ping_status":"closed","sticky":false,"template":"","format":"standard","meta":[],"categories":[64],"tags":[],"suno_strategy":[],"class_list":["post-10137","post","type-post","status-publish","format-standard","has-post-thumbnail","hentry","category-negocios"],"yoast_head":"<!-- This site is optimized with the Yoast SEO plugin v24.4 - https:\/\/yoast.com\/wordpress\/plugins\/seo\/ -->\n<title>Odebrecht pagar\u00e1 R$ 161,9 milh\u00f5es para Eletrobras ap\u00f3s acordo de leni\u00eancia<\/title>\n<meta name=\"robots\" content=\"index, follow, max-snippet:-1, max-image-preview:large, max-video-preview:-1\" \/>\n<link rel=\"canonical\" href=\"https:\/\/www.suno.com.br\/noticias\/odebrecht-pagara-r-1619-milhoes-para-eletrobras-apos-acordo-de-leniencia\/\" \/>\n<meta property=\"og:locale\" content=\"pt_BR\" \/>\n<meta property=\"og:type\" content=\"article\" \/>\n<meta property=\"og:title\" content=\"Odebrecht pagar\u00e1 R$ 161,9 milh\u00f5es para Eletrobras ap\u00f3s acordo de leni\u00eancia\" \/>\n<meta property=\"og:description\" content=\"A Odebrecht pagar\u00e1 R$ 161,9 milh\u00f5es para Eletrobras em acordo de leni\u00eancia. A assembleia geral de credores da Odebrecht foi adiada por causa do coronav\u00edrus (covid-19). A Odebrecht vai pagar a indeniza\u00e7\u00e3o para a Eletrobras ap\u00f3s um acordo assinado com a Justi\u00e7a ap\u00f3s acusa\u00e7\u00f5es de corrup\u00e7\u00e3o. A\u00a0 empreiteira \u00e9 investigada na Opera\u00e7\u00e3o Lava Jato, por\u00a0irregularidades [&hellip;]\" \/>\n<meta property=\"og:url\" content=\"https:\/\/www.suno.com.br\/noticias\/odebrecht-pagara-r-1619-milhoes-para-eletrobras-apos-acordo-de-leniencia\/\" \/>\n<meta property=\"og:site_name\" content=\"Suno Not\u00edcias\" \/>\n<meta property=\"article:publisher\" content=\"https:\/\/facebook.com\/sunoresearch\" \/>\n<meta property=\"og:image\" content=\"https:\/\/files.sunoresearch.com.br\/n\/uploads\/2018\/11\/7418d235-odebrecht-2.jpg\" \/>\n\t<meta property=\"og:image:width\" content=\"645\" \/>\n\t<meta property=\"og:image:height\" content=\"388\" \/>\n\t<meta property=\"og:image:type\" content=\"image\/jpeg\" \/>\n<meta name=\"author\" content=\"Carlo Cauti\" \/>\n<meta name=\"twitter:card\" content=\"summary_large_image\" \/>\n<meta name=\"twitter:creator\" content=\"@sunoresearch\" \/>\n<meta name=\"twitter:site\" content=\"@sunoresearch\" \/>\n<meta name=\"twitter:label1\" content=\"Escrito por\" \/>\n\t<meta name=\"twitter:data1\" content=\"Carlo Cauti\" \/>\n\t<meta name=\"twitter:label2\" content=\"Est. tempo de leitura\" \/>\n\t<meta name=\"twitter:data2\" content=\"2 minutos\" \/>\n<script type=\"application\/ld+json\" class=\"yoast-schema-graph\">{\"@context\":\"https:\/\/schema.org\",\"@graph\":[{\"@type\":\"NewsArticle\",\"@id\":\"https:\/\/www.suno.com.br\/noticias\/odebrecht-pagara-r-1619-milhoes-para-eletrobras-apos-acordo-de-leniencia\/#article\",\"isPartOf\":{\"@id\":\"https:\/\/www.suno.com.br\/noticias\/odebrecht-pagara-r-1619-milhoes-para-eletrobras-apos-acordo-de-leniencia\/\"},\"author\":{\"name\":\"Carlo Cauti\",\"@id\":\"https:\/\/www.suno.com.br\/noticias\/#\/schema\/person\/e6e0f723cc177805027f4566c1d5e0c8\"},\"headline\":\"Odebrecht pagar\u00e1 R$ 161,9 milh\u00f5es para Eletrobras ap\u00f3s acordo de leni\u00eancia\",\"datePublished\":\"2019-01-02T19:26:37+00:00\",\"mainEntityOfPage\":{\"@id\":\"https:\/\/www.suno.com.br\/noticias\/odebrecht-pagara-r-1619-milhoes-para-eletrobras-apos-acordo-de-leniencia\/\"},\"wordCount\":504,\"publisher\":{\"@id\":\"https:\/\/www.suno.com.br\/noticias\/#organization\"},\"image\":{\"@id\":\"https:\/\/www.suno.com.br\/noticias\/odebrecht-pagara-r-1619-milhoes-para-eletrobras-apos-acordo-de-leniencia\/#primaryimage\"},\"thumbnailUrl\":\"https:\/\/files.sunoresearch.com.br\/n\/uploads\/2018\/11\/7418d235-odebrecht-2-jpg.webp\",\"articleSection\":[\"Neg\u00f3cios\"],\"inLanguage\":\"pt-BR\"},{\"@type\":\"WebPage\",\"@id\":\"https:\/\/www.suno.com.br\/noticias\/odebrecht-pagara-r-1619-milhoes-para-eletrobras-apos-acordo-de-leniencia\/\",\"url\":\"https:\/\/www.suno.com.br\/noticias\/odebrecht-pagara-r-1619-milhoes-para-eletrobras-apos-acordo-de-leniencia\/\",\"name\":\"Odebrecht pagar\u00e1 R$ 161,9 milh\u00f5es para Eletrobras ap\u00f3s acordo de leni\u00eancia\",\"isPartOf\":{\"@id\":\"https:\/\/www.suno.com.br\/noticias\/#website\"},\"primaryImageOfPage\":{\"@id\":\"https:\/\/www.suno.com.br\/noticias\/odebrecht-pagara-r-1619-milhoes-para-eletrobras-apos-acordo-de-leniencia\/#primaryimage\"},\"image\":{\"@id\":\"https:\/\/www.suno.com.br\/noticias\/odebrecht-pagara-r-1619-milhoes-para-eletrobras-apos-acordo-de-leniencia\/#primaryimage\"},\"thumbnailUrl\":\"https:\/\/files.sunoresearch.com.br\/n\/uploads\/2018\/11\/7418d235-odebrecht-2-jpg.webp\",\"datePublished\":\"2019-01-02T19:26:37+00:00\",\"breadcrumb\":{\"@id\":\"https:\/\/www.suno.com.br\/noticias\/odebrecht-pagara-r-1619-milhoes-para-eletrobras-apos-acordo-de-leniencia\/#breadcrumb\"},\"inLanguage\":\"pt-BR\",\"potentialAction\":[{\"@type\":\"ReadAction\",\"target\":[\"https:\/\/www.suno.com.br\/noticias\/odebrecht-pagara-r-1619-milhoes-para-eletrobras-apos-acordo-de-leniencia\/\"]}]},{\"@type\":\"ImageObject\",\"inLanguage\":\"pt-BR\",\"@id\":\"https:\/\/www.suno.com.br\/noticias\/odebrecht-pagara-r-1619-milhoes-para-eletrobras-apos-acordo-de-leniencia\/#primaryimage\",\"url\":\"https:\/\/files.sunoresearch.com.br\/n\/uploads\/2018\/11\/7418d235-odebrecht-2-jpg.webp\",\"contentUrl\":\"https:\/\/files.sunoresearch.com.br\/n\/uploads\/2018\/11\/7418d235-odebrecht-2-jpg.webp\",\"width\":645,\"height\":388,\"caption\":\"A assembleia geral de credores da Odebrecht foi adiada por causa do coronav\u00edrus (covid-19).\"},{\"@type\":\"BreadcrumbList\",\"@id\":\"https:\/\/www.suno.com.br\/noticias\/odebrecht-pagara-r-1619-milhoes-para-eletrobras-apos-acordo-de-leniencia\/#breadcrumb\",\"itemListElement\":[{\"@type\":\"ListItem\",\"position\":1,\"name\":\"Not\u00edcias\",\"item\":\"https:\/\/www.suno.com.br\/noticias\/\"},{\"@type\":\"ListItem\",\"position\":2,\"name\":\"Neg\u00f3cios\",\"item\":\"https:\/\/www.suno.com.br\/noticias\/negocios\/\"},{\"@type\":\"ListItem\",\"position\":3,\"name\":\"Odebrecht pagar\u00e1 R$ 161,9 milh\u00f5es para Eletrobras ap\u00f3s acordo de leni\u00eancia\"}]},{\"@type\":\"WebSite\",\"@id\":\"https:\/\/www.suno.com.br\/noticias\/#website\",\"url\":\"https:\/\/www.suno.com.br\/noticias\/\",\"name\":\"Suno Not\u00edcias\",\"description\":\"Seu portal de informa\u00e7\u00e3o sobre o mundo dos investimentos\",\"publisher\":{\"@id\":\"https:\/\/www.suno.com.br\/noticias\/#organization\"},\"potentialAction\":[{\"@type\":\"SearchAction\",\"target\":{\"@type\":\"EntryPoint\",\"urlTemplate\":\"https:\/\/www.suno.com.br\/noticias\/?s={search_term_string}\"},\"query-input\":{\"@type\":\"PropertyValueSpecification\",\"valueRequired\":true,\"valueName\":\"search_term_string\"}}],\"inLanguage\":\"pt-BR\"},{\"@type\":\"Organization\",\"@id\":\"https:\/\/www.suno.com.br\/noticias\/#organization\",\"name\":\"Suno Not\u00edcias\",\"url\":\"https:\/\/www.suno.com.br\/noticias\/\",\"logo\":{\"@type\":\"ImageObject\",\"inLanguage\":\"pt-BR\",\"@id\":\"https:\/\/www.suno.com.br\/noticias\/#\/schema\/logo\/image\/\",\"url\":\"https:\/\/files.sunoresearch.com.br\/n\/uploads\/2021\/09\/suno-logo.png\",\"contentUrl\":\"https:\/\/files.sunoresearch.com.br\/n\/uploads\/2021\/09\/suno-logo.png\",\"width\":180,\"height\":180,\"caption\":\"Suno Not\u00edcias\"},\"image\":{\"@id\":\"https:\/\/www.suno.com.br\/noticias\/#\/schema\/logo\/image\/\"},\"sameAs\":[\"https:\/\/facebook.com\/sunoresearch\",\"https:\/\/x.com\/sunoresearch\",\"https:\/\/www.instagram.com\/suno\",\"https:\/\/www.linkedin.com\/company\/suno-research\/\",\"https:\/\/www.youtube.com\/c\/sunoresearch\"]},{\"@type\":\"Person\",\"@id\":\"https:\/\/www.suno.com.br\/noticias\/#\/schema\/person\/e6e0f723cc177805027f4566c1d5e0c8\",\"name\":\"Carlo Cauti\",\"image\":{\"@type\":\"ImageObject\",\"inLanguage\":\"pt-BR\",\"@id\":\"https:\/\/www.suno.com.br\/noticias\/#\/schema\/person\/image\/\",\"url\":\"https:\/\/secure.gravatar.com\/avatar\/3ada9e0bd164c23abd4792a9606d583c?s=96&r=g\",\"contentUrl\":\"https:\/\/secure.gravatar.com\/avatar\/3ada9e0bd164c23abd4792a9606d583c?s=96&r=g\",\"caption\":\"Carlo Cauti\"},\"description\":\"Editor multim\u00eddia do SUNO Not\u00edcias. Italiano, formado em Ci\u00eancias Pol\u00edticas pela universidade LUISS G. Carli de Roma e mestre cum laude em Rela\u00e7\u00f5es Internacionais, Jornalismo Internacional e de Guerra e em Economia Internacional. Concluiu tamb\u00e9m um MBA em Finan\u00e7as na B3. No Brasil, teve passagem por ve\u00edculos como Estad\u00e3o, Globo, Veja e EXAME. e nas ag\u00eancias de not\u00edcias italianas ANSA e NOVA.\",\"url\":\"https:\/\/www.suno.com.br\/noticias\/author\/carlo-cauti\/\"}]}<\/script>\n<!-- \/ Yoast SEO plugin. -->","yoast_head_json":{"title":"Odebrecht pagar\u00e1 R$ 161,9 milh\u00f5es para Eletrobras ap\u00f3s acordo de leni\u00eancia","robots":{"index":"index","follow":"follow","max-snippet":"max-snippet:-1","max-image-preview":"max-image-preview:large","max-video-preview":"max-video-preview:-1"},"canonical":"https:\/\/www.suno.com.br\/noticias\/odebrecht-pagara-r-1619-milhoes-para-eletrobras-apos-acordo-de-leniencia\/","og_locale":"pt_BR","og_type":"article","og_title":"Odebrecht pagar\u00e1 R$ 161,9 milh\u00f5es para Eletrobras ap\u00f3s acordo de leni\u00eancia","og_description":"A Odebrecht pagar\u00e1 R$ 161,9 milh\u00f5es para Eletrobras em acordo de leni\u00eancia. A assembleia geral de credores da Odebrecht foi adiada por causa do coronav\u00edrus (covid-19). A Odebrecht vai pagar a indeniza\u00e7\u00e3o para a Eletrobras ap\u00f3s um acordo assinado com a Justi\u00e7a ap\u00f3s acusa\u00e7\u00f5es de corrup\u00e7\u00e3o. A\u00a0 empreiteira \u00e9 investigada na Opera\u00e7\u00e3o Lava Jato, por\u00a0irregularidades [&hellip;]","og_url":"https:\/\/www.suno.com.br\/noticias\/odebrecht-pagara-r-1619-milhoes-para-eletrobras-apos-acordo-de-leniencia\/","og_site_name":"Suno Not\u00edcias","article_publisher":"https:\/\/facebook.com\/sunoresearch","og_image":[{"width":645,"height":388,"url":"https:\/\/files.sunoresearch.com.br\/n\/uploads\/2018\/11\/7418d235-odebrecht-2.jpg","type":"image\/jpeg"}],"author":"Carlo Cauti","twitter_card":"summary_large_image","twitter_creator":"@sunoresearch","twitter_site":"@sunoresearch","twitter_misc":{"Escrito por":"Carlo Cauti","Est. tempo de leitura":"2 minutos"},"schema":{"@context":"https:\/\/schema.org","@graph":[{"@type":"NewsArticle","@id":"https:\/\/www.suno.com.br\/noticias\/odebrecht-pagara-r-1619-milhoes-para-eletrobras-apos-acordo-de-leniencia\/#article","isPartOf":{"@id":"https:\/\/www.suno.com.br\/noticias\/odebrecht-pagara-r-1619-milhoes-para-eletrobras-apos-acordo-de-leniencia\/"},"author":{"name":"Carlo Cauti","@id":"https:\/\/www.suno.com.br\/noticias\/#\/schema\/person\/e6e0f723cc177805027f4566c1d5e0c8"},"headline":"Odebrecht pagar\u00e1 R$ 161,9 milh\u00f5es para Eletrobras ap\u00f3s acordo de leni\u00eancia","datePublished":"2019-01-02T19:26:37+00:00","mainEntityOfPage":{"@id":"https:\/\/www.suno.com.br\/noticias\/odebrecht-pagara-r-1619-milhoes-para-eletrobras-apos-acordo-de-leniencia\/"},"wordCount":504,"publisher":{"@id":"https:\/\/www.suno.com.br\/noticias\/#organization"},"image":{"@id":"https:\/\/www.suno.com.br\/noticias\/odebrecht-pagara-r-1619-milhoes-para-eletrobras-apos-acordo-de-leniencia\/#primaryimage"},"thumbnailUrl":"https:\/\/files.sunoresearch.com.br\/n\/uploads\/2018\/11\/7418d235-odebrecht-2-jpg.webp","articleSection":["Neg\u00f3cios"],"inLanguage":"pt-BR"},{"@type":"WebPage","@id":"https:\/\/www.suno.com.br\/noticias\/odebrecht-pagara-r-1619-milhoes-para-eletrobras-apos-acordo-de-leniencia\/","url":"https:\/\/www.suno.com.br\/noticias\/odebrecht-pagara-r-1619-milhoes-para-eletrobras-apos-acordo-de-leniencia\/","name":"Odebrecht pagar\u00e1 R$ 161,9 milh\u00f5es para Eletrobras ap\u00f3s acordo de leni\u00eancia","isPartOf":{"@id":"https:\/\/www.suno.com.br\/noticias\/#website"},"primaryImageOfPage":{"@id":"https:\/\/www.suno.com.br\/noticias\/odebrecht-pagara-r-1619-milhoes-para-eletrobras-apos-acordo-de-leniencia\/#primaryimage"},"image":{"@id":"https:\/\/www.suno.com.br\/noticias\/odebrecht-pagara-r-1619-milhoes-para-eletrobras-apos-acordo-de-leniencia\/#primaryimage"},"thumbnailUrl":"https:\/\/files.sunoresearch.com.br\/n\/uploads\/2018\/11\/7418d235-odebrecht-2-jpg.webp","datePublished":"2019-01-02T19:26:37+00:00","breadcrumb":{"@id":"https:\/\/www.suno.com.br\/noticias\/odebrecht-pagara-r-1619-milhoes-para-eletrobras-apos-acordo-de-leniencia\/#breadcrumb"},"inLanguage":"pt-BR","potentialAction":[{"@type":"ReadAction","target":["https:\/\/www.suno.com.br\/noticias\/odebrecht-pagara-r-1619-milhoes-para-eletrobras-apos-acordo-de-leniencia\/"]}]},{"@type":"ImageObject","inLanguage":"pt-BR","@id":"https:\/\/www.suno.com.br\/noticias\/odebrecht-pagara-r-1619-milhoes-para-eletrobras-apos-acordo-de-leniencia\/#primaryimage","url":"https:\/\/files.sunoresearch.com.br\/n\/uploads\/2018\/11\/7418d235-odebrecht-2-jpg.webp","contentUrl":"https:\/\/files.sunoresearch.com.br\/n\/uploads\/2018\/11\/7418d235-odebrecht-2-jpg.webp","width":645,"height":388,"caption":"A assembleia geral de credores da Odebrecht foi adiada por causa do coronav\u00edrus (covid-19)."},{"@type":"BreadcrumbList","@id":"https:\/\/www.suno.com.br\/noticias\/odebrecht-pagara-r-1619-milhoes-para-eletrobras-apos-acordo-de-leniencia\/#breadcrumb","itemListElement":[{"@type":"ListItem","position":1,"name":"Not\u00edcias","item":"https:\/\/www.suno.com.br\/noticias\/"},{"@type":"ListItem","position":2,"name":"Neg\u00f3cios","item":"https:\/\/www.suno.com.br\/noticias\/negocios\/"},{"@type":"ListItem","position":3,"name":"Odebrecht pagar\u00e1 R$ 161,9 milh\u00f5es para Eletrobras ap\u00f3s acordo de leni\u00eancia"}]},{"@type":"WebSite","@id":"https:\/\/www.suno.com.br\/noticias\/#website","url":"https:\/\/www.suno.com.br\/noticias\/","name":"Suno Not\u00edcias","description":"Seu portal de informa\u00e7\u00e3o sobre o mundo dos investimentos","publisher":{"@id":"https:\/\/www.suno.com.br\/noticias\/#organization"},"potentialAction":[{"@type":"SearchAction","target":{"@type":"EntryPoint","urlTemplate":"https:\/\/www.suno.com.br\/noticias\/?s={search_term_string}"},"query-input":{"@type":"PropertyValueSpecification","valueRequired":true,"valueName":"search_term_string"}}],"inLanguage":"pt-BR"},{"@type":"Organization","@id":"https:\/\/www.suno.com.br\/noticias\/#organization","name":"Suno Not\u00edcias","url":"https:\/\/www.suno.com.br\/noticias\/","logo":{"@type":"ImageObject","inLanguage":"pt-BR","@id":"https:\/\/www.suno.com.br\/noticias\/#\/schema\/logo\/image\/","url":"https:\/\/files.sunoresearch.com.br\/n\/uploads\/2021\/09\/suno-logo.png","contentUrl":"https:\/\/files.sunoresearch.com.br\/n\/uploads\/2021\/09\/suno-logo.png","width":180,"height":180,"caption":"Suno Not\u00edcias"},"image":{"@id":"https:\/\/www.suno.com.br\/noticias\/#\/schema\/logo\/image\/"},"sameAs":["https:\/\/facebook.com\/sunoresearch","https:\/\/x.com\/sunoresearch","https:\/\/www.instagram.com\/suno","https:\/\/www.linkedin.com\/company\/suno-research\/","https:\/\/www.youtube.com\/c\/sunoresearch"]},{"@type":"Person","@id":"https:\/\/www.suno.com.br\/noticias\/#\/schema\/person\/e6e0f723cc177805027f4566c1d5e0c8","name":"Carlo Cauti","image":{"@type":"ImageObject","inLanguage":"pt-BR","@id":"https:\/\/www.suno.com.br\/noticias\/#\/schema\/person\/image\/","url":"https:\/\/secure.gravatar.com\/avatar\/3ada9e0bd164c23abd4792a9606d583c?s=96&r=g","contentUrl":"https:\/\/secure.gravatar.com\/avatar\/3ada9e0bd164c23abd4792a9606d583c?s=96&r=g","caption":"Carlo Cauti"},"description":"Editor multim\u00eddia do SUNO Not\u00edcias. Italiano, formado em Ci\u00eancias Pol\u00edticas pela universidade LUISS G. Carli de Roma e mestre cum laude em Rela\u00e7\u00f5es Internacionais, Jornalismo Internacional e de Guerra e em Economia Internacional. Concluiu tamb\u00e9m um MBA em Finan\u00e7as na B3. No Brasil, teve passagem por ve\u00edculos como Estad\u00e3o, Globo, Veja e EXAME. e nas ag\u00eancias de not\u00edcias italianas ANSA e NOVA.","url":"https:\/\/www.suno.com.br\/noticias\/author\/carlo-cauti\/"}]}},"default_loop_html":"<div class=\"cardsPage__listCard__boxs\"><div class=\"cardsPage__listCard__boxs__img\"><a href=\"https:\/\/www.suno.com.br\/noticias\/odebrecht-pagara-r-1619-milhoes-para-eletrobras-apos-acordo-de-leniencia\/\"><img class=\"mask\" src=\"https:\/\/www.suno.com.br\/noticias\/wp-content\/themes\/suno\/resources\/images\/spotlight\/spotlight1img\/bg-mask.png\" alt=\"Image Mask\"\/><img src=\"https:\/\/files.sunoresearch.com.br\/n\/uploads\/2018\/11\/7418d235-odebrecht-2-400x200.webp\" alt=\"Odebrecht pagar\u00e1 R$ 161,9 milh\u00f5es para Eletrobras ap\u00f3s acordo de leni\u00eancia\"\/><\/a><span class=\"spotlightCategory\"><a href=\"https:\/\/www.suno.com.br\/noticias\/negocios\/\">Neg\u00f3cios<\/a><\/span><\/div><div class=\"cardsPage__listCard__boxs__content\"><a href=\"https:\/\/www.suno.com.br\/noticias\/odebrecht-pagara-r-1619-milhoes-para-eletrobras-apos-acordo-de-leniencia\/\"><h2 class=\"content__title\">Odebrecht pagar\u00e1 R$ 161,9 milh\u00f5es para Eletrobras ap\u00f3s acordo de leni\u00eancia<\/h2><\/a><div class=\"newsContent__article__meta\"><div class=\"newsContent__article__meta__authorBox\"><a href=\"https:\/\/www.suno.com.br\/noticias\/author\/carlo-cauti\/\" class=\"authorBox__avatar noMobi\"><img src=\"https:\/\/files.sunoresearch.com.br\/n\/uploads\/2020\/08\/e3745f9a-perfil-carlo-cauti-150x150.webp\" alt=\"Carlo Cauti\"><\/a><div class=\"authorBox__name\"><span>por\n\t\t\t<a href=\"https:\/\/www.suno.com.br\/noticias\/author\/carlo-cauti\/\"><span itemprop=\"author\">Carlo Cauti<\/span><\/a><\/span><time datetime=\"2019-01-02T17:26:37-02:00\" itemprop=\"datePublished\">02\/01\/2019 17:26<\/time><\/div><\/div><\/div><\/div><\/div>","single_layout":"posts","amp_enabled":true,"_links":{"self":[{"href":"https:\/\/www.suno.com.br\/noticias\/wp-json\/wp\/v2\/posts\/10137"}],"collection":[{"href":"https:\/\/www.suno.com.br\/noticias\/wp-json\/wp\/v2\/posts"}],"about":[{"href":"https:\/\/www.suno.com.br\/noticias\/wp-json\/wp\/v2\/types\/post"}],"author":[{"embeddable":true,"href":"https:\/\/www.suno.com.br\/noticias\/wp-json\/wp\/v2\/users\/9"}],"replies":[{"embeddable":true,"href":"https:\/\/www.suno.com.br\/noticias\/wp-json\/wp\/v2\/comments?post=10137"}],"version-history":[{"count":0,"href":"https:\/\/www.suno.com.br\/noticias\/wp-json\/wp\/v2\/posts\/10137\/revisions"}],"wp:featuredmedia":[{"embeddable":true,"href":"https:\/\/www.suno.com.br\/noticias\/wp-json\/wp\/v2\/media\/7050"}],"wp:attachment":[{"href":"https:\/\/www.suno.com.br\/noticias\/wp-json\/wp\/v2\/media?parent=10137"}],"wp:term":[{"taxonomy":"category","embeddable":true,"href":"https:\/\/www.suno.com.br\/noticias\/wp-json\/wp\/v2\/categories?post=10137"},{"taxonomy":"post_tag","embeddable":true,"href":"https:\/\/www.suno.com.br\/noticias\/wp-json\/wp\/v2\/tags?post=10137"},{"taxonomy":"suno_strategy","embeddable":true,"href":"https:\/\/www.suno.com.br\/noticias\/wp-json\/wp\/v2\/suno_strategy?post=10137"}],"curies":[{"name":"wp","href":"https:\/\/api.w.org\/{rel}","templated":true}]}}