{"id":101202,"date":"2020-11-18T09:03:16","date_gmt":"2020-11-18T12:03:16","guid":{"rendered":"https:\/\/www.suno.com.br\/noticias\/?p=101202"},"modified":"2020-11-18T09:04:19","modified_gmt":"2020-11-18T12:04:19","slug":"bolsas-mundiais-ny-europa-asia-18112020","status":"publish","type":"post","link":"https:\/\/www.suno.com.br\/noticias\/bolsas-mundiais-ny-europa-asia-18112020\/","title":{"rendered":"Bolsas mundiais avan\u00e7am de olho na Covid-19 e dados econ\u00f4micos na Europa"},"content":{"rendered":"<p>As <strong>bolsas mundiais<\/strong> operam em alta na manh\u00e3 desta quarta-feira (18), enquanto analisam o avan\u00e7o da pandemia do <a href=\"https:\/\/www.suno.com.br\/noticias\/?s=coronav%C3%ADrus\">novo coronav\u00edrus (Covid-19)<\/a> no Hemisf\u00e9rio Norte e o quanto isso realmente amea\u00e7a a recupera\u00e7\u00e3o da economia nos Estados Unidos e na Europa.<\/p>\t<div class=\"wrapper-featured-image\">\n\t\t<figure class=\"spotlightImg\">\n\n\t\t\t<picture>\n\t\t\t\t<source media=\"(max-width: 768px)\" srcset=\"https:\/\/files.sunoresearch.com.br\/n\/uploads\/2020\/09\/776ea9d9-noticia-de-hoje-19.08-1-400x200.webp\">\n\t\t\t\t<img loading=\"lazy\" decoding=\"async\" class=\"newsContent__article__imgCapa lazyloadDisabled \" src=\"https:\/\/files.sunoresearch.com.br\/n\/uploads\/2020\/09\/776ea9d9-noticia-de-hoje-19.08-1-800x450.webp\" width=\"800\" height=\"450\" alt=\"Bolsas mundiais avan\u00e7am de olho na Covid-19 e dados econ\u00f4micos na Europa\" fetchpriority=high \/>\n\t\t\t<\/picture>\n\n\t\t\t<figcaption class=\"wp-caption-text wp-caption-text--show\">S&amp;P 500.<\/figcaption>\n\t\t<\/figure>\n\t<\/div>\n\n\n\t<p>\n\t\t<a href=\"\" target=\"_blank\" data-element=\"shortcode-suno-banner\" title=\"Banner SUNO, clique e saiba mais\">\n\t\t\t<picture>\n\t\t\t\t<source media=\"(max-width: 500px)\" srcset=\"\">\n\t\t\t\t<img class=\"newsContent__article__imgCapa newsContent__article__imgCapa--banner\"\n\t\t\t\t\tsrc=\"\"\n\t\t\t\t\tdata-promo-id=\"97204\"\t\t\t\t\t\t\t\t\t\t\t\t\t\t\talt=\"\"\n\t\t\t\t>\n\t\t\t<\/picture>\n\t\t<\/a>\n\t<\/p>\n\n\n<p>Por volta das 8h40 assim como a maior parte das bolsas mundiais, o <a href=\"https:\/\/www.suno.com.br\/artigos\/sp-500\/\"><strong>S&amp;P 500<\/strong><\/a> futuro avan\u00e7ava 0,21%, para 3.614,12 pontos, enquanto o Dow Jones subia 0,28%, a 29.805,0 pontos. A <a href=\"https:\/\/www.suno.com.br\/artigos\/nasdaq\/\"><strong>Nasdaq<\/strong><\/a>, por sua vez, tinha alta de 0,22%, para 12.001,62 pontos. Os tr\u00eas \u00edndices est\u00e3o pr\u00f3ximos de suas m\u00e1ximas hist\u00f3ricas.<\/p>\n<p>Um aspecto importante que pode impactar os mercados nesta quarta-feira \u00e9 a decis\u00e3o da <strong>Apple<\/strong> (NASDAQ: AAPL), empresa norte-americana mais valiosa e que comp\u00f5e os \u00edndices da S&amp;P e Nasdaq, em cortar de 30% para 15% a comiss\u00e3o da App Store para desenvolvedores que faturaram at\u00e9 US$ 1 milh\u00e3o durante o ano anterior.<\/p>\n<p><a href=\"https:\/\/lp.suno.com.br\/suno-one\/\">Suno One: acesse gratuitamente eBooks, Minicursos, Artigos e Video Aulas sobre investimentos com um \u00fanico cadastro. Clique para saber mais!<\/a><\/p>\n<p>O Programa para Pequenos Neg\u00f3cios da App Store (<em>App Store Small Business Program<\/em>) ocorre em meio \u00e0s <a href=\"https:\/\/www.suno.com.br\/noticias\/fortnite-vs-apple-guerra-apps\/\">discuss\u00f5es entre a gigante da tecnologia e empresas que comercializam seus aplicativos na loja da companhia<\/a>, como a Epic Games, desenvolvedora do jogo Fortnite, e o Spotify.<\/p>\n<p>No que se refere ao combate \u00e0 <strong>pandemia<\/strong>, o presidente do <a href=\"https:\/\/www.suno.com.br\/artigos\/fed\/\">Federal Reserve (<strong>Fed<\/strong>)<\/a>, Jerome Powell, tamb\u00e9m advertiu na \u00faltima ter\u00e7a-feira (17) que a economia enfrenta desafios significativos e incertezas devido ao aumento da dissemina\u00e7\u00e3o da doen\u00e7a.<\/p>\n<p>Powell afirmou que \u00e9 muito cedo para dizer como uma potencial vacina mudaria o cen\u00e1rio, com a possibilidade de vacina\u00e7\u00e3o generalizada ainda faltando muitos meses. <a href=\"https:\/\/www.suno.com.br\/noticias\/vacina-eleicoes-animam-mercados-dolar-cai\/\">A Pfizer e a BioNTech, que anunciaram os resultados dos testes na \u00faltima semana<\/a>, preveem a distribui\u00e7\u00e3o de 50 milh\u00f5es de doses no mundo em 2020 e at\u00e9 1,3 bilh\u00e3o em 2021.<\/p>\n<p><span style=\"font-weight: 400;\">\u00a0<div class=\"hubspot-form-wrapper\">\n\t<div id=\"single-form-target\"><\/div>\n<\/div>\n<\/span><\/p>\n<h2>Bolsas mundiais: Europa permanece com baixa infla\u00e7\u00e3o<\/h2>\n<p>As bolsas mundiais tamb\u00e9m ficam de olho na economia da Europa. O \u00edndice de <strong>pre\u00e7os ao consumidor<\/strong> (CPI, na sigla em ingl\u00eas) da <a href=\"https:\/\/www.suno.com.br\/artigos\/zona-do-euro\/\"><strong>zona do euro<\/strong><\/a> recuou 0,3% em outubro frente igual m\u00eas de 2019, mantendo o mesmo n\u00edvel de queda de setembro, de acordo com dados finais divulgados nesta quarta-feira pela Eurostat, ag\u00eancia de estat\u00edsticas da <a href=\"https:\/\/www.suno.com.br\/artigos\/uniao-europeia\/\">Uni\u00e3o Europeia (UE)<\/a>.<\/p>\n<p>O resultado confirmou a estimativa preliminar e veio em linha com a expectativa de analistas consultados pelo <em>Wall Street Journal<\/em>. A leitura deixa a infla\u00e7\u00e3o anual da zona do euro ainda mais distante da meta do <a href=\"https:\/\/www.suno.com.br\/artigos\/bce\/\">Banco Central Europeu (BCE)<\/a>, que \u00e9 de uma taxa pouco abaixo de 2%.<\/p>\n\n\t<div data-element=\"shortcode-read-more\" class=\"readToo\">\n\t\t\t\t<span class=\"readToo__title\">Leia tamb\u00e9m<\/span>\n\t\t\t\t<ul class=\"readToo__list\">\n\t\t\t<li><a href=\"https:\/\/www.suno.com.br\/noticias\/agenda-do-dia-zona-do-euro-igp-m-petroleo-18112020\/\">Agenda do Dia: pre\u00e7os da zona do euro, IGP-M e estoques de petr\u00f3leo<\/a><\/li><li><a href=\"https:\/\/www.suno.com.br\/noticias\/producao-petroleo-gas-estavel-outubro\/\">Produ\u00e7\u00e3o total de petr\u00f3leo e g\u00e1s fica est\u00e1vel em outubro<\/a><\/li>\t\t<\/ul>\n\t<\/div>\n\n\n<p>Confira o desempenho das principais bolsas mundiais por volta das 8h55:<\/p>\n<ul>\n<li>S&amp;P 500 futuro: +0,27%<\/li>\n<li>Nasdaq futuro: +0,15%<\/li>\n<li>DAX 30: +0,30%<\/li>\n<li>FTSE 100: +0,16%<\/li>\n<li>Euro Stoxx 50: +0,32%<\/li>\n<li>SSE Composite: +0,22%<\/li>\n<li>Nikkei 225: -1,10%<\/li>\n<\/ul>\n<p>As <strong>bolsas mundiais<\/strong> e os mercados futuros, mesmo atentos ao avan\u00e7o da pandemia do <a href=\"https:\/\/www.suno.com.br\/noticias\/?s=coronav%C3%ADrus\">novo coronav\u00edrus (Covid-19)<\/a>, continuam com a tend\u00eancia de alta. A espera por uma vacina sustenta o otimismo dos investidores, que projetam a volta da normalidade na atividade econ\u00f4mica em todo o mundo.<\/p>\n\t<p>\n\t\t<a href=\"https:\/\/lp.suno.com.br\/planilha-de-controle-de-investimentos\/\" target=\"_blank\" data-element=\"shortcode-suno-banner\" title=\"Banner SUNO, clique e saiba mais\">\n\t\t\t<picture>\n\t\t\t\t<source media=\"(max-width: 500px)\" srcset=\"https:\/\/files.sunoresearch.com.br\/n\/uploads\/2023\/03\/400x300-Controle-de-Investimentos.png\">\n\t\t\t\t<img class=\"newsContent__article__imgCapa newsContent__article__imgCapa--banner\"\n\t\t\t\t\tsrc=\"https:\/\/files.sunoresearch.com.br\/n\/uploads\/2023\/03\/1420x240-Controle-de-Investimentos.png\"\n\t\t\t\t\tdata-promo-id=\"75934\"\t\t\t\t\t\t\t\t\t\twidth='1420' height='240'\t\t\t\t\talt=\"https:\/\/files.sunoresearch.com.br\/n\/uploads\/2023\/03\/1420x240-Controle-de-Investimentos.png\"\n\t\t\t\t>\n\t\t\t<\/picture>\n\t\t<\/a>\n\t<\/p>\n\n\n","protected":false},"excerpt":{"rendered":"<p>As bolsas mundiais operam em alta na manh\u00e3 desta quarta-feira (18), enquanto analisam o avan\u00e7o da pandemia do novo coronav\u00edrus (Covid-19) no Hemisf\u00e9rio Norte e o quanto isso realmente amea\u00e7a a recupera\u00e7\u00e3o da economia nos Estados Unidos e na Europa. Petr\u00f3leo. Foto: divulga\u00e7\u00e3o. Por volta das 8h40 assim como a maior parte das bolsas mundiais, [&hellip;]<\/p>\n","protected":false},"author":24,"featured_media":87983,"comment_status":"closed","ping_status":"closed","sticky":false,"template":"","format":"standard","meta":[],"categories":[60],"tags":[794,104703,2487,964,2667,25002,991],"suno_strategy":[],"class_list":["post-101202","post","type-post","status-publish","format-standard","has-post-thumbnail","hentry","category-mercado","tag-apple-aapl34","tag-bolsas-mundiais","tag-coronavirus","tag-nasdaq","tag-sp-500","tag-vacina","tag-zona-do-euro"],"yoast_head":"<!-- This site is optimized with the Yoast SEO plugin v24.4 - https:\/\/yoast.com\/wordpress\/plugins\/seo\/ -->\n<title>Bolsas mundiais avan\u00e7am de olho na Covid-19 e dados econ\u00f4micos<\/title>\n<meta name=\"description\" content=\"As bolsas mundiais operam em alta na manh\u00e3 desta quarta-feira (18), enquanto analisam o avan\u00e7o da pandemia. Clique e saiba mais.\" \/>\n<meta name=\"robots\" content=\"index, follow, max-snippet:-1, max-image-preview:large, max-video-preview:-1\" \/>\n<link rel=\"canonical\" href=\"https:\/\/www.suno.com.br\/noticias\/bolsas-mundiais-ny-europa-asia-18112020\/\" \/>\n<meta property=\"og:locale\" content=\"pt_BR\" \/>\n<meta property=\"og:type\" content=\"article\" \/>\n<meta property=\"og:title\" content=\"Bolsas mundiais avan\u00e7am de olho na Covid-19 e dados econ\u00f4micos\" \/>\n<meta property=\"og:description\" content=\"As bolsas mundiais operam em alta na manh\u00e3 desta quarta-feira (18), enquanto analisam o avan\u00e7o da pandemia. Clique e saiba mais.\" \/>\n<meta property=\"og:url\" content=\"https:\/\/www.suno.com.br\/noticias\/bolsas-mundiais-ny-europa-asia-18112020\/\" \/>\n<meta property=\"og:site_name\" content=\"Suno Not\u00edcias\" \/>\n<meta property=\"article:publisher\" content=\"https:\/\/facebook.com\/sunoresearch\" \/>\n<meta property=\"og:image\" content=\"https:\/\/files.sunoresearch.com.br\/n\/uploads\/2020\/09\/776ea9d9-noticia-de-hoje-19.08-1.jpg\" \/>\n\t<meta property=\"og:image:width\" content=\"1200\" \/>\n\t<meta property=\"og:image:height\" content=\"780\" \/>\n\t<meta property=\"og:image:type\" content=\"image\/jpeg\" \/>\n<meta name=\"author\" content=\"Jader Lazarini\" \/>\n<meta name=\"twitter:card\" content=\"summary_large_image\" \/>\n<meta name=\"twitter:creator\" content=\"@sunoresearch\" \/>\n<meta name=\"twitter:site\" content=\"@sunoresearch\" \/>\n<meta name=\"twitter:label1\" content=\"Escrito por\" \/>\n\t<meta name=\"twitter:data1\" content=\"Jader Lazarini\" \/>\n\t<meta name=\"twitter:label2\" content=\"Est. tempo de leitura\" \/>\n\t<meta name=\"twitter:data2\" content=\"3 minutos\" \/>\n<script type=\"application\/ld+json\" class=\"yoast-schema-graph\">{\"@context\":\"https:\/\/schema.org\",\"@graph\":[{\"@type\":\"NewsArticle\",\"@id\":\"https:\/\/www.suno.com.br\/noticias\/bolsas-mundiais-ny-europa-asia-18112020\/#article\",\"isPartOf\":{\"@id\":\"https:\/\/www.suno.com.br\/noticias\/bolsas-mundiais-ny-europa-asia-18112020\/\"},\"author\":{\"name\":\"Jader Lazarini\",\"@id\":\"https:\/\/www.suno.com.br\/noticias\/#\/schema\/person\/918d79de1f0281f01599b93f9ea6e23f\"},\"headline\":\"Bolsas mundiais avan\u00e7am de olho na Covid-19 e dados econ\u00f4micos na Europa\",\"datePublished\":\"2020-11-18T12:03:16+00:00\",\"dateModified\":\"2020-11-18T12:04:19+00:00\",\"mainEntityOfPage\":{\"@id\":\"https:\/\/www.suno.com.br\/noticias\/bolsas-mundiais-ny-europa-asia-18112020\/\"},\"wordCount\":551,\"publisher\":{\"@id\":\"https:\/\/www.suno.com.br\/noticias\/#organization\"},\"image\":{\"@id\":\"https:\/\/www.suno.com.br\/noticias\/bolsas-mundiais-ny-europa-asia-18112020\/#primaryimage\"},\"thumbnailUrl\":\"https:\/\/files.sunoresearch.com.br\/n\/uploads\/2020\/09\/776ea9d9-noticia-de-hoje-19.08-1-jpg.webp\",\"keywords\":[\"Apple (AAPL34)\",\"Bolsas mundiais\",\"coronav\u00edrus\",\"Nasdaq\",\"S&amp;P 500\",\"vacina\",\"zona do euro\"],\"articleSection\":[\"Mercado\"],\"inLanguage\":\"pt-BR\"},{\"@type\":\"WebPage\",\"@id\":\"https:\/\/www.suno.com.br\/noticias\/bolsas-mundiais-ny-europa-asia-18112020\/\",\"url\":\"https:\/\/www.suno.com.br\/noticias\/bolsas-mundiais-ny-europa-asia-18112020\/\",\"name\":\"Bolsas mundiais avan\u00e7am de olho na Covid-19 e dados econ\u00f4micos\",\"isPartOf\":{\"@id\":\"https:\/\/www.suno.com.br\/noticias\/#website\"},\"primaryImageOfPage\":{\"@id\":\"https:\/\/www.suno.com.br\/noticias\/bolsas-mundiais-ny-europa-asia-18112020\/#primaryimage\"},\"image\":{\"@id\":\"https:\/\/www.suno.com.br\/noticias\/bolsas-mundiais-ny-europa-asia-18112020\/#primaryimage\"},\"thumbnailUrl\":\"https:\/\/files.sunoresearch.com.br\/n\/uploads\/2020\/09\/776ea9d9-noticia-de-hoje-19.08-1-jpg.webp\",\"datePublished\":\"2020-11-18T12:03:16+00:00\",\"dateModified\":\"2020-11-18T12:04:19+00:00\",\"description\":\"As bolsas mundiais operam em alta na manh\u00e3 desta quarta-feira (18), enquanto analisam o avan\u00e7o da pandemia. Clique e saiba mais.\",\"breadcrumb\":{\"@id\":\"https:\/\/www.suno.com.br\/noticias\/bolsas-mundiais-ny-europa-asia-18112020\/#breadcrumb\"},\"inLanguage\":\"pt-BR\",\"potentialAction\":[{\"@type\":\"ReadAction\",\"target\":[\"https:\/\/www.suno.com.br\/noticias\/bolsas-mundiais-ny-europa-asia-18112020\/\"]}]},{\"@type\":\"ImageObject\",\"inLanguage\":\"pt-BR\",\"@id\":\"https:\/\/www.suno.com.br\/noticias\/bolsas-mundiais-ny-europa-asia-18112020\/#primaryimage\",\"url\":\"https:\/\/files.sunoresearch.com.br\/n\/uploads\/2020\/09\/776ea9d9-noticia-de-hoje-19.08-1-jpg.webp\",\"contentUrl\":\"https:\/\/files.sunoresearch.com.br\/n\/uploads\/2020\/09\/776ea9d9-noticia-de-hoje-19.08-1-jpg.webp\",\"width\":1200,\"height\":780,\"caption\":\"S&P 500.\"},{\"@type\":\"BreadcrumbList\",\"@id\":\"https:\/\/www.suno.com.br\/noticias\/bolsas-mundiais-ny-europa-asia-18112020\/#breadcrumb\",\"itemListElement\":[{\"@type\":\"ListItem\",\"position\":1,\"name\":\"Not\u00edcias\",\"item\":\"https:\/\/www.suno.com.br\/noticias\/\"},{\"@type\":\"ListItem\",\"position\":2,\"name\":\"Mercado\",\"item\":\"https:\/\/www.suno.com.br\/noticias\/mercado\/\"},{\"@type\":\"ListItem\",\"position\":3,\"name\":\"Bolsas mundiais avan\u00e7am de olho na Covid-19 e dados econ\u00f4micos na Europa\"}]},{\"@type\":\"WebSite\",\"@id\":\"https:\/\/www.suno.com.br\/noticias\/#website\",\"url\":\"https:\/\/www.suno.com.br\/noticias\/\",\"name\":\"Suno Not\u00edcias\",\"description\":\"Seu portal de informa\u00e7\u00e3o sobre o mundo dos investimentos\",\"publisher\":{\"@id\":\"https:\/\/www.suno.com.br\/noticias\/#organization\"},\"potentialAction\":[{\"@type\":\"SearchAction\",\"target\":{\"@type\":\"EntryPoint\",\"urlTemplate\":\"https:\/\/www.suno.com.br\/noticias\/?s={search_term_string}\"},\"query-input\":{\"@type\":\"PropertyValueSpecification\",\"valueRequired\":true,\"valueName\":\"search_term_string\"}}],\"inLanguage\":\"pt-BR\"},{\"@type\":\"Organization\",\"@id\":\"https:\/\/www.suno.com.br\/noticias\/#organization\",\"name\":\"Suno Not\u00edcias\",\"url\":\"https:\/\/www.suno.com.br\/noticias\/\",\"logo\":{\"@type\":\"ImageObject\",\"inLanguage\":\"pt-BR\",\"@id\":\"https:\/\/www.suno.com.br\/noticias\/#\/schema\/logo\/image\/\",\"url\":\"https:\/\/files.sunoresearch.com.br\/n\/uploads\/2021\/09\/suno-logo.png\",\"contentUrl\":\"https:\/\/files.sunoresearch.com.br\/n\/uploads\/2021\/09\/suno-logo.png\",\"width\":180,\"height\":180,\"caption\":\"Suno Not\u00edcias\"},\"image\":{\"@id\":\"https:\/\/www.suno.com.br\/noticias\/#\/schema\/logo\/image\/\"},\"sameAs\":[\"https:\/\/facebook.com\/sunoresearch\",\"https:\/\/x.com\/sunoresearch\",\"https:\/\/www.instagram.com\/suno\",\"https:\/\/www.linkedin.com\/company\/suno-research\/\",\"https:\/\/www.youtube.com\/c\/sunoresearch\"]},{\"@type\":\"Person\",\"@id\":\"https:\/\/www.suno.com.br\/noticias\/#\/schema\/person\/918d79de1f0281f01599b93f9ea6e23f\",\"name\":\"Jader Lazarini\",\"image\":{\"@type\":\"ImageObject\",\"inLanguage\":\"pt-BR\",\"@id\":\"https:\/\/www.suno.com.br\/noticias\/#\/schema\/person\/image\/\",\"url\":\"https:\/\/secure.gravatar.com\/avatar\/3c1ad8caa51589841baeb923fcddea97?s=96&r=g\",\"contentUrl\":\"https:\/\/secure.gravatar.com\/avatar\/3c1ad8caa51589841baeb923fcddea97?s=96&r=g\",\"caption\":\"Jader Lazarini\"},\"description\":\"Jader Lazarini escreve sobre investimentos, finan\u00e7as, economia e neg\u00f3cios. \u00c9 bacharel em Rela\u00e7\u00f5es Internacionais e analista CNPI (2619).\",\"url\":\"https:\/\/www.suno.com.br\/noticias\/author\/jader-lazarini\/\"}]}<\/script>\n<!-- \/ Yoast SEO plugin. -->","yoast_head_json":{"title":"Bolsas mundiais avan\u00e7am de olho na Covid-19 e dados econ\u00f4micos","description":"As bolsas mundiais operam em alta na manh\u00e3 desta quarta-feira (18), enquanto analisam o avan\u00e7o da pandemia. Clique e saiba mais.","robots":{"index":"index","follow":"follow","max-snippet":"max-snippet:-1","max-image-preview":"max-image-preview:large","max-video-preview":"max-video-preview:-1"},"canonical":"https:\/\/www.suno.com.br\/noticias\/bolsas-mundiais-ny-europa-asia-18112020\/","og_locale":"pt_BR","og_type":"article","og_title":"Bolsas mundiais avan\u00e7am de olho na Covid-19 e dados econ\u00f4micos","og_description":"As bolsas mundiais operam em alta na manh\u00e3 desta quarta-feira (18), enquanto analisam o avan\u00e7o da pandemia. Clique e saiba mais.","og_url":"https:\/\/www.suno.com.br\/noticias\/bolsas-mundiais-ny-europa-asia-18112020\/","og_site_name":"Suno Not\u00edcias","article_publisher":"https:\/\/facebook.com\/sunoresearch","og_image":[{"width":1200,"height":780,"url":"https:\/\/files.sunoresearch.com.br\/n\/uploads\/2020\/09\/776ea9d9-noticia-de-hoje-19.08-1.jpg","type":"image\/jpeg"}],"author":"Jader Lazarini","twitter_card":"summary_large_image","twitter_creator":"@sunoresearch","twitter_site":"@sunoresearch","twitter_misc":{"Escrito por":"Jader Lazarini","Est. tempo de leitura":"3 minutos"},"schema":{"@context":"https:\/\/schema.org","@graph":[{"@type":"NewsArticle","@id":"https:\/\/www.suno.com.br\/noticias\/bolsas-mundiais-ny-europa-asia-18112020\/#article","isPartOf":{"@id":"https:\/\/www.suno.com.br\/noticias\/bolsas-mundiais-ny-europa-asia-18112020\/"},"author":{"name":"Jader Lazarini","@id":"https:\/\/www.suno.com.br\/noticias\/#\/schema\/person\/918d79de1f0281f01599b93f9ea6e23f"},"headline":"Bolsas mundiais avan\u00e7am de olho na Covid-19 e dados econ\u00f4micos na Europa","datePublished":"2020-11-18T12:03:16+00:00","dateModified":"2020-11-18T12:04:19+00:00","mainEntityOfPage":{"@id":"https:\/\/www.suno.com.br\/noticias\/bolsas-mundiais-ny-europa-asia-18112020\/"},"wordCount":551,"publisher":{"@id":"https:\/\/www.suno.com.br\/noticias\/#organization"},"image":{"@id":"https:\/\/www.suno.com.br\/noticias\/bolsas-mundiais-ny-europa-asia-18112020\/#primaryimage"},"thumbnailUrl":"https:\/\/files.sunoresearch.com.br\/n\/uploads\/2020\/09\/776ea9d9-noticia-de-hoje-19.08-1-jpg.webp","keywords":["Apple (AAPL34)","Bolsas mundiais","coronav\u00edrus","Nasdaq","S&amp;P 500","vacina","zona do euro"],"articleSection":["Mercado"],"inLanguage":"pt-BR"},{"@type":"WebPage","@id":"https:\/\/www.suno.com.br\/noticias\/bolsas-mundiais-ny-europa-asia-18112020\/","url":"https:\/\/www.suno.com.br\/noticias\/bolsas-mundiais-ny-europa-asia-18112020\/","name":"Bolsas mundiais avan\u00e7am de olho na Covid-19 e dados econ\u00f4micos","isPartOf":{"@id":"https:\/\/www.suno.com.br\/noticias\/#website"},"primaryImageOfPage":{"@id":"https:\/\/www.suno.com.br\/noticias\/bolsas-mundiais-ny-europa-asia-18112020\/#primaryimage"},"image":{"@id":"https:\/\/www.suno.com.br\/noticias\/bolsas-mundiais-ny-europa-asia-18112020\/#primaryimage"},"thumbnailUrl":"https:\/\/files.sunoresearch.com.br\/n\/uploads\/2020\/09\/776ea9d9-noticia-de-hoje-19.08-1-jpg.webp","datePublished":"2020-11-18T12:03:16+00:00","dateModified":"2020-11-18T12:04:19+00:00","description":"As bolsas mundiais operam em alta na manh\u00e3 desta quarta-feira (18), enquanto analisam o avan\u00e7o da pandemia. Clique e saiba mais.","breadcrumb":{"@id":"https:\/\/www.suno.com.br\/noticias\/bolsas-mundiais-ny-europa-asia-18112020\/#breadcrumb"},"inLanguage":"pt-BR","potentialAction":[{"@type":"ReadAction","target":["https:\/\/www.suno.com.br\/noticias\/bolsas-mundiais-ny-europa-asia-18112020\/"]}]},{"@type":"ImageObject","inLanguage":"pt-BR","@id":"https:\/\/www.suno.com.br\/noticias\/bolsas-mundiais-ny-europa-asia-18112020\/#primaryimage","url":"https:\/\/files.sunoresearch.com.br\/n\/uploads\/2020\/09\/776ea9d9-noticia-de-hoje-19.08-1-jpg.webp","contentUrl":"https:\/\/files.sunoresearch.com.br\/n\/uploads\/2020\/09\/776ea9d9-noticia-de-hoje-19.08-1-jpg.webp","width":1200,"height":780,"caption":"S&P 500."},{"@type":"BreadcrumbList","@id":"https:\/\/www.suno.com.br\/noticias\/bolsas-mundiais-ny-europa-asia-18112020\/#breadcrumb","itemListElement":[{"@type":"ListItem","position":1,"name":"Not\u00edcias","item":"https:\/\/www.suno.com.br\/noticias\/"},{"@type":"ListItem","position":2,"name":"Mercado","item":"https:\/\/www.suno.com.br\/noticias\/mercado\/"},{"@type":"ListItem","position":3,"name":"Bolsas mundiais avan\u00e7am de olho na Covid-19 e dados econ\u00f4micos na Europa"}]},{"@type":"WebSite","@id":"https:\/\/www.suno.com.br\/noticias\/#website","url":"https:\/\/www.suno.com.br\/noticias\/","name":"Suno Not\u00edcias","description":"Seu portal de informa\u00e7\u00e3o sobre o mundo dos investimentos","publisher":{"@id":"https:\/\/www.suno.com.br\/noticias\/#organization"},"potentialAction":[{"@type":"SearchAction","target":{"@type":"EntryPoint","urlTemplate":"https:\/\/www.suno.com.br\/noticias\/?s={search_term_string}"},"query-input":{"@type":"PropertyValueSpecification","valueRequired":true,"valueName":"search_term_string"}}],"inLanguage":"pt-BR"},{"@type":"Organization","@id":"https:\/\/www.suno.com.br\/noticias\/#organization","name":"Suno Not\u00edcias","url":"https:\/\/www.suno.com.br\/noticias\/","logo":{"@type":"ImageObject","inLanguage":"pt-BR","@id":"https:\/\/www.suno.com.br\/noticias\/#\/schema\/logo\/image\/","url":"https:\/\/files.sunoresearch.com.br\/n\/uploads\/2021\/09\/suno-logo.png","contentUrl":"https:\/\/files.sunoresearch.com.br\/n\/uploads\/2021\/09\/suno-logo.png","width":180,"height":180,"caption":"Suno Not\u00edcias"},"image":{"@id":"https:\/\/www.suno.com.br\/noticias\/#\/schema\/logo\/image\/"},"sameAs":["https:\/\/facebook.com\/sunoresearch","https:\/\/x.com\/sunoresearch","https:\/\/www.instagram.com\/suno","https:\/\/www.linkedin.com\/company\/suno-research\/","https:\/\/www.youtube.com\/c\/sunoresearch"]},{"@type":"Person","@id":"https:\/\/www.suno.com.br\/noticias\/#\/schema\/person\/918d79de1f0281f01599b93f9ea6e23f","name":"Jader Lazarini","image":{"@type":"ImageObject","inLanguage":"pt-BR","@id":"https:\/\/www.suno.com.br\/noticias\/#\/schema\/person\/image\/","url":"https:\/\/secure.gravatar.com\/avatar\/3c1ad8caa51589841baeb923fcddea97?s=96&r=g","contentUrl":"https:\/\/secure.gravatar.com\/avatar\/3c1ad8caa51589841baeb923fcddea97?s=96&r=g","caption":"Jader Lazarini"},"description":"Jader Lazarini escreve sobre investimentos, finan\u00e7as, economia e neg\u00f3cios. \u00c9 bacharel em Rela\u00e7\u00f5es Internacionais e analista CNPI (2619).","url":"https:\/\/www.suno.com.br\/noticias\/author\/jader-lazarini\/"}]}},"default_loop_html":"<div class=\"cardsPage__listCard__boxs\"><div class=\"cardsPage__listCard__boxs__img\"><a href=\"https:\/\/www.suno.com.br\/noticias\/producao-petroleo-gas-estavel-outubro\/\"><img class=\"mask\" src=\"https:\/\/www.suno.com.br\/noticias\/wp-content\/themes\/suno\/resources\/images\/spotlight\/spotlight1img\/bg-mask.png\" alt=\"Image Mask\"\/><img src=\"https:\/\/files.sunoresearch.com.br\/n\/uploads\/2020\/05\/96ff8a47-oil-400x200.webp\" alt=\"Produ\u00e7\u00e3o total de petr\u00f3leo e g\u00e1s fica est\u00e1vel em outubro\"\/><\/a><span class=\"spotlightCategory\"><a href=\"https:\/\/www.suno.com.br\/noticias\/mercado\/\">Mercado<\/a><\/span><\/div><div class=\"cardsPage__listCard__boxs__content\"><a href=\"https:\/\/www.suno.com.br\/noticias\/producao-petroleo-gas-estavel-outubro\/\"><h2 class=\"content__title\">Produ\u00e7\u00e3o total de petr\u00f3leo e g\u00e1s fica est\u00e1vel em outubro<\/h2><\/a><div class=\"newsContent__article__meta\"><div class=\"newsContent__article__meta__authorBox\"><a href=\"https:\/\/www.suno.com.br\/noticias\/author\/laura-moutinho\/\" class=\"authorBox__avatar noMobi\"><img src=\"https:\/\/files.sunoresearch.com.br\/n\/uploads\/2020\/08\/531ff69d-whatsapp-image-2020-08-03-at-14.54.38-150x150.webp\" alt=\"Laura Moutinho\"><\/a><div class=\"authorBox__name\"><span>por\n\t\t\t<a href=\"https:\/\/www.suno.com.br\/noticias\/author\/laura-moutinho\/\"><span itemprop=\"author\">Laura Moutinho<\/span><\/a><\/span><time datetime=\"2020-11-17T20:15:41-03:00\" itemprop=\"datePublished\">17\/11\/2020 20:15<\/time><\/div><\/div><\/div><\/div><\/div>","single_layout":"posts","amp_enabled":true,"_links":{"self":[{"href":"https:\/\/www.suno.com.br\/noticias\/wp-json\/wp\/v2\/posts\/101202"}],"collection":[{"href":"https:\/\/www.suno.com.br\/noticias\/wp-json\/wp\/v2\/posts"}],"about":[{"href":"https:\/\/www.suno.com.br\/noticias\/wp-json\/wp\/v2\/types\/post"}],"author":[{"embeddable":true,"href":"https:\/\/www.suno.com.br\/noticias\/wp-json\/wp\/v2\/users\/24"}],"replies":[{"embeddable":true,"href":"https:\/\/www.suno.com.br\/noticias\/wp-json\/wp\/v2\/comments?post=101202"}],"version-history":[{"count":0,"href":"https:\/\/www.suno.com.br\/noticias\/wp-json\/wp\/v2\/posts\/101202\/revisions"}],"wp:featuredmedia":[{"embeddable":true,"href":"https:\/\/www.suno.com.br\/noticias\/wp-json\/wp\/v2\/media\/87983"}],"wp:attachment":[{"href":"https:\/\/www.suno.com.br\/noticias\/wp-json\/wp\/v2\/media?parent=101202"}],"wp:term":[{"taxonomy":"category","embeddable":true,"href":"https:\/\/www.suno.com.br\/noticias\/wp-json\/wp\/v2\/categories?post=101202"},{"taxonomy":"post_tag","embeddable":true,"href":"https:\/\/www.suno.com.br\/noticias\/wp-json\/wp\/v2\/tags?post=101202"},{"taxonomy":"suno_strategy","embeddable":true,"href":"https:\/\/www.suno.com.br\/noticias\/wp-json\/wp\/v2\/suno_strategy?post=101202"}],"curies":[{"name":"wp","href":"https:\/\/api.w.org\/{rel}","templated":true}]}}